{"id":18063,"date":"2024-06-03T16:33:12","date_gmt":"2024-06-03T15:33:12","guid":{"rendered":"https:\/\/kommentatorenblog.de\/?p=18063"},"modified":"2024-06-05T08:45:00","modified_gmt":"2024-06-05T07:45:00","slug":"1429-man-erlebt-sehr-viel-eine-faszinierende-zeit-interview-mit-bela-rethy-teil-1","status":"publish","type":"post","link":"https:\/\/kommentatorenblog.de\/?p=18063","title":{"rendered":"1429 &#8211; &#8222;Man erlebt sehr viel. Eine faszinierende Zeit.&#8220; \u2013 Interview mit B\u00e9la R\u00e9thy (Teil 1)"},"content":{"rendered":"\n<p>N&#8217;Abend allerseits!<br>Es gibt im Fu\u00dfball Namen, die ihre Generation \u00fcberstrahlen und absoluten Legendenstatus erreichen. Am Samstagabend ist mit Toni Kroos so einer mit einem (sehr gl\u00fccklichen) Champions League-Titel aus dem Vereinsfu\u00dfball abgetreten. Und einen vergleichbar gro\u00dfen Namen, wenn es in den Geschichtsb\u00fcchern um Fu\u00dfball-\u00dcbertragungen geht, hat B\u00e9la R\u00e9thy ebenso sicher. <\/p>\n\n\n\n<div class=\"wp-block-media-text alignwide has-media-on-the-right is-stacked-on-mobile\" style=\"grid-template-columns:auto 43%\"><figure class=\"wp-block-media-text__media\"><img loading=\"lazy\" decoding=\"async\" width=\"819\" height=\"1024\" src=\"https:\/\/kommentatorenblog.de\/wp-content\/uploads\/2024\/06\/BelaRethyWM2022-819x1024.jpeg\" alt=\"\" class=\"wp-image-18073 size-full\" srcset=\"https:\/\/kommentatorenblog.de\/wp-content\/uploads\/2024\/06\/BelaRethyWM2022-819x1024.jpeg 819w, https:\/\/kommentatorenblog.de\/wp-content\/uploads\/2024\/06\/BelaRethyWM2022-240x300.jpeg 240w, https:\/\/kommentatorenblog.de\/wp-content\/uploads\/2024\/06\/BelaRethyWM2022-768x960.jpeg 768w, https:\/\/kommentatorenblog.de\/wp-content\/uploads\/2024\/06\/BelaRethyWM2022.jpeg 1075w\" sizes=\"auto, (max-width: 819px) 100vw, 819px\" \/><\/figure><div class=\"wp-block-media-text__content\">\n<p>Umso mehr freut es uns, dass wir vom Kommentatorenblog mit ihm \u00fcber seine Karriere sprechen konnten und euch mit diesem zweiteiligen Interview schon einstimmen k\u00f6nnen auf die EM &#8211; ein Turnier das von 1996 bis 2021 fest mit der Stimme von B\u00e9la R\u00e9thy verbunden ist. Wir sind gespannt auf eure Reaktionen und w\u00fcnschen viel Spa\u00df beim Lesen! <\/p>\n\n\n\n<p class=\"has-small-font-size\"><strong>Foto: B\u00e9la R\u00e9thy 2022 bei seinem letzten Turnier f\u00fcr das ZDF (Copyright: ZDF\/Felix Schmitt)<\/strong><\/p>\n<\/div><\/div>\n\n\n\n<hr class=\"wp-block-separator is-style-default\"\/>\n\n\n\n<p><strong>Kommentatorenblog.de: Herr R\u00e9thy, die legend\u00e4ren Karaoke-Abende rund um die gro\u00dfen Turniere im ZDF wurden oft erw\u00e4hnt. Auch <a href=\"https:\/\/kommentatorenblog.de\/?p=15773\" data-type=\"post\" data-id=\"15773\" target=\"_blank\" rel=\"noreferrer noopener\">Franzi M\u00fcllers hat uns im Interview<\/a> von diesen Abenden mit Ihnen, Jochen Breyer, Sven Voss und anderen erz\u00e4hlt. Nach \u00fcber einem Jahr im Ruhestand: W\u00fcrden Sie sagen, dass Sie diese Abende vermissen?<\/strong><\/p>\n\n\n\n<p><strong>B\u00e9la R\u00e9thy: <\/strong>Ich vermisse die gesamte Kollegenschaft, weil das ja 40 Jahre lang eine Art Lebensform war, mit netten Menschen und Menschinnen durch die ganze Welt zu reisen. <br>Und gerade die Olympischen Spiele in Tokio waren in den ersten 14 Tagen sehr kompliziert unter Corona-Bedingungen: Wir mussten jedes Mal, wenn wir ins Hotel kamen, Fieber messen und t\u00e4glich einen Corona-Test abgeben. Und diese Karaoke-Abende entstanden dann drei oder vier Tage vor der R\u00fcckreise nach Deutschland wie ein Befreiungsschlag. Zumal diese Kunstform ja in Japan erfunden wurde. Ich nenne das jetzt einfach mal Kunstform, auch wenn wir gesungen haben..<\/p>\n\n\n\n<p><strong>&#8230;daraus schlie\u00dfen wir nun einfach, dass Sie Ihre legend\u00e4re Stimme doch besser beim Kommentieren als beim Singen aufgehoben sehen?<\/strong><\/p>\n\n\n\n<p>Genau, das ist auch gut so. Wobei das Lustige am Karaoke ist, dass man ein bisschen schr\u00e4g singt \u2013 sonst k\u00f6nnten wir eine CD auflegen. <em>(lacht)<\/em><\/p>\n\n\n\n<p><strong>Nochmal zu Ihrer Stimme, die ich als legend\u00e4rste Stimme im deutschen Fu\u00dfball bezeichnen w\u00fcrde: Was ist der Trick, dass Ihre Stimme so pr\u00e4gnant ist?<\/strong><\/p>\n\n\n\n<p>Das hat Mutter Natur so ein bisschen mit mir gestaltet. Ich habe ja k\u00fcrzlich von den Kollegen diverse Abschiedsfilme bekommen \u2013 ein, zwei wurden auch ausgestrahlt \u2013 und dann gab es auch Ausschnitte von alten Reportagen und die Stimme klang damals auch nicht unwesentlich anders. Also die Lage der Stimme war zumindest schon immer so eingebaut im Kehlkopf. Und haben so ein paar \u201clustige Karaoke-Abende\u201d im Laufe der Jahrzehnte nat\u00fcrlich auch geholfen, dass sie auch so bleibt.<\/p>\n\n\n\n<p><strong>Sie haben ja als Kommentator viele Weltmeisterschaften und Europameisterschaften begleitet. Wie viel erlebt man da von dem Turnier tats\u00e4chlich oder ist das eigentlich nur Stress mit arbeiten, kommentieren, vorbereiten?<\/strong><\/p>\n\n\n\n<p>Man erlebt schon sehr viel. Es ist eine faszinierende Zeit, vier Wochen kreuz und quer durch ein Land zu reisen und auch die St\u00e4dte mitzuerleben. Faszinierend sind auch die Fans aus allen L\u00e4ndern. Egal wo man hinkommt, feiern Argentinier, Brasilianer, Kroaten. Das ist praktisch so ein Mikrokosmos konzentriert auf ein Land.<\/p>\n\n\n\n<p>Aber ich w\u00fcrde sagen, es ist ungef\u00e4hr 70 Prozent Arbeit und 30 Prozent pure Freude. Man lernt nat\u00fcrlich im Laufe der Jahre das Reisen auch ein bisschen besser. Am Anfang ist man nat\u00fcrlich nur am Vorbereiten, damit man da keine Fehler macht. Ich wei\u00df noch genau, mein erstes Turnier als Kommentator war 1994 in den USA und dort das erste Spiel in Detroit Schweiz gegen die USA, 1:1. Aber wenn man dann mehr Routine hat, nimmt man sich noch mehr Freir\u00e4ume, um sich auch ein bisschen umzugucken.<\/p>\n\n\n\n<p><strong>Wie gestaltet man das mit der Vorbereitung bei einer WM, wenn man in der K.O.-Phase erst zwei Tage vorher erf\u00e4hrt, wen man kommentiert?&nbsp;<\/strong><\/p>\n\n\n\n<p>Das Anstrengende ist die Gruppenphase. Ich kann mich erinnern, 2010 in S\u00fcdafrika habe ich in den letzten f\u00fcnf Kalendertagen der Gruppenphase vier Spiele in drei verschiedenen Orten gemacht. Da waren dann auch noch kleinere Nationen dabei: Die Slowakei, die dann in der Tat die Italiener in der Gruppenphase rausgeschmissen hat \u2013 also durchaus ein wichtiges Spiel. Deshalb kann man es nicht so pauschal sagen, wie lange man braucht in der Vorbereitung.&nbsp;<\/p>\n\n\n\n<p>Brasilien, Italien, Deutschland, Argentinien geht schneller, weil da so viel pr\u00e4sent ist im eigenen Kopf. Bei kleineren Nationen muss ich schon ein bisschen l\u00e4nger forschen. Die Kernarbeit erfolgt aber auch noch zu Hause. Also wenn man zu einer WM f\u00e4hrt, dann kennt man seine ersten sechs, sieben Spiele, die man in der Gruppenphase macht. Die Kader stehen dann auch schon fest und dann geht man die Spieler durch mithilfe von transfermarkt.de oder allen m\u00f6glichen Quellen. Man nimmt die Geschichte der Qualifikation, die Geschichte bei Weltmeisterschaften \u2013 alles Dinge, die sich ja nicht ver\u00e4ndern w\u00e4hrend des Turniers. Dazu schaut man sich noch was zum Trainer und Videos zur Taktik an.&nbsp;<\/p>\n\n\n\n<p>Inzwischen ist das Netz ja so breit aufgestellt, dass man eigentlich schon zu viele Informationen hat. Die Kunst besteht dann eher darin, wichtig von unwichtig zu trennen und zu sieben.<\/p>\n\n\n\n<p>Vieles braucht man dann auch nach dem zweiten oder dritten Spiel nicht mehr, weil du dann \u00fcber aktuelle Bez\u00fcge, Konstellationen und die Spiele davor sprichst und nicht mehr \u00fcber die Vergangenheit in der Qualifikation.<\/p>\n\n\n\n<p><strong>Wo Sie gerade vom Spiel davor sprechen: Sind Sie in Ihren Weltmeisterschaften auch mal dazu gekommen, einfach Spiele als Zuschauer zu genie\u00dfen?<\/strong><\/p>\n\n\n\n<p>Vergangenes Jahr in Katar war das insofern praktisch, als dass die Entfernungen nicht so gro\u00df waren. Da war ich also bestimmt sechs, siebenmal im Stadion einfach um Fu\u00dfball zu schauen. Sonst ist das kaum m\u00f6glich. Klar kann man seine Reise ein wenig danach planen, dass man schon vorher in die n\u00e4chste Richtung reist und schaut, ob da ein Spiel ist. Aber das geht mal, mal nicht.<\/p>\n\n\n\n<p>Insgesamt muss man nat\u00fcrlich schon viel schauen, auch im Fernsehen oder im Netz. Man kann seine eigenen Spiele nicht komplett isoliert vom Turnier betrachten. Da gibt es Zusammenh\u00e4nge, Bez\u00fcge, Tendenzen bei Schiedsrichtern. Wie schnell sieht man rot? Auslegungen von Foulsituationen, Rudelbildungen? Da gibt es neue Ma\u00dfgaben f\u00fcr jedes Turnier und man muss das ganze einbetten. Dazu muss man schon sehr viel sehen.<\/p>\n\n\n\n<p>Bei Turnieren bin ich deshalb sehr oft mit Essen per Lieferdienst oder Zimmerservice im Hotel gesessen und habe Spiele anguckt. Besonders von Mannschaften, die auch eine Rolle f\u00fcr mein weiteres Arbeiten hatten. Dann die deutschen Spiele sowieso, klar. Aber bei meinen letzten Turnieren hatte sich dieser Punkt ja schnell erledigt.<\/p>\n\n\n\n<p><strong><em>(lacht)<\/em><\/strong> <strong>Dann w\u00fcrden wir dann doch lieber zur\u00fcckgehen auf Ihre erste EM: 1996, wo Sie dann auch gleich das Finale kommentiert haben. Zu dem Finale findet man alles M\u00f6gliche. Abgesehen vom mittlerweile legend\u00e4ren Kommentar zu Oliver Bierhoffs Tor auch diese Geschichte mit dem Laptop und dem Pizzakarton. Davon gibt es einige Erz\u00e4hlungen, die wir in der Vorbereitung gefunden haben. Die einzige Frage, die uns dazu bleibt: Gibt es diesen Pizzakarton noch?<\/strong><\/p>\n\n\n\n<p>Leider nicht. Das deutsche Fu\u00dfballmuseum hat mal angefragt, aber nach intensiver Suche ist dieses sehr fettige St\u00fcck inzwischen getrockneter Pappe nicht mehr auffindbar. Damals fand ich es pers\u00f6nlich auch gar nicht so historisch wie es im Nachhinein klingt. Zwanzig, drei\u00dfig Jahre sp\u00e4ter klingt es nat\u00fcrlich sensationell. Aber irgendwie war es damals eher \u201cJob erledigt, Europameisterschaft gewonnen, nach Hause fliegen, Sommerurlaub\u201d \u2013 und dann begann schon die neue Bundesliga-Saison. Ich habe den Wert des Pizzakartons damals nicht so eingesch\u00e4tzt, wie er wohl tats\u00e4chlich war.<\/p>\n\n\n\n<p><strong>Damals beim EM-Finale mit dem Pizzakarton war ja Martin Schneider Ihr Assistent, den wir heute auch regelm\u00e4\u00dfig im ZDF als Kommentator h\u00f6ren. Sie waren fr\u00fcher auch Assistent, unter anderem von Marcel Reif. War f\u00fcr Sie damals klar, dass Sie auch kommentieren wollen? Oder haben Sie sich eher in der Rolle dahinter gesehen, als Assistent oder Redakteur?&nbsp;<\/strong><\/p>\n\n\n\n<p>Es war kein Plan. Ich bin eher immer h\u00e4ufiger eingesetzt worden f\u00fcr sehr lange Zusammenfassungen. Fr\u00fcher gab es im ZDF Sendungen, die 60 Minuten lang ein Spiel zusammengefasst haben. Ich erinnere mich an Roter Stern Belgrad gegen Bayern, f\u00fcnf Minuten nach Abpfiff ging\u2019s los mit 60 Minuten geschnittenem Material. Das ist viel schwerer als live, weil wenn man da einmal aus dem Strudel kommt, laufen einem die Bilder ja davon. Das hei\u00dft, ich hatte dadurch schon gezeigt, dass ich relativ druckresistent bin und auch \u00fcber lange Strecken klarkomme.&nbsp;<\/p>\n\n\n\n<p>Die Situation hat sich dann w\u00e4hrend der Olympischen Spiele 1992 ergeben. Mein damaliger Chef Karl Senne, der mittlerweile leider verstorben ist, hatte mich schon im Auge f\u00fcr Live-Fu\u00dfball und mich auch schon drauf angesprochen. Bis dahin ergab sich allerdings noch keine Gelegenheit und ich habe dann andere Sportarten live kommentiert, wie Wasserball bei den Olympischen Spielen in Seoul und Barcelona oder die DTM.<\/p>\n\n\n\n<p>Und dann habe ich in Barcelona ein Spiel verschlafen, weil wir in der Nacht zuvor sehr lange an einem R\u00fcckblick f\u00fcr die Olympischen Spiele geschnitten haben. Das gab richtig Theater und ich stand kurz vor dem Rausschmiss. Dann kam der Chef drei Tage sp\u00e4ter zu mir und sagte: \u201cNicht nur du machst Fehler, sondern auch wir\u201d. Das ZDF hatte unmittelbar nach Olympia den deutschen Supercup in Hannover mit 96 als Pokalsieger gegen den Meister Stuttgart und daf\u00fcr aber keinen Reporter eingeteilt. Der daf\u00fcr vorgesehene Kollege G\u00fcnter-Peter Ploog hatte n\u00e4mlich kurz vor den Olympischen Spielen den Sender gewechselt <em>(zu Premiere damals, Anm. d. Red.).<\/em> Und dann sagte mein Chef: \u201cW\u00fcrdest du das f\u00fcr uns machen? Dann w\u00e4ren wir quitt..\u201d \u2013 und dann wurde ich Live-Reporter nach einer relativ schweren Panne.&nbsp;<\/p>\n\n\n\n<p><strong>Danach folgten dann einige gro\u00dfe Turniere und teilweise auch Champions League-Saisons. Unter anderem die Heim-WM 2006 in Deutschland und auch die WM in Brasilien 2014, die f\u00fcr Sie pers\u00f6nlich wahrscheinlich auch eine gro\u00dfe Rolle gespielt hat. Welches Turnier ist Ihnen besonders in Erinnerung geblieben?<\/strong><\/p>\n\n\n\n<p>Genau die beiden genannten \u2013 und vielleicht auch noch mein erstes WM-Finale 2002 in Yokohama. Deutschland gegen Brasilien, und f\u00fcr mich das erste Pflichtspiel zwei solcher WM-Giganten \u00fcberhaupt.&nbsp;<\/p>\n\n\n\n<p>Die WM danach in Deutschland erw\u00e4hne ich immer wieder, weil wir vier Wochen lang ein anderes Land hier kennenlernen durften. Das war die gr\u00f6\u00dfte Werbekampagne, das gr\u00f6\u00dfte auch kulturelle Ereignisse seit langer, langer Zeit \u2013 und unglaublich positiv besetzt. Eine sensationelle Zeit.&nbsp;<\/p>\n\n\n\n<p>Als wir anfangs geh\u00f6rt haben, die WM geht nach Deutschland und die Spielst\u00e4tten benannt wurden, hat man seine ersten Spiele gesehen: Allianz Arena oder mal nach Schalke, N\u00fcrnberg und Stuttgart. Und dann denkst du: \u201cMachen wir halt, machst du ja jede Woche in der Bundesliga\u201d \u2013 Und auf einmal war das ein v\u00f6llig anderes Feeling. Es fing an mit der Anreise in diese Stadien und St\u00e4dte. Das hat sich komplett unterschieden vom normalen Alltag. Die Leute sensationell drauf. Die F\u00e4hnchen an den Autos \u00fcberhaupt nicht negativ besetzt, sondern einfach nur als Ausdruck der Freude und Fr\u00f6hlichkeit. Das war schon ein sensationelles Turnier, auch f\u00fcr uns Kommentatoren.&nbsp;<\/p>\n\n\n\n<p>Dann Brasilien: nat\u00fcrlich emotional \u2013 vor allen Dingen die Anreise, weil ich in S\u00e3o Paulo aufgewachsen bin und ich das Er\u00f6ffnungsspiel in S\u00e3o Paulo kommentieren durfte. Ich habe diese Stadt und dieses Land im Alter von 11 Jahren verlassen, ohne Deutsch zu sprechen \u2013 und kehrte zur\u00fcck als Nummer-1-Kommentator f\u00fcr das deutsche Fernsehen. Das war sehr sch\u00f6n!<\/p>\n\n\n\n<p>Der Rest ist dann wirklich Arbeit und sehr gro\u00dfe Entfernungen. Ich habe mal ausgerechnet: Alleine im Inland habe ich dort in Summe 16.000 Flugmeilen zur\u00fcckgelegt, um von Spielort zu Spielort zu kommen.<\/p>\n\n\n\n<p>Und dann kam das Highlight, das 7:1..<\/p>\n\n\n\n<p><strong>..das 7:1 im Halbfinale zwischen Deutschland und Brasilien. Das pr\u00e4gnanteste Spiel Ihrer Karriere?<\/strong><\/p>\n\n\n\n<p>Ja, es ist auch das Spiel, worauf ich am h\u00e4ufigsten angesprochen werde. Das weckt die meisten Erinnerungen bei den Menschen. Zum Arbeiten war das nicht so einfach. Du rechnest mit einem Drama, einem engen Spiel im Halbfinale, vielleicht Elfmeterschie\u00dfen. Und dann steht\u2019s nach 29 Minuten 5:0. Das ist f\u00fcr einen Reporter dann nicht so einfach, aber das haben wir hingekriegt. <em>(lacht)<\/em><\/p>\n\n\n\n<p><strong>Das kann ich mir gut vorstellen. Sie haben sehr viele Highlights bei WM-Turnieren erlebt und wenn wir uns jetzt die letzten WM-Vergaben anschauen: 2018 Russland, 2022 Katar, 2034 Saudi-Arabien, dazwischen noch die WM auf drei Kontinenten. Wie sehen Sie da die Entwicklung?<\/strong><\/p>\n\n\n\n<p>Erwartbar. Im Grunde genommen entscheidet das nur noch Infantino alleine, obwohl die Gremien da w\u00e4ren. Aber das ist dann der Sieg des Kommerzes.&nbsp;<\/p>\n\n\n\n<p>Nat\u00fcrlich haben solche L\u00e4nder die Berechtigung, eine WM haben zu wollen. Aber bei Katar war das ja so, dass die WM gekauft worden ist. Die FIFA hat sich da kaufen lassen. Katar will ich das moralisch gar nicht so vorwerfen: Die waren es gewohnt, mit Geld die Dinge zu erledigen.<\/p>\n\n\n\n<p>Saudi-Arabien, das sich immer gebr\u00fcstet hat, politische Gegner \u00f6ffentlich hinzurichten, versucht jetzt \u00fcber Sportswashing einen Imagewandel. Wenn das gelingen sollte, h\u00e4tten wir vielleicht was Gutes getan, aber dem Fu\u00dfballsport an sich tut das nicht gut.&nbsp;<\/p>\n\n\n\n<p>Und die Sache mit den drei Kontinenten wurde ja nur deshalb gemacht, um den Weg f\u00fcr Saudi-Arabien zu ebnen. Wobei ich verstehe, dass man zum 100. Geburtstag der Weltmeisterschaft ein Spiel nach Uruguay gibt. Aber Uruguay hat sich ja mit Argentinien, Chile und Paraguay ohnehin autark beworben. Man h\u00e4tte also die gesamte WM dort spielen k\u00f6nnen, ohne noch nach Spanien oder Marokko zu m\u00fcssen. Das ist schon ein Gigantismus.<\/p>\n\n\n\n<p><strong>Und jetzt mit Blick auf die kommende Europameisterschaft: Sie haben von einem besonderen Feeling 2006 gesprochen. Glauben Sie, dass das auch in der heutigen Zeit nochmal ausgel\u00f6st werden kann und die Nationalmannschaft auch wieder n\u00e4her an die Menschen ran kommt? Und was trauen Sie der deutschen Mannschaft beim Turnier zu?<\/strong><\/p>\n\n\n\n<p>Alleine das Interimsspiel von Rudi V\u00f6ller hat gezeigt, was m\u00f6glich ist und dass Trauer nicht nachhaltig sein muss. Eine neue Aufbruchsstimmung ist schon da und ich traue der Mannschaft auch einiges zu. Aber ich glaube, so eine Atmosph\u00e4re ist nicht immer wiederholbar. Ich vergleiche es immer mit Woodstock. Das hat man auch versucht, nochmal zu wiederholen und ist auch nie gelungen. Da hat dieser Matsch und Regen dazu geh\u00f6rt und die Superstars, die damals noch keine waren und dadurch welche wurden.<\/p>\n\n\n\n<p>Dazu kommt, dass unser Land in einem gespaltenerem Zustand ist wie damals, die Grundstimmung in Deutschland ist aktuell ein bisschen negativ.<\/p>\n\n\n\n<p>Also es wird ein ordentliches und perfekt organisiertes Turnier sein, das auch Spa\u00df machen wird \u2013 aber verglichen mit 2006 wird es kein \u201cSommerm\u00e4rchen\u201d.<\/p>\n\n\n\n<p class=\"has-background\" style=\"background-color:#cacaca\"><strong><em>Dieses Gespr\u00e4ch f\u00fchrten Jonas Sielaff, Nico Manstein, Tim Peters und Johannes Danzer. <\/em><\/strong><br><em>Im zweiten Teil des Interviews, der am Donnerstag erscheint, gibt B\u00e9la R\u00e9thy einen R\u00fcckblick und einen Ausblick.<\/em><\/p>\n\n\n\n<hr class=\"wp-block-separator is-style-default\"\/>\n\n\n\n<p><strong>Die Ansetzungen vom 04. Juni 2024 bis 06. Juni 2024:<\/strong><\/p>\n\n\n\n<hr class=\"wp-block-separator is-style-default\"\/>\n\n\n\n<p><strong>EM-Qualifikation der Frauen, 4. Spieltag (Das Erste)<\/strong><\/p>\n\n\n\n<p><span style=\"text-decoration: underline;\">Dienstag, 04. Juni 2024, ab 17.45 Uhr<\/span><\/p>\n\n\n\n<p><strong><em>Polen \u2013 Deutschland (18.00 Uhr)<\/em><\/strong><br><img loading=\"lazy\" decoding=\"async\" width=\"10\" height=\"21\" class=\"wp-image-3656\" style=\"width: 10px;\" src=\"http:\/\/kommentatorenblog.de\/wp-content\/uploads\/2020\/09\/shure-55sh-ii-e1601485394796.jpg\" alt=\"\" srcset=\"https:\/\/kommentatorenblog.de\/wp-content\/uploads\/2020\/09\/shure-55sh-ii-e1601485394796.jpg 415w, https:\/\/kommentatorenblog.de\/wp-content\/uploads\/2020\/09\/shure-55sh-ii-e1601485394796-142x300.jpg 142w\" sizes=\"auto, (max-width: 10px) 100vw, 10px\" \/> Stephanie Baczyk<br>Moderation: Claus Lufen, Expertin: Almuth Schult, Field-Reporter:innen: Patrick Halatsch, Inka Blumensaat und Tabea Kunze<\/p>\n\n\n\n<hr class=\"wp-block-separator is-style-default\"\/>\n\n\n\n<p><strong>WM-Qualifikation der Herren (CAF), 3. Spieltag (Sportdigital Fu\u00dfball)<\/strong><\/p>\n\n\n\n<p><span style=\"text-decoration: underline;\">Mittwoch, 05. Juni 2024<\/span><\/p>\n\n\n\n<p><strong><em>Tunesien \u2013 \u00c4quatorialguinea (21.00 Uhr)<\/em><\/strong><br><img loading=\"lazy\" decoding=\"async\" width=\"10\" height=\"21\" class=\"wp-image-3656\" style=\"width: 10px;\" src=\"http:\/\/kommentatorenblog.de\/wp-content\/uploads\/2020\/09\/shure-55sh-ii-e1601485394796.jpg\" alt=\"\" srcset=\"https:\/\/kommentatorenblog.de\/wp-content\/uploads\/2020\/09\/shure-55sh-ii-e1601485394796.jpg 415w, https:\/\/kommentatorenblog.de\/wp-content\/uploads\/2020\/09\/shure-55sh-ii-e1601485394796-142x300.jpg 142w\" sizes=\"auto, (max-width: 10px) 100vw, 10px\" \/> Jonathan Dreier<\/p>\n\n\n\n<p><span style=\"text-decoration: underline;\">Donnerstag, 06. Juni 2024<\/span><\/p>\n\n\n\n<p><strong><em>Algerien \u2013 Guinea (21.00 Uhr)<\/em><\/strong><br><img loading=\"lazy\" decoding=\"async\" width=\"10\" height=\"21\" class=\"wp-image-3656\" style=\"width: 10px;\" src=\"http:\/\/kommentatorenblog.de\/wp-content\/uploads\/2020\/09\/shure-55sh-ii-e1601485394796.jpg\" alt=\"\" srcset=\"https:\/\/kommentatorenblog.de\/wp-content\/uploads\/2020\/09\/shure-55sh-ii-e1601485394796.jpg 415w, https:\/\/kommentatorenblog.de\/wp-content\/uploads\/2020\/09\/shure-55sh-ii-e1601485394796-142x300.jpg 142w\" sizes=\"auto, (max-width: 10px) 100vw, 10px\" \/> Karsten Linke<\/p>\n\n\n\n<hr class=\"wp-block-separator is-style-default\"\/>\n\n\n\n<p><strong>Fu\u00dfball-L\u00e4nderspiele der Herren, EM-Vorbereitungsspiele (RTL\/DAZN)<\/strong><\/p>\n\n\n\n<p><span style=\"text-decoration: underline;\">Dienstag, 04. Juni 2024, ab 20.15 Uhr (RTL) bzw. ab 20.50 Uhr (DAZN)<\/span><\/p>\n\n\n\n<p><strong><em>Italien \u2013 T\u00fcrkei (21.00 Uhr)<\/em><\/strong><\/p>\n\n\n\n<p><img loading=\"lazy\" decoding=\"async\" width=\"10\" height=\"21\" class=\"wp-image-3656\" style=\"width: 10px;\" src=\"http:\/\/kommentatorenblog.de\/wp-content\/uploads\/2020\/09\/shure-55sh-ii-e1601485394796.jpg\" alt=\"\" srcset=\"https:\/\/kommentatorenblog.de\/wp-content\/uploads\/2020\/09\/shure-55sh-ii-e1601485394796.jpg 415w, https:\/\/kommentatorenblog.de\/wp-content\/uploads\/2020\/09\/shure-55sh-ii-e1601485394796-142x300.jpg 142w\" sizes=\"auto, (max-width: 10px) 100vw, 10px\" \/> <em>RTL: <\/em>Marco Hagemann, Experte: Steffen Freund<br>Moderation (<em>RTL<\/em>): Laura Papendick, Experte: Felix Kroos, Field-Reporter: Thomas Wagner<\/p>\n\n\n\n<p><img loading=\"lazy\" decoding=\"async\" width=\"10\" height=\"21\" class=\"wp-image-3656\" style=\"width: 10px;\" src=\"http:\/\/kommentatorenblog.de\/wp-content\/uploads\/2020\/09\/shure-55sh-ii-e1601485394796.jpg\" alt=\"\" srcset=\"https:\/\/kommentatorenblog.de\/wp-content\/uploads\/2020\/09\/shure-55sh-ii-e1601485394796.jpg 415w, https:\/\/kommentatorenblog.de\/wp-content\/uploads\/2020\/09\/shure-55sh-ii-e1601485394796-142x300.jpg 142w\" sizes=\"auto, (max-width: 10px) 100vw, 10px\" \/> <em>DAZN: <\/em>Mario Rieker<\/p>\n\n\n\n<p><span style=\"text-decoration: underline;\">ab 20.05 Uhr (DAZN)<\/span><\/p>\n\n\n\n<p><strong><em>Schweiz \u2013 Estland (20.15 Uhr)<\/em><\/strong><br><img loading=\"lazy\" decoding=\"async\" width=\"10\" height=\"21\" class=\"wp-image-3656\" style=\"width: 10px;\" src=\"http:\/\/kommentatorenblog.de\/wp-content\/uploads\/2020\/09\/shure-55sh-ii-e1601485394796.jpg\" alt=\"\" srcset=\"https:\/\/kommentatorenblog.de\/wp-content\/uploads\/2020\/09\/shure-55sh-ii-e1601485394796.jpg 415w, https:\/\/kommentatorenblog.de\/wp-content\/uploads\/2020\/09\/shure-55sh-ii-e1601485394796-142x300.jpg 142w\" sizes=\"auto, (max-width: 10px) 100vw, 10px\" \/> Tobias Fischbeck<\/p>\n\n\n\n<p><span style=\"text-decoration: underline;\">ab 20.35 Uhr (DAZN)<\/span><\/p>\n\n\n\n<p><strong><em>\u00d6sterreich \u2013 Serbien (20.45 Uhr)<\/em><\/strong><br><img loading=\"lazy\" decoding=\"async\" width=\"10\" height=\"21\" class=\"wp-image-3656\" style=\"width: 10px;\" src=\"http:\/\/kommentatorenblog.de\/wp-content\/uploads\/2020\/09\/shure-55sh-ii-e1601485394796.jpg\" alt=\"\" srcset=\"https:\/\/kommentatorenblog.de\/wp-content\/uploads\/2020\/09\/shure-55sh-ii-e1601485394796.jpg 415w, https:\/\/kommentatorenblog.de\/wp-content\/uploads\/2020\/09\/shure-55sh-ii-e1601485394796-142x300.jpg 142w\" sizes=\"auto, (max-width: 10px) 100vw, 10px\" \/> Oliver Fa\u00dfnacht<\/p>\n\n\n\n<p><span style=\"text-decoration: underline;\">Mittwoch, 05. Juni 2024, ab 20.50 Uhr (DAZN)<\/span><\/p>\n\n\n\n<p><strong><em>Frankreich \u2013 Luxemburg (21.00 Uhr)<\/em><\/strong><br><img loading=\"lazy\" decoding=\"async\" width=\"10\" height=\"21\" class=\"wp-image-3656\" style=\"width: 10px;\" src=\"http:\/\/kommentatorenblog.de\/wp-content\/uploads\/2020\/09\/shure-55sh-ii-e1601485394796.jpg\" alt=\"\" srcset=\"https:\/\/kommentatorenblog.de\/wp-content\/uploads\/2020\/09\/shure-55sh-ii-e1601485394796.jpg 415w, https:\/\/kommentatorenblog.de\/wp-content\/uploads\/2020\/09\/shure-55sh-ii-e1601485394796-142x300.jpg 142w\" sizes=\"auto, (max-width: 10px) 100vw, 10px\" \/> Guido H\u00fcsgen<\/p>\n\n\n\n<p><span style=\"text-decoration: underline;\">ab 21.20 Uhr (DAZN)<\/span><\/p>\n\n\n\n<p><strong><em>Spanien \u2013 Andorra (21.30 Uhr)<\/em><\/strong><br><img loading=\"lazy\" decoding=\"async\" width=\"10\" height=\"21\" class=\"wp-image-3656\" style=\"width: 10px;\" src=\"http:\/\/kommentatorenblog.de\/wp-content\/uploads\/2020\/09\/shure-55sh-ii-e1601485394796.jpg\" alt=\"\" srcset=\"https:\/\/kommentatorenblog.de\/wp-content\/uploads\/2020\/09\/shure-55sh-ii-e1601485394796.jpg 415w, https:\/\/kommentatorenblog.de\/wp-content\/uploads\/2020\/09\/shure-55sh-ii-e1601485394796-142x300.jpg 142w\" sizes=\"auto, (max-width: 10px) 100vw, 10px\" \/> <s>Korbinian Rundel<\/s> Jan Platte<\/p>\n\n\n\n<p><span style=\"text-decoration: underline;\">Donnerstag, 06. Juni 2024, ab 20.35 Uhr (DAZN)<\/span><\/p>\n\n\n\n<p><strong><em>Niederlande \u2013 Kanada (20.45 Uhr)<\/em><\/strong><br><img loading=\"lazy\" decoding=\"async\" width=\"10\" height=\"21\" class=\"wp-image-3656\" style=\"width: 10px;\" src=\"http:\/\/kommentatorenblog.de\/wp-content\/uploads\/2020\/09\/shure-55sh-ii-e1601485394796.jpg\" alt=\"\" srcset=\"https:\/\/kommentatorenblog.de\/wp-content\/uploads\/2020\/09\/shure-55sh-ii-e1601485394796.jpg 415w, https:\/\/kommentatorenblog.de\/wp-content\/uploads\/2020\/09\/shure-55sh-ii-e1601485394796-142x300.jpg 142w\" sizes=\"auto, (max-width: 10px) 100vw, 10px\" \/> Michi Brandes<\/p>\n","protected":false},"excerpt":{"rendered":"<p>N&#8217;Abend allerseits!Es gibt im Fu\u00dfball Namen, die ihre Generation \u00fcberstrahlen und absoluten Legendenstatus erreichen. Am Samstagabend ist mit Toni Kroos so einer mit einem (sehr gl\u00fccklichen) Champions League-Titel aus dem Vereinsfu\u00dfball abgetreten. Und einen vergleichbar gro\u00dfen Namen, wenn es in den Geschichtsb\u00fcchern um Fu\u00dfball-\u00dcbertragungen geht, hat B\u00e9la R\u00e9thy ebenso sicher. Umso mehr freut es uns, [&hellip;]<\/p>\n","protected":false},"author":12,"featured_media":0,"comment_status":"open","ping_status":"open","sticky":false,"template":"","format":"standard","meta":{"footnotes":""},"categories":[426],"tags":[],"class_list":["post-18063","post","type-post","status-publish","format-standard","hentry","category-laenderspiele"],"_links":{"self":[{"href":"https:\/\/kommentatorenblog.de\/index.php?rest_route=\/wp\/v2\/posts\/18063","targetHints":{"allow":["GET"]}}],"collection":[{"href":"https:\/\/kommentatorenblog.de\/index.php?rest_route=\/wp\/v2\/posts"}],"about":[{"href":"https:\/\/kommentatorenblog.de\/index.php?rest_route=\/wp\/v2\/types\/post"}],"author":[{"embeddable":true,"href":"https:\/\/kommentatorenblog.de\/index.php?rest_route=\/wp\/v2\/users\/12"}],"replies":[{"embeddable":true,"href":"https:\/\/kommentatorenblog.de\/index.php?rest_route=%2Fwp%2Fv2%2Fcomments&post=18063"}],"version-history":[{"count":12,"href":"https:\/\/kommentatorenblog.de\/index.php?rest_route=\/wp\/v2\/posts\/18063\/revisions"}],"predecessor-version":[{"id":18099,"href":"https:\/\/kommentatorenblog.de\/index.php?rest_route=\/wp\/v2\/posts\/18063\/revisions\/18099"}],"wp:attachment":[{"href":"https:\/\/kommentatorenblog.de\/index.php?rest_route=%2Fwp%2Fv2%2Fmedia&parent=18063"}],"wp:term":[{"taxonomy":"category","embeddable":true,"href":"https:\/\/kommentatorenblog.de\/index.php?rest_route=%2Fwp%2Fv2%2Fcategories&post=18063"},{"taxonomy":"post_tag","embeddable":true,"href":"https:\/\/kommentatorenblog.de\/index.php?rest_route=%2Fwp%2Fv2%2Ftags&post=18063"}],"curies":[{"name":"wp","href":"https:\/\/api.w.org\/{rel}","templated":true}]}}