{"id":18068,"date":"2024-06-06T16:00:12","date_gmt":"2024-06-06T15:00:12","guid":{"rendered":"https:\/\/kommentatorenblog.de\/?p=18068"},"modified":"2024-06-08T19:11:02","modified_gmt":"2024-06-08T18:11:02","slug":"1430-ueberlegen-wuerde-ich-auf-jeden-fall-und-die-antwort-ist-offen-interview-mit-bela-rethy-teil-2","status":"publish","type":"post","link":"https:\/\/kommentatorenblog.de\/?p=18068","title":{"rendered":"1430 &#8211; &#8222;\u00dcberlegen w\u00fcrde ich auf jeden Fall &#8211; und die Antwort ist offen&#8220; \u2013 Interview mit B\u00e9la R\u00e9thy (Teil 2)"},"content":{"rendered":"\n<p>N&#8217;Abend allerseits,<\/p>\n\n\n\n<p>die Woche begann legend\u00e4r mit dem <a rel=\"noreferrer noopener\" href=\"https:\/\/kommentatorenblog.de\/?p=18063\" data-type=\"post\" data-id=\"18063\" target=\"_blank\">ersten Teil des Interviews mit B\u00e9la R\u00e9thy<\/a> und geht so nun auch mit dem zweiten finalen Teil weiter. Wir w\u00fcnschen viel Spa\u00df beim Lesen!<\/p>\n\n\n\n<hr class=\"wp-block-separator is-style-default\"\/>\n\n\n\n<p><strong>Herr R\u00e9thy, f\u00fcr Sie pers\u00f6nlich wird die EM in diesem Jahr das erste gro\u00dfe Turnier seit langem, das Sie ja wahrscheinlich komplett nur als Zuschauer verfolgen. Haben Sie da schon irgendwelche Pl\u00e4ne? Komplett im Fernsehen oder auch ein paar Spiele im Stadion?&nbsp;<\/strong><\/p>\n\n\n\n<p>Ich m\u00f6chte schon f\u00fcnf-, sechsmal in die Stadien. Klar, am liebsten das Finale und die Deutschland-Spiele. Da ich im Rhein-Main-Gebiet wohne, werde ich bestimmt auch andere Spiele gucken, die in Frankfurt stattfinden.&nbsp;<\/p>\n\n\n\n<p>Und dann gibt\u2019s bestimmt noch den ein oder anderen Job im Umfeld von solchen Spielen, unabh\u00e4ngig von der Fernsehausstrahlung. Die EM ist f\u00fcr mich zeitlich komplett geblockt. Da wird kein Urlaub gemacht, da bin ich dann komplett im Modus drin.&nbsp;<\/p>\n\n\n\n<p><strong>Also m\u00f6glicherweise auch ein bisschen was rund um die EM. Wie sieht es da allgemein aus? Ein paar Projekte wie die Bundesliga-Doku f\u00fcrs ZDF oder die Vertonung der WM-Doku zu Katar auf Prime Video haben wir auch schon gesehen. Gibt es schon andere konkrete Projekte oder etwas, das Sie beruflich in der Zukunft noch angreifen wollen?<\/strong><\/p>\n\n\n\n<p>Nicht konkretes, weil ich da auch keine Vertr\u00e4ge mache. Ich mache demn\u00e4chst mal bei einem anderen Sender ein Coaching f\u00fcr Reporter. Da wurde ich angefragt und es ist auch sehr interessant, mal mit anderen Leuten zu arbeiten und da seine Eindr\u00fccke zu hinterlassen. Oder ich mache eine Laudatio f\u00fcr Star-Winzer, also sehr vielf\u00e4ltig. Ich habe ganz viele Anfragen, m\u00f6chte aber nach 40 Jahren reisen und Beruf auch mal Freir\u00e4ume haben, einfach mal gar nichts zu machen. Ich bin dann versucht, immer so blockweise etwas zu arbeiten \u2013 denn ich bin noch viel zu jung, um gar nichts zu tun. Eigentlich bin ich ja auch nur in Rente gegangen, weil ich in Rente gehen musste wegen meines Geburtsdatums.<\/p>\n\n\n\n<p><strong>Und wenn jetzt nochmal ein Angebot von einem Sender als Live-Kommentator kommen w\u00fcrde?<\/strong><\/p>\n\n\n\n<p>..w\u00fcrde ich sicherlich ne Nacht dr\u00fcber schlafen. Aber da erwischen Sie mich jetzt v\u00f6llig ratlos, ich wei\u00df es nicht. Ich bin am Pik abgestiegen, da von dem Thron. M\u00f6glicherweise w\u00fcrde es ein gro\u00dfes Medienecho ausl\u00f6sen, wenn ich wieder was machen w\u00fcrde. Und dann machst du einen Fehler und die Maschine geht doppelt so laut los.<\/p>\n\n\n\n<p>Also ich wei\u00df nicht genau, ob das richtig ist. \u00dcberlegen w\u00fcrde ich es mir auf jeden Fall und die Antwort ist offen.&nbsp;<\/p>\n\n\n\n<p>Mit Geld h\u00e4tte das \u00fcberhaupt nichts zu tun, sondern mit dem Bauch, der sagt, \u201cach komm, einmal noch\u201d.&nbsp;<\/p>\n\n\n\n<p>Wenn ich beim ZDF h\u00e4tte weiterarbeiten k\u00f6nnen und die Rente nicht zu dem fixen Zeitpunkt gekommen w\u00e4re, h\u00e4tte ich als Kommentator ganz sicher noch die EM jetzt und die WM in den USA, Mexiko und Kanada mitgemacht. Und dann w\u00e4re ich immer noch nicht mal 70.<\/p>\n\n\n\n<p><strong>Wenn Sie jetzt mal so zur\u00fcck&#8220;gucken auf Ihre ganze Laufbahn und auf die Spiele, die Sie alle kommentiert haben: Gibt es ein Stadion oder auch einen Kommentatorenplatz, der Sie am meisten begeistert?<\/strong><\/p>\n\n\n\n<p>Diese gro\u00dfen Tempel wie in Barcelona oder das Bernabeu sind unglaublich eindrucksvoll in der Optik, aber da sitzt man ungef\u00e4hr mit den V\u00f6geln da oben neben dem Nest. Und auch mit den ganz engen Kabinen dort ist das Arbeiten \u00fcberhaupt nicht gut. Exzellentes Arbeiten geht in der Allianz Arena in M\u00fcnchen. Da ist die optimale Entfernung zwischen dem Abstand, den man als Kommentator braucht und in der N\u00e4he zum Platz.&nbsp;<\/p>\n\n\n\n<p>Wir haben bei uns in Deutschland schon sehr sch\u00f6ne Stadien. Also, in Frankfurt, K\u00f6ln oder M\u00fcnchen l\u00e4sst sich schon sehr gut arbeiten.<\/p>\n\n\n\n<p>Ich liebe auch englische Stadien, noch besser schottische. Meine Lieblingsatmosph\u00e4re ist bei Celtic.<\/p>\n\n\n\n<p><strong>Haben die Atmosph\u00e4re und die Zuschauer in den Stadien aus Ihrer Sicht immer Ihren Kommentar beeinflusst? Gerade im Vergleich zur Corona-Zeit als Sie in leeren Stadien kommentiert haben..<\/strong><\/p>\n\n\n\n<p>Corona war schwierig. Man hatte das Gef\u00fchl, man f\u00fchrt Selbstgespr\u00e4che. Da haben wir aber auch nach und nach dramaturgische Mittel entwickelt, indem man versucht hat, wahrzunehmen, was auf dem Platz gesprochen wird. Spiele mit Thomas M\u00fcller waren daf\u00fcr optimal. Zum Beispiel im Champions-League-Finale Paris-Bayern in Lissabon konnte man nat\u00fcrlich mit diesem Element spielen. Man muss als Reporter einfach die Gegebenheiten nehmen, wie sie sind. Das ist ja kein Wunschkonzert, sondern unsere Arbeit, an dem Tag eben ein Spiel zu vermitteln \u2013 und da muss man dieses Element mit nutzen.&nbsp;<\/p>\n\n\n\n<p>Zuschauer beeinflussen vor allem dann, wenn die Stimmung besonders gut ist. Dann ist auch ein schweigender Kommentator eine Art Dramaturgie, der dadurch dann diese Atmosph\u00e4re mitnimmt. Zum richtigen Zeitpunkt, wenn grad nichts Wichtiges zu erz\u00e4hlen ist, diesen Roar der Zuschauer mit reinzunehmen, macht das Ganze runder.&nbsp;<\/p>\n\n\n\n<p>Da unsere Kopfh\u00f6rer ja sehr dicht und ger\u00e4uschabsorbierend sind, habe ich immer mein linkes Ohr zur H\u00e4lfte frei gemacht, um auf Zuschauerrufe, -ges\u00e4nge und Emotionen reagieren zu k\u00f6nnen.<\/p>\n\n\n\n<p><strong>Nun haben ja auch Sie pers\u00f6nlich in all den Jahren durch einige S\u00e4tze gro\u00dfe Momente erzeugt und begleitet. Ich erinnere beispielsweise an die WM 2018 und den Satz beim entscheidenden Gruppenspiel gegen S\u00fcdkorea \u00fcber die Spielweise der deutschen Mannschaft: \u201cDas ist hier alles keine Zeitlupe, das sind reale Bilder!\u201d Ein spontaner Impuls?<\/strong><\/p>\n\n\n\n<p>Der Ausdruck meiner Entt\u00e4uschung und Ver\u00e4rgerung, wie man so auftreten kann in einem entscheidenden Spiel bei der Weltmeisterschaft. Das wirkte sowas von farblos und tempolos. Die K\u00f6rpersprache war nichts. Es war langsam \u2013 deshalb die \u201cZeitlupe\u201d.<\/p>\n\n\n\n<p>Eine pers\u00f6nliche Empfindung des Reporters, der im Stadion sitzt und das Spiel schaut. Wie bei jeder Kritik ist das ja pers\u00f6nliches Empfinden. Und ich finde, dann ist es unsere Aufgabe, auch so zu formulieren.&nbsp;<\/p>\n\n\n\n<p>Eines war daran aber interessant. In der Kommentatoren-Generation vor mir war der Reporter so bisschen mit Schuld an Niederlagen. Da wurden die gleich zerlegt. In dem Fall 2018 war so eine H\u00e4me gegen\u00fcber der deutschen Mannschaft da, dass der Reporter eigentlich abgefeiert worden ist. Ich glaube, die <em>BILD <\/em>schrieb: \u201cDer beste Deutsche war der Kommentator.\u201d<\/p>\n\n\n\n<p><strong>Da gibt es dann allerdings auch andere Seiten, gerade bei Social Media. Es gibt ja auch immer wieder Kolleginnen und Kollegen, die Hasskommentare thematisieren. Wie gehen Sie mit sowas um? Anschauen oder ausblenden?&nbsp;<\/strong><\/p>\n\n\n\n<p>Muss man ausblenden. Mit einer Kritik kann man ja nur was anfangen, wenn sie etwas Konkretes bem\u00e4ngelt. Also zum Beispiel: \u201cDer hat schlecht kommentiert, weil Punkt A), Punkt B) und Punkt C).\u201d Also irgendeine Begr\u00fcndung, die einem weiterhilft.&nbsp;<\/p>\n\n\n\n<p>Aber reine P\u00f6belei lass ich nicht an mich heran. Und mit diesem Umfeld hab ich dann sowieso nicht so viel zu tun. Ich geh\u00f6re einer Generation an, die ihren Alltag sehr gut bestreiten kann, ohne dauernd rumzuscrollen oder irgendwelche Kommentarchen zu lesen.<\/p>\n\n\n\n<p>Man kriegt das nat\u00fcrlich zwangsl\u00e4ufig mit, und zwar durch schlechte Journalisten, die nicht in der Lage sind, eigene Artikel zu schreiben, sondern sich auf Twitter beziehen und darauf ganze Artikel aufbauen. Dadurch kriegt man das mit.<\/p>\n\n\n\n<p><strong>Unabh\u00e4ngig davon: Wie hat sich Ihre Arbeit im Laufe der Zeit entwickelt?<\/strong><\/p>\n\n\n\n<p>Der Fu\u00dfball hat sich im Laufe meiner Berufszeit ver\u00e4ndert. Als ich in den 90er-Jahren anfing, live zu kommentieren, war der Fu\u00dfball viel, viel langsamer. Das hei\u00dft, man musste auch anders arbeiten. Man hatte viel mehr M\u00f6glichkeiten, Hintergrundgeschichten zu erz\u00e4hlen.<\/p>\n\n\n\n<p>Das ist heute nicht mehr m\u00f6glich. Guckst du jetzt mal eine halbe Sekunde weg auf deine vorbereiteten Informationen und verpasst dann die entscheidende Szene des Spiels, dann ist was los. Also, das Spiel ist schneller geworden und der Kommentar dadurch nat\u00fcrlich etwas kompakter.<\/p>\n\n\n\n<p>Auch die Vorbereitung ist so, dass man da fast nichts mehr an Geschichten stehen hat. Nur noch Stichworte, die auf Augenh\u00f6he sind \u2013 damit man die 10, die man abarbeiten m\u00f6chte, irgendwann mal unterkriegt.&nbsp;<\/p>\n\n\n\n<p>Man versucht immer wieder, seine Methoden auch zu \u00e4ndern und dem Fu\u00dfball anzupassen. Zum Beispiel hatte ich ganz fr\u00fcher so einen Einstieg vorformuliert, die ersten drei, vier S\u00e4tze. Das habe ich seit 15 Jahren nicht mehr gemacht, weil du ja auch auf die Bildf\u00fchrung angewiesen bist. Du kannst noch so einen guten Einstieg formulieren &#8211; wenn du dann andere Bilder w\u00e4hrenddessen bekommst, gibt es diese Schere. Also man muss schon zusehen, dass man seine Inhalte pr\u00e4sent hat, aber dann auf die gezeigten Bilder anpasst.<\/p>\n\n\n\n<p>Mit steigender Routine \u00e4ndert sich also nat\u00fcrlich auch die Arbeitsweise. Wenn man sicher ist, braucht man auch nichts aufzuschreiben. Wenn man vorsichtig ist, formuliert man etwas, um keine Fehler zu machen.<\/p>\n\n\n\n<p><strong>Jetzt wo wir schon sehr stark im Thema R\u00fcckblick sind. Sie haben mal gesagt, \u201cDer liebe Gott hat mir immer ein Verb geschenkt\u201d. Gilt das auch f\u00fcr Adjektive? Finden Sie da spontan drei, mit denen Sie Ihre Karriere beschreiben w\u00fcrden?&nbsp;&nbsp;<\/strong><\/p>\n\n\n\n<p>Drei Adjektive spontan wie in einer Live-\u00dcbertragung? <em>(lacht)<\/em><\/p>\n\n\n\n<p>Unerwartet, wegen der fehlenden Muttersprache.&nbsp;<\/p>\n\n\n\n<p>\u00dcberragend f\u00fcr mich pers\u00f6nlich.&nbsp;<\/p>\n\n\n\n<p>Und leider unwiederholbar, weil ich schon \u00fcber 60 bin.&nbsp;<\/p>\n\n\n\n<p>Aber ich vermisse diese Zeit. Wenn irgendwann mal der Hammer f\u00e4llt und mich jemand fragt, ob sich das alles gelohnt h\u00e4tte: klares Ja!<\/p>\n\n\n\n<p><strong>Abschlie\u00dfend noch eine Frage, die uns als Kommentatorenblog und sicherlich Ihnen als Profi immer wieder gestellt wird. Und niemand kann das besser beantworten als Sie: Welche Tipps gibt man jungen Leuten mit, die Kommentator oder Reporter werden wollen?&nbsp;<\/strong><\/p>\n\n\n\n<p>Ein dickes Fell! \u2013 Und die Liebe zum Fu\u00dfball! Du musst Spa\u00df haben, wenn du ins Stadion kommst. Und Lust haben auf diese 90 Minuten. Man kann Fu\u00dfballfan nicht lernen. Man muss Fu\u00dfballfan sein. Man muss diese Sportart in Herz und Blut haben, um sie \u00fcberhaupt transportieren zu k\u00f6nnen. Und es darf einem nicht als Aufgabe erscheinen, sondern es ist ein wunderbarer Arbeitsplatz. Andere gehen ins B\u00fcro, ich gehe ins Stadion. Und darf auch noch meinen Senf dazugeben.&nbsp;<\/p>\n\n\n\n<p>Und ein dritter Rat von einem \u00e4lteren Herrn: Es schadet auf keinen Fall, ab und zu mal ein Buch zu lesen. Das n\u00fctzt wirklich, wenn in Drucksituationen der eben angesprochene liebe Gott einem das Verb oder Adjektiv nicht rausdr\u00fccken will. Da hat man dann so eine Art pr\u00e4sente Prosa. Und das ist ja noch nicht mal lernen, Literatur macht ja auch Spa\u00df!<\/p>\n\n\n\n<p>Also: Lesen, Spa\u00df am Fu\u00dfball und aushalten, wenn man auf die Schnauze kriegt.<\/p>\n\n\n\n<p><strong>Mit diesem sch\u00f6nen Schlusssatz bedanken wir uns sehr herzlich f\u00fcr das Gespr\u00e4ch!&nbsp;<\/strong><\/p>\n\n\n\n<p><strong><em>Dieses Gespr\u00e4ch f\u00fchrten Jonas Sielaff, Nico Manstein, Tim Peters und Johannes Danzer. <\/em><\/strong><br><em>Hier haben wir Teil 1 nochmal zum Nachlesen:<\/em><\/p>\n\n\n\n<figure class=\"wp-block-embed is-type-wp-embed is-provider-kommentatorenblog-de wp-block-embed-kommentatorenblog-de\"><div class=\"wp-block-embed__wrapper\">\n<blockquote class=\"wp-embedded-content\" data-secret=\"ZtNaGQu3B8\"><a href=\"https:\/\/kommentatorenblog.de\/?p=18063\">1429 &#8211; &#8220;Man erlebt sehr viel. Eine faszinierende Zeit.&#8221; \u2013 Interview mit B\u00e9la R\u00e9thy (Teil 1)<\/a><\/blockquote><iframe loading=\"lazy\" class=\"wp-embedded-content\" sandbox=\"allow-scripts\" security=\"restricted\" style=\"position: absolute; clip: rect(1px, 1px, 1px, 1px);\" title=\"&#8222;1429 &#8211; &#8220;Man erlebt sehr viel. Eine faszinierende Zeit.&#8221; \u2013 Interview mit B\u00e9la R\u00e9thy (Teil 1)&#8220; &#8212; kommentatorenblog.de\" src=\"https:\/\/kommentatorenblog.de\/?p=18063&#038;embed=true#?secret=WfgCOp6YOL#?secret=ZtNaGQu3B8\" data-secret=\"ZtNaGQu3B8\" width=\"600\" height=\"338\" frameborder=\"0\" marginwidth=\"0\" marginheight=\"0\" scrolling=\"no\"><\/iframe>\n<\/div><\/figure>\n\n\n\n<hr class=\"wp-block-separator is-style-default\"\/>\n\n\n\n<p><strong>Die Ansetzungen vom 07. Juni 2024 bis 10. Juni 2024:<\/strong><\/p>\n\n\n\n<hr class=\"wp-block-separator is-style-default\"\/>\n\n\n\n<p><strong>WM-Qualifikation der Herren (CAF), 3. Spieltag (Sportdigital Fu\u00dfball)<\/strong><\/p>\n\n\n\n<p><span style=\"text-decoration: underline;\">Freitag, 07. Juni 2024, ab 20.45 Uhr<\/span><\/p>\n\n\n\n<p><strong><em>Elfenbeink\u00fcste \u2013 Gabun (21.00 Uhr)<\/em><\/strong><br><img loading=\"lazy\" decoding=\"async\" width=\"10\" height=\"21\" class=\"wp-image-3656\" style=\"width: 10px;\" src=\"http:\/\/kommentatorenblog.de\/wp-content\/uploads\/2020\/09\/shure-55sh-ii-e1601485394796.jpg\" alt=\"\" srcset=\"https:\/\/kommentatorenblog.de\/wp-content\/uploads\/2020\/09\/shure-55sh-ii-e1601485394796.jpg 415w, https:\/\/kommentatorenblog.de\/wp-content\/uploads\/2020\/09\/shure-55sh-ii-e1601485394796-142x300.jpg 142w\" sizes=\"auto, (max-width: 10px) 100vw, 10px\" \/> Marvin Kirsch<\/p>\n\n\n\n<p><span style=\"text-decoration: underline;\">Samstag, 08. Juni 2024, ab 14.45 Uhr<\/span><\/p>\n\n\n\n<p><strong><em>Kamerun \u2013 Kap Verde (15.00 Uhr)<\/em><\/strong><br><img loading=\"lazy\" decoding=\"async\" width=\"10\" height=\"21\" class=\"wp-image-3656\" style=\"width: 10px;\" src=\"http:\/\/kommentatorenblog.de\/wp-content\/uploads\/2020\/09\/shure-55sh-ii-e1601485394796.jpg\" alt=\"\" srcset=\"https:\/\/kommentatorenblog.de\/wp-content\/uploads\/2020\/09\/shure-55sh-ii-e1601485394796.jpg 415w, https:\/\/kommentatorenblog.de\/wp-content\/uploads\/2020\/09\/shure-55sh-ii-e1601485394796-142x300.jpg 142w\" sizes=\"auto, (max-width: 10px) 100vw, 10px\" \/> Christian Blunck<\/p>\n\n\n\n<p><span style=\"text-decoration: underline;\">ab 17.45 Uhr<\/span><\/p>\n\n\n\n<p><strong><em>Gambia \u2013 Seychellen (18.00 Uhr)<\/em><\/strong><br><img loading=\"lazy\" decoding=\"async\" width=\"10\" height=\"21\" class=\"wp-image-3656\" style=\"width: 10px;\" src=\"http:\/\/kommentatorenblog.de\/wp-content\/uploads\/2020\/09\/shure-55sh-ii-e1601485394796.jpg\" alt=\"\" srcset=\"https:\/\/kommentatorenblog.de\/wp-content\/uploads\/2020\/09\/shure-55sh-ii-e1601485394796.jpg 415w, https:\/\/kommentatorenblog.de\/wp-content\/uploads\/2020\/09\/shure-55sh-ii-e1601485394796-142x300.jpg 142w\" sizes=\"auto, (max-width: 10px) 100vw, 10px\" \/> Ulf Kahmke<\/p>\n\n\n\n<p><span style=\"text-decoration: underline;\">Sonntag, 09. Juni 2024, ab 17.45 Uhr<\/span><\/p>\n\n\n\n<p><strong><em>Mauretanien \u2013 Senegal (18.00 Uhr)<\/em><\/strong><br><img loading=\"lazy\" decoding=\"async\" width=\"10\" height=\"21\" class=\"wp-image-3656\" style=\"width: 10px;\" src=\"http:\/\/kommentatorenblog.de\/wp-content\/uploads\/2020\/09\/shure-55sh-ii-e1601485394796.jpg\" alt=\"\" srcset=\"https:\/\/kommentatorenblog.de\/wp-content\/uploads\/2020\/09\/shure-55sh-ii-e1601485394796.jpg 415w, https:\/\/kommentatorenblog.de\/wp-content\/uploads\/2020\/09\/shure-55sh-ii-e1601485394796-142x300.jpg 142w\" sizes=\"auto, (max-width: 10px) 100vw, 10px\" \/> J\u00f6rg Steiger<\/p>\n\n\n\n<p><span style=\"text-decoration: underline;\">Montag, 10. Juni 2024, ab 17.45 Uhr<\/span><\/p>\n\n\n\n<p><strong><em>Guinea-Bissau \u2013 \u00c4gypten (18.00 Uhr)<\/em><\/strong><br><img loading=\"lazy\" decoding=\"async\" width=\"10\" height=\"21\" class=\"wp-image-3656\" style=\"width: 10px;\" src=\"http:\/\/kommentatorenblog.de\/wp-content\/uploads\/2020\/09\/shure-55sh-ii-e1601485394796.jpg\" alt=\"\" srcset=\"https:\/\/kommentatorenblog.de\/wp-content\/uploads\/2020\/09\/shure-55sh-ii-e1601485394796.jpg 415w, https:\/\/kommentatorenblog.de\/wp-content\/uploads\/2020\/09\/shure-55sh-ii-e1601485394796-142x300.jpg 142w\" sizes=\"auto, (max-width: 10px) 100vw, 10px\" \/> Jonathan Dreier<\/p>\n\n\n\n<p><span style=\"text-decoration: underline;\">ab 20.45 Uhr<\/span><\/p>\n\n\n\n<p><strong><em>Ghana \u2013 Zentralafrikanische Republik (21.00 Uhr)<\/em><\/strong><br><img loading=\"lazy\" decoding=\"async\" width=\"10\" height=\"21\" class=\"wp-image-3656\" style=\"width: 10px;\" src=\"http:\/\/kommentatorenblog.de\/wp-content\/uploads\/2020\/09\/shure-55sh-ii-e1601485394796.jpg\" alt=\"\" srcset=\"https:\/\/kommentatorenblog.de\/wp-content\/uploads\/2020\/09\/shure-55sh-ii-e1601485394796.jpg 415w, https:\/\/kommentatorenblog.de\/wp-content\/uploads\/2020\/09\/shure-55sh-ii-e1601485394796-142x300.jpg 142w\" sizes=\"auto, (max-width: 10px) 100vw, 10px\" \/> Marvin Kirsch<\/p>\n\n\n\n<hr class=\"wp-block-separator is-style-default\"\/>\n\n\n\n<p><strong>Fu\u00dfball-L\u00e4nderspiele der Herren, EM-Vorbereitungsspiele (RTL\/NITRO.\/DAZN)<\/strong><\/p>\n\n\n\n<p><span style=\"text-decoration: underline;\">Freitag, 07. Juni 2024, ab 20.15 Uhr (RTL)<\/span><\/p>\n\n\n\n<p><strong><em>Deutschland \u2013 Griechenland (20.45 Uhr)<\/em><\/strong><br><img loading=\"lazy\" decoding=\"async\" width=\"10\" height=\"21\" class=\"wp-image-3656\" style=\"width: 10px;\" src=\"http:\/\/kommentatorenblog.de\/wp-content\/uploads\/2020\/09\/shure-55sh-ii-e1601485394796.jpg\" alt=\"\" srcset=\"https:\/\/kommentatorenblog.de\/wp-content\/uploads\/2020\/09\/shure-55sh-ii-e1601485394796.jpg 415w, https:\/\/kommentatorenblog.de\/wp-content\/uploads\/2020\/09\/shure-55sh-ii-e1601485394796-142x300.jpg 142w\" sizes=\"auto, (max-width: 10px) 100vw, 10px\" \/> Marco Hagemann, Experte: Steffen Freund<br>Moderation: Florian K\u00f6nig, Experte: Lothar Matth\u00e4us, Field-Reporter: Felix G\u00f6rner und Jonas Gerdes<\/p>\n\n\n\n<p><span style=\"text-decoration: underline;\">ab 20.35 Uhr (DAZN)<\/span><\/p>\n\n\n\n<p><strong><em>England \u2013 Island (20.45 Uhr)<\/em><\/strong><br><img loading=\"lazy\" decoding=\"async\" width=\"10\" height=\"21\" class=\"wp-image-3656\" style=\"width: 10px;\" src=\"http:\/\/kommentatorenblog.de\/wp-content\/uploads\/2020\/09\/shure-55sh-ii-e1601485394796.jpg\" alt=\"\" srcset=\"https:\/\/kommentatorenblog.de\/wp-content\/uploads\/2020\/09\/shure-55sh-ii-e1601485394796.jpg 415w, https:\/\/kommentatorenblog.de\/wp-content\/uploads\/2020\/09\/shure-55sh-ii-e1601485394796-142x300.jpg 142w\" sizes=\"auto, (max-width: 10px) 100vw, 10px\" \/> Chris Putz<\/p>\n\n\n\n<p><span style=\"text-decoration: underline;\">Samstag, 08. Juni 2024, ab 17.30 Uhr (NITRO.) bzw. ab 17.50 Uhr (DAZN)<\/span><\/p>\n\n\n\n<p><strong><em>Schweiz \u2013 \u00d6sterreich (18.00 Uhr)<\/em><\/strong><\/p>\n\n\n\n<p><img loading=\"lazy\" decoding=\"async\" width=\"10\" height=\"21\" class=\"wp-image-3656\" style=\"width: 10px;\" src=\"http:\/\/kommentatorenblog.de\/wp-content\/uploads\/2020\/09\/shure-55sh-ii-e1601485394796.jpg\" alt=\"\" srcset=\"https:\/\/kommentatorenblog.de\/wp-content\/uploads\/2020\/09\/shure-55sh-ii-e1601485394796.jpg 415w, https:\/\/kommentatorenblog.de\/wp-content\/uploads\/2020\/09\/shure-55sh-ii-e1601485394796-142x300.jpg 142w\" sizes=\"auto, (max-width: 10px) 100vw, 10px\" \/> <em>NITRO.: <\/em>Robby Hunke, Experte: Patrick Helmes<br>Moderation (<em>NITRO.<\/em>): Laura Papendick, Field-Reporterin: Jessica Matyschok<\/p>\n\n\n\n<p><img loading=\"lazy\" decoding=\"async\" width=\"10\" height=\"21\" class=\"wp-image-3656\" style=\"width: 10px;\" src=\"http:\/\/kommentatorenblog.de\/wp-content\/uploads\/2020\/09\/shure-55sh-ii-e1601485394796.jpg\" alt=\"\" srcset=\"https:\/\/kommentatorenblog.de\/wp-content\/uploads\/2020\/09\/shure-55sh-ii-e1601485394796.jpg 415w, https:\/\/kommentatorenblog.de\/wp-content\/uploads\/2020\/09\/shure-55sh-ii-e1601485394796-142x300.jpg 142w\" sizes=\"auto, (max-width: 10px) 100vw, 10px\" \/> <em>DAZN: <\/em>Christoph Stadtler<\/p>\n\n\n\n<p><span style=\"text-decoration: underline;\">ab 21.20 Uhr (DAZN)<\/span><\/p>\n\n\n\n<p><strong><em>Spanien \u2013 Nordirland (21.30 Uhr)<\/em><\/strong><br><img loading=\"lazy\" decoding=\"async\" width=\"10\" height=\"21\" class=\"wp-image-3656\" style=\"width: 10px;\" src=\"http:\/\/kommentatorenblog.de\/wp-content\/uploads\/2020\/09\/shure-55sh-ii-e1601485394796.jpg\" alt=\"\" srcset=\"https:\/\/kommentatorenblog.de\/wp-content\/uploads\/2020\/09\/shure-55sh-ii-e1601485394796.jpg 415w, https:\/\/kommentatorenblog.de\/wp-content\/uploads\/2020\/09\/shure-55sh-ii-e1601485394796-142x300.jpg 142w\" sizes=\"auto, (max-width: 10px) 100vw, 10px\" \/> Flo Hauser<\/p>\n\n\n\n<p><span style=\"text-decoration: underline;\">Sonntag, 09. Juni 2024, ab 20.35 Uhr (DAZN)<\/span><\/p>\n\n\n\n<p><strong><em>Italien \u2013 Bosnien-Herzegowina (20.45 Uhr)<\/em><\/strong><br><img loading=\"lazy\" decoding=\"async\" width=\"10\" height=\"21\" class=\"wp-image-3656\" style=\"width: 10px;\" src=\"http:\/\/kommentatorenblog.de\/wp-content\/uploads\/2020\/09\/shure-55sh-ii-e1601485394796.jpg\" alt=\"\" srcset=\"https:\/\/kommentatorenblog.de\/wp-content\/uploads\/2020\/09\/shure-55sh-ii-e1601485394796.jpg 415w, https:\/\/kommentatorenblog.de\/wp-content\/uploads\/2020\/09\/shure-55sh-ii-e1601485394796-142x300.jpg 142w\" sizes=\"auto, (max-width: 10px) 100vw, 10px\" \/> Carsten Fu\u00df<\/p>\n\n\n\n<p><span style=\"text-decoration: underline;\">ab 21.05 Uhr (DAZN)<\/span><\/p>\n\n\n\n<p><strong><em>Frankreich \u2013 Kanada (21.15 Uhr)<\/em><\/strong><br><img loading=\"lazy\" decoding=\"async\" width=\"10\" height=\"21\" class=\"wp-image-3656\" style=\"width: 10px;\" src=\"http:\/\/kommentatorenblog.de\/wp-content\/uploads\/2020\/09\/shure-55sh-ii-e1601485394796.jpg\" alt=\"\" srcset=\"https:\/\/kommentatorenblog.de\/wp-content\/uploads\/2020\/09\/shure-55sh-ii-e1601485394796.jpg 415w, https:\/\/kommentatorenblog.de\/wp-content\/uploads\/2020\/09\/shure-55sh-ii-e1601485394796-142x300.jpg 142w\" sizes=\"auto, (max-width: 10px) 100vw, 10px\" \/> Stefan Galler<\/p>\n\n\n\n<p><span style=\"text-decoration: underline;\">Montag, 10. Juni 2024, ab 20.35 Uhr (DAZN)<\/span><\/p>\n\n\n\n<p><strong><em>Niederlande \u2013 Island (20.45 Uhr)<\/em><\/strong><br><img loading=\"lazy\" decoding=\"async\" width=\"10\" height=\"21\" class=\"wp-image-3656\" style=\"width: 10px;\" src=\"http:\/\/kommentatorenblog.de\/wp-content\/uploads\/2020\/09\/shure-55sh-ii-e1601485394796.jpg\" alt=\"\" srcset=\"https:\/\/kommentatorenblog.de\/wp-content\/uploads\/2020\/09\/shure-55sh-ii-e1601485394796.jpg 415w, https:\/\/kommentatorenblog.de\/wp-content\/uploads\/2020\/09\/shure-55sh-ii-e1601485394796-142x300.jpg 142w\" sizes=\"auto, (max-width: 10px) 100vw, 10px\" \/> Matthias Naebers<\/p>\n\n\n\n<p><strong><em>Polen \u2013 T\u00fcrkei (20.45 Uhr)<\/em><\/strong><br><img loading=\"lazy\" decoding=\"async\" width=\"10\" height=\"21\" class=\"wp-image-3656\" style=\"width: 10px;\" src=\"http:\/\/kommentatorenblog.de\/wp-content\/uploads\/2020\/09\/shure-55sh-ii-e1601485394796.jpg\" alt=\"\" srcset=\"https:\/\/kommentatorenblog.de\/wp-content\/uploads\/2020\/09\/shure-55sh-ii-e1601485394796.jpg 415w, https:\/\/kommentatorenblog.de\/wp-content\/uploads\/2020\/09\/shure-55sh-ii-e1601485394796-142x300.jpg 142w\" sizes=\"auto, (max-width: 10px) 100vw, 10px\" \/> Uwe Morawe<\/p>\n\n\n\n<hr class=\"wp-block-separator is-style-default\"\/>\n\n\n\n<p>Das Wochenende \u00fcber finden die letzten Vorbereitungsspiele f\u00fcr die Europameisterschaft statt. RTL und NITRO. sind mit jeweils einer Partie dabei, DAZN zeigt auch einige mit deutschem Kommentar. <\/p>\n\n\n\n<p>Am Montag meldet sich dann Jonas nochmal mit einem gro\u00dfen \u00dcberblick zu den EM-Teams der \u00fcbertragenden Sender.<\/p>\n","protected":false},"excerpt":{"rendered":"<p>N&#8217;Abend allerseits, die Woche begann legend\u00e4r mit dem ersten Teil des Interviews mit B\u00e9la R\u00e9thy und geht so nun auch mit dem zweiten finalen Teil weiter. Wir w\u00fcnschen viel Spa\u00df beim Lesen! Herr R\u00e9thy, f\u00fcr Sie pers\u00f6nlich wird die EM in diesem Jahr das erste gro\u00dfe Turnier seit langem, das Sie ja wahrscheinlich komplett nur [&hellip;]<\/p>\n","protected":false},"author":12,"featured_media":0,"comment_status":"open","ping_status":"open","sticky":false,"template":"","format":"standard","meta":{"footnotes":""},"categories":[426],"tags":[],"class_list":["post-18068","post","type-post","status-publish","format-standard","hentry","category-laenderspiele"],"_links":{"self":[{"href":"https:\/\/kommentatorenblog.de\/index.php?rest_route=\/wp\/v2\/posts\/18068","targetHints":{"allow":["GET"]}}],"collection":[{"href":"https:\/\/kommentatorenblog.de\/index.php?rest_route=\/wp\/v2\/posts"}],"about":[{"href":"https:\/\/kommentatorenblog.de\/index.php?rest_route=\/wp\/v2\/types\/post"}],"author":[{"embeddable":true,"href":"https:\/\/kommentatorenblog.de\/index.php?rest_route=\/wp\/v2\/users\/12"}],"replies":[{"embeddable":true,"href":"https:\/\/kommentatorenblog.de\/index.php?rest_route=%2Fwp%2Fv2%2Fcomments&post=18068"}],"version-history":[{"count":6,"href":"https:\/\/kommentatorenblog.de\/index.php?rest_route=\/wp\/v2\/posts\/18068\/revisions"}],"predecessor-version":[{"id":18117,"href":"https:\/\/kommentatorenblog.de\/index.php?rest_route=\/wp\/v2\/posts\/18068\/revisions\/18117"}],"wp:attachment":[{"href":"https:\/\/kommentatorenblog.de\/index.php?rest_route=%2Fwp%2Fv2%2Fmedia&parent=18068"}],"wp:term":[{"taxonomy":"category","embeddable":true,"href":"https:\/\/kommentatorenblog.de\/index.php?rest_route=%2Fwp%2Fv2%2Fcategories&post=18068"},{"taxonomy":"post_tag","embeddable":true,"href":"https:\/\/kommentatorenblog.de\/index.php?rest_route=%2Fwp%2Fv2%2Ftags&post=18068"}],"curies":[{"name":"wp","href":"https:\/\/api.w.org\/{rel}","templated":true}]}}