{"id":18089,"date":"2024-06-22T18:04:16","date_gmt":"2024-06-22T17:04:16","guid":{"rendered":"https:\/\/kommentatorenblog.de\/?p=18089"},"modified":"2024-06-29T23:08:23","modified_gmt":"2024-06-29T22:08:23","slug":"1434-gruppenendspiele","status":"publish","type":"post","link":"https:\/\/kommentatorenblog.de\/?p=18089","title":{"rendered":"1434 &#8211; Gruppenendspiele"},"content":{"rendered":"\n<p>N&#8217;Abend allerseits,<\/p>\n\n\n\n<p>zwei Siege, viel Freude und tolle TV- Quoten, so l\u00e4sst sich der deutsche EM- Auftakt kurz und kompakt zusammenfassen.<\/p>\n\n\n\n<p>Ab Sonntag stehen die letzten Gruppenspiele an. Die Spiele einer Gruppe werden dabei immer parallel ausgetragen. W\u00e4hrend die Aufteilung der ersten beiden Gruppenspieltagen bereits im Vorhinein bekannt war, fielen die Free TV- Entscheidungen, wie \u00fcblich beim letzten Gruppenspiel, kurzfristig und liegen zum Teil leider auch noch nicht vor. Einzig, dass die ARD am Sonntag das Deutschland- Spiel gegen die Schweiz \u00fcbertragen wird, war zu EM- Beginn bereits bekannt. Das Parallelspiel gibt es allerdings nicht bei RTL zu sehen, sondern l\u00e4uft exklusiv bei der Telekom. Gegen eine deutsche Mannschaft d\u00fcrfte ein weiteres EM- Spiel aus Quotensicht wohl eher nicht so interessant sein. Daneben wird noch ein weiteres Parallelspiel exklusiv von Magenta \u00fcbertragen, alle anderen Spiele laufen auch im Free- TV, entweder bei RTL  oder bei ARD und ZDF.<\/p>\n\n\n\n<p>Bei den Gruppenspielen gab es im \u00dcbrigens First- Picks, jeweils die sp\u00e4ten Spiele am dritten Gruppenspieltag durfte das ZDF beziehungsweise die ARD zuerst w\u00e4hlen, bei den fr\u00fchen Spielen lag der First- Pick bei RTL.<\/p>\n\n\n\n<p>Im Achtelfinale hat dann das ZDF den First- Pick, \u00fcbertr\u00e4gt das deutsche Achtelfinale, insgesamt zeigt man im Zweiten drei Achtelfinals, selbiges gilt f\u00fcr die ARD, RTL \u00fcbertr\u00e4gt zudem noch eins und ein Achtelfinale gibt es exklusiv bei Magenta zu sehen.<\/p>\n\n\n\n<p class=\"has-text-align-left\">Zudem noch eine Erkl\u00e4rung\/ Antwort der Sportschau, warum ARD und ZDF andere Spielstandsanzeigen im Vergleich zu Magenta \/ RTL haben:<\/p>\n\n\n\n<p class=\"has-text-align-center\"><em>Die UEFA setzt bei der EURO keinen Dauerspielstand auf das Weltbild. Dieser wird also von uns selber drauf gesetzt. Dabei hat die UEFA zwei verschiedene Dauerspielstandsgrafiken angeboten, die ARD hat sich aus stilistischen Gr\u00fcnden f\u00fcr die Variante ohne Pokalbildchen links entschieden.<\/em><br>Quelle: Antwort der Sportschau auf Anfrage des Kommentatorenblogs<br><\/p>\n\n\n\n<hr class=\"wp-block-separator\"\/>\n\n\n\n<p><strong><em>Die Ansetzungen vom 23. Juni bis zum 28. Juni 2<\/em><\/strong><em><strong>024<\/strong><\/em><\/p>\n\n\n\n<hr class=\"wp-block-separator\"\/>\n\n\n\n<p><strong>Europameisterschaft 2024, 03. Spieltag<\/strong><\/p>\n\n\n\n<p><span style=\"text-decoration: underline;\">Sonntag, 23. Juni 2024, ab 19.15 bzw. 20.15 Uhr (ARD) bzw. ab 19.30 Uhr (Magenta TV), ab 20.30 Uhr (Magenta Sport)<\/span><\/p>\n\n\n\n<p><strong><em>Schweiz \u2013 Deutschland (21.00 Uhr)<\/em><\/strong><\/p>\n\n\n\n<p>ARD: <img loading=\"lazy\" decoding=\"async\" width=\"10\" height=\"21\" class=\"wp-image-3656\" style=\"width: 10px;\" src=\"http:\/\/kommentatorenblog.de\/wp-content\/uploads\/2020\/09\/shure-55sh-ii-e1601485394796.jpg\" alt=\"\" srcset=\"https:\/\/kommentatorenblog.de\/wp-content\/uploads\/2020\/09\/shure-55sh-ii-e1601485394796.jpg 415w, https:\/\/kommentatorenblog.de\/wp-content\/uploads\/2020\/09\/shure-55sh-ii-e1601485394796-142x300.jpg 142w\" sizes=\"auto, (max-width: 10px) 100vw, 10px\" \/> Gerd Gottlob, Experte: Thomas Hitzsperger, <br>Moderation (ARD): Esther Sedlaczek, Experte: Bastian Schweinsteiger<br>Field- Reporterin (ARD): Lea Wagner<\/p>\n\n\n\n<p>Magenta TV\/Sport: <img loading=\"lazy\" decoding=\"async\" width=\"10\" height=\"21\" class=\"wp-image-3656\" style=\"width: 10px;\" src=\"http:\/\/kommentatorenblog.de\/wp-content\/uploads\/2020\/09\/shure-55sh-ii-e1601485394796.jpg\" alt=\"\" srcset=\"https:\/\/kommentatorenblog.de\/wp-content\/uploads\/2020\/09\/shure-55sh-ii-e1601485394796.jpg 415w, https:\/\/kommentatorenblog.de\/wp-content\/uploads\/2020\/09\/shure-55sh-ii-e1601485394796-142x300.jpg 142w\" sizes=\"auto, (max-width: 10px) 100vw, 10px\" \/> Wolff Fuss (Einzelspiel)<br>Moderation Stadion (Magenta TV\/Sport): Johannes B. Kerner, Experte: Michael Ballack<br>Field- Reporter:innen: Anna Kraft und Thomas Wagner<br>Moderation Studio (Magenta TV\/Sport): Sascha Bandermann, Experte: Shkodran Mustafi, Expertin: Tabea Kemme<\/p>\n\n\n\n<p><span style=\"text-decoration: underline;\"><span style=\"text-decoration: underline;\">Sonntag, 23. Juni 2024<\/span>, ab 19.30 Uhr <span style=\"text-decoration: underline;\">(Magenta TV), ab 20.30 Uhr (Magenta Sport)<\/span><\/span><\/p>\n\n\n\n<p><strong><em>Schottland \u2013 Ungarn<\/em><\/strong> <strong><em>(21.00 Uhr)<\/em><\/strong><\/p>\n\n\n\n<p>Magenta TV\/Sport: <img loading=\"lazy\" decoding=\"async\" width=\"10\" height=\"21\" class=\"wp-image-3656\" style=\"width: 10px;\" src=\"http:\/\/kommentatorenblog.de\/wp-content\/uploads\/2020\/09\/shure-55sh-ii-e1601485394796.jpg\" alt=\"\" srcset=\"https:\/\/kommentatorenblog.de\/wp-content\/uploads\/2020\/09\/shure-55sh-ii-e1601485394796.jpg 415w, https:\/\/kommentatorenblog.de\/wp-content\/uploads\/2020\/09\/shure-55sh-ii-e1601485394796-142x300.jpg 142w\" sizes=\"auto, (max-width: 10px) 100vw, 10px\" \/> Christian Stra\u00dfburger (Einzelspiel)<br>Experte Stadion (Magenta TV\/Sport): Owen Hargreaves, Field- Reporterin: Ruth Hofmann<br>Moderation Studio (Magenta TV\/Sport): Sascha Bandermann, Experte: Shkodran Mustafi, Expertin: Tabea Kemme<\/p>\n\n\n\n<p><span style=\"text-decoration: underline;\"><span style=\"text-decoration: underline;\">Sonntag, 23. Juni 2024<\/span>, ab 19.30 Uhr <span style=\"text-decoration: underline;\">(Magenta TV), ab 20.30 Uhr (Magenta Sport)<\/span><\/span><\/p>\n\n\n\n<p><strong><em>Konferenz<\/em><\/strong> <strong><em>(21.00 Uhr)<\/em><\/strong><\/p>\n\n\n\n<p>Magenta TV\/ Sport: <img loading=\"lazy\" decoding=\"async\" width=\"10\" height=\"21\" class=\"wp-image-3656\" style=\"width: 10px;\" src=\"http:\/\/kommentatorenblog.de\/wp-content\/uploads\/2020\/09\/shure-55sh-ii-e1601485394796.jpg\" alt=\"\" srcset=\"https:\/\/kommentatorenblog.de\/wp-content\/uploads\/2020\/09\/shure-55sh-ii-e1601485394796.jpg 415w, https:\/\/kommentatorenblog.de\/wp-content\/uploads\/2020\/09\/shure-55sh-ii-e1601485394796-142x300.jpg 142w\" sizes=\"auto, (max-width: 10px) 100vw, 10px\" \/> Alexander K\u00fcpper<\/p>\n\n\n\n<p><span style=\"text-decoration: underline;\">Montag, 24. Juni 2024, ab 20.15 Uhr (ZDF) bzw. ab 19.30 Uhr <span style=\"text-decoration: underline;\">(Magenta TV), ab 20.30 Uhr (Magenta Sport)<\/span><\/span><\/p>\n\n\n\n<p><strong><em>Kroatien \u2013 Italien (21.00 Uhr)<\/em><\/strong><\/p>\n\n\n\n<p>Magenta TV\/Sport: <img loading=\"lazy\" decoding=\"async\" width=\"10\" height=\"21\" class=\"wp-image-3656\" style=\"width: 10px;\" src=\"http:\/\/kommentatorenblog.de\/wp-content\/uploads\/2020\/09\/shure-55sh-ii-e1601485394796.jpg\" alt=\"\" srcset=\"https:\/\/kommentatorenblog.de\/wp-content\/uploads\/2020\/09\/shure-55sh-ii-e1601485394796.jpg 415w, https:\/\/kommentatorenblog.de\/wp-content\/uploads\/2020\/09\/shure-55sh-ii-e1601485394796-142x300.jpg 142w\" sizes=\"auto, (max-width: 10px) 100vw, 10px\" \/> Jonas Friedrich (Einzelspiel)<br>Moderation Studio (Magenta TV\/Sport): Laura Wontorra, Experte: Shkodran Mustafi Field- Reporterin: Anna Sara Lange<\/p>\n\n\n\n<p>ZDF: <img loading=\"lazy\" decoding=\"async\" width=\"10\" height=\"21\" class=\"wp-image-3656\" style=\"width: 10px;\" src=\"http:\/\/kommentatorenblog.de\/wp-content\/uploads\/2020\/09\/shure-55sh-ii-e1601485394796.jpg\" alt=\"\" srcset=\"https:\/\/kommentatorenblog.de\/wp-content\/uploads\/2020\/09\/shure-55sh-ii-e1601485394796.jpg 415w, https:\/\/kommentatorenblog.de\/wp-content\/uploads\/2020\/09\/shure-55sh-ii-e1601485394796-142x300.jpg 142w\" sizes=\"auto, (max-width: 10px) 100vw, 10px\" \/> Oliver Schmidt, Field- Reporter: Thomas Skulski<br>Moderation (ZDF): Jochen Breyer, Experten: Christoph Kramer &amp; Per Mertesacker, Expertin: Kathrin Lehmann<\/p>\n\n\n\n<p><span style=\"text-decoration: underline;\"><span style=\"text-decoration: underline;\"><span style=\"text-decoration: underline;\">Montag, 24. Juni<\/span><\/span><\/span> <span style=\"text-decoration: underline;\"><span style=\"text-decoration: underline;\">2024<\/span>, ab 19.30 Uhr <span style=\"text-decoration: underline;\">(Magenta TV), ab 20.30 Uhr (Magenta Sport)<\/span>, ab 20.15 Uhr (RTL),<\/span><\/p>\n\n\n\n<p><strong><em>Albanien \u2013 Spanien<\/em><\/strong> <strong><em>(21.00 Uhr)<\/em><\/strong><\/p>\n\n\n\n<p>Magenta TV\/Sport\/RTL: <img loading=\"lazy\" decoding=\"async\" width=\"10\" height=\"21\" class=\"wp-image-3656\" style=\"width: 10px;\" src=\"http:\/\/kommentatorenblog.de\/wp-content\/uploads\/2020\/09\/shure-55sh-ii-e1601485394796.jpg\" alt=\"\" srcset=\"https:\/\/kommentatorenblog.de\/wp-content\/uploads\/2020\/09\/shure-55sh-ii-e1601485394796.jpg 415w, https:\/\/kommentatorenblog.de\/wp-content\/uploads\/2020\/09\/shure-55sh-ii-e1601485394796-142x300.jpg 142w\" sizes=\"auto, (max-width: 10px) 100vw, 10px\" \/> Marco Hagemann (Einzelspiel)<br>Moderation Stadion (Magenta TV\/Sport\/RTL):&nbsp;Florian K\u00f6nig, Experte: &nbsp;Lothar Matth\u00e4us<br>Field- Reporterin: Laura Papendick<br>Moderation Studio (Magenta TV\/Sport\/RTL): Laura Wontorra, Experte: Shkodran Mustafi<\/p>\n\n\n\n<p>ZDF: <img loading=\"lazy\" decoding=\"async\" width=\"10\" height=\"21\" class=\"wp-image-3656\" style=\"width: 10px;\" src=\"http:\/\/kommentatorenblog.de\/wp-content\/uploads\/2020\/09\/shure-55sh-ii-e1601485394796.jpg\" alt=\"\" srcset=\"https:\/\/kommentatorenblog.de\/wp-content\/uploads\/2020\/09\/shure-55sh-ii-e1601485394796.jpg 415w, https:\/\/kommentatorenblog.de\/wp-content\/uploads\/2020\/09\/shure-55sh-ii-e1601485394796-142x300.jpg 142w\" sizes=\"auto, (max-width: 10px) 100vw, 10px\" \/> Daniel Pinschower (Einblendungen), Field-Reporterin: Lena Kesting<\/p>\n\n\n\n<p><span style=\"text-decoration: underline;\"><span style=\"text-decoration: underline;\"><span style=\"text-decoration: underline;\">Montag, 24. Juni<\/span><\/span><\/span> <span style=\"text-decoration: underline;\"><span style=\"text-decoration: underline;\">2024<\/span>, ab 19.30 Uhr <span style=\"text-decoration: underline;\">(Magenta TV), ab 20.30 Uhr (Magenta Sport)<\/span><\/span><\/p>\n\n\n\n<p><strong><em>Konferenz<\/em><\/strong> <strong><em>(21.00 Uhr)<\/em><\/strong><\/p>\n\n\n\n<p>Magenta TV\/ Sport: <img loading=\"lazy\" decoding=\"async\" width=\"10\" height=\"21\" class=\"wp-image-3656\" style=\"width: 10px;\" src=\"http:\/\/kommentatorenblog.de\/wp-content\/uploads\/2020\/09\/shure-55sh-ii-e1601485394796.jpg\" alt=\"\" srcset=\"https:\/\/kommentatorenblog.de\/wp-content\/uploads\/2020\/09\/shure-55sh-ii-e1601485394796.jpg 415w, https:\/\/kommentatorenblog.de\/wp-content\/uploads\/2020\/09\/shure-55sh-ii-e1601485394796-142x300.jpg 142w\" sizes=\"auto, (max-width: 10px) 100vw, 10px\" \/> Alexander K\u00fcpper<\/p>\n\n\n\n<p><span style=\"text-decoration: underline;\">Dienstag, 25. Juni 2024, ab 17.05 Uhr (ZDF) bzw. ab 16.30 Uhr (Magenta TV) bzw. ab 17.30 Uhr (Magenta Sport)<\/span><\/p>\n\n\n\n<p><strong><em>Frankreich \u2013 Polen (18.00 Uhr)<\/em><\/strong><\/p>\n\n\n\n<p>Magenta TV\/Sport: <img loading=\"lazy\" decoding=\"async\" width=\"10\" height=\"21\" class=\"wp-image-3656\" style=\"width: 10px;\" src=\"http:\/\/kommentatorenblog.de\/wp-content\/uploads\/2020\/09\/shure-55sh-ii-e1601485394796.jpg\" alt=\"\" srcset=\"https:\/\/kommentatorenblog.de\/wp-content\/uploads\/2020\/09\/shure-55sh-ii-e1601485394796.jpg 415w, https:\/\/kommentatorenblog.de\/wp-content\/uploads\/2020\/09\/shure-55sh-ii-e1601485394796-142x300.jpg 142w\" sizes=\"auto, (max-width: 10px) 100vw, 10px\" \/> Christian Stra\u00dfburger (Einzelspiel)<br>Moderation Studio (Magenta TV\/Sport): Laura Wontorra, Experte: Michael Ballack, Expertin: Tabea Kemme<\/p>\n\n\n\n<p>ZDF: <img loading=\"lazy\" decoding=\"async\" width=\"10\" height=\"21\" class=\"wp-image-3656\" style=\"width: 10px;\" src=\"http:\/\/kommentatorenblog.de\/wp-content\/uploads\/2020\/09\/shure-55sh-ii-e1601485394796.jpg\" alt=\"\" srcset=\"https:\/\/kommentatorenblog.de\/wp-content\/uploads\/2020\/09\/shure-55sh-ii-e1601485394796.jpg 415w, https:\/\/kommentatorenblog.de\/wp-content\/uploads\/2020\/09\/shure-55sh-ii-e1601485394796-142x300.jpg 142w\" sizes=\"auto, (max-width: 10px) 100vw, 10px\" \/> Martin Schneider, Experte: Hanno Balitsch, Field- Reporter: Alexander Ruda<br>Moderation (ZDF): Katrin M\u00fcller- Hohenstein, Experten: Christoph Kramer &amp; Per Mertesacker, Expertin: Friederike Kromp<\/p>\n\n\n\n<p><span style=\"text-decoration: underline;\"><span style=\"text-decoration: underline;\"><span style=\"text-decoration: underline;\"><span style=\"text-decoration: underline;\"><span style=\"text-decoration: underline;\">Dienstag, 25. Juni<\/span><\/span><\/span><\/span><\/span> <span style=\"text-decoration: underline;\"><span style=\"text-decoration: underline;\">2024<\/span>, ab 16.30 Uhr <span style=\"text-decoration: underline;\">(Magenta TV), ab 17.00 Uhr (RTL), ab 17.30 Uhr (Magenta Sport)<\/span><\/span><\/p>\n\n\n\n<p><strong><em>Niederlande \u2013 \u00d6sterreich (18.00 Uhr)<\/em><\/strong><\/p>\n\n\n\n<p>Magenta TV\/Sport\/RTL: <img loading=\"lazy\" decoding=\"async\" width=\"10\" height=\"21\" class=\"wp-image-3656\" style=\"width: 10px;\" src=\"http:\/\/kommentatorenblog.de\/wp-content\/uploads\/2020\/09\/shure-55sh-ii-e1601485394796.jpg\" alt=\"\" srcset=\"https:\/\/kommentatorenblog.de\/wp-content\/uploads\/2020\/09\/shure-55sh-ii-e1601485394796.jpg 415w, https:\/\/kommentatorenblog.de\/wp-content\/uploads\/2020\/09\/shure-55sh-ii-e1601485394796-142x300.jpg 142w\" sizes=\"auto, (max-width: 10px) 100vw, 10px\" \/> Wolff Fuss (Einzelspiel), Field-Reporterin: Anna Sara Lange<br>Moderation Stadion (Magenta TV\/Sport\/RTL): Laura Papendick, Experte: Lothar Matth\u00e4us<br>Moderation Studio (Magenta TV\/Sport\/RTL): Laura Wontorra, Experte: Michael Ballack, Expertin: Tabea Kemme<\/p>\n\n\n\n<p>ZDF: <img loading=\"lazy\" decoding=\"async\" width=\"10\" height=\"21\" class=\"wp-image-3656\" style=\"width: 10px;\" src=\"http:\/\/kommentatorenblog.de\/wp-content\/uploads\/2020\/09\/shure-55sh-ii-e1601485394796.jpg\" alt=\"\" srcset=\"https:\/\/kommentatorenblog.de\/wp-content\/uploads\/2020\/09\/shure-55sh-ii-e1601485394796.jpg 415w, https:\/\/kommentatorenblog.de\/wp-content\/uploads\/2020\/09\/shure-55sh-ii-e1601485394796-142x300.jpg 142w\" sizes=\"auto, (max-width: 10px) 100vw, 10px\" \/> Daniel Pinschower (Einblendungen), Field-Reporter: Thomas Skulski<\/p>\n\n\n\n<p><span style=\"text-decoration: underline;\"><span style=\"text-decoration: underline;\"><span style=\"text-decoration: underline;\"><span style=\"text-decoration: underline;\"><span style=\"text-decoration: underline;\"><span style=\"text-decoration: underline;\">Dienstag, 25. Juni<\/span><\/span><\/span><\/span><\/span>, ab 20.15 Uhr (ZDF) bzw. ab 19.30 Uhr <span style=\"text-decoration: underline;\">(Magenta TV), ab 20.30 Uhr (Magenta Sport)<\/span><\/span><\/p>\n\n\n\n<p><strong><em>England \u2013 Slowenien<\/em><\/strong> <strong><em>(21.00 Uhr)<\/em><\/strong><\/p>\n\n\n\n<p>Magenta TV\/Sport: <img loading=\"lazy\" decoding=\"async\" width=\"10\" height=\"21\" class=\"wp-image-3656\" style=\"width: 10px;\" src=\"http:\/\/kommentatorenblog.de\/wp-content\/uploads\/2020\/09\/shure-55sh-ii-e1601485394796.jpg\" alt=\"\" srcset=\"https:\/\/kommentatorenblog.de\/wp-content\/uploads\/2020\/09\/shure-55sh-ii-e1601485394796.jpg 415w, https:\/\/kommentatorenblog.de\/wp-content\/uploads\/2020\/09\/shure-55sh-ii-e1601485394796-142x300.jpg 142w\" sizes=\"auto, (max-width: 10px) 100vw, 10px\" \/> Markus H\u00f6hner (Einzelspiel)<br>Moderation Studio (Magenta TV\/Sport): Johannes B. Kerner, Experte: Michael Ballack, Expertin: Tabea Kemme<\/p>\n\n\n\n<p>ZDF: <img loading=\"lazy\" decoding=\"async\" width=\"10\" height=\"21\" class=\"wp-image-3656\" style=\"width: 10px;\" src=\"http:\/\/kommentatorenblog.de\/wp-content\/uploads\/2020\/09\/shure-55sh-ii-e1601485394796.jpg\" alt=\"\" srcset=\"https:\/\/kommentatorenblog.de\/wp-content\/uploads\/2020\/09\/shure-55sh-ii-e1601485394796.jpg 415w, https:\/\/kommentatorenblog.de\/wp-content\/uploads\/2020\/09\/shure-55sh-ii-e1601485394796-142x300.jpg 142w\" sizes=\"auto, (max-width: 10px) 100vw, 10px\" \/> Claudia Neumann, Experte: Moritz Volz, Field- Reporterin: Lena Kesting<br>Moderation (ZDF): Katrin M\u00fcller- Hohenstein, Experten: Christoph Kramer &amp; Per Mertesacker, Expertin: Friederike Kromp, G\u00e4ste: <s>Franz und<\/s> Moritz Wagner<\/p>\n\n\n\n<p><span style=\"text-decoration: underline;\"><span style=\"text-decoration: underline;\"><span style=\"text-decoration: underline;\"><span style=\"text-decoration: underline;\"><span style=\"text-decoration: underline;\">Dienstag, 25. Juni<\/span><\/span><\/span><\/span><\/span> <span style=\"text-decoration: underline;\"><span style=\"text-decoration: underline;\">2024<\/span>, <span style=\"text-decoration: underline;\">ab 19.30 Uhr <span style=\"text-decoration: underline;\">(Magenta TV), ab 20.30 Uhr (Magenta Sport<\/span>)<\/span><\/span><\/p>\n\n\n\n<p><strong><em>D\u00e4nemark \u2013 Serbien (21.00 Uhr)<\/em><\/strong><\/p>\n\n\n\n<p>Magenta TV\/Sport: <img loading=\"lazy\" decoding=\"async\" width=\"10\" height=\"21\" class=\"wp-image-3656\" style=\"width: 10px;\" src=\"http:\/\/kommentatorenblog.de\/wp-content\/uploads\/2020\/09\/shure-55sh-ii-e1601485394796.jpg\" alt=\"\" srcset=\"https:\/\/kommentatorenblog.de\/wp-content\/uploads\/2020\/09\/shure-55sh-ii-e1601485394796.jpg 415w, https:\/\/kommentatorenblog.de\/wp-content\/uploads\/2020\/09\/shure-55sh-ii-e1601485394796-142x300.jpg 142w\" sizes=\"auto, (max-width: 10px) 100vw, 10px\" \/>Jan Platte (Einzelspiel) , Field- Reporter: Sascha Bandermann<br>Moderation Studio (Magenta TV\/Sport): Johannes B. Kerner, Experte: Michael Ballack, Expertin: Tabea Kemme<\/p>\n\n\n\n<p>Field-Reporterin (ZDF): Amelie Stiefvatter<\/p>\n\n\n\n<p><span style=\"text-decoration: underline;\"><span style=\"text-decoration: underline;\"><span style=\"text-decoration: underline;\"><span style=\"text-decoration: underline;\"><span style=\"text-decoration: underline;\">Dienstag, 25. Juni<\/span><\/span><\/span><\/span><\/span> <span style=\"text-decoration: underline;\"><span style=\"text-decoration: underline;\">2024<\/span>, ab 16.30 Uhr <span style=\"text-decoration: underline;\">(Magenta TV), <\/span><\/span><span style=\"text-decoration: underline;\"><span style=\"text-decoration: underline;\">ab 17.30 Uhr (Magenta Sport)<\/span><\/span><\/p>\n\n\n\n<p><strong><em>Konferenz<\/em><\/strong> <strong><em>(18.00 Uhr)<\/em><\/strong><\/p>\n\n\n\n<p>Magenta TV\/ Sport: <img loading=\"lazy\" decoding=\"async\" width=\"10\" height=\"21\" class=\"wp-image-3656\" style=\"width: 10px;\" src=\"http:\/\/kommentatorenblog.de\/wp-content\/uploads\/2020\/09\/shure-55sh-ii-e1601485394796.jpg\" alt=\"\" srcset=\"https:\/\/kommentatorenblog.de\/wp-content\/uploads\/2020\/09\/shure-55sh-ii-e1601485394796.jpg 415w, https:\/\/kommentatorenblog.de\/wp-content\/uploads\/2020\/09\/shure-55sh-ii-e1601485394796-142x300.jpg 142w\" sizes=\"auto, (max-width: 10px) 100vw, 10px\" \/> Benni Zander<\/p>\n\n\n\n<p><strong><em>Konferenz<\/em><\/strong> <strong><em>(21.00 Uhr)<\/em><\/strong><\/p>\n\n\n\n<p>Magenta TV\/ Sport: <img loading=\"lazy\" decoding=\"async\" width=\"10\" height=\"21\" class=\"wp-image-3656\" style=\"width: 10px;\" src=\"http:\/\/kommentatorenblog.de\/wp-content\/uploads\/2020\/09\/shure-55sh-ii-e1601485394796.jpg\" alt=\"\" srcset=\"https:\/\/kommentatorenblog.de\/wp-content\/uploads\/2020\/09\/shure-55sh-ii-e1601485394796.jpg 415w, https:\/\/kommentatorenblog.de\/wp-content\/uploads\/2020\/09\/shure-55sh-ii-e1601485394796-142x300.jpg 142w\" sizes=\"auto, (max-width: 10px) 100vw, 10px\" \/> Benni Zander<\/p>\n\n\n\n<p><span style=\"text-decoration: underline;\"><span style=\"text-decoration: underline;\">Mittwoch, 26 Juni 2024,<\/span>ab 17.05 Uhr (ARD) bzw. ab 16.30 Uhr (Magenta TV), ab 17.30 (Magenta Sport)<\/span><\/p>\n\n\n\n<p><strong><em>Slowakei \u2013 Rum\u00e4nien<\/em><\/strong> <strong><em>(18.00 Uhr)<\/em><\/strong><\/p>\n\n\n\n<p>Magenta TV\/Sport: <img loading=\"lazy\" decoding=\"async\" width=\"10\" height=\"21\" class=\"wp-image-3656\" style=\"width: 10px;\" src=\"http:\/\/kommentatorenblog.de\/wp-content\/uploads\/2020\/09\/shure-55sh-ii-e1601485394796.jpg\" alt=\"\" srcset=\"https:\/\/kommentatorenblog.de\/wp-content\/uploads\/2020\/09\/shure-55sh-ii-e1601485394796.jpg 415w, https:\/\/kommentatorenblog.de\/wp-content\/uploads\/2020\/09\/shure-55sh-ii-e1601485394796-142x300.jpg 142w\" sizes=\"auto, (max-width: 10px) 100vw, 10px\" \/> Benni Zander (Einzelspiel)<br>Moderation Studio (Magenta TV\/Sport): Johannes B. Kerner, Expertin: Tabea Kemme<\/p>\n\n\n\n<p>ARD: <img loading=\"lazy\" decoding=\"async\" width=\"10\" height=\"21\" class=\"wp-image-3656\" style=\"width: 10px;\" src=\"http:\/\/kommentatorenblog.de\/wp-content\/uploads\/2020\/09\/shure-55sh-ii-e1601485394796.jpg\" alt=\"\" srcset=\"https:\/\/kommentatorenblog.de\/wp-content\/uploads\/2020\/09\/shure-55sh-ii-e1601485394796.jpg 415w, https:\/\/kommentatorenblog.de\/wp-content\/uploads\/2020\/09\/shure-55sh-ii-e1601485394796-142x300.jpg 142w\" sizes=\"auto, (max-width: 10px) 100vw, 10px\" \/> Christina Graf, Experte: Thomas Broich, Field- Reporterin: Janna Betten<br>Moderation (ARD): Esther Sedlaczek, Experten: Thomas Hitzlsperger<\/p>\n\n\n\n<p><span style=\"\"><span style=\"text-decoration: underline;\">Mittwoch, 26 Juni<\/span><\/span><span style=\"text-decoration: underline;\"> <\/span><span style=\"text-decoration: underline;\"><span style=\"text-decoration: underline;\">2024<\/span>, ab 16.30 Uhr <span style=\"text-decoration: underline;\">(Magenta TV), ab 17.00 Uhr (RTL), ab 17.30 Uhr (Magenta Sport)<\/span><\/span><\/p>\n\n\n\n<p><strong><em>Ukraine \u2013 Belgien<\/em><\/strong> <strong><em>(18.00 Uhr)<\/em><\/strong><\/p>\n\n\n\n<p>Magenta TV\/Sport\/RTL: <img loading=\"lazy\" decoding=\"async\" width=\"10\" height=\"21\" class=\"wp-image-3656\" style=\"width: 10px;\" src=\"http:\/\/kommentatorenblog.de\/wp-content\/uploads\/2020\/09\/shure-55sh-ii-e1601485394796.jpg\" alt=\"\" srcset=\"https:\/\/kommentatorenblog.de\/wp-content\/uploads\/2020\/09\/shure-55sh-ii-e1601485394796.jpg 415w, https:\/\/kommentatorenblog.de\/wp-content\/uploads\/2020\/09\/shure-55sh-ii-e1601485394796-142x300.jpg 142w\" sizes=\"auto, (max-width: 10px) 100vw, 10px\" \/> Marco Hagemann &amp; Steffen Freund (Einzelspiel), Field-Reporterin: Anna Kraft<br>Moderation Stadion (Magenta TV\/Sport\/RTL): Laura Papendick, Experte: Shkodran Mustafi<br>Moderation Studio (Magenta TV\/Sport\/RTL): Johannes B. Kerner, Expertin: Tabea Kemme<\/p>\n\n\n\n<p><span style=\"text-decoration: underline;\"><span style=\"\"><span style=\"text-decoration: underline;\">Mittwoch, 26 Juni<\/span><\/span><span style=\"text-decoration: underline;\"> <span style=\"text-decoration: underline;\">2024<\/span>,<\/span><\/span> <span style=\"text-decoration: underline;\">ab 20.15 Uhr (ARD\/Magenta TV) bzw. ab 20.30 Uhr (Magenta Sport)<\/span><\/p>\n\n\n\n<p><strong><em>Tschechien \u2013 T\u00fcrkei (21.00 Uhr)<\/em><\/strong><\/p>\n\n\n\n<p>Magenta TV\/Sport: <img loading=\"lazy\" decoding=\"async\" width=\"10\" height=\"21\" class=\"wp-image-3656\" style=\"width: 10px;\" src=\"http:\/\/kommentatorenblog.de\/wp-content\/uploads\/2020\/09\/shure-55sh-ii-e1601485394796.jpg\" alt=\"\" srcset=\"https:\/\/kommentatorenblog.de\/wp-content\/uploads\/2020\/09\/shure-55sh-ii-e1601485394796.jpg 415w, https:\/\/kommentatorenblog.de\/wp-content\/uploads\/2020\/09\/shure-55sh-ii-e1601485394796-142x300.jpg 142w\" sizes=\"auto, (max-width: 10px) 100vw, 10px\" \/> Christina Rann (Einzelspiel)<br>Moderation Studio (Magenta TV\/Sport): Johannes B. Kerner, Expertin: Tabea Kemme<\/p>\n\n\n\n<p>ARD: <img loading=\"lazy\" decoding=\"async\" width=\"10\" height=\"21\" class=\"wp-image-3656\" style=\"width: 10px;\" src=\"http:\/\/kommentatorenblog.de\/wp-content\/uploads\/2020\/09\/shure-55sh-ii-e1601485394796.jpg\" alt=\"\" srcset=\"https:\/\/kommentatorenblog.de\/wp-content\/uploads\/2020\/09\/shure-55sh-ii-e1601485394796.jpg 415w, https:\/\/kommentatorenblog.de\/wp-content\/uploads\/2020\/09\/shure-55sh-ii-e1601485394796-142x300.jpg 142w\" sizes=\"auto, (max-width: 10px) 100vw, 10px\" \/> Gerd Gottlob, Expertin: Almuth Schult, Field- Reporter: Ben Wozny<br>Moderation (ARD): Alexander Bommes, Experte: Bastian Schweinsteiger<\/p>\n\n\n\n<p><span style=\"\"><span style=\"text-decoration-line: underline;\"><span style=\"text-decoration: underline;\">Mittwoch, 26 Juni<\/span><\/span><span style=\"text-decoration: underline;\"> <span style=\"text-decoration: underline;\">2024<\/span>,<\/span><\/span><span style=\"text-decoration: underline;\"> ab 20.15 Uhr (Magenta TV) bzw. ab 20.30 Uhr (Magenta Sport), <span style=\"text-decoration: underline;\">, ab 20.15 Uhr (RTL),<\/span><\/span><\/p>\n\n\n\n<p><strong><em>Georgien \u2013 Portugal (21.00 Uhr)<\/em><\/strong><\/p>\n\n\n\n<p>Magenta TV\/Sport\/RTL: <img loading=\"lazy\" decoding=\"async\" width=\"10\" height=\"21\" class=\"wp-image-3656\" style=\"width: 10px;\" src=\"http:\/\/kommentatorenblog.de\/wp-content\/uploads\/2020\/09\/shure-55sh-ii-e1601485394796.jpg\" alt=\"\" srcset=\"https:\/\/kommentatorenblog.de\/wp-content\/uploads\/2020\/09\/shure-55sh-ii-e1601485394796.jpg 415w, https:\/\/kommentatorenblog.de\/wp-content\/uploads\/2020\/09\/shure-55sh-ii-e1601485394796-142x300.jpg 142w\" sizes=\"auto, (max-width: 10px) 100vw, 10px\" \/> Wolff Fuss (Einzelspiel), Field-Reporter: Florian K\u00f6nig<br>Moderation Stadion (Magenta TV\/Sport\/RTL): Laura Wontorra, Experte: Lothar Matth\u00e4us<br>Moderation Studio (Magenta TV\/Sport\/RTL): Johannes B. Kerner, Expertin: Tabea Kemme<\/p>\n\n\n\n<p>ARD: <img loading=\"lazy\" decoding=\"async\" width=\"10\" height=\"21\" class=\"wp-image-3656\" style=\"width: 10px;\" src=\"http:\/\/kommentatorenblog.de\/wp-content\/uploads\/2020\/09\/shure-55sh-ii-e1601485394796.jpg\" alt=\"\" srcset=\"https:\/\/kommentatorenblog.de\/wp-content\/uploads\/2020\/09\/shure-55sh-ii-e1601485394796.jpg 415w, https:\/\/kommentatorenblog.de\/wp-content\/uploads\/2020\/09\/shure-55sh-ii-e1601485394796-142x300.jpg 142w\" sizes=\"auto, (max-width: 10px) 100vw, 10px\" \/> Florian Eckl (Einblendungen)<\/p>\n\n\n\n<p><span style=\"text-decoration: underline;\"><span style=\"text-decoration: underline;\"><span style=\"text-decoration: underline;\"><span style=\"text-decoration: underline;\"><span style=\"text-decoration: underline;\"><span style=\"text-decoration: underline;\"><span style=\"text-decoration: underline;\">Mittwoch, 26 Juni 2024<\/span><\/span><\/span><\/span><\/span><\/span><\/span><span style=\"text-decoration: underline;\">, ab 16.30 Uhr <span style=\"text-decoration: underline;\">(Magenta TV), ab 17.30 Uhr (Magenta Sport)<\/span><\/span><\/p>\n\n\n\n<p><strong><em>Konferenz<\/em><\/strong> <strong><em>(18.00 Uhr)<\/em><\/strong><\/p>\n\n\n\n<p>Magenta TV\/ Sport: <img loading=\"lazy\" decoding=\"async\" width=\"10\" height=\"21\" class=\"wp-image-3656\" style=\"width: 10px;\" src=\"http:\/\/kommentatorenblog.de\/wp-content\/uploads\/2020\/09\/shure-55sh-ii-e1601485394796.jpg\" alt=\"\" srcset=\"https:\/\/kommentatorenblog.de\/wp-content\/uploads\/2020\/09\/shure-55sh-ii-e1601485394796.jpg 415w, https:\/\/kommentatorenblog.de\/wp-content\/uploads\/2020\/09\/shure-55sh-ii-e1601485394796-142x300.jpg 142w\" sizes=\"auto, (max-width: 10px) 100vw, 10px\" \/> Alexander K\u00fcpper<\/p>\n\n\n\n<p><strong><em>Konferenz<\/em><\/strong> <strong><em>(21.00 Uhr)<\/em><\/strong><\/p>\n\n\n\n<p>Magenta TV\/ Sport: <img loading=\"lazy\" decoding=\"async\" width=\"10\" height=\"21\" class=\"wp-image-3656\" style=\"width: 10px;\" src=\"http:\/\/kommentatorenblog.de\/wp-content\/uploads\/2020\/09\/shure-55sh-ii-e1601485394796.jpg\" alt=\"\" srcset=\"https:\/\/kommentatorenblog.de\/wp-content\/uploads\/2020\/09\/shure-55sh-ii-e1601485394796.jpg 415w, https:\/\/kommentatorenblog.de\/wp-content\/uploads\/2020\/09\/shure-55sh-ii-e1601485394796-142x300.jpg 142w\" sizes=\"auto, (max-width: 10px) 100vw, 10px\" \/> Christian Stra\u00dfburger<\/p>\n\n\n\n<p><strong>Copa America, Gruppenphase (sportdigital Fu\u00dfball)<\/strong><\/p>\n\n\n\n<p><span style=\"text-decoration: underline;\">Sonntag, 23. Juni 2024, <\/span><span style=\"text-decoration: underline;\">ab 02.45 Uhr <\/span><br><strong><em>Mexiko &#8211; Jamaika (03.00 Uhr)<\/em><\/strong><br><img loading=\"lazy\" decoding=\"async\" width=\"10\" height=\"21\" class=\"wp-image-3656\" style=\"width: 10px;\" src=\"http:\/\/kommentatorenblog.de\/wp-content\/uploads\/2020\/09\/shure-55sh-ii-e1601485394796.jpg\" alt=\"\" srcset=\"https:\/\/kommentatorenblog.de\/wp-content\/uploads\/2020\/09\/shure-55sh-ii-e1601485394796.jpg 415w, https:\/\/kommentatorenblog.de\/wp-content\/uploads\/2020\/09\/shure-55sh-ii-e1601485394796-142x300.jpg 142w\" sizes=\"auto, (max-width: 10px) 100vw, 10px\" \/> Max Giesen<\/p>\n\n\n\n<p><span style=\"text-decoration: underline;\"><span style=\"text-decoration: underline;\"><span style=\"text-decoration: underline;\">Montag, 24. Juni 2024<\/span><\/span> ab 0.00 Uhr <\/span><br><strong><em>USA &#8211; Bolivien (0.00 Uhr)<\/em><\/strong><br><img loading=\"lazy\" decoding=\"async\" width=\"10\" height=\"21\" class=\"wp-image-3656\" style=\"width: 10px;\" src=\"http:\/\/kommentatorenblog.de\/wp-content\/uploads\/2020\/09\/shure-55sh-ii-e1601485394796.jpg\" alt=\"\" srcset=\"https:\/\/kommentatorenblog.de\/wp-content\/uploads\/2020\/09\/shure-55sh-ii-e1601485394796.jpg 415w, https:\/\/kommentatorenblog.de\/wp-content\/uploads\/2020\/09\/shure-55sh-ii-e1601485394796-142x300.jpg 142w\" sizes=\"auto, (max-width: 10px) 100vw, 10px\" \/> Jakob Vogel<\/p>\n\n\n\n<p><span style=\"text-decoration: underline;\">ab 02.45 Uhr <\/span><br><strong><em>Uruguay &#8211; Panama (03.00 Uhr)<\/em><\/strong><br><img loading=\"lazy\" decoding=\"async\" width=\"10\" height=\"21\" class=\"wp-image-3656\" style=\"width: 10px;\" src=\"http:\/\/kommentatorenblog.de\/wp-content\/uploads\/2020\/09\/shure-55sh-ii-e1601485394796.jpg\" alt=\"\" srcset=\"https:\/\/kommentatorenblog.de\/wp-content\/uploads\/2020\/09\/shure-55sh-ii-e1601485394796.jpg 415w, https:\/\/kommentatorenblog.de\/wp-content\/uploads\/2020\/09\/shure-55sh-ii-e1601485394796-142x300.jpg 142w\" sizes=\"auto, (max-width: 10px) 100vw, 10px\" \/> Max Giesen<\/p>\n\n\n\n<p><span style=\"text-decoration: underline;\"><span style=\"text-decoration: underline;\"><span style=\"text-decoration: underline;\">Dienstag, 25. Juni 2024<\/span><\/span> ab 0.00 Uhr <\/span><br><strong><em>Kolumbien &#8211; Paraguay (0.00 Uhr)<\/em><\/strong><br><img loading=\"lazy\" decoding=\"async\" width=\"10\" height=\"21\" class=\"wp-image-3656\" style=\"width: 10px;\" src=\"http:\/\/kommentatorenblog.de\/wp-content\/uploads\/2020\/09\/shure-55sh-ii-e1601485394796.jpg\" alt=\"\" srcset=\"https:\/\/kommentatorenblog.de\/wp-content\/uploads\/2020\/09\/shure-55sh-ii-e1601485394796.jpg 415w, https:\/\/kommentatorenblog.de\/wp-content\/uploads\/2020\/09\/shure-55sh-ii-e1601485394796-142x300.jpg 142w\" sizes=\"auto, (max-width: 10px) 100vw, 10px\" \/> Manuel Meyer<\/p>\n\n\n\n<p><span style=\"text-decoration: underline;\">ab 02.45 Uhr <\/span><br><strong><em>Brasilien &#8211; Costa Rica (03.00 Uhr)<\/em><\/strong><br><img loading=\"lazy\" decoding=\"async\" width=\"10\" height=\"21\" class=\"wp-image-3656\" style=\"width: 10px;\" src=\"http:\/\/kommentatorenblog.de\/wp-content\/uploads\/2020\/09\/shure-55sh-ii-e1601485394796.jpg\" alt=\"\" srcset=\"https:\/\/kommentatorenblog.de\/wp-content\/uploads\/2020\/09\/shure-55sh-ii-e1601485394796.jpg 415w, https:\/\/kommentatorenblog.de\/wp-content\/uploads\/2020\/09\/shure-55sh-ii-e1601485394796-142x300.jpg 142w\" sizes=\"auto, (max-width: 10px) 100vw, 10px\" \/> Moritz Knorr<\/p>\n\n\n\n<p><span style=\"text-decoration: underline;\"><span style=\"text-decoration: underline;\"><span style=\"text-decoration: underline;\">Mittwoch, 26. Juni 2024<\/span><\/span> ab 0.00 Uhr <\/span><br><strong><em>Peru &#8211; Kanada (0.00 Uhr)<\/em><\/strong><br><img loading=\"lazy\" decoding=\"async\" width=\"10\" height=\"21\" class=\"wp-image-3656\" style=\"width: 10px;\" src=\"http:\/\/kommentatorenblog.de\/wp-content\/uploads\/2020\/09\/shure-55sh-ii-e1601485394796.jpg\" alt=\"\" srcset=\"https:\/\/kommentatorenblog.de\/wp-content\/uploads\/2020\/09\/shure-55sh-ii-e1601485394796.jpg 415w, https:\/\/kommentatorenblog.de\/wp-content\/uploads\/2020\/09\/shure-55sh-ii-e1601485394796-142x300.jpg 142w\" sizes=\"auto, (max-width: 10px) 100vw, 10px\" \/> Marvin Kirsch<\/p>\n\n\n\n<p><span style=\"text-decoration: underline;\">ab 02.45 Uhr <\/span><br><strong><em>Chile &#8211; Argentinien (03.00 Uhr)<\/em><\/strong><br><img loading=\"lazy\" decoding=\"async\" width=\"10\" height=\"21\" class=\"wp-image-3656\" style=\"width: 10px;\" src=\"http:\/\/kommentatorenblog.de\/wp-content\/uploads\/2020\/09\/shure-55sh-ii-e1601485394796.jpg\" alt=\"\" srcset=\"https:\/\/kommentatorenblog.de\/wp-content\/uploads\/2020\/09\/shure-55sh-ii-e1601485394796.jpg 415w, https:\/\/kommentatorenblog.de\/wp-content\/uploads\/2020\/09\/shure-55sh-ii-e1601485394796-142x300.jpg 142w\" sizes=\"auto, (max-width: 10px) 100vw, 10px\" \/> Martin Hahn<\/p>\n\n\n\n<p><span style=\"text-decoration: underline;\">Donnerstag, 27. Juni 2024, ab 0.00 Uhr<\/span><br><em><strong>Ecuador &#8211; Jamaika (0.00 Uhr)<\/strong><\/em><br><img loading=\"lazy\" decoding=\"async\" width=\"10\" height=\"21\" class=\"wp-image-3656\" style=\"width: 10px;\" src=\"http:\/\/kommentatorenblog.de\/wp-content\/uploads\/2020\/09\/shure-55sh-ii-e1601485394796.jpg\" alt=\"\" srcset=\"https:\/\/kommentatorenblog.de\/wp-content\/uploads\/2020\/09\/shure-55sh-ii-e1601485394796.jpg 415w, https:\/\/kommentatorenblog.de\/wp-content\/uploads\/2020\/09\/shure-55sh-ii-e1601485394796-142x300.jpg 142w\" sizes=\"auto, (max-width: 10px) 100vw, 10px\" \/> Marvin Kirsch<\/p>\n\n\n\n<p><span style=\"text-decoration: underline;\">ab 02.45 Uhr<\/span><br><strong><em>Venezuela &#8211; Mexiko (03.00 Uhr)<\/em><\/strong><br><img loading=\"lazy\" decoding=\"async\" width=\"10\" height=\"21\" class=\"wp-image-3656\" style=\"width: 10px;\" src=\"http:\/\/kommentatorenblog.de\/wp-content\/uploads\/2020\/09\/shure-55sh-ii-e1601485394796.jpg\" alt=\"\" srcset=\"https:\/\/kommentatorenblog.de\/wp-content\/uploads\/2020\/09\/shure-55sh-ii-e1601485394796.jpg 415w, https:\/\/kommentatorenblog.de\/wp-content\/uploads\/2020\/09\/shure-55sh-ii-e1601485394796-142x300.jpg 142w\" sizes=\"auto, (max-width: 10px) 100vw, 10px\" \/> Moritz Knorr<\/p>\n\n\n\n<p><span style=\"text-decoration: underline;\">Freitag, 28. Juni 2024, ab 0.00 Uhr<\/span><br><strong><em>Panama &#8211; USA (0.00 Uhr)<\/em><\/strong><br><img loading=\"lazy\" decoding=\"async\" width=\"10\" height=\"21\" class=\"wp-image-3656\" style=\"width: 10px;\" src=\"http:\/\/kommentatorenblog.de\/wp-content\/uploads\/2020\/09\/shure-55sh-ii-e1601485394796.jpg\" alt=\"\" srcset=\"https:\/\/kommentatorenblog.de\/wp-content\/uploads\/2020\/09\/shure-55sh-ii-e1601485394796.jpg 415w, https:\/\/kommentatorenblog.de\/wp-content\/uploads\/2020\/09\/shure-55sh-ii-e1601485394796-142x300.jpg 142w\" sizes=\"auto, (max-width: 10px) 100vw, 10px\" \/> Martin Hahn<\/p>\n\n\n\n<p><span style=\"text-decoration: underline;\">ab 02.45 Uhr<\/span><br><strong><em>Uruguay &#8211; Bolivien (03.00 Uhr)<\/em><\/strong><br><img loading=\"lazy\" decoding=\"async\" width=\"10\" height=\"21\" class=\"wp-image-3656\" style=\"width: 10px;\" src=\"http:\/\/kommentatorenblog.de\/wp-content\/uploads\/2020\/09\/shure-55sh-ii-e1601485394796.jpg\" alt=\"\" srcset=\"https:\/\/kommentatorenblog.de\/wp-content\/uploads\/2020\/09\/shure-55sh-ii-e1601485394796.jpg 415w, https:\/\/kommentatorenblog.de\/wp-content\/uploads\/2020\/09\/shure-55sh-ii-e1601485394796-142x300.jpg 142w\" sizes=\"auto, (max-width: 10px) 100vw, 10px\" \/> Jakob Vogel<\/p>\n\n\n\n<hr class=\"wp-block-separator\"\/>\n\n\n\n<p><strong>Die Analyse<\/strong><\/p>\n\n\n\n<p>Die deutsche Gruppe startet als erstes in den letzten Gruppenspieltag. Ab Sonntag gibt es alle Spiele neben dem Einzelspiel auch als Konferenz bei Magenta TV beziehungsweise Magenta Sport zu sehen, dabei \u00fcbernimmt immer ein Kommentator die beiden Partien.<\/p>\n\n\n\n<p>Blicken wir auf aber erstmal auf das deutsche Spiel in Frankfurt: Erneut \u00fcbertr\u00e4gt das Erste live und rotiert nahezu einmal komplett durch, einzig Bastian Schweinsteiger und Lea Wagner bleiben im Vergleich zum Schweiz- Spiel. Ansonsten \u00fcbernimmt nun anstelle von Bommes Esther Sedlaczek und Kommentator wird Gerd Gottlob sein. Co- kommentieren wird diesmal Thomas Hitzlsperger anstelle von Almuth Schult.<\/p>\n\n\n\n<p>Bei Magenta \u00e4ndert sich personaltechnisch nicht allzu viel im Vergleich zum Schweiz- Spiel, allerdings tauschen Kerner und Ballack mit Bandermann und Mustafi die Rollen und melden sich mit der Moderation aus dem Stadion. Hier kommentiert dann nat\u00fcrlich Wolff Fuss. Aufgrund der Konferenz (<s>Alex Klich kommentiert<\/s> anstelle des geplanten Alexander Klichs \u00fcbernimmt wohl Alexander K\u00fcpper die Konferenz) gibt es keinen Taktik- Feed w\u00e4hrend der Gruppenphase.<\/p>\n\n\n\n<p>Das Parallelspiel in Stuttgart gibt es, wie bereits angesprochen, nur bei Magenta, hier \u00fcbernimmt Christian Stra\u00dfburger den Kommentar.<\/p>\n\n\n\n<p>Am Montag gibt es dann auch nur zwei Partien, das ZDF hat sich f\u00fcr das Duell Kroatien- Italien aus Leipzig entschieden, Oliver Schmidt kommentiert, Jochen Breyer moderiert. Das Duell mit Gruppensieger Spanien \u00fcbertr\u00e4gt neben Magenta <s>voraussichtlich <\/s>auch RTL aus dem K\u00f6lner- Studio und dem D\u00fcsseldorfer- Stadion. <strong><em>Update: <\/em><\/strong>Die genaue Auswahl der weiteren drei RTL- Spiele ist <s>aktuell noch nicht <\/s> mittlerweile ver\u00f6ffentlicht, die anhand des Personals (u.a. Kommentar Wolff Fuss &amp; Marco Hagemann) vorl\u00e4ufige Einteilung war stimmig. <\/p>\n\n\n\n<p>Ab Dienstag finden dann vier Spiele pro Tag statt: Im ZDF gibt es am fr\u00fchen Abend Frankreich \u2013 Polen zu sehen, hier kommentiert Martin Schneider wieder zusammen mit Hanno Balitsch. Field- Reporter in Dortmund d\u00fcrfte unterdessen Florian Zschiedrich sein. Moderatorin im Berliner- Studio wird diesmal M\u00fcller- Hohenstein mit dem gewohnten Duo Kramer\/ Mertesacker sowie Fritzy Kromp sein. Das Team \u00fcbernimmt auch die sp\u00e4te Partie, hier kommentiert dann Claudia Neumann, und da England im Einsatz ist, fungiert Moritz Volz als Co- Kommentator.<\/p>\n\n\n\n<p>Das Parallelspiel dazu d\u00fcrfte l\u00e4uft wohl exklusiv bei der Telekom, kommentieren wird hier Jan Platte. Im Vergleich zum fr\u00fchen Spiel setzt man hier mit Kerner, Ballack, Kemme und Interviewer ein kleineres Team ein, denn bei Niederlande \u2013 \u00d6sterreich melden sich zus\u00e4tzlich noch Papendick und Matth\u00e4us aus dem Olympiastadion.<\/p>\n\n\n\n<p>Am Mittwoch ist dann wieder das Erste dran mit den \u00dcbertragungen, bei Slowakei- Rum\u00e4nien kommt Christina Graf zu ihrem dritten Turniereinsatz, wieder mit Thomas Broich an ihrer Seite. Da die Partie in Frankfurt stattfindet, \u00fcbernimmt Janna Betten die Interviews. Am Abend \u00fcbertr\u00e4gt die ARD dann Tschechien- T\u00fcrkei aus dem Volksparkstadion und setzt passend dazu (mit Ausnahme von Schweinsteiger) auf ein norddeutsches\/NDR- Team, darunter Kommentator Gottlob.<\/p>\n\n\n\n<p>Bei Magenta moderiert Johannes B. Kerner den ganzen Abend \u00fcber mit Tabea Kemme aus dem Studio, f\u00fcr die ARD- Spiele entsendet man wohl nur Benni Zander bzw. Christina Rann zum kommentieren ins Stadion. Die jeweiligen Parallelspiele besetzt man dagegen personell st\u00e4rker und sendet jeweils auch bei RTL. Ukraine- Belgien kommentiert das Duo Hagemann\/ Freund, Papendick und Mustafi melden sich zus\u00e4tzlich noch aus der Stuttgarter Arena. Am Abend kommentiert dann wieder Wolff Fuss, Wontorra und Matth\u00e4us melden sich ebenso aus Gelsenkirchen.<\/p>\n\n\n\n<p>I<s>n der Konferenz wird \u00fcberwiegend Alexander Klich zu h\u00f6ren sein, jeweils ein Einsatz haben dazu Benni Zander und Christian Stra\u00dfburger<\/s>. Urspr\u00fcnglich war Alexander Klich mal f\u00fcr die meisten Konferenzeins\u00e4tze vorgesehen, hier kam es aber mittlerweile zu einer \u00c4nderung, die meisten Konferenzen \u00fcbernimmt nun Alexander K\u00fcpper, am Dienstag \u00fcbernimmt Benni Zander dann beide Konferenzen, ehe am Mittwochabend Stra\u00dfburger einen Konferenz- Einsatz haben wird. <s>wer anstelle von ihm die Konferenz macht, reichen wir schnellstm\u00f6glich nach<\/s>. <\/p>\n\n\n\n<p>Neben der EM hat Sportdigital zudem noch die Copa America im Angebot<\/p>\n\n\n\n<p>Das wars vorerst von mir im Rahmen der Euro, damit w\u00fcnsche ich allen noch eine sch\u00f6ne, fr\u00f6hliche und friedliche EM. Ich hoffe, ihr k\u00f6nnt  euch auf die Spiele fokussieren, sie genie\u00dfen, mitjubeln, mitfiebern&#8230; Am n\u00e4chsten Freitag meldet sich dann Karl mit den Ansetzungen zu den Achtelfinals.<\/p>\n","protected":false},"excerpt":{"rendered":"<p>N&#8217;Abend allerseits, zwei Siege, viel Freude und tolle TV- Quoten, so l\u00e4sst sich der deutsche EM- Auftakt kurz und kompakt zusammenfassen. Ab Sonntag stehen die letzten Gruppenspiele an. Die Spiele einer Gruppe werden dabei immer parallel ausgetragen. W\u00e4hrend die Aufteilung der ersten beiden Gruppenspieltagen bereits im Vorhinein bekannt war, fielen die Free TV- Entscheidungen, wie [&hellip;]<\/p>\n","protected":false},"author":10,"featured_media":0,"comment_status":"open","ping_status":"open","sticky":false,"template":"","format":"standard","meta":{"footnotes":""},"categories":[1132,426],"tags":[246,163,548,1123,517,19,355,21,1149,35,615,657,544,36,512,97,908,1140,272,540,48,39,520,69,737,1147,44,909,935,31,1080,9,893,488,43,67,38,500,109,1121,161,138,76,12,639,247,836,107,37],"class_list":["post-18089","post","type-post","status-publish","format-standard","hentry","category-em-2024","category-laenderspiele","tag-alexander-bommes","tag-alexander-kuepper","tag-almuth-schult","tag-ann-sophie-kimmel-2","tag-anna-kraft","tag-ard","tag-bastian-schweinsteiger","tag-benni-zander","tag-bibiana-steinhaus","tag-christian-strassburger","tag-christina-graf","tag-christina-rann","tag-christoph-kramer","tag-claudia-neumann","tag-em-2024","tag-esther-sedlaczek","tag-florian-zschiedrich","tag-friederike-kromp","tag-gerd-gottlob","tag-hanno-balitsch","tag-jan-platte","tag-jochen-breyer","tag-johannes-b-kerner","tag-jonas-friedrich","tag-kathrin-lehmann","tag-katrin-mueller-hohenstein-2","tag-laura-wontorra","tag-lea-wagner","tag-lena-kesting","tag-lothar-matthaeus","tag-lutz-wagner","tag-magenta-sport","tag-magenta-tv","tag-manuel-baum","tag-marco-hagemann","tag-markus-hoehner","tag-martin-schneider","tag-michael-ballack","tag-oliver-schmidt","tag-owen-hagreaves","tag-per-mertesacker","tag-rtl","tag-ruth-hofmann","tag-sascha-bandermann","tag-tabea-kemme","tag-thomas-broich","tag-tim-borowski","tag-wolff-fuss","tag-zdf"],"_links":{"self":[{"href":"https:\/\/kommentatorenblog.de\/index.php?rest_route=\/wp\/v2\/posts\/18089","targetHints":{"allow":["GET"]}}],"collection":[{"href":"https:\/\/kommentatorenblog.de\/index.php?rest_route=\/wp\/v2\/posts"}],"about":[{"href":"https:\/\/kommentatorenblog.de\/index.php?rest_route=\/wp\/v2\/types\/post"}],"author":[{"embeddable":true,"href":"https:\/\/kommentatorenblog.de\/index.php?rest_route=\/wp\/v2\/users\/10"}],"replies":[{"embeddable":true,"href":"https:\/\/kommentatorenblog.de\/index.php?rest_route=%2Fwp%2Fv2%2Fcomments&post=18089"}],"version-history":[{"count":54,"href":"https:\/\/kommentatorenblog.de\/index.php?rest_route=\/wp\/v2\/posts\/18089\/revisions"}],"predecessor-version":[{"id":18305,"href":"https:\/\/kommentatorenblog.de\/index.php?rest_route=\/wp\/v2\/posts\/18089\/revisions\/18305"}],"wp:attachment":[{"href":"https:\/\/kommentatorenblog.de\/index.php?rest_route=%2Fwp%2Fv2%2Fmedia&parent=18089"}],"wp:term":[{"taxonomy":"category","embeddable":true,"href":"https:\/\/kommentatorenblog.de\/index.php?rest_route=%2Fwp%2Fv2%2Fcategories&post=18089"},{"taxonomy":"post_tag","embeddable":true,"href":"https:\/\/kommentatorenblog.de\/index.php?rest_route=%2Fwp%2Fv2%2Ftags&post=18089"}],"curies":[{"name":"wp","href":"https:\/\/api.w.org\/{rel}","templated":true}]}}