{"id":18130,"date":"2024-06-18T18:55:48","date_gmt":"2024-06-18T17:55:48","guid":{"rendered":"https:\/\/kommentatorenblog.de\/?p=18130"},"modified":"2024-06-24T16:39:19","modified_gmt":"2024-06-24T15:39:19","slug":"1433-ein-fussballfest","status":"publish","type":"post","link":"https:\/\/kommentatorenblog.de\/?p=18130","title":{"rendered":"1433 &#8211; Ein Fu\u00dfballfest"},"content":{"rendered":"\n<p>N&#8217;Abend allerseits,<\/p>\n\n\n\n<p>orange gef\u00e4rbte Stra\u00dfen in Hamburg, rot gef\u00e4rbte in D\u00fcsseldorf, zerbrochene Spaghetti in Dortmund, schottische Kilts in M\u00fcnchen \u2013 die Europameisterschaft macht bereits in den ersten Tagen so viel Stimmung wett, wie bei den vergangenen drei Turnieren (die seelenlose Katar-WM, die etwas einsamere Corona-EM und die uns\u00e4gliche Putin-Propaganda-WM) fehlte. Die n\u00e4chsten Tage u.a. mit der hoffentlich n\u00e4chsten deutschen Party und den Krachern Spanien-Italien und Niederlande-Frankreich lassen das aktuelle Stimmungshoch sicherlich weiter ansteigen und auf dem EM-Funktionsgraphen nur als lokales Maximum erscheinen. <\/p>\n\n\n\n<p>Zur Stimmung tr\u00e4gt sicherlich auch bei, dass die EM im TV via ARD, ZDF, RTL und auch Sky sowie die Telekom-Plattformen omnipr\u00e4sent ist. Doch wer zeigt die EM eigentlich in anderen L\u00e4ndern \u2013 und welches TV-Personal kommt dort zum Einsatz? Eine \u00dcbersicht:<\/p>\n\n\n\n<p><strong><code>Vereinigtes K\u00f6nigreich<\/code><\/strong><\/p>\n\n\n\n<p>\u00dcbertragende Sender: <br>&#8211; <strong>BBC<\/strong>: 27 Spiele. Davon 26 exklusiv (u.a. SRB-ENG, SCO-SUI, DEN-ENG, SCO-HUN, 3 Achtelfinals, 2 Viertelfinals, 1 Halbfinale) sowie das Finale co-exklusiv<br>&#8211; <strong>ITV<\/strong>: 24 Spiele. Davon 23 exklusiv (u.a. GER-SCO, ENG-SVN, 5 Achtelfinals, 2 Viertelfinals, 1 Halbfinale) sowie das Finale co-exklusiv<\/p>\n\n\n\n<p><em>Kommentator:innen: <\/em>Guy Mowbray, Robyn Cowen, Vicki Sparks, Steve Wilson, Steve Bower und Jonathan Pearce (alle BBC) sowie Sam Matterace, Clive Tyldesley, Seb Hutchinson, Pien Meulensteen und Joe Speight (alle ITV)<\/p>\n\n\n\n<p><em>Expert:innen und Co-Kommentator:innen: <\/em>Wayne Rooney, Frank Lampard, Cesc Fabregas, Davied Moyes, Rio Ferdinand, Alan Shearer, Jermaine Jenas, Micah Richards, Thomas Frank, Danny Murphy, Ashley Williams, Joe Hart, James McFadden, Ellen White und Martin Keown (alle BBC) sowie Gary Neville, Roy Keane, Ange Postecoglou, Danny R\u00f6hl, Lee Dixon, Eni Aluko, Ally McCoist, Ian Wright, Graeme Souness, Karen Carney und Andros Townsend (alle ITV)<\/p>\n\n\n\n<p><em>Moderator:innen: <\/em>F\u00fcr die BBC melden sich Gary Lineker, Mark Chapman, Gabby Logan und Alex Scott im Wechsel aus dem Studio in Berlin. F\u00fcr ITV moderieren Mark Pougatch und Laura Woods<\/p>\n\n\n\n<p><strong><code>USA<\/code><\/strong><\/p>\n\n\n\n<p>\u00dcbertragender Sender: <strong>Fox Sports<\/strong>: alle Spiele live.<\/p>\n\n\n\n<p><em>Kommentator:innen: <\/em><br><img loading=\"lazy\" decoding=\"async\" width=\"10\" height=\"21\" class=\"wp-image-3656\" style=\"width: 10px;\" src=\"http:\/\/kommentatorenblog.de\/wp-content\/uploads\/2020\/09\/shure-55sh-ii-e1601485394796.jpg\" alt=\"\" srcset=\"https:\/\/kommentatorenblog.de\/wp-content\/uploads\/2020\/09\/shure-55sh-ii-e1601485394796.jpg 415w, https:\/\/kommentatorenblog.de\/wp-content\/uploads\/2020\/09\/shure-55sh-ii-e1601485394796-142x300.jpg 142w\" sizes=\"auto, (max-width: 10px) 100vw, 10px\" \/> Ian Darke, Experte: Landon Donovan<br><img loading=\"lazy\" decoding=\"async\" width=\"10\" height=\"21\" class=\"wp-image-3656\" style=\"width: 10px;\" src=\"http:\/\/kommentatorenblog.de\/wp-content\/uploads\/2020\/09\/shure-55sh-ii-e1601485394796.jpg\" alt=\"\" srcset=\"https:\/\/kommentatorenblog.de\/wp-content\/uploads\/2020\/09\/shure-55sh-ii-e1601485394796.jpg 415w, https:\/\/kommentatorenblog.de\/wp-content\/uploads\/2020\/09\/shure-55sh-ii-e1601485394796-142x300.jpg 142w\" sizes=\"auto, (max-width: 10px) 100vw, 10px\" \/> Derek Rae, Experte: Robert Green<br><img loading=\"lazy\" decoding=\"async\" width=\"10\" height=\"21\" class=\"wp-image-3656\" style=\"width: 10px;\" src=\"http:\/\/kommentatorenblog.de\/wp-content\/uploads\/2020\/09\/shure-55sh-ii-e1601485394796.jpg\" alt=\"\" srcset=\"https:\/\/kommentatorenblog.de\/wp-content\/uploads\/2020\/09\/shure-55sh-ii-e1601485394796.jpg 415w, https:\/\/kommentatorenblog.de\/wp-content\/uploads\/2020\/09\/shure-55sh-ii-e1601485394796-142x300.jpg 142w\" sizes=\"auto, (max-width: 10px) 100vw, 10px\" \/> Darren Fletcher, Experte: Owen Hargreaves<br><img loading=\"lazy\" decoding=\"async\" width=\"10\" height=\"21\" class=\"wp-image-3656\" style=\"width: 10px;\" src=\"http:\/\/kommentatorenblog.de\/wp-content\/uploads\/2020\/09\/shure-55sh-ii-e1601485394796.jpg\" alt=\"\" srcset=\"https:\/\/kommentatorenblog.de\/wp-content\/uploads\/2020\/09\/shure-55sh-ii-e1601485394796.jpg 415w, https:\/\/kommentatorenblog.de\/wp-content\/uploads\/2020\/09\/shure-55sh-ii-e1601485394796-142x300.jpg 142w\" sizes=\"auto, (max-width: 10px) 100vw, 10px\" \/> Jacqui Oatley, Experte: Warren Barton<\/p>\n\n\n\n<p><em>Moderation: <\/em>Jules Breach aus dem Studio in Los Angeles<\/p>\n\n\n\n<p><em>Expert:innen: <\/em>Ariane Hingst, Giorgio Chiellini, Daniel Sturridge, Peter Schmeichel, Alexi Lalas und Maurice Edu<\/p>\n\n\n\n<p><strong><code>\u00d6sterreich<\/code><\/strong><\/p>\n\n\n\n<p>\u00dcbertragende Sender: <br>&#8211; <strong>ServusTV<\/strong>: 31 Spiele (alle exklusiv, u.a. alle \u00d6sterreich-Spiele, Er\u00f6ffnungsspiel, beide Halbfinals, Finale)<br>&#8211; <strong>ORF 1<\/strong>: 20 Spiele (alle exklusiv, u.a. je zwei Achtel- und Viertelfinals)<\/p>\n\n\n\n<p><em>Kommentator:innen: <\/em>Michael Wanits, Philipp Krummholz, Christian Brugger und Kevin Piticev (alle ServusTV) sowie Oliver Polzer, Thomas K\u00f6nig, Boris Kastner-Jirka und Daniel Warmuth (alle ORF)<\/p>\n\n\n\n<p><em>Moderator:innen: <\/em>F\u00fcr ServusTV melden sich Alina Marzi, Christian Nehiba und Christian Baier aus dem Studio in Salzburg, f\u00fcr ORF1 Rainer Pariasek, Alina Zellhofer und Bernhard St\u00f6hr aus dem neuen ORF-Sportstudio.<\/p>\n\n\n\n<p><em>Expert:innen: <\/em>Jan Age Fj\u00f6rtoft, Steffen Freund, Zlatko Junuzovic, Martin Harnik, Florian Klein und Sebastian Pr\u00f6dl (alle ServusTV) sowie Herbert Prohaska, Viktoria Schnaderbeck, Helge Payer und Roman M\u00e4hlich (alle ORF)<\/p>\n\n\n\n<hr class=\"wp-block-separator is-style-default\"\/>\n\n\n\n<p>Damit wieder zu den deutschen Ansetzungen. Wir blicken auf die n\u00e4chsten Tage:<\/p>\n\n\n\n<hr class=\"wp-block-separator is-style-default\"\/>\n\n\n\n<p><strong>Die Ansetzungen vom 19. Juni 2024 bis 22. Juni 2024:<\/strong><\/p>\n\n\n\n<hr class=\"wp-block-separator is-style-default\"\/>\n\n\n\n<p><strong>Europameisterschaft 2024, 2. Spieltag (MagentaTV\/ARD\/ZDF\/RTL)<\/strong><\/p>\n\n\n\n<p><span style=\"text-decoration: underline;\">Mittwoch, 19. Juni 2024, ab 13.30 Uhr (MagentaTV) bzw. ab 14.00 Uhr (RTL)<\/span><\/p>\n\n\n\n<p><strong><em>Kroatien \u2013 Albanien (15.00 Uhr)<\/em><\/strong><\/p>\n\n\n\n<p><img loading=\"lazy\" decoding=\"async\" width=\"10\" height=\"21\" class=\"wp-image-3656\" style=\"width: 10px;\" src=\"http:\/\/kommentatorenblog.de\/wp-content\/uploads\/2020\/09\/shure-55sh-ii-e1601485394796.jpg\" alt=\"\" srcset=\"https:\/\/kommentatorenblog.de\/wp-content\/uploads\/2020\/09\/shure-55sh-ii-e1601485394796.jpg 415w, https:\/\/kommentatorenblog.de\/wp-content\/uploads\/2020\/09\/shure-55sh-ii-e1601485394796-142x300.jpg 142w\" sizes=\"auto, (max-width: 10px) 100vw, 10px\" \/> <em>MagentaTV\/RTL: <\/em>Marco Hagemann, Experte: Steffen Freund<br>Field-Reporterin (<em>MagentaTV\/RTL<\/em>): Anna Sara Lange<br>Moderation Stadion (<em>MagentaTV\/RTL<\/em>): Laura Papendick, Experte: Lothar Matth\u00e4us<br>Moderation Studio (<em>MagentaTV\/RTL<\/em>): Laura Wontorra, Experte: Shkodran Mustafi<\/p>\n\n\n\n<p><span style=\"text-decoration: underline;\">ab 17.05 Uhr (ARD) bzw. ab 17.15 Uhr (MagentaTV)<\/span><\/p>\n\n\n\n<p><strong><em>Deutschland \u2013 Ungarn (18.00 Uhr)<\/em><\/strong><\/p>\n\n\n\n<p><img loading=\"lazy\" decoding=\"async\" width=\"10\" height=\"21\" class=\"wp-image-3656\" style=\"width: 10px;\" src=\"http:\/\/kommentatorenblog.de\/wp-content\/uploads\/2020\/09\/shure-55sh-ii-e1601485394796.jpg\" alt=\"\" srcset=\"https:\/\/kommentatorenblog.de\/wp-content\/uploads\/2020\/09\/shure-55sh-ii-e1601485394796.jpg 415w, https:\/\/kommentatorenblog.de\/wp-content\/uploads\/2020\/09\/shure-55sh-ii-e1601485394796-142x300.jpg 142w\" sizes=\"auto, (max-width: 10px) 100vw, 10px\" \/> <em>ARD: <\/em>Tom Bartels, Expertin: Almuth Schult<br>Field-Reporterin (<em>ARD<\/em>): Lea Wagner<br>Moderation Stadion (<em>ARD<\/em>): Alexander Bommes, Experte: Bastian Schweinsteiger<\/p>\n\n\n\n<p><img loading=\"lazy\" decoding=\"async\" width=\"10\" height=\"21\" class=\"wp-image-3656\" style=\"width: 10px;\" src=\"http:\/\/kommentatorenblog.de\/wp-content\/uploads\/2020\/09\/shure-55sh-ii-e1601485394796.jpg\" alt=\"\" srcset=\"https:\/\/kommentatorenblog.de\/wp-content\/uploads\/2020\/09\/shure-55sh-ii-e1601485394796.jpg 415w, https:\/\/kommentatorenblog.de\/wp-content\/uploads\/2020\/09\/shure-55sh-ii-e1601485394796-142x300.jpg 142w\" sizes=\"auto, (max-width: 10px) 100vw, 10px\" \/> <em>MagentaTV: <\/em>Wolff Fuss, Experte: Robin Gosens<br><img loading=\"lazy\" decoding=\"async\" width=\"10\" height=\"21\" class=\"wp-image-3656\" style=\"width: 10px;\" src=\"http:\/\/kommentatorenblog.de\/wp-content\/uploads\/2020\/09\/shure-55sh-ii-e1601485394796.jpg\" alt=\"\" srcset=\"https:\/\/kommentatorenblog.de\/wp-content\/uploads\/2020\/09\/shure-55sh-ii-e1601485394796.jpg 415w, https:\/\/kommentatorenblog.de\/wp-content\/uploads\/2020\/09\/shure-55sh-ii-e1601485394796-142x300.jpg 142w\" sizes=\"auto, (max-width: 10px) 100vw, 10px\" \/> <em>MagentaTV (Taktik-Feed): <\/em>Benni Zander, Experte: Shkodran Mustafi<br>Field-Reporter:innen (<em>MagentaTV<\/em>): Anna Kraft &amp; Thomas Wagner<br>Moderation Stadion (<em>MagentaTV<\/em>): Sascha Bandermann, Expertin: Tabea Kemme<br>Moderation Studio (<em>MagentaTV<\/em>): Johannes B. Kerner, Experten: Michael Ballack &amp; Shkodran Mustafi<\/p>\n\n\n\n<p><span style=\"text-decoration: underline;\">ab 20.35 Uhr (ARD) bzw. ab 20.15 Uhr (MagentaTV)<\/span><\/p>\n\n\n\n<p><strong><em>Schottland \u2013 Schweiz (21.00 Uhr)<\/em><\/strong><\/p>\n\n\n\n<p><img loading=\"lazy\" decoding=\"async\" width=\"10\" height=\"21\" class=\"wp-image-3656\" style=\"width: 10px;\" src=\"http:\/\/kommentatorenblog.de\/wp-content\/uploads\/2020\/09\/shure-55sh-ii-e1601485394796.jpg\" alt=\"\" srcset=\"https:\/\/kommentatorenblog.de\/wp-content\/uploads\/2020\/09\/shure-55sh-ii-e1601485394796.jpg 415w, https:\/\/kommentatorenblog.de\/wp-content\/uploads\/2020\/09\/shure-55sh-ii-e1601485394796-142x300.jpg 142w\" sizes=\"auto, (max-width: 10px) 100vw, 10px\" \/> <em>ARD: <\/em>Christina Graf, Experte: Thomas Broich<br>Field-Reporterin (<em>ARD<\/em>): Janna Betten<br>Moderation Stadion (<em>ARD<\/em>): Esther Sedlaczek, Experte: Thomas Hitzlsperger<\/p>\n\n\n\n<p><img loading=\"lazy\" decoding=\"async\" width=\"10\" height=\"21\" class=\"wp-image-3656\" style=\"width: 10px;\" src=\"http:\/\/kommentatorenblog.de\/wp-content\/uploads\/2020\/09\/shure-55sh-ii-e1601485394796.jpg\" alt=\"\" srcset=\"https:\/\/kommentatorenblog.de\/wp-content\/uploads\/2020\/09\/shure-55sh-ii-e1601485394796.jpg 415w, https:\/\/kommentatorenblog.de\/wp-content\/uploads\/2020\/09\/shure-55sh-ii-e1601485394796-142x300.jpg 142w\" sizes=\"auto, (max-width: 10px) 100vw, 10px\" \/> <em>MagentaTV: <\/em>Christian Stra\u00dfburger, Experte: Tim Borowski<br>Field-Reporterin (<em>MagentaTV<\/em>): Ruth Hofmann<br>Moderation Studio (<em>MagentaTV<\/em>): Johannes B. Kerner, Experte: Michael Ballack<\/p>\n\n\n\n<p><span style=\"text-decoration: underline;\">Donnerstag, 20. Juni 2024, ab 13.30 Uhr (MagentaTV)<\/span><\/p>\n\n\n\n<p><strong><em>Slowenien \u2013 Serbien (15.00 Uhr)<\/em><\/strong><\/p>\n\n\n\n<p><img loading=\"lazy\" decoding=\"async\" width=\"10\" height=\"21\" class=\"wp-image-3656\" style=\"width: 10px;\" src=\"http:\/\/kommentatorenblog.de\/wp-content\/uploads\/2020\/09\/shure-55sh-ii-e1601485394796.jpg\" alt=\"\" srcset=\"https:\/\/kommentatorenblog.de\/wp-content\/uploads\/2020\/09\/shure-55sh-ii-e1601485394796.jpg 415w, https:\/\/kommentatorenblog.de\/wp-content\/uploads\/2020\/09\/shure-55sh-ii-e1601485394796-142x300.jpg 142w\" sizes=\"auto, (max-width: 10px) 100vw, 10px\" \/> <em>MagentaTV: <\/em>Jonas Friedrich, Experte: Robin Gosens<br>Field-Reporterin (<em>MagentaTV<\/em>): Anna Kraft<br>Moderation Studio (<em>MagentaTV<\/em>): Laura Wontorra, Expertin: Tabea Kemme<\/p>\n\n\n\n<p><span style=\"text-decoration: underline;\">ab 17.05 Uhr (ZDF) bzw. ab 17.15 Uhr (MagentaTV)<\/span><\/p>\n\n\n\n<p><strong><em>D\u00e4nemark \u2013 England (18.00 Uhr)<\/em><\/strong><\/p>\n\n\n\n<p><img loading=\"lazy\" decoding=\"async\" width=\"10\" height=\"21\" class=\"wp-image-3656\" style=\"width: 10px;\" src=\"http:\/\/kommentatorenblog.de\/wp-content\/uploads\/2020\/09\/shure-55sh-ii-e1601485394796.jpg\" alt=\"\" srcset=\"https:\/\/kommentatorenblog.de\/wp-content\/uploads\/2020\/09\/shure-55sh-ii-e1601485394796.jpg 415w, https:\/\/kommentatorenblog.de\/wp-content\/uploads\/2020\/09\/shure-55sh-ii-e1601485394796-142x300.jpg 142w\" sizes=\"auto, (max-width: 10px) 100vw, 10px\" \/> <em>ZDF: <\/em>Claudia Neumann, Experte: Moritz Volz<br>Field-Reporter (<em>ZDF<\/em>): Florian Zschiedrich<br>Moderation Studio (<em>ZDF<\/em>): Jochen Breyer, Expert:innen: Per Mertesacker, Laura Freigang &amp; Christoph Kramer<\/p>\n\n\n\n<p><img loading=\"lazy\" decoding=\"async\" width=\"10\" height=\"21\" class=\"wp-image-3656\" style=\"width: 10px;\" src=\"http:\/\/kommentatorenblog.de\/wp-content\/uploads\/2020\/09\/shure-55sh-ii-e1601485394796.jpg\" alt=\"\" srcset=\"https:\/\/kommentatorenblog.de\/wp-content\/uploads\/2020\/09\/shure-55sh-ii-e1601485394796.jpg 415w, https:\/\/kommentatorenblog.de\/wp-content\/uploads\/2020\/09\/shure-55sh-ii-e1601485394796-142x300.jpg 142w\" sizes=\"auto, (max-width: 10px) 100vw, 10px\" \/> <em>MagentaTV: <\/em>Markus H\u00f6hner<br>Moderation Studio (<em>MagentaTV<\/em>): Johannes B. Kerner, Experten: Michael Ballack &amp; Tabea Kemme<\/p>\n\n\n\n<p><span style=\"text-decoration: underline;\">ab 20.00 Uhr (ZDF) bzw. ab 20.15 Uhr (MagentaTV)<\/span><\/p>\n\n\n\n<p><strong><em>Spanien \u2013 Italien (21.00 Uhr)<\/em><\/strong><\/p>\n\n\n\n<p><img loading=\"lazy\" decoding=\"async\" width=\"10\" height=\"21\" class=\"wp-image-3656\" style=\"width: 10px;\" src=\"http:\/\/kommentatorenblog.de\/wp-content\/uploads\/2020\/09\/shure-55sh-ii-e1601485394796.jpg\" alt=\"\" srcset=\"https:\/\/kommentatorenblog.de\/wp-content\/uploads\/2020\/09\/shure-55sh-ii-e1601485394796.jpg 415w, https:\/\/kommentatorenblog.de\/wp-content\/uploads\/2020\/09\/shure-55sh-ii-e1601485394796-142x300.jpg 142w\" sizes=\"auto, (max-width: 10px) 100vw, 10px\" \/> <em>ZDF: <\/em>Oliver Schmidt<br>Field-Reporterin (<em>ZDF<\/em>): Lena Kesting<br>Moderation Studio (<em>ZDF<\/em>): Jochen Breyer, Expert:innen: Per Mertesacker, Laura Freigang &amp; Christoph Kramer, Gast: Giovanni Zarrella<\/p>\n\n\n\n<p><img loading=\"lazy\" decoding=\"async\" width=\"10\" height=\"21\" class=\"wp-image-3656\" style=\"width: 10px;\" src=\"http:\/\/kommentatorenblog.de\/wp-content\/uploads\/2020\/09\/shure-55sh-ii-e1601485394796.jpg\" alt=\"\" srcset=\"https:\/\/kommentatorenblog.de\/wp-content\/uploads\/2020\/09\/shure-55sh-ii-e1601485394796.jpg 415w, https:\/\/kommentatorenblog.de\/wp-content\/uploads\/2020\/09\/shure-55sh-ii-e1601485394796-142x300.jpg 142w\" sizes=\"auto, (max-width: 10px) 100vw, 10px\" \/> <em>MagentaTV: <\/em>Wolff Fuss<br><img loading=\"lazy\" decoding=\"async\" width=\"10\" height=\"21\" class=\"wp-image-3656\" style=\"width: 10px;\" src=\"http:\/\/kommentatorenblog.de\/wp-content\/uploads\/2020\/09\/shure-55sh-ii-e1601485394796.jpg\" alt=\"\" srcset=\"https:\/\/kommentatorenblog.de\/wp-content\/uploads\/2020\/09\/shure-55sh-ii-e1601485394796.jpg 415w, https:\/\/kommentatorenblog.de\/wp-content\/uploads\/2020\/09\/shure-55sh-ii-e1601485394796-142x300.jpg 142w\" sizes=\"auto, (max-width: 10px) 100vw, 10px\" \/> <em>MagentaTV (Taktik-Feed): <\/em>Benni Zander, Experte: Manuel Baum<br>Field-Reporterin (<em>MagentaTV<\/em>): Ruth Hofmann<br>Moderation Studio (<em>MagentaTV<\/em>): Johannes B. Kerner, Experte: Michael Ballack<\/p>\n\n\n\n<p><span style=\"text-decoration: underline;\">Freitag, 21. Juni 2024, ab 13.30 Uhr (MagentaTV) bzw. ab 14.00 Uhr (RTL)<\/span><\/p>\n\n\n\n<p><strong><em>Slowakei \u2013 Ukraine (15.00 Uhr)<\/em><\/strong><\/p>\n\n\n\n<p><img loading=\"lazy\" decoding=\"async\" width=\"10\" height=\"21\" class=\"wp-image-3656\" style=\"width: 10px;\" src=\"http:\/\/kommentatorenblog.de\/wp-content\/uploads\/2020\/09\/shure-55sh-ii-e1601485394796.jpg\" alt=\"\" srcset=\"https:\/\/kommentatorenblog.de\/wp-content\/uploads\/2020\/09\/shure-55sh-ii-e1601485394796.jpg 415w, https:\/\/kommentatorenblog.de\/wp-content\/uploads\/2020\/09\/shure-55sh-ii-e1601485394796-142x300.jpg 142w\" sizes=\"auto, (max-width: 10px) 100vw, 10px\" \/> <em>MagentaTV\/RTL: <\/em>Marco Hagemann<br>Field-Reporterin (<em>MagentaTV\/RTL<\/em>): Laura Papendick<br>Moderation Stadion (<em>MagentaTV\/RTL<\/em>): Florian K\u00f6nig, Experte: Lothar Matth\u00e4us<br>Moderation Studio (<em>MagentaTV\/RTL<\/em>): Laura Wontorra, Experte: Owen Hargreaves<\/p>\n\n\n\n<p><span style=\"text-decoration: underline;\">ab 17.05 Uhr (ARD) bzw. ab 17.15 Uhr (MagentaTV)<\/span><\/p>\n\n\n\n<p><strong><em>Polen \u2013 \u00d6sterreich (18.00 Uhr)<\/em><\/strong><\/p>\n\n\n\n<p><img loading=\"lazy\" decoding=\"async\" width=\"10\" height=\"21\" class=\"wp-image-3656\" style=\"width: 10px;\" src=\"http:\/\/kommentatorenblog.de\/wp-content\/uploads\/2020\/09\/shure-55sh-ii-e1601485394796.jpg\" alt=\"\" srcset=\"https:\/\/kommentatorenblog.de\/wp-content\/uploads\/2020\/09\/shure-55sh-ii-e1601485394796.jpg 415w, https:\/\/kommentatorenblog.de\/wp-content\/uploads\/2020\/09\/shure-55sh-ii-e1601485394796-142x300.jpg 142w\" sizes=\"auto, (max-width: 10px) 100vw, 10px\" \/> <em>ARD: <\/em>Gerd Gottlob, Experte: Thomas Broich<br>Field-Reporter (<em>ARD<\/em>): Ben Wozny<br>Moderation Stadion (<em>ARD<\/em>): Alexander Bommes, Expertin: Almuth Schult<\/p>\n\n\n\n<p><img loading=\"lazy\" decoding=\"async\" width=\"10\" height=\"21\" class=\"wp-image-3656\" style=\"width: 10px;\" src=\"http:\/\/kommentatorenblog.de\/wp-content\/uploads\/2020\/09\/shure-55sh-ii-e1601485394796.jpg\" alt=\"\" srcset=\"https:\/\/kommentatorenblog.de\/wp-content\/uploads\/2020\/09\/shure-55sh-ii-e1601485394796.jpg 415w, https:\/\/kommentatorenblog.de\/wp-content\/uploads\/2020\/09\/shure-55sh-ii-e1601485394796-142x300.jpg 142w\" sizes=\"auto, (max-width: 10px) 100vw, 10px\" \/> <em>MagentaTV: <\/em>Christina Rann<br>Moderation Studio (<em>MagentaTV<\/em>): Sascha Bandermann, Experten: Michael Ballack &amp; Owen Hargreaves<\/p>\n\n\n\n<p><span style=\"text-decoration: underline;\">ab 20.35 Uhr (ARD) bzw. ab 20.15 Uhr (MagentaTV)<\/span><\/p>\n\n\n\n<p><strong><em>Niederlande \u2013 Frankreich (21.00 Uhr)<\/em><\/strong><\/p>\n\n\n\n<p><img loading=\"lazy\" decoding=\"async\" width=\"10\" height=\"21\" class=\"wp-image-3656\" style=\"width: 10px;\" src=\"http:\/\/kommentatorenblog.de\/wp-content\/uploads\/2020\/09\/shure-55sh-ii-e1601485394796.jpg\" alt=\"\" srcset=\"https:\/\/kommentatorenblog.de\/wp-content\/uploads\/2020\/09\/shure-55sh-ii-e1601485394796.jpg 415w, https:\/\/kommentatorenblog.de\/wp-content\/uploads\/2020\/09\/shure-55sh-ii-e1601485394796-142x300.jpg 142w\" sizes=\"auto, (max-width: 10px) 100vw, 10px\" \/> <em>ARD: <\/em>Tom Bartels, Experte: Thomas Hitzlsperger<br>Field-Reporter (<em>ARD<\/em>): Janna Betten<br>Moderation Stadion (<em>ARD<\/em>): Esther Sedlaczek, Experte: Bastian Schweinsteiger<\/p>\n\n\n\n<p><img loading=\"lazy\" decoding=\"async\" width=\"10\" height=\"21\" class=\"wp-image-3656\" style=\"width: 10px;\" src=\"http:\/\/kommentatorenblog.de\/wp-content\/uploads\/2020\/09\/shure-55sh-ii-e1601485394796.jpg\" alt=\"\" srcset=\"https:\/\/kommentatorenblog.de\/wp-content\/uploads\/2020\/09\/shure-55sh-ii-e1601485394796.jpg 415w, https:\/\/kommentatorenblog.de\/wp-content\/uploads\/2020\/09\/shure-55sh-ii-e1601485394796-142x300.jpg 142w\" sizes=\"auto, (max-width: 10px) 100vw, 10px\" \/> <em>MagentaTV: <\/em>Christian Stra\u00dfburger<br><img loading=\"lazy\" decoding=\"async\" width=\"10\" height=\"21\" class=\"wp-image-3656\" style=\"width: 10px;\" src=\"http:\/\/kommentatorenblog.de\/wp-content\/uploads\/2020\/09\/shure-55sh-ii-e1601485394796.jpg\" alt=\"\" srcset=\"https:\/\/kommentatorenblog.de\/wp-content\/uploads\/2020\/09\/shure-55sh-ii-e1601485394796.jpg 415w, https:\/\/kommentatorenblog.de\/wp-content\/uploads\/2020\/09\/shure-55sh-ii-e1601485394796-142x300.jpg 142w\" sizes=\"auto, (max-width: 10px) 100vw, 10px\" \/> <em>MagentaTV (Taktik-Feed): <\/em>Jan Platte, Experte: Tim Borowski<br>Field-Reporterin (<em>MagentaTV<\/em>): Anna Sara Lange<br>Moderation Studio (<em>MagentaTV<\/em>): Sascha Bandermann, Experte: Michael Ballack<\/p>\n\n\n\n<p><span style=\"text-decoration: underline;\">Samstag, 22. Juni 2024, ab 13.30 Uhr (MagentaTV\/RTL)<\/span><\/p>\n\n\n\n<p><strong><em>Georgien \u2013 Tschechien (15.00 Uhr)<\/em><\/strong><\/p>\n\n\n\n<p><img loading=\"lazy\" decoding=\"async\" width=\"10\" height=\"21\" class=\"wp-image-3656\" style=\"width: 10px;\" src=\"http:\/\/kommentatorenblog.de\/wp-content\/uploads\/2020\/09\/shure-55sh-ii-e1601485394796.jpg\" alt=\"\" srcset=\"https:\/\/kommentatorenblog.de\/wp-content\/uploads\/2020\/09\/shure-55sh-ii-e1601485394796.jpg 415w, https:\/\/kommentatorenblog.de\/wp-content\/uploads\/2020\/09\/shure-55sh-ii-e1601485394796-142x300.jpg 142w\" sizes=\"auto, (max-width: 10px) 100vw, 10px\" \/> <em>MagentaTV\/RTL: <\/em>Marco Hagemann, Experte: Steffen Freund<br>Field-Reporterin (<em>MagentaTV\/RTL<\/em>): Anna Kraft<br>Moderation Stadion (<em>MagentaTV\/RTL<\/em>): Florian K\u00f6nig, Experte: Lothar Matth\u00e4us<br>Moderation Studio (<em>MagentaTV\/RTL<\/em>): Laura Wontorra, Experte: Shkodran Mustafi<\/p>\n\n\n\n<p><span style=\"text-decoration: underline;\">ab 17.05 Uhr (ZDF) bzw. ab 17.15 Uhr (MagentaTV)<\/span><\/p>\n\n\n\n<p><strong><em>T\u00fcrkei\u2013 Portugal (18.00 Uhr)<\/em><\/strong><\/p>\n\n\n\n<p><img loading=\"lazy\" decoding=\"async\" width=\"10\" height=\"21\" class=\"wp-image-3656\" style=\"width: 10px;\" src=\"http:\/\/kommentatorenblog.de\/wp-content\/uploads\/2020\/09\/shure-55sh-ii-e1601485394796.jpg\" alt=\"\" srcset=\"https:\/\/kommentatorenblog.de\/wp-content\/uploads\/2020\/09\/shure-55sh-ii-e1601485394796.jpg 415w, https:\/\/kommentatorenblog.de\/wp-content\/uploads\/2020\/09\/shure-55sh-ii-e1601485394796-142x300.jpg 142w\" sizes=\"auto, (max-width: 10px) 100vw, 10px\" \/> <em>ZDF: <\/em>Oliver Schmidt<br>Field-Reporter (<em>ZDF<\/em>): Thomas Skulski<br>Moderation Studio (<em>ZDF<\/em>): Katrin M\u00fcller-Hohenstein, Expert:innen: Per Mertesacker, <s>Laura Freigang<\/s> Friederike Kromp &amp; Christoph Kramer<\/p>\n\n\n\n<p><img loading=\"lazy\" decoding=\"async\" width=\"10\" height=\"21\" class=\"wp-image-3656\" style=\"width: 10px;\" src=\"http:\/\/kommentatorenblog.de\/wp-content\/uploads\/2020\/09\/shure-55sh-ii-e1601485394796.jpg\" alt=\"\" srcset=\"https:\/\/kommentatorenblog.de\/wp-content\/uploads\/2020\/09\/shure-55sh-ii-e1601485394796.jpg 415w, https:\/\/kommentatorenblog.de\/wp-content\/uploads\/2020\/09\/shure-55sh-ii-e1601485394796-142x300.jpg 142w\" sizes=\"auto, (max-width: 10px) 100vw, 10px\" \/> <em>MagentaTV: <\/em>Jonas Friedrich, Experte: Patrick Ittrich<br><img loading=\"lazy\" decoding=\"async\" width=\"10\" height=\"21\" class=\"wp-image-3656\" style=\"width: 10px;\" src=\"http:\/\/kommentatorenblog.de\/wp-content\/uploads\/2020\/09\/shure-55sh-ii-e1601485394796.jpg\" alt=\"\" srcset=\"https:\/\/kommentatorenblog.de\/wp-content\/uploads\/2020\/09\/shure-55sh-ii-e1601485394796.jpg 415w, https:\/\/kommentatorenblog.de\/wp-content\/uploads\/2020\/09\/shure-55sh-ii-e1601485394796-142x300.jpg 142w\" sizes=\"auto, (max-width: 10px) 100vw, 10px\" \/> <em>MagentaTV (Taktik-Feed): <\/em>Benni Zander, Experte: Manuel Baum<br>Moderation Studio (<em>MagentaTV<\/em>): Johannes B. Kerner, Experten: Shkodran Mustafi &amp; Owen Hargreaves<\/p>\n\n\n\n<p><span style=\"text-decoration: underline;\">ab 20.00 Uhr (ZDF) bzw. ab 20.15 Uhr (MagentaTV)<\/span><\/p>\n\n\n\n<p><strong><em>Belgien \u2013 Rum\u00e4nien (21.00 Uhr)<\/em><\/strong><\/p>\n\n\n\n<p><img loading=\"lazy\" decoding=\"async\" width=\"10\" height=\"21\" class=\"wp-image-3656\" style=\"width: 10px;\" src=\"http:\/\/kommentatorenblog.de\/wp-content\/uploads\/2020\/09\/shure-55sh-ii-e1601485394796.jpg\" alt=\"\" srcset=\"https:\/\/kommentatorenblog.de\/wp-content\/uploads\/2020\/09\/shure-55sh-ii-e1601485394796.jpg 415w, https:\/\/kommentatorenblog.de\/wp-content\/uploads\/2020\/09\/shure-55sh-ii-e1601485394796-142x300.jpg 142w\" sizes=\"auto, (max-width: 10px) 100vw, 10px\" \/> <em>ZDF: <\/em>Martin Schneider, Experte: Hanno Balitsch<br>Field-Reporterin (<em>ZDF<\/em>): Lena Kesting<br>Moderation Studio (<em>ZDF<\/em>): Katrin M\u00fcller-Hohenstein, Expert:innen: Per Mertesacker, <s>Laura Freigang<\/s> Friederike Kromp &amp; Christoph Kramer<\/p>\n\n\n\n<p><img loading=\"lazy\" decoding=\"async\" width=\"10\" height=\"21\" class=\"wp-image-3656\" style=\"width: 10px;\" src=\"http:\/\/kommentatorenblog.de\/wp-content\/uploads\/2020\/09\/shure-55sh-ii-e1601485394796.jpg\" alt=\"\" srcset=\"https:\/\/kommentatorenblog.de\/wp-content\/uploads\/2020\/09\/shure-55sh-ii-e1601485394796.jpg 415w, https:\/\/kommentatorenblog.de\/wp-content\/uploads\/2020\/09\/shure-55sh-ii-e1601485394796-142x300.jpg 142w\" sizes=\"auto, (max-width: 10px) 100vw, 10px\" \/> <em>MagentaTV: <\/em>Jan Platte, Experte: Tim Borowski<br>Field-Reporterin (<em>MagentaTV<\/em>): Ruth Hofmann<br>Moderation Studio (<em>MagentaTV<\/em>): Johannes B. Kerner, Experte: Owen Hargreaves<\/p>\n\n\n\n<hr class=\"wp-block-separator is-style-default\"\/>\n\n\n\n<p><strong>Copa Am\u00e9rica 2024, 1. Spieltag (Sportdigital Fu\u00dfball)<\/strong><\/p>\n\n\n\n<p><span style=\"text-decoration: underline;\">Freitag, 21. Juni 2024, ab 01.30 Uhr<\/span><\/p>\n\n\n\n<p><strong><em>Argentinien \u2013 Kanada (02.00 Uhr)<\/em><\/strong><br><img loading=\"lazy\" decoding=\"async\" width=\"10\" height=\"21\" class=\"wp-image-3656\" style=\"width: 10px;\" src=\"http:\/\/kommentatorenblog.de\/wp-content\/uploads\/2020\/09\/shure-55sh-ii-e1601485394796.jpg\" alt=\"\" srcset=\"https:\/\/kommentatorenblog.de\/wp-content\/uploads\/2020\/09\/shure-55sh-ii-e1601485394796.jpg 415w, https:\/\/kommentatorenblog.de\/wp-content\/uploads\/2020\/09\/shure-55sh-ii-e1601485394796-142x300.jpg 142w\" sizes=\"auto, (max-width: 10px) 100vw, 10px\" \/> Marvin Kirsch<\/p>\n\n\n\n<p><span style=\"text-decoration: underline;\">Samstag, 22. Juni 2024, ab 01.45 Uhr<\/span><\/p>\n\n\n\n<p><strong><em>Peru \u2013 Chile (02.00 Uhr)<\/em><\/strong><br><img loading=\"lazy\" decoding=\"async\" width=\"10\" height=\"21\" class=\"wp-image-3656\" style=\"width: 10px;\" src=\"http:\/\/kommentatorenblog.de\/wp-content\/uploads\/2020\/09\/shure-55sh-ii-e1601485394796.jpg\" alt=\"\" srcset=\"https:\/\/kommentatorenblog.de\/wp-content\/uploads\/2020\/09\/shure-55sh-ii-e1601485394796.jpg 415w, https:\/\/kommentatorenblog.de\/wp-content\/uploads\/2020\/09\/shure-55sh-ii-e1601485394796-142x300.jpg 142w\" sizes=\"auto, (max-width: 10px) 100vw, 10px\" \/> Martin Hahn<\/p>\n\n\n\n<p><span style=\"text-decoration: underline;\">ab 23.45 Uhr<\/span><\/p>\n\n\n\n<p><strong><em>Ecuador \u2013 Venzuela (So, 00.00 Uhr)<\/em><\/strong><br><img loading=\"lazy\" decoding=\"async\" width=\"10\" height=\"21\" class=\"wp-image-3656\" style=\"width: 10px;\" src=\"http:\/\/kommentatorenblog.de\/wp-content\/uploads\/2020\/09\/shure-55sh-ii-e1601485394796.jpg\" alt=\"\" srcset=\"https:\/\/kommentatorenblog.de\/wp-content\/uploads\/2020\/09\/shure-55sh-ii-e1601485394796.jpg 415w, https:\/\/kommentatorenblog.de\/wp-content\/uploads\/2020\/09\/shure-55sh-ii-e1601485394796-142x300.jpg 142w\" sizes=\"auto, (max-width: 10px) 100vw, 10px\" \/> <s>Moritz Knorr<\/s> Martin Hahn<\/p>\n\n\n\n<p><span style=\"text-decoration: underline;\">Sonntag, 23. Juni 2024, ab 02.45 Uhr<\/span><\/p>\n\n\n\n<p><strong><em>Mexiko \u2013 Jamaika (03.00 Uhr)<\/em><\/strong><br><img loading=\"lazy\" decoding=\"async\" width=\"10\" height=\"21\" class=\"wp-image-3656\" style=\"width: 10px;\" src=\"http:\/\/kommentatorenblog.de\/wp-content\/uploads\/2020\/09\/shure-55sh-ii-e1601485394796.jpg\" alt=\"\" srcset=\"https:\/\/kommentatorenblog.de\/wp-content\/uploads\/2020\/09\/shure-55sh-ii-e1601485394796.jpg 415w, https:\/\/kommentatorenblog.de\/wp-content\/uploads\/2020\/09\/shure-55sh-ii-e1601485394796-142x300.jpg 142w\" sizes=\"auto, (max-width: 10px) 100vw, 10px\" \/> Max Giesen<\/p>\n\n\n\n<hr class=\"wp-block-separator is-style-default\"\/>\n\n\n\n<p><strong><code>ANALYSE<\/code><\/strong><\/p>\n\n\n\n<p><strong>Die EM-Spiele um 15 Uhr: Weiterhin mit Marco Hagemann<\/strong><\/p>\n\n\n\n<p>Nach Sonntag und Montag folgen am Mittwoch, Freitag und Samstag die n\u00e4chsten Spiele, die RTL simultan mit MagentaTV ausstrahlt (auch wenn die Werbefenster unterschiedlich bespielt werden). W\u00e4hrend Wolff Fuss den Auftakt bei RTL machte, kommentiert die n\u00e4chsten drei RTL-Spiele wie schon gestern und heute Marco Hagemann. Nach dessen EM-Auftakt in Berlin, M\u00fcnchen und Dortmund geht nun die Reise f\u00fcr den RTL- und Magenta-Kommentatoren weiter mit zwei Stopps in Hamburg und einem in D\u00fcsseldorf. Bei beiden Spielen in der Hansestadt ist Steffen Freund Co-Kommentator, in der NRW-Hauptstadt beim zweiten Spiel der Ukraine erneut Lothar Matth\u00e4us.<br>Das Match zwischen Slowenien und Serbien in M\u00fcnchen zeigt MagentaTV hingegen exklusiv. Entsprechend ist die Partie mit Jonas Friedrich und Robin Gosens auf der Kommentatorenposition anders, aber nicht minder prominent besetzt. <\/p>\n\n\n\n<p>Durch alle \u00dcbertragungen der letzten vier 15-Uhr-Spiele dieser EM f\u00fchrt Laura Wontorra im Telekom-RTL-Studio mit verschiedenen Expert:innen. <\/p>\n\n\n\n<p><strong>Die sp\u00e4teren EM-Spiele am Mittwoch: Deutschland mit Fuss oder Bartels<\/strong><\/p>\n\n\n\n<p>Nach dem 5:1-Auftakt blicken wir aus deutscher Sicht vorfreudig auf das n\u00e4chste Spiel. Dieses Mal in Stuttgart, gegen Ungarn und im Ersten sowie erneut bei MagentaTV. Bedeutet, dieses Mal gibt&#8217;s die Auswahl zwischen Wolff Fuss und Tom Bartels. <br>Vor Ort im Stadion sind neben dem Kommentatoren-Aush\u00e4ngeschild des Pay-Anbieters auch Fieldreporter Thomas Wagner und das Duo Bandermann\/Kemme. Im Studio geben Ballack und Mustafi an der Seite von JBK ihre Expertise ab. F\u00fcr den Weltmeister von 2014 wird es der zweite Turniertag und der erste mit der DFB-Elf, der Capitano ist sowieso im Dauereinsatz &#8211; dieses Mal mit Kerner allerdings nicht im Stadion, sondern im Studio.<\/p>\n\n\n\n<p>Die ARD setzt wie schon das gesamte Turnier auf Doppelduos: eins am Kommentatorenplatz und eins am Spielfeldrand. An letzterem ist wenig \u00fcberraschend Bastian Schweinsteiger als Experte gesetzt. Bei seinem vierten Turniereinsatz steht er dabei zum zweiten Mal an der Seite von Alexander Bommes. Am Mikro gibt&#8217;s das etwas hakelige Duo vom Montag mit Bartels und Schult. Interviews f\u00fchrt bei einem Deutschland-Spiel nat\u00fcrlich Lea Wagner.<\/p>\n\n\n\n<p>Ab 20:35 Uhr gibt die ARD dann aus Stuttgart ab nach K\u00f6ln, wo das vierte Spiel der Gruppe A steigt. Dort melden sich dann mit Hitzlsperger am Spielfeldrand und Broich als Co-Kommentator die beiden verbliebenen ARD-Experten, mit Sedlaczek die zweite Moderatorin. Christina Graf kommt zu ihrem zweiten EM-Einsatz.<\/p>\n\n\n\n<p>Bei MagentaTV reduziert sich die Studiobesetzung um Mustafi. Im Stadion h\u00f6ren wir dann Christian Stra\u00dfburger (ebenfalls mit seinem zweiten EM-Einsatz) und Co-Kommentator Tim Borowski.<\/p>\n\n\n\n<p><strong>Die sp\u00e4teren EM-Spiele am Donnerstag: Schmidt zum zweiten Mal in Gelsenkirchen<\/strong><\/p>\n\n\n\n<p>Donnerstag ist dann das ZDF wieder an der Reihe. Der zweite Sendetag mit Jochen Breyer im Studio steht an! Gemeinsam mit ihm sitzen auf der rotierbaren Couch nat\u00fcrlich Mertesacker und Kramer sowie Laura Freigang. F\u00fcr die Partie um 18 Uhr gibt man dann zu Claudia Neumann, die damit nach Stuttgart auch den Stadionpunkt Frankfurt bei dieser EM sammelt. Um 21 Uhr kommt dann Oliver Schmidt schon zu seinem dritten Einsatz bei diesem Turnier. Nach dem Auftakt in M\u00fcnchen steht nun &#8211; wie schon Sonntag &#8211; erneut Gelsenkirchen auf dem Programm. <\/p>\n\n\n\n<p>Weil auf Schalke das vermutete Spitzenspiel dieser Vorrunde steigt, schickt Magenta auch Wolff Fuss dorthin. Er kommt damit nach M\u00fcnchen, Hamburg, D\u00fcsseldorf und Stuttgart bereits zum f\u00fcnften Mal in f\u00fcnf unterschiedlichen Stadien zum Einsatz. Das spannende 18-Uhr-Spiel mit unter Druck stehenden D\u00e4nen gegen England \u00fcbernimmt Markus H\u00f6hner, der sich damit erneut aus Frankfurt meldet. Die Studiosendung am Donnerstagabend schmei\u00dfen erneut JBK und der Capitano.<\/p>\n\n\n\n<p><strong>Die sp\u00e4teren EM-Spiele am Freitag: Topspiel f\u00fcr Christian Stra\u00dfburger<\/strong><\/p>\n\n\n\n<p>Auch am Freitagabend kommt Ballack zum Einsatz im Magenta-Studio. Moderiert wird die Sendung ab 17:15 Uhr von Sascha Bandermann, der die Fu\u00dfballfans aus K\u00f6ln begr\u00fc\u00dft. <br>Um 18 Uhr kommt Christina Rann dann zu ihrem zweiten EM-Einsatz. Nach Sonntag in Stuttgart ist das Berliner Olympiastadion mit den beiden Underdogs der Gruppe D, Polen und \u00d6sterreich, zweite EM-Station f\u00fcr die Magenta-Kommentatorin.<br>Am sp\u00e4teren Abend steigt dann das Topspiel dieser Gruppe. Hierf\u00fcr hat Christian Stra\u00dfburger verdienterma\u00dfen den Zuschlag bekommen und kommentiert seine dritte EM-Partie &#8211; diesmal aus Leipzig. <\/p>\n\n\n\n<p>Beide Spiele sind auch im Ersten zu sehen &#8211; mit durchgemischter Personalkonstellation. Alex Bommes und Almuth Schult melden sich nun vom Spielfeldrand der fr\u00fchen Partie, Sedlaczek und Schweinsteiger beim Topspiel in der s\u00e4chsischen Messestadt. Hei\u00dft auch: Almuth Schult ist nicht wie Montag und Mittwoch Co-Kommentatorin. Diese Rolle nimmt am Freitag Hitzlsperger ein, an der Seite von Bartels &#8211; das Duo gab es schon bei Italien-Albanien. Das fr\u00fche Spiel bestreiten Gottlob und Broich, die damit zum zweiten bzw. dritten Turniereinsatz kommen. <\/p>\n\n\n\n<p><strong>Die sp\u00e4teren EM-Spiele am Samstag: Schneider\/Balitsch zur Primetime<\/strong><\/p>\n\n\n\n<p>Samstag ist ZDF-Tag und das Duo Schneider\/Balitsch bestreitet den zweiten EM-Einsatz. Wenn entt\u00e4uschend gestartete Belgier am Abend gegen fulminant gestartete Rum\u00e4nen ran m\u00fcssen, kommentieren die beiden aus K\u00f6ln. Bereits vorher \u00fcbernimmt Oliver Schmidt T\u00fcrkei-Portugal in Dortmund. Sein bereits vierter EM-Einsatz dann &#8211; drei davon in NRW. Damit hat er dann am Samstagabend genauso viele Eins\u00e4tze wie die anderen beiden ZDF-Kommentator:innen zusammen. Die Studiocrew am Samstagabend besteht wie schon am Donnerstag aus Mertesacker, Kramer und Freigang sowie KMH (f\u00fcr Breyer reinrotierend).<\/p>\n\n\n\n<p>Bei Magenta kehrt am Samstag Kerner ins Studio zur\u00fcck, wenn dann Ballack Pause hat. Owen Hargreaves ist dann an seiner Seite. Die 90 Minuten zwischen T\u00fcrkei und Portugal begleitet dann Jonas Friedrich f\u00fcr MagentaTV und kommt damit zu seinem zweiten Einsatz in Dortmund und seinem dritten Einsatz im Turnier.<br>Um 21 Uhr meldet sich dann das etablierte Taktik-Team Platte\/Borowski f\u00fcr den Hauptkommentar aus dem Stadion in K\u00f6ln. <\/p>\n\n\n\n<p><strong>Auch die n\u00e4chste Kontinentalmeisterschaft startet: Sportdigital zeigt die Copa Am\u00e9rica!<\/strong><\/p>\n\n\n\n<p>Die Asienmeisterschaft und den Afrika-Cup zeigte Sportdigital bereits Anfang des Jahres. Ab der Nacht zum Freitag kommt die dritte Kontinentalmeisterschaft in diesem Jahr dazu. Um 20 Uhr sendet Sportdigital bereits immer einen t\u00e4glichen halbst\u00fcndigen Countdown f\u00fcr die anstehenden Partien, die dann um 0 Uhr, 2 Uhr oder 3 Uhr nachts mitteleurop\u00e4ischer Sommerzeit beginnen &#8211; perfekt also, um die EM-Tage ausklingen zu lassen \ud83d\ude42<\/p>\n\n\n\n<p>Viel Spa\u00df mit den n\u00e4chsten Turniertagen!<\/p>\n","protected":false},"excerpt":{"rendered":"<p>N&#8217;Abend allerseits, orange gef\u00e4rbte Stra\u00dfen in Hamburg, rot gef\u00e4rbte in D\u00fcsseldorf, zerbrochene Spaghetti in Dortmund, schottische Kilts in M\u00fcnchen \u2013 die Europameisterschaft macht bereits in den ersten Tagen so viel Stimmung wett, wie bei den vergangenen drei Turnieren (die seelenlose Katar-WM, die etwas einsamere Corona-EM und die uns\u00e4gliche Putin-Propaganda-WM) fehlte. Die n\u00e4chsten Tage u.a. mit [&hellip;]<\/p>\n","protected":false},"author":12,"featured_media":0,"comment_status":"open","ping_status":"open","sticky":false,"template":"","format":"standard","meta":{"footnotes":""},"categories":[1132],"tags":[],"class_list":["post-18130","post","type-post","status-publish","format-standard","hentry","category-em-2024"],"_links":{"self":[{"href":"https:\/\/kommentatorenblog.de\/index.php?rest_route=\/wp\/v2\/posts\/18130","targetHints":{"allow":["GET"]}}],"collection":[{"href":"https:\/\/kommentatorenblog.de\/index.php?rest_route=\/wp\/v2\/posts"}],"about":[{"href":"https:\/\/kommentatorenblog.de\/index.php?rest_route=\/wp\/v2\/types\/post"}],"author":[{"embeddable":true,"href":"https:\/\/kommentatorenblog.de\/index.php?rest_route=\/wp\/v2\/users\/12"}],"replies":[{"embeddable":true,"href":"https:\/\/kommentatorenblog.de\/index.php?rest_route=%2Fwp%2Fv2%2Fcomments&post=18130"}],"version-history":[{"count":19,"href":"https:\/\/kommentatorenblog.de\/index.php?rest_route=\/wp\/v2\/posts\/18130\/revisions"}],"predecessor-version":[{"id":18254,"href":"https:\/\/kommentatorenblog.de\/index.php?rest_route=\/wp\/v2\/posts\/18130\/revisions\/18254"}],"wp:attachment":[{"href":"https:\/\/kommentatorenblog.de\/index.php?rest_route=%2Fwp%2Fv2%2Fmedia&parent=18130"}],"wp:term":[{"taxonomy":"category","embeddable":true,"href":"https:\/\/kommentatorenblog.de\/index.php?rest_route=%2Fwp%2Fv2%2Fcategories&post=18130"},{"taxonomy":"post_tag","embeddable":true,"href":"https:\/\/kommentatorenblog.de\/index.php?rest_route=%2Fwp%2Fv2%2Ftags&post=18130"}],"curies":[{"name":"wp","href":"https:\/\/api.w.org\/{rel}","templated":true}]}}