{"id":1828,"date":"2020-03-09T11:23:56","date_gmt":"2020-03-09T11:23:56","guid":{"rendered":"http:\/\/kommentatorenblog.de\/?p=1828"},"modified":"2020-12-30T16:06:01","modified_gmt":"2020-12-30T16:06:01","slug":"1063-ein-blick-in-die-zukunft","status":"publish","type":"post","link":"https:\/\/kommentatorenblog.de\/?p=1828","title":{"rendered":"1063 \u2013 Ein Blick in die Zukunft"},"content":{"rendered":"\n<p>N\u2019Abend allerseits,<\/p>\n\n\n\n<p>Eine durchaus muntere Fussball-Woche ist gestern Abend zu Ende gegangen. Da war einiges drin! Von der Pokalsensation in V\u00f6lklingen, Partien im FA-Cup, eine der unterhaltsameren Samstag-Konferenzen in der Bundesliga bis zum Manchester Derby, um nur ein paar der Highlights der vergangenen Woche zu nennen! Doch leider ist damit zu rechnen, dass es ein letztes halbwegs normales Bundesliga-Wochenende war! Ab kommender Woche wird es wohl auch in der Bundesliga zu Geisterspielen kommen. Stand Montag morgen werden vor allem die Spiele in NRW betroffen sein! Corona bleibt auch f\u00fcr uns ein st\u00e4ndiger Begleiter in den n\u00e4chsten Wochen. Wir wechseln jetzt mal das Thema. <br><\/p>\n\n\n\n<p>Vergangenen Dienstag ver\u00f6ffentlichte die DFL die Details zur Medienrechte-Ausschreibung der Bundesliga und 2. Bundesliga f\u00fcr die Rechteperiode 2021-2025! Bei den Ansto\u00dfzeiten wird sich bekanntlich ein bisschen was \u00e4ndern.<\/p>\n\n\n\n<p>Bundesliga:<\/p>\n\n\n\n<ul class=\"wp-block-list\"><li>Freitag 20.30 Uhr<\/li><li>Samstag 15.30 Uhr<\/li><li>Samstag 18.30 Uhr<\/li><li>Sonntag 15.30 Uhr<\/li><li>Sonntag 17.30 Uhr<\/li><li>Sonntag 19.30 Uhr (an 10 Spieltagen)<\/li><\/ul>\n\n\n\n<p>2.Bundesliga:<\/p>\n\n\n\n<ul class=\"wp-block-list\"><li>Freitag 18.30 Uhr (2 Spiele)<\/li><li>Samstag 13.30 Uhr (3 Spiele)<\/li><li>Samstag 20.30 Uhr (1 Spiel)<\/li><li>Sonntag 13.30 Uhr (3 Spiele)<\/li><\/ul>\n\n\n\n<p>Ausgeschrieben werden Free-TV und Pay-TV Paktete! Im Free-TV werden die Erstliga-Freitagsspiele an den Spieltagen 1, 17 und 18, der Supercup, das Auftaktspiel der 2. Liga und die vier Relegationsspiele zu sehen sein. Ein paar Spiele mehr als noch in der laufenden Rechteperiode! Insbesondere die R\u00fcckkehr der Erstligarelegation ins Free-TV freut den Fu\u00dfballfans hierzulande.<\/p>\n\n\n\n<p>Im Pay-TV teilen sich die Rechte in sechs Pakete auf, vier davon f\u00fcr die 1. Bundesliga und die anderen beiden f\u00fcr die 2. Bundesliga:<\/p>\n\n\n\n<p>Bundesliga:<\/p>\n\n\n\n<ul class=\"wp-block-list\"><li>Paket A: Konferenz der Parallelspiele am Samstagnachmittag\/ in englischen Wochen<\/li><li>Paket B: alle Einzelspiele am Samstagnachmittag\/ in englischen Wochen<\/li><li>Paket C: Topspiel<\/li><li>Paket D: Freitags und Sonntagsspiele<\/li><\/ul>\n\n\n\n<p>2. Bundesliga:<\/p>\n\n\n\n<ul class=\"wp-block-list\"><li>Paket E: Samstagabendspiel<\/li><li>Paket F: Restliche Spiele am Freitagabend, Samstagnachmittag und Sonntagnachmittag<\/li><\/ul>\n\n\n\n<p>Zur Vollst\u00e4ndigkeit halber haben wir das f\u00fcr euch nochmal aufgelistet. Jetzt geht\u2018s zu den Ansetzungen f\u00fcr die kommende Woche! <\/p>\n\n\n\n<p><strong>UEFA Champions League, R\u00fcckspiel Achtelfinale<\/strong><\/p>\n\n\n\n<p><span style=\"text-decoration: underline;\">Dienstag, 10. M\u00e4rz, ab 19.30 Uhr (Sky) <\/span><\/p>\n\n\n\n<p><strong><em>RB Leipzig \u2013 Tottenham Hotspur (21.00 Uhr)<\/em><\/strong><\/p>\n\n\n\n<p>Sky: Martin Gro\u00df (Einzelspiel), Frank Buschmann (Konferenz)<\/p>\n\n\n\n<p>Field-Reporterin: Jessica Libbertz<\/p>\n\n\n\n<p><span style=\"text-decoration: underline;\">ab 20.45 Uhr (DAZN)\/ ab 19.30 Uhr (Sky)<\/span><\/p>\n\n\n\n<p><strong><em>FC Valencia \u2013 Atalanta Bergamo (21.00 Uhr)<\/em><\/strong><\/p>\n\n\n\n<p>DAZN: Uli Hebel, Experte: Ralph Gunesch<\/p>\n\n\n\n<p>Sky: Toni Tomic (Konferenz)<\/p>\n\n\n\n<p>Moderation (Sky): Michael Leopold, Experten: Didi Hamann, Thomas Helmer &amp; Erik Meijer<\/p>\n\n\n\n<p><span style=\"text-decoration: underline;\">Mittwoch, 11. M\u00e4rz, ab 19.30 Uhr (Sky)<\/span><\/p>\n\n\n\n<p><strong><em>Paris Saint-Germain \u2013 Borussia Dortmund (21.00 Uhr)<\/em><\/strong><\/p>\n\n\n\n<p>Sky: Kai Dittmann (Einzelspiel), Wolff Fuss (Konferenz)<\/p>\n\n\n\n<p>Field-Reporter: Patrick Wasserziehr, Maximilian Bielefeld<\/p>\n\n\n\n<p><span style=\"text-decoration: underline;\">ab 20.45 Uhr (DAZN)\/ ab 19.30 Uhr (Sky)<\/span><\/p>\n\n\n\n<p><strong><em>FC Liverpool \u2013 Atletico Madrid (21.00 Uhr)<\/em><\/strong><\/p>\n\n\n\n<p>DAZN: Jan Platte, Experte: Sebastian Knei\u00dfl<\/p>\n\n\n\n<p>Moderation (DAZN): Alex Schl\u00fcter, Field-Reporter: Sebastian Benesch<\/p>\n\n\n\n<p>Sky: Oliver Seidler (Konferenz), Field-Reporter: Sven T\u00f6llner <\/p>\n\n\n\n<p>Moderation (Sky): Sebastian Hellmann, Experten: Lothar Matth\u00e4us, Jens Lehmann &amp; Erik Meijer<\/p>\n\n\n\n<p><strong>Europa League, Achtelfinale&nbsp;<\/strong>\u2013&nbsp;<strong>Hinspiel<\/strong><\/p>\n\n\n\n<p><span style=\"text-decoration: underline;\">Donnerstag, 12. M\u00e4rz ab 18.40 Uhr (DAZN)<\/span><\/p>\n\n\n\n<p><strong>fr\u00fche GoalZone<\/strong><\/p>\n\n\n\n<p>DAZN: Jan L\u00fcdeke, Experte: Benny Lauth<\/p>\n\n\n\n<p><em><strong>Eintracht Frankfurt<\/strong><\/em> <em><strong>\u2013<\/strong><\/em> <em><strong>FC Basel (18.55 Uhr)<\/strong><\/em><\/p>\n\n\n\n<p>DAZN: Jan Platte, Experte: Ralph Gunesch<\/p>\n\n\n\n<p>Moderation (DAZN): Tobi Wahnschaffe, Field-Reporter: Daniel Herzog<\/p>\n\n\n\n<p><strong><em>Linzer ASK \u2013 Manchester United (18.55 Uhr)<\/em><\/strong><\/p>\n\n\n\n<p>DAZN: Uwe Morawe, Experte: Oliver Lederer<\/p>\n\n\n\n<p><strong><em>Basaksehir<\/em><\/strong> <em><strong>\u2013<\/strong><\/em> <strong><em>FC Kopenhagen (18.55 Uhr)<\/em><\/strong><\/p>\n\n\n\n<p>DAZN: Max Siebald<\/p>\n\n\n\n<p><strong><em>FC Sevilla<\/em><\/strong> <em><strong>\u2013<\/strong><\/em> <strong><em>AS Rom (18.55 Uhr)<\/em><\/strong><\/p>\n\n\n\n<p>DAZN: Max Gross<\/p>\n\n\n\n<p><span style=\"text-decoration: underline;\">ab 20.15 (RTL) \/ ab 20.45 Uhr (DAZN)<\/span><\/p>\n\n\n\n<p><strong><em>Glasgow Rangers<\/em><\/strong> <em><strong>\u2013<\/strong><\/em> <strong><em>Bayer Leverkusen (21.00 Uhr)<\/em><\/strong><\/p>\n\n\n\n<p>RTL: Marco Hagemann<\/p>\n\n\n\n<p>Moderation (RTL): Laura Wontorra, Experte: Roman Weidenfeller<\/p>\n\n\n\n<p>DAZN: Uli Hebel, Experte: Sebastian Knei\u00dfl<\/p>\n\n\n\n<p>Field-Reporter: Sebastian Benesch<\/p>\n\n\n\n<p><span style=\"text-decoration: underline;\">ab 20.55 Uhr (DAZN)<\/span> <\/p>\n\n\n\n<p><strong>sp\u00e4te GoalZone<\/strong><\/p>\n\n\n\n<p>DAZN: Christoph Stadtler, Experte: Benny Lauth<\/p>\n\n\n\n<p><strong><em>VfL Wolfsburg <\/em><\/strong><em><strong>\u2013<\/strong><\/em> <strong><em>Shakhtar Donetsk (21.00 Uhr)<\/em><\/strong><\/p>\n\n\n\n<p>DAZN: Lukas Sch\u00f6nm\u00fcller, Experte: Sascha Bigalke<\/p>\n\n\n\n<p>Field-Reporter: Alex Schl\u00fcter<\/p>\n\n\n\n<p><strong><em>Inter Mailand \u2013 FC Getafe (21.00 Uhr)<\/em><\/strong><\/p>\n\n\n\n<p>DAZN: Mario Rieker<\/p>\n\n\n\n<p><strong><em>Ol<\/em><\/strong><em><strong>ympiakos Pir\u00e4us \u2013 Wolverhampton Wanderers<b><i> (21.00 Uhr)<\/i><\/b><\/strong><\/em><\/p>\n\n\n\n<p>DAZN: Freddy Harder<\/p>\n\n\n\n<p><strong>Bundesliga, 21. Spieltag (Nachholspiel)<\/strong><\/p>\n\n\n\n<p><span style=\"text-decoration: underline;\">Mittwoch, 11. M\u00e4rz, ab 18.00 Uhr (Sky)<\/span><\/p>\n\n\n\n<p><strong><em>Borussia M &#8218;Gladbach \u2013 1. FC K\u00f6ln (18.30 Uhr) <\/em><\/strong><\/p>\n\n\n\n<p>Sky: Martin Gro\u00df<\/p>\n\n\n\n<p>Field-Reporter: Marcus Lindemann, Gast: Friedhelm Funkel<\/p>\n\n\n\n<p><strong><em>Fu\u00dfball International<\/em><\/strong><\/p>\n\n\n\n<p><span style=\"text-decoration: underline;\">Mittwoch, 11. M\u00e4rz<\/span><\/p>\n\n\n\n<p>La Liga, Nachholspiel 24. Spieltag: <strong><em>SD Eibar \u2013 Real Sociedad (20.00 Uhr)<\/em><\/strong><\/p>\n\n\n\n<p>DAZN: Marcel Seufert<\/p>\n\n\n\n<p>Premier League, Nachholspiel 28. Spieltag: <strong><em>Manchester City \u2013 FC Arsenal (20.30 Uhr)<\/em><\/strong><\/p>\n\n\n\n<p>Sky: Hannes Herrmann<\/p>\n\n\n\n<p><strong>Die Analyse<\/strong><\/p>\n\n\n\n<p><strong>Deutsche Mannschaften bei Sky<\/strong><\/p>\n\n\n\n<p>Einige Information vorweg: Sky verzichtet bei beiden Sendungen auf Studiopublikum. Ansonsten wird, unabh\u00e4ngig von der Corona-Epidemie, so normal wie m\u00f6glich \u00fcber die Spiele berichtet. Eine Mixed-Zone wird\u2019s in Paris nicht geben. Wir d\u00fcrfen gespannt sein, ob Patrick Wasserziehr und Max Bielefeld dennoch Interviews f\u00fchren werden&#8230;<br>Nachdem bei den Hinspielen von Leipzig und Dortmund die Einzelspiele ja noch auf DAZN liefen, bekommt Sky bei den beiden R\u00fcckspielen den Zuschlag! Den Anfang bei Leipzig \u2013 Tottenham macht Martin Gro\u00df, w\u00e4hrend in der Konferenz nicht wie noch beim Hinspiel Jonas Friedrich, sondern der BVB- Experte Frank Buschmann die Partie kommentiert! Neben Frank Buschmann ist am Dienstag au\u00dferdem Toni Tomic in der Konferenz bei der Partie zwischen Valencia und Bergamo zu h\u00f6ren. Das Hinspiel verfolgte Tomic noch \u00fcber die vollen 90 Minuten!<\/p>\n\n\n\n<p>DAZN \u00fcbertr\u00e4gt das Spiel zwischen Valencia und Bergamo im Einzelspiel. Das Duo Uli Hebel und Ralph Gunesch meldet sich aus der Box! Erstmals bei einem KO-Spiel in dieser CL-Saison verzichtet der M\u00fcnchner Streamingdienst auf einen Moderator!<\/p>\n\n\n\n<p>Am Mittwoch gibt es dann, wie schon erw\u00e4hnt, das R\u00fcckspiel des BVBs im Prinzenpark live auf Sky. Mit Kai Dittmann war ein bisschen zu rechnen. Schlie\u00dflich  haben Fuss (Bayern) und Gro\u00df (Leipzig) ja schon ihr Einzelspiel mit deutscher Beteiligung bekommen. Field-Reporter sind gleich zwei im Einsatz. Neben Patrick Wasserziehr ist auch der franz\u00f6sisch sprechende Max Bielefeld in Paris! Das Spiel in der Konferenz \u00fcbernimmt, wie bereits beim Hinspiel, Wolff-Fuss. Der Mann an seiner Seite ist diesmal ein andere. Snstelle von Frank Buschmann ist es diesmal Oliver Seidler bei Liverpool-Atl\u00e9tico &#8211; klingt vielversprechend!<\/p>\n\n\n\n<p>Das Einzelspiel an der Anfield-Road hat DAZN im Programm. Vor Ort ist nur Sebastian Benesch, w\u00e4hrend sich das Trio Schl\u00fcter, Platte und Knei\u00dfl aus der Box in M\u00fcnchen meldet! <\/p>\n\n\n\n<p><strong>Stadionzeit<\/strong><\/p>\n\n\n\n<p>Nachdem DAZN beim 1\/16-Finale der Europa League ja nur bei den Frankfurter Spielen mit einem Interviewer vor Ort war, sind nun auch Field-Reporter bei den anderen beiden deutschen Teams im Einsatz. Aber alles der Reihe nach! Zur fr\u00fchen Ansto\u00dfzeit empf\u00e4ngt die Frankfurter Eintracht den FC Basel. Das Trio aus Moderator Tobi Wahnschaffe, Experte Jonas Hummels und Kommentator Jan Platte meldet sich aus M\u00fcnchen, w\u00e4hrend als Field-Reporter Daniel Herzog in der Commerzbank-Arena die Fragen stellt! Zudem bekommt Max Gross, wie eigentlich immer, den FC Sevilla zu sehen!<\/p>\n\n\n\n<p>Bei den sp\u00e4ten Spielen gibts ne faustdicke \u00dcberraschung. Nachdem bei den ersten acht Europa League-Spielen der Wolfsburger immer Uwe Morawe kommentierte, gibt es jetzt einen Wechsel. Kommentator Lukas Sch\u00f6nm\u00fcller und Experte Sascha Bigalke \u00fcbernehmen, w\u00e4hrend Field-Reporter Alex Schl\u00fcter bezahlten Heimaturlaub nehmen darf! Zusammen mit der Werkself in Glasgow ist das \u00fcbliche RTL-Quartett (Update: Steffen Freund f\u00e4llt krankheitsbedingt aus)! F\u00fcr DAZN ist Sebastian Benesch am Start. Die Anreise aus Liverpool ist ja keine lange! Ansonsten gibt es keinerlei \u00dcberraschungen bei den Spielen der sp\u00e4ten Ansto\u00dfzeit.<\/p>\n\n\n\n<p><strong>Derbyzeit<\/strong><\/p>\n\n\n\n<p>Bei den ganzen internationalen Spielen vergisst man ja fast, dass es am Mittwoch noch ein ganz ordentliches Bundesligaspiel zu sehen gibt! Das wegen Sabine verschobene Derby zwischen den Gladbachern und den K\u00f6lnern kommentiert Martin Gro\u00df! Marcus Lindemann \u00fcbernimmt die Interviews &#8211; falls er trotz Corona welche f\u00fchren darf. Als Gast ist zudem Friedhelm Funkel mit dabei, er macht in diesen Tagen das volle Programm! Und auch in England und Spanien gibt es noch je ein Spiel nachzuholen, f\u00fcr Sky ist Hannes Herrmann und f\u00fcr DAZN Marcel Seufert als Kommentatoren im Einsatz!<\/p>\n","protected":false},"excerpt":{"rendered":"<p>N\u2019Abend allerseits, Eine durchaus muntere Fussball-Woche ist gestern Abend zu Ende gegangen. Da war einiges drin! Von der Pokalsensation in V\u00f6lklingen, Partien im FA-Cup, eine der unterhaltsameren Samstag-Konferenzen in der Bundesliga bis zum Manchester Derby, um nur ein paar der Highlights der vergangenen Woche zu nennen! Doch leider ist damit zu rechnen, dass es ein [&hellip;]<\/p>\n","protected":false},"author":5,"featured_media":0,"comment_status":"open","ping_status":"open","sticky":false,"template":"","format":"standard","meta":{"footnotes":""},"categories":[425],"tags":[49,60,160,13,42,61,104,48,93,205,95,113,94,108,189,222,22,24,105,149,107],"class_list":["post-1828","post","type-post","status-publish","format-standard","hentry","category-champions-league-und-co","tag-alex-schlueter","tag-bundesliga","tag-champions-league","tag-dazn","tag-europa-league","tag-frank-buschmann","tag-hannes-herrmann","tag-jan-platte","tag-kai-dittmann","tag-lukas-schoenmueller","tag-martin-gross","tag-oliver-seidler","tag-patrick-wasserziehr","tag-ralph-gunesch","tag-sebastian-benesch","tag-sebastian-kneissl","tag-sky","tag-toni-tomic","tag-uli-hebel","tag-uwe-morawe","tag-wolff-fuss"],"_links":{"self":[{"href":"https:\/\/kommentatorenblog.de\/index.php?rest_route=\/wp\/v2\/posts\/1828","targetHints":{"allow":["GET"]}}],"collection":[{"href":"https:\/\/kommentatorenblog.de\/index.php?rest_route=\/wp\/v2\/posts"}],"about":[{"href":"https:\/\/kommentatorenblog.de\/index.php?rest_route=\/wp\/v2\/types\/post"}],"author":[{"embeddable":true,"href":"https:\/\/kommentatorenblog.de\/index.php?rest_route=\/wp\/v2\/users\/5"}],"replies":[{"embeddable":true,"href":"https:\/\/kommentatorenblog.de\/index.php?rest_route=%2Fwp%2Fv2%2Fcomments&post=1828"}],"version-history":[{"count":33,"href":"https:\/\/kommentatorenblog.de\/index.php?rest_route=\/wp\/v2\/posts\/1828\/revisions"}],"predecessor-version":[{"id":1878,"href":"https:\/\/kommentatorenblog.de\/index.php?rest_route=\/wp\/v2\/posts\/1828\/revisions\/1878"}],"wp:attachment":[{"href":"https:\/\/kommentatorenblog.de\/index.php?rest_route=%2Fwp%2Fv2%2Fmedia&parent=1828"}],"wp:term":[{"taxonomy":"category","embeddable":true,"href":"https:\/\/kommentatorenblog.de\/index.php?rest_route=%2Fwp%2Fv2%2Fcategories&post=1828"},{"taxonomy":"post_tag","embeddable":true,"href":"https:\/\/kommentatorenblog.de\/index.php?rest_route=%2Fwp%2Fv2%2Ftags&post=1828"}],"curies":[{"name":"wp","href":"https:\/\/api.w.org\/{rel}","templated":true}]}}