{"id":18323,"date":"2024-07-23T18:08:12","date_gmt":"2024-07-23T17:08:12","guid":{"rendered":"https:\/\/kommentatorenblog.de\/?p=18323"},"modified":"2024-08-11T19:59:16","modified_gmt":"2024-08-11T18:59:16","slug":"1439-olympia-2024-der-tv-ueberblick","status":"publish","type":"post","link":"https:\/\/kommentatorenblog.de\/?p=18323","title":{"rendered":"1439 &#8211; Olympia 2024 &#8211; Der TV- \u00dcberblick"},"content":{"rendered":"\n<p>N&#8217;Abend allerseits,<\/p>\n\n\n\n<p>die Olympischen Spiele stehen an, am Freitag werden sie offiziell er\u00f6ffnet, Grund f\u00fcr uns auf die \u00dcbertragung der Spiele zu schauen, die nach l\u00e4ngerer Zeit auch wieder in unserer Zeitzone stattfinden. Im Folgenden die \u00dcbersicht \u00fcber die Kommentatorinnen und Kommentatoren sowie Expertinnen und Experten von ARD und ZDF sowie Eurosport bei den Spielen;<\/p>\n\n\n\n<div class=\"wp-block-group has-black-color has-text-color\"><div class=\"wp-block-group__inner-container is-layout-flow wp-block-group-is-layout-flow\">\n<div class=\"wp-block-columns is-layout-flex wp-container-core-columns-is-layout-1 wp-block-columns-is-layout-flex\">\n<div class=\"wp-block-column is-layout-flow wp-block-column-is-layout-flow\" style=\"flex-basis:100%\">\n<figure class=\"wp-block-table is-style-stripes\" style=\"font-size:12px\"><table><thead><tr><th>Sportart<\/th><th><mark style=\"background-color:rgba(0, 0, 0, 0)\" class=\"has-inline-color has-vivid-cyan-blue-color\">ARD<\/mark><\/th><th><mark style=\"background-color:rgba(0, 0, 0, 0)\" class=\"has-inline-color has-luminous-vivid-orange-color\">ZDF<\/mark><\/th><th><mark style=\"background-color:rgba(0, 0, 0, 0)\" class=\"has-inline-color has-vivid-cyan-blue-color\">ARD &#8211; H\u00f6rfunk<\/mark><\/th><th><mark style=\"background-color:rgba(0, 0, 0, 0)\" class=\"has-inline-color has-pale-cyan-blue-color\">Eurosport<\/mark><\/th><\/tr><\/thead><tbody><tr><td>Badminton<\/td><td>Christina Graf<\/td><td>Martin Wolff<\/td><td>&#8211;<\/td><td>Harry Weber<br><em>Experte:<\/em> Thomas Fuchs<\/td><\/tr><tr><td>Basketball<\/td><td>Holger Sauer, Lukas Sch\u00f6nm\u00fcller, Irina Gnep<\/td><td>Daniel Pinschower, Benni Zander<\/td><td>Jakob R\u00fcger<\/td><td>Markus Krawinkel,<br><em>Experte:<\/em> Alex Vogel, Patrick Femerling(Herren)<br>Malik Arrendell, <br>E<em>xpertin:<\/em>  Emma Stach, Jezabel Ohanian<\/td><\/tr><tr><td>Basketball 3&#215;3<\/td><td>Holger Sauer<br><em>Livestreaming:<\/em> Lukas Sch\u00f6nm\u00fcller<\/td><td>Benni Zander<\/td><td>Jeremias Diel<\/td><td>Tobi Schimon<\/td><\/tr><tr><td>Beachvolleyball<\/td><td>Claus Lufen, Benedikt Brinsa<\/td><td>Martin Schneider, Dirk Berscheidt<br><em>Experte:<\/em> Jonas Reckermann<\/td><td>Edgar Endres, Tabea Kunze<\/td><td>Paul Becker,<br><em>Experte:<\/em> Tim Noack<\/td><\/tr><tr><td>BMX Freestyle<\/td><td>Jan Wiecken<\/td><td>Andreas K\u00fcrten,<br><em>Experte:<\/em> Alex Reinke<\/td><td>Jeremias Diel<\/td><td>Guido Heuber, Nico Zacek<\/td><\/tr><tr><td>Bogenschie\u00dfen<\/td><td>Sabrina Bramowski<\/td><td>Heiko Klasen<\/td><td>Tabea Kunze<\/td><td>Harry Weber<\/td><\/tr><tr><td>Boxen<\/td><td>Eik Galley<br><em>Livestreaming<\/em>: Torsten P\u00fcschel<\/td><td>Michael Pfeffer<br><em>Livestreaming:<\/em> Alexander von der Groeben<\/td><td>Thorsten vom Wege<\/td><td>Tobias Drews<\/td><\/tr><tr><td>Breaking<\/td><td>Laura Trust,<br><em>Experte:<\/em> Christian Olah<\/td><td>Petra Bindl<br><em>Experte:<\/em> Chau-lin<\/td><td>Jeremias Diel<\/td><td>Harry Weber<\/td><\/tr><tr><td>Fechten<\/td><td>Michael Drevenstedt<\/td><td>Julius Hilfenhaus<\/td><td>Jakob R\u00fcger<\/td><td>Roman Knoblauch,<br>E<em>xpertin:<\/em> Leonie Ebert<\/td><\/tr><tr><td>Fu\u00dfball<\/td><td>Stephanie Baczyk, Bernd Schmelzer;<em> <\/em><br><em>Livestreaming:<\/em> Ina Kast, Christina Graf <\/td><td>Claudia Neumann, Gari Paubandt;<br><em>Livestreaming:<\/em> Konstantin Klostermann, Florian Obst, Heiko Klasen<\/td><td>Edgar Endres, Ina Kast<\/td><td>Markus Theil, Matthias Stach, Christoph Fetzer, Tobi Fischbeck, Oliver Fa\u00dfnacht, Ralf Itzel<br>E<em>xpertin:<\/em> Navina Omilade<\/td><\/tr><tr><td>Gewichtheben<\/td><td>Marc Huster<\/td><td>Frank Gollenbeck<\/td><td>Kristoffer Klein<\/td><td>&#8211;<\/td><\/tr><tr><td>Golf<\/td><td>Matthias Cammann, Andreas K\u00f6stler<\/td><td>Konstantin Klostermann<\/td><td>&#8211;<\/td><td>&#8211;<\/td><\/tr><tr><td>Handball<\/td><td>Hendrik Deichmann&nbsp;<\/td><td>Christoph Hamm, Gari Paubandt<br><em>Livestreaming:<\/em> Florian Obst<\/td><td>Thorsten vom Wege, Jens J\u00f6rg Rieck<\/td><td>Uwe Semrau, Maik Thiele, Vincent Schuster, Tobi Schimon<br><em>Experte:<\/em> Pascal Hens, Expertin: Isabel Klein<\/td><\/tr><tr><td>Hockey<\/td><td>Christian Blunck<br><em>Livestreaming:<\/em> Jan Wochner<\/td><td>Adrian von der Groeben, Konstantin Klostermann<br><em>Expertin:<\/em> Janne M\u00fcller-Wieland<\/td><td>Tim Brockmeier<\/td><td>Christoph Stadtler,<br>E<em>xpertin:<\/em> Fanny Rinne<\/td><\/tr><tr><td>Judo<\/td><td>Annett B\u00f6hm<\/td><td>Alexander von der Groeben<\/td><td>Kristoffer Klein<\/td><td>Andreas Spellig,<br><em>Experte:<\/em> Ole Bischof<\/td><\/tr><tr><td>Taekwondo<\/td><td>Annett B\u00f6hm,<br><em>Expertin:<\/em> Jasmin Richter<\/td><td>Alexander von der Groeben<\/td><td>Kristoffer Klein<\/td><td>Harry Weber,<br><em>Experte:<\/em> Reinhard Langer<\/td><\/tr><tr><td>Kanu<\/td><td>J\u00f6rg Klawitter<\/td><td>Norbert Galeske<br><em>Experte:<\/em> Ronald Rauhe<\/td><td>Guido Ringel<\/td><td>Marc Rohde,<br><em>Experte:<\/em> Max Hoff<\/td><\/tr><tr><td>Kanu Slalom<\/td><td>Ann-Kathrin Rose<\/td><td>Susanne Simon,<br><em>Experte:<\/em> Hannes Aigner<\/td><td>Thorsten vom Wege<\/td><td>Marc Rohde,<br>E<em>xpertin:<\/em> Jasmin Schornberg<\/td><\/tr><tr><td>Klettern<\/td><td>Tobias Barnerssoi<\/td><td>Julius Hilfenhaus, <em>Experte:<\/em> Ludwig Korb<\/td><td>Patricia Gabor<\/td><td>Nico Zacek<\/td><\/tr><tr><td>Leichtathletik<\/td><td>Ralf Scholt &amp; Wilfried Hark<br><em>Livestreaming<\/em>: Tim Tonder &amp; Denise Krebs<br><em>Experte:<\/em> Frank Busemann<\/td><td>Fabian Meseberg &amp; Marc Windgassen,<br><em>Livestreaming<\/em>: <br>Alexandra Dersch &amp; Felix Tusche <\/td><td>Volker Hirth, Jens J\u00f6rg Rieck <\/td><td>Sigi Heinrich, Markus R\u00f6hrig,<br><em>Experte:<\/em> Rico Freimuth; Philipp Pflieger (Marathon\/Gehen)<br>E<em>xpertin:<\/em> Claudia Dreher (Marathon)<\/td><\/tr><tr><td>Moderner F\u00fcnfkampf<\/td><td>Benedikt Brinsa<\/td><td>Heiko Klasen<\/td><td>Tabea Kunze<\/td><td>Harry Weber<\/td><\/tr><tr><td>Rad Stra\u00dfe<\/td><td>Florian Na\u00df<br><em>Experte:<\/em> Fabian Wegmann<\/td><td>Michael Pfeffer,<br><em>Expert:innen:<\/em> Trixi Worrack, Jan Frodeno<\/td><td>Holger Gerska<\/td><td>Karsten Migels, <br><em>Experte:<\/em> Jens Voigt (Herren), Christian Lichtenberg, <br>E<em>xpertin:<\/em> Lisa Brennauer, Claudia Lichtenberg<br>(Damen)<\/td><\/tr><tr><td>Bahnrad<\/td><td>Florian Na\u00df<\/td><td>Michael Kr\u00e4mer<br><em>Expertin<\/em>: Kristina Vogel<\/td><td>Holger Gerska<\/td><td>Karsten Migels,<br><em>Experte:<\/em> Robert Bengsch<br>E<em>xpertin:<\/em>: Lisa Brennauer<\/td><\/tr><tr><td>MTB \/ BMX<\/td><td>Florian Na\u00df<\/td><td>Andreas K\u00fcrten<br><em>Experte:<\/em> Alex Reinke (BMX)<\/td><td>Holger Gerska<\/td><td>Christian Lichtenberg,<br>E<em>xpertin:<\/em> Sabine Spitz (MTB)<\/td><\/tr><tr><td>Reiten<\/td><td>Carsten Sostmeier<\/td><td>Hermann Valkyser<\/td><td>J\u00f6rg Tegelh\u00fctter<\/td><td>Dirk- Alexander Lude<\/td><\/tr><tr><td>Ringen<\/td><td>Eik Galley<\/td><td>Alexander von der Groeben<br><em>Livestreaming:<\/em> Benno Krieger<\/td><td>Kristoffer Klein<\/td><td>Andreas Spellig<\/td><\/tr><tr><td>Rudern<\/td><td>J\u00f6rg Klawitter<\/td><td>Norbert Galeske<\/td><td>Jan Didjurgeit<\/td><td>Gerhard Leinauer,<br><em>Experte:<\/em> Marcel Hacker<\/td><\/tr><tr><td>Rugby<\/td><td>Jan Neumann<\/td><td>Sebastian Ungermanns<br><em>Experte:<\/em> Carlos Soteras Merz<\/td><td>&#8211;<\/td><td>Jan L\u00fcdeke,<br><em>Experte:<\/em> Manuel Wilhelm<\/td><\/tr><tr><td>Schie\u00dfen<\/td><td>Eik Galley<\/td><td>Tibor Meingast<\/td><td>Guido Ringel<\/td><td>Harry Weber, Marc Rohde<\/td><\/tr><tr><td>Schwimmen<\/td><td>Tom Bartels<br><em>Expertin<\/em> Dorothea Brandt<\/td><td>Volker Grube,<br><em>Experte:<\/em> Christian Keller<\/td><td>Alexander Bleick, Lars Becker<\/td><td>Matthias Stach,<br><em>Experte:<\/em> Thomas Rupprath<\/td><\/tr><tr><td>Freiwasser-<br>schwimmen<\/td><td>Tom Bartels<br><em>Expertin<\/em> Dorothea Brandt<\/td><td>Andreas K\u00fcrten<br><em>Experte:<\/em> Jan Frodeno<\/td><td>Lars Becker<\/td><td>Matthias Stach,<br><em>Experte:<\/em> Thomas Lurz<\/td><\/tr><tr><td>Synchron-<br>schwimmen<\/td><td>Linda Striebing<\/td><td>Sylvia Warnke<\/td><td>&#8211;<\/td><td>&#8211;<\/td><\/tr><tr><td>Segeln<\/td><td>Peter Carstens<br><em>Expertin:<\/em> Susann Beucke<\/td><td>Nils Kaben, Tobias Schadewaldt<\/td><td>Jan Didjurgeit<\/td><td>&#8211;<\/td><\/tr><tr><td>Skateboard<\/td><td>Tim Tonder, Jan Wiecken,<br><em>Expertin:<\/em> Lea Schairer (Street)<\/td><td>Petra Bindl, <br><em>Expertin:<\/em> Stefanie Wolter<\/td><td>Jeremias Diel<\/td><td>Alexander Schwan, Nico Zacek<\/td><\/tr><tr><td>Surfen<\/td><td>Jan Wiecken<br><em>Experte:<\/em> Marlon Lipke<\/td><td>Nils Kaben<br><em>Experte:<\/em> Afridun Amu<\/td><td>Robert Witt<\/td><td>Nico Zacek, <br><em>Experte:<\/em> Quirin Rohleder<\/td><\/tr><tr><td>Tennis<\/td><td>Matthias Cammann,<br><\/td><td>Aris Donzelli,<br><em>Expertin<\/em> Andrea Petkovic<\/td><td>Ina Kast<\/td><td>Markus Theil<br><em>Experte:<\/em> Mischa Zverev, Boris Becker<\/td><\/tr><tr><td>Tischtennis<\/td><td>Christian Adolph<\/td><td>Michael Kreutz<br><em>Livestreaming:<\/em> Sebastian Ungermanns<\/td><td>Mathias Arians<\/td><td>Dennis Heinemann,<br><em>Experte:<\/em> Steffen Fetzner<\/td><\/tr><tr><td>Triathlon<\/td><td>Dirk Froberg<\/td><td>Martin Schneider<br><em>Experte:<\/em> Jan Frodeno<\/td><td>Tabea Kunze<\/td><td>Roman Knoblauch,<br><em>Experte:<\/em> Daniel Unger<\/td><\/tr><tr><td>Turnen<\/td><td>Philipp Sohmer<br><em>Expertin:<\/em> Elisabeth Seitz<\/td><td>Alexander Ruda,<br><em>Experte:<\/em> Ronny Ziesmer<\/td><td>Florian Winkler<\/td><td>Sigi Heinrich, Andreas Spellig,<br><em>Experte:<\/em> Fabian Hamb\u00fcchen<\/td><\/tr><tr><td>Trampolin<\/td><td>Philipp Sohmer<\/td><td>Sylvia Warnke<\/td><td>Florian Winkler<\/td><td>&#8211;<\/td><\/tr><tr><td>rhythmische<br>Sportgymnastik<\/td><td>Regina Saur<\/td><td>Sylvia Warnke<\/td><td>Florian Winkler<\/td><td>Andreas Spellig<\/td><\/tr><tr><td>Volleyball<\/td><td>Thomas Kunze<br><em>Livestreaming:<\/em> Daniel H\u00f6hr<\/td><td>Dirk Berscheidt, <em>Livestreaming:<\/em> Katharina Hosser<\/td><td>Edgar Endres, Ina Kast<\/td><td>Axel Chur,<br><em>Experte:<\/em> Ferdinand Tille<\/td><\/tr><tr><td>Wasserball<\/td><td>Jan Neumann<\/td><td>Mirko Heintz<\/td><td>&#8211;<\/td><td>Harry Weber<\/td><\/tr><tr><td>Wasserspringen<\/td><td>Torsten P\u00fcschel<\/td><td>Eike Papsdorf,<br><em>Expertin:<\/em> Tina Punzel<\/td><td>Alexander Bleick, Lars Becker&nbsp;<\/td><td>Guido Heuber,<br><em>Experte:<\/em> Patrick Hausding<\/td><\/tr><tr><td>Er\u00f6ffnungs-\/<br>Schlussfeier<\/td><td>Tom Bartels, Friederike Hofmann<\/td><td>Nils Kaben, Anne Arend<\/td><td>Dirk Walsdorff, Jens J\u00f6rg Rieck, Alexander Bleick<\/td><td>Sigi Heinrich, Fabian Hamb\u00fcchen<\/td><\/tr><\/tbody><\/table><figcaption><em>Kein Anspruch auf Vollst\u00e4ndigkeit &#8211; \u00c4nderungen m\u00f6glich<\/em><\/figcaption><\/figure>\n<\/div>\n<\/div>\n<\/div><\/div>\n\n\n\n<p class=\"has-vivid-cyan-blue-color has-text-color\"><strong><em>ARD &#8211; Olympia live<br><\/em>Moderation Studio<\/strong>: Alexander Bommes &amp; Esther Sedlaczek<br><strong>Deutsches Haus: <\/strong>Lea Wagner<br><strong>Moderation Leichtathletik:<\/strong> Claus Lufen<br><strong>Interviews:<\/strong> Dominik Vischer (Schwimmen), Sabine Hartelt (Reiten), Juliane M\u00f6cklinghoff (Rudern\/ Kanu), D\u00e9sir\u00e9e Krause, Kerstin von Kalckreuth, Patrick Halatsch, Julia Scharf, Sina Wende, Christian Dexne, Elli Hyra, Tom Gerntke<br><strong><em>ARD &#8211; H\u00f6rfunk<br><\/em>Moderation Olympia-Radio<\/strong> Marc Eschweiler, Susann B\u00f6ttcher, Carsten Vick, Thorsten Iffland<br><strong>Talker\/in<\/strong> Martina Knief, Dirk Walsdorff, Martin Roschitz, Holger Dahl<br><strong>Moderation Olympia- Podcast<\/strong> Kerstin Hermes &amp; Moritz Cassalette<\/p>\n\n\n\n<p class=\"has-luminous-vivid-orange-color has-text-color\"><strong><em>ZDF &#8211; Olympia live<br><\/em>Moderation Studio:<\/strong> Katrin M\u00fcller- Hohenstein &amp; Jochen Breyer<br><strong>Moderation Leichtathletik:<\/strong> Norbert K\u00f6nig, <strong>Moderation Schwimmen:<\/strong> Lena Kesting<br><strong>Deutsches Haus:<\/strong> Sven Voss und Amelie Stiefvatter<br><strong>Moderation \/ Interviews:<\/strong> Lena Kesting, Norbert K\u00f6nig, Amelie Stiefvatter, Katja Streso, Sven Voss, Thomas Skulski, Carsten Behrendt, Anja Fr\u00f6hlich, Maral Bazargani<br><strong>Social Media:<\/strong> Franzi M\u00fcllers<\/p>\n\n\n\n<p class=\"has-pale-cyan-blue-color has-text-color\"><strong><em>Eurosport<\/em><\/strong><br><strong>Moderation:<\/strong> Thomas Wagner, Birgit N\u00f6ssing, Oliver Sequenz (Rooftop), Florian Eckl, Lisa Hofmann (StreamD-Show), Wolfgang Nadvornik, Antonia Wisgickl (aus M\u00fcnchen), Stefan Grothoff etc. (Eurosport 2)<\/p>\n\n\n\n<p>Eine Analyse zu den Ansetzungen findet ihr in den Kommentaren, da dieser Beitrag sonst zu lang gewesen w\u00e4re. <\/p>\n\n\n\n<p><strong>Umfangreiches TV- und Streaming- Angebot<\/strong><\/p>\n\n\n\n<p>Die Wettbewerbe starten in der Regel gegen 9 Uhr morgens und gehen bis in den sp\u00e4ten Abend\/ die Nacht hinein. ARD und ZDF starten ihre \u00dcbertragungen meist davor zwischen 7 und 8.30 Uhr, berichten davor nat\u00fcrlich schon im Morgenmagazin, Eurosport startet um 7 Uhr mit der Fr\u00fchst\u00fccksshow, anschlie\u00dfend laufen die \u00dcbertragungen (bei ARD und ZDF unterbrochen von Tagesschau- und heute- Ausgaben) bis Mitternacht. Bei discovery+ sollen ca. 3800 Stunden Sport w\u00e4hrend der 19 Tage gestreamt werden. ARD und ZDF senden in ihren linearen Programmen rund 240 Stunden (mit Audiodeskription), dazu kommen 1500 Stunden im Stream auf sportschau.de, sportstudio.de bzw in den Mediatheken von ARD und ZDF. Die meisten Streams davon sind kommentiert, an ARD- Sendetagen \u00fcbernimmt hier das ZDF- Team und umgekehrt.<\/p>\n\n\n\n<p><strong>Live- Reportagen &#8211; digital und linear<\/strong><\/p>\n\n\n\n<p>Daneben bietet die ARD auch ein umfangreiches Audioangebot. Im linearen Radio wird es \u00dcbertragungen, Einblendungen und Olympia- News geben, bei den Infowellen zudem einen Olympiaabend ab 20.15 Uhr. Als Netcast bietet man t\u00e4glich von 9.00 Uhr bis 22.30 Uhr eine Olympiawelle an, zu h\u00f6ren in der ARD Audiothek, auf sportschau.de aber u.a. auch bei WDR Event oder NDR Info Spezial. Hier wird es Talks und Live- Reportagen geben. Nun aber wieder zu Olympia im TV und den Fu\u00dfball-<\/p>\n\n\n\n<hr class=\"wp-block-separator\"\/>\n\n\n\n<p><strong>Ansetzungen vom 24 Juli bis zum 28. Juli 2024<\/strong><\/p>\n\n\n\n<hr class=\"wp-block-separator\"\/>\n\n\n\n<p style=\"font-size:15px\"><strong>Olympisches Fu\u00dfballturnier, Gruppenphase M\u00e4nner (ARD\/ZDF\/Eurosport)<\/strong><br><em>Die Streams von ARD und ZDF gibt es sowohl in den Mediatheken von ARD und ZDF sowie auf sportschau.de und sportstudio.de &#8211; Spiele mit Eurosport\/ Discovery laufen auch bei Eurosport1 kostenfrei, die Streams werden (kostenpflichtig) bei discovery+ \u00fcbertragen &#8211; nicht alle Streams werden mit (deutschem) Kommentar angeboten<\/em><\/p>\n\n\n\n<p style=\"font-size:18px\"><span style=\"text-decoration: underline;\">Mittwoch, 24. Juli 2024, ab 14.50 Uhr (ARD-\/ZDF- Mediathek), ab 14.30 Uhr (Eurosport\/discovery+) <\/span><\/p>\n\n\n\n<p><strong><em>Usbekistan &#8211; Spanien<\/em><\/strong> <strong><em>(15.00 Uhr)<\/em><\/strong><br><img loading=\"lazy\" decoding=\"async\" width=\"10\" height=\"21\" class=\"wp-image-3656\" style=\"width: 10px;\" src=\"http:\/\/kommentatorenblog.de\/wp-content\/uploads\/2020\/09\/shure-55sh-ii-e1601485394796.jpg\" alt=\"\" srcset=\"https:\/\/kommentatorenblog.de\/wp-content\/uploads\/2020\/09\/shure-55sh-ii-e1601485394796.jpg 415w, https:\/\/kommentatorenblog.de\/wp-content\/uploads\/2020\/09\/shure-55sh-ii-e1601485394796-142x300.jpg 142w\" sizes=\"auto, (max-width: 10px) 100vw, 10px\" \/> <em>ARD\/ZDF- Stream<\/em>: Stephanie Baczyk<br><img loading=\"lazy\" decoding=\"async\" width=\"10\" height=\"21\" class=\"wp-image-3656\" style=\"width: 10px;\" src=\"http:\/\/kommentatorenblog.de\/wp-content\/uploads\/2020\/09\/shure-55sh-ii-e1601485394796.jpg\" alt=\"\" srcset=\"https:\/\/kommentatorenblog.de\/wp-content\/uploads\/2020\/09\/shure-55sh-ii-e1601485394796.jpg 415w, https:\/\/kommentatorenblog.de\/wp-content\/uploads\/2020\/09\/shure-55sh-ii-e1601485394796-142x300.jpg 142w\" sizes=\"auto, (max-width: 10px) 100vw, 10px\" \/> <em>Discovery+<\/em>: &#8211;<\/p>\n\n\n\n<p><strong><em>Argentinien &#8211; Marokko<\/em><\/strong> <strong><em>(15.00 Uhr)<\/em><\/strong><br><img loading=\"lazy\" decoding=\"async\" width=\"10\" height=\"21\" class=\"wp-image-3656\" style=\"width: 10px;\" src=\"http:\/\/kommentatorenblog.de\/wp-content\/uploads\/2020\/09\/shure-55sh-ii-e1601485394796.jpg\" alt=\"\" srcset=\"https:\/\/kommentatorenblog.de\/wp-content\/uploads\/2020\/09\/shure-55sh-ii-e1601485394796.jpg 415w, https:\/\/kommentatorenblog.de\/wp-content\/uploads\/2020\/09\/shure-55sh-ii-e1601485394796-142x300.jpg 142w\" sizes=\"auto, (max-width: 10px) 100vw, 10px\" \/> <em>ARD\/ZDF- Stream<\/em>: Florian Obst<br><img loading=\"lazy\" decoding=\"async\" width=\"10\" height=\"21\" class=\"wp-image-3656\" style=\"width: 10px;\" src=\"http:\/\/kommentatorenblog.de\/wp-content\/uploads\/2020\/09\/shure-55sh-ii-e1601485394796.jpg\" alt=\"\" srcset=\"https:\/\/kommentatorenblog.de\/wp-content\/uploads\/2020\/09\/shure-55sh-ii-e1601485394796.jpg 415w, https:\/\/kommentatorenblog.de\/wp-content\/uploads\/2020\/09\/shure-55sh-ii-e1601485394796-142x300.jpg 142w\" sizes=\"auto, (max-width: 10px) 100vw, 10px\" \/> <em>Eurosport\/ Discovery<\/em>: Christoph Fetzer<\/p>\n\n\n\n<p><span style=\"text-decoration: underline;\">ab 16.50 Uhr<\/span><\/p>\n\n\n\n<p><strong><em>Guinea &#8211; Neuseeland<\/em><\/strong> <strong><em>(17.00 Uhr)<\/em><\/strong><br><img loading=\"lazy\" decoding=\"async\" width=\"10\" height=\"21\" class=\"wp-image-3656\" style=\"width: 10px;\" src=\"http:\/\/kommentatorenblog.de\/wp-content\/uploads\/2020\/09\/shure-55sh-ii-e1601485394796.jpg\" alt=\"\" srcset=\"https:\/\/kommentatorenblog.de\/wp-content\/uploads\/2020\/09\/shure-55sh-ii-e1601485394796.jpg 415w, https:\/\/kommentatorenblog.de\/wp-content\/uploads\/2020\/09\/shure-55sh-ii-e1601485394796-142x300.jpg 142w\" sizes=\"auto, (max-width: 10px) 100vw, 10px\" \/> <em>ARD\/ZDF- Stream<\/em>: unkommentiert<br><img loading=\"lazy\" decoding=\"async\" width=\"10\" height=\"21\" class=\"wp-image-3656\" style=\"width: 10px;\" src=\"http:\/\/kommentatorenblog.de\/wp-content\/uploads\/2020\/09\/shure-55sh-ii-e1601485394796.jpg\" alt=\"\" srcset=\"https:\/\/kommentatorenblog.de\/wp-content\/uploads\/2020\/09\/shure-55sh-ii-e1601485394796.jpg 415w, https:\/\/kommentatorenblog.de\/wp-content\/uploads\/2020\/09\/shure-55sh-ii-e1601485394796-142x300.jpg 142w\" sizes=\"auto, (max-width: 10px) 100vw, 10px\" \/> <em>Discovery+<\/em>: &#8211;<\/p>\n\n\n\n<p><strong><em>\u00c4gypten &#8211; Dominikanische Republik<\/em><\/strong> <strong><em>(17.00 Uhr)<\/em><\/strong><br><img loading=\"lazy\" decoding=\"async\" width=\"10\" height=\"21\" class=\"wp-image-3656\" style=\"width: 10px;\" src=\"http:\/\/kommentatorenblog.de\/wp-content\/uploads\/2020\/09\/shure-55sh-ii-e1601485394796.jpg\" alt=\"\" srcset=\"https:\/\/kommentatorenblog.de\/wp-content\/uploads\/2020\/09\/shure-55sh-ii-e1601485394796.jpg 415w, https:\/\/kommentatorenblog.de\/wp-content\/uploads\/2020\/09\/shure-55sh-ii-e1601485394796-142x300.jpg 142w\" sizes=\"auto, (max-width: 10px) 100vw, 10px\" \/> <em>ARD\/ZDF- Stream<\/em>: unkommentiert<br><img loading=\"lazy\" decoding=\"async\" width=\"10\" height=\"21\" class=\"wp-image-3656\" style=\"width: 10px;\" src=\"http:\/\/kommentatorenblog.de\/wp-content\/uploads\/2020\/09\/shure-55sh-ii-e1601485394796.jpg\" alt=\"\" srcset=\"https:\/\/kommentatorenblog.de\/wp-content\/uploads\/2020\/09\/shure-55sh-ii-e1601485394796.jpg 415w, https:\/\/kommentatorenblog.de\/wp-content\/uploads\/2020\/09\/shure-55sh-ii-e1601485394796-142x300.jpg 142w\" sizes=\"auto, (max-width: 10px) 100vw, 10px\" \/> <em>Eurosport\/ Discovery<\/em>: Tobi Fischbeck<\/p>\n\n\n\n<p><span style=\"text-decoration: underline;\">ab 18.50 Uhr<\/span><\/p>\n\n\n\n<p><strong><em>Irak &#8211; Ukraine<\/em><\/strong> <strong><em>(19.00 Uhr)<\/em><\/strong><br><img loading=\"lazy\" decoding=\"async\" width=\"10\" height=\"21\" class=\"wp-image-3656\" style=\"width: 10px;\" src=\"http:\/\/kommentatorenblog.de\/wp-content\/uploads\/2020\/09\/shure-55sh-ii-e1601485394796.jpg\" alt=\"\" srcset=\"https:\/\/kommentatorenblog.de\/wp-content\/uploads\/2020\/09\/shure-55sh-ii-e1601485394796.jpg 415w, https:\/\/kommentatorenblog.de\/wp-content\/uploads\/2020\/09\/shure-55sh-ii-e1601485394796-142x300.jpg 142w\" sizes=\"auto, (max-width: 10px) 100vw, 10px\" \/> <em>ARD\/ZDF- Stream<\/em>: Bernd Schmelzer<br><img loading=\"lazy\" decoding=\"async\" width=\"10\" height=\"21\" class=\"wp-image-3656\" style=\"width: 10px;\" src=\"http:\/\/kommentatorenblog.de\/wp-content\/uploads\/2020\/09\/shure-55sh-ii-e1601485394796.jpg\" alt=\"\" srcset=\"https:\/\/kommentatorenblog.de\/wp-content\/uploads\/2020\/09\/shure-55sh-ii-e1601485394796.jpg 415w, https:\/\/kommentatorenblog.de\/wp-content\/uploads\/2020\/09\/shure-55sh-ii-e1601485394796-142x300.jpg 142w\" sizes=\"auto, (max-width: 10px) 100vw, 10px\" \/> <em>Eurosport\/ Discovery<\/em>: Markus Theil<\/p>\n\n\n\n<p><strong><em>Japan &#8211; Paraguay&nbsp;<\/em><\/strong> <strong><em>(19.00 Uhr)<\/em><\/strong><br><img loading=\"lazy\" decoding=\"async\" width=\"10\" height=\"21\" class=\"wp-image-3656\" style=\"width: 10px;\" src=\"http:\/\/kommentatorenblog.de\/wp-content\/uploads\/2020\/09\/shure-55sh-ii-e1601485394796.jpg\" alt=\"\" srcset=\"https:\/\/kommentatorenblog.de\/wp-content\/uploads\/2020\/09\/shure-55sh-ii-e1601485394796.jpg 415w, https:\/\/kommentatorenblog.de\/wp-content\/uploads\/2020\/09\/shure-55sh-ii-e1601485394796-142x300.jpg 142w\" sizes=\"auto, (max-width: 10px) 100vw, 10px\" \/> <em>ARD\/ZDF- Stream<\/em>: unkommentiert<br><img loading=\"lazy\" decoding=\"async\" width=\"10\" height=\"21\" class=\"wp-image-3656\" style=\"width: 10px;\" src=\"http:\/\/kommentatorenblog.de\/wp-content\/uploads\/2020\/09\/shure-55sh-ii-e1601485394796.jpg\" alt=\"\" srcset=\"https:\/\/kommentatorenblog.de\/wp-content\/uploads\/2020\/09\/shure-55sh-ii-e1601485394796.jpg 415w, https:\/\/kommentatorenblog.de\/wp-content\/uploads\/2020\/09\/shure-55sh-ii-e1601485394796-142x300.jpg 142w\" sizes=\"auto, (max-width: 10px) 100vw, 10px\" \/> <em>Discovery+<\/em>: &#8211;<\/p>\n\n\n\n<p><span style=\"text-decoration: underline;\">ab 20.50 Uhr<\/span><\/p>\n\n\n\n<p><strong><em>Frankreich &#8211; USA(21.00 Uhr)<\/em><\/strong><br><img loading=\"lazy\" decoding=\"async\" width=\"10\" height=\"21\" class=\"wp-image-3656\" style=\"width: 10px;\" src=\"http:\/\/kommentatorenblog.de\/wp-content\/uploads\/2020\/09\/shure-55sh-ii-e1601485394796.jpg\" alt=\"\" srcset=\"https:\/\/kommentatorenblog.de\/wp-content\/uploads\/2020\/09\/shure-55sh-ii-e1601485394796.jpg 415w, https:\/\/kommentatorenblog.de\/wp-content\/uploads\/2020\/09\/shure-55sh-ii-e1601485394796-142x300.jpg 142w\" sizes=\"auto, (max-width: 10px) 100vw, 10px\" \/> <em>ARD\/ZDF- Stream<\/em>: Konstantin Klostermann<br><img loading=\"lazy\" decoding=\"async\" width=\"10\" height=\"21\" class=\"wp-image-3656\" style=\"width: 10px;\" src=\"http:\/\/kommentatorenblog.de\/wp-content\/uploads\/2020\/09\/shure-55sh-ii-e1601485394796.jpg\" alt=\"\" srcset=\"https:\/\/kommentatorenblog.de\/wp-content\/uploads\/2020\/09\/shure-55sh-ii-e1601485394796.jpg 415w, https:\/\/kommentatorenblog.de\/wp-content\/uploads\/2020\/09\/shure-55sh-ii-e1601485394796-142x300.jpg 142w\" sizes=\"auto, (max-width: 10px) 100vw, 10px\" \/> <em>Eurosport\/ Discovery<\/em>: Matthias Stach<\/p>\n\n\n\n<p><strong><em>Mali &#8211; Israel (21.00 Uhr)<\/em><\/strong><br><img loading=\"lazy\" decoding=\"async\" width=\"10\" height=\"21\" class=\"wp-image-3656\" style=\"width: 10px;\" src=\"http:\/\/kommentatorenblog.de\/wp-content\/uploads\/2020\/09\/shure-55sh-ii-e1601485394796.jpg\" alt=\"\" srcset=\"https:\/\/kommentatorenblog.de\/wp-content\/uploads\/2020\/09\/shure-55sh-ii-e1601485394796.jpg 415w, https:\/\/kommentatorenblog.de\/wp-content\/uploads\/2020\/09\/shure-55sh-ii-e1601485394796-142x300.jpg 142w\" sizes=\"auto, (max-width: 10px) 100vw, 10px\" \/> <em>ARD\/ZDF- Stream<\/em>: Gari Paubandt<br><img loading=\"lazy\" decoding=\"async\" width=\"10\" height=\"21\" class=\"wp-image-3656\" style=\"width: 10px;\" src=\"http:\/\/kommentatorenblog.de\/wp-content\/uploads\/2020\/09\/shure-55sh-ii-e1601485394796.jpg\" alt=\"\" srcset=\"https:\/\/kommentatorenblog.de\/wp-content\/uploads\/2020\/09\/shure-55sh-ii-e1601485394796.jpg 415w, https:\/\/kommentatorenblog.de\/wp-content\/uploads\/2020\/09\/shure-55sh-ii-e1601485394796-142x300.jpg 142w\" sizes=\"auto, (max-width: 10px) 100vw, 10px\" \/> <em>Discovery+<\/em>: &#8211;<\/p>\n\n\n\n<p><strong>Olympisches Fu\u00dfballturnier, Gruppenphase Frauen (ARD\/ZDF\/Eurosport)<\/strong><\/p>\n\n\n\n<p><span style=\"text-decoration: underline;\"><span style=\"text-decoration: underline;\">Donnerstag, 25. Juli 2024<\/span>, ab 16.50 Uhr (ARD-\/ZDF- Mediathek) <\/span><\/p>\n\n\n\n<p><strong><em>Kanada &#8211; Neuseeland (17.00 Uhr)<\/em><\/strong><br><img loading=\"lazy\" decoding=\"async\" width=\"10\" height=\"21\" class=\"wp-image-3656\" style=\"width: 10px;\" src=\"http:\/\/kommentatorenblog.de\/wp-content\/uploads\/2020\/09\/shure-55sh-ii-e1601485394796.jpg\" alt=\"\" srcset=\"https:\/\/kommentatorenblog.de\/wp-content\/uploads\/2020\/09\/shure-55sh-ii-e1601485394796.jpg 415w, https:\/\/kommentatorenblog.de\/wp-content\/uploads\/2020\/09\/shure-55sh-ii-e1601485394796-142x300.jpg 142w\" sizes=\"auto, (max-width: 10px) 100vw, 10px\" \/> <em>ARD\/ZDF- Stream<\/em>: Florian Obst<br><img loading=\"lazy\" decoding=\"async\" width=\"10\" height=\"21\" class=\"wp-image-3656\" style=\"width: 10px;\" src=\"http:\/\/kommentatorenblog.de\/wp-content\/uploads\/2020\/09\/shure-55sh-ii-e1601485394796.jpg\" alt=\"\" srcset=\"https:\/\/kommentatorenblog.de\/wp-content\/uploads\/2020\/09\/shure-55sh-ii-e1601485394796.jpg 415w, https:\/\/kommentatorenblog.de\/wp-content\/uploads\/2020\/09\/shure-55sh-ii-e1601485394796-142x300.jpg 142w\" sizes=\"auto, (max-width: 10px) 100vw, 10px\" \/> <em>Eurosport\/ Discovery<\/em>: &#8211;<\/p>\n\n\n\n<p><strong><em>Spanien &#8211; Japan (17.00 Uhr)<\/em><\/strong><br><img loading=\"lazy\" decoding=\"async\" width=\"10\" height=\"21\" class=\"wp-image-3656\" style=\"width: 10px;\" src=\"http:\/\/kommentatorenblog.de\/wp-content\/uploads\/2020\/09\/shure-55sh-ii-e1601485394796.jpg\" alt=\"\" srcset=\"https:\/\/kommentatorenblog.de\/wp-content\/uploads\/2020\/09\/shure-55sh-ii-e1601485394796.jpg 415w, https:\/\/kommentatorenblog.de\/wp-content\/uploads\/2020\/09\/shure-55sh-ii-e1601485394796-142x300.jpg 142w\" sizes=\"auto, (max-width: 10px) 100vw, 10px\" \/> <em>ARD\/ZDF- Stream<\/em>: Ina Kast<br><img loading=\"lazy\" decoding=\"async\" width=\"10\" height=\"21\" class=\"wp-image-3656\" style=\"width: 10px;\" src=\"http:\/\/kommentatorenblog.de\/wp-content\/uploads\/2020\/09\/shure-55sh-ii-e1601485394796.jpg\" alt=\"\" srcset=\"https:\/\/kommentatorenblog.de\/wp-content\/uploads\/2020\/09\/shure-55sh-ii-e1601485394796.jpg 415w, https:\/\/kommentatorenblog.de\/wp-content\/uploads\/2020\/09\/shure-55sh-ii-e1601485394796-142x300.jpg 142w\" sizes=\"auto, (max-width: 10px) 100vw, 10px\" \/> <em>Eurosport\/ Discovery<\/em>: Markus Theil<\/p>\n\n\n\n<p><span style=\"text-decoration: underline;\">Donnerstag, 25. Juli 2024, ab 18.45 Uhr (ZDF), ab 18.50 (ARD-\/ZDF- Mediathek) <\/span><\/p>\n\n\n\n<p><strong><em>Deutschland &#8211; Australien<\/em><\/strong> <strong><em>(19.00 Uhr)<\/em><\/strong><br><img loading=\"lazy\" decoding=\"async\" width=\"10\" height=\"21\" class=\"wp-image-3656\" style=\"width: 10px;\" src=\"http:\/\/kommentatorenblog.de\/wp-content\/uploads\/2020\/09\/shure-55sh-ii-e1601485394796.jpg\" alt=\"\" srcset=\"https:\/\/kommentatorenblog.de\/wp-content\/uploads\/2020\/09\/shure-55sh-ii-e1601485394796.jpg 415w, https:\/\/kommentatorenblog.de\/wp-content\/uploads\/2020\/09\/shure-55sh-ii-e1601485394796-142x300.jpg 142w\" sizes=\"auto, (max-width: 10px) 100vw, 10px\" \/> <em>ZDF<\/em>: Claudia Neumann<br>Moderation (ZDF): Katrin M\u00fcller- Hohenstein (Olympia- Studio)<br>Moderation (ZDF): Sven Voss (Stadion), Field-Reporterin: Amelie Stiefvatter<br><img loading=\"lazy\" decoding=\"async\" width=\"10\" height=\"21\" class=\"wp-image-3656\" style=\"width: 10px;\" src=\"http:\/\/kommentatorenblog.de\/wp-content\/uploads\/2020\/09\/shure-55sh-ii-e1601485394796.jpg\" alt=\"\" srcset=\"https:\/\/kommentatorenblog.de\/wp-content\/uploads\/2020\/09\/shure-55sh-ii-e1601485394796.jpg 415w, https:\/\/kommentatorenblog.de\/wp-content\/uploads\/2020\/09\/shure-55sh-ii-e1601485394796-142x300.jpg 142w\" sizes=\"auto, (max-width: 10px) 100vw, 10px\" \/> <em>ARD\/ZDF- Stream<\/em>: Stephanie Baczyk<br><img loading=\"lazy\" decoding=\"async\" width=\"10\" height=\"21\" class=\"wp-image-3656\" style=\"width: 10px;\" src=\"http:\/\/kommentatorenblog.de\/wp-content\/uploads\/2020\/09\/shure-55sh-ii-e1601485394796.jpg\" alt=\"\" srcset=\"https:\/\/kommentatorenblog.de\/wp-content\/uploads\/2020\/09\/shure-55sh-ii-e1601485394796.jpg 415w, https:\/\/kommentatorenblog.de\/wp-content\/uploads\/2020\/09\/shure-55sh-ii-e1601485394796-142x300.jpg 142w\" sizes=\"auto, (max-width: 10px) 100vw, 10px\" \/> <em>Eurosport\/ Discovery<\/em>: Matthias Stach, Expertin: Navina Omilade<\/p>\n\n\n\n<p><span style=\"text-decoration: underline;\">ab 20.50 (ARD-\/ZDF- Mediathek) <\/span><\/p>\n\n\n\n<p><strong><em>USA &#8211; Sambi<\/em>a<\/strong> <strong><em>(21.00 Uhr)<\/em><\/strong><br><img loading=\"lazy\" decoding=\"async\" width=\"10\" height=\"21\" class=\"wp-image-3656\" style=\"width: 10px;\" src=\"http:\/\/kommentatorenblog.de\/wp-content\/uploads\/2020\/09\/shure-55sh-ii-e1601485394796.jpg\" alt=\"\" srcset=\"https:\/\/kommentatorenblog.de\/wp-content\/uploads\/2020\/09\/shure-55sh-ii-e1601485394796.jpg 415w, https:\/\/kommentatorenblog.de\/wp-content\/uploads\/2020\/09\/shure-55sh-ii-e1601485394796-142x300.jpg 142w\" sizes=\"auto, (max-width: 10px) 100vw, 10px\" \/> <em>ARD\/ZDF- Stream<\/em>: Bernd Schmelzer <br><img loading=\"lazy\" decoding=\"async\" width=\"10\" height=\"21\" class=\"wp-image-3656\" style=\"width: 10px;\" src=\"http:\/\/kommentatorenblog.de\/wp-content\/uploads\/2020\/09\/shure-55sh-ii-e1601485394796.jpg\" alt=\"\" srcset=\"https:\/\/kommentatorenblog.de\/wp-content\/uploads\/2020\/09\/shure-55sh-ii-e1601485394796.jpg 415w, https:\/\/kommentatorenblog.de\/wp-content\/uploads\/2020\/09\/shure-55sh-ii-e1601485394796-142x300.jpg 142w\" sizes=\"auto, (max-width: 10px) 100vw, 10px\" \/> <em>Eurosport\/ Discovery<\/em>: &#8211;<\/p>\n\n\n\n<p><strong><em>Frankreich &#8211; Kolumbien<\/em><\/strong> <strong><em>(21.00 Uhr)<\/em><\/strong><br><img loading=\"lazy\" decoding=\"async\" width=\"10\" height=\"21\" class=\"wp-image-3656\" style=\"width: 10px;\" src=\"http:\/\/kommentatorenblog.de\/wp-content\/uploads\/2020\/09\/shure-55sh-ii-e1601485394796.jpg\" alt=\"\" srcset=\"https:\/\/kommentatorenblog.de\/wp-content\/uploads\/2020\/09\/shure-55sh-ii-e1601485394796.jpg 415w, https:\/\/kommentatorenblog.de\/wp-content\/uploads\/2020\/09\/shure-55sh-ii-e1601485394796-142x300.jpg 142w\" sizes=\"auto, (max-width: 10px) 100vw, 10px\" \/> <em>ARD\/ZDF- Stream<\/em>: Heiko Klasen<br><img loading=\"lazy\" decoding=\"async\" width=\"10\" height=\"21\" class=\"wp-image-3656\" style=\"width: 10px;\" src=\"http:\/\/kommentatorenblog.de\/wp-content\/uploads\/2020\/09\/shure-55sh-ii-e1601485394796.jpg\" alt=\"\" srcset=\"https:\/\/kommentatorenblog.de\/wp-content\/uploads\/2020\/09\/shure-55sh-ii-e1601485394796.jpg 415w, https:\/\/kommentatorenblog.de\/wp-content\/uploads\/2020\/09\/shure-55sh-ii-e1601485394796-142x300.jpg 142w\" sizes=\"auto, (max-width: 10px) 100vw, 10px\" \/> <em>Eurosport\/ Discovery<\/em>: Christoph Fetzer<\/p>\n\n\n\n<p><span style=\"text-decoration: underline;\"><span style=\"text-decoration: underline;\">Freitag, 26. Juli 2024, ab 18.00 Uhr (ARD\/Eurosport) bzw. ab 19.00 Uhr (Discovery+)<\/span><\/span><\/p>\n\n\n\n<p><strong><em>Er\u00f6ffnungsfeier Olympische Spiele <\/em><\/strong><\/p>\n\n\n\n<p><img loading=\"lazy\" decoding=\"async\" width=\"10\" height=\"21\" class=\"wp-image-3656\" style=\"width: 10px;\" src=\"http:\/\/kommentatorenblog.de\/wp-content\/uploads\/2020\/09\/shure-55sh-ii-e1601485394796.jpg\" alt=\"\" srcset=\"https:\/\/kommentatorenblog.de\/wp-content\/uploads\/2020\/09\/shure-55sh-ii-e1601485394796.jpg 415w, https:\/\/kommentatorenblog.de\/wp-content\/uploads\/2020\/09\/shure-55sh-ii-e1601485394796-142x300.jpg 142w\" sizes=\"auto, (max-width: 10px) 100vw, 10px\" \/> <em>ARD<\/em>: Tom Bartels &amp; Friederike Hofmann<br>Moderation (ARD): Esther Sedlaczek &amp; Alexander Bommes<\/p>\n\n\n\n<p><img loading=\"lazy\" decoding=\"async\" width=\"10\" height=\"21\" class=\"wp-image-3656\" style=\"width: 10px;\" src=\"http:\/\/kommentatorenblog.de\/wp-content\/uploads\/2020\/09\/shure-55sh-ii-e1601485394796.jpg\" alt=\"\" srcset=\"https:\/\/kommentatorenblog.de\/wp-content\/uploads\/2020\/09\/shure-55sh-ii-e1601485394796.jpg 415w, https:\/\/kommentatorenblog.de\/wp-content\/uploads\/2020\/09\/shure-55sh-ii-e1601485394796-142x300.jpg 142w\" sizes=\"auto, (max-width: 10px) 100vw, 10px\" \/> <em>Eurosport<\/em>: Sigi Heinrich &amp; Fabian Hamb\u00fcchen<br>Moderation (Eurosport): Birgit N\u00f6ssing &amp; Thomas Wagner<br>Moderation (Discovery+): Lisa Hofmann &amp; Florian Eckl, Gast: Julian FM Stoeckel<\/p>\n\n\n\n<p class=\"has-small-font-size\"><em>&#8211;der Fokus des Beitrags lag auf den Olympischen Spielen, weshalb auch nur diese heute aufgelistet wurden-kurzfristige \u00c4nderungen sind m\u00f6glich&#8211;<\/em><\/p>\n\n\n\n<p><span style=\"text-decoration: underline;\">Donnerstag, 25. Juli 2024, ab 20.15 Uhr (MDR)<\/span><\/p>\n\n\n\n<p><strong><em>Chemnitzer FC &#8211; Hallescher FC (20.20 Uhr)<\/em><\/strong><br><img loading=\"lazy\" decoding=\"async\" width=\"10\" height=\"21\" class=\"wp-image-3656\" style=\"width: 10px;\" src=\"http:\/\/kommentatorenblog.de\/wp-content\/uploads\/2020\/09\/shure-55sh-ii-e1601485394796.jpg\" alt=\"\" srcset=\"https:\/\/kommentatorenblog.de\/wp-content\/uploads\/2020\/09\/shure-55sh-ii-e1601485394796.jpg 415w, https:\/\/kommentatorenblog.de\/wp-content\/uploads\/2020\/09\/shure-55sh-ii-e1601485394796-142x300.jpg 142w\" sizes=\"auto, (max-width: 10px) 100vw, 10px\" \/><em> <\/em>Eik Galley, Experte: Lutz Lindemann<br>Moderation: Stephanie M\u00fcller- Spirra<br><\/p>\n\n\n\n<hr class=\"wp-block-separator\"\/>\n\n\n\n<p><strong>Die Analyse<\/strong><\/p>\n\n\n\n<p>Bereits vor der Er\u00f6ffnungsfeier startet das olympische Fu\u00dfballturnier sowie das Rugby- Turnier (Livestream- Kommentator ARD\/ZDF: Jan Neumann). Am Mittwoch stehen die Spiele der M\u00e4nner an, ARD und ZDF streamen hier alle Spiele, die Mehrheit mit deutschem Personal. Neben dem Stammkr\u00e4ften beim Fu\u00dfball (Baczyk, Paubandt und Schmelzer) verst\u00e4rkt das ZDF das Team um Klostermann und Obst. Da sich bei den Fu\u00dfball- Frauen die deutsche Mannschaft f\u00fcr das Turnier qualifizieren konnte, startet das Zweite seine Olympia- \u00dcbertragung bereits am Donnerstag mit der Partie Deutschland- Australien und der Partie der deutschen Handballerinnen. Das Spiel des DFB- Teams kommentiert Claudia Neumann, w\u00e4hrend im Stream Stephanie Baczyk \u00fcbernimmt. Bei Eurosport kommentiert hier Matthias Stach mit Navina Omilade. Erneut gibt es weitere, jedoch nicht alle Spiele im Stream. Ina Kast feiert dabei wohl ihr Deb\u00fct als TV- Kommentatorin, wird dann im Verlauf der Spiele im Radio, besonders beim Tennis zu h\u00f6ren sein. Das soll es an dieser Stelle zum Olympia- Personal gewesen sein. Den n\u00e4chsten Beitrag wird es dann am Donnerstag hier geben. <\/p>\n\n\n\n<p><\/p>\n","protected":false},"excerpt":{"rendered":"<p>N&#8217;Abend allerseits, die Olympischen Spiele stehen an, am Freitag werden sie offiziell er\u00f6ffnet, Grund f\u00fcr uns auf die \u00dcbertragung der Spiele zu schauen, die nach l\u00e4ngerer Zeit auch wieder in unserer Zeitzone stattfinden. Im Folgenden die \u00dcbersicht \u00fcber die Kommentatorinnen und Kommentatoren sowie Expertinnen und Experten von ARD und ZDF sowie Eurosport bei den Spielen; [&hellip;]<\/p>\n","protected":false},"author":10,"featured_media":0,"comment_status":"open","ping_status":"open","sticky":false,"template":"","format":"standard","meta":{"footnotes":""},"categories":[1203],"tags":[1171,1191,246,816,826,1176,920,813,1173,1172,600,436,19,801,1189,527,21,564,1160,1187,57,1178,615,302,442,171,636,938,1195,1186,1166,1201,1181,1106,462,797,97,14,1175,1177,906,32,803,1162,1151,825,704,1163,1118,1179,1152,1168,1153,1156,1159,123,464,810,987,804,748,39,1158,1196,815,335,1204,958,50,1200,378,964,753,1157,909,935,1164,1198,205,1155,806,812,300,239,1137,38,821,1119,1192,679,176,1033,1180,820,1190,1199,814,733,709,798,788,1184,823,766,824,1188,1185,808,1197,750,1182,795,1161,710,1165,1133,1167,33,1193,1183,1169,152,809,273,705,431,807,1174,502,565,37],"class_list":["post-18323","post","type-post","status-publish","format-standard","hentry","category-olympia-2024","tag-adrian-von-der-groeben","tag-alexander-bleick","tag-alexander-bommes","tag-alexander-schwan","tag-alexander-von-der-groeben","tag-alexandra-dersch","tag-amelie-stiefvatter","tag-andreas-kuerten","tag-andreas-spellig","tag-anett-boehm","tag-ann-kathrin-rose","tag-antonia-wisgickl","tag-ard","tag-aris-donzelli","tag-axel-chur","tag-benedikt-brinsa","tag-benni-zander","tag-birgit-noessing","tag-carsten-sostmeier","tag-christian-adolph","tag-christian-blunck","tag-christian-lichtenberg","tag-christina-graf","tag-christoph-fetzer","tag-christoph-hamm","tag-christoph-stadtler","tag-claus-lufen","tag-daniel-pinschower","tag-denise-krebs","tag-dennis-heinemann","tag-dirk-berscheidt","tag-dirk-waldorff","tag-dirk-alexander-lude","tag-edgar-endres","tag-eik-galley","tag-eike-papsdorf","tag-esther-sedlaczek","tag-eurosport","tag-fabian-meseberg","tag-felix-tusche","tag-florian-eckl","tag-gari-paubandt","tag-guido-heuber","tag-guido-ringel","tag-harry-weber","tag-heiko-klasen","tag-hendrik-deichmann","tag-hermann-vallkyser","tag-holger-dahl","tag-holger-gerska","tag-holger-sauer","tag-ina-kast","tag-irina-gnep","tag-jakob-rueger","tag-jan-didjurgeit","tag-jan-luedeke","tag-jan-neumann","tag-jan-wiecken","tag-jens-joerg-rieck-2","tag-jens-joerg-rieck","tag-jeremias-diel","tag-jochen-breyer","tag-joerg-klawitter","tag-juliane-moecklinghoff","tag-julius-hilfenhaus","tag-karsten-migels","tag-katharina-hosser","tag-katja-streso","tag-katrin-mueller-hohenstein","tag-kerstin-hermes","tag-konstantin-klostermann","tag-kristoffer-klein","tag-lars-becker","tag-laura-trust","tag-lea-wagner","tag-lena-kesting","tag-linda-striebing","tag-lisa-hofmann","tag-lukas-schoenmueller","tag-malyk-arrendell","tag-marc-rohde","tag-marc-windgassen","tag-markus-krawinkel","tag-markus-theil","tag-martin-roschitz","tag-martin-schneider","tag-martin-wolff","tag-martina-knief","tag-matthias-arians","tag-matthias-cammann","tag-matthias-stach","tag-michael-drevenstedt","tag-michael-kraemer","tag-michael-kreutz","tag-mirko-heintz","tag-moritz-cassalette","tag-nico-zacek","tag-nils-kaben","tag-norbert-galeske","tag-norbert-koenig","tag-olympia","tag-peter-carstens","tag-petra-bindl","tag-philipp-sohmer","tag-ralf-scholt","tag-regina-saur","tag-robert-witt","tag-roman-knoblauch","tag-sabine-hartelt","tag-sabrina-bramowski","tag-sebastian-ungermanns","tag-sigi-heinrich","tag-susanne-simon","tag-sven-voss","tag-sylvia-warnke","tag-tabea-kunze","tag-thomas-kunze","tag-thomas-wagner","tag-thorsten-vom-wege","tag-tibor-meingast","tag-tim-brockmeier","tag-tobi-fischbeck","tag-tobias-barnerssoi","tag-tom-bartels","tag-torsten-pueschel","tag-uwe-semrau","tag-volker-grube","tag-volker-hirth","tag-wilfried-hark","tag-wolfgang-nadvornik","tag-zdf"],"_links":{"self":[{"href":"https:\/\/kommentatorenblog.de\/index.php?rest_route=\/wp\/v2\/posts\/18323","targetHints":{"allow":["GET"]}}],"collection":[{"href":"https:\/\/kommentatorenblog.de\/index.php?rest_route=\/wp\/v2\/posts"}],"about":[{"href":"https:\/\/kommentatorenblog.de\/index.php?rest_route=\/wp\/v2\/types\/post"}],"author":[{"embeddable":true,"href":"https:\/\/kommentatorenblog.de\/index.php?rest_route=\/wp\/v2\/users\/10"}],"replies":[{"embeddable":true,"href":"https:\/\/kommentatorenblog.de\/index.php?rest_route=%2Fwp%2Fv2%2Fcomments&post=18323"}],"version-history":[{"count":102,"href":"https:\/\/kommentatorenblog.de\/index.php?rest_route=\/wp\/v2\/posts\/18323\/revisions"}],"predecessor-version":[{"id":18708,"href":"https:\/\/kommentatorenblog.de\/index.php?rest_route=\/wp\/v2\/posts\/18323\/revisions\/18708"}],"wp:attachment":[{"href":"https:\/\/kommentatorenblog.de\/index.php?rest_route=%2Fwp%2Fv2%2Fmedia&parent=18323"}],"wp:term":[{"taxonomy":"category","embeddable":true,"href":"https:\/\/kommentatorenblog.de\/index.php?rest_route=%2Fwp%2Fv2%2Fcategories&post=18323"},{"taxonomy":"post_tag","embeddable":true,"href":"https:\/\/kommentatorenblog.de\/index.php?rest_route=%2Fwp%2Fv2%2Ftags&post=18323"}],"curies":[{"name":"wp","href":"https:\/\/api.w.org\/{rel}","templated":true}]}}