{"id":18341,"date":"2024-07-04T20:18:54","date_gmt":"2024-07-04T19:18:54","guid":{"rendered":"http:\/\/kommentatorenblog.de\/?p=18341"},"modified":"2024-07-06T16:27:22","modified_gmt":"2024-07-06T15:27:22","slug":"1436-viertelfinale","status":"publish","type":"post","link":"https:\/\/kommentatorenblog.de\/?p=18341","title":{"rendered":"1436 \u2013 Viertelfinale"},"content":{"rendered":"\n<p><strong>N&#8217;Abend allerseits,<\/strong><\/p>\n\n\n\n<p>am Dienstag ist die letzte Achtelfinalpartie der EM \u00fcber die B\u00fchne gegangen. W\u00e4hrend das Spiel zwischen \u00d6sterreich und der T\u00fcrkei in Deutschland exklusiv nur auf MagentaTV zu sehen war, konnte man es in meiner Wahlheimat auch auf ServusTV verfolgen. Philipp Krummholz und Florian Klein haben kommentiert, weitere Experten waren Sebastian Pr\u00f6dl und Zladko Junuzovic. Den \u00fcberwiegenden Teil der Spiele, die ich verfolgen konnte, habe ich bei MagentaTV gesehen, die \u00d6sterreichspiele bei Servus. Grunds\u00e4tzlich sind die \u00dcbertragungen des salzburger Senders sehr gut gelungen. Eine gute Mischung aus Entertainment und Fu\u00dfballsachverstand. Die Kommentatorenduos richtig gut aufeinander abgestimmt, Lutz Wagner als Schiri-Experte auch sehr gut ins Geschehen eingebunden, wobei ich diesem Thema eher kritisch gegen\u00fcber stehe. Es bringt meines Erachtens selten einen wirklichen Mehrwert f\u00fcr die ZuschauerInnen.<\/p>\n\n\n\n<p>Auf jeden Fall hat die Rangnickelf es wirklich geschafft, im Skifahrerland \u00d6sterreich eine richtige Fu\u00dfballbegeisterung auszul\u00f6sen und trotz des sehr ungl\u00fccklichen und auch unerwartet fr\u00fchen Ausscheidens aus dem Turnier h\u00f6rt man hierzulande nur Lobeshymnen auf Trainer und Team. <\/p>\n\n\n\n<p>Generel hat mich neben dem Ausscheiden von \u00d6sterreich schon so Einiges bei dieser EM \u00fcberrascht. England und Frankreich sind au\u00dfergew\u00f6hnlich schwach, auch die Italiener sicher unter ihren M\u00f6glichkeiten. Einzig Spanien performt meiner Meinung nach richtig gut und ich favorisiere sie auch f\u00fcr das Spiel am Freitag. Es wird also nicht leicht f\u00fcr die DFB-Elf, schauen wir mal, wer sie auf dem Weg begleitet. <\/p>\n\n\n\n<p><em><strong>Die Ansetzungen vom 5. bis zum 8. Juli 2024 <\/strong><\/em><\/p>\n\n\n\n<hr class=\"wp-block-separator\"\/>\n\n\n\n<p><strong>UEFA Euro 2024, Viertelfinale <\/strong><\/p>\n\n\n\n<p><span style=\"text-decoration: underline;\">Freitag, 05. Juli 2024 ab 16.00 Uhr (MagentaTV) bzw. ab 17.05 Uhr (ARD)<\/span><\/p>\n\n\n\n<p><em><strong>Deutschland \u2013 Spanien (18.00 Uhr)<\/strong><\/em><\/p>\n\n\n\n<p><img loading=\"lazy\" decoding=\"async\" width=\"10\" height=\"21\" class=\"wp-image-3656\" style=\"width: 10px;\" src=\"http:\/\/kommentatorenblog.de\/wp-content\/uploads\/2020\/09\/shure-55sh-ii-e1601485394796.jpg\" alt=\"\" srcset=\"https:\/\/kommentatorenblog.de\/wp-content\/uploads\/2020\/09\/shure-55sh-ii-e1601485394796.jpg 415w, https:\/\/kommentatorenblog.de\/wp-content\/uploads\/2020\/09\/shure-55sh-ii-e1601485394796-142x300.jpg 142w\" sizes=\"auto, (max-width: 10px) 100vw, 10px\" \/> MagentaTV\/Sport: Wolff Fuss, Experte: Lothar Matth\u00e4us<br>Taktik-Feed (Magenta): <img loading=\"lazy\" decoding=\"async\" width=\"10\" height=\"21\" class=\"wp-image-3656\" style=\"width: 10px;\" src=\"http:\/\/kommentatorenblog.de\/wp-content\/uploads\/2020\/09\/shure-55sh-ii-e1601485394796.jpg\" alt=\"\" srcset=\"https:\/\/kommentatorenblog.de\/wp-content\/uploads\/2020\/09\/shure-55sh-ii-e1601485394796.jpg 415w, https:\/\/kommentatorenblog.de\/wp-content\/uploads\/2020\/09\/shure-55sh-ii-e1601485394796-142x300.jpg 142w\" sizes=\"auto, (max-width: 10px) 100vw, 10px\" \/> Benni Zander, Experte: Manuel Baum<br>Field-Reporter:innen (Magenta): Thomas Wagner &amp; Anna Kraft <br>Moderation Studio (Magenta): Sascha Bendermann Expertin: Tabea Kemme Analyse: Jan Henkel<br>Moderation Stadion (Magenta): Johannes B. Kerner Experten: Michael Ballack und Shkodran Mustafi<\/p>\n\n\n\n<p><img loading=\"lazy\" decoding=\"async\" width=\"10\" height=\"21\" class=\"wp-image-3656\" style=\"width: 10px;\" src=\"http:\/\/kommentatorenblog.de\/wp-content\/uploads\/2020\/09\/shure-55sh-ii-e1601485394796.jpg\" alt=\"\" srcset=\"https:\/\/kommentatorenblog.de\/wp-content\/uploads\/2020\/09\/shure-55sh-ii-e1601485394796.jpg 415w, https:\/\/kommentatorenblog.de\/wp-content\/uploads\/2020\/09\/shure-55sh-ii-e1601485394796-142x300.jpg 142w\" sizes=\"auto, (max-width: 10px) 100vw, 10px\" \/> ARD: Gerd Gottlob Experte: Thomas Hitzlsperger<br>Moderation (ARD): Esther Sedlaczek Expeerte: Basti Schweinsteiger, Field-Reporterinnen (ARD): Lea Wagner und Julia Scharf<\/p>\n\n\n\n<p><span style=\"text-decoration: underline;\">ab 20.15 Uhr (MagentaTV\/Sport\/ZDF)<\/span><\/p>\n\n\n\n<p><em><strong>Portugal \u2013 Frankreich (21.00 Uhr)<\/strong><\/em><\/p>\n\n\n\n<p><img loading=\"lazy\" decoding=\"async\" width=\"10\" height=\"21\" class=\"wp-image-3656\" style=\"width: 10px;\" src=\"http:\/\/kommentatorenblog.de\/wp-content\/uploads\/2020\/09\/shure-55sh-ii-e1601485394796.jpg\" alt=\"\" srcset=\"https:\/\/kommentatorenblog.de\/wp-content\/uploads\/2020\/09\/shure-55sh-ii-e1601485394796.jpg 415w, https:\/\/kommentatorenblog.de\/wp-content\/uploads\/2020\/09\/shure-55sh-ii-e1601485394796-142x300.jpg 142w\" sizes=\"auto, (max-width: 10px) 100vw, 10px\" \/> Magenta: Jonas Friedrich, Field-Reporterin: Anna Sara Lange <br>Moderation (Magenta): Sascha Bendermann Expertin: Tabea Kemme Analyse: Jan Henkel <\/p>\n\n\n\n<p><img loading=\"lazy\" decoding=\"async\" width=\"10\" height=\"21\" class=\"wp-image-3656\" style=\"width: 10px;\" src=\"http:\/\/kommentatorenblog.de\/wp-content\/uploads\/2020\/09\/shure-55sh-ii-e1601485394796.jpg\" alt=\"\" srcset=\"https:\/\/kommentatorenblog.de\/wp-content\/uploads\/2020\/09\/shure-55sh-ii-e1601485394796.jpg 415w, https:\/\/kommentatorenblog.de\/wp-content\/uploads\/2020\/09\/shure-55sh-ii-e1601485394796-142x300.jpg 142w\" sizes=\"auto, (max-width: 10px) 100vw, 10px\" \/> ZDF: Claudia Neumann, Field-Reporter: Florian Zschiedrich <br>Moderation (ZDF): Jochen Breyer Experten: Christoph Kramer, Per Mertesacker und Friederike Kromp <\/p>\n\n\n\n<p><span style=\"text-decoration: underline;\">Samstag, 6. Juli 2024 ab 16.30 Uhr (MagentaTV\/Sport) bzw. ab 17.05 Uhr (ZDF)<\/span><\/p>\n\n\n\n<p><em><strong>England \u2013 Schweiz (18.00 Uhr)<\/strong><\/em><\/p>\n\n\n\n<p><img loading=\"lazy\" decoding=\"async\" width=\"10\" height=\"21\" class=\"wp-image-3656\" style=\"width: 10px;\" src=\"http:\/\/kommentatorenblog.de\/wp-content\/uploads\/2020\/09\/shure-55sh-ii-e1601485394796.jpg\" alt=\"\" srcset=\"https:\/\/kommentatorenblog.de\/wp-content\/uploads\/2020\/09\/shure-55sh-ii-e1601485394796.jpg 415w, https:\/\/kommentatorenblog.de\/wp-content\/uploads\/2020\/09\/shure-55sh-ii-e1601485394796-142x300.jpg 142w\" sizes=\"auto, (max-width: 10px) 100vw, 10px\" \/> Magenta: Marco Hagemann, Experte: Tim Borowski, Field-Reporterin: Ruth Hofmann <br>Moderation Studio (Magenta): Johannes B. Kerner Experte: Shkodran Mustafi Analyse: Jan Henkel <\/p>\n\n\n\n<p><img loading=\"lazy\" decoding=\"async\" width=\"10\" height=\"21\" class=\"wp-image-3656\" style=\"width: 10px;\" src=\"http:\/\/kommentatorenblog.de\/wp-content\/uploads\/2020\/09\/shure-55sh-ii-e1601485394796.jpg\" alt=\"\" srcset=\"https:\/\/kommentatorenblog.de\/wp-content\/uploads\/2020\/09\/shure-55sh-ii-e1601485394796.jpg 415w, https:\/\/kommentatorenblog.de\/wp-content\/uploads\/2020\/09\/shure-55sh-ii-e1601485394796-142x300.jpg 142w\" sizes=\"auto, (max-width: 10px) 100vw, 10px\" \/> ZDF: Oliver Schmidt, Experte: Moritz Volz, Field-Reporterin: Lena Kesting <br>Moderation (ZDF): Katrin M\u00fcller-Hohenstein Experten: Christoph Kramer, Per Mertesacker und Friederike Kromp <\/p>\n\n\n\n<p><span style=\"text-decoration: underline;\">ab 20.15 Uhr (MagentaTVSport\/RTL)<\/span><\/p>\n\n\n\n<p><em><strong>Niederlande \u2013 T\u00fcrkei (21.00 Uhr)<\/strong><\/em><br><img loading=\"lazy\" decoding=\"async\" width=\"10\" height=\"21\" class=\"wp-image-3656\" style=\"width: 10px;\" src=\"http:\/\/kommentatorenblog.de\/wp-content\/uploads\/2020\/09\/shure-55sh-ii-e1601485394796.jpg\" alt=\"\" srcset=\"https:\/\/kommentatorenblog.de\/wp-content\/uploads\/2020\/09\/shure-55sh-ii-e1601485394796.jpg 415w, https:\/\/kommentatorenblog.de\/wp-content\/uploads\/2020\/09\/shure-55sh-ii-e1601485394796-142x300.jpg 142w\" sizes=\"auto, (max-width: 10px) 100vw, 10px\" \/> Wolff Fuss, Experte: Lothar Matth\u00e4us<br>Taktik-Feed (Magenta): <img loading=\"lazy\" decoding=\"async\" width=\"10\" height=\"21\" class=\"wp-image-3656\" style=\"width: 10px;\" src=\"http:\/\/kommentatorenblog.de\/wp-content\/uploads\/2020\/09\/shure-55sh-ii-e1601485394796.jpg\" alt=\"\" srcset=\"https:\/\/kommentatorenblog.de\/wp-content\/uploads\/2020\/09\/shure-55sh-ii-e1601485394796.jpg 415w, https:\/\/kommentatorenblog.de\/wp-content\/uploads\/2020\/09\/shure-55sh-ii-e1601485394796-142x300.jpg 142w\" sizes=\"auto, (max-width: 10px) 100vw, 10px\" \/> Benni Zander und Manuel Baum <br>Moderation (Stadion): Laura Wontorra Experte: Lothar Matth\u00e4us, Field-Reporterin: Jana Wosnitza <br>Moderation (Studio): Johannes B. Kerner Experte: Shkodran Mustafi Analyse: Jan Henkel <\/p>\n\n\n\n<hr class=\"wp-block-separator\"\/>\n\n\n\n<p><strong>Copa America, Viertelfinale Sportdigital <\/strong><\/p>\n\n\n\n<p><span style=\"text-decoration: underline;\">Freitag, 5. Juli 2024 03.00 Uhr <\/span><\/p>\n\n\n\n<p><em><strong>Argentinien \u2013 Ecuador<\/strong><\/em><br><img loading=\"lazy\" decoding=\"async\" width=\"10\" height=\"21\" class=\"wp-image-3656\" style=\"width: 10px;\" src=\"http:\/\/kommentatorenblog.de\/wp-content\/uploads\/2020\/09\/shure-55sh-ii-e1601485394796.jpg\" alt=\"\" srcset=\"https:\/\/kommentatorenblog.de\/wp-content\/uploads\/2020\/09\/shure-55sh-ii-e1601485394796.jpg 415w, https:\/\/kommentatorenblog.de\/wp-content\/uploads\/2020\/09\/shure-55sh-ii-e1601485394796-142x300.jpg 142w\" sizes=\"auto, (max-width: 10px) 100vw, 10px\" \/> Moritz Knorr <em><strong> <\/strong><\/em><\/p>\n\n\n\n<p><span style=\"text-decoration: underline;\">Samstag, 6. Juli 2024 03.00 Uhr:<\/span><\/p>\n\n\n\n<p><em><strong>Venezuela \u2013 Kanada<\/strong><\/em><br><img loading=\"lazy\" decoding=\"async\" width=\"10\" height=\"21\" class=\"wp-image-3656\" style=\"width: 10px;\" src=\"http:\/\/kommentatorenblog.de\/wp-content\/uploads\/2020\/09\/shure-55sh-ii-e1601485394796.jpg\" alt=\"\" srcset=\"https:\/\/kommentatorenblog.de\/wp-content\/uploads\/2020\/09\/shure-55sh-ii-e1601485394796.jpg 415w, https:\/\/kommentatorenblog.de\/wp-content\/uploads\/2020\/09\/shure-55sh-ii-e1601485394796-142x300.jpg 142w\" sizes=\"auto, (max-width: 10px) 100vw, 10px\" \/> Jonathan Dreier <\/p>\n\n\n\n<p><span style=\"text-decoration: underline;\">Sonntag, 7. Juli 2024 00.00 Uhr:<\/span><\/p>\n\n\n\n<p><em><strong>Kolumbien \u2013 Panama <\/strong><\/em><br><img loading=\"lazy\" decoding=\"async\" width=\"10\" height=\"21\" class=\"wp-image-3656\" style=\"width: 10px;\" src=\"http:\/\/kommentatorenblog.de\/wp-content\/uploads\/2020\/09\/shure-55sh-ii-e1601485394796.jpg\" alt=\"\" srcset=\"https:\/\/kommentatorenblog.de\/wp-content\/uploads\/2020\/09\/shure-55sh-ii-e1601485394796.jpg 415w, https:\/\/kommentatorenblog.de\/wp-content\/uploads\/2020\/09\/shure-55sh-ii-e1601485394796-142x300.jpg 142w\" sizes=\"auto, (max-width: 10px) 100vw, 10px\" \/> Marvin Kirsch <\/p>\n\n\n\n<p><span style=\"text-decoration: underline;\">ab 03.00 Uhr:<\/span><\/p>\n\n\n\n<p><em><strong>Uruguay \u2013 Brasilien <\/strong><\/em><br><img loading=\"lazy\" decoding=\"async\" width=\"10\" height=\"21\" class=\"wp-image-3656\" style=\"width: 10px;\" src=\"http:\/\/kommentatorenblog.de\/wp-content\/uploads\/2020\/09\/shure-55sh-ii-e1601485394796.jpg\" alt=\"\" srcset=\"https:\/\/kommentatorenblog.de\/wp-content\/uploads\/2020\/09\/shure-55sh-ii-e1601485394796.jpg 415w, https:\/\/kommentatorenblog.de\/wp-content\/uploads\/2020\/09\/shure-55sh-ii-e1601485394796-142x300.jpg 142w\" sizes=\"auto, (max-width: 10px) 100vw, 10px\" \/> Jakob Vogel <\/p>\n\n\n\n<p><\/p>\n\n\n\n<p><em><strong>Die Analyse: <\/strong><\/em><\/p>\n\n\n\n<p>Wir starten am Freitag mit dem Topspiel und dem Topspielkommentatorenduo aus Fuss und Matth\u00e4us in die Viertelfinalphase. Neben der Magenta-Crew melden sich aus Stuttgart auch Gerd Gottlob und Thomas Hitzlsperger f\u00fcr die ARD. Anschlie\u00dfend \u00fcbernimmt das Zweite aus dem Studio und stimmt uns mit den gewohnten ExpertInnen auf die Partie Portugal \u2013 Frankreich ein. Aus Hamburg kommentiert dann Claudia Neumann. F\u00fcr Magenta unterbricht Jonas Friedrich seinen Wimbledonaufenthalt. Anna Sara Lange geht auf Stimmenfang. <\/p>\n\n\n\n<p>Am Samstag ist dann wieder das ZDF am Zug, Oliver Schmidt und Moritz Volz melden sich aus D\u00fcsseldorf, Lena Kesting sammelt die Stimmen. F\u00fcr MagentaTV ist Ruth Hofmann im Stadion f\u00fcr die Interviews zust\u00e4ndig, Hagemann und Borowski kommentieren. Anschlie\u00dfend gibt es die letzte gemeinsame Sendung mit Kooperationspartner RTL. Wolff Fuss und Lothar Matth\u00e4us d\u00fcrfen nochmal gemeinsam kommentieren. Sie melden sich aus dem Olympiastadion in Berlin, Laura Wontorra und Jana Wosnitza sind ebenfalls am Spielfeldrand mit dabei. <\/p>\n\n\n\n<p>Auch in der Copa America ist Viertelfinalzeit, Sportdigital ist bei allen Partien mit deutschem Kommentar dabei. <\/p>\n\n\n\n<p>Ich w\u00fcnsche euch ein sch\u00f6nes Wochenende, Daumen Dr\u00fccken f\u00fcr unsere Jungs und viel Spa\u00df beim Fu\u00dfballschauen! <\/p>\n","protected":false},"excerpt":{"rendered":"<p>N&#8217;Abend allerseits, am Dienstag ist die letzte Achtelfinalpartie der EM \u00fcber die B\u00fchne gegangen. W\u00e4hrend das Spiel zwischen \u00d6sterreich und der T\u00fcrkei in Deutschland exklusiv nur auf MagentaTV zu sehen war, konnte man es in meiner Wahlheimat auch auf ServusTV verfolgen. Philipp Krummholz und Florian Klein haben kommentiert, weitere Experten waren Sebastian Pr\u00f6dl und Zladko [&hellip;]<\/p>\n","protected":false},"author":13,"featured_media":0,"comment_status":"open","ping_status":"open","sticky":false,"template":"","format":"standard","meta":{"footnotes":""},"categories":[1132],"tags":[1122,19,1150,21,544,36,512,97,1140,272,405,543,723,39,520,69,507,248,50,909,31,9,542,488,43,581,500,715,1111,161,138,76,1087,134,666,639,33,107,37],"class_list":["post-18341","post","type-post","status-publish","format-standard","hentry","category-em-2024","tag-anna-sara-lange","tag-ard","tag-basti-schweinsteiger","tag-benni-zander","tag-christoph-kramer","tag-claudia-neumann","tag-em-2024","tag-esther-sedlaczek","tag-friederike-kromp","tag-gerd-gottlob","tag-jakob-vogel","tag-jan-henkel","tag-jana-wosnitza","tag-jochen-breyer","tag-johannes-b-kerner","tag-jonas-friedrich","tag-jonathan-dreier","tag-julia-scharf","tag-katrin-mueller-hohenstein","tag-lea-wagner","tag-lothar-matthaeus","tag-magenta-sport","tag-magentatv","tag-manuel-baum","tag-marco-hagemann","tag-marvin-kirsch","tag-michael-ballack","tag-moritz-knorr","tag-moritz-volz","tag-per-mertesacker","tag-rtl","tag-ruth-hofmann","tag-shkodran-mustafi","tag-sportdigital-fussball","tag-sportschau","tag-tabea-kemme","tag-thomas-wagner","tag-wolff-fuss","tag-zdf"],"_links":{"self":[{"href":"https:\/\/kommentatorenblog.de\/index.php?rest_route=\/wp\/v2\/posts\/18341","targetHints":{"allow":["GET"]}}],"collection":[{"href":"https:\/\/kommentatorenblog.de\/index.php?rest_route=\/wp\/v2\/posts"}],"about":[{"href":"https:\/\/kommentatorenblog.de\/index.php?rest_route=\/wp\/v2\/types\/post"}],"author":[{"embeddable":true,"href":"https:\/\/kommentatorenblog.de\/index.php?rest_route=\/wp\/v2\/users\/13"}],"replies":[{"embeddable":true,"href":"https:\/\/kommentatorenblog.de\/index.php?rest_route=%2Fwp%2Fv2%2Fcomments&post=18341"}],"version-history":[{"count":9,"href":"https:\/\/kommentatorenblog.de\/index.php?rest_route=\/wp\/v2\/posts\/18341\/revisions"}],"predecessor-version":[{"id":18353,"href":"https:\/\/kommentatorenblog.de\/index.php?rest_route=\/wp\/v2\/posts\/18341\/revisions\/18353"}],"wp:attachment":[{"href":"https:\/\/kommentatorenblog.de\/index.php?rest_route=%2Fwp%2Fv2%2Fmedia&parent=18341"}],"wp:term":[{"taxonomy":"category","embeddable":true,"href":"https:\/\/kommentatorenblog.de\/index.php?rest_route=%2Fwp%2Fv2%2Fcategories&post=18341"},{"taxonomy":"post_tag","embeddable":true,"href":"https:\/\/kommentatorenblog.de\/index.php?rest_route=%2Fwp%2Fv2%2Ftags&post=18341"}],"curies":[{"name":"wp","href":"https:\/\/api.w.org\/{rel}","templated":true}]}}