{"id":18354,"date":"2024-07-08T14:12:23","date_gmt":"2024-07-08T13:12:23","guid":{"rendered":"https:\/\/kommentatorenblog.de\/?p=18354"},"modified":"2024-07-11T21:18:03","modified_gmt":"2024-07-11T20:18:03","slug":"1437-danke-jungs","status":"publish","type":"post","link":"https:\/\/kommentatorenblog.de\/?p=18354","title":{"rendered":"1437 &#8211; Danke, Jungs!"},"content":{"rendered":"\n<p>N&#8217;Abend allerseits,<\/p>\n\n\n\n<p>Deutschland ist bei der EM ausgeschieden. F\u00fcr mich als Fu\u00dfball-Fan die am schwersten zu verdauende Niederlage gemeinsam mit dem &#8222;Finale dahoam&#8220; 2012. <br>Ich m\u00f6chte dennoch nicht auf die katastrophale Schiedsrichter-Entscheidung eingehen, die das Aus bedingt hat, sondern auf etwas, das das Ausscheiden auch gezeigt hat: Die deutsche Fu\u00dfball-Nationalmannschaft ist wieder wichtig! Was diese EM und die Leistung des DFB-Teams hier im Land geschaffen haben, ist sensationell &#8211; und war vor einigen Monaten noch unvorstellbar. Partystimmung in nahezu allen Gro\u00dfst\u00e4dten (inklusive Saxophon), gute Spiele (Wirtz und Musiala machen jetzt schon Freude auf kommende Turniere), sympathische Spieler (wir werden Toni Kroos und Thomas M\u00fcller vermissen). Und allen voran ein sympathischer Bundestrainer, dem man folgen kann und dem man gut und gerne zuh\u00f6rt, weil er erfrischende und kluge Dinge sagt (und auch sagen will). Auch der DFB mit Gallionsfigur Rudi V\u00f6ller und guter Ausr\u00fcstung (wo kann man den 1996-er Team-Merch noch kaufen?) machten erstmals wieder einen guten Eindruck. Danke Julian, Danke Rudi, Danke Jungs!<\/p>\n\n\n\n<p>Angesichts dieses Erfolges ist das Ausscheiden im Viertelfinale gegen starke Spanier fast schon zweitrangig (wenn auch nicht minder schmerzhaft), durften doch sehr viele &#8211; gerade in unserem Alter &#8211; vermutlich den Sommer des Lebens erleben. Auch ich hatte und habe das Privileg, die positive EM-Stimmung im Land maximal aufzusaugen: Beim Fu\u00dfball-Schauen mit Freunden, beim Public Viewing oder auch bei noch zwei anstehenden Stadienbesuchen insgesamt f\u00fcnf Mal in den EM-Stadien dieses Landes. <\/p>\n\n\n\n<p>Das deutsche Aus ist allerdings auch ein passender Zeitpunkt, um Bilanz zu ziehen &#8211; denn nun stehen alle Kommentatorenansetzungen des Turniers fest. Bevor wir zu den Details des Halbfinals kommen, folgt nun eine kleine \u00dcbersicht zu den Einsatzzahlen der Kommentator:innen bei dieser EM aller 51 Spiele:<\/p>\n\n\n\n<p><strong><code>ARD<\/code><\/strong><\/p>\n\n\n\n<figure class=\"wp-block-table is-style-stripes\"><table><tbody><tr><td><img loading=\"lazy\" decoding=\"async\" width=\"10\" height=\"21\" class=\"wp-image-3656\" style=\"width: 10px;\" src=\"http:\/\/kommentatorenblog.de\/wp-content\/uploads\/2020\/09\/shure-55sh-ii-e1601485394796.jpg\" alt=\"\" srcset=\"https:\/\/kommentatorenblog.de\/wp-content\/uploads\/2020\/09\/shure-55sh-ii-e1601485394796.jpg 415w, https:\/\/kommentatorenblog.de\/wp-content\/uploads\/2020\/09\/shure-55sh-ii-e1601485394796-142x300.jpg 142w\" sizes=\"auto, (max-width: 10px) 100vw, 10px\" \/><strong> Tom Bartels<\/strong><\/td><td><strong>6 Eins\u00e4tze<\/strong><\/td><td>davon 2 mit Thomas Hitzlsperger<br>davon 3 mit Almuth Schult<br>(Co-Kommentator:in f\u00fcr Finale offen)<\/td><\/tr><tr><td><img loading=\"lazy\" decoding=\"async\" width=\"10\" height=\"21\" class=\"wp-image-3656\" style=\"width: 10px;\" src=\"http:\/\/kommentatorenblog.de\/wp-content\/uploads\/2020\/09\/shure-55sh-ii-e1601485394796.jpg\" alt=\"\" srcset=\"https:\/\/kommentatorenblog.de\/wp-content\/uploads\/2020\/09\/shure-55sh-ii-e1601485394796.jpg 415w, https:\/\/kommentatorenblog.de\/wp-content\/uploads\/2020\/09\/shure-55sh-ii-e1601485394796-142x300.jpg 142w\" sizes=\"auto, (max-width: 10px) 100vw, 10px\" \/><strong> Gerd Gottlob<\/strong><\/td><td><strong>6 Eins\u00e4tze<\/strong><\/td><td>davon 4 mit Thomas Hitzlsperger<br>davon 1 mit Thomas Broich<br>davon 1 mit Almuth Schult<\/td><\/tr><tr><td><img loading=\"lazy\" decoding=\"async\" width=\"10\" height=\"21\" class=\"wp-image-3656\" style=\"width: 10px;\" src=\"http:\/\/kommentatorenblog.de\/wp-content\/uploads\/2020\/09\/shure-55sh-ii-e1601485394796.jpg\" alt=\"\" srcset=\"https:\/\/kommentatorenblog.de\/wp-content\/uploads\/2020\/09\/shure-55sh-ii-e1601485394796.jpg 415w, https:\/\/kommentatorenblog.de\/wp-content\/uploads\/2020\/09\/shure-55sh-ii-e1601485394796-142x300.jpg 142w\" sizes=\"auto, (max-width: 10px) 100vw, 10px\" \/><strong> Christina Graf<\/strong><\/td><td><strong>5 Eins\u00e4tze<\/strong><\/td><td>davon 5 mit Thomas Broich<\/td><\/tr><\/tbody><\/table><\/figure>\n\n\n\n<p><strong><code>ZDF<\/code><\/strong><\/p>\n\n\n\n<figure class=\"wp-block-table is-style-stripes\"><table><tbody><tr><td><img loading=\"lazy\" decoding=\"async\" width=\"10\" height=\"21\" class=\"wp-image-3656\" style=\"width: 10px;\" src=\"http:\/\/kommentatorenblog.de\/wp-content\/uploads\/2020\/09\/shure-55sh-ii-e1601485394796.jpg\" alt=\"\" srcset=\"https:\/\/kommentatorenblog.de\/wp-content\/uploads\/2020\/09\/shure-55sh-ii-e1601485394796.jpg 415w, https:\/\/kommentatorenblog.de\/wp-content\/uploads\/2020\/09\/shure-55sh-ii-e1601485394796-142x300.jpg 142w\" sizes=\"auto, (max-width: 10px) 100vw, 10px\" \/><strong> Claudia Neumann<\/strong><\/td><td><strong>5 Eins\u00e4tze<\/strong><\/td><td>davon 3 mit Moritz Volz<\/td><\/tr><tr><td><img loading=\"lazy\" decoding=\"async\" width=\"10\" height=\"21\" class=\"wp-image-3656\" style=\"width: 10px;\" src=\"http:\/\/kommentatorenblog.de\/wp-content\/uploads\/2020\/09\/shure-55sh-ii-e1601485394796.jpg\" alt=\"\" srcset=\"https:\/\/kommentatorenblog.de\/wp-content\/uploads\/2020\/09\/shure-55sh-ii-e1601485394796.jpg 415w, https:\/\/kommentatorenblog.de\/wp-content\/uploads\/2020\/09\/shure-55sh-ii-e1601485394796-142x300.jpg 142w\" sizes=\"auto, (max-width: 10px) 100vw, 10px\" \/><strong> Oliver Schmidt<\/strong><\/td><td><strong>8 Eins\u00e4tze<\/strong><\/td><td>davon 2 mit Moritz Volz<\/td><\/tr><tr><td><img loading=\"lazy\" decoding=\"async\" width=\"10\" height=\"21\" class=\"wp-image-3656\" style=\"width: 10px;\" src=\"http:\/\/kommentatorenblog.de\/wp-content\/uploads\/2020\/09\/shure-55sh-ii-e1601485394796.jpg\" alt=\"\" srcset=\"https:\/\/kommentatorenblog.de\/wp-content\/uploads\/2020\/09\/shure-55sh-ii-e1601485394796.jpg 415w, https:\/\/kommentatorenblog.de\/wp-content\/uploads\/2020\/09\/shure-55sh-ii-e1601485394796-142x300.jpg 142w\" sizes=\"auto, (max-width: 10px) 100vw, 10px\" \/><strong> Martin Schneider<\/strong><\/td><td><strong>4 Eins\u00e4tze<\/strong><\/td><td>davon 4 mit Hanno Balitsch<\/td><\/tr><\/tbody><\/table><\/figure>\n\n\n\n<p><strong><code>MagentaTV <\/code><\/strong><code>(Einzelspiele)<\/code><\/p>\n\n\n\n<figure class=\"wp-block-table is-style-stripes\"><table><tbody><tr><td><img loading=\"lazy\" decoding=\"async\" width=\"10\" height=\"21\" class=\"wp-image-3656\" style=\"width: 10px;\" src=\"http:\/\/kommentatorenblog.de\/wp-content\/uploads\/2020\/09\/shure-55sh-ii-e1601485394796.jpg\" alt=\"\" srcset=\"https:\/\/kommentatorenblog.de\/wp-content\/uploads\/2020\/09\/shure-55sh-ii-e1601485394796.jpg 415w, https:\/\/kommentatorenblog.de\/wp-content\/uploads\/2020\/09\/shure-55sh-ii-e1601485394796-142x300.jpg 142w\" sizes=\"auto, (max-width: 10px) 100vw, 10px\" \/><strong> Jonas Friedrich<\/strong><\/td><td><strong>5 Eins\u00e4tze<\/strong><\/td><td><\/td><\/tr><tr><td><img loading=\"lazy\" decoding=\"async\" width=\"10\" height=\"21\" class=\"wp-image-3656\" style=\"width: 10px;\" src=\"http:\/\/kommentatorenblog.de\/wp-content\/uploads\/2020\/09\/shure-55sh-ii-e1601485394796.jpg\" alt=\"\" srcset=\"https:\/\/kommentatorenblog.de\/wp-content\/uploads\/2020\/09\/shure-55sh-ii-e1601485394796.jpg 415w, https:\/\/kommentatorenblog.de\/wp-content\/uploads\/2020\/09\/shure-55sh-ii-e1601485394796-142x300.jpg 142w\" sizes=\"auto, (max-width: 10px) 100vw, 10px\" \/><strong> Wolff Fuss<\/strong><\/td><td><strong>14 Eins\u00e4tze<\/strong><\/td><td>davon 4 simultan bei RTL<\/td><\/tr><tr><td><img loading=\"lazy\" decoding=\"async\" width=\"10\" height=\"21\" class=\"wp-image-3656\" style=\"width: 10px;\" src=\"http:\/\/kommentatorenblog.de\/wp-content\/uploads\/2020\/09\/shure-55sh-ii-e1601485394796.jpg\" alt=\"\" srcset=\"https:\/\/kommentatorenblog.de\/wp-content\/uploads\/2020\/09\/shure-55sh-ii-e1601485394796.jpg 415w, https:\/\/kommentatorenblog.de\/wp-content\/uploads\/2020\/09\/shure-55sh-ii-e1601485394796-142x300.jpg 142w\" sizes=\"auto, (max-width: 10px) 100vw, 10px\" \/><strong> Marco Hagemann<\/strong><\/td><td><strong>11 Eins\u00e4tze<\/strong><\/td><td>davon 8 simultan bei RTL<\/td><\/tr><tr><td><img loading=\"lazy\" decoding=\"async\" width=\"10\" height=\"21\" class=\"wp-image-3656\" style=\"width: 10px;\" src=\"http:\/\/kommentatorenblog.de\/wp-content\/uploads\/2020\/09\/shure-55sh-ii-e1601485394796.jpg\" alt=\"\" srcset=\"https:\/\/kommentatorenblog.de\/wp-content\/uploads\/2020\/09\/shure-55sh-ii-e1601485394796.jpg 415w, https:\/\/kommentatorenblog.de\/wp-content\/uploads\/2020\/09\/shure-55sh-ii-e1601485394796-142x300.jpg 142w\" sizes=\"auto, (max-width: 10px) 100vw, 10px\" \/><strong> Markus H\u00f6hner<\/strong><\/td><td><strong>4 Eins\u00e4tze<\/strong><\/td><td><\/td><\/tr><tr><td><img loading=\"lazy\" decoding=\"async\" width=\"10\" height=\"21\" class=\"wp-image-3656\" style=\"width: 10px;\" src=\"http:\/\/kommentatorenblog.de\/wp-content\/uploads\/2020\/09\/shure-55sh-ii-e1601485394796.jpg\" alt=\"\" srcset=\"https:\/\/kommentatorenblog.de\/wp-content\/uploads\/2020\/09\/shure-55sh-ii-e1601485394796.jpg 415w, https:\/\/kommentatorenblog.de\/wp-content\/uploads\/2020\/09\/shure-55sh-ii-e1601485394796-142x300.jpg 142w\" sizes=\"auto, (max-width: 10px) 100vw, 10px\" \/><strong> Jan Platte<\/strong><\/td><td><strong>4 Eins\u00e4tze<\/strong><\/td><td><\/td><\/tr><tr><td><img loading=\"lazy\" decoding=\"async\" width=\"10\" height=\"21\" class=\"wp-image-3656\" style=\"width: 10px;\" src=\"http:\/\/kommentatorenblog.de\/wp-content\/uploads\/2020\/09\/shure-55sh-ii-e1601485394796.jpg\" alt=\"\" srcset=\"https:\/\/kommentatorenblog.de\/wp-content\/uploads\/2020\/09\/shure-55sh-ii-e1601485394796.jpg 415w, https:\/\/kommentatorenblog.de\/wp-content\/uploads\/2020\/09\/shure-55sh-ii-e1601485394796-142x300.jpg 142w\" sizes=\"auto, (max-width: 10px) 100vw, 10px\" \/><strong> Christina Rann<\/strong><\/td><td><strong>4 Eins\u00e4tze<\/strong><\/td><td><\/td><\/tr><tr><td><img loading=\"lazy\" decoding=\"async\" width=\"10\" height=\"21\" class=\"wp-image-3656\" style=\"width: 10px;\" src=\"http:\/\/kommentatorenblog.de\/wp-content\/uploads\/2020\/09\/shure-55sh-ii-e1601485394796.jpg\" alt=\"\" srcset=\"https:\/\/kommentatorenblog.de\/wp-content\/uploads\/2020\/09\/shure-55sh-ii-e1601485394796.jpg 415w, https:\/\/kommentatorenblog.de\/wp-content\/uploads\/2020\/09\/shure-55sh-ii-e1601485394796-142x300.jpg 142w\" sizes=\"auto, (max-width: 10px) 100vw, 10px\" \/><strong> Christian Stra\u00dfburger<\/strong><\/td><td><strong>7 Eins\u00e4tze<\/strong><\/td><td><\/td><\/tr><tr><td><img loading=\"lazy\" decoding=\"async\" width=\"10\" height=\"21\" class=\"wp-image-3656\" style=\"width: 10px;\" src=\"http:\/\/kommentatorenblog.de\/wp-content\/uploads\/2020\/09\/shure-55sh-ii-e1601485394796.jpg\" alt=\"\" srcset=\"https:\/\/kommentatorenblog.de\/wp-content\/uploads\/2020\/09\/shure-55sh-ii-e1601485394796.jpg 415w, https:\/\/kommentatorenblog.de\/wp-content\/uploads\/2020\/09\/shure-55sh-ii-e1601485394796-142x300.jpg 142w\" sizes=\"auto, (max-width: 10px) 100vw, 10px\" \/><strong> Benni Zander<\/strong><\/td><td><strong>2 Eins\u00e4tze<\/strong><\/td><td><\/td><\/tr><\/tbody><\/table><\/figure>\n\n\n\n<hr class=\"wp-block-separator is-style-default\"\/>\n\n\n\n<p>Wer sie errechnet hat, dem wurden sie nun schon vorweggenommen:<\/p>\n\n\n\n<p><strong>Die Ansetzungen vom 09. Juli 2024 bis 11. Juli 2024:<\/strong><\/p>\n\n\n\n<hr class=\"wp-block-separator is-style-default\"\/>\n\n\n\n<p><strong>Europameisterschaft 2024, Halbfinale (MagentaTV\/ARD\/ZDF)<\/strong><\/p>\n\n\n\n<p><span style=\"text-decoration: underline;\">Dienstag, 09. Juli 2024, ab 19.30 Uhr (MagentaTV) bzw. ab 20.15 Uhr (ZDF)<\/span><\/p>\n\n\n\n<p><strong><em>Spanien \u2013 Frankreich (21.00 Uhr)<\/em><\/strong><\/p>\n\n\n\n<p><img loading=\"lazy\" decoding=\"async\" width=\"10\" height=\"21\" class=\"wp-image-3656\" style=\"width: 10px;\" src=\"http:\/\/kommentatorenblog.de\/wp-content\/uploads\/2020\/09\/shure-55sh-ii-e1601485394796.jpg\" alt=\"\" srcset=\"https:\/\/kommentatorenblog.de\/wp-content\/uploads\/2020\/09\/shure-55sh-ii-e1601485394796.jpg 415w, https:\/\/kommentatorenblog.de\/wp-content\/uploads\/2020\/09\/shure-55sh-ii-e1601485394796-142x300.jpg 142w\" sizes=\"auto, (max-width: 10px) 100vw, 10px\" \/> <em>ZDF: <\/em>Oliver Schmidt<br>Field-Reporter (<em>ZDF<\/em>): Florian Zschiedrich<br>Moderation Studio (<em>ZDF<\/em>): Jochen Breyer, Expert:innen: Per Mertesacker, Friederike Kromp und Christoph Kramer<\/p>\n\n\n\n<p><img loading=\"lazy\" decoding=\"async\" width=\"10\" height=\"21\" class=\"wp-image-3656\" style=\"width: 10px;\" src=\"http:\/\/kommentatorenblog.de\/wp-content\/uploads\/2020\/09\/shure-55sh-ii-e1601485394796.jpg\" alt=\"\" srcset=\"https:\/\/kommentatorenblog.de\/wp-content\/uploads\/2020\/09\/shure-55sh-ii-e1601485394796.jpg 415w, https:\/\/kommentatorenblog.de\/wp-content\/uploads\/2020\/09\/shure-55sh-ii-e1601485394796-142x300.jpg 142w\" sizes=\"auto, (max-width: 10px) 100vw, 10px\" \/> <em>MagentaTV: <\/em>Christian Stra\u00dfburger, Experte: Lothar Matth\u00e4us<br><img loading=\"lazy\" decoding=\"async\" width=\"10\" height=\"21\" class=\"wp-image-3656\" style=\"width: 10px;\" src=\"http:\/\/kommentatorenblog.de\/wp-content\/uploads\/2020\/09\/shure-55sh-ii-e1601485394796.jpg\" alt=\"\" srcset=\"https:\/\/kommentatorenblog.de\/wp-content\/uploads\/2020\/09\/shure-55sh-ii-e1601485394796.jpg 415w, https:\/\/kommentatorenblog.de\/wp-content\/uploads\/2020\/09\/shure-55sh-ii-e1601485394796-142x300.jpg 142w\" sizes=\"auto, (max-width: 10px) 100vw, 10px\" \/> <em>MagentaTV (Taktik-Feed): <\/em>Jan Platte, Experte: Tim Borowski<br>Field-Reporterin (<em>MagentaTV<\/em>): Anna Sara Lange<br>Moderation Stadion (<em>MagentaTV<\/em>): Johannes B. Kerner, Experte: Michael Ballack<br>Studio (<em>MagentaTV<\/em>): Jan Henkel (Analyse), Paul Fischer (Social Media), Patrick Ittrich (Schiedsrichter) <\/p>\n\n\n\n<p><span style=\"text-decoration: underline;\">Mittwoch, 10. Juli 2024, ab 19.30 Uhr (MagentaTV) bzw. ab 20.15 Uhr (ARD)<\/span><\/p>\n\n\n\n<p><strong><em>Niederlande \u2013 England (21.00 Uhr)<\/em><\/strong><\/p>\n\n\n\n<p><img loading=\"lazy\" decoding=\"async\" width=\"10\" height=\"21\" class=\"wp-image-3656\" style=\"width: 10px;\" src=\"http:\/\/kommentatorenblog.de\/wp-content\/uploads\/2020\/09\/shure-55sh-ii-e1601485394796.jpg\" alt=\"\" srcset=\"https:\/\/kommentatorenblog.de\/wp-content\/uploads\/2020\/09\/shure-55sh-ii-e1601485394796.jpg 415w, https:\/\/kommentatorenblog.de\/wp-content\/uploads\/2020\/09\/shure-55sh-ii-e1601485394796-142x300.jpg 142w\" sizes=\"auto, (max-width: 10px) 100vw, 10px\" \/> <em>ARD: <\/em>Christina Graf, Experte: Thomas Broich<br>Field-Reporter:innen (<em>ARD<\/em>): Claus Lufen und Julia Scharf<br>Moderation Stadion (<em>ARD<\/em>): Alexander Bommes, Experte: Bastian Schweinsteiger<\/p>\n\n\n\n<p><img loading=\"lazy\" decoding=\"async\" width=\"10\" height=\"21\" class=\"wp-image-3656\" style=\"width: 10px;\" src=\"http:\/\/kommentatorenblog.de\/wp-content\/uploads\/2020\/09\/shure-55sh-ii-e1601485394796.jpg\" alt=\"\" srcset=\"https:\/\/kommentatorenblog.de\/wp-content\/uploads\/2020\/09\/shure-55sh-ii-e1601485394796.jpg 415w, https:\/\/kommentatorenblog.de\/wp-content\/uploads\/2020\/09\/shure-55sh-ii-e1601485394796-142x300.jpg 142w\" sizes=\"auto, (max-width: 10px) 100vw, 10px\" \/> <em>MagentaTV: <\/em>Wolff Fuss, Experte: Lothar Matth\u00e4us<br><img loading=\"lazy\" decoding=\"async\" width=\"10\" height=\"21\" class=\"wp-image-3656\" style=\"width: 10px;\" src=\"http:\/\/kommentatorenblog.de\/wp-content\/uploads\/2020\/09\/shure-55sh-ii-e1601485394796.jpg\" alt=\"\" srcset=\"https:\/\/kommentatorenblog.de\/wp-content\/uploads\/2020\/09\/shure-55sh-ii-e1601485394796.jpg 415w, https:\/\/kommentatorenblog.de\/wp-content\/uploads\/2020\/09\/shure-55sh-ii-e1601485394796-142x300.jpg 142w\" sizes=\"auto, (max-width: 10px) 100vw, 10px\" \/> <em>MagentaTV (Taktik-Feed): <\/em>Benni Zander, Experte: Manuel Baum<br>Field-Reporter (<em>MagentaTV<\/em>): <s>Thomas Wagner<\/s> Anna Kraft<br>Moderation Stadion (<em>MagentaTV<\/em>): Johannes B. Kerner, Experte: Owen Hargreaves, Gast: Benedikt H\u00f6wedes<br>Moderation Studio (<em>MagentaTV<\/em>): Laura Wontorra, Expertin: Tabea Kemme,<br>Jan Henkel (Analyse), Paul Fischer (Social Media), Patrick Ittrich (Schiedsrichter)<\/p>\n\n\n\n<hr class=\"wp-block-separator\"\/>\n\n\n\n<p><strong>Copa Am\u00e9rica 2024, Halbfinale (Sportdigital Fu\u00dfball)<\/strong><\/p>\n\n\n\n<p><span style=\"text-decoration: underline;\">Mittwoch, 10. Juli 2024, ab 01.45 Uhr<\/span><\/p>\n\n\n\n<p><strong><em>Argentinien \u2013 Kanada (02.00 Uhr)<\/em><\/strong><br><img loading=\"lazy\" decoding=\"async\" width=\"10\" height=\"21\" class=\"wp-image-3656\" style=\"width: 10px;\" src=\"http:\/\/kommentatorenblog.de\/wp-content\/uploads\/2020\/09\/shure-55sh-ii-e1601485394796.jpg\" alt=\"\" srcset=\"https:\/\/kommentatorenblog.de\/wp-content\/uploads\/2020\/09\/shure-55sh-ii-e1601485394796.jpg 415w, https:\/\/kommentatorenblog.de\/wp-content\/uploads\/2020\/09\/shure-55sh-ii-e1601485394796-142x300.jpg 142w\" sizes=\"auto, (max-width: 10px) 100vw, 10px\" \/> Jonathan Dreier<\/p>\n\n\n\n<p><span style=\"text-decoration: underline;\">Donnerstag, 11. Juli 2024, ab 01.45 Uhr<\/span><\/p>\n\n\n\n<p><strong><em>Uruguay \u2013 Kolumbien (02.00 Uhr)<\/em><\/strong><br><img loading=\"lazy\" decoding=\"async\" width=\"10\" height=\"21\" class=\"wp-image-3656\" style=\"width: 10px;\" src=\"http:\/\/kommentatorenblog.de\/wp-content\/uploads\/2020\/09\/shure-55sh-ii-e1601485394796.jpg\" alt=\"\" srcset=\"https:\/\/kommentatorenblog.de\/wp-content\/uploads\/2020\/09\/shure-55sh-ii-e1601485394796.jpg 415w, https:\/\/kommentatorenblog.de\/wp-content\/uploads\/2020\/09\/shure-55sh-ii-e1601485394796-142x300.jpg 142w\" sizes=\"auto, (max-width: 10px) 100vw, 10px\" \/> Marvin Kirsch<\/p>\n\n\n\n<hr class=\"wp-block-separator is-style-default\"\/>\n\n\n\n<p><strong><code>ANALYSE<\/code><\/strong><\/p>\n\n\n\n<p>F\u00fcr&#8217;s Free-TV hat das ZDF den First Pick f\u00fcrs Halbfinale und sich zur Freude von Christoph Kramer gegen die Partie mit englischer Beteiligung und f\u00fcr das erste Halbfinale Spanien-Frankreich entschieden. Es ist zugleich die letzte EM-Partie im Zweiten. Hier kommt nochmal Oliver Schmidt als Kommentator zum Einsatz, der damit seinen alleinigen Status als neue Nummer 1 seines Senders festigt: Nach den beiden deutschen ZDF-Spielen bekommt er nun auch das ZDF-Halbfinale. Die Zahlen aus dem Vorwort best\u00e4tigen das \u00dcbrige. <br>Auch die Couch im Innenhof des Hauptstadtstudios ist nochmal EM-typisch besetzt: Per Mertesacker und Chris Kramer begleiten damit wie angek\u00fcndigt alle ZDF-Spiele, Fritzy Kromp kommt zum 13. Mal bei dieser EM zum Einsatz. Bei den vier anderen Partien sa\u00dfen \u00fcbrigens Laura Freigang (3 mal) und Kathrin Lehmann (einmal) auf der Expert:innen-Couch. Moderator Jochen Breyer verzeichnet am morgigen Abend seinen zehnten EM-Einsatz. Kollegin Katrin M\u00fcller-Hohenstein moderierte neun Partien. Grund f\u00fcr 19 Moderator:innen-Eins\u00e4tze: Bei beiden ZDF-Deutschland-Partien waren beide am Start.<\/p>\n\n\n\n<p>In der ARD sind die Kommentator:innen-Eins\u00e4tze deutlich ausgeglichener verteilt: von den letzten drei ARD-Partien erhielt Tom Bartels bekanntlich den Zuschlag f\u00fcrs Finale, Gerd Gottlob durfte im Gegenzug beim deutschen Viertelfinale ran &#8211; und nun ist Christina Graf beim Halbfinale die Kommentatorin f\u00fcr die ARD. Auch wenn es f\u00fcr einige, wie auch schon in den Kommentaren angeklungen, eine \u00dcberraschung ist, halte ich diese Ansetzung f\u00fcr sehr verdient. Gl\u00fcckwunsch an Christina Graf! Wie bei ihren anderen EM-Eins\u00e4tzen ist \u00fcbrigens Thomas Broich Co-Kommentator.<br>Auch auf der Moderator:innen-Position rotiert das Erste Deutsche Fernsehen: Nach Esther Sedlaczeks Einsatz beim Viertelfinale am Freitagabend in Stuttgart \u00fcbernimmt nun Alex Bommes das Halbfinale in Dortmund. Einzige Konstante bei Topspielen in der ARD: Bastian Schweinsteiger ist der Experte &#8211; so nat\u00fcrlich auch bei Niederlande-England. <br>Die Partie am Mittwoch wird \u00fcbrigens die erste England-Partie sein, die nicht im ZDF l\u00e4uft. Wenn mir diese Meinungs\u00e4u\u00dferung gestattet sei: Dadurch l\u00e4sst sich auf ein gutes Omen hoffen, dass dadurch auch das Durchmogeln des englischen Rumpelfu\u00dfballs ein Ende hat. <\/p>\n\n\n\n<p>Bei Magenta, das wie die 48 Spiele zuvor nat\u00fcrlich auch die beiden Halbfinals zeigt, gibt es im Halbfinale eine kleine \u00dcberraschung: Christian Stra\u00dfburger kommentiert verdienterma\u00dfen eine Halbfinalpartie! Gl\u00fcckwunsch dazu!<br>Die Halbfinals der EM 2021 und der WM 2022 bei Magenta wurden noch von Marco Hagemann und Wolff Fuss kommentiert. Wolff Fuss kommt auch diesem Jahr zum Einsatz und \u00fcbernimmt das Dortmunder Halbfinale.<br>Bei beiden Magenta-Halbfinals kommt dar\u00fcber hinaus auch Lothar Matth\u00e4us als Co-Kommentator zum Einsatz. Ein echter Coup f\u00fcr Magenta, da der Rekordnationalspieler aus meiner Sicht gerade bei dieser EM erneut seine ganze Klasse als hervorragender Co-Kommentator zeigt. Besonders auf das Duo Stra\u00dfburger\/Matth\u00e4us darf man also gespannt sein.<br>Magenta-Hauptmoderator Johannes B. Kerner ist an beiden Abenden im Stadion. Am Dienstag mit Michael Ballack und am Mittwoch passenderweise mit Owen Hargreaves. Das Studio in K\u00f6ln ist allerdings nur am Mittwoch mit Laura Wontorra als zus\u00e4tzlicher Moderatorin und Tabea Kemme als zus\u00e4tzlicher Expertin besetzt. <\/p>\n\n\n\n<p>Damit w\u00fcnsche ich uns allen einen guten Start in eine sch\u00f6ne letzte EM-Woche &#8211; auf dass das beste Team eine \u00fcberragende EM f\u00fcr sich entscheidet!<br>Wo werdet ihr die Halbfinal-Partien verfolgen?<\/p>\n","protected":false},"excerpt":{"rendered":"<p>N&#8217;Abend allerseits, Deutschland ist bei der EM ausgeschieden. F\u00fcr mich als Fu\u00dfball-Fan die am schwersten zu verdauende Niederlage gemeinsam mit dem &#8222;Finale dahoam&#8220; 2012. Ich m\u00f6chte dennoch nicht auf die katastrophale Schiedsrichter-Entscheidung eingehen, die das Aus bedingt hat, sondern auf etwas, das das Ausscheiden auch gezeigt hat: Die deutsche Fu\u00dfball-Nationalmannschaft ist wieder wichtig! Was diese [&hellip;]<\/p>\n","protected":false},"author":12,"featured_media":0,"comment_status":"open","ping_status":"open","sticky":false,"template":"","format":"standard","meta":{"footnotes":""},"categories":[1132,426],"tags":[],"class_list":["post-18354","post","type-post","status-publish","format-standard","hentry","category-em-2024","category-laenderspiele"],"_links":{"self":[{"href":"https:\/\/kommentatorenblog.de\/index.php?rest_route=\/wp\/v2\/posts\/18354","targetHints":{"allow":["GET"]}}],"collection":[{"href":"https:\/\/kommentatorenblog.de\/index.php?rest_route=\/wp\/v2\/posts"}],"about":[{"href":"https:\/\/kommentatorenblog.de\/index.php?rest_route=\/wp\/v2\/types\/post"}],"author":[{"embeddable":true,"href":"https:\/\/kommentatorenblog.de\/index.php?rest_route=\/wp\/v2\/users\/12"}],"replies":[{"embeddable":true,"href":"https:\/\/kommentatorenblog.de\/index.php?rest_route=%2Fwp%2Fv2%2Fcomments&post=18354"}],"version-history":[{"count":8,"href":"https:\/\/kommentatorenblog.de\/index.php?rest_route=\/wp\/v2\/posts\/18354\/revisions"}],"predecessor-version":[{"id":18379,"href":"https:\/\/kommentatorenblog.de\/index.php?rest_route=\/wp\/v2\/posts\/18354\/revisions\/18379"}],"wp:attachment":[{"href":"https:\/\/kommentatorenblog.de\/index.php?rest_route=%2Fwp%2Fv2%2Fmedia&parent=18354"}],"wp:term":[{"taxonomy":"category","embeddable":true,"href":"https:\/\/kommentatorenblog.de\/index.php?rest_route=%2Fwp%2Fv2%2Fcategories&post=18354"},{"taxonomy":"post_tag","embeddable":true,"href":"https:\/\/kommentatorenblog.de\/index.php?rest_route=%2Fwp%2Fv2%2Ftags&post=18354"}],"curies":[{"name":"wp","href":"https:\/\/api.w.org\/{rel}","templated":true}]}}