{"id":18373,"date":"2024-07-11T21:02:08","date_gmt":"2024-07-11T20:02:08","guid":{"rendered":"https:\/\/kommentatorenblog.de\/?p=18373"},"modified":"2024-07-21T15:16:17","modified_gmt":"2024-07-21T14:16:17","slug":"1438-finale-in-berlin","status":"publish","type":"post","link":"https:\/\/kommentatorenblog.de\/?p=18373","title":{"rendered":"1438 &#8211; Finale in Berlin"},"content":{"rendered":"\n<p><strong>Update vom 18. Juli 2024<\/strong><\/p>\n\n\n\n<p><strong>Die Ansetzungen vom 18. bis zum 22. Juli 2024<\/strong><\/p>\n\n\n\n<hr class=\"wp-block-separator\"\/>\n\n\n\n<p><strong>Regionalliga Bayern, 1. Spieltag (BR24Sport)<\/strong><\/p>\n\n\n\n<p><span style=\"text-decoration: underline;\">Donnerstag, 18. Juli 2024, ab 18.45 Uhr<\/span><\/p>\n\n\n\n<p><strong><em>SV Wacker Burghausen &#8211; FC Bayern M\u00fcnchen II (19.00 Uhr)<\/em><\/strong><br><img loading=\"lazy\" decoding=\"async\" width=\"10\" height=\"21\" class=\"wp-image-3656\" style=\"width: 10px;\" src=\"http:\/\/kommentatorenblog.de\/wp-content\/uploads\/2020\/09\/shure-55sh-ii-e1601485394796.jpg\" alt=\"\" srcset=\"https:\/\/kommentatorenblog.de\/wp-content\/uploads\/2020\/09\/shure-55sh-ii-e1601485394796.jpg 415w, https:\/\/kommentatorenblog.de\/wp-content\/uploads\/2020\/09\/shure-55sh-ii-e1601485394796-142x300.jpg 142w\" sizes=\"auto, (max-width: 10px) 100vw, 10px\" \/> Bernd Schmelzer<\/p>\n\n\n\n<hr class=\"wp-block-separator\"\/>\n\n\n\n<p><strong>Ekstraklasa, 1. Spieltag (Sportdigital FUSSBALL)<\/strong><\/p>\n\n\n\n<p><span style=\"text-decoration: underline;\">Freitag, 19. Juli 2024<\/span><\/p>\n\n\n\n<p><strong><em>Jagiellonia Bialystok &#8211; Puszcza Niepolomice (18.00 Uhr)<\/em><\/strong><br><img loading=\"lazy\" decoding=\"async\" width=\"10\" height=\"21\" class=\"wp-image-3656\" style=\"width: 10px;\" src=\"http:\/\/kommentatorenblog.de\/wp-content\/uploads\/2020\/09\/shure-55sh-ii-e1601485394796.jpg\" alt=\"\" srcset=\"https:\/\/kommentatorenblog.de\/wp-content\/uploads\/2020\/09\/shure-55sh-ii-e1601485394796.jpg 415w, https:\/\/kommentatorenblog.de\/wp-content\/uploads\/2020\/09\/shure-55sh-ii-e1601485394796-142x300.jpg 142w\" sizes=\"auto, (max-width: 10px) 100vw, 10px\" \/> Christian Blunck<\/p>\n\n\n\n<p><span style=\"text-decoration: underline;\">Samstag, 20. Juli 2024<\/span><\/p>\n\n\n\n<p><strong><em>Legia Warschau &#8211; Zaglebie Lubin (20.15 Uhr)<\/em><\/strong><br><img loading=\"lazy\" decoding=\"async\" width=\"10\" height=\"21\" class=\"wp-image-3656\" style=\"width: 10px;\" src=\"http:\/\/kommentatorenblog.de\/wp-content\/uploads\/2020\/09\/shure-55sh-ii-e1601485394796.jpg\" alt=\"\" srcset=\"https:\/\/kommentatorenblog.de\/wp-content\/uploads\/2020\/09\/shure-55sh-ii-e1601485394796.jpg 415w, https:\/\/kommentatorenblog.de\/wp-content\/uploads\/2020\/09\/shure-55sh-ii-e1601485394796-142x300.jpg 142w\" sizes=\"auto, (max-width: 10px) 100vw, 10px\" \/> Karsten Linke<\/p>\n\n\n\n<p><span style=\"text-decoration: underline;\">Sonntag, 21. Juli 2024<\/span><\/p>\n\n\n\n<p><strong><em>Lech Posen &#8211; Gornik Zabrze (17.30 Uhr)<\/em><\/strong><br><img loading=\"lazy\" decoding=\"async\" width=\"10\" height=\"21\" class=\"wp-image-3656\" style=\"width: 10px;\" src=\"http:\/\/kommentatorenblog.de\/wp-content\/uploads\/2020\/09\/shure-55sh-ii-e1601485394796.jpg\" alt=\"\" srcset=\"https:\/\/kommentatorenblog.de\/wp-content\/uploads\/2020\/09\/shure-55sh-ii-e1601485394796.jpg 415w, https:\/\/kommentatorenblog.de\/wp-content\/uploads\/2020\/09\/shure-55sh-ii-e1601485394796-142x300.jpg 142w\" sizes=\"auto, (max-width: 10px) 100vw, 10px\" \/> Jonathan Dreier<\/p>\n\n\n\n<hr class=\"wp-block-separator\"\/>\n\n\n\n<p><strong>Liga Profesional, 6. Spieltag (Sportdigital FUSSBALL)<\/strong><\/p>\n\n\n\n<p><span style=\"text-decoration: underline;\">Sonntag, 21. Juli 2024<\/span><\/p>\n\n\n\n<p><strong><em>CA River Plate &#8211; CA Lanus (20.00 Uhr)<\/em><\/strong><br><img loading=\"lazy\" decoding=\"async\" width=\"10\" height=\"21\" class=\"wp-image-3656\" style=\"width: 10px;\" src=\"http:\/\/kommentatorenblog.de\/wp-content\/uploads\/2020\/09\/shure-55sh-ii-e1601485394796.jpg\" alt=\"\" srcset=\"https:\/\/kommentatorenblog.de\/wp-content\/uploads\/2020\/09\/shure-55sh-ii-e1601485394796.jpg 415w, https:\/\/kommentatorenblog.de\/wp-content\/uploads\/2020\/09\/shure-55sh-ii-e1601485394796-142x300.jpg 142w\" sizes=\"auto, (max-width: 10px) 100vw, 10px\" \/> Marvin Kirsch<\/p>\n\n\n\n<hr class=\"wp-block-separator\"\/>\n\n\n\n<p><strong>Testspiele<\/strong><\/p>\n\n\n\n<p><span style=\"text-decoration: underline;\">Freitag, 19. Juli 2024 (Sky\/skysport.de)<\/span><\/p>\n\n\n\n<p><strong><em>FC St. Pauli &#8211; SpVgg Greuther F\u00fcrth (18.00 Uhr)<\/em><\/strong><br><img loading=\"lazy\" decoding=\"async\" width=\"10\" height=\"21\" class=\"wp-image-3656\" style=\"width: 10px;\" src=\"http:\/\/kommentatorenblog.de\/wp-content\/uploads\/2020\/09\/shure-55sh-ii-e1601485394796.jpg\" alt=\"\" srcset=\"https:\/\/kommentatorenblog.de\/wp-content\/uploads\/2020\/09\/shure-55sh-ii-e1601485394796.jpg 415w, https:\/\/kommentatorenblog.de\/wp-content\/uploads\/2020\/09\/shure-55sh-ii-e1601485394796-142x300.jpg 142w\" sizes=\"auto, (max-width: 10px) 100vw, 10px\" \/> Jaron Steiner<br>Field-Reporter: Torben Hoffmann<\/p>\n\n\n\n<p><span style=\"text-decoration: underline;\">(sport-im-osten.de)<\/span><\/p>\n\n\n\n<p><strong><em>Hallescher FC &#8211; 1. FC Lokomotive Leipzig (18.30 Uhr)<\/em><\/strong><br><img loading=\"lazy\" decoding=\"async\" width=\"10\" height=\"21\" class=\"wp-image-3656\" style=\"width: 10px;\" src=\"http:\/\/kommentatorenblog.de\/wp-content\/uploads\/2020\/09\/shure-55sh-ii-e1601485394796.jpg\" alt=\"\" srcset=\"https:\/\/kommentatorenblog.de\/wp-content\/uploads\/2020\/09\/shure-55sh-ii-e1601485394796.jpg 415w, https:\/\/kommentatorenblog.de\/wp-content\/uploads\/2020\/09\/shure-55sh-ii-e1601485394796-142x300.jpg 142w\" sizes=\"auto, (max-width: 10px) 100vw, 10px\" \/> Stephan Weidling<\/p>\n\n\n\n<p><span style=\"text-decoration: underline;\">Samstag, 20. Juli 2024 (hr)<\/span><\/p>\n\n\n\n<p><strong><em>Blitzturnier Kickers Offenbach, 1. FC Kaiserslautern, Fortuna D\u00fcsseldorf (14.00 Uhr)<\/em><\/strong><br><img loading=\"lazy\" decoding=\"async\" width=\"10\" height=\"21\" class=\"wp-image-3656\" style=\"width: 10px;\" src=\"http:\/\/kommentatorenblog.de\/wp-content\/uploads\/2020\/09\/shure-55sh-ii-e1601485394796.jpg\" alt=\"\" srcset=\"https:\/\/kommentatorenblog.de\/wp-content\/uploads\/2020\/09\/shure-55sh-ii-e1601485394796.jpg 415w, https:\/\/kommentatorenblog.de\/wp-content\/uploads\/2020\/09\/shure-55sh-ii-e1601485394796-142x300.jpg 142w\" sizes=\"auto, (max-width: 10px) 100vw, 10px\" \/> Daniel H\u00f6hr<br>Moderation: Lisa Tellers<\/p>\n\n\n\n<p><span style=\"text-decoration: underline;\">(Sky\/skysport.de)<\/span><\/p>\n\n\n\n<p><strong><em>TSV Heusenstamm &#8211; Eintracht Frankfurt (15.30 Uhr)<\/em><\/strong><br><img loading=\"lazy\" decoding=\"async\" width=\"10\" height=\"21\" class=\"wp-image-3656\" style=\"width: 10px;\" src=\"http:\/\/kommentatorenblog.de\/wp-content\/uploads\/2020\/09\/shure-55sh-ii-e1601485394796.jpg\" alt=\"\" srcset=\"https:\/\/kommentatorenblog.de\/wp-content\/uploads\/2020\/09\/shure-55sh-ii-e1601485394796.jpg 415w, https:\/\/kommentatorenblog.de\/wp-content\/uploads\/2020\/09\/shure-55sh-ii-e1601485394796-142x300.jpg 142w\" sizes=\"auto, (max-width: 10px) 100vw, 10px\" \/> Timo Sch\u00e4fers<\/p>\n\n\n\n<p><span style=\"text-decoration: underline;\">Sonntag, 21. Juli 2024 (Sky\/skysport.de\/DAZN)<\/span><\/p>\n\n\n\n<p><strong><em>BG Pathum United &#8211; Borussia Dortmund (<s>15.00<\/s> 15.15 Uhr)<\/em><\/strong><\/p>\n\n\n\n<p><img loading=\"lazy\" decoding=\"async\" width=\"10\" height=\"21\" class=\"wp-image-3656\" style=\"width: 10px;\" src=\"http:\/\/kommentatorenblog.de\/wp-content\/uploads\/2020\/09\/shure-55sh-ii-e1601485394796.jpg\" alt=\"\" srcset=\"https:\/\/kommentatorenblog.de\/wp-content\/uploads\/2020\/09\/shure-55sh-ii-e1601485394796.jpg 415w, https:\/\/kommentatorenblog.de\/wp-content\/uploads\/2020\/09\/shure-55sh-ii-e1601485394796-142x300.jpg 142w\" sizes=\"auto, (max-width: 10px) 100vw, 10px\" \/> Sky\/skysport.de: Martin Weinberger<\/p>\n\n\n\n<p><img loading=\"lazy\" decoding=\"async\" width=\"10\" height=\"21\" class=\"wp-image-3656\" style=\"width: 10px;\" src=\"http:\/\/kommentatorenblog.de\/wp-content\/uploads\/2020\/09\/shure-55sh-ii-e1601485394796.jpg\" alt=\"\" srcset=\"https:\/\/kommentatorenblog.de\/wp-content\/uploads\/2020\/09\/shure-55sh-ii-e1601485394796.jpg 415w, https:\/\/kommentatorenblog.de\/wp-content\/uploads\/2020\/09\/shure-55sh-ii-e1601485394796-142x300.jpg 142w\" sizes=\"auto, (max-width: 10px) 100vw, 10px\" \/> DAZN: Oliver Fa\u00dfnacht<\/p>\n\n\n\n<hr class=\"wp-block-separator\"\/>\n\n\n\n<p><strong>Kurze Analyse:<\/strong> Der BR \u00fcbertr\u00e4gt nicht nur das Er\u00f6ffnungsspiel der Regionalliga Bayern, sondern ab der kommenden Saison jeden Freitag ab 19 Uhr die &#8222;Topspiele&#8220; auf dem Portal BR24Sport in der ARD-Mediathek. Den Anfang macht Bernd Schmelzer, bevor er sich ab der kommenden Woche einer wichtigen anderen Angelegenheit widmen wird. Auch in der ersten Liga Polens startet die neue Saison, w\u00e4hrend die Bundesligisten weiterhin Testspiele im In- und Ausland absolvieren.<\/p>\n\n\n\n<hr class=\"wp-block-separator\"\/>\n\n\n\n<p>N&#8217;Abend allerseits,<\/p>\n\n\n\n<p>nach vier unvergleichlichen Wochen mit vielen unvergesslichen Momenten, herausragender Stimmung trotz nicht immer bestem Wetter, sicher auch einigen streitbaren Ereignissen, aber vor allem viel hochkar\u00e4tigem Fu\u00dfball in unserem Land geht die UEFA EURO 2024 am Wochenende zu Ende. Entweder die seit Beginn des Turniers schnell favorisierten Spanier oder die oftmals wenig \u00fcberzeugenden, aber in den entscheidenden Momenten gl\u00fccklichen Engl\u00e4nder, die seit 58 Jahren auf einen gro\u00dfen internationalen Triumph warten, werden den Titel des Europameisters samt silbernem Pokal mit nach Hause nehmen. Hoffen wir auf ein spannendes und ereignisreiches Spiel mit einem Sieger, der diesen Namen verdient hat. Ob der am Ende Spanien hei\u00dft, wogegen die deutsche Mannschaft sich klar auf Augenh\u00f6he pr\u00e4sentieren konnte und auch mit einigem Pech am Schluss den K\u00fcrzeren zog, oder England, das verhindern k\u00f6nnte, dass Spanien Deutschland als Rekordeuropameister \u00fcberholt, kann man aus deutscher Sicht sicher mit gemischten Gef\u00fchlen erwarten.<\/p>\n\n\n\n<p>F\u00fcr die TV-Anbieter war die EM bereits l\u00e4ngst ein voller Erfolg. Sowohl MagentaTV als auch das ZDF zeigten sich laut den j\u00fcngsten Pressemitteilungen sehr zufrieden mit den Zuschauerquoten sowie dem Feedback auf den sozialen Medien. Trotz der parallelen Verf\u00fcgbarkeit der meisten Spiele im Free-TV erreichte MagentaTV nach eigenen Angaben au\u00dfergew\u00f6hnlich hohe Quoten f\u00fcr Pay-TV-Verh\u00e4ltnisse. Nach drei komplett \u00fcbertragenen Gro\u00dfturnieren und dem Schritt zur Kooperation mit RTL bei dieser EM, der das Angebot von MagentaTV noch mehr in den Fokus r\u00fcckte, ist aktuell noch unklar, wie es weitergeht, da die deutschen TV-Rechte an den kommenden Turnieren bislang noch nicht vergeben wurden. W\u00fcrdet ihr euch w\u00fcnschen, dass die WMs und EMs weiterhin bei MagentaTV zu sehen sein werden? Wie wichtig w\u00e4re euch ein Verbleib bei ARD und ZDF und wie hat euch die Kooperation mit RTL \u00fcberzeugt? Schreibt eure Meinung gerne in die Kommentare.<\/p>\n\n\n\n<hr class=\"wp-block-separator\"\/>\n\n\n\n<p><strong>Die Ansetzungen vom 12. bis zum 17. Juli 2024<\/strong><\/p>\n\n\n\n<hr class=\"wp-block-separator\"\/>\n\n\n\n<p><strong>UEFA EURO 2024, Finale<\/strong><\/p>\n\n\n\n<p><span style=\"text-decoration: underline;\">Sonntag, 14. Juli 2024, ab 19.00 Uhr (MagentaTV) bzw. ab 19.15 Uhr (ARD) bzw. ab 20.30 Uhr (Magenta Sport)<\/span><\/p>\n\n\n\n<p><strong><em>Spanien &#8211; England (21.00 Uhr)<\/em><\/strong><\/p>\n\n\n\n<p><img loading=\"lazy\" decoding=\"async\" width=\"10\" height=\"21\" class=\"wp-image-3656\" style=\"width: 10px;\" src=\"http:\/\/kommentatorenblog.de\/wp-content\/uploads\/2020\/09\/shure-55sh-ii-e1601485394796.jpg\" alt=\"\" srcset=\"https:\/\/kommentatorenblog.de\/wp-content\/uploads\/2020\/09\/shure-55sh-ii-e1601485394796.jpg 415w, https:\/\/kommentatorenblog.de\/wp-content\/uploads\/2020\/09\/shure-55sh-ii-e1601485394796-142x300.jpg 142w\" sizes=\"auto, (max-width: 10px) 100vw, 10px\" \/> ARD: Tom Bartels, Experte: Thomas Hitzlsperger<br>Moderation (ARD): Esther Sedlaczek und Alexander Bommes, Expert:innen: Almuth Schult und Bastian Schweinsteiger, Field-Reporter: Claus Lufen<\/p>\n\n\n\n<p><img loading=\"lazy\" decoding=\"async\" width=\"10\" height=\"21\" class=\"wp-image-3656\" style=\"width: 10px;\" src=\"http:\/\/kommentatorenblog.de\/wp-content\/uploads\/2020\/09\/shure-55sh-ii-e1601485394796.jpg\" alt=\"\" srcset=\"https:\/\/kommentatorenblog.de\/wp-content\/uploads\/2020\/09\/shure-55sh-ii-e1601485394796.jpg 415w, https:\/\/kommentatorenblog.de\/wp-content\/uploads\/2020\/09\/shure-55sh-ii-e1601485394796-142x300.jpg 142w\" sizes=\"auto, (max-width: 10px) 100vw, 10px\" \/> Magenta TV\/Sport: Wolff Fuss, Experte: Lothar Matth\u00e4us<br><img loading=\"lazy\" decoding=\"async\" width=\"10\" height=\"21\" class=\"wp-image-3656\" style=\"width: 10px;\" src=\"http:\/\/kommentatorenblog.de\/wp-content\/uploads\/2020\/09\/shure-55sh-ii-e1601485394796.jpg\" alt=\"\" srcset=\"https:\/\/kommentatorenblog.de\/wp-content\/uploads\/2020\/09\/shure-55sh-ii-e1601485394796.jpg 415w, https:\/\/kommentatorenblog.de\/wp-content\/uploads\/2020\/09\/shure-55sh-ii-e1601485394796-142x300.jpg 142w\" sizes=\"auto, (max-width: 10px) 100vw, 10px\" \/> Magenta TV (Taktik-Feed): Benni Zander, Experte: Manuel Baum<br>Moderation Stadion (Magenta TV\/Sport): Johannes B. Kerner, Expert:innen: Tabea Kemme und Michael Ballack, Field-Reporterin: Anna Sara Lange<br>Moderation Studio (Magenta TV\/Sport): Sascha Bandermann, Experte: Shkodran Mustafi<\/p>\n\n\n\n<hr class=\"wp-block-separator\"\/>\n\n\n\n<p><strong>EM-Qualifikation Frauen<\/strong><\/p>\n\n\n\n<p><span style=\"text-decoration: underline;\">Freitag, 12. Juli 2024, ab 18.00 Uhr (ZDF)<\/span><\/p>\n\n\n\n<p><strong><em>Island &#8211; Deutschland (18.15 Uhr)<\/em><\/strong><br><img loading=\"lazy\" decoding=\"async\" width=\"10\" height=\"21\" class=\"wp-image-3656\" style=\"width: 10px;\" src=\"http:\/\/kommentatorenblog.de\/wp-content\/uploads\/2020\/09\/shure-55sh-ii-e1601485394796.jpg\" alt=\"\" srcset=\"https:\/\/kommentatorenblog.de\/wp-content\/uploads\/2020\/09\/shure-55sh-ii-e1601485394796.jpg 415w, https:\/\/kommentatorenblog.de\/wp-content\/uploads\/2020\/09\/shure-55sh-ii-e1601485394796-142x300.jpg 142w\" sizes=\"auto, (max-width: 10px) 100vw, 10px\" \/> Claudia Neumann<br>Moderation: Katja Streso, Expertin: Kathrin Lehmann, Field-Reporterin: Meili Scheidemann<\/p>\n\n\n\n<p><span style=\"text-decoration: underline;\">Dienstag, 16. Juli 2024, ab 18.45 Uhr (ARD)<\/span><\/p>\n\n\n\n<p><strong><em>Deutschland &#8211; \u00d6sterreich (19.00 Uhr)<\/em><\/strong><br><img loading=\"lazy\" decoding=\"async\" width=\"10\" height=\"21\" class=\"wp-image-3656\" style=\"width: 10px;\" src=\"http:\/\/kommentatorenblog.de\/wp-content\/uploads\/2020\/09\/shure-55sh-ii-e1601485394796.jpg\" alt=\"\" srcset=\"https:\/\/kommentatorenblog.de\/wp-content\/uploads\/2020\/09\/shure-55sh-ii-e1601485394796.jpg 415w, https:\/\/kommentatorenblog.de\/wp-content\/uploads\/2020\/09\/shure-55sh-ii-e1601485394796-142x300.jpg 142w\" sizes=\"auto, (max-width: 10px) 100vw, 10px\" \/> Stephanie Baczyk<br>Moderation: Claus Lufen, Expertin: Almuth Schult, Field-Reporterin: Inka Blumensaat<\/p>\n\n\n\n<hr class=\"wp-block-separator\"\/>\n\n\n\n<p><strong>Copa America 2024 (Sportdigital FUSSBALL)<\/strong><\/p>\n\n\n\n<p><strong>Spiel um Platz 3<\/strong><\/p>\n\n\n\n<p><span style=\"text-decoration: underline;\">Sonntag, 14. Juli 2024<\/span><\/p>\n\n\n\n<p><strong><em>Kanada &#8211; Uruguay (02.00 Uhr)<\/em><\/strong><br><img loading=\"lazy\" decoding=\"async\" width=\"10\" height=\"21\" class=\"wp-image-3656\" style=\"width: 10px;\" src=\"http:\/\/kommentatorenblog.de\/wp-content\/uploads\/2020\/09\/shure-55sh-ii-e1601485394796.jpg\" alt=\"\" srcset=\"https:\/\/kommentatorenblog.de\/wp-content\/uploads\/2020\/09\/shure-55sh-ii-e1601485394796.jpg 415w, https:\/\/kommentatorenblog.de\/wp-content\/uploads\/2020\/09\/shure-55sh-ii-e1601485394796-142x300.jpg 142w\" sizes=\"auto, (max-width: 10px) 100vw, 10px\" \/> Martin Hahn<\/p>\n\n\n\n<p><strong>Finale<\/strong><\/p>\n\n\n\n<p><span style=\"text-decoration: underline;\">Montag, 15. Juli 2024<\/span><\/p>\n\n\n\n<p><strong><em>Argentinien &#8211; Kolumbien (02.00 Uhr)<\/em><\/strong><br><img loading=\"lazy\" decoding=\"async\" width=\"10\" height=\"21\" class=\"wp-image-3656\" style=\"width: 10px;\" src=\"http:\/\/kommentatorenblog.de\/wp-content\/uploads\/2020\/09\/shure-55sh-ii-e1601485394796.jpg\" alt=\"\" srcset=\"https:\/\/kommentatorenblog.de\/wp-content\/uploads\/2020\/09\/shure-55sh-ii-e1601485394796.jpg 415w, https:\/\/kommentatorenblog.de\/wp-content\/uploads\/2020\/09\/shure-55sh-ii-e1601485394796-142x300.jpg 142w\" sizes=\"auto, (max-width: 10px) 100vw, 10px\" \/> Marvin Kirsch<br>Moderation: Jonathan Dreier<\/p>\n\n\n\n<hr class=\"wp-block-separator\"\/>\n\n\n\n<p><strong>J. League, 23. Spieltag (Sportdigital FUSSBALL)<\/strong><\/p>\n\n\n\n<p><span style=\"text-decoration: underline;\">Sonntag, 14. Juli 2024<\/span><\/p>\n\n\n\n<p><strong><em>Kawasaki Frontale &#8211; Cerezo Osaka (12.03 Uhr)<\/em><\/strong><br><img loading=\"lazy\" decoding=\"async\" width=\"10\" height=\"21\" class=\"wp-image-3656\" style=\"width: 10px;\" src=\"http:\/\/kommentatorenblog.de\/wp-content\/uploads\/2020\/09\/shure-55sh-ii-e1601485394796.jpg\" alt=\"\" srcset=\"https:\/\/kommentatorenblog.de\/wp-content\/uploads\/2020\/09\/shure-55sh-ii-e1601485394796.jpg 415w, https:\/\/kommentatorenblog.de\/wp-content\/uploads\/2020\/09\/shure-55sh-ii-e1601485394796-142x300.jpg 142w\" sizes=\"auto, (max-width: 10px) 100vw, 10px\" \/> Ulf Kahmke<\/p>\n\n\n\n<hr class=\"wp-block-separator\"\/>\n\n\n\n<p><strong>Testspiele (Sky\/skysport.de)<\/strong><\/p>\n\n\n\n<p><span style=\"text-decoration: underline;\">Freitag, 12. Juli 2024<\/span><\/p>\n\n\n\n<p><strong><em>Borussia Dortmund &#8211; Traumspiel-Elf DEW21<\/em><\/strong> <strong><em>(18.00 Uhr)<\/em><\/strong><br><img loading=\"lazy\" decoding=\"async\" width=\"10\" height=\"21\" class=\"wp-image-3656\" style=\"width: 10px;\" src=\"http:\/\/kommentatorenblog.de\/wp-content\/uploads\/2020\/09\/shure-55sh-ii-e1601485394796.jpg\" alt=\"\" srcset=\"https:\/\/kommentatorenblog.de\/wp-content\/uploads\/2020\/09\/shure-55sh-ii-e1601485394796.jpg 415w, https:\/\/kommentatorenblog.de\/wp-content\/uploads\/2020\/09\/shure-55sh-ii-e1601485394796-142x300.jpg 142w\" sizes=\"auto, (max-width: 10px) 100vw, 10px\" \/> Dominik M\u00fcller<br>Field-Reporter: Jesco von Eichmann<\/p>\n\n\n\n<p><span style=\"text-decoration: underline;\">Samstag, 13. Juli 2024<\/span><\/p>\n\n\n\n<p><strong><em>F<\/em><\/strong><em><strong>C Schalke 04 &#8211; Dynamo Kiew (16.00 Uhr)<\/strong><\/em><br><img loading=\"lazy\" decoding=\"async\" width=\"10\" height=\"21\" class=\"wp-image-3656\" style=\"width: 10px;\" src=\"http:\/\/kommentatorenblog.de\/wp-content\/uploads\/2020\/09\/shure-55sh-ii-e1601485394796.jpg\" alt=\"\" srcset=\"https:\/\/kommentatorenblog.de\/wp-content\/uploads\/2020\/09\/shure-55sh-ii-e1601485394796.jpg 415w, https:\/\/kommentatorenblog.de\/wp-content\/uploads\/2020\/09\/shure-55sh-ii-e1601485394796-142x300.jpg 142w\" sizes=\"auto, (max-width: 10px) 100vw, 10px\" \/> Dominik M\u00fcller<br>Field-Reporter: Dirk gro\u00dfe Schlarmann<\/p>\n\n\n\n<p><span style=\"text-decoration: underline;\">Mittwoch, 17. Juli 2024<\/span><\/p>\n\n\n\n<p><strong><em>FC Erzgebirge Aue &#8211; Borussia Dortmund (18.00 Uhr)<\/em><\/strong><br><img loading=\"lazy\" decoding=\"async\" width=\"10\" height=\"21\" class=\"wp-image-3656\" style=\"width: 10px;\" src=\"http:\/\/kommentatorenblog.de\/wp-content\/uploads\/2020\/09\/shure-55sh-ii-e1601485394796.jpg\" alt=\"\" srcset=\"https:\/\/kommentatorenblog.de\/wp-content\/uploads\/2020\/09\/shure-55sh-ii-e1601485394796.jpg 415w, https:\/\/kommentatorenblog.de\/wp-content\/uploads\/2020\/09\/shure-55sh-ii-e1601485394796-142x300.jpg 142w\" sizes=\"auto, (max-width: 10px) 100vw, 10px\" \/> Jesco von Eichmann<br>Field-Reporter: Philipp Hinze<\/p>\n\n\n\n<hr class=\"wp-block-separator\"\/>\n\n\n\n<p><strong>Die Analyse<\/strong><\/p>\n\n\n\n<p>Schon vor einer Woche gab die ARD bekannt, dass Tom Bartels das Endspiel in Berlin kommentieren werde. Auf den ersten Eindruck keine gro\u00dfe \u00dcberraschung, allerdings ist das Spiel nach 2008 erst sein zweites EM-Finale, nachdem er bei den Weltmeisterschaften bislang auch zweimal ein Finalspiel bekam: den deutschen Triumph 2014 sowie den Sieg Argentiniens in Katar 2022, nach der denkw\u00fcrdigen Skispringen-\u00dcbertragung aus der Box in Doha kurz zuvor. An seiner Seite kommt Thomas Hitzlsperger zu seinem siebten Einsatz als Co-Kommentator beim Turnier.<br>Auf der Moderationsposition hat die ARD sich entschieden, sowohl Esther Sedlaczek als auch Alexander Bommes, die bisher im Wechsel die Spiele der EM pr\u00e4sentiert hatten, zum Abschluss gemeinsam moderieren zu lassen und zeigt damit auch, dass keine Absicht besteht, eine Hierarchie zwischen beiden festzulegen. Au\u00dferdem werden sowohl Bastian Schweinsteiger als auch Almuth Schult analysieren, somit entsteht eine \u00e4hnliche Konstellation wie beim EM-Finale 2021, wo es ebenfalls eine Doppelmoderation mit mehreren Experten gab, allerdings im Studio. Mit Thomas Broich, der im H\u00f6rfunk co-kommentiert, haben alle EM-Experten der ARD eine Rolle bei der \u00dcbertragung des Finals.<\/p>\n\n\n\n<p>Bei MagentaTV stand von vornherein fest, dass Wolff Fuss erneut das Finale kommentieren wird, zeitnah nach Turnierbeginn folgte die Bekanntgabe, dass sich Lothar Matth\u00e4us ab dem Achtelfinale auch ohne RTL-Beteiligung als Co-Kommentator einbringen wird und mit Fuss gemeinsam das aus den Bundesliga-Topspielen bei Sky bekannte Duo bildet. Nahezu selbstverst\u00e4ndlich ist auch, dass Hauptmoderator Johannes B. Kerner aus dem Stadion moderiert, gemeinsam mit Tabea Kemme und Michael Ballack, die bei den Spielen am h\u00e4ufigsten als Experten eingesetzt wurden. Sascha Bandermann h\u00e4lt hingegen im Studio mit Shkodran Mustafi, Jan Henkel, Patrick Ittrich und Paul Fischer letztmals die Stellung. Die dritte Moderatorin bei der EM, Laura Wontorra, kommt nicht zum Einsatz. Die Wahl von Fremdsprachen-Expertin Anna Sara Lange als Field-Reporterin ist bei der Konstellation der gegen\u00fcberstehenden Teams naheliegender. Auf dem Parallelkanal FUSSBALL.TV2 gibt es auch noch eine letzte \u00dcbertragung des Taktik-Feeds mit Benni Zander und Manuel Baum.<\/p>\n\n\n\n<p>Neben dem EM-Finale gibt es auch noch mehr Fu\u00dfball zu sehen: zum einen Spiel um Platz 3 und Finale der Copa America, das in diesem Jahr Marvin Kirsch kommentieren darf, sowie zwei EM-Qualifikationsspiele der deutschen Frauen-Nationalmannschaft, die auch als Vorbereitung auf Olympia dienen. Bereits am Freitag geht es in Reykjavik gegen Island, wo das ZDF mit der kompletten On-Air-Crew vor Ort ist, am folgenden Dienstag dann in Hannover gegen \u00d6sterreich, von wo die ARD \u00fcbertr\u00e4gt. Sowohl Stephanie Baczyk, die das EM-Finale im H\u00f6rfunk begleitet, als auch Almuth Schult sind hier nach kurzer Zeit erneut gefordert.<\/p>\n\n\n\n<p>Darauf, dass der Beginn der neuen Saison nicht mehr lange bevorsteht, deuten diverse Testspiele hin, die bei Sky \u00fcbertragen werden. Leider haben wir sowohl hierzu als auch, was das Field-Personal der ARD bei den dortigen \u00dcbertragungen angeht, aktuell noch keine Informationen, nach M\u00f6glichkeit werden wir sie aber nachreichen.<\/p>\n\n\n\n<p>Zwei weitere internationale Turniere starten genau dann, wenn die EM zu Ende ist: die U19-EM der Frauen (mit deutscher Beteiligung) am Sonntag und die U19-EM der M\u00e4nner (ohne deutsche Beteiligung) am Montag. Alle Spiele werden bei DAZN \u00fcbertragen, nach derzeitigem Stand allerdings nicht mit deutschem Kommentar.<\/p>\n\n\n\n<p>So, mit den genannten Partien geht eine wichtige Fu\u00dfball-Phase zu Ende, die kommende Woche wird recht fu\u00dfballfrei sein und wir werden in dieser Zeit nur gegebenenfalls einzelne Begegnungen nachreichen, bevor in der darauffolgenden Woche die olympischen Spiele in Paris beginnen. Im n\u00e4chsten Beitrag, auf den ihr euch kurz vor dem Start der Spiele freuen k\u00f6nnt, werden wir uns ausf\u00fchrlich mit den On-Air-Teams von ARD, ZDF und Eurosport f\u00fcr die \u00dcbertragungen der verschiedenen Disziplinen, nicht nur des Fu\u00dfballs, besch\u00e4ftigen.<\/p>\n\n\n\n<p>Ein sch\u00f6nes Final-Wochenende und bis bald!<\/p>\n","protected":false},"excerpt":{"rendered":"<p>Update vom 18. Juli 2024 Die Ansetzungen vom 18. bis zum 22. Juli 2024 Regionalliga Bayern, 1. Spieltag (BR24Sport) Donnerstag, 18. Juli 2024, ab 18.45 Uhr SV Wacker Burghausen &#8211; FC Bayern M\u00fcnchen II (19.00 Uhr) Bernd Schmelzer Ekstraklasa, 1. Spieltag (Sportdigital FUSSBALL) Freitag, 19. Juli 2024 Jagiellonia Bialystok &#8211; Puszcza Niepolomice (18.00 Uhr) Christian [&hellip;]<\/p>\n","protected":false},"author":17,"featured_media":0,"comment_status":"open","ping_status":"open","sticky":false,"template":"","format":"standard","meta":{"footnotes":""},"categories":[429,1132,426],"tags":[246,548,1122,19,355,21,582,57,36,636,915,13,392,580,97,1075,72,267,520,507,59,737,958,787,31,9,542,488,1113,649,71,581,17,500,665,831,12,1087,22,134,524,620,639,891,838,273,245,402,107,37],"class_list":["post-18373","post","type-post","status-publish","format-standard","hentry","category-diverses","category-em-2024","category-laenderspiele","tag-alexander-bommes","tag-almuth-schult","tag-anna-sara-lange","tag-ard","tag-bastian-schweinsteiger","tag-benni-zander","tag-bernd-schmelzer","tag-christian-blunck","tag-claudia-neumann","tag-claus-lufen","tag-daniel-hoehr","tag-dazn","tag-dirk-grosse-schlarmann","tag-dominik-mueller","tag-esther-sedlaczek","tag-inka-blumensaat","tag-jaron-steiner","tag-jesco-von-eichmann","tag-johannes-b-kerner","tag-jonathan-dreier","tag-karsten-linke","tag-kathrin-lehmann","tag-katja-streso","tag-lisa-tellers","tag-lothar-matthaeus","tag-magenta-sport","tag-magentatv","tag-manuel-baum","tag-mareile-scheidemann","tag-martin-hahn","tag-martin-weinberger","tag-marvin-kirsch","tag-mdr","tag-michael-ballack","tag-oliver-fassnacht-2","tag-philipp-hinze","tag-sascha-bandermann","tag-shkodran-mustafi","tag-sky","tag-sportdigital-fussball","tag-stephan-weidling","tag-stephanie-baczyk","tag-tabea-kemme","tag-thomas-hitzlsperger","tag-timo-schaefers","tag-tom-bartels","tag-torben-hoffmann","tag-ulf-kahmke","tag-wolff-fuss","tag-zdf"],"_links":{"self":[{"href":"https:\/\/kommentatorenblog.de\/index.php?rest_route=\/wp\/v2\/posts\/18373","targetHints":{"allow":["GET"]}}],"collection":[{"href":"https:\/\/kommentatorenblog.de\/index.php?rest_route=\/wp\/v2\/posts"}],"about":[{"href":"https:\/\/kommentatorenblog.de\/index.php?rest_route=\/wp\/v2\/types\/post"}],"author":[{"embeddable":true,"href":"https:\/\/kommentatorenblog.de\/index.php?rest_route=\/wp\/v2\/users\/17"}],"replies":[{"embeddable":true,"href":"https:\/\/kommentatorenblog.de\/index.php?rest_route=%2Fwp%2Fv2%2Fcomments&post=18373"}],"version-history":[{"count":25,"href":"https:\/\/kommentatorenblog.de\/index.php?rest_route=\/wp\/v2\/posts\/18373\/revisions"}],"predecessor-version":[{"id":18432,"href":"https:\/\/kommentatorenblog.de\/index.php?rest_route=\/wp\/v2\/posts\/18373\/revisions\/18432"}],"wp:attachment":[{"href":"https:\/\/kommentatorenblog.de\/index.php?rest_route=%2Fwp%2Fv2%2Fmedia&parent=18373"}],"wp:term":[{"taxonomy":"category","embeddable":true,"href":"https:\/\/kommentatorenblog.de\/index.php?rest_route=%2Fwp%2Fv2%2Fcategories&post=18373"},{"taxonomy":"post_tag","embeddable":true,"href":"https:\/\/kommentatorenblog.de\/index.php?rest_route=%2Fwp%2Fv2%2Ftags&post=18373"}],"curies":[{"name":"wp","href":"https:\/\/api.w.org\/{rel}","templated":true}]}}