{"id":18716,"date":"2024-08-16T16:05:24","date_gmt":"2024-08-16T15:05:24","guid":{"rendered":"https:\/\/kommentatorenblog.de\/?p=18716"},"modified":"2024-08-19T17:59:53","modified_gmt":"2024-08-19T15:59:53","slug":"1443-grosskampftag-mit-hindernissen","status":"publish","type":"post","link":"https:\/\/kommentatorenblog.de\/?p=18716","title":{"rendered":"1443 &#8211; Gro\u00dfkampftag mit Hindernissen"},"content":{"rendered":"\n<p>N&#8217;Abend allerseits,<\/p>\n\n\n\n<p>sp\u00e4t kommt unser neuer Beitrag, aber er kommt: erschwerte Kommunikationsm\u00f6glichkeiten wegen Feiertags und Urlaubs sowie berufliche und private Verpflichtungen unsererseits haben dazu gef\u00fchrt, dass die TV-\u00dcbersicht \u00fcber das erste Pokalwochenende nicht fr\u00fcher erscheinen konnte.<\/p>\n\n\n\n<p>Bevor wir zum Pokal kommen, noch ein paar Neuigkeiten: Sky gab bei einer Pressekonferenz Anfang der Woche bekannt, dass Rachel Rinast, Ex-Spielerin u.a. des 1. FC K\u00f6ln und Ex-Nationalspielerin der Schweiz (durch Wurzeln m\u00fctterlicherseits) Sky als Kommentatorin verst\u00e4rken wird, zun\u00e4chst in der Premier League, im Laufe der Saison auch in der 2. Bundesliga. Beim SRF und bei ran wird sie auch weiterhin t\u00e4tig sein, bei DAZN hingegen offenbar nicht mehr. Auch Christina Graf, bis 2018 die bis dato letzte Frau unter den Fu\u00dfballkommentatoren von Sky, spielte einst selbst in der Frauen-Bundesliga.<\/p>\n\n\n\n<p>Desweiteren wird Shkodran Mustafi Sky dauerhaft als Experte f\u00fcr die Premier League verst\u00e4rken, auch Thomas Hitzlsperger wird dort k\u00fcnftig h\u00e4ufiger im Einsatz sein. Erw\u00e4hnenswert ist au\u00dferdem, dass die Highlight-Sendung &#8222;Alle Spiele, alle Tore&#8220; verl\u00e4ngert wird.<\/p>\n\n\n\n<p>DAZN hingegen gab j\u00fcngst die Verl\u00e4ngerung mit den beiden Experten Michael Ballack und Sami Khedira bekannt, dar\u00fcber hinaus werden Tobias Schweinsteiger und Moritz Volz, der bereits beim Testspiel in der vergangenen Woche im Einsatz war, als regelm\u00e4\u00dfige Experten zu DAZN zur\u00fcckkehren. Bei beiden ist es allerdings recht wahrscheinlich, dass sie nach M\u00f6glichkeit bald auch wieder Trainert\u00e4tigkeiten nachgehen k\u00f6nnten.<\/p>\n\n\n\n<p>Bei der ARD wird sich ein bekannter Name ab sofort nicht mehr hier in den Ansetzungen wiederfinden: Gerd Gottlob hat k\u00fcrzlich angek\u00fcndigt, nach 27 Jahren k\u00fcnftig nicht mehr als Kommentator t\u00e4tig zu sein und sich ganz auf seine Aufgabe als Sportchef des NDR zu konzentrieren. Das denkw\u00fcrdige EM-Viertelfinalspiel zwischen Deutschland und Spanien markierte somit das Ende seiner Kommentatorenkarriere. \u00dcberraschend kommt der Schritt nicht, da seine Eins\u00e4tze bei der Sportschau und bei Live\u00fcbertragungen innerhalb des letzten Jahres merkbar weniger geworden waren. Mit Tom Bartels, Florian Na\u00df und Christina Graf als Kommentator:innen f\u00fcr Fu\u00dfball-Live\u00fcbertragungen ist die ARD weiterhin gut aufgestellt, laut ARD-Sportkoordinator Axel Balkausky soll allerdings in den kommenden Monaten auch noch \u00fcber eine direkte Nachfolge f\u00fcr Gottlob entschieden werden. Vermutlich k\u00f6nnten die Kommentierungen der Relive-Partien bei der EM einen Einblick darin geben, wer in der Auswahl daf\u00fcr sein k\u00f6nnte. Wer soll eurer Meinung nach in Zukunft DFB-Pokal- und L\u00e4nderspiele f\u00fcr die ARD neben Bartels, Na\u00df und Graf kommentieren? Schreibt es gerne in die Kommentare.<\/p>\n\n\n\n<hr class=\"wp-block-separator\"\/>\n\n\n\n<p><strong>Die Ansetzungen vom 16. bis zum 19. August 2024<\/strong><\/p>\n\n\n\n<hr class=\"wp-block-separator\"\/>\n\n\n\n<p><strong>DFB-Pokal, 1. Runde<\/strong><\/p>\n\n\n\n<p><span style=\"text-decoration: underline;\">Freitag, 16. August 2024, ab 17.30 Uhr (Sky)<\/span><\/p>\n\n\n\n<p><strong><em>SV Wehen Wiesbaden &#8211; 1. FSV Mainz 05 (18.00 Uhr)<\/em><\/strong><br><img loading=\"lazy\" decoding=\"async\" width=\"10\" height=\"21\" class=\"wp-image-3656\" style=\"width: 10px;\" src=\"http:\/\/kommentatorenblog.de\/wp-content\/uploads\/2020\/09\/shure-55sh-ii-e1601485394796.jpg\" alt=\"\" srcset=\"https:\/\/kommentatorenblog.de\/wp-content\/uploads\/2020\/09\/shure-55sh-ii-e1601485394796.jpg 415w, https:\/\/kommentatorenblog.de\/wp-content\/uploads\/2020\/09\/shure-55sh-ii-e1601485394796-142x300.jpg 142w\" sizes=\"auto, (max-width: 10px) 100vw, 10px\" \/> Klaus Veltman (Einzelspiel), Frank Buschmann (Konferenz)<br>Field-Reporterin: Britta Hofmann<\/p>\n\n\n\n<p><strong><em>FC W\u00fcrzburger Kickers &#8211; TSG 1899 Hoffenheim (18.00 Uhr)<\/em><\/strong><br><img loading=\"lazy\" decoding=\"async\" width=\"10\" height=\"21\" class=\"wp-image-3656\" style=\"width: 10px;\" src=\"http:\/\/kommentatorenblog.de\/wp-content\/uploads\/2020\/09\/shure-55sh-ii-e1601485394796.jpg\" alt=\"\" srcset=\"https:\/\/kommentatorenblog.de\/wp-content\/uploads\/2020\/09\/shure-55sh-ii-e1601485394796.jpg 415w, https:\/\/kommentatorenblog.de\/wp-content\/uploads\/2020\/09\/shure-55sh-ii-e1601485394796-142x300.jpg 142w\" sizes=\"auto, (max-width: 10px) 100vw, 10px\" \/> Markus G\u00f6tz (Einzelspiel), Florian Schmidt-Sommerfeld (Konferenz)<\/p>\n\n\n\n<p><strong><em>Hallescher FC &#8211; FC St. Pauli (18.00 Uhr)<\/em><\/strong><br><img loading=\"lazy\" decoding=\"async\" width=\"10\" height=\"21\" class=\"wp-image-3656\" style=\"width: 10px;\" src=\"http:\/\/kommentatorenblog.de\/wp-content\/uploads\/2020\/09\/shure-55sh-ii-e1601485394796.jpg\" alt=\"\" srcset=\"https:\/\/kommentatorenblog.de\/wp-content\/uploads\/2020\/09\/shure-55sh-ii-e1601485394796.jpg 415w, https:\/\/kommentatorenblog.de\/wp-content\/uploads\/2020\/09\/shure-55sh-ii-e1601485394796-142x300.jpg 142w\" sizes=\"auto, (max-width: 10px) 100vw, 10px\" \/> Marcel Meinert (Einzelspiel), Kai Dittmann (Konferenz)<br>Field-Reporterin: Lisa de Ruiter<\/p>\n\n\n\n<p><span style=\"text-decoration: underline;\">ab 20.15 Uhr (ZDF) bzw. ab 20.40 Uhr (Sky)<\/span><\/p>\n\n\n\n<p><strong><em>SSV Ulm 1846 &#8211; FC Bayern M\u00fcnchen (20.45 Uhr)<\/em><\/strong><\/p>\n\n\n\n<p><img loading=\"lazy\" decoding=\"async\" width=\"10\" height=\"21\" class=\"wp-image-3656\" style=\"width: 10px;\" src=\"http:\/\/kommentatorenblog.de\/wp-content\/uploads\/2020\/09\/shure-55sh-ii-e1601485394796.jpg\" alt=\"\" srcset=\"https:\/\/kommentatorenblog.de\/wp-content\/uploads\/2020\/09\/shure-55sh-ii-e1601485394796.jpg 415w, https:\/\/kommentatorenblog.de\/wp-content\/uploads\/2020\/09\/shure-55sh-ii-e1601485394796-142x300.jpg 142w\" sizes=\"auto, (max-width: 10px) 100vw, 10px\" \/> ZDF: Martin Schneider<br>Moderation (ZDF): Katrin M\u00fcller-Hohenstein, Expertin: Friederike Kromp, Field-Reporter: Boris B\u00fcchler und Andreas K\u00fcrten<\/p>\n\n\n\n<p><img loading=\"lazy\" decoding=\"async\" width=\"10\" height=\"21\" class=\"wp-image-3656\" style=\"width: 10px;\" src=\"http:\/\/kommentatorenblog.de\/wp-content\/uploads\/2020\/09\/shure-55sh-ii-e1601485394796.jpg\" alt=\"\" srcset=\"https:\/\/kommentatorenblog.de\/wp-content\/uploads\/2020\/09\/shure-55sh-ii-e1601485394796.jpg 415w, https:\/\/kommentatorenblog.de\/wp-content\/uploads\/2020\/09\/shure-55sh-ii-e1601485394796-142x300.jpg 142w\" sizes=\"auto, (max-width: 10px) 100vw, 10px\" \/> Sky: Wolff Fuss<br>Field-Reporter (Sky): Michael Leopold<\/p>\n\n\n\n<p>Moderation (Sky): <s>Nele Schenker<\/s> Yannick Erkenbrecher<\/p>\n\n\n\n<p><span style=\"text-decoration: underline;\">Samstag, 17. August 2024, ab 12.30 Uhr (Sky)<\/span><\/p>\n\n\n\n<p><strong><em>FC Erzgebirge Aue &#8211; Borussia M\u00f6nchengladbach (13.00 Uhr)<\/em><\/strong><br><img loading=\"lazy\" decoding=\"async\" width=\"10\" height=\"21\" class=\"wp-image-3656\" style=\"width: 10px;\" src=\"http:\/\/kommentatorenblog.de\/wp-content\/uploads\/2020\/09\/shure-55sh-ii-e1601485394796.jpg\" alt=\"\" srcset=\"https:\/\/kommentatorenblog.de\/wp-content\/uploads\/2020\/09\/shure-55sh-ii-e1601485394796.jpg 415w, https:\/\/kommentatorenblog.de\/wp-content\/uploads\/2020\/09\/shure-55sh-ii-e1601485394796-142x300.jpg 142w\" sizes=\"auto, (max-width: 10px) 100vw, 10px\" \/> Torsten Kunde (Einzelspiel), Hannes Herrmann (Konferenz)<br>Field-Reporter: Karsten Petrzika<\/p>\n\n\n\n<p><em><strong>T<\/strong><\/em><strong><em>SV Schott Mainz &#8211; SpVgg Greuther F\u00fcrth (13.00 Uhr)<\/em><\/strong><br><img loading=\"lazy\" decoding=\"async\" width=\"10\" height=\"21\" class=\"wp-image-3656\" style=\"width: 10px;\" src=\"http:\/\/kommentatorenblog.de\/wp-content\/uploads\/2020\/09\/shure-55sh-ii-e1601485394796.jpg\" alt=\"\" srcset=\"https:\/\/kommentatorenblog.de\/wp-content\/uploads\/2020\/09\/shure-55sh-ii-e1601485394796.jpg 415w, https:\/\/kommentatorenblog.de\/wp-content\/uploads\/2020\/09\/shure-55sh-ii-e1601485394796-142x300.jpg 142w\" sizes=\"auto, (max-width: 10px) 100vw, 10px\" \/> Jari Schaller (Einzelspiel), Christian Stra\u00dfburger (Konferenz)<\/p>\n\n\n\n<p><span style=\"text-decoration: underline;\">ab 14.30 Uhr (Sky)<\/span><\/p>\n\n\n\n<p><strong><em>VfL Osnabr\u00fcck &#8211; SC Freiburg (15.30 Uhr)<\/em><\/strong><br><img loading=\"lazy\" decoding=\"async\" width=\"10\" height=\"21\" class=\"wp-image-3656\" style=\"width: 10px;\" src=\"http:\/\/kommentatorenblog.de\/wp-content\/uploads\/2020\/09\/shure-55sh-ii-e1601485394796.jpg\" alt=\"\" srcset=\"https:\/\/kommentatorenblog.de\/wp-content\/uploads\/2020\/09\/shure-55sh-ii-e1601485394796.jpg 415w, https:\/\/kommentatorenblog.de\/wp-content\/uploads\/2020\/09\/shure-55sh-ii-e1601485394796-142x300.jpg 142w\" sizes=\"auto, (max-width: 10px) 100vw, 10px\" \/> Marcus Lindemann (Einzelspiel), Markus Gaupp (Konferenz)<br>Field-Reporter: Philipp Hinze<\/p>\n\n\n\n<p><strong><em>Rot-Weiss Essen &#8211; RB Leipzig (15.30 Uhr)<\/em><\/strong><br><img loading=\"lazy\" decoding=\"async\" width=\"10\" height=\"21\" class=\"wp-image-3656\" style=\"width: 10px;\" src=\"http:\/\/kommentatorenblog.de\/wp-content\/uploads\/2020\/09\/shure-55sh-ii-e1601485394796.jpg\" alt=\"\" srcset=\"https:\/\/kommentatorenblog.de\/wp-content\/uploads\/2020\/09\/shure-55sh-ii-e1601485394796.jpg 415w, https:\/\/kommentatorenblog.de\/wp-content\/uploads\/2020\/09\/shure-55sh-ii-e1601485394796-142x300.jpg 142w\" sizes=\"auto, (max-width: 10px) 100vw, 10px\" \/> Hansi K\u00fcpper (Einzelspiel), Kai Dittmann (Konferenz)<br>Field-Reporter: Marlon Irlbacher<\/p>\n\n\n\n<p><strong><em>FC 08 Villingen &#8211; 1. FC Heidenheim (15.30 Uhr)<\/em><\/strong><br><img loading=\"lazy\" decoding=\"async\" width=\"10\" height=\"21\" class=\"wp-image-3656\" style=\"width: 10px;\" src=\"http:\/\/kommentatorenblog.de\/wp-content\/uploads\/2020\/09\/shure-55sh-ii-e1601485394796.jpg\" alt=\"\" srcset=\"https:\/\/kommentatorenblog.de\/wp-content\/uploads\/2020\/09\/shure-55sh-ii-e1601485394796.jpg 415w, https:\/\/kommentatorenblog.de\/wp-content\/uploads\/2020\/09\/shure-55sh-ii-e1601485394796-142x300.jpg 142w\" sizes=\"auto, (max-width: 10px) 100vw, 10px\" \/> Sven Schr\u00f6ter (Einzelspiel), Markus G\u00f6tz (Konferenz)<\/p>\n\n\n\n<p><strong><em>Greifswalder FC &#8211; 1. FC Union Berlin (15.30 Uhr)<\/em><\/strong><br><img loading=\"lazy\" decoding=\"async\" width=\"10\" height=\"21\" class=\"wp-image-3656\" style=\"width: 10px;\" src=\"http:\/\/kommentatorenblog.de\/wp-content\/uploads\/2020\/09\/shure-55sh-ii-e1601485394796.jpg\" alt=\"\" srcset=\"https:\/\/kommentatorenblog.de\/wp-content\/uploads\/2020\/09\/shure-55sh-ii-e1601485394796.jpg 415w, https:\/\/kommentatorenblog.de\/wp-content\/uploads\/2020\/09\/shure-55sh-ii-e1601485394796-142x300.jpg 142w\" sizes=\"auto, (max-width: 10px) 100vw, 10px\" \/> Timo Sch\u00e4fers (Einzelspiel), Roland Evers (Konferenz)<\/p>\n\n\n\n<p><strong><em>VfR Aalen &#8211; FC Schalke 04 (15.30 Uhr)<\/em><\/strong><br><img loading=\"lazy\" decoding=\"async\" width=\"10\" height=\"21\" class=\"wp-image-3656\" style=\"width: 10px;\" src=\"http:\/\/kommentatorenblog.de\/wp-content\/uploads\/2020\/09\/shure-55sh-ii-e1601485394796.jpg\" alt=\"\" srcset=\"https:\/\/kommentatorenblog.de\/wp-content\/uploads\/2020\/09\/shure-55sh-ii-e1601485394796.jpg 415w, https:\/\/kommentatorenblog.de\/wp-content\/uploads\/2020\/09\/shure-55sh-ii-e1601485394796-142x300.jpg 142w\" sizes=\"auto, (max-width: 10px) 100vw, 10px\" \/> Dominik M\u00fcller (Einzelspiel), Florian Schmidt-Sommerfeld (Konferenz)<br>Field-Reporter: Hartmut von Kameke<\/p>\n\n\n\n<p><strong><em>FC Ingolstadt 04 &#8211; 1. FC Kaiserslautern (15.30 Uhr)<\/em><\/strong><br><img loading=\"lazy\" decoding=\"async\" width=\"10\" height=\"21\" class=\"wp-image-3656\" style=\"width: 10px;\" src=\"http:\/\/kommentatorenblog.de\/wp-content\/uploads\/2020\/09\/shure-55sh-ii-e1601485394796.jpg\" alt=\"\" srcset=\"https:\/\/kommentatorenblog.de\/wp-content\/uploads\/2020\/09\/shure-55sh-ii-e1601485394796.jpg 415w, https:\/\/kommentatorenblog.de\/wp-content\/uploads\/2020\/09\/shure-55sh-ii-e1601485394796-142x300.jpg 142w\" sizes=\"auto, (max-width: 10px) 100vw, 10px\" \/> Heiko Mallwitz (Einzelspiel), Stefan Hempel (Konferenz)<br>Field-Reporter: Torben Hoffmann<\/p>\n\n\n\n<p><span style=\"text-decoration: underline;\">ab 17.45 Uhr (Sky)<\/span><\/p>\n\n\n\n<p><strong><em>Alemannia Aachen &#8211; KSV Holstein Kiel (18.00 Uhr)<\/em><\/strong><br><img loading=\"lazy\" decoding=\"async\" width=\"10\" height=\"21\" class=\"wp-image-3656\" style=\"width: 10px;\" src=\"http:\/\/kommentatorenblog.de\/wp-content\/uploads\/2020\/09\/shure-55sh-ii-e1601485394796.jpg\" alt=\"\" srcset=\"https:\/\/kommentatorenblog.de\/wp-content\/uploads\/2020\/09\/shure-55sh-ii-e1601485394796.jpg 415w, https:\/\/kommentatorenblog.de\/wp-content\/uploads\/2020\/09\/shure-55sh-ii-e1601485394796-142x300.jpg 142w\" sizes=\"auto, (max-width: 10px) 100vw, 10px\" \/> Florian Malburg (Einzelspiel), Joachim Hebel (Konferenz)<br>Field-Reporter: Ulli Potofski<\/p>\n\n\n\n<p><strong><em>1. FC Ph\u00f6nix L\u00fcbeck &#8211; Borussia Dortmund (18.00 Uhr)<\/em><\/strong><br><img loading=\"lazy\" decoding=\"async\" width=\"10\" height=\"21\" class=\"wp-image-3656\" style=\"width: 10px;\" src=\"http:\/\/kommentatorenblog.de\/wp-content\/uploads\/2020\/09\/shure-55sh-ii-e1601485394796.jpg\" alt=\"\" srcset=\"https:\/\/kommentatorenblog.de\/wp-content\/uploads\/2020\/09\/shure-55sh-ii-e1601485394796.jpg 415w, https:\/\/kommentatorenblog.de\/wp-content\/uploads\/2020\/09\/shure-55sh-ii-e1601485394796-142x300.jpg 142w\" sizes=\"auto, (max-width: 10px) 100vw, 10px\" \/> Oliver Seidler (Einzelspiel), Jonas Friedrich (Konferenz)<br>Field-Reporter: Jens Westen<\/p>\n\n\n\n<p><strong><em>DSC Arminia Bielefeld &#8211; Hannover 96 (18.00 Uhr)<\/em><\/strong><br><img loading=\"lazy\" decoding=\"async\" width=\"10\" height=\"21\" class=\"wp-image-3656\" style=\"width: 10px;\" src=\"http:\/\/kommentatorenblog.de\/wp-content\/uploads\/2020\/09\/shure-55sh-ii-e1601485394796.jpg\" alt=\"\" srcset=\"https:\/\/kommentatorenblog.de\/wp-content\/uploads\/2020\/09\/shure-55sh-ii-e1601485394796.jpg 415w, https:\/\/kommentatorenblog.de\/wp-content\/uploads\/2020\/09\/shure-55sh-ii-e1601485394796-142x300.jpg 142w\" sizes=\"auto, (max-width: 10px) 100vw, 10px\" \/> Timo Schmidtchen (Einzelspiel), Marcel Meinert (Konferenz)<\/p>\n\n\n\n<p>Moderation: Michael Leopold<\/p>\n\n\n\n<p><span style=\"text-decoration: underline;\">Sonntag, 18. August 2024, ab 12.30 Uhr (Sky)<\/span><\/p>\n\n\n\n<p><strong><em>FC Viktoria 1889 Berlin &#8211; FC Augsburg (13.00 Uhr)<\/em><\/strong><br><img loading=\"lazy\" decoding=\"async\" width=\"10\" height=\"21\" class=\"wp-image-3656\" style=\"width: 10px;\" src=\"http:\/\/kommentatorenblog.de\/wp-content\/uploads\/2020\/09\/shure-55sh-ii-e1601485394796.jpg\" alt=\"\" srcset=\"https:\/\/kommentatorenblog.de\/wp-content\/uploads\/2020\/09\/shure-55sh-ii-e1601485394796.jpg 415w, https:\/\/kommentatorenblog.de\/wp-content\/uploads\/2020\/09\/shure-55sh-ii-e1601485394796-142x300.jpg 142w\" sizes=\"auto, (max-width: 10px) 100vw, 10px\" \/> Heiko Mallwitz (Einzelspiel), Marcel Meinert (Konferenz)<\/p>\n\n\n\n<p><strong><em>1. FC Saarbr\u00fccken &#8211; 1. FC N\u00fcrnberg (13.00 Uhr)<\/em><\/strong><br><img loading=\"lazy\" decoding=\"async\" width=\"10\" height=\"21\" class=\"wp-image-3656\" style=\"width: 10px;\" src=\"http:\/\/kommentatorenblog.de\/wp-content\/uploads\/2020\/09\/shure-55sh-ii-e1601485394796.jpg\" alt=\"\" srcset=\"https:\/\/kommentatorenblog.de\/wp-content\/uploads\/2020\/09\/shure-55sh-ii-e1601485394796.jpg 415w, https:\/\/kommentatorenblog.de\/wp-content\/uploads\/2020\/09\/shure-55sh-ii-e1601485394796-142x300.jpg 142w\" sizes=\"auto, (max-width: 10px) 100vw, 10px\" \/> Klaus Veltman (Einzelspiel), Hannes Herrmann (Konferenz)<br>Field-Reporter: Dennis Bayer<\/p>\n\n\n\n<p><span style=\"text-decoration: underline;\">ab 14.30 Uhr (Sky)<\/span><\/p>\n\n\n\n<p><strong><em>FC Hansa Rostock &#8211; Hertha BSC (15.30 Uhr)<\/em><\/strong><br><img loading=\"lazy\" decoding=\"async\" width=\"10\" height=\"21\" class=\"wp-image-3656\" style=\"width: 10px;\" src=\"http:\/\/kommentatorenblog.de\/wp-content\/uploads\/2020\/09\/shure-55sh-ii-e1601485394796.jpg\" alt=\"\" srcset=\"https:\/\/kommentatorenblog.de\/wp-content\/uploads\/2020\/09\/shure-55sh-ii-e1601485394796.jpg 415w, https:\/\/kommentatorenblog.de\/wp-content\/uploads\/2020\/09\/shure-55sh-ii-e1601485394796-142x300.jpg 142w\" sizes=\"auto, (max-width: 10px) 100vw, 10px\" \/> Oliver Seidler (Einzelspiel), Hansi K\u00fcpper (Konferenz)<br>Field-Reporter: Jens Westen<\/p>\n\n\n\n<p><strong><em>SSV Jahn Regensburg &#8211; VfL Bochum (15.30 Uhr)<\/em><\/strong><br><img loading=\"lazy\" decoding=\"async\" width=\"10\" height=\"21\" class=\"wp-image-3656\" style=\"width: 10px;\" src=\"http:\/\/kommentatorenblog.de\/wp-content\/uploads\/2020\/09\/shure-55sh-ii-e1601485394796.jpg\" alt=\"\" srcset=\"https:\/\/kommentatorenblog.de\/wp-content\/uploads\/2020\/09\/shure-55sh-ii-e1601485394796.jpg 415w, https:\/\/kommentatorenblog.de\/wp-content\/uploads\/2020\/09\/shure-55sh-ii-e1601485394796-142x300.jpg 142w\" sizes=\"auto, (max-width: 10px) 100vw, 10px\" \/> <s>Sven Schr\u00f6ter<\/s> Dominik M\u00fcller (Einzelspiel), Roland Evers (Konferenz)<br>Field-Reporter: Max Zielke<\/p>\n\n\n\n<p><strong><em>FC Teutonia 05 Ottensen &#8211; SV Darmstadt 98 (15.30 Uhr)<\/em><\/strong><br><img loading=\"lazy\" decoding=\"async\" width=\"10\" height=\"21\" class=\"wp-image-3656\" style=\"width: 10px;\" src=\"http:\/\/kommentatorenblog.de\/wp-content\/uploads\/2020\/09\/shure-55sh-ii-e1601485394796.jpg\" alt=\"\" srcset=\"https:\/\/kommentatorenblog.de\/wp-content\/uploads\/2020\/09\/shure-55sh-ii-e1601485394796.jpg 415w, https:\/\/kommentatorenblog.de\/wp-content\/uploads\/2020\/09\/shure-55sh-ii-e1601485394796-142x300.jpg 142w\" sizes=\"auto, (max-width: 10px) 100vw, 10px\" \/> Philipp Langosz (Einzelspiel), Michael Leopold (Konferenz)<\/p>\n\n\n\n<p><strong><em>SV Sandhausen &#8211; 1. FC K\u00f6ln (15.30 Uhr)<\/em><\/strong><br><img loading=\"lazy\" decoding=\"async\" width=\"10\" height=\"21\" class=\"wp-image-3656\" style=\"width: 10px;\" src=\"http:\/\/kommentatorenblog.de\/wp-content\/uploads\/2020\/09\/shure-55sh-ii-e1601485394796.jpg\" alt=\"\" srcset=\"https:\/\/kommentatorenblog.de\/wp-content\/uploads\/2020\/09\/shure-55sh-ii-e1601485394796.jpg 415w, https:\/\/kommentatorenblog.de\/wp-content\/uploads\/2020\/09\/shure-55sh-ii-e1601485394796-142x300.jpg 142w\" sizes=\"auto, (max-width: 10px) 100vw, 10px\" \/> <s>Marcus Lindemann<\/s> Jonas Friedrich (Einzelspiel), Wolff Fuss (Konferenz)<br>Field-Reporter: Ulli Potofski<\/p>\n\n\n\n<p><strong><em>Bremer SV &#8211; SC Paderborn 07 (15.30 Uhr)<\/em><\/strong><br><img loading=\"lazy\" decoding=\"async\" width=\"10\" height=\"21\" class=\"wp-image-3656\" style=\"width: 10px;\" src=\"http:\/\/kommentatorenblog.de\/wp-content\/uploads\/2020\/09\/shure-55sh-ii-e1601485394796.jpg\" alt=\"\" srcset=\"https:\/\/kommentatorenblog.de\/wp-content\/uploads\/2020\/09\/shure-55sh-ii-e1601485394796.jpg 415w, https:\/\/kommentatorenblog.de\/wp-content\/uploads\/2020\/09\/shure-55sh-ii-e1601485394796-142x300.jpg 142w\" sizes=\"auto, (max-width: 10px) 100vw, 10px\" \/> Timo Sch\u00e4fers (Einzelspiel), Sven Schr\u00f6ter (Konferenz)<\/p>\n\n\n\n<p><strong><em>VfV Borussia 06 Hildesheim &#8211; SV Elversberg (15.30 Uhr)<\/em><\/strong><br><img loading=\"lazy\" decoding=\"async\" width=\"10\" height=\"21\" class=\"wp-image-3656\" style=\"width: 10px;\" src=\"http:\/\/kommentatorenblog.de\/wp-content\/uploads\/2020\/09\/shure-55sh-ii-e1601485394796.jpg\" alt=\"\" srcset=\"https:\/\/kommentatorenblog.de\/wp-content\/uploads\/2020\/09\/shure-55sh-ii-e1601485394796.jpg 415w, https:\/\/kommentatorenblog.de\/wp-content\/uploads\/2020\/09\/shure-55sh-ii-e1601485394796-142x300.jpg 142w\" sizes=\"auto, (max-width: 10px) 100vw, 10px\" \/> Jaron Steiner (Einzelspiel), Christian Stra\u00dfburger (Konferenz)<\/p>\n\n\n\n<p><span style=\"text-decoration: underline;\">ab 17.50 Uhr (Sky)<\/span><\/p>\n\n\n\n<p><strong><em>VfL Sportfreunde Lotte &#8211; Karlsruher SC (18.00 Uhr)<\/em><\/strong><br><img loading=\"lazy\" decoding=\"async\" width=\"10\" height=\"21\" class=\"wp-image-3656\" style=\"width: 10px;\" src=\"http:\/\/kommentatorenblog.de\/wp-content\/uploads\/2020\/09\/shure-55sh-ii-e1601485394796.jpg\" alt=\"\" srcset=\"https:\/\/kommentatorenblog.de\/wp-content\/uploads\/2020\/09\/shure-55sh-ii-e1601485394796.jpg 415w, https:\/\/kommentatorenblog.de\/wp-content\/uploads\/2020\/09\/shure-55sh-ii-e1601485394796-142x300.jpg 142w\" sizes=\"auto, (max-width: 10px) 100vw, 10px\" \/> Thomas Wagner (Einzelspiel), Toni Tomic (Konferenz)<\/p>\n\n\n\n<p><strong><em>SV Meppen &#8211; Hamburger SV (18.00 Uhr)<\/em><\/strong><br><img loading=\"lazy\" decoding=\"async\" width=\"10\" height=\"21\" class=\"wp-image-3656\" style=\"width: 10px;\" src=\"http:\/\/kommentatorenblog.de\/wp-content\/uploads\/2020\/09\/shure-55sh-ii-e1601485394796.jpg\" alt=\"\" srcset=\"https:\/\/kommentatorenblog.de\/wp-content\/uploads\/2020\/09\/shure-55sh-ii-e1601485394796.jpg 415w, https:\/\/kommentatorenblog.de\/wp-content\/uploads\/2020\/09\/shure-55sh-ii-e1601485394796-142x300.jpg 142w\" sizes=\"auto, (max-width: 10px) 100vw, 10px\" \/> Martin Gro\u00df (Einzelspiel), Kai Dittmann (Konferenz)<br>Field-Reporter: Patrick Wasserziehr<\/p>\n\n\n\n<p><strong><em>SG Dynamo Dresden &#8211; Fortuna D\u00fcsseldorf (18.00 Uhr)<\/em><\/strong><br><img loading=\"lazy\" decoding=\"async\" width=\"10\" height=\"21\" class=\"wp-image-3656\" style=\"width: 10px;\" src=\"http:\/\/kommentatorenblog.de\/wp-content\/uploads\/2020\/09\/shure-55sh-ii-e1601485394796.jpg\" alt=\"\" srcset=\"https:\/\/kommentatorenblog.de\/wp-content\/uploads\/2020\/09\/shure-55sh-ii-e1601485394796.jpg 415w, https:\/\/kommentatorenblog.de\/wp-content\/uploads\/2020\/09\/shure-55sh-ii-e1601485394796-142x300.jpg 142w\" sizes=\"auto, (max-width: 10px) 100vw, 10px\" \/> <s>Dominik M\u00fcller<\/s> Oliver Fa\u00dfnacht (Einzelspiel), Markus G\u00f6tz (Konferenz)<br>Field-Reporter: Philipp Hinze<\/p>\n\n\n\n<p>Moderation: Yannick Erkenbrecher<\/p>\n\n\n\n<p><span style=\"text-decoration: underline;\">Montag, 19. August 2024, ab 17.30 Uhr (Sky)<\/span><\/p>\n\n\n\n<p><strong><em>TuS Koblenz &#8211; VfL Wolfsburg (18.00 Uhr)<\/em><\/strong><br><img loading=\"lazy\" decoding=\"async\" width=\"10\" height=\"21\" class=\"wp-image-3656\" style=\"width: 10px;\" src=\"http:\/\/kommentatorenblog.de\/wp-content\/uploads\/2020\/09\/shure-55sh-ii-e1601485394796.jpg\" alt=\"\" srcset=\"https:\/\/kommentatorenblog.de\/wp-content\/uploads\/2020\/09\/shure-55sh-ii-e1601485394796.jpg 415w, https:\/\/kommentatorenblog.de\/wp-content\/uploads\/2020\/09\/shure-55sh-ii-e1601485394796-142x300.jpg 142w\" sizes=\"auto, (max-width: 10px) 100vw, 10px\" \/> Thomas Wagner (Einzelspiel), Roland Evers (Konferenz)<\/p>\n\n\n\n<p><strong><em>FC Energie Cottbus &#8211; SV Werder Bremen (18.00 Uhr)<\/em><\/strong><br><img loading=\"lazy\" decoding=\"async\" width=\"10\" height=\"21\" class=\"wp-image-3656\" style=\"width: 10px;\" src=\"http:\/\/kommentatorenblog.de\/wp-content\/uploads\/2020\/09\/shure-55sh-ii-e1601485394796.jpg\" alt=\"\" srcset=\"https:\/\/kommentatorenblog.de\/wp-content\/uploads\/2020\/09\/shure-55sh-ii-e1601485394796.jpg 415w, https:\/\/kommentatorenblog.de\/wp-content\/uploads\/2020\/09\/shure-55sh-ii-e1601485394796-142x300.jpg 142w\" sizes=\"auto, (max-width: 10px) 100vw, 10px\" \/> Torsten Kunde (Einzelspiel), Jonas Friedrich (Konferenz)<br>Field-Reporter: Karsten Petrzika<\/p>\n\n\n\n<p><strong><em>Kickers Offenbach &#8211; 1. FC Magdeburg (18.00 Uhr)<\/em><\/strong><br><img loading=\"lazy\" decoding=\"async\" width=\"10\" height=\"21\" class=\"wp-image-3656\" style=\"width: 10px;\" src=\"http:\/\/kommentatorenblog.de\/wp-content\/uploads\/2020\/09\/shure-55sh-ii-e1601485394796.jpg\" alt=\"\" srcset=\"https:\/\/kommentatorenblog.de\/wp-content\/uploads\/2020\/09\/shure-55sh-ii-e1601485394796.jpg 415w, https:\/\/kommentatorenblog.de\/wp-content\/uploads\/2020\/09\/shure-55sh-ii-e1601485394796-142x300.jpg 142w\" sizes=\"auto, (max-width: 10px) 100vw, 10px\" \/> Stefan Hempel (Einzelspiel), Hansi K\u00fcpper (Konferenz)<\/p>\n\n\n\n<p><span style=\"text-decoration: underline;\">ab 20.15 Uhr (ARD) bzw. ab 20.40 Uhr (Sky)<\/span><\/p>\n\n\n\n<p><strong><em>Eintracht Braunschweig &#8211; Eintracht Frankfurt (20.45 Uhr)<\/em><\/strong><\/p>\n\n\n\n<p><img loading=\"lazy\" decoding=\"async\" width=\"10\" height=\"21\" class=\"wp-image-3656\" style=\"width: 10px;\" src=\"http:\/\/kommentatorenblog.de\/wp-content\/uploads\/2020\/09\/shure-55sh-ii-e1601485394796.jpg\" alt=\"\" srcset=\"https:\/\/kommentatorenblog.de\/wp-content\/uploads\/2020\/09\/shure-55sh-ii-e1601485394796.jpg 415w, https:\/\/kommentatorenblog.de\/wp-content\/uploads\/2020\/09\/shure-55sh-ii-e1601485394796-142x300.jpg 142w\" sizes=\"auto, (max-width: 10px) 100vw, 10px\" \/> ARD: Christina Graf<br>Moderation (ARD): Esther Sedlaczek, Experte: Bastian Schweinsteiger, Field-Reporter: Patrick Halatsch<\/p>\n\n\n\n<p><img loading=\"lazy\" decoding=\"async\" width=\"10\" height=\"21\" class=\"wp-image-3656\" style=\"width: 10px;\" src=\"http:\/\/kommentatorenblog.de\/wp-content\/uploads\/2020\/09\/shure-55sh-ii-e1601485394796.jpg\" alt=\"\" srcset=\"https:\/\/kommentatorenblog.de\/wp-content\/uploads\/2020\/09\/shure-55sh-ii-e1601485394796.jpg 415w, https:\/\/kommentatorenblog.de\/wp-content\/uploads\/2020\/09\/shure-55sh-ii-e1601485394796-142x300.jpg 142w\" sizes=\"auto, (max-width: 10px) 100vw, 10px\" \/> Sky: Oliver Seidler, Experte: Mirko Slomka<br>Field-Reporter (Sky): Patrick Wasserziehr<\/p>\n\n\n\n<p>Moderation (Sky): Sebastian Hellmann<\/p>\n\n\n\n<hr class=\"wp-block-separator\"\/>\n\n\n\n<p><strong>DFL Supercup (SAT.1\/Sky)<\/strong><\/p>\n\n\n\n<p><span style=\"text-decoration: underline;\">Samstag, 17. August 2024, ab 19.30 Uhr (SAT.1) bzw. ab 20.00 Uhr (Sky)<\/span><\/p>\n\n\n\n<p><strong><em>Bayer 04 Leverkusen &#8211; VfB Stuttgart (20.30 Uhr)<\/em><\/strong><\/p>\n\n\n\n<p><img loading=\"lazy\" decoding=\"async\" width=\"10\" height=\"21\" class=\"wp-image-3656\" style=\"width: 10px;\" src=\"http:\/\/kommentatorenblog.de\/wp-content\/uploads\/2020\/09\/shure-55sh-ii-e1601485394796.jpg\" alt=\"\" srcset=\"https:\/\/kommentatorenblog.de\/wp-content\/uploads\/2020\/09\/shure-55sh-ii-e1601485394796.jpg 415w, https:\/\/kommentatorenblog.de\/wp-content\/uploads\/2020\/09\/shure-55sh-ii-e1601485394796-142x300.jpg 142w\" sizes=\"auto, (max-width: 10px) 100vw, 10px\" \/> SAT.1: Wolff Fuss, Experte: Stefan Kuntz<br>Moderation (SAT.1): Matthias Opdenh\u00f6vel, Field-Reporter: Markus Herwig<\/p>\n\n\n\n<p><img loading=\"lazy\" decoding=\"async\" width=\"10\" height=\"21\" class=\"wp-image-3656\" style=\"width: 10px;\" src=\"http:\/\/kommentatorenblog.de\/wp-content\/uploads\/2020\/09\/shure-55sh-ii-e1601485394796.jpg\" alt=\"\" srcset=\"https:\/\/kommentatorenblog.de\/wp-content\/uploads\/2020\/09\/shure-55sh-ii-e1601485394796.jpg 415w, https:\/\/kommentatorenblog.de\/wp-content\/uploads\/2020\/09\/shure-55sh-ii-e1601485394796-142x300.jpg 142w\" sizes=\"auto, (max-width: 10px) 100vw, 10px\" \/> Sky: Martin Gro\u00df<br>Moderation (Sky): Britta Hofmann, Field-Reporter: Patrick Wasserziehr<\/p>\n\n\n\n<hr class=\"wp-block-separator\"\/>\n\n\n\n<p><strong>Regionalliga West, 4. Spieltag (Sporttotal)<\/strong><\/p>\n\n\n\n<p><span style=\"text-decoration: underline;\">Freitag, 16. August 2024, ab 19.20 Uhr<\/span><\/p>\n\n\n\n<p><strong><em>MSV Duisburg &#8211; SV Eintracht Hohkeppel (19.30 Uhr)<\/em><\/strong><br><img loading=\"lazy\" decoding=\"async\" width=\"10\" height=\"21\" class=\"wp-image-3656\" style=\"width: 10px;\" src=\"http:\/\/kommentatorenblog.de\/wp-content\/uploads\/2020\/09\/shure-55sh-ii-e1601485394796.jpg\" alt=\"\" srcset=\"https:\/\/kommentatorenblog.de\/wp-content\/uploads\/2020\/09\/shure-55sh-ii-e1601485394796.jpg 415w, https:\/\/kommentatorenblog.de\/wp-content\/uploads\/2020\/09\/shure-55sh-ii-e1601485394796-142x300.jpg 142w\" sizes=\"auto, (max-width: 10px) 100vw, 10px\" \/> ???<\/p>\n\n\n\n<p><span style=\"text-decoration: underline;\">Samstag, 17. August 2024, ab 13.50 Uhr<\/span><\/p>\n\n\n\n<p><strong><em>FC G\u00fctersloh &#8211; T\u00fcrkspor Dortmund (14.00 Uhr)<\/em><\/strong><br><img loading=\"lazy\" decoding=\"async\" width=\"10\" height=\"21\" class=\"wp-image-3656\" style=\"width: 10px;\" src=\"http:\/\/kommentatorenblog.de\/wp-content\/uploads\/2020\/09\/shure-55sh-ii-e1601485394796.jpg\" alt=\"\" srcset=\"https:\/\/kommentatorenblog.de\/wp-content\/uploads\/2020\/09\/shure-55sh-ii-e1601485394796.jpg 415w, https:\/\/kommentatorenblog.de\/wp-content\/uploads\/2020\/09\/shure-55sh-ii-e1601485394796-142x300.jpg 142w\" sizes=\"auto, (max-width: 10px) 100vw, 10px\" \/> Jonah Maas<\/p>\n\n\n\n<p><strong><em>Borussia M\u00f6nchengladbach II &#8211; Fortuna D\u00fcsseldorf II (14.00 Uhr)<\/em><\/strong><br><img loading=\"lazy\" decoding=\"async\" width=\"10\" height=\"21\" class=\"wp-image-3656\" style=\"width: 10px;\" src=\"http:\/\/kommentatorenblog.de\/wp-content\/uploads\/2020\/09\/shure-55sh-ii-e1601485394796.jpg\" alt=\"\" srcset=\"https:\/\/kommentatorenblog.de\/wp-content\/uploads\/2020\/09\/shure-55sh-ii-e1601485394796.jpg 415w, https:\/\/kommentatorenblog.de\/wp-content\/uploads\/2020\/09\/shure-55sh-ii-e1601485394796-142x300.jpg 142w\" sizes=\"auto, (max-width: 10px) 100vw, 10px\" \/> Florian Diettrich<\/p>\n\n\n\n<p><strong><em>1. FC D\u00fcren &#8211; SC Wiedenbr\u00fcck (14.00 Uhr)<\/em><\/strong><br><img loading=\"lazy\" decoding=\"async\" width=\"10\" height=\"21\" class=\"wp-image-3656\" style=\"width: 10px;\" src=\"http:\/\/kommentatorenblog.de\/wp-content\/uploads\/2020\/09\/shure-55sh-ii-e1601485394796.jpg\" alt=\"\" srcset=\"https:\/\/kommentatorenblog.de\/wp-content\/uploads\/2020\/09\/shure-55sh-ii-e1601485394796.jpg 415w, https:\/\/kommentatorenblog.de\/wp-content\/uploads\/2020\/09\/shure-55sh-ii-e1601485394796-142x300.jpg 142w\" sizes=\"auto, (max-width: 10px) 100vw, 10px\" \/> Sam Burth<\/p>\n\n\n\n<p><strong><em>SV R\u00f6dinghausen &#8211; KFC Uerdingen 05 (14.00 Uhr)<\/em><\/strong><br><img loading=\"lazy\" decoding=\"async\" width=\"10\" height=\"21\" class=\"wp-image-3656\" style=\"width: 10px;\" src=\"http:\/\/kommentatorenblog.de\/wp-content\/uploads\/2020\/09\/shure-55sh-ii-e1601485394796.jpg\" alt=\"\" srcset=\"https:\/\/kommentatorenblog.de\/wp-content\/uploads\/2020\/09\/shure-55sh-ii-e1601485394796.jpg 415w, https:\/\/kommentatorenblog.de\/wp-content\/uploads\/2020\/09\/shure-55sh-ii-e1601485394796-142x300.jpg 142w\" sizes=\"auto, (max-width: 10px) 100vw, 10px\" \/> Sven Lesser<\/p>\n\n\n\n<p><strong><em>1. FC Bocholt &#8211; FC Schalke 04 II (14.00 Uhr)<\/em><\/strong><br><img loading=\"lazy\" decoding=\"async\" width=\"10\" height=\"21\" class=\"wp-image-3656\" style=\"width: 10px;\" src=\"http:\/\/kommentatorenblog.de\/wp-content\/uploads\/2020\/09\/shure-55sh-ii-e1601485394796.jpg\" alt=\"\" srcset=\"https:\/\/kommentatorenblog.de\/wp-content\/uploads\/2020\/09\/shure-55sh-ii-e1601485394796.jpg 415w, https:\/\/kommentatorenblog.de\/wp-content\/uploads\/2020\/09\/shure-55sh-ii-e1601485394796-142x300.jpg 142w\" sizes=\"auto, (max-width: 10px) 100vw, 10px\" \/> Cedric Greh<\/p>\n\n\n\n<p><span style=\"text-decoration: underline;\">Sonntag, 18. August 2024, ab 13.50 Uhr<\/span><\/p>\n\n\n\n<p><strong><em>1. FC K\u00f6ln II &#8211; SC Fortuna K\u00f6ln (14.00 Uhr)<\/em><\/strong><br><img loading=\"lazy\" decoding=\"async\" width=\"10\" height=\"21\" class=\"wp-image-3656\" style=\"width: 10px;\" src=\"http:\/\/kommentatorenblog.de\/wp-content\/uploads\/2020\/09\/shure-55sh-ii-e1601485394796.jpg\" alt=\"\" srcset=\"https:\/\/kommentatorenblog.de\/wp-content\/uploads\/2020\/09\/shure-55sh-ii-e1601485394796.jpg 415w, https:\/\/kommentatorenblog.de\/wp-content\/uploads\/2020\/09\/shure-55sh-ii-e1601485394796-142x300.jpg 142w\" sizes=\"auto, (max-width: 10px) 100vw, 10px\" \/> Noah Kersting<\/p>\n\n\n\n<p><em><strong>Wuppertaler SV &#8211; SC Paderborn 07 II (14.00 Uhr)<\/strong><\/em><br><img loading=\"lazy\" decoding=\"async\" width=\"10\" height=\"21\" class=\"wp-image-3656\" style=\"width: 10px;\" src=\"http:\/\/kommentatorenblog.de\/wp-content\/uploads\/2020\/09\/shure-55sh-ii-e1601485394796.jpg\" alt=\"\" srcset=\"https:\/\/kommentatorenblog.de\/wp-content\/uploads\/2020\/09\/shure-55sh-ii-e1601485394796.jpg 415w, https:\/\/kommentatorenblog.de\/wp-content\/uploads\/2020\/09\/shure-55sh-ii-e1601485394796-142x300.jpg 142w\" sizes=\"auto, (max-width: 10px) 100vw, 10px\" \/> Noah H\u00fclsmans<\/p>\n\n\n\n<hr class=\"wp-block-separator\"\/>\n\n\n\n<p><strong>Regionalliga Bayern, 5. Spieltag (BR24Sport)<\/strong><\/p>\n\n\n\n<p><span style=\"text-decoration: underline;\">Freitag, 16. August 2024<\/span><\/p>\n\n\n\n<p><strong><em>SpVgg Bayreuth &#8211; 1. FC Schweinfurt 05 (19.00 Uhr)<\/em><\/strong><br><img loading=\"lazy\" decoding=\"async\" width=\"10\" height=\"21\" class=\"wp-image-3656\" style=\"width: 10px;\" src=\"http:\/\/kommentatorenblog.de\/wp-content\/uploads\/2020\/09\/shure-55sh-ii-e1601485394796.jpg\" alt=\"\" srcset=\"https:\/\/kommentatorenblog.de\/wp-content\/uploads\/2020\/09\/shure-55sh-ii-e1601485394796.jpg 415w, https:\/\/kommentatorenblog.de\/wp-content\/uploads\/2020\/09\/shure-55sh-ii-e1601485394796-142x300.jpg 142w\" sizes=\"auto, (max-width: 10px) 100vw, 10px\" \/> Florian Eckl<\/p>\n\n\n\n<hr class=\"wp-block-separator\"\/>\n\n\n\n<p><strong>U19-DFB-Nachwuchsliga, 4. Spieltag (Sky\/skysport.de)<\/strong><\/p>\n\n\n\n<p><span style=\"text-decoration: underline;\">Sonntag, 18. August 2024<\/span><\/p>\n\n\n\n<p><strong><em>Eintracht Frankfurt U19 &#8211; Kickers Offenbach U19 (11.00 Uhr)<\/em><\/strong><br><strong><img loading=\"lazy\" decoding=\"async\" width=\"10\" height=\"21\" class=\"wp-image-3656\" style=\"width: 10px;\" src=\"http:\/\/kommentatorenblog.de\/wp-content\/uploads\/2020\/09\/shure-55sh-ii-e1601485394796.jpg\" alt=\"\" srcset=\"https:\/\/kommentatorenblog.de\/wp-content\/uploads\/2020\/09\/shure-55sh-ii-e1601485394796.jpg 415w, https:\/\/kommentatorenblog.de\/wp-content\/uploads\/2020\/09\/shure-55sh-ii-e1601485394796-142x300.jpg 142w\" sizes=\"auto, (max-width: 10px) 100vw, 10px\" \/><\/strong> Uli Hebel<\/p>\n\n\n\n<hr class=\"wp-block-separator\"\/>\n\n\n\n<p><strong>Premier League, 1. Spieltag<\/strong><\/p>\n\n\n\n<p><span style=\"text-decoration: underline;\">Freitag, 16. August 2024, ab 20.45 Uhr (Sky)<\/span><\/p>\n\n\n\n<p><strong><em>Manchester United &#8211; FC Fulham (21.00 Uhr)<\/em><\/strong><br><img loading=\"lazy\" decoding=\"async\" width=\"10\" height=\"21\" class=\"wp-image-3656\" style=\"width: 10px;\" src=\"http:\/\/kommentatorenblog.de\/wp-content\/uploads\/2020\/09\/shure-55sh-ii-e1601485394796.jpg\" alt=\"\" srcset=\"https:\/\/kommentatorenblog.de\/wp-content\/uploads\/2020\/09\/shure-55sh-ii-e1601485394796.jpg 415w, https:\/\/kommentatorenblog.de\/wp-content\/uploads\/2020\/09\/shure-55sh-ii-e1601485394796-142x300.jpg 142w\" sizes=\"auto, (max-width: 10px) 100vw, 10px\" \/> Joachim Hebel<\/p>\n\n\n\n<p><span style=\"text-decoration: underline;\">Samstag, 17. August 2024, ab 13.20 Uhr (Sky)<\/span><\/p>\n\n\n\n<p><strong><em>Ipswich Town &#8211; FC Liverpool (13.30 Uhr)<\/em><\/strong><br><img loading=\"lazy\" decoding=\"async\" width=\"10\" height=\"21\" class=\"wp-image-3656\" style=\"width: 10px;\" src=\"http:\/\/kommentatorenblog.de\/wp-content\/uploads\/2020\/09\/shure-55sh-ii-e1601485394796.jpg\" alt=\"\" srcset=\"https:\/\/kommentatorenblog.de\/wp-content\/uploads\/2020\/09\/shure-55sh-ii-e1601485394796.jpg 415w, https:\/\/kommentatorenblog.de\/wp-content\/uploads\/2020\/09\/shure-55sh-ii-e1601485394796-142x300.jpg 142w\" sizes=\"auto, (max-width: 10px) 100vw, 10px\" \/> Toni Tomic<\/p>\n\n\n\n<p><span style=\"text-decoration: underline;\">ab 15.50 Uhr (Sky\/RTL+)<\/span><\/p>\n\n\n\n<p><strong><em>FC Arsenal &#8211; Wolverhampton Wanderers (16.00 Uhr)<\/em><\/strong><br><img loading=\"lazy\" decoding=\"async\" width=\"10\" height=\"21\" class=\"wp-image-3656\" style=\"width: 10px;\" src=\"http:\/\/kommentatorenblog.de\/wp-content\/uploads\/2020\/09\/shure-55sh-ii-e1601485394796.jpg\" alt=\"\" srcset=\"https:\/\/kommentatorenblog.de\/wp-content\/uploads\/2020\/09\/shure-55sh-ii-e1601485394796.jpg 415w, https:\/\/kommentatorenblog.de\/wp-content\/uploads\/2020\/09\/shure-55sh-ii-e1601485394796-142x300.jpg 142w\" sizes=\"auto, (max-width: 10px) 100vw, 10px\" \/> Uli Hebel<\/p>\n\n\n\n<p><span style=\"text-decoration: underline;\">ab 15.50 Uhr (skysport.de)<\/span><\/p>\n\n\n\n<p><strong><em>FC Everton &#8211; Brighton &amp; Hove Albion (16.00 Uhr)<\/em><\/strong><br><img loading=\"lazy\" decoding=\"async\" width=\"10\" height=\"21\" class=\"wp-image-3656\" style=\"width: 10px;\" src=\"http:\/\/kommentatorenblog.de\/wp-content\/uploads\/2020\/09\/shure-55sh-ii-e1601485394796.jpg\" alt=\"\" srcset=\"https:\/\/kommentatorenblog.de\/wp-content\/uploads\/2020\/09\/shure-55sh-ii-e1601485394796.jpg 415w, https:\/\/kommentatorenblog.de\/wp-content\/uploads\/2020\/09\/shure-55sh-ii-e1601485394796-142x300.jpg 142w\" sizes=\"auto, (max-width: 10px) 100vw, 10px\" \/> Hannes Herrmann<\/p>\n\n\n\n<p><strong><em>Newcastle United &#8211; FC Southampton (16.00 Uhr)<\/em><\/strong><br><img loading=\"lazy\" decoding=\"async\" width=\"10\" height=\"21\" class=\"wp-image-3656\" style=\"width: 10px;\" src=\"http:\/\/kommentatorenblog.de\/wp-content\/uploads\/2020\/09\/shure-55sh-ii-e1601485394796.jpg\" alt=\"\" srcset=\"https:\/\/kommentatorenblog.de\/wp-content\/uploads\/2020\/09\/shure-55sh-ii-e1601485394796.jpg 415w, https:\/\/kommentatorenblog.de\/wp-content\/uploads\/2020\/09\/shure-55sh-ii-e1601485394796-142x300.jpg 142w\" sizes=\"auto, (max-width: 10px) 100vw, 10px\" \/> Christian Stra\u00dfburger<\/p>\n\n\n\n<p><strong><em>Nottingham Forest &#8211; AFC Bournemouth (16.00 Uhr)<\/em><\/strong><br><img loading=\"lazy\" decoding=\"async\" width=\"10\" height=\"21\" class=\"wp-image-3656\" style=\"width: 10px;\" src=\"http:\/\/kommentatorenblog.de\/wp-content\/uploads\/2020\/09\/shure-55sh-ii-e1601485394796.jpg\" alt=\"\" srcset=\"https:\/\/kommentatorenblog.de\/wp-content\/uploads\/2020\/09\/shure-55sh-ii-e1601485394796.jpg 415w, https:\/\/kommentatorenblog.de\/wp-content\/uploads\/2020\/09\/shure-55sh-ii-e1601485394796-142x300.jpg 142w\" sizes=\"auto, (max-width: 10px) 100vw, 10px\" \/> Jari Schaller<\/p>\n\n\n\n<p><span style=\"text-decoration: underline;\">ab 18.20 Uhr (Sky)<\/span><\/p>\n\n\n\n<p><strong><em>West Ham United &#8211; Aston Villa (18.30 Uhr)<\/em><\/strong><br><img loading=\"lazy\" decoding=\"async\" width=\"10\" height=\"21\" class=\"wp-image-3656\" style=\"width: 10px;\" src=\"http:\/\/kommentatorenblog.de\/wp-content\/uploads\/2020\/09\/shure-55sh-ii-e1601485394796.jpg\" alt=\"\" srcset=\"https:\/\/kommentatorenblog.de\/wp-content\/uploads\/2020\/09\/shure-55sh-ii-e1601485394796.jpg 415w, https:\/\/kommentatorenblog.de\/wp-content\/uploads\/2020\/09\/shure-55sh-ii-e1601485394796-142x300.jpg 142w\" sizes=\"auto, (max-width: 10px) 100vw, 10px\" \/> Rachel Rinast<\/p>\n\n\n\n<p><span style=\"text-decoration: underline;\">Sonntag, 18. August 2024, ab 14.50 Uhr (Sky)<\/span><\/p>\n\n\n\n<p><strong><em>FC Brentford &#8211; Crystal Palace (15.00 Uhr)<\/em><\/strong><br><img loading=\"lazy\" decoding=\"async\" width=\"10\" height=\"21\" class=\"wp-image-3656\" style=\"width: 10px;\" src=\"http:\/\/kommentatorenblog.de\/wp-content\/uploads\/2020\/09\/shure-55sh-ii-e1601485394796.jpg\" alt=\"\" srcset=\"https:\/\/kommentatorenblog.de\/wp-content\/uploads\/2020\/09\/shure-55sh-ii-e1601485394796.jpg 415w, https:\/\/kommentatorenblog.de\/wp-content\/uploads\/2020\/09\/shure-55sh-ii-e1601485394796-142x300.jpg 142w\" sizes=\"auto, (max-width: 10px) 100vw, 10px\" \/> Joachim Hebel<\/p>\n\n\n\n<p><span style=\"text-decoration: underline;\">ab 17.00 Uhr (Sky)<\/span><\/p>\n\n\n\n<p><strong><em>FC Chelsea &#8211; Manchester City (17.30 Uhr)<\/em><\/strong><br><img loading=\"lazy\" decoding=\"async\" width=\"10\" height=\"21\" class=\"wp-image-3656\" style=\"width: 10px;\" src=\"http:\/\/kommentatorenblog.de\/wp-content\/uploads\/2020\/09\/shure-55sh-ii-e1601485394796.jpg\" alt=\"\" srcset=\"https:\/\/kommentatorenblog.de\/wp-content\/uploads\/2020\/09\/shure-55sh-ii-e1601485394796.jpg 415w, https:\/\/kommentatorenblog.de\/wp-content\/uploads\/2020\/09\/shure-55sh-ii-e1601485394796-142x300.jpg 142w\" sizes=\"auto, (max-width: 10px) 100vw, 10px\" \/> Florian Schmidt-Sommerfeld, Experte: Shkodran Mustafi<br>Field-Reporter: Raphael Honigstein<\/p>\n\n\n\n<p><span style=\"text-decoration: underline;\">Montag, 19. August 2024, ab 20.50 Uhr (Sky)<\/span><\/p>\n\n\n\n<p><strong><em>Leicester City &#8211; Tottenham Hotspur (21.00 Uhr)<\/em><\/strong><br><img loading=\"lazy\" decoding=\"async\" width=\"10\" height=\"21\" class=\"wp-image-3656\" style=\"width: 10px;\" src=\"http:\/\/kommentatorenblog.de\/wp-content\/uploads\/2020\/09\/shure-55sh-ii-e1601485394796.jpg\" alt=\"\" srcset=\"https:\/\/kommentatorenblog.de\/wp-content\/uploads\/2020\/09\/shure-55sh-ii-e1601485394796.jpg 415w, https:\/\/kommentatorenblog.de\/wp-content\/uploads\/2020\/09\/shure-55sh-ii-e1601485394796-142x300.jpg 142w\" sizes=\"auto, (max-width: 10px) 100vw, 10px\" \/> Hannes Herrmann<\/p>\n\n\n\n<hr class=\"wp-block-separator\"\/>\n\n\n\n<p><strong>LaLiga, 1. Spieltag (DAZN)<\/strong><\/p>\n\n\n\n<p><span style=\"text-decoration: underline;\">Donnerstag, 15. August 2024<\/span><\/p>\n\n\n\n<p><strong><em>Real Betis Sevilla &#8211; FC Girona (21.30 Uhr)<\/em><\/strong><br><img loading=\"lazy\" decoding=\"async\" width=\"10\" height=\"21\" class=\"wp-image-3656\" style=\"width: 10px;\" src=\"http:\/\/kommentatorenblog.de\/wp-content\/uploads\/2020\/09\/shure-55sh-ii-e1601485394796.jpg\" alt=\"\" srcset=\"https:\/\/kommentatorenblog.de\/wp-content\/uploads\/2020\/09\/shure-55sh-ii-e1601485394796.jpg 415w, https:\/\/kommentatorenblog.de\/wp-content\/uploads\/2020\/09\/shure-55sh-ii-e1601485394796-142x300.jpg 142w\" sizes=\"auto, (max-width: 10px) 100vw, 10px\" \/> David Ploch<\/p>\n\n\n\n<p><span style=\"text-decoration: underline;\">Samstag, 17. August 2024<\/span><\/p>\n\n\n\n<p><strong><em>FC Valencia &#8211; FC Barcelona (21.30 Uhr)<\/em><\/strong><br><img loading=\"lazy\" decoding=\"async\" width=\"10\" height=\"21\" class=\"wp-image-3656\" style=\"width: 10px;\" src=\"http:\/\/kommentatorenblog.de\/wp-content\/uploads\/2020\/09\/shure-55sh-ii-e1601485394796.jpg\" alt=\"\" srcset=\"https:\/\/kommentatorenblog.de\/wp-content\/uploads\/2020\/09\/shure-55sh-ii-e1601485394796.jpg 415w, https:\/\/kommentatorenblog.de\/wp-content\/uploads\/2020\/09\/shure-55sh-ii-e1601485394796-142x300.jpg 142w\" sizes=\"auto, (max-width: 10px) 100vw, 10px\" \/> Christoph Stadtler, Experte: Max Nicu<\/p>\n\n\n\n<p><span style=\"text-decoration: underline;\">Sonntag, 18. August 2024<\/span><\/p>\n\n\n\n<p><strong><em>RCD Mallorca &#8211; Real Madrid (21.30 Uhr)<\/em><\/strong><br><img loading=\"lazy\" decoding=\"async\" width=\"10\" height=\"21\" class=\"wp-image-3656\" style=\"width: 10px;\" src=\"http:\/\/kommentatorenblog.de\/wp-content\/uploads\/2020\/09\/shure-55sh-ii-e1601485394796.jpg\" alt=\"\" srcset=\"https:\/\/kommentatorenblog.de\/wp-content\/uploads\/2020\/09\/shure-55sh-ii-e1601485394796.jpg 415w, https:\/\/kommentatorenblog.de\/wp-content\/uploads\/2020\/09\/shure-55sh-ii-e1601485394796-142x300.jpg 142w\" sizes=\"auto, (max-width: 10px) 100vw, 10px\" \/> Max Siebald, Experte: Benny Lauth<\/p>\n\n\n\n<p><span style=\"text-decoration: underline;\">Montag, 19. August 2024<\/span><\/p>\n\n\n\n<p><strong><em>FC Villarreal &#8211; Atletico Madrid (21.30 Uhr)<\/em><\/strong><br><img loading=\"lazy\" decoding=\"async\" width=\"10\" height=\"21\" class=\"wp-image-3656\" style=\"width: 10px;\" src=\"http:\/\/kommentatorenblog.de\/wp-content\/uploads\/2020\/09\/shure-55sh-ii-e1601485394796.jpg\" alt=\"\" srcset=\"https:\/\/kommentatorenblog.de\/wp-content\/uploads\/2020\/09\/shure-55sh-ii-e1601485394796.jpg 415w, https:\/\/kommentatorenblog.de\/wp-content\/uploads\/2020\/09\/shure-55sh-ii-e1601485394796-142x300.jpg 142w\" sizes=\"auto, (max-width: 10px) 100vw, 10px\" \/> Flo Hauser<\/p>\n\n\n\n<hr class=\"wp-block-separator\"\/>\n\n\n\n<p><strong>Serie A, 1. Spieltag (DAZN)<\/strong><\/p>\n\n\n\n<p><span style=\"text-decoration: underline;\">Samstag, 17. August 2024<\/span><\/p>\n\n\n\n<p><strong><em>CFC Genua &#8211; Inter Mailand (18.30 Uhr)<\/em><\/strong><br><img loading=\"lazy\" decoding=\"async\" width=\"10\" height=\"21\" class=\"wp-image-3656\" style=\"width: 10px;\" src=\"http:\/\/kommentatorenblog.de\/wp-content\/uploads\/2020\/09\/shure-55sh-ii-e1601485394796.jpg\" alt=\"\" srcset=\"https:\/\/kommentatorenblog.de\/wp-content\/uploads\/2020\/09\/shure-55sh-ii-e1601485394796.jpg 415w, https:\/\/kommentatorenblog.de\/wp-content\/uploads\/2020\/09\/shure-55sh-ii-e1601485394796-142x300.jpg 142w\" sizes=\"auto, (max-width: 10px) 100vw, 10px\" \/> Mario Rieker, Experte: Christian Bernhard<\/p>\n\n\n\n<p><strong><em>AC Mailand &#8211; FC Turin (20.45 Uhr)<\/em><\/strong><br><img loading=\"lazy\" decoding=\"async\" width=\"10\" height=\"21\" class=\"wp-image-3656\" style=\"width: 10px;\" src=\"http:\/\/kommentatorenblog.de\/wp-content\/uploads\/2020\/09\/shure-55sh-ii-e1601485394796.jpg\" alt=\"\" srcset=\"https:\/\/kommentatorenblog.de\/wp-content\/uploads\/2020\/09\/shure-55sh-ii-e1601485394796.jpg 415w, https:\/\/kommentatorenblog.de\/wp-content\/uploads\/2020\/09\/shure-55sh-ii-e1601485394796-142x300.jpg 142w\" sizes=\"auto, (max-width: 10px) 100vw, 10px\" \/> Carsten Fu\u00df<\/p>\n\n\n\n<p><span style=\"text-decoration: underline;\">Sonntag, 18. August 2024<\/span><\/p>\n\n\n\n<p><strong><em>Hellas Verona &#8211; SSC Neapel (18.30 Uhr)<\/em><\/strong><br><img loading=\"lazy\" decoding=\"async\" width=\"10\" height=\"21\" class=\"wp-image-3656\" style=\"width: 10px;\" src=\"http:\/\/kommentatorenblog.de\/wp-content\/uploads\/2020\/09\/shure-55sh-ii-e1601485394796.jpg\" alt=\"\" srcset=\"https:\/\/kommentatorenblog.de\/wp-content\/uploads\/2020\/09\/shure-55sh-ii-e1601485394796.jpg 415w, https:\/\/kommentatorenblog.de\/wp-content\/uploads\/2020\/09\/shure-55sh-ii-e1601485394796-142x300.jpg 142w\" sizes=\"auto, (max-width: 10px) 100vw, 10px\" \/> Uwe Morawe<\/p>\n\n\n\n<p><strong><em>Cagliari Calcio &#8211; AS Rom (20.45 Uhr)<\/em><\/strong><br><img loading=\"lazy\" decoding=\"async\" width=\"10\" height=\"21\" class=\"wp-image-3656\" style=\"width: 10px;\" src=\"http:\/\/kommentatorenblog.de\/wp-content\/uploads\/2020\/09\/shure-55sh-ii-e1601485394796.jpg\" alt=\"\" srcset=\"https:\/\/kommentatorenblog.de\/wp-content\/uploads\/2020\/09\/shure-55sh-ii-e1601485394796.jpg 415w, https:\/\/kommentatorenblog.de\/wp-content\/uploads\/2020\/09\/shure-55sh-ii-e1601485394796-142x300.jpg 142w\" sizes=\"auto, (max-width: 10px) 100vw, 10px\" \/> Tobi Fischbeck<\/p>\n\n\n\n<p><span style=\"text-decoration: underline;\">Montag, 19. August 2024<\/span><\/p>\n\n\n\n<p><strong><em>Juventus Turin &#8211; Como 1907 (20.45 Uhr)<\/em><\/strong><br><img loading=\"lazy\" decoding=\"async\" width=\"10\" height=\"21\" class=\"wp-image-3656\" style=\"width: 10px;\" src=\"http:\/\/kommentatorenblog.de\/wp-content\/uploads\/2020\/09\/shure-55sh-ii-e1601485394796.jpg\" alt=\"\" srcset=\"https:\/\/kommentatorenblog.de\/wp-content\/uploads\/2020\/09\/shure-55sh-ii-e1601485394796.jpg 415w, https:\/\/kommentatorenblog.de\/wp-content\/uploads\/2020\/09\/shure-55sh-ii-e1601485394796-142x300.jpg 142w\" sizes=\"auto, (max-width: 10px) 100vw, 10px\" \/> Nico Seepe<\/p>\n\n\n\n<hr class=\"wp-block-separator\"\/>\n\n\n\n<p><strong>Ligue 1, 1. Spieltag (DAZN)<\/strong><\/p>\n\n\n\n<p><span style=\"text-decoration: underline;\">Freitag, 16. August 2024<\/span><\/p>\n\n\n\n<p><strong><em>Le Havre AC &#8211; Paris Saint-Germain (20.45 Uhr)<\/em><\/strong><br><img loading=\"lazy\" decoding=\"async\" width=\"10\" height=\"21\" class=\"wp-image-3656\" style=\"width: 10px;\" src=\"http:\/\/kommentatorenblog.de\/wp-content\/uploads\/2020\/09\/shure-55sh-ii-e1601485394796.jpg\" alt=\"\" srcset=\"https:\/\/kommentatorenblog.de\/wp-content\/uploads\/2020\/09\/shure-55sh-ii-e1601485394796.jpg 415w, https:\/\/kommentatorenblog.de\/wp-content\/uploads\/2020\/09\/shure-55sh-ii-e1601485394796-142x300.jpg 142w\" sizes=\"auto, (max-width: 10px) 100vw, 10px\" \/> Stefan Galler<\/p>\n\n\n\n<p><span style=\"text-decoration: underline;\">Samstag, 17. August 2024<\/span><\/p>\n\n\n\n<p><strong><em>Stade Brest &#8211; Olympique Marseille (17.00 Uhr)<\/em><\/strong><br><img loading=\"lazy\" decoding=\"async\" width=\"10\" height=\"21\" class=\"wp-image-3656\" style=\"width: 10px;\" src=\"http:\/\/kommentatorenblog.de\/wp-content\/uploads\/2020\/09\/shure-55sh-ii-e1601485394796.jpg\" alt=\"\" srcset=\"https:\/\/kommentatorenblog.de\/wp-content\/uploads\/2020\/09\/shure-55sh-ii-e1601485394796.jpg 415w, https:\/\/kommentatorenblog.de\/wp-content\/uploads\/2020\/09\/shure-55sh-ii-e1601485394796-142x300.jpg 142w\" sizes=\"auto, (max-width: 10px) 100vw, 10px\" \/> Alexis Menuge<\/p>\n\n\n\n<hr class=\"wp-block-separator\"\/>\n\n\n\n<p><strong>Primeira Liga, 2. Spieltag (Sportdigital FUSSBALL)<\/strong><\/p>\n\n\n\n<p><span style=\"text-decoration: underline;\">Freitag, 16. August 2024<\/span><\/p>\n\n\n\n<p><strong><em>CD Santa Clara &#8211; FC Porto (18.00 Uhr)<\/em><\/strong><br><img loading=\"lazy\" decoding=\"async\" width=\"10\" height=\"21\" class=\"wp-image-3656\" style=\"width: 10px;\" src=\"http:\/\/kommentatorenblog.de\/wp-content\/uploads\/2020\/09\/shure-55sh-ii-e1601485394796.jpg\" alt=\"\" srcset=\"https:\/\/kommentatorenblog.de\/wp-content\/uploads\/2020\/09\/shure-55sh-ii-e1601485394796.jpg 415w, https:\/\/kommentatorenblog.de\/wp-content\/uploads\/2020\/09\/shure-55sh-ii-e1601485394796-142x300.jpg 142w\" sizes=\"auto, (max-width: 10px) 100vw, 10px\" \/> Marvin Kirsch<\/p>\n\n\n\n<p><span style=\"text-decoration: underline;\">Samstag, 17. August 2024<\/span><\/p>\n\n\n\n<p><strong><em>CD Nacional Funchal &#8211; Sporting Lissabon (19.00 Uhr)<\/em><\/strong><br><img loading=\"lazy\" decoding=\"async\" width=\"10\" height=\"21\" class=\"wp-image-3656\" style=\"width: 10px;\" src=\"http:\/\/kommentatorenblog.de\/wp-content\/uploads\/2020\/09\/shure-55sh-ii-e1601485394796.jpg\" alt=\"\" srcset=\"https:\/\/kommentatorenblog.de\/wp-content\/uploads\/2020\/09\/shure-55sh-ii-e1601485394796.jpg 415w, https:\/\/kommentatorenblog.de\/wp-content\/uploads\/2020\/09\/shure-55sh-ii-e1601485394796-142x300.jpg 142w\" sizes=\"auto, (max-width: 10px) 100vw, 10px\" \/> Karsten Linke<\/p>\n\n\n\n<p><strong><em>Benfica Lissabon &#8211; Casa Pia AC (21.30 Uhr)<\/em><\/strong><br><img loading=\"lazy\" decoding=\"async\" width=\"10\" height=\"21\" class=\"wp-image-3656\" style=\"width: 10px;\" src=\"http:\/\/kommentatorenblog.de\/wp-content\/uploads\/2020\/09\/shure-55sh-ii-e1601485394796.jpg\" alt=\"\" srcset=\"https:\/\/kommentatorenblog.de\/wp-content\/uploads\/2020\/09\/shure-55sh-ii-e1601485394796.jpg 415w, https:\/\/kommentatorenblog.de\/wp-content\/uploads\/2020\/09\/shure-55sh-ii-e1601485394796-142x300.jpg 142w\" sizes=\"auto, (max-width: 10px) 100vw, 10px\" \/> Marcus Radefeld<\/p>\n\n\n\n<p><span style=\"text-decoration: underline;\">Sonntag, 18. August 2024<\/span><\/p>\n\n\n\n<p><strong><em>Boavista Porto FC &#8211; Sporting Braga (21.30 Uhr)<\/em><\/strong><br><img loading=\"lazy\" decoding=\"async\" width=\"10\" height=\"21\" class=\"wp-image-3656\" style=\"width: 10px;\" src=\"http:\/\/kommentatorenblog.de\/wp-content\/uploads\/2020\/09\/shure-55sh-ii-e1601485394796.jpg\" alt=\"\" srcset=\"https:\/\/kommentatorenblog.de\/wp-content\/uploads\/2020\/09\/shure-55sh-ii-e1601485394796.jpg 415w, https:\/\/kommentatorenblog.de\/wp-content\/uploads\/2020\/09\/shure-55sh-ii-e1601485394796-142x300.jpg 142w\" sizes=\"auto, (max-width: 10px) 100vw, 10px\" \/> Ulf Kahmke<\/p>\n\n\n\n<hr class=\"wp-block-separator\"\/>\n\n\n\n<p><strong>Eredivisie, 2. Spieltag (Sportdigital FUSSBALL)<\/strong><\/p>\n\n\n\n<p><span style=\"text-decoration: underline;\">Sonntag, 18. August 2024<\/span><\/p>\n\n\n\n<p><strong><em>Heracles Almelo &#8211; PSV Eindhoven (12.15 Uhr)<\/em><\/strong><br><img loading=\"lazy\" decoding=\"async\" width=\"10\" height=\"21\" class=\"wp-image-3656\" style=\"width: 10px;\" src=\"http:\/\/kommentatorenblog.de\/wp-content\/uploads\/2020\/09\/shure-55sh-ii-e1601485394796.jpg\" alt=\"\" srcset=\"https:\/\/kommentatorenblog.de\/wp-content\/uploads\/2020\/09\/shure-55sh-ii-e1601485394796.jpg 415w, https:\/\/kommentatorenblog.de\/wp-content\/uploads\/2020\/09\/shure-55sh-ii-e1601485394796-142x300.jpg 142w\" sizes=\"auto, (max-width: 10px) 100vw, 10px\" \/> Christian Blunck<\/p>\n\n\n\n<p><em><strong>PEC Zwolle &#8211; Feyenoord Rotterdam (14.30 Uhr)<\/strong><\/em><br><img loading=\"lazy\" decoding=\"async\" width=\"10\" height=\"21\" class=\"wp-image-3656\" style=\"width: 10px;\" src=\"http:\/\/kommentatorenblog.de\/wp-content\/uploads\/2020\/09\/shure-55sh-ii-e1601485394796.jpg\" alt=\"\" srcset=\"https:\/\/kommentatorenblog.de\/wp-content\/uploads\/2020\/09\/shure-55sh-ii-e1601485394796.jpg 415w, https:\/\/kommentatorenblog.de\/wp-content\/uploads\/2020\/09\/shure-55sh-ii-e1601485394796-142x300.jpg 142w\" sizes=\"auto, (max-width: 10px) 100vw, 10px\" \/> Jonathan Dreier<\/p>\n\n\n\n<p><strong><em>NAC Breda &#8211; Ajax Amsterdam (16.45 Uhr)<\/em><\/strong><br><img loading=\"lazy\" decoding=\"async\" width=\"10\" height=\"21\" class=\"wp-image-3656\" style=\"width: 10px;\" src=\"http:\/\/kommentatorenblog.de\/wp-content\/uploads\/2020\/09\/shure-55sh-ii-e1601485394796.jpg\" alt=\"\" srcset=\"https:\/\/kommentatorenblog.de\/wp-content\/uploads\/2020\/09\/shure-55sh-ii-e1601485394796.jpg 415w, https:\/\/kommentatorenblog.de\/wp-content\/uploads\/2020\/09\/shure-55sh-ii-e1601485394796-142x300.jpg 142w\" sizes=\"auto, (max-width: 10px) 100vw, 10px\" \/> Karsten Linke<\/p>\n\n\n\n<hr class=\"wp-block-separator\"\/>\n\n\n\n<p><strong>Division 1A, 4. Spieltag (SPORT1+)<\/strong><\/p>\n\n\n\n<p><span style=\"text-decoration: underline;\">Sonntag, 18. August 2024<\/span><\/p>\n\n\n\n<p><strong><em>FC Br\u00fcgge &#8211; Royal Antwerpen (13.30 Uhr)<\/em><\/strong><br><img loading=\"lazy\" decoding=\"async\" width=\"10\" height=\"21\" class=\"wp-image-3656\" style=\"width: 10px;\" src=\"http:\/\/kommentatorenblog.de\/wp-content\/uploads\/2020\/09\/shure-55sh-ii-e1601485394796.jpg\" alt=\"\" srcset=\"https:\/\/kommentatorenblog.de\/wp-content\/uploads\/2020\/09\/shure-55sh-ii-e1601485394796.jpg 415w, https:\/\/kommentatorenblog.de\/wp-content\/uploads\/2020\/09\/shure-55sh-ii-e1601485394796-142x300.jpg 142w\" sizes=\"auto, (max-width: 10px) 100vw, 10px\" \/> Hans-Joachim Wolff<\/p>\n\n\n\n<hr class=\"wp-block-separator\"\/>\n\n\n\n<p><strong>Ekstraklasa, 5. Spieltag (Sportdigital FUSSBALL)<\/strong><\/p>\n\n\n\n<p><span style=\"text-decoration: underline;\">Samstag, 17. August 2024<\/span><\/p>\n\n\n\n<p><strong><em>Jagiellonia Bialystok &#8211; Cracovia Krakau (14.45 Uhr)<\/em><\/strong><br><img loading=\"lazy\" decoding=\"async\" width=\"10\" height=\"21\" class=\"wp-image-3656\" style=\"width: 10px;\" src=\"http:\/\/kommentatorenblog.de\/wp-content\/uploads\/2020\/09\/shure-55sh-ii-e1601485394796.jpg\" alt=\"\" srcset=\"https:\/\/kommentatorenblog.de\/wp-content\/uploads\/2020\/09\/shure-55sh-ii-e1601485394796.jpg 415w, https:\/\/kommentatorenblog.de\/wp-content\/uploads\/2020\/09\/shure-55sh-ii-e1601485394796-142x300.jpg 142w\" sizes=\"auto, (max-width: 10px) 100vw, 10px\" \/> Moritz Knorr<\/p>\n\n\n\n<hr class=\"wp-block-separator\"\/>\n\n\n\n<p><strong>1.&nbsp;\u010desk\u00e1 fotbalov\u00e1 liga, 5. Spieltag (Sportdigital FUSSBALL)<\/strong><\/p>\n\n\n\n<p><span style=\"text-decoration: underline;\">Samstag, 17. August 2024<\/span><\/p>\n\n\n\n<p><em><strong>Slavia Prag &#8211; FK Teplice (17.00 Uhr)<\/strong><\/em><br><img loading=\"lazy\" decoding=\"async\" width=\"10\" height=\"21\" class=\"wp-image-3656\" style=\"width: 10px;\" src=\"http:\/\/kommentatorenblog.de\/wp-content\/uploads\/2020\/09\/shure-55sh-ii-e1601485394796.jpg\" alt=\"\" srcset=\"https:\/\/kommentatorenblog.de\/wp-content\/uploads\/2020\/09\/shure-55sh-ii-e1601485394796.jpg 415w, https:\/\/kommentatorenblog.de\/wp-content\/uploads\/2020\/09\/shure-55sh-ii-e1601485394796-142x300.jpg 142w\" sizes=\"auto, (max-width: 10px) 100vw, 10px\" \/> Ulf Kahmke<\/p>\n\n\n\n<hr class=\"wp-block-separator\"\/>\n\n\n\n<p><strong>Liga Profesional, 11. Spieltag (Sportdigital FUSSBALL)<\/strong><\/p>\n\n\n\n<p><span style=\"text-decoration: underline;\">Sonntag, 18. August 2024<\/span><\/p>\n\n\n\n<p><strong><em>Boca Juniors &#8211; CA San Lorenzo (19.30 Uhr)<\/em><\/strong><br><img loading=\"lazy\" decoding=\"async\" width=\"10\" height=\"21\" class=\"wp-image-3656\" style=\"width: 10px;\" src=\"http:\/\/kommentatorenblog.de\/wp-content\/uploads\/2020\/09\/shure-55sh-ii-e1601485394796.jpg\" alt=\"\" srcset=\"https:\/\/kommentatorenblog.de\/wp-content\/uploads\/2020\/09\/shure-55sh-ii-e1601485394796.jpg 415w, https:\/\/kommentatorenblog.de\/wp-content\/uploads\/2020\/09\/shure-55sh-ii-e1601485394796-142x300.jpg 142w\" sizes=\"auto, (max-width: 10px) 100vw, 10px\" \/> Jakob Vogel<\/p>\n\n\n\n<hr class=\"wp-block-separator\"\/>\n\n\n\n<p><strong>J. League, 27. Spieltag (Sportdigital FUSSBALL)<\/strong><\/p>\n\n\n\n<p><span style=\"text-decoration: underline;\">Samstag, 17. August 2024<\/span><\/p>\n\n\n\n<p><strong><em>Vissel Kobe &#8211; Gamba Osaka (12.03 Uhr)<\/em><\/strong><br><img loading=\"lazy\" decoding=\"async\" width=\"10\" height=\"21\" class=\"wp-image-3656\" style=\"width: 10px;\" src=\"http:\/\/kommentatorenblog.de\/wp-content\/uploads\/2020\/09\/shure-55sh-ii-e1601485394796.jpg\" alt=\"\" srcset=\"https:\/\/kommentatorenblog.de\/wp-content\/uploads\/2020\/09\/shure-55sh-ii-e1601485394796.jpg 415w, https:\/\/kommentatorenblog.de\/wp-content\/uploads\/2020\/09\/shure-55sh-ii-e1601485394796-142x300.jpg 142w\" sizes=\"auto, (max-width: 10px) 100vw, 10px\" \/> Christian Blunck<\/p>\n\n\n\n<hr class=\"wp-block-separator\"\/>\n\n\n\n<p><strong>\u00d6sterreichische Fu\u00dfball-Bundesliga, 3. Runde (Sky)<\/strong><\/p>\n\n\n\n<p><span style=\"text-decoration: underline;\">Samstag, 17. August 2024, ab 16.00 Uhr<\/span><\/p>\n\n\n\n<p><strong><em>SK Austria Klagenfurt &#8211; SK Sturm Graz (17.00 Uhr)<\/em><\/strong><br><img loading=\"lazy\" decoding=\"async\" width=\"10\" height=\"21\" class=\"wp-image-3656\" style=\"width: 10px;\" src=\"http:\/\/kommentatorenblog.de\/wp-content\/uploads\/2020\/09\/shure-55sh-ii-e1601485394796.jpg\" alt=\"\" srcset=\"https:\/\/kommentatorenblog.de\/wp-content\/uploads\/2020\/09\/shure-55sh-ii-e1601485394796.jpg 415w, https:\/\/kommentatorenblog.de\/wp-content\/uploads\/2020\/09\/shure-55sh-ii-e1601485394796-142x300.jpg 142w\" sizes=\"auto, (max-width: 10px) 100vw, 10px\" \/> Guido Friedrich (Einzelspiel), Johannes Hofer (Konferenz)<\/p>\n\n\n\n<p><strong><em>Grazer AK 1902 &#8211; FC Blau-Wei\u00df Linz (17.00 Uhr)<\/em><\/strong><br><img loading=\"lazy\" decoding=\"async\" width=\"10\" height=\"21\" class=\"wp-image-3656\" style=\"width: 10px;\" src=\"http:\/\/kommentatorenblog.de\/wp-content\/uploads\/2020\/09\/shure-55sh-ii-e1601485394796.jpg\" alt=\"\" srcset=\"https:\/\/kommentatorenblog.de\/wp-content\/uploads\/2020\/09\/shure-55sh-ii-e1601485394796.jpg 415w, https:\/\/kommentatorenblog.de\/wp-content\/uploads\/2020\/09\/shure-55sh-ii-e1601485394796-142x300.jpg 142w\" sizes=\"auto, (max-width: 10px) 100vw, 10px\" \/> Luca Kielhauser (Einzelspiel), Gerfried Pr\u00f6ll (Konferenz)<\/p>\n\n\n\n<p><span style=\"text-decoration: underline;\">ab 19.00 Uhr<\/span><\/p>\n\n\n\n<p><strong><em>LASK &#8211; FC Salzburg (19.30 Uhr)<\/em><\/strong><br><img loading=\"lazy\" decoding=\"async\" width=\"10\" height=\"21\" class=\"wp-image-3656\" style=\"width: 10px;\" src=\"http:\/\/kommentatorenblog.de\/wp-content\/uploads\/2020\/09\/shure-55sh-ii-e1601485394796.jpg\" alt=\"\" srcset=\"https:\/\/kommentatorenblog.de\/wp-content\/uploads\/2020\/09\/shure-55sh-ii-e1601485394796.jpg 415w, https:\/\/kommentatorenblog.de\/wp-content\/uploads\/2020\/09\/shure-55sh-ii-e1601485394796-142x300.jpg 142w\" sizes=\"auto, (max-width: 10px) 100vw, 10px\" \/> Martin Konrad<\/p>\n\n\n\n<p>Moderation: Marko Stankovic, Experte: Thomas Silberberger<\/p>\n\n\n\n<p><span style=\"text-decoration: underline;\">Sonntag, 18. August 2024, ab 16.00 Uhr<\/span><\/p>\n\n\n\n<p><strong><em>SK Rapid Wien &#8211; WSG Tirol (17.00 Uhr)<\/em><\/strong><br><img loading=\"lazy\" decoding=\"async\" width=\"10\" height=\"21\" class=\"wp-image-3656\" style=\"width: 10px;\" src=\"http:\/\/kommentatorenblog.de\/wp-content\/uploads\/2020\/09\/shure-55sh-ii-e1601485394796.jpg\" alt=\"\" srcset=\"https:\/\/kommentatorenblog.de\/wp-content\/uploads\/2020\/09\/shure-55sh-ii-e1601485394796.jpg 415w, https:\/\/kommentatorenblog.de\/wp-content\/uploads\/2020\/09\/shure-55sh-ii-e1601485394796-142x300.jpg 142w\" sizes=\"auto, (max-width: 10px) 100vw, 10px\" \/> Otto Rosenauer (Einzelspiel), David Eder (Konferenz)<br>Experte: Hans Krankl<\/p>\n\n\n\n<p><strong><em>TSV Hartberg &#8211; FK Austria Wien (17.00 Uhr)<\/em><\/strong><br><img loading=\"lazy\" decoding=\"async\" width=\"10\" height=\"21\" class=\"wp-image-3656\" style=\"width: 10px;\" src=\"http:\/\/kommentatorenblog.de\/wp-content\/uploads\/2020\/09\/shure-55sh-ii-e1601485394796.jpg\" alt=\"\" srcset=\"https:\/\/kommentatorenblog.de\/wp-content\/uploads\/2020\/09\/shure-55sh-ii-e1601485394796.jpg 415w, https:\/\/kommentatorenblog.de\/wp-content\/uploads\/2020\/09\/shure-55sh-ii-e1601485394796-142x300.jpg 142w\" sizes=\"auto, (max-width: 10px) 100vw, 10px\" \/> Gerfried Pr\u00f6ll (Einzelspiel), Philipp Paternina (Konferenz)<\/p>\n\n\n\n<p><strong><em>SCR Altach &#8211; Wolfsberger AC (17.00 Uhr)<\/em><\/strong><br><img loading=\"lazy\" decoding=\"async\" width=\"10\" height=\"21\" class=\"wp-image-3656\" style=\"width: 10px;\" src=\"http:\/\/kommentatorenblog.de\/wp-content\/uploads\/2020\/09\/shure-55sh-ii-e1601485394796.jpg\" alt=\"\" srcset=\"https:\/\/kommentatorenblog.de\/wp-content\/uploads\/2020\/09\/shure-55sh-ii-e1601485394796.jpg 415w, https:\/\/kommentatorenblog.de\/wp-content\/uploads\/2020\/09\/shure-55sh-ii-e1601485394796-142x300.jpg 142w\" sizes=\"auto, (max-width: 10px) 100vw, 10px\" \/> tba (Einzelspiel), Andreas Brandt (Konferenz)<\/p>\n\n\n\n<p>Moderation: J\u00f6rg K\u00fcnne, Experten: Alfred Tatar und <s>Marc Janko<\/s> Peter St\u00f6ger<\/p>\n\n\n\n<hr class=\"wp-block-separator\"\/>\n\n\n\n<p><strong>Die Analyse<\/strong><\/p>\n\n\n\n<p>Leider war es uns trotz Bem\u00fchungen nicht m\u00f6glich, Angaben dar\u00fcber zu erhalten, wer beim DFB-Pokal in den Konferenzen kommentiert. Einige ung\u00fcnstige Faktoren wie der Feiertag in Bayern am Donnerstag haben hierbei sicher eine Rolle gespielt. Wir bedauern den Umstand und bem\u00fchen uns, die vielen L\u00fccken \u00fcber das Wochenende zu vervollst\u00e4ndigen.<\/p>\n\n\n\n<p>Bei den Einzelspielen werden wie immer einige Stimmen hinzugezogen, die in den ersten beiden deutschen Ligen nicht so h\u00e4ufig vertreten sind: Jari Schaller, Philipp Langosz, Timo Schmidtchen, Jaron Steiner oder Florian Malburg sind vertreten, auch Thomas Wagner ist bei zwei Partien als Kommentator zu h\u00f6ren. Nicht dabei sind Michael Leopold, Patrick Wasserziehr und Karsten Petrzika, die in den vergangenen Jahren das Kommentatoren-Team bei der Erstrunde des Pokals noch verst\u00e4rkt hatten, stattdessen kommen sie mehrmals als Moderator bzw. Field-Reporter zum Einsatz. <strong>Update:<\/strong> Leopold bekommt in der Konferenz am Sonntag doch seinen Kommentatoreneinsatz. Als Kommentatoren vor Ort sind Veltman (Wiesbaden und Saarbr\u00fccken), Kunde (Aue und Cottbus), Lindemann (Osnabr\u00fcck <s>und Sandhausen<\/s>), K\u00fcpper (Essen), Seidler (L\u00fcbeck, Rostock und Braunschweig), Gro\u00df (Meppen) (<strong>Update:<\/strong>) und Friedrich (Sandhausen).<\/p>\n\n\n\n<p>Zur Primetime angesetzt wurden das Spiel des FC Bayern M\u00fcnchen beim SSV Ulm 1846 am Freitag, das neben Sky auch beim ZDF zu sehen sein wird, sowie das Eintracht-Duell zwischen Braunschweig und Frankfurt am Montag, das es bei der ARD zu sehen gibt. In Ulm kommt erstmals Friederike Kromp als Expertin f\u00fcr das ZDF im Stadion zum Einsatz, nachdem sie bekanntlich bei der EM regelm\u00e4\u00dfig im ZDF-Studio zu Gast war. Katrin M\u00fcller-Hohenstein moderiert, Martin Schneider kommentiert. F\u00fcr Sky kommentiert Wolff Fuss das Spiel, nat\u00fcrlich auch im Stadion, Michael Leopold ist f\u00fcr die Interviews vor Ort. In Braunschweig hat Christina Graf am Montag ihren zweiten Pokaleinsatz f\u00fcr die ARD, diesmal planm\u00e4\u00dfig, w\u00e4hrend Sedlaczek und Schweinsteiger moderieren. Auf Co-Kommentatoren verzichten ARD und ZDF vorerst wieder. Oliver Seidler kommentiert die Partie f\u00fcr Sky und wird dabei von Mirko Slomka unterst\u00fctzt, Wasserziehr macht die Interviews.<\/p>\n\n\n\n<p>Am Samstagabend des Pokalwochenendes findet wie mittlerweile \u00fcblich der DFL-Supercup statt, ungewohnterweise diesmal ohne Beteiligung des FC Bayern, stattdessen treffen Meister und Pokalsieger Leverkusen und Vizemeister Stuttgart aufeinander. Neben Sky ist nat\u00fcrlich auch SAT.1 wieder vor Ort und bringt neben Matthias Opdenh\u00f6vel, Wolff Fuss und Markus Herwig auch Stefan Kuntz wieder mit, der trotz seiner neuen T\u00e4tigkeit als Sportvorstand des Hamburger SV auch nach M\u00f6glichkeit weiterhin einzelne Partien begleiten soll. Sky schickt Martin Gro\u00df, Britta Hofmann und Patrick Wasserziehr nach Leverkusen.<\/p>\n\n\n\n<p>Regul\u00e4re Spieltage finden unter anderem in den Regionalligen West und Bayern statt, aus welchen sich kein Verein f\u00fcr die Erstrunde des DFB-Pokals qualifizieren konnte. Der 4. Spieltag der Regionalliga Nordost wurde aufgrund der Teilnahme von gleich drei Teams (plus einem weiteren, das erst eine Woche sp\u00e4ter spielt) erst am Dienstag und Mittwoch der kommenden Woche angesetzt, sodass Heiko Mallwitz auch die Zeit hat, zwei Pokalspiele f\u00fcr Sky zu kommentieren, darunter passenderweise auch das von Viktoria Berlin gegen den FC Augsburg.<\/p>\n\n\n\n<p>W\u00e4hrend die Bundesliga erst am n\u00e4chsten Wochenende in die neue Saison startet, beginnt in den \u00fcbrigen europ\u00e4ischen Top-Ligen die neue Spielzeit schon jetzt. Rachel Rinast feiert ihr Deb\u00fct am Samstagabend bei West Ham United gegen Aston Villa, genauso wie auch Niclas F\u00fcllkrug f\u00fcr die &#8222;Hammers&#8220;. Das Topspiel Chelsea &#8211; ManCity steigt am Sonntag um 17.30 Uhr wie gewohnt mit Schmiso, an seiner Seite Neuzugang Shkodran Mustafi, der sein Deb\u00fct bereits im April hatte.<\/p>\n\n\n\n<p>Die Saisonstarts der LaLiga, Serie A und Ligue 1 kann man weiterhin bei DAZN verfolgen. Bei der Ligue 1 sind erstmals alle Spiele in Deutschland verf\u00fcgbar, allerdings weiterhin nur 2 pro Spieltag mit deutschem Kommentar, bei LaLiga und Serie A bleibt es bei 4-5 Partien. Neben Deutsch und Englisch sind viele Partien k\u00fcnftig auch in der jeweiligen Landessprache verf\u00fcgbar, beg\u00fcnstigt dadurch, dass DAZN die Rechte an den Ligen nun auch in den jeweiligen L\u00e4ndern h\u00e4lt. Welche Spiele den Kommentar in den Landessprachen erhalten, ergibt sich aller Voraussicht nach dadurch, welche Spiele DAZN dort zeigt. <strong>Update:<\/strong> entgegen der offiziellen Ank\u00fcndigung, die sich auf die gesamte DACH-Region bezog, sind die franz\u00f6sischen \u00dcbertragungen der Ligue 1 ausschlie\u00dflich der Schweiz vorbehalten.<\/p>\n\n\n\n<p>Trotz dessen, dass euch leider nicht weiterhelfen k\u00f6nnen, was die Konferenzen angeht und man sich so \u00fcberraschen lassen muss, wer kommentiert, w\u00fcnschen wir euch viel Spa\u00df mit der ersten Runde des DFB-Pokals sowie den weiteren Wettbewerben. Wir hoffen, ihr habt daf\u00fcr Verst\u00e4ndnis. Der n\u00e4chste Beitrag, der am Montag erscheint, wird sich sich vor allem mit den ersten Playoff-Spielen der Europapokal-Wettbewerben. Und es dauert nur noch eine Woche, bis die Bundesliga endlich wieder losgeht.<\/p>\n\n\n\n<p>Ein sch\u00f6nes Wochenende und bis bald!<\/p>\n","protected":false},"excerpt":{"rendered":"<p>N&#8217;Abend allerseits, sp\u00e4t kommt unser neuer Beitrag, aber er kommt: erschwerte Kommunikationsm\u00f6glichkeiten wegen Feiertags und Urlaubs sowie berufliche und private Verpflichtungen unsererseits haben dazu gef\u00fchrt, dass die TV-\u00dcbersicht \u00fcber das erste Pokalwochenende nicht fr\u00fcher erscheinen konnte. Bevor wir zum Pokal kommen, noch ein paar Neuigkeiten: Sky gab bei einer Pressekonferenz Anfang der Woche bekannt, dass [&hellip;]<\/p>\n","protected":false},"author":18,"featured_media":0,"comment_status":"open","ping_status":"open","sticky":false,"template":"","format":"standard","meta":{"footnotes":""},"categories":[504],"tags":[],"class_list":["post-18716","post","type-post","status-publish","format-standard","hentry","category-dfb-pokal-co"],"_links":{"self":[{"href":"https:\/\/kommentatorenblog.de\/index.php?rest_route=\/wp\/v2\/posts\/18716","targetHints":{"allow":["GET"]}}],"collection":[{"href":"https:\/\/kommentatorenblog.de\/index.php?rest_route=\/wp\/v2\/posts"}],"about":[{"href":"https:\/\/kommentatorenblog.de\/index.php?rest_route=\/wp\/v2\/types\/post"}],"author":[{"embeddable":true,"href":"https:\/\/kommentatorenblog.de\/index.php?rest_route=\/wp\/v2\/users\/18"}],"replies":[{"embeddable":true,"href":"https:\/\/kommentatorenblog.de\/index.php?rest_route=%2Fwp%2Fv2%2Fcomments&post=18716"}],"version-history":[{"count":51,"href":"https:\/\/kommentatorenblog.de\/index.php?rest_route=\/wp\/v2\/posts\/18716\/revisions"}],"predecessor-version":[{"id":18794,"href":"https:\/\/kommentatorenblog.de\/index.php?rest_route=\/wp\/v2\/posts\/18716\/revisions\/18794"}],"wp:attachment":[{"href":"https:\/\/kommentatorenblog.de\/index.php?rest_route=%2Fwp%2Fv2%2Fmedia&parent=18716"}],"wp:term":[{"taxonomy":"category","embeddable":true,"href":"https:\/\/kommentatorenblog.de\/index.php?rest_route=%2Fwp%2Fv2%2Fcategories&post=18716"},{"taxonomy":"post_tag","embeddable":true,"href":"https:\/\/kommentatorenblog.de\/index.php?rest_route=%2Fwp%2Fv2%2Ftags&post=18716"}],"curies":[{"name":"wp","href":"https:\/\/api.w.org\/{rel}","templated":true}]}}