{"id":18796,"date":"2024-08-20T10:14:57","date_gmt":"2024-08-20T08:14:57","guid":{"rendered":"http:\/\/kommentatorenblog.de\/?p=18796"},"modified":"2024-09-02T14:05:19","modified_gmt":"2024-09-02T12:05:19","slug":"1444-europapokal-geht-ins-warmup","status":"publish","type":"post","link":"https:\/\/kommentatorenblog.de\/?p=18796","title":{"rendered":"1444 \u2013 Europapokal geht ins Warmup"},"content":{"rendered":"\n<p><strong>N&#8217;Abend Allerseits!<\/strong><\/p>\n\n\n\n<p>Der Beitrag kommt aus technischen Gr\u00fcnden etwas sp\u00e4ter, aber er kommt. <\/p>\n\n\n\n<p>Nach dem ereignissreichen DFB-Pokal-Wochenende auf Sky geht es jetzt bei den beiden anderen gro\u00dfen Rechteinhabern in Deutschland mit den Playoffs der Champions League in die Europacupsaison. W\u00e4hrend sich f\u00fcr die Zuschauer in Deutschland nichts \u00e4ndert (Prime zeigt das Topspiel am Dienstag, DAZN alles Weitere), m\u00fcssen sich die ZuschauerInnen in \u00d6sterreich auf einige kleinere Ver\u00e4nderungen einstellen. Die Champions League ist komplett aus dem Free TV verschwunden, ServusTV konnte sich keine Rechte f\u00fcr ein Spiel pro Woche, wie es noch in den letzten Jahren war, mehr sichern. Lediglich die EL und ECL wird gezeigt, hier erwarb man die Rechte von Pro7\/SAT.1\/PULS4, die sich diese zun\u00e4chst gesichert hatten, aus wirtschaftlichen \u00dcberlegungen jedoch auf eine \u00dcbertragung verzichteten. <\/p>\n\n\n\n<p>Daf\u00fcr ist nun auch am \u00f6sterreichischen Markt ein neuer Player zu finden. Die franz\u00f6sische Streamingplattform Canal+, die seit einiger Zeit in \u00d6sterreich am Markt ist, hat sich die Rechte f\u00fcr das Topspiel am Mittwoch und das Topspiel der Woche aus EL\/ECL gesichert. Somit zeigt Sky erstmals nicht mehr alle Partien der europ\u00e4ischen Wettbewerbe. Das Mittwochsspiel sowie das von Canal+ ausgew\u00e4hlte Topspiel d\u00fcrfen weder Coexklusiv in der Konferenz noch als Einzelspiel gezeigt werden. Die \u00dcbertragungen werden die Moderatorinnen Elisabeth Gamauf (ehem. Skysportaustria), Kathi W\u00f6rndl (ehem. ServusTV\/RTL), Marlene Breineder (ehem. OE24TV) und die allseits bekannte Amelie Stiefvatter (ZDF\/Magenta) st\u00e4mmen. Als Experte wird u.a. der \u00f6sterreichische Teamchef Ralf Rangnick zum Einsatz kommen. <\/p>\n\n\n\n<p>DAZN, die bisher aufgrund einer Sublizenz von Sky alle CL-Partien auch in \u00d6sterreich zeigen durften, k\u00f6nnen dies nun nicht mehr. F\u00fcr \u00f6sterreiische AbonentInnen bleibt der Bildschirm an den Champions League Spieltagen schwarz.<\/p>\n\n\n\n<p>Bei Skysportaustria bleibt soweit alles beim Alten. Im Gegensatz zu DAZN zeigt man am Dienstag und am Mittwoch alle Playoffspiele in der Konferenz. Was uns auch direkt in die Ansetzungen f\u00fchrt. <\/p>\n\n\n\n<hr class=\"wp-block-separator\"\/>\n\n\n\n<p><em><strong>Die Ansetzungen vom 20. August bis zum 22. August 2024 <\/strong><\/em><\/p>\n\n\n\n<p><strong><em>DFB- Pokal der Frauen, 1. Runde (Sky)<\/em><\/strong><\/p>\n\n\n\n<p><span style=\"text-decoration: underline;\">Dienstag, 20. August 2024, ab 18.15 Uhr<\/span><\/p>\n\n\n\n<p><strong><em>FSV G\u00fctersloh &#8211; Union Berlin (18.30 Uhr)<\/em><\/strong><\/p>\n\n\n\n<p><img loading=\"lazy\" decoding=\"async\" width=\"10\" height=\"21\" class=\"wp-image-3656\" style=\"width: 10px;\" src=\"http:\/\/kommentatorenblog.de\/wp-content\/uploads\/2020\/09\/shure-55sh-ii-e1601485394796.jpg\" alt=\"\" srcset=\"https:\/\/kommentatorenblog.de\/wp-content\/uploads\/2020\/09\/shure-55sh-ii-e1601485394796.jpg 415w, https:\/\/kommentatorenblog.de\/wp-content\/uploads\/2020\/09\/shure-55sh-ii-e1601485394796-142x300.jpg 142w\" sizes=\"auto, (max-width: 10px) 100vw, 10px\" \/> Hannes Herrmann<\/p>\n\n\n\n<p>Moderation: <s>Nele Schenker<\/s> Jens Westen, Expertin: <s>Lena Goe\u00dfling<\/s> Verena Schweers<\/p>\n\n\n\n<hr class=\"wp-block-separator\"\/>\n\n\n\n<p><em><strong>UEFA Championsleague Playoffs<\/strong><\/em>, <strong><em>Hinspiele (Prime\/DAZN)<\/em><\/strong><\/p>\n\n\n\n<p><span style=\"text-decoration: underline;\">Dienstag, 20. August 2024 ab 20.50 Uhr (Prime)<\/span><\/p>\n\n\n\n<p><em><strong>OSC Lille \u2013 Slavia Praha (21.00 Uhr)<\/strong><\/em><br><img loading=\"lazy\" decoding=\"async\" width=\"10\" height=\"21\" class=\"wp-image-3656\" style=\"width: 10px;\" src=\"http:\/\/kommentatorenblog.de\/wp-content\/uploads\/2020\/09\/shure-55sh-ii-e1601485394796.jpg\" alt=\"\" srcset=\"https:\/\/kommentatorenblog.de\/wp-content\/uploads\/2020\/09\/shure-55sh-ii-e1601485394796.jpg 415w, https:\/\/kommentatorenblog.de\/wp-content\/uploads\/2020\/09\/shure-55sh-ii-e1601485394796-142x300.jpg 142w\" sizes=\"auto, (max-width: 10px) 100vw, 10px\" \/> Jonas Friedrich, Experte: Benedikt H\u00f6wedes <\/p>\n\n\n\n<p><span style=\"text-decoration: underline;\">Dienstag, 20. August 2024 (DAZN)<\/span><\/p>\n\n\n\n<p><em><strong>Bad\u00f6\/Glimt \u2013 Roter Stern Belgrad (21.00 Uhr)<\/strong><\/em><br><img loading=\"lazy\" decoding=\"async\" width=\"10\" height=\"21\" class=\"wp-image-3656\" style=\"width: 10px;\" src=\"http:\/\/kommentatorenblog.de\/wp-content\/uploads\/2020\/09\/shure-55sh-ii-e1601485394796.jpg\" alt=\"\" srcset=\"https:\/\/kommentatorenblog.de\/wp-content\/uploads\/2020\/09\/shure-55sh-ii-e1601485394796.jpg 415w, https:\/\/kommentatorenblog.de\/wp-content\/uploads\/2020\/09\/shure-55sh-ii-e1601485394796-142x300.jpg 142w\" sizes=\"auto, (max-width: 10px) 100vw, 10px\" \/> Max Siebald <\/p>\n\n\n\n<p><em><strong>Dinamo Zagreb \u2013 Quarabag (21.00 Uhr)<\/strong><\/em><br><img loading=\"lazy\" decoding=\"async\" width=\"10\" height=\"21\" class=\"wp-image-3656\" style=\"width: 10px;\" src=\"http:\/\/kommentatorenblog.de\/wp-content\/uploads\/2020\/09\/shure-55sh-ii-e1601485394796.jpg\" alt=\"\" srcset=\"https:\/\/kommentatorenblog.de\/wp-content\/uploads\/2020\/09\/shure-55sh-ii-e1601485394796.jpg 415w, https:\/\/kommentatorenblog.de\/wp-content\/uploads\/2020\/09\/shure-55sh-ii-e1601485394796-142x300.jpg 142w\" sizes=\"auto, (max-width: 10px) 100vw, 10px\" \/> Mario Rieker <\/p>\n\n\n\n<p><span style=\"text-decoration: underline;\">Mittwoch, 21. August 2024 (DAZN)<\/span><\/p>\n\n\n\n<p><em><strong>Malm\u00f6 \u2013 Sparta Prag (21.00 Uhr)<\/strong><\/em><br><img loading=\"lazy\" decoding=\"async\" width=\"10\" height=\"21\" class=\"wp-image-3656\" style=\"width: 10px;\" src=\"http:\/\/kommentatorenblog.de\/wp-content\/uploads\/2020\/09\/shure-55sh-ii-e1601485394796.jpg\" alt=\"\" srcset=\"https:\/\/kommentatorenblog.de\/wp-content\/uploads\/2020\/09\/shure-55sh-ii-e1601485394796.jpg 415w, https:\/\/kommentatorenblog.de\/wp-content\/uploads\/2020\/09\/shure-55sh-ii-e1601485394796-142x300.jpg 142w\" sizes=\"auto, (max-width: 10px) 100vw, 10px\" \/> Chris Putz <\/p>\n\n\n\n<p><em><strong>Dynamo Kiew \u2013 FC Salzburg (21.00 Uhr)<\/strong><\/em><br><img loading=\"lazy\" decoding=\"async\" width=\"10\" height=\"21\" class=\"wp-image-3656\" style=\"width: 10px;\" src=\"http:\/\/kommentatorenblog.de\/wp-content\/uploads\/2020\/09\/shure-55sh-ii-e1601485394796.jpg\" alt=\"\" srcset=\"https:\/\/kommentatorenblog.de\/wp-content\/uploads\/2020\/09\/shure-55sh-ii-e1601485394796.jpg 415w, https:\/\/kommentatorenblog.de\/wp-content\/uploads\/2020\/09\/shure-55sh-ii-e1601485394796-142x300.jpg 142w\" sizes=\"auto, (max-width: 10px) 100vw, 10px\" \/> Max Gross <\/p>\n\n\n\n<p><em><strong>Young Boys Bern \u2013 Galatasaray Isdanbul (21.00 Uhr)<\/strong><\/em><br><img loading=\"lazy\" decoding=\"async\" width=\"10\" height=\"21\" class=\"wp-image-3656\" style=\"width: 10px;\" src=\"http:\/\/kommentatorenblog.de\/wp-content\/uploads\/2020\/09\/shure-55sh-ii-e1601485394796.jpg\" alt=\"\" srcset=\"https:\/\/kommentatorenblog.de\/wp-content\/uploads\/2020\/09\/shure-55sh-ii-e1601485394796.jpg 415w, https:\/\/kommentatorenblog.de\/wp-content\/uploads\/2020\/09\/shure-55sh-ii-e1601485394796-142x300.jpg 142w\" sizes=\"auto, (max-width: 10px) 100vw, 10px\" \/> Freddy Harder <\/p>\n\n\n\n<p><em><strong>Midtjylland \u2013 SL. Bratislava (21.00 Uhr)<\/strong><\/em><br><img loading=\"lazy\" decoding=\"async\" width=\"10\" height=\"21\" class=\"wp-image-3656\" style=\"width: 10px;\" src=\"http:\/\/kommentatorenblog.de\/wp-content\/uploads\/2020\/09\/shure-55sh-ii-e1601485394796.jpg\" alt=\"\" srcset=\"https:\/\/kommentatorenblog.de\/wp-content\/uploads\/2020\/09\/shure-55sh-ii-e1601485394796.jpg 415w, https:\/\/kommentatorenblog.de\/wp-content\/uploads\/2020\/09\/shure-55sh-ii-e1601485394796-142x300.jpg 142w\" sizes=\"auto, (max-width: 10px) 100vw, 10px\" \/> Tom Kirsten <\/p>\n\n\n\n<hr class=\"wp-block-separator\"\/>\n\n\n\n<p><strong>UEFA Conference League, Playoffs, Hinspiele<\/strong><\/p>\n\n\n\n<p><span style=\"text-decoration: underline;\">Donnerstag, 22. August 2024, ab 18.55 Uhr (SWR.de\/sport bzw. ARD Mediathek)<\/span><\/p>\n\n\n\n<p><em><strong>BK H\u00e4cken \u2013 1. FC Heidenheim (19.00 Uhr)<\/strong><\/em><br><img loading=\"lazy\" decoding=\"async\" width=\"10\" height=\"21\" class=\"wp-image-3656\" style=\"width: 10px;\" src=\"http:\/\/kommentatorenblog.de\/wp-content\/uploads\/2020\/09\/shure-55sh-ii-e1601485394796.jpg\" alt=\"\" srcset=\"https:\/\/kommentatorenblog.de\/wp-content\/uploads\/2020\/09\/shure-55sh-ii-e1601485394796.jpg 415w, https:\/\/kommentatorenblog.de\/wp-content\/uploads\/2020\/09\/shure-55sh-ii-e1601485394796-142x300.jpg 142w\" sizes=\"auto, (max-width: 10px) 100vw, 10px\" \/> Martin Maib\u00fccher<\/p>\n\n\n\n<p><span style=\"text-decoration: underline;\">ab 20.30 Uhr (Sportdigital FUSSBALL)<\/span><\/p>\n\n\n\n<p><em><strong>FC Lugano \u2013 Besiktas Istanbul (20.30 Uhr)<\/strong><\/em><br><img loading=\"lazy\" decoding=\"async\" width=\"10\" height=\"21\" class=\"wp-image-3656\" style=\"width: 10px;\" src=\"http:\/\/kommentatorenblog.de\/wp-content\/uploads\/2020\/09\/shure-55sh-ii-e1601485394796.jpg\" alt=\"\" srcset=\"https:\/\/kommentatorenblog.de\/wp-content\/uploads\/2020\/09\/shure-55sh-ii-e1601485394796.jpg 415w, https:\/\/kommentatorenblog.de\/wp-content\/uploads\/2020\/09\/shure-55sh-ii-e1601485394796-142x300.jpg 142w\" sizes=\"auto, (max-width: 10px) 100vw, 10px\" \/> Karsten Linke<\/p>\n\n\n\n<hr class=\"wp-block-separator\"\/>\n\n\n\n<p><strong><em>Copa Libertadores, Achtelfinale R\u00fcckspiel<\/em><\/strong><em><strong>e (SPORT1+)<\/strong><\/em><\/p>\n\n\n\n<p>Dienstag, 20.August, ab 23.55 Uhr<\/p>\n\n\n\n<p><strong><em>Fluminense Rio de Janeiro &#8211; Gremio Porto Alegre (00.00 Uhr)<\/em><\/strong><\/p>\n\n\n\n<p><img loading=\"lazy\" decoding=\"async\" width=\"10\" height=\"21\" class=\"wp-image-3656\" style=\"width: 10px;\" src=\"http:\/\/kommentatorenblog.de\/wp-content\/uploads\/2020\/09\/shure-55sh-ii-e1601485394796.jpg\" alt=\"\" srcset=\"https:\/\/kommentatorenblog.de\/wp-content\/uploads\/2020\/09\/shure-55sh-ii-e1601485394796.jpg 415w, https:\/\/kommentatorenblog.de\/wp-content\/uploads\/2020\/09\/shure-55sh-ii-e1601485394796-142x300.jpg 142w\" sizes=\"auto, (max-width: 10px) 100vw, 10px\" \/> Tobias Fischbeck <\/p>\n\n\n\n<p>Mittwoch, 21. August, ab 02.25 Uhr<\/p>\n\n\n\n<p><strong><em>Atletico Junior &#8211; CSD Colo-Col<\/em>o (02.30 Uhr<\/strong>)<\/p>\n\n\n\n<p><img loading=\"lazy\" decoding=\"async\" width=\"10\" height=\"21\" class=\"wp-image-3656\" style=\"width: 10px;\" src=\"http:\/\/kommentatorenblog.de\/wp-content\/uploads\/2020\/09\/shure-55sh-ii-e1601485394796.jpg\" alt=\"\" srcset=\"https:\/\/kommentatorenblog.de\/wp-content\/uploads\/2020\/09\/shure-55sh-ii-e1601485394796.jpg 415w, https:\/\/kommentatorenblog.de\/wp-content\/uploads\/2020\/09\/shure-55sh-ii-e1601485394796-142x300.jpg 142w\" sizes=\"auto, (max-width: 10px) 100vw, 10px\" \/> Steffen Bohleber<\/p>\n\n\n\n<hr class=\"wp-block-separator\"\/>\n\n\n\n<p><strong><em>Saudi Pro League, 1. Spieltag (Sportdigital)<\/em><\/strong><\/p>\n\n\n\n<p><span style=\"text-decoration: underline;\">Donnerstag, 22. August 2024 ab 20.00 Uhr<\/span><\/p>\n\n\n\n<p><em><strong>Al-Nassr FC \u2013 Al-Raed FC <\/strong><\/em><br><img loading=\"lazy\" decoding=\"async\" width=\"10\" height=\"21\" class=\"wp-image-3656\" style=\"width: 10px;\" src=\"http:\/\/kommentatorenblog.de\/wp-content\/uploads\/2020\/09\/shure-55sh-ii-e1601485394796.jpg\" alt=\"\" srcset=\"https:\/\/kommentatorenblog.de\/wp-content\/uploads\/2020\/09\/shure-55sh-ii-e1601485394796.jpg 415w, https:\/\/kommentatorenblog.de\/wp-content\/uploads\/2020\/09\/shure-55sh-ii-e1601485394796-142x300.jpg 142w\" sizes=\"auto, (max-width: 10px) 100vw, 10px\" \/> <s>Marvin Kirsch<\/s> Moritz Knorr<\/p>\n\n\n\n<hr class=\"wp-block-separator\"\/>\n\n\n\n<p><strong><em>Regionalliga Nordost, 4. Spieltag<\/em><\/strong><\/p>\n\n\n\n<p><span style=\"text-decoration: underline;\">Dienstag, 20. August 2024, ab 18.50 Uhr (OSTSPORT.TV)<\/span><\/p>\n\n\n\n<p><em><strong>FSV Zwickau \u2013 VFC Plauen (19.00 Uhr)<\/strong><\/em><br><img loading=\"lazy\" decoding=\"async\" width=\"10\" height=\"21\" class=\"wp-image-3656\" style=\"width: 10px;\" src=\"http:\/\/kommentatorenblog.de\/wp-content\/uploads\/2020\/09\/shure-55sh-ii-e1601485394796.jpg\" alt=\"\" srcset=\"https:\/\/kommentatorenblog.de\/wp-content\/uploads\/2020\/09\/shure-55sh-ii-e1601485394796.jpg 415w, https:\/\/kommentatorenblog.de\/wp-content\/uploads\/2020\/09\/shure-55sh-ii-e1601485394796-142x300.jpg 142w\" sizes=\"auto, (max-width: 10px) 100vw, 10px\" \/> Christian R\u00fcdiger<\/p>\n\n\n\n<p><span style=\"text-decoration: underline;\">ab 18.50 Uhr (TA\/OTZ\/TLZ)<\/span><\/p>\n\n\n\n<p><em><strong>Hertha BSC II &#8211; FC Rot-Wei\u00df Erfurt (19.00 Uhr)<\/strong><\/em><br><img loading=\"lazy\" decoding=\"async\" width=\"10\" height=\"21\" class=\"wp-image-3656\" style=\"width: 10px;\" src=\"http:\/\/kommentatorenblog.de\/wp-content\/uploads\/2020\/09\/shure-55sh-ii-e1601485394796.jpg\" alt=\"\" srcset=\"https:\/\/kommentatorenblog.de\/wp-content\/uploads\/2020\/09\/shure-55sh-ii-e1601485394796.jpg 415w, https:\/\/kommentatorenblog.de\/wp-content\/uploads\/2020\/09\/shure-55sh-ii-e1601485394796-142x300.jpg 142w\" sizes=\"auto, (max-width: 10px) 100vw, 10px\" \/> Heiko Mallwitz<\/p>\n\n\n\n<p><span style=\"text-decoration: underline;\">Mittwoch, 21. August 2024, ab 18.45 Uhr (OSTSPORT.TV)<\/span><\/p>\n\n\n\n<p><em><strong>BSG Chemie Leipzig &#8211; BFC Dynamo (19.00 Uhr)<\/strong><\/em><br><img loading=\"lazy\" decoding=\"async\" width=\"10\" height=\"21\" class=\"wp-image-3656\" style=\"width: 10px;\" src=\"http:\/\/kommentatorenblog.de\/wp-content\/uploads\/2020\/09\/shure-55sh-ii-e1601485394796.jpg\" alt=\"\" srcset=\"https:\/\/kommentatorenblog.de\/wp-content\/uploads\/2020\/09\/shure-55sh-ii-e1601485394796.jpg 415w, https:\/\/kommentatorenblog.de\/wp-content\/uploads\/2020\/09\/shure-55sh-ii-e1601485394796-142x300.jpg 142w\" sizes=\"auto, (max-width: 10px) 100vw, 10px\" \/> Christian R\u00fcdiger<br>Moderation: Toni Mielke<\/p>\n\n\n\n<p><span style=\"text-decoration: underline;\">ab 19.00 Uhr (MDR.de\/sport-im-osten.de)<\/span><\/p>\n\n\n\n<p><em><strong>FC Carl Zeiss Jena &#8211; Chemnitzer FC (19.00 Uhr)<\/strong><\/em><br><img loading=\"lazy\" decoding=\"async\" width=\"10\" height=\"21\" class=\"wp-image-3656\" style=\"width: 10px;\" src=\"http:\/\/kommentatorenblog.de\/wp-content\/uploads\/2020\/09\/shure-55sh-ii-e1601485394796.jpg\" alt=\"\" srcset=\"https:\/\/kommentatorenblog.de\/wp-content\/uploads\/2020\/09\/shure-55sh-ii-e1601485394796.jpg 415w, https:\/\/kommentatorenblog.de\/wp-content\/uploads\/2020\/09\/shure-55sh-ii-e1601485394796-142x300.jpg 142w\" sizes=\"auto, (max-width: 10px) 100vw, 10px\" \/> Alexander K\u00fcpper<\/p>\n\n\n\n<hr class=\"wp-block-separator\"\/>\n\n\n\n<p><strong><em>Die Analyse:<\/em><\/strong><\/p>\n\n\n\n<p>Kann aufgrund des Programms kurz ausfallen. Sowohl bei Prime als auch bei DAZN laufen die \u00dcbertragungen noch &#8222;auf Sparflamme&#8220;, keine Moderation, keine vor Ort Kommentierung. Max Gross als \u00d6sterreichexperte bei Kiew Salzburg war zu erwarten, auch ansonsten keinerlei \u00dcberraschungen. <\/p>\n\n\n\n<p>Dazu hat Sky nach der ersten Runde des DFB- Pokals der M\u00e4nner nun auch eine Partie der Frauen im Angebot: die zwei Zweitligisten G\u00fctersloh und Aufsteiger Union treffen aufeinander.  Als Moderatorin war Nele Schenker vorgesehen, krankheitsbedingt ist dieser Einsatz aber sehr fraglich, wer alternativ \u00fcbernimmt, wissen wir aktuell nicht. Habt eine gute Woche! <\/p>\n\n\n\n<p><\/p>\n","protected":false},"excerpt":{"rendered":"<p>N&#8217;Abend Allerseits! Der Beitrag kommt aus technischen Gr\u00fcnden etwas sp\u00e4ter, aber er kommt. Nach dem ereignissreichen DFB-Pokal-Wochenende auf Sky geht es jetzt bei den beiden anderen gro\u00dfen Rechteinhabern in Deutschland mit den Playoffs der Champions League in die Europacupsaison. W\u00e4hrend sich f\u00fcr die Zuschauer in Deutschland nichts \u00e4ndert (Prime zeigt das Topspiel am Dienstag, DAZN [&hellip;]<\/p>\n","protected":false},"author":13,"featured_media":0,"comment_status":"open","ping_status":"open","sticky":false,"template":"","format":"standard","meta":{"footnotes":""},"categories":[425],"tags":[337,1222,13,295,69,243,581,283,279,290,134,200],"class_list":["post-18796","post","type-post","status-publish","format-standard","hentry","category-champions-league-und-co","tag-benedikt-hoewedes","tag-chris-ptz","tag-dazn","tag-freddy-harder","tag-jonas-friedrich","tag-mario-rieker","tag-marvin-kirsch","tag-max-gross","tag-max-siebald","tag-primevideo","tag-sportdigital-fussball","tag-tom-kirsten"],"_links":{"self":[{"href":"https:\/\/kommentatorenblog.de\/index.php?rest_route=\/wp\/v2\/posts\/18796","targetHints":{"allow":["GET"]}}],"collection":[{"href":"https:\/\/kommentatorenblog.de\/index.php?rest_route=\/wp\/v2\/posts"}],"about":[{"href":"https:\/\/kommentatorenblog.de\/index.php?rest_route=\/wp\/v2\/types\/post"}],"author":[{"embeddable":true,"href":"https:\/\/kommentatorenblog.de\/index.php?rest_route=\/wp\/v2\/users\/13"}],"replies":[{"embeddable":true,"href":"https:\/\/kommentatorenblog.de\/index.php?rest_route=%2Fwp%2Fv2%2Fcomments&post=18796"}],"version-history":[{"count":17,"href":"https:\/\/kommentatorenblog.de\/index.php?rest_route=\/wp\/v2\/posts\/18796\/revisions"}],"predecessor-version":[{"id":18955,"href":"https:\/\/kommentatorenblog.de\/index.php?rest_route=\/wp\/v2\/posts\/18796\/revisions\/18955"}],"wp:attachment":[{"href":"https:\/\/kommentatorenblog.de\/index.php?rest_route=%2Fwp%2Fv2%2Fmedia&parent=18796"}],"wp:term":[{"taxonomy":"category","embeddable":true,"href":"https:\/\/kommentatorenblog.de\/index.php?rest_route=%2Fwp%2Fv2%2Fcategories&post=18796"},{"taxonomy":"post_tag","embeddable":true,"href":"https:\/\/kommentatorenblog.de\/index.php?rest_route=%2Fwp%2Fv2%2Ftags&post=18796"}],"curies":[{"name":"wp","href":"https:\/\/api.w.org\/{rel}","templated":true}]}}