{"id":18873,"date":"2024-08-26T18:16:24","date_gmt":"2024-08-26T16:16:24","guid":{"rendered":"http:\/\/kommentatorenblog.de\/?p=18873"},"modified":"2024-09-02T14:06:18","modified_gmt":"2024-09-02T12:06:18","slug":"1446-eine-grosse-persoenlichkeit-verlaesst-die-buehne","status":"publish","type":"post","link":"https:\/\/kommentatorenblog.de\/?p=18873","title":{"rendered":"1446 \u2013 Eine gro\u00dfe Pers\u00f6nlichkeit verl\u00e4sst die B\u00fchne"},"content":{"rendered":"\n<p><strong><em>N&#8217;Abend Allerseits!<\/em><\/strong><\/p>\n\n\n\n<p>Am Sonntag erreichte mich, wie auch sicherlich viele von euch, die traurige Nachricht, dass Christoph Daum seiner Krankheit im Alter von 70 Jahren erlegen ist und am Samstag in K\u00f6ln verstarb. Ich habe Daum in seinen zahlreichen TV-Auftritten immer als eine unglaublich positive und energiegeladene Person erlebt. Er war immer klar in seinen Aussagen und hat uns in Interviews und auf und neben dem Platz viele emotionale Momente beschert. Au\u00dfer Familie und Freunden viel Kraft zu w\u00fcnschen m\u00f6chte ich nichts weiter hinzuf\u00fcgen. Christoph Daum wird definitiv fehlen! <\/p>\n\n\n\n<p>Unterdessen geht es international mit den Playoffr\u00fcckspielen und national mit dem DFB-Pokal weiter. Die Supercup-Teilnehmer Stuttgart und Leverkusen tragen ihre Spiele nach, f\u00fcr Heidenheim sieht es in der Quali ganz gut aus. Das Spiel lief ja tats\u00e4chlich im SWR-Livestream, bei der \u00dcbertragung gab es allerdings einige Schwierigkeiten mit Bild und Ton. Die Tore waren aber zu sehen. <\/p>\n\n\n\n<p>Das R\u00fcckspiel wird der SWR definitiv auch im TV zeigen, ab 20.15 Uhr gibt&#8217;s dann hoffentlich klare Sicht auf den Einzug des FCH in die ECL! <\/p>\n\n\n\n<p>Bildprobleme hatte letzten Mittwoch auch \u00d6sterreichs Streamingneuling Canal+, diese waren allerdings nur kurz und dem schlechten Wetter in Polen geschuldet. Ansonsten wurde eine wirklich hochqualitative Rundumberichterstattung geboten. Ich bin gespannt, wie sich die \u00dcbertragungen in der hei\u00dfen Phase entwickeln.<\/p>\n\n\n\n<hr class=\"wp-block-separator\"\/>\n\n\n\n<p><strong><em>Die Ansetzungen vom 27. August bis zum 29. August 2024<\/em><\/strong><\/p>\n\n\n\n<p><strong>DFB-Pokal, 1. Runde (ARD\/ZDF\/Sky)<\/strong><\/p>\n\n\n\n<p><span style=\"text-decoration: underline;\">Dienstag, 27. August 2024, ab 20.45 Uhr (ARD\/Sky):<\/span><\/p>\n\n\n\n<p><strong><em>SC Preu\u00dfen M\u00fcnster \u2013 VfB Stuttgart (20.45 Uhr)<\/em><\/strong><\/p>\n\n\n\n<p><img loading=\"lazy\" decoding=\"async\" width=\"10\" height=\"21\" class=\"wp-image-3656\" style=\"width: 10px;\" src=\"http:\/\/kommentatorenblog.de\/wp-content\/uploads\/2020\/09\/shure-55sh-ii-e1601485394796.jpg\" alt=\"\" srcset=\"https:\/\/kommentatorenblog.de\/wp-content\/uploads\/2020\/09\/shure-55sh-ii-e1601485394796.jpg 415w, https:\/\/kommentatorenblog.de\/wp-content\/uploads\/2020\/09\/shure-55sh-ii-e1601485394796-142x300.jpg 142w\" sizes=\"auto, (max-width: 10px) 100vw, 10px\" \/> ARD: Florian Na\u00df<br>Moderation (ARD): Esther Sedlaczek; Experte: Thomas Hitzlsperger; Field-Reporter: Claus Lufen<\/p>\n\n\n\n<p><img loading=\"lazy\" decoding=\"async\" width=\"10\" height=\"21\" class=\"wp-image-3656\" style=\"width: 10px;\" src=\"http:\/\/kommentatorenblog.de\/wp-content\/uploads\/2020\/09\/shure-55sh-ii-e1601485394796.jpg\" alt=\"\" srcset=\"https:\/\/kommentatorenblog.de\/wp-content\/uploads\/2020\/09\/shure-55sh-ii-e1601485394796.jpg 415w, https:\/\/kommentatorenblog.de\/wp-content\/uploads\/2020\/09\/shure-55sh-ii-e1601485394796-142x300.jpg 142w\" sizes=\"auto, (max-width: 10px) 100vw, 10px\" \/> Sky: Wolff Fuss <br>Moderation (Sky): Patrick Wasserziehr; Field-Reporter: Martin Gro\u00df <\/p>\n\n\n\n<p><span style=\"text-decoration: underline;\">Mittwoch, 28. August 2024, ab 17.30 Uhr (Sky) bzw. ab 17.40 Uhr (ZDF)<\/span><\/p>\n\n\n\n<p><em><strong>FC Carl Zeiss Jena \u2013 Bayer 04 Leverkusen (18.00 Uhr)<\/strong><\/em><\/p>\n\n\n\n<p><img loading=\"lazy\" decoding=\"async\" width=\"10\" height=\"21\" class=\"wp-image-3656\" style=\"width: 10px;\" src=\"http:\/\/kommentatorenblog.de\/wp-content\/uploads\/2020\/09\/shure-55sh-ii-e1601485394796.jpg\" alt=\"\" srcset=\"https:\/\/kommentatorenblog.de\/wp-content\/uploads\/2020\/09\/shure-55sh-ii-e1601485394796.jpg 415w, https:\/\/kommentatorenblog.de\/wp-content\/uploads\/2020\/09\/shure-55sh-ii-e1601485394796-142x300.jpg 142w\" sizes=\"auto, (max-width: 10px) 100vw, 10px\" \/> ZDF: Oliver Schmidt <br>Moderation (ZDF): Katrin M\u00fcller-Hohenstein; Field-Reporter: Boris B\u00fcchler<\/p>\n\n\n\n<p><img loading=\"lazy\" decoding=\"async\" width=\"10\" height=\"21\" class=\"wp-image-3656\" style=\"width: 10px;\" src=\"http:\/\/kommentatorenblog.de\/wp-content\/uploads\/2020\/09\/shure-55sh-ii-e1601485394796.jpg\" alt=\"\" srcset=\"https:\/\/kommentatorenblog.de\/wp-content\/uploads\/2020\/09\/shure-55sh-ii-e1601485394796.jpg 415w, https:\/\/kommentatorenblog.de\/wp-content\/uploads\/2020\/09\/shure-55sh-ii-e1601485394796-142x300.jpg 142w\" sizes=\"auto, (max-width: 10px) 100vw, 10px\" \/> Sky: Kai Dittmann<br>Moderation (Sky): Yannick Erkenbrecher; Field-Reporter: Max Zielke<\/p>\n\n\n\n<hr class=\"wp-block-separator\"\/>\n\n\n\n<p><strong>UEFA Champions League Playoff, R\u00fcckspiele (Prime\/DAZN)<\/strong><\/p>\n\n\n\n<p><span style=\"text-decoration: underline;\">Dienstag, 27. August 2024 ab 20.50 Uhr (Prime)<\/span><\/p>\n\n\n\n<p><em><strong>Galatasaray Isdanbul \u2013 Young Boys Bern (21.00 Uhr<\/strong><\/em>)<br><img loading=\"lazy\" decoding=\"async\" width=\"10\" height=\"21\" class=\"wp-image-3656\" style=\"width: 10px;\" src=\"http:\/\/kommentatorenblog.de\/wp-content\/uploads\/2020\/09\/shure-55sh-ii-e1601485394796.jpg\" alt=\"\" srcset=\"https:\/\/kommentatorenblog.de\/wp-content\/uploads\/2020\/09\/shure-55sh-ii-e1601485394796.jpg 415w, https:\/\/kommentatorenblog.de\/wp-content\/uploads\/2020\/09\/shure-55sh-ii-e1601485394796-142x300.jpg 142w\" sizes=\"auto, (max-width: 10px) 100vw, 10px\" \/> Jonas Friedrich; Experte: Benedikt H\u00f6wedes <\/p>\n\n\n\n<p><span style=\"text-decoration: underline;\">ab 21.00 Uhr (DAZN)<\/span><\/p>\n\n\n\n<p><em><strong>FC Salzburg \u2013 Dynamo Kiew <\/strong><\/em><br><img loading=\"lazy\" decoding=\"async\" width=\"10\" height=\"21\" class=\"wp-image-3656\" style=\"width: 10px;\" src=\"http:\/\/kommentatorenblog.de\/wp-content\/uploads\/2020\/09\/shure-55sh-ii-e1601485394796.jpg\" alt=\"\" srcset=\"https:\/\/kommentatorenblog.de\/wp-content\/uploads\/2020\/09\/shure-55sh-ii-e1601485394796.jpg 415w, https:\/\/kommentatorenblog.de\/wp-content\/uploads\/2020\/09\/shure-55sh-ii-e1601485394796-142x300.jpg 142w\" sizes=\"auto, (max-width: 10px) 100vw, 10px\" \/> Max Gross<\/p>\n\n\n\n<p><em><strong>Sparta Prag \u2013 Malm\u00f6 FF <\/strong><\/em><br><img loading=\"lazy\" decoding=\"async\" width=\"10\" height=\"21\" class=\"wp-image-3656\" style=\"width: 10px;\" src=\"http:\/\/kommentatorenblog.de\/wp-content\/uploads\/2020\/09\/shure-55sh-ii-e1601485394796.jpg\" alt=\"\" srcset=\"https:\/\/kommentatorenblog.de\/wp-content\/uploads\/2020\/09\/shure-55sh-ii-e1601485394796.jpg 415w, https:\/\/kommentatorenblog.de\/wp-content\/uploads\/2020\/09\/shure-55sh-ii-e1601485394796-142x300.jpg 142w\" sizes=\"auto, (max-width: 10px) 100vw, 10px\" \/> Christopher Putz <\/p>\n\n\n\n<p><span style=\"text-decoration: underline;\">Mittwoch, 28. August 2024 ab 18.45 Uhr (DAZN)<\/span><\/p>\n\n\n\n<p><em><strong>Qarabag \u2013 Dinamo Zagreb <\/strong><\/em><br><img loading=\"lazy\" decoding=\"async\" width=\"10\" height=\"21\" class=\"wp-image-3656\" style=\"width: 10px;\" src=\"http:\/\/kommentatorenblog.de\/wp-content\/uploads\/2020\/09\/shure-55sh-ii-e1601485394796.jpg\" alt=\"\" srcset=\"https:\/\/kommentatorenblog.de\/wp-content\/uploads\/2020\/09\/shure-55sh-ii-e1601485394796.jpg 415w, https:\/\/kommentatorenblog.de\/wp-content\/uploads\/2020\/09\/shure-55sh-ii-e1601485394796-142x300.jpg 142w\" sizes=\"auto, (max-width: 10px) 100vw, 10px\" \/> Flo Hauser<\/p>\n\n\n\n<p><span style=\"text-decoration: underline;\">ab 21.00 Uhr (DAZN)<\/span><\/p>\n\n\n\n<p><em><strong>Crvena zvezda \u2013 Bodo \/ Glimt <\/strong><\/em><br><img loading=\"lazy\" decoding=\"async\" width=\"10\" height=\"21\" class=\"wp-image-3656\" style=\"width: 10px;\" src=\"http:\/\/kommentatorenblog.de\/wp-content\/uploads\/2020\/09\/shure-55sh-ii-e1601485394796.jpg\" alt=\"\" srcset=\"https:\/\/kommentatorenblog.de\/wp-content\/uploads\/2020\/09\/shure-55sh-ii-e1601485394796.jpg 415w, https:\/\/kommentatorenblog.de\/wp-content\/uploads\/2020\/09\/shure-55sh-ii-e1601485394796-142x300.jpg 142w\" sizes=\"auto, (max-width: 10px) 100vw, 10px\" \/> Christoph Stadtler<\/p>\n\n\n\n<p><em><strong>Slavia Prag \u2013 OSC Lille <\/strong><\/em><br><img loading=\"lazy\" decoding=\"async\" width=\"10\" height=\"21\" class=\"wp-image-3656\" style=\"width: 10px;\" src=\"http:\/\/kommentatorenblog.de\/wp-content\/uploads\/2020\/09\/shure-55sh-ii-e1601485394796.jpg\" alt=\"\" srcset=\"https:\/\/kommentatorenblog.de\/wp-content\/uploads\/2020\/09\/shure-55sh-ii-e1601485394796.jpg 415w, https:\/\/kommentatorenblog.de\/wp-content\/uploads\/2020\/09\/shure-55sh-ii-e1601485394796-142x300.jpg 142w\" sizes=\"auto, (max-width: 10px) 100vw, 10px\" \/> Manuel Angstenberger<\/p>\n\n\n\n<p><em><strong>Slovan Bratislava \u2013 Midtjylland <\/strong><\/em><\/p>\n\n\n\n<p><img loading=\"lazy\" decoding=\"async\" width=\"10\" height=\"21\" class=\"wp-image-3656\" style=\"width: 10px;\" src=\"http:\/\/kommentatorenblog.de\/wp-content\/uploads\/2020\/09\/shure-55sh-ii-e1601485394796.jpg\" alt=\"\" srcset=\"https:\/\/kommentatorenblog.de\/wp-content\/uploads\/2020\/09\/shure-55sh-ii-e1601485394796.jpg 415w, https:\/\/kommentatorenblog.de\/wp-content\/uploads\/2020\/09\/shure-55sh-ii-e1601485394796-142x300.jpg 142w\" sizes=\"auto, (max-width: 10px) 100vw, 10px\" \/> Tom Kirsten<\/p>\n\n\n\n<hr class=\"wp-block-separator\"\/>\n\n\n\n<p><strong>UEFA Conference League, Playoffs R\u00fcckspiele (SWR\/Sportdigital)<\/strong><\/p>\n\n\n\n<p><span style=\"text-decoration: underline;\">Donnerstag, 29. August 2024, ab 20.00 Uhr (Sportdigital): <\/span><\/p>\n\n\n\n<p><em><strong>Besiktas \u2013 FC Lugano <\/strong><\/em><br><img loading=\"lazy\" decoding=\"async\" width=\"10\" height=\"21\" class=\"wp-image-3656\" style=\"width: 10px;\" src=\"http:\/\/kommentatorenblog.de\/wp-content\/uploads\/2020\/09\/shure-55sh-ii-e1601485394796.jpg\" alt=\"\" srcset=\"https:\/\/kommentatorenblog.de\/wp-content\/uploads\/2020\/09\/shure-55sh-ii-e1601485394796.jpg 415w, https:\/\/kommentatorenblog.de\/wp-content\/uploads\/2020\/09\/shure-55sh-ii-e1601485394796-142x300.jpg 142w\" sizes=\"auto, (max-width: 10px) 100vw, 10px\" \/> Karsten Linke<\/p>\n\n\n\n<p><span style=\"text-decoration: underline;\">ab 20.15 Uhr (SWR):<\/span><\/p>\n\n\n\n<p><em><strong>1. FC Heidenheim 1846 \u2013 BK H\u00e4cken (20.30 Uhr)<\/strong><\/em><br><img loading=\"lazy\" decoding=\"async\" width=\"10\" height=\"21\" class=\"wp-image-3656\" style=\"width: 10px;\" src=\"http:\/\/kommentatorenblog.de\/wp-content\/uploads\/2020\/09\/shure-55sh-ii-e1601485394796.jpg\" alt=\"\" srcset=\"https:\/\/kommentatorenblog.de\/wp-content\/uploads\/2020\/09\/shure-55sh-ii-e1601485394796.jpg 415w, https:\/\/kommentatorenblog.de\/wp-content\/uploads\/2020\/09\/shure-55sh-ii-e1601485394796-142x300.jpg 142w\" sizes=\"auto, (max-width: 10px) 100vw, 10px\" \/> Philipp Sohmer <br>Moderation: Lea Wagner <\/p>\n\n\n\n<hr class=\"wp-block-separator\"\/>\n\n\n\n<p><strong>LaLiga, 3. Spieltag (DAZN)<\/strong><\/p>\n\n\n\n<p><span style=\"text-decoration: underline;\">Dienstag, 27. August 2024 21.30 Uhr:<\/span><\/p>\n\n\n\n<p><em><strong>Vallecano \u2013 FC Barcelona <\/strong><\/em><br><img loading=\"lazy\" decoding=\"async\" width=\"10\" height=\"21\" class=\"wp-image-3656\" style=\"width: 10px;\" src=\"http:\/\/kommentatorenblog.de\/wp-content\/uploads\/2020\/09\/shure-55sh-ii-e1601485394796.jpg\" alt=\"\" srcset=\"https:\/\/kommentatorenblog.de\/wp-content\/uploads\/2020\/09\/shure-55sh-ii-e1601485394796.jpg 415w, https:\/\/kommentatorenblog.de\/wp-content\/uploads\/2020\/09\/shure-55sh-ii-e1601485394796-142x300.jpg 142w\" sizes=\"auto, (max-width: 10px) 100vw, 10px\" \/> Flo Hauser <\/p>\n\n\n\n<p><span style=\"text-decoration: underline;\">Mittwoch, 28. August 2024 ab 19.00 Uhr:<\/span><\/p>\n\n\n\n<p><em><strong>Bilbao \u2013 Valencia <\/strong><\/em><br><img loading=\"lazy\" decoding=\"async\" width=\"10\" height=\"21\" class=\"wp-image-3656\" style=\"width: 10px;\" src=\"http:\/\/kommentatorenblog.de\/wp-content\/uploads\/2020\/09\/shure-55sh-ii-e1601485394796.jpg\" alt=\"\" srcset=\"https:\/\/kommentatorenblog.de\/wp-content\/uploads\/2020\/09\/shure-55sh-ii-e1601485394796.jpg 415w, https:\/\/kommentatorenblog.de\/wp-content\/uploads\/2020\/09\/shure-55sh-ii-e1601485394796-142x300.jpg 142w\" sizes=\"auto, (max-width: 10px) 100vw, 10px\" \/> David Ploch <\/p>\n\n\n\n<p><span style=\"text-decoration: underline;\">ab 21.30 Uhr:<\/span><\/p>\n\n\n\n<p><em><strong>Atletico Madrid \u2013 Esponyol <\/strong><\/em><br><img loading=\"lazy\" decoding=\"async\" width=\"10\" height=\"21\" class=\"wp-image-3656\" style=\"width: 10px;\" src=\"http:\/\/kommentatorenblog.de\/wp-content\/uploads\/2020\/09\/shure-55sh-ii-e1601485394796.jpg\" alt=\"\" srcset=\"https:\/\/kommentatorenblog.de\/wp-content\/uploads\/2020\/09\/shure-55sh-ii-e1601485394796.jpg 415w, https:\/\/kommentatorenblog.de\/wp-content\/uploads\/2020\/09\/shure-55sh-ii-e1601485394796-142x300.jpg 142w\" sizes=\"auto, (max-width: 10px) 100vw, 10px\" \/> Simon Sterzer <\/p>\n\n\n\n<p><span style=\"text-decoration: underline;\">Donnerstag, 29. August 2024 ab 21.30 Uhr: <\/span><\/p>\n\n\n\n<p><em><strong>Las Palmas \u2013 Real Madrid <\/strong><\/em><br><img loading=\"lazy\" decoding=\"async\" width=\"10\" height=\"21\" class=\"wp-image-3656\" style=\"width: 10px;\" src=\"http:\/\/kommentatorenblog.de\/wp-content\/uploads\/2020\/09\/shure-55sh-ii-e1601485394796.jpg\" alt=\"\" srcset=\"https:\/\/kommentatorenblog.de\/wp-content\/uploads\/2020\/09\/shure-55sh-ii-e1601485394796.jpg 415w, https:\/\/kommentatorenblog.de\/wp-content\/uploads\/2020\/09\/shure-55sh-ii-e1601485394796-142x300.jpg 142w\" sizes=\"auto, (max-width: 10px) 100vw, 10px\" \/> Michael Born <\/p>\n\n\n\n<hr class=\"wp-block-separator\"\/>\n\n\n\n<p><strong>Saudi Pro League, 2. Spieltag (Sportdigital)<\/strong><\/p>\n\n\n\n<p><span style=\"text-decoration: underline;\">Dienstag, 27. August 20.00 Uhr<\/span><\/p>\n\n\n\n<p><em><strong>Al-Fayha \u2013 Al-Nassr FC (20.00 Uhr) <\/strong><\/em><br><img loading=\"lazy\" decoding=\"async\" width=\"10\" height=\"21\" class=\"wp-image-3656\" style=\"width: 10px;\" src=\"http:\/\/kommentatorenblog.de\/wp-content\/uploads\/2020\/09\/shure-55sh-ii-e1601485394796.jpg\" alt=\"\" srcset=\"https:\/\/kommentatorenblog.de\/wp-content\/uploads\/2020\/09\/shure-55sh-ii-e1601485394796.jpg 415w, https:\/\/kommentatorenblog.de\/wp-content\/uploads\/2020\/09\/shure-55sh-ii-e1601485394796-142x300.jpg 142w\" sizes=\"auto, (max-width: 10px) 100vw, 10px\" \/> Marvin Kirsch <\/p>\n\n\n\n<p><span style=\"text-decoration: underline;\">Mittwoch, 28. August 2024<\/span><\/p>\n\n\n\n<p><em><strong>Al-Hilal \u2013 Damac <em><strong>(20.00 Uhr) <\/strong><\/em><\/strong><\/em><br><img loading=\"lazy\" decoding=\"async\" width=\"10\" height=\"21\" class=\"wp-image-3656\" style=\"width: 10px;\" src=\"http:\/\/kommentatorenblog.de\/wp-content\/uploads\/2020\/09\/shure-55sh-ii-e1601485394796.jpg\" alt=\"\" srcset=\"https:\/\/kommentatorenblog.de\/wp-content\/uploads\/2020\/09\/shure-55sh-ii-e1601485394796.jpg 415w, https:\/\/kommentatorenblog.de\/wp-content\/uploads\/2020\/09\/shure-55sh-ii-e1601485394796-142x300.jpg 142w\" sizes=\"auto, (max-width: 10px) 100vw, 10px\" \/> Jonathan Dreier <\/p>\n\n\n\n<p><span style=\"text-decoration: underline;\">Donnerstag, 29. August 2024<\/span><\/p>\n\n\n\n<p><em><strong>Al-Ittihad \u2013 Al-Taawoun <em><strong>(20.00 Uhr) <\/strong><\/em><\/strong><\/em><br><img loading=\"lazy\" decoding=\"async\" width=\"10\" height=\"21\" class=\"wp-image-3656\" style=\"width: 10px;\" src=\"http:\/\/kommentatorenblog.de\/wp-content\/uploads\/2020\/09\/shure-55sh-ii-e1601485394796.jpg\" alt=\"\" srcset=\"https:\/\/kommentatorenblog.de\/wp-content\/uploads\/2020\/09\/shure-55sh-ii-e1601485394796.jpg 415w, https:\/\/kommentatorenblog.de\/wp-content\/uploads\/2020\/09\/shure-55sh-ii-e1601485394796-142x300.jpg 142w\" sizes=\"auto, (max-width: 10px) 100vw, 10px\" \/> Martin Hahn <\/p>\n\n\n\n<hr class=\"wp-block-separator\"\/>\n\n\n\n<p><strong>Regionalliga Nordost, 6. Spieltag (OSTSPORT.TV)<\/strong><\/p>\n\n\n\n<p><span style=\"text-decoration: underline;\">Donnerstag, 29. August 2024, ab 18.45 Uhr<\/span><\/p>\n\n\n\n<p><em><strong>Hertha BSC II \u2013 1. FC Lokomotive Leipzig (19.00 Uhr)<\/strong><\/em><br><img loading=\"lazy\" decoding=\"async\" width=\"10\" height=\"21\" class=\"wp-image-3656\" style=\"width: 10px;\" src=\"http:\/\/kommentatorenblog.de\/wp-content\/uploads\/2020\/09\/shure-55sh-ii-e1601485394796.jpg\" alt=\"\" srcset=\"https:\/\/kommentatorenblog.de\/wp-content\/uploads\/2020\/09\/shure-55sh-ii-e1601485394796.jpg 415w, https:\/\/kommentatorenblog.de\/wp-content\/uploads\/2020\/09\/shure-55sh-ii-e1601485394796-142x300.jpg 142w\" sizes=\"auto, (max-width: 10px) 100vw, 10px\" \/> Heiko Mallwitz<br>Moderation: Toni Mielke<\/p>\n\n\n\n<hr class=\"wp-block-separator\"\/>\n\n\n\n<p><em><strong>Die Analyse: <\/strong><\/em><\/p>\n\n\n\n<p>Keine \u00dcberraschungen im Pokal, die Top 2 Fuss und Dittmann \u00fcbernehmen bei Sky und auch bei ARD und ZDF war mit dem Personal eigentlich zu rechnen. Zus\u00e4tzlich wird Bernd Schneider am Mittwoch noch zu Gast bei Sky sein. Hitzlsperger passt nat\u00fcrlich perfekt als Experte zum Stuttgartspiel. <\/p>\n\n\n\n<p>In der Champions League bleibt Prime beim Format der letzten Woche, man wird erst mit Beginn der neuen Saison richtig mit dem Onair-Personal durchstarten. Bei DAZN k\u00fcmmern sich am Dienstag Gross wie immer um die \u00d6sterreicher und Chris Putz begleitet Prag vs. Malm\u00f6. Am Mittwoch \u00fcbernehmen Hauser, Stadtler und Angstenberger die Kommentatorenboxen. <\/p>\n\n\n\n<p>Sportdigital \u00fcbertr\u00e4gt, auff\u00e4llig, 3 Spiele der Saudi Pro League mit deutschem Kommentar, in persona Kirsch, Hahn und Dreier. <\/p>\n\n\n\n<p>DAZN hat  auch wieder 4 LaLiga-Spiele mit deutschem Kommentar im Programm, Flo Hauser, Simon Sterzer, Michael Born und David Ploch sind Dienstag, Mittwoch und Donnerstag zu h\u00f6ren.<\/p>\n\n\n\n<p>Euch allen eine gute Woche! <\/p>\n\n\n\n<p>W\u00e4hrend sich <\/p>\n","protected":false},"excerpt":{"rendered":"<p>N&#8217;Abend Allerseits! Am Sonntag erreichte mich, wie auch sicherlich viele von euch, die traurige Nachricht, dass Christoph Daum seiner Krankheit im Alter von 70 Jahren erlegen ist und am Samstag in K\u00f6ln verstarb. Ich habe Daum in seinen zahlreichen TV-Auftritten immer als eine unglaublich positive und energiegeladene Person erlebt. Er war immer klar in seinen [&hellip;]<\/p>\n","protected":false},"author":13,"featured_media":0,"comment_status":"open","ping_status":"open","sticky":false,"template":"","format":"standard","meta":{"footnotes":""},"categories":[425,504],"tags":[19,337,240,1222,171,13,97,132,99,69,507,93,50,909,834,95,649,581,283,449,109,94,766,22,134,16,891,200,107,196,37],"class_list":["post-18873","post","type-post","status-publish","format-standard","hentry","category-champions-league-und-co","category-dfb-pokal-co","tag-ard","tag-benedikt-hoewedes","tag-boris-buechler","tag-chris-ptz","tag-christoph-stadtler","tag-dazn","tag-esther-sedlaczek","tag-flo-hauser","tag-florian-nass","tag-jonas-friedrich","tag-jonathan-dreier","tag-kai-dittmann","tag-katrin-mueller-hohenstein","tag-lea-wagner","tag-manuel-angstenberger","tag-martin-gross","tag-martin-hahn","tag-marvin-kirsch","tag-max-gross","tag-max-zielke","tag-oliver-schmidt","tag-patrick-wasserziehr","tag-philipp-sohmer","tag-sky","tag-sportdigital-fussball","tag-swr","tag-thomas-hitzlsperger","tag-tom-kirsten","tag-wolff-fuss","tag-yannick-erkenbrecher","tag-zdf"],"_links":{"self":[{"href":"https:\/\/kommentatorenblog.de\/index.php?rest_route=\/wp\/v2\/posts\/18873","targetHints":{"allow":["GET"]}}],"collection":[{"href":"https:\/\/kommentatorenblog.de\/index.php?rest_route=\/wp\/v2\/posts"}],"about":[{"href":"https:\/\/kommentatorenblog.de\/index.php?rest_route=\/wp\/v2\/types\/post"}],"author":[{"embeddable":true,"href":"https:\/\/kommentatorenblog.de\/index.php?rest_route=\/wp\/v2\/users\/13"}],"replies":[{"embeddable":true,"href":"https:\/\/kommentatorenblog.de\/index.php?rest_route=%2Fwp%2Fv2%2Fcomments&post=18873"}],"version-history":[{"count":17,"href":"https:\/\/kommentatorenblog.de\/index.php?rest_route=\/wp\/v2\/posts\/18873\/revisions"}],"predecessor-version":[{"id":18957,"href":"https:\/\/kommentatorenblog.de\/index.php?rest_route=\/wp\/v2\/posts\/18873\/revisions\/18957"}],"wp:attachment":[{"href":"https:\/\/kommentatorenblog.de\/index.php?rest_route=%2Fwp%2Fv2%2Fmedia&parent=18873"}],"wp:term":[{"taxonomy":"category","embeddable":true,"href":"https:\/\/kommentatorenblog.de\/index.php?rest_route=%2Fwp%2Fv2%2Fcategories&post=18873"},{"taxonomy":"post_tag","embeddable":true,"href":"https:\/\/kommentatorenblog.de\/index.php?rest_route=%2Fwp%2Fv2%2Ftags&post=18873"}],"curies":[{"name":"wp","href":"https:\/\/api.w.org\/{rel}","templated":true}]}}