{"id":18971,"date":"2024-09-04T18:13:51","date_gmt":"2024-09-04T16:13:51","guid":{"rendered":"http:\/\/kommentatorenblog.de\/?p=18971"},"modified":"2024-09-09T09:54:59","modified_gmt":"2024-09-09T07:54:59","slug":"1448-nach-der-em-ist-vor-der-nations-league","status":"publish","type":"post","link":"https:\/\/kommentatorenblog.de\/?p=18971","title":{"rendered":"1448 \u2013 Nach der EM ist vor der Nations-League"},"content":{"rendered":"\n<p><strong><em>N&#8217;Abend Allerseits!<\/em><\/strong><\/p>\n\n\n\n<p>Die EM ist Geschichte und der L\u00e4nderspielbetrieb geht nun wie gewohnt in der Nations-League weiter. F\u00fcr das deutsche Team bedeutet das einen nicht gerade geringf\u00fcgigen Umbruch. Neben Toni Kroos, Kapit\u00e4n Ilkay G\u00fcndogan und Dauerbrenner Thomas M\u00fcller m\u00fcssen wir uns auch daran gew\u00f6hnen, dass Manuel Neuer k\u00fcnftig nicht mehr das Nationaltor h\u00fcten wird. Dementsprechend wird es spannend zu sehen sein, wie die DFB-Elf mit dem neuen Kapit\u00e4n Kimmich sich am Samstag gegen Ungarn in D\u00fcsseldorf pr\u00e4sentieren wird. <\/p>\n\n\n\n<p>Was war sonst noch? Auch bei den DFB-Frauen gab es einen \u00fcberraschenden R\u00fccktritt. Die 29-J\u00e4hrige Wolfsburg Torh\u00fcterin Merle Frohms k\u00fcndigte ihren R\u00fccktritt aus der Nationalmannschaft an. Frohms vermisste offenbar die Wertsch\u00e4tzung im Team und haderte mit ihrer R\u00fcckversetzung bei Olympia zugunsten von Ann-Katrin Berger, die wohl auch in Zukunft die Nummer 1 bleiben wird. <\/p>\n\n\n\n<p>Frohms stand am Montag im Abendspiel der Frauenbundesliga bei einem spektakul\u00e4ren 3:3 gegen Bremen im Tor, sie erwischte keinen guten Tag und erzielte ein Eigentor. Aber diese Partie hat auch die Verantwortlichen zum Nachdenken gebracht. Denn Alexandra Popp erzielte f\u00fcr den VfL ein Phantomtor zum 3:3 Entstand. Jetzt wird \u00fcber den VAR nachgedacht. Problem ist, dass Kosten und Nutzen derzeit in keinem Verh\u00e4ltnis st\u00fcnden, so der DFB. Die 12 Clubs der Frauenbundesliger erhalten derzeit etwa 5,17 Mio. aus TV-Vertr\u00e4gen. Die Technik des VAR in der Bundesliga der M\u00e4nner hat in etwa genau diese Summe gekostet. Zudem sind in den Stadien der Frauenbundesliga weniger Kameras im Einsatz, von daher w\u00e4re der VAR weit anf\u00e4lliger. Es bleibt also spannend, wie sich das weiter entwickelt. <\/p>\n\n\n\n<p>Neben Nations-League wird auch in Afrika und Asien bzw. Australien Fu\u00dfball gespielt, es kommen also einige Begegnungen auf uns zu, also gleich rein in<\/p>\n\n\n\n<hr class=\"wp-block-separator is-style-default\"\/>\n\n\n\n<p><strong><em>Die Ansetzungen vom 5. September 2024 bis zum 9. September 2024 <\/em><\/strong><\/p>\n\n\n\n<p><strong>UEFA Nations-League, Gruppenphase (DAZN\/ZDF)<\/strong><\/p>\n\n\n\n<p><span style=\"text-decoration: underline;\">Donnerstag, 05. September ab 20.45 Uhr (DAZN)<\/span><\/p>\n\n\n\n<p><em><strong>Serbien \u2013 Spanien <\/strong><\/em><br><img loading=\"lazy\" decoding=\"async\" width=\"10\" height=\"21\" class=\"wp-image-3656\" style=\"width: 10px;\" src=\"http:\/\/kommentatorenblog.de\/wp-content\/uploads\/2020\/09\/shure-55sh-ii-e1601485394796.jpg\" alt=\"\" srcset=\"https:\/\/kommentatorenblog.de\/wp-content\/uploads\/2020\/09\/shure-55sh-ii-e1601485394796.jpg 415w, https:\/\/kommentatorenblog.de\/wp-content\/uploads\/2020\/09\/shure-55sh-ii-e1601485394796-142x300.jpg 142w\" sizes=\"auto, (max-width: 10px) 100vw, 10px\" \/> Manuel Angstenberger <\/p>\n\n\n\n<p><em><strong>D\u00e4nemark \u2013 Schweiz <\/strong><\/em><br><img loading=\"lazy\" decoding=\"async\" width=\"10\" height=\"21\" class=\"wp-image-3656\" style=\"width: 10px;\" src=\"http:\/\/kommentatorenblog.de\/wp-content\/uploads\/2020\/09\/shure-55sh-ii-e1601485394796.jpg\" alt=\"\" srcset=\"https:\/\/kommentatorenblog.de\/wp-content\/uploads\/2020\/09\/shure-55sh-ii-e1601485394796.jpg 415w, https:\/\/kommentatorenblog.de\/wp-content\/uploads\/2020\/09\/shure-55sh-ii-e1601485394796-142x300.jpg 142w\" sizes=\"auto, (max-width: 10px) 100vw, 10px\" \/> Nico Seepe<\/p>\n\n\n\n<hr class=\"wp-block-separator is-style-default\"\/>\n\n\n\n<p><span style=\"text-decoration: underline;\">Freitag, 6. September 2024 ab 20.45 Uhr (DAZN)<\/span><\/p>\n\n\n\n<p><em><strong>Frankreich \u2013 Italien <\/strong><\/em><br><img loading=\"lazy\" decoding=\"async\" width=\"10\" height=\"21\" class=\"wp-image-3656\" style=\"width: 10px;\" src=\"http:\/\/kommentatorenblog.de\/wp-content\/uploads\/2020\/09\/shure-55sh-ii-e1601485394796.jpg\" alt=\"\" srcset=\"https:\/\/kommentatorenblog.de\/wp-content\/uploads\/2020\/09\/shure-55sh-ii-e1601485394796.jpg 415w, https:\/\/kommentatorenblog.de\/wp-content\/uploads\/2020\/09\/shure-55sh-ii-e1601485394796-142x300.jpg 142w\" sizes=\"auto, (max-width: 10px) 100vw, 10px\" \/> Mario Rieker<\/p>\n\n\n\n<p><strong><em>Slowenien &#8211; \u00d6sterreich<\/em><\/strong><br><img loading=\"lazy\" decoding=\"async\" width=\"10\" height=\"21\" class=\"wp-image-3656\" style=\"width: 10px;\" src=\"http:\/\/kommentatorenblog.de\/wp-content\/uploads\/2020\/09\/shure-55sh-ii-e1601485394796.jpg\" alt=\"\" srcset=\"https:\/\/kommentatorenblog.de\/wp-content\/uploads\/2020\/09\/shure-55sh-ii-e1601485394796.jpg 415w, https:\/\/kommentatorenblog.de\/wp-content\/uploads\/2020\/09\/shure-55sh-ii-e1601485394796-142x300.jpg 142w\" sizes=\"auto, (max-width: 10px) 100vw, 10px\" \/> Simon Sterzer<\/p>\n\n\n\n<hr class=\"wp-block-separator is-style-default\"\/>\n\n\n\n<p><span style=\"text-decoration: underline;\">Samstag, 7. September 2024 ab 18.00 Uhr (DAZN) <\/span><\/p>\n\n\n\n<p><em><strong>Irland \u2013 England <\/strong><\/em><br><img loading=\"lazy\" decoding=\"async\" width=\"10\" height=\"21\" class=\"wp-image-3656\" style=\"width: 10px;\" src=\"http:\/\/kommentatorenblog.de\/wp-content\/uploads\/2020\/09\/shure-55sh-ii-e1601485394796.jpg\" alt=\"\" srcset=\"https:\/\/kommentatorenblog.de\/wp-content\/uploads\/2020\/09\/shure-55sh-ii-e1601485394796.jpg 415w, https:\/\/kommentatorenblog.de\/wp-content\/uploads\/2020\/09\/shure-55sh-ii-e1601485394796-142x300.jpg 142w\" sizes=\"auto, (max-width: 10px) 100vw, 10px\" \/> Uwe Morawe<\/p>\n\n\n\n<p><span style=\"text-decoration: underline;\">ab 20.15 Uhr (ZDF):<\/span><\/p>\n\n\n\n<p><strong><em>Deutschland &#8211; Ungarn (20.45 Uhr)<\/em><\/strong><br><img loading=\"lazy\" decoding=\"async\" width=\"10\" height=\"21\" class=\"wp-image-3656\" style=\"width: 10px;\" src=\"http:\/\/kommentatorenblog.de\/wp-content\/uploads\/2020\/09\/shure-55sh-ii-e1601485394796.jpg\" alt=\"\" srcset=\"https:\/\/kommentatorenblog.de\/wp-content\/uploads\/2020\/09\/shure-55sh-ii-e1601485394796.jpg 415w, https:\/\/kommentatorenblog.de\/wp-content\/uploads\/2020\/09\/shure-55sh-ii-e1601485394796-142x300.jpg 142w\" sizes=\"auto, (max-width: 10px) 100vw, 10px\" \/> Oliver Schmidt<br>Moderation: Katrin M\u00fcller-Hohenstein, Expert:innen: Friederike Kromp und Christoph Kramer, Field-Reporter:innen: Boris B\u00fcchler und Amelie Stiefvatter<\/p>\n\n\n\n<p><span style=\"text-decoration: underline;\">ab 20.45 Uhr (DAZN):<\/span><\/p>\n\n\n\n<p><em><strong>Niederlande \u2013 Bosnien-Herzegovina<\/strong><\/em><br><img loading=\"lazy\" decoding=\"async\" width=\"10\" height=\"21\" class=\"wp-image-3656\" style=\"width: 10px;\" src=\"http:\/\/kommentatorenblog.de\/wp-content\/uploads\/2020\/09\/shure-55sh-ii-e1601485394796.jpg\" alt=\"\" srcset=\"https:\/\/kommentatorenblog.de\/wp-content\/uploads\/2020\/09\/shure-55sh-ii-e1601485394796.jpg 415w, https:\/\/kommentatorenblog.de\/wp-content\/uploads\/2020\/09\/shure-55sh-ii-e1601485394796-142x300.jpg 142w\" sizes=\"auto, (max-width: 10px) 100vw, 10px\" \/> Tobi Fischbeck<\/p>\n\n\n\n<hr class=\"wp-block-separator is-style-default\"\/>\n\n\n\n<p><span style=\"text-decoration: underline;\">Sonntag, 8. September 2024 ab 20.45:<\/span><\/p>\n\n\n\n<p><strong><em>Schweiz \u2013 Spanien <\/em><\/strong><br><img loading=\"lazy\" decoding=\"async\" width=\"10\" height=\"21\" class=\"wp-image-3656\" style=\"width: 10px;\" src=\"http:\/\/kommentatorenblog.de\/wp-content\/uploads\/2020\/09\/shure-55sh-ii-e1601485394796.jpg\" alt=\"\" srcset=\"https:\/\/kommentatorenblog.de\/wp-content\/uploads\/2020\/09\/shure-55sh-ii-e1601485394796.jpg 415w, https:\/\/kommentatorenblog.de\/wp-content\/uploads\/2020\/09\/shure-55sh-ii-e1601485394796-142x300.jpg 142w\" sizes=\"auto, (max-width: 10px) 100vw, 10px\" \/> Oliver Fa\u00dfnacht<\/p>\n\n\n\n<hr class=\"wp-block-separator is-style-default\"\/>\n\n\n\n<p><span style=\"text-decoration: underline;\">Montag, 9. September 2024 (ab 20.45 Uhr):<\/span><\/p>\n\n\n\n<p><em><strong>Israel \u2013 Italien <\/strong><\/em><br><img loading=\"lazy\" decoding=\"async\" width=\"10\" height=\"21\" class=\"wp-image-3656\" style=\"width: 10px;\" src=\"http:\/\/kommentatorenblog.de\/wp-content\/uploads\/2020\/09\/shure-55sh-ii-e1601485394796.jpg\" alt=\"\" srcset=\"https:\/\/kommentatorenblog.de\/wp-content\/uploads\/2020\/09\/shure-55sh-ii-e1601485394796.jpg 415w, https:\/\/kommentatorenblog.de\/wp-content\/uploads\/2020\/09\/shure-55sh-ii-e1601485394796-142x300.jpg 142w\" sizes=\"auto, (max-width: 10px) 100vw, 10px\" \/> Carsten Fu\u00df <\/p>\n\n\n\n<p><em><strong>Frankreich \u2013 Belgien <\/strong><\/em><br><img loading=\"lazy\" decoding=\"async\" width=\"10\" height=\"21\" class=\"wp-image-3656\" style=\"width: 10px;\" src=\"http:\/\/kommentatorenblog.de\/wp-content\/uploads\/2020\/09\/shure-55sh-ii-e1601485394796.jpg\" alt=\"\" srcset=\"https:\/\/kommentatorenblog.de\/wp-content\/uploads\/2020\/09\/shure-55sh-ii-e1601485394796.jpg 415w, https:\/\/kommentatorenblog.de\/wp-content\/uploads\/2020\/09\/shure-55sh-ii-e1601485394796-142x300.jpg 142w\" sizes=\"auto, (max-width: 10px) 100vw, 10px\" \/> Stefan Galler<\/p>\n\n\n\n<p><strong><em>Norwegen &#8211; \u00d6sterreich<\/em><\/strong><br><img loading=\"lazy\" decoding=\"async\" width=\"10\" height=\"21\" class=\"wp-image-3656\" style=\"width: 10px;\" src=\"http:\/\/kommentatorenblog.de\/wp-content\/uploads\/2020\/09\/shure-55sh-ii-e1601485394796.jpg\" alt=\"\" srcset=\"https:\/\/kommentatorenblog.de\/wp-content\/uploads\/2020\/09\/shure-55sh-ii-e1601485394796.jpg 415w, https:\/\/kommentatorenblog.de\/wp-content\/uploads\/2020\/09\/shure-55sh-ii-e1601485394796-142x300.jpg 142w\" sizes=\"auto, (max-width: 10px) 100vw, 10px\" \/> Max Gross<\/p>\n\n\n\n<hr class=\"wp-block-separator is-style-default\"\/>\n\n\n\n<p><strong>AFC Asian WM-Qualifikation 2026, 1. Spieltag (Sportdigital)<\/strong><\/p>\n\n\n\n<p><span style=\"text-decoration: underline;\">Donnerstag, 5. September 2024 ab 12.10 Uhr: <\/span><\/p>\n\n\n\n<p><em><strong>Australien \u2013 Bahrain <\/strong><\/em><br><img loading=\"lazy\" decoding=\"async\" width=\"10\" height=\"21\" class=\"wp-image-3656\" style=\"width: 10px;\" src=\"http:\/\/kommentatorenblog.de\/wp-content\/uploads\/2020\/09\/shure-55sh-ii-e1601485394796.jpg\" alt=\"\" srcset=\"https:\/\/kommentatorenblog.de\/wp-content\/uploads\/2020\/09\/shure-55sh-ii-e1601485394796.jpg 415w, https:\/\/kommentatorenblog.de\/wp-content\/uploads\/2020\/09\/shure-55sh-ii-e1601485394796-142x300.jpg 142w\" sizes=\"auto, (max-width: 10px) 100vw, 10px\" \/> Jakob Vogel <\/p>\n\n\n\n<p><span style=\"text-decoration: underline;\">ab 12.35 Uhr:<\/span><\/p>\n\n\n\n<p><em><strong>Japan \u2013 China <\/strong><\/em><br><img loading=\"lazy\" decoding=\"async\" width=\"10\" height=\"21\" class=\"wp-image-3656\" style=\"width: 10px;\" src=\"http:\/\/kommentatorenblog.de\/wp-content\/uploads\/2020\/09\/shure-55sh-ii-e1601485394796.jpg\" alt=\"\" srcset=\"https:\/\/kommentatorenblog.de\/wp-content\/uploads\/2020\/09\/shure-55sh-ii-e1601485394796.jpg 415w, https:\/\/kommentatorenblog.de\/wp-content\/uploads\/2020\/09\/shure-55sh-ii-e1601485394796-142x300.jpg 142w\" sizes=\"auto, (max-width: 10px) 100vw, 10px\" \/> Moritz Knorr <\/p>\n\n\n\n<hr class=\"wp-block-separator is-style-default\"\/>\n\n\n\n<p><strong>Afrika-Cup Qualifikation 2025, 1. Spieltag (Sportdigital)<\/strong><\/p>\n\n\n\n<p><span style=\"text-decoration: underline;\">Mittwoch, 04. September 2024 ab 18.00 Uhr:<\/span><\/p>\n\n\n\n<p><strong><em>Komoren &#8211; Gambia<\/em><\/strong><br><img loading=\"lazy\" decoding=\"async\" width=\"10\" height=\"21\" class=\"wp-image-3656\" style=\"width: 10px;\" src=\"http:\/\/kommentatorenblog.de\/wp-content\/uploads\/2020\/09\/shure-55sh-ii-e1601485394796.jpg\" alt=\"\" srcset=\"https:\/\/kommentatorenblog.de\/wp-content\/uploads\/2020\/09\/shure-55sh-ii-e1601485394796.jpg 415w, https:\/\/kommentatorenblog.de\/wp-content\/uploads\/2020\/09\/shure-55sh-ii-e1601485394796-142x300.jpg 142w\" sizes=\"auto, (max-width: 10px) 100vw, 10px\" \/> Jonathan Dreier<\/p>\n\n\n\n<p><span style=\"text-decoration: underline;\">Donnerstag, 5. September 2024 ab 18.00 Uhr:<\/span><\/p>\n\n\n\n<p><em><strong>Ghana \u2013 Angola <\/strong><\/em><br><img loading=\"lazy\" decoding=\"async\" width=\"10\" height=\"21\" class=\"wp-image-3656\" style=\"width: 10px;\" src=\"http:\/\/kommentatorenblog.de\/wp-content\/uploads\/2020\/09\/shure-55sh-ii-e1601485394796.jpg\" alt=\"\" srcset=\"https:\/\/kommentatorenblog.de\/wp-content\/uploads\/2020\/09\/shure-55sh-ii-e1601485394796.jpg 415w, https:\/\/kommentatorenblog.de\/wp-content\/uploads\/2020\/09\/shure-55sh-ii-e1601485394796-142x300.jpg 142w\" sizes=\"auto, (max-width: 10px) 100vw, 10px\" \/> Marvin Kirsch<\/p>\n\n\n\n<p><span style=\"text-decoration: underline;\">ab 21.00 Uhr: <\/span><\/p>\n\n\n\n<p><em><strong>Algerien \u2013 \u00c4quatorialguinea <\/strong><\/em><br><img loading=\"lazy\" decoding=\"async\" width=\"10\" height=\"21\" class=\"wp-image-3656\" style=\"width: 10px;\" src=\"http:\/\/kommentatorenblog.de\/wp-content\/uploads\/2020\/09\/shure-55sh-ii-e1601485394796.jpg\" alt=\"\" srcset=\"https:\/\/kommentatorenblog.de\/wp-content\/uploads\/2020\/09\/shure-55sh-ii-e1601485394796.jpg 415w, https:\/\/kommentatorenblog.de\/wp-content\/uploads\/2020\/09\/shure-55sh-ii-e1601485394796-142x300.jpg 142w\" sizes=\"auto, (max-width: 10px) 100vw, 10px\" \/> Karsten Linke<\/p>\n\n\n\n<p><span style=\"text-decoration: underline;\">Freitag, 6. September 2024 ab 18.00 Uhr <\/span><\/p>\n\n\n\n<p><em><strong>DR Kongo \u2013 Guinea <\/strong><\/em><br><img loading=\"lazy\" decoding=\"async\" width=\"10\" height=\"21\" class=\"wp-image-3656\" style=\"width: 10px;\" src=\"http:\/\/kommentatorenblog.de\/wp-content\/uploads\/2020\/09\/shure-55sh-ii-e1601485394796.jpg\" alt=\"\" srcset=\"https:\/\/kommentatorenblog.de\/wp-content\/uploads\/2020\/09\/shure-55sh-ii-e1601485394796.jpg 415w, https:\/\/kommentatorenblog.de\/wp-content\/uploads\/2020\/09\/shure-55sh-ii-e1601485394796-142x300.jpg 142w\" sizes=\"auto, (max-width: 10px) 100vw, 10px\" \/> <s>Manuel Meyer<\/s> Christian Blunck<\/p>\n\n\n\n<p><span style=\"text-decoration: underline;\">ab 21.00 Uhr:<\/span><\/p>\n\n\n\n<p><em><strong>Senegal \u2013 Burkina Faso <\/strong><\/em><br><img loading=\"lazy\" decoding=\"async\" width=\"10\" height=\"21\" class=\"wp-image-3656\" style=\"width: 10px;\" src=\"http:\/\/kommentatorenblog.de\/wp-content\/uploads\/2020\/09\/shure-55sh-ii-e1601485394796.jpg\" alt=\"\" srcset=\"https:\/\/kommentatorenblog.de\/wp-content\/uploads\/2020\/09\/shure-55sh-ii-e1601485394796.jpg 415w, https:\/\/kommentatorenblog.de\/wp-content\/uploads\/2020\/09\/shure-55sh-ii-e1601485394796-142x300.jpg 142w\" sizes=\"auto, (max-width: 10px) 100vw, 10px\" \/> <s>Christian Blunck<\/s> Manuel Meyer<\/p>\n\n\n\n<p><strong>2. Spieltag<\/strong><\/p>\n\n\n\n<p><span style=\"text-decoration: underline;\">Samstag, 7. September 2024 ab 18.00 Uhr:<\/span><\/p>\n\n\n\n<p><em><strong>Nigeria \u2013 Benin <\/strong><\/em><br><img loading=\"lazy\" decoding=\"async\" width=\"10\" height=\"21\" class=\"wp-image-3656\" style=\"width: 10px;\" src=\"http:\/\/kommentatorenblog.de\/wp-content\/uploads\/2020\/09\/shure-55sh-ii-e1601485394796.jpg\" alt=\"\" srcset=\"https:\/\/kommentatorenblog.de\/wp-content\/uploads\/2020\/09\/shure-55sh-ii-e1601485394796.jpg 415w, https:\/\/kommentatorenblog.de\/wp-content\/uploads\/2020\/09\/shure-55sh-ii-e1601485394796-142x300.jpg 142w\" sizes=\"auto, (max-width: 10px) 100vw, 10px\" \/> J\u00f6rg Steiger<\/p>\n\n\n\n<p><span style=\"text-decoration: underline;\">Sonntag, 8. September 2024 ab 18.00 Uhr: <\/span><\/p>\n\n\n\n<p><em><strong>Gambia \u2013 Tunesien <\/strong><\/em><br><img loading=\"lazy\" decoding=\"async\" width=\"10\" height=\"21\" class=\"wp-image-3656\" style=\"width: 10px;\" src=\"http:\/\/kommentatorenblog.de\/wp-content\/uploads\/2020\/09\/shure-55sh-ii-e1601485394796.jpg\" alt=\"\" srcset=\"https:\/\/kommentatorenblog.de\/wp-content\/uploads\/2020\/09\/shure-55sh-ii-e1601485394796.jpg 415w, https:\/\/kommentatorenblog.de\/wp-content\/uploads\/2020\/09\/shure-55sh-ii-e1601485394796-142x300.jpg 142w\" sizes=\"auto, (max-width: 10px) 100vw, 10px\" \/> Ulf Kahmke<\/p>\n\n\n\n<p><span style=\"text-decoration: underline;\">Montag, 9. September 2024 ab 18.00 Uhr: <\/span><\/p>\n\n\n\n<p><em><strong>Niger \u2013 Ghana <\/strong><\/em><br><img loading=\"lazy\" decoding=\"async\" width=\"10\" height=\"21\" class=\"wp-image-3656\" style=\"width: 10px;\" src=\"http:\/\/kommentatorenblog.de\/wp-content\/uploads\/2020\/09\/shure-55sh-ii-e1601485394796.jpg\" alt=\"\" srcset=\"https:\/\/kommentatorenblog.de\/wp-content\/uploads\/2020\/09\/shure-55sh-ii-e1601485394796.jpg 415w, https:\/\/kommentatorenblog.de\/wp-content\/uploads\/2020\/09\/shure-55sh-ii-e1601485394796-142x300.jpg 142w\" sizes=\"auto, (max-width: 10px) 100vw, 10px\" \/> Marvin Kirsch <\/p>\n\n\n\n<p><span style=\"text-decoration: underline;\">ab 21.00 Uhr:<\/span><\/p>\n\n\n\n<p><em><strong>Lesotho \u2013 Marokko <\/strong><\/em><br><img loading=\"lazy\" decoding=\"async\" width=\"10\" height=\"21\" class=\"wp-image-3656\" style=\"width: 10px;\" src=\"http:\/\/kommentatorenblog.de\/wp-content\/uploads\/2020\/09\/shure-55sh-ii-e1601485394796.jpg\" alt=\"\" srcset=\"https:\/\/kommentatorenblog.de\/wp-content\/uploads\/2020\/09\/shure-55sh-ii-e1601485394796.jpg 415w, https:\/\/kommentatorenblog.de\/wp-content\/uploads\/2020\/09\/shure-55sh-ii-e1601485394796-142x300.jpg 142w\" sizes=\"auto, (max-width: 10px) 100vw, 10px\" \/> Max Giesen<\/p>\n\n\n\n<hr class=\"wp-block-separator\"\/>\n\n\n\n<p><strong>U21-EM-Qualifikation (ProSieben MAXX)<\/strong><\/p>\n\n\n\n<p><span style=\"text-decoration: underline;\">Mittwoch, 4. September, ab 17.30 Uhr:<\/span><\/p>\n\n\n\n<p><strong><em>Israel U21 &#8211; Deutschland U21<\/em><\/strong> <strong><em>(18.00 Uhr)<\/em><\/strong><br><img loading=\"lazy\" decoding=\"async\" width=\"10\" height=\"21\" class=\"wp-image-3656\" style=\"width: 10px;\" src=\"http:\/\/kommentatorenblog.de\/wp-content\/uploads\/2020\/09\/shure-55sh-ii-e1601485394796.jpg\" alt=\"\" srcset=\"https:\/\/kommentatorenblog.de\/wp-content\/uploads\/2020\/09\/shure-55sh-ii-e1601485394796.jpg 415w, https:\/\/kommentatorenblog.de\/wp-content\/uploads\/2020\/09\/shure-55sh-ii-e1601485394796-142x300.jpg 142w\" sizes=\"auto, (max-width: 10px) 100vw, 10px\" \/> Franz B\u00fcchner, Experte: Markus Babbel<br>Moderation: Matthias Opdenh\u00f6vel, Field-Reporter: Bent Mildner<\/p>\n\n\n\n<hr class=\"wp-block-separator is-style-default\"\/>\n\n\n\n<p><strong>Regionalliga Bayern, 8. Spieltag (BR)<\/strong><\/p>\n\n\n\n<p><span style=\"text-decoration: underline;\">Samstag, 7. September 2024 ab 14.00 Uhr:<\/span><\/p>\n\n\n\n<p><em><strong>W\u00fcrzburger Kickers \u2013 SpVgg Bayreuth <\/strong><\/em><br><img loading=\"lazy\" decoding=\"async\" width=\"10\" height=\"21\" class=\"wp-image-3656\" style=\"width: 10px;\" src=\"http:\/\/kommentatorenblog.de\/wp-content\/uploads\/2020\/09\/shure-55sh-ii-e1601485394796.jpg\" alt=\"\" srcset=\"https:\/\/kommentatorenblog.de\/wp-content\/uploads\/2020\/09\/shure-55sh-ii-e1601485394796.jpg 415w, https:\/\/kommentatorenblog.de\/wp-content\/uploads\/2020\/09\/shure-55sh-ii-e1601485394796-142x300.jpg 142w\" sizes=\"auto, (max-width: 10px) 100vw, 10px\" \/> Lukas Sch\u00f6nm\u00fcller<br>Moderation: Markus Othmer<\/p>\n\n\n\n<hr class=\"wp-block-separator\"\/>\n\n\n\n<p><strong>Regionalliga West, 4. Spieltag, Nachholspiel (Sporttotal)<\/strong><\/p>\n\n\n\n<p><span style=\"text-decoration: underline;\">Samstag, 7. September 2024 ab 13.50 Uhr:<\/span><\/p>\n\n\n\n<p><strong><em>Sportfreunde Lotte &#8211; Rot-Wei\u00df Oberhausen (14.00 Uhr)<\/em><\/strong><br><img loading=\"lazy\" decoding=\"async\" width=\"10\" height=\"21\" class=\"wp-image-3656\" style=\"width: 10px;\" src=\"http:\/\/kommentatorenblog.de\/wp-content\/uploads\/2020\/09\/shure-55sh-ii-e1601485394796.jpg\" alt=\"\" srcset=\"https:\/\/kommentatorenblog.de\/wp-content\/uploads\/2020\/09\/shure-55sh-ii-e1601485394796.jpg 415w, https:\/\/kommentatorenblog.de\/wp-content\/uploads\/2020\/09\/shure-55sh-ii-e1601485394796-142x300.jpg 142w\" sizes=\"auto, (max-width: 10px) 100vw, 10px\" \/> Hendrik Scheler<\/p>\n\n\n\n<hr class=\"wp-block-separator is-style-default\"\/>\n\n\n\n<p><strong>Landespokal Brandenburg, 2. Runde (rbb24-Stream)<\/strong><\/p>\n\n\n\n<p><span style=\"text-decoration: underline;\">Freitag, 6. September 2024 ab 19.00 Uhr:<\/span><\/p>\n\n\n\n<p><em><strong>Babelsberg 03 \u2013 Energie Cottbus <\/strong><\/em><br><img loading=\"lazy\" decoding=\"async\" width=\"10\" height=\"21\" class=\"wp-image-3656\" style=\"width: 10px;\" src=\"http:\/\/kommentatorenblog.de\/wp-content\/uploads\/2020\/09\/shure-55sh-ii-e1601485394796.jpg\" alt=\"\" srcset=\"https:\/\/kommentatorenblog.de\/wp-content\/uploads\/2020\/09\/shure-55sh-ii-e1601485394796.jpg 415w, https:\/\/kommentatorenblog.de\/wp-content\/uploads\/2020\/09\/shure-55sh-ii-e1601485394796-142x300.jpg 142w\" sizes=\"auto, (max-width: 10px) 100vw, 10px\" \/> Philipp H\u00f6ppner<\/p>\n\n\n\n<hr class=\"wp-block-separator\"\/>\n\n\n\n<p><strong>Sachsenpokal, 2. Runde (OSTSPORT.TV)<\/strong><\/p>\n\n\n\n<p><span style=\"text-decoration: underline;\">Samstag, 7. September 2024, ab 13.55 Uhr:<\/span><\/p>\n\n\n\n<p><em><strong>FC Grimma \u2013 VFC Plauen<\/strong><\/em><strong><em> (14.00 Uhr)<\/em><\/strong><br><img loading=\"lazy\" decoding=\"async\" width=\"10\" height=\"21\" class=\"wp-image-3656\" style=\"width: 10px;\" src=\"http:\/\/kommentatorenblog.de\/wp-content\/uploads\/2020\/09\/shure-55sh-ii-e1601485394796.jpg\" alt=\"\" srcset=\"https:\/\/kommentatorenblog.de\/wp-content\/uploads\/2020\/09\/shure-55sh-ii-e1601485394796.jpg 415w, https:\/\/kommentatorenblog.de\/wp-content\/uploads\/2020\/09\/shure-55sh-ii-e1601485394796-142x300.jpg 142w\" sizes=\"auto, (max-width: 10px) 100vw, 10px\" \/> Christian R\u00fcdiger<\/p>\n\n\n\n<hr class=\"wp-block-separator\"\/>\n\n\n\n<p><strong>DFB-Pokal der Frauen, 2. Runde (Sky)<\/strong><\/p>\n\n\n\n<p><span style=\"text-decoration: underline;\">Sonntag, 8. September 2024 ab 15.45 Uhr:<\/span><\/p>\n\n\n\n<p><strong><em>1. FC Union Berlin &#8211; RB Leipzig (16.00 Uhr)<\/em><\/strong><br><img loading=\"lazy\" decoding=\"async\" width=\"10\" height=\"21\" class=\"wp-image-3656\" style=\"width: 10px;\" src=\"http:\/\/kommentatorenblog.de\/wp-content\/uploads\/2020\/09\/shure-55sh-ii-e1601485394796.jpg\" alt=\"\" srcset=\"https:\/\/kommentatorenblog.de\/wp-content\/uploads\/2020\/09\/shure-55sh-ii-e1601485394796.jpg 415w, https:\/\/kommentatorenblog.de\/wp-content\/uploads\/2020\/09\/shure-55sh-ii-e1601485394796-142x300.jpg 142w\" sizes=\"auto, (max-width: 10px) 100vw, 10px\" \/> Timo Sch\u00e4fers, Expertin: Rachel Rinast<br>Moderation: Jens Westen<\/p>\n\n\n\n<hr class=\"wp-block-separator is-style-default\"\/>\n\n\n\n<p><strong>Abschiedsspiel (skysportnews\/skysport.de)<\/strong><\/p>\n\n\n\n<p><span style=\"text-decoration: underline;\">Samstag 7. September 2024 ab 16.55 Uhr:<\/span><\/p>\n\n\n\n<p><em><strong>Team Piszczek \u2013 Team Blaszczykowski (17.00 Uhr)<\/strong><\/em><br><img loading=\"lazy\" decoding=\"async\" width=\"10\" height=\"21\" class=\"wp-image-3656\" style=\"width: 10px;\" src=\"http:\/\/kommentatorenblog.de\/wp-content\/uploads\/2020\/09\/shure-55sh-ii-e1601485394796.jpg\" alt=\"\" srcset=\"https:\/\/kommentatorenblog.de\/wp-content\/uploads\/2020\/09\/shure-55sh-ii-e1601485394796.jpg 415w, https:\/\/kommentatorenblog.de\/wp-content\/uploads\/2020\/09\/shure-55sh-ii-e1601485394796-142x300.jpg 142w\" sizes=\"auto, (max-width: 10px) 100vw, 10px\" \/> Martin Weinberger<br>Moderation: Marlon Irlbacher<\/p>\n\n\n\n<hr class=\"wp-block-separator\"\/>\n\n\n\n<p><strong>Testspiele (Sky\/skysport.de)<\/strong><\/p>\n\n\n\n<p><span style=\"text-decoration: underline;\">Mittwoch, 4. September 2024, ab 17.55 Uhr:<\/span><\/p>\n\n\n\n<p><strong><em>FC Schalke 04 &#8211; NAC Breda (18.00 Uhr)<\/em><\/strong><br><img loading=\"lazy\" decoding=\"async\" width=\"10\" height=\"21\" class=\"wp-image-3656\" style=\"width: 10px;\" src=\"http:\/\/kommentatorenblog.de\/wp-content\/uploads\/2020\/09\/shure-55sh-ii-e1601485394796.jpg\" alt=\"\" srcset=\"https:\/\/kommentatorenblog.de\/wp-content\/uploads\/2020\/09\/shure-55sh-ii-e1601485394796.jpg 415w, https:\/\/kommentatorenblog.de\/wp-content\/uploads\/2020\/09\/shure-55sh-ii-e1601485394796-142x300.jpg 142w\" sizes=\"auto, (max-width: 10px) 100vw, 10px\" \/> Martin Weinberger<br>Moderation: Farina Fichtner-Zenker<\/p>\n\n\n\n<p><span style=\"text-decoration: underline;\">Donnerstag, 5. September 2024 ab 14.55 Uhr:<\/span><\/p>\n\n\n\n<p><strong><em>VfB Stuttgart &#8211; 1. FC Kaiserslautern (15.00 Uhr)<\/em><\/strong><br><img loading=\"lazy\" decoding=\"async\" width=\"10\" height=\"21\" class=\"wp-image-3656\" style=\"width: 10px;\" src=\"http:\/\/kommentatorenblog.de\/wp-content\/uploads\/2020\/09\/shure-55sh-ii-e1601485394796.jpg\" alt=\"\" srcset=\"https:\/\/kommentatorenblog.de\/wp-content\/uploads\/2020\/09\/shure-55sh-ii-e1601485394796.jpg 415w, https:\/\/kommentatorenblog.de\/wp-content\/uploads\/2020\/09\/shure-55sh-ii-e1601485394796-142x300.jpg 142w\" sizes=\"auto, (max-width: 10px) 100vw, 10px\" \/> Martin Weinberger<br>Moderation: Dennis Bayer<\/p>\n\n\n\n<hr class=\"wp-block-separator\"\/>\n\n\n\n<p><strong>Porsche Fu\u00dfball Cup 2024, Finale (SPORT1)<\/strong><\/p>\n\n\n\n<p><span style=\"text-decoration: underline;\">Sonntag, 8. September 2024, ab 13.00 Uhr:<\/span><\/p>\n\n\n\n<p><em><strong>Borussia M\u00f6nchengladbach U15 &#8211; FC Barcelona U15<\/strong><\/em><br><img loading=\"lazy\" decoding=\"async\" width=\"10\" height=\"21\" class=\"wp-image-3656\" style=\"width: 10px;\" src=\"http:\/\/kommentatorenblog.de\/wp-content\/uploads\/2020\/09\/shure-55sh-ii-e1601485394796.jpg\" alt=\"\" srcset=\"https:\/\/kommentatorenblog.de\/wp-content\/uploads\/2020\/09\/shure-55sh-ii-e1601485394796.jpg 415w, https:\/\/kommentatorenblog.de\/wp-content\/uploads\/2020\/09\/shure-55sh-ii-e1601485394796-142x300.jpg 142w\" sizes=\"auto, (max-width: 10px) 100vw, 10px\" \/> Oliver Forster<\/p>\n\n\n\n<hr class=\"wp-block-separator is-style-default\"\/>\n\n\n\n<p><strong><em>Die Analyse: <\/em><\/strong><\/p>\n\n\n\n<p>Oliver Schmidt k\u00fcmmert sich zur besten Sendezeit um das Spiel der DFB-Elf, M\u00fcller-Hohenstein moderiert. Bei DAZN kommt standesgem\u00e4\u00dfes Personal bei den jeweiligen Nations-League-Ansetzungen zum Einsatz. Carsten Fu\u00df ist endlich auch wieder einmal zu h\u00f6ren, klar k\u00fcmmert er sich um die Squadra Azzurra. Auch Tobi Fischbeck ist seit l\u00e4ngerer Zeit, zumindest soweit ich mich erinnere, mal wieder am DAZN Mikro zugegen, er schaut, was die Niederlande gegen Bosnien-Herzegovina so zustande bringen kann. Stefan Galler auch klar bei Frankreich vs. Belgien. Ein bisschen wundert es mich, dass DAZN keinen deutschen Kommentar f\u00fcr die Begegnungen Portugal &#8211; Kroatien und Kroatien &#8211; Polen angesetzt hat, sicher auch interessante Spiele. Alle weiteren Spiele gibt es nat\u00fcrlich im World-Feed zu sehen. In \u00d6sterreich kommentiert Matthias Naebers das Spiel Deutschland &#8211; Ungarn, in wieweit es ein Re-live gibt, entzieht sich meiner Kenntnis. <\/p>\n\n\n\n<p>Auch SportdigitalFUSSBALL hat mit der WM-Quali und der Qualifikation f\u00fcr den Afrika-Cup einige interessante Partien im K\u00f6cher, sodass uns in der L\u00e4nderspielpause eigentlich nicht langweilig werden sollte. <\/p>\n\n\n\n<p>Sobald wir mehr \u00fcber die fehlenden Kommentatorenansetzungen wissen, werden wir sie wie immer erg\u00e4nzen. Habt eine gute Woche! <\/p>\n\n\n\n<p><\/p>\n\n\n\n<p><\/p>\n\n\n\n<p><\/p>\n","protected":false},"excerpt":{"rendered":"<p>N&#8217;Abend Allerseits! Die EM ist Geschichte und der L\u00e4nderspielbetrieb geht nun wie gewohnt in der Nations-League weiter. F\u00fcr das deutsche Team bedeutet das einen nicht gerade geringf\u00fcgigen Umbruch. Neben Toni Kroos, Kapit\u00e4n Ilkay G\u00fcndogan und Dauerbrenner Thomas M\u00fcller m\u00fcssen wir uns auch daran gew\u00f6hnen, dass Manuel Neuer k\u00fcnftig nicht mehr das Nationaltor h\u00fcten wird. Dementsprechend [&hellip;]<\/p>\n","protected":false},"author":13,"featured_media":0,"comment_status":"open","ping_status":"open","sticky":false,"template":"","format":"standard","meta":{"footnotes":""},"categories":[429,426],"tags":[685,920,1058,240,178,131,57,1066,544,13,959,1234,120,1140,977,405,213,58,59,50,205,834,597,587,250,722,71,581,223,101,1037,283,715,191,665,183,109,1041,1235,137,966,312,696,22,336,66,134,985,154,838,152,402,149,37],"class_list":["post-18971","post","type-post","status-publish","format-standard","hentry","category-diverses","category-laenderspiele","tag-afrika-cup","tag-amelie-stiefvatter","tag-bent-mildner","tag-boris-buechler","tag-br","tag-carsten-fuss","tag-christian-blunck","tag-christian-ruediger","tag-christoph-kramer","tag-dazn","tag-dennis-bayer","tag-farina-fichtner-zenker","tag-franz-buechner","tag-friederike-kromp","tag-hendrik-scheler","tag-jakob-vogel","tag-jens-westen","tag-joerg-steiger","tag-karsten-linke","tag-katrin-mueller-hohenstein","tag-lukas-schoenmueller","tag-manuel-angstenberger","tag-manuel-meyer","tag-markus-babbel","tag-markus-othmer","tag-marlon-irlbacher","tag-martin-weinberger","tag-marvin-kirsch","tag-matthias-naebers","tag-matthias-opdenhoevel","tag-max-giesen","tag-max-gross","tag-moritz-knorr","tag-nico-seepe","tag-oliver-fassnacht-2","tag-oliver-forster","tag-oliver-schmidt","tag-ostsport-tv","tag-philipp-hoeppner","tag-prosieben-maxx","tag-rachel-rinast","tag-rbb","tag-simon-sterzer","tag-sky","tag-sky-sport-news","tag-sport1","tag-sportdigital-fussball","tag-sporttotal","tag-stefan-galler","tag-timo-schaefers","tag-tobi-fischbeck","tag-ulf-kahmke","tag-uwe-morawe","tag-zdf"],"_links":{"self":[{"href":"https:\/\/kommentatorenblog.de\/index.php?rest_route=\/wp\/v2\/posts\/18971","targetHints":{"allow":["GET"]}}],"collection":[{"href":"https:\/\/kommentatorenblog.de\/index.php?rest_route=\/wp\/v2\/posts"}],"about":[{"href":"https:\/\/kommentatorenblog.de\/index.php?rest_route=\/wp\/v2\/types\/post"}],"author":[{"embeddable":true,"href":"https:\/\/kommentatorenblog.de\/index.php?rest_route=\/wp\/v2\/users\/13"}],"replies":[{"embeddable":true,"href":"https:\/\/kommentatorenblog.de\/index.php?rest_route=%2Fwp%2Fv2%2Fcomments&post=18971"}],"version-history":[{"count":19,"href":"https:\/\/kommentatorenblog.de\/index.php?rest_route=\/wp\/v2\/posts\/18971\/revisions"}],"predecessor-version":[{"id":19016,"href":"https:\/\/kommentatorenblog.de\/index.php?rest_route=\/wp\/v2\/posts\/18971\/revisions\/19016"}],"wp:attachment":[{"href":"https:\/\/kommentatorenblog.de\/index.php?rest_route=%2Fwp%2Fv2%2Fmedia&parent=18971"}],"wp:term":[{"taxonomy":"category","embeddable":true,"href":"https:\/\/kommentatorenblog.de\/index.php?rest_route=%2Fwp%2Fv2%2Fcategories&post=18971"},{"taxonomy":"post_tag","embeddable":true,"href":"https:\/\/kommentatorenblog.de\/index.php?rest_route=%2Fwp%2Fv2%2Ftags&post=18971"}],"curies":[{"name":"wp","href":"https:\/\/api.w.org\/{rel}","templated":true}]}}