{"id":18996,"date":"2024-09-16T14:23:31","date_gmt":"2024-09-16T12:23:31","guid":{"rendered":"https:\/\/kommentatorenblog.de\/?p=18996"},"modified":"2025-08-28T15:54:58","modified_gmt":"2025-08-28T14:54:58","slug":"1451-europas-koenige-in-einer-liga","status":"publish","type":"post","link":"https:\/\/kommentatorenblog.de\/?p=18996","title":{"rendered":"1451 &#8211; Europas K\u00f6nige in einer Liga"},"content":{"rendered":"\n<p>N&#8217;Abend allerseits,<\/p>\n\n\n\n<p>wir gehen in eine neue Saison europ\u00e4ischen Spitzenfu\u00dfballs &#8211; mit grundlegenden Ver\u00e4nderungen: Anstelle der Gruppenphase treten Europas K\u00f6nige und andere Schwergewichte nun in einer einzigen Liga mit 36 Mannschaften (vier mehr) an. Jedes Team spielt acht Partien &#8211; vier heim und vier ausw\u00e4rts &#8211; gegen unterschiedliche Gegner (je 2 aus jedem Lostopf), die nach dem sogenannten &#8222;Schweizer Modell&#8220; ausgew\u00e4hlt wurden. In dieser Liga kommen die ersten 8 direkt weiter, die Pl\u00e4tze 9 bis 24 spielen in Playoffs die weiteren Achtelfinalteilnehmer aus, alle anderen sind direkt raus. <\/p>\n\n\n\n<p>Aus meiner Sicht kann der Wettbewerb in der ersten Phase dadurch nur besser und spannender werden, insbesondere weil nun die ersten 8 Pl\u00e4tze sehr knapp und sehr begehrt sein werden und wir &#8222;fr\u00fcher&#8220; durchaus sehr langweilige Gruppen hatten. Au\u00dferdem bekommen wir in der Ligaphase gleich richtige Kracher serviert!<\/p>\n\n\n\n<p>Mehr Spiele bedeuten nat\u00fcrlich auch mehr \u00dcbertragungen &#8211; und auch mehr \u00dcbertragungstage, da diese Woche erstmals ein regul\u00e4rer CL-Spieltag auf einen Donnerstag f\u00e4llt (und die Europa League daf\u00fcr erst n\u00e4chste Woche startet). Davon profitiert in Deutschland in erster Linie DAZN. Der Streaming-Anbieter bleibt auch f\u00fcr diese Rechteperiode bekanntlich die Heimat der Champions League. 17 von 18 Partien pro Spieltag zeigt DAZN in der Gruppenphase (au\u00dfer am letzten Ligaspieltag, wo man all 18 zeigt). Eine Partie am Dienstag bleibt mit dem First Pick bei Prime Video, das ZDF zeigt wieder die Highlights im Free-TV. <\/p>\n\n\n\n<p>Mehr zur neuen CL besprechen unsere Freunde von Screentime Sport in der neuen Podcast-Folge (ab 15:06):<\/p>\n\n\n\n<figure class=\"wp-block-embed is-type-rich is-provider-spotify wp-block-embed-spotify wp-embed-aspect-21-9 wp-has-aspect-ratio\"><div class=\"wp-block-embed__wrapper\">\n<iframe title=\"Spotify Embed: Sport-Mekka \u00d6sterreich\" style=\"border-radius: 12px\" width=\"100%\" height=\"152\" frameborder=\"0\" allowfullscreen allow=\"autoplay; clipboard-write; encrypted-media; fullscreen; picture-in-picture\" loading=\"lazy\" src=\"https:\/\/open.spotify.com\/embed\/episode\/096xC8VehUbXLyIXjvu0SR?utm_source=oembed\"><\/iframe>\n<\/div><\/figure>\n\n\n\n<h5 class=\"wp-block-heading\"><strong>Die Ansetzungen vom 17. September 2024 bis 19. September 2024<\/strong><\/h5>\n\n\n\n<hr class=\"wp-block-separator is-style-default\"\/>\n\n\n\n<p><strong>UEFA Champions League, Ligaphase, 1. Spieltag (DAZN\/Prime Video)<\/strong><\/p>\n\n\n\n<p><span style=\"text-decoration: underline;\">Dienstag, 17. September 2024, ab 18.15 Uhr (DAZN)<\/span> <\/p>\n\n\n\n<p><em><strong>Juventus Turin <\/strong>(ITA)<strong> \u2013 PSV Eindhoven<\/strong><\/em> <em>(NED)<strong> (18.45 Uhr)<\/strong><\/em><br><img loading=\"lazy\" decoding=\"async\" width=\"10\" height=\"21\" class=\"wp-image-3656\" style=\"width: 10px;\" src=\"http:\/\/kommentatorenblog.de\/wp-content\/uploads\/2020\/09\/shure-55sh-ii-e1601485394796.jpg\" alt=\"\" srcset=\"https:\/\/kommentatorenblog.de\/wp-content\/uploads\/2020\/09\/shure-55sh-ii-e1601485394796.jpg 415w, https:\/\/kommentatorenblog.de\/wp-content\/uploads\/2020\/09\/shure-55sh-ii-e1601485394796-142x300.jpg 142w\" sizes=\"auto, (max-width: 10px) 100vw, 10px\" \/> Carsten Fu\u00df (Einzelspiel), Mario Rieker (Konferenz)<\/p>\n\n\n\n<p><em><strong>Young Boys Bern <\/strong>(SUI)<strong> \u2013 Aston Villa<\/strong><\/em> <em>(ENG)<strong> (18.45 Uhr)<\/strong><\/em><br><img loading=\"lazy\" decoding=\"async\" width=\"10\" height=\"21\" class=\"wp-image-3656\" style=\"width: 10px;\" src=\"http:\/\/kommentatorenblog.de\/wp-content\/uploads\/2020\/09\/shure-55sh-ii-e1601485394796.jpg\" alt=\"\" srcset=\"https:\/\/kommentatorenblog.de\/wp-content\/uploads\/2020\/09\/shure-55sh-ii-e1601485394796.jpg 415w, https:\/\/kommentatorenblog.de\/wp-content\/uploads\/2020\/09\/shure-55sh-ii-e1601485394796-142x300.jpg 142w\" sizes=\"auto, (max-width: 10px) 100vw, 10px\" \/> David Ploch (Einzelspiel), Marcel Seufert (Konferenz)<\/p>\n\n\n\n<p><span style=\"text-decoration: underline;\">ab 20.00 Uhr (Prime Video)<\/span> <\/p>\n\n\n\n<p><em><strong>Real Madrid <\/strong>(ESP)<strong> \u2013 VfB Stuttgart<\/strong><\/em> <em>(GER)<strong> (21.00 Uhr)<\/strong><\/em><br><img loading=\"lazy\" decoding=\"async\" width=\"10\" height=\"21\" class=\"wp-image-3656\" style=\"width: 10px;\" src=\"http:\/\/kommentatorenblog.de\/wp-content\/uploads\/2020\/09\/shure-55sh-ii-e1601485394796.jpg\" alt=\"\" srcset=\"https:\/\/kommentatorenblog.de\/wp-content\/uploads\/2020\/09\/shure-55sh-ii-e1601485394796.jpg 415w, https:\/\/kommentatorenblog.de\/wp-content\/uploads\/2020\/09\/shure-55sh-ii-e1601485394796-142x300.jpg 142w\" sizes=\"auto, (max-width: 10px) 100vw, 10px\" \/> Jonas Friedrich, Experte: Benedikt H\u00f6wedes<br>Field-Reporter:in: Cayana Freeman &amp; Sebastian Benesch<br>Moderation: Alex Schl\u00fcter, Expert:innen: Matthias Sammer, Tabea Kemme und Christoph Kramer<\/p>\n\n\n\n<p><span style=\"text-decoration: underline;\">ab 20.00 Uhr (DAZN)<\/span> <\/p>\n\n\n\n<p><em><strong>FC Bayern M\u00fcnchen <\/strong>(GER)<strong> \u2013 Dinamo Zagreb<\/strong><\/em> <em>(CRO)<strong> (21.00 Uhr)<\/strong><\/em><br><img loading=\"lazy\" decoding=\"async\" width=\"10\" height=\"21\" class=\"wp-image-3656\" style=\"width: 10px;\" src=\"http:\/\/kommentatorenblog.de\/wp-content\/uploads\/2020\/09\/shure-55sh-ii-e1601485394796.jpg\" alt=\"\" srcset=\"https:\/\/kommentatorenblog.de\/wp-content\/uploads\/2020\/09\/shure-55sh-ii-e1601485394796.jpg 415w, https:\/\/kommentatorenblog.de\/wp-content\/uploads\/2020\/09\/shure-55sh-ii-e1601485394796-142x300.jpg 142w\" sizes=\"auto, (max-width: 10px) 100vw, 10px\" \/> Jan Platte (Einzelspiel), Tom Kirsten (Konferenz)<br>Field-Reporter: Daniel Herzog<br>Moderation: Laura Wontorra, Experte: Michael Ballack<\/p>\n\n\n\n<p><span style=\"text-decoration: underline;\">ab 20.45 Uhr (DAZN)<\/span> <\/p>\n\n\n\n<p><em><strong>AC Mailand <\/strong>(ITA)<strong> \u2013 FC Liverpool<\/strong><\/em> <em>(ENG)<strong> (21.00 Uhr)<\/strong><\/em><br><img loading=\"lazy\" decoding=\"async\" width=\"10\" height=\"21\" class=\"wp-image-3656\" style=\"width: 10px;\" src=\"http:\/\/kommentatorenblog.de\/wp-content\/uploads\/2020\/09\/shure-55sh-ii-e1601485394796.jpg\" alt=\"\" srcset=\"https:\/\/kommentatorenblog.de\/wp-content\/uploads\/2020\/09\/shure-55sh-ii-e1601485394796.jpg 415w, https:\/\/kommentatorenblog.de\/wp-content\/uploads\/2020\/09\/shure-55sh-ii-e1601485394796-142x300.jpg 142w\" sizes=\"auto, (max-width: 10px) 100vw, 10px\" \/> Michael Born (Einzelspiel), Max Gross (Konferenz)<\/p>\n\n\n\n<p><em><strong>Sporting Lissabon <\/strong>(POR)<strong> \u2013 OSC Lille<\/strong><\/em> <em>(FRA)<strong> (21.00 Uhr)<\/strong><\/em><br><img loading=\"lazy\" decoding=\"async\" width=\"10\" height=\"21\" class=\"wp-image-3656\" style=\"width: 10px;\" src=\"http:\/\/kommentatorenblog.de\/wp-content\/uploads\/2020\/09\/shure-55sh-ii-e1601485394796.jpg\" alt=\"\" srcset=\"https:\/\/kommentatorenblog.de\/wp-content\/uploads\/2020\/09\/shure-55sh-ii-e1601485394796.jpg 415w, https:\/\/kommentatorenblog.de\/wp-content\/uploads\/2020\/09\/shure-55sh-ii-e1601485394796-142x300.jpg 142w\" sizes=\"auto, (max-width: 10px) 100vw, 10px\" \/> Christina Rann, <s>Experte: Sami Khedira<\/s> (Einzelspiel), Julian Engelhard (Konferenz)<\/p>\n\n\n\n<p><span style=\"text-decoration: underline;\">Mittwoch, 18. September 2024, ab 18.15 Uhr (DAZN)<\/span> <\/p>\n\n\n\n<p><em><strong>FC Bologna <\/strong>(ITA)<strong> \u2013 Shakhtar Donezk<\/strong><\/em> <em>(NED)<strong> (18.45 Uhr)<\/strong><\/em><br><img loading=\"lazy\" decoding=\"async\" width=\"10\" height=\"21\" class=\"wp-image-3656\" style=\"width: 10px;\" src=\"http:\/\/kommentatorenblog.de\/wp-content\/uploads\/2020\/09\/shure-55sh-ii-e1601485394796.jpg\" alt=\"\" srcset=\"https:\/\/kommentatorenblog.de\/wp-content\/uploads\/2020\/09\/shure-55sh-ii-e1601485394796.jpg 415w, https:\/\/kommentatorenblog.de\/wp-content\/uploads\/2020\/09\/shure-55sh-ii-e1601485394796-142x300.jpg 142w\" sizes=\"auto, (max-width: 10px) 100vw, 10px\" \/> Julian Engelhard (Einzelspiel), Mario Rieker (Konferenz)<\/p>\n\n\n\n<p><em><strong>Sparta Prag <\/strong>(CZE)<strong> \u2013 FC Salzburg<\/strong><\/em> <em>(AUT)<strong> (18.45 Uhr)<\/strong><\/em><br><img loading=\"lazy\" decoding=\"async\" width=\"10\" height=\"21\" class=\"wp-image-3656\" style=\"width: 10px;\" src=\"http:\/\/kommentatorenblog.de\/wp-content\/uploads\/2020\/09\/shure-55sh-ii-e1601485394796.jpg\" alt=\"\" srcset=\"https:\/\/kommentatorenblog.de\/wp-content\/uploads\/2020\/09\/shure-55sh-ii-e1601485394796.jpg 415w, https:\/\/kommentatorenblog.de\/wp-content\/uploads\/2020\/09\/shure-55sh-ii-e1601485394796-142x300.jpg 142w\" sizes=\"auto, (max-width: 10px) 100vw, 10px\" \/> Chris Putz (Einzelspiel), Max Gross (Konferenz)<\/p>\n\n\n\n<p><span style=\"text-decoration: underline;\">ab 20.15 Uhr (DAZN)<\/span> <\/p>\n\n\n\n<p><em><strong>Club Br\u00fcgge <\/strong>(BEL)<strong> \u2013 Borussia Dortmund<\/strong><\/em> <em>(GER)<strong> (21.00 Uhr)<\/strong><\/em><br><img loading=\"lazy\" decoding=\"async\" width=\"10\" height=\"21\" class=\"wp-image-3656\" style=\"width: 10px;\" src=\"http:\/\/kommentatorenblog.de\/wp-content\/uploads\/2020\/09\/shure-55sh-ii-e1601485394796.jpg\" alt=\"\" srcset=\"https:\/\/kommentatorenblog.de\/wp-content\/uploads\/2020\/09\/shure-55sh-ii-e1601485394796.jpg 415w, https:\/\/kommentatorenblog.de\/wp-content\/uploads\/2020\/09\/shure-55sh-ii-e1601485394796-142x300.jpg 142w\" sizes=\"auto, (max-width: 10px) 100vw, 10px\" \/> Max Siebald (Einzelspiel), Lukas Sch\u00f6nm\u00fcller (Konferenz)<br>Moderation: Freddy Harder, Experte: Sebastian Knei\u00dfl<\/p>\n\n\n\n<p><span style=\"text-decoration: underline;\">ab 20.45 Uhr (DAZN)<\/span> <\/p>\n\n\n\n<p><em><strong>Manchester City <\/strong>(ENG)<strong> \u2013 Inter Mailand<\/strong><\/em> <em>(ITA)<strong> (21.00 Uhr)<\/strong><\/em><br><img loading=\"lazy\" decoding=\"async\" width=\"10\" height=\"21\" class=\"wp-image-3656\" style=\"width: 10px;\" src=\"http:\/\/kommentatorenblog.de\/wp-content\/uploads\/2020\/09\/shure-55sh-ii-e1601485394796.jpg\" alt=\"\" srcset=\"https:\/\/kommentatorenblog.de\/wp-content\/uploads\/2020\/09\/shure-55sh-ii-e1601485394796.jpg 415w, https:\/\/kommentatorenblog.de\/wp-content\/uploads\/2020\/09\/shure-55sh-ii-e1601485394796-142x300.jpg 142w\" sizes=\"auto, (max-width: 10px) 100vw, 10px\" \/> Uli Hebel (Einzelspiel), Tom Kirsten (Konferenz)<\/p>\n\n\n\n<p><em><strong>Paris Saint-Germain <\/strong>(FRA)<strong> \u2013 FC Girona<\/strong><\/em> <em>(ESP)<strong> (21.00 Uhr)<\/strong><\/em><br><img loading=\"lazy\" decoding=\"async\" width=\"10\" height=\"21\" class=\"wp-image-3656\" style=\"width: 10px;\" src=\"http:\/\/kommentatorenblog.de\/wp-content\/uploads\/2020\/09\/shure-55sh-ii-e1601485394796.jpg\" alt=\"\" srcset=\"https:\/\/kommentatorenblog.de\/wp-content\/uploads\/2020\/09\/shure-55sh-ii-e1601485394796.jpg 415w, https:\/\/kommentatorenblog.de\/wp-content\/uploads\/2020\/09\/shure-55sh-ii-e1601485394796-142x300.jpg 142w\" sizes=\"auto, (max-width: 10px) 100vw, 10px\" \/> Michael Born (Einzelspiel), Nico Seepe (Konferenz)<\/p>\n\n\n\n<p><em><strong>Celtic Glasgow <\/strong>(SCO)<strong> \u2013 <strong>\u0160K Slovan Bratislava<\/strong><\/strong><\/em> <em>(SVK)<strong> (21.00 Uhr)<\/strong><\/em><br><img loading=\"lazy\" decoding=\"async\" width=\"10\" height=\"21\" class=\"wp-image-3656\" style=\"width: 10px;\" src=\"http:\/\/kommentatorenblog.de\/wp-content\/uploads\/2020\/09\/shure-55sh-ii-e1601485394796.jpg\" alt=\"\" srcset=\"https:\/\/kommentatorenblog.de\/wp-content\/uploads\/2020\/09\/shure-55sh-ii-e1601485394796.jpg 415w, https:\/\/kommentatorenblog.de\/wp-content\/uploads\/2020\/09\/shure-55sh-ii-e1601485394796-142x300.jpg 142w\" sizes=\"auto, (max-width: 10px) 100vw, 10px\" \/> <s>Uwe Morawe<\/s> Christoph Stadtler (Einzelspiel), Freddie Schulz (Konferenz)<\/p>\n\n\n\n<p><span style=\"text-decoration: underline;\">Donnerstag, 19. September 2024, ab 18.15 Uhr (DAZN)<\/span> <\/p>\n\n\n\n<p><em><strong>Feyenoord Rotterdam <\/strong>(NED)<strong> \u2013 Bayer 04 Leverkusen<\/strong><\/em> <em>(GER)<strong> (18.45 Uhr)<\/strong><\/em><br><img loading=\"lazy\" decoding=\"async\" width=\"10\" height=\"21\" class=\"wp-image-3656\" style=\"width: 10px;\" src=\"http:\/\/kommentatorenblog.de\/wp-content\/uploads\/2020\/09\/shure-55sh-ii-e1601485394796.jpg\" alt=\"\" srcset=\"https:\/\/kommentatorenblog.de\/wp-content\/uploads\/2020\/09\/shure-55sh-ii-e1601485394796.jpg 415w, https:\/\/kommentatorenblog.de\/wp-content\/uploads\/2020\/09\/shure-55sh-ii-e1601485394796-142x300.jpg 142w\" sizes=\"auto, (max-width: 10px) 100vw, 10px\" \/> Freddy Harder (Einzelspiel), Max Gross (Konferenz)<br>Moderation: Max Siebald, Experte: Sebastian Knei\u00dfl<\/p>\n\n\n\n<p><em><strong>Roter Stern Belgrad <\/strong>(SRB)<strong> \u2013 Benfica Lissabon<\/strong><\/em> <em>(POR)<strong> (18.45 Uhr)<\/strong><\/em><br><img loading=\"lazy\" decoding=\"async\" width=\"10\" height=\"21\" class=\"wp-image-3656\" style=\"width: 10px;\" src=\"http:\/\/kommentatorenblog.de\/wp-content\/uploads\/2020\/09\/shure-55sh-ii-e1601485394796.jpg\" alt=\"\" srcset=\"https:\/\/kommentatorenblog.de\/wp-content\/uploads\/2020\/09\/shure-55sh-ii-e1601485394796.jpg 415w, https:\/\/kommentatorenblog.de\/wp-content\/uploads\/2020\/09\/shure-55sh-ii-e1601485394796-142x300.jpg 142w\" sizes=\"auto, (max-width: 10px) 100vw, 10px\" \/> Guido H\u00fcsgen (Einzelspiel), David Ploch (Konferenz)<\/p>\n\n\n\n<p><span style=\"text-decoration: underline;\">ab 20.30 Uhr (DAZN)<\/span> <\/p>\n\n\n\n<p><em><strong>Atl\u00e9tico Madrid <\/strong>(ESP)<strong> \u2013 RasenBallsport Leipzig<\/strong><\/em> <em>(GER)<strong> (21.00 Uhr)<\/strong><\/em><br><img loading=\"lazy\" decoding=\"async\" width=\"10\" height=\"21\" class=\"wp-image-3656\" style=\"width: 10px;\" src=\"http:\/\/kommentatorenblog.de\/wp-content\/uploads\/2020\/09\/shure-55sh-ii-e1601485394796.jpg\" alt=\"\" srcset=\"https:\/\/kommentatorenblog.de\/wp-content\/uploads\/2020\/09\/shure-55sh-ii-e1601485394796.jpg 415w, https:\/\/kommentatorenblog.de\/wp-content\/uploads\/2020\/09\/shure-55sh-ii-e1601485394796-142x300.jpg 142w\" sizes=\"auto, (max-width: 10px) 100vw, 10px\" \/> Marco Hagemann, Experte: Moritz Volz (Einzelspiel), Lukas Sch\u00f6nm\u00fcller (Konferenz)<br>Field-Reporter: Benni Zander<br>Moderation: Daniel Herzog, Experte: Benjamin Lauth<\/p>\n\n\n\n<p><span style=\"text-decoration: underline;\">ab 20.45 Uhr (DAZN)<\/span> <\/p>\n\n\n\n<p><em><strong>AS Monaco <\/strong>(FRA)<strong> \u2013 FC Barcelona<\/strong><\/em> <em>(ESP)<strong> (21.00 Uhr)<\/strong><\/em><br><img loading=\"lazy\" decoding=\"async\" width=\"10\" height=\"21\" class=\"wp-image-3656\" style=\"width: 10px;\" src=\"http:\/\/kommentatorenblog.de\/wp-content\/uploads\/2020\/09\/shure-55sh-ii-e1601485394796.jpg\" alt=\"\" srcset=\"https:\/\/kommentatorenblog.de\/wp-content\/uploads\/2020\/09\/shure-55sh-ii-e1601485394796.jpg 415w, https:\/\/kommentatorenblog.de\/wp-content\/uploads\/2020\/09\/shure-55sh-ii-e1601485394796-142x300.jpg 142w\" sizes=\"auto, (max-width: 10px) 100vw, 10px\" \/> Freddie Schulz (Einzelspiel), Nico Seepe (Konferenz)<\/p>\n\n\n\n<p><em><strong>Atalanta Bergamo <\/strong>(ITA)<strong> \u2013 FC Arsenal<\/strong><\/em> <em>(ENG)<strong> (21.00 Uhr)<\/strong><\/em><br><img loading=\"lazy\" decoding=\"async\" width=\"10\" height=\"21\" class=\"wp-image-3656\" style=\"width: 10px;\" src=\"http:\/\/kommentatorenblog.de\/wp-content\/uploads\/2020\/09\/shure-55sh-ii-e1601485394796.jpg\" alt=\"\" srcset=\"https:\/\/kommentatorenblog.de\/wp-content\/uploads\/2020\/09\/shure-55sh-ii-e1601485394796.jpg 415w, https:\/\/kommentatorenblog.de\/wp-content\/uploads\/2020\/09\/shure-55sh-ii-e1601485394796-142x300.jpg 142w\" sizes=\"auto, (max-width: 10px) 100vw, 10px\" \/> Marcel Seufert (Einzelspiel), Flo Hauser (Konferenz)<\/p>\n\n\n\n<p><em><strong>Stade Brest <\/strong>(FRA)<strong> \u2013 <strong>SK Sturm Graz<\/strong><\/strong><\/em> <em>(AUT)<strong> (21.00 Uhr)<\/strong><\/em><br><img loading=\"lazy\" decoding=\"async\" width=\"10\" height=\"21\" class=\"wp-image-3656\" style=\"width: 10px;\" src=\"http:\/\/kommentatorenblog.de\/wp-content\/uploads\/2020\/09\/shure-55sh-ii-e1601485394796.jpg\" alt=\"\" srcset=\"https:\/\/kommentatorenblog.de\/wp-content\/uploads\/2020\/09\/shure-55sh-ii-e1601485394796.jpg 415w, https:\/\/kommentatorenblog.de\/wp-content\/uploads\/2020\/09\/shure-55sh-ii-e1601485394796-142x300.jpg 142w\" sizes=\"auto, (max-width: 10px) 100vw, 10px\" \/> Chris Putz (Einzelspiel), Oliver Forster (Konferenz)<\/p>\n\n\n\n<hr class=\"wp-block-separator\"\/>\n\n\n\n<p><strong>UEFA Youth League, Ligaphase, 1. Spieltag (DAZN)<\/strong><\/p>\n\n\n\n<p><span style=\"text-decoration: underline;\">Dienstag, 17. September 2024<\/span><\/p>\n\n\n\n<p><em><strong>FC Bayern M\u00fcnchen U19 <\/strong>(GER)<strong> \u2013 Dinamo Zagreb U19<\/strong><\/em> <em>(CRO)<strong> (16.00 Uhr)<\/strong><\/em><br><img loading=\"lazy\" decoding=\"async\" width=\"10\" height=\"21\" class=\"wp-image-3656\" style=\"width: 10px;\" src=\"http:\/\/kommentatorenblog.de\/wp-content\/uploads\/2020\/09\/shure-55sh-ii-e1601485394796.jpg\" alt=\"\" srcset=\"https:\/\/kommentatorenblog.de\/wp-content\/uploads\/2020\/09\/shure-55sh-ii-e1601485394796.jpg 415w, https:\/\/kommentatorenblog.de\/wp-content\/uploads\/2020\/09\/shure-55sh-ii-e1601485394796-142x300.jpg 142w\" sizes=\"auto, (max-width: 10px) 100vw, 10px\" \/> Korbinian Rundel<\/p>\n\n\n\n<hr class=\"wp-block-separator is-style-default\"\/>\n\n\n\n<hr class=\"wp-block-separator is-style-default\"\/>\n\n\n\n<p><strong>CONMEBOL Libertadores, Viertelfinale, Hinspiele (Sport1+)<\/strong><\/p>\n\n\n\n<p><span style=\"text-decoration: underline;\">Mittwoch, 18. September 2024<\/span><\/p>\n\n\n\n<p><em><strong>CSD Colo-Colo <\/strong>(CHI)<strong> \u2013 CA River Plate<\/strong><\/em> <em>(ARG)<strong> (02.30 Uhr)<\/strong><\/em><br><img loading=\"lazy\" decoding=\"async\" width=\"10\" height=\"21\" class=\"wp-image-3656\" style=\"width: 10px;\" src=\"http:\/\/kommentatorenblog.de\/wp-content\/uploads\/2020\/09\/shure-55sh-ii-e1601485394796.jpg\" alt=\"\" srcset=\"https:\/\/kommentatorenblog.de\/wp-content\/uploads\/2020\/09\/shure-55sh-ii-e1601485394796.jpg 415w, https:\/\/kommentatorenblog.de\/wp-content\/uploads\/2020\/09\/shure-55sh-ii-e1601485394796-142x300.jpg 142w\" sizes=\"auto, (max-width: 10px) 100vw, 10px\" \/> Tobi Fischbeck<\/p>\n\n\n\n<p><span style=\"text-decoration: underline;\">Donnerstag, 19. September 2024<\/span><\/p>\n\n\n\n<p><em><strong>Fluminense Rio de Janeiro <\/strong>(BRA)<strong> \u2013 Atl\u00e9tico Mineiro<\/strong><\/em> <em>(BRA)<strong> (00.00 Uhr)<\/strong><\/em><br><img loading=\"lazy\" decoding=\"async\" width=\"10\" height=\"21\" class=\"wp-image-3656\" style=\"width: 10px;\" src=\"http:\/\/kommentatorenblog.de\/wp-content\/uploads\/2020\/09\/shure-55sh-ii-e1601485394796.jpg\" alt=\"\" srcset=\"https:\/\/kommentatorenblog.de\/wp-content\/uploads\/2020\/09\/shure-55sh-ii-e1601485394796.jpg 415w, https:\/\/kommentatorenblog.de\/wp-content\/uploads\/2020\/09\/shure-55sh-ii-e1601485394796-142x300.jpg 142w\" sizes=\"auto, (max-width: 10px) 100vw, 10px\" \/> Christoph Fetzer<\/p>\n\n\n\n<hr class=\"wp-block-separator is-style-default\"\/>\n\n\n\n<p><strong>AFC Champions League Elite, Gruppe Ost, Ligaphase, 1. Spieltag (Sport1+)<\/strong><\/p>\n\n\n\n<p><span style=\"text-decoration: underline;\">Mittwoch, 18. September 2024<\/span><\/p>\n\n\n\n<p><em><strong>Ulsan HD FC <\/strong>(KOR)<strong> \u2013 Kawasaki Frontale<\/strong><\/em> <em>(JPN)<strong> (12.00 Uhr)<\/strong><\/em><br><img loading=\"lazy\" decoding=\"async\" width=\"10\" height=\"21\" class=\"wp-image-3656\" style=\"width: 10px;\" src=\"http:\/\/kommentatorenblog.de\/wp-content\/uploads\/2020\/09\/shure-55sh-ii-e1601485394796.jpg\" alt=\"\" srcset=\"https:\/\/kommentatorenblog.de\/wp-content\/uploads\/2020\/09\/shure-55sh-ii-e1601485394796.jpg 415w, https:\/\/kommentatorenblog.de\/wp-content\/uploads\/2020\/09\/shure-55sh-ii-e1601485394796-142x300.jpg 142w\" sizes=\"auto, (max-width: 10px) 100vw, 10px\" \/> Oliver Forster<\/p>\n\n\n\n<hr class=\"wp-block-separator is-style-default\"\/>\n\n\n\n<hr class=\"wp-block-separator is-style-default\"\/>\n\n\n\n<p><strong>Eredivisie (NED), 3. Spieltag, Nachholspiel (Sportdigital Fu\u00dfball)<\/strong><\/p>\n\n\n\n<p><span style=\"text-decoration: underline;\">Mittwoch, 18. September 2024<\/span><\/p>\n\n\n\n<p><em><strong>Ajax Amsterdam \u2013 Fortuna Sittard (20.00 Uhr)<\/strong><\/em><br><img loading=\"lazy\" decoding=\"async\" width=\"10\" height=\"21\" class=\"wp-image-3656\" style=\"width: 10px;\" src=\"http:\/\/kommentatorenblog.de\/wp-content\/uploads\/2020\/09\/shure-55sh-ii-e1601485394796.jpg\" alt=\"\" srcset=\"https:\/\/kommentatorenblog.de\/wp-content\/uploads\/2020\/09\/shure-55sh-ii-e1601485394796.jpg 415w, https:\/\/kommentatorenblog.de\/wp-content\/uploads\/2020\/09\/shure-55sh-ii-e1601485394796-142x300.jpg 142w\" sizes=\"auto, (max-width: 10px) 100vw, 10px\" \/> Jonathan Dreier<\/p>\n\n\n\n<hr class=\"wp-block-separator is-style-default\"\/>\n\n\n\n<p><strong>Regionalliga Bayern, 5. Spieltag, Nachholspiel (BR24Sport)<\/strong><\/p>\n\n\n\n<p><span style=\"text-decoration: underline;\">Dienstag, 17. September 2024<\/span><\/p>\n\n\n\n<p><strong><em>FC W\u00fcrzburger Kickers &#8211; 1. FC N\u00fcrnberg II (19.00 Uhr)<\/em><\/strong><br><img loading=\"lazy\" decoding=\"async\" width=\"10\" height=\"21\" class=\"wp-image-3656\" style=\"width: 10px;\" src=\"http:\/\/kommentatorenblog.de\/wp-content\/uploads\/2020\/09\/shure-55sh-ii-e1601485394796.jpg\" alt=\"\" srcset=\"https:\/\/kommentatorenblog.de\/wp-content\/uploads\/2020\/09\/shure-55sh-ii-e1601485394796.jpg 415w, https:\/\/kommentatorenblog.de\/wp-content\/uploads\/2020\/09\/shure-55sh-ii-e1601485394796-142x300.jpg 142w\" sizes=\"auto, (max-width: 10px) 100vw, 10px\" \/> Florian Eckl<\/p>\n\n\n\n<hr class=\"wp-block-separator\"\/>\n\n\n\n<p><strong><code>ANALYSE<\/code><\/strong><\/p>\n\n\n\n<p><strong>Ver\u00e4nderte Prime Video-Crew startet in die neue Saison<\/strong><\/p>\n\n\n\n<p>Es sei das &#8222;am schlechtesten geh\u00fctete Geheimnis der Branche gewesen&#8220;, dass Alex Schl\u00fcter neuer Moderator der CL bei Prime wird. Seit 12 Tagen ist es offiziell. Der fr\u00fchere DAZN-Anchorman pr\u00e4sentiert nun nach Wimbledon auch die K\u00f6nigsklasse beim Amazon-Dienst. An seiner Seite bleiben die Expert:innen Matthias Sammer, Tabea Kemme und Josephine Henning. Kurz vor dem ersten Spieltag hat Prime dann noch einen echten echter Kracher vermeldet: mit Christoph Kramer begr\u00fc\u00dft Alex Schl\u00fcter k\u00fcnftig einen der beliebtesten Experten im deutschen Fernsehen am Prime-Tisch. Kramer war bisher immer f\u00fcr das ZDF im Einsatz und wird das auch weiterhin bis 2026 sein, Prime ist mit dieser &#8222;Leihe&#8220; jedoch ein echter Coup gelungen!<br>Dar\u00fcber hinaus startet Prime mit Cayana Freeman (neben Sebastian Benesch) als neue Field-Reporterin in die neue Saison. Auch Freeman war bereits im Rahmen der Wimbledon-\u00dcbertragungen im Einsatz. <br>Kommentiert werden die Partien, zum Start gleich die Stuttgarter im Bernabeu, wie gewohnt von Jonas Friedrich und Benedikt H\u00f6wedes. Die an die \u00dcbertragung aus den Stadien anschlie\u00dfende Highlight-Show aus dem Studio \u00fcbernehmen weiterhin Lena Cassel und Patrick Owomoyela.<\/p>\n\n\n\n<p><strong>Vier deutsche Spiele bei DAZN. BeNe-Crew doppelt im Einsatz<\/strong><\/p>\n\n\n\n<p>Parallel zu Prime startet DAZN am Dienstag mit einem ebenfalls einst\u00fcndigen Vorlauf in die deutsche CL-Saison. W\u00e4hrend Schl\u00fcter &amp; Co in Madrid sind, meldet sich DAZN mit der erwartbarsten Crew aus Wontorra, Ballack, Platte und Herzog aus der M\u00fcnchner Arena. <br>Am Tag darauf bereits der n\u00e4chste Jackpot f\u00fcr DAZN, hier startet man um 20:15 Uhr mit der \u00dcbertragung aus dem Jan Breydelstadion. Max Siebald kommentiert dort, Sebastian Knei\u00dfl ist Experte und Freddy Harder moderiert. Am Tag darauf kommt die gleiche Crew nochmal zum Einsatz, da Leverkusen unweit von Br\u00fcgge in Rotterdam in die neue CL-Saison startet. Hier dauert die Vorberichterstattung dann 30 Minuten und die &#8222;BeNe&#8220;-Crew tauscht Moderations- und Kommentatorenposition, sodass Freddy Harder dann die 90 Minuten begleitet. <br>Bleibt noch die am Donnerstagabend anschlie\u00dfende Partie in Madrid, wo Leipzig auf Atl\u00e9tico trifft. Eine Sache f\u00fcr Marco Hagemann, Moritz Volz feiert bei der Partie sein CL-Deb\u00fct. Beide sind ebenso wie Fielder Benni Zander vor Ort im Metropolitano, im Studio in M\u00fcnchen moderieren Daniel Herzog und Benny Lauth. <\/p>\n\n\n\n<p><s>Von allen weiteren Partien ist einzig das Spiel des portugiesischen Meisters noch mit einem Co-Kommentator besetzt: Sami Khedira begleitet an der Seite der nat\u00fcrlichen Portugal-Expertin Christina Rann die 90 Minuten.<\/s> Uli Hebel, Michael Born, Freddie Schulz und Marcel Seufert haben den Zuschlag f\u00fcr die weiteren Kracher dieser CL-Woche erhalten. <\/p>\n\n\n\n<p>In der Konferenz (es warten gleich 6 CL-Konferenzen diese Woche auf uns) werden wir oft die gleichen Stimmen h\u00f6ren: Lukas Sch\u00f6nm\u00fcller \u00fcbernimmt gleich an zwei Abenden das deutsche Team in der Konferenz, Max Gross wird an allen drei Abenden im Einsatz sein. Auch Mario Rieker (zweimal in der Zweier-Konferenz), Tom Kirsten und Nico Seepe haben zwei Konferenz Eins\u00e4tze. Viele Kommentaren kommen durch die Einzelspiele ebenfalls auf mehrere Eins\u00e4tze. Auff\u00e4llig: Es fehlt hingegen der Name Jogi Hebel, der die vergangenen Spielzeiten in der Gruppenphase stets Einzelspiele \u00fcbernommen hat. <s>Er ist dagegen bei Sky Austria am Dienstag und Donnerstag im Einsatz.<\/s> Bei DAZN ist daf\u00fcr Christina Rann ist neu dabei.<\/p>\n\n\n\n<p>Freut ihr euch auf die neue Champions League? Da ich diese Woche aus beruflichen Gr\u00fcnden bzw weil parallel zur Champions League z.T. selbst auf dem Platz stehe, verpasse ich leider die komplette CL-Auftaktwoche und freue mich daher auf eure Einsch\u00e4tzungen und Meinungen zu den \u00dcbertragungen in den Kommentaren!<\/p>\n","protected":false},"excerpt":{"rendered":"<p>N&#8217;Abend allerseits, wir gehen in eine neue Saison europ\u00e4ischen Spitzenfu\u00dfballs &#8211; mit grundlegenden Ver\u00e4nderungen: Anstelle der Gruppenphase treten Europas K\u00f6nige und andere Schwergewichte nun in einer einzigen Liga mit 36 Mannschaften (vier mehr) an. Jedes Team spielt acht Partien &#8211; vier heim und vier ausw\u00e4rts &#8211; gegen unterschiedliche Gegner (je 2 aus jedem Lostopf), die [&hellip;]<\/p>\n","protected":false},"author":12,"featured_media":0,"comment_status":"open","ping_status":"open","sticky":false,"template":"","format":"standard","meta":{"footnotes":""},"categories":[425],"tags":[],"class_list":["post-18996","post","type-post","status-publish","format-standard","hentry","category-champions-league-und-co"],"_links":{"self":[{"href":"https:\/\/kommentatorenblog.de\/index.php?rest_route=\/wp\/v2\/posts\/18996","targetHints":{"allow":["GET"]}}],"collection":[{"href":"https:\/\/kommentatorenblog.de\/index.php?rest_route=\/wp\/v2\/posts"}],"about":[{"href":"https:\/\/kommentatorenblog.de\/index.php?rest_route=\/wp\/v2\/types\/post"}],"author":[{"embeddable":true,"href":"https:\/\/kommentatorenblog.de\/index.php?rest_route=\/wp\/v2\/users\/12"}],"replies":[{"embeddable":true,"href":"https:\/\/kommentatorenblog.de\/index.php?rest_route=%2Fwp%2Fv2%2Fcomments&post=18996"}],"version-history":[{"count":15,"href":"https:\/\/kommentatorenblog.de\/index.php?rest_route=\/wp\/v2\/posts\/18996\/revisions"}],"predecessor-version":[{"id":19098,"href":"https:\/\/kommentatorenblog.de\/index.php?rest_route=\/wp\/v2\/posts\/18996\/revisions\/19098"}],"wp:attachment":[{"href":"https:\/\/kommentatorenblog.de\/index.php?rest_route=%2Fwp%2Fv2%2Fmedia&parent=18996"}],"wp:term":[{"taxonomy":"category","embeddable":true,"href":"https:\/\/kommentatorenblog.de\/index.php?rest_route=%2Fwp%2Fv2%2Fcategories&post=18996"},{"taxonomy":"post_tag","embeddable":true,"href":"https:\/\/kommentatorenblog.de\/index.php?rest_route=%2Fwp%2Fv2%2Ftags&post=18996"}],"curies":[{"name":"wp","href":"https:\/\/api.w.org\/{rel}","templated":true}]}}