{"id":19001,"date":"2024-09-09T17:07:53","date_gmt":"2024-09-09T15:07:53","guid":{"rendered":"https:\/\/kommentatorenblog.de\/?p=19001"},"modified":"2024-09-12T00:45:08","modified_gmt":"2024-09-11T22:45:08","slug":"1449-tv-ausblick","status":"publish","type":"post","link":"https:\/\/kommentatorenblog.de\/?p=19001","title":{"rendered":"1449 &#8211; TV- Ausblick"},"content":{"rendered":"\n<p><strong><em>N&#8217;Abend Allerseits!<\/em><\/strong><\/p>\n\n\n\n<p>die Paralympics sind am Sonntag zu Ende gegangen, der Sportsommer neigt sich damit so langsam dem Ende zu, u.a. mit dem Ironman in Nizza (und sp\u00e4ter auf Hawaii) sowie der Radsport- WM stehen noch weitere Highlights an.<\/p>\n\n\n\n<p>2025 steht dann mit der Fu\u00dfball- Europameisterschaft der Frauen ein Gro\u00dfereignis in einem unserer Nachbarl\u00e4nder, der Schweiz, an. Im Gegensatz zu der Weltmeisterschaft in Australien wird es in Deutschland gl\u00fccklicherweise zu keinem Rechtepoker kommen, da ARD und ZDF die exklusiven Verwertungsrechte an der Euro erworben haben. Die genauen \u00dcbertragungen und TV- Teams stehen dabei noch nicht fest. Bei der letzten EM wurde das deutsche Team Vize-Europameister und fesselte die Zuschauerinnen und Zuschauer vor den Fernsehern. Seit dem gab es eine TV- technische Weiterentwicklung (neuer Rechtevertrag in der Bundesliga, Heim-L\u00e4nderspiele ab [mindestens] 18 Uhr), spannend wird sein, wie sich dies bei der Europameisterschaft darstellen wird und ob diesmal alle Partien auch im linearen TV \u00fcbertragen werden. Teil des Sportsommers werden dann im \u00dcbrigen auch wieder die Finals sein, 2025 erstmals in Dresden, u.a. mit der Leichtathletik und Triathlon.<\/p>\n\n\n\n<p>2026 stehen dann wieder die olympischen und paralympischen Spiele in Italien an. Im Gegensatz zu Olympia 2024 sind ARD und ZDF neben Eurosport diesmal Hauptrechteinhaber und nicht Sublizenznehmer. Bei der Fu\u00dfball- WM der M\u00e4nner 2026 in den USA, Kanada und Mexiko gibt es noch keine Mitteilung, wer dieses Turnier \u00fcbertragen wird. Insgesamt 104 Spiele, bis zu sechs Spiele pro Tag stehen hier zum Verkauf. Das ein (oder zwei) Sender dieses Turnier \u00fcbertragen (k\u00f6nnen), scheint mir sehr unwahrscheinlich.<\/p>\n\n\n\n<p>Auch f\u00fcr die Euro 2028 gibt es noch keine offizielle Best\u00e4tigung, wer hier die Spiele \u00fcbertragen in Deutschland \u00fcbertragen wird. Die UEFA hat allerdings ein <a href=\"https:\/\/editorial.uefa.com\/resources\/028d-1af70be977d1-3460cd4965ad-1000\/iso_uefa_euro_2028_-_20240523.pdf\">Papier<\/a> ver\u00f6ffentlicht, indem die Sendeanstalten gef\u00fchrt sind, mit denen ein Vertrag f\u00fcr die Euro 2028 geschlossen wurde. F\u00fcr Deutschland sind hier ARD und ZDF gelistet, f\u00fcr \u00d6sterreich Red Bull Media House GmbH und in der Schweiz SRG SSR. Im Gegensatz zu \u00d6sterreich und der Schweiz, wo Servus TV (das zu Red Bull geh\u00f6rt) und SRF die Rechteerwerbe best\u00e4tigt haben, gibt es in Deutschland noch keine Best\u00e4tigung der jeweiligen Sender und auch keine offizielle Best\u00e4tigung von Seiten der UEFA. M\u00f6glich ist, dass noch Zustimmungen von R\u00e4ten bei ARD und ZDF ausstehen oder andere Gr\u00fcnde. Es scheint damit zwar ein Fingerzeig zu sein, dass die kommende EM bei ARD und ZDF l\u00e4uft, <strong>sicher ist dies jedoch nicht. <\/strong>Sublizenzen sind nat\u00fcrlich ebenfalls m\u00f6glich.<\/p>\n\n\n\n<hr class=\"wp-block-separator is-style-default\"\/>\n\n\n\n<p><strong><em>Die Ansetzungen vom 5. September 2024 bis zum 9. September 2024 <\/em><\/strong><\/p>\n\n\n\n<p><strong>UEFA Nations-League, Gruppenphase, 2. Spieltag (RTL)<\/strong><\/p>\n\n\n\n<p><span style=\"text-decoration: underline;\">Dienstag, 10. September ab 20.15 Uhr (RTL)<\/span><br><em><strong>Niederlande \u2013 Deutschland (20.45 Uhr) <\/strong><\/em><br><img loading=\"lazy\" decoding=\"async\" width=\"10\" height=\"21\" class=\"wp-image-3656\" style=\"width: 10px;\" src=\"http:\/\/kommentatorenblog.de\/wp-content\/uploads\/2020\/09\/shure-55sh-ii-e1601485394796.jpg\" alt=\"\" srcset=\"https:\/\/kommentatorenblog.de\/wp-content\/uploads\/2020\/09\/shure-55sh-ii-e1601485394796.jpg 415w, https:\/\/kommentatorenblog.de\/wp-content\/uploads\/2020\/09\/shure-55sh-ii-e1601485394796-142x300.jpg 142w\" sizes=\"auto, (max-width: 10px) 100vw, 10px\" \/> Marco Hagemann<br>Moderation: Florian K\u00f6nig, Experte: Lothar Matth\u00e4us <br>Field- Reporterin: Laura Papendick, Field- Reporter: Felix G\u00f6rner<\/p>\n\n\n\n<p><strong>UEFA Nations-League, Gruppenphase, 2. Spieltag (DAZN)<\/strong><br><span style=\"text-decoration: underline;\">Dienstag, 10. September ab 20.45 (DAZN)<\/span><br><em><strong>England <em><strong>\u2013 <\/strong><\/em>Finnland (20.45 Uhr) <\/strong><\/em><br><img loading=\"lazy\" decoding=\"async\" width=\"10\" height=\"21\" class=\"wp-image-3656\" style=\"width: 10px;\" src=\"http:\/\/kommentatorenblog.de\/wp-content\/uploads\/2020\/09\/shure-55sh-ii-e1601485394796.jpg\" alt=\"\" srcset=\"https:\/\/kommentatorenblog.de\/wp-content\/uploads\/2020\/09\/shure-55sh-ii-e1601485394796.jpg 415w, https:\/\/kommentatorenblog.de\/wp-content\/uploads\/2020\/09\/shure-55sh-ii-e1601485394796-142x300.jpg 142w\" sizes=\"auto, (max-width: 10px) 100vw, 10px\" \/> Chris Putz<\/p>\n\n\n\n<p><strong>U21- L\u00e4nderspiele, EM-Qualifikation (Pro7Maxx)<\/strong><br><span style=\"text-decoration: underline;\">Dienstag, 10. September<\/span><br><em><strong>Estland U21 <em><strong>\u2013 <\/strong><\/em>Deutschland U21 (18.00 Uhr) <\/strong><\/em><br><img loading=\"lazy\" decoding=\"async\" width=\"10\" height=\"21\" class=\"wp-image-3656\" style=\"width: 10px;\" src=\"http:\/\/kommentatorenblog.de\/wp-content\/uploads\/2020\/09\/shure-55sh-ii-e1601485394796.jpg\" alt=\"\" srcset=\"https:\/\/kommentatorenblog.de\/wp-content\/uploads\/2020\/09\/shure-55sh-ii-e1601485394796.jpg 415w, https:\/\/kommentatorenblog.de\/wp-content\/uploads\/2020\/09\/shure-55sh-ii-e1601485394796-142x300.jpg 142w\" sizes=\"auto, (max-width: 10px) 100vw, 10px\" \/> Flo Hauser, Expertin: Rachel Rinast<br>Moderation: Matthias Killing, Field- Reporter: Bent Mildner<\/p>\n\n\n\n<hr class=\"wp-block-separator is-style-default\"\/>\n\n\n\n<p><strong>AFC Asian WM-Qualifikation 2026 (Sportdigital)<\/strong><\/p>\n\n\n\n<p><span style=\"text-decoration: underline;\">Dienstag, 10. September 2024 <\/span><\/p>\n\n\n\n<p><em><strong>Indonesien &#8211; Australien<\/strong> <strong>(14.00 Uhr)<\/strong> <\/em><br><img loading=\"lazy\" decoding=\"async\" width=\"10\" height=\"21\" class=\"wp-image-3656\" style=\"width: 10px;\" src=\"http:\/\/kommentatorenblog.de\/wp-content\/uploads\/2020\/09\/shure-55sh-ii-e1601485394796.jpg\" alt=\"\" srcset=\"https:\/\/kommentatorenblog.de\/wp-content\/uploads\/2020\/09\/shure-55sh-ii-e1601485394796.jpg 415w, https:\/\/kommentatorenblog.de\/wp-content\/uploads\/2020\/09\/shure-55sh-ii-e1601485394796-142x300.jpg 142w\" sizes=\"auto, (max-width: 10px) 100vw, 10px\" \/> Jakob Vogel<\/p>\n\n\n\n<p><em><strong>Oman &#8211; S\u00fcdkorea<\/strong> <strong>(16.00 Uhr)<\/strong> <\/em><br><img loading=\"lazy\" decoding=\"async\" width=\"10\" height=\"21\" class=\"wp-image-3656\" style=\"width: 10px;\" src=\"http:\/\/kommentatorenblog.de\/wp-content\/uploads\/2020\/09\/shure-55sh-ii-e1601485394796.jpg\" alt=\"\" srcset=\"https:\/\/kommentatorenblog.de\/wp-content\/uploads\/2020\/09\/shure-55sh-ii-e1601485394796.jpg 415w, https:\/\/kommentatorenblog.de\/wp-content\/uploads\/2020\/09\/shure-55sh-ii-e1601485394796-142x300.jpg 142w\" sizes=\"auto, (max-width: 10px) 100vw, 10px\" \/> Jonathan Dreier<\/p>\n\n\n\n<p><em><strong>Bahrain &#8211; Japan<\/strong> <strong>(18.00 Uhr)<\/strong> <\/em><br><img loading=\"lazy\" decoding=\"async\" width=\"10\" height=\"21\" class=\"wp-image-3656\" style=\"width: 10px;\" src=\"http:\/\/kommentatorenblog.de\/wp-content\/uploads\/2020\/09\/shure-55sh-ii-e1601485394796.jpg\" alt=\"\" srcset=\"https:\/\/kommentatorenblog.de\/wp-content\/uploads\/2020\/09\/shure-55sh-ii-e1601485394796.jpg 415w, https:\/\/kommentatorenblog.de\/wp-content\/uploads\/2020\/09\/shure-55sh-ii-e1601485394796-142x300.jpg 142w\" sizes=\"auto, (max-width: 10px) 100vw, 10px\" \/> Martin Hahn<\/p>\n\n\n\n<p><strong>Afrika-Cup Qualifikation 2025, 2. Spieltag (Sportdigital)<\/strong><\/p>\n\n\n\n<p><span style=\"text-decoration: underline;\">Dienstag, 10. September 2024 <\/span><\/p>\n\n\n\n<p><em><strong>Tschad &#8211; Elfenbeink\u00fcste<\/strong> <strong>(20.45 Uhr)<\/strong> <\/em><br><img loading=\"lazy\" decoding=\"async\" width=\"10\" height=\"21\" class=\"wp-image-3656\" style=\"width: 10px;\" src=\"http:\/\/kommentatorenblog.de\/wp-content\/uploads\/2020\/09\/shure-55sh-ii-e1601485394796.jpg\" alt=\"\" srcset=\"https:\/\/kommentatorenblog.de\/wp-content\/uploads\/2020\/09\/shure-55sh-ii-e1601485394796.jpg 415w, https:\/\/kommentatorenblog.de\/wp-content\/uploads\/2020\/09\/shure-55sh-ii-e1601485394796-142x300.jpg 142w\" sizes=\"auto, (max-width: 10px) 100vw, 10px\" \/> Karsten Linke<\/p>\n\n\n\n<hr class=\"wp-block-separator is-style-default\"\/>\n\n\n\n<hr class=\"wp-block-separator is-style-default\"\/>\n\n\n\n<p><strong>Regionalliga Nordost, 7. Spieltag<\/strong><\/p>\n\n\n\n<p><span style=\"text-decoration: underline;\">Dienstag, 10. September 2024 ab 18.45 Uhr (MZ.de):<\/span><\/p>\n\n\n\n<p><strong><em>Viktoria Berlin &#8211; Hallescher FC (19.00 Uhr)<\/em><\/strong><br><img loading=\"lazy\" decoding=\"async\" width=\"10\" height=\"21\" class=\"wp-image-3656\" style=\"width: 10px;\" src=\"http:\/\/kommentatorenblog.de\/wp-content\/uploads\/2020\/09\/shure-55sh-ii-e1601485394796.jpg\" alt=\"\" srcset=\"https:\/\/kommentatorenblog.de\/wp-content\/uploads\/2020\/09\/shure-55sh-ii-e1601485394796.jpg 415w, https:\/\/kommentatorenblog.de\/wp-content\/uploads\/2020\/09\/shure-55sh-ii-e1601485394796-142x300.jpg 142w\" sizes=\"auto, (max-width: 10px) 100vw, 10px\" \/> Heiko Mallwitz<\/p>\n\n\n\n<p><span style=\"text-decoration: underline;\">ab 18.55 Uhr (MDR-Livestream):<\/span><\/p>\n\n\n\n<p><em><strong>Chemnitzer FC \u2013 Chemie Leipzig (19.00 Uhr) <\/strong><\/em><br><img loading=\"lazy\" decoding=\"async\" width=\"10\" height=\"21\" class=\"wp-image-3656\" style=\"width: 10px;\" src=\"http:\/\/kommentatorenblog.de\/wp-content\/uploads\/2020\/09\/shure-55sh-ii-e1601485394796.jpg\" alt=\"\" srcset=\"https:\/\/kommentatorenblog.de\/wp-content\/uploads\/2020\/09\/shure-55sh-ii-e1601485394796.jpg 415w, https:\/\/kommentatorenblog.de\/wp-content\/uploads\/2020\/09\/shure-55sh-ii-e1601485394796-142x300.jpg 142w\" sizes=\"auto, (max-width: 10px) 100vw, 10px\" \/> Stephan Weidling<\/p>\n\n\n\n<p><span style=\"text-decoration: underline;\">Mittwoch, 11. September 2024 ab 18.50 Uhr (TA\/OTZ\/TLZ):<\/span><\/p>\n\n\n\n<p><strong><em>VSG Altglienicke &#8211; Carl Zeiss Jena (19.00 Uhr)<\/em><\/strong><br><img loading=\"lazy\" decoding=\"async\" width=\"10\" height=\"21\" class=\"wp-image-3656\" style=\"width: 10px;\" src=\"http:\/\/kommentatorenblog.de\/wp-content\/uploads\/2020\/09\/shure-55sh-ii-e1601485394796.jpg\" alt=\"\" srcset=\"https:\/\/kommentatorenblog.de\/wp-content\/uploads\/2020\/09\/shure-55sh-ii-e1601485394796.jpg 415w, https:\/\/kommentatorenblog.de\/wp-content\/uploads\/2020\/09\/shure-55sh-ii-e1601485394796-142x300.jpg 142w\" sizes=\"auto, (max-width: 10px) 100vw, 10px\" \/> Heiko Mallwitz<br>Moderation: Toni Mielke<\/p>\n\n\n\n<p><span style=\"text-decoration: underline;\">ab 18.55 Uhr (MDR-Livestream):<\/span><\/p>\n\n\n\n<p><em><strong>Lok Leipzig \u2013 FSV Zwickau (19.00 Uhr) <\/strong><\/em><br><img loading=\"lazy\" decoding=\"async\" width=\"10\" height=\"21\" class=\"wp-image-3656\" style=\"width: 10px;\" src=\"http:\/\/kommentatorenblog.de\/wp-content\/uploads\/2020\/09\/shure-55sh-ii-e1601485394796.jpg\" alt=\"\" srcset=\"https:\/\/kommentatorenblog.de\/wp-content\/uploads\/2020\/09\/shure-55sh-ii-e1601485394796.jpg 415w, https:\/\/kommentatorenblog.de\/wp-content\/uploads\/2020\/09\/shure-55sh-ii-e1601485394796-142x300.jpg 142w\" sizes=\"auto, (max-width: 10px) 100vw, 10px\" \/> Alexander K\u00fcpper<\/p>\n\n\n\n<hr class=\"wp-block-separator\"\/>\n\n\n\n<hr class=\"wp-block-separator is-style-default\"\/>\n\n\n\n<p><strong><em>Die Analyse: <\/em><\/strong><\/p>\n\n\n\n<p>Spiel 2 nach der EM f\u00fcr die DFB- Elf steht am Dienstag an, die Ausw\u00e4rtspartie wird von RTL \u00fcbertragen. Kommentator wird Marco Hagemann sein, an seiner Seite: Lothar Matth\u00e4us. Steffen Freund war ja bei der EM letztmals f\u00fcr RTL im Einsatz, einen direkten Nachfolger wird es (erstmals) nicht geben. Ab sofort wird Lothar Matth\u00e4us bei der Nationalmannschaft und auch im Europapokal auch als Co- Kommentator zum Einsatz kommen. In Amsterdam meldet er sich also erst zusammen mit Florian K\u00f6nig und kommentiert anschlie\u00dfend die Partie mit Marco Hagemann. <\/p>\n\n\n\n<p>Vor die A- Nationalmannschaft ihre Partie beginnt, \u00fcbertr\u00e4gt Pro7Maxx die Partie der U21, kommentieren wird Flo Hauser. Sportdigital hat dar\u00fcber hinaus einige Spiele aus der Qualifikation f\u00fcr den Asien- Cup beziehungsweise der Afrikameisterschaft im Angebot, w\u00e4hrend der MDR zwei Spiele aus der Regionalliga Nordost streamen wird.<\/p>\n\n\n\n<p>Weiter geht es am Donnerstag mit Tim, u.a. mit den Bundesligen. Bis dahin allen eine sch\u00f6ne Woche.<\/p>\n\n\n\n<p><\/p>\n\n\n\n<p><\/p>\n\n\n\n<p><\/p>\n","protected":false},"excerpt":{"rendered":"<p>N&#8217;Abend Allerseits! die Paralympics sind am Sonntag zu Ende gegangen, der Sportsommer neigt sich damit so langsam dem Ende zu, u.a. mit dem Ironman in Nizza (und sp\u00e4ter auf Hawaii) sowie der Radsport- WM stehen noch weitere Highlights an. 2025 steht dann mit der Fu\u00dfball- Europameisterschaft der Frauen ein Gro\u00dfereignis in einem unserer Nachbarl\u00e4nder, der [&hellip;]<\/p>\n","protected":false},"author":10,"featured_media":0,"comment_status":"open","ping_status":"open","sticky":false,"template":"","format":"standard","meta":{"footnotes":""},"categories":[426],"tags":[],"class_list":["post-19001","post","type-post","status-publish","format-standard","hentry","category-laenderspiele"],"_links":{"self":[{"href":"https:\/\/kommentatorenblog.de\/index.php?rest_route=\/wp\/v2\/posts\/19001","targetHints":{"allow":["GET"]}}],"collection":[{"href":"https:\/\/kommentatorenblog.de\/index.php?rest_route=\/wp\/v2\/posts"}],"about":[{"href":"https:\/\/kommentatorenblog.de\/index.php?rest_route=\/wp\/v2\/types\/post"}],"author":[{"embeddable":true,"href":"https:\/\/kommentatorenblog.de\/index.php?rest_route=\/wp\/v2\/users\/10"}],"replies":[{"embeddable":true,"href":"https:\/\/kommentatorenblog.de\/index.php?rest_route=%2Fwp%2Fv2%2Fcomments&post=19001"}],"version-history":[{"count":12,"href":"https:\/\/kommentatorenblog.de\/index.php?rest_route=\/wp\/v2\/posts\/19001\/revisions"}],"predecessor-version":[{"id":19032,"href":"https:\/\/kommentatorenblog.de\/index.php?rest_route=\/wp\/v2\/posts\/19001\/revisions\/19032"}],"wp:attachment":[{"href":"https:\/\/kommentatorenblog.de\/index.php?rest_route=%2Fwp%2Fv2%2Fmedia&parent=19001"}],"wp:term":[{"taxonomy":"category","embeddable":true,"href":"https:\/\/kommentatorenblog.de\/index.php?rest_route=%2Fwp%2Fv2%2Fcategories&post=19001"},{"taxonomy":"post_tag","embeddable":true,"href":"https:\/\/kommentatorenblog.de\/index.php?rest_route=%2Fwp%2Fv2%2Ftags&post=19001"}],"curies":[{"name":"wp","href":"https:\/\/api.w.org\/{rel}","templated":true}]}}