{"id":19219,"date":"2024-09-30T18:29:08","date_gmt":"2024-09-30T16:29:08","guid":{"rendered":"https:\/\/kommentatorenblog.de\/?p=19219"},"modified":"2024-10-04T11:35:42","modified_gmt":"2024-10-04T09:35:42","slug":"1455-start-der-conference-league","status":"publish","type":"post","link":"https:\/\/kommentatorenblog.de\/?p=19219","title":{"rendered":"1455 &#8211; Start der Conference League"},"content":{"rendered":"\n<p>N\u2019Abend allerseits,<\/p>\n\n\n\n<p>bevor es n\u00e4chste Woche leider wieder in die L\u00e4nderspielpause geht, stehen in den kommenden drei Tagen noch Spiele der Ligaphase der Europapokalwettbewerbe an. W\u00e4hrend die Champions League und Europa League bereits begonnen haben, startet nun auch die Ligaphase der Conference League (das &#8222;Europa&#8220; k\u00f6nnen wir ja seit dieser Saison streichen). \u00dcbertragungstechnisch ist die Conference League weiterhin an die Europa League gekoppelt und wird von RTL bzw. RTL+ pr\u00e4sentiert. Dank der strategischen Partnerschaft mit Sky ist pro Ansto\u00dfzeit jeweils ein Spiel bei Sky zu sehen.<\/p>\n\n\n\n<p>Die Conference League hat eine etwas andere Struktur als die beiden anderen Wettbewerbe. Es gibt insgesamt sechs Lost\u00f6pfe, wobei jedes Team gegen ein Team aus jedem Topf spielt. Das f\u00fchrt dazu, dass die Ligaphase nur sechs Spieltage umfasst und bereits im Dezember endet. \u00c4hnlich wie in der Champions League und der Europa League erreichen auch in diesem Wettbewerb die besten acht Teams direkt das Achtelfinale, w\u00e4hrend die Teams auf den Pl\u00e4tzen 9 bis 24 in Playoffs aufeinandertreffen. Der deutsche Vertreter im Wettbewerb ist der 1. FC Heidenheim, f\u00fcr den das Highlight sicherlich das Duell gegen den FC Chelsea sein wird.<\/p>\n\n\n\n<p>Wer den ersten Auftritt der Heidenheimer in der Conference League kommentiert und alle weiteren Ansetzungen folgen jetzt!<\/p>\n\n\n\n<hr class=\"wp-block-separator\"\/>\n\n\n\n<p><strong>Die Ansetzungen vom 01. Oktober 2024 bis 03. Oktober 2024<\/strong><\/p>\n\n\n\n<hr class=\"wp-block-separator is-style-default\"\/>\n\n\n\n<p><strong>UEFA Champions League, Ligaphase, 2. Spieltag (DAZN\/Prime Video)<\/strong><\/p>\n\n\n\n<p><span style=\"text-decoration: underline;\">Dienstag, 01. Oktober 2024, ab 18.30 Uhr (DAZN)<\/span> <\/p>\n\n\n\n<p><strong><em>VfB Stuttgart \u2013 Sparta Prag (18.45 Uhr)<br><\/em><\/strong><img loading=\"lazy\" decoding=\"async\" width=\"10\" height=\"21\" class=\"wp-image-3656\" style=\"width: 10px;\" src=\"http:\/\/kommentatorenblog.de\/wp-content\/uploads\/2020\/09\/shure-55sh-ii-e1601485394796.jpg\" alt=\"\" srcset=\"https:\/\/kommentatorenblog.de\/wp-content\/uploads\/2020\/09\/shure-55sh-ii-e1601485394796.jpg 415w, https:\/\/kommentatorenblog.de\/wp-content\/uploads\/2020\/09\/shure-55sh-ii-e1601485394796-142x300.jpg 142w\" sizes=\"auto, (max-width: 10px) 100vw, 10px\" \/> Marco Hagemann, Experte: Moritz Volz (Einzelspiel), Max Gross (Konferenz)<br>Field-Reporter: Mario Rieker<\/p>\n\n\n\n<p><span style=\"text-decoration: underline;\">ab 18.15 Uhr (DAZN)<\/span><\/p>\n\n\n\n<p><strong style=\"font-style: italic;\">FC Salzburg \u2013 Stade Brest<\/strong><em><strong> (<\/strong><\/em><em><strong>18.45 Uhr)<\/strong><\/em><br><img loading=\"lazy\" decoding=\"async\" width=\"10\" height=\"21\" class=\"wp-image-3656\" style=\"width: 10px;\" src=\"http:\/\/kommentatorenblog.de\/wp-content\/uploads\/2020\/09\/shure-55sh-ii-e1601485394796.jpg\" alt=\"\" srcset=\"https:\/\/kommentatorenblog.de\/wp-content\/uploads\/2020\/09\/shure-55sh-ii-e1601485394796.jpg 415w, https:\/\/kommentatorenblog.de\/wp-content\/uploads\/2020\/09\/shure-55sh-ii-e1601485394796-142x300.jpg 142w\" sizes=\"auto, (max-width: 10px) 100vw, 10px\" \/> Stefan Galler (Einzelspiel), Christoph Stadtler (Konferenz)<\/p>\n\n\n\n<p><span style=\"text-decoration: underline;\">ab 20.00 Uhr (Prime Video)<\/span> <\/p>\n\n\n\n<p><em><strong>Borussia Dortmund \u2013 Celtic Glasgow (21.00 Uhr)<\/strong><\/em><br><img loading=\"lazy\" decoding=\"async\" width=\"10\" height=\"21\" class=\"wp-image-3656\" style=\"width: 10px;\" src=\"http:\/\/kommentatorenblog.de\/wp-content\/uploads\/2020\/09\/shure-55sh-ii-e1601485394796.jpg\" alt=\"\" srcset=\"https:\/\/kommentatorenblog.de\/wp-content\/uploads\/2020\/09\/shure-55sh-ii-e1601485394796.jpg 415w, https:\/\/kommentatorenblog.de\/wp-content\/uploads\/2020\/09\/shure-55sh-ii-e1601485394796-142x300.jpg 142w\" sizes=\"auto, (max-width: 10px) 100vw, 10px\" \/> Jonas Friedrich, Experte: Benedikt H\u00f6wedes<br>Field-Reporter:innen: Cayana Freeman &amp; Sebastian Benesch<br>Moderation: Alex Schl\u00fcter, Expert:innen: Matthias Sammer, Christoph Kramer &amp; Josephine Henning, Schiedsrichter-Experte: <s>Lutz Wagner<\/s> Wolfgang Stark<\/p>\n\n\n\n<p><span style=\"text-decoration: underline;\">ab 20.30 Uhr (DAZN)<\/span> <\/p>\n\n\n\n<p><em><strong><strong><em>Bayer 04 Leverkusen \u2013 AC Mailand<\/em><\/strong> (21.00 Uhr)<\/strong><\/em><br><img loading=\"lazy\" decoding=\"async\" width=\"10\" height=\"21\" class=\"wp-image-3656\" style=\"width: 10px;\" src=\"http:\/\/kommentatorenblog.de\/wp-content\/uploads\/2020\/09\/shure-55sh-ii-e1601485394796.jpg\" alt=\"\" srcset=\"https:\/\/kommentatorenblog.de\/wp-content\/uploads\/2020\/09\/shure-55sh-ii-e1601485394796.jpg 415w, https:\/\/kommentatorenblog.de\/wp-content\/uploads\/2020\/09\/shure-55sh-ii-e1601485394796-142x300.jpg 142w\" sizes=\"auto, (max-width: 10px) 100vw, 10px\" \/> Uli Hebel, Experte: Tobias Schweinsteiger (Einzelspiel), Nico Seepe (Konferenz)<br>Moderation: Freddy Harder<\/p>\n\n\n\n<p><span style=\"text-decoration: underline;\">ab 20.45 Uhr (DAZN)<\/span> <\/p>\n\n\n\n<p><em><strong>FC Barcelona \u2013 Young Boys Bern (21.00 Uhr)<\/strong><\/em><br><img loading=\"lazy\" decoding=\"async\" width=\"10\" height=\"21\" class=\"wp-image-3656\" style=\"width: 10px;\" src=\"http:\/\/kommentatorenblog.de\/wp-content\/uploads\/2020\/09\/shure-55sh-ii-e1601485394796.jpg\" alt=\"\" srcset=\"https:\/\/kommentatorenblog.de\/wp-content\/uploads\/2020\/09\/shure-55sh-ii-e1601485394796.jpg 415w, https:\/\/kommentatorenblog.de\/wp-content\/uploads\/2020\/09\/shure-55sh-ii-e1601485394796-142x300.jpg 142w\" sizes=\"auto, (max-width: 10px) 100vw, 10px\" \/> Flo Hauser (Einzelspiel), Simon Sterzer (Konferenz)<\/p>\n\n\n\n<p><em><strong>Inter Mailand \u2013 Roter Stern Belgrad (21.00 Uhr)<\/strong><\/em><br><img loading=\"lazy\" decoding=\"async\" width=\"10\" height=\"21\" class=\"wp-image-3656\" style=\"width: 10px;\" src=\"http:\/\/kommentatorenblog.de\/wp-content\/uploads\/2020\/09\/shure-55sh-ii-e1601485394796.jpg\" alt=\"\" srcset=\"https:\/\/kommentatorenblog.de\/wp-content\/uploads\/2020\/09\/shure-55sh-ii-e1601485394796.jpg 415w, https:\/\/kommentatorenblog.de\/wp-content\/uploads\/2020\/09\/shure-55sh-ii-e1601485394796-142x300.jpg 142w\" sizes=\"auto, (max-width: 10px) 100vw, 10px\" \/> Carsten Fu\u00df (Einzelspiel), Marcel Seufert (Konferenz)<\/p>\n\n\n\n<p><em><strong>Bratislava \u2013 Manchester City (21.00 Uhr)<\/strong><\/em><br><img loading=\"lazy\" decoding=\"async\" width=\"10\" height=\"21\" class=\"wp-image-3656\" style=\"width: 10px;\" src=\"http:\/\/kommentatorenblog.de\/wp-content\/uploads\/2020\/09\/shure-55sh-ii-e1601485394796.jpg\" alt=\"\" srcset=\"https:\/\/kommentatorenblog.de\/wp-content\/uploads\/2020\/09\/shure-55sh-ii-e1601485394796.jpg 415w, https:\/\/kommentatorenblog.de\/wp-content\/uploads\/2020\/09\/shure-55sh-ii-e1601485394796-142x300.jpg 142w\" sizes=\"auto, (max-width: 10px) 100vw, 10px\" \/> <s>Joachim Hebel<\/s> Uwe Morawe (Einzelspiel), Tom Kirsten (Konferenz)<\/p>\n\n\n\n<p><em><strong>PSV Eindhoven \u2013 Sporting Lissabon (21.00 Uhr)<\/strong><\/em><br><img loading=\"lazy\" decoding=\"async\" width=\"10\" height=\"21\" class=\"wp-image-3656\" style=\"width: 10px;\" src=\"http:\/\/kommentatorenblog.de\/wp-content\/uploads\/2020\/09\/shure-55sh-ii-e1601485394796.jpg\" alt=\"\" srcset=\"https:\/\/kommentatorenblog.de\/wp-content\/uploads\/2020\/09\/shure-55sh-ii-e1601485394796.jpg 415w, https:\/\/kommentatorenblog.de\/wp-content\/uploads\/2020\/09\/shure-55sh-ii-e1601485394796-142x300.jpg 142w\" sizes=\"auto, (max-width: 10px) 100vw, 10px\" \/> Christopher Putz (Einzelspiel), Oliver Forster (Konferenz)<\/p>\n\n\n\n<p><em><strong>FC Arsenal \u2013 Paris Saint-Germain (21.00 Uhr)<\/strong><\/em><br><img loading=\"lazy\" decoding=\"async\" width=\"10\" height=\"21\" class=\"wp-image-3656\" style=\"width: 10px;\" src=\"http:\/\/kommentatorenblog.de\/wp-content\/uploads\/2020\/09\/shure-55sh-ii-e1601485394796.jpg\" alt=\"\" srcset=\"https:\/\/kommentatorenblog.de\/wp-content\/uploads\/2020\/09\/shure-55sh-ii-e1601485394796.jpg 415w, https:\/\/kommentatorenblog.de\/wp-content\/uploads\/2020\/09\/shure-55sh-ii-e1601485394796-142x300.jpg 142w\" sizes=\"auto, (max-width: 10px) 100vw, 10px\" \/> Michael Born (Einzelspiel), Max Siebald (Konferenz)<\/p>\n\n\n\n<p><span style=\"text-decoration: underline;\">Mittwoch, 02. Oktober 2024, ab 18.15 Uhr (DAZN)<\/span> <\/p>\n\n\n\n<p><strong style=\"font-style: italic;\">Shakhtar Donetsk \u2013 Atalanta Bergamo<\/strong><em><strong> (18.45 Uhr)<\/strong><\/em><br><img loading=\"lazy\" decoding=\"async\" width=\"10\" height=\"21\" class=\"wp-image-3656\" style=\"width: 10px;\" src=\"http:\/\/kommentatorenblog.de\/wp-content\/uploads\/2020\/09\/shure-55sh-ii-e1601485394796.jpg\" alt=\"\" srcset=\"https:\/\/kommentatorenblog.de\/wp-content\/uploads\/2020\/09\/shure-55sh-ii-e1601485394796.jpg 415w, https:\/\/kommentatorenblog.de\/wp-content\/uploads\/2020\/09\/shure-55sh-ii-e1601485394796-142x300.jpg 142w\" sizes=\"auto, (max-width: 10px) 100vw, 10px\" \/> Carsten Fu\u00df (Einzelspiel), Oliver Forster (Konferenz)<\/p>\n\n\n\n<p><strong style=\"font-style: italic;\">FC Girona \u2013 Feyenoord Rotterdam<\/strong><em><strong> (18.45 Uhr)<\/strong><\/em><br><img loading=\"lazy\" decoding=\"async\" width=\"10\" height=\"21\" class=\"wp-image-3656\" style=\"width: 10px;\" src=\"http:\/\/kommentatorenblog.de\/wp-content\/uploads\/2020\/09\/shure-55sh-ii-e1601485394796.jpg\" alt=\"\" srcset=\"https:\/\/kommentatorenblog.de\/wp-content\/uploads\/2020\/09\/shure-55sh-ii-e1601485394796.jpg 415w, https:\/\/kommentatorenblog.de\/wp-content\/uploads\/2020\/09\/shure-55sh-ii-e1601485394796-142x300.jpg 142w\" sizes=\"auto, (max-width: 10px) 100vw, 10px\" \/> Adrian Geiler (Einzelspiel), Flo Hauser (Konferenz)<\/p>\n\n\n\n<p><span style=\"text-decoration: underline;\">ab 20.15 Uhr (DAZN)<\/span> <\/p>\n\n\n\n<p><em><strong>Aston Villa \u2013 FC Bayern M\u00fcnchen (21.00 Uhr)<\/strong><\/em><br><img loading=\"lazy\" decoding=\"async\" width=\"10\" height=\"21\" class=\"wp-image-3656\" style=\"width: 10px;\" src=\"http:\/\/kommentatorenblog.de\/wp-content\/uploads\/2020\/09\/shure-55sh-ii-e1601485394796.jpg\" alt=\"\" srcset=\"https:\/\/kommentatorenblog.de\/wp-content\/uploads\/2020\/09\/shure-55sh-ii-e1601485394796.jpg 415w, https:\/\/kommentatorenblog.de\/wp-content\/uploads\/2020\/09\/shure-55sh-ii-e1601485394796-142x300.jpg 142w\" sizes=\"auto, (max-width: 10px) 100vw, 10px\" \/> Jan Platte, Experte: Michael Ballack (Einzelspiel), Lukas Sch\u00f6nm\u00fcller (Konferenz)<br>Moderation: Laura Wontorra, Field-Reporter: Daniel Herzog<\/p>\n\n\n\n<p><span style=\"text-decoration: underline;\">ab 20.45 Uhr (DAZN)<\/span> <\/p>\n\n\n\n<p><em><strong>RB Leipzig \u2013 Juventus Turin (21.00 Uhr)<\/strong><\/em><br><img loading=\"lazy\" decoding=\"async\" width=\"10\" height=\"21\" class=\"wp-image-3656\" style=\"width: 10px;\" src=\"http:\/\/kommentatorenblog.de\/wp-content\/uploads\/2020\/09\/shure-55sh-ii-e1601485394796.jpg\" alt=\"\" srcset=\"https:\/\/kommentatorenblog.de\/wp-content\/uploads\/2020\/09\/shure-55sh-ii-e1601485394796.jpg 415w, https:\/\/kommentatorenblog.de\/wp-content\/uploads\/2020\/09\/shure-55sh-ii-e1601485394796-142x300.jpg 142w\" sizes=\"auto, (max-width: 10px) 100vw, 10px\" \/> Max Siebald, Experte: Sebastian Knei\u00dfl (Einzelspiel), Mario Rieker (Konferenz)<br>Field-Reporter: Benni Zander<\/p>\n\n\n\n<p><em><strong>OSC Lille \u2013 Real Madrid (21.00 Uhr)<\/strong><\/em><br><img loading=\"lazy\" decoding=\"async\" width=\"10\" height=\"21\" class=\"wp-image-3656\" style=\"width: 10px;\" src=\"http:\/\/kommentatorenblog.de\/wp-content\/uploads\/2020\/09\/shure-55sh-ii-e1601485394796.jpg\" alt=\"\" srcset=\"https:\/\/kommentatorenblog.de\/wp-content\/uploads\/2020\/09\/shure-55sh-ii-e1601485394796.jpg 415w, https:\/\/kommentatorenblog.de\/wp-content\/uploads\/2020\/09\/shure-55sh-ii-e1601485394796-142x300.jpg 142w\" sizes=\"auto, (max-width: 10px) 100vw, 10px\" \/> Christopher Putz (Einzelspiel), Marcel Seufert (Konferenz)<\/p>\n\n\n\n<p><em><strong>Sturm Graz \u2013 Club Br\u00fcgge (21.00 Uhr)<\/strong><\/em><br><img loading=\"lazy\" decoding=\"async\" width=\"10\" height=\"21\" class=\"wp-image-3656\" style=\"width: 10px;\" src=\"http:\/\/kommentatorenblog.de\/wp-content\/uploads\/2020\/09\/shure-55sh-ii-e1601485394796.jpg\" alt=\"\" srcset=\"https:\/\/kommentatorenblog.de\/wp-content\/uploads\/2020\/09\/shure-55sh-ii-e1601485394796.jpg 415w, https:\/\/kommentatorenblog.de\/wp-content\/uploads\/2020\/09\/shure-55sh-ii-e1601485394796-142x300.jpg 142w\" sizes=\"auto, (max-width: 10px) 100vw, 10px\" \/> Christoph Stadtler (Einzelspiel), Stephanie Baczyk (Konferenz)<\/p>\n\n\n\n<p><em><strong>Dinamo Zagreb \u2013 AS Monaco (21.00 Uhr)<\/strong><\/em><br><img loading=\"lazy\" decoding=\"async\" width=\"10\" height=\"21\" class=\"wp-image-3656\" style=\"width: 10px;\" src=\"http:\/\/kommentatorenblog.de\/wp-content\/uploads\/2020\/09\/shure-55sh-ii-e1601485394796.jpg\" alt=\"\" srcset=\"https:\/\/kommentatorenblog.de\/wp-content\/uploads\/2020\/09\/shure-55sh-ii-e1601485394796.jpg 415w, https:\/\/kommentatorenblog.de\/wp-content\/uploads\/2020\/09\/shure-55sh-ii-e1601485394796-142x300.jpg 142w\" sizes=\"auto, (max-width: 10px) 100vw, 10px\" \/> Guido H\u00fcsgen (Einzelspiel), Freddie Schulz (Konferenz)<\/p>\n\n\n\n<p><em><strong>FC Liverpool \u2013 FC Bologna (21.00 Uhr)<\/strong><\/em><br><img loading=\"lazy\" decoding=\"async\" width=\"10\" height=\"21\" class=\"wp-image-3656\" style=\"width: 10px;\" src=\"http:\/\/kommentatorenblog.de\/wp-content\/uploads\/2020\/09\/shure-55sh-ii-e1601485394796.jpg\" alt=\"\" srcset=\"https:\/\/kommentatorenblog.de\/wp-content\/uploads\/2020\/09\/shure-55sh-ii-e1601485394796.jpg 415w, https:\/\/kommentatorenblog.de\/wp-content\/uploads\/2020\/09\/shure-55sh-ii-e1601485394796-142x300.jpg 142w\" sizes=\"auto, (max-width: 10px) 100vw, 10px\" \/> Nico Seepe (Einzelspiel), Michael Born (Konferenz)<\/p>\n\n\n\n<p><em><strong>Benfica Lissabon \u2013 Atl\u00e9tico Madrid (21.00 Uhr)<\/strong><\/em><br><img loading=\"lazy\" decoding=\"async\" width=\"10\" height=\"21\" class=\"wp-image-3656\" style=\"width: 10px;\" src=\"http:\/\/kommentatorenblog.de\/wp-content\/uploads\/2020\/09\/shure-55sh-ii-e1601485394796.jpg\" alt=\"\" srcset=\"https:\/\/kommentatorenblog.de\/wp-content\/uploads\/2020\/09\/shure-55sh-ii-e1601485394796.jpg 415w, https:\/\/kommentatorenblog.de\/wp-content\/uploads\/2020\/09\/shure-55sh-ii-e1601485394796-142x300.jpg 142w\" sizes=\"auto, (max-width: 10px) 100vw, 10px\" \/> David Ploch (Einzelspiel), Tom Kirsten (Konferenz)<\/p>\n\n\n\n<hr class=\"wp-block-separator\"\/>\n\n\n\n<p><strong>UEFA Europa League &amp; UEFA Conference League, Ligaphase, 2. &amp; 1. Spieltag (RTL\/RTL+)<\/strong><\/p>\n\n\n\n<p><span style=\"text-decoration: underline;\">Donnerstag, 03. Oktober 2024, ab 18.15 Uhr (RTL+)<\/span><\/p>\n\n\n\n<p><em><strong>TSG 1899 Hoffenheim \u2013 Dynamo Kiew (18.45 Uhr)<\/strong><\/em><br><img loading=\"lazy\" decoding=\"async\" width=\"10\" height=\"21\" class=\"wp-image-3656\" style=\"width: 10px;\" src=\"http:\/\/kommentatorenblog.de\/wp-content\/uploads\/2020\/09\/shure-55sh-ii-e1601485394796.jpg\" alt=\"\" srcset=\"https:\/\/kommentatorenblog.de\/wp-content\/uploads\/2020\/09\/shure-55sh-ii-e1601485394796.jpg 415w, https:\/\/kommentatorenblog.de\/wp-content\/uploads\/2020\/09\/shure-55sh-ii-e1601485394796-142x300.jpg 142w\" sizes=\"auto, (max-width: 10px) 100vw, 10px\" \/> Florian von Stackelberg, Experte: Felix Kroos (Einzelspiel), Stefan Fuckert (Konferenz)<br>Field-Reporter: Felix G\u00f6rner<\/p>\n\n\n\n<p><em><strong>1. FC Heidenheim \u2013 Olimpija Ljubljana (18.45 Uhr)<\/strong><\/em><br><img loading=\"lazy\" decoding=\"async\" width=\"10\" height=\"21\" class=\"wp-image-3656\" style=\"width: 10px;\" src=\"http:\/\/kommentatorenblog.de\/wp-content\/uploads\/2020\/09\/shure-55sh-ii-e1601485394796.jpg\" alt=\"\" srcset=\"https:\/\/kommentatorenblog.de\/wp-content\/uploads\/2020\/09\/shure-55sh-ii-e1601485394796.jpg 415w, https:\/\/kommentatorenblog.de\/wp-content\/uploads\/2020\/09\/shure-55sh-ii-e1601485394796-142x300.jpg 142w\" sizes=\"auto, (max-width: 10px) 100vw, 10px\" \/> Oliver Seidler (Einzelspiel), Klaus Veltman (Konferenz)<br>Field-Reporter: Jonas Gerdes<\/p>\n\n\n\n<p><em><strong>FC Rigas Futbola Skola \u2013 Galatasaray Istanbul<\/strong><\/em> <em><strong>(18.45 Uhr)<\/strong><\/em><br><img loading=\"lazy\" decoding=\"async\" width=\"10\" height=\"21\" class=\"wp-image-3656\" style=\"width: 10px;\" src=\"http:\/\/kommentatorenblog.de\/wp-content\/uploads\/2020\/09\/shure-55sh-ii-e1601485394796.jpg\" alt=\"\" srcset=\"https:\/\/kommentatorenblog.de\/wp-content\/uploads\/2020\/09\/shure-55sh-ii-e1601485394796.jpg 415w, https:\/\/kommentatorenblog.de\/wp-content\/uploads\/2020\/09\/shure-55sh-ii-e1601485394796-142x300.jpg 142w\" sizes=\"auto, (max-width: 10px) 100vw, 10px\" \/> Philip Konrad (Einzelspiel), Peter Reichert (Konferenz)<\/p>\n\n\n\n<p><em><strong>Ferencvaros Budapest \u2013 Tottenham Hotspur (18.45 Uhr)<\/strong><\/em><br><img loading=\"lazy\" decoding=\"async\" width=\"10\" height=\"21\" class=\"wp-image-3656\" style=\"width: 10px;\" src=\"http:\/\/kommentatorenblog.de\/wp-content\/uploads\/2020\/09\/shure-55sh-ii-e1601485394796.jpg\" alt=\"\" srcset=\"https:\/\/kommentatorenblog.de\/wp-content\/uploads\/2020\/09\/shure-55sh-ii-e1601485394796.jpg 415w, https:\/\/kommentatorenblog.de\/wp-content\/uploads\/2020\/09\/shure-55sh-ii-e1601485394796-142x300.jpg 142w\" sizes=\"auto, (max-width: 10px) 100vw, 10px\" \/> Rene Langhoff (Einzelspiel)<\/p>\n\n\n\n<p><span style=\"text-decoration: underline;\">ab 18.15 Uhr (RTL+) bzw. ab 18.35 Uhr (Sky)<\/span><\/p>\n\n\n\n<p><em><strong>Lazio Rom \u2013 OGC Nizza&nbsp;(18.45 Uhr)<\/strong><\/em><br><img loading=\"lazy\" decoding=\"async\" width=\"10\" height=\"21\" class=\"wp-image-3656\" style=\"width: 10px;\" src=\"http:\/\/kommentatorenblog.de\/wp-content\/uploads\/2020\/09\/shure-55sh-ii-e1601485394796.jpg\" alt=\"\" srcset=\"https:\/\/kommentatorenblog.de\/wp-content\/uploads\/2020\/09\/shure-55sh-ii-e1601485394796.jpg 415w, https:\/\/kommentatorenblog.de\/wp-content\/uploads\/2020\/09\/shure-55sh-ii-e1601485394796-142x300.jpg 142w\" sizes=\"auto, (max-width: 10px) 100vw, 10px\" \/> Simon Sterzer (Einzelspiel)<\/p>\n\n\n\n<p><span style=\"text-decoration: underline;\"><span style=\"text-decoration: underline;\">ab 20.40 Uhr (RTL\/RTL+)<\/span> <\/span><\/p>\n\n\n\n<p><em><strong>Besiktas Istanbul \u2013 Eintracht Frankfurt (21.00 Uhr)<\/strong><\/em><br><img loading=\"lazy\" decoding=\"async\" width=\"10\" height=\"21\" class=\"wp-image-3656\" style=\"width: 10px;\" src=\"http:\/\/kommentatorenblog.de\/wp-content\/uploads\/2020\/09\/shure-55sh-ii-e1601485394796.jpg\" alt=\"\" srcset=\"https:\/\/kommentatorenblog.de\/wp-content\/uploads\/2020\/09\/shure-55sh-ii-e1601485394796.jpg 415w, https:\/\/kommentatorenblog.de\/wp-content\/uploads\/2020\/09\/shure-55sh-ii-e1601485394796-142x300.jpg 142w\" sizes=\"auto, (max-width: 10px) 100vw, 10px\" \/> RTL: Marco Hagemann; Experte: Lothar Matth\u00e4us<br>Moderation (RTL): Laura Papendick, Field-Reporter: Thomas Wagner &amp; Christoph K\u00fcppers<br><img loading=\"lazy\" decoding=\"async\" width=\"10\" height=\"21\" class=\"wp-image-3656\" style=\"width: 10px;\" src=\"http:\/\/kommentatorenblog.de\/wp-content\/uploads\/2020\/09\/shure-55sh-ii-e1601485394796.jpg\" alt=\"\" srcset=\"https:\/\/kommentatorenblog.de\/wp-content\/uploads\/2020\/09\/shure-55sh-ii-e1601485394796.jpg 415w, https:\/\/kommentatorenblog.de\/wp-content\/uploads\/2020\/09\/shure-55sh-ii-e1601485394796-142x300.jpg 142w\" sizes=\"auto, (max-width: 10px) 100vw, 10px\" \/> RTL+: Cornelius K\u00fcpper, Experte: Patrick Helmes (Einzelspiel), J\u00fcrgen Schmitz (Konferenz)<br><img loading=\"lazy\" decoding=\"async\" width=\"10\" height=\"21\" class=\"wp-image-3656\" style=\"width: 10px;\" src=\"http:\/\/kommentatorenblog.de\/wp-content\/uploads\/2020\/09\/shure-55sh-ii-e1601485394796.jpg\" alt=\"\" srcset=\"https:\/\/kommentatorenblog.de\/wp-content\/uploads\/2020\/09\/shure-55sh-ii-e1601485394796.jpg 415w, https:\/\/kommentatorenblog.de\/wp-content\/uploads\/2020\/09\/shure-55sh-ii-e1601485394796-142x300.jpg 142w\" sizes=\"auto, (max-width: 10px) 100vw, 10px\" \/> RTL+-Extra-Stream: Robby Hunke &amp; Can Eren aka \u201eCanBroke\u201c<\/p>\n\n\n\n<p><span style=\"text-decoration: underline;\"><span style=\"text-decoration: underline;\">ab 20.40 Uhr (RTL+)<\/span> <\/span><\/p>\n\n\n\n<p><em><strong>IF Elfsborg \u2013 AS Rom<\/strong><\/em> <em><strong>(21.00 Uhr)<\/strong><\/em><br><img loading=\"lazy\" decoding=\"async\" width=\"10\" height=\"21\" class=\"wp-image-3656\" style=\"width: 10px;\" src=\"http:\/\/kommentatorenblog.de\/wp-content\/uploads\/2020\/09\/shure-55sh-ii-e1601485394796.jpg\" alt=\"\" srcset=\"https:\/\/kommentatorenblog.de\/wp-content\/uploads\/2020\/09\/shure-55sh-ii-e1601485394796.jpg 415w, https:\/\/kommentatorenblog.de\/wp-content\/uploads\/2020\/09\/shure-55sh-ii-e1601485394796-142x300.jpg 142w\" sizes=\"auto, (max-width: 10px) 100vw, 10px\" \/> Julian Engelhard (Einzelspiel), Alex K\u00fcpper (Konferenz)<\/p>\n\n\n\n<p><em><strong>FC Chelsea \u2013 KAA Gent&nbsp;(21.00 Uhr)<\/strong><\/em><br><img loading=\"lazy\" decoding=\"async\" width=\"10\" height=\"21\" class=\"wp-image-3656\" style=\"width: 10px;\" src=\"http:\/\/kommentatorenblog.de\/wp-content\/uploads\/2020\/09\/shure-55sh-ii-e1601485394796.jpg\" alt=\"\" srcset=\"https:\/\/kommentatorenblog.de\/wp-content\/uploads\/2020\/09\/shure-55sh-ii-e1601485394796.jpg 415w, https:\/\/kommentatorenblog.de\/wp-content\/uploads\/2020\/09\/shure-55sh-ii-e1601485394796-142x300.jpg 142w\" sizes=\"auto, (max-width: 10px) 100vw, 10px\" \/> Michael Born (Einzelspiel), Tim Hemmrich (Konferenz)<\/p>\n\n\n\n<p><em><strong>FC Twente Enschede \u2013 Fenerbahce Istanbul (21.00 Uhr)<\/strong><\/em><br><img loading=\"lazy\" decoding=\"async\" width=\"10\" height=\"21\" class=\"wp-image-3656\" style=\"width: 10px;\" src=\"http:\/\/kommentatorenblog.de\/wp-content\/uploads\/2020\/09\/shure-55sh-ii-e1601485394796.jpg\" alt=\"\" srcset=\"https:\/\/kommentatorenblog.de\/wp-content\/uploads\/2020\/09\/shure-55sh-ii-e1601485394796.jpg 415w, https:\/\/kommentatorenblog.de\/wp-content\/uploads\/2020\/09\/shure-55sh-ii-e1601485394796-142x300.jpg 142w\" sizes=\"auto, (max-width: 10px) 100vw, 10px\" \/> Constantin Eckner (Einzelspiel)<\/p>\n\n\n\n<p><span style=\"text-decoration: underline;\">ab 20.40 Uhr (RTL+) bzw. ab 20.50 Uhr (Sky)<\/span><\/p>\n\n\n\n<p><em><strong>FC Porto \u2013 Manchester United<\/strong><\/em> <em><strong>(21.00 Uhr)<\/strong><\/em><br>RTL+\/Sky: <img loading=\"lazy\" decoding=\"async\" width=\"10\" height=\"21\" class=\"wp-image-3656\" style=\"width: 10px;\" src=\"http:\/\/kommentatorenblog.de\/wp-content\/uploads\/2020\/09\/shure-55sh-ii-e1601485394796.jpg\" alt=\"\" srcset=\"https:\/\/kommentatorenblog.de\/wp-content\/uploads\/2020\/09\/shure-55sh-ii-e1601485394796.jpg 415w, https:\/\/kommentatorenblog.de\/wp-content\/uploads\/2020\/09\/shure-55sh-ii-e1601485394796-142x300.jpg 142w\" sizes=\"auto, (max-width: 10px) 100vw, 10px\" \/> Christoph Stadtler (Einzelspiel)<br>RTL+: <img loading=\"lazy\" decoding=\"async\" width=\"10\" height=\"21\" class=\"wp-image-3656\" style=\"width: 10px;\" src=\"http:\/\/kommentatorenblog.de\/wp-content\/uploads\/2020\/09\/shure-55sh-ii-e1601485394796.jpg\" alt=\"\" srcset=\"https:\/\/kommentatorenblog.de\/wp-content\/uploads\/2020\/09\/shure-55sh-ii-e1601485394796.jpg 415w, https:\/\/kommentatorenblog.de\/wp-content\/uploads\/2020\/09\/shure-55sh-ii-e1601485394796-142x300.jpg 142w\" sizes=\"auto, (max-width: 10px) 100vw, 10px\" \/> Frederick Schulz (Konferenz)<\/p>\n\n\n\n<p>Matchday-Moderation: Anna Kraft, Experte: Nils Petersen, Community-Host: Julius Fellermann<\/p>\n\n\n\n<hr class=\"wp-block-separator\"\/>\n\n\n\n<p><strong>UEFA Youth League, Ligaphase, 1. Spieltag (DAZN)<\/strong><\/p>\n\n\n\n<p><span style=\"text-decoration: underline;\">Dienstag, 01. Oktober 2024<\/span><\/p>\n\n\n\n<p><em><strong>Bayer 04 Leverkusen \u2013 AC Mailand U19<\/strong><\/em><em><strong> (14.00 Uhr)<\/strong><\/em><br><img loading=\"lazy\" decoding=\"async\" width=\"10\" height=\"21\" class=\"wp-image-3656\" style=\"width: 10px;\" src=\"http:\/\/kommentatorenblog.de\/wp-content\/uploads\/2020\/09\/shure-55sh-ii-e1601485394796.jpg\" alt=\"\" srcset=\"https:\/\/kommentatorenblog.de\/wp-content\/uploads\/2020\/09\/shure-55sh-ii-e1601485394796.jpg 415w, https:\/\/kommentatorenblog.de\/wp-content\/uploads\/2020\/09\/shure-55sh-ii-e1601485394796-142x300.jpg 142w\" sizes=\"auto, (max-width: 10px) 100vw, 10px\" \/> Jan-Lucas Krenzer<\/p>\n\n\n\n<hr class=\"wp-block-separator\"\/>\n\n\n\n<p><strong>Saudi Pro League, 6. Spieltag (Sportdigital FUSSBALL)<\/strong><\/p>\n\n\n\n<p><span style=\"text-decoration: underline;\">Donnerstag, 03. Oktober 2024<\/span><\/p>\n\n\n\n<p><em><strong>Al-Okhdood &#8211; Al-Ittihad (20.00 Uhr)<\/strong><\/em><br><img loading=\"lazy\" decoding=\"async\" width=\"10\" height=\"21\" class=\"wp-image-3656\" style=\"width: 10px;\" src=\"http:\/\/kommentatorenblog.de\/wp-content\/uploads\/2020\/09\/shure-55sh-ii-e1601485394796.jpg\" alt=\"\" srcset=\"https:\/\/kommentatorenblog.de\/wp-content\/uploads\/2020\/09\/shure-55sh-ii-e1601485394796.jpg 415w, https:\/\/kommentatorenblog.de\/wp-content\/uploads\/2020\/09\/shure-55sh-ii-e1601485394796-142x300.jpg 142w\" sizes=\"auto, (max-width: 10px) 100vw, 10px\" \/> Moritz Knorr<\/p>\n\n\n\n<hr class=\"wp-block-separator\"\/>\n\n\n\n<p><strong>Regionalliga Bayern, 12. Spieltag (BR24Sport)<\/strong><\/p>\n\n\n\n<p><span style=\"text-decoration: underline;\">Donnerstag, 03. Oktober 2024<\/span><\/p>\n\n\n\n<p><strong><em>FC Eintracht Bamberg &#8211; FC Bayern M\u00fcnchen II (19.00 Uhr)<\/em><\/strong><br><img loading=\"lazy\" decoding=\"async\" width=\"10\" height=\"21\" class=\"wp-image-3656\" style=\"width: 10px;\" src=\"http:\/\/kommentatorenblog.de\/wp-content\/uploads\/2020\/09\/shure-55sh-ii-e1601485394796.jpg\" alt=\"\" srcset=\"https:\/\/kommentatorenblog.de\/wp-content\/uploads\/2020\/09\/shure-55sh-ii-e1601485394796.jpg 415w, https:\/\/kommentatorenblog.de\/wp-content\/uploads\/2020\/09\/shure-55sh-ii-e1601485394796-142x300.jpg 142w\" sizes=\"auto, (max-width: 10px) 100vw, 10px\" \/> Bernd Schmelzer<\/p>\n\n\n\n<hr class=\"wp-block-separator\"\/>\n\n\n\n<p><strong>Die Analyse<\/strong><\/p>\n\n\n\n<p><strong>Zweites Spiel f\u00fcr das Duo Hagemann &amp; Volz <\/strong><\/p>\n\n\n\n<p>Bereits zum Auftakt des 2. Spieltags der Ligaphase der UEFA Champions League ist eine deutsche Mannschaft am Start. F\u00fcr den VfB Stuttgart geht es nach dem Auftakt bei Real Madrid nun zu Hause in der K\u00f6nigsklasse weiter. DAZN meldet sich ab 18:30 Uhr mit einem Trio aus Stuttgart. Mario Rieker wird als Field-Reporter im Einsatz sein, w\u00e4hrend Kommentator Marco Hagemann und Experte Moritz Volz \u2013 das Duo war bereits am 1. Spieltag gemeinsam in Madrid beim Spiel von RB im Einsatz \u2013 durch die 90 Minuten f\u00fchren. In der Konferenz begleitet Max Gross die Partie, der sich mit Christoph Stadtler abwechselt. <\/p>\n\n\n\n<p><strong>Gewohnte Gesichter bei Prime<\/strong><\/p>\n\n\n\n<p>Ab 20 Uhr startet dann Prime mit seinem Livespiel aus Dortmund. Alex Schl\u00fcter bekommt dabei, wie bereits am 1. Spieltag, Unterst\u00fctzung von Matthias Sammer und Christoph Kramer, w\u00e4hrend Josephine Henning anstelle von Tabea Kemme die dritte Position einnimmt. Als Field-Reporter:innen fungieren nat\u00fcrlich auch im Signal-Iduna-Park Cayana Freeman und Sebastian Benesch. Kommentiert wird die ganze Geschichte nat\u00fcrlich von dem Duo Jonas Friedrich &amp; Benedikt H\u00f6wedes.<\/p>\n\n\n\n<p><strong>Stadion-Deb\u00fct f\u00fcr Uli Hebel<\/strong><\/p>\n\n\n\n<p>Doch damit noch nicht genug: Zur sp\u00e4ten Ansto\u00dfzeit tritt ein weiterer deutscher Vertreter an. Der Meister Bayer 04 Leverkusen empf\u00e4ngt den AC Mailand in der heimischen BayArena. Ab 20:30 Uhr begr\u00fc\u00dft Freddy Harder, der die Werkself bereits am 1. Spieltag beim Gastspiel in Rotterdam kommentierte, die Zuschauenden gemeinsam mit Tobi Schweinsteiger vom Spielfeldrand. Als Kommentator ist Uli Hebel im Einsatz, f\u00fcr den CL-Finalkommentator von 2023 ist es der erste Stadion-Einsatz in dieser Saison &#8211; ich freue mich drauf!<\/p>\n\n\n\n<p>In der sp\u00e4teren Konferenz, die aus Sicht der Konsumierenden aufgrund eines fehlenden Spiels leider nie ganz befriedigend ist, \u00fcbernimmt Nico Seepe die Partie von Leverkusen, w\u00e4hrend Max Siebald das nominell prominenteste Spiel zwischen Arsenal und Paris begleitet. Komplettiert wird das Sextett durch die Herren Forster, Kirsten, Seufert und Sterzer.<\/p>\n\n\n\n<p><strong>Zwei Deutsche Teams in der Mittwochs-Sp\u00e4tschicht<\/strong><\/p>\n\n\n\n<p>Am Mittwoch startet die Fr\u00fchschicht ohne deutsche Beteiligung, daf\u00fcr gibt es um 21 Uhr gleich zwei Vertreter. DAZN legt dabei den Fokus auf das Spiel der Bayern bei Aston Villa. Ab 20 Uhr meldet sich dasselbe Quartett (Wontorra, Ballack, Herzog und Platte) aus Birmingham, das bereits den furiosen Auftaktsieg des Rekordmeisters gegen Zagreb am 1. Spieltag begleitet hat.<\/p>\n\n\n\n<p>F\u00fcr RB Leipzig geht es parallel gegen Juventus Turin. Nach dem schweren Auftakt bei Atl\u00e9tico Madrid wird es f\u00fcr den Halbfinalisten von 2020 auch diesmal nicht leichter. Benni Zander hat eine kurze Anreise und geht auf Stimmenfang, w\u00e4hrend das Duo Siebald &amp; Knei\u00dfl die Kommentatorenposition in der Red Bull Arena besetzt.<\/p>\n\n\n\n<p>In der Konferenz k\u00fcmmern sich Lukas Sch\u00f6nm\u00fcller (Bayern) und Mario Rieker (Leipzig) um die deutschen Vertreter. Neben den bekannten DAZN-Stimmen Marcel Seufert, Michael Born, Freddy Schulz und Tom Kirsten ist auch Stephanie Baczyk mit dabei \u2013 eine Best\u00e4tigung, dass sie weiterhin DAZN bei den Europapokal\u00fcbertragungen unterst\u00fctzt.<\/p>\n\n\n\n<p><strong>Seidler bei Heidenheim<\/strong><\/p>\n\n\n\n<p>Der Europapokal-Donnerstag startet ab 18:15 Uhr auf RTL+. Der Vorlauf mit Anna Kraft und Nils Petersen legt den Fokus auf die Heimspiele von Heidenheim und Hoffenheim, wo Jonas Gerdes bzw. Felix G\u00f6rner auf Stimmenfang gehen. Oliver Seidler wird das erste regul\u00e4re Spiel der Heidenheimer in der Conference League kommentieren, w\u00e4hrend sich das Duo von Stackelberg &amp; Kroos um das Spiel der kriselnden TSG Hoffenheim k\u00fcmmert. Die fr\u00fche Konferenz, die diese Woche nur aus drei Spielen besteht, wird von den Herren Klaus Veltman, Stefan Fuckert und Peter Reichert \u00fcbernommen.<\/p>\n\n\n\n<p><strong>Frankfurt in gleich dreifacher Ausf\u00fchrung<\/strong><\/p>\n\n\n\n<p>Ab 20.15Uhr startet RTL dann auch im FreeTV &#8211; wie vergangene Woche mit einer Partie der Frankfurter Eintracht. Das gewohnte Trio Laura Papendick, Lothar Matth\u00e4us und Marco Hagemann meldet sich aus dem T\u00fcpra\u015f Stadyumu in Istanbul, in dem auch Christoph K\u00fcppers und Thomas Wagner auf Stimmenfang gehen. Die Partie gibt es dabei nat\u00fcrlich auch im RTL+-Einzelfeed zu sehen (mit Cornelius K\u00fcpper und Patrick Helmes), doch damit nicht genug gibt es einen Extra-Stream mit Robby Hunke und dem Streamer &amp; bekennenden Besiktas-Fan Can Eren, wohl besser bekannt \u201eCanBroke\u201c.<\/p>\n\n\n\n<p>In der sp\u00e4ten Konferenz \u00fcbernimmt J\u00fcrgen Schmitz die Eintracht, w\u00e4hrend die anderen drei St\u00fchle von Alex K\u00fcpper, Freddie Schulz und Tim Hemmrich besetzt werden.<\/p>\n\n\n\n<p>Bis dahin, w\u00fcnsche ich euch einen guten Start in den Oktober! Am Donnerstag geht es dann weiter mit den Ansetzungen vom Wochenende.<\/p>\n","protected":false},"excerpt":{"rendered":"<p>N\u2019Abend allerseits, bevor es n\u00e4chste Woche leider wieder in die L\u00e4nderspielpause geht, stehen in den kommenden drei Tagen noch Spiele der Ligaphase der Europapokalwettbewerbe an. W\u00e4hrend die Champions League und Europa League bereits begonnen haben, startet nun auch die Ligaphase der Conference League (das &#8222;Europa&#8220; k\u00f6nnen wir ja seit dieser Saison streichen). \u00dcbertragungstechnisch ist die [&hellip;]<\/p>\n","protected":false},"author":5,"featured_media":0,"comment_status":"open","ping_status":"open","sticky":false,"template":"","format":"standard","meta":{"footnotes":""},"categories":[425],"tags":[],"class_list":["post-19219","post","type-post","status-publish","format-standard","hentry","category-champions-league-und-co"],"_links":{"self":[{"href":"https:\/\/kommentatorenblog.de\/index.php?rest_route=\/wp\/v2\/posts\/19219","targetHints":{"allow":["GET"]}}],"collection":[{"href":"https:\/\/kommentatorenblog.de\/index.php?rest_route=\/wp\/v2\/posts"}],"about":[{"href":"https:\/\/kommentatorenblog.de\/index.php?rest_route=\/wp\/v2\/types\/post"}],"author":[{"embeddable":true,"href":"https:\/\/kommentatorenblog.de\/index.php?rest_route=\/wp\/v2\/users\/5"}],"replies":[{"embeddable":true,"href":"https:\/\/kommentatorenblog.de\/index.php?rest_route=%2Fwp%2Fv2%2Fcomments&post=19219"}],"version-history":[{"count":13,"href":"https:\/\/kommentatorenblog.de\/index.php?rest_route=\/wp\/v2\/posts\/19219\/revisions"}],"predecessor-version":[{"id":19265,"href":"https:\/\/kommentatorenblog.de\/index.php?rest_route=\/wp\/v2\/posts\/19219\/revisions\/19265"}],"wp:attachment":[{"href":"https:\/\/kommentatorenblog.de\/index.php?rest_route=%2Fwp%2Fv2%2Fmedia&parent=19219"}],"wp:term":[{"taxonomy":"category","embeddable":true,"href":"https:\/\/kommentatorenblog.de\/index.php?rest_route=%2Fwp%2Fv2%2Fcategories&post=19219"},{"taxonomy":"post_tag","embeddable":true,"href":"https:\/\/kommentatorenblog.de\/index.php?rest_route=%2Fwp%2Fv2%2Ftags&post=19219"}],"curies":[{"name":"wp","href":"https:\/\/api.w.org\/{rel}","templated":true}]}}