{"id":19788,"date":"2024-11-28T23:38:39","date_gmt":"2024-11-28T21:38:39","guid":{"rendered":"https:\/\/kommentatorenblog.de\/?p=19788"},"modified":"2025-01-04T17:36:19","modified_gmt":"2025-01-04T16:36:19","slug":"1468-rann-an-den-naechsten-spieltag","status":"publish","type":"post","link":"https:\/\/kommentatorenblog.de\/?p=19788","title":{"rendered":"1468 &#8211; Ran(n) an den n\u00e4chsten Spieltag"},"content":{"rendered":"\n<p>N&#8217;Abend allerseits,<\/p>\n\n\n\n<p>eine weitere Europawoche ist rum und die Saison bewegt sich bereits mit schnellen Schritten auf die Winterpause zu, was man alleine schon daran merkt, dass die Wintersport-Saison bereits wieder gestartet ist. Ein paar \u00c4nderungen gibt es wieder beim ZDF: das langj\u00e4hrige Biathlon-Duo Christoph Hamm und Herbert Fritzenwenger hat sich in den Ruhestand verabschiedet, auf sie folgen Volker Grube, zuvor bei der Nordischen Kombination, und der bisherige Analyse-Experte Sven Fischer. An die Stelle von letzterem tritt die 2023 zur\u00fcckgetretene Olympiasiegerin Denise Herrmann-Wick, die NoKo \u00fcbernimmt Meili Scheidemann, die ja auch bei Fu\u00dfball-\u00dcbertragungen schon einige Male als Interviewerin im Einsatz war. Fabian Meseberg \u00fcbernimmt vom ebenfalls in den Ruhestand getretenen Michael Pfeffer den Ski-Weltcup der M\u00e4nner und Felix Tusche wird wohl im Laufe der Saison entweder Michael Kreutz oder Martin Wolff bei Bob und Skeleton abl\u00f6sen. Au\u00dferdem ist Rudi Cerne nicht mehr Teil des Studio-Moderationsteams, kann aber wie Norbert K\u00f6nig weiterhin bei Bedarf einspringen. Bei der ARD ersetzt lediglich Moritz K\u00fchn Thorsten Iffland bei Ski- und Snowboardcross, da letzterer nun als Korrespondent aus Tokio f\u00fcr ARD und NDR berichtet und daher auch nicht mehr bei den Audio-\u00dcbertragungen der Bundesliga zu h\u00f6ren ist. Bei Eurosport ist Fabian Rie\u00dfle neuer Experte f\u00fcr die NoKo.<\/p>\n\n\n\n<p>Aber zur\u00fcck zum Fu\u00dfball: nur noch 4 Bundesliga-Spieltage stehen bis Jahresende an. An diesem wartet mal wieder das halbj\u00e4hrliche Highlight des Aufeinandertreffens zwischen FC Bayern M\u00fcnchen und Borussia Dortmund, die Frauen befinden sich wieder in der L\u00e4nderspielpause und in Bezug auf die TV-\u00dcbertragungen erwarten uns einige nicht gerade allt\u00e4gliche Ansetzungen, auf die wir gespannt sein k\u00f6nnen.<\/p>\n\n\n\n<hr class=\"wp-block-separator has-css-opacity\"\/>\n\n\n\n<p><strong>Die Ansetzungen vom 29. November bis zum 02. Dezember 2024<\/strong><\/p>\n\n\n\n<hr class=\"wp-block-separator has-css-opacity\"\/>\n\n\n\n<p><strong>Internationale Freundschaftsspiele, Frauen<\/strong><\/p>\n\n\n\n<p><span style=\"text-decoration: underline;\">Freitag, 29. November 2024, ab 19.50 Uhr (ZDF-Livestream)<\/span><\/p>\n\n\n\n<p><strong><em>Schweiz &#8211; Deutschland (20.00 Uhr)<\/em><\/strong><br><em><strong><img loading=\"lazy\" decoding=\"async\" width=\"10\" height=\"21\" class=\"wp-image-3656\" style=\"width: 10px;\" src=\"http:\/\/kommentatorenblog.de\/wp-content\/uploads\/2020\/09\/shure-55sh-ii-e1601485394796.jpg\" alt=\"\" srcset=\"https:\/\/kommentatorenblog.de\/wp-content\/uploads\/2020\/09\/shure-55sh-ii-e1601485394796.jpg 415w, https:\/\/kommentatorenblog.de\/wp-content\/uploads\/2020\/09\/shure-55sh-ii-e1601485394796-142x300.jpg 142w\" sizes=\"auto, (max-width: 10px) 100vw, 10px\" \/><\/strong><\/em> Gari Paubandt<br>Field-Reporter: Martin Wolff<\/p>\n\n\n\n<p><span style=\"text-decoration: underline;\">Montag, 02. Dezember 2024, ab 20.15 Uhr (ARD)<\/span><\/p>\n\n\n\n<p><strong><em>Deutschland &#8211; Italien (21.00 Uhr)<\/em><\/strong><br><em><strong><img loading=\"lazy\" decoding=\"async\" width=\"10\" height=\"21\" class=\"wp-image-3656\" style=\"width: 10px;\" src=\"http:\/\/kommentatorenblog.de\/wp-content\/uploads\/2020\/09\/shure-55sh-ii-e1601485394796.jpg\" alt=\"\" srcset=\"https:\/\/kommentatorenblog.de\/wp-content\/uploads\/2020\/09\/shure-55sh-ii-e1601485394796.jpg 415w, https:\/\/kommentatorenblog.de\/wp-content\/uploads\/2020\/09\/shure-55sh-ii-e1601485394796-142x300.jpg 142w\" sizes=\"auto, (max-width: 10px) 100vw, 10px\" \/><\/strong><\/em> Christina Graf, Expertin: Almuth Schult<br>Moderation: Claus Lufen, Field-Reporterin: Ina Kast<\/p>\n\n\n\n<hr class=\"wp-block-separator has-css-opacity\"\/>\n\n\n\n<p><strong>Bundesliga, 12. Spieltag<\/strong><\/p>\n\n\n\n<p><span style=\"text-decoration: underline;\">Freitag, 29. November 2024, ab 19.45 Uhr (DAZN)<\/span><\/p>\n\n\n\n<p><strong><em>FC St. Pauli &#8211; KSV Holstein Kiel (20.30 Uhr)<\/em><\/strong><br><em><strong><img loading=\"lazy\" decoding=\"async\" width=\"10\" height=\"21\" class=\"wp-image-3656\" style=\"width: 10px;\" src=\"http:\/\/kommentatorenblog.de\/wp-content\/uploads\/2020\/09\/shure-55sh-ii-e1601485394796.jpg\" alt=\"\" srcset=\"https:\/\/kommentatorenblog.de\/wp-content\/uploads\/2020\/09\/shure-55sh-ii-e1601485394796.jpg 415w, https:\/\/kommentatorenblog.de\/wp-content\/uploads\/2020\/09\/shure-55sh-ii-e1601485394796-142x300.jpg 142w\" sizes=\"auto, (max-width: 10px) 100vw, 10px\" \/><\/strong><\/em> Freddy Harder, Experte: Sascha Bigalke<br>Moderation: Tobi Wahnschaffe, Field-Reporter: Daniel Herzog<\/p>\n\n\n\n<p><span style=\"text-decoration: underline;\">Samstag, 30. November 2024, ab 14.00 Uhr (Sky)<\/span><\/p>\n\n\n\n<p><strong><em>SV Werder Bremen<\/em><\/strong><em><strong> &#8211; VfB Stuttgart (15.30 Uhr)<\/strong><\/em><br><img loading=\"lazy\" decoding=\"async\" width=\"10\" height=\"21\" class=\"wp-image-3656\" style=\"width: 10px;\" src=\"http:\/\/kommentatorenblog.de\/wp-content\/uploads\/2020\/09\/shure-55sh-ii-e1601485394796.jpg\" alt=\"\" srcset=\"https:\/\/kommentatorenblog.de\/wp-content\/uploads\/2020\/09\/shure-55sh-ii-e1601485394796.jpg 415w, https:\/\/kommentatorenblog.de\/wp-content\/uploads\/2020\/09\/shure-55sh-ii-e1601485394796-142x300.jpg 142w\" sizes=\"auto, (max-width: 10px) 100vw, 10px\" \/> Hansi K\u00fcpper (Einzelspiel), Kai Dittmann (Konferenz)<br>Field-Reporter: Jens Westen<\/p>\n\n\n\n<p><strong><em>1. FC Union Berlin &#8211; Bayer 04 Leverkusen (15.30 Uhr)<\/em><\/strong><br><img loading=\"lazy\" decoding=\"async\" width=\"10\" height=\"21\" class=\"wp-image-3656\" style=\"width: 10px;\" src=\"http:\/\/kommentatorenblog.de\/wp-content\/uploads\/2020\/09\/shure-55sh-ii-e1601485394796.jpg\" alt=\"\" srcset=\"https:\/\/kommentatorenblog.de\/wp-content\/uploads\/2020\/09\/shure-55sh-ii-e1601485394796.jpg 415w, https:\/\/kommentatorenblog.de\/wp-content\/uploads\/2020\/09\/shure-55sh-ii-e1601485394796-142x300.jpg 142w\" sizes=\"auto, (max-width: 10px) 100vw, 10px\" \/> Oliver Seidler (Einzelspiel), Martin Gro\u00df (Konferenz)<br>Field-Reporter: Karsten Petrzika<\/p>\n\n\n\n<p><strong><em>RB Leipzig &#8211; VfL Wolfsburg (15.30 Uhr)<\/em><\/strong><br><img loading=\"lazy\" decoding=\"async\" width=\"10\" height=\"21\" class=\"wp-image-3656\" style=\"width: 10px;\" src=\"http:\/\/kommentatorenblog.de\/wp-content\/uploads\/2020\/09\/shure-55sh-ii-e1601485394796.jpg\" alt=\"\" srcset=\"https:\/\/kommentatorenblog.de\/wp-content\/uploads\/2020\/09\/shure-55sh-ii-e1601485394796.jpg 415w, https:\/\/kommentatorenblog.de\/wp-content\/uploads\/2020\/09\/shure-55sh-ii-e1601485394796-142x300.jpg 142w\" sizes=\"auto, (max-width: 10px) 100vw, 10px\" \/> Torsten Kunde (Einzelspiel), Florian Schmidt-Sommerfeld (Konferenz)<br>Field-Reporter: Max Zielke<\/p>\n\n\n\n<p><strong><em>SC Freiburg &#8211; Borussia M\u00f6nchengladbach (15.30 Uhr)<\/em><\/strong><br><img loading=\"lazy\" decoding=\"async\" width=\"10\" height=\"21\" class=\"wp-image-3656\" style=\"width: 10px;\" src=\"http:\/\/kommentatorenblog.de\/wp-content\/uploads\/2020\/09\/shure-55sh-ii-e1601485394796.jpg\" alt=\"\" srcset=\"https:\/\/kommentatorenblog.de\/wp-content\/uploads\/2020\/09\/shure-55sh-ii-e1601485394796.jpg 415w, https:\/\/kommentatorenblog.de\/wp-content\/uploads\/2020\/09\/shure-55sh-ii-e1601485394796-142x300.jpg 142w\" sizes=\"auto, (max-width: 10px) 100vw, 10px\" \/> Marcus Lindemann (Einzelspiel), Jonas Friedrich (Konferenz)<br>Field-Reporter: Florian Plettenberg<\/p>\n\n\n\n<p><strong><em>FC Augsburg &#8211; VfL Bochum (15.30 Uhr)<\/em><\/strong><br><img loading=\"lazy\" decoding=\"async\" width=\"10\" height=\"21\" class=\"wp-image-3656\" style=\"width: 10px;\" src=\"http:\/\/kommentatorenblog.de\/wp-content\/uploads\/2020\/09\/shure-55sh-ii-e1601485394796.jpg\" alt=\"\" srcset=\"https:\/\/kommentatorenblog.de\/wp-content\/uploads\/2020\/09\/shure-55sh-ii-e1601485394796.jpg 415w, https:\/\/kommentatorenblog.de\/wp-content\/uploads\/2020\/09\/shure-55sh-ii-e1601485394796-142x300.jpg 142w\" sizes=\"auto, (max-width: 10px) 100vw, 10px\" \/> Hannes Herrmann (Einzelspiel), Toni Tomic (Konferenz)<br>Field-Reporterin: Viola Weiss<\/p>\n\n\n\n<p>Moderation: Britta Hofmann, Experten: Dietmar Hamann und Erik Meijer<\/p>\n\n\n\n<p><span style=\"text-decoration: underline;\">ab 17.30 Uhr (Sky)<\/span><\/p>\n\n\n\n<p><strong><em>Borussia Dortmund &#8211; FC Bayern M\u00fcnchen (18.30 Uhr)<\/em><\/strong><\/p>\n\n\n\n<p><img loading=\"lazy\" decoding=\"async\" width=\"10\" height=\"21\" class=\"wp-image-3656\" style=\"width: 10px;\" src=\"http:\/\/kommentatorenblog.de\/wp-content\/uploads\/2020\/09\/shure-55sh-ii-e1601485394796.jpg\" alt=\"\" srcset=\"https:\/\/kommentatorenblog.de\/wp-content\/uploads\/2020\/09\/shure-55sh-ii-e1601485394796.jpg 415w, https:\/\/kommentatorenblog.de\/wp-content\/uploads\/2020\/09\/shure-55sh-ii-e1601485394796-142x300.jpg 142w\" sizes=\"auto, (max-width: 10px) 100vw, 10px\" \/> Wolff Fuss<br>Moderation: Sebastian Hellmann, Expert:innen: Lothar Matth\u00e4us und Julia Simic, Field-Reporter: Patrick Wasserziehr<\/p>\n\n\n\n<p><img loading=\"lazy\" decoding=\"async\" width=\"10\" height=\"21\" class=\"wp-image-3656\" style=\"width: 10px;\" src=\"http:\/\/kommentatorenblog.de\/wp-content\/uploads\/2020\/09\/shure-55sh-ii-e1601485394796.jpg\" alt=\"\" srcset=\"https:\/\/kommentatorenblog.de\/wp-content\/uploads\/2020\/09\/shure-55sh-ii-e1601485394796.jpg 415w, https:\/\/kommentatorenblog.de\/wp-content\/uploads\/2020\/09\/shure-55sh-ii-e1601485394796-142x300.jpg 142w\" sizes=\"auto, (max-width: 10px) 100vw, 10px\" \/> Tactical Feed &#8211; Fantasy Edition: &#8222;Bencz&#8220; &amp; Anton (Kickbase)<\/p>\n\n\n\n<p><span style=\"text-decoration: underline;\">Sonntag, 01. Dezember 2024, ab 15.00 Uhr (DAZN)<\/span><\/p>\n\n\n\n<p><strong><em>1. FSV Mainz 05 &#8211; TSG Hoffenheim (15.30 Uhr)<\/em><\/strong><br><img loading=\"lazy\" decoding=\"async\" width=\"10\" height=\"21\" class=\"wp-image-3656\" style=\"width: 10px;\" src=\"http:\/\/kommentatorenblog.de\/wp-content\/uploads\/2020\/09\/shure-55sh-ii-e1601485394796.jpg\" alt=\"\" srcset=\"https:\/\/kommentatorenblog.de\/wp-content\/uploads\/2020\/09\/shure-55sh-ii-e1601485394796.jpg 415w, https:\/\/kommentatorenblog.de\/wp-content\/uploads\/2020\/09\/shure-55sh-ii-e1601485394796-142x300.jpg 142w\" sizes=\"auto, (max-width: 10px) 100vw, 10px\" \/> Mario Rieker, Experte: Sebastian Knei\u00dfl<br>Moderation: Tobi Wahnschaffe, Field-Reporter: Max Siebald<\/p>\n\n\n\n<p><span style=\"text-decoration: underline;\">ab 17.00 Uhr (DAZN)<\/span><\/p>\n\n\n\n<p><strong><em>1. FC Heidenheim &#8211; Eintracht Frankfurt (17.30 Uhr)<\/em><\/strong><br><img loading=\"lazy\" decoding=\"async\" width=\"10\" height=\"21\" class=\"wp-image-3656\" style=\"width: 10px;\" src=\"http:\/\/kommentatorenblog.de\/wp-content\/uploads\/2020\/09\/shure-55sh-ii-e1601485394796.jpg\" alt=\"\" srcset=\"https:\/\/kommentatorenblog.de\/wp-content\/uploads\/2020\/09\/shure-55sh-ii-e1601485394796.jpg 415w, https:\/\/kommentatorenblog.de\/wp-content\/uploads\/2020\/09\/shure-55sh-ii-e1601485394796-142x300.jpg 142w\" sizes=\"auto, (max-width: 10px) 100vw, 10px\" \/> Christina Rann, Expertin: Turid Knaak<br>Moderation: Lena Cassel, Field-Reporterin: Ann-Sophie Kimmel<\/p>\n\n\n\n<hr class=\"wp-block-separator has-css-opacity\"\/>\n\n\n\n<p><strong>2. Bundesliga, 14. Spieltag<\/strong><\/p>\n\n\n\n<p><span style=\"text-decoration: underline;\">Freitag, 29. November 2024, ab 18.00 Uhr (Sky)<\/span><\/p>\n\n\n\n<p><strong><em>Die Konferenz (18.30 Uhr)<\/em><\/strong><br><img loading=\"lazy\" decoding=\"async\" width=\"10\" height=\"21\" class=\"wp-image-3656\" style=\"width: 10px;\" src=\"http:\/\/kommentatorenblog.de\/wp-content\/uploads\/2020\/09\/shure-55sh-ii-e1601485394796.jpg\" alt=\"\" srcset=\"https:\/\/kommentatorenblog.de\/wp-content\/uploads\/2020\/09\/shure-55sh-ii-e1601485394796.jpg 415w, https:\/\/kommentatorenblog.de\/wp-content\/uploads\/2020\/09\/shure-55sh-ii-e1601485394796-142x300.jpg 142w\" sizes=\"auto, (max-width: 10px) 100vw, 10px\" \/> Christian Stra\u00dfburger (Fokus auf S04-FCK)<\/p>\n\n\n\n<p><strong><em>FC Schalke 04 &#8211; 1. FC Kaiserslautern (18.30 Uhr)<\/em><\/strong><br><img loading=\"lazy\" decoding=\"async\" width=\"10\" height=\"21\" class=\"wp-image-3656\" style=\"width: 10px;\" src=\"http:\/\/kommentatorenblog.de\/wp-content\/uploads\/2020\/09\/shure-55sh-ii-e1601485394796.jpg\" alt=\"\" srcset=\"https:\/\/kommentatorenblog.de\/wp-content\/uploads\/2020\/09\/shure-55sh-ii-e1601485394796.jpg 415w, https:\/\/kommentatorenblog.de\/wp-content\/uploads\/2020\/09\/shure-55sh-ii-e1601485394796-142x300.jpg 142w\" sizes=\"auto, (max-width: 10px) 100vw, 10px\" \/> Hannes Herrmann<\/p>\n\n\n\n<p><strong><em>1. FC Magdeburg &#8211; Hertha BSC (18.30 Uhr)<\/em><\/strong><br><img loading=\"lazy\" decoding=\"async\" width=\"10\" height=\"21\" class=\"wp-image-3656\" style=\"width: 10px;\" src=\"http:\/\/kommentatorenblog.de\/wp-content\/uploads\/2020\/09\/shure-55sh-ii-e1601485394796.jpg\" alt=\"\" srcset=\"https:\/\/kommentatorenblog.de\/wp-content\/uploads\/2020\/09\/shure-55sh-ii-e1601485394796.jpg 415w, https:\/\/kommentatorenblog.de\/wp-content\/uploads\/2020\/09\/shure-55sh-ii-e1601485394796-142x300.jpg 142w\" sizes=\"auto, (max-width: 10px) 100vw, 10px\" \/> Joachim Hebel<br>Field-Reporter: Philipp Hinze<\/p>\n\n\n\n<p>Moderation (aus Gelsenkirchen): Thomas Wagner, Gast: Dietmar Schacht<\/p>\n\n\n\n<p><span style=\"text-decoration: underline;\">Samstag, 30. November 2024, ab 12.30 Uhr (Sky)<\/span><\/p>\n\n\n\n<p><strong><em>Die Konferenz (13.00 Uhr)<\/em><\/strong><br><img loading=\"lazy\" decoding=\"async\" width=\"10\" height=\"21\" class=\"wp-image-3656\" style=\"width: 10px;\" src=\"http:\/\/kommentatorenblog.de\/wp-content\/uploads\/2020\/09\/shure-55sh-ii-e1601485394796.jpg\" alt=\"\" srcset=\"https:\/\/kommentatorenblog.de\/wp-content\/uploads\/2020\/09\/shure-55sh-ii-e1601485394796.jpg 415w, https:\/\/kommentatorenblog.de\/wp-content\/uploads\/2020\/09\/shure-55sh-ii-e1601485394796-142x300.jpg 142w\" sizes=\"auto, (max-width: 10px) 100vw, 10px\" \/> Roland Evers (Fokus auf KOE-H96)<\/p>\n\n\n\n<p><strong><em>1. FC K\u00f6ln &#8211; Hannover 96 (13.00 Uhr)<\/em><\/strong><br><img loading=\"lazy\" decoding=\"async\" width=\"10\" height=\"21\" class=\"wp-image-3656\" style=\"width: 10px;\" src=\"http:\/\/kommentatorenblog.de\/wp-content\/uploads\/2020\/09\/shure-55sh-ii-e1601485394796.jpg\" alt=\"\" srcset=\"https:\/\/kommentatorenblog.de\/wp-content\/uploads\/2020\/09\/shure-55sh-ii-e1601485394796.jpg 415w, https:\/\/kommentatorenblog.de\/wp-content\/uploads\/2020\/09\/shure-55sh-ii-e1601485394796-142x300.jpg 142w\" sizes=\"auto, (max-width: 10px) 100vw, 10px\" \/> Christian Stra\u00dfburger<\/p>\n\n\n\n<p><strong><em>SV Elversberg &#8211; SC Paderborn 07 (13.00 Uhr)<\/em><\/strong><br><img loading=\"lazy\" decoding=\"async\" width=\"10\" height=\"21\" class=\"wp-image-3656\" style=\"width: 10px;\" src=\"http:\/\/kommentatorenblog.de\/wp-content\/uploads\/2020\/09\/shure-55sh-ii-e1601485394796.jpg\" alt=\"\" srcset=\"https:\/\/kommentatorenblog.de\/wp-content\/uploads\/2020\/09\/shure-55sh-ii-e1601485394796.jpg 415w, https:\/\/kommentatorenblog.de\/wp-content\/uploads\/2020\/09\/shure-55sh-ii-e1601485394796-142x300.jpg 142w\" sizes=\"auto, (max-width: 10px) 100vw, 10px\" \/> J\u00fcrgen Schmitz<br>Field-Reporter: Dennis Bayer<\/p>\n\n\n\n<p><strong><em>Eintracht Braunschweig<\/em><\/strong><em><strong> &#8211; SSV Jahn Regensburg (13.00 Uhr)<\/strong><\/em><br><img loading=\"lazy\" decoding=\"async\" width=\"10\" height=\"21\" class=\"wp-image-3656\" style=\"width: 10px;\" src=\"http:\/\/kommentatorenblog.de\/wp-content\/uploads\/2020\/09\/shure-55sh-ii-e1601485394796.jpg\" alt=\"\" srcset=\"https:\/\/kommentatorenblog.de\/wp-content\/uploads\/2020\/09\/shure-55sh-ii-e1601485394796.jpg 415w, https:\/\/kommentatorenblog.de\/wp-content\/uploads\/2020\/09\/shure-55sh-ii-e1601485394796-142x300.jpg 142w\" sizes=\"auto, (max-width: 10px) 100vw, 10px\" \/> Dominik M\u00fcller<br>Field-Reporter: Marcus J\u00fcrgensen<\/p>\n\n\n\n<p>Moderation (aus K\u00f6ln): Stefan Hempel<\/p>\n\n\n\n<p><span style=\"text-decoration: underline;\">ab 19.30 Uhr (SPORT1) bzw. ab 20.00 Uhr (Sky)<\/span><\/p>\n\n\n\n<p><strong><em>SV Darmstadt 98 &#8211; SC Preu\u00dfen M\u00fcnster (20.30 Uhr)<\/em><\/strong><\/p>\n\n\n\n<p><img loading=\"lazy\" decoding=\"async\" width=\"10\" height=\"21\" class=\"wp-image-3656\" style=\"width: 10px;\" src=\"http:\/\/kommentatorenblog.de\/wp-content\/uploads\/2020\/09\/shure-55sh-ii-e1601485394796.jpg\" alt=\"\" srcset=\"https:\/\/kommentatorenblog.de\/wp-content\/uploads\/2020\/09\/shure-55sh-ii-e1601485394796.jpg 415w, https:\/\/kommentatorenblog.de\/wp-content\/uploads\/2020\/09\/shure-55sh-ii-e1601485394796-142x300.jpg 142w\" sizes=\"auto, (max-width: 10px) 100vw, 10px\" \/> SPORT1: Oliver Forster, Experte: Dirk Schuster<br>Moderation (SPORT1): Ruth Hofmann, Field-Reporter: Martin Quast<\/p>\n\n\n\n<p><img loading=\"lazy\" decoding=\"async\" width=\"10\" height=\"21\" class=\"wp-image-3656\" style=\"width: 10px;\" src=\"http:\/\/kommentatorenblog.de\/wp-content\/uploads\/2020\/09\/shure-55sh-ii-e1601485394796.jpg\" alt=\"\" srcset=\"https:\/\/kommentatorenblog.de\/wp-content\/uploads\/2020\/09\/shure-55sh-ii-e1601485394796.jpg 415w, https:\/\/kommentatorenblog.de\/wp-content\/uploads\/2020\/09\/shure-55sh-ii-e1601485394796-142x300.jpg 142w\" sizes=\"auto, (max-width: 10px) 100vw, 10px\" \/> Sky: Klaus Veltman, Experte: Torsten Mattuschka<br>Moderation (Sky): Nele Ocik<\/p>\n\n\n\n<p><span style=\"text-decoration: underline;\">Sonntag, 01. Dezember 2024, ab 13.00 Uhr (Sky)<\/span><\/p>\n\n\n\n<p><strong><em>Die Konferenz (13.30 Uhr)<\/em><\/strong><br><img loading=\"lazy\" decoding=\"async\" width=\"10\" height=\"21\" class=\"wp-image-3656\" style=\"width: 10px;\" src=\"http:\/\/kommentatorenblog.de\/wp-content\/uploads\/2020\/09\/shure-55sh-ii-e1601485394796.jpg\" alt=\"\" srcset=\"https:\/\/kommentatorenblog.de\/wp-content\/uploads\/2020\/09\/shure-55sh-ii-e1601485394796.jpg 415w, https:\/\/kommentatorenblog.de\/wp-content\/uploads\/2020\/09\/shure-55sh-ii-e1601485394796-142x300.jpg 142w\" sizes=\"auto, (max-width: 10px) 100vw, 10px\" \/> Roland Evers (Fokus auf KSC-HSV)<\/p>\n\n\n\n<p><strong><em>Karlsruher SC &#8211; Hamburger SV (13.30 Uhr)<\/em><\/strong><br><img loading=\"lazy\" decoding=\"async\" width=\"10\" height=\"21\" class=\"wp-image-3656\" style=\"width: 10px;\" src=\"http:\/\/kommentatorenblog.de\/wp-content\/uploads\/2020\/09\/shure-55sh-ii-e1601485394796.jpg\" alt=\"\" srcset=\"https:\/\/kommentatorenblog.de\/wp-content\/uploads\/2020\/09\/shure-55sh-ii-e1601485394796.jpg 415w, https:\/\/kommentatorenblog.de\/wp-content\/uploads\/2020\/09\/shure-55sh-ii-e1601485394796-142x300.jpg 142w\" sizes=\"auto, (max-width: 10px) 100vw, 10px\" \/> Martin Gro\u00df<\/p>\n\n\n\n<p><strong><em>1. FC N\u00fcrnberg &#8211; Fortuna D\u00fcsseldorf (13.30 Uhr)<\/em><\/strong><br><img loading=\"lazy\" decoding=\"async\" width=\"10\" height=\"21\" class=\"wp-image-3656\" style=\"width: 10px;\" src=\"http:\/\/kommentatorenblog.de\/wp-content\/uploads\/2020\/09\/shure-55sh-ii-e1601485394796.jpg\" alt=\"\" srcset=\"https:\/\/kommentatorenblog.de\/wp-content\/uploads\/2020\/09\/shure-55sh-ii-e1601485394796.jpg 415w, https:\/\/kommentatorenblog.de\/wp-content\/uploads\/2020\/09\/shure-55sh-ii-e1601485394796-142x300.jpg 142w\" sizes=\"auto, (max-width: 10px) 100vw, 10px\" \/> Marcel Meinert<br>Field-Reporter: Torben Hoffmann<\/p>\n\n\n\n<p><strong><em>SSV Ulm 1846 &#8211; SpVgg Greuther F\u00fcrth (13.30 Uhr)<\/em><\/strong><br><img loading=\"lazy\" decoding=\"async\" width=\"10\" height=\"21\" class=\"wp-image-3656\" style=\"width: 10px;\" src=\"http:\/\/kommentatorenblog.de\/wp-content\/uploads\/2020\/09\/shure-55sh-ii-e1601485394796.jpg\" alt=\"\" srcset=\"https:\/\/kommentatorenblog.de\/wp-content\/uploads\/2020\/09\/shure-55sh-ii-e1601485394796.jpg 415w, https:\/\/kommentatorenblog.de\/wp-content\/uploads\/2020\/09\/shure-55sh-ii-e1601485394796-142x300.jpg 142w\" sizes=\"auto, (max-width: 10px) 100vw, 10px\" \/> J\u00fcrgen Schmitz<br>Field-Reporter: Dennis Bayer<\/p>\n\n\n\n<p>Moderation (aus Karlsruhe): Yannick Erkenbrecher, Experte: Torsten Mattuschka<\/p>\n\n\n\n<hr class=\"wp-block-separator has-css-opacity\"\/>\n\n\n\n<p><strong>3. Liga, 16. Spieltag<\/strong><\/p>\n\n\n\n<p><span style=\"text-decoration: underline;\">Freitag, 29. November 2024, ab 18.30 Uhr (Magenta Sport)<\/span><\/p>\n\n\n\n<p><strong><em>DSC Arminia Bielefeld &#8211; FC Ingolstadt 04 (19.00 Uhr)<\/em><\/strong><br><img loading=\"lazy\" decoding=\"async\" width=\"10\" height=\"21\" class=\"wp-image-3656\" style=\"width: 10px;\" src=\"http:\/\/kommentatorenblog.de\/wp-content\/uploads\/2020\/09\/shure-55sh-ii-e1601485394796.jpg\" alt=\"\" srcset=\"https:\/\/kommentatorenblog.de\/wp-content\/uploads\/2020\/09\/shure-55sh-ii-e1601485394796.jpg 415w, https:\/\/kommentatorenblog.de\/wp-content\/uploads\/2020\/09\/shure-55sh-ii-e1601485394796-142x300.jpg 142w\" sizes=\"auto, (max-width: 10px) 100vw, 10px\" \/> Julian Engelhard, Experte: Steven Ruprecht<br>Moderation: Tobi Sch\u00e4fer<\/p>\n\n\n\n<p><span style=\"text-decoration: underline;\">Samstag, 30. November 2024, ab 13.30 Uhr (Magenta Sport)<\/span><\/p>\n\n\n\n<p><strong><em>Die Konferenz (14.00 Uhr)<\/em><\/strong><br><img loading=\"lazy\" decoding=\"async\" width=\"10\" height=\"21\" class=\"wp-image-3656\" style=\"width: 10px;\" src=\"http:\/\/kommentatorenblog.de\/wp-content\/uploads\/2020\/09\/shure-55sh-ii-e1601485394796.jpg\" alt=\"\" srcset=\"https:\/\/kommentatorenblog.de\/wp-content\/uploads\/2020\/09\/shure-55sh-ii-e1601485394796.jpg 415w, https:\/\/kommentatorenblog.de\/wp-content\/uploads\/2020\/09\/shure-55sh-ii-e1601485394796-142x300.jpg 142w\" sizes=\"auto, (max-width: 10px) 100vw, 10px\" \/> Sascha Bandermann, Experte: Fabian Klos<\/p>\n\n\n\n<p><span style=\"text-decoration: underline;\">ab 13.45 Uhr (Magenta Sport)<\/span><\/p>\n\n\n\n<p><strong><em>FC Energie Cottbus &#8211; SpVgg Unterhaching (14.00 Uhr)<\/em><\/strong><br><img loading=\"lazy\" decoding=\"async\" width=\"10\" height=\"21\" class=\"wp-image-3656\" style=\"width: 10px;\" src=\"http:\/\/kommentatorenblog.de\/wp-content\/uploads\/2020\/09\/shure-55sh-ii-e1601485394796.jpg\" alt=\"\" srcset=\"https:\/\/kommentatorenblog.de\/wp-content\/uploads\/2020\/09\/shure-55sh-ii-e1601485394796.jpg 415w, https:\/\/kommentatorenblog.de\/wp-content\/uploads\/2020\/09\/shure-55sh-ii-e1601485394796-142x300.jpg 142w\" sizes=\"auto, (max-width: 10px) 100vw, 10px\" \/> Benni Zander<br>Moderation: Stefanie Blochwitz<\/p>\n\n\n\n<p><strong><em>Hannover 96 II &#8211; Borussia Dortmund II (14.00 Uhr)<\/em><\/strong><br><img loading=\"lazy\" decoding=\"async\" width=\"10\" height=\"21\" class=\"wp-image-3656\" style=\"width: 10px;\" src=\"http:\/\/kommentatorenblog.de\/wp-content\/uploads\/2020\/09\/shure-55sh-ii-e1601485394796.jpg\" alt=\"\" srcset=\"https:\/\/kommentatorenblog.de\/wp-content\/uploads\/2020\/09\/shure-55sh-ii-e1601485394796.jpg 415w, https:\/\/kommentatorenblog.de\/wp-content\/uploads\/2020\/09\/shure-55sh-ii-e1601485394796-142x300.jpg 142w\" sizes=\"auto, (max-width: 10px) 100vw, 10px\" \/> Markus Herwig<br>Moderation: Kamila Benschop<\/p>\n\n\n\n<p><em><strong>FC Erzgebirge Aue &#8211; SC Verl (14.00 Uhr)<\/strong><\/em><br><img loading=\"lazy\" decoding=\"async\" width=\"10\" height=\"21\" class=\"wp-image-3656\" style=\"width: 10px;\" src=\"http:\/\/kommentatorenblog.de\/wp-content\/uploads\/2020\/09\/shure-55sh-ii-e1601485394796.jpg\" alt=\"\" srcset=\"https:\/\/kommentatorenblog.de\/wp-content\/uploads\/2020\/09\/shure-55sh-ii-e1601485394796.jpg 415w, https:\/\/kommentatorenblog.de\/wp-content\/uploads\/2020\/09\/shure-55sh-ii-e1601485394796-142x300.jpg 142w\" sizes=\"auto, (max-width: 10px) 100vw, 10px\" \/> Andreas Mann<br>Moderation: Hannes Jakobi<\/p>\n\n\n\n<p><span style=\"text-decoration: underline;\">ab 13.45 Uhr (Magenta Sport) bzw. ab 14.00 Uhr (SWR\/MDR)<\/span><\/p>\n\n\n\n<p><strong><em>SV Sandhausen &#8211;<\/em><\/strong> <strong><em>SG Dynamo Dresden (14.00 Uhr)<\/em><\/strong><\/p>\n\n\n\n<p><img loading=\"lazy\" decoding=\"async\" width=\"10\" height=\"21\" class=\"wp-image-3656\" style=\"width: 10px;\" src=\"http:\/\/kommentatorenblog.de\/wp-content\/uploads\/2020\/09\/shure-55sh-ii-e1601485394796.jpg\" alt=\"\" srcset=\"https:\/\/kommentatorenblog.de\/wp-content\/uploads\/2020\/09\/shure-55sh-ii-e1601485394796.jpg 415w, https:\/\/kommentatorenblog.de\/wp-content\/uploads\/2020\/09\/shure-55sh-ii-e1601485394796-142x300.jpg 142w\" sizes=\"auto, (max-width: 10px) 100vw, 10px\" \/> Magenta Sport: Julian-Luca Sch\u00e4fer<br>Moderation (Magenta Sport): Kevin Gerwin<\/p>\n\n\n\n<p><img loading=\"lazy\" decoding=\"async\" width=\"10\" height=\"21\" class=\"wp-image-3656\" style=\"width: 10px;\" src=\"http:\/\/kommentatorenblog.de\/wp-content\/uploads\/2020\/09\/shure-55sh-ii-e1601485394796.jpg\" alt=\"\" srcset=\"https:\/\/kommentatorenblog.de\/wp-content\/uploads\/2020\/09\/shure-55sh-ii-e1601485394796.jpg 415w, https:\/\/kommentatorenblog.de\/wp-content\/uploads\/2020\/09\/shure-55sh-ii-e1601485394796-142x300.jpg 142w\" sizes=\"auto, (max-width: 10px) 100vw, 10px\" \/> SWR: Michael Bollenbacher<br>Moderation (SWR): Christina Graf, Gast: Gerd Dais<\/p>\n\n\n\n<p><img loading=\"lazy\" decoding=\"async\" width=\"10\" height=\"21\" class=\"wp-image-3656\" style=\"width: 10px;\" src=\"http:\/\/kommentatorenblog.de\/wp-content\/uploads\/2020\/09\/shure-55sh-ii-e1601485394796.jpg\" alt=\"\" srcset=\"https:\/\/kommentatorenblog.de\/wp-content\/uploads\/2020\/09\/shure-55sh-ii-e1601485394796.jpg 415w, https:\/\/kommentatorenblog.de\/wp-content\/uploads\/2020\/09\/shure-55sh-ii-e1601485394796-142x300.jpg 142w\" sizes=\"auto, (max-width: 10px) 100vw, 10px\" \/> MDR: Torsten P\u00fcschel, Experte: Toni Wachsmuth<br>Moderation (MDR): Tom Scheunemann<\/p>\n\n\n\n<p><span style=\"text-decoration: underline;\">ab 13.45 Uhr (Magenta Sport) bzw. ab 14.00 Uhr (BR\/NDR)<\/span><\/p>\n\n\n\n<p><strong><em>TSV 1860 M\u00fcnchen &#8211; FC Hansa Rostock (14.00 Uhr)<\/em><\/strong><\/p>\n\n\n\n<p><img loading=\"lazy\" decoding=\"async\" width=\"10\" height=\"21\" class=\"wp-image-3656\" style=\"width: 10px;\" src=\"http:\/\/kommentatorenblog.de\/wp-content\/uploads\/2020\/09\/shure-55sh-ii-e1601485394796.jpg\" alt=\"\" srcset=\"https:\/\/kommentatorenblog.de\/wp-content\/uploads\/2020\/09\/shure-55sh-ii-e1601485394796.jpg 415w, https:\/\/kommentatorenblog.de\/wp-content\/uploads\/2020\/09\/shure-55sh-ii-e1601485394796-142x300.jpg 142w\" sizes=\"auto, (max-width: 10px) 100vw, 10px\" \/> Magenta Sport: Martin Piller<br>Moderation (Magenta Sport): Alexander K\u00fcpper<\/p>\n\n\n\n<p><img loading=\"lazy\" decoding=\"async\" width=\"10\" height=\"21\" class=\"wp-image-3656\" style=\"width: 10px;\" src=\"http:\/\/kommentatorenblog.de\/wp-content\/uploads\/2020\/09\/shure-55sh-ii-e1601485394796.jpg\" alt=\"\" srcset=\"https:\/\/kommentatorenblog.de\/wp-content\/uploads\/2020\/09\/shure-55sh-ii-e1601485394796.jpg 415w, https:\/\/kommentatorenblog.de\/wp-content\/uploads\/2020\/09\/shure-55sh-ii-e1601485394796-142x300.jpg 142w\" sizes=\"auto, (max-width: 10px) 100vw, 10px\" \/> BR: Florian Eckl<br>Moderation (BR): Lukas Sch\u00f6nm\u00fcller<\/p>\n\n\n\n<p><img loading=\"lazy\" decoding=\"async\" width=\"10\" height=\"21\" class=\"wp-image-3656\" style=\"width: 10px;\" src=\"http:\/\/kommentatorenblog.de\/wp-content\/uploads\/2020\/09\/shure-55sh-ii-e1601485394796.jpg\" alt=\"\" srcset=\"https:\/\/kommentatorenblog.de\/wp-content\/uploads\/2020\/09\/shure-55sh-ii-e1601485394796.jpg 415w, https:\/\/kommentatorenblog.de\/wp-content\/uploads\/2020\/09\/shure-55sh-ii-e1601485394796-142x300.jpg 142w\" sizes=\"auto, (max-width: 10px) 100vw, 10px\" \/> NDR: Patrick Halatsch<br>Moderation (NDR): Ina Kast, Gast: Heiko M\u00e4rz<\/p>\n\n\n\n<p><span style=\"text-decoration: underline;\">ab 16.15 Uhr (Magenta Sport)<\/span><\/p>\n\n\n\n<p><strong><em>VfB Stuttgart II &#8211; SV Waldhof Mannheim (16.30 Uhr)<\/em><\/strong><br><img loading=\"lazy\" decoding=\"async\" width=\"10\" height=\"21\" class=\"wp-image-3656\" style=\"width: 10px;\" src=\"http:\/\/kommentatorenblog.de\/wp-content\/uploads\/2020\/09\/shure-55sh-ii-e1601485394796.jpg\" alt=\"\" srcset=\"https:\/\/kommentatorenblog.de\/wp-content\/uploads\/2020\/09\/shure-55sh-ii-e1601485394796.jpg 415w, https:\/\/kommentatorenblog.de\/wp-content\/uploads\/2020\/09\/shure-55sh-ii-e1601485394796-142x300.jpg 142w\" sizes=\"auto, (max-width: 10px) 100vw, 10px\" \/> Franz B\u00fcchner<br>Moderation: Tobi Wahnschaffe<\/p>\n\n\n\n<p><span style=\"text-decoration: underline;\">Sonntag, 01. Dezember 2024, ab 13.15 Uhr (Magenta Sport)<\/span><\/p>\n\n\n\n<p><strong><em>VfL Osnabr\u00fcck &#8211; Alemannia Aachen (13.30 Uhr)<\/em><\/strong><br><img loading=\"lazy\" decoding=\"async\" width=\"10\" height=\"21\" class=\"wp-image-3656\" style=\"width: 10px;\" src=\"http:\/\/kommentatorenblog.de\/wp-content\/uploads\/2020\/09\/shure-55sh-ii-e1601485394796.jpg\" alt=\"\" srcset=\"https:\/\/kommentatorenblog.de\/wp-content\/uploads\/2020\/09\/shure-55sh-ii-e1601485394796.jpg 415w, https:\/\/kommentatorenblog.de\/wp-content\/uploads\/2020\/09\/shure-55sh-ii-e1601485394796-142x300.jpg 142w\" sizes=\"auto, (max-width: 10px) 100vw, 10px\" \/> Markus H\u00f6hner<br>Moderation: Thomas Wagner<\/p>\n\n\n\n<p><span style=\"text-decoration: underline;\">ab 16.15 Uhr (Magenta Sport)<\/span><\/p>\n\n\n\n<p><strong><em>1. FC Saarbr\u00fccken &#8211; Rot-Weiss Essen (16.30 Uhr)<\/em><\/strong><br><img loading=\"lazy\" decoding=\"async\" width=\"10\" height=\"21\" class=\"wp-image-3656\" style=\"width: 10px;\" src=\"http:\/\/kommentatorenblog.de\/wp-content\/uploads\/2020\/09\/shure-55sh-ii-e1601485394796.jpg\" alt=\"\" srcset=\"https:\/\/kommentatorenblog.de\/wp-content\/uploads\/2020\/09\/shure-55sh-ii-e1601485394796.jpg 415w, https:\/\/kommentatorenblog.de\/wp-content\/uploads\/2020\/09\/shure-55sh-ii-e1601485394796-142x300.jpg 142w\" sizes=\"auto, (max-width: 10px) 100vw, 10px\" \/> Philip Konrad<br>Moderation: Konstantin Klostermann<\/p>\n\n\n\n<p><span style=\"text-decoration: underline;\">ab 19.15 Uhr (Magenta Sport)<\/span><\/p>\n\n\n\n<p><strong><em>SV Wehen Wiesbaden &#8211; FC Viktoria K\u00f6ln (19.30 Uhr)<\/em><\/strong><br><img loading=\"lazy\" decoding=\"async\" width=\"10\" height=\"21\" class=\"wp-image-3656\" style=\"width: 10px;\" src=\"http:\/\/kommentatorenblog.de\/wp-content\/uploads\/2020\/09\/shure-55sh-ii-e1601485394796.jpg\" alt=\"\" srcset=\"https:\/\/kommentatorenblog.de\/wp-content\/uploads\/2020\/09\/shure-55sh-ii-e1601485394796.jpg 415w, https:\/\/kommentatorenblog.de\/wp-content\/uploads\/2020\/09\/shure-55sh-ii-e1601485394796-142x300.jpg 142w\" sizes=\"auto, (max-width: 10px) 100vw, 10px\" \/> Oliver Forster<br>Moderation: Stefan Fuckert<\/p>\n\n\n\n<hr class=\"wp-block-separator has-css-opacity\"\/>\n\n\n\n<p><strong>Regionalliga Nordost, 17. Spieltag<\/strong><\/p>\n\n\n\n<p><span style=\"text-decoration: underline;\">Freitag, 29. November 2024, ab 18.45 Uhr (OSTSPORT.TV)<\/span><\/p>\n\n\n\n<p><strong><em>FSV Zwickau &#8211; BFC Dynamo (19.00 Uhr)<\/em><\/strong><br><img loading=\"lazy\" decoding=\"async\" width=\"10\" height=\"21\" class=\"wp-image-3656\" style=\"width: 10px;\" src=\"http:\/\/kommentatorenblog.de\/wp-content\/uploads\/2020\/09\/shure-55sh-ii-e1601485394796.jpg\" alt=\"\" srcset=\"https:\/\/kommentatorenblog.de\/wp-content\/uploads\/2020\/09\/shure-55sh-ii-e1601485394796.jpg 415w, https:\/\/kommentatorenblog.de\/wp-content\/uploads\/2020\/09\/shure-55sh-ii-e1601485394796-142x300.jpg 142w\" sizes=\"auto, (max-width: 10px) 100vw, 10px\" \/> Christian R\u00fcdiger<br>Moderation: Toni Mielke<\/p>\n\n\n\n<p><span style=\"text-decoration: underline;\">Samstag, 30. November 2024 (MDR)<\/span><\/p>\n\n\n\n<p><strong><em>FC Carl Zeiss Jena &#8211; BSG Chemie Leipzig (16.00 Uhr)<\/em><\/strong><br><img loading=\"lazy\" decoding=\"async\" width=\"10\" height=\"21\" class=\"wp-image-3656\" style=\"width: 10px;\" src=\"http:\/\/kommentatorenblog.de\/wp-content\/uploads\/2020\/09\/shure-55sh-ii-e1601485394796.jpg\" alt=\"\" srcset=\"https:\/\/kommentatorenblog.de\/wp-content\/uploads\/2020\/09\/shure-55sh-ii-e1601485394796.jpg 415w, https:\/\/kommentatorenblog.de\/wp-content\/uploads\/2020\/09\/shure-55sh-ii-e1601485394796-142x300.jpg 142w\" sizes=\"auto, (max-width: 10px) 100vw, 10px\" \/> Stephan Weidling, Experte: Benjamin Kirsten<br>Moderation: Tom Scheunemann, Field-Reporter: Ren\u00e9 Kindermann<\/p>\n\n\n\n<p><span style=\"text-decoration: underline;\">Sonntag, 01. Dezember 2024, ab 12.50 Uhr (TA\/OTZ\/TLZ)<\/span><\/p>\n\n\n\n<p><strong><em>1. FC Lokomotive Leipzig &#8211; FC Rot-Wei\u00df Erfurt (13.00 Uhr)<\/em><\/strong><br><img loading=\"lazy\" decoding=\"async\" width=\"10\" height=\"21\" class=\"wp-image-3656\" style=\"width: 10px;\" src=\"http:\/\/kommentatorenblog.de\/wp-content\/uploads\/2020\/09\/shure-55sh-ii-e1601485394796.jpg\" alt=\"\" srcset=\"https:\/\/kommentatorenblog.de\/wp-content\/uploads\/2020\/09\/shure-55sh-ii-e1601485394796.jpg 415w, https:\/\/kommentatorenblog.de\/wp-content\/uploads\/2020\/09\/shure-55sh-ii-e1601485394796-142x300.jpg 142w\" sizes=\"auto, (max-width: 10px) 100vw, 10px\" \/> Heiko Mallwitz<br>Moderation: Toni Mielke<\/p>\n\n\n\n<hr class=\"wp-block-separator has-css-opacity\"\/>\n\n\n\n<p><strong>Regionalliga Bayern, 22. Spieltag (BR24Sport)<\/strong><\/p>\n\n\n\n<p><span style=\"text-decoration: underline;\">Freitag, 29. November 2024<\/span><\/p>\n\n\n\n<p><strong><em>1. FC Schweinfurt 05 &#8211; SpVgg Bayreuth (19.00 Uhr)<\/em><\/strong><br><em><strong><img loading=\"lazy\" decoding=\"async\" width=\"10\" height=\"21\" class=\"wp-image-3656\" style=\"width: 10px;\" src=\"http:\/\/kommentatorenblog.de\/wp-content\/uploads\/2020\/09\/shure-55sh-ii-e1601485394796.jpg\" alt=\"\" srcset=\"https:\/\/kommentatorenblog.de\/wp-content\/uploads\/2020\/09\/shure-55sh-ii-e1601485394796.jpg 415w, https:\/\/kommentatorenblog.de\/wp-content\/uploads\/2020\/09\/shure-55sh-ii-e1601485394796-142x300.jpg 142w\" sizes=\"auto, (max-width: 10px) 100vw, 10px\" \/><\/strong><\/em> Daniel Gahn<\/p>\n\n\n\n<hr class=\"wp-block-separator has-css-opacity\"\/>\n\n\n\n<p><strong>Regionalliga West, 17. Spieltag (Sporttotal)<\/strong><\/p>\n\n\n\n<p><span style=\"text-decoration: underline;\"><span style=\"text-decoration: underline;\">Samstag, 30. November 2024<\/span><\/span><\/p>\n\n\n\n<p><strong><em>Wuppertaler SV &#8211;<\/em><\/strong> <strong><em>FC G\u00fctersloh (14.00 Uhr)<\/em><\/strong><br><img loading=\"lazy\" decoding=\"async\" width=\"10\" height=\"21\" class=\"wp-image-3656\" style=\"width: 10px;\" src=\"http:\/\/kommentatorenblog.de\/wp-content\/uploads\/2020\/09\/shure-55sh-ii-e1601485394796.jpg\" alt=\"\" srcset=\"https:\/\/kommentatorenblog.de\/wp-content\/uploads\/2020\/09\/shure-55sh-ii-e1601485394796.jpg 415w, https:\/\/kommentatorenblog.de\/wp-content\/uploads\/2020\/09\/shure-55sh-ii-e1601485394796-142x300.jpg 142w\" sizes=\"auto, (max-width: 10px) 100vw, 10px\" \/> Cedric Greh<\/p>\n\n\n\n<p><strong><em>1. FC K\u00f6ln II &#8211; SC Rot-Wei\u00df Oberhausen (14.00 Uhr)<\/em><\/strong><br><img loading=\"lazy\" decoding=\"async\" width=\"10\" height=\"21\" class=\"wp-image-3656\" style=\"width: 10px;\" src=\"http:\/\/kommentatorenblog.de\/wp-content\/uploads\/2020\/09\/shure-55sh-ii-e1601485394796.jpg\" alt=\"\" srcset=\"https:\/\/kommentatorenblog.de\/wp-content\/uploads\/2020\/09\/shure-55sh-ii-e1601485394796.jpg 415w, https:\/\/kommentatorenblog.de\/wp-content\/uploads\/2020\/09\/shure-55sh-ii-e1601485394796-142x300.jpg 142w\" sizes=\"auto, (max-width: 10px) 100vw, 10px\" \/> Clemens Mauksch<\/p>\n\n\n\n<p><strong><em>SV R\u00f6dinghausen &#8211; Fortuna D\u00fcsseldorf II (14.00 Uhr)<\/em><\/strong><br><img loading=\"lazy\" decoding=\"async\" width=\"10\" height=\"21\" class=\"wp-image-3656\" style=\"width: 10px;\" src=\"http:\/\/kommentatorenblog.de\/wp-content\/uploads\/2020\/09\/shure-55sh-ii-e1601485394796.jpg\" alt=\"\" srcset=\"https:\/\/kommentatorenblog.de\/wp-content\/uploads\/2020\/09\/shure-55sh-ii-e1601485394796.jpg 415w, https:\/\/kommentatorenblog.de\/wp-content\/uploads\/2020\/09\/shure-55sh-ii-e1601485394796-142x300.jpg 142w\" sizes=\"auto, (max-width: 10px) 100vw, 10px\" \/> Marvin Domalewski<\/p>\n\n\n\n<p><strong><em>FC Schalke 04 II &#8211; SC Fortuna K\u00f6ln (14.00 Uhr)<\/em><\/strong><br><img loading=\"lazy\" decoding=\"async\" width=\"10\" height=\"21\" class=\"wp-image-3656\" style=\"width: 10px;\" src=\"http:\/\/kommentatorenblog.de\/wp-content\/uploads\/2020\/09\/shure-55sh-ii-e1601485394796.jpg\" alt=\"\" srcset=\"https:\/\/kommentatorenblog.de\/wp-content\/uploads\/2020\/09\/shure-55sh-ii-e1601485394796.jpg 415w, https:\/\/kommentatorenblog.de\/wp-content\/uploads\/2020\/09\/shure-55sh-ii-e1601485394796-142x300.jpg 142w\" sizes=\"auto, (max-width: 10px) 100vw, 10px\" \/> Constantin Eckner<\/p>\n\n\n\n<p><strong><em>MSV Duisburg &#8211; VfL Sportfreunde Lotte (14.00 Uhr)<\/em><\/strong><br><img loading=\"lazy\" decoding=\"async\" width=\"10\" height=\"21\" class=\"wp-image-3656\" style=\"width: 10px;\" src=\"http:\/\/kommentatorenblog.de\/wp-content\/uploads\/2020\/09\/shure-55sh-ii-e1601485394796.jpg\" alt=\"\" srcset=\"https:\/\/kommentatorenblog.de\/wp-content\/uploads\/2020\/09\/shure-55sh-ii-e1601485394796.jpg 415w, https:\/\/kommentatorenblog.de\/wp-content\/uploads\/2020\/09\/shure-55sh-ii-e1601485394796-142x300.jpg 142w\" sizes=\"auto, (max-width: 10px) 100vw, 10px\" \/> Noah Kersting<\/p>\n\n\n\n<p><strong><em>SC Wiedenbr\u00fcck &#8211; KFC Uerdingen 05 (14.00 Uhr)<\/em><\/strong><br><img loading=\"lazy\" decoding=\"async\" width=\"10\" height=\"21\" class=\"wp-image-3656\" style=\"width: 10px;\" src=\"http:\/\/kommentatorenblog.de\/wp-content\/uploads\/2020\/09\/shure-55sh-ii-e1601485394796.jpg\" alt=\"\" srcset=\"https:\/\/kommentatorenblog.de\/wp-content\/uploads\/2020\/09\/shure-55sh-ii-e1601485394796.jpg 415w, https:\/\/kommentatorenblog.de\/wp-content\/uploads\/2020\/09\/shure-55sh-ii-e1601485394796-142x300.jpg 142w\" sizes=\"auto, (max-width: 10px) 100vw, 10px\" \/> Hendrik Scheler<\/p>\n\n\n\n<p><strong><em>1. FC Bocholt &#8211; SC Paderborn 07 II (14.00 Uhr)<\/em><\/strong><br><img loading=\"lazy\" decoding=\"async\" width=\"10\" height=\"21\" class=\"wp-image-3656\" style=\"width: 10px;\" src=\"http:\/\/kommentatorenblog.de\/wp-content\/uploads\/2020\/09\/shure-55sh-ii-e1601485394796.jpg\" alt=\"\" srcset=\"https:\/\/kommentatorenblog.de\/wp-content\/uploads\/2020\/09\/shure-55sh-ii-e1601485394796.jpg 415w, https:\/\/kommentatorenblog.de\/wp-content\/uploads\/2020\/09\/shure-55sh-ii-e1601485394796-142x300.jpg 142w\" sizes=\"auto, (max-width: 10px) 100vw, 10px\" \/> Marvin Scholz<\/p>\n\n\n\n<p><strong><em>1. FC D\u00fcren &#8211;<\/em><\/strong> <strong><em>SV Eintracht Hohkeppel (14.00 Uhr)<\/em><\/strong><br><img loading=\"lazy\" decoding=\"async\" width=\"10\" height=\"21\" class=\"wp-image-3656\" style=\"width: 10px;\" src=\"http:\/\/kommentatorenblog.de\/wp-content\/uploads\/2020\/09\/shure-55sh-ii-e1601485394796.jpg\" alt=\"\" srcset=\"https:\/\/kommentatorenblog.de\/wp-content\/uploads\/2020\/09\/shure-55sh-ii-e1601485394796.jpg 415w, https:\/\/kommentatorenblog.de\/wp-content\/uploads\/2020\/09\/shure-55sh-ii-e1601485394796-142x300.jpg 142w\" sizes=\"auto, (max-width: 10px) 100vw, 10px\" \/> Gabriel W\u00f6hrle<\/p>\n\n\n\n<p><strong><em>Borussia M\u00f6nchengladbach II<\/em><\/strong><em><strong> &#8211; T\u00fcrkspor Dortmund (14.00 Uhr)<\/strong><\/em><br><em><strong><img loading=\"lazy\" decoding=\"async\" width=\"10\" height=\"21\" class=\"wp-image-3656\" style=\"width: 10px;\" src=\"http:\/\/kommentatorenblog.de\/wp-content\/uploads\/2020\/09\/shure-55sh-ii-e1601485394796.jpg\" alt=\"\" srcset=\"https:\/\/kommentatorenblog.de\/wp-content\/uploads\/2020\/09\/shure-55sh-ii-e1601485394796.jpg 415w, https:\/\/kommentatorenblog.de\/wp-content\/uploads\/2020\/09\/shure-55sh-ii-e1601485394796-142x300.jpg 142w\" sizes=\"auto, (max-width: 10px) 100vw, 10px\" \/><\/strong><\/em> Johannes Skiba<\/p>\n\n\n\n<hr class=\"wp-block-separator has-css-opacity\"\/>\n\n\n\n<p><strong>Regionalliga S\u00fcdwest, 19. Spieltag (hr)<\/strong><\/p>\n\n\n\n<p><span style=\"text-decoration: underline;\">Sonntag, 01. Dezember 2024<\/span><\/p>\n\n\n\n<p><strong><em>FSV Frankfurt &#8211; Kickers Offenbach (15.30 Uhr)<\/em><\/strong><br><em><strong><img loading=\"lazy\" decoding=\"async\" width=\"10\" height=\"21\" class=\"wp-image-3656\" style=\"width: 10px;\" src=\"http:\/\/kommentatorenblog.de\/wp-content\/uploads\/2020\/09\/shure-55sh-ii-e1601485394796.jpg\" alt=\"\" srcset=\"https:\/\/kommentatorenblog.de\/wp-content\/uploads\/2020\/09\/shure-55sh-ii-e1601485394796.jpg 415w, https:\/\/kommentatorenblog.de\/wp-content\/uploads\/2020\/09\/shure-55sh-ii-e1601485394796-142x300.jpg 142w\" sizes=\"auto, (max-width: 10px) 100vw, 10px\" \/><\/strong><\/em> Sebastian Rieth<br>Moderation: Lisa Tellers<\/p>\n\n\n\n<hr class=\"wp-block-separator has-css-opacity\"\/>\n\n\n\n<p><strong>U19-DFB-Nachwuchsliga, 13. Spieltag (Sky\/sport.sky.de)<\/strong><\/p>\n\n\n\n<p><span style=\"text-decoration: underline;\">Sonntag, 01. Dezember 2024<\/span><\/p>\n\n\n\n<p><strong><em>VfB Stuttgart U19 &#8211; TSG Hoffenheim U19 (11.00 Uhr)<\/em><\/strong><br><em><strong><img loading=\"lazy\" decoding=\"async\" width=\"10\" height=\"21\" class=\"wp-image-3656\" style=\"width: 10px;\" src=\"http:\/\/kommentatorenblog.de\/wp-content\/uploads\/2020\/09\/shure-55sh-ii-e1601485394796.jpg\" alt=\"\" srcset=\"https:\/\/kommentatorenblog.de\/wp-content\/uploads\/2020\/09\/shure-55sh-ii-e1601485394796.jpg 415w, https:\/\/kommentatorenblog.de\/wp-content\/uploads\/2020\/09\/shure-55sh-ii-e1601485394796-142x300.jpg 142w\" sizes=\"auto, (max-width: 10px) 100vw, 10px\" \/><\/strong><\/em> Timo Sch\u00e4fers<\/p>\n\n\n\n<hr class=\"wp-block-separator has-css-opacity\"\/>\n\n\n\n<p><strong>Premier League, 13. Spieltag<\/strong><\/p>\n\n\n\n<p><span style=\"text-decoration: underline;\">Freitag, 29. November 2024, ab 20.50 Uhr (Sky)<\/span><\/p>\n\n\n\n<p><strong><em>Brighton &amp; Hove Albion &#8211; FC Southampton (16.00 Uhr)<\/em><\/strong><br><img loading=\"lazy\" decoding=\"async\" width=\"10\" height=\"21\" class=\"wp-image-3656\" style=\"width: 10px;\" src=\"http:\/\/kommentatorenblog.de\/wp-content\/uploads\/2020\/09\/shure-55sh-ii-e1601485394796.jpg\" alt=\"\" srcset=\"https:\/\/kommentatorenblog.de\/wp-content\/uploads\/2020\/09\/shure-55sh-ii-e1601485394796.jpg 415w, https:\/\/kommentatorenblog.de\/wp-content\/uploads\/2020\/09\/shure-55sh-ii-e1601485394796-142x300.jpg 142w\" sizes=\"auto, (max-width: 10px) 100vw, 10px\" \/> Markus Gaupp<\/p>\n\n\n\n<p><span style=\"text-decoration: underline;\">Samstag, 30. November 2024, ab 15.50 Uhr (Sky)<\/span><\/p>\n\n\n\n<p><strong><em>Crystal Palace &#8211; Newcastle United (16.00 Uhr)<\/em><\/strong><br><img loading=\"lazy\" decoding=\"async\" width=\"10\" height=\"21\" class=\"wp-image-3656\" style=\"width: 10px;\" src=\"http:\/\/kommentatorenblog.de\/wp-content\/uploads\/2020\/09\/shure-55sh-ii-e1601485394796.jpg\" alt=\"\" srcset=\"https:\/\/kommentatorenblog.de\/wp-content\/uploads\/2020\/09\/shure-55sh-ii-e1601485394796.jpg 415w, https:\/\/kommentatorenblog.de\/wp-content\/uploads\/2020\/09\/shure-55sh-ii-e1601485394796-142x300.jpg 142w\" sizes=\"auto, (max-width: 10px) 100vw, 10px\" \/> Uli Hebel<\/p>\n\n\n\n<p><strong><em>FC Brentford &#8211; Leicester City (16.00 Uhr)<\/em><\/strong><br><img loading=\"lazy\" decoding=\"async\" width=\"10\" height=\"21\" class=\"wp-image-3656\" style=\"width: 10px;\" src=\"http:\/\/kommentatorenblog.de\/wp-content\/uploads\/2020\/09\/shure-55sh-ii-e1601485394796.jpg\" alt=\"\" srcset=\"https:\/\/kommentatorenblog.de\/wp-content\/uploads\/2020\/09\/shure-55sh-ii-e1601485394796.jpg 415w, https:\/\/kommentatorenblog.de\/wp-content\/uploads\/2020\/09\/shure-55sh-ii-e1601485394796-142x300.jpg 142w\" sizes=\"auto, (max-width: 10px) 100vw, 10px\" \/> Rachel Rinast<\/p>\n\n\n\n<p><span style=\"text-decoration: underline;\">relive ab 20.50 Uhr (Sky)<\/span><\/p>\n\n\n\n<p><strong><em>Nottingham Forest &#8211; Ipswich Town (16.00 Uhr)<\/em><\/strong><br><img loading=\"lazy\" decoding=\"async\" width=\"10\" height=\"21\" class=\"wp-image-3656\" style=\"width: 10px;\" src=\"http:\/\/kommentatorenblog.de\/wp-content\/uploads\/2020\/09\/shure-55sh-ii-e1601485394796.jpg\" alt=\"\" srcset=\"https:\/\/kommentatorenblog.de\/wp-content\/uploads\/2020\/09\/shure-55sh-ii-e1601485394796.jpg 415w, https:\/\/kommentatorenblog.de\/wp-content\/uploads\/2020\/09\/shure-55sh-ii-e1601485394796-142x300.jpg 142w\" sizes=\"auto, (max-width: 10px) 100vw, 10px\" \/> Markus Gaupp<\/p>\n\n\n\n<p><span style=\"text-decoration: underline;\">relive ab 23.10 Uhr (Sky)<\/span><\/p>\n\n\n\n<p><strong><em>Wolverhampton Wanderers &#8211; AFC Bournemouth (16.00 Uhr)<\/em><\/strong><br><em><strong><img loading=\"lazy\" decoding=\"async\" width=\"10\" height=\"21\" class=\"wp-image-3656\" style=\"width: 10px;\" src=\"http:\/\/kommentatorenblog.de\/wp-content\/uploads\/2020\/09\/shure-55sh-ii-e1601485394796.jpg\" alt=\"\" srcset=\"https:\/\/kommentatorenblog.de\/wp-content\/uploads\/2020\/09\/shure-55sh-ii-e1601485394796.jpg 415w, https:\/\/kommentatorenblog.de\/wp-content\/uploads\/2020\/09\/shure-55sh-ii-e1601485394796-142x300.jpg 142w\" sizes=\"auto, (max-width: 10px) 100vw, 10px\" \/><\/strong><\/em> Jari Schaller<\/p>\n\n\n\n<p><span style=\"text-decoration: underline;\">ab 18.20 Uhr (Sky\/RTL+)<\/span><\/p>\n\n\n\n<p><strong><em>West Ham United &#8211; FC Arsenal (18.30 Uhr)<\/em><\/strong><br><img loading=\"lazy\" decoding=\"async\" width=\"10\" height=\"21\" class=\"wp-image-3656\" style=\"width: 10px;\" src=\"http:\/\/kommentatorenblog.de\/wp-content\/uploads\/2020\/09\/shure-55sh-ii-e1601485394796.jpg\" alt=\"\" srcset=\"https:\/\/kommentatorenblog.de\/wp-content\/uploads\/2020\/09\/shure-55sh-ii-e1601485394796.jpg 415w, https:\/\/kommentatorenblog.de\/wp-content\/uploads\/2020\/09\/shure-55sh-ii-e1601485394796-142x300.jpg 142w\" sizes=\"auto, (max-width: 10px) 100vw, 10px\" \/> Joachim Hebel<\/p>\n\n\n\n<p><span style=\"text-decoration: underline;\"><span style=\"text-decoration: underline;\">Sonntag, 10. November 2024, ab 14.15 Uhr (Sky)<\/span><\/span><\/p>\n\n\n\n<p><strong><em>Die Konferenz (14.30 Uhr)<\/em><\/strong><br><em><strong><img loading=\"lazy\" decoding=\"async\" width=\"10\" height=\"21\" class=\"wp-image-3656\" style=\"width: 10px;\" src=\"http:\/\/kommentatorenblog.de\/wp-content\/uploads\/2020\/09\/shure-55sh-ii-e1601485394796.jpg\" alt=\"\" srcset=\"https:\/\/kommentatorenblog.de\/wp-content\/uploads\/2020\/09\/shure-55sh-ii-e1601485394796.jpg 415w, https:\/\/kommentatorenblog.de\/wp-content\/uploads\/2020\/09\/shure-55sh-ii-e1601485394796-142x300.jpg 142w\" sizes=\"auto, (max-width: 10px) 100vw, 10px\" \/><\/strong><\/em> Toni Tomic<\/p>\n\n\n\n<p><strong><em>FC Chelsea &#8211; Aston Villa (14.30 Uhr)<\/em><\/strong><br><img loading=\"lazy\" decoding=\"async\" width=\"10\" height=\"21\" class=\"wp-image-3656\" style=\"width: 10px;\" src=\"http:\/\/kommentatorenblog.de\/wp-content\/uploads\/2020\/09\/shure-55sh-ii-e1601485394796.jpg\" alt=\"\" srcset=\"https:\/\/kommentatorenblog.de\/wp-content\/uploads\/2020\/09\/shure-55sh-ii-e1601485394796.jpg 415w, https:\/\/kommentatorenblog.de\/wp-content\/uploads\/2020\/09\/shure-55sh-ii-e1601485394796-142x300.jpg 142w\" sizes=\"auto, (max-width: 10px) 100vw, 10px\" \/> Joachim Hebel<\/p>\n\n\n\n<p><strong><em>Manchester United &#8211; FC Everton (14.30 Uhr)<\/em><\/strong><br><img loading=\"lazy\" decoding=\"async\" width=\"10\" height=\"21\" class=\"wp-image-3656\" style=\"width: 10px;\" src=\"http:\/\/kommentatorenblog.de\/wp-content\/uploads\/2020\/09\/shure-55sh-ii-e1601485394796.jpg\" alt=\"\" srcset=\"https:\/\/kommentatorenblog.de\/wp-content\/uploads\/2020\/09\/shure-55sh-ii-e1601485394796.jpg 415w, https:\/\/kommentatorenblog.de\/wp-content\/uploads\/2020\/09\/shure-55sh-ii-e1601485394796-142x300.jpg 142w\" sizes=\"auto, (max-width: 10px) 100vw, 10px\" \/> Hannes Herrmann<\/p>\n\n\n\n<p><strong><em>Tottenham Hotspur &#8211; FC Fulham (14.30 Uhr)<\/em><\/strong><br><img loading=\"lazy\" decoding=\"async\" width=\"10\" height=\"21\" class=\"wp-image-3656\" style=\"width: 10px;\" src=\"http:\/\/kommentatorenblog.de\/wp-content\/uploads\/2020\/09\/shure-55sh-ii-e1601485394796.jpg\" alt=\"\" srcset=\"https:\/\/kommentatorenblog.de\/wp-content\/uploads\/2020\/09\/shure-55sh-ii-e1601485394796.jpg 415w, https:\/\/kommentatorenblog.de\/wp-content\/uploads\/2020\/09\/shure-55sh-ii-e1601485394796-142x300.jpg 142w\" sizes=\"auto, (max-width: 10px) 100vw, 10px\" \/> Uli Hebel<\/p>\n\n\n\n<p><span style=\"text-decoration: underline;\">ab 16.30 Uhr (Sky)<\/span><\/p>\n\n\n\n<p><strong><em>FC Liverpool &#8211;<\/em><\/strong> <strong><em>Manchester City (17.00 Uhr)<\/em><\/strong><br><img loading=\"lazy\" decoding=\"async\" width=\"10\" height=\"21\" class=\"wp-image-3656\" style=\"width: 10px;\" src=\"http:\/\/kommentatorenblog.de\/wp-content\/uploads\/2020\/09\/shure-55sh-ii-e1601485394796.jpg\" alt=\"\" srcset=\"https:\/\/kommentatorenblog.de\/wp-content\/uploads\/2020\/09\/shure-55sh-ii-e1601485394796.jpg 415w, https:\/\/kommentatorenblog.de\/wp-content\/uploads\/2020\/09\/shure-55sh-ii-e1601485394796-142x300.jpg 142w\" sizes=\"auto, (max-width: 10px) 100vw, 10px\" \/> Jonas Friedrich, Experte: Shkodran Mustafi<br>Field-Reporter: Raphael Honigstein<\/p>\n\n\n\n<hr class=\"wp-block-separator has-css-opacity\"\/>\n\n\n\n<p><strong>LaLiga, 15. Spieltag (DAZN)<\/strong><\/p>\n\n\n\n<p><span style=\"text-decoration: underline;\">Samstag, 30. November 2024<\/span><\/p>\n\n\n\n<p><strong><em>FC Barcelona &#8211; UD Las Palmas (14.00 Uhr)<\/em><\/strong><br><em><strong><img loading=\"lazy\" decoding=\"async\" width=\"10\" height=\"21\" class=\"wp-image-3656\" style=\"width: 10px;\" src=\"http:\/\/kommentatorenblog.de\/wp-content\/uploads\/2020\/09\/shure-55sh-ii-e1601485394796.jpg\" alt=\"\" srcset=\"https:\/\/kommentatorenblog.de\/wp-content\/uploads\/2020\/09\/shure-55sh-ii-e1601485394796.jpg 415w, https:\/\/kommentatorenblog.de\/wp-content\/uploads\/2020\/09\/shure-55sh-ii-e1601485394796-142x300.jpg 142w\" sizes=\"auto, (max-width: 10px) 100vw, 10px\" \/><\/strong><\/em> Christoph Stadtler<\/p>\n\n\n\n<p><strong><em>Real Valladolid &#8211; Atletico Madrid (21.00 Uhr)<\/em><\/strong><br><em><strong><img loading=\"lazy\" decoding=\"async\" width=\"10\" height=\"21\" class=\"wp-image-3656\" style=\"width: 10px;\" src=\"http:\/\/kommentatorenblog.de\/wp-content\/uploads\/2020\/09\/shure-55sh-ii-e1601485394796.jpg\" alt=\"\" srcset=\"https:\/\/kommentatorenblog.de\/wp-content\/uploads\/2020\/09\/shure-55sh-ii-e1601485394796.jpg 415w, https:\/\/kommentatorenblog.de\/wp-content\/uploads\/2020\/09\/shure-55sh-ii-e1601485394796-142x300.jpg 142w\" sizes=\"auto, (max-width: 10px) 100vw, 10px\" \/><\/strong><\/em> Julian Engelhard<\/p>\n\n\n\n<p><span style=\"text-decoration: underline;\">Sonntag, 01. Dezember 2024<\/span><\/p>\n\n\n\n<p><strong><em>FC Villarreal &#8211; FC Girona (14.00 Uhr)<\/em><\/strong><br><em><strong><img loading=\"lazy\" decoding=\"async\" width=\"10\" height=\"21\" class=\"wp-image-3656\" style=\"width: 10px;\" src=\"http:\/\/kommentatorenblog.de\/wp-content\/uploads\/2020\/09\/shure-55sh-ii-e1601485394796.jpg\" alt=\"\" srcset=\"https:\/\/kommentatorenblog.de\/wp-content\/uploads\/2020\/09\/shure-55sh-ii-e1601485394796.jpg 415w, https:\/\/kommentatorenblog.de\/wp-content\/uploads\/2020\/09\/shure-55sh-ii-e1601485394796-142x300.jpg 142w\" sizes=\"auto, (max-width: 10px) 100vw, 10px\" \/><\/strong><\/em> Uwe Morawe<\/p>\n\n\n\n<p><strong><em>Real Madrid &#8211; FC Getafe (16.15 Uhr)<\/em><\/strong><br><em><strong><img loading=\"lazy\" decoding=\"async\" width=\"10\" height=\"21\" class=\"wp-image-3656\" style=\"width: 10px;\" src=\"http:\/\/kommentatorenblog.de\/wp-content\/uploads\/2020\/09\/shure-55sh-ii-e1601485394796.jpg\" alt=\"\" srcset=\"https:\/\/kommentatorenblog.de\/wp-content\/uploads\/2020\/09\/shure-55sh-ii-e1601485394796.jpg 415w, https:\/\/kommentatorenblog.de\/wp-content\/uploads\/2020\/09\/shure-55sh-ii-e1601485394796-142x300.jpg 142w\" sizes=\"auto, (max-width: 10px) 100vw, 10px\" \/><\/strong><\/em> Nico Seepe<\/p>\n\n\n\n<p><strong><em>Real Sociedad &#8211; Real Betis Sevilla (21.00 Uhr)<\/em><\/strong><br><em><strong><img loading=\"lazy\" decoding=\"async\" width=\"10\" height=\"21\" class=\"wp-image-3656\" style=\"width: 10px;\" src=\"http:\/\/kommentatorenblog.de\/wp-content\/uploads\/2020\/09\/shure-55sh-ii-e1601485394796.jpg\" alt=\"\" srcset=\"https:\/\/kommentatorenblog.de\/wp-content\/uploads\/2020\/09\/shure-55sh-ii-e1601485394796.jpg 415w, https:\/\/kommentatorenblog.de\/wp-content\/uploads\/2020\/09\/shure-55sh-ii-e1601485394796-142x300.jpg 142w\" sizes=\"auto, (max-width: 10px) 100vw, 10px\" \/><\/strong><\/em> Michael Born<\/p>\n\n\n\n<hr class=\"wp-block-separator has-css-opacity\"\/>\n\n\n\n<p><strong>Serie A, 14. Spieltag (DAZN)<\/strong><\/p>\n\n\n\n<p><span style=\"text-decoration: underline;\">Samstag, 30. November 2024<\/span><\/p>\n\n\n\n<p><strong><em>AC Mailand &#8211; FC Empoli (18.00 Uhr)<\/em><\/strong><br><em><strong><img loading=\"lazy\" decoding=\"async\" width=\"10\" height=\"21\" class=\"wp-image-3656\" style=\"width: 10px;\" src=\"http:\/\/kommentatorenblog.de\/wp-content\/uploads\/2020\/09\/shure-55sh-ii-e1601485394796.jpg\" alt=\"\" srcset=\"https:\/\/kommentatorenblog.de\/wp-content\/uploads\/2020\/09\/shure-55sh-ii-e1601485394796.jpg 415w, https:\/\/kommentatorenblog.de\/wp-content\/uploads\/2020\/09\/shure-55sh-ii-e1601485394796-142x300.jpg 142w\" sizes=\"auto, (max-width: 10px) 100vw, 10px\" \/><\/strong><\/em> Flo Hauser<\/p>\n\n\n\n<p><span style=\"text-decoration: underline;\">Sonntag, 01. Dezember 2024<\/span><\/p>\n\n\n\n<p><strong><em>FC Turin &#8211; SSC Neapel (15.00 Uhr)<\/em><\/strong><br><em><strong><img loading=\"lazy\" decoding=\"async\" width=\"10\" height=\"21\" class=\"wp-image-3656\" style=\"width: 10px;\" src=\"http:\/\/kommentatorenblog.de\/wp-content\/uploads\/2020\/09\/shure-55sh-ii-e1601485394796.jpg\" alt=\"\" srcset=\"https:\/\/kommentatorenblog.de\/wp-content\/uploads\/2020\/09\/shure-55sh-ii-e1601485394796.jpg 415w, https:\/\/kommentatorenblog.de\/wp-content\/uploads\/2020\/09\/shure-55sh-ii-e1601485394796-142x300.jpg 142w\" sizes=\"auto, (max-width: 10px) 100vw, 10px\" \/><\/strong><\/em> Marcel Seufert<\/p>\n\n\n\n<p><strong><em>AC Florenz &#8211; Inter Mailand (18.00 Uhr)<\/em><\/strong><br><em><strong><img loading=\"lazy\" decoding=\"async\" width=\"10\" height=\"21\" class=\"wp-image-3656\" style=\"width: 10px;\" src=\"http:\/\/kommentatorenblog.de\/wp-content\/uploads\/2020\/09\/shure-55sh-ii-e1601485394796.jpg\" alt=\"\" srcset=\"https:\/\/kommentatorenblog.de\/wp-content\/uploads\/2020\/09\/shure-55sh-ii-e1601485394796.jpg 415w, https:\/\/kommentatorenblog.de\/wp-content\/uploads\/2020\/09\/shure-55sh-ii-e1601485394796-142x300.jpg 142w\" sizes=\"auto, (max-width: 10px) 100vw, 10px\" \/><\/strong><\/em> Carsten Fu\u00df<\/p>\n\n\n\n<p><strong><em>US Lecce &#8211; Juventus Turin (20.45 Uhr)<\/em><\/strong><br><em><strong><img loading=\"lazy\" decoding=\"async\" width=\"10\" height=\"21\" class=\"wp-image-3656\" style=\"width: 10px;\" src=\"http:\/\/kommentatorenblog.de\/wp-content\/uploads\/2020\/09\/shure-55sh-ii-e1601485394796.jpg\" alt=\"\" srcset=\"https:\/\/kommentatorenblog.de\/wp-content\/uploads\/2020\/09\/shure-55sh-ii-e1601485394796.jpg 415w, https:\/\/kommentatorenblog.de\/wp-content\/uploads\/2020\/09\/shure-55sh-ii-e1601485394796-142x300.jpg 142w\" sizes=\"auto, (max-width: 10px) 100vw, 10px\" \/><\/strong><\/em> Oliver Fa\u00dfnacht<\/p>\n\n\n\n<p><span style=\"text-decoration: underline;\">Montag, 02. Dezember 2024<\/span><\/p>\n\n\n\n<p><strong><em>AS Rom &#8211; Atalanta Bergamo (20.45 Uhr)<\/em><\/strong><br><em><strong><img loading=\"lazy\" decoding=\"async\" width=\"10\" height=\"21\" class=\"wp-image-3656\" style=\"width: 10px;\" src=\"http:\/\/kommentatorenblog.de\/wp-content\/uploads\/2020\/09\/shure-55sh-ii-e1601485394796.jpg\" alt=\"\" srcset=\"https:\/\/kommentatorenblog.de\/wp-content\/uploads\/2020\/09\/shure-55sh-ii-e1601485394796.jpg 415w, https:\/\/kommentatorenblog.de\/wp-content\/uploads\/2020\/09\/shure-55sh-ii-e1601485394796-142x300.jpg 142w\" sizes=\"auto, (max-width: 10px) 100vw, 10px\" \/><\/strong><\/em> Max Gross<\/p>\n\n\n\n<hr class=\"wp-block-separator has-css-opacity\"\/>\n\n\n\n<p><strong>Ligue 1, 13. Spieltag (DAZN)<\/strong><\/p>\n\n\n\n<p><span style=\"text-decoration: underline;\">Samstag, 30. November 2024<\/span><\/p>\n\n\n\n<p><strong><em>Paris Saint-Germain &#8211; FC Nantes (21.00 Uhr)<\/em><\/strong><br><em><strong><img loading=\"lazy\" decoding=\"async\" width=\"10\" height=\"21\" class=\"wp-image-3656\" style=\"width: 10px;\" src=\"http:\/\/kommentatorenblog.de\/wp-content\/uploads\/2020\/09\/shure-55sh-ii-e1601485394796.jpg\" alt=\"\" srcset=\"https:\/\/kommentatorenblog.de\/wp-content\/uploads\/2020\/09\/shure-55sh-ii-e1601485394796.jpg 415w, https:\/\/kommentatorenblog.de\/wp-content\/uploads\/2020\/09\/shure-55sh-ii-e1601485394796-142x300.jpg 142w\" sizes=\"auto, (max-width: 10px) 100vw, 10px\" \/><\/strong><\/em> Alexis Menuge<\/p>\n\n\n\n<p><span style=\"text-decoration: underline;\">Sonntag, 01. Dezember 2024<\/span><\/p>\n\n\n\n<p><strong><em>Olympique Marseille &#8211; AS Monaco (20.45 Uhr)<\/em><\/strong><br><em><strong><img loading=\"lazy\" decoding=\"async\" width=\"10\" height=\"21\" class=\"wp-image-3656\" style=\"width: 10px;\" src=\"http:\/\/kommentatorenblog.de\/wp-content\/uploads\/2020\/09\/shure-55sh-ii-e1601485394796.jpg\" alt=\"\" srcset=\"https:\/\/kommentatorenblog.de\/wp-content\/uploads\/2020\/09\/shure-55sh-ii-e1601485394796.jpg 415w, https:\/\/kommentatorenblog.de\/wp-content\/uploads\/2020\/09\/shure-55sh-ii-e1601485394796-142x300.jpg 142w\" sizes=\"auto, (max-width: 10px) 100vw, 10px\" \/><\/strong><\/em> Stefan Galler<\/p>\n\n\n\n<hr class=\"wp-block-separator has-css-opacity\"\/>\n\n\n\n<p><strong>Primeira Liga, 12. Spieltag (Sportdigital FUSSBALL)<\/strong><\/p>\n\n\n\n<p><span style=\"text-decoration: underline;\">Samstag, 30. November 2024<\/span><\/p>\n\n\n\n<p><strong><em>Sporting Lissabon &#8211; CD Santa Clara (21.30 Uhr)<\/em><\/strong><br><em><strong><img loading=\"lazy\" decoding=\"async\" width=\"10\" height=\"21\" class=\"wp-image-3656\" style=\"width: 10px;\" src=\"http:\/\/kommentatorenblog.de\/wp-content\/uploads\/2020\/09\/shure-55sh-ii-e1601485394796.jpg\" alt=\"\" srcset=\"https:\/\/kommentatorenblog.de\/wp-content\/uploads\/2020\/09\/shure-55sh-ii-e1601485394796.jpg 415w, https:\/\/kommentatorenblog.de\/wp-content\/uploads\/2020\/09\/shure-55sh-ii-e1601485394796-142x300.jpg 142w\" sizes=\"auto, (max-width: 10px) 100vw, 10px\" \/><\/strong><\/em> Marvin Kirsch<\/p>\n\n\n\n<p><span style=\"text-decoration: underline;\">Sonntag, 01. Dezember 2024<\/span><\/p>\n\n\n\n<p><strong><em>FC Arouca &#8211; Benfica Lissabon (19.00 Uhr)<\/em><\/strong><br><em><strong><img loading=\"lazy\" decoding=\"async\" width=\"10\" height=\"21\" class=\"wp-image-3656\" style=\"width: 10px;\" src=\"http:\/\/kommentatorenblog.de\/wp-content\/uploads\/2020\/09\/shure-55sh-ii-e1601485394796.jpg\" alt=\"\" srcset=\"https:\/\/kommentatorenblog.de\/wp-content\/uploads\/2020\/09\/shure-55sh-ii-e1601485394796.jpg 415w, https:\/\/kommentatorenblog.de\/wp-content\/uploads\/2020\/09\/shure-55sh-ii-e1601485394796-142x300.jpg 142w\" sizes=\"auto, (max-width: 10px) 100vw, 10px\" \/><\/strong><\/em> Marcus Radefeld<\/p>\n\n\n\n<p><strong><em>AVS Futebol SAD &#8211; Sporting Braga (21.30 Uhr)<\/em><\/strong><br><em><strong><img loading=\"lazy\" decoding=\"async\" width=\"10\" height=\"21\" class=\"wp-image-3656\" style=\"width: 10px;\" src=\"http:\/\/kommentatorenblog.de\/wp-content\/uploads\/2020\/09\/shure-55sh-ii-e1601485394796.jpg\" alt=\"\" srcset=\"https:\/\/kommentatorenblog.de\/wp-content\/uploads\/2020\/09\/shure-55sh-ii-e1601485394796.jpg 415w, https:\/\/kommentatorenblog.de\/wp-content\/uploads\/2020\/09\/shure-55sh-ii-e1601485394796-142x300.jpg 142w\" sizes=\"auto, (max-width: 10px) 100vw, 10px\" \/><\/strong><\/em> J\u00f6rg Steiger<\/p>\n\n\n\n<p><span style=\"text-decoration: underline;\">Montag, 02. Dezember 2024<\/span><\/p>\n\n\n\n<p><strong><em>FC Porto &#8211; Casa Pia AC (21.45 Uhr)<\/em><\/strong><br><em><strong><img loading=\"lazy\" decoding=\"async\" width=\"10\" height=\"21\" class=\"wp-image-3656\" style=\"width: 10px;\" src=\"http:\/\/kommentatorenblog.de\/wp-content\/uploads\/2020\/09\/shure-55sh-ii-e1601485394796.jpg\" alt=\"\" srcset=\"https:\/\/kommentatorenblog.de\/wp-content\/uploads\/2020\/09\/shure-55sh-ii-e1601485394796.jpg 415w, https:\/\/kommentatorenblog.de\/wp-content\/uploads\/2020\/09\/shure-55sh-ii-e1601485394796-142x300.jpg 142w\" sizes=\"auto, (max-width: 10px) 100vw, 10px\" \/><\/strong><\/em> Karsten Linke<\/p>\n\n\n\n<hr class=\"wp-block-separator has-css-opacity\"\/>\n\n\n\n<p><strong>Eredivisie, 14. Spieltag (Sportdigital FUSSBALL)<\/strong><\/p>\n\n\n\n<p><span style=\"text-decoration: underline;\">Samstag, 30. November 2024<\/span><\/p>\n\n\n\n<p><strong><em>Feyenoord Rotterdam &#8211; Fortuna Sittard (20.00 Uhr)<\/em><\/strong><br><em><strong><img loading=\"lazy\" decoding=\"async\" width=\"10\" height=\"21\" class=\"wp-image-3656\" style=\"width: 10px;\" src=\"http:\/\/kommentatorenblog.de\/wp-content\/uploads\/2020\/09\/shure-55sh-ii-e1601485394796.jpg\" alt=\"\" srcset=\"https:\/\/kommentatorenblog.de\/wp-content\/uploads\/2020\/09\/shure-55sh-ii-e1601485394796.jpg 415w, https:\/\/kommentatorenblog.de\/wp-content\/uploads\/2020\/09\/shure-55sh-ii-e1601485394796-142x300.jpg 142w\" sizes=\"auto, (max-width: 10px) 100vw, 10px\" \/><\/strong><\/em> Jonathan Dreier<\/p>\n\n\n\n<p><span style=\"text-decoration: underline;\">Sonntag, 01. Dezember 2024<\/span><\/p>\n\n\n\n<p><strong><em>FC Utrecht &#8211; PSV Eindhoven (12.15 Uhr)<\/em><\/strong><br><em><strong><img loading=\"lazy\" decoding=\"async\" width=\"10\" height=\"21\" class=\"wp-image-3656\" style=\"width: 10px;\" src=\"http:\/\/kommentatorenblog.de\/wp-content\/uploads\/2020\/09\/shure-55sh-ii-e1601485394796.jpg\" alt=\"\" srcset=\"https:\/\/kommentatorenblog.de\/wp-content\/uploads\/2020\/09\/shure-55sh-ii-e1601485394796.jpg 415w, https:\/\/kommentatorenblog.de\/wp-content\/uploads\/2020\/09\/shure-55sh-ii-e1601485394796-142x300.jpg 142w\" sizes=\"auto, (max-width: 10px) 100vw, 10px\" \/><\/strong><\/em> Marvin Kirsch<\/p>\n\n\n\n<p><strong><em>AZ Alkmaar &#8211; Heracles Almelo (14.30 Uhr)<\/em><\/strong><br><em><strong><img loading=\"lazy\" decoding=\"async\" width=\"10\" height=\"21\" class=\"wp-image-3656\" style=\"width: 10px;\" src=\"http:\/\/kommentatorenblog.de\/wp-content\/uploads\/2020\/09\/shure-55sh-ii-e1601485394796.jpg\" alt=\"\" srcset=\"https:\/\/kommentatorenblog.de\/wp-content\/uploads\/2020\/09\/shure-55sh-ii-e1601485394796.jpg 415w, https:\/\/kommentatorenblog.de\/wp-content\/uploads\/2020\/09\/shure-55sh-ii-e1601485394796-142x300.jpg 142w\" sizes=\"auto, (max-width: 10px) 100vw, 10px\" \/><\/strong><\/em> Martin Hahn<\/p>\n\n\n\n<p><strong><em>NEC Nijmegen &#8211; Ajax Amsterdam (16.45 Uhr)<\/em><\/strong><br><em><strong><img loading=\"lazy\" decoding=\"async\" width=\"10\" height=\"21\" class=\"wp-image-3656\" style=\"width: 10px;\" src=\"http:\/\/kommentatorenblog.de\/wp-content\/uploads\/2020\/09\/shure-55sh-ii-e1601485394796.jpg\" alt=\"\" srcset=\"https:\/\/kommentatorenblog.de\/wp-content\/uploads\/2020\/09\/shure-55sh-ii-e1601485394796.jpg 415w, https:\/\/kommentatorenblog.de\/wp-content\/uploads\/2020\/09\/shure-55sh-ii-e1601485394796-142x300.jpg 142w\" sizes=\"auto, (max-width: 10px) 100vw, 10px\" \/><\/strong><\/em> Christian Blunck<\/p>\n\n\n\n<hr class=\"wp-block-separator has-css-opacity\"\/>\n\n\n\n<p><strong>Division 1A, 16. Spieltag (SPORT1+)<\/strong><\/p>\n\n\n\n<p><span style=\"text-decoration: underline;\">Sonntag, 01. Dezember 2024<\/span><\/p>\n\n\n\n<p><strong><em>Royale Union Saint-Gilloise &#8211; Royal Antwerpen (18.30 Uhr)<\/em><\/strong><br><img loading=\"lazy\" decoding=\"async\" width=\"10\" height=\"21\" class=\"wp-image-3656\" style=\"width: 10px;\" src=\"http:\/\/kommentatorenblog.de\/wp-content\/uploads\/2020\/09\/shure-55sh-ii-e1601485394796.jpg\" alt=\"\" srcset=\"https:\/\/kommentatorenblog.de\/wp-content\/uploads\/2020\/09\/shure-55sh-ii-e1601485394796.jpg 415w, https:\/\/kommentatorenblog.de\/wp-content\/uploads\/2020\/09\/shure-55sh-ii-e1601485394796-142x300.jpg 142w\" sizes=\"auto, (max-width: 10px) 100vw, 10px\" \/> Hans-Joachim Wolff<\/p>\n\n\n\n<hr class=\"wp-block-separator has-css-opacity\"\/>\n\n\n\n<p><strong>Ekstraklasa, 17. Spieltag (Sportdigital FUSSBALL)<\/strong><\/p>\n\n\n\n<p><span style=\"text-decoration: underline;\">Freitag, 29. November 2024<\/span><\/p>\n\n\n\n<p><strong><em>Piast Gliwice &#8211; Lech Posen (20.30 Uhr)<\/em><\/strong><br><em><strong><img loading=\"lazy\" decoding=\"async\" width=\"10\" height=\"21\" class=\"wp-image-3656\" style=\"width: 10px;\" src=\"http:\/\/kommentatorenblog.de\/wp-content\/uploads\/2020\/09\/shure-55sh-ii-e1601485394796.jpg\" alt=\"\" srcset=\"https:\/\/kommentatorenblog.de\/wp-content\/uploads\/2020\/09\/shure-55sh-ii-e1601485394796.jpg 415w, https:\/\/kommentatorenblog.de\/wp-content\/uploads\/2020\/09\/shure-55sh-ii-e1601485394796-142x300.jpg 142w\" sizes=\"auto, (max-width: 10px) 100vw, 10px\" \/><\/strong><\/em> Christian Blunck<\/p>\n\n\n\n<hr class=\"wp-block-separator has-css-opacity\"\/>\n\n\n\n<p><strong>A-League, 6. Spieltag (Sportdigital FUSSBALL)<\/strong><\/p>\n\n\n\n<p><span style=\"text-decoration: underline;\">Samstag, 30. November 2024<\/span><\/p>\n\n\n\n<p><strong><em>Macarthur FC &#8211; Brisbane Roar (09.35 Uhr)<\/em><\/strong><br><em><strong><img loading=\"lazy\" decoding=\"async\" width=\"10\" height=\"21\" class=\"wp-image-3656\" style=\"width: 10px;\" src=\"http:\/\/kommentatorenblog.de\/wp-content\/uploads\/2020\/09\/shure-55sh-ii-e1601485394796.jpg\" alt=\"\" srcset=\"https:\/\/kommentatorenblog.de\/wp-content\/uploads\/2020\/09\/shure-55sh-ii-e1601485394796.jpg 415w, https:\/\/kommentatorenblog.de\/wp-content\/uploads\/2020\/09\/shure-55sh-ii-e1601485394796-142x300.jpg 142w\" sizes=\"auto, (max-width: 10px) 100vw, 10px\" \/><\/strong><\/em> Christian Blunck<\/p>\n\n\n\n<hr class=\"wp-block-separator has-css-opacity\"\/>\n\n\n\n<p><strong>J. League, 37. Spieltag (Sportdigital FUSSBALL)<\/strong><\/p>\n\n\n\n<p><span style=\"text-decoration: underline;\">Samstag, 30. November 2024<\/span><\/p>\n\n\n\n<p><strong><em>Kashiwa Reysol &#8211; Vissel Kobe (06.03 Uhr)<\/em><\/strong><br><em><strong><img loading=\"lazy\" decoding=\"async\" width=\"10\" height=\"21\" class=\"wp-image-3656\" style=\"width: 10px;\" src=\"http:\/\/kommentatorenblog.de\/wp-content\/uploads\/2020\/09\/shure-55sh-ii-e1601485394796.jpg\" alt=\"\" srcset=\"https:\/\/kommentatorenblog.de\/wp-content\/uploads\/2020\/09\/shure-55sh-ii-e1601485394796.jpg 415w, https:\/\/kommentatorenblog.de\/wp-content\/uploads\/2020\/09\/shure-55sh-ii-e1601485394796-142x300.jpg 142w\" sizes=\"auto, (max-width: 10px) 100vw, 10px\" \/><\/strong><\/em> Henrik Hinrichsen<\/p>\n\n\n\n<hr class=\"wp-block-separator has-css-opacity\"\/>\n\n\n\n<p><strong>Liga Profesional, 25. Spieltag (Sportdigital FUSSBALL)<\/strong><\/p>\n\n\n\n<p><span style=\"text-decoration: underline;\">Montag, 02. Dezember 2024<\/span><\/p>\n\n\n\n<p><strong><em>Boca Juniors &#8211; Gimnasia La Plata (01.45 Uhr)<\/em><\/strong><br><em><strong><img loading=\"lazy\" decoding=\"async\" width=\"10\" height=\"21\" class=\"wp-image-3656\" style=\"width: 10px;\" src=\"http:\/\/kommentatorenblog.de\/wp-content\/uploads\/2020\/09\/shure-55sh-ii-e1601485394796.jpg\" alt=\"\" srcset=\"https:\/\/kommentatorenblog.de\/wp-content\/uploads\/2020\/09\/shure-55sh-ii-e1601485394796.jpg 415w, https:\/\/kommentatorenblog.de\/wp-content\/uploads\/2020\/09\/shure-55sh-ii-e1601485394796-142x300.jpg 142w\" sizes=\"auto, (max-width: 10px) 100vw, 10px\" \/><\/strong><\/em> Karsten Linke<\/p>\n\n\n\n<hr class=\"wp-block-separator has-css-opacity\"\/>\n\n\n\n<p><strong>Copa Libertadores, Finale (SPORT1+)<\/strong><\/p>\n\n\n\n<p><span style=\"text-decoration: underline;\">Samstag, 30. November 2024<\/span><\/p>\n\n\n\n<p><strong><em>Atletico Mineiro &#8211; Botafogo FR (21.00 Uhr)<\/em><\/strong><br><em><strong><img loading=\"lazy\" decoding=\"async\" width=\"10\" height=\"21\" class=\"wp-image-3656\" style=\"width: 10px;\" src=\"http:\/\/kommentatorenblog.de\/wp-content\/uploads\/2020\/09\/shure-55sh-ii-e1601485394796.jpg\" alt=\"\" srcset=\"https:\/\/kommentatorenblog.de\/wp-content\/uploads\/2020\/09\/shure-55sh-ii-e1601485394796.jpg 415w, https:\/\/kommentatorenblog.de\/wp-content\/uploads\/2020\/09\/shure-55sh-ii-e1601485394796-142x300.jpg 142w\" sizes=\"auto, (max-width: 10px) 100vw, 10px\" \/><\/strong><\/em> Tobi Fischbeck<\/p>\n\n\n\n<hr class=\"wp-block-separator has-css-opacity\"\/>\n\n\n\n<p><strong>Saudi Pro League, 12. Spieltag<\/strong> <strong>(Sportdigital FUSSBALL)<\/strong><\/p>\n\n\n\n<p><span style=\"text-decoration: underline;\">Freitag, 29. November 2024<\/span><\/p>\n\n\n\n<p><strong><em>Al-Nassr &#8211; Damac (15.40 Uhr)<\/em><\/strong><br><em><strong><img loading=\"lazy\" decoding=\"async\" width=\"10\" height=\"21\" class=\"wp-image-3656\" style=\"width: 10px;\" src=\"http:\/\/kommentatorenblog.de\/wp-content\/uploads\/2020\/09\/shure-55sh-ii-e1601485394796.jpg\" alt=\"\" srcset=\"https:\/\/kommentatorenblog.de\/wp-content\/uploads\/2020\/09\/shure-55sh-ii-e1601485394796.jpg 415w, https:\/\/kommentatorenblog.de\/wp-content\/uploads\/2020\/09\/shure-55sh-ii-e1601485394796-142x300.jpg 142w\" sizes=\"auto, (max-width: 10px) 100vw, 10px\" \/><\/strong><\/em> Jonathan Dreier<\/p>\n\n\n\n<p><span style=\"text-decoration: underline;\">Samstag, 30. November 2024<\/span><\/p>\n\n\n\n<p><strong><em>Al-Ettifaq &#8211; Al-Ittihad (15.25 Uhr)<\/em><\/strong><br><em><strong><img loading=\"lazy\" decoding=\"async\" width=\"10\" height=\"21\" class=\"wp-image-3656\" style=\"width: 10px;\" src=\"http:\/\/kommentatorenblog.de\/wp-content\/uploads\/2020\/09\/shure-55sh-ii-e1601485394796.jpg\" alt=\"\" srcset=\"https:\/\/kommentatorenblog.de\/wp-content\/uploads\/2020\/09\/shure-55sh-ii-e1601485394796.jpg 415w, https:\/\/kommentatorenblog.de\/wp-content\/uploads\/2020\/09\/shure-55sh-ii-e1601485394796-142x300.jpg 142w\" sizes=\"auto, (max-width: 10px) 100vw, 10px\" \/><\/strong><\/em> Moritz Knorr<\/p>\n\n\n\n<p><strong><em>Al-Shabab &#8211; Al-Hilal (18.00 Uhr)<\/em><\/strong><br><em><strong><img loading=\"lazy\" decoding=\"async\" width=\"10\" height=\"21\" class=\"wp-image-3656\" style=\"width: 10px;\" src=\"http:\/\/kommentatorenblog.de\/wp-content\/uploads\/2020\/09\/shure-55sh-ii-e1601485394796.jpg\" alt=\"\" srcset=\"https:\/\/kommentatorenblog.de\/wp-content\/uploads\/2020\/09\/shure-55sh-ii-e1601485394796.jpg 415w, https:\/\/kommentatorenblog.de\/wp-content\/uploads\/2020\/09\/shure-55sh-ii-e1601485394796-142x300.jpg 142w\" sizes=\"auto, (max-width: 10px) 100vw, 10px\" \/><\/strong><\/em> Jakob Vogel<\/p>\n\n\n\n<hr class=\"wp-block-separator has-css-opacity\"\/>\n\n\n\n<p><strong>\u00d6sterreichische Fu\u00dfball-Bundesliga, 15. Runde (Sky)<\/strong><\/p>\n\n\n\n<p><span style=\"text-decoration: underline;\">Samstag, 30. November 2024, ab 16.15 Uhr<\/span><\/p>\n\n\n\n<p><strong><em>TSV Hartberg &#8211; FC Salzburg (17.00 Uhr)<\/em><\/strong><br><img loading=\"lazy\" decoding=\"async\" width=\"10\" height=\"21\" class=\"wp-image-3656\" style=\"width: 10px;\" src=\"http:\/\/kommentatorenblog.de\/wp-content\/uploads\/2020\/09\/shure-55sh-ii-e1601485394796.jpg\" alt=\"\" srcset=\"https:\/\/kommentatorenblog.de\/wp-content\/uploads\/2020\/09\/shure-55sh-ii-e1601485394796.jpg 415w, https:\/\/kommentatorenblog.de\/wp-content\/uploads\/2020\/09\/shure-55sh-ii-e1601485394796-142x300.jpg 142w\" sizes=\"auto, (max-width: 10px) 100vw, 10px\" \/> Martin Konrad (Einzelspiel), Guido Friedrich (Konferenz)<\/p>\n\n\n\n<p><strong><em>SCR Altach &#8211; SK Sturm Graz (17.00 Uhr)<\/em><\/strong><br><img loading=\"lazy\" decoding=\"async\" width=\"10\" height=\"21\" class=\"wp-image-3656\" style=\"width: 10px;\" src=\"http:\/\/kommentatorenblog.de\/wp-content\/uploads\/2020\/09\/shure-55sh-ii-e1601485394796.jpg\" alt=\"\" srcset=\"https:\/\/kommentatorenblog.de\/wp-content\/uploads\/2020\/09\/shure-55sh-ii-e1601485394796.jpg 415w, https:\/\/kommentatorenblog.de\/wp-content\/uploads\/2020\/09\/shure-55sh-ii-e1601485394796-142x300.jpg 142w\" sizes=\"auto, (max-width: 10px) 100vw, 10px\" \/> Charly Leitner (Einzelspiel), David Eder (Konferenz)<\/p>\n\n\n\n<p><strong><em>Grazer AK 1902 &#8211; Wolfsberger AC (17.00 Uhr)<\/em><\/strong><br><img loading=\"lazy\" decoding=\"async\" width=\"10\" height=\"21\" class=\"wp-image-3656\" style=\"width: 10px;\" src=\"http:\/\/kommentatorenblog.de\/wp-content\/uploads\/2020\/09\/shure-55sh-ii-e1601485394796.jpg\" alt=\"\" srcset=\"https:\/\/kommentatorenblog.de\/wp-content\/uploads\/2020\/09\/shure-55sh-ii-e1601485394796.jpg 415w, https:\/\/kommentatorenblog.de\/wp-content\/uploads\/2020\/09\/shure-55sh-ii-e1601485394796-142x300.jpg 142w\" sizes=\"auto, (max-width: 10px) 100vw, 10px\" \/> Luca Kielhauser (Einzelspiel), Benjamin Vollmann (Konferenz)<\/p>\n\n\n\n<p>Moderation: J\u00f6rg K\u00fcnne, Experte: Alfred Tatar<\/p>\n\n\n\n<p><span style=\"text-decoration: underline;\">Sonntag, 01. Dezember 2024, ab 13.30 Uhr<\/span><\/p>\n\n\n\n<p><strong><em>SK Rapid Wien &#8211; FC Blau-Wei\u00df Linz (14.30 Uhr)<\/em><\/strong><br><img loading=\"lazy\" decoding=\"async\" width=\"10\" height=\"21\" class=\"wp-image-3656\" style=\"width: 10px;\" src=\"http:\/\/kommentatorenblog.de\/wp-content\/uploads\/2020\/09\/shure-55sh-ii-e1601485394796.jpg\" alt=\"\" srcset=\"https:\/\/kommentatorenblog.de\/wp-content\/uploads\/2020\/09\/shure-55sh-ii-e1601485394796.jpg 415w, https:\/\/kommentatorenblog.de\/wp-content\/uploads\/2020\/09\/shure-55sh-ii-e1601485394796-142x300.jpg 142w\" sizes=\"auto, (max-width: 10px) 100vw, 10px\" \/> Gerfried Pr\u00f6ll (Einzelspiel), Andi Brandt (Konferenz)<\/p>\n\n\n\n<p><strong><em>SK Austria Klagenfurt &#8211; WSG Tirol (14.30 Uhr)<\/em><\/strong><br><img loading=\"lazy\" decoding=\"async\" width=\"10\" height=\"21\" class=\"wp-image-3656\" style=\"width: 10px;\" src=\"http:\/\/kommentatorenblog.de\/wp-content\/uploads\/2020\/09\/shure-55sh-ii-e1601485394796.jpg\" alt=\"\" srcset=\"https:\/\/kommentatorenblog.de\/wp-content\/uploads\/2020\/09\/shure-55sh-ii-e1601485394796.jpg 415w, https:\/\/kommentatorenblog.de\/wp-content\/uploads\/2020\/09\/shure-55sh-ii-e1601485394796-142x300.jpg 142w\" sizes=\"auto, (max-width: 10px) 100vw, 10px\" \/> Gerhard Krabath (Einzelspiel), Tom Ole Mink (Konferenz)<\/p>\n\n\n\n<p><span style=\"text-decoration: underline;\">ab 16.30 Uhr<\/span><\/p>\n\n\n\n<p><strong><em>LASK &#8211; FK Austria Wien (17.00 Uhr)<\/em><\/strong><\/p>\n\n\n\n<p><img loading=\"lazy\" decoding=\"async\" width=\"10\" height=\"21\" class=\"wp-image-3656\" style=\"width: 10px;\" src=\"http:\/\/kommentatorenblog.de\/wp-content\/uploads\/2020\/09\/shure-55sh-ii-e1601485394796.jpg\" alt=\"\" srcset=\"https:\/\/kommentatorenblog.de\/wp-content\/uploads\/2020\/09\/shure-55sh-ii-e1601485394796.jpg 415w, https:\/\/kommentatorenblog.de\/wp-content\/uploads\/2020\/09\/shure-55sh-ii-e1601485394796-142x300.jpg 142w\" sizes=\"auto, (max-width: 10px) 100vw, 10px\" \/> Philipp Paternina<\/p>\n\n\n\n<p><img loading=\"lazy\" decoding=\"async\" width=\"10\" height=\"21\" class=\"wp-image-3656\" style=\"width: 10px;\" src=\"http:\/\/kommentatorenblog.de\/wp-content\/uploads\/2020\/09\/shure-55sh-ii-e1601485394796.jpg\" alt=\"\" srcset=\"https:\/\/kommentatorenblog.de\/wp-content\/uploads\/2020\/09\/shure-55sh-ii-e1601485394796.jpg 415w, https:\/\/kommentatorenblog.de\/wp-content\/uploads\/2020\/09\/shure-55sh-ii-e1601485394796-142x300.jpg 142w\" sizes=\"auto, (max-width: 10px) 100vw, 10px\" \/> Next Generation: Otto Rosenauer, Jacob &amp; Laurin<\/p>\n\n\n\n<p>Moderation: Michael Ganh\u00f6r, Experten: Peter St\u00f6ger und Andreas Herzog<\/p>\n\n\n\n<hr class=\"wp-block-separator has-css-opacity\"\/>\n\n\n\n<p><strong>Die Analyse<\/strong><\/p>\n\n\n\n<p>Wie bereits im Vorwort erw\u00e4hnt, befinden sich die Frauen an diesem Wochenende in ihrer letzten L\u00e4nderspielperiode in diesem Jahr. Am Freitag treten die DFB-Frauen zun\u00e4chst in Z\u00fcrich gegen die Schweiz an, trotz bester Ansto\u00dfzeit um 20 Uhr bekommt das Spiel allerdings keinen Platz im Hauptprogramm des ZDF. Grund ist nicht etwa der Wintersport, stattdessen zeigt man &#8222;Jenseits der Spree&#8220;. Kann man auf jeden Fall dar\u00fcber diskutieren, auch wenn es sich nicht um ein Pflichtspiel handelt. Der Personalaufwand ist ebenfalls nicht gro\u00df: Gari Paubandt kommentiert aus dem Studio, f\u00fcr Interviews ist einzig Martin Wolff vor Ort. Die ARD zeigt hingegen am Montag das Spiel gegen die italienische Auswahl in Bochum, neben Claus Lufen ist hier auch Christina Graf am Start, f\u00fcr die es das erste Frauen-L\u00e4nderspiel seit April ist. Nach dem Saisonende in der NWSL kehrt au\u00dferdem Almuth Schult als Expertin wieder zur\u00fcck, ob sie auch in der kommenden Saison in den USA spielen wird, ist noch offen.<\/p>\n\n\n\n<p>Das Bundesliga-Wochenende beginnt mit dem Nordduell, das in der vergangenen Saison noch ein Zweitliga-Duell war: der FC St. Pauli trifft im eigenen Stadion auf Holstein Kiel. Freddy Harder und Sascha Bigalke kommentieren f\u00fcr DAZN, Tobi Wahnschaffe moderiert, Daniel Herzog f\u00fchrt die Interviews. <\/p>\n\n\n\n<p>Am Samstag gibt es trotz Europacup f\u00fcnf Spiele um 15.30 Uhr bei Sky, Grund ist nat\u00fcrlich die kommende Pokalwoche. Hansi K\u00fcpper, der unter der Woche bereits f\u00fcr die Europacup-\u00dcbertragungen bei Sky Austria in M\u00fcnchen war, muss daher nicht erneut ins Konferenz-Studio, sondern reist f\u00fcr das Einzelspiel nach Bremen. Auch Oliver Seidler und Torsten Kunde kommen nicht in den S\u00fcden, sondern sind in Berlin bzw. Leipzig im Stadion. Marcus Lindemann legt hingegen nach Freiburg einen ungew\u00f6hnlich langen Weg zur\u00fcck. Die Konferenz besteht wie gewohnt aus Kai Dittmann, Jonas Friedrich und Schmiso, auch Martin Gro\u00df und Toni Tomic sind wieder dabei. Unter den Field-Reportern befinden sich mal wieder Transferexperte &#8222;Plettigoal&#8220; und Viola Weiss, daneben wie gew\u00f6hnlich Jens Westen und Max Zielke sowie Karsten Petrzika, wenig \u00fcberraschend in Berlin, der in dieser Saison noch gar keinen Kommentatoren-Einsatz hatte und sich stattdessen \u00fcberwiegend auf Dyn Handball konzentriert hat.<\/p>\n\n\n\n<p>Am Abend dann der nicht nur in Deutschland hei\u00df erwartete &#8222;deutsche Clasico&#8220; zwischen Bayern und BVB, neben dem gewohnten Sky-Team aus Hellmann, Fuss, Matth\u00e4us, Simic und Wasserziehr sind u. a. auch Dan O&#8217;Hagan und Steffen Freund f\u00fcr den World Feed oder Derek Rae und Stewart Robson f\u00fcr ESPN im Westfalenstadion. Parallel zur Haupt\u00fcbertragung gibt es auch wieder einen eigenen Kommentar f\u00fcr den Tactical Feed, diesen \u00fcbernehmen diesmal allerdings zwei Mitarbeiter von Sky-Sponsor Kickbase und konzentrieren sich dabei dementsprechend nicht nur auf das Spiel an sich, sondern vielmehr um die Folgen der Leistungen der Spieler auf die beworbene App f\u00fcr deren Nutzer. Nach dem Spiel gibt es noch eine Sonderausgabe der Glanzparade mit Wolff Fuss und Thomas Wagner, live aus dem nahegelegenen Stadion Rote Erde.<\/p>\n\n\n\n<p>Am Sonntag folgt bei DAZN dann erst das Heimspiel des 1. FSV Mainz 05 gegen die TSG Hoffenheim, das sicher eine weitere Erkenntnis \u00fcber den Trainereffekt von Christian Ilzer liefern wird. Mario Rieker und Seb Knei\u00dfl kommentieren, Tobi Wahnschaffe moderiert erneut, w\u00e4hrend Max Siebald die Stimmen zum Spiel besorgt. Beim darauffolgenden Duell der beiden Europacup-Teilnehmer 1. FC Heidenheim und Eintracht Frankfurt setzt DAZN  auf eine \u00fcberraschende, zumal rein weibliche Besetzung: Kommentatorin Christina Rann, Expertin Turid Knaak, Moderatorin Lena Cassel und Field-Reporterin Ann-Sophie Kimmel. Christina Rann gibt somit ihr Deb\u00fct als Kommentatorin in der Bundesliga der M\u00e4nner, womit sie endlich ihr lang ersehntes Ziel erreicht hat, das sie bereits 2012 im Casting bei Sky anvisierte, wo sie ihrerzeit Christina Graf unterlag und anschlie\u00dfend als Moderatorin verpflichtet wurde. Gl\u00fcckwunsch dazu! Ihre neue Rolle bei DAZN scheint somit analog zu denen von Siebald, Rieker, Harder, Hagemann und Sch\u00f6nm\u00fcller, die ebenfalls hybrid als Kommentator und Field-Reporter eingesetzt werden. Einziges Manko: der Kommentar kommt genauso wie bei den beiden anderen DAZN-\u00dcbertragungen nur aus der Box. Zuletzt war dies im Fr\u00fchjahr der Fall, als der gescheiterte erste Versuch der DFL-Rechtevergabe erfolgte.<\/p>\n\n\n\n<p>Bei Sky ist in der 2. Bundesliga lediglich Torsten Mattuschka am Samstagabend und Sonntag als Experte im Einsatz, am Freitag bekommt Thomas Wagner in Gelsenkirchen zumindest Gesellschaft von Schalke-Legende Dietmar Schacht. Das Topspiel kommentiert zum zweiten Mal Klaus Veltman, mit Blick auf den Standort Darmstadt eine naheliegende L\u00f6sung. Oliver Forster kommentiert das Duell der Lilien gegen Preu\u00dfen M\u00fcnster bei SPORT1 zusammen mit dem ehemaligen Coach der Darmst\u00e4dter, Dirk Schuster.<\/p>\n\n\n\n<p>In Liga 3 gibt es zun\u00e4chst das Topspiel zwischen Bielefeld und Ingolstadt bei Magenta, wie so oft mit Steven Ruprecht als Experte. Urspr\u00fcnglich war Toni Wachsmuth vorgesehen, der nun aber im Osten bleibt und stattdessen das Ausw\u00e4rtsspiel von Dynamo Dresden beim SV Sandhausen, ein weiteres Spitzenspiel, f\u00fcr den MDR begleitet. Julian Engelhard komplettiert mit dem Freitagabendspiel sowie mit Real Valladolid &#8211; Real Madrid am Samstag bei DAZN ein Marathonprogramm von 5 Spielen an 5 Tagen, am Sonntag folgt dann sogar noch ein Einsatz in der NFL. Mit Zander, Mann und Herwig sind am Samstag gleich drei &#8222;Stimmen des Ostens&#8220; gleichzeitig im Einsatz, beim BR tauscht Lukas Sch\u00f6nm\u00fcller bei 1860 &#8211; Rostock erneut das Kommentatoren-Headset gegen das Moderationsmikro. Beim NDR bekommt Ina Kast erstmals seit ihrer Elternzeit mit ebenjenem Duell nun auch wieder ein Drittligaspiel, da es sich aber um ein Ausw\u00e4rtsspiel handelt, nur im Studio. Mit dem Nordduell am Millerntor im Radio und dem Field-Einsatz beim Frauen-L\u00e4nderspiel in Bochum hat sie allerdings insgesamt gleich drei Eins\u00e4tze. Nach dem Zweitliga-Topspiel in Darmstadt bleibt Oliver Forster auch am Sonntag in Hessen und kommentiert dann das Aufeinandertreffen des SV Wehen Wiesbaden und der K\u00f6lner Viktoria. Im Programm steht aktuell noch Mario Bast, dieser wird aber stattdessen f\u00fcr den NFL Game Pass im Einsatz sein.<\/p>\n\n\n\n<p>Erstmals in dieser Saison hat am Sonntag der HR eine selbst produzierte Fu\u00dfball-Live\u00fcbertragung im Programm, dabei handelt es sich um das Derby der Traditionsvereine FSV Frankfurt und Kickers Offenbach aus der Regionalliga S\u00fcdwest. Sebastian Rieth kommentiert und Lisa Tellers moderiert, nachdem sie seit dieser Saison nach dem Ende der Kooperation mit Magenta Sport nicht mehr bei den \u00dcbertragungen der Regionalliga West bei Sporttotal eingesetzt wird. Alle Spiele der RL S\u00fcdwest sind \u00fcbrigens kostenpflichtig mit vereinsabh\u00e4ngigem Kommentar bei Leagues zu sehen.<\/p>\n\n\n\n<p>Auch in der Premier League gibt es ein Spitzenspiel, der FC Liverpool trifft am Sonntag zu Hause auf Manchester City. Aufgrund des Vorsprungs der Reds und der Krise der Citizens wird das Spiel allerdings nicht wie so h\u00e4ufig \u00fcber die Tabellenf\u00fchrung entscheiden. Jonas Friedrich trifft nach dem Champions-League-Spiel in M\u00fcnchen am Dienstag und dem Triple-Talk am Mittwoch bereits zum dritten Mal in dieser Woche auf Shkodran Mustafi. Zuvor bietet Sky angesichts der drei parallelen Spiele um 14.30 Uhr mal wieder eine Konferenz an, in der Toni Tomic als Host fungiert und in die Einzelstreams schalten wird.<\/p>\n\n\n\n<p>Ansonsten halten sich die prestigetr\u00e4chtigen Begegnungen in Europa und dem Rest der Welt relativ in Grenzen, was sich auch daran zeigt, dass bei DAZN etwa keine Experten zum Einsatz kommen, wobei die Anzahl der deutschsprachigen \u00dcbertragungen diesmal sogar recht gro\u00df ist. Besonders zu erw\u00e4hnen ist das letzte Copa-Libertadores-Finale bei SPORT1+ am Samstagabend, bevor der Kanal ab Januar Teil von Sportdigital wird, zwischen den brasilianischen Klubs Atletico Mineiro und Botafogo, kommentiert von Tobi Fischbeck.<\/p>\n\n\n\n<p>Somit w\u00fcnsche ich euch ein weiteres sch\u00f6nes Wochenende mit Fu\u00dfball oder auch mit anderem Sport. In der n\u00e4chsten Woche wartet dann das Achtelfinale des DFB-Pokals.<\/p>\n\n\n\n<p>Bis bald!<\/p>\n","protected":false},"excerpt":{"rendered":"<p>N&#8217;Abend allerseits, eine weitere Europawoche ist rum und die Saison bewegt sich bereits mit schnellen Schritten auf die Winterpause zu, was man alleine schon daran merkt, dass die Wintersport-Saison bereits wieder gestartet ist. Ein paar \u00c4nderungen gibt es wieder beim ZDF: das langj\u00e4hrige Biathlon-Duo Christoph Hamm und Herbert Fritzenwenger hat sich in den Ruhestand verabschiedet, [&hellip;]<\/p>\n","protected":false},"author":17,"featured_media":0,"comment_status":"open","ping_status":"open","sticky":false,"template":"","format":"standard","meta":{"footnotes":""},"categories":[424],"tags":[163,153,1026,548,1089,1051,216,404,19,688,1245,21,178,73,131,1085,841,57,1066,35,615,657,171,636,978,1012,1265,212,846,13,959,30,1263,580,82,1212,132,906,786,89,120,295,1256,32,842,844,849,104,945,792,25,92,977,726,1168,405,1063,213,347,981,69,507,376,58,655,315,861,86,93,489,59,91,491,676,378,946,787,31,1243,205,9,70,276,494,112,503,243,121,118,67,95,649,847,130,694,821,1242,581,1213,283,279,449,17,593,114,1038,715,15,1238,191,1011,665,183,113,1041,848,497,94,851,690,831,199,966,340,525,45,76,12,361,98,222,914,1087,22,66,434,134,985,394,154,28,135,524,673,16,33,838,152,395,252,1244,496,1008,24,1007,245,87,346,705,829,105,149,1262,107,196,37],"class_list":["post-19788","post","type-post","status-publish","format-standard","hentry","category-bundesliga-und-co","tag-alexander-kuepper","tag-alexis-menuge","tag-alfred-tatar","tag-almuth-schult","tag-andreas-brandt","tag-andreas-herzog","tag-andreas-mann","tag-ann-sophie-kimmel","tag-ard","tag-benjamin-kirsten","tag-benjamin-vollmann","tag-benni-zander","tag-br","tag-britta-hofmann","tag-carsten-fuss","tag-cedric-greh","tag-charly-leitner","tag-christian-blunck","tag-christian-ruediger","tag-christian-strassburger","tag-christina-graf","tag-christina-rann","tag-christoph-stadtler","tag-claus-lufen","tag-clemens-mauksch","tag-constantin-eckner","tag-daniel-gahn","tag-daniel-herzog","tag-david-eder","tag-dazn","tag-dennis-bayer","tag-didi-hamann","tag-dirk-schuster","tag-dominik-mueller","tag-erik-meijer","tag-fabian-klos","tag-flo-hauser","tag-florian-eckl","tag-florian-plettenberg","tag-florian-schmidt-sommerfeld","tag-franz-buechner","tag-freddy-harder","tag-gabriel-woehrle","tag-gari-paubandt","tag-gerfried-proell","tag-gerhard-krabath","tag-guido-friedrich","tag-hannes-herrmann","tag-hannes-jakobi","tag-hans-joachim-wolff","tag-hansi-kuepper","tag-heiko-mallwitz","tag-hendrik-scheler","tag-henrik-hinrichsen","tag-ina-kast","tag-jakob-vogel","tag-jari-schaller","tag-jens-westen","tag-joachim-hebel","tag-johannes-skiba","tag-jonas-friedrich","tag-jonathan-dreier","tag-joerg-kuenne","tag-joerg-steiger","tag-julia-simic","tag-julian-engelhard","tag-julian-luca-schaefer","tag-juergen-schmitz","tag-kai-dittmann","tag-kamila-benschop","tag-karsten-linke","tag-karsten-petrzika","tag-kevin-gerwin","tag-klaus-veltman","tag-konstantin-klostermann","tag-lena-cassel","tag-lisa-tellers","tag-lothar-matthaeus","tag-luca-kielhauser","tag-lukas-schoenmueller","tag-magenta-sport","tag-marcel-meinert","tag-marcel-seufert","tag-marcus-juergensen","tag-marcus-lindemann","tag-marcus-radefeld","tag-mario-rieker","tag-markus-gaupp","tag-markus-herwig","tag-markus-hoehner","tag-martin-gross","tag-martin-hahn","tag-martin-konrad","tag-martin-piller","tag-martin-quast","tag-martin-wolff","tag-marvin-domalewski","tag-marvin-kirsch","tag-marvin-scholz","tag-max-gross","tag-max-siebald","tag-max-zielke","tag-mdr","tag-michael-bollenbacher","tag-michael-born","tag-michael-ganhoer","tag-moritz-knorr","tag-ndr","tag-nele-ocik","tag-nico-seepe","tag-noah-kersting","tag-oliver-fassnacht-2","tag-oliver-forster","tag-oliver-seidler","tag-ostsport-tv","tag-otto-rosenauer","tag-patrick-halatsch","tag-patrick-wasserziehr","tag-peter-stoeger","tag-philip-konrad","tag-philipp-hinze","tag-philipp-paternina","tag-rachel-rinast","tag-raphael-honigstein","tag-rene-kindermann","tag-roland-evers","tag-ruth-hofmann","tag-sascha-bandermann","tag-sascha-bigalke","tag-sebastian-hellmann","tag-sebastian-kneissl","tag-sebastian-rieth","tag-shkodran-mustafi","tag-sky","tag-sport1","tag-sport1-2","tag-sportdigital-fussball","tag-sporttotal","tag-stefan-fuckert","tag-stefan-galler","tag-stefan-hempel","tag-stefanie-blochwitz","tag-stephan-weidling","tag-steven-ruprecht","tag-swr","tag-thomas-wagner","tag-timo-schaefers","tag-tobi-fischbeck","tag-tobi-schaefer","tag-tobi-wahnschaffe","tag-tom-ole-mink","tag-tom-scheunemann","tag-toni-mielke","tag-toni-tomic","tag-toni-wachsmuth","tag-torben-hoffmann","tag-torsten-kunde","tag-torsten-mattuschka","tag-torsten-pueschel","tag-turid-knaak","tag-uli-hebel","tag-uwe-morawe","tag-viola-weiss","tag-wolff-fuss","tag-yannick-erkenbrecher","tag-zdf"],"_links":{"self":[{"href":"https:\/\/kommentatorenblog.de\/index.php?rest_route=\/wp\/v2\/posts\/19788","targetHints":{"allow":["GET"]}}],"collection":[{"href":"https:\/\/kommentatorenblog.de\/index.php?rest_route=\/wp\/v2\/posts"}],"about":[{"href":"https:\/\/kommentatorenblog.de\/index.php?rest_route=\/wp\/v2\/types\/post"}],"author":[{"embeddable":true,"href":"https:\/\/kommentatorenblog.de\/index.php?rest_route=\/wp\/v2\/users\/17"}],"replies":[{"embeddable":true,"href":"https:\/\/kommentatorenblog.de\/index.php?rest_route=%2Fwp%2Fv2%2Fcomments&post=19788"}],"version-history":[{"count":56,"href":"https:\/\/kommentatorenblog.de\/index.php?rest_route=\/wp\/v2\/posts\/19788\/revisions"}],"predecessor-version":[{"id":20225,"href":"https:\/\/kommentatorenblog.de\/index.php?rest_route=\/wp\/v2\/posts\/19788\/revisions\/20225"}],"wp:attachment":[{"href":"https:\/\/kommentatorenblog.de\/index.php?rest_route=%2Fwp%2Fv2%2Fmedia&parent=19788"}],"wp:term":[{"taxonomy":"category","embeddable":true,"href":"https:\/\/kommentatorenblog.de\/index.php?rest_route=%2Fwp%2Fv2%2Fcategories&post=19788"},{"taxonomy":"post_tag","embeddable":true,"href":"https:\/\/kommentatorenblog.de\/index.php?rest_route=%2Fwp%2Fv2%2Ftags&post=19788"}],"curies":[{"name":"wp","href":"https:\/\/api.w.org\/{rel}","templated":true}]}}