{"id":19859,"date":"2024-12-03T01:41:19","date_gmt":"2024-12-02T23:41:19","guid":{"rendered":"https:\/\/kommentatorenblog.de\/?p=19859"},"modified":"2024-12-05T22:52:57","modified_gmt":"2024-12-05T20:52:57","slug":"1469-pokal-und-der-knall-vom-wochenende","status":"publish","type":"post","link":"https:\/\/kommentatorenblog.de\/?p=19859","title":{"rendered":"1469 &#8211; Pokal und der Knall vom Wochenende"},"content":{"rendered":"\n<p><a href=\"https:\/\/www.google.com\/search?q=deja+vu&amp;sca_esv=6b85669aac26ce9a&amp;sxsrf=ADLYWIIWBK-2Oo3ikmyQ1c4FiL2Lu-mY7A:1729983620700&amp;udm=2&amp;source=iu&amp;ictx=1&amp;vet=1&amp;fir=mONSl-aVYtBPMM%252CJA3I1hfWyxUxGM%252C%252Fm%252F02gdb%253BuEUe2Rr1DFqxMM%252CYnYzNhSoWcwdJM%252C_%253B5sLVx8ZFHLbo9M%252Cz5hi8tBjpmLaaM%252C_%253B1EyFdu7TGNemPM%252CtOpwcWH5PnWaFM%252C_%253BYdkfUYOYU02vXM%252ChCJxDFN8D0KoEM%252C_%253BWxwDs2z8PkwLHM%252CZS_NpFyBns9rxM%252C_&amp;usg=AI4_-kRPxkc-D5EmxvO0stQGmdQCCi5KEw&amp;sa=X&amp;ved=2ahUKEwjX_baZk62JAxXdX_EDHSaEIQQQ_B16BAgzEAE#vhid=mONSl-aVYtBPMM&amp;vssid=mosaic\"><\/a>N&#8217;Abend allerseits,<\/p>\n\n\n\n<p><strong>Samstagnachmittag, kurz vor der Konferenz, kam der Knall<\/strong>. Mehrere Medien berichteten zeitgleich \u00fcber die Vergabe der Medienrechte. Aktuell m\u00f6chte ich noch nicht zu sehr ins Detail gehen, was dies konkret bedeutet. Daf\u00fcr \u2013 so empfinde ich es zumindest \u2013 ist der Leak noch zu frisch. Zwei Punkte m\u00f6chte ich dennoch hervorheben:<\/p>\n\n\n\n<ol class=\"wp-block-list\"><li><strong>Die Bedeutung der Fans:<\/strong><br>Die Bundesliga und die 2. Bundesliga begeistern Millionen Fans vor den Bildschirmen, mobilen Endger\u00e4ten und in den Stadien. Das gesamte Konstrukt des Profifu\u00dfballs funktioniert nur mit und f\u00fcr diese Fans. Daher geht mit dem Erwerb von Medienrechten \u2013 zumindest aus meiner Sicht \u2013 auch eine gro\u00dfe Verantwortung einher: angemessen mit diesem Produkt umzugehen. Das gilt f\u00fcr alle Anbieter, sei es bei der \u00dcbertragung von Einzelspielen, Konferenzen oder Highlight-Clips.<\/li><li><strong>Zwei Anbieter f\u00fcr die Bundesliga:<\/strong><br>Die Kritik, dass weiterhin zwei Anbieter n\u00f6tig sein werden, um die komplette Bundesliga zu verfolgen, war in den sozialen Medien deutlich zu h\u00f6ren. Diesen \u00c4rger kann ich aufgrund der finanziellen Belastung vieler Fans nachvollziehen. Gleichzeitig m\u00f6chte ich betonen, dass der Verbleib der bisherigen Rechteinhaber \u2013 Sky und DAZN \u2013 zumindest die Gefahr massiver K\u00fcndigungswellen minimiert. Nat\u00fcrlich ist das nicht vollst\u00e4ndig abzusch\u00e4tzen, aber die Chancen stehen gut, dass viele bestehende Vertr\u00e4ge bei den beiden Anbietern verl\u00e4ngert werden.<\/li><\/ol>\n\n\n\n<p><strong>Was steht fest?<\/strong><br>Trotz der Leaks bleiben viele Details offen. Auf dem Blog wird in den kommenden Wochen und Monaten ein Fokus darauf liegen, wie die \u00dcbertragungen ab Sommer aussehen k\u00f6nnten \u2013 und irgendwann auch werden. Und selbstverst\u00e4ndlich werden wir uns auch mit den Kommentator:innen und Moderator:innen befassen, die die Spiele begleiten werden.<\/p>\n\n\n\n<p><strong>Ein Blick auf die aktuellen Pakete:<\/strong><br>Bevor wir uns den Spieltagsansetzungen widmen, hat Jonas eine \u00dcbersicht erstellt, welche Anbieter nach \u00fcbereinstimmenden Medienberichten die jeweiligen Livepakete erworben haben sollen. Wichtig: Eine offizielle Best\u00e4tigung der DFL steht noch aus. Diese wird erst nach Abschluss der Auktion erwartet. Die Highlight-Pakete sollen voraussichtlich im Laufe dieser Woche vergeben werden.<\/p>\n\n\n\n<p><strong>Live-Rechte<\/strong><\/p>\n\n\n\n<p class=\"has-vivid-red-background-color has-background\"><strong>Paket A &#8211; Pay TV<br><\/strong>Bundesliga &#8211; Konferenz am Samstagnachmittag<br>Anzahl Spiele: 35 Konferenzen<br><strong>neuer Rechteinhaber: DAZN<br><\/strong>bisheriger Rechteinhaber: Sky<\/p>\n\n\n\n<p class=\"has-vivid-red-background-color has-background\"><strong>Paket B &#8211; Pay TV<br><\/strong>Bundesliga &#8211; Samstagnachmittag\/Freitagabend\/Relegation<br>Anzahl Spiele: 196<br><strong>neuer Rechteinhaber: Sky<\/strong><br>bisheriger Rechteinhaber: neues Paket (Samstag\/Relegation Sky, Freitag DAZN)<\/p>\n\n\n\n<p class=\"has-vivid-red-background-color has-background\"><strong>Paket C &#8211; Pay TV<br><\/strong>Bundesliga &#8211; Samstagabend\/Supercup<br>Anzahl Spiele: 34<br><strong>neuer Rechteinhaber: Sky<\/strong><\/p>\n\n\n\n<p class=\"has-vivid-red-background-color has-background\"><strong>Paket D &#8211; Pay TV<br><\/strong>Bundesliga &#8211; alle Sonntagsspiele<br>Anzahl Spiele: 79<br><strong>neuer Rechteinhaber: DAZN<\/strong><br>bisheriger Rechteinhaber: DAZN (mit Freitagsspiel der Bundesliga)<\/p>\n\n\n\n<p class=\"has-luminous-vivid-orange-background-color has-background\"><strong>Paket E &#8211; Free TV<br><\/strong>Bundesliga &#8211; 1.,17.,18. Spieltag \/ Relegation \/ Supercup<br>2. Bundesliga &#8211; 1. Spieltag \/ Relegation<br>bisheriger Rechteinhaber: ProSiebenSat1<\/p>\n\n\n\n<p class=\"has-vivid-red-background-color has-background\"><strong>Paket F &#8211; Pay TV<br><\/strong>2. Bundesliga &#8211; alle Spiele au\u00dfer Samstagabend<br>Anzahl Spiele: 275 Einzelspiele &amp; 98 Konferenzen<br><strong>neuer Rechteinhaber: Sky<\/strong><br>bisheriger Rechteinhaber: Sky<\/p>\n\n\n\n<p class=\"has-pale-pink-background-color has-background\"><strong>Paket G &#8211; Pay- und Free TV<br><\/strong>2. Bundesliga &#8211; Samstagabendspiel<br>Anzahl Spiele: 33<br><strong>neuer Rechteinhaber: RTL-Group*<\/strong><br>bisheriger Rechteinhaber: Sky &amp; Sport1<br>*inwiefern die RTL-Gruppe die Rechte exklusiv erworben hat, ist aktuell nicht final best\u00e4tigt. M\u00f6glich ist, dass z.B. Sky die Rechte f\u00fcrs Pay-TV erworben hat.<\/p>\n\n\n\n<p>Neben dieser \u00dcbersicht lege ich euch auch gerne Screentime Sport an den Herz. Hannes aus unserem Team hat am Samstag gemeinsam mit David B\u00fccker eine kleine Reaktion aufgezeichnet. <\/p>\n\n\n\n<figure class=\"wp-block-embed is-type-rich is-provider-spotify wp-block-embed-spotify wp-embed-aspect-21-9 wp-has-aspect-ratio\"><div class=\"wp-block-embed__wrapper\">\n<iframe title=\"Spotify Embed: Breaking News: DAZN holt Bundesliga-Konferenz!\" style=\"border-radius: 12px\" width=\"100%\" height=\"152\" frameborder=\"0\" allowfullscreen allow=\"autoplay; clipboard-write; encrypted-media; fullscreen; picture-in-picture\" loading=\"lazy\" src=\"https:\/\/open.spotify.com\/embed\/episode\/1ZLUbgunN1ee5juHosS1cR?si=5a607fffef7f477a&#038;utm_source=oembed\"><\/iframe>\n<\/div><\/figure>\n\n\n\n<p>Nun aber wirklich der Sprung in die Ansetzungen der n\u00e4chsten Tage!<\/p>\n\n\n\n<hr class=\"wp-block-separator\"\/>\n\n\n\n<p><strong>Die Ansetzungen vom 03. bis zum 05. Dezember 2024<\/strong><\/p>\n\n\n\n<p><strong>DFB-Pokal, Achtelfinale<\/strong><\/p>\n\n\n\n<p><span style=\"text-decoration: underline;\">Dienstag, 03. Dezember 2024, ab 17.30 Uhr (Sky)<\/span><\/p>\n\n\n\n<p><strong><em>DSC Arminia Bielefeld &#8211; SC Freiburg (18.00 Uhr)<\/em><\/strong><br><img loading=\"lazy\" decoding=\"async\" width=\"10\" height=\"21\" class=\"wp-image-3656\" style=\"width: 10px;\" src=\"http:\/\/kommentatorenblog.de\/wp-content\/uploads\/2020\/09\/shure-55sh-ii-e1601485394796.jpg\" alt=\"\" srcset=\"https:\/\/kommentatorenblog.de\/wp-content\/uploads\/2020\/09\/shure-55sh-ii-e1601485394796.jpg 415w, https:\/\/kommentatorenblog.de\/wp-content\/uploads\/2020\/09\/shure-55sh-ii-e1601485394796-142x300.jpg 142w\" sizes=\"auto, (max-width: 10px) 100vw, 10px\" \/> Marcus Lindemann (Einzelspiel), Frank Buschmann (Konferenz)<br>Field-Reporter: Martin Gro\u00df, Gast: Fabian Klos<\/p>\n\n\n\n<hr class=\"wp-block-separator\"\/>\n\n\n\n<p><strong><em>SSV Jahn Regensburg &#8211; VfB Stuttgart (18.00 Uhr)<\/em><\/strong><br><img loading=\"lazy\" decoding=\"async\" width=\"10\" height=\"21\" class=\"wp-image-3656\" style=\"width: 10px;\" src=\"http:\/\/kommentatorenblog.de\/wp-content\/uploads\/2020\/09\/shure-55sh-ii-e1601485394796.jpg\" alt=\"\" srcset=\"https:\/\/kommentatorenblog.de\/wp-content\/uploads\/2020\/09\/shure-55sh-ii-e1601485394796.jpg 415w, https:\/\/kommentatorenblog.de\/wp-content\/uploads\/2020\/09\/shure-55sh-ii-e1601485394796-142x300.jpg 142w\" sizes=\"auto, (max-width: 10px) 100vw, 10px\" \/> Roland Evers (Einzelspiel), Jonas Friedrich (Konferenz)<br>Field-Reporter: Max Zielke<\/p>\n\n\n\n<p><span style=\"text-decoration: underline;\">ab 20.15 Uhr (ARD) bzw. ab 20.15 Uhr (Sky)<\/span><\/p>\n\n\n\n<p><strong><em>FC Bayern M\u00fcnchen &#8211; Bayer 04 Leverkusen (20.45 Uhr)<\/em><\/strong><\/p>\n\n\n\n<p><img loading=\"lazy\" decoding=\"async\" width=\"10\" height=\"21\" class=\"wp-image-3656\" style=\"width: 10px;\" src=\"http:\/\/kommentatorenblog.de\/wp-content\/uploads\/2020\/09\/shure-55sh-ii-e1601485394796.jpg\" alt=\"\" srcset=\"https:\/\/kommentatorenblog.de\/wp-content\/uploads\/2020\/09\/shure-55sh-ii-e1601485394796.jpg 415w, https:\/\/kommentatorenblog.de\/wp-content\/uploads\/2020\/09\/shure-55sh-ii-e1601485394796-142x300.jpg 142w\" sizes=\"auto, (max-width: 10px) 100vw, 10px\" \/> ARD: Tom Bartels<br>Moderation (ARD): Esther Sedlaczek, Experte: Bastian Schweinsteiger, Field-Reporterin: Julia Scharf<\/p>\n\n\n\n<p><img loading=\"lazy\" decoding=\"async\" width=\"10\" height=\"21\" class=\"wp-image-3656\" style=\"width: 10px;\" src=\"http:\/\/kommentatorenblog.de\/wp-content\/uploads\/2020\/09\/shure-55sh-ii-e1601485394796.jpg\" alt=\"\" srcset=\"https:\/\/kommentatorenblog.de\/wp-content\/uploads\/2020\/09\/shure-55sh-ii-e1601485394796.jpg 415w, https:\/\/kommentatorenblog.de\/wp-content\/uploads\/2020\/09\/shure-55sh-ii-e1601485394796-142x300.jpg 142w\" sizes=\"auto, (max-width: 10px) 100vw, 10px\" \/> Sky: Wolff Fuss (Einzelspiel), Kai Dittmann (Konferenz)<br>Moderation (Sky-Stadion): Michael Leopold, Experte: Patrick Helmes, Field-Reporter: Yannick Erkenbrecher<\/p>\n\n\n\n<p><span style=\"text-decoration: underline;\">ab 20.15 Uhr (Sky)<\/span><\/p>\n\n\n\n<p><strong><em>SV Werder Bremen &#8211; SV Darmstadt 98 (20.45 Uhr)<\/em><\/strong><br><img loading=\"lazy\" decoding=\"async\" width=\"10\" height=\"21\" class=\"wp-image-3656\" style=\"width: 10px;\" src=\"http:\/\/kommentatorenblog.de\/wp-content\/uploads\/2020\/09\/shure-55sh-ii-e1601485394796.jpg\" alt=\"\" srcset=\"https:\/\/kommentatorenblog.de\/wp-content\/uploads\/2020\/09\/shure-55sh-ii-e1601485394796.jpg 415w, https:\/\/kommentatorenblog.de\/wp-content\/uploads\/2020\/09\/shure-55sh-ii-e1601485394796-142x300.jpg 142w\" sizes=\"auto, (max-width: 10px) 100vw, 10px\" \/> Oliver Seidler (Einzelspiel), Hansi K\u00fcpper (Konferenz)<br>Field-Reporter: Karsten Petrzika<\/p>\n\n\n\n<p>Moderation (Sky-Studio): Nele Ocik<\/p>\n\n\n\n<p><span style=\"text-decoration: underline;\">Mittwoch, 04. Dezember 2024, ab 17.30 Uhr (Sky) bzw. ab 17.40 Uhr (ZDF)<\/span><\/p>\n\n\n\n<p><strong><em>1. FC K\u00f6ln &#8211; Hertha BSC (18.00 Uhr)<\/em><\/strong><\/p>\n\n\n\n<p><img loading=\"lazy\" decoding=\"async\" width=\"10\" height=\"21\" class=\"wp-image-3656\" style=\"width: 10px;\" src=\"http:\/\/kommentatorenblog.de\/wp-content\/uploads\/2020\/09\/shure-55sh-ii-e1601485394796.jpg\" alt=\"\" srcset=\"https:\/\/kommentatorenblog.de\/wp-content\/uploads\/2020\/09\/shure-55sh-ii-e1601485394796.jpg 415w, https:\/\/kommentatorenblog.de\/wp-content\/uploads\/2020\/09\/shure-55sh-ii-e1601485394796-142x300.jpg 142w\" sizes=\"auto, (max-width: 10px) 100vw, 10px\" \/> ZDF: Martin Schneider<br>Field-Reporter: Sven Voss<\/p>\n\n\n\n<p><img loading=\"lazy\" decoding=\"async\" width=\"10\" height=\"21\" class=\"wp-image-3656\" style=\"width: 10px;\" src=\"http:\/\/kommentatorenblog.de\/wp-content\/uploads\/2020\/09\/shure-55sh-ii-e1601485394796.jpg\" alt=\"\" srcset=\"https:\/\/kommentatorenblog.de\/wp-content\/uploads\/2020\/09\/shure-55sh-ii-e1601485394796.jpg 415w, https:\/\/kommentatorenblog.de\/wp-content\/uploads\/2020\/09\/shure-55sh-ii-e1601485394796-142x300.jpg 142w\" sizes=\"auto, (max-width: 10px) 100vw, 10px\" \/> Sky: Martin Gro\u00df (Einzelspiel), Wolff Fuss (Konferenz)<br>Field-Reporter (Sky): Thomas Wagner, Gast: Harald Konopka<\/p>\n\n\n\n<hr class=\"wp-block-separator\"\/>\n\n\n\n<p><strong><em>VfL Wolfsburg &#8211; TSG 1899 Hoffenheim (18.00 Uhr)<\/em><\/strong><br><img loading=\"lazy\" decoding=\"async\" width=\"10\" height=\"21\" class=\"wp-image-3656\" style=\"width: 10px;\" src=\"http:\/\/kommentatorenblog.de\/wp-content\/uploads\/2020\/09\/shure-55sh-ii-e1601485394796.jpg\" alt=\"\" srcset=\"https:\/\/kommentatorenblog.de\/wp-content\/uploads\/2020\/09\/shure-55sh-ii-e1601485394796.jpg 415w, https:\/\/kommentatorenblog.de\/wp-content\/uploads\/2020\/09\/shure-55sh-ii-e1601485394796-142x300.jpg 142w\" sizes=\"auto, (max-width: 10px) 100vw, 10px\" \/> Hansi K\u00fcpper (Einzelspiel), Frank Buschmann (Konferenz)<br>Field-Reporter: Karsten Petrzika<\/p>\n\n\n\n<p><span style=\"text-decoration: underline;\">ab 20.15 Uhr (ZDF) bzw. ab 20.15 Uhr (Sky)<\/span><\/p>\n\n\n\n<p><strong><em>RB Leipzig &#8211; Eintracht Frankfurt (20.45 Uhr)<\/em><\/strong><\/p>\n\n\n\n<p><img loading=\"lazy\" decoding=\"async\" width=\"10\" height=\"21\" class=\"wp-image-3656\" style=\"width: 10px;\" src=\"http:\/\/kommentatorenblog.de\/wp-content\/uploads\/2020\/09\/shure-55sh-ii-e1601485394796.jpg\" alt=\"\" srcset=\"https:\/\/kommentatorenblog.de\/wp-content\/uploads\/2020\/09\/shure-55sh-ii-e1601485394796.jpg 415w, https:\/\/kommentatorenblog.de\/wp-content\/uploads\/2020\/09\/shure-55sh-ii-e1601485394796-142x300.jpg 142w\" sizes=\"auto, (max-width: 10px) 100vw, 10px\" \/> ZDF: Oliver Schmidt <s>Gari Paubandt<\/s><br>Moderation (ZDF): Katrin M\u00fcller-Hohenstein, Experte: Ren\u00e9 Adler, Field-Reporterin: Johanna R\u00fcdiger<\/p>\n\n\n\n<p><img loading=\"lazy\" decoding=\"async\" width=\"10\" height=\"21\" class=\"wp-image-3656\" style=\"width: 10px;\" src=\"http:\/\/kommentatorenblog.de\/wp-content\/uploads\/2020\/09\/shure-55sh-ii-e1601485394796.jpg\" alt=\"\" srcset=\"https:\/\/kommentatorenblog.de\/wp-content\/uploads\/2020\/09\/shure-55sh-ii-e1601485394796.jpg 415w, https:\/\/kommentatorenblog.de\/wp-content\/uploads\/2020\/09\/shure-55sh-ii-e1601485394796-142x300.jpg 142w\" sizes=\"auto, (max-width: 10px) 100vw, 10px\" \/> Sky: Oliver Seidler (Einzelspiel), Kai Dittmann (Konferenz)<br>Field-Reporter (Sky): Patrick Wasserziehr<\/p>\n\n\n\n<hr class=\"wp-block-separator\"\/>\n\n\n\n<p><span style=\"text-decoration: underline;\">ab 20.15 Uhr (Sky)<\/span><\/p>\n\n\n\n<p><strong><em>Karlsruher SC &#8211; FC Augsburg (20.45 Uhr)<\/em><\/strong><br><img loading=\"lazy\" decoding=\"async\" width=\"10\" height=\"21\" class=\"wp-image-3656\" style=\"width: 10px;\" src=\"http:\/\/kommentatorenblog.de\/wp-content\/uploads\/2020\/09\/shure-55sh-ii-e1601485394796.jpg\" alt=\"\" srcset=\"https:\/\/kommentatorenblog.de\/wp-content\/uploads\/2020\/09\/shure-55sh-ii-e1601485394796.jpg 415w, https:\/\/kommentatorenblog.de\/wp-content\/uploads\/2020\/09\/shure-55sh-ii-e1601485394796-142x300.jpg 142w\" sizes=\"auto, (max-width: 10px) 100vw, 10px\" \/> Hannes Herrmann (Einzelspiel), Roland Evers (Konferenz)<br>Field-Reporter: Dennis Bayer<\/p>\n\n\n\n<p>Moderation (Sky-Studio): Yannick Erkenbrecher<\/p>\n\n\n\n<hr class=\"wp-block-separator\"\/>\n\n\n\n<p><strong>Premier League, 14. Spieltag<\/strong><\/p>\n\n\n\n<p><span style=\"text-decoration: underline;\">Dienstag, 03. Dezember 2024, ab 20.20 Uhr (Sky)<\/span><\/p>\n\n\n\n<p><strong><em>Ipswich Town \u2013 Crystal Palace (20.30 Uhr)<\/em><\/strong><br><img loading=\"lazy\" decoding=\"async\" width=\"10\" height=\"21\" class=\"wp-image-3656\" style=\"width: 10px;\" src=\"http:\/\/kommentatorenblog.de\/wp-content\/uploads\/2020\/09\/shure-55sh-ii-e1601485394796.jpg\" alt=\"\" srcset=\"https:\/\/kommentatorenblog.de\/wp-content\/uploads\/2020\/09\/shure-55sh-ii-e1601485394796.jpg 415w, https:\/\/kommentatorenblog.de\/wp-content\/uploads\/2020\/09\/shure-55sh-ii-e1601485394796-142x300.jpg 142w\" sizes=\"auto, (max-width: 10px) 100vw, 10px\" \/> Sven Schr\u00f6ter<\/p>\n\n\n\n<p><span style=\"text-decoration: underline;\">ab 21.05 Uhr (Sky)<\/span><\/p>\n\n\n\n<p><strong><em>Leicester City \u2013 West Ham United (21.15 Uhr)<\/em><\/strong><br><img loading=\"lazy\" decoding=\"async\" width=\"10\" height=\"21\" class=\"wp-image-3656\" style=\"width: 10px;\" src=\"http:\/\/kommentatorenblog.de\/wp-content\/uploads\/2020\/09\/shure-55sh-ii-e1601485394796.jpg\" alt=\"\" srcset=\"https:\/\/kommentatorenblog.de\/wp-content\/uploads\/2020\/09\/shure-55sh-ii-e1601485394796.jpg 415w, https:\/\/kommentatorenblog.de\/wp-content\/uploads\/2020\/09\/shure-55sh-ii-e1601485394796-142x300.jpg 142w\" sizes=\"auto, (max-width: 10px) 100vw, 10px\" \/> Markus Gaupp<\/p>\n\n\n\n<p><span style=\"text-decoration: underline;\">Mittwoch, 04. Dezember 2024, ab 20.20 Uhr (Sky\/RTL+)<\/span><\/p>\n\n\n\n<p><strong><em>Manchester City \u2013 Nottingham Forest (20.30 Uhr)<\/em><\/strong><br><img loading=\"lazy\" decoding=\"async\" width=\"10\" height=\"21\" class=\"wp-image-3656\" style=\"width: 10px;\" src=\"http:\/\/kommentatorenblog.de\/wp-content\/uploads\/2020\/09\/shure-55sh-ii-e1601485394796.jpg\" alt=\"\" srcset=\"https:\/\/kommentatorenblog.de\/wp-content\/uploads\/2020\/09\/shure-55sh-ii-e1601485394796.jpg 415w, https:\/\/kommentatorenblog.de\/wp-content\/uploads\/2020\/09\/shure-55sh-ii-e1601485394796-142x300.jpg 142w\" sizes=\"auto, (max-width: 10px) 100vw, 10px\" \/> Markus G\u00f6tz<\/p>\n\n\n\n<p><span style=\"text-decoration: underline;\">ab 20.20 Uhr (Sky)<\/span><\/p>\n\n\n\n<p><strong><em>Newcastle United \u2013 FC Liverpool (20.30 Uhr)<\/em><\/strong><br><img loading=\"lazy\" decoding=\"async\" width=\"10\" height=\"21\" class=\"wp-image-3656\" style=\"width: 10px;\" src=\"http:\/\/kommentatorenblog.de\/wp-content\/uploads\/2020\/09\/shure-55sh-ii-e1601485394796.jpg\" alt=\"\" srcset=\"https:\/\/kommentatorenblog.de\/wp-content\/uploads\/2020\/09\/shure-55sh-ii-e1601485394796.jpg 415w, https:\/\/kommentatorenblog.de\/wp-content\/uploads\/2020\/09\/shure-55sh-ii-e1601485394796-142x300.jpg 142w\" sizes=\"auto, (max-width: 10px) 100vw, 10px\" \/> Joachim Hebel<\/p>\n\n\n\n<p><strong><em>FC Southampton \u2013 FC Chelsea (20.30 Uhr)<\/em><\/strong><br><img loading=\"lazy\" decoding=\"async\" width=\"10\" height=\"21\" class=\"wp-image-3656\" style=\"width: 10px;\" src=\"http:\/\/kommentatorenblog.de\/wp-content\/uploads\/2020\/09\/shure-55sh-ii-e1601485394796.jpg\" alt=\"\" srcset=\"https:\/\/kommentatorenblog.de\/wp-content\/uploads\/2020\/09\/shure-55sh-ii-e1601485394796.jpg 415w, https:\/\/kommentatorenblog.de\/wp-content\/uploads\/2020\/09\/shure-55sh-ii-e1601485394796-142x300.jpg 142w\" sizes=\"auto, (max-width: 10px) 100vw, 10px\" \/> Uli Hebel<\/p>\n\n\n\n<p><strong><em>FC Everton \u2013 Wolverhampton Wanderers (20.30 Uhr)<\/em><\/strong><br><img loading=\"lazy\" decoding=\"async\" width=\"10\" height=\"21\" class=\"wp-image-3656\" style=\"width: 10px;\" src=\"http:\/\/kommentatorenblog.de\/wp-content\/uploads\/2020\/09\/shure-55sh-ii-e1601485394796.jpg\" alt=\"\" srcset=\"https:\/\/kommentatorenblog.de\/wp-content\/uploads\/2020\/09\/shure-55sh-ii-e1601485394796.jpg 415w, https:\/\/kommentatorenblog.de\/wp-content\/uploads\/2020\/09\/shure-55sh-ii-e1601485394796-142x300.jpg 142w\" sizes=\"auto, (max-width: 10px) 100vw, 10px\" \/> Rachel Rinast<\/p>\n\n\n\n<p><span style=\"text-decoration: underline;\">ab 21.05 Uhr (Sky)<\/span><\/p>\n\n\n\n<p><strong><em>FC Arsenal \u2013 Manchester United (21.15 Uhr)<\/em><\/strong><br><img loading=\"lazy\" decoding=\"async\" width=\"10\" height=\"21\" class=\"wp-image-3656\" style=\"width: 10px;\" src=\"http:\/\/kommentatorenblog.de\/wp-content\/uploads\/2020\/09\/shure-55sh-ii-e1601485394796.jpg\" alt=\"\" srcset=\"https:\/\/kommentatorenblog.de\/wp-content\/uploads\/2020\/09\/shure-55sh-ii-e1601485394796.jpg 415w, https:\/\/kommentatorenblog.de\/wp-content\/uploads\/2020\/09\/shure-55sh-ii-e1601485394796-142x300.jpg 142w\" sizes=\"auto, (max-width: 10px) 100vw, 10px\" \/> Florian Schmidt-Sommerfeld<\/p>\n\n\n\n<p><strong><em>Aston Villa \u2013 FC Brentford (21.15 Uhr)<\/em><\/strong><br><img loading=\"lazy\" decoding=\"async\" width=\"10\" height=\"21\" class=\"wp-image-3656\" style=\"width: 10px;\" src=\"http:\/\/kommentatorenblog.de\/wp-content\/uploads\/2020\/09\/shure-55sh-ii-e1601485394796.jpg\" alt=\"\" srcset=\"https:\/\/kommentatorenblog.de\/wp-content\/uploads\/2020\/09\/shure-55sh-ii-e1601485394796.jpg 415w, https:\/\/kommentatorenblog.de\/wp-content\/uploads\/2020\/09\/shure-55sh-ii-e1601485394796-142x300.jpg 142w\" sizes=\"auto, (max-width: 10px) 100vw, 10px\" \/> Marcel Meinert<\/p>\n\n\n\n<p><span style=\"text-decoration: underline;\">Donnerstag, 05. Dezember 2024, ab 20.20 Uhr (Sky)<\/span><\/p>\n\n\n\n<p><strong><em>FC Fulham \u2013 Brighton &amp; Hove Albion<\/em><\/strong> <strong><em>(20.30 Uhr)<\/em><\/strong><br><img loading=\"lazy\" decoding=\"async\" width=\"10\" height=\"21\" class=\"wp-image-3656\" style=\"width: 10px;\" src=\"http:\/\/kommentatorenblog.de\/wp-content\/uploads\/2020\/09\/shure-55sh-ii-e1601485394796.jpg\" alt=\"\" srcset=\"https:\/\/kommentatorenblog.de\/wp-content\/uploads\/2020\/09\/shure-55sh-ii-e1601485394796.jpg 415w, https:\/\/kommentatorenblog.de\/wp-content\/uploads\/2020\/09\/shure-55sh-ii-e1601485394796-142x300.jpg 142w\" sizes=\"auto, (max-width: 10px) 100vw, 10px\" \/> Hannes Herrmann<\/p>\n\n\n\n<p><span style=\"text-decoration: underline;\">ab 21.05 Uhr (Sky)<\/span><\/p>\n\n\n\n<p><strong><em>AFC Bournemouth \u2013 Tottenham Hotspur (21.15 Uhr)<\/em><\/strong><br><img loading=\"lazy\" decoding=\"async\" width=\"10\" height=\"21\" class=\"wp-image-3656\" style=\"width: 10px;\" src=\"http:\/\/kommentatorenblog.de\/wp-content\/uploads\/2020\/09\/shure-55sh-ii-e1601485394796.jpg\" alt=\"\" srcset=\"https:\/\/kommentatorenblog.de\/wp-content\/uploads\/2020\/09\/shure-55sh-ii-e1601485394796.jpg 415w, https:\/\/kommentatorenblog.de\/wp-content\/uploads\/2020\/09\/shure-55sh-ii-e1601485394796-142x300.jpg 142w\" sizes=\"auto, (max-width: 10px) 100vw, 10px\" \/> Joachim Hebel<\/p>\n\n\n\n<hr class=\"wp-block-separator\"\/>\n\n\n\n<p><strong>LaLiga, 19. Spieltag (DAZN)<\/strong><\/p>\n\n\n\n<p><span style=\"text-decoration: underline;\">Dienstag, 03. Dezember 2024<\/span><\/p>\n\n\n\n<p><strong><em>RCD Mallorca &#8211; FC Barcelona (19.00 Uhr)<\/em><\/strong><br><em><strong><img loading=\"lazy\" decoding=\"async\" width=\"10\" height=\"21\" class=\"wp-image-3656\" style=\"width: 10px;\" src=\"http:\/\/kommentatorenblog.de\/wp-content\/uploads\/2020\/09\/shure-55sh-ii-e1601485394796.jpg\" alt=\"\" srcset=\"https:\/\/kommentatorenblog.de\/wp-content\/uploads\/2020\/09\/shure-55sh-ii-e1601485394796.jpg 415w, https:\/\/kommentatorenblog.de\/wp-content\/uploads\/2020\/09\/shure-55sh-ii-e1601485394796-142x300.jpg 142w\" sizes=\"auto, (max-width: 10px) 100vw, 10px\" \/><\/strong><\/em> Julian Engelhard<\/p>\n\n\n\n<p><span style=\"text-decoration: underline;\">Mittwoch, 04. Dezember 2024<\/span><\/p>\n\n\n\n<p><strong><em>Athletic Bilbao &#8211; Real Madrid (21.00 Uhr)<\/em><\/strong><br><em><strong><img loading=\"lazy\" decoding=\"async\" width=\"10\" height=\"21\" class=\"wp-image-3656\" style=\"width: 10px;\" src=\"http:\/\/kommentatorenblog.de\/wp-content\/uploads\/2020\/09\/shure-55sh-ii-e1601485394796.jpg\" alt=\"\" srcset=\"https:\/\/kommentatorenblog.de\/wp-content\/uploads\/2020\/09\/shure-55sh-ii-e1601485394796.jpg 415w, https:\/\/kommentatorenblog.de\/wp-content\/uploads\/2020\/09\/shure-55sh-ii-e1601485394796-142x300.jpg 142w\" sizes=\"auto, (max-width: 10px) 100vw, 10px\" \/><\/strong><\/em> Jan Platte, Experte: Benny Lauth<\/p>\n\n\n\n<hr class=\"wp-block-separator\"\/>\n\n\n\n<p><strong>Coppa Italia, Achtelfinale (DAZN)<\/strong><\/p>\n\n\n\n<p><span style=\"text-decoration: underline;\">Dienstag, 03. Dezember 2024<\/span><\/p>\n\n\n\n<p><strong><em>AC Mailand &#8211; US Sassuolo (21.00 Uhr)<\/em><\/strong><br><em><strong><img loading=\"lazy\" decoding=\"async\" width=\"10\" height=\"21\" class=\"wp-image-3656\" style=\"width: 10px;\" src=\"http:\/\/kommentatorenblog.de\/wp-content\/uploads\/2020\/09\/shure-55sh-ii-e1601485394796.jpg\" alt=\"\" srcset=\"https:\/\/kommentatorenblog.de\/wp-content\/uploads\/2020\/09\/shure-55sh-ii-e1601485394796.jpg 415w, https:\/\/kommentatorenblog.de\/wp-content\/uploads\/2020\/09\/shure-55sh-ii-e1601485394796-142x300.jpg 142w\" sizes=\"auto, (max-width: 10px) 100vw, 10px\" \/><\/strong><\/em> Christopher Putz<\/p>\n\n\n\n<p><span style=\"text-decoration: underline;\">Donnerstag, 05. Dezember 2024<\/span><\/p>\n\n\n\n<p><strong><em>Lazio Rom &#8211; SSC Neapel (21.00 Uhr)<\/em><\/strong><br><em><strong><img loading=\"lazy\" decoding=\"async\" width=\"10\" height=\"21\" class=\"wp-image-3656\" style=\"width: 10px;\" src=\"http:\/\/kommentatorenblog.de\/wp-content\/uploads\/2020\/09\/shure-55sh-ii-e1601485394796.jpg\" alt=\"\" srcset=\"https:\/\/kommentatorenblog.de\/wp-content\/uploads\/2020\/09\/shure-55sh-ii-e1601485394796.jpg 415w, https:\/\/kommentatorenblog.de\/wp-content\/uploads\/2020\/09\/shure-55sh-ii-e1601485394796-142x300.jpg 142w\" sizes=\"auto, (max-width: 10px) 100vw, 10px\" \/><\/strong><\/em> Mario Rieker<\/p>\n\n\n\n<hr class=\"wp-block-separator\"\/>\n\n\n\n<p><strong>Copa del Rey, 2. Runde (Sportdigital FUSSBALL)<\/strong><\/p>\n\n\n\n<p><span style=\"text-decoration: underline;\">Dienstag, 03. Dezember 2024<\/span><\/p>\n\n\n\n<p><strong><em>Salamanca CF UDS &#8211; Celta Vigo (21.00 Uhr)<\/em><\/strong><br><em><strong><img loading=\"lazy\" decoding=\"async\" width=\"10\" height=\"21\" class=\"wp-image-3656\" style=\"width: 10px;\" src=\"http:\/\/kommentatorenblog.de\/wp-content\/uploads\/2020\/09\/shure-55sh-ii-e1601485394796.jpg\" alt=\"\" srcset=\"https:\/\/kommentatorenblog.de\/wp-content\/uploads\/2020\/09\/shure-55sh-ii-e1601485394796.jpg 415w, https:\/\/kommentatorenblog.de\/wp-content\/uploads\/2020\/09\/shure-55sh-ii-e1601485394796-142x300.jpg 142w\" sizes=\"auto, (max-width: 10px) 100vw, 10px\" \/><\/strong><\/em> Moritz Knorr<\/p>\n\n\n\n<p><span style=\"text-decoration: underline;\">Mittwoch, 04. Dezember 2024<\/span><\/p>\n\n\n\n<p><strong><em>UE Sant Andreu &#8211; Betis Sevilla (19.00 Uhr)<\/em><\/strong><br><em><strong><img loading=\"lazy\" decoding=\"async\" width=\"10\" height=\"21\" class=\"wp-image-3656\" style=\"width: 10px;\" src=\"http:\/\/kommentatorenblog.de\/wp-content\/uploads\/2020\/09\/shure-55sh-ii-e1601485394796.jpg\" alt=\"\" srcset=\"https:\/\/kommentatorenblog.de\/wp-content\/uploads\/2020\/09\/shure-55sh-ii-e1601485394796.jpg 415w, https:\/\/kommentatorenblog.de\/wp-content\/uploads\/2020\/09\/shure-55sh-ii-e1601485394796-142x300.jpg 142w\" sizes=\"auto, (max-width: 10px) 100vw, 10px\" \/><\/strong><\/em> Arne Malsch<\/p>\n\n\n\n<p><span style=\"text-decoration: underline;\">Donnerstag, 05. Dezember 2024<\/span><\/p>\n\n\n\n<p><strong><em>CP Cacereno &#8211; Atletico Madrid (19.00 Uhr)<\/em><\/strong><br><img loading=\"lazy\" decoding=\"async\" width=\"10\" height=\"21\" class=\"wp-image-3656\" style=\"width: 10px;\" src=\"http:\/\/kommentatorenblog.de\/wp-content\/uploads\/2020\/09\/shure-55sh-ii-e1601485394796.jpg\" alt=\"\" srcset=\"https:\/\/kommentatorenblog.de\/wp-content\/uploads\/2020\/09\/shure-55sh-ii-e1601485394796.jpg 415w, https:\/\/kommentatorenblog.de\/wp-content\/uploads\/2020\/09\/shure-55sh-ii-e1601485394796-142x300.jpg 142w\" sizes=\"auto, (max-width: 10px) 100vw, 10px\" \/> Karsten Linke<\/p>\n\n\n\n<hr class=\"wp-block-separator\"\/>\n\n\n\n<p><strong>Scottish Premiership, 15. Spieltag (Sportdigital FUSSBALL)<\/strong><\/p>\n\n\n\n<p><span style=\"text-decoration: underline;\">Mittwoch, 04. Dezember 2024<\/span><\/p>\n\n\n\n<p><strong><em>FC Aberdeen &#8211; Celtic Glasgow<\/em><\/strong> <strong><em>(21.00 Uhr)<\/em><\/strong><br><em><strong><img loading=\"lazy\" decoding=\"async\" width=\"10\" height=\"21\" class=\"wp-image-3656\" style=\"width: 10px;\" src=\"http:\/\/kommentatorenblog.de\/wp-content\/uploads\/2020\/09\/shure-55sh-ii-e1601485394796.jpg\" alt=\"\" srcset=\"https:\/\/kommentatorenblog.de\/wp-content\/uploads\/2020\/09\/shure-55sh-ii-e1601485394796.jpg 415w, https:\/\/kommentatorenblog.de\/wp-content\/uploads\/2020\/09\/shure-55sh-ii-e1601485394796-142x300.jpg 142w\" sizes=\"auto, (max-width: 10px) 100vw, 10px\" \/><\/strong><\/em> Marvin Kirsch<\/p>\n\n\n\n<hr class=\"wp-block-separator\"\/>\n\n\n\n<p><strong>Primeira Liga, 13. Spieltag (Sportdigital FUSSBALL)<\/strong><\/p>\n\n\n\n<p><span style=\"text-decoration: underline;\">Donnerstag, 05. Dezember 2024<\/span><\/p>\n\n\n\n<p><strong><em>Moreirense FC &#8211; Sporting Lissabon<\/em><\/strong> <strong><em>(21.15 Uhr)<\/em><\/strong><br><em><strong><img loading=\"lazy\" decoding=\"async\" width=\"10\" height=\"21\" class=\"wp-image-3656\" style=\"width: 10px;\" src=\"http:\/\/kommentatorenblog.de\/wp-content\/uploads\/2020\/09\/shure-55sh-ii-e1601485394796.jpg\" alt=\"\" srcset=\"https:\/\/kommentatorenblog.de\/wp-content\/uploads\/2020\/09\/shure-55sh-ii-e1601485394796.jpg 415w, https:\/\/kommentatorenblog.de\/wp-content\/uploads\/2020\/09\/shure-55sh-ii-e1601485394796-142x300.jpg 142w\" sizes=\"auto, (max-width: 10px) 100vw, 10px\" \/><\/strong><\/em> Jonathan Dreier<\/p>\n\n\n\n<hr class=\"wp-block-separator\"\/>\n\n\n\n<p><strong>AFC Champions League Elite, 6. Spieltag (SPORT1+)<\/strong><\/p>\n\n\n\n<p><span style=\"text-decoration: underline;\">Dienstag, 03. Dezember 2024<\/span><\/p>\n\n\n\n<p><strong><em>Shanghai Port FC &#8211; Gwangju FC<\/em><\/strong> <strong><em>(13.00 Uhr)<\/em><\/strong> <em>(Gruppe Ost)<\/em><br><em><strong><img loading=\"lazy\" decoding=\"async\" width=\"10\" height=\"21\" class=\"wp-image-3656\" style=\"width: 10px;\" src=\"http:\/\/kommentatorenblog.de\/wp-content\/uploads\/2020\/09\/shure-55sh-ii-e1601485394796.jpg\" alt=\"\" srcset=\"https:\/\/kommentatorenblog.de\/wp-content\/uploads\/2020\/09\/shure-55sh-ii-e1601485394796.jpg 415w, https:\/\/kommentatorenblog.de\/wp-content\/uploads\/2020\/09\/shure-55sh-ii-e1601485394796-142x300.jpg 142w\" sizes=\"auto, (max-width: 10px) 100vw, 10px\" \/><\/strong><\/em> Oliver Forster<\/p>\n\n\n\n<p><strong><em>Al Hilal SFC &#8211; Al Gharafa SC<\/em><\/strong> <strong><em>(19.00 Uhr)<\/em><\/strong> <em>(Gruppe West)<\/em><br><em><strong><img loading=\"lazy\" decoding=\"async\" width=\"10\" height=\"21\" class=\"wp-image-3656\" style=\"width: 10px;\" src=\"http:\/\/kommentatorenblog.de\/wp-content\/uploads\/2020\/09\/shure-55sh-ii-e1601485394796.jpg\" alt=\"\" srcset=\"https:\/\/kommentatorenblog.de\/wp-content\/uploads\/2020\/09\/shure-55sh-ii-e1601485394796.jpg 415w, https:\/\/kommentatorenblog.de\/wp-content\/uploads\/2020\/09\/shure-55sh-ii-e1601485394796-142x300.jpg 142w\" sizes=\"auto, (max-width: 10px) 100vw, 10px\" \/><\/strong><\/em> Steffen Bohleber<\/p>\n\n\n\n<hr class=\"wp-block-separator\"\/>\n\n\n\n<p><strong>Regionalliga West, 11. Spieltag, Nachholspiel (Sporttotal)<\/strong><\/p>\n\n\n\n<p><span style=\"text-decoration: underline;\">Mittwoch, 04. Dezember 2024<\/span><\/p>\n\n\n\n<p><strong><em>1. FC K\u00f6ln II &#8211; Borussia M\u00f6nchengladbach II<\/em><\/strong> <strong><em>(12.00 Uhr)<\/em><\/strong><br><em><strong><img loading=\"lazy\" decoding=\"async\" width=\"10\" height=\"21\" class=\"wp-image-3656\" style=\"width: 10px;\" src=\"http:\/\/kommentatorenblog.de\/wp-content\/uploads\/2020\/09\/shure-55sh-ii-e1601485394796.jpg\" alt=\"\" srcset=\"https:\/\/kommentatorenblog.de\/wp-content\/uploads\/2020\/09\/shure-55sh-ii-e1601485394796.jpg 415w, https:\/\/kommentatorenblog.de\/wp-content\/uploads\/2020\/09\/shure-55sh-ii-e1601485394796-142x300.jpg 142w\" sizes=\"auto, (max-width: 10px) 100vw, 10px\" \/><\/strong><\/em> Marvin Domalewski<\/p>\n\n\n\n<hr class=\"wp-block-separator\"\/>\n\n\n\n<p><strong>Die Analyse<\/strong><\/p>\n\n\n\n<p>Der DFB-Pokal startet am Dienstag ab 17.30 Uhr mit der Vorberichterstattung. Dabei meldet sich Sky ausnahmsweise sogar aus dem Stadion. Genauer gesagt werden sich Michael Leopold und Patrick Helmes aus der Allianz-Arena melden und dort auf die Spiele blicken. In der Fr\u00fchschicht gibt es unter anderem die Partie des Drittligisten Arminia Bielefeld gegen den SC Freiburg. Martin Gro\u00df meldet sich als Field-Reporter von der Alm und bekommt dabei Unterst\u00fctzung von On-Air-Gast und Arminia-Legende Fabian Klos. Kommentieren wird dann Marcus Lindemann, der ja bereits in der zweiten Runde zu Gast in Ostwestfalen war. Das Parallelspiel zeigt Sky leider nur aus der Box. So ist einzig Max Zielke als Field-Reporter der Partie Regensburg gegen Stuttgart im Stadion, w\u00e4hrend sich Roland Evers aus der Box meldet.<\/p>\n\n\n\n<p>In der Sp\u00e4tschicht gibt es dann die Heimkehr von Florian Kohfeldt an die Weser \u2013 sicherlich ein emotionales Unterfangen. Karsten Petrzika als Field-Reporter und Oliver Seidler als Kommentator \u00fcbernehmen f\u00fcr Sky. Und dann gibt es nat\u00fcrlich auch noch den Kracher zwischen Bayern und Leverkusen. Neben den bereits erw\u00e4hnten Personalien Leopold und Helmes wird hier auch Yannick Erkenbrecher als Field-Reporter mit dabei sein. Komplettiert wird das Team von \u2013 wenig \u00fcberraschend \u2013 Topspielkommentator Wolff-Christoph Fuss. Bei der ARD \u00fcbernimmt nach Alex Bommes in Runde zwei nun wieder Esther Sedlaczek gemeinsam mit Bastian Schweinsteiger. Kommentieren wird Tom Bartels, w\u00e4hrend Julia Scharf auf Stimmenfang geht.<\/p>\n\n\n\n<p>Blicken wir auf eines der sch\u00f6nsten Formate im deutschen Fu\u00dfball \u2013 die Konferenz: Hier \u00fcbernimmt Frank Buschmann in der Fr\u00fchschicht die Partie Arminia gegen Freiburg und freut sich \u2013 Glanzparaden-Zuschauende wissen Bescheid \u2013 auf einen Pokalfight. Die B\u00e4lle schiebt er sich hin und her mit Jonas Friedrich, der sich \u2013 nicht zum ersten Mal \u2013 um den VfB Stuttgart k\u00fcmmert. Bei der sp\u00e4ten Ansto\u00dfzeit \u00fcberrascht es wohl nicht, dass Kai Dittmann in der Konferenz den Kracher in der Allianz-Arena kommentieren wird, w\u00e4hrend Hansi K\u00fcpper auf das Duell an der Weser blickt.<\/p>\n\n\n\n<p>Der Mittwoch, der ja mit zwei Free-TV-Spielen daherkommt, startet bei Sky wieder gewohnt aus dem Studio. Hier wird Yannick Erkenbrecher durch den Abend f\u00fchren. In der Fr\u00fchschicht geht der Blick nach Wolfsburg und K\u00f6ln. In der Autostadt empfangen die W\u00f6lfe nach dem furiosen 5:1 in Leipzig die TSG. Sky ist hier wie so oft mit Karsten Petrzika im Stadion, w\u00e4hrend Hansi K\u00fcpper leider nur aus der Box kommentieren wird. Das Duell der Zweitligisten K\u00f6ln und Hertha kommt dann komplett aus dem Stadion: Thomas Wagner und Martin Gro\u00df melden sich f\u00fcr Sky aus M\u00fcngersdorf. Im ZDF wiederum kommt die Moderation aus Leipzig, wo sich KMH und Ren\u00e9 Adler melden. In K\u00f6ln sind Sven Voss und Martin Schneider im Einsatz.<\/p>\n\n\n\n<p>Mit Blick auf die Partie zwischen Leipzig und Frankfurt ist damit auch schon die H\u00e4lfte des ZDF-Personals gekl\u00e4rt. Kommentieren wird Oliver Schmidt, der nach unseren Informationen recht kurzfristig von Gari Paubandt \u00fcbernommen hat. Bei Sky kommt hier auch Patrick Wasserziehr zu seinem obligatorischen Einsatz, w\u00e4hrend Oliver Seidler gleich sein zweites Einzelspiel kommentieren darf. Mit Blick auf das letzte der acht Spiele gilt es leider festzustellen, dass auch dieses und damit gleich drei von acht Spielen aus der Box kommentiert werden. So meldet sich Hannes Herrmann aus der Box von der Partie Karlsruhe gegen den \u2013 Herrmann kennt ihn inzwischen recht gut \u2013 FCA und Dennis Bayer aus der Arena.<\/p>\n\n\n\n<p>In der fr\u00fchen Konferenz gibt es dann ein Duo, das \u00fcber fast ein Jahrzehnt in den Konsolen und Computern dieser Welt sa\u00df und obendrein mit der <em>Glanzparade<\/em> eines der \u2013 zumindest nach meiner bescheidenen Meinung \u2013 unterhaltsamsten Formate begr\u00fcndet hat. Frank Buschmann k\u00fcmmert sich dabei wie in Runde zwei um den VfL Wolfsburg, w\u00e4hrend Wolff Fuss \u2013 immer wieder sch\u00f6n, ihn in der Konferenz zu h\u00f6ren \u2013 die K\u00f6lner \u00fcbernimmt. In der Sp\u00e4tschicht bekommt Kai Dittmann auch den zweiten Kracher zwischen Leipzig und Frankfurt und f\u00fchrt gemeinsam mit Roland Evers durch den Abend.<\/p>\n\n\n\n<p>In der Premier League steht eine englische Woche an. Mit Schmiso, Jogi, Uli Hebel, Hannes Herrmann und Toni Tomic kommen hier wenig \u00fcberraschend viele \u00fcbliche Verd\u00e4chtige zum Einsatz. Ansonsten stehen auch in Spanien und Italien Pokalwettbewerbe an \u2013 nur in Spanien tanzen Barcelona und Real ein wenig aus der Reihe und absolvieren schon mal den 19. Spieltag.<\/p>\n\n\n\n<p>Bis dahin, habt eine sch\u00f6ne Woche. Ich melde mich am Donnerstag dann schon wieder mit dem n\u00e4chsten Beitrag.<\/p>\n","protected":false},"excerpt":{"rendered":"<p>N&#8217;Abend allerseits, Samstagnachmittag, kurz vor der Konferenz, kam der Knall. Mehrere Medien berichteten zeitgleich \u00fcber die Vergabe der Medienrechte. Aktuell m\u00f6chte ich noch nicht zu sehr ins Detail gehen, was dies konkret bedeutet. Daf\u00fcr \u2013 so empfinde ich es zumindest \u2013 ist der Leak noch zu frisch. Zwei Punkte m\u00f6chte ich dennoch hervorheben: Die Bedeutung [&hellip;]<\/p>\n","protected":false},"author":5,"featured_media":0,"comment_status":"open","ping_status":"open","sticky":false,"template":"","format":"standard","meta":{"footnotes":""},"categories":[504],"tags":[],"class_list":["post-19859","post","type-post","status-publish","format-standard","hentry","category-dfb-pokal-co"],"_links":{"self":[{"href":"https:\/\/kommentatorenblog.de\/index.php?rest_route=\/wp\/v2\/posts\/19859","targetHints":{"allow":["GET"]}}],"collection":[{"href":"https:\/\/kommentatorenblog.de\/index.php?rest_route=\/wp\/v2\/posts"}],"about":[{"href":"https:\/\/kommentatorenblog.de\/index.php?rest_route=\/wp\/v2\/types\/post"}],"author":[{"embeddable":true,"href":"https:\/\/kommentatorenblog.de\/index.php?rest_route=\/wp\/v2\/users\/5"}],"replies":[{"embeddable":true,"href":"https:\/\/kommentatorenblog.de\/index.php?rest_route=%2Fwp%2Fv2%2Fcomments&post=19859"}],"version-history":[{"count":10,"href":"https:\/\/kommentatorenblog.de\/index.php?rest_route=\/wp\/v2\/posts\/19859\/revisions"}],"predecessor-version":[{"id":19886,"href":"https:\/\/kommentatorenblog.de\/index.php?rest_route=\/wp\/v2\/posts\/19859\/revisions\/19886"}],"wp:attachment":[{"href":"https:\/\/kommentatorenblog.de\/index.php?rest_route=%2Fwp%2Fv2%2Fmedia&parent=19859"}],"wp:term":[{"taxonomy":"category","embeddable":true,"href":"https:\/\/kommentatorenblog.de\/index.php?rest_route=%2Fwp%2Fv2%2Fcategories&post=19859"},{"taxonomy":"post_tag","embeddable":true,"href":"https:\/\/kommentatorenblog.de\/index.php?rest_route=%2Fwp%2Fv2%2Ftags&post=19859"}],"curies":[{"name":"wp","href":"https:\/\/api.w.org\/{rel}","templated":true}]}}