{"id":19916,"date":"2024-12-23T13:43:31","date_gmt":"2024-12-23T11:43:31","guid":{"rendered":"https:\/\/kommentatorenblog.de\/?p=19916"},"modified":"2024-12-27T13:19:05","modified_gmt":"2024-12-27T11:19:05","slug":"1475-schoene-weihnachten","status":"publish","type":"post","link":"https:\/\/kommentatorenblog.de\/?p=19916","title":{"rendered":"1475 &#8211; Sch\u00f6ne Weihnachten"},"content":{"rendered":"\n<p>Liebe Leserinnen und Leser, <\/p>\n\n\n\n<p>das n\u00e4chste Kommentatorenblog- Jahr neigt sich dem Ende entgegen, Weihnachten steht vor der T\u00fcre. Deshalb w\u00fcnscht euch das gesamte Kommentatorenblog- Team sch\u00f6ne Weihnachte und entspannte Feststage.<\/p>\n\n\n\n<p>W\u00e4hrend in Deutschland der Ball um Weihnachten ruht, geht es kurz nach Weihnachten in Sachen Wintersport rund. In Oberstdorf und Garmisch-Partenkirchen finden die ersten beiden Springen der Vierschanzentournee statt, darunter das traditionelle Neujahrsspringen. Neben den M\u00e4nnern werden auch die Frauen an den beiden Orten, in umgekehrter Reihenfolge, ihre zweite Two-Nights-Tour springen. Sowohl bei den Frauen als auch bei den M\u00e4nnern kommt der\/ die Weltcup-F\u00fchrende mit Katharina Schmid und Pius Paschke aus Deutschland. Neben Skispringen gibt es kurz vor dem Jahreswechsel mit der World Team Challenge auf Schalke noch eine Biathlon-Veranstaltung in Deutschland, ehe im Januar dann die Heim-Weltcups in Oberhof und Ruhpolding anstehen. Gesamtweltcupf\u00fchrende ist mit Franziska Preu\u00df hier im \u00dcbringen aktuell ebenfalls eine Deutsche, bei den Herren f\u00fchrt, wenig \u00fcberraschend der Norweger Johannes Thingnes B\u00f8.<\/p>\n\n\n\n<p>Zu sehen gibt es die Events entweder live vor Ort oder wie gewohnt im Ersten beziehungsweise im Zweiten sowie bei Eurosport. Neben Biathlon und Skispringen werden nat\u00fcrlich auch die Tour de Ski im Langlauf, Ski Alpin sowie Bob und Skeleton um den Jahreswechsel \u00fcbertragen.<\/p>\n\n\n\n<p>Sky hat zwar keinen Wintersport im Programm, daf\u00fcr aber die Premier League, welche wie gewohnt am zweiten Weihnachtsfeiertag spielt, und deshalb rein in die Ansetzungen vom 26. Dezember mit dem Boxing Day:<\/p>\n\n\n\n<hr class=\"wp-block-separator has-css-opacity\"\/>\n\n\n\n<p><strong>Premier League, 18. Spieltag<\/strong><\/p>\n\n\n\n<p><span style=\"text-decoration: underline;\">Donnerstag, 26. Dezember 2024, ab 13.25 (Sky)<\/span><\/p>\n\n\n\n<p><strong><em>Manchester City &#8211; FC Everton (13.30 Uhr)<\/em><\/strong><br><em><strong><img loading=\"lazy\" decoding=\"async\" width=\"10\" height=\"21\" class=\"wp-image-3656\" style=\"width: 10px;\" src=\"http:\/\/kommentatorenblog.de\/wp-content\/uploads\/2020\/09\/shure-55sh-ii-e1601485394796.jpg\" alt=\"\" srcset=\"https:\/\/kommentatorenblog.de\/wp-content\/uploads\/2020\/09\/shure-55sh-ii-e1601485394796.jpg 415w, https:\/\/kommentatorenblog.de\/wp-content\/uploads\/2020\/09\/shure-55sh-ii-e1601485394796-142x300.jpg 142w\" sizes=\"auto, (max-width: 10px) 100vw, 10px\" \/><\/strong><\/em> Florian Schmidt-Sommerfeld; Experte: Shkodran Mustafi<br>Field-Reporter: Dirk gro\u00dfe Schlarmann<\/p>\n\n\n\n<p><span style=\"text-decoration: underline;\">ab 15.30 (Sky)<\/span><\/p>\n\n\n\n<p><strong><em>Konferenz (16.00 Uhr)<\/em><\/strong><br><em><strong><img loading=\"lazy\" decoding=\"async\" width=\"10\" height=\"21\" class=\"wp-image-3656\" style=\"width: 10px;\" src=\"http:\/\/kommentatorenblog.de\/wp-content\/uploads\/2020\/09\/shure-55sh-ii-e1601485394796.jpg\" alt=\"\" srcset=\"https:\/\/kommentatorenblog.de\/wp-content\/uploads\/2020\/09\/shure-55sh-ii-e1601485394796.jpg 415w, https:\/\/kommentatorenblog.de\/wp-content\/uploads\/2020\/09\/shure-55sh-ii-e1601485394796-142x300.jpg 142w\" sizes=\"auto, (max-width: 10px) 100vw, 10px\" \/><\/strong><\/em> Hannes Herrmann<\/p>\n\n\n\n<p><span style=\"text-decoration: underline;\">ab 15.50 (Sky)<\/span><\/p>\n\n\n\n<p><strong><em>FC<\/em><\/strong> <strong><em>Chelsea &#8211; FC Fulham (16.00 Uhr)<\/em><\/strong><br><em><strong><img loading=\"lazy\" decoding=\"async\" width=\"10\" height=\"21\" class=\"wp-image-3656\" style=\"width: 10px;\" src=\"http:\/\/kommentatorenblog.de\/wp-content\/uploads\/2020\/09\/shure-55sh-ii-e1601485394796.jpg\" alt=\"\" srcset=\"https:\/\/kommentatorenblog.de\/wp-content\/uploads\/2020\/09\/shure-55sh-ii-e1601485394796.jpg 415w, https:\/\/kommentatorenblog.de\/wp-content\/uploads\/2020\/09\/shure-55sh-ii-e1601485394796-142x300.jpg 142w\" sizes=\"auto, (max-width: 10px) 100vw, 10px\" \/><\/strong><\/em> Joachim Hebel<\/p>\n\n\n\n<p><strong><em>AFC Bournemouth &#8211; Crystal Palace (16.00 Uhr)<\/em><\/strong><br><em><strong><img loading=\"lazy\" decoding=\"async\" width=\"10\" height=\"21\" class=\"wp-image-3656\" style=\"width: 10px;\" src=\"http:\/\/kommentatorenblog.de\/wp-content\/uploads\/2020\/09\/shure-55sh-ii-e1601485394796.jpg\" alt=\"\" srcset=\"https:\/\/kommentatorenblog.de\/wp-content\/uploads\/2020\/09\/shure-55sh-ii-e1601485394796.jpg 415w, https:\/\/kommentatorenblog.de\/wp-content\/uploads\/2020\/09\/shure-55sh-ii-e1601485394796-142x300.jpg 142w\" sizes=\"auto, (max-width: 10px) 100vw, 10px\" \/><\/strong><\/em> Timo Sch\u00e4fers<\/p>\n\n\n\n<p><strong><em>Nottingham Forest &#8211; Tottenham Hotspur (16.00 Uhr)<\/em><\/strong><br><em><strong><img loading=\"lazy\" decoding=\"async\" width=\"10\" height=\"21\" class=\"wp-image-3656\" style=\"width: 10px;\" src=\"http:\/\/kommentatorenblog.de\/wp-content\/uploads\/2020\/09\/shure-55sh-ii-e1601485394796.jpg\" alt=\"\" srcset=\"https:\/\/kommentatorenblog.de\/wp-content\/uploads\/2020\/09\/shure-55sh-ii-e1601485394796.jpg 415w, https:\/\/kommentatorenblog.de\/wp-content\/uploads\/2020\/09\/shure-55sh-ii-e1601485394796-142x300.jpg 142w\" sizes=\"auto, (max-width: 10px) 100vw, 10px\" \/><\/strong><\/em> Markus Gaupp<\/p>\n\n\n\n<p><strong><em>Newcastle United &#8211; Aston Villa (16.00 Uhr)<\/em><\/strong><br><em><strong><img loading=\"lazy\" decoding=\"async\" width=\"10\" height=\"21\" class=\"wp-image-3656\" style=\"width: 10px;\" src=\"http:\/\/kommentatorenblog.de\/wp-content\/uploads\/2020\/09\/shure-55sh-ii-e1601485394796.jpg\" alt=\"\" srcset=\"https:\/\/kommentatorenblog.de\/wp-content\/uploads\/2020\/09\/shure-55sh-ii-e1601485394796.jpg 415w, https:\/\/kommentatorenblog.de\/wp-content\/uploads\/2020\/09\/shure-55sh-ii-e1601485394796-142x300.jpg 142w\" sizes=\"auto, (max-width: 10px) 100vw, 10px\" \/><\/strong><\/em> Uli Hebel&nbsp;<\/p>\n\n\n\n<p><strong><em>Southampton &#8211; West Ham United (16.00 Uhr)<\/em><\/strong><br><em><strong><img loading=\"lazy\" decoding=\"async\" width=\"10\" height=\"21\" class=\"wp-image-3656\" style=\"width: 10px;\" src=\"http:\/\/kommentatorenblog.de\/wp-content\/uploads\/2020\/09\/shure-55sh-ii-e1601485394796.jpg\" alt=\"\" srcset=\"https:\/\/kommentatorenblog.de\/wp-content\/uploads\/2020\/09\/shure-55sh-ii-e1601485394796.jpg 415w, https:\/\/kommentatorenblog.de\/wp-content\/uploads\/2020\/09\/shure-55sh-ii-e1601485394796-142x300.jpg 142w\" sizes=\"auto, (max-width: 10px) 100vw, 10px\" \/><\/strong><\/em> Sven Schr\u00f6ter&nbsp;<\/p>\n\n\n\n<p><span style=\"text-decoration: underline;\">ab 18.20 (Sky)<\/span><\/p>\n\n\n\n<p><strong><em>Wolverhampton Wanderes &#8211; Manchester United (18.30 Uhr)<\/em><\/strong><br><em><strong><img loading=\"lazy\" decoding=\"async\" width=\"10\" height=\"21\" class=\"wp-image-3656\" style=\"width: 10px;\" src=\"http:\/\/kommentatorenblog.de\/wp-content\/uploads\/2020\/09\/shure-55sh-ii-e1601485394796.jpg\" alt=\"\" srcset=\"https:\/\/kommentatorenblog.de\/wp-content\/uploads\/2020\/09\/shure-55sh-ii-e1601485394796.jpg 415w, https:\/\/kommentatorenblog.de\/wp-content\/uploads\/2020\/09\/shure-55sh-ii-e1601485394796-142x300.jpg 142w\" sizes=\"auto, (max-width: 10px) 100vw, 10px\" \/><\/strong><\/em> Dominik M\u00fcller<\/p>\n\n\n\n<p><span style=\"text-decoration: underline;\">ab 20.50 (Sky)<\/span><\/p>\n\n\n\n<p><strong><em>FC Liverpool &#8211; Leicester City (21.00 Uhr)<\/em><\/strong><br><em><strong><img loading=\"lazy\" decoding=\"async\" width=\"10\" height=\"21\" class=\"wp-image-3656\" style=\"width: 10px;\" src=\"http:\/\/kommentatorenblog.de\/wp-content\/uploads\/2020\/09\/shure-55sh-ii-e1601485394796.jpg\" alt=\"\" srcset=\"https:\/\/kommentatorenblog.de\/wp-content\/uploads\/2020\/09\/shure-55sh-ii-e1601485394796.jpg 415w, https:\/\/kommentatorenblog.de\/wp-content\/uploads\/2020\/09\/shure-55sh-ii-e1601485394796-142x300.jpg 142w\" sizes=\"auto, (max-width: 10px) 100vw, 10px\" \/><\/strong><\/em> Toni Tomic<br>Field-Reporter: Dirk gro\u00dfe Schlarmann<\/p>\n\n\n\n<p><span style=\"text-decoration: underline;\">Freitag, 27. Dezember 2024, ab 20.50 (Sky)<\/span><\/p>\n\n\n\n<p><strong><em>Brighton &amp; Hove Albion &#8211; FC Brentford (21.00 Uhr)<\/em><\/strong><br><em><strong><img loading=\"lazy\" decoding=\"async\" width=\"10\" height=\"21\" class=\"wp-image-3656\" style=\"width: 10px;\" src=\"http:\/\/kommentatorenblog.de\/wp-content\/uploads\/2020\/09\/shure-55sh-ii-e1601485394796.jpg\" alt=\"\" srcset=\"https:\/\/kommentatorenblog.de\/wp-content\/uploads\/2020\/09\/shure-55sh-ii-e1601485394796.jpg 415w, https:\/\/kommentatorenblog.de\/wp-content\/uploads\/2020\/09\/shure-55sh-ii-e1601485394796-142x300.jpg 142w\" sizes=\"auto, (max-width: 10px) 100vw, 10px\" \/><\/strong><\/em> Rachel Rinast<\/p>\n\n\n\n<p><span style=\"text-decoration: underline;\">ab 21.05 (Sky\/RTL+)<\/span><\/p>\n\n\n\n<p><strong><em><strong><em>FC Arsenal <\/em><\/strong> &#8211; Ipswich Town (21.15 Uhr)<\/em><\/strong><br><em><strong><img loading=\"lazy\" decoding=\"async\" width=\"10\" height=\"21\" class=\"wp-image-3656\" style=\"width: 10px;\" src=\"http:\/\/kommentatorenblog.de\/wp-content\/uploads\/2020\/09\/shure-55sh-ii-e1601485394796.jpg\" alt=\"\" srcset=\"https:\/\/kommentatorenblog.de\/wp-content\/uploads\/2020\/09\/shure-55sh-ii-e1601485394796.jpg 415w, https:\/\/kommentatorenblog.de\/wp-content\/uploads\/2020\/09\/shure-55sh-ii-e1601485394796-142x300.jpg 142w\" sizes=\"auto, (max-width: 10px) 100vw, 10px\" \/><\/strong><\/em> Hannes Herrmann<\/p>\n\n\n\n<hr class=\"wp-block-separator has-alpha-channel-opacity\"\/>\n\n\n\n<p><strong>Scottish Premiership (SCO), 19. Spieltag (sportdigital)<\/strong><\/p>\n\n\n\n<p><span style=\"text-decoration: underline;\">Donnerstag, 26. Dezember 2024<\/span><\/p>\n\n\n\n<p><strong><em>Heart of Midlothian &#8211; FC Hibernian<\/em><\/strong><em><strong> (15.30 Uhr)<\/strong><\/em><br><img loading=\"lazy\" decoding=\"async\" width=\"10\" height=\"21\" class=\"wp-image-3656\" style=\"width: 10px;\" src=\"http:\/\/kommentatorenblog.de\/wp-content\/uploads\/2020\/09\/shure-55sh-ii-e1601485394796.jpg\" alt=\"\" srcset=\"https:\/\/kommentatorenblog.de\/wp-content\/uploads\/2020\/09\/shure-55sh-ii-e1601485394796.jpg 415w, https:\/\/kommentatorenblog.de\/wp-content\/uploads\/2020\/09\/shure-55sh-ii-e1601485394796-142x300.jpg 142w\" sizes=\"auto, (max-width: 10px) 100vw, 10px\" \/> Marcus Radefeld<\/p>\n\n\n\n<p><strong><em>FC St. Mirren &#8211; Glasgow Rangers<\/em><\/strong><em><strong> (18.45 Uhr)<\/strong><\/em><br><img loading=\"lazy\" decoding=\"async\" width=\"10\" height=\"21\" class=\"wp-image-3656\" style=\"width: 10px;\" src=\"http:\/\/kommentatorenblog.de\/wp-content\/uploads\/2020\/09\/shure-55sh-ii-e1601485394796.jpg\" alt=\"\" srcset=\"https:\/\/kommentatorenblog.de\/wp-content\/uploads\/2020\/09\/shure-55sh-ii-e1601485394796.jpg 415w, https:\/\/kommentatorenblog.de\/wp-content\/uploads\/2020\/09\/shure-55sh-ii-e1601485394796-142x300.jpg 142w\" sizes=\"auto, (max-width: 10px) 100vw, 10px\" \/> J\u00f6rg Steiger<\/p>\n\n\n\n<hr class=\"wp-block-separator has-alpha-channel-opacity\"\/>\n\n\n\n<p><strong>Division 1A (BEL), 20. Spieltag (SPORT1+)<\/strong><\/p>\n\n\n\n<p><span style=\"text-decoration: underline;\">Freitag, 27. Dezember 2024<\/span><\/p>\n\n\n\n<p><strong><em>RSC Anderlecht &#8211; <\/em><\/strong><em><strong>F.C.V. Dender E.H. <\/strong><\/em><em><strong>(20.45 Uhr)<\/strong><\/em><br><img loading=\"lazy\" decoding=\"async\" width=\"10\" height=\"21\" class=\"wp-image-3656\" style=\"width: 10px;\" src=\"http:\/\/kommentatorenblog.de\/wp-content\/uploads\/2020\/09\/shure-55sh-ii-e1601485394796.jpg\" alt=\"\" srcset=\"https:\/\/kommentatorenblog.de\/wp-content\/uploads\/2020\/09\/shure-55sh-ii-e1601485394796.jpg 415w, https:\/\/kommentatorenblog.de\/wp-content\/uploads\/2020\/09\/shure-55sh-ii-e1601485394796-142x300.jpg 142w\" sizes=\"auto, (max-width: 10px) 100vw, 10px\" \/> Rudi Br\u00fcckner<\/p>\n\n\n\n<hr class=\"wp-block-separator has-alpha-channel-opacity\"\/>\n\n\n\n<p><strong>A-League (AUS), 10. Spieltag (sportdigital)<\/strong><\/p>\n\n\n\n<p><span style=\"text-decoration: underline;\">Freitag, 27. Dezember 2024<\/span><\/p>\n\n\n\n<p><strong><em>Adelaide United &#8211; Western Sydney Wanderers <\/em><\/strong><em><strong>(09.35 Uhr)<\/strong><\/em><br><img loading=\"lazy\" decoding=\"async\" width=\"10\" height=\"21\" class=\"wp-image-3656\" style=\"width: 10px;\" src=\"http:\/\/kommentatorenblog.de\/wp-content\/uploads\/2020\/09\/shure-55sh-ii-e1601485394796.jpg\" alt=\"\" srcset=\"https:\/\/kommentatorenblog.de\/wp-content\/uploads\/2020\/09\/shure-55sh-ii-e1601485394796.jpg 415w, https:\/\/kommentatorenblog.de\/wp-content\/uploads\/2020\/09\/shure-55sh-ii-e1601485394796-142x300.jpg 142w\" sizes=\"auto, (max-width: 10px) 100vw, 10px\" \/> Marcus Radefeld<\/p>\n\n\n\n<p><strong><em>Perth Glory &#8211; Macarthur FC<\/em><\/strong><em><strong> (12.45 Uhr)<\/strong><\/em><br><img loading=\"lazy\" decoding=\"async\" width=\"10\" height=\"21\" class=\"wp-image-3656\" style=\"width: 10px;\" src=\"http:\/\/kommentatorenblog.de\/wp-content\/uploads\/2020\/09\/shure-55sh-ii-e1601485394796.jpg\" alt=\"\" srcset=\"https:\/\/kommentatorenblog.de\/wp-content\/uploads\/2020\/09\/shure-55sh-ii-e1601485394796.jpg 415w, https:\/\/kommentatorenblog.de\/wp-content\/uploads\/2020\/09\/shure-55sh-ii-e1601485394796-142x300.jpg 142w\" sizes=\"auto, (max-width: 10px) 100vw, 10px\" \/> Ulf Kahmke<\/p>\n\n\n\n<hr class=\"wp-block-separator has-css-opacity\"\/>\n\n\n\n<p><strong>Die Analyse<\/strong><\/p>\n\n\n\n<p>Weihnachten steht vor der T\u00fcre und der Fu\u00dfball pausiert &#8211; au\u00dfer auf der Insel, wo in der Premier League der Boxing Day ansteht, live zu verfolgen bei Sky.<\/p>\n\n\n\n<p>Wie in den letzten Jahren gibt es am Boxing Day eine Konferenz, Hannes Herrmann moderiert. Bereits im Vorfeld l\u00e4uft das Match of the Week zwischen Manchester City und Everton, hier kommentieren Schmidt-Sommerfeld und Mustafi, w\u00e4hrend sich Dirk gro\u00dfe Schlarmann aus Manchester melden wird. F\u00fcr ihn geht es nach dem Spiel weiter in das nicht so weit entfernte Liverpool, wo er dann f\u00fcr das Abendspiel zwischen Liverpool und Leicester berichten wird. Kommentator dieser Partie: Toni Tomic.<\/p>\n\n\n\n<p>Am Freitag gibt es dann den letzten Beitrag des Jahres, dann meldet sich Nico an dieser Stelle, bis dahin eine sch\u00f6ne Woche. Die Ergebnisse der Awards pr\u00e4sentieren wir euch dann Anfang n\u00e4chsten Jahres, wenn die Bundesliga wieder loslegt. Abstimmungsende ist der 23.12.2024 um 23.59 Uhr.<\/p>\n","protected":false},"excerpt":{"rendered":"<p>Liebe Leserinnen und Leser, das n\u00e4chste Kommentatorenblog- Jahr neigt sich dem Ende entgegen, Weihnachten steht vor der T\u00fcre. Deshalb w\u00fcnscht euch das gesamte Kommentatorenblog- Team sch\u00f6ne Weihnachte und entspannte Feststage. W\u00e4hrend in Deutschland der Ball um Weihnachten ruht, geht es kurz nach Weihnachten in Sachen Wintersport rund. In Oberstdorf und Garmisch-Partenkirchen finden die ersten beiden [&hellip;]<\/p>\n","protected":false},"author":10,"featured_media":0,"comment_status":"open","ping_status":"open","sticky":false,"template":"","format":"standard","meta":{"footnotes":""},"categories":[429],"tags":[392,580,89,104,103,58,503,121,966,656,316,1087,22,434,134,27,838,24,402,105],"class_list":["post-19916","post","type-post","status-publish","format-standard","hentry","category-diverses","tag-dirk-grosse-schlarmann","tag-dominik-mueller","tag-florian-schmidt-sommerfeld","tag-hannes-herrmann","tag-jogi-hebel","tag-joerg-steiger","tag-marcus-radefeld","tag-markus-gaupp","tag-rachel-rinast","tag-rtl-2","tag-rudi-brueckner","tag-shkodran-mustafi","tag-sky","tag-sport1-2","tag-sportdigital-fussball","tag-sven-schroeter","tag-timo-schaefers","tag-toni-tomic","tag-ulf-kahmke","tag-uli-hebel"],"_links":{"self":[{"href":"https:\/\/kommentatorenblog.de\/index.php?rest_route=\/wp\/v2\/posts\/19916","targetHints":{"allow":["GET"]}}],"collection":[{"href":"https:\/\/kommentatorenblog.de\/index.php?rest_route=\/wp\/v2\/posts"}],"about":[{"href":"https:\/\/kommentatorenblog.de\/index.php?rest_route=\/wp\/v2\/types\/post"}],"author":[{"embeddable":true,"href":"https:\/\/kommentatorenblog.de\/index.php?rest_route=\/wp\/v2\/users\/10"}],"replies":[{"embeddable":true,"href":"https:\/\/kommentatorenblog.de\/index.php?rest_route=%2Fwp%2Fv2%2Fcomments&post=19916"}],"version-history":[{"count":22,"href":"https:\/\/kommentatorenblog.de\/index.php?rest_route=\/wp\/v2\/posts\/19916\/revisions"}],"predecessor-version":[{"id":20205,"href":"https:\/\/kommentatorenblog.de\/index.php?rest_route=\/wp\/v2\/posts\/19916\/revisions\/20205"}],"wp:attachment":[{"href":"https:\/\/kommentatorenblog.de\/index.php?rest_route=%2Fwp%2Fv2%2Fmedia&parent=19916"}],"wp:term":[{"taxonomy":"category","embeddable":true,"href":"https:\/\/kommentatorenblog.de\/index.php?rest_route=%2Fwp%2Fv2%2Fcategories&post=19916"},{"taxonomy":"post_tag","embeddable":true,"href":"https:\/\/kommentatorenblog.de\/index.php?rest_route=%2Fwp%2Fv2%2Ftags&post=19916"}],"curies":[{"name":"wp","href":"https:\/\/api.w.org\/{rel}","templated":true}]}}