{"id":2001,"date":"2020-04-15T21:27:00","date_gmt":"2020-04-15T21:27:00","guid":{"rendered":"https:\/\/kommentatorenblog.de\/?p=2001"},"modified":"2020-12-30T15:34:51","modified_gmt":"2020-12-30T15:34:51","slug":"1068-10-jahre-zurueck","status":"publish","type":"post","link":"https:\/\/kommentatorenblog.de\/?p=2001","title":{"rendered":"1068 &#8211; 10 Jahre zur\u00fcck"},"content":{"rendered":"\n<p>N\u00b4Abend allerseits!<\/p>\n\n\n\n<p>Ostern ist vorbei. Ich denke, dass ihr ein paar sch\u00f6ne Tage hattet. Hoffentlich geht euch allen soweit gut!<\/p>\n\n\n\n<p><strong>Erfreuliche Nachricht<\/strong><\/p>\n\n\n\n<p>F\u00fcr uns Blogger gab es tats\u00e4chlich eine erfreuliche Nachricht diese Woche. Dank Tippgeber S\u00f6nke (an dieser Stelle nochmal vielen Dank) haben wir viele der alten Beitr\u00e4ge &#8222;retten&#8220; k\u00f6nnen. Deswegen haben wir uns f\u00fcr den heutigen Beitrag \u00fcberlegt, dass wir die Ansetzungen f\u00fcr den eigentlich am Wochenende stattfindenden 30. Spieltag von vor 10 Jahren mit reinpacken.<\/p>\n\n\n\n<p>Seinerzeit war die Rechtelage ja noch so, dass sowohl alle 9 Begegnungen des Spieltags, als auch die Konferenz auf Sky und LIGA total gleichzeitig liefen. Interessanterweise sind fast alle Kommentatoren, die damals im Einsatz waren, auch fast jeden Donnerstag in unseren Ansetzungen zu finden (einen Gro\u00dfteil auch in der Bundesliga). Nur Fritz von Thurn und Taxis und Marcel Reif sind mittlerweile quasi im Ruhestand. Marc Hindelang arbeitet in der Presseabteilung bei Eintracht Frankfurt. Dieter Nickles ist Pressesprecher bei dem Bayern. Martin Quast arbeitet seit einigen Jahren bei Sport 1 arbeitet. Gronewald oder auch Laaser sind nicht mehr wirklich On-Air. Zu Kerner und Welke m\u00fcssen wir glaube ich nix mehr sagen. Eine weitere Analyse der damaligen Ansetzungen lasse ich an dieser Stelle aus. In den Kommentaren k\u00f6nnt ihr uns nat\u00fcrlich gerne mitteilen, wie ihr sie analysieren w\u00fcrdet!<\/p>\n\n\n\n<p><strong>Die historische Konferenz<\/strong> <strong>und die Retro-Games<\/strong><\/p>\n\n\n\n<p>Aber nat\u00fcrlich gibt\u00b4s auch am Wochenende Fussball auf Sky und DAZN zu sehen. Sky zeigt die historische Konferenz und greift an diesem Wochenende ordentlich ins Archiv. Das Spiel zwischen Leverkusen und Bayern aus der Saison 1997\/1998 ist dabei sicherlich das Highlight. Die Kommentatoren bilden an diesem Spieltag das selbe Quintett wie an den vergangenen beiden Samstagen. F\u00fcr die Berichterstattung rund herum wird es nat\u00fcrlich wieder Schalten geben, unter anderem mit dem damaligen Leverkusener Erik Meijer. Die in den Kommentaren gew\u00fcnschten Quoten k\u00f6nnen wir heute leider nicht anbieten. Unser Anfragen wurden nicht positiv beantwortet. Am Abend gibts dann noch eine Partie zwischen dem BVB und der Hertha. Hier soll\u00b4s ja in der Vergangenheit ganz launige Spiele gegeben haben!<\/p>\n\n\n\n<p>DAZN l\u00e4sst am Samstag sage und schreibe vier Personen das Europapokal-Halbfinale zwischen dem HSV und Werder Bremen kommentieren. Neben den Kommentatoren Mario Rieker und Tom Kirsten hat sich der Streamingdienst die damaligen Protagonisten Dennis Aogo und Clemens Fritz ins Boot geholt, man darf gespannt sein wie das l\u00e4uft! Team Bremen (Rieker&amp;Fritz) wird dank einer Papierkugel wohl das bessere Ende f\u00fcr sich haben!<\/p>\n\n\n\n<p>Jetzt aber die Ansetzungen!<\/p>\n\n\n\n<p><strong>Bundesliga<\/strong>&nbsp;<strong>\u2013<\/strong>&nbsp;<strong>\u201ehisTOOORische Sky Konferenz\u201c<\/strong><\/p>\n\n\n\n<p><span style=\"text-decoration: underline;\">Samstag, 18. April 2020, ab 15.00 Uhr (Sky)<\/span><\/p>\n\n\n\n<p><strong><em>Bayer Leverkusen \u2013&nbsp;FC Bayern M\u00fcnchen (1997\/98)<\/em><\/strong><\/p>\n\n\n\n<p>Sky: Kai Dittmann<\/p>\n\n\n\n<p><strong><em>SC Freiburg \u2013&nbsp;Borussia M\u00f6nchengladbach (2001\/02)<\/em><\/strong><\/p>\n\n\n\n<p>Sky: Jonas Friedrich<\/p>\n\n\n\n<p><strong><em>Eintracht Frankfurt \u2013&nbsp;1. FSV Mainz 05 (2010\/11)<\/em><\/strong><\/p>\n\n\n\n<p>Sky: Toni Tomic<\/p>\n\n\n\n<p><strong><em>FC Augsburg \u2013&nbsp;1. FC K\u00f6ln (2011\/12)<\/em><\/strong><\/p>\n\n\n\n<p>Sky: Roland Evers<\/p>\n\n\n\n<p><strong><em>SV Werder Bremen \u2013&nbsp;VfL Wolfsburg (2014\/15)<\/em><\/strong><\/p>\n\n\n\n<p>Sky: Hansi K\u00fcpper<\/p>\n\n\n\n<p>Moderation (Sky): Michael Leopold, Experte: Dietmar Hamann<\/p>\n\n\n\n<p><strong>DAZN RETRO GAMES<\/strong><\/p>\n\n\n\n<p><span style=\"text-decoration: underline;\">Samstag, 18. April 2020, ab 15.30 Uhr<\/span><\/p>\n\n\n\n<p><strong><em>Hamburger SV \u2013 SV Werder Bremen (2008\/09; UEFA-Pokal-Halbfinal-R\u00fcckspiel)<\/em><\/strong><\/p>\n\n\n\n<p>DAZN: Mario Rieker &amp; Tom Kirsten, Experten: Dennis Aogo &amp; Clemens Fritz<\/p>\n\n\n\n<p><span style=\"text-decoration: underline;\">Sonntag, 19. April 2020, ab 15.30 Uhr<\/span><\/p>\n\n\n\n<p><strong><em>VfB Stuttgart \u2013 Manchester United (2003\/04; CL-Gruppenphase<\/em><\/strong><strong>)<\/strong><\/p>\n\n\n\n<p>DAZN: Max Gross, Experte: Timo Hildebrand<\/p>\n\n\n\n<p><strong>1. Bundesliga, 30. Spieltag (2009\/10)<\/strong><\/p>\n\n\n\n<p><span style=\"text-decoration: underline;\">Freitag, 09. April 2010<\/span><\/p>\n\n\n\n<p><strong><em>Borussia M\u00f6nchengladbach \u2013 Eintracht Frankfurt (20.30 Uhr)<\/em><\/strong><\/p>\n\n\n\n<p>Sky: Martin Gro\u00df<\/p>\n\n\n\n<p>LIGA total: Hansi K\u00fcpper<\/p>\n\n\n\n<p>Moderation (Sky): Jan Henkel<\/p>\n\n\n\n<p>Moderation (LIGA Total): Klaus Gronewald<\/p>\n\n\n\n<p><span style=\"text-decoration: underline;\">Samstag, 10. April 2010<\/span><\/p>\n\n\n\n<p><strong><em>Hertha BSC Berlin \u2013 VfB Stuttgart (15.30 Uhr)<\/em><\/strong><\/p>\n\n\n\n<p>Sky: Torsten Kunde (Einzelspiel), Roland Evers (Konferenz)<\/p>\n\n\n\n<p>LIGA total: Carsten Fu\u00df (Einzelspiel), Jonas Friedrich (Konferenz)<\/p>\n\n\n\n<p><strong><em>1. FSV Mainz 05 \u2013 Borussia Dortmund (15.30 Uhr)<\/em><\/strong><\/p>\n\n\n\n<p>Sky: J\u00fcrgen Schmitz (Einzelspiel), Marco Hagemann (Konferenz)<\/p>\n\n\n\n<p>LIGA total: Markus H\u00f6hner (Einzelspiel), Holger Pfandt (Konferenz)<\/p>\n\n\n\n<p><strong><em>Hannover 96 \u2013 Schalke 04 (15.30 Uhr)<\/em><\/strong><\/p>\n\n\n\n<p>Sky: Kai Dittmann (Einzelspiel), Michael Born (Konferenz)<\/p>\n\n\n\n<p>LIGA total: Erich Laaser (Einzelspiel), Wolff Fuss (Konferenz)<\/p>\n\n\n\n<p><strong><em>1899 Hoffenheim \u2013 1. FC K\u00f6ln (15.30 Uhr)<\/em><\/strong><\/p>\n\n\n\n<p>Sky: Marc Hindelang (Einzelspiel), Oliver Seidler (Konferenz)<\/p>\n\n\n\n<p>LIGA total: Oliver Forster (Einzelspiel), Martin Quast (Konferenz)<\/p>\n\n\n\n<p><strong><em>Werder Bremen \u2013 SC Freiburg (15.30 Uhr)<\/em><\/strong><\/p>\n\n\n\n<p>Sky: Marcus Lindemann (Einzelspiel), Matthias Stach (Konferenz)<\/p>\n\n\n\n<p>LIGA total: Daniel G\u00fcnther (Einzelspiel), Uwe Morawe (Konferenz)<\/p>\n\n\n\n<p>Moderation (Sky): Jessica Kastrop<\/p>\n\n\n\n<p>Moderation (LIGA total): Johannes B. Kerner<\/p>\n\n\n\n<p><span style=\"text-decoration: underline;\">Samstag, 10. April 2010<\/span><\/p>\n\n\n\n<p><em><strong>Bayer 04 Leverkusen \u2013 FC Bayern M\u00fcnchen (18.30 Uhr)<\/strong><\/em><\/p>\n\n\n\n<p>Sky: Marcel Reif<\/p>\n\n\n\n<p>LIGA total: Hansi K\u00fcpper<\/p>\n\n\n\n<p>Moderation (Sky): Sebastian Hellmann, Experte: Franz Beckenbauer<\/p>\n\n\n\n<p>Moderation (LIGA total): Oliver Welke<\/p>\n\n\n\n<p><span style=\"text-decoration: underline;\">Sonntag, 11. April 2010<\/span><\/p>\n\n\n\n<p><strong><em>VfL Bochum \u2013 Hamburger SV (15.30 Uhr)<\/em><\/strong><\/p>\n\n\n\n<p>Sky: Tom Bayer<\/p>\n\n\n\n<p>LIGA total: Wolff Fuss<\/p>\n\n\n\n<p>Moderation (Sky): Dieter Nickles<\/p>\n\n\n\n<p>Moderation (LIGA total): Daniela Fu\u00df<\/p>\n\n\n\n<p><span style=\"text-decoration: underline;\">Sonntag, 11. April 2010<\/span><\/p>\n\n\n\n<p><strong><em>1. FC N\u00fcrnberg &#8211; VfL Wolfsburg (17.30 Uhr)<\/em><\/strong><\/p>\n\n\n\n<p>Sky: Fritz von Thurn und Taxis<\/p>\n\n\n\n<p>LIGA total: Holger Pfandt<\/p>\n\n\n\n<p>Moderation (Sky): Michael Leopold<\/p>\n\n\n\n<p>Moderation (LIGA total): Klaus Gronewald, Gast: Stefan Reuter<\/p>\n","protected":false},"excerpt":{"rendered":"<p>N\u00b4Abend allerseits! Ostern ist vorbei. Ich denke, dass ihr ein paar sch\u00f6ne Tage hattet. Hoffentlich geht euch allen soweit gut! Erfreuliche Nachricht F\u00fcr uns Blogger gab es tats\u00e4chlich eine erfreuliche Nachricht diese Woche. Dank Tippgeber S\u00f6nke (an dieser Stelle nochmal vielen Dank) haben wir viele der alten Beitr\u00e4ge &#8222;retten&#8220; k\u00f6nnen. Deswegen haben wir uns f\u00fcr [&hellip;]<\/p>\n","protected":false},"author":5,"featured_media":0,"comment_status":"open","ping_status":"open","sticky":false,"template":"","format":"standard","meta":{"footnotes":""},"categories":[429],"tags":[13,30,82,111,25,69,93,281,282,243,283,88,45,22,200,24],"class_list":["post-2001","post","type-post","status-publish","format-standard","hentry","category-diverses","tag-dazn","tag-didi-hamann","tag-erik-meijer","tag-fritz-von-turn-und-taxis","tag-hansi-kuepper","tag-jonas-friedrich","tag-kai-dittmann","tag-liga-total","tag-marcel-reif","tag-mario-rieker","tag-max-gross","tag-michael-leopold","tag-roland-evers","tag-sky","tag-tom-kirsten","tag-toni-tomic"],"_links":{"self":[{"href":"https:\/\/kommentatorenblog.de\/index.php?rest_route=\/wp\/v2\/posts\/2001","targetHints":{"allow":["GET"]}}],"collection":[{"href":"https:\/\/kommentatorenblog.de\/index.php?rest_route=\/wp\/v2\/posts"}],"about":[{"href":"https:\/\/kommentatorenblog.de\/index.php?rest_route=\/wp\/v2\/types\/post"}],"author":[{"embeddable":true,"href":"https:\/\/kommentatorenblog.de\/index.php?rest_route=\/wp\/v2\/users\/5"}],"replies":[{"embeddable":true,"href":"https:\/\/kommentatorenblog.de\/index.php?rest_route=%2Fwp%2Fv2%2Fcomments&post=2001"}],"version-history":[{"count":16,"href":"https:\/\/kommentatorenblog.de\/index.php?rest_route=\/wp\/v2\/posts\/2001\/revisions"}],"predecessor-version":[{"id":2023,"href":"https:\/\/kommentatorenblog.de\/index.php?rest_route=\/wp\/v2\/posts\/2001\/revisions\/2023"}],"wp:attachment":[{"href":"https:\/\/kommentatorenblog.de\/index.php?rest_route=%2Fwp%2Fv2%2Fmedia&parent=2001"}],"wp:term":[{"taxonomy":"category","embeddable":true,"href":"https:\/\/kommentatorenblog.de\/index.php?rest_route=%2Fwp%2Fv2%2Fcategories&post=2001"},{"taxonomy":"post_tag","embeddable":true,"href":"https:\/\/kommentatorenblog.de\/index.php?rest_route=%2Fwp%2Fv2%2Ftags&post=2001"}],"curies":[{"name":"wp","href":"https:\/\/api.w.org\/{rel}","templated":true}]}}