{"id":20259,"date":"2025-01-13T17:31:34","date_gmt":"2025-01-13T16:31:34","guid":{"rendered":"https:\/\/kommentatorenblog.de\/?p=20259"},"modified":"2025-01-18T03:27:14","modified_gmt":"2025-01-18T02:27:14","slug":"1478","status":"publish","type":"post","link":"https:\/\/kommentatorenblog.de\/?p=20259","title":{"rendered":"1478 &#8211; Englisch, Englisch, Englisch&#8230;"},"content":{"rendered":"\n<p>N&#8217;Abend allerseits,<\/p>\n\n\n\n<p>da hat das Bundesligajahr gerade doch erst begonnen, und schon wird wieder etwas abgeschlossen: Die Hinrunde geht mit der ersten und einzigen englischen Woche der Saison zu Ende. Ich pers\u00f6nlich bin ein gro\u00dfer Freund von Englischen Wochen \u2013 sie bedeuten schlie\u00dflich mehr Bundesliga!<\/p>\n\n\n\n<p>\u00dcbertragungstechnisch bleibt in diesem Jahr alles \u00fcbersichtlich: Ihr k\u00f6nnt jedes Spiel bei Sky sehen und eine der Partien &#8211; wenig \u00fcberraschend die der Bayern &#8211; wird zudem ins FreeTV an SAT.1 sublizensiert. Diese Aufteilung bedeutet auch, dass zum zweiten Mal in dieser Saison alle Spiele eines Spieltags direkt aus dem Stadion kommentiert werden. Aber schauen wir doch einfach mal wie die Aufteilung der Englischen Wochen ab der n\u00e4chsten Rechteperiode\/Saison.<\/p>\n\n\n\n<p>Entgegen einiger Medienberichte wird es weiterhin mindestens eine Englische Woche pro Saison geben. Allerdings k\u00f6nnten es aus terminlichen Gr\u00fcnden auch mehr werden:<\/p>\n\n\n\n<blockquote class=\"wp-block-quote is-layout-flow wp-block-quote-is-layout-flow\">\n<p>&#8222;In der Regel wird in der Bundesliga pro Spielzeit eine Englische Woche stattfinden, w\u00e4hrend in der 2. Bundesliga voraussichtlich keine regul\u00e4re Englische Woche stattfinden wird. Jedoch m\u00fcssen sich der DFL e.V. und die DFL GmbH vorbehalten, zus\u00e4tzliche Englische Wochen in der Bundesliga und\/oder Bundesliga durchzuf\u00fchren, insbesondere falls dies aufgrund neuer Vorgaben der internationalen Verb\u00e4nde im internationalen FIFA -Spielkalender oder aufgrund von sicherheitstechnischen Erw\u00e4gungen (z.B. infolge der Tatsache, dass der 1. Mai im Jahr 2027 auf einen Samstag f\u00e4llt und infolgedessen in Abstimmung mit den Sicherheitsbeh\u00f6rden an dem betreffenden Wochenende ggf. keine Spiele der Bundesliga und\/oder 2. Bundesliga stattfinden sollen) erforderlich wird.&#8220; (Quelle: Bundeskartellamt)<\/p>\n<\/blockquote>\n\n\n\n<blockquote class=\"wp-block-quote is-layout-flow wp-block-quote-is-layout-flow\">\n<blockquote class=\"wp-block-quote is-layout-flow wp-block-quote-is-layout-flow\">\n<p><\/p>\n<\/blockquote>\n<\/blockquote>\n\n\n\n<p>Spannend ist auch die geplante Aufteilung der \u00dcbertragungsrechte: Parallel stattfindende Spiele zeigt Sky einzeln (<strong>Paket B<\/strong>), w\u00e4hrend DAZN sie in einer Konferenz (<strong>Paket A<\/strong>) pr\u00e4sentiert. Zus\u00e4tzlich erh\u00e4lt Sky ein exklusives Spiel, das sie dank ihres \u201eFirst Pick\u201c ausw\u00e4hlen k\u00f6nnen. Dieses wird donnerstags ausgetragen (<strong>Paket C<\/strong>).<\/p>\n\n\n\n<p>Ob es weiterhin Dienstag- und Mittwochsspiele um 18:30 Uhr geben wird, l\u00e4sst sich aktuell  &#8211; zumindest f\u00fcr mich &#8211; noch nicht sicher sagen. Sollte es sie geben, wird Sky diese Partien \u00fcbernehmen (Paket B). Ich habe mich mal an ein paar Excel-Kalkulationen diesbez\u00fcglich probiert, es gibt allerdings ein paar ungewisse Kompetenten (z.B. der Karfreitag), weshalb ich diese mal f\u00fcr mich behalte. Sp\u00e4testens zur neuen Saison wissen wir mehr, es sei denn, es gibt vorher schon Antworten.<\/p>\n\n\n\n<p>Wozu ich euch jetzt schon Antworten geben kann, sind die Ansetzungen dieser Englischen Woche!<\/p>\n\n\n\n<hr class=\"wp-block-separator has-alpha-channel-opacity\"\/>\n\n\n\n<p><strong>Bundesliga, 17. Spieltag (Sky\/Sat.1)<\/strong><\/p>\n\n\n\n<p><span style=\"text-decoration: underline;\">Dienstag, 14. Januar 2025, ab 17.30 Uhr (Sky)<\/span><\/p>\n\n\n\n<p><em><strong>Holstein Kiel \u2013 Borussia Dortmund (18.30 Uhr)<\/strong><\/em><br><img loading=\"lazy\" decoding=\"async\" width=\"10\" height=\"21\" class=\"wp-image-3656\" style=\"width: 10px;\" src=\"http:\/\/kommentatorenblog.de\/wp-content\/uploads\/2020\/09\/shure-55sh-ii-e1601485394796.jpg\" alt=\"\" srcset=\"https:\/\/kommentatorenblog.de\/wp-content\/uploads\/2020\/09\/shure-55sh-ii-e1601485394796.jpg 415w, https:\/\/kommentatorenblog.de\/wp-content\/uploads\/2020\/09\/shure-55sh-ii-e1601485394796-142x300.jpg 142w\" sizes=\"auto, (max-width: 10px) 100vw, 10px\" \/> Oliver Seidler<br>Field-Reporter: Patrick Wasserziehr<br>Moderation: Britta Hofmann, Experten: Didi Hamann und Erik Meijer<\/p>\n\n\n\n<p><span style=\"text-decoration: underline;\">ab 20.15 Uhr (Sky)<\/span><\/p>\n\n\n\n<p><em><strong>Bayer 04 Leverkusen \u2013 1. FSV Mainz 05 (20.30 Uhr)<\/strong><\/em><br><img loading=\"lazy\" decoding=\"async\" width=\"10\" height=\"21\" class=\"wp-image-3656\" style=\"width: 10px;\" src=\"http:\/\/kommentatorenblog.de\/wp-content\/uploads\/2020\/09\/shure-55sh-ii-e1601485394796.jpg\" alt=\"\" srcset=\"https:\/\/kommentatorenblog.de\/wp-content\/uploads\/2020\/09\/shure-55sh-ii-e1601485394796.jpg 415w, https:\/\/kommentatorenblog.de\/wp-content\/uploads\/2020\/09\/shure-55sh-ii-e1601485394796-142x300.jpg 142w\" sizes=\"auto, (max-width: 10px) 100vw, 10px\" \/> Marcus Lindemann (Einzelspiel), Wolff Fuss (Konferenz)<br>Field-Reporter: Dirk gro\u00dfe Schlarmann<\/p>\n\n\n\n<p><em><strong>Eintracht Frankfurt \u2013 SC Freiburg (20.30 Uhr)<\/strong><\/em><br><img loading=\"lazy\" decoding=\"async\" width=\"10\" height=\"21\" class=\"wp-image-3656\" style=\"width: 10px;\" src=\"http:\/\/kommentatorenblog.de\/wp-content\/uploads\/2020\/09\/shure-55sh-ii-e1601485394796.jpg\" alt=\"\" srcset=\"https:\/\/kommentatorenblog.de\/wp-content\/uploads\/2020\/09\/shure-55sh-ii-e1601485394796.jpg 415w, https:\/\/kommentatorenblog.de\/wp-content\/uploads\/2020\/09\/shure-55sh-ii-e1601485394796-142x300.jpg 142w\" sizes=\"auto, (max-width: 10px) 100vw, 10px\" \/> Klaus Veltman (Einzelspiel), Florian Schmidt-Sommerfeld (Konferenz)<br>Field-Reporter: Max Zielke<\/p>\n\n\n\n<p><em><strong>VfL Wolfsburg \u2013 Borussia M\u00f6nchengladbach (20.30 Uhr)<\/strong><\/em><br><img loading=\"lazy\" decoding=\"async\" width=\"10\" height=\"21\" class=\"wp-image-3656\" style=\"width: 10px;\" src=\"http:\/\/kommentatorenblog.de\/wp-content\/uploads\/2020\/09\/shure-55sh-ii-e1601485394796.jpg\" alt=\"\" srcset=\"https:\/\/kommentatorenblog.de\/wp-content\/uploads\/2020\/09\/shure-55sh-ii-e1601485394796.jpg 415w, https:\/\/kommentatorenblog.de\/wp-content\/uploads\/2020\/09\/shure-55sh-ii-e1601485394796-142x300.jpg 142w\" sizes=\"auto, (max-width: 10px) 100vw, 10px\" \/> Christian Stra\u00dfburger (Einzelspiel), Frank Buschmann (Konferenz)<br>Field-Reporter: Sven T\u00f6llner<\/p>\n\n\n\n<p>Moderation: Britta Hofmann, Experten: Dietmar Hamann und Erik Meijer<\/p>\n\n\n\n<p><span style=\"text-decoration: underline;\">Mittwoch, 15. Januar 2025, ab 17.30 Uhr (Sky)<\/span><\/p>\n\n\n\n<p><em><strong>VfL Bochum \u2013 FC St. Pauli (18.30 Uhr)<\/strong><\/em><br><img loading=\"lazy\" decoding=\"async\" width=\"10\" height=\"21\" class=\"wp-image-3656\" style=\"width: 10px;\" src=\"http:\/\/kommentatorenblog.de\/wp-content\/uploads\/2020\/09\/shure-55sh-ii-e1601485394796.jpg\" alt=\"\" srcset=\"https:\/\/kommentatorenblog.de\/wp-content\/uploads\/2020\/09\/shure-55sh-ii-e1601485394796.jpg 415w, https:\/\/kommentatorenblog.de\/wp-content\/uploads\/2020\/09\/shure-55sh-ii-e1601485394796-142x300.jpg 142w\" sizes=\"auto, (max-width: 10px) 100vw, 10px\" \/> Marcus Lindemann<br>Field-Reporter: Thomas Wagner<br>Moderation: Michael Leopold, Experten: Lothar Matth\u00e4us und Erik Meijer<\/p>\n\n\n\n<p><span style=\"text-decoration: underline;\">ab 19.50 (Sat.1) bzw. ab 20.15 Uhr (Sky)<\/span><\/p>\n\n\n\n<p><em><strong>TSG 1899 Hoffenheim \u2013 FC Bayern M\u00fcnchen (20.30 Uhr)<\/strong><\/em><\/p>\n\n\n\n<p><img loading=\"lazy\" decoding=\"async\" width=\"10\" height=\"21\" class=\"wp-image-3656\" style=\"width: 10px;\" src=\"http:\/\/kommentatorenblog.de\/wp-content\/uploads\/2020\/09\/shure-55sh-ii-e1601485394796.jpg\" alt=\"\" srcset=\"https:\/\/kommentatorenblog.de\/wp-content\/uploads\/2020\/09\/shure-55sh-ii-e1601485394796.jpg 415w, https:\/\/kommentatorenblog.de\/wp-content\/uploads\/2020\/09\/shure-55sh-ii-e1601485394796-142x300.jpg 142w\" sizes=\"auto, (max-width: 10px) 100vw, 10px\" \/> <em>Sky: <\/em>Kai Dittmann (Einzelspiel), Frank Buschmann (Konferenz)<br>Field-Reporterin: Nele Ocik<\/p>\n\n\n\n<p><img loading=\"lazy\" decoding=\"async\" width=\"10\" height=\"21\" class=\"wp-image-3656\" style=\"width: 10px;\" src=\"http:\/\/kommentatorenblog.de\/wp-content\/uploads\/2020\/09\/shure-55sh-ii-e1601485394796.jpg\" alt=\"\" srcset=\"https:\/\/kommentatorenblog.de\/wp-content\/uploads\/2020\/09\/shure-55sh-ii-e1601485394796.jpg 415w, https:\/\/kommentatorenblog.de\/wp-content\/uploads\/2020\/09\/shure-55sh-ii-e1601485394796-142x300.jpg 142w\" sizes=\"auto, (max-width: 10px) 100vw, 10px\" \/> <em>Sat.1: <\/em>Wolff Fuss, Experte: Lars Stindl<br>Moderation (<em>Sat.1<\/em>): Matthias Opdenh\u00f6vel, Field-Reporterin: Andrea Kaiser<\/p>\n\n\n\n<p><span style=\"text-decoration: underline;\">ab 20.15 Uhr (Sky)<\/span><\/p>\n\n\n\n<p><em><strong>VfB Stuttgart \u2013 RB Leipzig (20.30 Uhr)<\/strong><\/em><br><img loading=\"lazy\" decoding=\"async\" width=\"10\" height=\"21\" class=\"wp-image-3656\" style=\"width: 10px;\" src=\"http:\/\/kommentatorenblog.de\/wp-content\/uploads\/2020\/09\/shure-55sh-ii-e1601485394796.jpg\" alt=\"\" srcset=\"https:\/\/kommentatorenblog.de\/wp-content\/uploads\/2020\/09\/shure-55sh-ii-e1601485394796.jpg 415w, https:\/\/kommentatorenblog.de\/wp-content\/uploads\/2020\/09\/shure-55sh-ii-e1601485394796-142x300.jpg 142w\" sizes=\"auto, (max-width: 10px) 100vw, 10px\" \/> Jonas Friedrich (Einzelspiel), Toni Tomic (Konferenz)<br>Field-Reporter: Yannick Erkenbrecher<\/p>\n\n\n\n<p><em><strong>SV Werder Bremen \u2013 1. FC Heidenheim (20.30 Uhr)<\/strong><\/em><br><img loading=\"lazy\" decoding=\"async\" width=\"10\" height=\"21\" class=\"wp-image-3656\" style=\"width: 10px;\" src=\"http:\/\/kommentatorenblog.de\/wp-content\/uploads\/2020\/09\/shure-55sh-ii-e1601485394796.jpg\" alt=\"\" srcset=\"https:\/\/kommentatorenblog.de\/wp-content\/uploads\/2020\/09\/shure-55sh-ii-e1601485394796.jpg 415w, https:\/\/kommentatorenblog.de\/wp-content\/uploads\/2020\/09\/shure-55sh-ii-e1601485394796-142x300.jpg 142w\" sizes=\"auto, (max-width: 10px) 100vw, 10px\" \/> Hansi K\u00fcpper (Einzelspiel), Markus G\u00f6tz (Konferenz)<br>Field-Reporter: Jens Westen<\/p>\n\n\n\n<p><em><strong>1. FC Union Berlin \u2013 FC Augsburg (20.30 Uhr)<\/strong><\/em><br><img loading=\"lazy\" decoding=\"async\" width=\"10\" height=\"21\" class=\"wp-image-3656\" style=\"width: 10px;\" src=\"http:\/\/kommentatorenblog.de\/wp-content\/uploads\/2020\/09\/shure-55sh-ii-e1601485394796.jpg\" alt=\"\" srcset=\"https:\/\/kommentatorenblog.de\/wp-content\/uploads\/2020\/09\/shure-55sh-ii-e1601485394796.jpg 415w, https:\/\/kommentatorenblog.de\/wp-content\/uploads\/2020\/09\/shure-55sh-ii-e1601485394796-142x300.jpg 142w\" sizes=\"auto, (max-width: 10px) 100vw, 10px\" \/> Torsten Kunde (Einzelspiel), Marcel Meinert (Konferenz)<br>Field-Reporter: Karsten Petrzika<\/p>\n\n\n\n<p>Moderation: Michael Leopold, Experten: Lothar Matth\u00e4us und Erik Meijer<\/p>\n\n\n\n<hr class=\"wp-block-separator has-alpha-channel-opacity\"\/>\n\n\n\n<p><strong>Premier League, 21. Spieltag<\/strong><\/p>\n\n\n\n<p><span style=\"text-decoration: underline;\">Dienstag, 14. Januar 2025, ab 20.20 Uhr (Sky\/RTL+)<\/span><\/p>\n\n\n\n<p><strong><em>FC Chelsea \u2013 AFC Bournemouth (20.30 Uhr)<br><\/em><\/strong>Sky\/RTL+: <img loading=\"lazy\" decoding=\"async\" width=\"10\" height=\"21\" class=\"wp-image-3656\" style=\"width: 10px;\" src=\"http:\/\/kommentatorenblog.de\/wp-content\/uploads\/2020\/09\/shure-55sh-ii-e1601485394796.jpg\" alt=\"\" srcset=\"https:\/\/kommentatorenblog.de\/wp-content\/uploads\/2020\/09\/shure-55sh-ii-e1601485394796.jpg 415w, https:\/\/kommentatorenblog.de\/wp-content\/uploads\/2020\/09\/shure-55sh-ii-e1601485394796-142x300.jpg 142w\" sizes=\"auto, (max-width: 10px) 100vw, 10px\" \/> Uli Hebel<\/p>\n\n\n\n<p><span style=\"text-decoration: underline;\">ab 20.20 Uhr (Sky)<\/span><\/p>\n\n\n\n<p><strong><em>FC Brentford \u2013 Manchester City<\/em><\/strong> <strong><em>(20.30 Uhr)<br><\/em><\/strong><em><strong><img loading=\"lazy\" decoding=\"async\" width=\"10\" height=\"21\" class=\"wp-image-3656\" style=\"width: 10px;\" src=\"http:\/\/kommentatorenblog.de\/wp-content\/uploads\/2020\/09\/shure-55sh-ii-e1601485394796.jpg\" alt=\"\" srcset=\"https:\/\/kommentatorenblog.de\/wp-content\/uploads\/2020\/09\/shure-55sh-ii-e1601485394796.jpg 415w, https:\/\/kommentatorenblog.de\/wp-content\/uploads\/2020\/09\/shure-55sh-ii-e1601485394796-142x300.jpg 142w\" sizes=\"auto, (max-width: 10px) 100vw, 10px\" \/><\/strong><\/em> Hannes Herrmann<\/p>\n\n\n\n<p><strong><em>West Ham United \u2013 FC Fulham (20.30 Uhr)<br><\/em><\/strong><em><strong><img loading=\"lazy\" decoding=\"async\" width=\"10\" height=\"21\" class=\"wp-image-3656\" style=\"width: 10px;\" src=\"http:\/\/kommentatorenblog.de\/wp-content\/uploads\/2020\/09\/shure-55sh-ii-e1601485394796.jpg\" alt=\"\" srcset=\"https:\/\/kommentatorenblog.de\/wp-content\/uploads\/2020\/09\/shure-55sh-ii-e1601485394796.jpg 415w, https:\/\/kommentatorenblog.de\/wp-content\/uploads\/2020\/09\/shure-55sh-ii-e1601485394796-142x300.jpg 142w\" sizes=\"auto, (max-width: 10px) 100vw, 10px\" \/><\/strong><\/em> Marcel Meinert<\/p>\n\n\n\n<p><span style=\"text-decoration: underline;\">ab 20.50 Uhr (Sky)<\/span><\/p>\n\n\n\n<p><strong><em>Nottingham Forest \u2013 FC Liverpool (21.00 Uhr)<br><\/em><\/strong><em><strong><img loading=\"lazy\" decoding=\"async\" width=\"10\" height=\"21\" class=\"wp-image-3656\" style=\"width: 10px;\" src=\"http:\/\/kommentatorenblog.de\/wp-content\/uploads\/2020\/09\/shure-55sh-ii-e1601485394796.jpg\" alt=\"\" srcset=\"https:\/\/kommentatorenblog.de\/wp-content\/uploads\/2020\/09\/shure-55sh-ii-e1601485394796.jpg 415w, https:\/\/kommentatorenblog.de\/wp-content\/uploads\/2020\/09\/shure-55sh-ii-e1601485394796-142x300.jpg 142w\" sizes=\"auto, (max-width: 10px) 100vw, 10px\" \/><\/strong><\/em> Toni Tomic<\/p>\n\n\n\n<p><span style=\"text-decoration: underline;\">Mittwoch, 15. Januar 2025, ab 20.20 Uhr (Sky)<\/span><\/p>\n\n\n\n<p><strong><em>Newcastle United \u2013 Wolverhampton Wanderers<\/em><\/strong> <strong><em>(20.30 Uhr)<br><\/em><\/strong><em><strong><img loading=\"lazy\" decoding=\"async\" width=\"10\" height=\"21\" class=\"wp-image-3656\" style=\"width: 10px;\" src=\"http:\/\/kommentatorenblog.de\/wp-content\/uploads\/2020\/09\/shure-55sh-ii-e1601485394796.jpg\" alt=\"\" srcset=\"https:\/\/kommentatorenblog.de\/wp-content\/uploads\/2020\/09\/shure-55sh-ii-e1601485394796.jpg 415w, https:\/\/kommentatorenblog.de\/wp-content\/uploads\/2020\/09\/shure-55sh-ii-e1601485394796-142x300.jpg 142w\" sizes=\"auto, (max-width: 10px) 100vw, 10px\" \/><\/strong><\/em> Sven Schr\u00f6ter<\/p>\n\n\n\n<p><strong><em>FC Everton \u2013 Aston Villa<\/em><\/strong> <strong><em>(20.30 Uhr)<br><\/em><\/strong><em><strong><img loading=\"lazy\" decoding=\"async\" width=\"10\" height=\"21\" class=\"wp-image-3656\" style=\"width: 10px;\" src=\"http:\/\/kommentatorenblog.de\/wp-content\/uploads\/2020\/09\/shure-55sh-ii-e1601485394796.jpg\" alt=\"\" srcset=\"https:\/\/kommentatorenblog.de\/wp-content\/uploads\/2020\/09\/shure-55sh-ii-e1601485394796.jpg 415w, https:\/\/kommentatorenblog.de\/wp-content\/uploads\/2020\/09\/shure-55sh-ii-e1601485394796-142x300.jpg 142w\" sizes=\"auto, (max-width: 10px) 100vw, 10px\" \/><\/strong><\/em> Markus Gaupp<\/p>\n\n\n\n<p><strong><em>Leicester City \u2013 Crystal Palace (20.30 Uhr)<br><\/em><\/strong><em><strong><img loading=\"lazy\" decoding=\"async\" width=\"10\" height=\"21\" class=\"wp-image-3656\" style=\"width: 10px;\" src=\"http:\/\/kommentatorenblog.de\/wp-content\/uploads\/2020\/09\/shure-55sh-ii-e1601485394796.jpg\" alt=\"\" srcset=\"https:\/\/kommentatorenblog.de\/wp-content\/uploads\/2020\/09\/shure-55sh-ii-e1601485394796.jpg 415w, https:\/\/kommentatorenblog.de\/wp-content\/uploads\/2020\/09\/shure-55sh-ii-e1601485394796-142x300.jpg 142w\" sizes=\"auto, (max-width: 10px) 100vw, 10px\" \/><\/strong><\/em> Timo Schmidtchen<\/p>\n\n\n\n<p><span style=\"text-decoration: underline;\">ab 20.50 Uhr (Sky)<\/span><\/p>\n\n\n\n<p><strong><em>FC Arsenal \u2013 Tottenham Hotspur (21.00 Uhr)<br><\/em><\/strong><em><strong><img loading=\"lazy\" decoding=\"async\" width=\"10\" height=\"21\" class=\"wp-image-3656\" style=\"width: 10px;\" src=\"http:\/\/kommentatorenblog.de\/wp-content\/uploads\/2020\/09\/shure-55sh-ii-e1601485394796.jpg\" alt=\"\" srcset=\"https:\/\/kommentatorenblog.de\/wp-content\/uploads\/2020\/09\/shure-55sh-ii-e1601485394796.jpg 415w, https:\/\/kommentatorenblog.de\/wp-content\/uploads\/2020\/09\/shure-55sh-ii-e1601485394796-142x300.jpg 142w\" sizes=\"auto, (max-width: 10px) 100vw, 10px\" \/><\/strong><\/em> Joachim Hebel<\/p>\n\n\n\n<p><span style=\"text-decoration: underline;\">Donnerstag, 16. Januar 2025, ab 20.20 Uhr (Sky)<\/span><\/p>\n\n\n\n<p><strong><em>Ipswich Town \u2013 Brighton &amp; Hove Albion<\/em><\/strong> <strong><em>(20.30 Uhr)<br><\/em><\/strong><em><strong><img loading=\"lazy\" decoding=\"async\" width=\"10\" height=\"21\" class=\"wp-image-3656\" style=\"width: 10px;\" src=\"http:\/\/kommentatorenblog.de\/wp-content\/uploads\/2020\/09\/shure-55sh-ii-e1601485394796.jpg\" alt=\"\" srcset=\"https:\/\/kommentatorenblog.de\/wp-content\/uploads\/2020\/09\/shure-55sh-ii-e1601485394796.jpg 415w, https:\/\/kommentatorenblog.de\/wp-content\/uploads\/2020\/09\/shure-55sh-ii-e1601485394796-142x300.jpg 142w\" sizes=\"auto, (max-width: 10px) 100vw, 10px\" \/><\/strong><\/em> Rachel Rinast<\/p>\n\n\n\n<p><span style=\"text-decoration: underline;\">ab 20.50 Uhr (Sky)<\/span><\/p>\n\n\n\n<p><strong><em>Manchester United \u2013 FC Southampton<\/em><\/strong> <strong><em>(21.00 Uhr)<br><\/em><\/strong><em><strong><img loading=\"lazy\" decoding=\"async\" width=\"10\" height=\"21\" class=\"wp-image-3656\" style=\"width: 10px;\" src=\"http:\/\/kommentatorenblog.de\/wp-content\/uploads\/2020\/09\/shure-55sh-ii-e1601485394796.jpg\" alt=\"\" srcset=\"https:\/\/kommentatorenblog.de\/wp-content\/uploads\/2020\/09\/shure-55sh-ii-e1601485394796.jpg 415w, https:\/\/kommentatorenblog.de\/wp-content\/uploads\/2020\/09\/shure-55sh-ii-e1601485394796-142x300.jpg 142w\" sizes=\"auto, (max-width: 10px) 100vw, 10px\" \/><\/strong><\/em> Joachim Hebel<\/p>\n\n\n\n<hr class=\"wp-block-separator has-css-opacity is-style-default\"\/>\n\n\n\n<p><strong>Copa del Rey, Achtelfinale (Sportdigital FUSSBALL)<\/strong><\/p>\n\n\n\n<p><span style=\"text-decoration: underline;\">Mittwoch, 15. Januar 2025<\/span><\/p>\n\n\n\n<p><strong><em>FC Barcelona &#8211; Betis Sevilla (21.00 Uhr)<br><\/em><\/strong><em><strong><img loading=\"lazy\" decoding=\"async\" width=\"10\" height=\"21\" class=\"wp-image-3656\" style=\"width: 10px;\" src=\"http:\/\/kommentatorenblog.de\/wp-content\/uploads\/2020\/09\/shure-55sh-ii-e1601485394796.jpg\" alt=\"\" srcset=\"https:\/\/kommentatorenblog.de\/wp-content\/uploads\/2020\/09\/shure-55sh-ii-e1601485394796.jpg 415w, https:\/\/kommentatorenblog.de\/wp-content\/uploads\/2020\/09\/shure-55sh-ii-e1601485394796-142x300.jpg 142w\" sizes=\"auto, (max-width: 10px) 100vw, 10px\" \/><\/strong><\/em> Karsten Linke<\/p>\n\n\n\n<p><strong><em>Elche CF &#8211; Atletico Madrid (21.30 Uhr)<br><\/em><\/strong><em><strong><img loading=\"lazy\" decoding=\"async\" width=\"10\" height=\"21\" class=\"wp-image-3656\" style=\"width: 10px;\" src=\"http:\/\/kommentatorenblog.de\/wp-content\/uploads\/2020\/09\/shure-55sh-ii-e1601485394796.jpg\" alt=\"\" srcset=\"https:\/\/kommentatorenblog.de\/wp-content\/uploads\/2020\/09\/shure-55sh-ii-e1601485394796.jpg 415w, https:\/\/kommentatorenblog.de\/wp-content\/uploads\/2020\/09\/shure-55sh-ii-e1601485394796-142x300.jpg 142w\" sizes=\"auto, (max-width: 10px) 100vw, 10px\" \/><\/strong><\/em> Christian Blunck<\/p>\n\n\n\n<p><span style=\"text-decoration: underline;\">Donnerstag, 16. Januar 2025<\/span><\/p>\n\n\n\n<p><strong><em>Athletic Bilbao &#8211; CA Osasuna<\/em><\/strong> <strong><em>(19.30 Uhr)<br><\/em><\/strong><em><strong><img loading=\"lazy\" decoding=\"async\" width=\"10\" height=\"21\" class=\"wp-image-3656\" style=\"width: 10px;\" src=\"http:\/\/kommentatorenblog.de\/wp-content\/uploads\/2020\/09\/shure-55sh-ii-e1601485394796.jpg\" alt=\"\" srcset=\"https:\/\/kommentatorenblog.de\/wp-content\/uploads\/2020\/09\/shure-55sh-ii-e1601485394796.jpg 415w, https:\/\/kommentatorenblog.de\/wp-content\/uploads\/2020\/09\/shure-55sh-ii-e1601485394796-142x300.jpg 142w\" sizes=\"auto, (max-width: 10px) 100vw, 10px\" \/><\/strong><\/em> Marvin Kirsch<\/p>\n\n\n\n<p><strong><em>Real Madrid &#8211; Celta Vigo<\/em><\/strong> <strong><em>(21.00 Uhr)<br><\/em><\/strong><em><strong><img loading=\"lazy\" decoding=\"async\" width=\"10\" height=\"21\" class=\"wp-image-3656\" style=\"width: 10px;\" src=\"http:\/\/kommentatorenblog.de\/wp-content\/uploads\/2020\/09\/shure-55sh-ii-e1601485394796.jpg\" alt=\"\" srcset=\"https:\/\/kommentatorenblog.de\/wp-content\/uploads\/2020\/09\/shure-55sh-ii-e1601485394796.jpg 415w, https:\/\/kommentatorenblog.de\/wp-content\/uploads\/2020\/09\/shure-55sh-ii-e1601485394796-142x300.jpg 142w\" sizes=\"auto, (max-width: 10px) 100vw, 10px\" \/><\/strong><\/em> Jonathan Dreier<\/p>\n\n\n\n<hr class=\"wp-block-separator has-alpha-channel-opacity\"\/>\n\n\n\n<p><strong>Serie A, Nachholspiele 19. Spieltag (DAZN)<\/strong><\/p>\n\n\n\n<p><span style=\"text-decoration: underline;\">Dienstag, 14. Januar 2025<\/span><\/p>\n\n\n\n<p><em><strong>Como \u2013 AC Mailand (18.30 Uhr)<\/strong><\/em><br><img loading=\"lazy\" decoding=\"async\" width=\"10\" height=\"21\" class=\"wp-image-3656\" style=\"width: 10px;\" src=\"http:\/\/kommentatorenblog.de\/wp-content\/uploads\/2020\/09\/shure-55sh-ii-e1601485394796.jpg\" alt=\"\" srcset=\"https:\/\/kommentatorenblog.de\/wp-content\/uploads\/2020\/09\/shure-55sh-ii-e1601485394796.jpg 415w, https:\/\/kommentatorenblog.de\/wp-content\/uploads\/2020\/09\/shure-55sh-ii-e1601485394796-142x300.jpg 142w\" sizes=\"auto, (max-width: 10px) 100vw, 10px\" \/> Oliver Fa\u00dfnacht<\/p>\n\n\n\n<p><em><strong>Atalanta Bergamo \u2013 Juventus Turin (20.45 Uhr)<\/strong><\/em><br><img loading=\"lazy\" decoding=\"async\" width=\"10\" height=\"21\" class=\"wp-image-3656\" style=\"width: 10px;\" src=\"http:\/\/kommentatorenblog.de\/wp-content\/uploads\/2020\/09\/shure-55sh-ii-e1601485394796.jpg\" alt=\"\" srcset=\"https:\/\/kommentatorenblog.de\/wp-content\/uploads\/2020\/09\/shure-55sh-ii-e1601485394796.jpg 415w, https:\/\/kommentatorenblog.de\/wp-content\/uploads\/2020\/09\/shure-55sh-ii-e1601485394796-142x300.jpg 142w\" sizes=\"auto, (max-width: 10px) 100vw, 10px\" \/> Mario Rieker, Experte: Christian Bernhard<\/p>\n\n\n\n<p><span style=\"text-decoration: underline;\">Mittwoch, 15. Januar 2025<\/span><\/p>\n\n\n\n<p><em><strong>Inter Mailand \u2013 FC Bologna (20.45 Uhr)<\/strong><\/em><br><img loading=\"lazy\" decoding=\"async\" width=\"10\" height=\"21\" class=\"wp-image-3656\" style=\"width: 10px;\" src=\"http:\/\/kommentatorenblog.de\/wp-content\/uploads\/2020\/09\/shure-55sh-ii-e1601485394796.jpg\" alt=\"\" srcset=\"https:\/\/kommentatorenblog.de\/wp-content\/uploads\/2020\/09\/shure-55sh-ii-e1601485394796.jpg 415w, https:\/\/kommentatorenblog.de\/wp-content\/uploads\/2020\/09\/shure-55sh-ii-e1601485394796-142x300.jpg 142w\" sizes=\"auto, (max-width: 10px) 100vw, 10px\" \/> Marcel Seufert<\/p>\n\n\n\n<hr class=\"wp-block-separator has-alpha-channel-opacity\"\/>\n\n\n\n<p><strong>Coupe de France, Sechzehntelfinale (Magenta Sport)<\/strong><\/p>\n\n\n\n<p><span style=\"text-decoration: underline;\">Mittwoch, 15. Januar 2024, ab 20.50 Uhr<\/span><\/p>\n\n\n\n<p><strong><em>FC Espaly-Saint-Marcel &#8211; Paris Saint-Germain (21.00 Uhr)<\/em><\/strong><br><em><strong><img loading=\"lazy\" decoding=\"async\" width=\"10\" height=\"21\" class=\"wp-image-3656\" style=\"width: 10px;\" src=\"http:\/\/kommentatorenblog.de\/wp-content\/uploads\/2020\/09\/shure-55sh-ii-e1601485394796.jpg\" alt=\"\" srcset=\"https:\/\/kommentatorenblog.de\/wp-content\/uploads\/2020\/09\/shure-55sh-ii-e1601485394796.jpg 415w, https:\/\/kommentatorenblog.de\/wp-content\/uploads\/2020\/09\/shure-55sh-ii-e1601485394796-142x300.jpg 142w\" sizes=\"auto, (max-width: 10px) 100vw, 10px\" \/><\/strong><\/em> Alexander Klich<\/p>\n\n\n\n<hr class=\"wp-block-separator has-alpha-channel-opacity\"\/>\n\n\n\n<p><strong>KNVB-Beker, Achtelfinale (Sportdigital FUSSBALL)<\/strong><\/p>\n\n\n\n<p><span style=\"text-decoration: underline;\">Dienstag, 14. Januar 2025<\/span><\/p>\n\n\n\n<p><strong><em>AZ Alkmaar &#8211; Ajax Amsterdam<\/em><\/strong> <strong><em>(18.45 Uhr)<br><\/em><\/strong><em><strong><img loading=\"lazy\" decoding=\"async\" width=\"10\" height=\"21\" class=\"wp-image-3656\" style=\"width: 10px;\" src=\"http:\/\/kommentatorenblog.de\/wp-content\/uploads\/2020\/09\/shure-55sh-ii-e1601485394796.jpg\" alt=\"\" srcset=\"https:\/\/kommentatorenblog.de\/wp-content\/uploads\/2020\/09\/shure-55sh-ii-e1601485394796.jpg 415w, https:\/\/kommentatorenblog.de\/wp-content\/uploads\/2020\/09\/shure-55sh-ii-e1601485394796-142x300.jpg 142w\" sizes=\"auto, (max-width: 10px) 100vw, 10px\" \/><\/strong><\/em> Marvin Kirsch<\/p>\n\n\n\n<hr class=\"wp-block-separator has-css-opacity is-style-default\"\/>\n\n\n\n<p><strong>Croky Cup, Halbfinale-Hinspiele (Sportdigital Fu\u00dfball)<\/strong><\/p>\n\n\n\n<p><span style=\"text-decoration: underline;\">Mittwoch, 15. Januar 2025<\/span><\/p>\n\n\n\n<p><em><strong>FC Br\u00fcgge &#8211; KRC Genk (20.45 Uhr)<\/strong><\/em><br><img loading=\"lazy\" decoding=\"async\" width=\"10\" height=\"21\" class=\"wp-image-3656\" style=\"width: 10px;\" src=\"http:\/\/kommentatorenblog.de\/wp-content\/uploads\/2020\/09\/shure-55sh-ii-e1601485394796.jpg\" alt=\"\" srcset=\"https:\/\/kommentatorenblog.de\/wp-content\/uploads\/2020\/09\/shure-55sh-ii-e1601485394796.jpg 415w, https:\/\/kommentatorenblog.de\/wp-content\/uploads\/2020\/09\/shure-55sh-ii-e1601485394796-142x300.jpg 142w\" sizes=\"auto, (max-width: 10px) 100vw, 10px\" \/> Moritz Knorr<\/p>\n\n\n\n<p><span style=\"text-decoration: underline;\">Donnerstag, 16. Januar 2025<\/span><\/p>\n\n\n\n<p><em><strong>RSC Anderlecht &#8211; Royal Antwerpen (20.45 Uhr)<\/strong><\/em><br><img loading=\"lazy\" decoding=\"async\" width=\"10\" height=\"21\" class=\"wp-image-3656\" style=\"width: 10px;\" src=\"http:\/\/kommentatorenblog.de\/wp-content\/uploads\/2020\/09\/shure-55sh-ii-e1601485394796.jpg\" alt=\"\" srcset=\"https:\/\/kommentatorenblog.de\/wp-content\/uploads\/2020\/09\/shure-55sh-ii-e1601485394796.jpg 415w, https:\/\/kommentatorenblog.de\/wp-content\/uploads\/2020\/09\/shure-55sh-ii-e1601485394796-142x300.jpg 142w\" sizes=\"auto, (max-width: 10px) 100vw, 10px\" \/> J\u00f6rg Steiger<\/p>\n\n\n\n<hr class=\"wp-block-separator has-alpha-channel-opacity\"\/>\n\n\n\n<p><strong>Saudi Pro League, 15. Spieltag (Sportdigital FUSSBALL)<\/strong><\/p>\n\n\n\n<p><span style=\"text-decoration: underline;\">Donnerstag, 16. Januar 2025<\/span><\/p>\n\n\n\n<p><em><strong>Al-Hilal &#8211; Al-Fateh (16.05 Uhr)<\/strong><\/em><br><img loading=\"lazy\" decoding=\"async\" width=\"10\" height=\"21\" class=\"wp-image-3656\" style=\"width: 10px;\" src=\"http:\/\/kommentatorenblog.de\/wp-content\/uploads\/2020\/09\/shure-55sh-ii-e1601485394796.jpg\" alt=\"\" srcset=\"https:\/\/kommentatorenblog.de\/wp-content\/uploads\/2020\/09\/shure-55sh-ii-e1601485394796.jpg 415w, https:\/\/kommentatorenblog.de\/wp-content\/uploads\/2020\/09\/shure-55sh-ii-e1601485394796-142x300.jpg 142w\" sizes=\"auto, (max-width: 10px) 100vw, 10px\" \/> Ulf Kahmke<\/p>\n\n\n\n<hr class=\"wp-block-separator has-alpha-channel-opacity\"\/>\n\n\n\n<p><strong>Die Analyse<\/strong><\/p>\n\n\n\n<p>Sky startet wie gewohnt ab 17.30Uhr mit dem Vorlauf und meldet sich dabei mit Britta Hofmann, Didi Hamann und Erik Meijer aus dem Studio. Im Fokus steht das fr\u00fche Spiel zwischen Kiel und Dortmund, wobei sicherlich auch die vier sp\u00e4ten Partien kurz angesprochen werden. In Kiel wird Patrick Wasserziehr auf Stimmenfang gehen, der &#8211; wie bereits am Samstag &#8211; gemeinsam mit Kommentator Oliver Seidler im Norden unterwegs ist.<\/p>\n\n\n\n<p>Um 20.30 Uhr finden dann drei Spiele statt. Einen gesonderten Gesamtvorlauf gibt es hier nicht. Interviews k\u00f6nnt ihr daher nur in den Einzelvorl\u00e4ufen sehen, die jeweils 15 Minuten vor Spielbeginn starten. Beim tabellarischen Spitzenspiel zwischen Leverkusen und Mainz ist Dirk gro\u00dfe Schlarmann am Spielfeldrand zu sehen, w\u00e4hrend Marcus Lindemann bereits zum dritten Mal in dieser Bundesligasaison aus Leverkusen kommentiert. Bei der Partie Frankfurt gegen Freiburg ist Max Zielke der Field-Reporter und wie so oft wird Klaus Veltman im Deutsche Bank Park kommentieren (bereits zum vierten Mal). Fehlt nur noch die Partie der Vereine f\u00fcr Leibes\u00fcbungen &#8211; also Wolfsburg gegen Gladbach. W\u00e4hrend Nordgesicht Sven T\u00f6llner hier die Stimmen einf\u00e4ngt, wird Christian Stra\u00dfburger sein zweites Bundesligaspiel kommentieren &#8211; wie bereits beim ersten Mal mit seiner Borussia.<\/p>\n\n\n\n<p>Nat\u00fcrlich gibt es auch eine Konferenz, und diese ist meiner Meinung nach herausragend besetzt: Wolff Fuss \u00fcbernimmt Leverkusen gegen Mainz \u2013 topspielbedingt ein seltener Konferenzeinsatz f\u00fcr ihn seit dreieinhalb Jahren und m\u00f6glicherweise sein letzter in der Bundesliga bis 2029. Au\u00dferdem mit dabei ist Frank Buschmann, der die Wolfsburger im Pokal ja bereits zweimal unter der Woche in der Konferenz begleitete. Komplettiert wird das Trio von Florian Schmidt-Sommerfeld, der auf Marmoush und Co. blickt. Abgerundet wird der Abend dann wieder im Studio von Hofmann, Hamann &amp; Meijer.<\/p>\n\n\n\n<p>Am Mittwoch bleibt das Schema gleich, nur mit anderem Personal. Im Studio \u00fcbernehmen Michael Leopold, Erik Meijer und Lothar Matth\u00e4us. Das fr\u00fche Spiel ist ein Abstiegskracher: Bochum gegen St. Pauli. Neben Field-Reporter Thomas Wagner ist hier Marcus Lindemann erneut im Einsatz \u2013 bereits zum f\u00fcnften Mal im Ruhrstadion in dieser Saison.<\/p>\n\n\n\n<p>F\u00fcr die sp\u00e4ten Spiele gilt der erste Blick der Allianz Arena. Neben Sky wird hier auch Sat.1 \u00fcbertragen, mit dem gleichen Quartett wie am Freitag: Opdenh\u00f6vel, Stindl, Kaiser und Fuss. F\u00fcr Sky sind Nele Ocik und Kai Dittmann mit dabei. In Stuttgart treffen der Vorjahreszweite und der Vierte aufeinander. Jonas Friedrich und Yannick Erkenbrecher begleiten das Spiel, das hoffentlich unterhaltsam wird. Fehlen noch die Partien im Norden: In Bremen \u00fcbernehmen K\u00fcpper und Westen, in Berlin Kunde und Petrzika.<\/p>\n\n\n\n<p>Auch international gibt es Fu\u00dfballhighlights: Von Pokalspielen in Spanien (Sportdigital) bis zu hochkar\u00e4tigen Nachholspielen der Serie A (DAZN). Am Wochenende geht es dann mit der 2. Bundesliga weiter \u2013 alle Ansetzungen wie gewohnt ab Donnerstag.<\/p>\n\n\n\n<p>Bis dahin w\u00fcnsche ich euch eine spannende und unterhaltsame Englische Woche!<\/p>\n\n\n\n<p>Nico<\/p>\n\n\n\n<hr class=\"wp-block-separator has-alpha-channel-opacity\"\/>\n\n\n\n<p><strong>Handball-WM 2025<\/strong><\/p>\n\n\n\n<p>Noch ein kleines Extra: am morgigen Dienstag, den 14. Januar 2025, startet die Handball-WM 2025 in D\u00e4nemark, Norwegen und Kroatien.<\/p>\n\n\n\n<p>Im Free-TV halten ARD und ZDF bei Weltmeisterschaften nach wie vor ausschlie\u00dflich die Rechte an den Spielen der deutschen Nationalmannschaft. Die <strong>ARD<\/strong> setzt wie gewohnt auf <strong>Alexander Bommes<\/strong> als Moderator sowie <strong>Dominik Klein<\/strong> als Analyse-Experten, <strong>Florian Na\u00df<\/strong> wird die Spiele wie bereits bei der EM im vergangenen Jahr gemeinsam mit Ex-Nationaltorh\u00fcter <strong>Johannes &#8222;Jogi&#8220; Bitter<\/strong> kommentieren. Die zweite Moderatorin neben Bommes, <strong>Stephanie M\u00fcller-Spirra<\/strong>, wird neben den Schalten im TV auch einen neuen Podcast namens &#8222;Handball auf die 1&#8220; zusammen mit den beiden Experten hosten, <strong>D\u00e9sir\u00e9e Krause<\/strong> \u00fcbernimmt erneut die Interviews. Besonders bei den \u00dcbertragungen der Sportschau ist, dass die Produktion erstmals im neuen SportHub der ARD in K\u00f6ln erfolgen wird, somit werden viele Produktionsressourcen nicht nach D\u00e4nemark sowie gegebenenfalls in die anderen L\u00e4nder reisen, sondern in K\u00f6ln bleiben. Auch die \u00dcbertragungen der kommenden Fu\u00dfball-EM der Frauen wird auf diese Weise produziert werden. Die ARD m\u00f6chte dadurch einige Kosten sparen und effizienter arbeiten, ohne dass der Zuschauer etwas davon merken soll.<\/p>\n\n\n\n<p>Beim <strong>ZDF<\/strong> hat der bisherige Handball-Moderator und jetzige Sportchef Yorck Polus beschlossen, den Staffelstab nun endg\u00fcltig weiterzugeben, nachdem er die vergangene Heim-EM noch einmal on-air pr\u00e4sentiert hatte. <strong>Florian Zschiedrich<\/strong> wurde bereits im Laufe des vergangenen Jahres zum neuen Handball-Moderator auserkoren, an seiner Seite bleibt der Experte <strong>Sven-S\u00f6ren Christophersen<\/strong> dem ZDF erhalten. Auch der langj\u00e4hrige Handball-Kommentator Christoph Hamm ist nicht mehr dabei, er hat sich nach den Olympischen Spielen in Paris in den Ruhestand verabschiedet. Alleiniger Kommentator beim Turnier wird daher <strong>Martin Schneider<\/strong> sein, mit dem sich Hamm bereits bei den vergangenen Turnieren immer wieder abgewechselt hatte, da er nebenher auch noch Biathlon betreut hatte. Au\u00dferdem hat das ZDF entschieden, auf den bisherigen Co-Kommentator Markus Baur zu verzichten, stattdessen \u00fcbernimmt Christophersen nun dessen Aufgabe zus\u00e4tzlich auch noch. Neben <strong>Lars Ruthemann<\/strong> ist zum ersten Mal <strong>Johanna R\u00fcdiger<\/strong> als Field-Reporterin dabei, sie l\u00f6st nach nur einem Jahr Amelie Stiefvatter wieder ab, f\u00fcr die sich die Mitwirkung bei allen Spielen wegen ihrer Aufgabe als Moderatorin des Ski-Weltcups beim letzten Mal bereits schwierig gestaltete. Social Media Host wird erneut <strong>Franziska M\u00fcllers<\/strong> sein.<\/p>\n\n\n\n<p>Alle Spiele der deutschen Handball-Nationalmannschaft werden au\u00dferdem wieder als Audiostream bei <strong>sportschau.de<\/strong> und in der <strong>Sportschau-App<\/strong> verf\u00fcgbar sein. Hier werden wie gewohnt <strong>Thorsten vom Wege<\/strong>, <strong>Daniel Neuhaus<\/strong> und <strong>Thomas Koos<\/strong> jeweils in Zweierteams zu h\u00f6ren sein. <strong>Dominik Klein<\/strong> wird sich bei den vom ZDF im TV \u00fcbertragenen Spielen auch wieder zu ihnen gesellen.<\/p>\n\n\n\n<p>Bis zu 15 Spiele ohne deutsche Beteiligung werden wieder bei <strong>Eurosport<\/strong> zu sehen sein, kommentieren werden wie gewohnt <strong>Uwe Semrau<\/strong> und <strong>Pascal Hens<\/strong>.<\/p>\n\n\n\n<p>Das Komplettpaket ist wieder ausschlie\u00dflich kostenpflichtig bei <strong>Sportdeutschland.TV<\/strong> verf\u00fcgbar. Nur ausgew\u00e4hlte Spiele erhalten einen deutschen Kommentar. Als Kommentatoren kehren im Vergleich zu 2023 allerdings ausschlie\u00dflich <strong>Tobi Schimon<\/strong> und <strong>Maik Thiele<\/strong> wieder, neu dabei sind <strong>Ulf Kahmke<\/strong>, beim Handball fr\u00fcher u.a. f\u00fcr MDR und Eurosport im Einsatz, sowie Ex-Sky-Mann <strong>Dennis Baier<\/strong>, der nicht mit seinem fr\u00fcheren Kollegen Dennis Bayer zu verwechseln ist. Interessant: au\u00dfer Schimon ist von denjenigen, die beim Handball mittlerweile \u00fcberwiegend f\u00fcr Dyn t\u00e4tig sind, keiner mehr dabei, das betrifft neben Sascha Staat, Jari Br\u00fcggmann und Finn-Ole Martins auch das Top-Duo Karsten Petrzika und Stefan Kretzschmar, das vor zwei Jahren noch das Finale kommentierte. Mit dabei war seinerzeit auch der damals verletzte Nationalspieler Timo Kastening, der nun wieder auf dem Feld steht. Als Expertin wird <strong>Ina Gro\u00dfmann<\/strong> zur\u00fcckkehren, die im Dezember gemeinsam mit Schimon auch wieder die Europameisterschaft der Frauen begleitet hatte. Neue Experten sind <strong>Paul Drux<\/strong> und <strong>Silvio Heinevetter<\/strong>.<\/p>\n\n\n\n<p>Im Vergleich zur EM 2024, wovon bei ARD und ZDF auch noch weitere Spiele im Stream zu sehen waren sowie alle Spiele hinter der Paywall bei Dyn, also wieder eine &#8222;Rolle r\u00fcckw\u00e4rts&#8220;, allerdings ist das Turnier auch das letzte in der laufenden Rechteperiode f\u00fcr Weltmeisterschaften, wie es in den n\u00e4chsten Jahren weitergeht, wird sich voraussichtlich in den kommenden Monaten entscheiden. Bereits fest steht, dass ARD und ZDF die kompletten TV-Rechte an den Europameisterschaften zwischen 2026 und 2030 sowohl der M\u00e4nner als auch der Frauen halten, wof\u00fcr allerdings wahrscheinlich auch jeweils wieder Sublizenzen vergeben werden.<\/p>\n\n\n\n<p>Viel Spa\u00df bei der Handball-WM!<\/p>\n\n\n\n<p>Karl<\/p>\n","protected":false},"excerpt":{"rendered":"<p>N&#8217;Abend allerseits, da hat das Bundesligajahr gerade doch erst begonnen, und schon wird wieder etwas abgeschlossen: Die Hinrunde geht mit der ersten und einzigen englischen Woche der Saison zu Ende. Ich pers\u00f6nlich bin ein gro\u00dfer Freund von Englischen Wochen \u2013 sie bedeuten schlie\u00dflich mehr Bundesliga! \u00dcbertragungstechnisch bleibt in diesem Jahr alles \u00fcbersichtlich: Ihr k\u00f6nnt jedes [&hellip;]<\/p>\n","protected":false},"author":5,"featured_media":0,"comment_status":"open","ping_status":"open","sticky":false,"template":"","format":"standard","meta":{"footnotes":""},"categories":[424],"tags":[],"class_list":["post-20259","post","type-post","status-publish","format-standard","hentry","category-bundesliga-und-co"],"_links":{"self":[{"href":"https:\/\/kommentatorenblog.de\/index.php?rest_route=\/wp\/v2\/posts\/20259","targetHints":{"allow":["GET"]}}],"collection":[{"href":"https:\/\/kommentatorenblog.de\/index.php?rest_route=\/wp\/v2\/posts"}],"about":[{"href":"https:\/\/kommentatorenblog.de\/index.php?rest_route=\/wp\/v2\/types\/post"}],"author":[{"embeddable":true,"href":"https:\/\/kommentatorenblog.de\/index.php?rest_route=\/wp\/v2\/users\/5"}],"replies":[{"embeddable":true,"href":"https:\/\/kommentatorenblog.de\/index.php?rest_route=%2Fwp%2Fv2%2Fcomments&post=20259"}],"version-history":[{"count":30,"href":"https:\/\/kommentatorenblog.de\/index.php?rest_route=\/wp\/v2\/posts\/20259\/revisions"}],"predecessor-version":[{"id":20338,"href":"https:\/\/kommentatorenblog.de\/index.php?rest_route=\/wp\/v2\/posts\/20259\/revisions\/20338"}],"wp:attachment":[{"href":"https:\/\/kommentatorenblog.de\/index.php?rest_route=%2Fwp%2Fv2%2Fmedia&parent=20259"}],"wp:term":[{"taxonomy":"category","embeddable":true,"href":"https:\/\/kommentatorenblog.de\/index.php?rest_route=%2Fwp%2Fv2%2Fcategories&post=20259"},{"taxonomy":"post_tag","embeddable":true,"href":"https:\/\/kommentatorenblog.de\/index.php?rest_route=%2Fwp%2Fv2%2Ftags&post=20259"}],"curies":[{"name":"wp","href":"https:\/\/api.w.org\/{rel}","templated":true}]}}