{"id":2028,"date":"2020-04-22T12:40:58","date_gmt":"2020-04-22T12:40:58","guid":{"rendered":"http:\/\/kommentatorenblog.de\/?p=2028"},"modified":"2020-12-30T15:34:44","modified_gmt":"2020-12-30T15:34:44","slug":"1069-dfb-pokal-classics","status":"publish","type":"post","link":"https:\/\/kommentatorenblog.de\/?p=2028","title":{"rendered":"1069 \u2013 DFB-Pokal &#8222;Classics&#8220;"},"content":{"rendered":"\n<p>N\u00b4Abend allerseits!<\/p>\n\n\n\n<p>Diese Woche w\u00e4ren die Halbfinal-Begegnungen im DFB-Pokal gespielt worden. Regionalligist Saarbr\u00fccken, der als erster Viertligist \u00fcberhaupt die Vorschlussrunde erreicht hat, h\u00e4tte Bayer Leverkusen zu Gast gehabt. Die Bayern h\u00e4tten gegen die Eintracht aus Frankfurt gespielt. <\/p>\n\n\n\n<p>Diesbez\u00fcglich haben wir im Archiv gew\u00fchlt und &#8222;hauen&#8220; ein einige alte Pokal-Halbfinal-Ansetzungen raus. 2009, sowie 2013-2018 k\u00f6nnen wir euch zun\u00e4chst anbieten &#8211; teils in \u201eoriginal\u201c Format :).Packt eure Meinungen dazu gerne wieder in die Kommentare. <\/p>\n\n\n\n<p>Die Ansetzungen der &#8222;hisTOOORischen Sky Konferenz&#8220; bleiben nat\u00fcrlich unver\u00e4ndert. Die Spiel-Auswahl kommt derweil historisch wie nie daher. Mit dabei ist an diesem Samstag erstmals Schalke 04, w\u00e4hrend Bayer Leverkusen und der VfL Wolfsburg auch beim vierten Mal am Start sind. Kai Dittmann \u00fcbernimmt wenig \u00fcberraschend erneut bei den Bayern und auch Hansi K\u00fcpper k\u00fcmmert sich nicht zum ersten Mal um seinen BVB. Wir d\u00fcrfen uns auf jeden Fall wieder auf einen launigen Samstagnachmittag freuen.<\/p>\n\n\n\n<p>***Update*** Schalt-G\u00e4ste von Michael Leopold und Didi Hamann sind unter anderem Mirko Slomka und Rafinha. Insgesamt fallen 26 Tore in f\u00fcnf Spielen, darunter ganze 11 Buden auf Schalke. <\/p>\n\n\n\n<p>Auch DAZN blickt nat\u00fcrlich in die Vergangenheit. Am Samstag gibt&#8217;s ein Spiel aus der \u00fcberragenden vergangenen Europa-League Saison von Eintracht Frankfurt. Neben Max Siebald kommentieren Experte Ralph Gunesch und der damalige Protagonist Danny da Costa. Gunesch und da Costa kennen sich ja aus der gemeinsamen Zeit in Ingolstadt. Am Sonntag gibt&#8217;s dann noch einen El Cl\u00e1sico aus der Vergangenheit. dPlatte und Hummels sind da nat\u00fcrlich keine \u00dcberraschung.<\/p>\n\n\n\n<p>Und hier die Ansetzungen!<\/p>\n\n\n\n<p><strong>Bundesliga<\/strong>&nbsp;<strong>\u2013<\/strong>&nbsp;<strong>\u201ehisTOOORische Sky Konferenz\u201c<\/strong><\/p>\n\n\n\n<p><span style=\"text-decoration: underline;\">Samstag, 25. April 2020, ab 15.00 Uhr (Sky)<\/span><\/p>\n\n\n\n<p><strong><em>FC Schalke 04 \u2013&nbsp;Bayer Leverkusen (2005\/06)<\/em><\/strong><\/p>\n\n\n\n<p>Sky: Jonas Friedrich<\/p>\n\n\n\n<p><strong><em>Fortuna D\u00fcsseldorf \u2013&nbsp;Borussia Dortmund (1995\/96)<\/em><\/strong><\/p>\n\n\n\n<p>Sky: Hansi K\u00fcpper<\/p>\n\n\n\n<p><strong><em>Hertha BSC \u2013&nbsp;Eintracht Frankfurt (1998\/99)<\/em><\/strong><\/p>\n\n\n\n<p>Sky: Roland Evers<\/p>\n\n\n\n<p><strong><em>VfL Wolfsburg \u2013&nbsp;SC Freiburg (2003\/04)<\/em><\/strong><\/p>\n\n\n\n<p>Sky: Toni Tomic<\/p>\n\n\n\n<p><strong><em>FC Bayern M\u00fcnchen \u2013&nbsp;Borussia M\u00b4Gladbach (1992\/93)<\/em><\/strong><\/p>\n\n\n\n<p>Sky: Kai Dittmann<\/p>\n\n\n\n<p>Moderation (Sky): Michael Leopold, Experte: Dietmar Hamann<\/p>\n\n\n\n<p><strong>DAZN RETRO GAMES<\/strong><\/p>\n\n\n\n<p><span style=\"text-decoration: underline;\">Samstag, 25. April 2020, ab 15.30 Uhr<\/span><\/p>\n\n\n\n<p><strong><em>Inter Mailand \u2013 Eintracht Frankfurt (2018\/19; Europa League-Achtelfinal-R\u00fcckspiel)<\/em><\/strong><\/p>\n\n\n\n<p>DAZN: Max Siebald, Experten: Danny da Costa und Ralph Gunesch<\/p>\n\n\n\n<p><span style=\"text-decoration: underline;\">Sonntag, 26. April 2020, ab 15.30 Uhr<\/span><\/p>\n\n\n\n<p><strong><em>Real Madrid \u2013 FC Barcelona (LA Liga; November 2005\/06)<\/em><\/strong><\/p>\n\n\n\n<p>DAZN: Jan Platte, Experte: Jonas Hummels<\/p>\n\n\n\n<p><\/p>\n\n\n\n<p><strong>DFB Pokal Halbfinale, 2009<\/strong><\/p>\n\n\n\n<p>Premiere \/ ARD \/ ZDF<\/p>\n\n\n\n<p><span style=\"text-decoration: underline;\">Dienstag, 21. April, 20:45 Uhr<\/span><br \/>Moderation: Patrick Wasserziehr (Premiere), Waldemar Hartmann (ARD)<br \/><em>Bayer Leverkusen &#8211; FSV Mainz 05<\/em>: Fritz von Thurn und Taxis (Premiere Einzelspiel), Gerd Gottlob (ARD Einzelspiel)<\/p>\n\n\n\n<p><span style=\"text-decoration: underline;\">Mittwoch, 22. April, 20:45 Uhr<\/span><br \/>Moderation: Sebastian Hellmann (Premiere), Johannes B. Kerner (ZDF)<br \/><em>Hamburger SV &#8211; Werder Bremen<\/em>: Marcel Reif (Premiere Einzelspiel), Bela Rethy (ZDF Einzelspiel)<\/p>\n\n\n\n<p><\/p>\n\n\n\n<p><strong>DFB Pokal Halbfinale, 2013<\/strong><\/p>\n\n\n\n<p><span style=\"text-decoration: underline;\">Dienstag, 16. April ab 20.15 Uhr (Sky) bzw. 20.15 Uhr (ARD)<\/span><\/p>\n\n\n\n<p><em><strong>FC Bayern M\u00fcnchen &#8211; VfL Wolfsburg (20.30 Uhr)<\/strong><\/em><\/p>\n\n\n\n<ul class=\"wp-block-list\"><li>Sky: Marcel Reif (HD)<\/li><li>ARD: Gerd Gottlob (HD)<\/li><\/ul>\n\n\n\n<p>Moderation (Sky): Sebastian Hellmann<br \/>Moderation (ARD): Reinhold Beckmann, Experte: Mehmet Scholl<\/p>\n\n\n\n<p><span style=\"text-decoration: underline;\">Mittwoch, 17. April ab 20.15 Uhr (Sky) bzw. 20.15 Uhr (ARD)<\/span><\/p>\n\n\n\n<p><em><strong>VfB Stuttgart &#8211; SC Freiburg (20.30 Uhr)<\/strong><\/em><\/p>\n\n\n\n<ul class=\"wp-block-list\"><li>Sky: Kai Dittmann (HD)<\/li><li>ARD: Tom Bartels (HD)<\/li><\/ul>\n\n\n\n<p>Moderation (Sky): Jan Henkel<br \/>Moderation (ARD): Gerhard Delling, Experte: Mehmet Scholl<\/p>\n\n\n\n<p><\/p>\n\n\n\n<p><strong>DFB Pokal Halbfinale 2014<\/strong><\/p>\n\n\n\n<p><em>Sky &amp; ARD<\/em><\/p>\n\n\n\n<p><span style=\"text-decoration: underline;\"><strong>Dienstag, 15.04.2014<\/strong><br \/>jeweils ab 20.15 Uhr (<em>Sky &amp; ARD<\/em>)<\/span><\/p>\n\n\n\n<ul class=\"wp-block-list\"><li><em><strong>Borussia Dortmund &#8211; VfL Wolfsburg (20.30 Uhr):<\/strong><\/em><br \/><em>Sky:<\/em> Kai Dittmann<br \/><em>ARD:<\/em> Steffen Simon<\/li><\/ul>\n\n\n\n<p>Moderation (<em>Sky<\/em>): Thomas Wagner<br \/>Moderation (<em>ARD<\/em>): Matthias Opdenh\u00f6vel; Experte: Mehmet Scholl<\/p>\n\n\n\n<p><span style=\"text-decoration: underline;\"><strong>Mittwoch, 16.04.2014<\/strong><br \/>jeweils ab 20.15 Uhr (<em>Sky &amp; ARD<\/em>)<\/span><\/p>\n\n\n\n<ul class=\"wp-block-list\"><li><em><strong>FC Bayern M\u00fcnchen &#8211; 1. FC Kaiserslautern (20.30 Uhr):<\/strong><\/em><br \/><em>Sky:<\/em> Marcel Reif<br \/><em>ARD:<\/em> Tom Bartels<\/li><\/ul>\n\n\n\n<p>Moderation (<em>Sky<\/em>): Jessica Kastrop<br \/>Moderation (<em>ARD<\/em>): Gerhard Delling; Experte: Mehmet Scholl<\/p>\n\n\n\n<p><\/p>\n\n\n\n<p><strong>DFB Pokal Halbfinale, 2015<\/strong><\/p>\n\n\n\n<p><span style=\"text-decoration: underline;\">Dienstag, 28. April 2015 jeweils ab 20.15 Uhr (Sky &amp; ARD)<\/span><\/p>\n\n\n\n<p><em><strong>FC Bayern M\u00fcnchen \u2013 Borussia Dortmund (20.30 Uhr)<br \/><\/strong><\/em><\/p>\n\n\n\n<ul class=\"wp-block-list\"><li>Sky: Marcel Reif<\/li><li>ARD: Gerd Gottlob<\/li><\/ul>\n\n\n\n<p>Moderation (Sky): Sebastian Hellmann<br \/>Moderation (ARD): Matthias Opdenh\u00f6vel; Experte: Mehmet Scholl<\/p>\n\n\n\n<p><span style=\"text-decoration: underline;\">Mittwoch, 29. April 2015 jeweils ab 20.15 Uhr (Sky &amp; ARD)<\/span><\/p>\n\n\n\n<p><em><strong>Arminia Bielefeld \u2013 VfL Wolfsburg (20.30 Uhr)<\/strong><\/em><\/p>\n\n\n\n<ul class=\"wp-block-list\"><li>Sky: Kai Dittmann<\/li><li>ARD: Steffen Simon<\/li><\/ul>\n\n\n\n<p>Moderation (Sky): Jan Henkel<br \/>Moderation (ARD): Reinhold Beckmann; Experte: Mehmet Scholl<\/p>\n\n\n\n<p><\/p>\n\n\n\n<p><strong>DFB Pokal Halbfinale, 2016<\/strong><\/p>\n\n\n\n<p><span style=\"text-decoration: underline;\">Dienstag, 19. April ab 20.00 Uhr (Sky) bzw. 20.15 Uhr (ARD)<\/span><\/p>\n\n\n\n<p><em><strong>Bayern M\u00fcnchen \u2013 Werder Bremen (20.30 Uhr)<\/strong><\/em><\/p>\n\n\n\n<ul class=\"wp-block-list\"><li>Sky: Wolff Fuss<\/li><li>ARD: Tom Bartels<\/li><\/ul>\n\n\n\n<p>Moderation (Sky): Sebastian Hellmann<br \/>Moderation (ARD): Alexander Bommes, Experte: Mehmet Scholl<\/p>\n\n\n\n<p><span style=\"text-decoration: underline;\">Mittwoch, 20. April ab 20.00 Uhr (Sky) bzw. 20.15 Uhr (ARD)<\/span><\/p>\n\n\n\n<p><em><strong>Hertha BSC \u2013 Borussia Dortmund (20.30 Uhr)<\/strong><\/em><\/p>\n\n\n\n<ul class=\"wp-block-list\"><li>Sky: Marcel Reif<\/li><li>ARD: Gerd Gottlob<\/li><\/ul>\n\n\n\n<p>Moderation (Sky): Thomas Wagner<br \/>Moderation (ARD): Matthias Opdenh\u00f6vel, Experte: Mehmet Scholl<\/p>\n\n\n\n<p><\/p>\n\n\n\n<p><strong>DFB Pokal Halbfinale, 2017<\/strong><\/p>\n\n\n\n<p><span style=\"text-decoration: underline;\">Dienstag, 25. April 2017, jeweils ab 20.15 Uhr (Sky &amp; ARD)<\/span><\/p>\n\n\n\n<p><em><strong>Borussia M\u2019gladbach \u2013 Eintracht Frankfurt (20.45 Uhr)<\/strong><\/em><\/p>\n\n\n\n<ul class=\"wp-block-list\"><li>Sky: Wolff Fuss<\/li><li>ARD: Steffen Simon<\/li><\/ul>\n\n\n\n<p>Moderation (Sky): Sebastian Hellmann<br \/>Moderation (ARD): Alexander Bommes; Experte: Mehmet Scholl<\/p>\n\n\n\n<p><span style=\"text-decoration: underline;\">Mittwoch, 26. April 2017, jeweils ab 20.15 Uhr (Sky &amp; ARD)<\/span><\/p>\n\n\n\n<p><em><strong>FC Bayern M\u00fcnchen \u2013 Borussia Dortmund (20.45 Uhr)<\/strong><\/em><\/p>\n\n\n\n<ul class=\"wp-block-list\"><li>Sky: Fritz von Thurn und Taxis<\/li><li>ARD: Tom Bartels<\/li><\/ul>\n\n\n\n<p>Moderation (Sky): Michael Leopold<br \/>Moderation (ARD): Matthias Opdenh\u00f6vel; Experte: Mehmet Scholl<\/p>\n\n\n\n<p><\/p>\n\n\n\n<p><strong>DFB-Pokal&nbsp;Halbfinale, 2018<\/strong><\/p>\n\n\n\n<p><span style=\"text-decoration: underline;\">Dienstag, 17.&nbsp;April 2018, ab&nbsp;20.15 Uhr (Sky\/ARD)<\/span><\/p>\n\n\n\n<p><em><strong>Bayer 04 Leverkusen \u2013 FC Bayern M\u00fcnchen (20.45 Uhr)<\/strong><\/em><\/p>\n\n\n\n<ul class=\"wp-block-list\"><li>Sky: Wolff Fuss<\/li><li>ARD: Gerd Gottlob<\/li><\/ul>\n\n\n\n<p>Moderation (Sky):&nbsp;Sebastian Hellmann, Experte: Erik Meijer<br \/>Moderation (ARD): Alexander Bommes<\/p>\n\n\n\n<p><span style=\"text-decoration: underline;\">Mittwoch, 18.&nbsp;April 2018, ab&nbsp;20.15 Uhr (Sky\/ARD)<\/span><\/p>\n\n\n\n<p><em><strong>FC Schalke 04 \u2013 Eintracht Frankfurt (20.45 Uhr)<\/strong><\/em><\/p>\n\n\n\n<ul class=\"wp-block-list\"><li>Sky: Kai Dittman<\/li><li>ARD: Steffen Simon<\/li><\/ul>\n\n\n\n<p>Moderation (Sky):&nbsp;Patrick Wasserziehr<br \/>Moderation (ARD): Gerhard Delling<\/p>\n","protected":false},"excerpt":{"rendered":"<p>N\u00b4Abend allerseits! Diese Woche w\u00e4ren die Halbfinal-Begegnungen im DFB-Pokal gespielt worden. Regionalligist Saarbr\u00fccken, der als erster Viertligist \u00fcberhaupt die Vorschlussrunde erreicht hat, h\u00e4tte Bayer Leverkusen zu Gast gehabt. Die Bayern h\u00e4tten gegen die Eintracht aus Frankfurt gespielt. Diesbez\u00fcglich haben wir im Archiv gew\u00fchlt und &#8222;hauen&#8220; ein einige alte Pokal-Halbfinal-Ansetzungen raus. 2009, sowie 2013-2018 k\u00f6nnen wir [&hellip;]<\/p>\n","protected":false},"author":3,"featured_media":0,"comment_status":"open","ping_status":"open","sticky":false,"template":"","format":"standard","meta":{"footnotes":""},"categories":[429],"tags":[60,13,65,25,48,69,169,93,198,279,108,45,22,24],"class_list":["post-2028","post","type-post","status-publish","format-standard","hentry","category-diverses","tag-bundesliga","tag-dazn","tag-dfb-pokal","tag-hansi-kuepper","tag-jan-platte","tag-jonas-friedrich","tag-jonas-hummels","tag-kai-dittmann","tag-konferenz","tag-max-siebald","tag-ralph-gunesch","tag-roland-evers","tag-sky","tag-toni-tomic"],"_links":{"self":[{"href":"https:\/\/kommentatorenblog.de\/index.php?rest_route=\/wp\/v2\/posts\/2028","targetHints":{"allow":["GET"]}}],"collection":[{"href":"https:\/\/kommentatorenblog.de\/index.php?rest_route=\/wp\/v2\/posts"}],"about":[{"href":"https:\/\/kommentatorenblog.de\/index.php?rest_route=\/wp\/v2\/types\/post"}],"author":[{"embeddable":true,"href":"https:\/\/kommentatorenblog.de\/index.php?rest_route=\/wp\/v2\/users\/3"}],"replies":[{"embeddable":true,"href":"https:\/\/kommentatorenblog.de\/index.php?rest_route=%2Fwp%2Fv2%2Fcomments&post=2028"}],"version-history":[{"count":16,"href":"https:\/\/kommentatorenblog.de\/index.php?rest_route=\/wp\/v2\/posts\/2028\/revisions"}],"predecessor-version":[{"id":2049,"href":"https:\/\/kommentatorenblog.de\/index.php?rest_route=\/wp\/v2\/posts\/2028\/revisions\/2049"}],"wp:attachment":[{"href":"https:\/\/kommentatorenblog.de\/index.php?rest_route=%2Fwp%2Fv2%2Fmedia&parent=2028"}],"wp:term":[{"taxonomy":"category","embeddable":true,"href":"https:\/\/kommentatorenblog.de\/index.php?rest_route=%2Fwp%2Fv2%2Fcategories&post=2028"},{"taxonomy":"post_tag","embeddable":true,"href":"https:\/\/kommentatorenblog.de\/index.php?rest_route=%2Fwp%2Fv2%2Ftags&post=2028"}],"curies":[{"name":"wp","href":"https:\/\/api.w.org\/{rel}","templated":true}]}}