{"id":2053,"date":"2020-04-30T13:03:08","date_gmt":"2020-04-30T13:03:08","guid":{"rendered":"http:\/\/kommentatorenblog.de\/?p=2053"},"modified":"2020-12-30T15:34:40","modified_gmt":"2020-12-30T15:34:40","slug":"1070-zahlenspielchen","status":"publish","type":"post","link":"https:\/\/kommentatorenblog.de\/?p=2053","title":{"rendered":"1070 \u2013 Zahlenspielchen"},"content":{"rendered":"\n<p>N&#8217;Abend allerseits,<\/p>\n\n\n\n<p>diese Woche h\u00e4tten die Halbfinal-Hinspiele in der Champions- und Europa League stattgefunden. Deshalb haben wir euch in dieser Woche die Ansetzungen der Halbfinale-Hinspiele der Champions League aus dem Jahr 2013 und der Europa League aus dem Jahr 2010 rausgekrammt. Anzutreffen sind aus deutscher Sicht in diesen historischen Ansetzungen die Bayern, der BVB und der HSV. Die R\u00fcckspiele der jeweiligen Spiele gibts dann planweise n\u00e4chste Woche. Trotzdem d\u00fcrft ihr euch nat\u00fcrlich noch die Ansetzunge anderer Europapokal Halbfinal-R\u00fcckspiele seit 2009 w\u00fcnschen. Falls ihr Vorschl\u00e4ge habt, ab in die Kommentare damit. <\/p>\n\n\n\n<p>In der historischen Konferenz gibt\u2019s personell wenige \u00dcberraschungen. Kai Dittmann k\u00fcmmert sich zum vierten Mal in Folge um die Bayern. Hansi K\u00fcpper \u00fcbernimmt weiterhin \u201eseinen\u201c BVB. Beim VfL Wolfsburg wiederum durfte jetzt mal jeder des Quintetts ran. \u00c4hnliches Bild finden wir auch bei Bayer 04 Leverkusen. Vier unterschiedliche Kommentatoren im besagten f\u00fcnf Konferenzen. <\/p>\n\n\n\n<p>Genug vom \u201eZahlenspiel\u201c und zur\u00fcck zu den Spielen! Samstag gibt es auch mal wieder ein Zweitligaspiel in der historischen Konferenz. Union Berlin w\u00e4re ja sonst schwierig einzubeziehen&#8230; Zugeschaltet werden an diesem Samstag unter anderem Andreas Herzog, Christian Heidel, Markus Kr\u00f6sche und Torsten Mattuschka.<\/p>\n\n\n\n<p>Bei DAZN fehlt mir am Samstag ein wenig der Retro-Aspekt. Die Partie Liverpool \u2013 Salzburg aus der Champions League Gruppenphase dieser Saison wird zum zweiten Mal innerhalb von fast 10 Monaten live kommentiert. Anders als im letztj\u00e4hrigen Oktober nicht mehr mit Uli Hebel und Ralph Gunesch, sondern mit Lukas Sch\u00f6nm\u00fcller und Zlatko Junuzovic. Die Wahl am Sonntag wiederum finde ich gut. Max Gross und Seb Knei\u00dfl kommentieren das Champions League Finale aus dem Jahr 2008.<\/p>\n\n\n\n<p>Nun soll es das aber gewesen sein. Viel Spa\u00df mit den Ansetzungen und ein sch\u00f6nes erstes Mai-Wochende!<\/p>\n\n\n\n<p><strong>Bundesliga<\/strong> <strong>\u2013<\/strong> <strong>\u201ehisTOOORische Sky Konferenz\u201c<\/strong><\/p>\n\n\n\n<p><span style=\"text-decoration: underline\">Samstag, 2. Mai 2020, ab 15.00 Uhr (Sky)<\/span><\/p>\n\n\n\n<p><strong><em>Bayer Leverkusen&nbsp;\u2013&nbsp;1. FC K\u00f6ln&nbsp;(2011\/12)<\/em><\/strong><\/p>\n\n\n\n<p>Sky: Roland Evers<\/p>\n\n\n\n<p><strong>Borussia Dortmund \u2013 1. FSV Mainz 05 (2004\/05)<\/strong><\/p>\n\n\n\n<p>Sky: Hansi K\u00fcpper<\/p>\n\n\n\n<p><strong><em>1. FC Union Berlin \u2013&nbsp;SC Paderborn 07&nbsp;(2009\/10)<\/em><\/strong><\/p>\n\n\n\n<p>Sky: Toni Tomic <\/p>\n\n\n\n<p><strong><em>Borussia M\u00f6nchengladbach \u2013&nbsp;VfL Wolfsburg&nbsp;(1998\/99)<\/em><\/strong><\/p>\n\n\n\n<p>Sky: Jonas Friedrich<\/p>\n\n\n\n<p><strong><em>Werder Bremen \u2013 FC Bayern M\u00fcnchen&nbsp;(1992\/93)<\/em><\/strong><\/p>\n\n\n\n<p>Sky: Kai Dittmann <\/p>\n\n\n\n<p>Moderation (Sky): Michael Leopold, Experte: Dietmar Hamann<\/p>\n\n\n\n<p><strong>DAZN RETRO GAMES<\/strong><\/p>\n\n\n\n<p><span style=\"text-decoration: underline\">Samstag, 2. April 2020, ab 15.30 Uhr<\/span><\/p>\n\n\n\n<p><strong><em>FC Liverpool \u2013 FC Salzburg (2019\/20; Champions League-Gruppenphase)<\/em><\/strong><\/p>\n\n\n\n<p>DAZN: Lukas Sch\u00f6nm\u00fcller, Experten: Zlatko Junuzovic<\/p>\n\n\n\n<p><span style=\"text-decoration: underline\">Sonntag, 3. April 2020, ab 15.30 Uhr<\/span><\/p>\n\n\n\n<p><strong><em>Manchester United \u2013 FC Chelsea (2007\/08; Champions League-Finale)<\/em><\/strong><\/p>\n\n\n\n<p>DAZN: Max Gross, Experte: Sebastian Knei\u00dfl<\/p>\n\n\n\n<p><\/p>\n\n\n\n<p><strong><em>UEFA Champions League, Halbfinale, Hinspiele (2012\/13)<\/em><\/strong><\/p>\n\n\n\n<p><em>Sky &amp; ZDF<\/em><\/p>\n\n\n\n<p><strong>Dienstag, 23.04.2013<br \/><\/strong>ab 19.30 Uhr (<em>Sky<\/em>)<\/p>\n\n\n\n<ul class=\"wp-block-list\"><li><em><strong>FC Bayern M\u00fcnchen &#8211; FC Barcelona (20.45 Uhr):<br \/><\/strong><\/em><ul><li><em>Sky:<\/em>&nbsp;Marcel Reif<\/li><\/ul><\/li><\/ul>\n\n\n\n<p>Moderation (<em>Sky<\/em>): Sebastian Hellmann; Experten: Franz Beckenbauer, Ruud Gullit, Erik Meijer, Toni Polster<\/p>\n\n\n\n<p><strong>Mittwoch, 24.04.2013<br \/><\/strong>ab 19.30 Uhr (<em>Sky<\/em>) bzw. 20.25 Uhr (<em>ZDF<\/em>)<\/p>\n\n\n\n<ul class=\"wp-block-list\"><li><em><strong>Borussia Dortmund &#8211; Real Madrid (20.45 Uhr):<br \/><\/strong><\/em><ul><li><em>Sky:<\/em>&nbsp;Kai Dittmann<\/li><li><em>ZDF:<\/em>&nbsp;Oliver Schmidt<\/li><\/ul><\/li><\/ul>\n\n\n\n<p>Moderation (<em>Sky<\/em>): Jan Henkel; Experten: Ottmar Hitzfeld, Bodo Illgner, Erik Meijer, Fredi Bobic<br \/>Moderation (<em>ZDF<\/em>): Oliver Welke; Experte: Oliver Kahn<\/p>\n\n\n\n<p><em><strong>Europa League, Halbfinale, Hinspiele<\/strong><\/em><\/p>\n\n\n\n<p><em>Sky &amp; Sat.1<\/em><\/p>\n\n\n\n<p><strong>Donnerstag, 22.4.2010<br \/><\/strong>ab 20:30 Uhr bzw. 20:15 Uhr<\/p>\n\n\n\n<ul class=\"wp-block-list\"><li><strong><em>Hamburger SV &#8211; FC Fulham (21:05 Uhr):<br \/><\/em><\/strong><ul><li><em>Sky: <\/em>Tom Bayer (Einzelspiel), Matthias Stach (Konferenz)<\/li><li><em>Sat.1:<\/em> Erich Laaser (Einzelspiel)<\/li><\/ul><\/li><li><strong><em>Atletico Madrid &#8211; FC Liverpool (21:05 Uhr):<br \/><\/em><\/strong><ul><li><em>Sky:<\/em> Roland Evers (Einzelspiel), Marco Hagemann (Konferenz)<\/li><\/ul><\/li><\/ul>\n\n\n\n<p>Moderation (<em>Sky<\/em>): Jan Henkel; Experte: Markus Babbel<br \/>Moderation (<em>Sat.1<\/em>): Oliver Welke; G\u00e4ste: Felix Magath, Uwe Seeler<\/p>\n","protected":false},"excerpt":{"rendered":"<p>N&#8217;Abend allerseits, diese Woche h\u00e4tten die Halbfinal-Hinspiele in der Champions- und Europa League stattgefunden. Deshalb haben wir euch in dieser Woche die Ansetzungen der Halbfinale-Hinspiele der Champions League aus dem Jahr 2013 und der Europa League aus dem Jahr 2010 rausgekrammt. Anzutreffen sind aus deutscher Sicht in diesen historischen Ansetzungen die Bayern, der BVB und [&hellip;]<\/p>\n","protected":false},"author":5,"featured_media":0,"comment_status":"open","ping_status":"open","sticky":false,"template":"","format":"standard","meta":{"footnotes":""},"categories":[429],"tags":[60,13,30,25,69,93,198,205,283,88,45,222,22,24],"class_list":["post-2053","post","type-post","status-publish","format-standard","hentry","category-diverses","tag-bundesliga","tag-dazn","tag-didi-hamann","tag-hansi-kuepper","tag-jonas-friedrich","tag-kai-dittmann","tag-konferenz","tag-lukas-schoenmueller","tag-max-gross","tag-michael-leopold","tag-roland-evers","tag-sebastian-kneissl","tag-sky","tag-toni-tomic"],"_links":{"self":[{"href":"https:\/\/kommentatorenblog.de\/index.php?rest_route=\/wp\/v2\/posts\/2053","targetHints":{"allow":["GET"]}}],"collection":[{"href":"https:\/\/kommentatorenblog.de\/index.php?rest_route=\/wp\/v2\/posts"}],"about":[{"href":"https:\/\/kommentatorenblog.de\/index.php?rest_route=\/wp\/v2\/types\/post"}],"author":[{"embeddable":true,"href":"https:\/\/kommentatorenblog.de\/index.php?rest_route=\/wp\/v2\/users\/5"}],"replies":[{"embeddable":true,"href":"https:\/\/kommentatorenblog.de\/index.php?rest_route=%2Fwp%2Fv2%2Fcomments&post=2053"}],"version-history":[{"count":19,"href":"https:\/\/kommentatorenblog.de\/index.php?rest_route=\/wp\/v2\/posts\/2053\/revisions"}],"predecessor-version":[{"id":2077,"href":"https:\/\/kommentatorenblog.de\/index.php?rest_route=\/wp\/v2\/posts\/2053\/revisions\/2077"}],"wp:attachment":[{"href":"https:\/\/kommentatorenblog.de\/index.php?rest_route=%2Fwp%2Fv2%2Fmedia&parent=2053"}],"wp:term":[{"taxonomy":"category","embeddable":true,"href":"https:\/\/kommentatorenblog.de\/index.php?rest_route=%2Fwp%2Fv2%2Fcategories&post=2053"},{"taxonomy":"post_tag","embeddable":true,"href":"https:\/\/kommentatorenblog.de\/index.php?rest_route=%2Fwp%2Fv2%2Ftags&post=2053"}],"curies":[{"name":"wp","href":"https:\/\/api.w.org\/{rel}","templated":true}]}}