{"id":20535,"date":"2025-02-06T23:54:54","date_gmt":"2025-02-06T22:54:54","guid":{"rendered":"https:\/\/kommentatorenblog.de\/?p=20535"},"modified":"2025-02-11T16:36:08","modified_gmt":"2025-02-11T15:36:08","slug":"1485-fuss-zu-rtl-was-macht-hagemann","status":"publish","type":"post","link":"https:\/\/kommentatorenblog.de\/?p=20535","title":{"rendered":"1485 &#8211; Fuss zu RTL, was macht Hagemann?"},"content":{"rendered":"\n<p>N&#8217;Abend allerseits,<\/p>\n\n\n\n<p>wie es immer so ist, wenn eine neue Bundesliga-Rechteperiode ansteht und viele Vertr\u00e4ge auslaufen: das Personalkarussell beginnt sich wieder zu drehen. In diesem Zusammenhang war es sicher die Nachricht der Woche, auch wenn sie sich gar nicht auf die Bundesliga bezieht: Wolff Fuss wird ab der kommenden Saison neben seiner T\u00e4tigkeit bei Sky auch die DFB-L\u00e4nderspiele sowie die im Free-TV \u00fcbertragenen Spiele der UEFA Europa League und der UEFA Conference League bei RTL kommentieren, gemeinsam mit seinem langj\u00e4hrigen Co-Kommentator Lothar Matth\u00e4us. F\u00fcr ihn bedeutet das eine R\u00fcckkehr in den Europapokal nach 4 Jahren Abstinenz, wobei er sich fr\u00fcher eher als Stimme der Champions League einen Namen gemacht hatte, sowohl bei SAT.1, als auch bei Sky.<\/p>\n\n\n\n<p>Warum erfolgt dieser Schritt ausgerechnet jetzt, mitten in eine laufende Europacup-Periode hinein? Und warum nicht etwa schon vor 11 Jahren, als RTL begann, L\u00e4nderspiele zu \u00fcbertragen? Die Gr\u00fcnde liegen darin, dass in den 2010er Jahren, als RTL erstmals TV-Rechte an L\u00e4nderspielen erwarb, Sky in seinen Vertr\u00e4gen Exklusivit\u00e4t im Sportbereich vorschrieb. F\u00fcr Marco Hagemann, der damals neben Sky auch bereits f\u00fcr Eurosport t\u00e4tig war, war ein Verbleib bei Sky somit nicht m\u00f6glich, als er 2014 das Angebot von RTL annahm. Ebenso verlie\u00dfen um diesen Zeitraum auch andere sender\u00fcbergreifend im Tennisbereich aktive Kommentatoren den Sender, wie Matthias Stach und Oliver Fa\u00dfnacht. Erst als Sky die Exklusivit\u00e4t im Rahmen der zunehmenden Rechtezerst\u00fcckelung beim Fu\u00dfball wieder aufhob, war es m\u00f6glich, dass Wolff Fuss seine Beziehungen zu SAT.1 und zur Telekom wieder aufleben lie\u00df, ohne sein Engagement bei Sky aufzugeben.<\/p>\n\n\n\n<p>Auch wenn RTL sich noch nicht konkret zur Personalie Marco Hagemann ge\u00e4u\u00dfert hat, deutet vieles darauf hin, dass es f\u00fcr ihn nicht bei RTL weitergehen wird, zumindest nicht in seiner bisherigen Rolle als DFB- und Europapokal-Kommentator im Free-TV. Etwas geahnt habe ich es zugegebenerma\u00dfen schon, dass RTL andere Pl\u00e4ne hat, nachdem im vergangenen Sommer nicht nur Fuss und Matth\u00e4us im Rahmen der Kooperation mit MagentaTV auch bei RTL EM-Spiele kommentierten, sondern auch anschlie\u00dfend der Vertrag von Hagemanns langj\u00e4hrigem Co-Kommentator Steffen Freund nicht mehr verl\u00e4ngert wurde. Da Wolff Fuss aufgrund seiner aktuell noch bestehenden T\u00e4tigkeit bei SAT.1 erst im Sommer verf\u00fcgbar ist, setzte man auf Hagemann und Matth\u00e4us als \u00dcbergangsduo. Allerdings wurde Hagemann zuletzt auch zweimal zusammen mit Felix Kroos eingesetzt, was, so wage ich mal zu spekulieren, m\u00f6glicherweise auf einen Verbleib in anderweitiger Rolle hindeuten k\u00f6nnte, oder zumindest auf die M\u00f6glichkeit daf\u00fcr, etwa bei den Europacup-\u00dcbertragungen bei RTL+ oder beim Zweitliga-Topspiel. Am naheliegendsten ist nat\u00fcrlich ein Verbleib bei DAZN, wo sich das T\u00e4tigkeitsfeld ab der kommenden Saison auch auf die Bundesliga-Konferenz ausdehnen d\u00fcrfte. Aber auch sonst gehe ich pers\u00f6nlich davon aus, dass er auch au\u00dferhalb von DAZN nicht g\u00e4nzlich ungefragt sein sollte, schlie\u00dflich ist er nach einer Vielzahl von L\u00e4nder- und Europacupspielen im Free-TV mittlerweile eine der bekanntesten Fu\u00dfballstimmen Deutschlands. Vielleicht ergibt sich ja auch wieder etwas im Tennisbereich.<\/p>\n\n\n\n<p>Fuss hat laut der offiziellen Mitteilung bei RTL einen f\u00fcrs Free-TV exklusiven Vertrag unterzeichnet, was bedeutet, dass er in Zukunft nicht mehr die Bundesliga-\u00dcbertragungen von SAT.1 kommentieren wird. M\u00f6glicherweise k\u00f6nnte es sich hier als praktisch erweisen, dass SAT.1 k\u00fcrzlich Schmiso in der Unterhaltung exklusiv an sich gebunden hat, f\u00fcr den die Sky-Konferenz ab Sommer bekanntlich wegf\u00e4llt. Allerdings auch hier lediglich Spekulation meinerseits.<\/p>\n\n\n\n<hr class=\"wp-block-separator has-alpha-channel-opacity\"\/>\n\n\n\n<p><strong>Super Bowl 2025<\/strong><\/p>\n\n\n\n<p>Nat\u00fcrlich kommt man beim Thema Sport\u00fcbertragungen an diesem Wochenende nur schwer am diesj\u00e4hrigen Super Bowl vorbei. In der Nacht zum Montag steigt ab 00.30 Uhr in New Orleans das gro\u00dfe Duell zwischen den Titelverteidigern der Kansas City Chiefs, die die Meisterschaft in der NFL bereits zum dritten Mal in Folge gewinnen k\u00f6nnten, was zuvor noch keiner Mannschaft gelungen ist, und den Philadelphia Eagles, die sich f\u00fcr das verlorene Finale vor zwei Jahren revanchieren m\u00f6chten. Wie bereits im vergangenen Jahr \u00fcbertragen RTL und DAZN das Event, letztere wahlweise mit deutschem oder englischen Kommentar.<\/p>\n\n\n\n<p>Bei RTL wird Schmiso den Super Bowl gemeinsam mit den Experten Patrick Esume und Bj\u00f6rn Werner live vor Ort kommentieren. Ebenfalls vor Ort sind Moderatorin Jana Wosnitza, Community Host Mitja Lafere und Experte Sebastian Vollmer, der vor einem Jahr noch anstelle von Werner mitkommentierte. Au\u00dfer dass der werdende Vater Markus Kuhn diesmal nicht erneut als Experte dabei ist, ist das Team im Vergleich zum vergangenen Jahr unver\u00e4ndert. Jan Stecker, der sich zu ProSieben-Zeiten noch den Stammplatz f\u00fcr den Super Bowl mit Esume und Werner teilte, musste sich erneut mit den Pro Bowl Games begn\u00fcgen.<\/p>\n\n\n\n<p>F\u00fcr DAZN kommentiert Christoph Stadtler das Event gemeinsam mit Nadine Nurasyid, Flo Hauser \u00fcbernimmt die Moderation. Verglichen mit dem letzten Super Bowl haben Stadtler und Hauser die Rollen quasi getauscht, allerdings ist Hauser im Vergleich zu Stadtler im letzten Jahr nach unseren Informationen nicht vor Ort. Au\u00dferdem ist Roman Motzkus diesmal nicht als zweiter Experte dabei. F\u00fcr Nadine Nurasyid ist es bereits der dritte Super Bowl in Folge, den sie kommentieren darf, nach 2024 und 2023, letzterer noch im bis dato einmaligen Sportschau-Audiostream an der Seite von Jan Wochner.<\/p>\n\n\n\n<p>Auch beim NFL Game Pass wird ein deutscher Kommentar w\u00e4hlbar sein. Obwohl dieser ebenfalls von DAZN produziert wird, kommt mit Constantin Eckner und Wanja M\u00fcller dort ein anderes Duo zum Einsatz.<\/p>\n\n\n\n<hr class=\"wp-block-separator has-alpha-channel-opacity\"\/>\n\n\n\n<p><strong>Die Ansetzungen vom 07. bis zum 10. Februar 2025<\/strong><\/p>\n\n\n\n<hr class=\"wp-block-separator has-css-opacity\"\/>\n\n\n\n<p><span style=\"text-decoration: underline;\">Freitag, 07. Februar 2024 (DAZN)<\/span><\/p>\n\n\n\n<p><strong><em>UEFA Women&#8217;s Champions League, Auslosung Viertelfinale &amp; Halbfinale (13.00 Uhr)<\/em><\/strong><br><em><strong><img loading=\"lazy\" decoding=\"async\" width=\"415\" height=\"874\" class=\"wp-image-3656\" style=\"width: 10px\" src=\"http:\/\/kommentatorenblog.de\/wp-content\/uploads\/2020\/09\/shure-55sh-ii-e1601485394796.jpg\" alt=\"\" srcset=\"https:\/\/kommentatorenblog.de\/wp-content\/uploads\/2020\/09\/shure-55sh-ii-e1601485394796.jpg 415w, https:\/\/kommentatorenblog.de\/wp-content\/uploads\/2020\/09\/shure-55sh-ii-e1601485394796-142x300.jpg 142w\" sizes=\"auto, (max-width: 415px) 100vw, 415px\" \/><\/strong><\/em> Nico Seepe<\/p>\n\n\n\n<hr class=\"wp-block-separator has-alpha-channel-opacity\"\/>\n\n\n\n<p><strong>Bundesliga, 21. Spieltag<\/strong><\/p>\n\n\n\n<p><span style=\"text-decoration: underline\">Freitag, 07. Februar 2025, ab 19.45 Uhr (DAZN)<\/span><\/p>\n\n\n\n<p><strong><em>FC Bayern M\u00fcnchen &#8211; SV Werder Bremen (20.30 Uhr)<\/em><\/strong><br><em><strong><img loading=\"lazy\" decoding=\"async\" width=\"415\" height=\"874\" class=\"wp-image-3656\" style=\"width: 10px\" src=\"http:\/\/kommentatorenblog.de\/wp-content\/uploads\/2020\/09\/shure-55sh-ii-e1601485394796.jpg\" alt=\"\" srcset=\"https:\/\/kommentatorenblog.de\/wp-content\/uploads\/2020\/09\/shure-55sh-ii-e1601485394796.jpg 415w, https:\/\/kommentatorenblog.de\/wp-content\/uploads\/2020\/09\/shure-55sh-ii-e1601485394796-142x300.jpg 142w\" sizes=\"auto, (max-width: 415px) 100vw, 415px\" \/><\/strong><\/em> Max Siebald, Experte: Tobias Schweinsteiger<br>Moderation: Daniel Herzog, Field-Reporter: Lukas Sch\u00f6nm\u00fcller<\/p>\n\n\n\n<p><span style=\"text-decoration: underline\">Samstag, 08. Februar<span style=\"text-decoration: underline\"> 2025<\/span>, ab 14.00 Uhr (Sky)<\/span><\/p>\n\n\n\n<p><strong><em>Borussia Dortmund<\/em><\/strong><em><strong> &#8211; VfB Stuttgart (15.30 Uhr)<\/strong><\/em><br><img loading=\"lazy\" decoding=\"async\" width=\"415\" height=\"874\" class=\"wp-image-3656\" style=\"width: 10px\" src=\"http:\/\/kommentatorenblog.de\/wp-content\/uploads\/2020\/09\/shure-55sh-ii-e1601485394796.jpg\" alt=\"\" srcset=\"https:\/\/kommentatorenblog.de\/wp-content\/uploads\/2020\/09\/shure-55sh-ii-e1601485394796.jpg 415w, https:\/\/kommentatorenblog.de\/wp-content\/uploads\/2020\/09\/shure-55sh-ii-e1601485394796-142x300.jpg 142w\" sizes=\"auto, (max-width: 415px) 100vw, 415px\" \/> Martin Gro\u00df (Einzelspiel), Kai Dittmann (Konferenz)<br>Field-Reporter: Yannick Erkenbrecher<\/p>\n\n\n\n<p><strong><em>VfL Wolfsburg<\/em><\/strong><em><strong> &#8211; Bayer 04 Leverkusen (15.30 Uhr)<\/strong><\/em><br><img loading=\"lazy\" decoding=\"async\" width=\"415\" height=\"874\" class=\"wp-image-3656\" style=\"width: 10px\" src=\"http:\/\/kommentatorenblog.de\/wp-content\/uploads\/2020\/09\/shure-55sh-ii-e1601485394796.jpg\" alt=\"\" srcset=\"https:\/\/kommentatorenblog.de\/wp-content\/uploads\/2020\/09\/shure-55sh-ii-e1601485394796.jpg 415w, https:\/\/kommentatorenblog.de\/wp-content\/uploads\/2020\/09\/shure-55sh-ii-e1601485394796-142x300.jpg 142w\" sizes=\"auto, (max-width: 415px) 100vw, 415px\" \/> Oliver Seidler (Einzelspiel), Frank Buschmann (Konferenz)<br>Field-Reporter: Patrick Wasserziehr<\/p>\n\n\n\n<p><em style=\"font-weight: bold;\">1. <\/em><strong><em>FSV Mainz 05<\/em><\/strong><em><strong> &#8211; FC Augsburg (15.30 Uhr)<\/strong><\/em><br><img loading=\"lazy\" decoding=\"async\" width=\"415\" height=\"874\" class=\"wp-image-3656\" style=\"width: 10px\" src=\"http:\/\/kommentatorenblog.de\/wp-content\/uploads\/2020\/09\/shure-55sh-ii-e1601485394796.jpg\" alt=\"\" srcset=\"https:\/\/kommentatorenblog.de\/wp-content\/uploads\/2020\/09\/shure-55sh-ii-e1601485394796.jpg 415w, https:\/\/kommentatorenblog.de\/wp-content\/uploads\/2020\/09\/shure-55sh-ii-e1601485394796-142x300.jpg 142w\" sizes=\"auto, (max-width: 415px) 100vw, 415px\" \/> <s>Klaus Veltman<\/s> Marcel Meinert (Einzelspiel), Hansi K\u00fcpper (Konferenz)<br>Field-Reporter: Ulli Potofski<\/p>\n\n\n\n<p><em><strong>SC Freiburg &#8211; 1. FC Heidenheim (15.30 Uhr)<\/strong><\/em><br><img loading=\"lazy\" decoding=\"async\" width=\"415\" height=\"874\" class=\"wp-image-3656\" style=\"width: 10px\" src=\"http:\/\/kommentatorenblog.de\/wp-content\/uploads\/2020\/09\/shure-55sh-ii-e1601485394796.jpg\" alt=\"\" srcset=\"https:\/\/kommentatorenblog.de\/wp-content\/uploads\/2020\/09\/shure-55sh-ii-e1601485394796.jpg 415w, https:\/\/kommentatorenblog.de\/wp-content\/uploads\/2020\/09\/shure-55sh-ii-e1601485394796-142x300.jpg 142w\" sizes=\"auto, (max-width: 415px) 100vw, 415px\" \/> Toni Tomic (Einzelspiel), Jonas Friedrich (Konferenz)<br>Field-Reporter: Torben Hoffmann<\/p>\n\n\n\n<p><strong><em>TSG 1899 Hoffenheim &#8211; 1. FC Union Berlin<\/em><\/strong><em><strong> (15.30 Uhr)<\/strong><\/em><br><img loading=\"lazy\" decoding=\"async\" width=\"415\" height=\"874\" class=\"wp-image-3656\" style=\"width: 10px\" src=\"http:\/\/kommentatorenblog.de\/wp-content\/uploads\/2020\/09\/shure-55sh-ii-e1601485394796.jpg\" alt=\"\" srcset=\"https:\/\/kommentatorenblog.de\/wp-content\/uploads\/2020\/09\/shure-55sh-ii-e1601485394796.jpg 415w, https:\/\/kommentatorenblog.de\/wp-content\/uploads\/2020\/09\/shure-55sh-ii-e1601485394796-142x300.jpg 142w\" sizes=\"auto, (max-width: 415px) 100vw, 415px\" \/> Marcus Lindemann (Einzelspiel), Hannes Herrmann (Konferenz)<br>Field-Reporter: Michael Leopold<\/p>\n\n\n\n<p>Moderation: Britta Hofmann, Experten: Dietmar Hamann und Erik Meijer<\/p>\n\n\n\n<p><span style=\"text-decoration: underline\">ab 17.30 Uhr (Sky)<\/span><\/p>\n\n\n\n<p><strong><em>Borussia M\u00f6nchengladbach &#8211; Eintracht Frankfurt (18.30 Uhr)<\/em><\/strong><br><img loading=\"lazy\" decoding=\"async\" width=\"415\" height=\"874\" class=\"wp-image-3656\" style=\"width: 10px\" src=\"http:\/\/kommentatorenblog.de\/wp-content\/uploads\/2020\/09\/shure-55sh-ii-e1601485394796.jpg\" alt=\"\" srcset=\"https:\/\/kommentatorenblog.de\/wp-content\/uploads\/2020\/09\/shure-55sh-ii-e1601485394796.jpg 415w, https:\/\/kommentatorenblog.de\/wp-content\/uploads\/2020\/09\/shure-55sh-ii-e1601485394796-142x300.jpg 142w\" sizes=\"auto, (max-width: 415px) 100vw, 415px\" \/> Wolff Fuss<br>Moderation: Sebastian Hellmann, Expert:innen: Lothar Matth\u00e4us und Julia Simic, Field-Reporterin: Nele Ocik<\/p>\n\n\n\n<p><span style=\"text-decoration: underline\">Sonntag, 09. Februar 2025, ab 14.45 Uhr (DAZN)<\/span><\/p>\n\n\n\n<p><strong><em>KSV Holstein Kiel &#8211; VfL Bochum (15.30 Uhr)<\/em><\/strong><br><img loading=\"lazy\" decoding=\"async\" width=\"415\" height=\"874\" class=\"wp-image-3656\" style=\"width: 10px\" src=\"http:\/\/kommentatorenblog.de\/wp-content\/uploads\/2020\/09\/shure-55sh-ii-e1601485394796.jpg\" alt=\"\" srcset=\"https:\/\/kommentatorenblog.de\/wp-content\/uploads\/2020\/09\/shure-55sh-ii-e1601485394796.jpg 415w, https:\/\/kommentatorenblog.de\/wp-content\/uploads\/2020\/09\/shure-55sh-ii-e1601485394796-142x300.jpg 142w\" sizes=\"auto, (max-width: 415px) 100vw, 415px\" \/> Tom Kirsten, Experte: Sebastian Knei\u00dfl<br>Moderation: Lena Cassel, Field-Reporter: Freddy Harder<\/p>\n\n\n\n<p><span style=\"text-decoration: underline\">ab 17.00 Uhr (DAZN)<\/span><\/p>\n\n\n\n<p><strong><em>RB Leipzig &#8211; FC St. Pauli (17.30 Uhr)<\/em><\/strong><br><img loading=\"lazy\" decoding=\"async\" width=\"415\" height=\"874\" class=\"wp-image-3656\" style=\"width: 10px\" src=\"http:\/\/kommentatorenblog.de\/wp-content\/uploads\/2020\/09\/shure-55sh-ii-e1601485394796.jpg\" alt=\"\" srcset=\"https:\/\/kommentatorenblog.de\/wp-content\/uploads\/2020\/09\/shure-55sh-ii-e1601485394796.jpg 415w, https:\/\/kommentatorenblog.de\/wp-content\/uploads\/2020\/09\/shure-55sh-ii-e1601485394796-142x300.jpg 142w\" sizes=\"auto, (max-width: 415px) 100vw, 415px\" \/> Marco Hagemann, Expertin: Turid Knaak<br>Moderation: Tobi Wahnschaffe, Field-Reporter: Benni Zander<\/p>\n\n\n\n<hr class=\"wp-block-separator has-alpha-channel-opacity\"\/>\n\n\n\n<p><strong>Frauen-Bundesliga, 14. Spieltag<\/strong><\/p>\n\n\n\n<p><span style=\"text-decoration: underline;\">Freitag, 07. Februar 2024, ab 18.15 Uhr (<span style=\"text-decoration: underline;\">Magenta Spor<\/span>t\/DAZN)<\/span><\/p>\n\n\n\n<p><strong><em>1. FC K\u00f6ln &#8211; VfL Wolfsburg (18.30 Uhr)<\/em><\/strong><\/p>\n\n\n\n<p><img loading=\"lazy\" decoding=\"async\" width=\"415\" height=\"874\" class=\"wp-image-3656\" style=\"width: 10px\" src=\"http:\/\/kommentatorenblog.de\/wp-content\/uploads\/2020\/09\/shure-55sh-ii-e1601485394796.jpg\" alt=\"\" srcset=\"https:\/\/kommentatorenblog.de\/wp-content\/uploads\/2020\/09\/shure-55sh-ii-e1601485394796.jpg 415w, https:\/\/kommentatorenblog.de\/wp-content\/uploads\/2020\/09\/shure-55sh-ii-e1601485394796-142x300.jpg 142w\" sizes=\"auto, (max-width: 415px) 100vw, 415px\" \/> Magenta Sport: Oskar Heirler<\/p>\n\n\n\n<p><img loading=\"lazy\" decoding=\"async\" width=\"415\" height=\"874\" class=\"wp-image-3656\" style=\"width: 10px\" src=\"http:\/\/kommentatorenblog.de\/wp-content\/uploads\/2020\/09\/shure-55sh-ii-e1601485394796.jpg\" alt=\"\" srcset=\"https:\/\/kommentatorenblog.de\/wp-content\/uploads\/2020\/09\/shure-55sh-ii-e1601485394796.jpg 415w, https:\/\/kommentatorenblog.de\/wp-content\/uploads\/2020\/09\/shure-55sh-ii-e1601485394796-142x300.jpg 142w\" sizes=\"auto, (max-width: 415px) 100vw, 415px\" \/> DAZN: Simon Sterzer<\/p>\n\n\n\n<p><span style=\"text-decoration: underline;\">Samstag, 08. Februar 2025, ab 11.45 Uhr (Magenta Sport\/DAZN)<\/span><\/p>\n\n\n\n<p><strong><em>Bayer 04 Leverkusen &#8211; SGS Essen (12.00 Uhr)<\/em><\/strong><\/p>\n\n\n\n<p><img loading=\"lazy\" decoding=\"async\" width=\"415\" height=\"874\" class=\"wp-image-3656\" style=\"width: 10px\" src=\"http:\/\/kommentatorenblog.de\/wp-content\/uploads\/2020\/09\/shure-55sh-ii-e1601485394796.jpg\" alt=\"\" srcset=\"https:\/\/kommentatorenblog.de\/wp-content\/uploads\/2020\/09\/shure-55sh-ii-e1601485394796.jpg 415w, https:\/\/kommentatorenblog.de\/wp-content\/uploads\/2020\/09\/shure-55sh-ii-e1601485394796-142x300.jpg 142w\" sizes=\"auto, (max-width: 415px) 100vw, 415px\" \/> Magenta Sport: Daniel Wimmer<\/p>\n\n\n\n<p><img loading=\"lazy\" decoding=\"async\" width=\"415\" height=\"874\" class=\"wp-image-3656\" style=\"width: 10px\" src=\"http:\/\/kommentatorenblog.de\/wp-content\/uploads\/2020\/09\/shure-55sh-ii-e1601485394796.jpg\" alt=\"\" srcset=\"https:\/\/kommentatorenblog.de\/wp-content\/uploads\/2020\/09\/shure-55sh-ii-e1601485394796.jpg 415w, https:\/\/kommentatorenblog.de\/wp-content\/uploads\/2020\/09\/shure-55sh-ii-e1601485394796-142x300.jpg 142w\" sizes=\"auto, (max-width: 415px) 100vw, 415px\" \/> DAZN: Oliver Fa\u00dfnacht<\/p>\n\n\n\n<p><span style=\"text-decoration: underline;\">ab 13.45 Uhr (Magenta Sport\/DAZN)<\/span><\/p>\n\n\n\n<p><strong><em>SV Werder Bremen &#8211; RB Leipzig (14.00 Uhr)<\/em><\/strong><\/p>\n\n\n\n<p><img loading=\"lazy\" decoding=\"async\" width=\"415\" height=\"874\" class=\"wp-image-3656\" style=\"width: 10px\" src=\"http:\/\/kommentatorenblog.de\/wp-content\/uploads\/2020\/09\/shure-55sh-ii-e1601485394796.jpg\" alt=\"\" srcset=\"https:\/\/kommentatorenblog.de\/wp-content\/uploads\/2020\/09\/shure-55sh-ii-e1601485394796.jpg 415w, https:\/\/kommentatorenblog.de\/wp-content\/uploads\/2020\/09\/shure-55sh-ii-e1601485394796-142x300.jpg 142w\" sizes=\"auto, (max-width: 415px) 100vw, 415px\" \/> Magenta Sport: Michael Seyberth<\/p>\n\n\n\n<p><img loading=\"lazy\" decoding=\"async\" width=\"415\" height=\"874\" class=\"wp-image-3656\" style=\"width: 10px\" src=\"http:\/\/kommentatorenblog.de\/wp-content\/uploads\/2020\/09\/shure-55sh-ii-e1601485394796.jpg\" alt=\"\" srcset=\"https:\/\/kommentatorenblog.de\/wp-content\/uploads\/2020\/09\/shure-55sh-ii-e1601485394796.jpg 415w, https:\/\/kommentatorenblog.de\/wp-content\/uploads\/2020\/09\/shure-55sh-ii-e1601485394796-142x300.jpg 142w\" sizes=\"auto, (max-width: 415px) 100vw, 415px\" \/> DAZN: Guido H\u00fcsgen<\/p>\n\n\n\n<p><span style=\"text-decoration: underline;\">Sonntag, 09. Februar 2025, ab 13.30 Uhr (<span style=\"text-decoration: underline;\">Mage<\/span>nta Sport) bzw. ab 13.45 Uhr (DAZN\/DF1)<\/span><\/p>\n\n\n\n<p><strong><em>TSG 1899 Hoffenheim &#8211; FC Bayern M\u00fcnchen (14.00 Uhr)<\/em><\/strong><\/p>\n\n\n\n<p><img loading=\"lazy\" decoding=\"async\" width=\"415\" height=\"874\" class=\"wp-image-3656\" style=\"width: 10px\" src=\"http:\/\/kommentatorenblog.de\/wp-content\/uploads\/2020\/09\/shure-55sh-ii-e1601485394796.jpg\" alt=\"\" srcset=\"https:\/\/kommentatorenblog.de\/wp-content\/uploads\/2020\/09\/shure-55sh-ii-e1601485394796.jpg 415w, https:\/\/kommentatorenblog.de\/wp-content\/uploads\/2020\/09\/shure-55sh-ii-e1601485394796-142x300.jpg 142w\" sizes=\"auto, (max-width: 415px) 100vw, 415px\" \/> Magenta Sport: Oskar Heirler, Expertin: Kathrin Lehmann<br>Moderation (Magenta Sport): Simon K\u00f6pfer<\/p>\n\n\n\n<p><img loading=\"lazy\" decoding=\"async\" width=\"415\" height=\"874\" class=\"wp-image-3656\" style=\"width: 10px\" src=\"http:\/\/kommentatorenblog.de\/wp-content\/uploads\/2020\/09\/shure-55sh-ii-e1601485394796.jpg\" alt=\"\" srcset=\"https:\/\/kommentatorenblog.de\/wp-content\/uploads\/2020\/09\/shure-55sh-ii-e1601485394796.jpg 415w, https:\/\/kommentatorenblog.de\/wp-content\/uploads\/2020\/09\/shure-55sh-ii-e1601485394796-142x300.jpg 142w\" sizes=\"auto, (max-width: 415px) 100vw, 415px\" \/> DAZN\/DF1: Nico Seepe, Expertin: Carmen H\u00f6fflin<\/p>\n\n\n\n<p><span style=\"text-decoration: underline;\">ab 18.15 Uhr (Magenta Sport\/DAZN)<\/span><\/p>\n\n\n\n<p><strong><em>Eintracht Frankfurt &#8211; 1. FFC Turbine Potsdam (18.30 Uhr)<\/em><\/strong><\/p>\n\n\n\n<p><img loading=\"lazy\" decoding=\"async\" width=\"415\" height=\"874\" class=\"wp-image-3656\" style=\"width: 10px\" src=\"http:\/\/kommentatorenblog.de\/wp-content\/uploads\/2020\/09\/shure-55sh-ii-e1601485394796.jpg\" alt=\"\" srcset=\"https:\/\/kommentatorenblog.de\/wp-content\/uploads\/2020\/09\/shure-55sh-ii-e1601485394796.jpg 415w, https:\/\/kommentatorenblog.de\/wp-content\/uploads\/2020\/09\/shure-55sh-ii-e1601485394796-142x300.jpg 142w\" sizes=\"auto, (max-width: 415px) 100vw, 415px\" \/> Magenta Sport: Adrian Geiler<\/p>\n\n\n\n<p><img loading=\"lazy\" decoding=\"async\" width=\"415\" height=\"874\" class=\"wp-image-3656\" style=\"width: 10px\" src=\"http:\/\/kommentatorenblog.de\/wp-content\/uploads\/2020\/09\/shure-55sh-ii-e1601485394796.jpg\" alt=\"\" srcset=\"https:\/\/kommentatorenblog.de\/wp-content\/uploads\/2020\/09\/shure-55sh-ii-e1601485394796.jpg 415w, https:\/\/kommentatorenblog.de\/wp-content\/uploads\/2020\/09\/shure-55sh-ii-e1601485394796-142x300.jpg 142w\" sizes=\"auto, (max-width: 415px) 100vw, 415px\" \/> DAZN: Markus Theil<\/p>\n\n\n\n<p><span style=\"text-decoration: underline;\"><s>Montag, 10. Februar 2025, ab 17.45 Uhr (SPORT1\/Magenta Sport\/DAZN)<\/s><\/span><\/p>\n\n\n\n<p><strong><em><s>FC Carl Zeiss Jena &#8211; SC Freiburg (18.00 Uhr)<\/s><\/em><\/strong><\/p>\n\n\n\n<p><img loading=\"lazy\" decoding=\"async\" width=\"415\" height=\"874\" class=\"wp-image-3656\" style=\"width: 10px\" src=\"http:\/\/kommentatorenblog.de\/wp-content\/uploads\/2020\/09\/shure-55sh-ii-e1601485394796.jpg\" alt=\"\" srcset=\"https:\/\/kommentatorenblog.de\/wp-content\/uploads\/2020\/09\/shure-55sh-ii-e1601485394796.jpg 415w, https:\/\/kommentatorenblog.de\/wp-content\/uploads\/2020\/09\/shure-55sh-ii-e1601485394796-142x300.jpg 142w\" sizes=\"auto, (max-width: 415px) 100vw, 415px\" \/> <s>SPORT1: Christina Rann<br>Moderation (SPORT1): Katharina Kleinfeldt<\/s><\/p>\n\n\n\n<p><img loading=\"lazy\" decoding=\"async\" width=\"415\" height=\"874\" class=\"wp-image-3656\" style=\"width: 10px\" src=\"http:\/\/kommentatorenblog.de\/wp-content\/uploads\/2020\/09\/shure-55sh-ii-e1601485394796.jpg\" alt=\"\" srcset=\"https:\/\/kommentatorenblog.de\/wp-content\/uploads\/2020\/09\/shure-55sh-ii-e1601485394796.jpg 415w, https:\/\/kommentatorenblog.de\/wp-content\/uploads\/2020\/09\/shure-55sh-ii-e1601485394796-142x300.jpg 142w\" sizes=\"auto, (max-width: 415px) 100vw, 415px\" \/> <s>Magenta Sport: Martin Piller<\/s><\/p>\n\n\n\n<p><img loading=\"lazy\" decoding=\"async\" width=\"415\" height=\"874\" class=\"wp-image-3656\" style=\"width: 10px\" src=\"http:\/\/kommentatorenblog.de\/wp-content\/uploads\/2020\/09\/shure-55sh-ii-e1601485394796.jpg\" alt=\"\" srcset=\"https:\/\/kommentatorenblog.de\/wp-content\/uploads\/2020\/09\/shure-55sh-ii-e1601485394796.jpg 415w, https:\/\/kommentatorenblog.de\/wp-content\/uploads\/2020\/09\/shure-55sh-ii-e1601485394796-142x300.jpg 142w\" sizes=\"auto, (max-width: 415px) 100vw, 415px\" \/> <s>DAZN: Matthias Naebers<\/s><\/p>\n\n\n\n<hr class=\"wp-block-separator has-css-opacity\"\/>\n\n\n\n<p><strong>2. Bundesliga, 21. Spieltag<\/strong><\/p>\n\n\n\n<p><span style=\"text-decoration: underline\">Freitag, 07. Februar 2025, ab 18.00 Uhr (Sky)<\/span><\/p>\n\n\n\n<p><strong><em>Die Konferenz (18.30 Uhr)<\/em><\/strong><br><img loading=\"lazy\" decoding=\"async\" width=\"415\" height=\"874\" class=\"wp-image-3656\" style=\"width: 10px\" src=\"http:\/\/kommentatorenblog.de\/wp-content\/uploads\/2020\/09\/shure-55sh-ii-e1601485394796.jpg\" alt=\"\" srcset=\"https:\/\/kommentatorenblog.de\/wp-content\/uploads\/2020\/09\/shure-55sh-ii-e1601485394796.jpg 415w, https:\/\/kommentatorenblog.de\/wp-content\/uploads\/2020\/09\/shure-55sh-ii-e1601485394796-142x300.jpg 142w\" sizes=\"auto, (max-width: 415px) 100vw, 415px\" \/> Christian Stra\u00dfburger (Fokus auf PRM-HSV)<\/p>\n\n\n\n<p><strong><em>SC Preu\u00dfen M\u00fcnster &#8211; Hamburger SV (18.30 Uhr)<\/em><\/strong><br><img loading=\"lazy\" decoding=\"async\" width=\"415\" height=\"874\" class=\"wp-image-3656\" style=\"width: 10px\" src=\"http:\/\/kommentatorenblog.de\/wp-content\/uploads\/2020\/09\/shure-55sh-ii-e1601485394796.jpg\" alt=\"\" srcset=\"https:\/\/kommentatorenblog.de\/wp-content\/uploads\/2020\/09\/shure-55sh-ii-e1601485394796.jpg 415w, https:\/\/kommentatorenblog.de\/wp-content\/uploads\/2020\/09\/shure-55sh-ii-e1601485394796-142x300.jpg 142w\" sizes=\"auto, (max-width: 415px) 100vw, 415px\" \/> Roland Evers<\/p>\n\n\n\n<p><strong><em>SpVgg Greuther F\u00fcrth &#8211; SSV Jahn Regensburg (18.30 Uhr)<\/em><\/strong><br><img loading=\"lazy\" decoding=\"async\" width=\"415\" height=\"874\" class=\"wp-image-3656\" style=\"width: 10px\" src=\"http:\/\/kommentatorenblog.de\/wp-content\/uploads\/2020\/09\/shure-55sh-ii-e1601485394796.jpg\" alt=\"\" srcset=\"https:\/\/kommentatorenblog.de\/wp-content\/uploads\/2020\/09\/shure-55sh-ii-e1601485394796.jpg 415w, https:\/\/kommentatorenblog.de\/wp-content\/uploads\/2020\/09\/shure-55sh-ii-e1601485394796-142x300.jpg 142w\" sizes=\"auto, (max-width: 415px) 100vw, 415px\" \/> J\u00fcrgen Schmitz<br>Field-Reporter: Philipp Hinze<\/p>\n\n\n\n<p>Moderation (aus M\u00fcnster): Thomas Wagner, Experte: Torsten Mattuschka<\/p>\n\n\n\n<p><span style=\"text-decoration: underline\">Samstag, 08. Februar<span style=\"text-decoration: underline\"> 2025<\/span>, ab 12.30 Uhr (Sky)<\/span><\/p>\n\n\n\n<p><strong><em>Die Konferenz (13.00 Uhr)<\/em><\/strong><br><img loading=\"lazy\" decoding=\"async\" width=\"415\" height=\"874\" class=\"wp-image-3656\" style=\"width: 10px\" src=\"http:\/\/kommentatorenblog.de\/wp-content\/uploads\/2020\/09\/shure-55sh-ii-e1601485394796.jpg\" alt=\"\" srcset=\"https:\/\/kommentatorenblog.de\/wp-content\/uploads\/2020\/09\/shure-55sh-ii-e1601485394796.jpg 415w, https:\/\/kommentatorenblog.de\/wp-content\/uploads\/2020\/09\/shure-55sh-ii-e1601485394796-142x300.jpg 142w\" sizes=\"auto, (max-width: 415px) 100vw, 415px\" \/> Markus G\u00f6tz (Fokus auf SVD-ELV)<\/p>\n\n\n\n<p><strong><em>SV Darmstadt 98 &#8211; SV Elversberg (13.00 Uhr)<\/em><\/strong><br><img loading=\"lazy\" decoding=\"async\" width=\"415\" height=\"874\" class=\"wp-image-3656\" style=\"width: 10px\" src=\"http:\/\/kommentatorenblog.de\/wp-content\/uploads\/2020\/09\/shure-55sh-ii-e1601485394796.jpg\" alt=\"\" srcset=\"https:\/\/kommentatorenblog.de\/wp-content\/uploads\/2020\/09\/shure-55sh-ii-e1601485394796.jpg 415w, https:\/\/kommentatorenblog.de\/wp-content\/uploads\/2020\/09\/shure-55sh-ii-e1601485394796-142x300.jpg 142w\" sizes=\"auto, (max-width: 415px) 100vw, 415px\" \/> Joachim Hebel<\/p>\n\n\n\n<p><strong><em>1. FC Magdeburg &#8211; 1. FC N\u00fcrnberg <\/em>(<em>13.00 Uhr)<\/em><\/strong><br><img loading=\"lazy\" decoding=\"async\" width=\"415\" height=\"874\" class=\"wp-image-3656\" style=\"width: 10px\" src=\"http:\/\/kommentatorenblog.de\/wp-content\/uploads\/2020\/09\/shure-55sh-ii-e1601485394796.jpg\" alt=\"\" srcset=\"https:\/\/kommentatorenblog.de\/wp-content\/uploads\/2020\/09\/shure-55sh-ii-e1601485394796.jpg 415w, https:\/\/kommentatorenblog.de\/wp-content\/uploads\/2020\/09\/shure-55sh-ii-e1601485394796-142x300.jpg 142w\" sizes=\"auto, (max-width: 415px) 100vw, 415px\" \/> Timo Sch\u00e4fers<br>Field-Reporter: Stefan Hempel<\/p>\n\n\n\n<p><strong><em>SSV Ulm 1846 &#8211; SC Paderborn 07<\/em><\/strong><em><strong> (13.00 Uhr)<\/strong><\/em><br><img loading=\"lazy\" decoding=\"async\" width=\"415\" height=\"874\" class=\"wp-image-3656\" style=\"width: 10px\" src=\"http:\/\/kommentatorenblog.de\/wp-content\/uploads\/2020\/09\/shure-55sh-ii-e1601485394796.jpg\" alt=\"\" srcset=\"https:\/\/kommentatorenblog.de\/wp-content\/uploads\/2020\/09\/shure-55sh-ii-e1601485394796.jpg 415w, https:\/\/kommentatorenblog.de\/wp-content\/uploads\/2020\/09\/shure-55sh-ii-e1601485394796-142x300.jpg 142w\" sizes=\"auto, (max-width: 415px) 100vw, 415px\" \/> J\u00fcrgen Schmitz<br>Field-Reporter: Kerry Hau<\/p>\n\n\n\n<p>Moderation (aus Darmstadt): Hartmut von Kameke<\/p>\n\n\n\n<p><span style=\"text-decoration: underline\">ab 19.30 Uhr (SPORT1) bzw. ab 20.00 Uhr (Sky)<\/span><\/p>\n\n\n\n<p><strong><em>Hertha BSC &#8211; 1. FC Kaiserslautern (20.30 Uhr)<\/em><\/strong><\/p>\n\n\n\n<p><img loading=\"lazy\" decoding=\"async\" width=\"415\" height=\"874\" class=\"wp-image-3656\" style=\"width: 10px\" src=\"http:\/\/kommentatorenblog.de\/wp-content\/uploads\/2020\/09\/shure-55sh-ii-e1601485394796.jpg\" alt=\"\" srcset=\"https:\/\/kommentatorenblog.de\/wp-content\/uploads\/2020\/09\/shure-55sh-ii-e1601485394796.jpg 415w, https:\/\/kommentatorenblog.de\/wp-content\/uploads\/2020\/09\/shure-55sh-ii-e1601485394796-142x300.jpg 142w\" sizes=\"auto, (max-width: 415px) 100vw, 415px\" \/> SPORT1: Oliver Forster, Experte: Martin Harnik<br>Moderation (SPORT1): Ruth Hofmann, Field-Reporter: Fabian Greve<\/p>\n\n\n\n<p><img loading=\"lazy\" decoding=\"async\" width=\"415\" height=\"874\" class=\"wp-image-3656\" style=\"width: 10px\" src=\"http:\/\/kommentatorenblog.de\/wp-content\/uploads\/2020\/09\/shure-55sh-ii-e1601485394796.jpg\" alt=\"\" srcset=\"https:\/\/kommentatorenblog.de\/wp-content\/uploads\/2020\/09\/shure-55sh-ii-e1601485394796.jpg 415w, https:\/\/kommentatorenblog.de\/wp-content\/uploads\/2020\/09\/shure-55sh-ii-e1601485394796-142x300.jpg 142w\" sizes=\"auto, (max-width: 415px) 100vw, 415px\" \/> Sky: Roland Evers, Experte: S\u00f6ren Gonther<br>Moderation (Sky): Max Zielke<\/p>\n\n\n\n<p><span style=\"text-decoration: underline\">Sonntag, 09. Februar<span style=\"text-decoration: underline\"> 2025<\/span>, ab 13.00 Uhr (Sky)<\/span><\/p>\n\n\n\n<p><strong><em>Die Konferenz (13.30 Uhr)<\/em><\/strong><br><img loading=\"lazy\" decoding=\"async\" width=\"415\" height=\"874\" class=\"wp-image-3656\" style=\"width: 10px\" src=\"http:\/\/kommentatorenblog.de\/wp-content\/uploads\/2020\/09\/shure-55sh-ii-e1601485394796.jpg\" alt=\"\" srcset=\"https:\/\/kommentatorenblog.de\/wp-content\/uploads\/2020\/09\/shure-55sh-ii-e1601485394796.jpg 415w, https:\/\/kommentatorenblog.de\/wp-content\/uploads\/2020\/09\/shure-55sh-ii-e1601485394796-142x300.jpg 142w\" sizes=\"auto, (max-width: 415px) 100vw, 415px\" \/> Hannes Herrmann (Fokus auf KOE-S04)<\/p>\n\n\n\n<p><strong><em>1. FC K\u00f6ln &#8211; FC Schalke 04 (13.30 Uhr)<\/em><\/strong><br><img loading=\"lazy\" decoding=\"async\" width=\"415\" height=\"874\" class=\"wp-image-3656\" style=\"width: 10px\" src=\"http:\/\/kommentatorenblog.de\/wp-content\/uploads\/2020\/09\/shure-55sh-ii-e1601485394796.jpg\" alt=\"\" srcset=\"https:\/\/kommentatorenblog.de\/wp-content\/uploads\/2020\/09\/shure-55sh-ii-e1601485394796.jpg 415w, https:\/\/kommentatorenblog.de\/wp-content\/uploads\/2020\/09\/shure-55sh-ii-e1601485394796-142x300.jpg 142w\" sizes=\"auto, (max-width: 415px) 100vw, 415px\" \/> Hansi K\u00fcpper<br>Field-Reporter: Ulli Potofski<\/p>\n\n\n\n<p><strong><em>Karlsruher SC &#8211; Eintracht Braunschweig (13.30 Uhr)<\/em><\/strong><br><img loading=\"lazy\" decoding=\"async\" width=\"415\" height=\"874\" class=\"wp-image-3656\" style=\"width: 10px\" src=\"http:\/\/kommentatorenblog.de\/wp-content\/uploads\/2020\/09\/shure-55sh-ii-e1601485394796.jpg\" alt=\"\" srcset=\"https:\/\/kommentatorenblog.de\/wp-content\/uploads\/2020\/09\/shure-55sh-ii-e1601485394796.jpg 415w, https:\/\/kommentatorenblog.de\/wp-content\/uploads\/2020\/09\/shure-55sh-ii-e1601485394796-142x300.jpg 142w\" sizes=\"auto, (max-width: 415px) 100vw, 415px\" \/> Marcel Meinert<br>Field-Reporter: Marlon Irlbacher<\/p>\n\n\n\n<p><strong><em>Hannover 96 &#8211; Fortuna D\u00fcsseldorf (13.30 Uhr)<\/em><\/strong><br><img loading=\"lazy\" decoding=\"async\" width=\"415\" height=\"874\" class=\"wp-image-3656\" style=\"width: 10px\" src=\"http:\/\/kommentatorenblog.de\/wp-content\/uploads\/2020\/09\/shure-55sh-ii-e1601485394796.jpg\" alt=\"\" srcset=\"https:\/\/kommentatorenblog.de\/wp-content\/uploads\/2020\/09\/shure-55sh-ii-e1601485394796.jpg 415w, https:\/\/kommentatorenblog.de\/wp-content\/uploads\/2020\/09\/shure-55sh-ii-e1601485394796-142x300.jpg 142w\" sizes=\"auto, (max-width: 415px) 100vw, 415px\" \/> Dominik M\u00fcller<br>Field-Reporter: Sven T\u00f6llner<\/p>\n\n\n\n<p>Moderation (aus K\u00f6ln): Yannick Erkenbrecher, Experte: Simon Terodde<\/p>\n\n\n\n<hr class=\"wp-block-separator has-css-opacity\"\/>\n\n\n\n<p><strong>3. Liga, 23. Spieltag<\/strong><\/p>\n\n\n\n<p><span style=\"text-decoration: underline\">Freitag, 07. Februar 2025, ab 18.30 Uhr (Magenta Sport)<\/span><\/p>\n\n\n\n<p><strong><em>SV Sandhausen &#8211; DSC Arminia Bielefeld (19.00 Uhr)<\/em><\/strong><br><img loading=\"lazy\" decoding=\"async\" width=\"415\" height=\"874\" class=\"wp-image-3656\" style=\"width: 10px\" src=\"http:\/\/kommentatorenblog.de\/wp-content\/uploads\/2020\/09\/shure-55sh-ii-e1601485394796.jpg\" alt=\"\" srcset=\"https:\/\/kommentatorenblog.de\/wp-content\/uploads\/2020\/09\/shure-55sh-ii-e1601485394796.jpg 415w, https:\/\/kommentatorenblog.de\/wp-content\/uploads\/2020\/09\/shure-55sh-ii-e1601485394796-142x300.jpg 142w\" sizes=\"auto, (max-width: 415px) 100vw, 415px\" \/> Philip Konrad, Experte: Steven Ruprecht<br>Moderation: Jan L\u00fcdeke<\/p>\n\n\n\n<p><span style=\"text-decoration: underline\">Samstag, 08. Februar 2025, ab 13.30 Uhr (Magenta Sport)<\/span><\/p>\n\n\n\n<p><strong><em>Die Konferenz (14.00 Uhr)<\/em><\/strong><br><img loading=\"lazy\" decoding=\"async\" width=\"415\" height=\"874\" class=\"wp-image-3656\" style=\"width: 10px\" src=\"http:\/\/kommentatorenblog.de\/wp-content\/uploads\/2020\/09\/shure-55sh-ii-e1601485394796.jpg\" alt=\"\" srcset=\"https:\/\/kommentatorenblog.de\/wp-content\/uploads\/2020\/09\/shure-55sh-ii-e1601485394796.jpg 415w, https:\/\/kommentatorenblog.de\/wp-content\/uploads\/2020\/09\/shure-55sh-ii-e1601485394796-142x300.jpg 142w\" sizes=\"auto, (max-width: 415px) 100vw, 415px\" \/> Alexander Klich, Experte: Steven Ruprecht<\/p>\n\n\n\n<p><span style=\"text-decoration: underline\">ab 13.45 Uhr (Magenta Sport)<\/span><\/p>\n\n\n\n<p><strong><em>FC Energie Cottbus &#8211; SV Wehen Wiesbaden (14.00 Uhr)<\/em><\/strong><br><img loading=\"lazy\" decoding=\"async\" width=\"415\" height=\"874\" class=\"wp-image-3656\" style=\"width: 10px\" src=\"http:\/\/kommentatorenblog.de\/wp-content\/uploads\/2020\/09\/shure-55sh-ii-e1601485394796.jpg\" alt=\"\" srcset=\"https:\/\/kommentatorenblog.de\/wp-content\/uploads\/2020\/09\/shure-55sh-ii-e1601485394796.jpg 415w, https:\/\/kommentatorenblog.de\/wp-content\/uploads\/2020\/09\/shure-55sh-ii-e1601485394796-142x300.jpg 142w\" sizes=\"auto, (max-width: 415px) 100vw, 415px\" \/> Benni Zander<br>Moderation: Hannes Jakobi<\/p>\n\n\n\n<p><strong><em>Rot-Weiss Essen &#8211; SpVgg Unterhaching (14.00 Uhr)<\/em><\/strong><br><img loading=\"lazy\" decoding=\"async\" width=\"415\" height=\"874\" class=\"wp-image-3656\" style=\"width: 10px\" src=\"http:\/\/kommentatorenblog.de\/wp-content\/uploads\/2020\/09\/shure-55sh-ii-e1601485394796.jpg\" alt=\"\" srcset=\"https:\/\/kommentatorenblog.de\/wp-content\/uploads\/2020\/09\/shure-55sh-ii-e1601485394796.jpg 415w, https:\/\/kommentatorenblog.de\/wp-content\/uploads\/2020\/09\/shure-55sh-ii-e1601485394796-142x300.jpg 142w\" sizes=\"auto, (max-width: 415px) 100vw, 415px\" \/> Markus H\u00f6hner<br>Moderation: Konstantin Klostermann<\/p>\n\n\n\n<p><em><strong>VfB Stuttgart II &#8211; SG Dynamo Dresden (14.00 Uhr)<\/strong><\/em><br><img loading=\"lazy\" decoding=\"async\" width=\"415\" height=\"874\" class=\"wp-image-3656\" style=\"width: 10px\" src=\"http:\/\/kommentatorenblog.de\/wp-content\/uploads\/2020\/09\/shure-55sh-ii-e1601485394796.jpg\" alt=\"\" srcset=\"https:\/\/kommentatorenblog.de\/wp-content\/uploads\/2020\/09\/shure-55sh-ii-e1601485394796.jpg 415w, https:\/\/kommentatorenblog.de\/wp-content\/uploads\/2020\/09\/shure-55sh-ii-e1601485394796-142x300.jpg 142w\" sizes=\"auto, (max-width: 415px) 100vw, 415px\" \/> Sebastian Ulrich<br>Moderation: Tobi Wahnschaffe<\/p>\n\n\n\n<p><span style=\"text-decoration: underline\">ab 13.45 Uhr (Magenta Sport) bzw. ab 13.58 Uhr (SR\/SWR)<\/span><\/p>\n\n\n\n<p><strong><em>1. FC Saarbr\u00fccken &#8211; SV Waldhof Mannheim (14.00 Uhr)<\/em><\/strong><\/p>\n\n\n\n<p><img loading=\"lazy\" decoding=\"async\" width=\"415\" height=\"874\" class=\"wp-image-3656\" style=\"width: 10px\" src=\"http:\/\/kommentatorenblog.de\/wp-content\/uploads\/2020\/09\/shure-55sh-ii-e1601485394796.jpg\" alt=\"\" srcset=\"https:\/\/kommentatorenblog.de\/wp-content\/uploads\/2020\/09\/shure-55sh-ii-e1601485394796.jpg 415w, https:\/\/kommentatorenblog.de\/wp-content\/uploads\/2020\/09\/shure-55sh-ii-e1601485394796-142x300.jpg 142w\" sizes=\"auto, (max-width: 415px) 100vw, 415px\" \/> Magenta Sport: Christian Stra\u00dfburger<br>Moderation (Magenta Sport): Thomas Wagner<\/p>\n\n\n\n<p><img loading=\"lazy\" decoding=\"async\" width=\"415\" height=\"874\" class=\"wp-image-3656\" style=\"width: 10px\" src=\"http:\/\/kommentatorenblog.de\/wp-content\/uploads\/2020\/09\/shure-55sh-ii-e1601485394796.jpg\" alt=\"\" srcset=\"https:\/\/kommentatorenblog.de\/wp-content\/uploads\/2020\/09\/shure-55sh-ii-e1601485394796.jpg 415w, https:\/\/kommentatorenblog.de\/wp-content\/uploads\/2020\/09\/shure-55sh-ii-e1601485394796-142x300.jpg 142w\" sizes=\"auto, (max-width: 415px) 100vw, 415px\" \/> SR\/SWR: Frank Grundhever<br>Moderation (SR\/SWR): Anne Hilt, Experte: Sebastian Jacob<\/p>\n\n\n\n<p><span style=\"text-decoration: underline\">ab 13.45 Uhr (Magenta Sport) bzw. ab 14.00 Uhr (MDR\/WDR)<\/span><\/p>\n\n\n\n<p><strong><em>FC Erzgebirge Aue &#8211; Alemannia Aachen (14.00 Uhr)<\/em><\/strong><\/p>\n\n\n\n<p><img loading=\"lazy\" decoding=\"async\" width=\"415\" height=\"874\" class=\"wp-image-3656\" style=\"width: 10px\" src=\"http:\/\/kommentatorenblog.de\/wp-content\/uploads\/2020\/09\/shure-55sh-ii-e1601485394796.jpg\" alt=\"\" srcset=\"https:\/\/kommentatorenblog.de\/wp-content\/uploads\/2020\/09\/shure-55sh-ii-e1601485394796.jpg 415w, https:\/\/kommentatorenblog.de\/wp-content\/uploads\/2020\/09\/shure-55sh-ii-e1601485394796-142x300.jpg 142w\" sizes=\"auto, (max-width: 415px) 100vw, 415px\" \/> Magenta Sport: Andreas Mann<br>Moderation (Magenta Sport): Stefanie Blochwitz<\/p>\n\n\n\n<p><img loading=\"lazy\" decoding=\"async\" width=\"415\" height=\"874\" class=\"wp-image-3656\" style=\"width: 10px\" src=\"http:\/\/kommentatorenblog.de\/wp-content\/uploads\/2020\/09\/shure-55sh-ii-e1601485394796.jpg\" alt=\"\" srcset=\"https:\/\/kommentatorenblog.de\/wp-content\/uploads\/2020\/09\/shure-55sh-ii-e1601485394796.jpg 415w, https:\/\/kommentatorenblog.de\/wp-content\/uploads\/2020\/09\/shure-55sh-ii-e1601485394796-142x300.jpg 142w\" sizes=\"auto, (max-width: 415px) 100vw, 415px\" \/> MDR: Markus Herwig, Experte: Lutz Lindemann<br>Moderation (MDR): Ren\u00e9 Kindermann<\/p>\n\n\n\n<p><img loading=\"lazy\" decoding=\"async\" width=\"415\" height=\"874\" class=\"wp-image-3656\" style=\"width: 10px\" src=\"http:\/\/kommentatorenblog.de\/wp-content\/uploads\/2020\/09\/shure-55sh-ii-e1601485394796.jpg\" alt=\"\" srcset=\"https:\/\/kommentatorenblog.de\/wp-content\/uploads\/2020\/09\/shure-55sh-ii-e1601485394796.jpg 415w, https:\/\/kommentatorenblog.de\/wp-content\/uploads\/2020\/09\/shure-55sh-ii-e1601485394796-142x300.jpg 142w\" sizes=\"auto, (max-width: 415px) 100vw, 415px\" \/> WDR: Stefan H\u00e4nsel<\/p>\n\n\n\n<p><span style=\"text-decoration: underline\">ab 16.15 Uhr (Magenta Sport)<\/span><\/p>\n\n\n\n<p><strong><em>TSV 1860 M\u00fcnchen &#8211; FC Ingolstadt 04 (16.30 Uhr)<\/em><\/strong><br><img loading=\"lazy\" decoding=\"async\" width=\"415\" height=\"874\" class=\"wp-image-3656\" style=\"width: 10px\" src=\"http:\/\/kommentatorenblog.de\/wp-content\/uploads\/2020\/09\/shure-55sh-ii-e1601485394796.jpg\" alt=\"\" srcset=\"https:\/\/kommentatorenblog.de\/wp-content\/uploads\/2020\/09\/shure-55sh-ii-e1601485394796.jpg 415w, https:\/\/kommentatorenblog.de\/wp-content\/uploads\/2020\/09\/shure-55sh-ii-e1601485394796-142x300.jpg 142w\" sizes=\"auto, (max-width: 415px) 100vw, 415px\" \/> Martin Piller<br>Moderation: Alexander K\u00fcpper<\/p>\n\n\n\n<p><span style=\"text-decoration: underline\">Sonntag, 09. Februar 2025, ab 13.15 Uhr (Magenta Sport)<\/span><\/p>\n\n\n\n<p><strong><em>FC Hansa Rostock &#8211; FC Viktoria K\u00f6ln (13.30 Uhr)<\/em><\/strong><br><img loading=\"lazy\" decoding=\"async\" width=\"415\" height=\"874\" class=\"wp-image-3656\" style=\"width: 10px\" src=\"http:\/\/kommentatorenblog.de\/wp-content\/uploads\/2020\/09\/shure-55sh-ii-e1601485394796.jpg\" alt=\"\" srcset=\"https:\/\/kommentatorenblog.de\/wp-content\/uploads\/2020\/09\/shure-55sh-ii-e1601485394796.jpg 415w, https:\/\/kommentatorenblog.de\/wp-content\/uploads\/2020\/09\/shure-55sh-ii-e1601485394796-142x300.jpg 142w\" sizes=\"auto, (max-width: 415px) 100vw, 415px\" \/> Mike M\u00fcnkel<br>Moderation: Stefanie Blochwitz<\/p>\n\n\n\n<p><span style=\"text-decoration: underline\">ab 16.15 Uhr (Magenta Sport)<\/span><\/p>\n\n\n\n<p><strong><em>SC Verl &#8211; Hannover 96 II (16.30 Uhr)<\/em><\/strong><br><img loading=\"lazy\" decoding=\"async\" width=\"415\" height=\"874\" class=\"wp-image-3656\" style=\"width: 10px\" src=\"http:\/\/kommentatorenblog.de\/wp-content\/uploads\/2020\/09\/shure-55sh-ii-e1601485394796.jpg\" alt=\"\" srcset=\"https:\/\/kommentatorenblog.de\/wp-content\/uploads\/2020\/09\/shure-55sh-ii-e1601485394796.jpg 415w, https:\/\/kommentatorenblog.de\/wp-content\/uploads\/2020\/09\/shure-55sh-ii-e1601485394796-142x300.jpg 142w\" sizes=\"auto, (max-width: 415px) 100vw, 415px\" \/> Max Giesen<br>Moderation: Kamila Benschop<\/p>\n\n\n\n<p><span style=\"text-decoration: underline\">ab 19.15 Uhr (Magenta Sport)<\/span><\/p>\n\n\n\n<p><strong><em>VfL Osnabr\u00fcck &#8211; Borussia Dortmund II (19.30 Uhr)<\/em><\/strong><br><img loading=\"lazy\" decoding=\"async\" width=\"415\" height=\"874\" class=\"wp-image-3656\" style=\"width: 10px\" src=\"http:\/\/kommentatorenblog.de\/wp-content\/uploads\/2020\/09\/shure-55sh-ii-e1601485394796.jpg\" alt=\"\" srcset=\"https:\/\/kommentatorenblog.de\/wp-content\/uploads\/2020\/09\/shure-55sh-ii-e1601485394796.jpg 415w, https:\/\/kommentatorenblog.de\/wp-content\/uploads\/2020\/09\/shure-55sh-ii-e1601485394796-142x300.jpg 142w\" sizes=\"auto, (max-width: 415px) 100vw, 415px\" \/> Julian Engelhard<br>Moderation: Stefan Fuckert<\/p>\n\n\n\n<hr class=\"wp-block-separator has-alpha-channel-opacity\"\/>\n\n\n\n<p><strong>Regionalliga Nordost, 21. Spieltag<\/strong><\/p>\n\n\n\n<p><span style=\"text-decoration: underline;\">Freitag, 07. Februar 2025, ab 18.45 Uhr (OSTSPORT.TV)<\/span><\/p>\n\n\n\n<p><strong><em>BFC Dynamo &#8211; BSG Chemie Leipzig (<s>19.00<\/s> 19.15 Uhr)<\/em><\/strong><br><img loading=\"lazy\" decoding=\"async\" width=\"415\" height=\"874\" class=\"wp-image-3656\" style=\"width: 10px\" src=\"http:\/\/kommentatorenblog.de\/wp-content\/uploads\/2020\/09\/shure-55sh-ii-e1601485394796.jpg\" alt=\"\" srcset=\"https:\/\/kommentatorenblog.de\/wp-content\/uploads\/2020\/09\/shure-55sh-ii-e1601485394796.jpg 415w, https:\/\/kommentatorenblog.de\/wp-content\/uploads\/2020\/09\/shure-55sh-ii-e1601485394796-142x300.jpg 142w\" sizes=\"auto, (max-width: 415px) 100vw, 415px\" \/> Heiko Mallwitz<br>Moderation: Toni Mielke<\/p>\n\n\n\n<p><span style=\"text-decoration: underline;\">Samstag, 08. Februar 2025 (MDR)<\/span><\/p>\n\n\n\n<p><strong><em>Chemnitzer FC &#8211; FC Carl Zeiss Jena (16.00 Uhr)<\/em><\/strong><br><img loading=\"lazy\" decoding=\"async\" width=\"415\" height=\"874\" class=\"wp-image-3656\" style=\"width: 10px\" src=\"http:\/\/kommentatorenblog.de\/wp-content\/uploads\/2020\/09\/shure-55sh-ii-e1601485394796.jpg\" alt=\"\" srcset=\"https:\/\/kommentatorenblog.de\/wp-content\/uploads\/2020\/09\/shure-55sh-ii-e1601485394796.jpg 415w, https:\/\/kommentatorenblog.de\/wp-content\/uploads\/2020\/09\/shure-55sh-ii-e1601485394796-142x300.jpg 142w\" sizes=\"auto, (max-width: 415px) 100vw, 415px\" \/> Stephan Weidling, Experte: Benjamin Kirsten<br>Moderation: Ren\u00e9 Kindermann<\/p>\n\n\n\n<p><span style=\"text-decoration: underline;\">Sonntag, 09. Februar 2025, ab 12.45 Uhr (MZ.de)<\/span><\/p>\n\n\n\n<p><strong><em>VSG Altglienicke &#8211; Hallescher FC (13.00<\/em><\/strong> <strong><em>Uhr)<\/em><\/strong><br><img loading=\"lazy\" decoding=\"async\" width=\"415\" height=\"874\" class=\"wp-image-3656\" style=\"width: 10px\" src=\"http:\/\/kommentatorenblog.de\/wp-content\/uploads\/2020\/09\/shure-55sh-ii-e1601485394796.jpg\" alt=\"\" srcset=\"https:\/\/kommentatorenblog.de\/wp-content\/uploads\/2020\/09\/shure-55sh-ii-e1601485394796.jpg 415w, https:\/\/kommentatorenblog.de\/wp-content\/uploads\/2020\/09\/shure-55sh-ii-e1601485394796-142x300.jpg 142w\" sizes=\"auto, (max-width: 415px) 100vw, 415px\" \/> Heiko Mallwitz<br>Moderation: Toni Mielke<\/p>\n\n\n\n<hr class=\"wp-block-separator has-alpha-channel-opacity\"\/>\n\n\n\n<p><strong>Regionalliga West, 21. Spieltag (Leagues)<\/strong><\/p>\n\n\n\n<p><span style=\"text-decoration: underline;\">Samstag, 08. Februar 2025<\/span><\/p>\n\n\n\n<p><strong><em>SV Eintracht Hohkeppel &#8211; MSV Duisburg (14.00 Uhr)<\/em><\/strong><br><img loading=\"lazy\" decoding=\"async\" width=\"415\" height=\"874\" class=\"wp-image-3656\" style=\"width: 10px\" src=\"http:\/\/kommentatorenblog.de\/wp-content\/uploads\/2020\/09\/shure-55sh-ii-e1601485394796.jpg\" alt=\"\" srcset=\"https:\/\/kommentatorenblog.de\/wp-content\/uploads\/2020\/09\/shure-55sh-ii-e1601485394796.jpg 415w, https:\/\/kommentatorenblog.de\/wp-content\/uploads\/2020\/09\/shure-55sh-ii-e1601485394796-142x300.jpg 142w\" sizes=\"auto, (max-width: 415px) 100vw, 415px\" \/> Constantin Eckner<\/p>\n\n\n\n<p><strong><em>SC Paderborn 07 II &#8211; Wuppertaler SV (14.00 Uhr)<\/em><\/strong><br><img loading=\"lazy\" decoding=\"async\" width=\"415\" height=\"874\" class=\"wp-image-3656\" style=\"width: 10px\" src=\"http:\/\/kommentatorenblog.de\/wp-content\/uploads\/2020\/09\/shure-55sh-ii-e1601485394796.jpg\" alt=\"\" srcset=\"https:\/\/kommentatorenblog.de\/wp-content\/uploads\/2020\/09\/shure-55sh-ii-e1601485394796.jpg 415w, https:\/\/kommentatorenblog.de\/wp-content\/uploads\/2020\/09\/shure-55sh-ii-e1601485394796-142x300.jpg 142w\" sizes=\"auto, (max-width: 415px) 100vw, 415px\" \/> Marvin Scholz<\/p>\n\n\n\n<p><strong><em>Fortuna D\u00fcsseldorf II &#8211; Borussia M\u00f6nchengladbach II (13.00 Uhr)<\/em><\/strong><br><img loading=\"lazy\" decoding=\"async\" width=\"415\" height=\"874\" class=\"wp-image-3656\" style=\"width: 10px\" src=\"http:\/\/kommentatorenblog.de\/wp-content\/uploads\/2020\/09\/shure-55sh-ii-e1601485394796.jpg\" alt=\"\" srcset=\"https:\/\/kommentatorenblog.de\/wp-content\/uploads\/2020\/09\/shure-55sh-ii-e1601485394796.jpg 415w, https:\/\/kommentatorenblog.de\/wp-content\/uploads\/2020\/09\/shure-55sh-ii-e1601485394796-142x300.jpg 142w\" sizes=\"auto, (max-width: 415px) 100vw, 415px\" \/> Claas Sch\u00f6nfeld<\/p>\n\n\n\n<p><strong><em>SC Wiedenbr\u00fcck &#8211; 1. FC D\u00fcren (14.00 Uhr)<\/em><\/strong><br><img loading=\"lazy\" decoding=\"async\" width=\"415\" height=\"874\" class=\"wp-image-3656\" style=\"width: 10px\" src=\"http:\/\/kommentatorenblog.de\/wp-content\/uploads\/2020\/09\/shure-55sh-ii-e1601485394796.jpg\" alt=\"\" srcset=\"https:\/\/kommentatorenblog.de\/wp-content\/uploads\/2020\/09\/shure-55sh-ii-e1601485394796.jpg 415w, https:\/\/kommentatorenblog.de\/wp-content\/uploads\/2020\/09\/shure-55sh-ii-e1601485394796-142x300.jpg 142w\" sizes=\"auto, (max-width: 415px) 100vw, 415px\" \/> Noah Kersting<\/p>\n\n\n\n<p><strong><em>FC Schalke 04 II &#8211; 1. FC Bocholt (14.00 Uhr)<\/em><\/strong><br><img loading=\"lazy\" decoding=\"async\" width=\"415\" height=\"874\" class=\"wp-image-3656\" style=\"width: 10px\" src=\"http:\/\/kommentatorenblog.de\/wp-content\/uploads\/2020\/09\/shure-55sh-ii-e1601485394796.jpg\" alt=\"\" srcset=\"https:\/\/kommentatorenblog.de\/wp-content\/uploads\/2020\/09\/shure-55sh-ii-e1601485394796.jpg 415w, https:\/\/kommentatorenblog.de\/wp-content\/uploads\/2020\/09\/shure-55sh-ii-e1601485394796-142x300.jpg 142w\" sizes=\"auto, (max-width: 415px) 100vw, 415px\" \/> Marc Rohde<\/p>\n\n\n\n<p><strong><em>KFC Uerdingen 05 &#8211; SV R\u00f6dinghausen (14.00 Uhr)<\/em><\/strong><br><img loading=\"lazy\" decoding=\"async\" width=\"415\" height=\"874\" class=\"wp-image-3656\" style=\"width: 10px\" src=\"http:\/\/kommentatorenblog.de\/wp-content\/uploads\/2020\/09\/shure-55sh-ii-e1601485394796.jpg\" alt=\"\" srcset=\"https:\/\/kommentatorenblog.de\/wp-content\/uploads\/2020\/09\/shure-55sh-ii-e1601485394796.jpg 415w, https:\/\/kommentatorenblog.de\/wp-content\/uploads\/2020\/09\/shure-55sh-ii-e1601485394796-142x300.jpg 142w\" sizes=\"auto, (max-width: 415px) 100vw, 415px\" \/> Stefan Sander<\/p>\n\n\n\n<p><strong><em>T\u00fcrkspor Dortmund &#8211; FC G\u00fctersloh (14.00 Uhr)<\/em><\/strong><br><img loading=\"lazy\" decoding=\"async\" width=\"415\" height=\"874\" class=\"wp-image-3656\" style=\"width: 10px\" src=\"http:\/\/kommentatorenblog.de\/wp-content\/uploads\/2020\/09\/shure-55sh-ii-e1601485394796.jpg\" alt=\"\" srcset=\"https:\/\/kommentatorenblog.de\/wp-content\/uploads\/2020\/09\/shure-55sh-ii-e1601485394796.jpg 415w, https:\/\/kommentatorenblog.de\/wp-content\/uploads\/2020\/09\/shure-55sh-ii-e1601485394796-142x300.jpg 142w\" sizes=\"auto, (max-width: 415px) 100vw, 415px\" \/> Marius H\u00fcttmann<\/p>\n\n\n\n<p><strong><em>SC Rot-Wei\u00df Oberhausen &#8211; VfL Sportfreunde Lotte (14.00 Uhr)<\/em><\/strong><br><img loading=\"lazy\" decoding=\"async\" width=\"415\" height=\"874\" class=\"wp-image-3656\" style=\"width: 10px\" src=\"http:\/\/kommentatorenblog.de\/wp-content\/uploads\/2020\/09\/shure-55sh-ii-e1601485394796.jpg\" alt=\"\" srcset=\"https:\/\/kommentatorenblog.de\/wp-content\/uploads\/2020\/09\/shure-55sh-ii-e1601485394796.jpg 415w, https:\/\/kommentatorenblog.de\/wp-content\/uploads\/2020\/09\/shure-55sh-ii-e1601485394796-142x300.jpg 142w\" sizes=\"auto, (max-width: 415px) 100vw, 415px\" \/> Sven Lesser<\/p>\n\n\n\n<p><span style=\"text-decoration: underline;\">Sonntag, 09. Februar 2025<\/span><\/p>\n\n\n\n<p><strong><em>SC Fortuna K\u00f6ln &#8211; 1. FC K\u00f6ln II (14.00 Uhr)<\/em><\/strong><br><img loading=\"lazy\" decoding=\"async\" width=\"415\" height=\"874\" class=\"wp-image-3656\" style=\"width: 10px\" src=\"http:\/\/kommentatorenblog.de\/wp-content\/uploads\/2020\/09\/shure-55sh-ii-e1601485394796.jpg\" alt=\"\" srcset=\"https:\/\/kommentatorenblog.de\/wp-content\/uploads\/2020\/09\/shure-55sh-ii-e1601485394796.jpg 415w, https:\/\/kommentatorenblog.de\/wp-content\/uploads\/2020\/09\/shure-55sh-ii-e1601485394796-142x300.jpg 142w\" sizes=\"auto, (max-width: 415px) 100vw, 415px\" \/> Kai Esser<\/p>\n\n\n\n<hr class=\"wp-block-separator has-alpha-channel-opacity\"\/>\n\n\n\n<p><strong>2. Frauen-Bundesliga, 14. Spieltag (Sporttotal)<\/strong><\/p>\n\n\n\n<p><span style=\"text-decoration: underline;\">Samstag, 08. Februar 2025<\/span><\/p>\n\n\n\n<p><strong><em>Hamburger SV &#8211; 1. FC Union Berlin (14.00 Uhr)<\/em><\/strong><br><img loading=\"lazy\" decoding=\"async\" width=\"415\" height=\"874\" class=\"wp-image-3656\" style=\"width: 10px\" src=\"http:\/\/kommentatorenblog.de\/wp-content\/uploads\/2020\/09\/shure-55sh-ii-e1601485394796.jpg\" alt=\"\" srcset=\"https:\/\/kommentatorenblog.de\/wp-content\/uploads\/2020\/09\/shure-55sh-ii-e1601485394796.jpg 415w, https:\/\/kommentatorenblog.de\/wp-content\/uploads\/2020\/09\/shure-55sh-ii-e1601485394796-142x300.jpg 142w\" sizes=\"auto, (max-width: 415px) 100vw, 415px\" \/> <s>Aaron Glock<\/s> Till Kleindiek<\/p>\n\n\n\n<p><span style=\"text-decoration: underline;\">Sonntag, 09. Februar 2025<\/span><\/p>\n\n\n\n<p><strong><em>SV Meppen &#8211; SV 67 Weinberg (11.00 Uhr)<\/em><\/strong><br><img loading=\"lazy\" decoding=\"async\" width=\"415\" height=\"874\" class=\"wp-image-3656\" style=\"width: 10px\" src=\"http:\/\/kommentatorenblog.de\/wp-content\/uploads\/2020\/09\/shure-55sh-ii-e1601485394796.jpg\" alt=\"\" srcset=\"https:\/\/kommentatorenblog.de\/wp-content\/uploads\/2020\/09\/shure-55sh-ii-e1601485394796.jpg 415w, https:\/\/kommentatorenblog.de\/wp-content\/uploads\/2020\/09\/shure-55sh-ii-e1601485394796-142x300.jpg 142w\" sizes=\"auto, (max-width: 415px) 100vw, 415px\" \/> Lucas Gebhardt<\/p>\n\n\n\n<p><strong><em>VfL Bochum &#8211; FC Bayern M\u00fcnchen II (11.00 Uhr)<\/em><\/strong><br><img loading=\"lazy\" decoding=\"async\" width=\"415\" height=\"874\" class=\"wp-image-3656\" style=\"width: 10px\" src=\"http:\/\/kommentatorenblog.de\/wp-content\/uploads\/2020\/09\/shure-55sh-ii-e1601485394796.jpg\" alt=\"\" srcset=\"https:\/\/kommentatorenblog.de\/wp-content\/uploads\/2020\/09\/shure-55sh-ii-e1601485394796.jpg 415w, https:\/\/kommentatorenblog.de\/wp-content\/uploads\/2020\/09\/shure-55sh-ii-e1601485394796-142x300.jpg 142w\" sizes=\"auto, (max-width: 415px) 100vw, 415px\" \/> Malik Miles Fengler<\/p>\n\n\n\n<p><strong><em>1. FC N\u00fcrnberg &#8211; FC Ingolstadt 04 (14.00 Uhr)<\/em><\/strong><br><img loading=\"lazy\" decoding=\"async\" width=\"415\" height=\"874\" class=\"wp-image-3656\" style=\"width: 10px\" src=\"http:\/\/kommentatorenblog.de\/wp-content\/uploads\/2020\/09\/shure-55sh-ii-e1601485394796.jpg\" alt=\"\" srcset=\"https:\/\/kommentatorenblog.de\/wp-content\/uploads\/2020\/09\/shure-55sh-ii-e1601485394796.jpg 415w, https:\/\/kommentatorenblog.de\/wp-content\/uploads\/2020\/09\/shure-55sh-ii-e1601485394796-142x300.jpg 142w\" sizes=\"auto, (max-width: 415px) 100vw, 415px\" \/> Florian Diettrich<\/p>\n\n\n\n<p><strong><em>SG 99 Andernach &#8211; Borussia M\u00f6nchengladbach (14.00 Uhr)<\/em><\/strong><br><img loading=\"lazy\" decoding=\"async\" width=\"415\" height=\"874\" class=\"wp-image-3656\" style=\"width: 10px\" src=\"http:\/\/kommentatorenblog.de\/wp-content\/uploads\/2020\/09\/shure-55sh-ii-e1601485394796.jpg\" alt=\"\" srcset=\"https:\/\/kommentatorenblog.de\/wp-content\/uploads\/2020\/09\/shure-55sh-ii-e1601485394796.jpg 415w, https:\/\/kommentatorenblog.de\/wp-content\/uploads\/2020\/09\/shure-55sh-ii-e1601485394796-142x300.jpg 142w\" sizes=\"auto, (max-width: 415px) 100vw, 415px\" \/> Constantin Eckner<\/p>\n\n\n\n<p><strong><em>SC Sand &#8211; FSV G\u00fctersloh (14.00 Uhr)<\/em><\/strong><br><img loading=\"lazy\" decoding=\"async\" width=\"415\" height=\"874\" class=\"wp-image-3656\" style=\"width: 10px\" src=\"http:\/\/kommentatorenblog.de\/wp-content\/uploads\/2020\/09\/shure-55sh-ii-e1601485394796.jpg\" alt=\"\" srcset=\"https:\/\/kommentatorenblog.de\/wp-content\/uploads\/2020\/09\/shure-55sh-ii-e1601485394796.jpg 415w, https:\/\/kommentatorenblog.de\/wp-content\/uploads\/2020\/09\/shure-55sh-ii-e1601485394796-142x300.jpg 142w\" sizes=\"auto, (max-width: 415px) 100vw, 415px\" \/> <s>Till Kleindiek<\/s> Aaron Glock<\/p>\n\n\n\n<p><s><strong><em>SC Freiburg II &#8211; Eintracht Frankfurt II (14.00 Uhr)<\/em><\/strong><br><img loading=\"lazy\" decoding=\"async\" width=\"415\" height=\"874\" class=\"wp-image-3656\" style=\"width: 10px\" src=\"http:\/\/kommentatorenblog.de\/wp-content\/uploads\/2020\/09\/shure-55sh-ii-e1601485394796.jpg\" alt=\"\" srcset=\"https:\/\/kommentatorenblog.de\/wp-content\/uploads\/2020\/09\/shure-55sh-ii-e1601485394796.jpg 415w, https:\/\/kommentatorenblog.de\/wp-content\/uploads\/2020\/09\/shure-55sh-ii-e1601485394796-142x300.jpg 142w\" sizes=\"auto, (max-width: 415px) 100vw, 415px\" \/> Fabian Moers<\/s><\/p>\n\n\n\n<hr class=\"wp-block-separator has-alpha-channel-opacity\"\/>\n\n\n\n<p><strong>U19-DFB-Nachwuchsliga, Hauptrunde, 2. Spieltag (Sky\/sport.sky.de)<\/strong><\/p>\n\n\n\n<p><span style=\"text-decoration: underline;\">Sonntag, 09. Februar 2025<\/span><\/p>\n\n\n\n<p><strong><em>Borussia M\u00f6nchengladbach U19 &#8211; TSV 1860 M\u00fcnchen U19 (11.00 Uhr)<\/em><\/strong><br><img loading=\"lazy\" decoding=\"async\" width=\"415\" height=\"874\" class=\"wp-image-3656\" style=\"width: 10px\" src=\"http:\/\/kommentatorenblog.de\/wp-content\/uploads\/2020\/09\/shure-55sh-ii-e1601485394796.jpg\" alt=\"\" srcset=\"https:\/\/kommentatorenblog.de\/wp-content\/uploads\/2020\/09\/shure-55sh-ii-e1601485394796.jpg 415w, https:\/\/kommentatorenblog.de\/wp-content\/uploads\/2020\/09\/shure-55sh-ii-e1601485394796-142x300.jpg 142w\" sizes=\"auto, (max-width: 415px) 100vw, 415px\" \/> Timo Sch\u00e4fers<\/p>\n\n\n\n<hr class=\"wp-block-separator has-css-opacity\"\/>\n\n\n\n<p><strong>LaLiga, 23. Spieltag (DAZN)<\/strong><\/p>\n\n\n\n<p><span style=\"text-decoration: underline;\">Samstag, 08. Februar 2025<\/span><\/p>\n\n\n\n<p><strong><em>Athletic Bilbao &#8211; FC Girona (16.15 Uhr)<\/em><\/strong><br><img loading=\"lazy\" decoding=\"async\" width=\"415\" height=\"874\" class=\"wp-image-3656\" style=\"width: 10px\" src=\"http:\/\/kommentatorenblog.de\/wp-content\/uploads\/2020\/09\/shure-55sh-ii-e1601485394796.jpg\" alt=\"\" srcset=\"https:\/\/kommentatorenblog.de\/wp-content\/uploads\/2020\/09\/shure-55sh-ii-e1601485394796.jpg 415w, https:\/\/kommentatorenblog.de\/wp-content\/uploads\/2020\/09\/shure-55sh-ii-e1601485394796-142x300.jpg 142w\" sizes=\"auto, (max-width: 415px) 100vw, 415px\" \/> Uwe Morawe<\/p>\n\n\n\n<p><span style=\"text-decoration: underline;\">ab 20.40 Uhr<\/span><\/p>\n\n\n\n<p><strong><em>Real Madrid &#8211; Atletico Madrid (21.00 Uhr)<\/em><\/strong><br><img loading=\"lazy\" decoding=\"async\" width=\"415\" height=\"874\" class=\"wp-image-3656\" style=\"width: 10px\" src=\"http:\/\/kommentatorenblog.de\/wp-content\/uploads\/2020\/09\/shure-55sh-ii-e1601485394796.jpg\" alt=\"\" srcset=\"https:\/\/kommentatorenblog.de\/wp-content\/uploads\/2020\/09\/shure-55sh-ii-e1601485394796.jpg 415w, https:\/\/kommentatorenblog.de\/wp-content\/uploads\/2020\/09\/shure-55sh-ii-e1601485394796-142x300.jpg 142w\" sizes=\"auto, (max-width: 415px) 100vw, 415px\" \/> Jan Platte, Experte: Max Nicu<br>Moderation: Andres Veredas<\/p>\n\n\n\n<p><span style=\"text-decoration: underline;\">Sonntag, 09. Februar 2025<\/span><\/p>\n\n\n\n<p><strong><em>Real Sociedad &#8211; Espanyol Barcelona (18.30 Uhr)<\/em><\/strong><br><img loading=\"lazy\" decoding=\"async\" width=\"415\" height=\"874\" class=\"wp-image-3656\" style=\"width: 10px\" src=\"http:\/\/kommentatorenblog.de\/wp-content\/uploads\/2020\/09\/shure-55sh-ii-e1601485394796.jpg\" alt=\"\" srcset=\"https:\/\/kommentatorenblog.de\/wp-content\/uploads\/2020\/09\/shure-55sh-ii-e1601485394796.jpg 415w, https:\/\/kommentatorenblog.de\/wp-content\/uploads\/2020\/09\/shure-55sh-ii-e1601485394796-142x300.jpg 142w\" sizes=\"auto, (max-width: 415px) 100vw, 415px\" \/> Marcel Seufert<\/p>\n\n\n\n<p><strong><em>FC Sevilla &#8211; FC Barcelona (21.00 Uhr)<\/em><\/strong><br><img loading=\"lazy\" decoding=\"async\" width=\"415\" height=\"874\" class=\"wp-image-3656\" style=\"width: 10px\" src=\"http:\/\/kommentatorenblog.de\/wp-content\/uploads\/2020\/09\/shure-55sh-ii-e1601485394796.jpg\" alt=\"\" srcset=\"https:\/\/kommentatorenblog.de\/wp-content\/uploads\/2020\/09\/shure-55sh-ii-e1601485394796.jpg 415w, https:\/\/kommentatorenblog.de\/wp-content\/uploads\/2020\/09\/shure-55sh-ii-e1601485394796-142x300.jpg 142w\" sizes=\"auto, (max-width: 415px) 100vw, 415px\" \/> David Ploch, Experte: Benny Lauth<\/p>\n\n\n\n<hr class=\"wp-block-separator has-css-opacity\"\/>\n\n\n\n<p><strong>Serie A, 24. Spieltag (DAZN)<\/strong><\/p>\n\n\n\n<p><span style=\"text-decoration: underline;\">Freitag, 07. Februar 2025<\/span><\/p>\n\n\n\n<p><strong><em>Como 1907 &#8211; Juventus Turin (20.45 Uhr)<\/em><\/strong><br><img loading=\"lazy\" decoding=\"async\" width=\"415\" height=\"874\" class=\"wp-image-3656\" style=\"width: 10px\" src=\"http:\/\/kommentatorenblog.de\/wp-content\/uploads\/2020\/09\/shure-55sh-ii-e1601485394796.jpg\" alt=\"\" srcset=\"https:\/\/kommentatorenblog.de\/wp-content\/uploads\/2020\/09\/shure-55sh-ii-e1601485394796.jpg 415w, https:\/\/kommentatorenblog.de\/wp-content\/uploads\/2020\/09\/shure-55sh-ii-e1601485394796-142x300.jpg 142w\" sizes=\"auto, (max-width: 415px) 100vw, 415px\" \/> Oliver Fa\u00dfnacht<\/p>\n\n\n\n<p><span style=\"text-decoration: underline;\">Samstag, 08. Februar 2025<\/span><\/p>\n\n\n\n<p><strong><em>Hellas Verona &#8211; Atalanta Bergamo (15.00 Uhr)<\/em><\/strong><br><img loading=\"lazy\" decoding=\"async\" width=\"415\" height=\"874\" class=\"wp-image-3656\" style=\"width: 10px\" src=\"http:\/\/kommentatorenblog.de\/wp-content\/uploads\/2020\/09\/shure-55sh-ii-e1601485394796.jpg\" alt=\"\" srcset=\"https:\/\/kommentatorenblog.de\/wp-content\/uploads\/2020\/09\/shure-55sh-ii-e1601485394796.jpg 415w, https:\/\/kommentatorenblog.de\/wp-content\/uploads\/2020\/09\/shure-55sh-ii-e1601485394796-142x300.jpg 142w\" sizes=\"auto, (max-width: 415px) 100vw, 415px\" \/> Lukas Flottmeyer<\/p>\n\n\n\n<p><strong><em>FC Empoli &#8211; AC Mailand (18.00 Uhr)<\/em><\/strong><br><img loading=\"lazy\" decoding=\"async\" width=\"415\" height=\"874\" class=\"wp-image-3656\" style=\"width: 10px\" src=\"http:\/\/kommentatorenblog.de\/wp-content\/uploads\/2020\/09\/shure-55sh-ii-e1601485394796.jpg\" alt=\"\" srcset=\"https:\/\/kommentatorenblog.de\/wp-content\/uploads\/2020\/09\/shure-55sh-ii-e1601485394796.jpg 415w, https:\/\/kommentatorenblog.de\/wp-content\/uploads\/2020\/09\/shure-55sh-ii-e1601485394796-142x300.jpg 142w\" sizes=\"auto, (max-width: 415px) 100vw, 415px\" \/> Andreas Renner<\/p>\n\n\n\n<p><span style=\"text-decoration: underline;\">Sonntag, 09. Februar 2025<\/span><\/p>\n\n\n\n<p><strong><em>SSC Neapel &#8211; Udinese Calcio (20.45 Uhr)<\/em><\/strong><br><img loading=\"lazy\" decoding=\"async\" width=\"415\" height=\"874\" class=\"wp-image-3656\" style=\"width: 10px\" src=\"http:\/\/kommentatorenblog.de\/wp-content\/uploads\/2020\/09\/shure-55sh-ii-e1601485394796.jpg\" alt=\"\" srcset=\"https:\/\/kommentatorenblog.de\/wp-content\/uploads\/2020\/09\/shure-55sh-ii-e1601485394796.jpg 415w, https:\/\/kommentatorenblog.de\/wp-content\/uploads\/2020\/09\/shure-55sh-ii-e1601485394796-142x300.jpg 142w\" sizes=\"auto, (max-width: 415px) 100vw, 415px\" \/> Carsten Fu\u00df<\/p>\n\n\n\n<p><span style=\"text-decoration: underline;\">Montag, 10. Februar 2025<\/span><\/p>\n\n\n\n<p><strong><em>Inter Mailand &#8211; AC Florenz (20.45 Uhr)<\/em><\/strong><br><img loading=\"lazy\" decoding=\"async\" width=\"415\" height=\"874\" class=\"wp-image-3656\" style=\"width: 10px\" src=\"http:\/\/kommentatorenblog.de\/wp-content\/uploads\/2020\/09\/shure-55sh-ii-e1601485394796.jpg\" alt=\"\" srcset=\"https:\/\/kommentatorenblog.de\/wp-content\/uploads\/2020\/09\/shure-55sh-ii-e1601485394796.jpg 415w, https:\/\/kommentatorenblog.de\/wp-content\/uploads\/2020\/09\/shure-55sh-ii-e1601485394796-142x300.jpg 142w\" sizes=\"auto, (max-width: 415px) 100vw, 415px\" \/> Mario Rieker<\/p>\n\n\n\n<hr class=\"wp-block-separator has-css-opacity\"\/>\n\n\n\n<p><strong>Ligue 1, 21. Spieltag (DAZN)<\/strong><\/p>\n\n\n\n<p><span style=\"text-decoration: underline;\">Freitag, 07. Februar 2025<\/span><\/p>\n\n\n\n<p><strong><em>Paris Saint-Germain &#8211; AS Monaco (21.05 Uhr)<\/em><\/strong><br><img loading=\"lazy\" decoding=\"async\" width=\"415\" height=\"874\" class=\"wp-image-3656\" style=\"width: 10px\" src=\"http:\/\/kommentatorenblog.de\/wp-content\/uploads\/2020\/09\/shure-55sh-ii-e1601485394796.jpg\" alt=\"\" srcset=\"https:\/\/kommentatorenblog.de\/wp-content\/uploads\/2020\/09\/shure-55sh-ii-e1601485394796.jpg 415w, https:\/\/kommentatorenblog.de\/wp-content\/uploads\/2020\/09\/shure-55sh-ii-e1601485394796-142x300.jpg 142w\" sizes=\"auto, (max-width: 415px) 100vw, 415px\" \/> Chris Putz<\/p>\n\n\n\n<p><span style=\"text-decoration: underline;\">Samstag, 08. Februar 2025<\/span><\/p>\n\n\n\n<p><strong><em>OGC Nizza &#8211; RC Lens (17.00 Uhr)<\/em><\/strong><br><img loading=\"lazy\" decoding=\"async\" width=\"415\" height=\"874\" class=\"wp-image-3656\" style=\"width: 10px\" src=\"http:\/\/kommentatorenblog.de\/wp-content\/uploads\/2020\/09\/shure-55sh-ii-e1601485394796.jpg\" alt=\"\" srcset=\"https:\/\/kommentatorenblog.de\/wp-content\/uploads\/2020\/09\/shure-55sh-ii-e1601485394796.jpg 415w, https:\/\/kommentatorenblog.de\/wp-content\/uploads\/2020\/09\/shure-55sh-ii-e1601485394796-142x300.jpg 142w\" sizes=\"auto, (max-width: 415px) 100vw, 415px\" \/> Stefan Galler<\/p>\n\n\n\n<hr class=\"wp-block-separator has-css-opacity\"\/>\n\n\n\n<p><strong>Primeira Liga, 21. Spieltag (Sportdigital)<\/strong><\/p>\n\n\n\n<p><span style=\"text-decoration: underline;\">Freitag, 07. Februar 2025<\/span><\/p>\n\n\n\n<p><strong><em>FC Porto &#8211; Sporting Lissabon (21.15 Uhr)<\/em><\/strong><br><img loading=\"lazy\" decoding=\"async\" width=\"415\" height=\"874\" class=\"wp-image-3656\" style=\"width: 10px\" src=\"http:\/\/kommentatorenblog.de\/wp-content\/uploads\/2020\/09\/shure-55sh-ii-e1601485394796.jpg\" alt=\"\" srcset=\"https:\/\/kommentatorenblog.de\/wp-content\/uploads\/2020\/09\/shure-55sh-ii-e1601485394796.jpg 415w, https:\/\/kommentatorenblog.de\/wp-content\/uploads\/2020\/09\/shure-55sh-ii-e1601485394796-142x300.jpg 142w\" sizes=\"auto, (max-width: 415px) 100vw, 415px\" \/> Christian Blunck<\/p>\n\n\n\n<p><span style=\"text-decoration: underline;\">Sonntag, 09. Februar 2025<\/span><\/p>\n\n\n\n<p><strong><em>SC Braga &#8211; FC Gil Vicente (19.00 Uhr)<\/em><\/strong><br><img loading=\"lazy\" decoding=\"async\" width=\"415\" height=\"874\" class=\"wp-image-3656\" style=\"width: 10px\" src=\"http:\/\/kommentatorenblog.de\/wp-content\/uploads\/2020\/09\/shure-55sh-ii-e1601485394796.jpg\" alt=\"\" srcset=\"https:\/\/kommentatorenblog.de\/wp-content\/uploads\/2020\/09\/shure-55sh-ii-e1601485394796.jpg 415w, https:\/\/kommentatorenblog.de\/wp-content\/uploads\/2020\/09\/shure-55sh-ii-e1601485394796-142x300.jpg 142w\" sizes=\"auto, (max-width: 415px) 100vw, 415px\" \/> Moritz Knorr<\/p>\n\n\n\n<hr class=\"wp-block-separator has-css-opacity\"\/>\n\n\n\n<p><strong>Eredivisie, 22. Spieltag (Sportdigital)<\/strong><\/p>\n\n\n\n<p><span style=\"text-decoration: underline;\">Samstag, 08. Februar 2025<\/span><\/p>\n\n\n\n<p><strong><em>PSV Eindhoven &#8211; Willem II Tilburg (18.45 Uhr)<\/em><\/strong><br><img loading=\"lazy\" decoding=\"async\" width=\"415\" height=\"874\" class=\"wp-image-3656\" style=\"width: 10px\" src=\"http:\/\/kommentatorenblog.de\/wp-content\/uploads\/2020\/09\/shure-55sh-ii-e1601485394796.jpg\" alt=\"\" srcset=\"https:\/\/kommentatorenblog.de\/wp-content\/uploads\/2020\/09\/shure-55sh-ii-e1601485394796.jpg 415w, https:\/\/kommentatorenblog.de\/wp-content\/uploads\/2020\/09\/shure-55sh-ii-e1601485394796-142x300.jpg 142w\" sizes=\"auto, (max-width: 415px) 100vw, 415px\" \/> Jonathan Dreier<\/p>\n\n\n\n<p><strong><em>Feyenoord Rotterdam &#8211; Sparta Rotterdam (21.00 Uhr)<\/em><\/strong><br><img loading=\"lazy\" decoding=\"async\" width=\"415\" height=\"874\" class=\"wp-image-3656\" style=\"width: 10px\" src=\"http:\/\/kommentatorenblog.de\/wp-content\/uploads\/2020\/09\/shure-55sh-ii-e1601485394796.jpg\" alt=\"\" srcset=\"https:\/\/kommentatorenblog.de\/wp-content\/uploads\/2020\/09\/shure-55sh-ii-e1601485394796.jpg 415w, https:\/\/kommentatorenblog.de\/wp-content\/uploads\/2020\/09\/shure-55sh-ii-e1601485394796-142x300.jpg 142w\" sizes=\"auto, (max-width: 415px) 100vw, 415px\" \/> Marvin Kirsch<\/p>\n\n\n\n<p><span style=\"text-decoration: underline;\">Sonntag, 09. Februar 2025<\/span><\/p>\n\n\n\n<p><strong><em>Fortuna Sittard &#8211; Ajax Amsterdam (14.30 Uhr)<\/em><\/strong><br><img loading=\"lazy\" decoding=\"async\" width=\"415\" height=\"874\" class=\"wp-image-3656\" style=\"width: 10px\" src=\"http:\/\/kommentatorenblog.de\/wp-content\/uploads\/2020\/09\/shure-55sh-ii-e1601485394796.jpg\" alt=\"\" srcset=\"https:\/\/kommentatorenblog.de\/wp-content\/uploads\/2020\/09\/shure-55sh-ii-e1601485394796.jpg 415w, https:\/\/kommentatorenblog.de\/wp-content\/uploads\/2020\/09\/shure-55sh-ii-e1601485394796-142x300.jpg 142w\" sizes=\"auto, (max-width: 415px) 100vw, 415px\" \/> J\u00f6rg Steiger<\/p>\n\n\n\n<p><strong><em>AZ Alkmaar &#8211; PEC Zwolle (16.45 Uhr)<\/em><\/strong><br><img loading=\"lazy\" decoding=\"async\" width=\"415\" height=\"874\" class=\"wp-image-3656\" style=\"width: 10px\" src=\"http:\/\/kommentatorenblog.de\/wp-content\/uploads\/2020\/09\/shure-55sh-ii-e1601485394796.jpg\" alt=\"\" srcset=\"https:\/\/kommentatorenblog.de\/wp-content\/uploads\/2020\/09\/shure-55sh-ii-e1601485394796.jpg 415w, https:\/\/kommentatorenblog.de\/wp-content\/uploads\/2020\/09\/shure-55sh-ii-e1601485394796-142x300.jpg 142w\" sizes=\"auto, (max-width: 415px) 100vw, 415px\" \/> Martin Hahn<\/p>\n\n\n\n<hr class=\"wp-block-separator has-css-opacity\"\/>\n\n\n\n<p><strong>Division 1A, 25. Spieltag (Sportdigital)<\/strong><\/p>\n\n\n\n<p><span style=\"text-decoration: underline;\">Sonntag, 09. Februar 2025<\/span><\/p>\n\n\n\n<p><strong><em>RSC Anderlecht &#8211; Royal Antwerpen (13.30 Uhr)<\/em><\/strong><br><img loading=\"lazy\" decoding=\"async\" width=\"415\" height=\"874\" class=\"wp-image-3656\" style=\"width: 10px\" src=\"http:\/\/kommentatorenblog.de\/wp-content\/uploads\/2020\/09\/shure-55sh-ii-e1601485394796.jpg\" alt=\"\" srcset=\"https:\/\/kommentatorenblog.de\/wp-content\/uploads\/2020\/09\/shure-55sh-ii-e1601485394796.jpg 415w, https:\/\/kommentatorenblog.de\/wp-content\/uploads\/2020\/09\/shure-55sh-ii-e1601485394796-142x300.jpg 142w\" sizes=\"auto, (max-width: 415px) 100vw, 415px\" \/> Tim Hemmrich<\/p>\n\n\n\n<hr class=\"wp-block-separator has-alpha-channel-opacity\"\/>\n\n\n\n<p><strong>1. \u010desk\u00e1 fotbalov\u00e1 liga, 21. Spieltag (Sportdigital)<\/strong><\/p>\n\n\n\n<p><span style=\"text-decoration: underline;\">Samstag, 08. Februar 2025<\/span><\/p>\n\n\n\n<p><strong><em>FK Pardubice &#8211; Slavia Prag (16.00 Uhr)<\/em><\/strong><br><img loading=\"lazy\" decoding=\"async\" width=\"415\" height=\"874\" class=\"wp-image-3656\" style=\"width: 10px\" src=\"http:\/\/kommentatorenblog.de\/wp-content\/uploads\/2020\/09\/shure-55sh-ii-e1601485394796.jpg\" alt=\"\" srcset=\"https:\/\/kommentatorenblog.de\/wp-content\/uploads\/2020\/09\/shure-55sh-ii-e1601485394796.jpg 415w, https:\/\/kommentatorenblog.de\/wp-content\/uploads\/2020\/09\/shure-55sh-ii-e1601485394796-142x300.jpg 142w\" sizes=\"auto, (max-width: 415px) 100vw, 415px\" \/> Marcus Radefeld<\/p>\n\n\n\n<hr class=\"wp-block-separator has-alpha-channel-opacity\"\/>\n\n\n\n<p><strong>Liga Profesional, 4. Spieltag (Sportdigital)<\/strong><\/p>\n\n\n\n<p><span style=\"text-decoration: underline;\">Sonntag, 09. Februar 2025<\/span><\/p>\n\n\n\n<p><strong><em>CA River Plate &#8211; CA Independiente (00.15 Uhr)<\/em><\/strong><br><img loading=\"lazy\" decoding=\"async\" width=\"415\" height=\"874\" class=\"wp-image-3656\" style=\"width: 10px\" src=\"http:\/\/kommentatorenblog.de\/wp-content\/uploads\/2020\/09\/shure-55sh-ii-e1601485394796.jpg\" alt=\"\" srcset=\"https:\/\/kommentatorenblog.de\/wp-content\/uploads\/2020\/09\/shure-55sh-ii-e1601485394796.jpg 415w, https:\/\/kommentatorenblog.de\/wp-content\/uploads\/2020\/09\/shure-55sh-ii-e1601485394796-142x300.jpg 142w\" sizes=\"auto, (max-width: 415px) 100vw, 415px\" \/> Max Giesen<\/p>\n\n\n\n<p><strong><em>Racing Club &#8211; Boca Juniors (02.15 Uhr)<\/em><\/strong><br><img loading=\"lazy\" decoding=\"async\" width=\"415\" height=\"874\" class=\"wp-image-3656\" style=\"width: 10px\" src=\"http:\/\/kommentatorenblog.de\/wp-content\/uploads\/2020\/09\/shure-55sh-ii-e1601485394796.jpg\" alt=\"\" srcset=\"https:\/\/kommentatorenblog.de\/wp-content\/uploads\/2020\/09\/shure-55sh-ii-e1601485394796.jpg 415w, https:\/\/kommentatorenblog.de\/wp-content\/uploads\/2020\/09\/shure-55sh-ii-e1601485394796-142x300.jpg 142w\" sizes=\"auto, (max-width: 415px) 100vw, 415px\" \/> Karsten Linke<\/p>\n\n\n\n<hr class=\"wp-block-separator has-css-opacity\"\/>\n\n\n\n<p><strong>A-League, 18. Spieltag<\/strong> <strong>(Sportdigital)<\/strong><\/p>\n\n\n\n<p><span style=\"text-decoration: underline;\">Samstag, 08. Februar 2025<\/span><\/p>\n\n\n\n<p><strong><em>Sydney FC &#8211; Western Sydney Wanderers (09.35 Uhr)<\/em><\/strong><br><img loading=\"lazy\" decoding=\"async\" width=\"415\" height=\"874\" class=\"wp-image-3656\" style=\"width: 10px\" src=\"http:\/\/kommentatorenblog.de\/wp-content\/uploads\/2020\/09\/shure-55sh-ii-e1601485394796.jpg\" alt=\"\" srcset=\"https:\/\/kommentatorenblog.de\/wp-content\/uploads\/2020\/09\/shure-55sh-ii-e1601485394796.jpg 415w, https:\/\/kommentatorenblog.de\/wp-content\/uploads\/2020\/09\/shure-55sh-ii-e1601485394796-142x300.jpg 142w\" sizes=\"auto, (max-width: 415px) 100vw, 415px\" \/> Ulf Kahmke<\/p>\n\n\n\n<hr class=\"wp-block-separator has-alpha-channel-opacity\"\/>\n\n\n\n<p><strong>Saudi Pro League, 19. Spieltag<\/strong><\/p>\n\n\n\n<p><span style=\"text-decoration: underline;\">Freitag, 07. Februar 2025 (Sportdigital)<\/span><\/p>\n\n\n\n<p><strong><em>Al-Nassr &#8211; Al-Fayha (16.20 Uhr)<\/em><\/strong><br><img loading=\"lazy\" decoding=\"async\" width=\"415\" height=\"874\" class=\"wp-image-3656\" style=\"width: 10px\" src=\"http:\/\/kommentatorenblog.de\/wp-content\/uploads\/2020\/09\/shure-55sh-ii-e1601485394796.jpg\" alt=\"\" srcset=\"https:\/\/kommentatorenblog.de\/wp-content\/uploads\/2020\/09\/shure-55sh-ii-e1601485394796.jpg 415w, https:\/\/kommentatorenblog.de\/wp-content\/uploads\/2020\/09\/shure-55sh-ii-e1601485394796-142x300.jpg 142w\" sizes=\"auto, (max-width: 415px) 100vw, 415px\" \/> Arne Malsch<\/p>\n\n\n\n<p><span style=\"text-decoration: underline;\">(DAZN\/DF1)<\/span><\/p>\n\n\n\n<p><strong><em>Al-Ahli &#8211; Al-Fateh (18.00 Uhr)<\/em><\/strong><br><img loading=\"lazy\" decoding=\"async\" width=\"415\" height=\"874\" class=\"wp-image-3656\" style=\"width: 10px\" src=\"http:\/\/kommentatorenblog.de\/wp-content\/uploads\/2020\/09\/shure-55sh-ii-e1601485394796.jpg\" alt=\"\" srcset=\"https:\/\/kommentatorenblog.de\/wp-content\/uploads\/2020\/09\/shure-55sh-ii-e1601485394796.jpg 415w, https:\/\/kommentatorenblog.de\/wp-content\/uploads\/2020\/09\/shure-55sh-ii-e1601485394796-142x300.jpg 142w\" sizes=\"auto, (max-width: 415px) 100vw, 415px\" \/> Michael Seyberth<\/p>\n\n\n\n<hr class=\"wp-block-separator has-alpha-channel-opacity\"\/>\n\n\n\n<p><strong>\u00d6sterreichische Fu\u00dfball-Bundesliga, 17. Runde (Sky)<\/strong><\/p>\n\n\n\n<p><span style=\"text-decoration: underline;\">Freitag, 07. Februar 2025, ab 19.30 Uhr<\/span><\/p>\n\n\n\n<p><strong><em>SK Sturm Graz &#8211; FK Austria Wien (20.30 Uhr)<\/em><\/strong><br><img loading=\"lazy\" decoding=\"async\" width=\"415\" height=\"874\" class=\"wp-image-3656\" style=\"width: 10px\" src=\"http:\/\/kommentatorenblog.de\/wp-content\/uploads\/2020\/09\/shure-55sh-ii-e1601485394796.jpg\" alt=\"\" srcset=\"https:\/\/kommentatorenblog.de\/wp-content\/uploads\/2020\/09\/shure-55sh-ii-e1601485394796.jpg 415w, https:\/\/kommentatorenblog.de\/wp-content\/uploads\/2020\/09\/shure-55sh-ii-e1601485394796-142x300.jpg 142w\" sizes=\"auto, (max-width: 415px) 100vw, 415px\" \/> Martin Konrad<br>Moderation: Kimberly Budinsky, Experte: Alfred Tatar<\/p>\n\n\n\n<p><span style=\"text-decoration: underline;\">Samstag, 08. Februar 2025, ab 16.15 Uhr<\/span><\/p>\n\n\n\n<p><strong><em>SK Rapid Wien &#8211; Wolfsberger AC (17.00 Uhr)<\/em><\/strong><br><img loading=\"lazy\" decoding=\"async\" width=\"415\" height=\"874\" class=\"wp-image-3656\" style=\"width: 10px\" src=\"http:\/\/kommentatorenblog.de\/wp-content\/uploads\/2020\/09\/shure-55sh-ii-e1601485394796.jpg\" alt=\"\" srcset=\"https:\/\/kommentatorenblog.de\/wp-content\/uploads\/2020\/09\/shure-55sh-ii-e1601485394796.jpg 415w, https:\/\/kommentatorenblog.de\/wp-content\/uploads\/2020\/09\/shure-55sh-ii-e1601485394796-142x300.jpg 142w\" sizes=\"auto, (max-width: 415px) 100vw, 415px\" \/> Guido Friedrich (Einzelspiel), Otto Rosenauer (Konferenz)<\/p>\n\n\n\n<p><strong><em>SCR Altach &#8211; Grazer AK 1902 (17.00 Uhr)<\/em><\/strong><br><img loading=\"lazy\" decoding=\"async\" width=\"415\" height=\"874\" class=\"wp-image-3656\" style=\"width: 10px\" src=\"http:\/\/kommentatorenblog.de\/wp-content\/uploads\/2020\/09\/shure-55sh-ii-e1601485394796.jpg\" alt=\"\" srcset=\"https:\/\/kommentatorenblog.de\/wp-content\/uploads\/2020\/09\/shure-55sh-ii-e1601485394796.jpg 415w, https:\/\/kommentatorenblog.de\/wp-content\/uploads\/2020\/09\/shure-55sh-ii-e1601485394796-142x300.jpg 142w\" sizes=\"auto, (max-width: 415px) 100vw, 415px\" \/> Charly Leitner (Einzelspiel), David Eder (Konferenz)<\/p>\n\n\n\n<p>Moderation: Marko Stankovic, Experten: Peter St\u00f6ger (Studio) und Hans Krankl (Stadion)<\/p>\n\n\n\n<p><span style=\"text-decoration: underline;\">Sonntag, 09. Februar 2025, ab 13.30 Uhr<\/span><\/p>\n\n\n\n<p><strong><em>SK Austria Klagenfurt &#8211; FC Salzburg (14.30 Uhr)<\/em><\/strong><br><img loading=\"lazy\" decoding=\"async\" width=\"415\" height=\"874\" class=\"wp-image-3656\" style=\"width: 10px\" src=\"http:\/\/kommentatorenblog.de\/wp-content\/uploads\/2020\/09\/shure-55sh-ii-e1601485394796.jpg\" alt=\"\" srcset=\"https:\/\/kommentatorenblog.de\/wp-content\/uploads\/2020\/09\/shure-55sh-ii-e1601485394796.jpg 415w, https:\/\/kommentatorenblog.de\/wp-content\/uploads\/2020\/09\/shure-55sh-ii-e1601485394796-142x300.jpg 142w\" sizes=\"auto, (max-width: 415px) 100vw, 415px\" \/> Luca Kielhauser (Einzelspiel), Gerfried Pr\u00f6ll (Konferenz)<\/p>\n\n\n\n<p><strong><em>WSG Tirol &#8211; TSV Hartberg (14.30 Uhr)<\/em><\/strong><br><img loading=\"lazy\" decoding=\"async\" width=\"415\" height=\"874\" class=\"wp-image-3656\" style=\"width: 10px\" src=\"http:\/\/kommentatorenblog.de\/wp-content\/uploads\/2020\/09\/shure-55sh-ii-e1601485394796.jpg\" alt=\"\" srcset=\"https:\/\/kommentatorenblog.de\/wp-content\/uploads\/2020\/09\/shure-55sh-ii-e1601485394796.jpg 415w, https:\/\/kommentatorenblog.de\/wp-content\/uploads\/2020\/09\/shure-55sh-ii-e1601485394796-142x300.jpg 142w\" sizes=\"auto, (max-width: 415px) 100vw, 415px\" \/> Gerhard Krabath (Einzelspiel), Benjamin Vollmann (Konferenz)<\/p>\n\n\n\n<p><span style=\"text-decoration: underline;\">ab 16.30 Uhr<\/span><\/p>\n\n\n\n<p><strong><em>LASK &#8211; FC Blau-Wei\u00df Linz (17.00 Uhr)<\/em><\/strong><br><img loading=\"lazy\" decoding=\"async\" width=\"415\" height=\"874\" class=\"wp-image-3656\" style=\"width: 10px\" src=\"http:\/\/kommentatorenblog.de\/wp-content\/uploads\/2020\/09\/shure-55sh-ii-e1601485394796.jpg\" alt=\"\" srcset=\"https:\/\/kommentatorenblog.de\/wp-content\/uploads\/2020\/09\/shure-55sh-ii-e1601485394796.jpg 415w, https:\/\/kommentatorenblog.de\/wp-content\/uploads\/2020\/09\/shure-55sh-ii-e1601485394796-142x300.jpg 142w\" sizes=\"auto, (max-width: 415px) 100vw, 415px\" \/> Philipp Paternina<\/p>\n\n\n\n<p>Moderation: Constanze Weiss, Experte: Marc Janko<\/p>\n\n\n\n<hr class=\"wp-block-separator has-alpha-channel-opacity\"\/>\n\n\n\n<p><strong>Die Analyse<\/strong><\/p>\n\n\n\n<p>Nach der ersten Pokalwoche ist die Bundesliga zur\u00fcck und startet gleich am Freitag in der Allianz Arena in den Spieltag. Der FC Bayern trifft auf Werder Bremen und DAZN wird hier mit Daniel Herzog, Tobias Schweinsteiger, Max Siebald und Lukas Sch\u00f6nm\u00fcller mal wieder komplett vor Ort sein, was angesichts des Standortes nicht verwundert. Die beiden Spiele am Sonntag kommen allerdings wieder nur aus der Box. Tom Kirsten und Marco Hagemann kommentieren mit Seb Knei\u00dfl bzw. Turid Knaak. Letztere hat bereits ihren dritten Bundesliga-Einsatz im neuen Jahr, w\u00e4hrend Moritz Volz noch auf seinen ersten wartet, allerdings nur bei DAZN, im World bzw. Tactical Feed kam er 2025 bereits viermal zum Zug. Freddy Harder reist in den Norden, w\u00e4hrend Benni Zander wie gewohnt aus Leipzig berichtet.<\/p>\n\n\n\n<p>Sky muss auch in dieser Woche auf Klaus Veltman verzichten, Marcel Meinert vertritt ihn in Mainz. Martin Gro\u00df kommentiert das Deb\u00fct von Niko Kovac in Dortmund gegen den VfB Stuttgart, Oliver Seidler bleibt in seiner nieders\u00e4chsischen Heimat, Toni Tomic ist in Freiburg und Marcus Lindemann zieht es mal wieder recht weit gen S\u00fcden nach Sinsheim. In der Konferenz fehlt Schmiso aus oben genannten Gr\u00fcnden, Frank Buschmann und Kai Dittmann kommentieren die Partien der beiden Sieger der Pokalpartien unter der Woche. Auch Jonas Friedrich, Hansi K\u00fcpper und Hannes Herrmann sind dabei.<\/p>\n\n\n\n<p>In der Frauen-Bundesliga richtet sich der Fokus besonders auf die Ausw\u00e4rtspartie des FC Bayern bei der TSG Hoffenheim, wof\u00fcr Magenta mit Dreiergruppe anreisen wird und auch DAZN erneut Carmen H\u00f6fflin einsetzen wird. Die DAZN-\u00dcbertragung wird auch im Free-TV bei DF1 zu sehen sein. Beim Spiel der Werder-Frauen gegen RB Leipzig bekommt Guido H\u00fcsgen seinen ersten Einsatz im Jahr 2025.<\/p>\n\n\n\n<p>Blickt man auf die 2. Bundesliga, ergibt sich ein recht gewohntes Bild. Hansi K\u00fcpper kommentiert passenderweise das Rhein-Ruhr-Duell zwischen K\u00f6ln und Schalke, Ulli Potofski stattet auf seiner Abschiedstour als Field-Reporter vor K\u00f6ln auch der anderen Karnevalshochburg Mainz einen Besuch ab. Roland Evers kommentiert am Freitag in M\u00fcnchen M\u00fcnster &#8211; HSV, bevor er am Samstag nach Berlin reist, wo liga\u00fcbergreifend bereits zum dritten Mal in Folge ein Abendspiel stattfindet. Co-Kommentator wird bei Sky S\u00f6ren Gonther sein, bei SPORT1 Martin Harnik an der Seite von Oliver Forster. Stefan Hempel kommt am Wochenende ausschlie\u00dflich in Magdeburg als Field-Reporter zum Einsatz.<\/p>\n\n\n\n<p>In Liga 3 bekommt Pipo Konrad seit l\u00e4ngerem mal wieder ein Topspiel am Freitagabend, Sandhausen gegen Bielefeld, das er gemeinsam mit Steven Ruprecht kommentieren wird. Christian Stra\u00dfburger, der am Freitag die Zweitliga-Konferenz bei Sky betreut, reist mit Thomas Wagner, der am Vortag ebenfalls f\u00fcr Sky in M\u00fcnster ist, nach Saarbr\u00fccken, wo der FCS Waldhof Mannheim empf\u00e4ngt. Ansonsten alles wie gewohnt: Benni Zander in Cottbus, Markus H\u00f6hner in Essen, Sebastian Ulrich in Gro\u00dfaspach, Andreas Mann in Aue und Martin Piller in M\u00fcnchen. Stefanie Blochwitz reist nach Aue am Sonntag auch nach Rostock, wo Mike M\u00fcnkel kommentieren wird. Das Spiel in Saarbr\u00fccken \u00fcbertr\u00e4gt auch der SR, es ist bereits das dritte Spiel innerhalb von vier Spieltagen im neuen Jahr, das dort gezeigt wird. Der SWR zeigt wie auch sonst die gleiche \u00dcbertragung. Bei Aue gegen Aachen haben allerdings sowohl der MDR als auch der WDR einen eigenen Kommentar. Alex K\u00fcpper wurde am Samstagnachmittag sowohl von Magenta als Moderator des bayerischen Duells zwischen 1860 und Ingolstadt als auch vom MDR in der Regionalliga Nordost als Kommentator bei Chemnitz gegen Jena angesetzt. Nat\u00fcrlich kann nur eine der Angaben stimmen, welche das sein wird, werden wir beobachten. Beim MDR sind zwar Galley und P\u00fcschel beim Wintersport, allerdings k\u00f6nnte Stephan Weidling zur Verf\u00fcgung stehen.<\/p>\n\n\n\n<p>Bei eben jener Regionalliga Nordost ist Heiko Mallwitz am Wochenende zum ersten Mal im diesen Jahr f\u00fcr seinen Streamingdienst OSTSPORT.TV im Einsatz. Sein Verbleib bei Sky d\u00fcrfte mittlerweile fraglich sein, nachdem nach der Handball-Bundesliga nun auch die Diamond League in Zukunft nicht mehr dort \u00fcbertragen wird. Seine letzten beiden Fu\u00dfball-Eins\u00e4tze f\u00fcr Sky hatte Mallwitz bei der ersten Pokalrunde im August, genauso wie der anschlie\u00dfend zur Icon League abgewanderte Florian Malburg. Im Dezember kommentierte er auch einen Boxkampf bei BILDplus.<\/p>\n\n\n\n<p>Bei der Regionalliga West zeigt sich zunehmend, dass ein wesentlicher Teil der Kommentatoren, die den Wettbewerb zuvor bereits f\u00fcr Sporttotal begleitet haben, bei Leagues damit fortfahren, allerdings kommen auch diverse Personalien zum Zug, die dort zuvor noch nicht im Einsatz waren. Zudem scheint h\u00e4ufiger rotiert zu werden. Man kann davon ausgehen, dass die Liga weiterhin eine Plattform f\u00fcr junge Kommentatoren bleiben wird. Mit dem von Eurosport bekannten Marc Rohde bei Schalke II &#8211; Bocholt ist allerdings an diesem Spieltag auch ein erfahrenerer Reporter vertreten, der bei Sportdigital in der Vergangenheit auch bereits Eins\u00e4tze beim Fu\u00dfball hatte.<\/p>\n\n\n\n<p>In der LaLiga kommt es am Samstag zur Primetime zum Madrider Derby zwischen Real und Atletico, bei den es auch um die Tabellenf\u00fchrung geht. Logische Wahl als Kommentator ist Jan Platte, der gemeinsam mit Max Nicu das Spiel begleitet. Es gibt au\u00dferdem einen 20-min\u00fctigen Vorlauf mit Spanien-Experte Andres Veredas. Auch das Spiel des FC Sevilla gegen den FC Barcelona wird mit einem Kommentatorenduo besetzt, David Ploch und Benny Lauth. Ansonsten werden aus der Serie A gleich 5 Partien des Spieltags mit deutschem Kommentar \u00fcbertragen, unter anderem bei Empoli &#8211; Milan erstmals in diesem Jahr von Andreas Renner. In der Ligue 1 trifft PSG auf die AS Monaco, hier kommentiert Chris Putz, w\u00e4hrend Stefan Galler sich auf Nizza &#8211; Lens konzentriert. In der Eredivisie steigt das Rotterdamer Derby, kommentiert von Marvin Kirsch, in der A-League das Sydney-Derby, das Ulf Kahmke begleitet.<\/p>\n\n\n\n<p>Wieder aus der Winterpause startet die \u00f6sterreichische Bundesliga, nun auch wieder mit Spielen am Freitagabend, zu Beginn treffen Sturm Graz und Austria Wien aufeinander. Ebenfalls wieder zur\u00fcck ist die 2. Frauen-Bundesliga, die im Gegensatz zur Regionalliga West auch weiterhin bei Sporttotal zu sehen sein wird, allerdings kostenfrei. Nach derzeitigem Stand wird sich Constantin Eckner mit Andernach &#8211; M\u00f6nchengladbach f\u00fcr den Super Bowl aufw\u00e4rmen.<\/p>\n\n\n\n<p>Und der englische Fu\u00dfball? Auch dieser ist an diesem Wochenende eigentlich wieder in vollem Gange, allerdings nicht in Form der Premier League, sondern in der des FA Cup, wo unter anderem mit Brighton gegen Chelsea oder Aston Villa gegen Tottenham auch einige hochkar\u00e4tige Duelle anstehen. Jedoch hat sich in Deutschland weiterhin kein \u00dcbertragungspartner gefunden, weswegen die Partien hierzulande nicht zu sehen sein werden und sich daher auch nicht hier in dieser \u00dcbersicht wiederfinden. Das sorgt auch daf\u00fcr, dass Joachim Hebel am Wochenende mit Darmstadt &#8211; Elversberg nur einen einzigen Einsatz hat, w\u00e4hrend sein Bruder Uli sogar komplett ohne bleibt. Grunds\u00e4tzlich kommen nur die wenigsten Reporter am Wochenende mehrmals zum Einsatz, auch bei Sportdigital, am h\u00e4ufigsten noch bei Sky.<\/p>\n\n\n\n<p>Dennoch bietet das Wochenende ein breites Angebot an Fu\u00dfball, das wir genie\u00dfen k\u00f6nnen. Daneben gibt es noch Wintersport, den besagten Super Bowl und auch die Handball-Bundesliga legt an diesem Wochenende wieder los, man hat also viel Auswahl.<\/p>\n\n\n\n<p>Viel Spa\u00df dabei und bis bald!<\/p>\n","protected":false},"excerpt":{"rendered":"<p>N&#8217;Abend allerseits, wie es immer so ist, wenn eine neue Bundesliga-Rechteperiode ansteht und viele Vertr\u00e4ge auslaufen: das Personalkarussell beginnt sich wieder zu drehen. In diesem Zusammenhang war es sicher die Nachricht der Woche, auch wenn sie sich gar nicht auf die Bundesliga bezieht: Wolff Fuss wird ab der kommenden Saison neben seiner T\u00e4tigkeit bei Sky [&hellip;]<\/p>\n","protected":false},"author":17,"featured_media":0,"comment_status":"open","ping_status":"open","sticky":false,"template":"","format":"standard","meta":{"footnotes":""},"categories":[424],"tags":[1259,598,949,163,1026,216,377,610,1060,263,688,1245,21,166,73,963,131,841,499,57,35,657,1278,1012,850,212,1101,846,165,13,1017,30,580,82,592,1258,1207,61,420,295,842,844,849,155,104,945,1040,25,211,92,123,48,347,69,507,58,655,315,86,93,982,489,59,585,737,1105,1069,378,1276,946,31,1243,1297,1281,205,526,9,1293,1039,806,70,276,43,112,503,243,1296,1052,126,118,67,239,722,95,649,403,847,130,581,1213,223,1037,438,279,449,17,88,634,409,715,1238,191,1011,665,183,113,293,1041,848,94,851,690,831,199,525,45,76,98,1285,222,778,415,696,1211,22,940,66,134,985,344,394,154,777,28,1279,135,524,673,983,102,16,33,1257,854,838,252,882,200,1008,24,245,346,829,402,289,149,18,107,196],"class_list":["post-20535","post","type-post","status-publish","format-standard","hentry","category-bundesliga-und-co","tag-aaron-glock","tag-adrian-geiler","tag-alexander-klich-2","tag-alexander-kuepper","tag-alfred-tatar","tag-andreas-mann","tag-andreas-renner","tag-andres-veredas","tag-anne-hilt","tag-arne-malsch","tag-benjamin-kirsten","tag-benjamin-vollmann","tag-benni-zander","tag-benny-lauth","tag-britta-hofmann","tag-carmen-hoefflin","tag-carsten-fuss","tag-charly-leitner","tag-chris-putz","tag-christian-blunck","tag-christian-strassburger","tag-christina-rann","tag-claas-schoenfeld","tag-constantin-eckner","tag-constanze-weiss","tag-daniel-herzog","tag-daniel-wimmer","tag-david-eder","tag-david-ploch","tag-dazn","tag-df1","tag-didi-hamann","tag-dominik-mueller","tag-erik-meijer","tag-fabian-greve","tag-fabian-moers","tag-florian-diettrich","tag-frank-buschmann","tag-frank-grundhever","tag-freddy-harder","tag-gerfried-proell","tag-gerhard-krabath","tag-guido-friedrich","tag-guido-huesgen","tag-hannes-herrmann","tag-hannes-jakobi","tag-hans-krankl","tag-hansi-kuepper","tag-hartmut-von-kameke","tag-heiko-mallwitz","tag-jan-luedeke","tag-jan-platte","tag-joachim-hebel","tag-jonas-friedrich","tag-jonathan-dreier","tag-joerg-steiger","tag-julia-simic","tag-julian-engelhard","tag-juergen-schmitz","tag-kai-dittmann","tag-kai-esser","tag-kamila-benschop","tag-karsten-linke","tag-katharina-kleinfeldt","tag-kathrin-lehmann","tag-kerry-hau","tag-kimberly-budinsky","tag-konstantin-klostermann","tag-leagues","tag-lena-cassel","tag-lothar-matthaeus","tag-luca-kielhauser","tag-lucas-gebhardt","tag-lukas-flottmeyer","tag-lukas-schoenmueller","tag-lutz-lindemann","tag-magenta-sport","tag-malik-miles-fengler","tag-marc-janko","tag-marc-rohde","tag-marcel-meinert","tag-marcel-seufert","tag-marco-hagemann","tag-marcus-lindemann","tag-marcus-radefeld","tag-mario-rieker","tag-marius-huettmann","tag-marko-stankovic","tag-markus-goetz","tag-markus-herwig","tag-markus-hoehner","tag-markus-theil","tag-marlon-irlbacher","tag-martin-gross","tag-martin-hahn","tag-martin-harnik","tag-martin-konrad","tag-martin-piller","tag-marvin-kirsch","tag-marvin-scholz","tag-matthias-naebers","tag-max-giesen","tag-max-nicu","tag-max-siebald","tag-max-zielke","tag-mdr","tag-michael-leopold","tag-michael-seyberth","tag-mike-muenkel","tag-moritz-knorr","tag-nele-ocik","tag-nico-seepe","tag-noah-kersting","tag-oliver-fassnacht-2","tag-oliver-forster","tag-oliver-seidler","tag-oskar-heirler","tag-ostsport-tv","tag-otto-rosenauer","tag-patrick-wasserziehr","tag-peter-stoeger","tag-philip-konrad","tag-philipp-hinze","tag-philipp-paternina","tag-rene-kindermann","tag-roland-evers","tag-ruth-hofmann","tag-sebastian-hellmann","tag-sebastian-jacob","tag-sebastian-kneissl","tag-sebastian-ulrich","tag-simon-koepfer","tag-simon-sterzer","tag-simon-terodde","tag-sky","tag-soeren-gonther","tag-sport1","tag-sportdigital-fussball","tag-sporttotal","tag-sr","tag-stefan-fuckert","tag-stefan-galler","tag-stefan-haensel","tag-stefan-hempel","tag-stefan-sander","tag-stefanie-blochwitz","tag-stephan-weidling","tag-steven-ruprecht","tag-sven-lesser","tag-sven-toellner","tag-swr","tag-thomas-wagner","tag-till-kleindiek","tag-tim-hemmrich","tag-timo-schaefers","tag-tobi-wahnschaffe","tag-tobias-schweinsteiger","tag-tom-kirsten","tag-toni-mielke","tag-toni-tomic","tag-torben-hoffmann","tag-torsten-mattuschka","tag-turid-knaak","tag-ulf-kahmke","tag-ulli-potofski","tag-uwe-morawe","tag-wdr","tag-wolff-fuss","tag-yannick-erkenbrecher"],"_links":{"self":[{"href":"https:\/\/kommentatorenblog.de\/index.php?rest_route=\/wp\/v2\/posts\/20535","targetHints":{"allow":["GET"]}}],"collection":[{"href":"https:\/\/kommentatorenblog.de\/index.php?rest_route=\/wp\/v2\/posts"}],"about":[{"href":"https:\/\/kommentatorenblog.de\/index.php?rest_route=\/wp\/v2\/types\/post"}],"author":[{"embeddable":true,"href":"https:\/\/kommentatorenblog.de\/index.php?rest_route=\/wp\/v2\/users\/17"}],"replies":[{"embeddable":true,"href":"https:\/\/kommentatorenblog.de\/index.php?rest_route=%2Fwp%2Fv2%2Fcomments&post=20535"}],"version-history":[{"count":41,"href":"https:\/\/kommentatorenblog.de\/index.php?rest_route=\/wp\/v2\/posts\/20535\/revisions"}],"predecessor-version":[{"id":20612,"href":"https:\/\/kommentatorenblog.de\/index.php?rest_route=\/wp\/v2\/posts\/20535\/revisions\/20612"}],"wp:attachment":[{"href":"https:\/\/kommentatorenblog.de\/index.php?rest_route=%2Fwp%2Fv2%2Fmedia&parent=20535"}],"wp:term":[{"taxonomy":"category","embeddable":true,"href":"https:\/\/kommentatorenblog.de\/index.php?rest_route=%2Fwp%2Fv2%2Fcategories&post=20535"},{"taxonomy":"post_tag","embeddable":true,"href":"https:\/\/kommentatorenblog.de\/index.php?rest_route=%2Fwp%2Fv2%2Ftags&post=20535"}],"curies":[{"name":"wp","href":"https:\/\/api.w.org\/{rel}","templated":true}]}}