{"id":20929,"date":"2025-03-17T18:37:14","date_gmt":"2025-03-17T17:37:14","guid":{"rendered":"https:\/\/kommentatorenblog.de\/?p=20929"},"modified":"2025-03-20T13:55:22","modified_gmt":"2025-03-20T12:55:22","slug":"1496-viertelfinal-woche","status":"publish","type":"post","link":"https:\/\/kommentatorenblog.de\/?p=20929","title":{"rendered":"1496 &#8211; Viertelfinal-Woche"},"content":{"rendered":"\n<p>N&#8217;Abend allerseits,<\/p>\n\n\n\n<p>bevor der Blick auf den Fu\u00dfball geht, der in dieser Woche einiges zu bieten hat, werde ich in den n\u00e4chsten Zeilen mal auf den Wintersport schauen und was da so los war. Wen es nicht interessiert, der kann direkt in die Ansetzungen springen.<\/p>\n\n\n\n<p><strong>Weltmeister, Gesamtweltcup und gelbes Trikot<\/strong><\/p>\n\n\n\n<p>An diesem Wochenende standen nochmals Weltmeisterschaften an und das Bobteam Francesco Friedrich konnte auch den WM-Titel im Vierer gewinnen. Sein 18. WM- Titel (inklusive der zwei mit dem Team). Dahinter folgte Johannes Lochner, der ewige Rivale. Bei den Frauen standen die Zweier-Wettbewerbe und hier gelang, wie in der Vorwoche auch bei den M\u00e4nnern, gar einen dreifach Erfolg zu feiern Nolte\/Levi gewannen vor Kalicki\/Fiebig und Buckwitz\/Lipperheide. <\/p>\n\n\n\n<p>Bei den Nordischen Kombinierinnen und Kombinieren ist die Nordische Ski WM seit gut einer Woche vorbei, f\u00fcr die Frauen stand in Oslo der letzte Weltcup an und Nathalie Armbruster gelang es in der, bei den Frauen noch jungen, Sportart als erste Deutsche den Gesamtweltcup zu gewinnen. Selbiges schaffte \u00fcberraschend auch Vinzenz Geiger, da Jarl Magnus Riiber schon in Oslo seine Karriere beendete.<\/p>\n\n\n\n<p>Chancen auf den Gesamtweltcup hat auch Franziska Preu\u00df. Die Biathletin ist seit vielen Wochen im gelben Trikot der Gesamtweltcupf\u00fchrenden unterwegs, der Abstand zu Lou Jeanmonnot aus Frankreich ist jedoch gering, beim abschlie\u00dfenden Weltcup, der in Oslo stattfinden wird, f\u00e4llt die Entscheidung.<\/p>\n\n\n\n<p>In Oslo startete unterdessen letzte Woche die verk\u00fcrzte Raw-Air-Tour, welche mit Andreas Wellinger erstmals ein deutscher Skispringer gewinnen konnte. Dabei feierte er in Vikersund auch seinen ersten Sieg bei einem Skifliegen. Selina Freitag schaffte es beim Skifliegen als Dritte aufs Podest und ist die erste Deutsche auf einem Skiflug-Podest, einen neuen deutschen Rekord schaffte sie mit einem Flug auf 202m dazu ebenfalls. <\/p>\n\n\n\n<p>Jubeln konnten auch die deutschen Snowboarderinnen und Snowboard, die beim Heim-Weltcup in Wintersport im Mixed-Team einen Doppelerfolg feiern konnten. Ramona Hofmeister und Elias Huber siegten vor Cheyenne Loch und Stefan Baumeister. In dieser Woche starten dann auch die Weltmeisterschaft im Snowboard und Freestyle, Eurosport und das Erste \u00fcbertragen jeweils. F\u00fcr die ARD kommentieren Jan Wiecken und Moritz K\u00fchn.<\/p>\n\n\n\n<hr class=\"wp-block-separator has-alpha-channel-opacity\"\/>\n\n\n\n<p><strong>Die Ansetzungen vom 18. M\u00e4rz bis 20. M\u00e4rz 2025<\/strong><\/p>\n\n\n\n<hr class=\"wp-block-separator has-alpha-channel-opacity\"\/>\n\n\n\n<p><strong>UEFA Women\u00b4s Champions League, Viertelfinal-Hinspiele (DAZN)<\/strong><\/p>\n\n\n\n<p><span style=\"text-decoration: underline;\">Dienstag, 18. M\u00e4rz 2025, ab 18.45 Uhr (DAZN)<\/span><\/p>\n\n\n\n<p><em><strong>Real Madrid &#8211; Arsenal (18.45 Uhr)<\/strong><\/em><br><img loading=\"lazy\" decoding=\"async\" width=\"10\" height=\"21\" class=\"wp-image-3656\" style=\"width: 10px;\" src=\"http:\/\/kommentatorenblog.de\/wp-content\/uploads\/2020\/09\/shure-55sh-ii-e1601485394796.jpg\" alt=\"\" srcset=\"https:\/\/kommentatorenblog.de\/wp-content\/uploads\/2020\/09\/shure-55sh-ii-e1601485394796.jpg 415w, https:\/\/kommentatorenblog.de\/wp-content\/uploads\/2020\/09\/shure-55sh-ii-e1601485394796-142x300.jpg 142w\" sizes=\"auto, (max-width: 10px) 100vw, 10px\" \/> Simon Sterzer<\/p>\n\n\n\n<p><span style=\"text-decoration: underline;\">ab 20.30 Uhr (DAZN), ab 20.45 Uhr (<mark style=\"background-color:rgba(0, 0, 0, 0)\" class=\"has-inline-color has-pale-cyan-blue-color\">DF1<\/mark>), ab 21.00 Uhr (DAZN Rise)<\/span><\/p>\n\n\n\n<p><em><strong>FC Bayern M\u00fcnchen &#8211; Olympique Lyon (21.00 Uhr)<\/strong><\/em><br><img loading=\"lazy\" decoding=\"async\" width=\"10\" height=\"21\" class=\"wp-image-3656\" style=\"width: 10px;\" src=\"http:\/\/kommentatorenblog.de\/wp-content\/uploads\/2020\/09\/shure-55sh-ii-e1601485394796.jpg\" alt=\"\" srcset=\"https:\/\/kommentatorenblog.de\/wp-content\/uploads\/2020\/09\/shure-55sh-ii-e1601485394796.jpg 415w, https:\/\/kommentatorenblog.de\/wp-content\/uploads\/2020\/09\/shure-55sh-ii-e1601485394796-142x300.jpg 142w\" sizes=\"auto, (max-width: 10px) 100vw, 10px\" \/><em> DAZN\/<mark style=\"background-color:rgba(0, 0, 0, 0)\" class=\"has-inline-color has-pale-cyan-blue-color\">DF1<\/mark><\/em>: Nico Seepe, Expertin: Carmen H\u00f6fflin<br>Moderation (<em>DAZN\/DF1<\/em>): Tobi Wahnschaffe, Field-Reporter: Lukas Draeger<\/p>\n\n\n\n<p><span style=\"text-decoration: underline;\">Mittwoch, 19. M\u00e4rz 2025, ab 18.15 Uhr (DAZN)<\/span><\/p>\n\n\n\n<p><em><strong>VfL Wolfsburg &#8211; FC Barcelona (18.45 Uhr)<\/strong><\/em><br><img loading=\"lazy\" decoding=\"async\" width=\"10\" height=\"21\" class=\"wp-image-3656\" style=\"width: 10px;\" src=\"http:\/\/kommentatorenblog.de\/wp-content\/uploads\/2020\/09\/shure-55sh-ii-e1601485394796.jpg\" alt=\"\" srcset=\"https:\/\/kommentatorenblog.de\/wp-content\/uploads\/2020\/09\/shure-55sh-ii-e1601485394796.jpg 415w, https:\/\/kommentatorenblog.de\/wp-content\/uploads\/2020\/09\/shure-55sh-ii-e1601485394796-142x300.jpg 142w\" sizes=\"auto, (max-width: 10px) 100vw, 10px\" \/> Markus Theil, Expertin: Carmen H\u00f6fflin<br>Moderation: Tobi Wahnschaffe, Field-Reporter: Christoph Fetzer<\/p>\n\n\n\n<p><span style=\"text-decoration: underline;\">Mittwoch, 19. M\u00e4rz 2025, ab 21.00 Uhr (DAZN\/DAZN Rise)<\/span><\/p>\n\n\n\n<p><em><strong>Manchester City \u2013 FC Chelsea (21.00 Uhr)<\/strong><\/em><br><img loading=\"lazy\" decoding=\"async\" width=\"10\" height=\"21\" class=\"wp-image-3656\" style=\"width: 10px;\" src=\"http:\/\/kommentatorenblog.de\/wp-content\/uploads\/2020\/09\/shure-55sh-ii-e1601485394796.jpg\" alt=\"\" srcset=\"https:\/\/kommentatorenblog.de\/wp-content\/uploads\/2020\/09\/shure-55sh-ii-e1601485394796.jpg 415w, https:\/\/kommentatorenblog.de\/wp-content\/uploads\/2020\/09\/shure-55sh-ii-e1601485394796-142x300.jpg 142w\" sizes=\"auto, (max-width: 10px) 100vw, 10px\" \/> Oliver Fa\u00dfnacht<\/p>\n\n\n\n<hr class=\"wp-block-separator has-alpha-channel-opacity\"\/>\n\n\n\n<p><strong>Nations League, Viertelfinal-Hinspiele (<mark style=\"background-color:rgba(0, 0, 0, 0)\" class=\"has-inline-color has-vivid-cyan-blue-color\">ARD<\/mark>\/DAZN)<\/strong><\/p>\n\n\n\n<p><span style=\"text-decoration: underline;\">Donnerstag, 20. M\u00e4rz 2025, ab 20.15 Uhr (<mark style=\"background-color:rgba(0, 0, 0, 0)\" class=\"has-inline-color has-vivid-cyan-blue-color\">Das Erste<\/mark>)<\/span><\/p>\n\n\n\n<p><em><strong>Italien \u2013 Deutschland (20.45 Uhr)<\/strong><\/em><br><img loading=\"lazy\" decoding=\"async\" width=\"10\" height=\"21\" class=\"wp-image-3656\" style=\"width: 10px;\" src=\"http:\/\/kommentatorenblog.de\/wp-content\/uploads\/2020\/09\/shure-55sh-ii-e1601485394796.jpg\" alt=\"\" srcset=\"https:\/\/kommentatorenblog.de\/wp-content\/uploads\/2020\/09\/shure-55sh-ii-e1601485394796.jpg 415w, https:\/\/kommentatorenblog.de\/wp-content\/uploads\/2020\/09\/shure-55sh-ii-e1601485394796-142x300.jpg 142w\" sizes=\"auto, (max-width: 10px) 100vw, 10px\" \/> Tom Bartels<br>Moderation: Esther Sedlaczek, Experte: Bastian Schweinsteiger<br>Field-Reporter: Markus Othmer<\/p>\n\n\n\n<p><span style=\"text-decoration: underline;\">Donnerstag, 20. M\u00e4rz 2025, ab 20.30 Uhr (<mark style=\"background-color:rgba(0, 0, 0, 0)\" class=\"has-inline-color has-black-color\">DAZN<\/mark> [Konferenz]), ab 20.45 Uhr (DAZN [Einzelspiele])<\/span><\/p>\n\n\n\n<p><em><strong>Niederlande &#8211; Spanien (20.45 Uhr)<\/strong><\/em><br><img loading=\"lazy\" decoding=\"async\" width=\"10\" height=\"21\" class=\"wp-image-3656\" style=\"width: 10px;\" src=\"http:\/\/kommentatorenblog.de\/wp-content\/uploads\/2020\/09\/shure-55sh-ii-e1601485394796.jpg\" alt=\"\" srcset=\"https:\/\/kommentatorenblog.de\/wp-content\/uploads\/2020\/09\/shure-55sh-ii-e1601485394796.jpg 415w, https:\/\/kommentatorenblog.de\/wp-content\/uploads\/2020\/09\/shure-55sh-ii-e1601485394796-142x300.jpg 142w\" sizes=\"auto, (max-width: 10px) 100vw, 10px\" \/> Flo Hauser (Einzelspiel), David Ploch (Konferenz)<\/p>\n\n\n\n<p><em><strong>Kroatien &#8211; Frankreich (20.45 Uhr)<\/strong><\/em><br><img loading=\"lazy\" decoding=\"async\" width=\"10\" height=\"21\" class=\"wp-image-3656\" style=\"width: 10px;\" src=\"http:\/\/kommentatorenblog.de\/wp-content\/uploads\/2020\/09\/shure-55sh-ii-e1601485394796.jpg\" alt=\"\" srcset=\"https:\/\/kommentatorenblog.de\/wp-content\/uploads\/2020\/09\/shure-55sh-ii-e1601485394796.jpg 415w, https:\/\/kommentatorenblog.de\/wp-content\/uploads\/2020\/09\/shure-55sh-ii-e1601485394796-142x300.jpg 142w\" sizes=\"auto, (max-width: 10px) 100vw, 10px\" \/> Uli Hebel (Einzelspiel), Max Gross (Konferenz)<\/p>\n\n\n\n<p><em><strong>D\u00e4nemark &#8211; Portugal (20.45 Uhr)<\/strong><\/em><br><img loading=\"lazy\" decoding=\"async\" width=\"10\" height=\"21\" class=\"wp-image-3656\" style=\"width: 10px;\" src=\"http:\/\/kommentatorenblog.de\/wp-content\/uploads\/2020\/09\/shure-55sh-ii-e1601485394796.jpg\" alt=\"\" srcset=\"https:\/\/kommentatorenblog.de\/wp-content\/uploads\/2020\/09\/shure-55sh-ii-e1601485394796.jpg 415w, https:\/\/kommentatorenblog.de\/wp-content\/uploads\/2020\/09\/shure-55sh-ii-e1601485394796-142x300.jpg 142w\" sizes=\"auto, (max-width: 10px) 100vw, 10px\" \/> Uwe Morawe (Einzelspiel), Chris Putz (Konferenz)<\/p>\n\n\n\n<p><strong>Nations League, Playoff-Hinspiele (DAZN)<\/strong><\/p>\n\n\n\n<p><span style=\"text-decoration: underline;\">Donnerstag, 20. M\u00e4rz 2025, ab 18.00 Uhr (<mark style=\"background-color:rgba(0, 0, 0, 0)\" class=\"has-inline-color has-black-color\">DAZN<\/mark>)<\/span><\/p>\n\n\n\n<p><em><strong>T\u00fcrkei &#8211; Ungarn (18.00 Uhr)<\/strong><\/em><br><img loading=\"lazy\" decoding=\"async\" width=\"10\" height=\"21\" class=\"wp-image-3656\" style=\"width: 10px;\" src=\"http:\/\/kommentatorenblog.de\/wp-content\/uploads\/2020\/09\/shure-55sh-ii-e1601485394796.jpg\" alt=\"\" srcset=\"https:\/\/kommentatorenblog.de\/wp-content\/uploads\/2020\/09\/shure-55sh-ii-e1601485394796.jpg 415w, https:\/\/kommentatorenblog.de\/wp-content\/uploads\/2020\/09\/shure-55sh-ii-e1601485394796-142x300.jpg 142w\" sizes=\"auto, (max-width: 10px) 100vw, 10px\" \/> Freddie Schulz<\/p>\n\n\n\n<p><span style=\"text-decoration: underline;\">ab 20.45 Uhr (<mark style=\"background-color:rgba(0, 0, 0, 0)\" class=\"has-inline-color has-black-color\">DAZN<\/mark>)<\/span><\/p>\n\n\n\n<p><em><strong>Ukraine &#8211; Belgien (20.45 Uhr)<\/strong><\/em><br><img loading=\"lazy\" decoding=\"async\" width=\"10\" height=\"21\" class=\"wp-image-3656\" style=\"width: 10px;\" src=\"http:\/\/kommentatorenblog.de\/wp-content\/uploads\/2020\/09\/shure-55sh-ii-e1601485394796.jpg\" alt=\"\" srcset=\"https:\/\/kommentatorenblog.de\/wp-content\/uploads\/2020\/09\/shure-55sh-ii-e1601485394796.jpg 415w, https:\/\/kommentatorenblog.de\/wp-content\/uploads\/2020\/09\/shure-55sh-ii-e1601485394796-142x300.jpg 142w\" sizes=\"auto, (max-width: 10px) 100vw, 10px\" \/> Simon Sterzer (Konferenz)<\/p>\n\n\n\n<p><em><strong>\u00d6sterreich &#8211; Serbien (20.45 Uhr)<\/strong><\/em><br><img loading=\"lazy\" decoding=\"async\" width=\"10\" height=\"21\" class=\"wp-image-3656\" style=\"width: 10px;\" src=\"http:\/\/kommentatorenblog.de\/wp-content\/uploads\/2020\/09\/shure-55sh-ii-e1601485394796.jpg\" alt=\"\" srcset=\"https:\/\/kommentatorenblog.de\/wp-content\/uploads\/2020\/09\/shure-55sh-ii-e1601485394796.jpg 415w, https:\/\/kommentatorenblog.de\/wp-content\/uploads\/2020\/09\/shure-55sh-ii-e1601485394796-142x300.jpg 142w\" sizes=\"auto, (max-width: 10px) 100vw, 10px\" \/> Matthias Naebers<\/p>\n\n\n\n<hr class=\"wp-block-separator has-alpha-channel-opacity\"\/>\n\n\n\n<p><strong>CAF WM-Qualifikation, 5.Spieltag (<strong><mark style=\"background-color:rgba(0, 0, 0, 0)\" class=\"has-inline-color has-pale-cyan-blue-color\">Sportdigital Fu\u00dfball<\/mark><\/strong>)<\/strong><\/p>\n\n\n\n<p><span style=\"text-decoration: underline;\">Mittwoch, 19. M\u00e4rz 2025<\/span><\/p>\n\n\n\n<p><em><strong>Liberia &#8211; Tunesien (17.00 Uhr)<\/strong><\/em><br><img loading=\"lazy\" decoding=\"async\" width=\"10\" height=\"21\" class=\"wp-image-3656\" style=\"width: 10px;\" src=\"http:\/\/kommentatorenblog.de\/wp-content\/uploads\/2020\/09\/shure-55sh-ii-e1601485394796.jpg\" alt=\"\" srcset=\"https:\/\/kommentatorenblog.de\/wp-content\/uploads\/2020\/09\/shure-55sh-ii-e1601485394796.jpg 415w, https:\/\/kommentatorenblog.de\/wp-content\/uploads\/2020\/09\/shure-55sh-ii-e1601485394796-142x300.jpg 142w\" sizes=\"auto, (max-width: 10px) 100vw, 10px\" \/> Arne Malsch<\/p>\n\n\n\n<p><span style=\"text-decoration: underline;\">Donnerstag, 20. M\u00e4rz 2025<\/span><\/p>\n\n\n\n<p><em><strong>Mosambik &#8211; Uganda (14.00 Uhr)<\/strong><\/em><br><img loading=\"lazy\" decoding=\"async\" width=\"10\" height=\"21\" class=\"wp-image-3656\" style=\"width: 10px;\" src=\"http:\/\/kommentatorenblog.de\/wp-content\/uploads\/2020\/09\/shure-55sh-ii-e1601485394796.jpg\" alt=\"\" srcset=\"https:\/\/kommentatorenblog.de\/wp-content\/uploads\/2020\/09\/shure-55sh-ii-e1601485394796.jpg 415w, https:\/\/kommentatorenblog.de\/wp-content\/uploads\/2020\/09\/shure-55sh-ii-e1601485394796-142x300.jpg 142w\" sizes=\"auto, (max-width: 10px) 100vw, 10px\" \/> Marcus Radefeld<\/p>\n\n\n\n<hr class=\"wp-block-separator has-alpha-channel-opacity\"\/>\n\n\n\n<p><strong>AFC Asian WM-Qualifikation, 7.Spieltag (<strong><mark style=\"background-color:rgba(0, 0, 0, 0)\" class=\"has-inline-color has-pale-cyan-blue-color\">Sportdigital Fu\u00dfball<\/mark><\/strong>)<\/strong><\/p>\n\n\n\n<p><span style=\"text-decoration: underline;\">Donnerstag, 20. M\u00e4rz 2025<\/span><\/p>\n\n\n\n<p><em><strong>Australien &#8211; Indonesien (10.10 Uhr)<\/strong><\/em><br><img loading=\"lazy\" decoding=\"async\" width=\"10\" height=\"21\" class=\"wp-image-3656\" style=\"width: 10px;\" src=\"http:\/\/kommentatorenblog.de\/wp-content\/uploads\/2020\/09\/shure-55sh-ii-e1601485394796.jpg\" alt=\"\" srcset=\"https:\/\/kommentatorenblog.de\/wp-content\/uploads\/2020\/09\/shure-55sh-ii-e1601485394796.jpg 415w, https:\/\/kommentatorenblog.de\/wp-content\/uploads\/2020\/09\/shure-55sh-ii-e1601485394796-142x300.jpg 142w\" sizes=\"auto, (max-width: 10px) 100vw, 10px\" \/> J\u00f6rg Steiger<\/p>\n\n\n\n<p><em><strong>Japan &#8211; Bahrain (11.35 Uhr)<\/strong><\/em><br><img loading=\"lazy\" decoding=\"async\" width=\"10\" height=\"21\" class=\"wp-image-3656\" style=\"width: 10px;\" src=\"http:\/\/kommentatorenblog.de\/wp-content\/uploads\/2020\/09\/shure-55sh-ii-e1601485394796.jpg\" alt=\"\" srcset=\"https:\/\/kommentatorenblog.de\/wp-content\/uploads\/2020\/09\/shure-55sh-ii-e1601485394796.jpg 415w, https:\/\/kommentatorenblog.de\/wp-content\/uploads\/2020\/09\/shure-55sh-ii-e1601485394796-142x300.jpg 142w\" sizes=\"auto, (max-width: 10px) 100vw, 10px\" \/> Jonathan Dreier<\/p>\n\n\n\n<p><em><strong>Iran &#8211; Vereinigte Arabische Emirate (17.00 Uhr)<\/strong><\/em><br><img loading=\"lazy\" decoding=\"async\" width=\"10\" height=\"21\" class=\"wp-image-3656\" style=\"width: 10px;\" src=\"http:\/\/kommentatorenblog.de\/wp-content\/uploads\/2020\/09\/shure-55sh-ii-e1601485394796.jpg\" alt=\"\" srcset=\"https:\/\/kommentatorenblog.de\/wp-content\/uploads\/2020\/09\/shure-55sh-ii-e1601485394796.jpg 415w, https:\/\/kommentatorenblog.de\/wp-content\/uploads\/2020\/09\/shure-55sh-ii-e1601485394796-142x300.jpg 142w\" sizes=\"auto, (max-width: 10px) 100vw, 10px\" \/> Ulf Kahmke<\/p>\n\n\n\n<p><em><strong>Saudi-Arabien &#8211; China (19.15 Uhr)<\/strong><\/em><br><img loading=\"lazy\" decoding=\"async\" width=\"10\" height=\"21\" class=\"wp-image-3656\" style=\"width: 10px;\" src=\"http:\/\/kommentatorenblog.de\/wp-content\/uploads\/2020\/09\/shure-55sh-ii-e1601485394796.jpg\" alt=\"\" srcset=\"https:\/\/kommentatorenblog.de\/wp-content\/uploads\/2020\/09\/shure-55sh-ii-e1601485394796.jpg 415w, https:\/\/kommentatorenblog.de\/wp-content\/uploads\/2020\/09\/shure-55sh-ii-e1601485394796-142x300.jpg 142w\" sizes=\"auto, (max-width: 10px) 100vw, 10px\" \/> Marvin Kirsch<\/p>\n\n\n\n<hr class=\"wp-block-separator has-alpha-channel-opacity\"\/>\n\n\n\n<p><strong>UEFA U19 EM-Qualifikation (Sky\/sport.sky.de)<\/strong><\/p>\n\n\n\n<p><span style=\"text-decoration: underline;\">Mittwoch, 19. M\u00e4rz 2025<\/span><\/p>\n\n\n\n<p><em><strong>Deutschland &#8211; Slowenien (15.00 Uhr)<\/strong><\/em><br><img loading=\"lazy\" decoding=\"async\" width=\"10\" height=\"21\" class=\"wp-image-3656\" style=\"width: 10px;\" src=\"http:\/\/kommentatorenblog.de\/wp-content\/uploads\/2020\/09\/shure-55sh-ii-e1601485394796.jpg\" alt=\"\" srcset=\"https:\/\/kommentatorenblog.de\/wp-content\/uploads\/2020\/09\/shure-55sh-ii-e1601485394796.jpg 415w, https:\/\/kommentatorenblog.de\/wp-content\/uploads\/2020\/09\/shure-55sh-ii-e1601485394796-142x300.jpg 142w\" sizes=\"auto, (max-width: 10px) 100vw, 10px\" \/> Uli Hebel<br>Moderation: Philipp Hinze<\/p>\n\n\n\n<hr class=\"wp-block-separator has-alpha-channel-opacity\"\/>\n\n\n\n<p><strong>Testspiel (Sky\/sport.sky.de)<\/strong><\/p>\n\n\n\n<p><span style=\"text-decoration: underline;\">Mittwoch, 19. M\u00e4rz 2025<\/span><\/p>\n\n\n\n<p><em><strong>Eintracht Frankfurt &#8211; SG Sonnenhof Gro\u00dfaspach (19.00 Uhr)<\/strong><\/em><br><img loading=\"lazy\" decoding=\"async\" width=\"10\" height=\"21\" class=\"wp-image-3656\" style=\"width: 10px;\" src=\"http:\/\/kommentatorenblog.de\/wp-content\/uploads\/2020\/09\/shure-55sh-ii-e1601485394796.jpg\" alt=\"\" srcset=\"https:\/\/kommentatorenblog.de\/wp-content\/uploads\/2020\/09\/shure-55sh-ii-e1601485394796.jpg 415w, https:\/\/kommentatorenblog.de\/wp-content\/uploads\/2020\/09\/shure-55sh-ii-e1601485394796-142x300.jpg 142w\" sizes=\"auto, (max-width: 10px) 100vw, 10px\" \/> Tobias Roth<br>Moderation: Dennis Bayer<\/p>\n\n\n\n<hr class=\"wp-block-separator has-alpha-channel-opacity\"\/>\n\n\n\n<p><strong>Die Analyse<\/strong><\/p>\n\n\n\n<p>Bevor die DFB-Herren ihr Viertelfinale in der Nations League bestreiten, stehen in der UWCL am Dienstag und Mittwoch die ebenfalls die Hinspiele im Viertelfinale an. F\u00fcr die beiden deutschen Teams stehen dabei mit Olympique Lyon und dem FC Barcelona zwei gro\u00dfe Herausforderungen vor der T\u00fcre. DAZN \u00fcbertr\u00e4gt alle Partien mit deutschen Kommentar und setzt erstmals in dieser Saison bei beiden deutschen Spielen auf ein Quartett. Tobi Wahnschaffe wird beide Partien mit Carmen H\u00f6fflin aus dem Studio moderieren. Als Kommentatoren (aus Ismaning) kommen Nico Seepe beim Spiel der M\u00fcnchnerinnen, sowie Markus Theil bei den W\u00f6lfinnen zum Einsatz. Als Interviewer sind Lukas Draeger beziehungsweise Christoph Fetzer im Stadion. Die Partie des FC Bayern gibt es zudem auch bei DF1 frei empfangbar zu sehen, ebenso bei DAZN Rise, wo auch das sp\u00e4te Mittwochsspiel \u00fcbertragen wird. <\/p>\n\n\n\n<p>Mit dem L\u00e4nderspiel der deutschen Fu\u00dfballnationalmannschaft der M\u00e4nner in Italien steht am Donnerstag ein echter Klassiker an. Das Erste \u00fcbertr\u00e4gt live, zum ersten Mal ein L\u00e4nderspiel der DFB-Herren seit der EM 2024. Die vorherigen Nations League-Partien liefen im Wechsel bei RTL und im ZDF. <\/p>\n\n\n\n<p>Die \u00dcbertragung im Ersten \u00fcbernimmt das Duo Sedlaczek\/Schweinsteiger, w\u00e4hrend Tom Bartels die Partie kommentiert. Aus dem Trio Sohmer\/Graf\/Bartels ist er bisher der einzige, der ein L\u00e4nderspiel der DFB-Herren kommentiert, mit Blick auf die Anzahl an DFB-Spielen, die die ARD pro Jahr \u00fcbertr\u00e4gt, k\u00f6nnte es vielleicht auch dabei bleiben (vorerst). \u00c4hnlich ist es ja auch im Zweiten mit Oliver Schmidt, bei RTL dagegen wird es ja bald zu einem Wechsel kommen.<\/p>\n\n\n\n<p>Die drei weiteren Viertelfinals gibt es unterdessen bei DAZN zu sehen, sowohl im Einzelstream als auch in einer Konferenz. Es ist zwar eine Vierer-Konferenz, die Live-Rechte f\u00fcr das deutsche Spiel liegen aber bekannterma\u00dfen nicht bei DAZN, weshalb hier die anderen drei Viertelfinals plus ein Playoff-Spiel gezeigt wird. Die Partie Ukraine-Belgien gibt es interessanterweise nur in der Konferenz mit deutschem Kommentar (Simon Sterzer).<\/p>\n","protected":false},"excerpt":{"rendered":"<p>N&#8217;Abend allerseits, bevor der Blick auf den Fu\u00dfball geht, der in dieser Woche einiges zu bieten hat, werde ich in den n\u00e4chsten Zeilen mal auf den Wintersport schauen und was da so los war. Wen es nicht interessiert, der kann direkt in die Ansetzungen springen. Weltmeister, Gesamtweltcup und gelbes Trikot An diesem Wochenende standen nochmals [&hellip;]<\/p>\n","protected":false},"author":10,"featured_media":0,"comment_status":"open","ping_status":"open","sticky":false,"template":"","format":"standard","meta":{"footnotes":""},"categories":[425,426],"tags":[19,263,355,963,499,302,165,13,959,97,132,331,507,58,1307,9,503,250,239,581,223,283,191,665,831,696,134,252,1308,273,402,105,149],"class_list":["post-20929","post","type-post","status-publish","format-standard","hentry","category-champions-league-und-co","category-laenderspiele","tag-ard","tag-arne-malsch","tag-bastian-schweinsteiger","tag-carmen-hoefflin","tag-chris-putz","tag-christoph-fetzer","tag-david-ploch","tag-dazn","tag-dennis-bayer","tag-esther-sedlaczek","tag-flo-hauser","tag-freddie-schulz","tag-jonathan-dreier","tag-joerg-steiger","tag-lukas-draeger","tag-magenta-sport","tag-marcus-radefeld","tag-markus-othmer","tag-markus-theil","tag-marvin-kirsch","tag-matthias-naebers","tag-max-gross","tag-nico-seepe","tag-oliver-fassnacht-2","tag-philipp-hinze","tag-simon-sterzer","tag-sportdigital-fussball","tag-tobi-wahnschaffe","tag-tobias-roth","tag-tom-bartels","tag-ulf-kahmke","tag-uli-hebel","tag-uwe-morawe"],"_links":{"self":[{"href":"https:\/\/kommentatorenblog.de\/index.php?rest_route=\/wp\/v2\/posts\/20929","targetHints":{"allow":["GET"]}}],"collection":[{"href":"https:\/\/kommentatorenblog.de\/index.php?rest_route=\/wp\/v2\/posts"}],"about":[{"href":"https:\/\/kommentatorenblog.de\/index.php?rest_route=\/wp\/v2\/types\/post"}],"author":[{"embeddable":true,"href":"https:\/\/kommentatorenblog.de\/index.php?rest_route=\/wp\/v2\/users\/10"}],"replies":[{"embeddable":true,"href":"https:\/\/kommentatorenblog.de\/index.php?rest_route=%2Fwp%2Fv2%2Fcomments&post=20929"}],"version-history":[{"count":16,"href":"https:\/\/kommentatorenblog.de\/index.php?rest_route=\/wp\/v2\/posts\/20929\/revisions"}],"predecessor-version":[{"id":20984,"href":"https:\/\/kommentatorenblog.de\/index.php?rest_route=\/wp\/v2\/posts\/20929\/revisions\/20984"}],"wp:attachment":[{"href":"https:\/\/kommentatorenblog.de\/index.php?rest_route=%2Fwp%2Fv2%2Fmedia&parent=20929"}],"wp:term":[{"taxonomy":"category","embeddable":true,"href":"https:\/\/kommentatorenblog.de\/index.php?rest_route=%2Fwp%2Fv2%2Fcategories&post=20929"},{"taxonomy":"post_tag","embeddable":true,"href":"https:\/\/kommentatorenblog.de\/index.php?rest_route=%2Fwp%2Fv2%2Ftags&post=20929"}],"curies":[{"name":"wp","href":"https:\/\/api.w.org\/{rel}","templated":true}]}}