{"id":2098,"date":"2020-05-12T11:18:51","date_gmt":"2020-05-12T11:18:51","guid":{"rendered":"http:\/\/kommentatorenblog.de\/?p=2098"},"modified":"2020-12-30T15:59:30","modified_gmt":"2020-12-30T15:59:30","slug":"1072-bundesliga-und-bachelorarbeit","status":"publish","type":"post","link":"https:\/\/kommentatorenblog.de\/?p=2098","title":{"rendered":"1072 \u2013 Bundesliga und Bachelorarbeit!"},"content":{"rendered":"\n<p>N&#8217;Abend allerseits,<\/p>\n\n\n\n<p>zun\u00e4chst etwas in eigenem Interesse. Im Rahmen meiner Bachelorarbeit untersuche ich die Medienmen\u00fcs an einem Bundesliga-Spieltag oder einfach gesagt: Welche TV- und Streamingangebote nutzt ihr an einem Bundesliga-Spieltag und warum? Trotz der ver\u00e4nderten Bedingungen durch Corona mache ich das Beste draus und w\u00fcrde mich freuen, wenn ihr  an meiner Umfrage teilnehmen w\u00fcrdet &#8211; payback time quasi \ud83d\ude42 Wenn Ihr das Ganze auf dem Handy macht, dann am Besten das Handy quer vor sich legen!<\/p>\n\n\n\n<p>Danke f\u00fcr die Teilnahme an Runde 1. Teil 2 der Umfrage folgt n\u00e4chste Woche! <\/p>\n\n\n\n<p>Und jetzt zum Kerngesch\u00e4ft!<\/p>\n\n\n\n<p>Vor \u00fcber zwei Monaten begr\u00fc\u00dfte Marcus Lindemann zuletzt zur Bundesliga. Das Spiel Gladbach gegen K\u00f6ln war seinerzeit die erste Begegnung ohne Zuschauer. Sicherlich waren die historische Konferenz und die Retro-Games unterhaltsam. Der Vergleich mit mit Live-Fussball hinkt nat\u00fcrlich. Da passt selbst das Sprichwort mit den \u00c4pfeln und Birnen nicht \ud83d\ude42 Trotz aller Umst\u00e4nde freue ich mich auf Live-Sport am kommenden Wochenende! Die Jungs von Sky bem\u00fchen sich um ein ordentliches TV-Erlebnis, entwickelten ein neues Format, lassen die Fan zum Zug kommen, etc. Mehr dazu in der XXL-Analyse am Ende des Eintrags &#8211; inklusive Vergleich mit den Ansetzungen des 26 Spieltags, der vor \u00fcber zwei Monaten abgesagt worden ist. <\/p>\n\n\n\n<p><strong><em>Die Ansetzungen vom 16. Mai 2020 bis zum 18. Mai 2020<\/em><\/strong><\/p>\n\n\n\n<p><strong>Bundesliga, 26. Spieltag<\/strong><\/p>\n\n\n\n<p><span style=\"text-decoration: underline;\">Samstag, 16. M\u00e4rz 2020, ab 14.00 Uhr (Sky\/ Sky Sport News HD)<\/span><\/p>\n\n\n\n<p><em><strong>Borussia Dortmund \u2013 FC Schalke 04 (15.30 Uhr)<\/strong><\/em><\/p>\n\n\n\n<p>Sky: Jonas Friedrich (Einzelspiel), Wolff Fuss (Konferenz)<\/p>\n\n\n\n<p>Field-Reporter: Marcus Lindemann<\/p>\n\n\n\n<p><strong><em>RB Leipzig \u2013 SC Freiburg (15.30 Uhr)<\/em><\/strong><\/p>\n\n\n\n<p>Sky: Oliver Seidler (Einzelspiel), Kai Dittmann (Konferenz)<\/p>\n\n\n\n<p>Field-Reporter: Esther Sedlaczek<\/p>\n\n\n\n<p><strong><em>TSG 1899 Hoffenheim \u2013&nbsp;Hertha BSC (15.30 Uhr)<\/em><\/strong><\/p>\n\n\n\n<p>Sky: J\u00fcrgen Schmitz (Einzelspiel), Frank Buschmann (Konferenz)<\/p>\n\n\n\n<p>Field-Reporter: Ulli Potofski <\/p>\n\n\n\n<p><strong><em>FC Augsburg \u2013&nbsp;VfL Wolfsburg (15.30 Uhr)<\/em><\/strong><\/p>\n\n\n\n<p>Sky: Roland Evers (Einzelspiel), Michael Born (Konferenz)<\/p>\n\n\n\n<p>Field-Reporterin: Britta Hofmann<\/p>\n\n\n\n<p><strong><em>Fortuna D\u00fcsseldorf \u2013&nbsp;SC Paderborn 07 (15.30 Uhr)<\/em><\/strong><\/p>\n\n\n\n<p>Sky: Tom Bayer (Einzelspiel), Hansi K\u00fcpper (Konferenz)<\/p>\n\n\n\n<p>Field-Reporter: Dirk Grosse Schlarmann<\/p>\n\n\n\n<p>Moderation:&nbsp;Michael Leopold,&nbsp;Experte:&nbsp;Didi Hamann<\/p>\n\n\n\n<p><span style=\"text-decoration: underline;\">ab 17.30 Uhr (Sky)<\/span><\/p>\n\n\n\n<p><strong><em>Eintracht Frankfurt \u2013 Borussia M&#8217;Gladbach (18.30 Uhr)<\/em><\/strong><\/p>\n\n\n\n<p>Sky: Martin Gro\u00df (Einzelspiel) oder Florian-Schmidt Sommerfeld (#CouchKurve)   <\/p>\n\n\n\n<p>Moderation: Sebastian Hellmann, Experte: Lothar Matth\u00e4us, Field-Reporter: Ecki Heuser<\/p>\n\n\n\n<p><span style=\"text-decoration: underline;\">Sonntag, 17. Mai 2020, ab 14.30 Uhr (Sky)<\/span><\/p>\n\n\n\n<p><strong><em>1.FC K\u00f6ln \u2013 1.FSV Mainz 05 (15.30 Uhr)<\/em><\/strong><\/p>\n\n\n\n<p>Sky: Marcus Lindemann<\/p>\n\n\n\n<p>Field-Reporter: Martin Gro\u00df<\/p>\n\n\n\n<p><span style=\"text-decoration: underline;\">ab 17.30 Uhr (Sky)<\/span><\/p>\n\n\n\n<p><strong><em>Union Berlin \u2013 FC Bayern M\u00fcnchen (18.00 Uhr)<\/em><\/strong><\/p>\n\n\n\n<p>Sky: Wolff Fuss<\/p>\n\n\n\n<p>Field-Reporterin: Esther Sedlaczek<\/p>\n\n\n\n<p>Moderation:&nbsp;Jessica Libbertz, Experte: Heribert Bruchhagen<\/p>\n\n\n\n<p><span style=\"text-decoration: underline;\">Montag, 18. Mai 2020 ab 20.15 Uhr (DAZN<\/span>) bzw. Ab 20.00 Uhr (Amazon Prime)<\/p>\n\n\n\n<p><strong><em>SV Werder Bremen \u2013 Bayer 04 Leverkusen (20.30 Uhr)<\/em><\/strong><\/p>\n\n\n\n<p>DAZN: Jan Platte, Experte: Jonas Hummels<\/p>\n\n\n\n<p>Amazon Prime: Matthias Stach<\/p>\n\n\n\n<p>Moderation (DAZN): Alex Schl\u00fcter; Field-Reporter: Sebastian Benesch<\/p>\n\n\n\n<p>Moderation (Amazon Prime): Anna Kraft<\/p>\n\n\n\n<p><strong>2. Bundesliga, 26. Spieltag<\/strong><\/p>\n\n\n\n<p><span style=\"text-decoration: underline;\">Samstag, 16. Mai 2020, ab 12.30 Uhr (Sky)<\/span><\/p>\n\n\n\n<p><strong><em>VfL Bochum&nbsp;\u2013&nbsp;1. FC Heidenheim (13.00 Uhr)<\/em><\/strong><\/p>\n\n\n\n<p>Sky: Sven Haist, Interviews: Schalte<\/p>\n\n\n\n<p><strong><em>Karlsruher SC \u2013&nbsp;SV Darmstadt 98 (13.00 Uhr)<\/em><\/strong><\/p>\n\n\n\n<p>Sky: Holger Pfandt, Interviews: Schalte<\/p>\n\n\n\n<p><strong><em>Jahn Regensburg&nbsp;\u2013&nbsp;Holstein Kiel (13.00 Uhr)<\/em><\/strong><\/p>\n\n\n\n<p>Sky: Heiko Mallwitz <\/p>\n\n\n\n<p><strong><em>FC Erzgebirge Aue \u2013 SV Sandhausen<\/em><\/strong>&nbsp;<strong><em>(13.00 Uhr)<\/em><\/strong><\/p>\n\n\n\n<p>Sky: Markus G\u00f6tz<\/p>\n\n\n\n<p>Moderation: Peter Hardenacke <\/p>\n\n\n\n<p><span style=\"text-decoration: underline;\">Sonntag, 17. Mai 2020, ab 12.30 Uhr (Sky\/ Sky Sport News HD)<\/span><\/p>\n\n\n\n<p><strong><em>Arminia Bielefeld \u2013 VfL Osnabr\u00fcck (13.30 Uhr)<\/em><\/strong><\/p>\n\n\n\n<p>Sky: Michael Born, Interviews: Schalte<\/p>\n\n\n\n<p><strong><em>SpVgg Greuther F\u00fcrth \u2013 Hamburger SV (13.30 Uhr)<\/em><\/strong><\/p>\n\n\n\n<p>Sky: Holger Pfandt, Interviews: Schalte<\/p>\n\n\n\n<p><strong><em>SV Wehen Wiesbaden \u2013&nbsp;VfB Stuttgart&nbsp; (13.30 Uhr)<\/em><\/strong><\/p>\n\n\n\n<p>Sky: Klaus Veltmann, Interviews: Schalte<\/p>\n\n\n\n<p><strong><em>FC St. Pauli \u2013&nbsp;1. FC N\u00fcrnberg (13.30 Uhr)<\/em><\/strong><\/p>\n\n\n\n<p>Sky: Karsten Petrzika, Interviews: Schalte<\/p>\n\n\n\n<p>Moderation: Stefan Hempel<\/p>\n\n\n\n<p><strong>Internationaler Fu\u00dfball<\/strong><\/p>\n\n\n\n<p><span style=\"text-decoration: underline;\">Samstag, 16. Mai 2020<\/span><\/p>\n\n\n\n<p>K League, 02. Spieltag:&nbsp;<em><strong>Daegu FC \u2013 Pohang Steelers (09.30 Uhr)<\/strong><\/em><\/p>\n\n\n\n<p>sportdigital FUSSBALL: Karsten Linke<\/p>\n\n\n\n<p>K League, 02. Spieltag:&nbsp;<strong><em>Busan IPark \u2013 Jeonbuk Hyundai Motors (12.00 Uhr)<\/em><\/strong><\/p>\n\n\n\n<p>sportdigital FUSSBALL: Florian Obst<\/p>\n\n\n\n<p><span style=\"text-decoration: underline;\">Sonntag, 10. Mai 2020<\/span><\/p>\n\n\n\n<p>K League, 02. Spieltag:&nbsp;<strong><em>Suwon Samsung Bluewings \u2013 Ulsan Hyundai FC (09.30 Uhr)<\/em><\/strong><\/p>\n\n\n\n<p>sportdigital FUSSBALL: Christian Blunck<\/p>\n\n\n\n<p>K League, 02. Spieltag: <em><strong>FC Seoul \u2013 Gwangju FC (12.00 Uhr)<\/strong><\/em><\/p>\n\n\n\n<p>sportdigital FUSSBALL: Karsten Linke<\/p>\n\n\n\n<p><strong>Die Analyse <\/strong><\/p>\n\n\n\n<p><strong>Das Mysterium um\u00b4s Freitagsspiel <\/strong><\/p>\n\n\n\n<p>DAZN-Kommentator Freddy Harder h\u00e4tte Mitte M\u00e4rz eigentlich sein Bundesliga-Deb\u00fct gegeben. Erstens kommt es anders, zweitens als man denkt! Die Partie und der komplette 26. Spieltag wurden aus bekannten Gr\u00fcnden abgesagt. Diesen Freitag darf das Spiel nicht stattfinden. Grund: Bund und L\u00e4nder erlauben den Spielbetrieb erst ab der zweiten Mai-H\u00e4lfte. So schiebt die DFL D\u00fcsseldorf-Paderborn auf den Samstag. Und das DAZN-Spiel wird zum Sky-Spiel. Die &#8222;Eurosport-Problematik&#8220; durfte seinen Teil dazu beigetragen haben! Wie und ob DAZN diese Partie &#8222;zur\u00fcckbekommt&#8220;, die quasi Teil seines Rechtepakets ist\/war, bleibt ein Geheimnis. Sky verweist hier auf die Spieltagsverschiebung der DFL. Ich kann\u00b4s mir irgendwie nicht vorstellen, dass Sky das Spiel &#8222;geschenkt&#8220; bekommt. Naja, vielleicht gibt\u00b4s f\u00fcr DAZN an anderer Stelle ein Ausgleichsspiel oder \u00c4hnliches. <\/p>\n\n\n\n<p><strong>Fokus auf die Konferenz<\/strong><\/p>\n\n\n\n<p>Die Vorberichterstattung startet &#8222;normal&#8220; um 14.00 Uhr. Der Fokus liegt bei Sky auf der Konferenz! Wieso? Diese und n\u00e4chste Woche gibt\u00b4s das Ganze auch im Free-TV. Die Einteilung der Kommentatoren untermauert die These. So wird Fuss quasi vom Revierderby-Einzelspiel f\u00fcr den Konferenzeinsatz abgezogen. Buschmann, der im M\u00e4rz BVB-Schalke aus Unterf\u00f6hring begleitet h\u00e4tte, muss sich mit Hoffenheim gegen Hertha (Konferenz) zufrieden geben. Dittmann wechselt auch vom Einzelspiel (Union-Bayern) in die Konferenz (Leipzig-Freiburg). Born und K\u00fcpper erg\u00e4nzen die erfahrene Aufstellung.  <\/p>\n\n\n\n<p><strong>Corona-&#8222;Gl\u00fcck&#8220; f\u00fcr Friedrich und Fankommentar<\/strong><\/p>\n\n\n\n<p>Revierderby mit Jonas Friedrich. Diese Ansetzung h\u00e4tten wir in unserem &#8222;Special-Interest&#8220; &#8211; Blog vor zwei Monaten noch als Sensation vermeldet. Nach der Corona-Pause betitel ich das Ganze mal &#8222;nur&#8220; als \u00fcberraschend. So ehrlich muss man sein: Friedrich bekommt das Spiel nur, weil Sky seine drei Kommentatoren, die f\u00fcr das Spiel in Frage kommen, gerne in der Konferenz h\u00f6ren will. F\u00fcr meinen Teil freue ich mich auf die 90 Minuten mit Jonas. Ich hatte das Gl\u00fcck ihn kennengelernt zu haben &#8211; feiner Kerl. Marcus Lindemann als Field-Reporter hingegen ist keine \u00dcberraschung. Als einmalige Aktion wird Sky zudem eine zus\u00e4tzliche \u00dcbertragung des Revierderbys zwischen dem BVB und dem FC Schalke mit Fan-Kommentar anbieten. Das Ganze gibt\u00b4s auf Sky Sport Bundesliga 7 HD. Je ein Borusse und ein Schalker sitzen hier am Mikro. <\/p>\n\n\n\n<p><strong>Geringe Reisestrapazen<\/strong> <\/p>\n\n\n\n<p>Bei den weiteren Einzelspielen am Samstagnachmittag verzichtet Sky auf wahnsinnig weite Anreisen f\u00fcr die Kommentatoren. Seidler muss von Hannover nach Leipzig und J\u00fcrgen Schmitz, der eigentlich nur an den letzten beiden BULI-Spieltagen mal in Liga1 zum Zug kommt, darf von K\u00f6ln nach Hoffenheim. Ulli Potofski \u00fcbernimmt hier die Interviews. Gef\u00fchlt ist die Reporterlegende mittlerweile Dauergast in Sinsheim. Heimspiel gibt\u00b4s quasi f\u00fcr Bayer. Er \u00fcbernimmt f\u00fcr Sky das dazugewonnene Spiel zwischen Paderborn und D\u00fcsseldorf. Augsburg-Wolfsburg wechselt von Sonntagabend auf Samstagnachmittag. Martin Gro\u00df und Michael Leopold werden ersetzt durch Roland Evers und Britta Hofmann.  <\/p>\n\n\n\n<p><strong>Neues Topspiel und Bayern am Sonntag<\/strong><\/p>\n\n\n\n<p>Frankfurt gegen Gladbach h\u00e4tte wegen der Europa League am Sonntag stattgefunden. Die neue Ansetzung macht das Duell zum Topspiel. Gro\u00df bleibt als Letzter der vier Topspielkommentatoren \u00fcbrig. Hellmann und Matth\u00e4us d\u00fcrfen nat\u00fcrlich auch nicht fehlen. Sie berichten allerdings aus dem Studio in Unterf\u00f6hring. Eine Topspielproduktion live aus dem Stadion unter Corona-Vorlagen ist schlichtweg schwierig. Der Interviewer istEcki Heuser &#8211; logische Ansetzung. <\/p>\n\n\n\n<p>Zudem wird in der neuen Sendung #CouchKurve\u201c Florian Schmidt-Sommerfeld mit je einem Fan der beiden Teams das Spiel begleiten. Nach seinem Aus bei Champions Corner wird Schmiso von den Sky-Verantwortlichen wieder ins &#8222;interaktive Internetbecken&#8220; geworfen. Ich freue mich drauf und zappe mal rein. K\u00f6ln-Mainz kriegt den Sendeplatz von Frankfurt-Gladbach am Sonntag. Marcus Lindemann kommt hier zum klassischen Sonntagseinsatz am Mikro, Martin Gro\u00df f\u00fchrt hier die Interviews. Die Reise von M\u00fcnchen nach Berlin nimmt Wolff Fuss auf sich. Zwei Eins\u00e4tze f\u00fcr Sky\u00b4s Nummer 1 sind ein klares Zeichen. Und Jessica Libbertz wird von Heribert Bruchhagen im Studio unterst\u00fctzt. <\/p>\n\n\n\n<p>Bei allen Partien des Spieltags bietet Sky zus\u00e4tzlich eine neue frei w\u00e4hlbare Audio-Option an. In der Grundeinstellung \u201eOriginal\u201c h\u00f6ren Zuschauer wie bisher auch den Kommentator und das Geschehen im Stadion. Zus\u00e4tzlich wird ein st\u00e4rkerer Fokus auf den Rufen von Spielern und Trainern sowie den Ger\u00e4uschen der Ballaktionen liegen.  <\/p>\n\n\n\n<p><strong>D\u00fcrfen sie es zeigen? Wahrscheinlich!<\/strong><\/p>\n\n\n\n<p>Donnerstagabend Stand 17.30 Uhr war das R\u00e4tsel um das Montagsspiel noch nicht gel\u00f6st. In der DAZN-Programmvorschau fehlte die Partie zwischen Bremen und Leverkusen. Unter der Woche verwies DAZN auf die j\u00fcngsten Aussagen von Seifert. Daraus konnten wir schon schlie\u00dfen, dass die DAZN-Verantwortlichen sich mit der DFL auf eine neue Vereinbarung geeinigt hat. Die Ansetzung der n\u00e4chsten drei Spieltage (u.a. mit Freitagsspielen) untermauert unsere These: DAZN wird das Montagsspiel wohl zeigen d\u00fcrfen. Falls nicht wird das in diesem Eintrag noch Thema werden. <br><\/p>\n\n\n\n<p>Update: Ja, sie d\u00fcrfen. Leider gibt\u2018s das Spiel nur aus der Box. Nur Interviewer Sebastian Benesch reist von M\u00fcnchen nach Bremen.<\/p>\n\n\n\n<p><strong>\u00c4hnliches Bild in der 2. Bundesliga<\/strong><\/p>\n\n\n\n<p>In der zweiten Liga gibt es aufgrund der Quarant\u00e4ne von Dynamo Dresden nur acht Spiele. Der Freitag entf\u00e4llt aus den gleichen Gr\u00fcnden wie in Liga1. Ein Montagsspiel gibt\u00b4s nicht, weil f\u00fcr dem 26. Spieltag jenes in der 1. Bundesliga angesetzt war. Somit bleiben zwei Sendungen (Samstag und Sonntag). Erkenbrecher und von Kameke pausieren. Hardenacke und Hempel moderieren. Letzteren k\u00f6nnt ihr bekanntlich am Sonntag auch im Free-TV bei Sky Sport News sehen. <\/p>\n\n\n\n<p>Zum Einsatz kommen kommen unter anderem Holger Pfandt und Klaus Veltmann. Beide fehlen in der 1. Bundesliga. Zudem h\u00f6ren wir die Handball-Experten Mallwitz, Petrzika und G\u00f6tz. Die HBL-Saison wurde ja bereits als beendet erkl\u00e4rt. Dazu kommen Sven Haist und Michael Born, der ja sowieso f\u00fcr die Bundesliga Konferenz in M\u00fcnchen ist! Toni Tomic, der zuletzt immer Samstag in der historischen Konferenz am Start war, fehlt dieses Wochenende komplett! <br><\/p>\n\n\n\n<p>Update: Die Jungs von Sky Sport News sind nicht als Fieldreporter im Einsatz. Schalten sind aber in fast alle Stadien m\u00f6glich. <\/p>\n\n\n\n<p><strong>Internationaler Fu\u00dfball<\/strong><\/p>\n\n\n\n<p>Auch in der K League wird an diesem Wochenende wieder gespielt. Korea schafft also wohl zwei Spieltage am St\u00fcck &#8211; interessant. Sportdigital setzt auf bew\u00e4hrte Stimmen und sorgt f\u00fcr das Aufw\u00e4rmprogramm in Hinblick auf den Bundesliga-Fu\u00dfball.<\/p>\n","protected":false},"excerpt":{"rendered":"<p>N&#8217;Abend allerseits, zun\u00e4chst etwas in eigenem Interesse. Im Rahmen meiner Bachelorarbeit untersuche ich die Medienmen\u00fcs an einem Bundesliga-Spieltag oder einfach gesagt: Welche TV- und Streamingangebote nutzt ihr an einem Bundesliga-Spieltag und warum? Trotz der ver\u00e4nderten Bedingungen durch Corona mache ich das Beste draus und w\u00fcrde mich freuen, wenn ihr an meiner Umfrage teilnehmen w\u00fcrdet &#8211; [&hellip;]<\/p>\n","protected":false},"author":3,"featured_media":0,"comment_status":"open","ping_status":"open","sticky":false,"template":"","format":"standard","meta":{"footnotes":""},"categories":[424],"tags":[20,115,30,14,61,25,69,86,285,93,59,31,112,95,114,88,113,45,98,22,286,134,85,107],"class_list":["post-2098","post","type-post","status-publish","format-standard","hentry","category-bundesliga-und-co","tag-2-bundesliga","tag-1-bundesliga","tag-didi-hamann","tag-eurosport","tag-frank-buschmann","tag-hansi-kuepper","tag-jonas-friedrich","tag-juergen-schmitz","tag-k-league","tag-kai-dittmann","tag-karsten-linke","tag-lothar-matthaeus","tag-marcus-lindemann","tag-martin-gross","tag-michael-born","tag-michael-leopold","tag-oliver-seidler","tag-roland-evers","tag-sebastian-hellmann","tag-sky","tag-sky-sport-news-hd","tag-sportdigital-fussball","tag-tom-bayer","tag-wolff-fuss"],"_links":{"self":[{"href":"https:\/\/kommentatorenblog.de\/index.php?rest_route=\/wp\/v2\/posts\/2098","targetHints":{"allow":["GET"]}}],"collection":[{"href":"https:\/\/kommentatorenblog.de\/index.php?rest_route=\/wp\/v2\/posts"}],"about":[{"href":"https:\/\/kommentatorenblog.de\/index.php?rest_route=\/wp\/v2\/types\/post"}],"author":[{"embeddable":true,"href":"https:\/\/kommentatorenblog.de\/index.php?rest_route=\/wp\/v2\/users\/3"}],"replies":[{"embeddable":true,"href":"https:\/\/kommentatorenblog.de\/index.php?rest_route=%2Fwp%2Fv2%2Fcomments&post=2098"}],"version-history":[{"count":57,"href":"https:\/\/kommentatorenblog.de\/index.php?rest_route=\/wp\/v2\/posts\/2098\/revisions"}],"predecessor-version":[{"id":2168,"href":"https:\/\/kommentatorenblog.de\/index.php?rest_route=\/wp\/v2\/posts\/2098\/revisions\/2168"}],"wp:attachment":[{"href":"https:\/\/kommentatorenblog.de\/index.php?rest_route=%2Fwp%2Fv2%2Fmedia&parent=2098"}],"wp:term":[{"taxonomy":"category","embeddable":true,"href":"https:\/\/kommentatorenblog.de\/index.php?rest_route=%2Fwp%2Fv2%2Fcategories&post=2098"},{"taxonomy":"post_tag","embeddable":true,"href":"https:\/\/kommentatorenblog.de\/index.php?rest_route=%2Fwp%2Fv2%2Ftags&post=2098"}],"curies":[{"name":"wp","href":"https:\/\/api.w.org\/{rel}","templated":true}]}}