{"id":21106,"date":"2025-04-01T00:10:19","date_gmt":"2025-03-31T23:10:19","guid":{"rendered":"https:\/\/kommentatorenblog.de\/?p=21106"},"modified":"2026-01-16T02:50:57","modified_gmt":"2026-01-16T01:50:57","slug":"1499-kommentatoren-castings","status":"publish","type":"post","link":"https:\/\/kommentatorenblog.de\/?p=21106","title":{"rendered":"1499 &#8211; Kommentatoren-Castings"},"content":{"rendered":"\n<p>N\u2018Abend allerseits,<\/p>\n\n\n\n<p>Magenta Sport sucht den n\u00e4chsten Wolff Fuss &#8211; und zwar auf TikTok. Eine sehr kurzfristig angek\u00fcndigte Aktion erm\u00f6glicht es seit Montagnachmittag beliebigen Nutzern, \u00fcber Spielszenen der Icon League (es handelt sich um eine Kooperation mit Fuss und dessen Icon-League-Team), sich als Kommentator zu beweisen. (Update: die Aktion geht nun doch bis zum 24. April.) Als Gewinn winkt allerdings keine dauerhafte Besch\u00e4ftigung bei Magenta Sport, sondern lediglich ein Workshop mit Fuss und die Kommentierung eines Livespiels bei Magenta Sport.<\/p>\n\n\n\n<p>Das war bei bisherigen Castings noch anders. Schon etwas l\u00e4nger ist es her, dass Sport\u00fcbertragungsdienste \u00f6ffentlich nach Verst\u00e4rkung fahndeten. Bei Sky blieben vier Castings in Erinnerung, zweimal wurden Moderator:innen gesucht, einmal explizit weibliche Kommentatorinnen, einmal Kommentator:innen aller Geschlechter. An diesen Castings nahmen damals noch weitgehend unbekannte Personen teil, von denen allerdings nicht wenige heute nicht mehr aus dem Sport-TV wegzudenken sind. Auch DAZN veranstaltete 2022 ein Casting:<\/p>\n\n\n\n<hr class=\"wp-block-separator has-alpha-channel-opacity\"\/>\n\n\n\n<p><strong>Moderatoren-Casting 2010 (Sky)<\/strong> &#8211; Jury: Marcel Reif, Ilaria D\u2018Amico, Marcus H\u00f6fl, Patricia Driese, Carsten Schmidt<\/p>\n\n\n\n<p>Gewinnerin: <strong>Esther Sedlaczek<\/strong><br>Unter den Top 3: Ruth Hofmann, Sarah Valentina Winkhaus<br>Vorher ausgeschieden: u.a. Laura Wontorra, Christopher Wehrmann<\/p>\n\n\n\n<hr class=\"wp-block-separator has-alpha-channel-opacity\"\/>\n\n\n\n<p><strong>Kommentatorinnen-Casting 2012 (Sky)<\/strong> &#8211; Jury: Marcel Reif, Matthias Br\u00fcgelmann, B\u00e4rbel Sch\u00e4fer<\/p>\n\n\n\n<p>Gewinnerin: <strong>Christina Graf<\/strong><br>Unter den Top 3: Mareile Ihde, Christina Rann<br>Vorher ausgeschieden: u.a. Stephanie Baczyk<\/p>\n\n\n\n<hr class=\"wp-block-separator has-alpha-channel-opacity\"\/>\n\n\n\n<p><strong>Kommentatoren-Casting 2014 (Sky)<\/strong> &#8211; Jury: Wolff Fuss, Carsten Schmidt, Burkhard Weber, Peter Lohmeyer, Mounir Zitouni<\/p>\n\n\n\n<p>Gewinner: <strong>Gari Paubandt<\/strong><br>Unter den Top 4: Michael Bollenbacher, Lukas Sch\u00f6nm\u00fcller, Julian Harings<br>Vorher ausgeschieden: u.a. Florian Schmidt-Sommerfeld<\/p>\n\n\n\n<hr class=\"wp-block-separator has-alpha-channel-opacity\"\/>\n\n\n\n<p><strong>Moderatoren-Casting 2018 (Sky)<\/strong> &#8211; Jury: Dr. Sebastian Dettmers (StepStone), Britta Hofmann, Mario Nauen, Roman Steuer<\/p>\n\n\n\n<p>Gewinnerin: <strong>Miriam Sinno<\/strong><br>Unter den Top 4: Fanny Fee Werther, Andi Lengenfelder, Markus Paszehr<br>Vorher ausgeschieden: u.a. Valentina Maceri<\/p>\n\n\n\n<hr class=\"wp-block-separator has-alpha-channel-opacity\"\/>\n\n\n\n<p><strong>DAZN X Indeed Draft 2022<\/strong> &#8211; Jury: Laura Wontorra, Jan Platte, Julia Simic, Michael Bracher<\/p>\n\n\n\n<p>Gewinner: <strong>Mika Kaul<\/strong> und <strong>Christian Scherpe<\/strong><\/p>\n\n\n\n<hr class=\"wp-block-separator has-alpha-channel-opacity\"\/>\n\n\n\n<p>Wenn man die Gewinner der ersten drei Sky-Castings anschaut, f\u00e4llt auf: alle drei haben es mittlerweile in die vorderste Front bei den \u00d6ffentlich-Rechtlichen geschafft, was definitiv einiges \u00fcber die Qualit\u00e4t der Verfahren aussagt. Auch die vierte Gewinnerin Miriam Sinno ist mittlerweile bei den \u00d6RR angelangt, wenn auch bislang noch nicht in allzu prominenter Funktion. Allerdings sind nicht alle Teilnehmer den beruflichen Weg ins Stadion gegangen: Winkhaus war nach ihrer letzten Sport-Station SPORT1 zuletzt in einer Comedysendung von RTL zu sehen, die auch bereits eine Weile zur\u00fcckliegt. Christopher Wehrmann ist jetzt Nachrichtensprecher beim ZDF. Mareile Ihde hat die Laufbahn im Sportjournalismus anschlie\u00dfend nicht mehr weiterverfolgt und ist mittlerweile im politischen Medienbereich t\u00e4tig. Julian Harings war in den letzten Jahren \u00fcberwiegend bei Sporttotal in der Regionalliga West zu h\u00f6ren, manchmal aber auch bei L\u00e4nderspiel-Zusammenfassungen bei RTL. Schmiso war ein Jahr sp\u00e4ter beim Casting f\u00fcr die NFL bei ProSieben erfolgreich und landete 2017 dann schlie\u00dflich doch bei Sky.<\/p>\n\n\n\n<p>Von den Teilnehmern des Moderatoren-Castings 2010 wurden alle hier Genannten von Sky wenig sp\u00e4ter weiterbesch\u00e4ftigt, nicht zuletzt da f\u00fcr den bald darauf gestarteten Nachrichtensender Sky Sport News viel Verst\u00e4rkung ben\u00f6tigt wurde. Auch Christina Rann verbrachte bekanntlich f\u00fcnf Jahre als Moderatorin bei Sky. W\u00e4hrend die Gewinnerin 2018 Miriam Sinno nur recht kurz bei Sky Sport News blieb, ist mit Andi Lengenfelder ein weiterer Finalist dort heute eine feste Gr\u00f6\u00dfe.<\/p>\n\n\n\n<p>Das Casting von DAZN 2022 wurde gemeinsam mit dem Kooperationspartner Indeed organisiert. Die enge Entscheidung f\u00fchrte hier zu zwei Gewinnern: Football-Kommentatorin Mika Kaul und Chris Scherpe, der zuvor u.a. auch Regionalliga West bei Sporttotal kommentierte, allerdings nur kurz darauf und nach nur einem Einsatz in LaLiga viel zu fr\u00fch verstorben ist.<\/p>\n\n\n\n<p>Aber nun zur Fu\u00dfballwoche, die in erster Linie die Halbfinalspiele des DFB-Pokal mit sich bringt. Wie im letzten Jahr ist mit Arminia Bielefeld wieder ein Drittligist dabei, f\u00fcr den das Los des Titelverteidigers Bayer Leverkusen jedoch nicht schwerer h\u00e4tte sein k\u00f6nnen. In Stuttgart treffen mit dem VfB und RB Leipzig zwei Klubs aufeinander, die in der Liga beide eine Ergebniskrise durchgemacht haben. In letzterem Fall mit Konsequenzen f\u00fcr den Trainer, wodurch es am Mittwoch das Deb\u00fct von Thomas Tuchels Ex-Assistenten Zsolt L\u00f6w an der Seitenlinie geben wird.<\/p>\n\n\n\n<hr class=\"wp-block-separator has-alpha-channel-opacity\"\/>\n\n\n\n<p><strong>Die Ansetzungen vom 01. bis zum 03. April 2025<\/strong><\/p>\n\n\n\n<hr class=\"wp-block-separator has-alpha-channel-opacity\"\/>\n\n\n\n<p><strong>DFB-Pokal, Halbfinale<\/strong><\/p>\n\n\n\n<p><span style=\"text-decoration: underline;\">Dienstag, 01. April 2025, ab 20.00 Uhr (Sky) bzw. ab 20.15 Uhr (Das Erste)<\/span><\/p>\n\n\n\n<p><strong><em>DSC Arminia Bielefeld &#8211; Bayer 04 Leverkusen (20.45 Uhr)<\/em><\/strong><\/p>\n\n\n\n<p><img loading=\"lazy\" decoding=\"async\" width=\"10\" height=\"21\" class=\"wp-image-3656\" style=\"width: 10px;\" src=\"http:\/\/kommentatorenblog.de\/wp-content\/uploads\/2020\/09\/shure-55sh-ii-e1601485394796.jpg\" alt=\"\" srcset=\"https:\/\/kommentatorenblog.de\/wp-content\/uploads\/2020\/09\/shure-55sh-ii-e1601485394796.jpg 415w, https:\/\/kommentatorenblog.de\/wp-content\/uploads\/2020\/09\/shure-55sh-ii-e1601485394796-142x300.jpg 142w\" sizes=\"auto, (max-width: 10px) 100vw, 10px\" \/> <em>Das Erste<\/em>: Christina Graf<br>Moderation (<em>Das Erste<\/em>): Esther Sedlaczek, Experte: Bastian Schweinsteiger, Field-Reporter: Claus Lufen<\/p>\n\n\n\n<p><img loading=\"lazy\" decoding=\"async\" width=\"10\" height=\"21\" class=\"wp-image-3656\" style=\"width: 10px;\" src=\"http:\/\/kommentatorenblog.de\/wp-content\/uploads\/2020\/09\/shure-55sh-ii-e1601485394796.jpg\" alt=\"\" srcset=\"https:\/\/kommentatorenblog.de\/wp-content\/uploads\/2020\/09\/shure-55sh-ii-e1601485394796.jpg 415w, https:\/\/kommentatorenblog.de\/wp-content\/uploads\/2020\/09\/shure-55sh-ii-e1601485394796-142x300.jpg 142w\" sizes=\"auto, (max-width: 10px) 100vw, 10px\" \/> <em>Sky<\/em>: Kai Dittmann<br>Moderation (<em>Sky<\/em>): Britta Hofmann, Experte: Fabian Klos, Field-Reporter: Patrick Wasserziehr<\/p>\n\n\n\n<p><span style=\"text-decoration: underline;\">Mittwoch, 02. April 2025, ab 20.00 Uhr (Sky) bzw. ab 20.15 Uhr (ZDF)<\/span><\/p>\n\n\n\n<p><strong><em>VfB Stuttgart &#8211; RB Leipzig (20.45 Uhr)<\/em><\/strong><\/p>\n\n\n\n<p><img loading=\"lazy\" decoding=\"async\" width=\"10\" height=\"21\" class=\"wp-image-3656\" style=\"width: 10px;\" src=\"http:\/\/kommentatorenblog.de\/wp-content\/uploads\/2020\/09\/shure-55sh-ii-e1601485394796.jpg\" alt=\"\" srcset=\"https:\/\/kommentatorenblog.de\/wp-content\/uploads\/2020\/09\/shure-55sh-ii-e1601485394796.jpg 415w, https:\/\/kommentatorenblog.de\/wp-content\/uploads\/2020\/09\/shure-55sh-ii-e1601485394796-142x300.jpg 142w\" sizes=\"auto, (max-width: 10px) 100vw, 10px\" \/> <em>ZDF<\/em>: Oliver Schmidt<br>Moderation (<em>ZDF<\/em>): Katrin M\u00fcller-Hohenstein, Expertin: Friederike Kromp, Schiedsrichter-Experte: Thorsten Kinh\u00f6fer, Field-Reporter: Lars Ruthemann<\/p>\n\n\n\n<p><img loading=\"lazy\" decoding=\"async\" width=\"10\" height=\"21\" class=\"wp-image-3656\" style=\"width: 10px;\" src=\"http:\/\/kommentatorenblog.de\/wp-content\/uploads\/2020\/09\/shure-55sh-ii-e1601485394796.jpg\" alt=\"\" srcset=\"https:\/\/kommentatorenblog.de\/wp-content\/uploads\/2020\/09\/shure-55sh-ii-e1601485394796.jpg 415w, https:\/\/kommentatorenblog.de\/wp-content\/uploads\/2020\/09\/shure-55sh-ii-e1601485394796-142x300.jpg 142w\" sizes=\"auto, (max-width: 10px) 100vw, 10px\" \/> <em>Sky<\/em>: Wolff Fuss<br>Moderation (<em>Sky<\/em>): Michael Leopold, Expertin: Julia Simic, Field-Reporter: Yannick Erkenbrecher<\/p>\n\n\n\n<hr class=\"wp-block-separator has-alpha-channel-opacity\"\/>\n\n\n\n<p><strong>UEFA Youth League, Viertelfinale (DAZN)<\/strong><\/p>\n\n\n\n<p><span style=\"text-decoration: underline;\">Mittwoch, 02. April 2025<\/span><\/p>\n\n\n\n<p><strong><em>VfB Stuttgart U19 &#8211; FC Barcelona U19 (16.00 Uhr)<\/em><\/strong><br><img loading=\"lazy\" decoding=\"async\" width=\"10\" height=\"21\" class=\"wp-image-3656\" style=\"width: 10px;\" src=\"http:\/\/kommentatorenblog.de\/wp-content\/uploads\/2020\/09\/shure-55sh-ii-e1601485394796.jpg\" alt=\"\" srcset=\"https:\/\/kommentatorenblog.de\/wp-content\/uploads\/2020\/09\/shure-55sh-ii-e1601485394796.jpg 415w, https:\/\/kommentatorenblog.de\/wp-content\/uploads\/2020\/09\/shure-55sh-ii-e1601485394796-142x300.jpg 142w\" sizes=\"auto, (max-width: 10px) 100vw, 10px\" \/> Jan-Lucas Krenzer<\/p>\n\n\n\n<hr class=\"wp-block-separator has-alpha-channel-opacity\"\/>\n\n\n\n<p><strong>Premier League, 30. Spieltag<\/strong><\/p>\n\n\n\n<p><span style=\"text-decoration: underline;\">Dienstag, 01. April 2025, ab 20.35 Uhr (Sky)<\/span><\/p>\n\n\n\n<p><strong><em>FC Arsenal &#8211; FC Fulham (20.45 Uhr)<\/em><\/strong><br><img loading=\"lazy\" decoding=\"async\" width=\"10\" height=\"21\" class=\"wp-image-3656\" style=\"width: 10px;\" src=\"http:\/\/kommentatorenblog.de\/wp-content\/uploads\/2020\/09\/shure-55sh-ii-e1601485394796.jpg\" alt=\"\" srcset=\"https:\/\/kommentatorenblog.de\/wp-content\/uploads\/2020\/09\/shure-55sh-ii-e1601485394796.jpg 415w, https:\/\/kommentatorenblog.de\/wp-content\/uploads\/2020\/09\/shure-55sh-ii-e1601485394796-142x300.jpg 142w\" sizes=\"auto, (max-width: 10px) 100vw, 10px\" \/> Markus Gaupp<br>Field-Reporter: Toni Tomic<\/p>\n\n\n\n<p><strong><em>Wolverhampton Wanderers &#8211; West Ham United (20.45 Uhr)<\/em><\/strong><br><img loading=\"lazy\" decoding=\"async\" width=\"10\" height=\"21\" class=\"wp-image-3656\" style=\"width: 10px;\" src=\"http:\/\/kommentatorenblog.de\/wp-content\/uploads\/2020\/09\/shure-55sh-ii-e1601485394796.jpg\" alt=\"\" srcset=\"https:\/\/kommentatorenblog.de\/wp-content\/uploads\/2020\/09\/shure-55sh-ii-e1601485394796.jpg 415w, https:\/\/kommentatorenblog.de\/wp-content\/uploads\/2020\/09\/shure-55sh-ii-e1601485394796-142x300.jpg 142w\" sizes=\"auto, (max-width: 10px) 100vw, 10px\" \/> Rachel Rinast<\/p>\n\n\n\n<p><span style=\"text-decoration: underline;\">ab 20.50 Uhr (Sky\/RTL+)<\/span><\/p>\n\n\n\n<p><strong><em>Nottingham Forest &#8211; Manchester United (21.00 Uhr)<\/em><\/strong><br><img loading=\"lazy\" decoding=\"async\" width=\"10\" height=\"21\" class=\"wp-image-3656\" style=\"width: 10px;\" src=\"http:\/\/kommentatorenblog.de\/wp-content\/uploads\/2020\/09\/shure-55sh-ii-e1601485394796.jpg\" alt=\"\" srcset=\"https:\/\/kommentatorenblog.de\/wp-content\/uploads\/2020\/09\/shure-55sh-ii-e1601485394796.jpg 415w, https:\/\/kommentatorenblog.de\/wp-content\/uploads\/2020\/09\/shure-55sh-ii-e1601485394796-142x300.jpg 142w\" sizes=\"auto, (max-width: 10px) 100vw, 10px\" \/> Uli Hebel<\/p>\n\n\n\n<p><span style=\"text-decoration: underline;\">Mittwoch, 02. April 2025, ab 20.35 Uhr (Sky)<\/span><\/p>\n\n\n\n<p><strong><em>Manchester City &#8211; Leicester City (20.45 Uhr)<\/em><\/strong><br><img loading=\"lazy\" decoding=\"async\" width=\"10\" height=\"21\" class=\"wp-image-3656\" style=\"width: 10px;\" src=\"http:\/\/kommentatorenblog.de\/wp-content\/uploads\/2020\/09\/shure-55sh-ii-e1601485394796.jpg\" alt=\"\" srcset=\"https:\/\/kommentatorenblog.de\/wp-content\/uploads\/2020\/09\/shure-55sh-ii-e1601485394796.jpg 415w, https:\/\/kommentatorenblog.de\/wp-content\/uploads\/2020\/09\/shure-55sh-ii-e1601485394796-142x300.jpg 142w\" sizes=\"auto, (max-width: 10px) 100vw, 10px\" \/> Hannes Herrmann<\/p>\n\n\n\n<p><strong><em>Newcastle United &#8211; FC Brentford (20.45 Uhr)<\/em><\/strong><br><img loading=\"lazy\" decoding=\"async\" width=\"10\" height=\"21\" class=\"wp-image-3656\" style=\"width: 10px;\" src=\"http:\/\/kommentatorenblog.de\/wp-content\/uploads\/2020\/09\/shure-55sh-ii-e1601485394796.jpg\" alt=\"\" srcset=\"https:\/\/kommentatorenblog.de\/wp-content\/uploads\/2020\/09\/shure-55sh-ii-e1601485394796.jpg 415w, https:\/\/kommentatorenblog.de\/wp-content\/uploads\/2020\/09\/shure-55sh-ii-e1601485394796-142x300.jpg 142w\" sizes=\"auto, (max-width: 10px) 100vw, 10px\" \/> Marcel Meinert<\/p>\n\n\n\n<p><strong><em>Brighton &amp; Hove Albion &#8211; Aston Villa (20.45 Uhr)<\/em><\/strong><br><img loading=\"lazy\" decoding=\"async\" width=\"10\" height=\"21\" class=\"wp-image-3656\" style=\"width: 10px;\" src=\"http:\/\/kommentatorenblog.de\/wp-content\/uploads\/2020\/09\/shure-55sh-ii-e1601485394796.jpg\" alt=\"\" srcset=\"https:\/\/kommentatorenblog.de\/wp-content\/uploads\/2020\/09\/shure-55sh-ii-e1601485394796.jpg 415w, https:\/\/kommentatorenblog.de\/wp-content\/uploads\/2020\/09\/shure-55sh-ii-e1601485394796-142x300.jpg 142w\" sizes=\"auto, (max-width: 10px) 100vw, 10px\" \/> Sven Schr\u00f6ter<\/p>\n\n\n\n<p><strong><em>FC Southampton &#8211; Crystal Palace (20.45 Uhr)<\/em><\/strong><br><img loading=\"lazy\" decoding=\"async\" width=\"10\" height=\"21\" class=\"wp-image-3656\" style=\"width: 10px;\" src=\"http:\/\/kommentatorenblog.de\/wp-content\/uploads\/2020\/09\/shure-55sh-ii-e1601485394796.jpg\" alt=\"\" srcset=\"https:\/\/kommentatorenblog.de\/wp-content\/uploads\/2020\/09\/shure-55sh-ii-e1601485394796.jpg 415w, https:\/\/kommentatorenblog.de\/wp-content\/uploads\/2020\/09\/shure-55sh-ii-e1601485394796-142x300.jpg 142w\" sizes=\"auto, (max-width: 10px) 100vw, 10px\" \/> Philipp Langosz<\/p>\n\n\n\n<p><strong><em>AFC Bournemouth &#8211; Ipswich Town (20.45 Uhr)<\/em><\/strong><br><img loading=\"lazy\" decoding=\"async\" width=\"10\" height=\"21\" class=\"wp-image-3656\" style=\"width: 10px;\" src=\"http:\/\/kommentatorenblog.de\/wp-content\/uploads\/2020\/09\/shure-55sh-ii-e1601485394796.jpg\" alt=\"\" srcset=\"https:\/\/kommentatorenblog.de\/wp-content\/uploads\/2020\/09\/shure-55sh-ii-e1601485394796.jpg 415w, https:\/\/kommentatorenblog.de\/wp-content\/uploads\/2020\/09\/shure-55sh-ii-e1601485394796-142x300.jpg 142w\" sizes=\"auto, (max-width: 10px) 100vw, 10px\" \/> Jari Schaller<\/p>\n\n\n\n<p><span style=\"text-decoration: underline;\">ab 20.50 Uhr (Sky)<\/span><\/p>\n\n\n\n<p><strong><em>FC Liverpool &#8211; FC Everton (21.00 Uhr)<\/em><\/strong><br><img loading=\"lazy\" decoding=\"async\" width=\"10\" height=\"21\" class=\"wp-image-3656\" style=\"width: 10px;\" src=\"http:\/\/kommentatorenblog.de\/wp-content\/uploads\/2020\/09\/shure-55sh-ii-e1601485394796.jpg\" alt=\"\" srcset=\"https:\/\/kommentatorenblog.de\/wp-content\/uploads\/2020\/09\/shure-55sh-ii-e1601485394796.jpg 415w, https:\/\/kommentatorenblog.de\/wp-content\/uploads\/2020\/09\/shure-55sh-ii-e1601485394796-142x300.jpg 142w\" sizes=\"auto, (max-width: 10px) 100vw, 10px\" \/> Joachim Hebel<br>Field-Reporter: Toni Tomic<\/p>\n\n\n\n<p><span style=\"text-decoration: underline;\">Donnerstag, 03. April 2025, ab 20.30 Uhr (Sky)<\/span><\/p>\n\n\n\n<p><strong><em>FC Chelsea &#8211; Tottenham Hotspur<\/em><\/strong> <strong><em>(21.00 Uhr)<\/em><\/strong><br><img loading=\"lazy\" decoding=\"async\" width=\"10\" height=\"21\" class=\"wp-image-3656\" style=\"width: 10px;\" src=\"http:\/\/kommentatorenblog.de\/wp-content\/uploads\/2020\/09\/shure-55sh-ii-e1601485394796.jpg\" alt=\"\" srcset=\"https:\/\/kommentatorenblog.de\/wp-content\/uploads\/2020\/09\/shure-55sh-ii-e1601485394796.jpg 415w, https:\/\/kommentatorenblog.de\/wp-content\/uploads\/2020\/09\/shure-55sh-ii-e1601485394796-142x300.jpg 142w\" sizes=\"auto, (max-width: 10px) 100vw, 10px\" \/> <em>Sky Sport Premier League\/UHD\/Austria 1<\/em>: Jonas Friedrich, Experte: Ren\u00e9 Adler<br><img loading=\"lazy\" decoding=\"async\" width=\"10\" height=\"21\" class=\"wp-image-3656\" style=\"width: 10px;\" src=\"http:\/\/kommentatorenblog.de\/wp-content\/uploads\/2020\/09\/shure-55sh-ii-e1601485394796.jpg\" alt=\"\" srcset=\"https:\/\/kommentatorenblog.de\/wp-content\/uploads\/2020\/09\/shure-55sh-ii-e1601485394796.jpg 415w, https:\/\/kommentatorenblog.de\/wp-content\/uploads\/2020\/09\/shure-55sh-ii-e1601485394796-142x300.jpg 142w\" sizes=\"auto, (max-width: 10px) 100vw, 10px\" \/> <em>Sky Sport Mix<\/em>: Jackson Irvine<br>Field-Reporter: Raphael Honigstein<\/p>\n\n\n\n<hr class=\"wp-block-separator has-alpha-channel-opacity\"\/>\n\n\n\n<p><strong>Copa del Rey, Halbfinale, R\u00fcckspiele (Sportdigital FUSSBALL)<\/strong><\/p>\n\n\n\n<p><span style=\"text-decoration: underline;\">Dienstag, 01. April 2025<\/span><\/p>\n\n\n\n<p><strong><em>Real Madrid &#8211; Real Sociedad (21.30 Uhr)<\/em><\/strong><br><img loading=\"lazy\" decoding=\"async\" width=\"10\" height=\"21\" class=\"wp-image-3656\" style=\"width: 10px;\" src=\"http:\/\/kommentatorenblog.de\/wp-content\/uploads\/2020\/09\/shure-55sh-ii-e1601485394796.jpg\" alt=\"\" srcset=\"https:\/\/kommentatorenblog.de\/wp-content\/uploads\/2020\/09\/shure-55sh-ii-e1601485394796.jpg 415w, https:\/\/kommentatorenblog.de\/wp-content\/uploads\/2020\/09\/shure-55sh-ii-e1601485394796-142x300.jpg 142w\" sizes=\"auto, (max-width: 10px) 100vw, 10px\" \/> J\u00f6rg Steiger<br>Moderation: Marvin Kirsch<\/p>\n\n\n\n<p><span style=\"text-decoration: underline;\">Mittwoch, 02. April 2025<\/span><\/p>\n\n\n\n<p><strong><em>Atletico Madrid &#8211; FC Barcelona (21.30 Uhr)<\/em><\/strong><br><img loading=\"lazy\" decoding=\"async\" width=\"10\" height=\"21\" class=\"wp-image-3656\" style=\"width: 10px;\" src=\"http:\/\/kommentatorenblog.de\/wp-content\/uploads\/2020\/09\/shure-55sh-ii-e1601485394796.jpg\" alt=\"\" srcset=\"https:\/\/kommentatorenblog.de\/wp-content\/uploads\/2020\/09\/shure-55sh-ii-e1601485394796.jpg 415w, https:\/\/kommentatorenblog.de\/wp-content\/uploads\/2020\/09\/shure-55sh-ii-e1601485394796-142x300.jpg 142w\" sizes=\"auto, (max-width: 10px) 100vw, 10px\" \/> Jonathan Dreier<br>Moderation: Marvin Kirsch<\/p>\n\n\n\n<hr class=\"wp-block-separator has-alpha-channel-opacity\"\/>\n\n\n\n<p><strong>Coppa Italia, Halbfinale, Hinspiele (DAZN)<\/strong><\/p>\n\n\n\n<p><span style=\"text-decoration: underline;\">Dienstag, 01. April 2025<\/span><\/p>\n\n\n\n<p><strong><em>FC Empoli &#8211; FC Bologna (21.00 Uhr)<\/em><\/strong><br><img loading=\"lazy\" decoding=\"async\" width=\"10\" height=\"21\" class=\"wp-image-3656\" style=\"width: 10px;\" src=\"http:\/\/kommentatorenblog.de\/wp-content\/uploads\/2020\/09\/shure-55sh-ii-e1601485394796.jpg\" alt=\"\" srcset=\"https:\/\/kommentatorenblog.de\/wp-content\/uploads\/2020\/09\/shure-55sh-ii-e1601485394796.jpg 415w, https:\/\/kommentatorenblog.de\/wp-content\/uploads\/2020\/09\/shure-55sh-ii-e1601485394796-142x300.jpg 142w\" sizes=\"auto, (max-width: 10px) 100vw, 10px\" \/> Max Gross<\/p>\n\n\n\n<p><span style=\"text-decoration: underline;\">Mittwoch, 02. April 2025<\/span><\/p>\n\n\n\n<p><strong><em>AC Mailand &#8211; Inter Mailand (21.00 Uhr)<\/em><\/strong><br><img loading=\"lazy\" decoding=\"async\" width=\"10\" height=\"21\" class=\"wp-image-3656\" style=\"width: 10px;\" src=\"http:\/\/kommentatorenblog.de\/wp-content\/uploads\/2020\/09\/shure-55sh-ii-e1601485394796.jpg\" alt=\"\" srcset=\"https:\/\/kommentatorenblog.de\/wp-content\/uploads\/2020\/09\/shure-55sh-ii-e1601485394796.jpg 415w, https:\/\/kommentatorenblog.de\/wp-content\/uploads\/2020\/09\/shure-55sh-ii-e1601485394796-142x300.jpg 142w\" sizes=\"auto, (max-width: 10px) 100vw, 10px\" \/> Mario Rieker, Experte: Christian Bernhard<\/p>\n\n\n\n<hr class=\"wp-block-separator has-alpha-channel-opacity\"\/>\n\n\n\n<p><strong>Coupe de France, Halbfinale (Magenta Sport)<\/strong><\/p>\n\n\n\n<p><span style=\"text-decoration: underline;\">Dienstag, 02. April 2025, ab 21.00 Uhr<\/span><\/p>\n\n\n\n<p><strong><em>USL Dunkerque &#8211; Paris Saint-Germain (21.10 Uhr)<\/em><\/strong><br><img loading=\"lazy\" decoding=\"async\" width=\"10\" height=\"21\" class=\"wp-image-3656\" style=\"width: 10px;\" src=\"http:\/\/kommentatorenblog.de\/wp-content\/uploads\/2020\/09\/shure-55sh-ii-e1601485394796.jpg\" alt=\"\" srcset=\"https:\/\/kommentatorenblog.de\/wp-content\/uploads\/2020\/09\/shure-55sh-ii-e1601485394796.jpg 415w, https:\/\/kommentatorenblog.de\/wp-content\/uploads\/2020\/09\/shure-55sh-ii-e1601485394796-142x300.jpg 142w\" sizes=\"auto, (max-width: 10px) 100vw, 10px\" \/> Alexander Klich<\/p>\n\n\n\n<p><span style=\"text-decoration: underline;\">Mittwoch, 02. April 2025, ab 20.50 Uhr<\/span><\/p>\n\n\n\n<p><strong><em>AS Cannes &#8211; Stade Reims (21.00 Uhr)<\/em><\/strong><br><img loading=\"lazy\" decoding=\"async\" width=\"10\" height=\"21\" class=\"wp-image-3656\" style=\"width: 10px;\" src=\"http:\/\/kommentatorenblog.de\/wp-content\/uploads\/2020\/09\/shure-55sh-ii-e1601485394796.jpg\" alt=\"\" srcset=\"https:\/\/kommentatorenblog.de\/wp-content\/uploads\/2020\/09\/shure-55sh-ii-e1601485394796.jpg 415w, https:\/\/kommentatorenblog.de\/wp-content\/uploads\/2020\/09\/shure-55sh-ii-e1601485394796-142x300.jpg 142w\" sizes=\"auto, (max-width: 10px) 100vw, 10px\" \/> Jan Platte<\/p>\n\n\n\n<hr class=\"wp-block-separator has-alpha-channel-opacity\"\/>\n\n\n\n<p><strong>CONMEBOL Sudamericana, 1. Spieltag (Sportdigital FUSSBALL)<\/strong><\/p>\n\n\n\n<p><span style=\"text-decoration: underline;\">Donnerstag, 03. April 2025<\/span><\/p>\n\n\n\n<p><strong><em>Corinthians Sao Paulo &#8211; Huracan (00.00 Uhr)<\/em><\/strong><br><img loading=\"lazy\" decoding=\"async\" width=\"10\" height=\"21\" class=\"wp-image-3656\" style=\"width: 10px;\" src=\"http:\/\/kommentatorenblog.de\/wp-content\/uploads\/2020\/09\/shure-55sh-ii-e1601485394796.jpg\" alt=\"\" srcset=\"https:\/\/kommentatorenblog.de\/wp-content\/uploads\/2020\/09\/shure-55sh-ii-e1601485394796.jpg 415w, https:\/\/kommentatorenblog.de\/wp-content\/uploads\/2020\/09\/shure-55sh-ii-e1601485394796-142x300.jpg 142w\" sizes=\"auto, (max-width: 10px) 100vw, 10px\" \/> Marcus Radefeld<\/p>\n\n\n\n<hr class=\"wp-block-separator has-alpha-channel-opacity\"\/>\n\n\n\n<p><strong>Die Analyse<\/strong><\/p>\n\n\n\n<p>Zum f\u00fcnften Mal steigt in dieser Saison ein DFB-Pokalspiel auf der Bielefelder Alm, jedes Mal wurde ein h\u00f6herklassiger Gegner besiegt, zuletzt drei Bundesligisten in Folge. Dennoch geht Titelverteidiger Bayer Leverkusen als haushoher Favorit in die Begegnung, beim letzten Pokalauftritt gegen K\u00f6ln tat sich die Mannschaft von Xabi Alonso allerdings lange schwer und schied beinahe aus. Ob auch die Arminia ein Stolperstein werden kann, kann bei Sky und im Ersten verfolgt werden. Wenn man einen Blick auf das On-Air-Personal der ARD wirft, w\u00e4ren wir wieder bei den einstigen Sky-Casting-Gewinnerinnen: neben Esther Sedlaczek, die abermals zum Einsatz kommt, obwohl urspr\u00fcnglich mal Alexander Bommes f\u00fcr das Spiel angek\u00fcndigt war, wird auch Christina Graf die Ehre zuteil, sich am Pokal-Halbfinale zu beteiligen, und das zum ersten Mal. Nat\u00fcrlich ist auch Bastian Schweinsteiger wieder dabei, die Interviews f\u00fchrt Claus Lufen. F\u00fcr Sedlaczek d\u00fcrfte es das letzte Livespiel vor der Geburt ihres dritten Kindes sein, wobei eine l\u00e4ngere Pause \u00fcberraschend k\u00e4me, nachdem sie nach den Geburten ihrer beiden \u00e4lteren Kinder jeweils schon recht schnell wieder auf die TV-Bildschirme zur\u00fcckgekehrt war.<\/p>\n\n\n\n<p>Am Mittwoch ist das ZDF dann in Stuttgart an der Reihe, hier kommentiert wie so h\u00e4ufig Oliver Schmidt, die Moderation \u00fcbernimmt Katrin M\u00fcller-Hohenstein, die Fritzy Kromp als Expertin an ihrer Seite begr\u00fc\u00dft. Lars Ruthemann \u00fcbernimmt die Interviews, Thorsten Kinh\u00f6fer ist erneut auf der Trib\u00fcne als Experte f\u00fcr die Regeln zust\u00e4ndig.<\/p>\n\n\n\n<p>Sky \u00fcberrascht bei beiden Halbfinalspielen damit, dass Experten mit von der Partie sind, in den letzten Jahren wurden die \u00dcbertragungen weitgehend ohne solche durchgef\u00fchrt. In Bielefeld begr\u00fc\u00dft Sky Arminen-Legende Fabian Klos als Gast, der bekanntlich zuletzt bereits bei Magenta Sport als Experte in der 3. Liga begeistern konnte, in Stuttgart ist Stamm-Expertin Julia Simic dabei. Diese bildet mit ZDF-Expertin Kromp normalerweise ein festes Trainergespann, hier gehen sie ausnahmsweise getrennte Wege. Spannend wird sein, ob Klos und Simic auch die Kommentatoren Kai Dittmann und Wolff Fuss unterst\u00fctzen werden, gerade in Simics Fall k\u00f6nnte es ein Vorgeschmack auf k\u00fcnftige Freitag- und Samstagabendspiele in der Bundesliga werden, bei denen sicherlich nicht immer Lothar Matth\u00e4us dabei sein wird. Die Wahl der Moderatoren (B. Hofmann, Leopold) und Field-Reporter (Wasserziehr, Erkenbrecher) \u00fcberrascht wie auch die der Kommentatoren nicht.<\/p>\n\n\n\n<p>Auch im Ausland ist viel los: nachdem in England der Pokalspieltag bereits am Wochenende war, geht es nun unter der Woche mit der Liga weiter. Alle Spiele werden live im linearen Programm \u00fcbertragen, neben den Stamm-Kommentatoren d\u00fcrfen auch Philipp Langosz und Jari Schaller ran. Schade allerdings: trotz zahlreicher Parallelspiele wird es keine Konferenz geben. Das Match of the Week ist am Donnerstag das Spiel zwischen Chelsea und Tottenham, das prim\u00e4r von Jonas Friedrich und Ren\u00e9 Adler kommentiert wird. Auf Sky Sport Mix gibt es hiervon allerdings noch eine alternative \u00dcbertragung, bei der St.-Pauli-Profi Jackson Irvine den Kommentar \u00fcbernimmt. Sky erf\u00fcllt ihm hierbei einen lang gehegten Wunsch, einmal ein Premier-League-Spiel zu kommentieren.<\/p>\n\n\n\n<p>Weiter geht es auch bei den anderen europ\u00e4ischen Pokalwettbewerben: bei der Copa del Rey besetzt Sportdigital die R\u00fcckspiele anders als die Hinspiele, diesmal \u00fcbernehmen J\u00f6rg Steiger und Jonathan Dreier anstelle von Marvin Kirsch und Karsten Linke. Bei der Coppa Italia gibt es ein Au\u00dfenseiter- und ein Favoritenduell, ersteres zwischen Empoli und Bologna kommentiert Max Gross, das Mail\u00e4nder Derby \u00fcbernehmen Mario Rieker und Christian Bernhard. Und bei der Coupe de France setzt Magenta Sport neben Alexander Klich, der Dunkerque gegen PSG kommentiert, endlich auch mal wieder Jan Platte ein, zum ersten Mal in dieser Saison, bei Cannes gegen Reims.<\/p>\n\n\n\n<p>Die Woche bietet also wieder viel Auswahl und viele spannende Begegnungen, man hat die Qual der Wahl. Viel Spa\u00df beim Schauen!<\/p>\n\n\n\n<p>Bis bald!<\/p>\n","protected":false},"excerpt":{"rendered":"<p>N\u2018Abend allerseits, Magenta Sport sucht den n\u00e4chsten Wolff Fuss &#8211; und zwar auf TikTok. Eine sehr kurzfristig angek\u00fcndigte Aktion erm\u00f6glicht es seit Montagnachmittag beliebigen Nutzern, \u00fcber Spielszenen der Icon League (es handelt sich um eine Kooperation mit Fuss und dessen Icon-League-Team), sich als Kommentator zu beweisen. (Update: die Aktion geht nun doch bis zum 24. [&hellip;]<\/p>\n","protected":false},"author":17,"featured_media":0,"comment_status":"open","ping_status":"open","sticky":false,"template":"","format":"standard","meta":{"footnotes":""},"categories":[504],"tags":[949,355,73,164,615,636,988,13,97,1212,1140,104,1311,48,1216,1063,347,69,507,58,655,93,50,741,9,70,503,243,121,581,283,88,109,94,579,966,340,84,656,22,134,27,1305,24,105,107,196,37],"class_list":["post-21106","post","type-post","status-publish","format-standard","hentry","category-dfb-pokal-co","tag-alexander-klich-2","tag-bastian-schweinsteiger","tag-britta-hofmann","tag-christian-bernhard","tag-christina-graf","tag-claus-lufen","tag-das-erste","tag-dazn","tag-esther-sedlaczek","tag-fabian-klos","tag-friederike-kromp","tag-hannes-herrmann","tag-jackson-irvine","tag-jan-platte","tag-jan-lucas-krenzer","tag-jari-schaller","tag-joachim-hebel","tag-jonas-friedrich","tag-jonathan-dreier","tag-joerg-steiger","tag-julia-simic","tag-kai-dittmann","tag-katrin-mueller-hohenstein","tag-lars-ruthemann","tag-magenta-sport","tag-marcel-meinert","tag-marcus-radefeld","tag-mario-rieker","tag-markus-gaupp","tag-marvin-kirsch","tag-max-gross","tag-michael-leopold","tag-oliver-schmidt","tag-patrick-wasserziehr","tag-philipp-langosz","tag-rachel-rinast","tag-raphael-honigstein","tag-rene-adler","tag-rtl-2","tag-sky","tag-sportdigital-fussball","tag-sven-schroeter","tag-thorsten-kinhoefer","tag-toni-tomic","tag-uli-hebel","tag-wolff-fuss","tag-yannick-erkenbrecher","tag-zdf"],"_links":{"self":[{"href":"https:\/\/kommentatorenblog.de\/index.php?rest_route=\/wp\/v2\/posts\/21106","targetHints":{"allow":["GET"]}}],"collection":[{"href":"https:\/\/kommentatorenblog.de\/index.php?rest_route=\/wp\/v2\/posts"}],"about":[{"href":"https:\/\/kommentatorenblog.de\/index.php?rest_route=\/wp\/v2\/types\/post"}],"author":[{"embeddable":true,"href":"https:\/\/kommentatorenblog.de\/index.php?rest_route=\/wp\/v2\/users\/17"}],"replies":[{"embeddable":true,"href":"https:\/\/kommentatorenblog.de\/index.php?rest_route=%2Fwp%2Fv2%2Fcomments&post=21106"}],"version-history":[{"count":39,"href":"https:\/\/kommentatorenblog.de\/index.php?rest_route=\/wp\/v2\/posts\/21106\/revisions"}],"predecessor-version":[{"id":24117,"href":"https:\/\/kommentatorenblog.de\/index.php?rest_route=\/wp\/v2\/posts\/21106\/revisions\/24117"}],"wp:attachment":[{"href":"https:\/\/kommentatorenblog.de\/index.php?rest_route=%2Fwp%2Fv2%2Fmedia&parent=21106"}],"wp:term":[{"taxonomy":"category","embeddable":true,"href":"https:\/\/kommentatorenblog.de\/index.php?rest_route=%2Fwp%2Fv2%2Fcategories&post=21106"},{"taxonomy":"post_tag","embeddable":true,"href":"https:\/\/kommentatorenblog.de\/index.php?rest_route=%2Fwp%2Fv2%2Ftags&post=21106"}],"curies":[{"name":"wp","href":"https:\/\/api.w.org\/{rel}","templated":true}]}}