{"id":2150,"date":"2020-05-18T11:24:14","date_gmt":"2020-05-18T11:24:14","guid":{"rendered":"http:\/\/kommentatorenblog.de\/?p=2150"},"modified":"2020-12-30T15:31:43","modified_gmt":"2020-12-30T15:31:43","slug":"1073-die-wahnsinnswoche-und-ein-bisschen-uiuiui","status":"publish","type":"post","link":"https:\/\/kommentatorenblog.de\/?p=2150","title":{"rendered":"1073 \u2013 Die Wahnsinnswoche und ein bisschen #uiuiui"},"content":{"rendered":"\n<p>N\u00b4Abend allerseits!<\/p>\n\n\n\n<p>Zun\u00e4chst einmal vielen Dank, dass ihr so zahlreich an meiner Umfrage teilgenommen habt. Im Rahmen meiner Bachelorarbeit untersuche ich ja die Medienmen\u00fcs an einem Bundesliga-Spieltag oder einfach gesagt: Welche TV- und Streamingangebote nutzt ihr an einem Bundesliga-Spieltag und warum? Diese Woche folgt Teil 2 der Umfrage. WICHTIG: Wer letzte Woche die Frage im ersten Teil der Umfrage beantwortet hat, UNDBEDINGT auch diesmal teilnehmen. Wer nicht, darf trotzdem gerne mitmachen!<\/p>\n\n\n\n<p>Hier ist der Link ins Gl\u00fcck \ud83d\ude09<\/p>\n\n\n\n<p><a href=\"https:\/\/ww2.unipark.de\/uc\/lgeis_\/edad\/\">https:\/\/ww2.unipark.de\/uc\/lgeis_\/edad\/<\/a><\/p>\n\n\n\n<p>Und nun zur wohl interessantesten Blogger-Woche der letzten Jahre! Fast 100 Kommentare und weit \u00fcber 10.000 Seiten-Aufrufe seit dem letzten Wochenende spiegeln das Ganze wieder. Vielen Dank!<\/p>\n\n\n\n<p><\/p>\n\n\n\n<p>Vergangenen Sonntag vermeldete<strong> Sky<\/strong> den <strong>reichweitenst\u00e4rksten Bundesliga-Samstag<\/strong> der Sendergeschichte. Die Zahlen sind der Mehrheit bekannt, aber hier nochmal der Vollst\u00e4ndigkeit halber: 3,81 Millionen Zuschauer sahen den Bundesliga-Nachmittag (Konferenz und Einzelspiele) im Pay-TV und auf Sky Go. Die Free-TV Ausstrahlung der Original Sky Konferenz auf Sky Sport News HD sahen allein 2,45 Millionen Zuschauer.  Der Marktanteil f\u00fcr Sky am Samstagnachmittag lag bei in der Gesamtbev\u00f6lkerung bei 27,2 Prozent. In der M\u00e4nnerzielgruppe (M 14-59) lag der Wert bei 42 Prozent.&nbsp;<\/p>\n\n\n\n<p>Die Zahlen wirken surreal. Der Tweet unseres treuen Lesers @FlorianHellmuth trifft den Nagel auf den Kopf&#8230;<\/p>\n\n\n\n<figure class=\"wp-block-embed-twitter wp-block-embed is-type-rich is-provider-twitter\"><div class=\"wp-block-embed__wrapper\">\n<blockquote class=\"twitter-tweet\" data-width=\"550\" data-dnt=\"true\"><p lang=\"de\" dir=\"ltr\">Alles wie erwartet. Ist wie bei <a href=\"https:\/\/twitter.com\/hashtag\/ibes?src=hash&amp;ref_src=twsrc%5Etfw\">#ibes<\/a> &#8211; Alle meckern, keiner guckt und die Quoten gehen durch die Decke. <a href=\"https:\/\/t.co\/c7ypy5EDPb\">https:\/\/t.co\/c7ypy5EDPb<\/a><\/p>&mdash; Florian Hellmuth (@chieff89) <a href=\"https:\/\/twitter.com\/chieff89\/status\/1261937903875362816?ref_src=twsrc%5Etfw\">May 17, 2020<\/a><\/blockquote><script async src=\"https:\/\/platform.twitter.com\/widgets.js\" charset=\"utf-8\"><\/script>\n<\/div><\/figure>\n\n\n\n<p>&#8230; und spiegelt zu 100% meine Meinung zu der Thematik wieder. fyi #ibes steht nat\u00fcrlich f\u00fcr das Dschungelcamp. <\/p>\n\n\n\n<p>Die Mehrheit der <strong>Kommentatoren<\/strong> hat nun auch seine Geisterspiel-Premiere hinter sich. Martin Gro\u00df (Gladbach-K\u00f6ln, 2020) und Tom Bayer (Aachen-N\u00fcrnberg, 2004) m\u00fcssten wohl die einzigen Reporter sein, die jene Erfahrung schon mal auf deutschem Boden durchmachen mussten! Soweit ich das einsch\u00e4tzen kann (f\u00fcnf Einzelspiele und Samstag nebenbei die Konferenz geschaut), haben die Jungs alle einen soliden Job gemacht. Und ob Masken On-Air wirklich notwendig sind, auch wenn Abstand eingehalten wird, wurde ja auf Twitter&amp;Co hinreichend diskutiert. Ich werfe an dieser Stelle mal das Wort Signalwirkung in den Raum.<\/p>\n\n\n\n<p>Signalwirkung hat auch der kurzfristige Einstieg von Amazon. Aber lasst uns das Spektakel nochmal chronologisch aufarbeiten!<\/p>\n\n\n\n<p>Bereits am Freitag vermeldeten wir, dass <strong>DAZN<\/strong> wohl das <strong>Montagsspiel<\/strong> trotz Vertragsstreit zwischen der <strong>DFL<\/strong> und <strong>Discovery<\/strong> zeigen wird. Sonntag gab\u00b4s hierf\u00fcr die offizielle Best\u00e4tigung seitens der DFL. Montag-Nachmittag \u00fcberraschte <strong>Amazon<\/strong> mit der Mitteillung, dass bez\u00fcglich der \u00dcbertragung des Montagsspiels eine einmalige Kooperation mit der DFL geschlossen wurde. Und ausgerechnet <strong>Eurosport<\/strong> produzierte am Abend jene \u00dcbertragung. Wieso? \u00dcber den Sender Eurosport 2 Xtra, der bei Amazon Prime angeboten wird, laufen seit Beginn dieser Rechteperiode die bekannten Spiele am Freitag, Sonntag und Montag. Seit der Sublizensierung an DAZN wird \u00fcber den Sender auch das DAZN-Signal ausgespielt. Im Hinblick auf den Vertragsstreit aller Parteien bestand wohl die Gefahr darin, dass Eurosport\u00b4s Mutterkonzern Discovery ihrem Kunden Amazon nicht mehr die zugesicherten Spiele, in diesem Fall Bremen-Leverkusen, liefern konnte. Und irgendwie so ergab sich die \u00dcbertragung auf Amazon Prime &#8211; inklusive der bekanntesten Eurosport-Stimme Matthias Stach als Kommentator. &#8222;Stachi&#8220; gab\u00b4s leider nur zeitversetzt und Moderatorin Anna Kraft, die sich ab 20.00 Uhr aus einem improvisierten Studio meldete, hatte unter anderem Probleme bei der Halbzeit-Schalte mit Jens Nowotny zu meistern. <\/p>\n\n\n\n<p>Lange Rede, kurzer Sinn. Das Konstrukt ist f\u00fcr uns Laien schwierig zu verstehen. Der gro\u00dfe Verlierer ist zweifelsfrei DAZN. F\u00fcr mich ist es ein absolutes No-Go, dass der Zuschauer\/Fan erst ein Tag vorher erf\u00e4hrt, dass die Partie \u00fcbertragen wird &#8211; unabh\u00e4ngig von der Schuldfrage. Naja, seit heute Mittag haben wir ja Gewissheit in der ganzen Angelegenheit. Der Einstieg von Amazon wird die DAZN-Verantwortlichen vermutlich noch mehr unter Druck gesetzt haben. Fragen nach m\u00f6glichem Vertragsbruch stellen sich jetzt zumindest nicht mehr! Und durch die Tatsache, dass Amazon auch am kommenden Wochenende dabei ist, wird das Chaos wieder perfekt. <\/p>\n\n\n\n<p>Und hier die frische Ware! <\/p>\n\n\n\n<p><em><strong>Die Ansetzungen vom 22. Mai 2020 bis zum 24. Mai 2020<\/strong><\/em><\/p>\n\n\n\n<p><strong>Bundesliga, 27. Spieltag<\/strong><\/p>\n\n\n\n<p><span style=\"text-decoration: underline;\">Freitag 22. M\u00e4rz 2020, ab 20.15 Uhr (DAZN<\/span> bzw. ab 20.20 Uhr <span style=\"text-decoration: underline;\">Amazon Prime)<\/span><\/p>\n\n\n\n<p><strong><em>Hertha BSC \u2013 Union Berlin (20.30 Uhr)<\/em><\/strong><\/p>\n\n\n\n<p>DAZN: Uli Hebel, Experte: Ralph Gunesch<\/p>\n\n\n\n<p>Amazon Prime: Benni Zander, Experte: Marki Rehmer, Field-Reporter: Markus Herwig<\/p>\n\n\n\n<p>Moderation (DAZN): Lukas Sch\u00f6nm\u00fcller, Field-Reporter: Alex Schl\u00fcter<\/p>\n\n\n\n<p><span style=\"text-decoration: underline;\">Samstag, 23. M\u00e4rz 2020, ab 14.00 Uhr (Sky\/ Sky Sport News HD)<\/span><\/p>\n\n\n\n<p><em><strong>VfL Wolfsburg \u2013 Borussia Dortmund (15.30 Uhr)<\/strong><\/em><\/p>\n\n\n\n<p>Sky: Michael Born (Einzelspiel), Jonas Friedrich (Konferenz)<\/p>\n\n\n\n<p>Field-Reporter: Martin Gro\u00df<\/p>\n\n\n\n<p><em><strong>Borussia M&#8217;Gladbach \u2013 Bayer 04 Leverkusen (15.30 Uhr)<\/strong><\/em><\/p>\n\n\n\n<p>Sky: Marcus Lindemann (Einzelspiel), Wolff Fuss (Konferenz)<\/p>\n\n\n\n<p>Field-Reporter: Ecki Heuser <\/p>\n\n\n\n<p><strong>SC Freiburg \u2013&nbsp;SV Werder Bremen (15.30 Uhr)<\/strong><\/p>\n\n\n\n<p>Sky: Toni Tomic (Einzelspiel), Klaus Veltmann (Konferenz)<\/p>\n\n\n\n<p>Field-Reporterin: Jessica Libbertz<\/p>\n\n\n\n<p><em><strong>SC Paderborn 07 \u2013&nbsp;TSG 1899 Hoffenheim (15.30 Uhr)<\/strong><\/em><\/p>\n\n\n\n<p>Sky: Tom Bayer (Einzelspiel), Markus G\u00f6tz (Konferenz)<\/p>\n\n\n\n<p>Field-Reporter: Ulli Potofski<\/p>\n\n\n\n<p>Moderation: Esther Sedlaczek,&nbsp;Experte:&nbsp;Didi Hamann<\/p>\n\n\n\n<p><span style=\"text-decoration: underline;\">ab 17.30 Uhr (Sky)<\/span><\/p>\n\n\n\n<p><strong><em>FC Bayern M\u00fcnchen \u2013 Eintracht Frankfurt (18.30 Uhr)<\/em><\/strong><\/p>\n\n\n\n<p>Sky: Kai Dittmann (Einzelspiel) oder Florian-Schmidt Sommerfeld (#CouchKurve)<\/p>\n\n\n\n<p>Moderation: Sebastian Hellmann, Experte: Lothar Matth\u00e4us, Field-Reporter: Patrick Wasserziehr<\/p>\n\n\n\n<p><span style=\"text-decoration: underline;\">Sonntag, 24. Mai 2020, ab 13.15 Uhr (DAZN)<\/span><\/p>\n\n\n\n<p><strong><em>FC Schalke 04 \u2013 FC Augsburg (13.30 Uhr)<\/em><\/strong><\/p>\n\n\n\n<p>DAZN: Freddy Harder, Experte: Sebastian Knei\u00dfl <\/p>\n\n\n\n<p>Amazon Prime: Benni Zander, Experte: Markus Weinzierl<\/p>\n\n\n\n<p>Moderation (DAZN): Tobi Wahnschaffe, Field-Reporter: Max Siebald<\/p>\n\n\n\n<p><span style=\"text-decoration: underline;\">ab 14.30 Uhr (Sky)<\/span><\/p>\n\n\n\n<p><strong>1.FSV Mainz 05 \u2013 RB Leipzig (15.30 Uhr)<\/strong><\/p>\n\n\n\n<p>Sky: Roland Evers<\/p>\n\n\n\n<p>Field-Reporter: Michael Leopold <\/p>\n\n\n\n<p><span style=\"text-decoration: underline;\">ab 17.30 Uhr (Sky)<\/span><\/p>\n\n\n\n<p><strong><em>1.FC K\u00f6ln \u2013 Fortuna D\u00fcsseldorf (18.00 Uhr)<\/em><\/strong><\/p>\n\n\n\n<p>Sky: Martin Gro\u00df <\/p>\n\n\n\n<p>Field-Reporter: Marcus Lindemann<\/p>\n\n\n\n<p>Moderation: Britta Hofmann, Experte: Klaus Allofs<\/p>\n\n\n\n<p><strong>2. Bundesliga, 27. Spieltag<\/strong><\/p>\n\n\n\n<p><span style=\"text-decoration: underline;\">Freitag, 22. Mai 2020, ab 18.00 Uhr (Sky)<\/span><\/p>\n\n\n\n<p><strong><em>1. FC N\u00fcrnberg \u2013 Erzgebirge Aue (18.30 Uhr)<\/em><\/strong><\/p>\n\n\n\n<p>Sky: J\u00f6rg Dahlmann, Interviews: Schalte<\/p>\n\n\n\n<p><em><strong>1. FC Heidenheim \u2013&nbsp;SV Wehen Wiesbaden (18.30 Uhr)<\/strong><\/em><\/p>\n\n\n\n<p>Sky: Holger Pfandt, Interviews: Schalte<\/p>\n\n\n\n<p>Moderation: Stefan Hempel<\/p>\n\n\n\n<p><span style=\"text-decoration: underline;\">Samstag, 23. Mai 2020, ab 12.30 Uhr (Sky)<\/span><\/p>\n\n\n\n<p><strong>SV Darmstadt 98 \u2013 FC St. Pauli<\/strong>&nbsp;<strong><em>(13.00 Uhr)<\/em><\/strong><\/p>\n\n\n\n<p>Sky: Holger Pfandt<\/p>\n\n\n\n<p><strong><em>VfL Osnabr\u00fcck \u2013 Hannover 96 (13<\/em><\/strong>.<strong><em>00 Uhr)<\/em><\/strong><\/p>\n\n\n\n<p>Sky: J\u00f6rg Dahlmann<\/p>\n\n\n\n<p><strong><em>SV Sandhausen \u2013 Jahn Regensburg (13.00 Uhr)<\/em><\/strong><\/p>\n\n\n\n<p>Sky: Heiko Mallwitz <\/p>\n\n\n\n<p>Moderation: Peter Hardenacke<\/p>\n\n\n\n<p><span style=\"text-decoration: underline;\">Sonntag, 24. Mai 2020 ab 13.00 Uhr (Sky)<\/span><\/p>\n\n\n\n<p><strong><em>Hamburger SV \u2013&nbsp;Arminia Bielefeld (13.30 Uhr)<\/em><\/strong><\/p>\n\n\n\n<p>Sky: J\u00fcrgen Schmitz, Interviews: Schalte <\/p>\n\n\n\n<p><em><strong>Holstein Kiel \u2013&nbsp;VfB Stuttgart (13.30 Uhr)<\/strong><\/em><\/p>\n\n\n\n<p>Sky: Sven Haist, Interviews: Schalte  <\/p>\n\n\n\n<p><strong><em>Karlsruher SC \u2013&nbsp;VfL Bochum (13.30 Uhr)<\/em><\/strong><\/p>\n\n\n\n<p>Sky: Marcel Meinert<\/p>\n\n\n\n<p>Moderation: Hartmut von Kameke, Gast: Stefan Kuntz<\/p>\n\n\n\n<p><strong>Internationaler Fu\u00dfball<\/strong><\/p>\n\n\n\n<p><span style=\"text-decoration: underline;\">Freitag, 22. Mai 2020<\/span><\/p>\n\n\n\n<p>K League, 03. Spieltag:&nbsp;<em><strong>Pohang Steelers<\/strong><\/em><em><strong> \u2013 FC Seoul (12.30 Uhr)<\/strong><\/em><\/p>\n\n\n\n<p>sportdigital FUSSBALL: Christian Blunck<\/p>\n\n\n\n<p><span style=\"text-decoration: underline;\">Samstag, 23. Mai 2020<\/span><\/p>\n\n\n\n<p>K League, 03. Spieltag:&nbsp;<strong><em>Suwon Samsung Blue Wings \u2013 Incheon United (09.30 Uhr)<\/em><\/strong><\/p>\n\n\n\n<p>sportdigital FUSSBALL: Christian Blunck<\/p>\n\n\n\n<p><span style=\"text-decoration: underline;\">Sonntag, 24. Mai 2020<\/span><\/p>\n\n\n\n<p>K League, 03. Spieltag:&nbsp;<strong><em>Jeonbuk Hyundai Motors \u2013 Daegu FC (09.30 Uhr)<\/em><\/strong><\/p>\n\n\n\n<p>sportdigital FUSSBALL: Karsten Linke<\/p>\n\n\n\n<p>K League, 03. Spieltag:&nbsp;<em><strong>Ulsan Hyundai FC \u2013 Busan IPark (12.00 Uhr)<\/strong><\/em><\/p>\n\n\n\n<p>sportdigital FUSSBALL: Florian Obst <\/p>\n\n\n\n<p><strong>Die Analyse<\/strong><\/p>\n\n\n\n<p><strong>Zwei Live-Spiele auf DAZN<\/strong><\/p>\n\n\n\n<p>Freitag \u00fcbernehmen Sch\u00f6nm\u00fcller, Hebel und Gunesch aus der Box in Ismaning. Etwas \u00fcberraschend geht Alex Schl\u00fcter auf Stimmenfang im Berliner Olympiastadion. L\u00e4sst sich beim KMD-Podcaster bestimmt mit einem Heimatbesuch verbinden. So spektakul\u00e4r (positv wie negativ) wie das Hinspiel wird das zweite Erstliga-Derby zwischen Hertha und Union leider nicht werden.<\/p>\n\n\n\n<p>Beim fr\u00fchen Sonntagsspiel zwischen Schalke und Augsburg feiert Freddy Harder nun sein Bundesliga-Deb\u00fct! Wir erinnern uns: Der Basketball-Experte h\u00e4tte vor Corona eigentlich das Freitagsspiel zwischen D\u00fcsseldorf und Paderborn kommentiert. Leider kommt der Kommentar auch hier aus der Box. Max Siebald f\u00fchrt die Tonangel-Interviews in der Veltins-Arena. Wahnschaffe und Knei\u00dfl komplettieren die Crew.  <br><\/p>\n\n\n\n<p><strong>Update:<\/strong> Beide Partien werden auch bei Amazon Prime gezeigt. Benni Zander, der normalerweise unter anderem f\u00fcr Amazon Music am Mikro sitzt, \u00fcbernimmt. Und irgendwie besitzt die Angelegenheit eine gewisse Brisanz, weil wir Zander ja auch ab und zu bei DAZN h\u00f6ren.<\/p>\n\n\n\n<p><strong>Samstagnachmittag wieder mit \u00dcberraschungen<\/strong><\/p>\n\n\n\n<p>Bei Sky f\u00e4llt zun\u00e4chst das Fehlen von Frank Buschmann ins Auge. Grund: In den n\u00e4chsten vier Wochen finden die Aufzeichnungen zur neuen Staffel Ninja Warrior statt. Michael Born sitzt bei Wolfsburg-Dortmund am Mikro. Frage: Wann hat &#8222;Borni&#8220; zuletzt ein BVB-Einzelspiel kommentiert. Corona und die kurze Anreise aus Hamburg k\u00f6nnten Gr\u00fcnde f\u00fcr die Ansetzung sein. Einzelspiel-Vorg\u00e4nger Friedrich sitzt hier in der Konferenz. Den West-Schlager aus Unterf\u00f6hring macht Wolff Fuss. Die Ansetzungen von G\u00f6tz und Veltmann in der Free-TV-Konferenz w\u00fcrde ich durchaus als \u00dcberraschung betiteln. Reporter-Legende Tom Bayer sammelt einen weiteren Stadionpunkt &#8211; zum ersten Mal geht\u00b4s in die Benteler Arena. Toni Tomic kehrt nach der Pause am letzten Wochenende zur\u00fcck und macht sich mal wieder auf den Weg nach Freiburg.<\/p>\n\n\n\n<p>Die Topspiel-Ansetzungen lesen sich &#8222;normal&#8220;. Wasserziehr macht auf dem Weg zu Sky90 noch einen Abstecher in die Allianz Arena. Einzige Unregelm\u00e4\u00dfigkeit: Hellmann und Matth\u00e4us bleiben nat\u00fcrlich weiterhin im Studio. <\/p>\n\n\n\n<p>Vom S\u00fcden geht\u00b4s f\u00fcr Roland Evers f\u00fcr das zweite Sonntagspiel nach Mainz. Das Duo Lindemann\/Gro\u00df am Sonntag hat sich ja mittlerweile bew\u00e4hrt! Und der Einsatz ist beim Derby zwischen K\u00f6ln und D\u00fcsseldorf schlichtweg logisch.<\/p>\n\n\n\n<p><strong>#uiuiui, das Dahlmann-Comeback<\/strong> <\/p>\n\n\n\n<p>In Liga zwei f\u00fchrt erwartungsgem\u00e4\u00df Moderator Stefan Hempel am Freitag durch die Sendung. Pfandt und Dahlmann kommentieren. Letzterer verbrachte die letzten Wochen in seiner Wohnung auf Mallorca. Die &#8222;Story&#8220; seiner R\u00fcckkehr weckte mein Interesse. Wie verl\u00e4uft die Anreise? Wie ist die Kommunikation mit den Sky-Verantwortlichen? Bleibt J\u00f6rg nach seinen Eins\u00e4tzen am Wochenende in Deutschland? \u00dcber all diese Fragen und die strikte Ausgangssperre auf Mallorca konnte ich heute morgen mit J\u00f6rg Dahlmann via Facetime sprechen! <\/p>\n\n\n\n<p>Seine Pause am letzten Wochenende war planm\u00e4\u00dfig. J\u00f6rg reist Freitag &#8222;normal&#8220; via Flugzeug an und bleibt nach seinen beiden Zweitliga-Eins\u00e4tzen (Samstag kommentiert er Osnabr\u00fcck-Hannover) in Deutschland. Einerseits, weil Dienstag und Mittwoch weitere Eins\u00e4tze f\u00fcr Sky folgen. Die R\u00fcckkehr nach Mallorca ist zudem ungewiss, weil er hier nicht seinen Erst-Wohnsitz hat. So wird er die n\u00e4chsten Wochen wahrscheinlich in Wiesbaden (seine &#8222;deutsche&#8220; Heimat) verbringen. Ein kurzer Einblick in die n\u00e4chsten Tage des Reporter-Lebens von J\u00f6rg Dahlmann.  <\/p>\n\n\n\n<p>Samstag werden Dahlmann und Pfandt von Mallwitz unterst\u00fctzt. Die Ansetzungen von Sonntag sind korrigiert und stimmen jetzt. J\u00fcrgen Schmitz \u00fcbernimmt das Topspiel zwischen Hamburg und Bielefeld.<\/p>\n\n\n\n<p><strong>Unschlagbares Trio in Hamburg<\/strong><\/p>\n\n\n\n<p>In der dritten Woche in Folge gibt\u00b4s zudem bei sportdigital FUSSBALL &#8222;nur&#8220; Fu\u00dfball aus der K-League. Die Kommentatoren bleiben stets Linke, Obst und Blunck. Letzterer darf, wie bereits am ersten Spieltag, doppelt ran. <\/p>\n","protected":false},"excerpt":{"rendered":"<p>N\u00b4Abend allerseits! Zun\u00e4chst einmal vielen Dank, dass ihr so zahlreich an meiner Umfrage teilgenommen habt. Im Rahmen meiner Bachelorarbeit untersuche ich ja die Medienmen\u00fcs an einem Bundesliga-Spieltag oder einfach gesagt: Welche TV- und Streamingangebote nutzt ihr an einem Bundesliga-Spieltag und warum? Diese Woche folgt Teil 2 der Umfrage. WICHTIG: Wer letzte Woche die Frage im [&hellip;]<\/p>\n","protected":false},"author":3,"featured_media":0,"comment_status":"open","ping_status":"open","sticky":false,"template":"","format":"standard","meta":{"footnotes":""},"categories":[424],"tags":[20,115,57,13,97,14,211,92,90,69,26,285,93,53,70,112,126,95,114,45,22,286,134,96,85,24,107],"class_list":["post-2150","post","type-post","status-publish","format-standard","hentry","category-bundesliga-und-co","tag-2-bundesliga","tag-1-bundesliga","tag-christian-blunck","tag-dazn","tag-esther-sedlaczek","tag-eurosport","tag-hartmut-von-kameke","tag-heiko-mallwitz","tag-holger-pfandt","tag-jonas-friedrich","tag-joerg-dahlmann","tag-k-league","tag-kai-dittmann","tag-klaus-veltmann","tag-marcel-meinert","tag-marcus-lindemann","tag-markus-goetz","tag-martin-gross","tag-michael-born","tag-roland-evers","tag-sky","tag-sky-sport-news-hd","tag-sportdigital-fussball","tag-sven-haist","tag-tom-bayer","tag-toni-tomic","tag-wolff-fuss"],"_links":{"self":[{"href":"https:\/\/kommentatorenblog.de\/index.php?rest_route=\/wp\/v2\/posts\/2150","targetHints":{"allow":["GET"]}}],"collection":[{"href":"https:\/\/kommentatorenblog.de\/index.php?rest_route=\/wp\/v2\/posts"}],"about":[{"href":"https:\/\/kommentatorenblog.de\/index.php?rest_route=\/wp\/v2\/types\/post"}],"author":[{"embeddable":true,"href":"https:\/\/kommentatorenblog.de\/index.php?rest_route=\/wp\/v2\/users\/3"}],"replies":[{"embeddable":true,"href":"https:\/\/kommentatorenblog.de\/index.php?rest_route=%2Fwp%2Fv2%2Fcomments&post=2150"}],"version-history":[{"count":65,"href":"https:\/\/kommentatorenblog.de\/index.php?rest_route=\/wp\/v2\/posts\/2150\/revisions"}],"predecessor-version":[{"id":2229,"href":"https:\/\/kommentatorenblog.de\/index.php?rest_route=\/wp\/v2\/posts\/2150\/revisions\/2229"}],"wp:attachment":[{"href":"https:\/\/kommentatorenblog.de\/index.php?rest_route=%2Fwp%2Fv2%2Fmedia&parent=2150"}],"wp:term":[{"taxonomy":"category","embeddable":true,"href":"https:\/\/kommentatorenblog.de\/index.php?rest_route=%2Fwp%2Fv2%2Fcategories&post=2150"},{"taxonomy":"post_tag","embeddable":true,"href":"https:\/\/kommentatorenblog.de\/index.php?rest_route=%2Fwp%2Fv2%2Ftags&post=2150"}],"curies":[{"name":"wp","href":"https:\/\/api.w.org\/{rel}","templated":true}]}}