{"id":21880,"date":"2025-06-30T18:58:14","date_gmt":"2025-06-30T17:58:14","guid":{"rendered":"https:\/\/kommentatorenblog.de\/?p=21880"},"modified":"2025-07-06T22:54:59","modified_gmt":"2025-07-06T21:54:59","slug":"1521-hopp-schwyz","status":"publish","type":"post","link":"https:\/\/kommentatorenblog.de\/?p=21880","title":{"rendered":"1521 &#8211; Hopp Schwyz"},"content":{"rendered":"\n<p>Gr\u00fcezi mitenand,<\/p>\n\n\n\n<p>zum Ausblick auf die Euro 2025 in der Schweiz. Los geht es diesen Mittwoch mit den Er\u00f6ffnungsspielen zur Fu\u00dfball EM bei den Frauen.<\/p>\n\n\n\n<p>ARD und ZDF hatten sich \u00fcber die EBU die exklusiven Rechte an der Veranstaltung gesichert. Erstmals \u00fcbertr\u00e4gt man dabei Ansto\u00dfzeiten einer EM in den Hauptprogrammen. Wenn am 3. Gruppenspieltag Parallelspiele anstehen, wird eines im Hauptprogramm \u00fcbertragen, das andere gibt es dann im Stream. Hier plant dann aber das Erste Einblendungen dieser Partie. Beim ZDF liegen uns dazu derzeit keine Informationen vor.<\/p>\n\n\n\n<p>Neben den beiden \u00f6ffentlich-rechtlichen Sendern wird das komplette Turnier, wie bereits 2022, auch noch bei DAZN zu sehen. Hier konnte man sich kurzfristig mit ARD und ZDF auf Sublizenzen einigen.<\/p>\n\n\n\n<p>Im Vergleich zu 2022 hat nicht nur die Anzahl an \u00dcbertragungen im Linearen zugenommen, das Erste startet seine Vorberichterstattung auch rund 25 Minuten fr\u00fcher und sendet somit in der Regel direkt im Anschluss an die Tour de France.<\/p>\n\n\n\n<p>Das \u00dcbertragungskonzept von ARD und ZDF wird insgesamt sehr \u00e4hnlich sein, kommentiert wird jeweils aus dem Stadion, wo zudem noch Reporterinnen und Reporter vor Ort sein werden. Die Moderation kommt dagegen aus dem Studio. Das ZDF sendet aus dem Sportstudio in Mainz, w\u00e4hrend die ARD das Sportschau-Studio in K\u00f6ln nutzt.<\/p>\n\n\n\n<p>DAZN setzt hingegen auf eine komplette Studio-L\u00f6sung und entsendet vorerst auch keine Reporter in die nicht so ferne Schweiz.<\/p>\n\n\n\n<p><strong>TV-Teams der Sender<\/strong><\/p>\n\n\n\n<p>Im folgenden findet ihr nochmal eine \u00dcbersicht \u00fcber die TV-Teams der Sender, eine Analyse zum Personal von ARD und ZDF findet ihr <a href=\"https:\/\/kommentatorenblog.de\/?p=21593\">hier<\/a> auch auf <a href=\"https:\/\/www.instagram.com\/kommentatorenblog.de\/\">Instagram <\/a>findet ihr nochmal das Wichtigste zur EM.<\/p>\n\n\n\n<figure class=\"wp-block-gallery has-nested-images columns-default is-cropped wp-block-gallery-1 is-layout-flex wp-block-gallery-is-layout-flex\">\n<figure class=\"wp-block-image size-large\"><img loading=\"lazy\" decoding=\"async\" width=\"1024\" height=\"683\" data-id=\"21674\" src=\"https:\/\/kommentatorenblog.de\/wp-content\/uploads\/2025\/05\/2_baczyk_8212-2480x1654-3-1024x683.jpg\" alt=\"\" class=\"wp-image-21674\" srcset=\"https:\/\/kommentatorenblog.de\/wp-content\/uploads\/2025\/05\/2_baczyk_8212-2480x1654-3-1024x683.jpg 1024w, https:\/\/kommentatorenblog.de\/wp-content\/uploads\/2025\/05\/2_baczyk_8212-2480x1654-3-300x200.jpg 300w, https:\/\/kommentatorenblog.de\/wp-content\/uploads\/2025\/05\/2_baczyk_8212-2480x1654-3-768x512.jpg 768w, https:\/\/kommentatorenblog.de\/wp-content\/uploads\/2025\/05\/2_baczyk_8212-2480x1654-3-1536x1024.jpg 1536w, https:\/\/kommentatorenblog.de\/wp-content\/uploads\/2025\/05\/2_baczyk_8212-2480x1654-3-2048x1366.jpg 2048w, https:\/\/kommentatorenblog.de\/wp-content\/uploads\/2025\/05\/2_baczyk_8212-2480x1654-3-272x182.jpg 272w\" sizes=\"auto, (max-width: 1024px) 100vw, 1024px\" \/><figcaption class=\"wp-element-caption\">Stephanie Baczyk<br>NDR\/Christian Spielmann<\/figcaption><\/figure>\n\n\n\n<figure class=\"wp-block-image size-large\"><img loading=\"lazy\" decoding=\"async\" width=\"1024\" height=\"683\" data-id=\"21673\" src=\"https:\/\/kommentatorenblog.de\/wp-content\/uploads\/2025\/05\/9_christina_graf_2022-2480x1654-2-1024x683.jpg\" alt=\"\" class=\"wp-image-21673\" srcset=\"https:\/\/kommentatorenblog.de\/wp-content\/uploads\/2025\/05\/9_christina_graf_2022-2480x1654-2-1024x683.jpg 1024w, https:\/\/kommentatorenblog.de\/wp-content\/uploads\/2025\/05\/9_christina_graf_2022-2480x1654-2-300x200.jpg 300w, https:\/\/kommentatorenblog.de\/wp-content\/uploads\/2025\/05\/9_christina_graf_2022-2480x1654-2-768x512.jpg 768w, https:\/\/kommentatorenblog.de\/wp-content\/uploads\/2025\/05\/9_christina_graf_2022-2480x1654-2-1536x1024.jpg 1536w, https:\/\/kommentatorenblog.de\/wp-content\/uploads\/2025\/05\/9_christina_graf_2022-2480x1654-2-2048x1366.jpg 2048w, https:\/\/kommentatorenblog.de\/wp-content\/uploads\/2025\/05\/9_christina_graf_2022-2480x1654-2-272x182.jpg 272w\" sizes=\"auto, (max-width: 1024px) 100vw, 1024px\" \/><figcaption class=\"wp-element-caption\">Christina Graf<br>Foto: NDR\/Lina Kl\u00fcnker<\/figcaption><\/figure>\n\n\n\n<figure class=\"wp-block-image size-large\"><img loading=\"lazy\" decoding=\"async\" width=\"1024\" height=\"683\" data-id=\"21672\" src=\"https:\/\/kommentatorenblog.de\/wp-content\/uploads\/2025\/05\/3_schmelzer_8410-2480x1654-1-1024x683.jpg\" alt=\"\" class=\"wp-image-21672\" srcset=\"https:\/\/kommentatorenblog.de\/wp-content\/uploads\/2025\/05\/3_schmelzer_8410-2480x1654-1-1024x683.jpg 1024w, https:\/\/kommentatorenblog.de\/wp-content\/uploads\/2025\/05\/3_schmelzer_8410-2480x1654-1-300x200.jpg 300w, https:\/\/kommentatorenblog.de\/wp-content\/uploads\/2025\/05\/3_schmelzer_8410-2480x1654-1-768x512.jpg 768w, https:\/\/kommentatorenblog.de\/wp-content\/uploads\/2025\/05\/3_schmelzer_8410-2480x1654-1-1536x1024.jpg 1536w, https:\/\/kommentatorenblog.de\/wp-content\/uploads\/2025\/05\/3_schmelzer_8410-2480x1654-1-2048x1366.jpg 2048w, https:\/\/kommentatorenblog.de\/wp-content\/uploads\/2025\/05\/3_schmelzer_8410-2480x1654-1-272x182.jpg 272w\" sizes=\"auto, (max-width: 1024px) 100vw, 1024px\" \/><figcaption class=\"wp-element-caption\">Bernd Schmelzer<br>NDR\/Christian Spielmann<\/figcaption><\/figure>\n<\/figure>\n\n\n\n<p class=\"has-vivid-cyan-blue-background-color has-background\"><strong>Sportschau &#8211; EM &#8211; TV &#8211; Team<br>Moderation:<\/strong> Claus Lufen<br><strong>Expertin:<\/strong> Almuth Schult, Inka Grings (moma)<br><strong>Kommentar:<\/strong> Bernd Schmelzer, Christina Graf, Stephanie Baczyk<br><strong>DFB-Quartier:<\/strong> Lea Wagner<br><strong>Field-Reporter\/in:<\/strong> Ina Kast, Patrick Halatsch<br><strong>Social-Reporterin<\/strong> (vor Ort): Irina Gnep<\/p>\n\n\n\n<figure class=\"wp-block-gallery has-nested-images columns-default is-cropped wp-block-gallery-2 is-layout-flex wp-block-gallery-is-layout-flex\">\n<figure class=\"wp-block-image size-large\"><img loading=\"lazy\" decoding=\"async\" width=\"1024\" height=\"683\" data-id=\"21677\" src=\"https:\/\/kommentatorenblog.de\/wp-content\/uploads\/2025\/05\/Neumann-Foto.jpg\" alt=\"\" class=\"wp-image-21677\" srcset=\"https:\/\/kommentatorenblog.de\/wp-content\/uploads\/2025\/05\/Neumann-Foto.jpg 1024w, https:\/\/kommentatorenblog.de\/wp-content\/uploads\/2025\/05\/Neumann-Foto-300x200.jpg 300w, https:\/\/kommentatorenblog.de\/wp-content\/uploads\/2025\/05\/Neumann-Foto-768x512.jpg 768w, https:\/\/kommentatorenblog.de\/wp-content\/uploads\/2025\/05\/Neumann-Foto-272x182.jpg 272w\" sizes=\"auto, (max-width: 1024px) 100vw, 1024px\" \/><figcaption class=\"wp-element-caption\">Claudia Neumann<br>Foto: ZDF\/NOI Crew<\/figcaption><\/figure>\n\n\n\n<figure class=\"wp-block-image size-large\"><img loading=\"lazy\" decoding=\"async\" width=\"1024\" height=\"683\" data-id=\"21678\" src=\"https:\/\/kommentatorenblog.de\/wp-content\/uploads\/2025\/05\/LehmannVoss.jpg\" alt=\"\" class=\"wp-image-21678\" srcset=\"https:\/\/kommentatorenblog.de\/wp-content\/uploads\/2025\/05\/LehmannVoss.jpg 1024w, https:\/\/kommentatorenblog.de\/wp-content\/uploads\/2025\/05\/LehmannVoss-300x200.jpg 300w, https:\/\/kommentatorenblog.de\/wp-content\/uploads\/2025\/05\/LehmannVoss-768x512.jpg 768w, https:\/\/kommentatorenblog.de\/wp-content\/uploads\/2025\/05\/LehmannVoss-272x182.jpg 272w\" sizes=\"auto, (max-width: 1024px) 100vw, 1024px\" \/><figcaption class=\"wp-element-caption\">Sven Voss, Kathrin Lehmann<br>Foto: ZDF\/NOI Crew<\/figcaption><\/figure>\n\n\n\n<figure class=\"wp-block-image size-large\"><img loading=\"lazy\" decoding=\"async\" width=\"1024\" height=\"683\" data-id=\"21676\" src=\"https:\/\/kommentatorenblog.de\/wp-content\/uploads\/2025\/05\/Paubandt-Foto.jpg\" alt=\"\" class=\"wp-image-21676\" srcset=\"https:\/\/kommentatorenblog.de\/wp-content\/uploads\/2025\/05\/Paubandt-Foto.jpg 1024w, https:\/\/kommentatorenblog.de\/wp-content\/uploads\/2025\/05\/Paubandt-Foto-300x200.jpg 300w, https:\/\/kommentatorenblog.de\/wp-content\/uploads\/2025\/05\/Paubandt-Foto-768x512.jpg 768w, https:\/\/kommentatorenblog.de\/wp-content\/uploads\/2025\/05\/Paubandt-Foto-272x182.jpg 272w\" sizes=\"auto, (max-width: 1024px) 100vw, 1024px\" \/><figcaption class=\"wp-element-caption\">Gari Paubandt<br>Foto: ZDF\/Andreas Reeg<\/figcaption><\/figure>\n<\/figure>\n\n\n\n<p class=\"has-luminous-vivid-orange-background-color has-background\"><strong>sportstudio live: UEFA Frauen-EM 2025<\/strong> <strong>TV &#8211; Team<br>Moderation:<\/strong> Sven Voss<br><strong>Expertin:<\/strong> Kathrin Lehmann, Fritzy Kromp<br><strong>G\u00e4ste<\/strong>: u.a. Turid Knaak, Laura Benkarth<br><strong>Kommentar:<\/strong> Claudia Neumann, Gari Paubandt, Norbert Galeske, Oliver Schmidt<br><strong>DFB-Quartier:<\/strong> Katja Streso (Moderation), Johanna R\u00fcdiger, Hermann Valkyser (Reporter\/in)<br><strong>Field-Reporterinnen:<\/strong> Lili Engels, Amelie Stiefvatter<br><strong>Social-Reporterinnen<\/strong> (vor Ort): Katharina Dexheimer, Franziska M\u00fcllers<br><strong>Beitragsmacher\/in:<\/strong> Felicitas H\u00f6lscher, Heiko Klasen, Eike Schulz, Felix Tusche<\/p>\n\n\n\n<p class=\"has-vivid-cyan-blue-background-color has-background\"><strong>ARD &#8211; EM &#8211; H\u00f6rfunk &#8211; Team<br>Moderation<\/strong> (<em>Netcast<\/em>): Lisa Tellers, Anne Hilt <br><strong>Kommentar:<\/strong> Martina Knief, Kristoffer Klein, Tabea Kunze, Hendrik L\u00fcckhoff<br><strong>Podcast:<\/strong> Christina Schr\u00f6der<\/p>\n\n\n\n<p class=\"has-white-color has-black-background-color has-text-color has-background has-link-color wp-elements-78a623a787d0cab264d452de7e8f3f20\"><strong>DAZN EM-TV-Team<br>Kommentar:<\/strong> Christina Rann, Nico Seepe, Christoph Fetzer, Oliver Fa\u00dfnacht, Michael <br> Brandes, Simon Sterzer, Patrick Gerspacher, Matthias Naebers, Lukas <br> Flottmeyer<br><strong>Expertinnen<\/strong>: Turid Knaak, Lisa Schmitz, Carmen H\u00f6fflin<\/p>\n\n\n\n<hr class=\"wp-block-separator has-alpha-channel-opacity\"\/>\n\n\n\n<p><strong>Die Ansetzungen vom 01. bis 05. Juli 2025<\/strong><\/p>\n\n\n\n<p><strong>Europameisterschaft, 1.Spieltag (<mark style=\"background-color:rgba(0, 0, 0, 0)\" class=\"has-inline-color has-vivid-cyan-blue-color\">ARD<\/mark>\/<mark style=\"background-color:rgba(0, 0, 0, 0)\" class=\"has-inline-color has-luminous-vivid-orange-color\">ZDF<\/mark>\/DAZN)<\/strong><\/p>\n\n\n\n<p><span style=\"text-decoration: underline;\">Mittwoch, 02. Juli 2025, ab 17.15 Uhr (<mark style=\"background-color:rgba(0, 0, 0, 0)\" class=\"has-inline-color has-vivid-cyan-blue-color\">Das Erste<\/mark>), ab 18.00 Uhr (DAZN)<\/span><\/p>\n\n\n\n<p><strong><em>Island \u2013 Finnland (18.00 Uhr)<\/em><\/strong><\/p>\n\n\n\n<p><em><strong><img loading=\"lazy\" decoding=\"async\" width=\"415\" height=\"874\" class=\"wp-image-3656\" style=\"width: 10px\" src=\"http:\/\/kommentatorenblog.de\/wp-content\/uploads\/2020\/09\/shure-55sh-ii-e1601485394796.jpg\" alt=\"\" srcset=\"https:\/\/kommentatorenblog.de\/wp-content\/uploads\/2020\/09\/shure-55sh-ii-e1601485394796.jpg 415w, https:\/\/kommentatorenblog.de\/wp-content\/uploads\/2020\/09\/shure-55sh-ii-e1601485394796-142x300.jpg 142w\" sizes=\"auto, (max-width: 415px) 100vw, 415px\" \/><\/strong><\/em> <em><mark style=\"background-color:rgba(0, 0, 0, 0)\" class=\"has-inline-color has-vivid-cyan-blue-color\">ARD<\/mark><\/em>: Stephanie Baczyk; Field-Reporter: Patrick Halatsch<br>Moderation (<em><mark style=\"background-color:rgba(0, 0, 0, 0)\" class=\"has-inline-color has-vivid-cyan-blue-color\">ARD<\/mark><\/em>): Claus Lufen, Expertin: Almuth Schult<\/p>\n\n\n\n<p><em><strong><img loading=\"lazy\" decoding=\"async\" width=\"415\" height=\"874\" class=\"wp-image-3656\" style=\"width: 10px\" src=\"http:\/\/kommentatorenblog.de\/wp-content\/uploads\/2020\/09\/shure-55sh-ii-e1601485394796.jpg\" alt=\"\" srcset=\"https:\/\/kommentatorenblog.de\/wp-content\/uploads\/2020\/09\/shure-55sh-ii-e1601485394796.jpg 415w, https:\/\/kommentatorenblog.de\/wp-content\/uploads\/2020\/09\/shure-55sh-ii-e1601485394796-142x300.jpg 142w\" sizes=\"auto, (max-width: 415px) 100vw, 415px\" \/><\/strong><\/em> <em><mark style=\"background-color:rgba(0, 0, 0, 0)\" class=\"has-inline-color has-black-color\">DAZN<\/mark><\/em>: Oliver Fa\u00dfnacht<\/p>\n\n\n\n<p><span style=\"text-decoration: underline;\">ab <s>20.15<\/s> 20.25 Uhr (<mark style=\"background-color:rgba(0, 0, 0, 0)\" class=\"has-inline-color has-vivid-cyan-blue-color\">Das Erste<\/mark>), ab 21.00 Uhr (DAZN)<\/span><\/p>\n\n\n\n<p><strong><em>Schweiz \u2013 Norwegen<\/em><\/strong> <strong><em>(21.00 Uhr)<\/em><\/strong><\/p>\n\n\n\n<p><em><strong><img loading=\"lazy\" decoding=\"async\" width=\"415\" height=\"874\" class=\"wp-image-3656\" style=\"width: 10px\" src=\"http:\/\/kommentatorenblog.de\/wp-content\/uploads\/2020\/09\/shure-55sh-ii-e1601485394796.jpg\" alt=\"\" srcset=\"https:\/\/kommentatorenblog.de\/wp-content\/uploads\/2020\/09\/shure-55sh-ii-e1601485394796.jpg 415w, https:\/\/kommentatorenblog.de\/wp-content\/uploads\/2020\/09\/shure-55sh-ii-e1601485394796-142x300.jpg 142w\" sizes=\"auto, (max-width: 415px) 100vw, 415px\" \/><\/strong><\/em> <em><mark style=\"background-color:rgba(0, 0, 0, 0)\" class=\"has-inline-color has-vivid-cyan-blue-color\">ARD<\/mark><\/em>: Christina Graf; Field-Reporterin: Ina Kast<br>Moderation (<em><mark style=\"background-color:rgba(0, 0, 0, 0)\" class=\"has-inline-color has-vivid-cyan-blue-color\">ARD<\/mark><\/em>): Claus Lufen, Expertin: Almuth Schult<\/p>\n\n\n\n<p><em><strong><img loading=\"lazy\" decoding=\"async\" width=\"415\" height=\"874\" class=\"wp-image-3656\" style=\"width: 10px\" src=\"http:\/\/kommentatorenblog.de\/wp-content\/uploads\/2020\/09\/shure-55sh-ii-e1601485394796.jpg\" alt=\"\" srcset=\"https:\/\/kommentatorenblog.de\/wp-content\/uploads\/2020\/09\/shure-55sh-ii-e1601485394796.jpg 415w, https:\/\/kommentatorenblog.de\/wp-content\/uploads\/2020\/09\/shure-55sh-ii-e1601485394796-142x300.jpg 142w\" sizes=\"auto, (max-width: 415px) 100vw, 415px\" \/><\/strong><\/em> <em><mark style=\"background-color:rgba(0, 0, 0, 0)\" class=\"has-inline-color has-black-color\">DAZN<\/mark><\/em>: Nico Seepe<\/p>\n\n\n\n<p><span style=\"text-decoration: underline;\">Donnerstag, 03. Juli 2025, ab 17.35 Uhr (<mark style=\"background-color:rgba(0, 0, 0, 0)\" class=\"has-inline-color has-luminous-vivid-orange-color\">ZDF<\/mark>), ab 18.00 Uhr (DAZN)<\/span><\/p>\n\n\n\n<p><strong><em>Belgien \u2013 Italien (18.00 Uhr)<\/em><\/strong><\/p>\n\n\n\n<p><em><strong><img loading=\"lazy\" decoding=\"async\" width=\"415\" height=\"874\" class=\"wp-image-3656\" style=\"width: 10px\" src=\"http:\/\/kommentatorenblog.de\/wp-content\/uploads\/2020\/09\/shure-55sh-ii-e1601485394796.jpg\" alt=\"\" srcset=\"https:\/\/kommentatorenblog.de\/wp-content\/uploads\/2020\/09\/shure-55sh-ii-e1601485394796.jpg 415w, https:\/\/kommentatorenblog.de\/wp-content\/uploads\/2020\/09\/shure-55sh-ii-e1601485394796-142x300.jpg 142w\" sizes=\"auto, (max-width: 415px) 100vw, 415px\" \/><\/strong><\/em> <em><mark style=\"background-color:rgba(0, 0, 0, 0)\" class=\"has-inline-color has-luminous-vivid-orange-color\">ZDF<\/mark><\/em>: Norbert Galeske; Field-Reporterin: Amelie Stiefvatter<br>Moderation (<em><mark style=\"background-color:rgba(0, 0, 0, 0)\" class=\"has-inline-color has-luminous-vivid-orange-color\">ZDF<\/mark><\/em>): Sven Voss, Expertinnen: Kathrin Lehmann &amp;Turid Knaak<\/p>\n\n\n\n<p><em><strong><img loading=\"lazy\" decoding=\"async\" width=\"415\" height=\"874\" class=\"wp-image-3656\" style=\"width: 10px\" src=\"http:\/\/kommentatorenblog.de\/wp-content\/uploads\/2020\/09\/shure-55sh-ii-e1601485394796.jpg\" alt=\"\" srcset=\"https:\/\/kommentatorenblog.de\/wp-content\/uploads\/2020\/09\/shure-55sh-ii-e1601485394796.jpg 415w, https:\/\/kommentatorenblog.de\/wp-content\/uploads\/2020\/09\/shure-55sh-ii-e1601485394796-142x300.jpg 142w\" sizes=\"auto, (max-width: 415px) 100vw, 415px\" \/><\/strong><\/em> <em><mark style=\"background-color:rgba(0, 0, 0, 0)\" class=\"has-inline-color has-black-color\">DAZN<\/mark><\/em>: Michael Brandes<\/p>\n\n\n\n<p><span style=\"text-decoration: underline;\">ab 20.00 Uhr (<mark style=\"background-color:rgba(0, 0, 0, 0)\" class=\"has-inline-color has-luminous-vivid-orange-color\">ZDF<\/mark>)<span style=\"text-decoration: underline;\">, ab 21.00 Uhr (DAZN)<\/span><\/span><\/p>\n\n\n\n<p><strong><em>Spanien \u2013 Portugal<\/em><\/strong> <strong><em>(21.00 Uhr)<\/em><\/strong><\/p>\n\n\n\n<p><em><strong><img loading=\"lazy\" decoding=\"async\" width=\"415\" height=\"874\" class=\"wp-image-3656\" style=\"width: 10px\" src=\"http:\/\/kommentatorenblog.de\/wp-content\/uploads\/2020\/09\/shure-55sh-ii-e1601485394796.jpg\" alt=\"\" srcset=\"https:\/\/kommentatorenblog.de\/wp-content\/uploads\/2020\/09\/shure-55sh-ii-e1601485394796.jpg 415w, https:\/\/kommentatorenblog.de\/wp-content\/uploads\/2020\/09\/shure-55sh-ii-e1601485394796-142x300.jpg 142w\" sizes=\"auto, (max-width: 415px) 100vw, 415px\" \/><\/strong><\/em> <em><mark style=\"background-color:rgba(0, 0, 0, 0)\" class=\"has-inline-color has-luminous-vivid-orange-color\">ZDF<\/mark><\/em>: Oliver Schmidt; Field-Reporterin: Lili Engels<br>Moderation (<em><mark style=\"background-color:rgba(0, 0, 0, 0)\" class=\"has-inline-color has-luminous-vivid-orange-color\">ZDF<\/mark><\/em>): Sven Voss, Expertinnen: Kathrin Lehmann &amp; Turid Knaak<\/p>\n\n\n\n<p><em><strong><img loading=\"lazy\" decoding=\"async\" width=\"415\" height=\"874\" class=\"wp-image-3656\" style=\"width: 10px\" src=\"http:\/\/kommentatorenblog.de\/wp-content\/uploads\/2020\/09\/shure-55sh-ii-e1601485394796.jpg\" alt=\"\" srcset=\"https:\/\/kommentatorenblog.de\/wp-content\/uploads\/2020\/09\/shure-55sh-ii-e1601485394796.jpg 415w, https:\/\/kommentatorenblog.de\/wp-content\/uploads\/2020\/09\/shure-55sh-ii-e1601485394796-142x300.jpg 142w\" sizes=\"auto, (max-width: 415px) 100vw, 415px\" \/><\/strong><\/em> <em><mark style=\"background-color:rgba(0, 0, 0, 0)\" class=\"has-inline-color has-black-color\">DAZN<\/mark><\/em>: Christina Rann<\/p>\n\n\n\n<p><span style=\"text-decoration: underline;\">Freitag, 04. Juli 2025, ab 17.15 Uhr (<mark style=\"background-color:rgba(0, 0, 0, 0)\" class=\"has-inline-color has-vivid-cyan-blue-color\">Das Erste<\/mark>), ab 18.00 Uhr (DAZN)<\/span><\/p>\n\n\n\n<p><strong><em>D\u00e4nemark \u2013 Schweden (18.00 Uhr)<\/em><\/strong><\/p>\n\n\n\n<p><em><strong><img loading=\"lazy\" decoding=\"async\" width=\"415\" height=\"874\" class=\"wp-image-3656\" style=\"width: 10px\" src=\"http:\/\/kommentatorenblog.de\/wp-content\/uploads\/2020\/09\/shure-55sh-ii-e1601485394796.jpg\" alt=\"\" srcset=\"https:\/\/kommentatorenblog.de\/wp-content\/uploads\/2020\/09\/shure-55sh-ii-e1601485394796.jpg 415w, https:\/\/kommentatorenblog.de\/wp-content\/uploads\/2020\/09\/shure-55sh-ii-e1601485394796-142x300.jpg 142w\" sizes=\"auto, (max-width: 415px) 100vw, 415px\" \/><\/strong><\/em> <em><mark style=\"background-color:rgba(0, 0, 0, 0)\" class=\"has-inline-color has-vivid-cyan-blue-color\">ARD<\/mark><\/em>: Stephanie Baczyk; Field-Reporter: Patrick Halatsch<br>Moderation (<em><mark style=\"background-color:rgba(0, 0, 0, 0)\" class=\"has-inline-color has-vivid-cyan-blue-color\">ARD<\/mark><\/em>): Claus Lufen, Expertin: Almuth Schult<\/p>\n\n\n\n<p><em><strong><img loading=\"lazy\" decoding=\"async\" width=\"415\" height=\"874\" class=\"wp-image-3656\" style=\"width: 10px\" src=\"http:\/\/kommentatorenblog.de\/wp-content\/uploads\/2020\/09\/shure-55sh-ii-e1601485394796.jpg\" alt=\"\" srcset=\"https:\/\/kommentatorenblog.de\/wp-content\/uploads\/2020\/09\/shure-55sh-ii-e1601485394796.jpg 415w, https:\/\/kommentatorenblog.de\/wp-content\/uploads\/2020\/09\/shure-55sh-ii-e1601485394796-142x300.jpg 142w\" sizes=\"auto, (max-width: 415px) 100vw, 415px\" \/><\/strong><\/em> <em><mark style=\"background-color:rgba(0, 0, 0, 0)\" class=\"has-inline-color has-black-color\">DAZN<\/mark><\/em>: Simon Sterzer<\/p>\n\n\n\n<p><span style=\"text-decoration: underline;\">ab 20.15 Uhr (<mark style=\"background-color:rgba(0, 0, 0, 0)\" class=\"has-inline-color has-vivid-cyan-blue-color\">Das Erste<\/mark>), ab 20.40 Uhr (DAZN)<\/span><\/p>\n\n\n\n<p><strong><em>Deutschland \u2013 Polen<\/em><\/strong> <strong><em>(21.00 Uhr)<\/em><\/strong><\/p>\n\n\n\n<p><em><strong><img loading=\"lazy\" decoding=\"async\" width=\"415\" height=\"874\" class=\"wp-image-3656\" style=\"width: 10px\" src=\"http:\/\/kommentatorenblog.de\/wp-content\/uploads\/2020\/09\/shure-55sh-ii-e1601485394796.jpg\" alt=\"\" srcset=\"https:\/\/kommentatorenblog.de\/wp-content\/uploads\/2020\/09\/shure-55sh-ii-e1601485394796.jpg 415w, https:\/\/kommentatorenblog.de\/wp-content\/uploads\/2020\/09\/shure-55sh-ii-e1601485394796-142x300.jpg 142w\" sizes=\"auto, (max-width: 415px) 100vw, 415px\" \/><\/strong><\/em> <em><mark style=\"background-color:rgba(0, 0, 0, 0)\" class=\"has-inline-color has-vivid-cyan-blue-color\">ARD<\/mark><\/em>: Bernd Schmelzer; Field-Reporterinnen: Lea Wagner &amp; Inka Blumensaat<br>Moderation (<em><mark style=\"background-color:rgba(0, 0, 0, 0)\" class=\"has-inline-color has-vivid-cyan-blue-color\">ARD<\/mark><\/em>): Claus Lufen, Expertin: Almuth Schult<\/p>\n\n\n\n<p><em><strong><img loading=\"lazy\" decoding=\"async\" width=\"415\" height=\"874\" class=\"wp-image-3656\" style=\"width: 10px\" src=\"http:\/\/kommentatorenblog.de\/wp-content\/uploads\/2020\/09\/shure-55sh-ii-e1601485394796.jpg\" alt=\"\" srcset=\"https:\/\/kommentatorenblog.de\/wp-content\/uploads\/2020\/09\/shure-55sh-ii-e1601485394796.jpg 415w, https:\/\/kommentatorenblog.de\/wp-content\/uploads\/2020\/09\/shure-55sh-ii-e1601485394796-142x300.jpg 142w\" sizes=\"auto, (max-width: 415px) 100vw, 415px\" \/><\/strong><\/em> <em><mark style=\"background-color:rgba(0, 0, 0, 0)\" class=\"has-inline-color has-black-color\">DAZN<\/mark><\/em>: Christina Rann, Expertin: Lisa Schmitz<\/p>\n\n\n\n<p><span style=\"text-decoration: underline;\">Samstag, 05. Juli 2025, ab 17.35 Uhr (<mark style=\"background-color:rgba(0, 0, 0, 0)\" class=\"has-inline-color has-luminous-vivid-orange-color\">ZDF<\/mark>), ab 18.00 Uhr (DAZN)<\/span><\/p>\n\n\n\n<p><strong><em>Wales \u2013 Niederlande (18.00 Uhr)<\/em><\/strong><\/p>\n\n\n\n<p><em><strong><img loading=\"lazy\" decoding=\"async\" width=\"415\" height=\"874\" class=\"wp-image-3656\" style=\"width: 10px\" src=\"http:\/\/kommentatorenblog.de\/wp-content\/uploads\/2020\/09\/shure-55sh-ii-e1601485394796.jpg\" alt=\"\" srcset=\"https:\/\/kommentatorenblog.de\/wp-content\/uploads\/2020\/09\/shure-55sh-ii-e1601485394796.jpg 415w, https:\/\/kommentatorenblog.de\/wp-content\/uploads\/2020\/09\/shure-55sh-ii-e1601485394796-142x300.jpg 142w\" sizes=\"auto, (max-width: 415px) 100vw, 415px\" \/><\/strong><\/em> <em><mark style=\"background-color:rgba(0, 0, 0, 0)\" class=\"has-inline-color has-luminous-vivid-orange-color\">ZDF<\/mark><\/em>: Gari Paubandt; Field-Reporterin: Lili Engels<br>Moderation (<em><mark style=\"background-color:rgba(0, 0, 0, 0)\" class=\"has-inline-color has-luminous-vivid-orange-color\">ZDF<\/mark><\/em>): Sven Voss, Expertinnen: Kathrin Lehmann &amp; Laura Benkarth<\/p>\n\n\n\n<p><em><strong><img loading=\"lazy\" decoding=\"async\" width=\"415\" height=\"874\" class=\"wp-image-3656\" style=\"width: 10px\" src=\"http:\/\/kommentatorenblog.de\/wp-content\/uploads\/2020\/09\/shure-55sh-ii-e1601485394796.jpg\" alt=\"\" srcset=\"https:\/\/kommentatorenblog.de\/wp-content\/uploads\/2020\/09\/shure-55sh-ii-e1601485394796.jpg 415w, https:\/\/kommentatorenblog.de\/wp-content\/uploads\/2020\/09\/shure-55sh-ii-e1601485394796-142x300.jpg 142w\" sizes=\"auto, (max-width: 415px) 100vw, 415px\" \/><\/strong><\/em> <em><mark style=\"background-color:rgba(0, 0, 0, 0)\" class=\"has-inline-color has-black-color\">DAZN<\/mark><\/em>: <s>Michael Brandes<\/s> Matthias Naebers<\/p>\n\n\n\n<p><span style=\"text-decoration: underline;\">ab 20.00 Uhr (<mark style=\"background-color:rgba(0, 0, 0, 0)\" class=\"has-inline-color has-luminous-vivid-orange-color\">ZDF<\/mark>), ab 21.00 Uhr (DAZN)<\/span><\/p>\n\n\n\n<p><strong><em>Frankreich \u2013 England<\/em><\/strong> <strong><em>(21.00 Uhr)<\/em><\/strong><\/p>\n\n\n\n<p><em><strong><img loading=\"lazy\" decoding=\"async\" width=\"415\" height=\"874\" class=\"wp-image-3656\" style=\"width: 10px\" src=\"http:\/\/kommentatorenblog.de\/wp-content\/uploads\/2020\/09\/shure-55sh-ii-e1601485394796.jpg\" alt=\"\" srcset=\"https:\/\/kommentatorenblog.de\/wp-content\/uploads\/2020\/09\/shure-55sh-ii-e1601485394796.jpg 415w, https:\/\/kommentatorenblog.de\/wp-content\/uploads\/2020\/09\/shure-55sh-ii-e1601485394796-142x300.jpg 142w\" sizes=\"auto, (max-width: 415px) 100vw, 415px\" \/><\/strong><\/em> <em><mark style=\"background-color:rgba(0, 0, 0, 0)\" class=\"has-inline-color has-luminous-vivid-orange-color\">ZDF<\/mark><\/em>: Claudia Neumann; Field-Reporterin: Amelie Stiefvatter, Expertin: Fritzy Kromp<br>Moderation (<em><mark style=\"background-color:rgba(0, 0, 0, 0)\" class=\"has-inline-color has-luminous-vivid-orange-color\">ZDF<\/mark><\/em>): Sven Voss, Expertinnen: Kathrin Lehmann &amp; Laura Benkarth<\/p>\n\n\n\n<p><em><strong><img loading=\"lazy\" decoding=\"async\" width=\"415\" height=\"874\" class=\"wp-image-3656\" style=\"width: 10px\" src=\"http:\/\/kommentatorenblog.de\/wp-content\/uploads\/2020\/09\/shure-55sh-ii-e1601485394796.jpg\" alt=\"\" srcset=\"https:\/\/kommentatorenblog.de\/wp-content\/uploads\/2020\/09\/shure-55sh-ii-e1601485394796.jpg 415w, https:\/\/kommentatorenblog.de\/wp-content\/uploads\/2020\/09\/shure-55sh-ii-e1601485394796-142x300.jpg 142w\" sizes=\"auto, (max-width: 415px) 100vw, 415px\" \/><\/strong><\/em> <em><mark style=\"background-color:rgba(0, 0, 0, 0)\" class=\"has-inline-color has-black-color\">DAZN<\/mark><\/em>: <s>Matthias Naebers<\/s> Michael Brandes<\/p>\n\n\n\n<hr class=\"wp-block-separator has-alpha-channel-opacity\"\/>\n\n\n\n<p><strong>FIFA-Klub WM, Achtelfinale (<mark style=\"background-color:rgba(0, 0, 0, 0)\" class=\"has-inline-color has-black-color\">DAZN<\/mark>\/<mark style=\"background-color:rgba(0, 0, 0, 0)\" class=\"has-inline-color has-vivid-green-cyan-color\">Sat1<\/mark>)<\/strong><\/p>\n\n\n\n<p><span style=\"text-decoration: underline;\">Dienstag, 01. Juli 2025 (DAZN)<\/span><\/p>\n\n\n\n<p><strong><em>Manchester City <\/em>\u2013&nbsp;<\/strong><em><strong>Al Hilal<\/strong><\/em><em><strong> <\/strong><\/em><em><strong>(03.00 Uhr)<\/strong><\/em><br><img loading=\"lazy\" decoding=\"async\" width=\"10\" height=\"21\" srcset=\"https:\/\/kommentatorenblog.de\/wp-content\/uploads\/2020\/09\/shure-55sh-ii-e1601485394796.jpg 415w, https:\/\/kommentatorenblog.de\/wp-content\/uploads\/2020\/09\/shure-55sh-ii-e1601485394796-142x300.jpg 142w\" src=\"http:\/\/kommentatorenblog.de\/wp-content\/uploads\/2020\/09\/shure-55sh-ii-e1601485394796.jpg\" alt=\"\">&nbsp;Nico Seepe, Experte: Benny Lauth<\/p>\n\n\n\n<p><span style=\"text-decoration: underline;\">ab 20.15 Uhr (DAZN)<\/span><\/p>\n\n\n\n<p><strong><em>Real Madrid <\/em>\u2013&nbsp;<em>Juvent<\/em><\/strong><em><strong>us Turin <\/strong><\/em><em><strong>(21.00 Uhr)<\/strong><\/em><br><img loading=\"lazy\" decoding=\"async\" width=\"10\" height=\"21\" srcset=\"https:\/\/kommentatorenblog.de\/wp-content\/uploads\/2020\/09\/shure-55sh-ii-e1601485394796.jpg 415w, https:\/\/kommentatorenblog.de\/wp-content\/uploads\/2020\/09\/shure-55sh-ii-e1601485394796-142x300.jpg 142w\" src=\"http:\/\/kommentatorenblog.de\/wp-content\/uploads\/2020\/09\/shure-55sh-ii-e1601485394796.jpg\" alt=\"\">&nbsp;Chris Putz, Experte: Christian Bernhard<br>Moderation: Tobi Wahnschaffe<\/p>\n\n\n\n<p><span style=\"text-decoration: underline;\">Mittwoch, 02. Juli 2025, ab 02.15 Uhr (DAZN) bzw. 02.40 Uhr (<mark style=\"background-color:rgba(0, 0, 0, 0)\" class=\"has-inline-color has-vivid-green-cyan-color\">SAT.1<\/mark>)<\/span><\/p>\n\n\n\n<p><strong><em>Bor<\/em>ussia Dortmund \u2013&nbsp;<\/strong><em><strong>CF Monterrey <\/strong><\/em><em><strong>(03.00 Uhr)<\/strong><\/em><\/p>\n\n\n\n<p><img loading=\"lazy\" decoding=\"async\" width=\"10\" height=\"21\" srcset=\"https:\/\/kommentatorenblog.de\/wp-content\/uploads\/2020\/09\/shure-55sh-ii-e1601485394796.jpg 415w, https:\/\/kommentatorenblog.de\/wp-content\/uploads\/2020\/09\/shure-55sh-ii-e1601485394796-142x300.jpg 142w\" src=\"http:\/\/kommentatorenblog.de\/wp-content\/uploads\/2020\/09\/shure-55sh-ii-e1601485394796.jpg\" alt=\"\">&nbsp;<em>DAZN<\/em>: Tom Kirsten, Experte: Tobias Schweinsteiger<br>Moderation (<em>DAZN<\/em>): Tobi Wahnschaffe, Field-Reporter: Andres Veredas und David Ploch<\/p>\n\n\n\n<p><em><strong><img loading=\"lazy\" decoding=\"async\" width=\"415\" height=\"874\" class=\"wp-image-3656\" style=\"width: 10px\" src=\"http:\/\/kommentatorenblog.de\/wp-content\/uploads\/2020\/09\/shure-55sh-ii-e1601485394796.jpg\" alt=\"\" srcset=\"https:\/\/kommentatorenblog.de\/wp-content\/uploads\/2020\/09\/shure-55sh-ii-e1601485394796.jpg 415w, https:\/\/kommentatorenblog.de\/wp-content\/uploads\/2020\/09\/shure-55sh-ii-e1601485394796-142x300.jpg 142w\" sizes=\"auto, (max-width: 415px) 100vw, 415px\" \/><\/strong><\/em> <em><mark style=\"background-color:rgba(0, 0, 0, 0)\" class=\"has-inline-color has-vivid-green-cyan-color\">SAT.1<\/mark><\/em>: Franz B\u00fcchner, Experte: Markus Babbel <br><s>Moderation (<em><mark style=\"background-color:rgba(0, 0, 0, 0)\" class=\"has-inline-color has-vivid-green-cyan-color\">SAT.1<\/mark><\/em>): Andrea Kaiser<\/s><\/p>\n\n\n\n<p><strong>FIFA-Klub WM, Viertelfinale (<mark style=\"background-color:rgba(0, 0, 0, 0)\" class=\"has-inline-color has-black-color\">DAZN<\/mark><strong>\/<mark style=\"background-color:rgba(0, 0, 0, 0)\" class=\"has-inline-color has-vivid-green-cyan-color\">Sat1<\/mark>)<\/strong><\/strong><\/p>\n\n\n\n<p><span style=\"text-decoration: underline;\"><span style=\"text-decoration: underline;\">Freitag, 04. Juli <\/span>2025 (DAZN)<\/span><\/p>\n\n\n\n<p><strong><em>Fluminense <strong>\u2013<\/strong><\/em><\/strong> <strong><em>Al Hilal (21.00 Uhr)<\/em><\/strong><br><em><strong><img loading=\"lazy\" decoding=\"async\" width=\"415\" height=\"874\" class=\"wp-image-3656\" style=\"width: 10px\" src=\"http:\/\/kommentatorenblog.de\/wp-content\/uploads\/2020\/09\/shure-55sh-ii-e1601485394796.jpg\" alt=\"\" srcset=\"https:\/\/kommentatorenblog.de\/wp-content\/uploads\/2020\/09\/shure-55sh-ii-e1601485394796.jpg 415w, https:\/\/kommentatorenblog.de\/wp-content\/uploads\/2020\/09\/shure-55sh-ii-e1601485394796-142x300.jpg 142w\" sizes=\"auto, (max-width: 415px) 100vw, 415px\" \/><\/strong><\/em> Marcel Seufert, Experte: <s>Sebastian Knei\u00dfl<\/s> Tobias Schweinsteiger<\/p>\n\n\n\n<p><span style=\"text-decoration: underline;\"><span style=\"text-decoration: underline;\">Samstag, 05. Juli 20<\/span>25 (DAZN)<\/span><\/p>\n\n\n\n<p><strong><em>Palmeiras <strong>\u2013<\/strong><\/em><\/strong> <strong><em>FC<\/em><\/strong> <strong><em>Chelsea (03.00 Uhr)<\/em><\/strong><br><em><strong><img loading=\"lazy\" decoding=\"async\" width=\"415\" height=\"874\" class=\"wp-image-3656\" style=\"width: 10px\" src=\"http:\/\/kommentatorenblog.de\/wp-content\/uploads\/2020\/09\/shure-55sh-ii-e1601485394796.jpg\" alt=\"\" srcset=\"https:\/\/kommentatorenblog.de\/wp-content\/uploads\/2020\/09\/shure-55sh-ii-e1601485394796.jpg 415w, https:\/\/kommentatorenblog.de\/wp-content\/uploads\/2020\/09\/shure-55sh-ii-e1601485394796-142x300.jpg 142w\" sizes=\"auto, (max-width: 415px) 100vw, 415px\" \/><\/strong><\/em> Chris Putz, Experte: <s>Tobias Schweinsteiger<\/s> Sebastian Knei\u00dfl<\/p>\n\n\n\n<p><span style=\"text-decoration: underline;\">ab 17.15 Uhr (DAZN) bzw. ab 17.30 Uhr (<mark style=\"background-color:rgba(0, 0, 0, 0)\" class=\"has-inline-color has-vivid-green-cyan-color\">SAT.1<\/mark>)<\/span><\/p>\n\n\n\n<p><strong><em>Paris Saint-Germain <strong>\u2013<\/strong><\/em><\/strong> <strong><em>FC Bayern M\u00fcnchen (18.00 Uhr)<\/em><\/strong><\/p>\n\n\n\n<p><em><strong><img loading=\"lazy\" decoding=\"async\" width=\"415\" height=\"874\" class=\"wp-image-3656\" style=\"width: 10px\" src=\"http:\/\/kommentatorenblog.de\/wp-content\/uploads\/2020\/09\/shure-55sh-ii-e1601485394796.jpg\" alt=\"\" srcset=\"https:\/\/kommentatorenblog.de\/wp-content\/uploads\/2020\/09\/shure-55sh-ii-e1601485394796.jpg 415w, https:\/\/kommentatorenblog.de\/wp-content\/uploads\/2020\/09\/shure-55sh-ii-e1601485394796-142x300.jpg 142w\" sizes=\"auto, (max-width: 415px) 100vw, 415px\" \/><\/strong><\/em> <em>DAZN<\/em>: Tom Kirsten, Experte: Sebastian Knei\u00dfl<br>Moderation (<em>DAZN<\/em>): Tobi Wahnschaffe, Field-Reporter: Mario Rieker<\/p>\n\n\n\n<p><em><strong><img loading=\"lazy\" decoding=\"async\" width=\"415\" height=\"874\" class=\"wp-image-3656\" style=\"width: 10px\" src=\"http:\/\/kommentatorenblog.de\/wp-content\/uploads\/2020\/09\/shure-55sh-ii-e1601485394796.jpg\" alt=\"\" srcset=\"https:\/\/kommentatorenblog.de\/wp-content\/uploads\/2020\/09\/shure-55sh-ii-e1601485394796.jpg 415w, https:\/\/kommentatorenblog.de\/wp-content\/uploads\/2020\/09\/shure-55sh-ii-e1601485394796-142x300.jpg 142w\" sizes=\"auto, (max-width: 415px) 100vw, 415px\" \/><\/strong><\/em> <em><mark style=\"background-color:rgba(0, 0, 0, 0)\" class=\"has-inline-color has-vivid-green-cyan-color\">SAT.1<\/mark><\/em>: Matthias Stach, Experte: Markus Babbel<br>Moderation (<em><mark style=\"background-color:rgba(0, 0, 0, 0)\" class=\"has-inline-color has-vivid-green-cyan-color\">SAT.1<\/mark><\/em>): Matthias Opdenh\u00f6vel<\/p>\n\n\n\n<p><span style=\"text-decoration: underline;\">ab 21.15 Uhr (DAZN\/<mark style=\"background-color:rgba(0, 0, 0, 0)\" class=\"has-inline-color has-vivid-green-cyan-color\">SAT.1<\/mark>)<\/span><\/p>\n\n\n\n<p><strong><em>Real Madrid <strong>\u2013<\/strong><\/em><\/strong> <strong><em>Borussia Dortmund (22.00 Uhr)<\/em><\/strong><\/p>\n\n\n\n<p><em><strong><img loading=\"lazy\" decoding=\"async\" width=\"415\" height=\"874\" class=\"wp-image-3656\" style=\"width: 10px\" src=\"http:\/\/kommentatorenblog.de\/wp-content\/uploads\/2020\/09\/shure-55sh-ii-e1601485394796.jpg\" alt=\"\" srcset=\"https:\/\/kommentatorenblog.de\/wp-content\/uploads\/2020\/09\/shure-55sh-ii-e1601485394796.jpg 415w, https:\/\/kommentatorenblog.de\/wp-content\/uploads\/2020\/09\/shure-55sh-ii-e1601485394796-142x300.jpg 142w\" sizes=\"auto, (max-width: 415px) 100vw, 415px\" \/><\/strong><\/em> <em>DAZN<\/em>: David Ploch, Experte: Sami Khedira<br>Moderation (<em>DAZN<\/em>): Christina Rann, Experte: Tobias Schweinsteiger, Field-Reporter: Andres Veredas<\/p>\n\n\n\n<p><em><strong><img loading=\"lazy\" decoding=\"async\" width=\"415\" height=\"874\" class=\"wp-image-3656\" style=\"width: 10px\" src=\"http:\/\/kommentatorenblog.de\/wp-content\/uploads\/2020\/09\/shure-55sh-ii-e1601485394796.jpg\" alt=\"\" srcset=\"https:\/\/kommentatorenblog.de\/wp-content\/uploads\/2020\/09\/shure-55sh-ii-e1601485394796.jpg 415w, https:\/\/kommentatorenblog.de\/wp-content\/uploads\/2020\/09\/shure-55sh-ii-e1601485394796-142x300.jpg 142w\" sizes=\"auto, (max-width: 415px) 100vw, 415px\" \/><\/strong><\/em> <em><mark style=\"background-color:rgba(0, 0, 0, 0)\" class=\"has-inline-color has-vivid-green-cyan-color\">SAT.1<\/mark><\/em>: Franz B\u00fcchner, Experte: Fredi Bobic<br>Moderation (<em><mark style=\"background-color:rgba(0, 0, 0, 0)\" class=\"has-inline-color has-vivid-green-cyan-color\">SAT.1<\/mark><\/em>): Matthias Opdenh\u00f6vel<\/p>\n\n\n\n<hr class=\"wp-block-separator has-alpha-channel-opacity\"\/>\n\n\n\n<p><strong>Concacaf Gold Cup, Halbfinale (<mark style=\"background-color:rgba(0, 0, 0, 0)\" class=\"has-inline-color has-vivid-cyan-blue-color\">Sportdigital Fu\u00dfball<\/mark>)<\/strong><\/p>\n\n\n\n<p><span style=\"text-decoration: underline;\">Donnerstag, <span style=\"text-decoration: underline;\">03. Juli 2025<\/span><\/span><\/p>\n\n\n\n<p><strong><em>USA <strong>\u2013<\/strong><\/em><\/strong> <strong><em>Guatemala (01.00 Uhr)<\/em><\/strong><br><em><strong><img loading=\"lazy\" decoding=\"async\" width=\"415\" height=\"874\" class=\"wp-image-3656\" style=\"width: 10px\" src=\"http:\/\/kommentatorenblog.de\/wp-content\/uploads\/2020\/09\/shure-55sh-ii-e1601485394796.jpg\" alt=\"\" srcset=\"https:\/\/kommentatorenblog.de\/wp-content\/uploads\/2020\/09\/shure-55sh-ii-e1601485394796.jpg 415w, https:\/\/kommentatorenblog.de\/wp-content\/uploads\/2020\/09\/shure-55sh-ii-e1601485394796-142x300.jpg 142w\" sizes=\"auto, (max-width: 415px) 100vw, 415px\" \/><\/strong><\/em> Marvin Kirsch<\/p>\n\n\n\n<p><strong><em>Mexiko <strong>\u2013<\/strong> Honduras (04.00 Uhr)<\/em><\/strong><br><em><strong><img loading=\"lazy\" decoding=\"async\" width=\"415\" height=\"874\" class=\"wp-image-3656\" style=\"width: 10px\" src=\"http:\/\/kommentatorenblog.de\/wp-content\/uploads\/2020\/09\/shure-55sh-ii-e1601485394796.jpg\" alt=\"\" srcset=\"https:\/\/kommentatorenblog.de\/wp-content\/uploads\/2020\/09\/shure-55sh-ii-e1601485394796.jpg 415w, https:\/\/kommentatorenblog.de\/wp-content\/uploads\/2020\/09\/shure-55sh-ii-e1601485394796-142x300.jpg 142w\" sizes=\"auto, (max-width: 415px) 100vw, 415px\" \/><\/strong><\/em> Karsten Linke<\/p>\n\n\n\n<hr class=\"wp-block-separator has-alpha-channel-opacity\"\/>\n\n\n\n<p><strong>Testspiel (MDR-Livestream)<\/strong><\/p>\n\n\n\n<p><span style=\"text-decoration: underline;\">Dienstag, 01. Juli 2025<\/span><\/p>\n\n\n\n<p><strong><em>MSV Eisleben &#8211; Hallescher FC (19.00 Uhr)<\/em><\/strong><br><em><strong><img loading=\"lazy\" decoding=\"async\" width=\"415\" height=\"874\" class=\"wp-image-3656\" style=\"width: 10px\" src=\"http:\/\/kommentatorenblog.de\/wp-content\/uploads\/2020\/09\/shure-55sh-ii-e1601485394796.jpg\" alt=\"\" srcset=\"https:\/\/kommentatorenblog.de\/wp-content\/uploads\/2020\/09\/shure-55sh-ii-e1601485394796.jpg 415w, https:\/\/kommentatorenblog.de\/wp-content\/uploads\/2020\/09\/shure-55sh-ii-e1601485394796-142x300.jpg 142w\" sizes=\"auto, (max-width: 415px) 100vw, 415px\" \/><\/strong><\/em> Patrick Fritzsche<\/p>\n\n\n\n<hr class=\"wp-block-separator has-alpha-channel-opacity\"\/>\n\n\n\n<p><strong>ANALYSE<\/strong><\/p>\n\n\n\n<p>Los geht die EM in Thun mit der Partie Island-Finnland, hier wird Stephanie Baczyk f\u00fcr die ARD aus der Arena kommentieren, w\u00e4hrend Christina Graf dann zu sp\u00e4terer Stunde das offizielle Er\u00f6ffnungsspiel mit den Schweizerinnen aus dem St. Jakob-Park kommentieren wird. Bereits 2022 hatte Graf das Er\u00f6ffnungsspiel f\u00fcrs Erste begleitet. Vor Ort wird dann auch Ina Kast sein &#8211; die Moderation beider Spiele mit Lufen und Schult folgt dann aus dem Sportschau-Studio in K\u00f6ln.<\/p>\n\n\n\n<p>Bei DAZN erfolgt der Kommentar, wie eingangs erw\u00e4hnt, aus Ismaning, hier \u00fcbernehmen zu Beginn Nico Seepe und Oliver Fa\u00dfnacht die Partien.<\/p>\n\n\n\n<p>Am Donnerstag \u00fcbernimmt dann das ZDF in Mainz und sendet die \u00dcbertragung aus dem dortigen sportstudio, wo das Duo Voss\/Lehmann durch Turid Knaak verst\u00e4rkt wird, welche im Verlauf des Turniers auch noch bei DAZN zum Einsatz kommt, in der Vergangenheit war sie aber auch hin und wieder f\u00fcrs Zweite im Einsatz (sowie das ARD-moma). <\/p>\n\n\n\n<p>\u00dcberraschend ist, dass sowohl Oliver Schmidt als auch Norbert Galeske am Donnerstag kommentieren werden. Letzterer befindet sich wohl auf EM-Abschiedstournee, w\u00e4hrend Schmidt das ZDF-Team bei Fu\u00dfball-Spielen der Frauen &#8222;nur&#8220; verst\u00e4rkt. Fehlende Fotos der beiden lie\u00dfen vermuten, dass die beiden mehr eine Erg\u00e4nzung zu Neumann und Paubandt sein k\u00f6nnten.<\/p>\n\n\n\n<p>Die beiden steigen dann am Samstag in das Turnier ein. Dabei feiert Gari Paubandt nicht nur sein EM-Deb\u00fct als Live-Kommentator sondern seinen \u00fcberhaupt ersten Einsatz bei einem Fu\u00dfball-Gro\u00dfereignis (l\u00e4sst man Olympia au\u00dfen vor). F\u00fcr Claudia Neumann ist es dagegen das achte Frauen-Gro\u00dfereignis als Live-Kommentatorin. Mal sehen, ob sie hier wieder das Finale kommentieren darf. Wenn am 3. Spieltag Parallelspiele stattfinden, wird sie (Stand jetzt) die beiden Partien im ZDF-Hauptprogramm kommentieren. \u00dcbrigens: Ihre Assistentin bei den letzten Spielen war Meili Scheidemann, vielleicht irgendwann auch ihre Nachfolgerin.<\/p>\n\n\n\n<p>Bereits am Freitag starten die DFB-Frauen in das Turnier, die Partie gibt es im Ersten und bei DAZN zu sehen. F\u00fcrs Erste kommentiert Bernd Schmelzer die Partie. Er begleitet, wie Neumann beim ZDF, die DFB-Frauen schon seit Jahrzehnten. Field-Reporterin wird, wie bei allen DFB-Spielen Lea Wagner sein, welche mit dem Team aus dem DFB-Quartier anreisen wird. Claus Lufen und Almuth Schult \u00fcbernehmen, wie auch bei allen anderen Partien, die Moderation und Analyse.<\/p>\n\n\n\n<p>DAZN wird bei Spielen mit deutscher Beteiligung das Team um eine Expertin verst\u00e4rken. Zu Beginn ist das Ex-Nationaltorh\u00fcterin Lisa Schmitz, f\u00fcr die es, wie auch bei Kommentatorin Christina Rann, ihr Deb\u00fct bei einer EM der Frauen am Mikrofon sein d\u00fcrfte. Sie tritt somit gewisserma\u00dfen auch in die Fu\u00dfstapfen ihres Vaters J\u00fcrgen, der bekanntlich regelm\u00e4\u00dfig Fu\u00dfballspiele f\u00fcr Sky und RTL+ kommentiert.<\/p>\n\n\n\n<p>Zum Abschluss geht noch der Blick in Richtung USA und der Klub-WM, verbunden mit dem Hinweis, dass am Mittwoch die Klub-WM Ansetzungen aktualisiert werden. Die deutschen K.O.-Spiele kommentiert DAZN wahrscheinlich erneut mindestens teilweise aus dem Stadion, daneben auch wieder SAT.1. Matthias Opdenh\u00f6vel, der von der U21-EM wieder zur\u00fcckgekehrt ist, \u00fcbernimmt von Andrea Kaiser die Moderation und Matthias Stach, der bei jener U21-EM nicht ber\u00fccksichtigt wurde und dem Nachwuchs den Vortritt lie\u00df, von Franz B\u00fcchner den Kommentar.<\/p>\n\n\n\n<p>Update: Bei den Viertelfinals der Klub WM wird das Spiel von Dortmund aus dem Stadion kommentiert, der Rest kommt aus der Box.<\/p>\n","protected":false},"excerpt":{"rendered":"<p>Gr\u00fcezi mitenand, zum Ausblick auf die Euro 2025 in der Schweiz. Los geht es diesen Mittwoch mit den Er\u00f6ffnungsspielen zur Fu\u00dfball EM bei den Frauen. ARD und ZDF hatten sich \u00fcber die EBU die exklusiven Rechte an der Veranstaltung gesichert. Erstmals \u00fcbertr\u00e4gt man dabei Ansto\u00dfzeiten einer EM in den Hauptprogrammen. Wenn am 3. Gruppenspieltag Parallelspiele [&hellip;]<\/p>\n","protected":false},"author":10,"featured_media":0,"comment_status":"open","ping_status":"open","sticky":false,"template":"","format":"standard","meta":{"footnotes":""},"categories":[1343,426],"tags":[548,920,610,19,166,582,499,164,615,657,302,36,636,165,13,1331,120,187,1140,32,1332,1055,1168,1075,1153,960,59,737,958,964,1346,909,965,1345,276,243,587,1119,581,223,101,176,17,742,191,709,665,109,1347,497,732,306,222,696,134,620,710,1133,252,882,200,829,37],"class_list":["post-21880","post","type-post","status-publish","format-standard","hentry","category-em-2025","category-laenderspiele","tag-almuth-schult","tag-amelie-stiefvatter","tag-andres-veredas","tag-ard","tag-benny-lauth","tag-bernd-schmelzer","tag-chris-putz","tag-christian-bernhard","tag-christina-graf","tag-christina-rann","tag-christoph-fetzer","tag-claudia-neumann","tag-claus-lufen","tag-david-ploch","tag-dazn","tag-em-2025","tag-franz-buechner","tag-fredi-bobic","tag-friederike-kromp","tag-gari-paubandt","tag-hendrik-lueckhoff","tag-hermann-valkyser","tag-ina-kast","tag-inka-blumensaat","tag-irina-gnep","tag-johanna-ruediger","tag-karsten-linke","tag-kathrin-lehmann","tag-katja-streso","tag-kristoffer-klein","tag-laura-benkarth","tag-lea-wagner","tag-lili-engels","tag-lisa-schmitz","tag-marcel-seufert","tag-mario-rieker","tag-markus-babbel","tag-martina-knief","tag-marvin-kirsch","tag-matthias-naebers","tag-matthias-opdenhoevel","tag-matthias-stach","tag-mdr","tag-michael-brandes","tag-nico-seepe","tag-norbert-galeske","tag-oliver-fassnacht-2","tag-oliver-schmidt","tag-patrick-fritzsche","tag-patrick-halatsch","tag-sami-khedira","tag-sat-1","tag-sebastian-kneissl","tag-simon-sterzer","tag-sportdigital-fussball","tag-stephanie-baczyk","tag-sven-voss","tag-tabea-kunze","tag-tobi-wahnschaffe","tag-tobias-schweinsteiger","tag-tom-kirsten","tag-turid-knaak","tag-zdf"],"_links":{"self":[{"href":"https:\/\/kommentatorenblog.de\/index.php?rest_route=\/wp\/v2\/posts\/21880","targetHints":{"allow":["GET"]}}],"collection":[{"href":"https:\/\/kommentatorenblog.de\/index.php?rest_route=\/wp\/v2\/posts"}],"about":[{"href":"https:\/\/kommentatorenblog.de\/index.php?rest_route=\/wp\/v2\/types\/post"}],"author":[{"embeddable":true,"href":"https:\/\/kommentatorenblog.de\/index.php?rest_route=\/wp\/v2\/users\/10"}],"replies":[{"embeddable":true,"href":"https:\/\/kommentatorenblog.de\/index.php?rest_route=%2Fwp%2Fv2%2Fcomments&post=21880"}],"version-history":[{"count":52,"href":"https:\/\/kommentatorenblog.de\/index.php?rest_route=\/wp\/v2\/posts\/21880\/revisions"}],"predecessor-version":[{"id":22150,"href":"https:\/\/kommentatorenblog.de\/index.php?rest_route=\/wp\/v2\/posts\/21880\/revisions\/22150"}],"wp:attachment":[{"href":"https:\/\/kommentatorenblog.de\/index.php?rest_route=%2Fwp%2Fv2%2Fmedia&parent=21880"}],"wp:term":[{"taxonomy":"category","embeddable":true,"href":"https:\/\/kommentatorenblog.de\/index.php?rest_route=%2Fwp%2Fv2%2Fcategories&post=21880"},{"taxonomy":"post_tag","embeddable":true,"href":"https:\/\/kommentatorenblog.de\/index.php?rest_route=%2Fwp%2Fv2%2Ftags&post=21880"}],"curies":[{"name":"wp","href":"https:\/\/api.w.org\/{rel}","templated":true}]}}