{"id":21899,"date":"2025-06-06T16:40:37","date_gmt":"2025-06-06T15:40:37","guid":{"rendered":"https:\/\/kommentatorenblog.de\/?p=21899"},"modified":"2025-06-11T00:52:33","modified_gmt":"2025-06-10T23:52:33","slug":"1515-noch-ein-finale","status":"publish","type":"post","link":"https:\/\/kommentatorenblog.de\/?p=21899","title":{"rendered":"1515 &#8211; Noch ein Finale"},"content":{"rendered":"\n<p>N&#8217;Abend allerseits,<\/p>\n\n\n\n<p>in den vergangenen Tagen wurde in den Kommentaren bereits rege dar\u00fcber diskutiert, was Amazon am Mittwoch bekannt gab und womit auch wir niemals gerechnet h\u00e4tten: Jonas Friedrich, der seit dem Start der CL bei Prime vor 4 Jahren jedes einzelne Spiel kommentierte, wechselt zur kommenden Saison auf den Posten des Moderators und beerbt somit Alex Schl\u00fcter, der nach nur einem Jahr zur Sportschau wechselt. Eine gewisse Vertrautheit mit der Rolle bekam Friedrich nat\u00fcrlich bereits beim Match of the Week der Premier League bei Sky oder auch bei ranNFL, wo beides in Personalunion ausge\u00fcbt wurde, allerdings h\u00e4tte man nach Hellmann und Schl\u00fcter doch eher erwartet, dass wieder jemand ausgew\u00e4hlt wird, der sich als Moderator einen Namen gemacht hat. Auch f\u00fcr Friedrich selbst kam die Anfrage zum Rollenwechsel eigenen Angaben zufolge \u00fcberraschend. Nichtsdestotrotz glaube ich, dass es eine gute Entscheidung ist und Friedrich die Rolle mit seiner freundlichen und eloquenten Art sowie seinen analytischen F\u00e4higkeiten gut ausf\u00fcllen wird. Fragt sich nur, wer wiederum den Kommentar in Zukunft \u00fcbernimmt, denn eine Personalunion wird es mit recht gro\u00dfer Wahrscheinlichkeit nicht geben. Dass Friedrich vor die Kamera &#8222;wechselt&#8220;, war auch der originale Wortlaut von Amazon, somit wird es auf dieser Position wohl einen Neuzugang geben. Eine Prognose vermag ich noch nicht zu geben, au\u00dfer dass es wahrscheinlich wohl niemand aus dem jetzigen DAZN-Team werden wird, der zumindest auch in der kommenden Saison noch f\u00fcr DAZN im Einsatz sein wird.<\/p>\n\n\n\n<p>Aber nun zum aktuellen sportlichen Geschehen: die Mini-Neuauflage der EM in Deutschland geht am Sonntag zu Ende und die DFB-Auswahl kann nach der Niederlage gegen Portugal am Mittwoch nur noch den dritten Platz im Spiel gegen Frankreich erreichen, der aber f\u00fcr die FIFA-Weltrangliste noch wichtig werden k\u00f6nnte. Allerdings sind die zahlreichen Ausf\u00e4lle doch sehr ins Gewicht gefallen, wodurch man auch keine richtigen Schl\u00fcsse f\u00fcr die WM 2026 ziehen kann. Spanien kann den Titel am Sonntag verteidigen, auch f\u00fcr Portugal w\u00e4re es nach 2019 bereits der zweite Titel.<\/p>\n\n\n\n<hr class=\"wp-block-separator has-alpha-channel-opacity\"\/>\n\n\n\n<p><strong>Die Ansetzungen vom 06. bis zum 10. Juni 2025<\/strong><\/p>\n\n\n\n<hr class=\"wp-block-separator has-alpha-channel-opacity\"\/>\n\n\n\n<p><strong>UEFA Nations League (DAZN\/<mark style=\"background-color:rgba(0, 0, 0, 0)\" class=\"has-inline-color has-vivid-purple-color\">RTL<\/mark>)<\/strong><\/p>\n\n\n\n<p><strong>Spiel um Platz 3<\/strong><\/p>\n\n\n\n<p><span style=\"text-decoration: underline;\">Sonntag, 08. Juni 2025, ab 14.15 Uhr (DAZN) bzw. ab 14.30 Uhr (<mark style=\"background-color:rgba(0, 0, 0, 0)\" class=\"has-inline-color has-vivid-purple-color\">RTL<\/mark>)<\/span><\/p>\n\n\n\n<p><strong><em>Deutschland &#8211; Frankreich (15.00 Uhr)<\/em><\/strong><\/p>\n\n\n\n<p><em><strong><img loading=\"lazy\" decoding=\"async\" width=\"415\" height=\"874\" class=\"wp-image-3656\" style=\"width: 10px\" src=\"http:\/\/kommentatorenblog.de\/wp-content\/uploads\/2020\/09\/shure-55sh-ii-e1601485394796.jpg\" alt=\"\" srcset=\"https:\/\/kommentatorenblog.de\/wp-content\/uploads\/2020\/09\/shure-55sh-ii-e1601485394796.jpg 415w, https:\/\/kommentatorenblog.de\/wp-content\/uploads\/2020\/09\/shure-55sh-ii-e1601485394796-142x300.jpg 142w\" sizes=\"auto, (max-width: 415px) 100vw, 415px\" \/><\/strong><\/em> <em>DAZN<\/em>: Uli Hebel, Experte: Sebastian Knei\u00dfl<br>Moderation (<em>DAZN<\/em>): Tobi Wahnschaffe, Field-Reporter: Lukas Sch\u00f6nm\u00fcller<\/p>\n\n\n\n<p><em><strong><img loading=\"lazy\" decoding=\"async\" width=\"415\" height=\"874\" class=\"wp-image-3656\" style=\"width: 10px\" src=\"http:\/\/kommentatorenblog.de\/wp-content\/uploads\/2020\/09\/shure-55sh-ii-e1601485394796.jpg\" alt=\"\" srcset=\"https:\/\/kommentatorenblog.de\/wp-content\/uploads\/2020\/09\/shure-55sh-ii-e1601485394796.jpg 415w, https:\/\/kommentatorenblog.de\/wp-content\/uploads\/2020\/09\/shure-55sh-ii-e1601485394796-142x300.jpg 142w\" sizes=\"auto, (max-width: 415px) 100vw, 415px\" \/><\/strong><\/em> <em><mark style=\"background-color:rgba(0, 0, 0, 0)\" class=\"has-inline-color has-vivid-purple-color\">RTL<\/mark><\/em>: Marco Hagemann, Experte: Lothar Matth\u00e4us<br>Moderation (<mark style=\"background-color:rgba(0, 0, 0, 0)\" class=\"has-inline-color has-vivid-purple-color\"><em>RTL<\/em><\/mark>): Florian K\u00f6nig, Field-Reporter:innen: Jonas Gerdes und Jessica Matyschok<\/p>\n\n\n\n<p><strong>Finale<\/strong><\/p>\n\n\n\n<p><span style=\"text-decoration: underline;\">Sonntag, 08. Juni 2025, ab 20.25 Uhr (DAZN) bzw. ab 20.15 Uhr (<mark style=\"background-color:rgba(0, 0, 0, 0)\" class=\"has-inline-color has-vivid-purple-color\">RTL<\/mark>)<\/span><\/p>\n\n\n\n<p><strong><em>Portugal &#8211; Spanien (21.00 Uhr)<\/em><\/strong><\/p>\n\n\n\n<p><em><strong><img loading=\"lazy\" decoding=\"async\" width=\"415\" height=\"874\" class=\"wp-image-3656\" style=\"width: 10px\" src=\"http:\/\/kommentatorenblog.de\/wp-content\/uploads\/2020\/09\/shure-55sh-ii-e1601485394796.jpg\" alt=\"\" srcset=\"https:\/\/kommentatorenblog.de\/wp-content\/uploads\/2020\/09\/shure-55sh-ii-e1601485394796.jpg 415w, https:\/\/kommentatorenblog.de\/wp-content\/uploads\/2020\/09\/shure-55sh-ii-e1601485394796-142x300.jpg 142w\" sizes=\"auto, (max-width: 415px) 100vw, 415px\" \/><\/strong><\/em> <em>DAZN<\/em>: Tom Kirsten, Experte: Tobias Schweinsteiger<br>Moderation (<em>DAZN<\/em>): Christina Rann<\/p>\n\n\n\n<p><em><strong><img loading=\"lazy\" decoding=\"async\" width=\"415\" height=\"874\" class=\"wp-image-3656\" style=\"width: 10px\" src=\"http:\/\/kommentatorenblog.de\/wp-content\/uploads\/2020\/09\/shure-55sh-ii-e1601485394796.jpg\" alt=\"\" srcset=\"https:\/\/kommentatorenblog.de\/wp-content\/uploads\/2020\/09\/shure-55sh-ii-e1601485394796.jpg 415w, https:\/\/kommentatorenblog.de\/wp-content\/uploads\/2020\/09\/shure-55sh-ii-e1601485394796-142x300.jpg 142w\" sizes=\"auto, (max-width: 415px) 100vw, 415px\" \/><\/strong><\/em> <em><mark style=\"background-color:rgba(0, 0, 0, 0)\" class=\"has-inline-color has-vivid-purple-color\">RTL<\/mark><\/em>: Robby Hunke, Experte: Felix Kroos<br>Moderation (<em><mark style=\"background-color:rgba(0, 0, 0, 0)\" class=\"has-inline-color has-vivid-purple-color\">RTL<\/mark><\/em>): Laura Papendick, Field-Reporter: Thomas Wagner<\/p>\n\n\n\n<hr class=\"wp-block-separator has-alpha-channel-opacity\"\/>\n\n\n\n<p><strong>FIFA WM 2026, European Qualifiers (DAZN)<\/strong><\/p>\n\n\n\n<p><span style=\"text-decoration: underline;\">Freitag, 06. Juni 2025<\/span><\/p>\n\n\n\n<p><strong><em>Norwegen &#8211; Italien (20.45 Uhr)<\/em><\/strong><br><em><strong><img loading=\"lazy\" decoding=\"async\" width=\"415\" height=\"874\" class=\"wp-image-3656\" style=\"width: 10px\" src=\"http:\/\/kommentatorenblog.de\/wp-content\/uploads\/2020\/09\/shure-55sh-ii-e1601485394796.jpg\" alt=\"\" srcset=\"https:\/\/kommentatorenblog.de\/wp-content\/uploads\/2020\/09\/shure-55sh-ii-e1601485394796.jpg 415w, https:\/\/kommentatorenblog.de\/wp-content\/uploads\/2020\/09\/shure-55sh-ii-e1601485394796-142x300.jpg 142w\" sizes=\"auto, (max-width: 415px) 100vw, 415px\" \/><\/strong><\/em> Christoph Stadtler<\/p>\n\n\n\n<p><span style=\"text-decoration: underline;\">Samstag, 07. Juni 2025<\/span><\/p>\n\n\n\n<p><strong><em>Andorra &#8211; England (18.00 Uhr)<\/em><\/strong><br><em><strong><img loading=\"lazy\" decoding=\"async\" width=\"415\" height=\"874\" class=\"wp-image-3656\" style=\"width: 10px\" src=\"http:\/\/kommentatorenblog.de\/wp-content\/uploads\/2020\/09\/shure-55sh-ii-e1601485394796.jpg\" alt=\"\" srcset=\"https:\/\/kommentatorenblog.de\/wp-content\/uploads\/2020\/09\/shure-55sh-ii-e1601485394796.jpg 415w, https:\/\/kommentatorenblog.de\/wp-content\/uploads\/2020\/09\/shure-55sh-ii-e1601485394796-142x300.jpg 142w\" sizes=\"auto, (max-width: 415px) 100vw, 415px\" \/><\/strong><\/em> Simon Sterzer<\/p>\n\n\n\n<p><strong><em>Finnland &#8211; Niederlande (20.45 Uhr)<\/em><\/strong><br><em><strong><img loading=\"lazy\" decoding=\"async\" width=\"415\" height=\"874\" class=\"wp-image-3656\" style=\"width: 10px\" src=\"http:\/\/kommentatorenblog.de\/wp-content\/uploads\/2020\/09\/shure-55sh-ii-e1601485394796.jpg\" alt=\"\" srcset=\"https:\/\/kommentatorenblog.de\/wp-content\/uploads\/2020\/09\/shure-55sh-ii-e1601485394796.jpg 415w, https:\/\/kommentatorenblog.de\/wp-content\/uploads\/2020\/09\/shure-55sh-ii-e1601485394796-142x300.jpg 142w\" sizes=\"auto, (max-width: 415px) 100vw, 415px\" \/><\/strong><\/em> Uwe Morawe<\/p>\n\n\n\n<p><strong><em>\u00d6sterreich &#8211; Rum\u00e4nien (20.45 Uhr)<\/em><\/strong><br><em><strong><img loading=\"lazy\" decoding=\"async\" width=\"415\" height=\"874\" class=\"wp-image-3656\" style=\"width: 10px\" src=\"http:\/\/kommentatorenblog.de\/wp-content\/uploads\/2020\/09\/shure-55sh-ii-e1601485394796.jpg\" alt=\"\" srcset=\"https:\/\/kommentatorenblog.de\/wp-content\/uploads\/2020\/09\/shure-55sh-ii-e1601485394796.jpg 415w, https:\/\/kommentatorenblog.de\/wp-content\/uploads\/2020\/09\/shure-55sh-ii-e1601485394796-142x300.jpg 142w\" sizes=\"auto, (max-width: 415px) 100vw, 415px\" \/><\/strong><\/em> Stefan Galler<\/p>\n\n\n\n<p><span style=\"text-decoration: underline;\">Montag, 09. Juni 2025<\/span><\/p>\n\n\n\n<p><strong><em>Italien &#8211; Republik Moldau (20.45 Uhr)<\/em><\/strong><br><em><strong><img loading=\"lazy\" decoding=\"async\" width=\"415\" height=\"874\" class=\"wp-image-3656\" style=\"width: 10px\" src=\"http:\/\/kommentatorenblog.de\/wp-content\/uploads\/2020\/09\/shure-55sh-ii-e1601485394796.jpg\" alt=\"\" srcset=\"https:\/\/kommentatorenblog.de\/wp-content\/uploads\/2020\/09\/shure-55sh-ii-e1601485394796.jpg 415w, https:\/\/kommentatorenblog.de\/wp-content\/uploads\/2020\/09\/shure-55sh-ii-e1601485394796-142x300.jpg 142w\" sizes=\"auto, (max-width: 415px) 100vw, 415px\" \/><\/strong><\/em> Oliver Fa\u00dfnacht<\/p>\n\n\n\n<p><strong><em>Belgien &#8211; Wales (20.45 Uhr)<\/em><\/strong><br><em><strong><img loading=\"lazy\" decoding=\"async\" width=\"415\" height=\"874\" class=\"wp-image-3656\" style=\"width: 10px\" src=\"http:\/\/kommentatorenblog.de\/wp-content\/uploads\/2020\/09\/shure-55sh-ii-e1601485394796.jpg\" alt=\"\" srcset=\"https:\/\/kommentatorenblog.de\/wp-content\/uploads\/2020\/09\/shure-55sh-ii-e1601485394796.jpg 415w, https:\/\/kommentatorenblog.de\/wp-content\/uploads\/2020\/09\/shure-55sh-ii-e1601485394796-142x300.jpg 142w\" sizes=\"auto, (max-width: 415px) 100vw, 415px\" \/><\/strong><\/em> Marcel Seufert<\/p>\n\n\n\n<p><span style=\"text-decoration: underline;\">Dienstag, 10. Juni 2025<\/span><\/p>\n\n\n\n<p><strong><em>Niederlande &#8211; Malta (20.45 Uhr)<\/em><\/strong><br><em><strong><img loading=\"lazy\" decoding=\"async\" width=\"415\" height=\"874\" class=\"wp-image-3656\" style=\"width: 10px\" src=\"http:\/\/kommentatorenblog.de\/wp-content\/uploads\/2020\/09\/shure-55sh-ii-e1601485394796.jpg\" alt=\"\" srcset=\"https:\/\/kommentatorenblog.de\/wp-content\/uploads\/2020\/09\/shure-55sh-ii-e1601485394796.jpg 415w, https:\/\/kommentatorenblog.de\/wp-content\/uploads\/2020\/09\/shure-55sh-ii-e1601485394796-142x300.jpg 142w\" sizes=\"auto, (max-width: 415px) 100vw, 415px\" \/><\/strong><\/em> Matthias Naebers<\/p>\n\n\n\n<p><strong><em>San Marino &#8211; \u00d6sterreich (20.45 Uhr)<\/em><\/strong><br><em><strong><img loading=\"lazy\" decoding=\"async\" width=\"415\" height=\"874\" class=\"wp-image-3656\" style=\"width: 10px\" src=\"http:\/\/kommentatorenblog.de\/wp-content\/uploads\/2020\/09\/shure-55sh-ii-e1601485394796.jpg\" alt=\"\" srcset=\"https:\/\/kommentatorenblog.de\/wp-content\/uploads\/2020\/09\/shure-55sh-ii-e1601485394796.jpg 415w, https:\/\/kommentatorenblog.de\/wp-content\/uploads\/2020\/09\/shure-55sh-ii-e1601485394796-142x300.jpg 142w\" sizes=\"auto, (max-width: 415px) 100vw, 415px\" \/><\/strong><\/em> Guido H\u00fcsgen<\/p>\n\n\n\n<hr class=\"wp-block-separator has-alpha-channel-opacity\"\/>\n\n\n\n<p><strong>Internationales Freundschaftsspiel (DAZN)<\/strong><\/p>\n\n\n\n<p><span style=\"text-decoration: underline;\">Dienstag, 10. Juni 2025<\/span><\/p>\n\n\n\n<p><strong><em>England &#8211; Senegal (20.45 Uhr)<\/em><\/strong><span style=\"background-color: rgba(0, 0, 0, 0.2);\"><b><i><br><\/i><\/b><\/span><em><strong><img loading=\"lazy\" decoding=\"async\" width=\"415\" height=\"874\" class=\"wp-image-3656\" style=\"width: 10px\" src=\"http:\/\/kommentatorenblog.de\/wp-content\/uploads\/2020\/09\/shure-55sh-ii-e1601485394796.jpg\" alt=\"\" srcset=\"https:\/\/kommentatorenblog.de\/wp-content\/uploads\/2020\/09\/shure-55sh-ii-e1601485394796.jpg 415w, https:\/\/kommentatorenblog.de\/wp-content\/uploads\/2020\/09\/shure-55sh-ii-e1601485394796-142x300.jpg 142w\" sizes=\"auto, (max-width: 415px) 100vw, 415px\" \/><\/strong><\/em> Nico Seepe<\/p>\n\n\n\n<hr class=\"wp-block-separator has-alpha-channel-opacity\"\/>\n\n\n\n<p><strong>AFC Asian WM-Qualifikation 2026, 10. Spieltag (<mark style=\"background-color:rgba(0, 0, 0, 0)\" class=\"has-inline-color has-pale-cyan-blue-color\">Sportdigital<\/mark>)<\/strong><\/p>\n\n\n\n<p><span style=\"text-decoration: underline;\">Dienstag, 10. Juni 2025<\/span><\/p>\n\n\n\n<p><strong><em>Japan &#8211; Indonesien (12.35 Uhr)<\/em><\/strong><br><em><strong><img loading=\"lazy\" decoding=\"async\" width=\"415\" height=\"874\" class=\"wp-image-3656\" style=\"width: 10px\" src=\"http:\/\/kommentatorenblog.de\/wp-content\/uploads\/2020\/09\/shure-55sh-ii-e1601485394796.jpg\" alt=\"\" srcset=\"https:\/\/kommentatorenblog.de\/wp-content\/uploads\/2020\/09\/shure-55sh-ii-e1601485394796.jpg 415w, https:\/\/kommentatorenblog.de\/wp-content\/uploads\/2020\/09\/shure-55sh-ii-e1601485394796-142x300.jpg 142w\" sizes=\"auto, (max-width: 415px) 100vw, 415px\" \/><\/strong><\/em> <s>Jakob Vogel<\/s> Marcus Radefeld<\/p>\n\n\n\n<p><strong><em>Usbekistan &#8211; Katar (15.45 Uhr)<\/em><\/strong><br><em><strong><img loading=\"lazy\" decoding=\"async\" width=\"415\" height=\"874\" class=\"wp-image-3656\" style=\"width: 10px\" src=\"http:\/\/kommentatorenblog.de\/wp-content\/uploads\/2020\/09\/shure-55sh-ii-e1601485394796.jpg\" alt=\"\" srcset=\"https:\/\/kommentatorenblog.de\/wp-content\/uploads\/2020\/09\/shure-55sh-ii-e1601485394796.jpg 415w, https:\/\/kommentatorenblog.de\/wp-content\/uploads\/2020\/09\/shure-55sh-ii-e1601485394796-142x300.jpg 142w\" sizes=\"auto, (max-width: 415px) 100vw, 415px\" \/><\/strong><\/em> Ulf Kahmke<\/p>\n\n\n\n<p><strong><em>Iran &#8211; Nordkorea (18.00 Uhr)<\/em><\/strong><br><em><strong><img loading=\"lazy\" decoding=\"async\" width=\"415\" height=\"874\" class=\"wp-image-3656\" style=\"width: 10px\" src=\"http:\/\/kommentatorenblog.de\/wp-content\/uploads\/2020\/09\/shure-55sh-ii-e1601485394796.jpg\" alt=\"\" srcset=\"https:\/\/kommentatorenblog.de\/wp-content\/uploads\/2020\/09\/shure-55sh-ii-e1601485394796.jpg 415w, https:\/\/kommentatorenblog.de\/wp-content\/uploads\/2020\/09\/shure-55sh-ii-e1601485394796-142x300.jpg 142w\" sizes=\"auto, (max-width: 415px) 100vw, 415px\" \/><\/strong><\/em> J\u00f6rg Steiger<\/p>\n\n\n\n<p><strong><em>Saudi-Arabien &#8211; Australien (20.15 Uhr)<\/em><\/strong><br><em><strong><img loading=\"lazy\" decoding=\"async\" width=\"415\" height=\"874\" class=\"wp-image-3656\" style=\"width: 10px\" src=\"http:\/\/kommentatorenblog.de\/wp-content\/uploads\/2020\/09\/shure-55sh-ii-e1601485394796.jpg\" alt=\"\" srcset=\"https:\/\/kommentatorenblog.de\/wp-content\/uploads\/2020\/09\/shure-55sh-ii-e1601485394796.jpg 415w, https:\/\/kommentatorenblog.de\/wp-content\/uploads\/2020\/09\/shure-55sh-ii-e1601485394796-142x300.jpg 142w\" sizes=\"auto, (max-width: 415px) 100vw, 415px\" \/><\/strong><\/em> Moritz Knorr<\/p>\n\n\n\n<hr class=\"wp-block-separator has-alpha-channel-opacity\"\/>\n\n\n\n<p><strong>Major League Soccer, 17. Spieltag (<mark style=\"background-color:rgba(0, 0, 0, 0)\" class=\"has-inline-color has-pale-cyan-blue-color\">Sportdigital<\/mark>)<\/strong><\/p>\n\n\n\n<p><span style=\"text-decoration: underline;\">Montag, 09. Juni 2025<\/span><\/p>\n\n\n\n<p><strong><em>St. Louis City &#8211; Portland Timbers (01.10 Uhr)<\/em><\/strong><br><em><strong><img loading=\"lazy\" decoding=\"async\" width=\"415\" height=\"874\" class=\"wp-image-3656\" style=\"width: 10px\" src=\"http:\/\/kommentatorenblog.de\/wp-content\/uploads\/2020\/09\/shure-55sh-ii-e1601485394796.jpg\" alt=\"\" srcset=\"https:\/\/kommentatorenblog.de\/wp-content\/uploads\/2020\/09\/shure-55sh-ii-e1601485394796.jpg 415w, https:\/\/kommentatorenblog.de\/wp-content\/uploads\/2020\/09\/shure-55sh-ii-e1601485394796-142x300.jpg 142w\" sizes=\"auto, (max-width: 415px) 100vw, 415px\" \/><\/strong><\/em> <s>Christian Blunck<\/s> Originalkommentar<\/p>\n\n\n\n<hr class=\"wp-block-separator has-alpha-channel-opacity\"\/>\n\n\n\n<p><strong>U17-DFB-Nachwuchsliga, Halbfinale (Sky\/sport.sky.de)<\/strong><\/p>\n\n\n\n<p><span style=\"text-decoration: underline;\">Samstag, 07. Juni 2025, ab 10.45 Uhr<\/span><\/p>\n\n\n\n<p><strong><em>VfB Stuttgart U17 &#8211; RB Leipzig U17 (11.00 Uhr)<\/em><\/strong><br><em><strong><img loading=\"lazy\" decoding=\"async\" width=\"415\" height=\"874\" class=\"wp-image-3656\" style=\"width: 10px\" src=\"http:\/\/kommentatorenblog.de\/wp-content\/uploads\/2020\/09\/shure-55sh-ii-e1601485394796.jpg\" alt=\"\" srcset=\"https:\/\/kommentatorenblog.de\/wp-content\/uploads\/2020\/09\/shure-55sh-ii-e1601485394796.jpg 415w, https:\/\/kommentatorenblog.de\/wp-content\/uploads\/2020\/09\/shure-55sh-ii-e1601485394796-142x300.jpg 142w\" sizes=\"auto, (max-width: 415px) 100vw, 415px\" \/><\/strong><\/em> Uli Hebel<br>Moderation: Philipp Hinze<\/p>\n\n\n\n<p><span style=\"text-decoration: underline;\">Sonntag, 08. Juni 2025, ab 10.45 Uhr<\/span><\/p>\n\n\n\n<p><strong><em>Borussia M\u00f6nchengladbach U17 &#8211; FC Bayern M\u00fcnchen U17 (11.00 Uhr)<\/em><\/strong><br><em><strong><img loading=\"lazy\" decoding=\"async\" width=\"415\" height=\"874\" class=\"wp-image-3656\" style=\"width: 10px\" src=\"http:\/\/kommentatorenblog.de\/wp-content\/uploads\/2020\/09\/shure-55sh-ii-e1601485394796.jpg\" alt=\"\" srcset=\"https:\/\/kommentatorenblog.de\/wp-content\/uploads\/2020\/09\/shure-55sh-ii-e1601485394796.jpg 415w, https:\/\/kommentatorenblog.de\/wp-content\/uploads\/2020\/09\/shure-55sh-ii-e1601485394796-142x300.jpg 142w\" sizes=\"auto, (max-width: 415px) 100vw, 415px\" \/><\/strong><\/em> Joachim Hebel<br>Moderation: Dirk gro\u00dfe Schlarmann<\/p>\n\n\n\n<hr class=\"wp-block-separator has-alpha-channel-opacity\"\/>\n\n\n\n<p><strong>Freundschaftsspiel (Sky)<\/strong><\/p>\n\n\n\n<p><span style=\"text-decoration: underline;\">Samstag, 07. Juni 2025<\/span><\/p>\n\n\n\n<p><strong><em>Real Madrid Legenden &#8211; Borussia Dortmund Legenden (12.00 Uhr)<\/em><\/strong><br><em><strong><img loading=\"lazy\" decoding=\"async\" width=\"415\" height=\"874\" class=\"wp-image-3656\" style=\"width: 10px\" src=\"http:\/\/kommentatorenblog.de\/wp-content\/uploads\/2020\/09\/shure-55sh-ii-e1601485394796.jpg\" alt=\"\" srcset=\"https:\/\/kommentatorenblog.de\/wp-content\/uploads\/2020\/09\/shure-55sh-ii-e1601485394796.jpg 415w, https:\/\/kommentatorenblog.de\/wp-content\/uploads\/2020\/09\/shure-55sh-ii-e1601485394796-142x300.jpg 142w\" sizes=\"auto, (max-width: 415px) 100vw, 415px\" \/><\/strong><\/em> Jaron Steiner<\/p>\n\n\n\n<hr class=\"wp-block-separator has-alpha-channel-opacity\"\/>\n\n\n\n<p><strong>Die Analyse<\/strong><\/p>\n\n\n\n<p>Das Spiel um Platz 3 findet am Sonntag in Stuttgart statt, das Finale anschlie\u00dfend in M\u00fcnchen. Neben DAZN \u00fcbertr\u00e4gt RTL beide Spiele, was \u00fcbrigens entgegen den ersten Ank\u00fcndigungen auch dann geschehen w\u00e4re, wenn Deutschland ins Finale gekommen w\u00e4re. Von vornherein war festgelegt worden, dass Marco Hagemann, Lothar Matth\u00e4us und Florian K\u00f6nig beim Spiel mit deutscher Beteiligung eingesetzt werden, w\u00e4hrend Robby Hunke, Felix Kroos und Laura Papendick sich um das andere Spiel k\u00fcmmern. F\u00fcr Hagemann geht eine \u00c4ra von unglaublichen 11 Jahren, in denen er jedes einzelne von RTL \u00fcbertragene Spiel der DFB-Auswahl kommentiert hat, zu Ende, denn ab der kommenden Saison \u00fcbernimmt statt seiner Wolff Fuss. An dieser Stelle daher ein gro\u00dfes Dankesch\u00f6n an &#8222;Hagi&#8220;, den ich immer sehr gerne bei den DFB-Spielen bei RTL geh\u00f6rt habe! Sein Weg beim K\u00f6lner Sender geht zwar, wie jetzt bekannt ist, weiter, L\u00e4nderspiele mit deutscher Beteiligung werden aber nach allem, was von ihm selbst und den Verantwortlichen zu h\u00f6ren war, in Zukunft nicht mehr zu seinem Aufgabenbereich geh\u00f6ren.<\/p>\n\n\n\n<p> Bei DAZN sah der Plan A vor, dass Deutschland im Finale stehen w\u00fcrde, sodass zun\u00e4chst Tom Kirsten mit Sebastian Knei\u00dfl das Spiel um Platz 3 kommentieren sollte, mit Tobi Wahnschaffe als Moderator, und Uli Hebel anschlie\u00dfend mit Michael Ballack das Finale, wo Lukas Sch\u00f6nm\u00fcller die Hauptmoderation und Christina Rann die Interviews \u00fcbernehmen sollte. Dass Deutschland nun lediglich um Platz 3 spielt, sorgt daf\u00fcr, dass Hebel und Sch\u00f6nm\u00fcller nun doch nach Stuttgart fahren, letzterer als Field-Reporter, w\u00e4hrend Kirsten sich nun beim Finale in M\u00fcnchen die Ehre erweisen darf, wo au\u00dferdem Tobias Schweinsteiger Ballack als Experte ersetzt und Rann die Doppelrolle als Moderatorin und Field-Reporterin einnimmt.<\/p>\n\n\n\n<p>Daneben gibt es noch zahlreiche Qualifikationsspiele f\u00fcr die WM 2026, die f\u00fcr die Nations-League-Teilnehmer erst im September starten werden. S\u00e4mtliche DAZN-Stimmen der &#8222;zweiten Reihe&#8220; kommen hier noch einmal zum Einsatz. Die Qualifikationsspiele in Asien sind bei Sportdigital zu sehen, hier gibt es auch noch ein Spiel aus der MLS, w\u00e4hrend Sky die beiden Halbfinals der U17-Nachwuchsliga \u00fcbertr\u00e4gt.<\/p>\n\n\n\n<p>Somit ist trotz des vermeintlichen Saisonendes weiterhin viel f\u00fcr die n\u00e4chsten Tage im Angebot, von Sommerpause ist keine Spur. Am kommenden Mittwoch startet die U21-EM, deren erste Ansetzungen euch Jonas am Dienstag ank\u00fcndigen wird. Habt bis dahin ein sch\u00f6nes Wochenende!<\/p>\n","protected":false},"excerpt":{"rendered":"<p>N&#8217;Abend allerseits, in den vergangenen Tagen wurde in den Kommentaren bereits rege dar\u00fcber diskutiert, was Amazon am Mittwoch bekannt gab und womit auch wir niemals gerechnet h\u00e4tten: Jonas Friedrich, der seit dem Start der CL bei Prime vor 4 Jahren jedes einzelne Spiel kommentierte, wechselt zur kommenden Saison auf den Posten des Moderators und beerbt [&hellip;]<\/p>\n","protected":false},"author":17,"featured_media":0,"comment_status":"open","ping_status":"open","sticky":false,"template":"","format":"standard","meta":{"footnotes":""},"categories":[426],"tags":[57,657,171,13,392,695,148,155,405,72,1082,347,647,58,75,31,205,276,43,503,223,715,191,665,831,162,138,696,22,134,154,33,252,882,200,402,105,149],"class_list":["post-21899","post","type-post","status-publish","format-standard","hentry","category-laenderspiele","tag-christian-blunck","tag-christina-rann","tag-christoph-stadtler","tag-dazn","tag-dirk-grosse-schlarmann","tag-felix-kroos","tag-florian-koenig","tag-guido-huesgen","tag-jakob-vogel","tag-jaron-steiner","tag-jessica-matyschok","tag-joachim-hebel","tag-jonas-gerdes","tag-joerg-steiger","tag-laura-papendick","tag-lothar-matthaeus","tag-lukas-schoenmueller","tag-marcel-seufert","tag-marco-hagemann","tag-marcus-radefeld","tag-matthias-naebers","tag-moritz-knorr","tag-nico-seepe","tag-oliver-fassnacht-2","tag-philipp-hinze","tag-robby-hunke","tag-rtl","tag-simon-sterzer","tag-sky","tag-sportdigital-fussball","tag-stefan-galler","tag-thomas-wagner","tag-tobi-wahnschaffe","tag-tobias-schweinsteiger","tag-tom-kirsten","tag-ulf-kahmke","tag-uli-hebel","tag-uwe-morawe"],"_links":{"self":[{"href":"https:\/\/kommentatorenblog.de\/index.php?rest_route=\/wp\/v2\/posts\/21899","targetHints":{"allow":["GET"]}}],"collection":[{"href":"https:\/\/kommentatorenblog.de\/index.php?rest_route=\/wp\/v2\/posts"}],"about":[{"href":"https:\/\/kommentatorenblog.de\/index.php?rest_route=\/wp\/v2\/types\/post"}],"author":[{"embeddable":true,"href":"https:\/\/kommentatorenblog.de\/index.php?rest_route=\/wp\/v2\/users\/17"}],"replies":[{"embeddable":true,"href":"https:\/\/kommentatorenblog.de\/index.php?rest_route=%2Fwp%2Fv2%2Fcomments&post=21899"}],"version-history":[{"count":24,"href":"https:\/\/kommentatorenblog.de\/index.php?rest_route=\/wp\/v2\/posts\/21899\/revisions"}],"predecessor-version":[{"id":21946,"href":"https:\/\/kommentatorenblog.de\/index.php?rest_route=\/wp\/v2\/posts\/21899\/revisions\/21946"}],"wp:attachment":[{"href":"https:\/\/kommentatorenblog.de\/index.php?rest_route=%2Fwp%2Fv2%2Fmedia&parent=21899"}],"wp:term":[{"taxonomy":"category","embeddable":true,"href":"https:\/\/kommentatorenblog.de\/index.php?rest_route=%2Fwp%2Fv2%2Fcategories&post=21899"},{"taxonomy":"post_tag","embeddable":true,"href":"https:\/\/kommentatorenblog.de\/index.php?rest_route=%2Fwp%2Fv2%2Ftags&post=21899"}],"curies":[{"name":"wp","href":"https:\/\/api.w.org\/{rel}","templated":true}]}}