{"id":21910,"date":"2025-06-10T15:58:27","date_gmt":"2025-06-10T14:58:27","guid":{"rendered":"https:\/\/kommentatorenblog.de\/?p=21910"},"modified":"2025-06-11T19:21:44","modified_gmt":"2025-06-11T18:21:44","slug":"1516-startschuss-fuer-die-junioren","status":"publish","type":"post","link":"https:\/\/kommentatorenblog.de\/?p=21910","title":{"rendered":"1516 &#8211; Startschuss f\u00fcr die Junioren"},"content":{"rendered":"\n<p>N&#8217;Abend allerseits,<\/p>\n\n\n\n<p>nach dem Nations League-&#8222;Turnier&#8220; ist vor dem n\u00e4chsten Turnier. Am Mittwoch startet die U21-EM in der Slowakei und K\u00f6nig Fu\u00dfball bleibt also auch in der Vereins Sommerpause pr\u00e4sent. Wenig sp\u00e4ter steht dann auch schon die neue Klub-Weltmeisterschaft an, ehe zum Abschluss, im Juli die neuen Europameisterinnen gek\u00fcrt werden. W\u00e4hrend das letzte Turnier bei ARD und ZDF \u00fcbertragen wird, liegen die FreeTV-Rechte der beiden erstgenannten bei ProSiebenSat1. W\u00e4hrend die U21 hier bereits seit l\u00e4ngerer Zeit zu bestaunen ist, sicherte man sich die Sublizenzen an der Klub WM erst kurzfristig von DAZN  (wo alle Spiele kostenfrei zu sehen sind) und darf die Partien der Bayern und des BVBs \u00fcbertragen.  Es gibt also in den n\u00e4chsten Wochen einigen Fu\u00dfball bei ProSieben, Sat1 und ProSieben Maxx.<\/p>\n\n\n\n<p>Die deutsche U21 und ausgew\u00e4hlte K.O.-Spiele gibt es bei Sat1 zu sehen, hier ist vor allem Flo Hauser als Kommentator vorgesehen, w\u00e4hrend Matthias Opdenh\u00f6vel als Moderator fungieren wird. Zwei weitere Gruppenspiele und K.O.-Spiele gibt es noch bei ProSieben Maxx, w\u00e4hrend alle Spiele auch bei Joyn zu sehen sein werden.<\/p>\n\n\n\n<p>Bereits 2023 bei der letzten Austragung streamte man alle Partien, \u00fcberwiegend mit englischem Originalkommentar. So wird es auch dieses Jahr sein, allerdings ist die Anzahl an \u00dcbertragungen bei ProSieben Maxx sp\u00fcrbar zur\u00fcckgegangen. <\/p>\n\n\n\n<p><strong>Die Ansetzungen vom 10. bis zum 13. Juni 2025<\/strong><\/p>\n\n\n\n<hr class=\"wp-block-separator has-alpha-channel-opacity\"\/>\n\n\n\n<p><strong>U 21-Europameisterschaft, Gruppenphase (Sat1\/ProSieben Maxx)<\/strong><\/p>\n\n\n\n<p><span style=\"text-decoration: underline;\">Mittwoch, 11. Juni 2025, ab 17.35 Uhr (ProSieben Maxx)<\/span><\/p>\n\n\n\n<p><strong><em>Slowakei &#8211; Spanien (18.00 Uhr)<\/em><\/strong><br><em><strong><img loading=\"lazy\" decoding=\"async\" width=\"415\" height=\"874\" class=\"wp-image-3656\" style=\"width: 10px\" src=\"http:\/\/kommentatorenblog.de\/wp-content\/uploads\/2020\/09\/shure-55sh-ii-e1601485394796.jpg\" alt=\"\" srcset=\"https:\/\/kommentatorenblog.de\/wp-content\/uploads\/2020\/09\/shure-55sh-ii-e1601485394796.jpg 415w, https:\/\/kommentatorenblog.de\/wp-content\/uploads\/2020\/09\/shure-55sh-ii-e1601485394796-142x300.jpg 142w\" sizes=\"auto, (max-width: 415px) 100vw, 415px\" \/><\/strong><\/em> Franz B\u00fcchner, Experte: Conan Furlong<br>Field-Reporter: Bent Mildner<\/p>\n\n\n\n<p><span style=\"text-decoration: underline;\">Donnerstag, 12. Juni 2025, ab 20.15 Uhr (<mark style=\"background-color:rgba(0, 0, 0, 0)\" class=\"has-inline-color has-vivid-green-cyan-color\">Sat1<\/mark>)<\/span><\/p>\n\n\n\n<p><strong><em>Deutschland &#8211; Slowenien (21.00 Uhr)<\/em><\/strong><br><em><strong><img loading=\"lazy\" decoding=\"async\" width=\"415\" height=\"874\" class=\"wp-image-3656\" style=\"width: 10px\" src=\"http:\/\/kommentatorenblog.de\/wp-content\/uploads\/2020\/09\/shure-55sh-ii-e1601485394796.jpg\" alt=\"\" srcset=\"https:\/\/kommentatorenblog.de\/wp-content\/uploads\/2020\/09\/shure-55sh-ii-e1601485394796.jpg 415w, https:\/\/kommentatorenblog.de\/wp-content\/uploads\/2020\/09\/shure-55sh-ii-e1601485394796-142x300.jpg 142w\" sizes=\"auto, (max-width: 415px) 100vw, 415px\" \/><\/strong><\/em> Flo Hauser, Experte: Markus Babbel<br>Moderation: Matthias Opdenh\u00f6vel, Field-Reporter: Bent Mildner<\/p>\n\n\n\n<p><strong>U 21-Europameisterschaft, Gruppenphase (Joyn\/ran.de)<\/strong><\/p>\n\n\n\n<p><span style=\"text-decoration: underline;\"><span style=\"text-decoration: underline;\">Mittwoch, 11. Juni 2025<\/span><\/span><\/p>\n\n\n\n<p><strong><em>Portugal &#8211; Frankreich (21.00 Uhr)<\/em><\/strong><br><em><strong><img loading=\"lazy\" decoding=\"async\" width=\"415\" height=\"874\" class=\"wp-image-3656\" style=\"width: 10px\" src=\"http:\/\/kommentatorenblog.de\/wp-content\/uploads\/2020\/09\/shure-55sh-ii-e1601485394796.jpg\" alt=\"\" srcset=\"https:\/\/kommentatorenblog.de\/wp-content\/uploads\/2020\/09\/shure-55sh-ii-e1601485394796.jpg 415w, https:\/\/kommentatorenblog.de\/wp-content\/uploads\/2020\/09\/shure-55sh-ii-e1601485394796-142x300.jpg 142w\" sizes=\"auto, (max-width: 415px) 100vw, 415px\" \/><\/strong><\/em> Timm Kraeft&nbsp;<\/p>\n\n\n\n<p><span style=\"text-decoration: underline;\"><span style=\"text-decoration: underline;\">Donnerstag, 12. Juni 2025<\/span><\/span><\/p>\n\n\n\n<p><strong><em>Tschechien &#8211; England (21.00 Uhr)<\/em><\/strong><br><em><strong><img loading=\"lazy\" decoding=\"async\" width=\"415\" height=\"874\" class=\"wp-image-3656\" style=\"width: 10px\" src=\"http:\/\/kommentatorenblog.de\/wp-content\/uploads\/2020\/09\/shure-55sh-ii-e1601485394796.jpg\" alt=\"\" srcset=\"https:\/\/kommentatorenblog.de\/wp-content\/uploads\/2020\/09\/shure-55sh-ii-e1601485394796.jpg 415w, https:\/\/kommentatorenblog.de\/wp-content\/uploads\/2020\/09\/shure-55sh-ii-e1601485394796-142x300.jpg 142w\" sizes=\"auto, (max-width: 415px) 100vw, 415px\" \/><\/strong><\/em> Julian Meier<\/p>\n\n\n\n<hr class=\"wp-block-separator has-alpha-channel-opacity\"\/>\n\n\n\n<p><strong>U 19-Europameisterschaft, Gruppenphase (<mark style=\"background-color:rgba(0, 0, 0, 0)\" class=\"has-inline-color has-pale-cyan-blue-color\">Sportdigital Fu\u00dfball<\/mark>)<\/strong><\/p>\n\n\n\n<p><span style=\"text-decoration: underline;\"><span style=\"text-decoration: underline;\">Freitag, 13. Juni 2025<\/span><\/span><\/p>\n\n\n\n<p><strong><em>Spanien &#8211; D\u00e4nemark (17.00 Uhr)<\/em><\/strong><br><em><strong><img loading=\"lazy\" decoding=\"async\" width=\"415\" height=\"874\" class=\"wp-image-3656\" style=\"width: 10px\" src=\"http:\/\/kommentatorenblog.de\/wp-content\/uploads\/2020\/09\/shure-55sh-ii-e1601485394796.jpg\" alt=\"\" srcset=\"https:\/\/kommentatorenblog.de\/wp-content\/uploads\/2020\/09\/shure-55sh-ii-e1601485394796.jpg 415w, https:\/\/kommentatorenblog.de\/wp-content\/uploads\/2020\/09\/shure-55sh-ii-e1601485394796-142x300.jpg 142w\" sizes=\"auto, (max-width: 415px) 100vw, 415px\" \/><\/strong><\/em> J\u00f6rg Steiger<\/p>\n\n\n\n<p><strong><em>Rum\u00e4nien &#8211; Montenegro (20.00 Uhr)<\/em><\/strong><br><em><strong><img loading=\"lazy\" decoding=\"async\" width=\"415\" height=\"874\" class=\"wp-image-3656\" style=\"width: 10px\" src=\"http:\/\/kommentatorenblog.de\/wp-content\/uploads\/2020\/09\/shure-55sh-ii-e1601485394796.jpg\" alt=\"\" srcset=\"https:\/\/kommentatorenblog.de\/wp-content\/uploads\/2020\/09\/shure-55sh-ii-e1601485394796.jpg 415w, https:\/\/kommentatorenblog.de\/wp-content\/uploads\/2020\/09\/shure-55sh-ii-e1601485394796-142x300.jpg 142w\" sizes=\"auto, (max-width: 415px) 100vw, 415px\" \/><\/strong><\/em> Max Giesen<\/p>\n\n\n\n<hr class=\"wp-block-separator has-alpha-channel-opacity\"\/>\n\n\n\n<p><strong>L\u00e4nderspiel, Freundschaftsspiel (DAZN)<\/strong><\/p>\n\n\n\n<p><span style=\"text-decoration: underline;\">Dienstag, 10. Juni 2025<\/span><\/p>\n\n\n\n<p><strong><em>England &#8211; Senegal (20.45 Uhr)<\/em><\/strong><br><em><strong><img loading=\"lazy\" decoding=\"async\" width=\"415\" height=\"874\" class=\"wp-image-3656\" style=\"width: 10px\" src=\"http:\/\/kommentatorenblog.de\/wp-content\/uploads\/2020\/09\/shure-55sh-ii-e1601485394796.jpg\" alt=\"\" srcset=\"https:\/\/kommentatorenblog.de\/wp-content\/uploads\/2020\/09\/shure-55sh-ii-e1601485394796.jpg 415w, https:\/\/kommentatorenblog.de\/wp-content\/uploads\/2020\/09\/shure-55sh-ii-e1601485394796-142x300.jpg 142w\" sizes=\"auto, (max-width: 415px) 100vw, 415px\" \/><\/strong><\/em> Nico Seepe<\/p>\n\n\n\n<hr class=\"wp-block-separator has-alpha-channel-opacity\"\/>\n\n\n\n<p><strong>FIFA WM 2026, European Qualifiers (DAZN)<\/strong><\/p>\n\n\n\n<p><span style=\"text-decoration: underline;\">Dienstag, 10. Juni 2025<\/span><\/p>\n\n\n\n<p><strong><em>Niederlande &#8211; Malta (20.45 Uhr)<\/em><\/strong><br><em><strong><img loading=\"lazy\" decoding=\"async\" width=\"415\" height=\"874\" class=\"wp-image-3656\" style=\"width: 10px\" src=\"http:\/\/kommentatorenblog.de\/wp-content\/uploads\/2020\/09\/shure-55sh-ii-e1601485394796.jpg\" alt=\"\" srcset=\"https:\/\/kommentatorenblog.de\/wp-content\/uploads\/2020\/09\/shure-55sh-ii-e1601485394796.jpg 415w, https:\/\/kommentatorenblog.de\/wp-content\/uploads\/2020\/09\/shure-55sh-ii-e1601485394796-142x300.jpg 142w\" sizes=\"auto, (max-width: 415px) 100vw, 415px\" \/><\/strong><\/em> Matthias Naebers<\/p>\n\n\n\n<p><strong><em>San Marino &#8211; \u00d6sterreich (20.45 Uhr)<\/em><\/strong><br><em><strong><img loading=\"lazy\" decoding=\"async\" width=\"415\" height=\"874\" class=\"wp-image-3656\" style=\"width: 10px\" src=\"http:\/\/kommentatorenblog.de\/wp-content\/uploads\/2020\/09\/shure-55sh-ii-e1601485394796.jpg\" alt=\"\" srcset=\"https:\/\/kommentatorenblog.de\/wp-content\/uploads\/2020\/09\/shure-55sh-ii-e1601485394796.jpg 415w, https:\/\/kommentatorenblog.de\/wp-content\/uploads\/2020\/09\/shure-55sh-ii-e1601485394796-142x300.jpg 142w\" sizes=\"auto, (max-width: 415px) 100vw, 415px\" \/><\/strong><\/em> Guido H\u00fcsgen<\/p>\n\n\n\n<hr class=\"wp-block-separator has-alpha-channel-opacity\"\/>\n\n\n\n<p><strong>AFC Asian WM-Qualifikation 2026, 10. Spieltag (<mark style=\"background-color:rgba(0, 0, 0, 0)\" class=\"has-inline-color has-pale-cyan-blue-color\">Sportdigital<\/mark>)<\/strong><\/p>\n\n\n\n<p><span style=\"text-decoration: underline;\">Dienstag, 10. Juni 2025<\/span><\/p>\n\n\n\n<p><strong><em>Japan &#8211; Indonesien (12.35 Uhr)<\/em><\/strong><br><em><strong><img loading=\"lazy\" decoding=\"async\" width=\"415\" height=\"874\" class=\"wp-image-3656\" style=\"width: 10px\" src=\"http:\/\/kommentatorenblog.de\/wp-content\/uploads\/2020\/09\/shure-55sh-ii-e1601485394796.jpg\" alt=\"\" srcset=\"https:\/\/kommentatorenblog.de\/wp-content\/uploads\/2020\/09\/shure-55sh-ii-e1601485394796.jpg 415w, https:\/\/kommentatorenblog.de\/wp-content\/uploads\/2020\/09\/shure-55sh-ii-e1601485394796-142x300.jpg 142w\" sizes=\"auto, (max-width: 415px) 100vw, 415px\" \/><\/strong><\/em> <s>Jakob Vogel<\/s> Marcus Radefeld<\/p>\n\n\n\n<p><strong><em>Usbekistan &#8211; Katar (15.45 Uhr)<\/em><\/strong><br><em><strong><img loading=\"lazy\" decoding=\"async\" width=\"415\" height=\"874\" class=\"wp-image-3656\" style=\"width: 10px\" src=\"http:\/\/kommentatorenblog.de\/wp-content\/uploads\/2020\/09\/shure-55sh-ii-e1601485394796.jpg\" alt=\"\" srcset=\"https:\/\/kommentatorenblog.de\/wp-content\/uploads\/2020\/09\/shure-55sh-ii-e1601485394796.jpg 415w, https:\/\/kommentatorenblog.de\/wp-content\/uploads\/2020\/09\/shure-55sh-ii-e1601485394796-142x300.jpg 142w\" sizes=\"auto, (max-width: 415px) 100vw, 415px\" \/><\/strong><\/em> Ulf Kahmke<\/p>\n\n\n\n<p><strong><em>Iran &#8211; Nordkorea (18.00 Uhr)<\/em><\/strong><br><em><strong><img loading=\"lazy\" decoding=\"async\" width=\"415\" height=\"874\" class=\"wp-image-3656\" style=\"width: 10px\" src=\"http:\/\/kommentatorenblog.de\/wp-content\/uploads\/2020\/09\/shure-55sh-ii-e1601485394796.jpg\" alt=\"\" srcset=\"https:\/\/kommentatorenblog.de\/wp-content\/uploads\/2020\/09\/shure-55sh-ii-e1601485394796.jpg 415w, https:\/\/kommentatorenblog.de\/wp-content\/uploads\/2020\/09\/shure-55sh-ii-e1601485394796-142x300.jpg 142w\" sizes=\"auto, (max-width: 415px) 100vw, 415px\" \/><\/strong><\/em> J\u00f6rg Steiger<\/p>\n\n\n\n<p><strong><em>Saudi-Arabien &#8211; Australien (20.15 Uhr)<\/em><\/strong><br><em><strong><img loading=\"lazy\" decoding=\"async\" width=\"415\" height=\"874\" class=\"wp-image-3656\" style=\"width: 10px\" src=\"http:\/\/kommentatorenblog.de\/wp-content\/uploads\/2020\/09\/shure-55sh-ii-e1601485394796.jpg\" alt=\"\" srcset=\"https:\/\/kommentatorenblog.de\/wp-content\/uploads\/2020\/09\/shure-55sh-ii-e1601485394796.jpg 415w, https:\/\/kommentatorenblog.de\/wp-content\/uploads\/2020\/09\/shure-55sh-ii-e1601485394796-142x300.jpg 142w\" sizes=\"auto, (max-width: 415px) 100vw, 415px\" \/><\/strong><\/em> Moritz Knorr<\/p>\n\n\n\n<hr class=\"wp-block-separator has-alpha-channel-opacity\"\/>\n\n\n\n<p><strong>Die Analyse<\/strong><\/p>\n\n\n\n<p>Wie bereits eingangs erw\u00e4hnt kommentiert nun Flo Hauser die DFB-Partien bei der EM. 2023 war noch Uwe Morawe der Kommentator in der Gruppenphase. Das Duo Openh\u00f6vel\/Babbel kam jedoch bereits damals zum Einsatz. Franz B\u00fcchner begleitete bereits vor zwei Jahren die \u00dcbertragungen bei ProSieben Maxx, inwieweit er erneut Verst\u00e4rkung z.B. durch Rachel Rinast bekommt ist nicht bekannt. Letztere wird \u00fcbrigens bei der Euro der Frauen erstmals auch f\u00fcr den SRF als Kommentatorin im Einsatz sein.<\/p>\n\n\n\n<p>Bei Joyn setzt man dann auf eher unbekanntere Namen im Fu\u00dfball am ersten Spieltag, Timm Kraeft, unter anderem bei ran als Kommentator im eSports im Einsatz, und Julian Meier d\u00fcrften ihr Deb\u00fct bei einer U21-EM feiern.<\/p>\n\n\n\n<p>Die U19-EM \u00fcbertr\u00e4gt zum einen Sportdigital, hier geht es am Freitag mit bekannten Stimmen los, Sky steigt dann mit dem DFB-Team ein, genaueres dazu hat dann Hannes f\u00fcr euch im neuen Beitrag &#8211; diesmal am Freitag.<\/p>\n","protected":false},"excerpt":{"rendered":"<p>N&#8217;Abend allerseits, nach dem Nations League-&#8222;Turnier&#8220; ist vor dem n\u00e4chsten Turnier. Am Mittwoch startet die U21-EM in der Slowakei und K\u00f6nig Fu\u00dfball bleibt also auch in der Vereins Sommerpause pr\u00e4sent. Wenig sp\u00e4ter steht dann auch schon die neue Klub-Weltmeisterschaft an, ehe zum Abschluss, im Juli die neuen Europameisterinnen gek\u00fcrt werden. W\u00e4hrend das letzte Turnier bei [&hellip;]<\/p>\n","protected":false},"author":10,"featured_media":0,"comment_status":"open","ping_status":"open","sticky":false,"template":"","format":"standard","meta":{"footnotes":""},"categories":[429,426],"tags":[13,568,137,1342,134,136],"class_list":["post-21910","post","type-post","status-publish","format-standard","hentry","category-diverses","category-laenderspiele","tag-dazn","tag-joyn","tag-prosieben-maxx","tag-sat1","tag-sportdigital-fussball","tag-u21"],"_links":{"self":[{"href":"https:\/\/kommentatorenblog.de\/index.php?rest_route=\/wp\/v2\/posts\/21910","targetHints":{"allow":["GET"]}}],"collection":[{"href":"https:\/\/kommentatorenblog.de\/index.php?rest_route=\/wp\/v2\/posts"}],"about":[{"href":"https:\/\/kommentatorenblog.de\/index.php?rest_route=\/wp\/v2\/types\/post"}],"author":[{"embeddable":true,"href":"https:\/\/kommentatorenblog.de\/index.php?rest_route=\/wp\/v2\/users\/10"}],"replies":[{"embeddable":true,"href":"https:\/\/kommentatorenblog.de\/index.php?rest_route=%2Fwp%2Fv2%2Fcomments&post=21910"}],"version-history":[{"count":14,"href":"https:\/\/kommentatorenblog.de\/index.php?rest_route=\/wp\/v2\/posts\/21910\/revisions"}],"predecessor-version":[{"id":21954,"href":"https:\/\/kommentatorenblog.de\/index.php?rest_route=\/wp\/v2\/posts\/21910\/revisions\/21954"}],"wp:attachment":[{"href":"https:\/\/kommentatorenblog.de\/index.php?rest_route=%2Fwp%2Fv2%2Fmedia&parent=21910"}],"wp:term":[{"taxonomy":"category","embeddable":true,"href":"https:\/\/kommentatorenblog.de\/index.php?rest_route=%2Fwp%2Fv2%2Fcategories&post=21910"},{"taxonomy":"post_tag","embeddable":true,"href":"https:\/\/kommentatorenblog.de\/index.php?rest_route=%2Fwp%2Fv2%2Ftags&post=21910"}],"curies":[{"name":"wp","href":"https:\/\/api.w.org\/{rel}","templated":true}]}}