{"id":21985,"date":"2025-06-19T11:34:13","date_gmt":"2025-06-19T10:34:13","guid":{"rendered":"https:\/\/kommentatorenblog.de\/?p=21985"},"modified":"2025-06-21T17:16:18","modified_gmt":"2025-06-21T16:16:18","slug":"1518-amerika-osteuropa-ismaning-unterfoehring","status":"publish","type":"post","link":"https:\/\/kommentatorenblog.de\/?p=21985","title":{"rendered":"1518 &#8211; Amerika, Osteuropa, Ismaning, Unterf\u00f6hring"},"content":{"rendered":"\n<p>N&#8217;Abend allerseits,<\/p>\n\n\n\n<p>p\u00fcnktlich zwischen dem Ende des ersten Spieltags der Klub-WM und dem Beginn des zweiten erscheint unser neuer Beitrag mit den n\u00e4chsten Ansetzungen, und im Vergleich zum letzten sind wir nun um einiges an Erfahrung reicher, wie das Turnier sich wirklich anf\u00fchlt. Von der Atmosph\u00e4re kommt es leider, wenn auch nicht sehr verwunderlich, weder an &#8222;richtige&#8220; Weltmeisterschaften heran, geschweige denn an die Champions League. Auch das spielerische Niveau geht weit auseinander, so erinnerte das erste Spiel des FC Bayern eher an die sonst ohnehin im Sommer ausgetragenen Testspiele gegen Klubs wie den FC Rottach-Egern, w\u00e4hrend der BVB das Niveau der Teams aus S\u00fcdamerika, gegen die man sich sonst nur in sehr seltenen F\u00e4llen messen muss, eventuell etwas untersch\u00e4tzt hat. In dieser Hinsicht muss ich sagen, dass das Turnier schon einen gewissen Reiz hat, durch die h\u00e4ufig ung\u00fcnstigen Ansto\u00dfzeiten f\u00fcr die gew\u00f6hnliche arbeitende Bev\u00f6lkerung jedoch keinesfalls komplett live zu verfolgen ist. Auch Kollisionen mit anderen sportlichen Events spielen hierbei eine Rolle, so war am vergangenen Sonntag etwa sowohl die Pokalauslosung als auch das Finale der Handball-Champions-League f\u00fcr mich pers\u00f6nlich deutlich reizvoller als das gleichzeitig stattgefundene Torfestival der Bayern. Ebenso zu teils gleichen Ansto\u00dfzeiten zu verfolgen ist derzeit die U21-EM in der Slowakei, bei der die deutsche Mannschaft sensationell mit drei Siegen ins Viertelfinale eingezogen ist.<\/p>\n\n\n\n<hr class=\"wp-block-separator has-alpha-channel-opacity\"\/>\n\n\n\n<p><strong>Die Ansetzungen vom 19. bis zum 23. Juni 2025<\/strong><\/p>\n\n\n\n<hr class=\"wp-block-separator has-alpha-channel-opacity\"\/>\n\n\n\n<p><strong>FIFA Club World Cup 2025, 2. Spieltag (DAZN\/SAT.1)<\/strong><\/p>\n\n\n\n<p><span style=\"text-decoration: underline;\">Donnerstag, 19. Juni 2025 (DAZN)<\/span><\/p>\n\n\n\n<p><strong><em>Palmeiras &#8211; Al Ahly FC (18.00 Uhr)<\/em><\/strong><br><img loading=\"lazy\" decoding=\"async\" width=\"10\" height=\"21\" class=\"wp-image-3656\" style=\"width: 10px;\" src=\"http:\/\/kommentatorenblog.de\/wp-content\/uploads\/2020\/09\/shure-55sh-ii-e1601485394796.jpg\" alt=\"\" srcset=\"https:\/\/kommentatorenblog.de\/wp-content\/uploads\/2020\/09\/shure-55sh-ii-e1601485394796.jpg 415w, https:\/\/kommentatorenblog.de\/wp-content\/uploads\/2020\/09\/shure-55sh-ii-e1601485394796-142x300.jpg 142w\" sizes=\"auto, (max-width: 10px) 100vw, 10px\" \/> Michael Born<\/p>\n\n\n\n<p><span style=\"text-decoration: underline;\">ab 20.30 Uhr (DAZN)<\/span><\/p>\n\n\n\n<p><strong><em>Inter Miami CF &#8211; FC Porto (21.00 Uhr)<\/em><\/strong><br><img loading=\"lazy\" decoding=\"async\" width=\"10\" height=\"21\" class=\"wp-image-3656\" style=\"width: 10px;\" src=\"http:\/\/kommentatorenblog.de\/wp-content\/uploads\/2020\/09\/shure-55sh-ii-e1601485394796.jpg\" alt=\"\" srcset=\"https:\/\/kommentatorenblog.de\/wp-content\/uploads\/2020\/09\/shure-55sh-ii-e1601485394796.jpg 415w, https:\/\/kommentatorenblog.de\/wp-content\/uploads\/2020\/09\/shure-55sh-ii-e1601485394796-142x300.jpg 142w\" sizes=\"auto, (max-width: 10px) 100vw, 10px\" \/> Uli Hebel, Experte: Tobias Schweinsteiger<br>Moderation: Tobi Wahnschaffe<\/p>\n\n\n\n<p><span style=\"text-decoration: underline;\">Freitag, 20. Juni 2025 (DAZN)<\/span><\/p>\n\n\n\n<p><strong><em>Seattle Sounders FC &#8211; Atl\u00e9tico de Madrid (00.00 Uhr)<\/em><\/strong><br><img loading=\"lazy\" decoding=\"async\" width=\"10\" height=\"21\" class=\"wp-image-3656\" style=\"width: 10px;\" src=\"http:\/\/kommentatorenblog.de\/wp-content\/uploads\/2020\/09\/shure-55sh-ii-e1601485394796.jpg\" alt=\"\" srcset=\"https:\/\/kommentatorenblog.de\/wp-content\/uploads\/2020\/09\/shure-55sh-ii-e1601485394796.jpg 415w, https:\/\/kommentatorenblog.de\/wp-content\/uploads\/2020\/09\/shure-55sh-ii-e1601485394796-142x300.jpg 142w\" sizes=\"auto, (max-width: 10px) 100vw, 10px\" \/> Freddy Harder<\/p>\n\n\n\n<p><strong><em>Paris Saint-Germain &#8211; Botafogo (03.00 Uhr)<\/em><\/strong><br><img loading=\"lazy\" decoding=\"async\" width=\"10\" height=\"21\" class=\"wp-image-3656\" style=\"width: 10px;\" src=\"http:\/\/kommentatorenblog.de\/wp-content\/uploads\/2020\/09\/shure-55sh-ii-e1601485394796.jpg\" alt=\"\" srcset=\"https:\/\/kommentatorenblog.de\/wp-content\/uploads\/2020\/09\/shure-55sh-ii-e1601485394796.jpg 415w, https:\/\/kommentatorenblog.de\/wp-content\/uploads\/2020\/09\/shure-55sh-ii-e1601485394796-142x300.jpg 142w\" sizes=\"auto, (max-width: 10px) 100vw, 10px\" \/> Uwe Morawe<\/p>\n\n\n\n<p><strong><em>SL Benfica &#8211; Auckland City FC (18.00 Uhr)<\/em><\/strong><br><img loading=\"lazy\" decoding=\"async\" width=\"10\" height=\"21\" class=\"wp-image-3656\" style=\"width: 10px;\" src=\"http:\/\/kommentatorenblog.de\/wp-content\/uploads\/2020\/09\/shure-55sh-ii-e1601485394796.jpg\" alt=\"\" srcset=\"https:\/\/kommentatorenblog.de\/wp-content\/uploads\/2020\/09\/shure-55sh-ii-e1601485394796.jpg 415w, https:\/\/kommentatorenblog.de\/wp-content\/uploads\/2020\/09\/shure-55sh-ii-e1601485394796-142x300.jpg 142w\" sizes=\"auto, (max-width: 10px) 100vw, 10px\" \/> Nico Seepe<\/p>\n\n\n\n<p><strong><em>Flamengo &#8211; Chelsea FC (20.00 Uhr)<\/em><\/strong><br><img loading=\"lazy\" decoding=\"async\" width=\"10\" height=\"21\" class=\"wp-image-3656\" style=\"width: 10px;\" src=\"http:\/\/kommentatorenblog.de\/wp-content\/uploads\/2020\/09\/shure-55sh-ii-e1601485394796.jpg\" alt=\"\" srcset=\"https:\/\/kommentatorenblog.de\/wp-content\/uploads\/2020\/09\/shure-55sh-ii-e1601485394796.jpg 415w, https:\/\/kommentatorenblog.de\/wp-content\/uploads\/2020\/09\/shure-55sh-ii-e1601485394796-142x300.jpg 142w\" sizes=\"auto, (max-width: 10px) 100vw, 10px\" \/> Chris Putz, Experte: Ralph Gunesch<\/p>\n\n\n\n<p><span style=\"text-decoration: underline;\">Samstag, 21. Juni 2025 (DAZN)<\/span><\/p>\n\n\n\n<p><strong><em>LAFC &#8211; Esp\u00e9rance Sportive de Tunis (00.00 Uhr)<\/em><\/strong><br><img loading=\"lazy\" decoding=\"async\" width=\"10\" height=\"21\" class=\"wp-image-3656\" style=\"width: 10px;\" src=\"http:\/\/kommentatorenblog.de\/wp-content\/uploads\/2020\/09\/shure-55sh-ii-e1601485394796.jpg\" alt=\"\" srcset=\"https:\/\/kommentatorenblog.de\/wp-content\/uploads\/2020\/09\/shure-55sh-ii-e1601485394796.jpg 415w, https:\/\/kommentatorenblog.de\/wp-content\/uploads\/2020\/09\/shure-55sh-ii-e1601485394796-142x300.jpg 142w\" sizes=\"auto, (max-width: 10px) 100vw, 10px\" \/> Stefan Galler<\/p>\n\n\n\n<p><span style=\"text-decoration: underline;\">ab 02.30 Uhr (DAZN) bzw. ab 02.45 Uhr (SAT.1)<\/span><\/p>\n\n\n\n<p><strong><em>FC Bayern M\u00fcnchen &#8211; CA Boca Juniors (03.00 Uhr)<\/em><\/strong><\/p>\n\n\n\n<p><img loading=\"lazy\" decoding=\"async\" width=\"10\" height=\"21\" class=\"wp-image-3656\" style=\"width: 10px;\" src=\"http:\/\/kommentatorenblog.de\/wp-content\/uploads\/2020\/09\/shure-55sh-ii-e1601485394796.jpg\" alt=\"\" srcset=\"https:\/\/kommentatorenblog.de\/wp-content\/uploads\/2020\/09\/shure-55sh-ii-e1601485394796.jpg 415w, https:\/\/kommentatorenblog.de\/wp-content\/uploads\/2020\/09\/shure-55sh-ii-e1601485394796-142x300.jpg 142w\" sizes=\"auto, (max-width: 10px) 100vw, 10px\" \/> <em>DAZN<\/em>: Freddy Harder, Experte: Michael Ballack<br>Moderation (<em>DAZN<\/em>): Lukas Sch\u00f6nm\u00fcller, Field-Reporter: Max Siebald<\/p>\n\n\n\n<p><img loading=\"lazy\" decoding=\"async\" width=\"10\" height=\"21\" class=\"wp-image-3656\" style=\"width: 10px;\" src=\"http:\/\/kommentatorenblog.de\/wp-content\/uploads\/2020\/09\/shure-55sh-ii-e1601485394796.jpg\" alt=\"\" srcset=\"https:\/\/kommentatorenblog.de\/wp-content\/uploads\/2020\/09\/shure-55sh-ii-e1601485394796.jpg 415w, https:\/\/kommentatorenblog.de\/wp-content\/uploads\/2020\/09\/shure-55sh-ii-e1601485394796-142x300.jpg 142w\" sizes=\"auto, (max-width: 10px) 100vw, 10px\" \/> <em>SAT.1<\/em>: Franz B\u00fcchner, Experte: Thomas Helmer<\/p>\n\n\n\n<p><span style=\"text-decoration: underline;\">ab 17.30 Uhr (DAZN\/SAT.1)<\/span><\/p>\n\n\n\n<p><strong><em>Mamelodi Sundowns FC &#8211; Borussia Dortmund (18.00 Uhr)<\/em><\/strong><\/p>\n\n\n\n<p><img loading=\"lazy\" decoding=\"async\" width=\"10\" height=\"21\" class=\"wp-image-3656\" style=\"width: 10px;\" src=\"http:\/\/kommentatorenblog.de\/wp-content\/uploads\/2020\/09\/shure-55sh-ii-e1601485394796.jpg\" alt=\"\" srcset=\"https:\/\/kommentatorenblog.de\/wp-content\/uploads\/2020\/09\/shure-55sh-ii-e1601485394796.jpg 415w, https:\/\/kommentatorenblog.de\/wp-content\/uploads\/2020\/09\/shure-55sh-ii-e1601485394796-142x300.jpg 142w\" sizes=\"auto, (max-width: 10px) 100vw, 10px\" \/> <em>DAZN<\/em>: Marco Hagemann, Experte: Tobias Schweinsteiger<br>Moderation (<em>DAZN<\/em>): Lukas Sch\u00f6nm\u00fcller, Field-Reporter: Andres Veredas<\/p>\n\n\n\n<p><img loading=\"lazy\" decoding=\"async\" width=\"10\" height=\"21\" class=\"wp-image-3656\" style=\"width: 10px;\" src=\"http:\/\/kommentatorenblog.de\/wp-content\/uploads\/2020\/09\/shure-55sh-ii-e1601485394796.jpg\" alt=\"\" srcset=\"https:\/\/kommentatorenblog.de\/wp-content\/uploads\/2020\/09\/shure-55sh-ii-e1601485394796.jpg 415w, https:\/\/kommentatorenblog.de\/wp-content\/uploads\/2020\/09\/shure-55sh-ii-e1601485394796-142x300.jpg 142w\" sizes=\"auto, (max-width: 10px) 100vw, 10px\" \/> <em>SAT.1<\/em>: Franz B\u00fcchner, Experte: Thomas Helmer<br>Moderation (<em>SAT.1<\/em>): Andrea Kaiser<\/p>\n\n\n\n<p><span style=\"text-decoration: underline;\">ab 20.35 Uhr (DAZN)<\/span><\/p>\n\n\n\n<p><strong><em>Inter Mailand &#8211; Urawa Red Diamonds (21.00 Uhr)<\/em><\/strong><br><img loading=\"lazy\" decoding=\"async\" width=\"10\" height=\"21\" class=\"wp-image-3656\" style=\"width: 10px;\" src=\"http:\/\/kommentatorenblog.de\/wp-content\/uploads\/2020\/09\/shure-55sh-ii-e1601485394796.jpg\" alt=\"\" srcset=\"https:\/\/kommentatorenblog.de\/wp-content\/uploads\/2020\/09\/shure-55sh-ii-e1601485394796.jpg 415w, https:\/\/kommentatorenblog.de\/wp-content\/uploads\/2020\/09\/shure-55sh-ii-e1601485394796-142x300.jpg 142w\" sizes=\"auto, (max-width: 10px) 100vw, 10px\" \/> Carsten Fu\u00df, Experte: Christian Bernhard<br>Moderation: Freddy Harder<\/p>\n\n\n\n<p><span style=\"text-decoration: underline;\">Sonntag, 22. Juni 2025 (DAZN)<\/span><\/p>\n\n\n\n<p><strong><em>Fluminense &#8211; Ulsan HD (00.00 Uhr)<\/em><\/strong><br><img loading=\"lazy\" decoding=\"async\" width=\"10\" height=\"21\" class=\"wp-image-3656\" style=\"width: 10px;\" src=\"http:\/\/kommentatorenblog.de\/wp-content\/uploads\/2020\/09\/shure-55sh-ii-e1601485394796.jpg\" alt=\"\" srcset=\"https:\/\/kommentatorenblog.de\/wp-content\/uploads\/2020\/09\/shure-55sh-ii-e1601485394796.jpg 415w, https:\/\/kommentatorenblog.de\/wp-content\/uploads\/2020\/09\/shure-55sh-ii-e1601485394796-142x300.jpg 142w\" sizes=\"auto, (max-width: 10px) 100vw, 10px\" \/> Marcel Seufert<\/p>\n\n\n\n<p><strong><em>River Plate &#8211; CF Monterrey (03.00 Uhr)<\/em><\/strong><br><img loading=\"lazy\" decoding=\"async\" width=\"10\" height=\"21\" class=\"wp-image-3656\" style=\"width: 10px;\" src=\"http:\/\/kommentatorenblog.de\/wp-content\/uploads\/2020\/09\/shure-55sh-ii-e1601485394796.jpg\" alt=\"\" srcset=\"https:\/\/kommentatorenblog.de\/wp-content\/uploads\/2020\/09\/shure-55sh-ii-e1601485394796.jpg 415w, https:\/\/kommentatorenblog.de\/wp-content\/uploads\/2020\/09\/shure-55sh-ii-e1601485394796-142x300.jpg 142w\" sizes=\"auto, (max-width: 10px) 100vw, 10px\" \/> Steffen Bohleber<\/p>\n\n\n\n<p><strong><em>Juventus Turin &#8211; Wydad Casablanca (18.00 Uhr)<\/em><\/strong><br><img loading=\"lazy\" decoding=\"async\" width=\"10\" height=\"21\" class=\"wp-image-3656\" style=\"width: 10px;\" src=\"http:\/\/kommentatorenblog.de\/wp-content\/uploads\/2020\/09\/shure-55sh-ii-e1601485394796.jpg\" alt=\"\" srcset=\"https:\/\/kommentatorenblog.de\/wp-content\/uploads\/2020\/09\/shure-55sh-ii-e1601485394796.jpg 415w, https:\/\/kommentatorenblog.de\/wp-content\/uploads\/2020\/09\/shure-55sh-ii-e1601485394796-142x300.jpg 142w\" sizes=\"auto, (max-width: 10px) 100vw, 10px\" \/> Carsten Fu\u00df<\/p>\n\n\n\n<p><span style=\"text-decoration: underline;\">ab 20.30 Uhr (DAZN)<\/span><\/p>\n\n\n\n<p><strong><em>Real Madrid &#8211; CF Pachuca (21.00 Uhr)<\/em><\/strong><br><img loading=\"lazy\" decoding=\"async\" width=\"10\" height=\"21\" class=\"wp-image-3656\" style=\"width: 10px;\" src=\"http:\/\/kommentatorenblog.de\/wp-content\/uploads\/2020\/09\/shure-55sh-ii-e1601485394796.jpg\" alt=\"\" srcset=\"https:\/\/kommentatorenblog.de\/wp-content\/uploads\/2020\/09\/shure-55sh-ii-e1601485394796.jpg 415w, https:\/\/kommentatorenblog.de\/wp-content\/uploads\/2020\/09\/shure-55sh-ii-e1601485394796-142x300.jpg 142w\" sizes=\"auto, (max-width: 10px) 100vw, 10px\" \/> Jan Platte, Experte: Ralph Gunesch<br>Moderation: Christoph Stadtler<\/p>\n\n\n\n<p><span style=\"text-decoration: underline;\">Montag, 23. Juni 2025 (DAZN)<\/span><\/p>\n\n\n\n<p><strong><em>FC Salzburg &#8211; Al Hilal (00.00 Uhr)<\/em><\/strong><br><img loading=\"lazy\" decoding=\"async\" width=\"10\" height=\"21\" class=\"wp-image-3656\" style=\"width: 10px;\" src=\"http:\/\/kommentatorenblog.de\/wp-content\/uploads\/2020\/09\/shure-55sh-ii-e1601485394796.jpg\" alt=\"\" srcset=\"https:\/\/kommentatorenblog.de\/wp-content\/uploads\/2020\/09\/shure-55sh-ii-e1601485394796.jpg 415w, https:\/\/kommentatorenblog.de\/wp-content\/uploads\/2020\/09\/shure-55sh-ii-e1601485394796-142x300.jpg 142w\" sizes=\"auto, (max-width: 10px) 100vw, 10px\" \/> Nico Seepe<br>Field-Reporter: David Ploch<\/p>\n\n\n\n<p><strong><em>Manchester City &#8211; Al Ain FC (03.00 Uhr)<\/em><\/strong><br><img loading=\"lazy\" decoding=\"async\" width=\"10\" height=\"21\" class=\"wp-image-3656\" style=\"width: 10px;\" src=\"http:\/\/kommentatorenblog.de\/wp-content\/uploads\/2020\/09\/shure-55sh-ii-e1601485394796.jpg\" alt=\"\" srcset=\"https:\/\/kommentatorenblog.de\/wp-content\/uploads\/2020\/09\/shure-55sh-ii-e1601485394796.jpg 415w, https:\/\/kommentatorenblog.de\/wp-content\/uploads\/2020\/09\/shure-55sh-ii-e1601485394796-142x300.jpg 142w\" sizes=\"auto, (max-width: 10px) 100vw, 10px\" \/> Uli Hebel<\/p>\n\n\n\n<hr class=\"wp-block-separator has-alpha-channel-opacity\"\/>\n\n\n\n<p><strong>UEFA U21-Europameisterschaft 2025, Viertelfinale (SAT.1\/ProSieben MAXX\/Joyn\/ran.de)<\/strong><\/p>\n\n\n\n<p><span style=\"text-decoration: underline;\">Samstag, 21. Juni 2025, ab 17.30 Uhr (ProSieben MAXX)<\/span><\/p>\n\n\n\n<p><strong><em>Portugal &#8211; Niederlande (18.00 Uhr)<\/em><\/strong><br><img loading=\"lazy\" decoding=\"async\" width=\"10\" height=\"21\" class=\"wp-image-3656\" style=\"width: 10px;\" src=\"http:\/\/kommentatorenblog.de\/wp-content\/uploads\/2020\/09\/shure-55sh-ii-e1601485394796.jpg\" alt=\"\" srcset=\"https:\/\/kommentatorenblog.de\/wp-content\/uploads\/2020\/09\/shure-55sh-ii-e1601485394796.jpg 415w, https:\/\/kommentatorenblog.de\/wp-content\/uploads\/2020\/09\/shure-55sh-ii-e1601485394796-142x300.jpg 142w\" sizes=\"auto, (max-width: 10px) 100vw, 10px\" \/> Jan L\u00fcdeke, Experte: Max Nicu<br>Moderation: Mike Stiefelhagen, Field-Reporter: Bent Mildner<\/p>\n\n\n\n<p><span style=\"text-decoration: underline;\">ab 20.15 Uhr (ProSieben MAXX)<\/span><\/p>\n\n\n\n<p><strong><em>Spanien &#8211; England (21.00 Uhr)<\/em><\/strong><br><img loading=\"lazy\" decoding=\"async\" width=\"10\" height=\"21\" class=\"wp-image-3656\" style=\"width: 10px;\" src=\"http:\/\/kommentatorenblog.de\/wp-content\/uploads\/2020\/09\/shure-55sh-ii-e1601485394796.jpg\" alt=\"\" srcset=\"https:\/\/kommentatorenblog.de\/wp-content\/uploads\/2020\/09\/shure-55sh-ii-e1601485394796.jpg 415w, https:\/\/kommentatorenblog.de\/wp-content\/uploads\/2020\/09\/shure-55sh-ii-e1601485394796-142x300.jpg 142w\" sizes=\"auto, (max-width: 10px) 100vw, 10px\" \/> Jan L\u00fcdeke, Experte: Max Nicu<br>Moderation: Mike Stiefelhagen<\/p>\n\n\n\n<p><span style=\"text-decoration: underline;\">Sonntag, 22. Juni 2025, ab 17.50 Uhr (Joyn\/ran.de)<\/span><\/p>\n\n\n\n<p><strong><em>D\u00e4nemark &#8211; Frankreich (18.00 Uhr)<\/em><\/strong><br><img loading=\"lazy\" decoding=\"async\" width=\"10\" height=\"21\" class=\"wp-image-3656\" style=\"width: 10px;\" src=\"http:\/\/kommentatorenblog.de\/wp-content\/uploads\/2020\/09\/shure-55sh-ii-e1601485394796.jpg\" alt=\"\" srcset=\"https:\/\/kommentatorenblog.de\/wp-content\/uploads\/2020\/09\/shure-55sh-ii-e1601485394796.jpg 415w, https:\/\/kommentatorenblog.de\/wp-content\/uploads\/2020\/09\/shure-55sh-ii-e1601485394796-142x300.jpg 142w\" sizes=\"auto, (max-width: 10px) 100vw, 10px\" \/> Jan L\u00fcdeke<\/p>\n\n\n\n<p><span style=\"text-decoration: underline;\">ab 20.15 Uhr (SAT.1)<\/span><\/p>\n\n\n\n<p><strong><em>Deutschland &#8211; Italien (21.00 Uhr)<\/em><\/strong><br><img loading=\"lazy\" decoding=\"async\" width=\"10\" height=\"21\" class=\"wp-image-3656\" style=\"width: 10px;\" src=\"http:\/\/kommentatorenblog.de\/wp-content\/uploads\/2020\/09\/shure-55sh-ii-e1601485394796.jpg\" alt=\"\" srcset=\"https:\/\/kommentatorenblog.de\/wp-content\/uploads\/2020\/09\/shure-55sh-ii-e1601485394796.jpg 415w, https:\/\/kommentatorenblog.de\/wp-content\/uploads\/2020\/09\/shure-55sh-ii-e1601485394796-142x300.jpg 142w\" sizes=\"auto, (max-width: 10px) 100vw, 10px\" \/> Flo Hauser, Experte: Markus Babbel<br>Moderation: Matthias Opdenh\u00f6vel, Field-Reporter: Bent Mildner<\/p>\n\n\n\n<hr class=\"wp-block-separator has-alpha-channel-opacity\"\/>\n\n\n\n<p><strong>UEFA U19-Europameisterschaft 2025, 3. Spieltag (Sportdigital\/Sky\/sport.sky.de)<\/strong><\/p>\n\n\n\n<p><span style=\"text-decoration: underline;\">Donnerstag, 19. Juni 2025 (Sportdigital)<\/span><\/p>\n\n\n\n<p><strong><em>D\u00e4nemark &#8211; Rum\u00e4nien (19.00 Uhr)<\/em><\/strong><br><img loading=\"lazy\" decoding=\"async\" width=\"10\" height=\"21\" class=\"wp-image-3656\" style=\"width: 10px;\" src=\"http:\/\/kommentatorenblog.de\/wp-content\/uploads\/2020\/09\/shure-55sh-ii-e1601485394796.jpg\" alt=\"\" srcset=\"https:\/\/kommentatorenblog.de\/wp-content\/uploads\/2020\/09\/shure-55sh-ii-e1601485394796.jpg 415w, https:\/\/kommentatorenblog.de\/wp-content\/uploads\/2020\/09\/shure-55sh-ii-e1601485394796-142x300.jpg 142w\" sizes=\"auto, (max-width: 10px) 100vw, 10px\" \/> Jakob Vogel<\/p>\n\n\n\n<p><span style=\"text-decoration: underline;\">Freitag, 20. Juni 2025 (Sportdigital\/Sky\/sport.sky.de)<\/span><\/p>\n\n\n\n<p><strong><em>Norwegen &#8211; Deutschland (19.00 Uhr)<\/em><\/strong><\/p>\n\n\n\n<p><img loading=\"lazy\" decoding=\"async\" width=\"10\" height=\"21\" class=\"wp-image-3656\" style=\"width: 10px;\" src=\"http:\/\/kommentatorenblog.de\/wp-content\/uploads\/2020\/09\/shure-55sh-ii-e1601485394796.jpg\" alt=\"\" srcset=\"https:\/\/kommentatorenblog.de\/wp-content\/uploads\/2020\/09\/shure-55sh-ii-e1601485394796.jpg 415w, https:\/\/kommentatorenblog.de\/wp-content\/uploads\/2020\/09\/shure-55sh-ii-e1601485394796-142x300.jpg 142w\" sizes=\"auto, (max-width: 10px) 100vw, 10px\" \/> <em>Sportdigital<\/em>: <s>Jonathan Dreier<\/s> Marvin Kirsch<\/p>\n\n\n\n<p><img loading=\"lazy\" decoding=\"async\" width=\"10\" height=\"21\" class=\"wp-image-3656\" style=\"width: 10px;\" src=\"http:\/\/kommentatorenblog.de\/wp-content\/uploads\/2020\/09\/shure-55sh-ii-e1601485394796.jpg\" alt=\"\" srcset=\"https:\/\/kommentatorenblog.de\/wp-content\/uploads\/2020\/09\/shure-55sh-ii-e1601485394796.jpg 415w, https:\/\/kommentatorenblog.de\/wp-content\/uploads\/2020\/09\/shure-55sh-ii-e1601485394796-142x300.jpg 142w\" sizes=\"auto, (max-width: 10px) 100vw, 10px\" \/> <em>Sky<\/em>: Timo Sch\u00e4fers, Experte: Benny Lauth<\/p>\n\n\n\n<hr class=\"wp-block-separator has-alpha-channel-opacity\"\/>\n\n\n\n<p><strong>UEFA U19-Europameisterschaft der Frauen 2025, 3. Spieltag (Sportdigital)<\/strong><\/p>\n\n\n\n<p><span style=\"text-decoration: underline;\">Samstag, 21. Juni 2025<\/span><\/p>\n\n\n\n<p><strong><em>Italien &#8211; Frankreich (16.00 Uhr)<\/em><\/strong><br><img loading=\"lazy\" decoding=\"async\" width=\"10\" height=\"21\" class=\"wp-image-3656\" style=\"width: 10px;\" src=\"http:\/\/kommentatorenblog.de\/wp-content\/uploads\/2020\/09\/shure-55sh-ii-e1601485394796.jpg\" alt=\"\" srcset=\"https:\/\/kommentatorenblog.de\/wp-content\/uploads\/2020\/09\/shure-55sh-ii-e1601485394796.jpg 415w, https:\/\/kommentatorenblog.de\/wp-content\/uploads\/2020\/09\/shure-55sh-ii-e1601485394796-142x300.jpg 142w\" sizes=\"auto, (max-width: 10px) 100vw, 10px\" \/> Tim Hemmrich<\/p>\n\n\n\n<p><strong><em>Spanien &#8211; England (19.00 Uhr)<\/em><\/strong><br><img loading=\"lazy\" decoding=\"async\" width=\"10\" height=\"21\" class=\"wp-image-3656\" style=\"width: 10px;\" src=\"http:\/\/kommentatorenblog.de\/wp-content\/uploads\/2020\/09\/shure-55sh-ii-e1601485394796.jpg\" alt=\"\" srcset=\"https:\/\/kommentatorenblog.de\/wp-content\/uploads\/2020\/09\/shure-55sh-ii-e1601485394796.jpg 415w, https:\/\/kommentatorenblog.de\/wp-content\/uploads\/2020\/09\/shure-55sh-ii-e1601485394796-142x300.jpg 142w\" sizes=\"auto, (max-width: 10px) 100vw, 10px\" \/> Florian Obst<\/p>\n\n\n\n<hr class=\"wp-block-separator has-alpha-channel-opacity\"\/>\n\n\n\n<p><strong>CONCACAF Gold Cup 2025 (Sportdigital)<\/strong><\/p>\n\n\n\n<p><strong>2. Spieltag<\/strong><\/p>\n\n\n\n<p><span style=\"text-decoration: underline;\">Freitag, 20. Juni 2025<\/span><\/p>\n\n\n\n<p><strong><em>Trinidad und Tobago &#8211; Haiti (00.45 Uhr)<\/em><\/strong><br><img loading=\"lazy\" decoding=\"async\" width=\"10\" height=\"21\" class=\"wp-image-3656\" style=\"width: 10px;\" src=\"http:\/\/kommentatorenblog.de\/wp-content\/uploads\/2020\/09\/shure-55sh-ii-e1601485394796.jpg\" alt=\"\" srcset=\"https:\/\/kommentatorenblog.de\/wp-content\/uploads\/2020\/09\/shure-55sh-ii-e1601485394796.jpg 415w, https:\/\/kommentatorenblog.de\/wp-content\/uploads\/2020\/09\/shure-55sh-ii-e1601485394796-142x300.jpg 142w\" sizes=\"auto, (max-width: 10px) 100vw, 10px\" \/> Tim Hemmrich<\/p>\n\n\n\n<p><strong><em>Saudi-Arabien &#8211; USA (03.15 Uhr)<\/em><\/strong><br><img loading=\"lazy\" decoding=\"async\" width=\"10\" height=\"21\" class=\"wp-image-3656\" style=\"width: 10px;\" src=\"http:\/\/kommentatorenblog.de\/wp-content\/uploads\/2020\/09\/shure-55sh-ii-e1601485394796.jpg\" alt=\"\" srcset=\"https:\/\/kommentatorenblog.de\/wp-content\/uploads\/2020\/09\/shure-55sh-ii-e1601485394796.jpg 415w, https:\/\/kommentatorenblog.de\/wp-content\/uploads\/2020\/09\/shure-55sh-ii-e1601485394796-142x300.jpg 142w\" sizes=\"auto, (max-width: 10px) 100vw, 10px\" \/> Christian Blunck<\/p>\n\n\n\n<p><span style=\"text-decoration: underline;\">Samstag, 21. Juni 2025<\/span><\/p>\n\n\n\n<p><strong><em>Jamaika &#8211; Guadeloupe (01.45 Uhr)<\/em><\/strong><br><img loading=\"lazy\" decoding=\"async\" width=\"10\" height=\"21\" class=\"wp-image-3656\" style=\"width: 10px;\" src=\"http:\/\/kommentatorenblog.de\/wp-content\/uploads\/2020\/09\/shure-55sh-ii-e1601485394796.jpg\" alt=\"\" srcset=\"https:\/\/kommentatorenblog.de\/wp-content\/uploads\/2020\/09\/shure-55sh-ii-e1601485394796.jpg 415w, https:\/\/kommentatorenblog.de\/wp-content\/uploads\/2020\/09\/shure-55sh-ii-e1601485394796-142x300.jpg 142w\" sizes=\"auto, (max-width: 10px) 100vw, 10px\" \/> Max Giesen<\/p>\n\n\n\n<p><strong><em>Guatemala &#8211; Panama (04.00 Uhr)<\/em><\/strong><br><img loading=\"lazy\" decoding=\"async\" width=\"10\" height=\"21\" class=\"wp-image-3656\" style=\"width: 10px;\" src=\"http:\/\/kommentatorenblog.de\/wp-content\/uploads\/2020\/09\/shure-55sh-ii-e1601485394796.jpg\" alt=\"\" srcset=\"https:\/\/kommentatorenblog.de\/wp-content\/uploads\/2020\/09\/shure-55sh-ii-e1601485394796.jpg 415w, https:\/\/kommentatorenblog.de\/wp-content\/uploads\/2020\/09\/shure-55sh-ii-e1601485394796-142x300.jpg 142w\" sizes=\"auto, (max-width: 10px) 100vw, 10px\" \/> Marcus Radefeld<\/p>\n\n\n\n<p><span style=\"text-decoration: underline;\">Sonntag, 22. Juni 2025<\/span><\/p>\n\n\n\n<p><strong><em>Curacao &#8211; Kanada (01.00 Uhr)<\/em><\/strong><br><img loading=\"lazy\" decoding=\"async\" width=\"10\" height=\"21\" class=\"wp-image-3656\" style=\"width: 10px;\" src=\"http:\/\/kommentatorenblog.de\/wp-content\/uploads\/2020\/09\/shure-55sh-ii-e1601485394796.jpg\" alt=\"\" srcset=\"https:\/\/kommentatorenblog.de\/wp-content\/uploads\/2020\/09\/shure-55sh-ii-e1601485394796.jpg 415w, https:\/\/kommentatorenblog.de\/wp-content\/uploads\/2020\/09\/shure-55sh-ii-e1601485394796-142x300.jpg 142w\" sizes=\"auto, (max-width: 10px) 100vw, 10px\" \/> Ulf Kahmke<\/p>\n\n\n\n<p><strong><em>Honduras &#8211; El Salvador (04.00 Uhr)<\/em><\/strong><br><img loading=\"lazy\" decoding=\"async\" width=\"10\" height=\"21\" class=\"wp-image-3656\" style=\"width: 10px;\" src=\"http:\/\/kommentatorenblog.de\/wp-content\/uploads\/2020\/09\/shure-55sh-ii-e1601485394796.jpg\" alt=\"\" srcset=\"https:\/\/kommentatorenblog.de\/wp-content\/uploads\/2020\/09\/shure-55sh-ii-e1601485394796.jpg 415w, https:\/\/kommentatorenblog.de\/wp-content\/uploads\/2020\/09\/shure-55sh-ii-e1601485394796-142x300.jpg 142w\" sizes=\"auto, (max-width: 10px) 100vw, 10px\" \/> Arne Malsch<\/p>\n\n\n\n<p><strong>3. Spieltag<\/strong><\/p>\n\n\n\n<p><span style=\"text-decoration: underline;\">Montag, 23. Juni 2025<\/span><\/p>\n\n\n\n<p><strong><em>USA &#8211; Haiti (01.00 Uhr)<\/em><\/strong><br><img loading=\"lazy\" decoding=\"async\" width=\"10\" height=\"21\" class=\"wp-image-3656\" style=\"width: 10px;\" src=\"http:\/\/kommentatorenblog.de\/wp-content\/uploads\/2020\/09\/shure-55sh-ii-e1601485394796.jpg\" alt=\"\" srcset=\"https:\/\/kommentatorenblog.de\/wp-content\/uploads\/2020\/09\/shure-55sh-ii-e1601485394796.jpg 415w, https:\/\/kommentatorenblog.de\/wp-content\/uploads\/2020\/09\/shure-55sh-ii-e1601485394796-142x300.jpg 142w\" sizes=\"auto, (max-width: 10px) 100vw, 10px\" \/> Tim Hemmrich<\/p>\n\n\n\n<p><strong><em>Mexiko &#8211; Costa Rica (04.00 Uhr)<\/em><\/strong><br><img loading=\"lazy\" decoding=\"async\" width=\"10\" height=\"21\" class=\"wp-image-3656\" style=\"width: 10px;\" src=\"http:\/\/kommentatorenblog.de\/wp-content\/uploads\/2020\/09\/shure-55sh-ii-e1601485394796.jpg\" alt=\"\" srcset=\"https:\/\/kommentatorenblog.de\/wp-content\/uploads\/2020\/09\/shure-55sh-ii-e1601485394796.jpg 415w, https:\/\/kommentatorenblog.de\/wp-content\/uploads\/2020\/09\/shure-55sh-ii-e1601485394796-142x300.jpg 142w\" sizes=\"auto, (max-width: 10px) 100vw, 10px\" \/> J\u00f6rg Steiger<\/p>\n\n\n\n<hr class=\"wp-block-separator has-alpha-channel-opacity\"\/>\n\n\n\n<p><strong>Die Analyse<\/strong><\/p>\n\n\n\n<p>Auch der zweite Spieltag der Klub-WM erstreckt sich nach dem gleichen Muster wie der erste \u00fcber eine halbe Woche bis in die Nacht zum Montag. DAZN setzt weiterhin auf zwei unterschiedliche Arten von \u00dcbertragungen, zum einen solche, die erst kurz vor dem Anpfiff beginnen mit nur einem Kommentator und selten einem Experten, bei den Spielen der deutschen Klubs sowie ausgew\u00e4hlten weiteren Topspielen gibt es hingegen eine halbe Stunde Vorlauf, einen Experten und einem Moderator. Die sich schon seit einiger Zeit herumgesprochene R\u00fcckkehr des langj\u00e4hrigen DAZN-Experten Ralph Gunesch erfolgt am Freitagabend bei Flamengo gegen Chelsea, auch am Sonntag wird er bei Real gegen Pachuca beteiligt sein, wo auch Jan Platte seinen ersten Einsatz beim Turnier haben wird. Ansonsten werden weiterhin viele bekannte DAZN-Stimmen eingesetzt, nach Christian Bernhard steigt etwa nun auch sein Stamm-Duopartner Carsten Fu\u00df ins Turnier ein, ebenso Stefan Galler und bei River Plate gegen Monterrey in der Nacht zum Sonntag gibt es auch ein Deb\u00fct, n\u00e4mlich das des bisherigen SPORT1-Kommentators Steffen Bohleber, der sich bislang bereits gelegentlich an den Bundesliga-Zusammenfassungen von DAZN beteiligt hatte.<\/p>\n\n\n\n<p>Mit Mamelodi Sundowns gegen den BVB wird Marco Hagemann ein weiteres Spiel mit deutscher Beteiligung kommentieren, gemeinsam mit Tobias Schweinsteiger, beim aus europ\u00e4ischer Sicht n\u00e4chtlichen Auftritt der Bayern gegen die Boca Juniors darf allerdings auch mal Freddy Harder ran, der ansonsten meist moderiert und von Michael Ballack unterst\u00fctzt wird. Nach derzeitigem Stand wird Lukas Sch\u00f6nm\u00fcller beide Spiele moderieren, beim BVB-Spiel k\u00f6nnte sich dies allerdings auch noch einmal \u00e4ndern, da er am gleichen Abend ab 20 Uhr auch beim BR f\u00fcr das dritte BBL-Playoff-Finale zwischen Bayern und Ulm eingeplant ist. <strong>Update:<\/strong> Sch\u00f6nm\u00fcller wird definitiv auch beim BVB-Spiel dabei sein, das BBL-Finalspiel \u00fcbernimmt Florian Weber. Beim Thema Basketball sei an dieser Stelle auch die bereits gestern gestartete EM der Frauen empfohlen, von der s\u00e4mtliche Spiele kostenfrei bei Magenta Sport zu sehen sein werden. Bei den in Hamburg ausgetragenen Spielen der deutschen Auswahl wird unter anderem das beliebte Kommentatoren- und Podcast-Duo Benni Zander und Per G\u00fcnther zum Einsatz kommen.<\/p>\n\n\n\n<p>Auch SAT.1 wird neben Stamm-Kommentator Franz B\u00fcchner erneut auf namhafte Expertise setzen: nachdem Ex-Bayern-Spieler und Ex-BVB-Co-Trainer Alex Zickler die ersten beiden Spiele als Co-Kommentator begleiten durfte, nimmt diese Rolle bei den beiden Duellen am Samstag Thomas Helmer ein, Ex-Profi beider Klubs und SPORT1-Gesicht. Da das Bayern-Spiel in der Nacht stattfindet, werden dort Vorlauf sowie Nachbesprechung k\u00fcrzer sein und Andrea Kaiser nicht zum Einsatz kommen.<\/p>\n\n\n\n<p>Ansonsten stehen nat\u00fcrlich auch noch weitere Begegnungen der U19-EMs der M\u00e4nner und der Frauen an sowie des CONCACAF Gold Cups, die \u00fcberwiegend bei Sportdigital zu sehen sind. W\u00e4hrend Karsten Linke weiterhin seinen Urlaub genie\u00dft, bekommt Tim Hemmrich am Wochenende gleich drei Eins\u00e4tze. Au\u00dferdem wird erstmals seit rund einem Jahr auch Florian Obst mal wieder zu h\u00f6ren sein, der sich beruflich mittlerweile haupts\u00e4chlich in au\u00dfersportlichen Bereichen orientiert hat, in seltenen F\u00e4llen allerdings auch noch die Kommentatorenkarriere weiterverfolgt, zuletzt w\u00e4hrend Olympia 2024 beim ZDF.<\/p>\n\n\n\n<p>Der n\u00e4chste Beitrag wird am Montag folgen, wenn der zweite Spieltag der Klub-WM abgeschlossen ist und die Halbfinals bei der U21-EM anstehen. Genie\u00dft das Wochenende bis dahin!<\/p>\n","protected":false},"excerpt":{"rendered":"<p>N&#8217;Abend allerseits, p\u00fcnktlich zwischen dem Ende des ersten Spieltags der Klub-WM und dem Beginn des zweiten erscheint unser neuer Beitrag mit den n\u00e4chsten Ansetzungen, und im Vergleich zum letzten sind wir nun um einiges an Erfahrung reicher, wie das Turnier sich wirklich anf\u00fchlt. Von der Atmosph\u00e4re kommt es leider, wenn auch nicht sehr verwunderlich, weder [&hellip;]<\/p>\n","protected":false},"author":17,"featured_media":0,"comment_status":"open","ping_status":"open","sticky":false,"template":"","format":"standard","meta":{"footnotes":""},"categories":[429],"tags":[583,610,263,166,1058,131,499,164,57,171,165,13,132,220,120,295,405,123,48,507,58,568,205,276,43,503,587,581,101,1037,438,279,500,114,1344,191,137,108,306,22,134,154,528,595,854,838,252,882,402,105,149],"class_list":["post-21985","post","type-post","status-publish","format-standard","hentry","category-diverses","tag-andrea-kaiser","tag-andres-veredas","tag-arne-malsch","tag-benny-lauth","tag-bent-mildner","tag-carsten-fuss","tag-chris-putz","tag-christian-bernhard","tag-christian-blunck","tag-christoph-stadtler","tag-david-ploch","tag-dazn","tag-flo-hauser","tag-florian-obst","tag-franz-buechner","tag-freddy-harder","tag-jakob-vogel","tag-jan-luedeke","tag-jan-platte","tag-jonathan-dreier","tag-joerg-steiger","tag-joyn","tag-lukas-schoenmueller","tag-marcel-seufert","tag-marco-hagemann","tag-marcus-radefeld","tag-markus-babbel","tag-marvin-kirsch","tag-matthias-opdenhoevel","tag-max-giesen","tag-max-nicu","tag-max-siebald","tag-michael-ballack","tag-michael-born","tag-mike-stiefelhagen","tag-nico-seepe","tag-prosieben-maxx","tag-ralph-gunesch","tag-sat-1","tag-sky","tag-sportdigital-fussball","tag-stefan-galler","tag-steffen-bohleber","tag-thomas-helmer","tag-tim-hemmrich","tag-timo-schaefers","tag-tobi-wahnschaffe","tag-tobias-schweinsteiger","tag-ulf-kahmke","tag-uli-hebel","tag-uwe-morawe"],"_links":{"self":[{"href":"https:\/\/kommentatorenblog.de\/index.php?rest_route=\/wp\/v2\/posts\/21985","targetHints":{"allow":["GET"]}}],"collection":[{"href":"https:\/\/kommentatorenblog.de\/index.php?rest_route=\/wp\/v2\/posts"}],"about":[{"href":"https:\/\/kommentatorenblog.de\/index.php?rest_route=\/wp\/v2\/types\/post"}],"author":[{"embeddable":true,"href":"https:\/\/kommentatorenblog.de\/index.php?rest_route=\/wp\/v2\/users\/17"}],"replies":[{"embeddable":true,"href":"https:\/\/kommentatorenblog.de\/index.php?rest_route=%2Fwp%2Fv2%2Fcomments&post=21985"}],"version-history":[{"count":31,"href":"https:\/\/kommentatorenblog.de\/index.php?rest_route=\/wp\/v2\/posts\/21985\/revisions"}],"predecessor-version":[{"id":22024,"href":"https:\/\/kommentatorenblog.de\/index.php?rest_route=\/wp\/v2\/posts\/21985\/revisions\/22024"}],"wp:attachment":[{"href":"https:\/\/kommentatorenblog.de\/index.php?rest_route=%2Fwp%2Fv2%2Fmedia&parent=21985"}],"wp:term":[{"taxonomy":"category","embeddable":true,"href":"https:\/\/kommentatorenblog.de\/index.php?rest_route=%2Fwp%2Fv2%2Fcategories&post=21985"},{"taxonomy":"post_tag","embeddable":true,"href":"https:\/\/kommentatorenblog.de\/index.php?rest_route=%2Fwp%2Fv2%2Ftags&post=21985"}],"curies":[{"name":"wp","href":"https:\/\/api.w.org\/{rel}","templated":true}]}}