{"id":22131,"date":"2025-07-05T23:43:51","date_gmt":"2025-07-05T22:43:51","guid":{"rendered":"https:\/\/kommentatorenblog.de\/?p=22131"},"modified":"2025-07-09T16:05:56","modified_gmt":"2025-07-09T15:05:56","slug":"1522-zu-viel-fussball","status":"publish","type":"post","link":"https:\/\/kommentatorenblog.de\/?p=22131","title":{"rendered":"1522 &#8211; Zu viel Fu\u00dfball?"},"content":{"rendered":"\n<p>N&#8217;Abend allerseits,<\/p>\n\n\n\n<p>der erste Spieltag der Frauen-EM ist vorbei und die Klub-WM neigt sich dem Ende zu. Ich muss zugeben, dass die Klub-WM mich pers\u00f6nlich nie wirklich abgeholt hat. Zum einen wegen den ung\u00fcnstigen Ansto\u00dfzeiten, aber auch wegen des Eindrucks, dass die Teams eigentlich dringend eine Pause br\u00e4uchten, wenn man gleichzeitig feststellt, dass andere Teams nach ihrer Sommerpause schon wieder ins Training einsteigen. Die n\u00e4chste Klub-WM in vier Jahren soll den bisherigen Erkenntnissen zufolge im Winter in Katar stattfinden, wof\u00fcr die UEFA dann vermutlich wieder die Hinrunde vorzeitig beenden soll, damit dann erneut eine Handvoll Klubs bis zu einen Monat dort teilnehmen k\u00f6nnen. Konfliktpotential vorprogrammiert. Dass zuletzt schon zunehmend Spiele eines FIFA- und eines UEFA-Wettbewerbs gleichzeitig stattfanden, egal ob es neben der Klub-WM die U21-EM oder die Frauen-EM betraf, wirkt jedenfalls bereits befremdlich.<\/p>\n\n\n\n<p>Jedenfalls stehen nun nur noch wenige Spiele der Klub-WM an, somit geh\u00f6rt der Gro\u00dfteil der Fu\u00dfballb\u00fchne berechtigterweise der Frauen-EM, wovon der zweite Spieltag ansteht.<\/p>\n\n\n\n<hr class=\"wp-block-separator has-alpha-channel-opacity\"\/>\n\n\n\n<p><strong>Die Ansetzungen vom 06. bis zum 09. Juli 2025<\/strong><\/p>\n\n\n\n<hr class=\"wp-block-separator has-alpha-channel-opacity\"\/>\n\n\n\n<p><strong>UEFA Women&#8217;s EURO 2025, 2. Spieltag (<mark style=\"background-color:rgba(0, 0, 0, 0)\" class=\"has-inline-color has-vivid-cyan-blue-color\">Das Erste<\/mark>\/<mark style=\"background-color:rgba(0, 0, 0, 0)\" class=\"has-inline-color has-luminous-vivid-orange-color\">ZDF<\/mark>\/DAZN)<\/strong><\/p>\n\n\n\n<p><span style=\"text-decoration: underline;\">Sonntag, 06. Juli 2025, ab 17.30 Uhr (<mark style=\"background-color:rgba(0, 0, 0, 0)\" class=\"has-inline-color has-vivid-cyan-blue-color\">Das Erste<\/mark>) bzw. ab 18.00 Uhr (DAZN)<\/span><\/p>\n\n\n\n<p><strong><em>Norwegen &#8211; Finnland (18.00 Uhr)<\/em><\/strong><\/p>\n\n\n\n<p><em><strong><img loading=\"lazy\" decoding=\"async\" width=\"415\" height=\"874\" class=\"wp-image-3656\" style=\"width: 10px\" src=\"http:\/\/kommentatorenblog.de\/wp-content\/uploads\/2020\/09\/shure-55sh-ii-e1601485394796.jpg\" alt=\"\" srcset=\"https:\/\/kommentatorenblog.de\/wp-content\/uploads\/2020\/09\/shure-55sh-ii-e1601485394796.jpg 415w, https:\/\/kommentatorenblog.de\/wp-content\/uploads\/2020\/09\/shure-55sh-ii-e1601485394796-142x300.jpg 142w\" sizes=\"auto, (max-width: 415px) 100vw, 415px\" \/><\/strong><\/em> <em><mark style=\"background-color:rgba(0, 0, 0, 0)\" class=\"has-inline-color has-vivid-cyan-blue-color\">Das Erste<\/mark><\/em>: Christina Graf<br>Field-Reporter: Patrick Halatsch<\/p>\n\n\n\n<p><em><strong><img loading=\"lazy\" decoding=\"async\" width=\"415\" height=\"874\" class=\"wp-image-3656\" style=\"width: 10px\" src=\"http:\/\/kommentatorenblog.de\/wp-content\/uploads\/2020\/09\/shure-55sh-ii-e1601485394796.jpg\" alt=\"\" srcset=\"https:\/\/kommentatorenblog.de\/wp-content\/uploads\/2020\/09\/shure-55sh-ii-e1601485394796.jpg 415w, https:\/\/kommentatorenblog.de\/wp-content\/uploads\/2020\/09\/shure-55sh-ii-e1601485394796-142x300.jpg 142w\" sizes=\"auto, (max-width: 415px) 100vw, 415px\" \/><\/strong><\/em> <em><mark style=\"background-color:rgba(0, 0, 0, 0)\" class=\"has-inline-color has-black-color\">DAZN<\/mark><\/em>: Christoph Fetzer<\/p>\n\n\n\n<p><span style=\"text-decoration: underline;\">ab 20.15 Uhr (<mark style=\"background-color:rgba(0, 0, 0, 0)\" class=\"has-inline-color has-vivid-cyan-blue-color\">Das Erste<\/mark>) bzw. ab 21.00 Uhr (DAZN)<\/span><\/p>\n\n\n\n<p><strong><em>Schweiz &#8211; Island (21.00 Uhr)<\/em><\/strong><\/p>\n\n\n\n<p><em><strong><img loading=\"lazy\" decoding=\"async\" width=\"415\" height=\"874\" class=\"wp-image-3656\" style=\"width: 10px\" src=\"http:\/\/kommentatorenblog.de\/wp-content\/uploads\/2020\/09\/shure-55sh-ii-e1601485394796.jpg\" alt=\"\" srcset=\"https:\/\/kommentatorenblog.de\/wp-content\/uploads\/2020\/09\/shure-55sh-ii-e1601485394796.jpg 415w, https:\/\/kommentatorenblog.de\/wp-content\/uploads\/2020\/09\/shure-55sh-ii-e1601485394796-142x300.jpg 142w\" sizes=\"auto, (max-width: 415px) 100vw, 415px\" \/><\/strong><\/em> <em><mark style=\"background-color:rgba(0, 0, 0, 0)\" class=\"has-inline-color has-vivid-cyan-blue-color\">Das Erste<\/mark><\/em>: Stephanie Baczyk<br>Field-Reporterin: Ina Kast<\/p>\n\n\n\n<p><em><strong><img loading=\"lazy\" decoding=\"async\" width=\"415\" height=\"874\" class=\"wp-image-3656\" style=\"width: 10px\" src=\"http:\/\/kommentatorenblog.de\/wp-content\/uploads\/2020\/09\/shure-55sh-ii-e1601485394796.jpg\" alt=\"\" srcset=\"https:\/\/kommentatorenblog.de\/wp-content\/uploads\/2020\/09\/shure-55sh-ii-e1601485394796.jpg 415w, https:\/\/kommentatorenblog.de\/wp-content\/uploads\/2020\/09\/shure-55sh-ii-e1601485394796-142x300.jpg 142w\" sizes=\"auto, (max-width: 415px) 100vw, 415px\" \/><\/strong><\/em> <em><mark style=\"background-color:rgba(0, 0, 0, 0)\" class=\"has-inline-color has-black-color\">DAZN<\/mark><\/em>: Nico Seepe<\/p>\n\n\n\n<p>Moderation (<em><mark style=\"background-color:rgba(0, 0, 0, 0)\" class=\"has-inline-color has-vivid-cyan-blue-color\">Das Erste<\/mark><\/em>): Claus Lufen, Expertin: Almuth Schult<\/p>\n\n\n\n<p><span style=\"text-decoration: underline;\">Montag, 07. Juli 2025, ab 17.35 Uhr (<mark style=\"background-color:rgba(0, 0, 0, 0)\" class=\"has-inline-color has-luminous-vivid-orange-color\">ZDF<\/mark>) bzw. ab 18.00 Uhr (DAZN)<\/span><\/p>\n\n\n\n<p><strong><em>Spanien &#8211; Belgien (18.00 Uhr)<\/em><\/strong><\/p>\n\n\n\n<p><em><strong><img loading=\"lazy\" decoding=\"async\" width=\"415\" height=\"874\" class=\"wp-image-3656\" style=\"width: 10px\" src=\"http:\/\/kommentatorenblog.de\/wp-content\/uploads\/2020\/09\/shure-55sh-ii-e1601485394796.jpg\" alt=\"\" srcset=\"https:\/\/kommentatorenblog.de\/wp-content\/uploads\/2020\/09\/shure-55sh-ii-e1601485394796.jpg 415w, https:\/\/kommentatorenblog.de\/wp-content\/uploads\/2020\/09\/shure-55sh-ii-e1601485394796-142x300.jpg 142w\" sizes=\"auto, (max-width: 415px) 100vw, 415px\" \/><\/strong><\/em> <em><mark style=\"background-color:rgba(0, 0, 0, 0)\" class=\"has-inline-color has-luminous-vivid-orange-color\">ZDF<\/mark><\/em>: Oliver Schmidt<br>Field-Reporterin: Amelie Stiefvatter<\/p>\n\n\n\n<p><em><strong><img loading=\"lazy\" decoding=\"async\" width=\"415\" height=\"874\" class=\"wp-image-3656\" style=\"width: 10px\" src=\"http:\/\/kommentatorenblog.de\/wp-content\/uploads\/2020\/09\/shure-55sh-ii-e1601485394796.jpg\" alt=\"\" srcset=\"https:\/\/kommentatorenblog.de\/wp-content\/uploads\/2020\/09\/shure-55sh-ii-e1601485394796.jpg 415w, https:\/\/kommentatorenblog.de\/wp-content\/uploads\/2020\/09\/shure-55sh-ii-e1601485394796-142x300.jpg 142w\" sizes=\"auto, (max-width: 415px) 100vw, 415px\" \/><\/strong><\/em> <em><mark style=\"background-color:rgba(0, 0, 0, 0)\" class=\"has-inline-color has-black-color\">DAZN<\/mark><\/em>: Patrick Gerspacher<\/p>\n\n\n\n<p><span style=\"text-decoration: underline;\">ab 20.15 Uhr (<mark style=\"background-color:rgba(0, 0, 0, 0)\" class=\"has-inline-color has-luminous-vivid-orange-color\">ZDF<\/mark>) bzw. ab 21.00 Uhr (DAZN)<\/span><\/p>\n\n\n\n<p><strong><em>Portugal &#8211; Italien (21.00 Uhr)<\/em><\/strong><\/p>\n\n\n\n<p><em><strong><img loading=\"lazy\" decoding=\"async\" width=\"415\" height=\"874\" class=\"wp-image-3656\" style=\"width: 10px\" src=\"http:\/\/kommentatorenblog.de\/wp-content\/uploads\/2020\/09\/shure-55sh-ii-e1601485394796.jpg\" alt=\"\" srcset=\"https:\/\/kommentatorenblog.de\/wp-content\/uploads\/2020\/09\/shure-55sh-ii-e1601485394796.jpg 415w, https:\/\/kommentatorenblog.de\/wp-content\/uploads\/2020\/09\/shure-55sh-ii-e1601485394796-142x300.jpg 142w\" sizes=\"auto, (max-width: 415px) 100vw, 415px\" \/><\/strong><\/em> <em><mark style=\"background-color:rgba(0, 0, 0, 0)\" class=\"has-inline-color has-luminous-vivid-orange-color\">ZDF<\/mark><\/em>: Norbert Galeske<br>Field-Reporterin: Lili Engels<\/p>\n\n\n\n<p><em><strong><img loading=\"lazy\" decoding=\"async\" width=\"415\" height=\"874\" class=\"wp-image-3656\" style=\"width: 10px\" src=\"http:\/\/kommentatorenblog.de\/wp-content\/uploads\/2020\/09\/shure-55sh-ii-e1601485394796.jpg\" alt=\"\" srcset=\"https:\/\/kommentatorenblog.de\/wp-content\/uploads\/2020\/09\/shure-55sh-ii-e1601485394796.jpg 415w, https:\/\/kommentatorenblog.de\/wp-content\/uploads\/2020\/09\/shure-55sh-ii-e1601485394796-142x300.jpg 142w\" sizes=\"auto, (max-width: 415px) 100vw, 415px\" \/><\/strong><\/em> <em><mark style=\"background-color:rgba(0, 0, 0, 0)\" class=\"has-inline-color has-black-color\">DAZN<\/mark><\/em>: Oliver Fa\u00dfnacht<\/p>\n\n\n\n<p>Moderation (<em><mark style=\"background-color:rgba(0, 0, 0, 0)\" class=\"has-inline-color has-luminous-vivid-orange-color\">ZDF<\/mark><\/em>): Sven Voss, Expertin: Kathrin Lehmann, G\u00e4stin: Annike Krahn<\/p>\n\n\n\n<p><span style=\"text-decoration: underline;\">Dienstag, 08. Juli 2025, ab 17.15 Uhr (<mark style=\"background-color:rgba(0, 0, 0, 0)\" class=\"has-inline-color has-vivid-cyan-blue-color\">Das Erste<\/mark>) bzw. ab 17.30 Uhr (DAZN)<\/span><\/p>\n\n\n\n<p><strong><em>Deutschland &#8211; D\u00e4nemark (18.00 Uhr)<\/em><\/strong><\/p>\n\n\n\n<p><em><strong><img loading=\"lazy\" decoding=\"async\" width=\"415\" height=\"874\" class=\"wp-image-3656\" style=\"width: 10px\" src=\"http:\/\/kommentatorenblog.de\/wp-content\/uploads\/2020\/09\/shure-55sh-ii-e1601485394796.jpg\" alt=\"\" srcset=\"https:\/\/kommentatorenblog.de\/wp-content\/uploads\/2020\/09\/shure-55sh-ii-e1601485394796.jpg 415w, https:\/\/kommentatorenblog.de\/wp-content\/uploads\/2020\/09\/shure-55sh-ii-e1601485394796-142x300.jpg 142w\" sizes=\"auto, (max-width: 415px) 100vw, 415px\" \/><\/strong><\/em> <em><mark style=\"background-color:rgba(0, 0, 0, 0)\" class=\"has-inline-color has-vivid-cyan-blue-color\">Das Erste<\/mark><\/em>: Stephanie Baczyk<br>Field-Reporterinnen: Lea Wagner und Inka Blumensaat<\/p>\n\n\n\n<p><em><strong><img loading=\"lazy\" decoding=\"async\" width=\"415\" height=\"874\" class=\"wp-image-3656\" style=\"width: 10px\" src=\"http:\/\/kommentatorenblog.de\/wp-content\/uploads\/2020\/09\/shure-55sh-ii-e1601485394796.jpg\" alt=\"\" srcset=\"https:\/\/kommentatorenblog.de\/wp-content\/uploads\/2020\/09\/shure-55sh-ii-e1601485394796.jpg 415w, https:\/\/kommentatorenblog.de\/wp-content\/uploads\/2020\/09\/shure-55sh-ii-e1601485394796-142x300.jpg 142w\" sizes=\"auto, (max-width: 415px) 100vw, 415px\" \/><\/strong><\/em> <em><mark style=\"background-color:rgba(0, 0, 0, 0)\" class=\"has-inline-color has-black-color\">DAZN<\/mark><\/em>: Nico Seepe, Expertin: Turid Knaak<\/p>\n\n\n\n<p><span style=\"text-decoration: underline;\">ab 20.35 Uhr (<mark style=\"background-color:rgba(0, 0, 0, 0)\" class=\"has-inline-color has-vivid-cyan-blue-color\">Das Erste<\/mark>) bzw. ab 21.00 Uhr (DAZN)<\/span><\/p>\n\n\n\n<p><strong><em>Polen &#8211; Schweden (21.00 Uhr)<\/em><\/strong><\/p>\n\n\n\n<p><em><strong><img loading=\"lazy\" decoding=\"async\" width=\"415\" height=\"874\" class=\"wp-image-3656\" style=\"width: 10px\" src=\"http:\/\/kommentatorenblog.de\/wp-content\/uploads\/2020\/09\/shure-55sh-ii-e1601485394796.jpg\" alt=\"\" srcset=\"https:\/\/kommentatorenblog.de\/wp-content\/uploads\/2020\/09\/shure-55sh-ii-e1601485394796.jpg 415w, https:\/\/kommentatorenblog.de\/wp-content\/uploads\/2020\/09\/shure-55sh-ii-e1601485394796-142x300.jpg 142w\" sizes=\"auto, (max-width: 415px) 100vw, 415px\" \/><\/strong><\/em> <em><mark style=\"background-color:rgba(0, 0, 0, 0)\" class=\"has-inline-color has-vivid-cyan-blue-color\">Das Erste<\/mark><\/em>: Bernd Schmelzer<br>Field-Reporterin: Ina Kast<\/p>\n\n\n\n<p><em><strong><img loading=\"lazy\" decoding=\"async\" width=\"415\" height=\"874\" class=\"wp-image-3656\" style=\"width: 10px\" src=\"http:\/\/kommentatorenblog.de\/wp-content\/uploads\/2020\/09\/shure-55sh-ii-e1601485394796.jpg\" alt=\"\" srcset=\"https:\/\/kommentatorenblog.de\/wp-content\/uploads\/2020\/09\/shure-55sh-ii-e1601485394796.jpg 415w, https:\/\/kommentatorenblog.de\/wp-content\/uploads\/2020\/09\/shure-55sh-ii-e1601485394796-142x300.jpg 142w\" sizes=\"auto, (max-width: 415px) 100vw, 415px\" \/><\/strong><\/em> <em><mark style=\"background-color:rgba(0, 0, 0, 0)\" class=\"has-inline-color has-black-color\">DAZN<\/mark><\/em>: Oliver Fa\u00dfnacht<\/p>\n\n\n\n<p>Moderation (<em><mark style=\"background-color:rgba(0, 0, 0, 0)\" class=\"has-inline-color has-vivid-cyan-blue-color\">Das Erste<\/mark><\/em>): Claus Lufen, Expertin: Almuth Schult<\/p>\n\n\n\n<p><span style=\"text-decoration: underline;\">Mittwoch, 09. Juli 2025, ab 17.35 Uhr (<mark style=\"background-color:rgba(0, 0, 0, 0)\" class=\"has-inline-color has-luminous-vivid-orange-color\">ZDF<\/mark>) bzw. ab 18.00 Uhr (DAZN)<\/span><\/p>\n\n\n\n<p><strong><em>England &#8211; Niederlande (18.00 Uhr)<\/em><\/strong><\/p>\n\n\n\n<p><em><strong><img loading=\"lazy\" decoding=\"async\" width=\"415\" height=\"874\" class=\"wp-image-3656\" style=\"width: 10px\" src=\"http:\/\/kommentatorenblog.de\/wp-content\/uploads\/2020\/09\/shure-55sh-ii-e1601485394796.jpg\" alt=\"\" srcset=\"https:\/\/kommentatorenblog.de\/wp-content\/uploads\/2020\/09\/shure-55sh-ii-e1601485394796.jpg 415w, https:\/\/kommentatorenblog.de\/wp-content\/uploads\/2020\/09\/shure-55sh-ii-e1601485394796-142x300.jpg 142w\" sizes=\"auto, (max-width: 415px) 100vw, 415px\" \/><\/strong><\/em> <em><mark style=\"background-color:rgba(0, 0, 0, 0)\" class=\"has-inline-color has-luminous-vivid-orange-color\">ZDF<\/mark><\/em>: Claudia Neumann<br>Field-Reporterin: Lili Engels<\/p>\n\n\n\n<p><em><strong><img loading=\"lazy\" decoding=\"async\" width=\"415\" height=\"874\" class=\"wp-image-3656\" style=\"width: 10px\" src=\"http:\/\/kommentatorenblog.de\/wp-content\/uploads\/2020\/09\/shure-55sh-ii-e1601485394796.jpg\" alt=\"\" srcset=\"https:\/\/kommentatorenblog.de\/wp-content\/uploads\/2020\/09\/shure-55sh-ii-e1601485394796.jpg 415w, https:\/\/kommentatorenblog.de\/wp-content\/uploads\/2020\/09\/shure-55sh-ii-e1601485394796-142x300.jpg 142w\" sizes=\"auto, (max-width: 415px) 100vw, 415px\" \/><\/strong><\/em> <em><mark style=\"background-color:rgba(0, 0, 0, 0)\" class=\"has-inline-color has-black-color\">DAZN<\/mark><\/em>: Nico Seepe<\/p>\n\n\n\n<p><span style=\"text-decoration: underline;\">ab 20.15 Uhr (<mark style=\"background-color:rgba(0, 0, 0, 0)\" class=\"has-inline-color has-luminous-vivid-orange-color\">ZDF<\/mark>) bzw. ab 21.00 Uhr (DAZN)<\/span><\/p>\n\n\n\n<p><strong><em>Frankreich &#8211; Wales (21.00 Uhr)<\/em><\/strong><\/p>\n\n\n\n<p><em><strong><img loading=\"lazy\" decoding=\"async\" width=\"415\" height=\"874\" class=\"wp-image-3656\" style=\"width: 10px\" src=\"http:\/\/kommentatorenblog.de\/wp-content\/uploads\/2020\/09\/shure-55sh-ii-e1601485394796.jpg\" alt=\"\" srcset=\"https:\/\/kommentatorenblog.de\/wp-content\/uploads\/2020\/09\/shure-55sh-ii-e1601485394796.jpg 415w, https:\/\/kommentatorenblog.de\/wp-content\/uploads\/2020\/09\/shure-55sh-ii-e1601485394796-142x300.jpg 142w\" sizes=\"auto, (max-width: 415px) 100vw, 415px\" \/><\/strong><\/em> <em><mark style=\"background-color:rgba(0, 0, 0, 0)\" class=\"has-inline-color has-luminous-vivid-orange-color\">ZDF<\/mark><\/em>: Gari Paubandt<br>Field-Reporterin: Amelie Stiefvatter<\/p>\n\n\n\n<p><em><strong><img loading=\"lazy\" decoding=\"async\" width=\"415\" height=\"874\" class=\"wp-image-3656\" style=\"width: 10px\" src=\"http:\/\/kommentatorenblog.de\/wp-content\/uploads\/2020\/09\/shure-55sh-ii-e1601485394796.jpg\" alt=\"\" srcset=\"https:\/\/kommentatorenblog.de\/wp-content\/uploads\/2020\/09\/shure-55sh-ii-e1601485394796.jpg 415w, https:\/\/kommentatorenblog.de\/wp-content\/uploads\/2020\/09\/shure-55sh-ii-e1601485394796-142x300.jpg 142w\" sizes=\"auto, (max-width: 415px) 100vw, 415px\" \/><\/strong><\/em> <em><mark style=\"background-color:rgba(0, 0, 0, 0)\" class=\"has-inline-color has-black-color\">DAZN<\/mark><\/em>: Simon Sterzer<\/p>\n\n\n\n<p>Moderation (<em><mark style=\"background-color:rgba(0, 0, 0, 0)\" class=\"has-inline-color has-luminous-vivid-orange-color\">ZDF<\/mark><\/em>): Sven Voss, Expertin: Kathrin Lehmann, G\u00e4stin: Pauline Bremer<\/p>\n\n\n\n<hr class=\"wp-block-separator has-alpha-channel-opacity\"\/>\n\n\n\n<p><strong>FIFA Club World Cup 2025, Halbfinale (DAZN\/<mark style=\"background-color:rgba(0, 0, 0, 0)\" class=\"has-inline-color has-vivid-red-color\">ProSieben<\/mark>)<\/strong><\/p>\n\n\n\n<p><span style=\"text-decoration: underline;\">Dienstag, 08. Juli 2025, ab 20.15 Uhr (DAZN)<\/span><\/p>\n\n\n\n<p><strong><em>Fluminense <strong>\u2013<\/strong><\/em><\/strong> <strong><em>FC Chelsea (21.00 Uhr)<\/em><\/strong><br><em><strong><img loading=\"lazy\" decoding=\"async\" width=\"415\" height=\"874\" class=\"wp-image-3656\" style=\"width: 10px\" src=\"http:\/\/kommentatorenblog.de\/wp-content\/uploads\/2020\/09\/shure-55sh-ii-e1601485394796.jpg\" alt=\"\" srcset=\"https:\/\/kommentatorenblog.de\/wp-content\/uploads\/2020\/09\/shure-55sh-ii-e1601485394796.jpg 415w, https:\/\/kommentatorenblog.de\/wp-content\/uploads\/2020\/09\/shure-55sh-ii-e1601485394796-142x300.jpg 142w\" sizes=\"auto, (max-width: 415px) 100vw, 415px\" \/><\/strong><\/em> Tom Kirsten, Experte: Tobias Schweinsteiger<br>Moderation: Tobi Wahnschaffe<\/p>\n\n\n\n<p><span style=\"text-decoration: underline;\">Mittwoch, 09. Juli 2025, ab 20.15 Uhr (DAZN\/<mark style=\"background-color:rgba(0, 0, 0, 0)\" class=\"has-inline-color has-vivid-red-color\">ProSieben<\/mark>)<\/span><\/p>\n\n\n\n<p><strong><em>Paris Saint-Germain &#8211; Real Madrid (21.00 Uhr)<\/em><\/strong><\/p>\n\n\n\n<p><em><strong><img loading=\"lazy\" decoding=\"async\" width=\"415\" height=\"874\" class=\"wp-image-3656\" style=\"width: 10px\" src=\"http:\/\/kommentatorenblog.de\/wp-content\/uploads\/2020\/09\/shure-55sh-ii-e1601485394796.jpg\" alt=\"\" srcset=\"https:\/\/kommentatorenblog.de\/wp-content\/uploads\/2020\/09\/shure-55sh-ii-e1601485394796.jpg 415w, https:\/\/kommentatorenblog.de\/wp-content\/uploads\/2020\/09\/shure-55sh-ii-e1601485394796-142x300.jpg 142w\" sizes=\"auto, (max-width: 415px) 100vw, 415px\" \/><\/strong><\/em> <em><mark style=\"background-color:rgba(0, 0, 0, 0)\" class=\"has-inline-color has-black-color\">DAZN<\/mark><\/em>: Chris Putz, Expertin: Turid Knaak<br>Moderation (<em>DAZN<\/em>): Lukas Sch\u00f6nm\u00fcller, Field-Reporter: Andres Veredas, Experte vor Ort: Sami Khedira<\/p>\n\n\n\n<p><em><strong><img loading=\"lazy\" decoding=\"async\" width=\"415\" height=\"874\" class=\"wp-image-3656\" style=\"width: 10px\" src=\"http:\/\/kommentatorenblog.de\/wp-content\/uploads\/2020\/09\/shure-55sh-ii-e1601485394796.jpg\" alt=\"\" srcset=\"https:\/\/kommentatorenblog.de\/wp-content\/uploads\/2020\/09\/shure-55sh-ii-e1601485394796.jpg 415w, https:\/\/kommentatorenblog.de\/wp-content\/uploads\/2020\/09\/shure-55sh-ii-e1601485394796-142x300.jpg 142w\" sizes=\"auto, (max-width: 415px) 100vw, 415px\" \/><\/strong><\/em> <em><mark style=\"background-color:rgba(0, 0, 0, 0)\" class=\"has-inline-color has-vivid-red-color\">ProSieben<\/mark><\/em>: Matthias Stach, Experte: Stefan Kuntz<br>Moderation (<em><mark style=\"background-color:rgba(0, 0, 0, 0)\" class=\"has-inline-color has-vivid-red-color\">ProSieben<\/mark><\/em>): Matthias Opdenh\u00f6vel<\/p>\n\n\n\n<hr class=\"wp-block-separator has-alpha-channel-opacity\"\/>\n\n\n\n<p><strong>CONCACAF Gold Cup 2025, Finale (<mark style=\"background-color:rgba(0, 0, 0, 0)\" class=\"has-inline-color has-pale-cyan-blue-color\">Sportdigital<\/mark>)<\/strong><\/p>\n\n\n\n<p><span style=\"text-decoration: underline;\">Montag, 07. Juli 2025<\/span><\/p>\n\n\n\n<p><strong><em>USA <strong>\u2013<\/strong><\/em><\/strong> <strong><em>Mexiko (01.00 Uhr)<\/em><\/strong><br><em><strong><img loading=\"lazy\" decoding=\"async\" width=\"415\" height=\"874\" class=\"wp-image-3656\" style=\"width: 10px\" src=\"http:\/\/kommentatorenblog.de\/wp-content\/uploads\/2020\/09\/shure-55sh-ii-e1601485394796.jpg\" alt=\"\" srcset=\"https:\/\/kommentatorenblog.de\/wp-content\/uploads\/2020\/09\/shure-55sh-ii-e1601485394796.jpg 415w, https:\/\/kommentatorenblog.de\/wp-content\/uploads\/2020\/09\/shure-55sh-ii-e1601485394796-142x300.jpg 142w\" sizes=\"auto, (max-width: 415px) 100vw, 415px\" \/><\/strong><\/em> J\u00f6rg Steiger<\/p>\n\n\n\n<hr class=\"wp-block-separator has-alpha-channel-opacity\"\/>\n\n\n\n<p><strong>Testspiele<\/strong><\/p>\n\n\n\n<p><span style=\"text-decoration: underline;\">Sonntag, 06. Juli 2025, ab 13.20 Uhr (Sky\/sport.sky.de)<\/span><\/p>\n\n\n\n<p><strong><em>VfB Oldenburg <strong>\u2013<\/strong><\/em><\/strong> <strong><em>Hamburger SV (13.30 Uhr)<\/em><\/strong><br><em><strong><img loading=\"lazy\" decoding=\"async\" width=\"415\" height=\"874\" class=\"wp-image-3656\" style=\"width: 10px\" src=\"http:\/\/kommentatorenblog.de\/wp-content\/uploads\/2020\/09\/shure-55sh-ii-e1601485394796.jpg\" alt=\"\" srcset=\"https:\/\/kommentatorenblog.de\/wp-content\/uploads\/2020\/09\/shure-55sh-ii-e1601485394796.jpg 415w, https:\/\/kommentatorenblog.de\/wp-content\/uploads\/2020\/09\/shure-55sh-ii-e1601485394796-142x300.jpg 142w\" sizes=\"auto, (max-width: 415px) 100vw, 415px\" \/><\/strong><\/em> Uli Hebel<\/p>\n\n\n\n<p><span style=\"text-decoration: underline;\">ab 13.45 Uhr (Ruhrsport.tv \u00fcber Twitch)<\/span><\/p>\n\n\n\n<p><strong><em>SGS Essen (Frauen) <strong>\u2013<\/strong><\/em><\/strong> <strong><em>1. FSV Mainz 05 (Frauen) (14.00 Uhr)<\/em><\/strong><br><em><strong><img loading=\"lazy\" decoding=\"async\" width=\"415\" height=\"874\" class=\"wp-image-3656\" style=\"width: 10px\" src=\"http:\/\/kommentatorenblog.de\/wp-content\/uploads\/2020\/09\/shure-55sh-ii-e1601485394796.jpg\" alt=\"\" srcset=\"https:\/\/kommentatorenblog.de\/wp-content\/uploads\/2020\/09\/shure-55sh-ii-e1601485394796.jpg 415w, https:\/\/kommentatorenblog.de\/wp-content\/uploads\/2020\/09\/shure-55sh-ii-e1601485394796-142x300.jpg 142w\" sizes=\"auto, (max-width: 415px) 100vw, 415px\" \/><\/strong><\/em> Marvin Scholz<\/p>\n\n\n\n<hr class=\"wp-block-separator has-alpha-channel-opacity\"\/>\n\n\n\n<p><strong>Die Analyse<\/strong><\/p>\n\n\n\n<p>Weiterhin senden abwechselnd ARD und ZDF die Matchdays der Frauen-EM. Beim ZDF wird es erneut einen Tag geben, an dem Oliver Schmidt und Norbert Galeske kommentieren und einen, an dem Claudia Neumann und Gari Paubandt es tun. Im Ersten ist Stephanie Baczyk weiterhin an jedem Sendetag gesetzt, w\u00e4hrend sich Bernd Schmelzer und Christina Graf abwechseln. Bei DAZN verabschiedet sich Christina Rann nach drei Tagen in Folge fernab der norddeutschen Heimat erst einmal wieder und \u00fcberl\u00e4sst u.a. Christoph Fetzer und Patrick Gerspacher das Feld. Beim zweiten deutschen Spiel gegen D\u00e4nemark kommt Turid Knaak nach ihrem Gastspiel beim ZDF an der Seite von Nico Seepe zum Einsatz.<\/p>\n\n\n\n<p>Ein Gastspiel wird Knaak auch noch bei der Klub-WM bekommen, und zwar am Mittwoch beim zweiten Halbfinalspiel. <s>Da es das einzige Spiel war, an dem deutsche Mannschaften teilnehmen h\u00e4tten k\u00f6nnen und es auch ohne das namhafteste Duell ist, war bereits vorher klar, dass Mario Rieker, der Max Siebald in den USA abgel\u00f6st hat, und Sami Khedira den Kommentar von vor Ort \u00fcbernehmen werden<\/s>, Andres Veredas besorgt erneut die Interviews und die Moderation \u00fcbernimmt der aus Wimbledon zur\u00fcckgekehrte Lukas Sch\u00f6nm\u00fcller. <strong>Update:<\/strong> Rieker und Khedira h\u00e4tten offenbar nur dann kommentiert, wenn mindestens eine deutsche Mannschaft beteiligt gewesen w\u00e4re, so darf nun Knaak das Spiel mit Chris Putz aus der Box kommentieren. Da bei SAT.1 aller Voraussicht nach &#8222;das gro\u00dfe Backen&#8220; Vorrang hat, wird das Spiel au\u00dferdem bei ProSieben ausgestrahlt. Das vorangegangene Duell zwischen Fluminense und Chelsea kommentieren Tom Kirsten und Tobi Schweinsteiger und erhalten dabei Unterst\u00fctzung durch Tobi Wahnschaffe.<\/p>\n\n\n\n<p>Schon weiter ist der CONCACAF Gold Cup, wo sich die Nationalmannschaften der USA und Mexiko in der Nacht zum Montag im Finale gegen\u00fcber stehen werden. J\u00f6rg Steiger wird die Entscheidung um den Titel bei Sportdigital begleiten.<\/p>\n\n\n\n<p>Somit w\u00e4ren das die n\u00e4chsten Partien bis zum Mittwoch, dann folgen weitere Spiele der Frauen-EM, von der Klub-WM steht dann einzig noch das Finale aus. Habt eine gute Zeit bis dahin!<\/p>\n","protected":false},"excerpt":{"rendered":"<p>N&#8217;Abend allerseits, der erste Spieltag der Frauen-EM ist vorbei und die Klub-WM neigt sich dem Ende zu. Ich muss zugeben, dass die Klub-WM mich pers\u00f6nlich nie wirklich abgeholt hat. Zum einen wegen den ung\u00fcnstigen Ansto\u00dfzeiten, aber auch wegen des Eindrucks, dass die Teams eigentlich dringend eine Pause br\u00e4uchten, wenn man gleichzeitig feststellt, dass andere Teams [&hellip;]<\/p>\n","protected":false},"author":17,"featured_media":0,"comment_status":"open","ping_status":"open","sticky":false,"template":"","format":"standard","meta":{"footnotes":""},"categories":[1343,1],"tags":[548,920,610,582,499,615,302,36,636,988,13,32,1168,1075,58,737,909,965,205,1213,101,176,191,709,665,109,1006,497,202,1348,732,696,22,134,549,620,710,252,882,200,829,105,37],"class_list":["post-22131","post","type-post","status-publish","format-standard","hentry","category-em-2025","category-uncategorized","tag-almuth-schult","tag-amelie-stiefvatter","tag-andres-veredas","tag-bernd-schmelzer","tag-chris-putz","tag-christina-graf","tag-christoph-fetzer","tag-claudia-neumann","tag-claus-lufen","tag-das-erste","tag-dazn","tag-gari-paubandt","tag-ina-kast","tag-inka-blumensaat","tag-joerg-steiger","tag-kathrin-lehmann","tag-lea-wagner","tag-lili-engels","tag-lukas-schoenmueller","tag-marvin-scholz","tag-matthias-opdenhoevel","tag-matthias-stach","tag-nico-seepe","tag-norbert-galeske","tag-oliver-fassnacht-2","tag-oliver-schmidt","tag-patrick-gerspacher","tag-patrick-halatsch","tag-prosieben","tag-ruhrsport-tv","tag-sami-khedira","tag-simon-sterzer","tag-sky","tag-sportdigital-fussball","tag-stefan-kuntz","tag-stephanie-baczyk","tag-sven-voss","tag-tobi-wahnschaffe","tag-tobias-schweinsteiger","tag-tom-kirsten","tag-turid-knaak","tag-uli-hebel","tag-zdf"],"_links":{"self":[{"href":"https:\/\/kommentatorenblog.de\/index.php?rest_route=\/wp\/v2\/posts\/22131","targetHints":{"allow":["GET"]}}],"collection":[{"href":"https:\/\/kommentatorenblog.de\/index.php?rest_route=\/wp\/v2\/posts"}],"about":[{"href":"https:\/\/kommentatorenblog.de\/index.php?rest_route=\/wp\/v2\/types\/post"}],"author":[{"embeddable":true,"href":"https:\/\/kommentatorenblog.de\/index.php?rest_route=\/wp\/v2\/users\/17"}],"replies":[{"embeddable":true,"href":"https:\/\/kommentatorenblog.de\/index.php?rest_route=%2Fwp%2Fv2%2Fcomments&post=22131"}],"version-history":[{"count":21,"href":"https:\/\/kommentatorenblog.de\/index.php?rest_route=\/wp\/v2\/posts\/22131\/revisions"}],"predecessor-version":[{"id":22159,"href":"https:\/\/kommentatorenblog.de\/index.php?rest_route=\/wp\/v2\/posts\/22131\/revisions\/22159"}],"wp:attachment":[{"href":"https:\/\/kommentatorenblog.de\/index.php?rest_route=%2Fwp%2Fv2%2Fmedia&parent=22131"}],"wp:term":[{"taxonomy":"category","embeddable":true,"href":"https:\/\/kommentatorenblog.de\/index.php?rest_route=%2Fwp%2Fv2%2Fcategories&post=22131"},{"taxonomy":"post_tag","embeddable":true,"href":"https:\/\/kommentatorenblog.de\/index.php?rest_route=%2Fwp%2Fv2%2Ftags&post=22131"}],"curies":[{"name":"wp","href":"https:\/\/api.w.org\/{rel}","templated":true}]}}