{"id":22160,"date":"2025-07-09T23:37:28","date_gmt":"2025-07-09T22:37:28","guid":{"rendered":"https:\/\/kommentatorenblog.de\/?p=22160"},"modified":"2025-07-16T06:13:19","modified_gmt":"2025-07-16T05:13:19","slug":"1523-neue-saison-neue-regeln","status":"publish","type":"post","link":"https:\/\/kommentatorenblog.de\/?p=22160","title":{"rendered":"1523 &#8211; Neue Saison, neue Regeln"},"content":{"rendered":"\n<p>N&#8217;Abend allerseits, <\/p>\n\n\n\n<p>auch wenn aktuell die wohl als Flop zu bezeichnende Klub-WM (KI-Fans lassen gr\u00fc\u00dfen) noch l\u00e4uft, befinden wir uns offiziell seit vergangenem Dienstag in der neuen Saison 2025\/26. Und neue Spielzeiten bringen wie gewohnt Ver\u00e4nderungen im Regelwerk mit sich. Entsprechend hatte ich als Schiedsrichter auch schon Eins\u00e4tze mit den \u00c4nderungen, die ich in diesem Vorwort einmal kurz aufgreifen m\u00f6chte:<\/p>\n\n\n\n<p>Die sichtbarste \u00c4nderung findet sich in <strong>Regel 12 (&#8222;Fouls und sonstiges Fehlverhalten&#8220;) <\/strong>wieder. Torh\u00fcter*innen d\u00fcrfen den Ball jetzt <strong>acht Sekunden lang in der Hand halten<\/strong> (zuvor sechs). Allerdings soll das jetzt k\u00fcnftig strenger gehandhabt werden und von den Schiedsrichter*innen ab f\u00fcnf verbleibenden Sekunden ein <strong>Countdown mit der Hand<\/strong> angezeigt werden. Wird der Ball dann immer noch festgehalten, gibt es <strong>einen Ecksto\u00df f\u00fcr das gegnerische Team<\/strong> &#8211; und das ist komplett neu. Auf dem Platz f\u00fchlt es sich aktuell noch komisch an, bei jeder Torwart-Aktion den Countdown zu starten.<br>Der Umkehrschluss der Regel d\u00fcrfte sein, dass es zu mehr indirekten Freist\u00f6\u00dfen im Strafraum f\u00fcr die Torh\u00fcter*innen kommt. Denn sobald die Ballkontrolle oder am Abschlag gehindert wird, kann ja der Countdown nicht starten.<\/p>\n\n\n\n<p>In <strong>Regel 9 (&#8222;Ball im und aus dem Spiel&#8220;) <\/strong>findet sich eine \u00c4nderung zur Thematik mit <strong>vor\/auf der Seiten-\/Torlinien noch innerhalb des Feldes gestoppten B\u00e4llen <\/strong>durch nicht auf dem Platz befindliche Teamoffizielle oder Spieler*innen, die gerade nicht auf dem Platz stehen d\u00fcrften<strong>.<\/strong> Bisher galt hier: Stoppt etwa ein Trainer oder eine Spielerin, die sich gerade aufw\u00e4rmt einen Ball, der sich noch im Spielfeld befindet, gibt es eine gelbe Karte  direkten Freisto\u00df (im Strafraum Elfmeter). <br>Wenn k\u00fcnftig bei diesen Aktionen keine Absicht erkennbar ist (etwa, wenn durch Einwechselspieler auf der Torlinie ein unereichbarer Ball gestoppt wird, um ihn schnell an den Torwart zu geben), ist <strong>keine pers\u00f6nliche Strafe<\/strong> mehr vorgesehen und es wird auf <strong>indirekten Freisto\u00df<\/strong> entschieden.<\/p>\n\n\n\n<p>Beim Elfmetern gehen liebe Gr\u00fc\u00dfe an Juli\u00e1n \u00c1lvarez: Wenn k\u00fcnftig ein Sch\u00fctze den Ball bei der Ausf\u00fchrung versehentlich zweimal ber\u00fchrt (z.B. durch Anschie\u00dfen des Standbeins) <span style=\"text-decoration: underline;\">und<\/span> erzielt dennoch ein Tor, wird der <strong>Elfmeter wiederholt<\/strong> und nicht mehr auf indirekten Freisto\u00df f\u00fcr das gegnerische Team entschieden. Wird der <strong>Doppelber\u00fchrungselfmeter <\/strong>allerdings verschossen, gibt es weiterhin keine zweite Chance und wie bisher indirekten Freisto\u00df. So die \u00c4nderung in <strong>Regel 14 (&#8222;Strafsto\u00df&#8220;)<\/strong>.<\/p>\n\n\n\n<p><strong>Schiedsrichterb\u00e4lle<\/strong> werden jetzt ausnahmslos dort ausgef\u00fchrt, wo sich Ball bei der Spielunterbrechung befand. Ballbesitz erh\u00e4lt k\u00fcnftig die Mannschaft, die in Ballbesitz war oder erkennbar gekommen w\u00e4re. Bisher war der letzte Ballkontakt entscheidend. Ausgenommen von der \u00c4nderung in <strong>Regel 8 (Beginn und Fortsetzung des Spiels&#8220;) <\/strong>bleibt nat\u00fcrlich der Schiedsrichterball im Strafraum, der immer mit dem Torh\u00fcter der verteidigenden Mannschaft durchgef\u00fchrt wird. <\/p>\n\n\n\n<p>Und zu guter Letzt ist der inzwischen bekannte Kapit\u00e4nsdialog nun offiziell in <strong>Regel 3 (&#8222;Spieler&#8220;)<\/strong> mit aufgef\u00fchrt. In Deutschland ist das aber keine \u00c4nderung, weil dieser bereits seit dem erfolgreichen Test bei der letzten M\u00e4nner-Euro Anwendung in allen Spielklassen findet und vielerorts Meckerbedarf aus dem Spiel nimmt.<\/p>\n\n\n\n<p>Apropos Meckerbedarf: Hier kommen die Ansetzungen f\u00fcr die n\u00e4chsten Tage, inklusive Finale der Klub-WM: <\/p>\n\n\n\n<h4 class=\"wp-block-heading\">Die Ansetzungen vom Donnerstag, 10. Juli 2025 bis Dienstag, 15. Juli 2025:<\/h4>\n\n\n\n<hr class=\"wp-block-separator has-alpha-channel-opacity\"\/>\n\n\n\n<p><strong>UEFA Women&#8217;s Euro 2025, Gruppenphase, 3. Spieltag (ARD\/ZDF\/DAZN)<\/strong><\/p>\n\n\n\n<p><span style=\"text-decoration: underline;\">Donnerstag, 10. Juli 2025, ab 20.15 Uhr (ZDF) bzw. 21.00 Uhr (DAZN)<\/span><\/p>\n\n\n\n<p><em><strong>Finnland&nbsp;\u2013 Schweiz&nbsp;(21.00 Uhr)<\/strong><\/em><\/p>\n\n\n\n<p><img loading=\"lazy\" decoding=\"async\" width=\"10\" height=\"21\" srcset=\"https:\/\/kommentatorenblog.de\/wp-content\/uploads\/2020\/09\/shure-55sh-ii-e1601485394796.jpg 415w, https:\/\/kommentatorenblog.de\/wp-content\/uploads\/2020\/09\/shure-55sh-ii-e1601485394796-142x300.jpg 142w\" src=\"http:\/\/kommentatorenblog.de\/wp-content\/uploads\/2020\/09\/shure-55sh-ii-e1601485394796.jpg\" alt=\"\">&nbsp;<em>ZDF: <\/em>Claudia Neumann<br>Field-Reporterin: Lili Engels<br>Moderation (<em>ZDF<\/em>): Sven Voss, Expertin: Kathrin Lehmann, G\u00e4stin: Gisa Flake<\/p>\n\n\n\n<p><img loading=\"lazy\" decoding=\"async\" width=\"10\" height=\"21\" srcset=\"https:\/\/kommentatorenblog.de\/wp-content\/uploads\/2020\/09\/shure-55sh-ii-e1601485394796.jpg 415w, https:\/\/kommentatorenblog.de\/wp-content\/uploads\/2020\/09\/shure-55sh-ii-e1601485394796-142x300.jpg 142w\" src=\"http:\/\/kommentatorenblog.de\/wp-content\/uploads\/2020\/09\/shure-55sh-ii-e1601485394796.jpg\" alt=\"\">&nbsp;<em>DAZN: <\/em>Patrick Gerspacher<\/p>\n\n\n\n<p><span style=\"text-decoration: underline;\">ab 20.50 Uhr (zdf.de) bzw. 21.00 Uhr (DAZN)<\/span><\/p>\n\n\n\n<p><em><strong>Norwegen \u2013 Island (21.00 Uhr)<\/strong><\/em><\/p>\n\n\n\n<p><img loading=\"lazy\" decoding=\"async\" width=\"10\" height=\"21\" srcset=\"https:\/\/kommentatorenblog.de\/wp-content\/uploads\/2020\/09\/shure-55sh-ii-e1601485394796.jpg 415w, https:\/\/kommentatorenblog.de\/wp-content\/uploads\/2020\/09\/shure-55sh-ii-e1601485394796-142x300.jpg 142w\" src=\"http:\/\/kommentatorenblog.de\/wp-content\/uploads\/2020\/09\/shure-55sh-ii-e1601485394796.jpg\" alt=\"\">&nbsp;<em>zdf.de: <\/em>Gari Paubandt (Einzelspiel)<br>Konferenz-Schalten ins Hauptprogramm: Norbert Galeske<\/p>\n\n\n\n<p><img loading=\"lazy\" decoding=\"async\" width=\"10\" height=\"21\" srcset=\"https:\/\/kommentatorenblog.de\/wp-content\/uploads\/2020\/09\/shure-55sh-ii-e1601485394796.jpg 415w, https:\/\/kommentatorenblog.de\/wp-content\/uploads\/2020\/09\/shure-55sh-ii-e1601485394796-142x300.jpg 142w\" src=\"http:\/\/kommentatorenblog.de\/wp-content\/uploads\/2020\/09\/shure-55sh-ii-e1601485394796.jpg\" alt=\"\">&nbsp;<em>DAZN: <\/em>Oliver Fa\u00dfnacht<\/p>\n\n\n\n<p><span style=\"text-decoration: underline;\">Freitag, 11. Juli 2025, ab 20.15 Uhr (ARD) bzw. 21.00 Uhr (DAZN)<\/span><\/p>\n\n\n\n<p><em><strong>Italien&nbsp;\u2013 Spanien (21.00 Uhr)<\/strong><\/em><\/p>\n\n\n\n<p><img loading=\"lazy\" decoding=\"async\" width=\"10\" height=\"21\" srcset=\"https:\/\/kommentatorenblog.de\/wp-content\/uploads\/2020\/09\/shure-55sh-ii-e1601485394796.jpg 415w, https:\/\/kommentatorenblog.de\/wp-content\/uploads\/2020\/09\/shure-55sh-ii-e1601485394796-142x300.jpg 142w\" src=\"http:\/\/kommentatorenblog.de\/wp-content\/uploads\/2020\/09\/shure-55sh-ii-e1601485394796.jpg\" alt=\"\">&nbsp;<em>ARD: <\/em>Christina Graf<br>Field-Reporterin: Ina Kast<br>Moderation (<em>ARD<\/em>): Claus Lufen, Expertin: Almuth Schult<\/p>\n\n\n\n<p><img loading=\"lazy\" decoding=\"async\" width=\"10\" height=\"21\" srcset=\"https:\/\/kommentatorenblog.de\/wp-content\/uploads\/2020\/09\/shure-55sh-ii-e1601485394796.jpg 415w, https:\/\/kommentatorenblog.de\/wp-content\/uploads\/2020\/09\/shure-55sh-ii-e1601485394796-142x300.jpg 142w\" src=\"http:\/\/kommentatorenblog.de\/wp-content\/uploads\/2020\/09\/shure-55sh-ii-e1601485394796.jpg\" alt=\"\">&nbsp;<em>DAZN: <\/em>Oliver Fa\u00dfnacht<\/p>\n\n\n\n<p><span style=\"text-decoration: underline;\">ab 20.50 Uhr (sportschau.de) bzw. 21.00 Uhr (DAZN)<\/span><\/p>\n\n\n\n<p><em><strong>Portugal \u2013 Belgien (21.00 Uhr)<\/strong><\/em><\/p>\n\n\n\n<p><img loading=\"lazy\" decoding=\"async\" width=\"10\" height=\"21\" srcset=\"https:\/\/kommentatorenblog.de\/wp-content\/uploads\/2020\/09\/shure-55sh-ii-e1601485394796.jpg 415w, https:\/\/kommentatorenblog.de\/wp-content\/uploads\/2020\/09\/shure-55sh-ii-e1601485394796-142x300.jpg 142w\" src=\"http:\/\/kommentatorenblog.de\/wp-content\/uploads\/2020\/09\/shure-55sh-ii-e1601485394796.jpg\" alt=\"\">&nbsp;<em>sportschau.de: <\/em>Bernd Schmelzer (Einzelspiel), Field-Reporter: Patrick Halatsch<br>Konferenz-Schalten ins Hauptprogramm: Benedikt Brinsa<\/p>\n\n\n\n<p><img loading=\"lazy\" decoding=\"async\" width=\"10\" height=\"21\" srcset=\"https:\/\/kommentatorenblog.de\/wp-content\/uploads\/2020\/09\/shure-55sh-ii-e1601485394796.jpg 415w, https:\/\/kommentatorenblog.de\/wp-content\/uploads\/2020\/09\/shure-55sh-ii-e1601485394796-142x300.jpg 142w\" src=\"http:\/\/kommentatorenblog.de\/wp-content\/uploads\/2020\/09\/shure-55sh-ii-e1601485394796.jpg\" alt=\"\">&nbsp;<em>DAZN: <\/em>Lukas Flottmeyer<\/p>\n\n\n\n<p><span style=\"text-decoration: underline;\">Samstag, 12. Juli 2025, ab 20.15 Uhr (ZDF) bzw. 20.30 Uhr (DAZN)<\/span><\/p>\n\n\n\n<p><em><strong>Schweden \u2013 Deutschland (21.00 Uhr)<\/strong><\/em><\/p>\n\n\n\n<p><img loading=\"lazy\" decoding=\"async\" width=\"10\" height=\"21\" srcset=\"https:\/\/kommentatorenblog.de\/wp-content\/uploads\/2020\/09\/shure-55sh-ii-e1601485394796.jpg 415w, https:\/\/kommentatorenblog.de\/wp-content\/uploads\/2020\/09\/shure-55sh-ii-e1601485394796-142x300.jpg 142w\" src=\"http:\/\/kommentatorenblog.de\/wp-content\/uploads\/2020\/09\/shure-55sh-ii-e1601485394796.jpg\" alt=\"\">&nbsp;<em>ZDF: <\/em>Claudia Neumann<br>Field-Reporter:in: Johanna R\u00fcdiger, Hermann Valkyser<br>Moderation Stadion (<em>ZDF<\/em>): Katja Streso, Expertin: Fritzy Kromp<br>Moderation Studio (<em>ZDF<\/em>): Sven Voss, Expertin: Kathrin Lehmann<\/p>\n\n\n\n<p><img loading=\"lazy\" decoding=\"async\" width=\"10\" height=\"21\" srcset=\"https:\/\/kommentatorenblog.de\/wp-content\/uploads\/2020\/09\/shure-55sh-ii-e1601485394796.jpg 415w, https:\/\/kommentatorenblog.de\/wp-content\/uploads\/2020\/09\/shure-55sh-ii-e1601485394796-142x300.jpg 142w\" src=\"http:\/\/kommentatorenblog.de\/wp-content\/uploads\/2020\/09\/shure-55sh-ii-e1601485394796.jpg\" alt=\"\">&nbsp;<em>DAZN: <\/em>Christoph Fetzer, Expertin: Turid Knaak<\/p>\n\n\n\n<p><span style=\"text-decoration: underline;\">ab 20.50 Uhr (zdf.de) bzw. 21.00 Uhr (DAZN)<\/span><\/p>\n\n\n\n<p><em><strong>Polen \u2013 D\u00e4nemark (21.00 Uhr)<\/strong><\/em><\/p>\n\n\n\n<p><img loading=\"lazy\" decoding=\"async\" width=\"10\" height=\"21\" srcset=\"https:\/\/kommentatorenblog.de\/wp-content\/uploads\/2020\/09\/shure-55sh-ii-e1601485394796.jpg 415w, https:\/\/kommentatorenblog.de\/wp-content\/uploads\/2020\/09\/shure-55sh-ii-e1601485394796-142x300.jpg 142w\" src=\"http:\/\/kommentatorenblog.de\/wp-content\/uploads\/2020\/09\/shure-55sh-ii-e1601485394796.jpg\" alt=\"\">&nbsp;<em>zdf.de: <\/em>Gari Paubandt<\/p>\n\n\n\n<p><img loading=\"lazy\" decoding=\"async\" width=\"10\" height=\"21\" srcset=\"https:\/\/kommentatorenblog.de\/wp-content\/uploads\/2020\/09\/shure-55sh-ii-e1601485394796.jpg 415w, https:\/\/kommentatorenblog.de\/wp-content\/uploads\/2020\/09\/shure-55sh-ii-e1601485394796-142x300.jpg 142w\" src=\"http:\/\/kommentatorenblog.de\/wp-content\/uploads\/2020\/09\/shure-55sh-ii-e1601485394796.jpg\" alt=\"\">&nbsp;<em>DAZN: <\/em>Michael Brandes<\/p>\n\n\n\n<p><span style=\"text-decoration: underline;\">Sonntag, 13. Juli 2025, ab 20.15 Uhr (ARD) bzw. 21.00 Uhr (DAZN)<\/span><\/p>\n\n\n\n<p><em><strong>Niederlande \u2013 Frankreich (21.00 Uhr)<\/strong><\/em><\/p>\n\n\n\n<p><img loading=\"lazy\" decoding=\"async\" width=\"10\" height=\"21\" srcset=\"https:\/\/kommentatorenblog.de\/wp-content\/uploads\/2020\/09\/shure-55sh-ii-e1601485394796.jpg 415w, https:\/\/kommentatorenblog.de\/wp-content\/uploads\/2020\/09\/shure-55sh-ii-e1601485394796-142x300.jpg 142w\" src=\"http:\/\/kommentatorenblog.de\/wp-content\/uploads\/2020\/09\/shure-55sh-ii-e1601485394796.jpg\" alt=\"\">&nbsp;<em>ARD: <\/em>Bernd Schmelzer<br>Field-Reporter: Patrick Halatsch<br>Moderation (<em>ARD<\/em>): Claus Lufen, Expertin: Almuth Schult<\/p>\n\n\n\n<p><img loading=\"lazy\" decoding=\"async\" width=\"10\" height=\"21\" srcset=\"https:\/\/kommentatorenblog.de\/wp-content\/uploads\/2020\/09\/shure-55sh-ii-e1601485394796.jpg 415w, https:\/\/kommentatorenblog.de\/wp-content\/uploads\/2020\/09\/shure-55sh-ii-e1601485394796-142x300.jpg 142w\" src=\"http:\/\/kommentatorenblog.de\/wp-content\/uploads\/2020\/09\/shure-55sh-ii-e1601485394796.jpg\" alt=\"\">&nbsp;<em>DAZN: <\/em>Lukas Flottmeyer<\/p>\n\n\n\n<p><span style=\"text-decoration: underline;\">ab 20.50 Uhr (sportschau.de) bzw. 21.00 Uhr (DAZN)<\/span><\/p>\n\n\n\n<p><em><strong>England \u2013 Wales (21.00 Uhr)<\/strong><\/em><\/p>\n\n\n\n<p><img loading=\"lazy\" decoding=\"async\" width=\"10\" height=\"21\" srcset=\"https:\/\/kommentatorenblog.de\/wp-content\/uploads\/2020\/09\/shure-55sh-ii-e1601485394796.jpg 415w, https:\/\/kommentatorenblog.de\/wp-content\/uploads\/2020\/09\/shure-55sh-ii-e1601485394796-142x300.jpg 142w\" src=\"http:\/\/kommentatorenblog.de\/wp-content\/uploads\/2020\/09\/shure-55sh-ii-e1601485394796.jpg\" alt=\"\">&nbsp;<em>sportschau.de: <\/em>Stephanie Baczyk (Einzelspiel)<br>Field-Reporterin: Ina Kast<br>Konferenz-Schalten ins Hauptprogramm: Benedikt Brinsa<\/p>\n\n\n\n<p><img loading=\"lazy\" decoding=\"async\" width=\"10\" height=\"21\" srcset=\"https:\/\/kommentatorenblog.de\/wp-content\/uploads\/2020\/09\/shure-55sh-ii-e1601485394796.jpg 415w, https:\/\/kommentatorenblog.de\/wp-content\/uploads\/2020\/09\/shure-55sh-ii-e1601485394796-142x300.jpg 142w\" src=\"http:\/\/kommentatorenblog.de\/wp-content\/uploads\/2020\/09\/shure-55sh-ii-e1601485394796.jpg\" alt=\"\">&nbsp;<em>DAZN: <\/em>Matthias Naebers<\/p>\n\n\n\n<hr class=\"wp-block-separator has-alpha-channel-opacity\"\/>\n\n\n\n<p><strong>FIFA Klub-Weltmeisterschaft, Finale (DAZN\/Sat.1)<\/strong><\/p>\n\n\n\n<p><span style=\"text-decoration: underline;\">Sonntag, 13. Juli 2025, ab 20.00 Uhr (DAZN) bzw. ab 20.15 Uhr (Sat.1)<\/span><\/p>\n\n\n\n<p><em><strong>FC Chelsea&nbsp;<\/strong>(ENG)<strong>&nbsp;\u2013 Paris Saint-Germain<\/strong><\/em>&nbsp;<em>(FRA)<strong>&nbsp;(21.00 Uhr)<\/strong><\/em><\/p>\n\n\n\n<p><img loading=\"lazy\" decoding=\"async\" width=\"10\" height=\"21\" srcset=\"https:\/\/kommentatorenblog.de\/wp-content\/uploads\/2020\/09\/shure-55sh-ii-e1601485394796.jpg 415w, https:\/\/kommentatorenblog.de\/wp-content\/uploads\/2020\/09\/shure-55sh-ii-e1601485394796-142x300.jpg 142w\" src=\"http:\/\/kommentatorenblog.de\/wp-content\/uploads\/2020\/09\/shure-55sh-ii-e1601485394796.jpg\" alt=\"\">&nbsp;<em>DAZN: <\/em>Chris Putz, Experte: Tobias Schweinsteiger<br>Moderation<em> <\/em>Stadion (<em>DAZN<\/em>): Andres Veredas, Experte: Sami Khedira<br>Moderation Studio (<em>DAZN<\/em>): Freddy Harder<\/p>\n\n\n\n<p><img loading=\"lazy\" decoding=\"async\" width=\"10\" height=\"21\" srcset=\"https:\/\/kommentatorenblog.de\/wp-content\/uploads\/2020\/09\/shure-55sh-ii-e1601485394796.jpg 415w, https:\/\/kommentatorenblog.de\/wp-content\/uploads\/2020\/09\/shure-55sh-ii-e1601485394796-142x300.jpg 142w\" src=\"http:\/\/kommentatorenblog.de\/wp-content\/uploads\/2020\/09\/shure-55sh-ii-e1601485394796.jpg\" alt=\"\">&nbsp;<em>Sat.1: <\/em>Franz B\u00fcchner, Experte: Markus Babbel<br>Moderation<em> <\/em>(<em>Sat.1<\/em>): Matthias Opdenh\u00f6vel<\/p>\n\n\n\n<hr class=\"wp-block-separator has-alpha-channel-opacity\"\/>\n\n\n\n<p><strong>Scottish League Cup <\/strong>(SCO)<strong>, Gruppenphase, 1. Spieltag (Sportdigital)<\/strong><\/p>\n\n\n\n<p><span style=\"text-decoration: underline;\">Samstag, 12. Juli 2025<\/span><\/p>\n\n\n\n<p><em><strong>Heart of Midlothian&nbsp;\u2013 Dunfermline Athletic<\/strong><\/em><em><strong>&nbsp;(18.15 Uhr)<\/strong><\/em><br><img loading=\"lazy\" decoding=\"async\" width=\"10\" height=\"21\" srcset=\"https:\/\/kommentatorenblog.de\/wp-content\/uploads\/2020\/09\/shure-55sh-ii-e1601485394796.jpg 415w, https:\/\/kommentatorenblog.de\/wp-content\/uploads\/2020\/09\/shure-55sh-ii-e1601485394796-142x300.jpg 142w\" src=\"http:\/\/kommentatorenblog.de\/wp-content\/uploads\/2020\/09\/shure-55sh-ii-e1601485394796.jpg\" alt=\"\">&nbsp;Karsten Linke<\/p>\n\n\n\n<hr class=\"wp-block-separator has-alpha-channel-opacity\"\/>\n\n\n\n<p><strong>CONMEBOL Sudamericana, Playoff-Runde, Hin (Sportdigital)<\/strong><\/p>\n\n\n\n<p><span style=\"text-decoration: underline;\">Mittwoch, 16. Juli 2025<\/span><\/p>\n\n\n\n<p><em><strong>Central Cordoba <\/strong>(ARG)<strong>&nbsp;\u2013 Cerro Largo <\/strong>(URU)<strong>&nbsp;(00.00 Uhr)<\/strong><\/em><br><img loading=\"lazy\" decoding=\"async\" width=\"10\" height=\"21\" srcset=\"https:\/\/kommentatorenblog.de\/wp-content\/uploads\/2020\/09\/shure-55sh-ii-e1601485394796.jpg 415w, https:\/\/kommentatorenblog.de\/wp-content\/uploads\/2020\/09\/shure-55sh-ii-e1601485394796-142x300.jpg 142w\" src=\"http:\/\/kommentatorenblog.de\/wp-content\/uploads\/2020\/09\/shure-55sh-ii-e1601485394796.jpg\" alt=\"\">&nbsp;Moritz Knorr<\/p>\n\n\n\n<p><em><strong>Independiente del Valle <\/strong>(ECU)<strong> <em><strong>\u2013<\/strong><\/em> CR Vasco da Gama <\/strong>(BRA)<strong>&nbsp;(02.30 Uhr)<\/strong><\/em><br><img loading=\"lazy\" decoding=\"async\" width=\"10\" height=\"21\" srcset=\"https:\/\/kommentatorenblog.de\/wp-content\/uploads\/2020\/09\/shure-55sh-ii-e1601485394796.jpg 415w, https:\/\/kommentatorenblog.de\/wp-content\/uploads\/2020\/09\/shure-55sh-ii-e1601485394796-142x300.jpg 142w\" src=\"http:\/\/kommentatorenblog.de\/wp-content\/uploads\/2020\/09\/shure-55sh-ii-e1601485394796.jpg\" alt=\"\">&nbsp;Christian Blunck<\/p>\n\n\n\n<hr class=\"wp-block-separator has-alpha-channel-opacity\"\/>\n\n\n\n<p><strong><strong>Campeonato Brasileiro<\/strong> <\/strong>(BRA)<strong>, 13. Spieltag (Sportdigital)<\/strong><\/p>\n\n\n\n<p><span style=\"text-decoration: underline;\">Samstag, 12. Juli 2025<\/span><\/p>\n\n\n\n<p><em><strong>Internacional Porto Alegre&nbsp;\u2013 EC Vit\u00f3ria<\/strong><\/em><em><strong>&nbsp;(21.30 Uhr)<\/strong><\/em><br><img loading=\"lazy\" decoding=\"async\" width=\"10\" height=\"21\" srcset=\"https:\/\/kommentatorenblog.de\/wp-content\/uploads\/2020\/09\/shure-55sh-ii-e1601485394796.jpg 415w, https:\/\/kommentatorenblog.de\/wp-content\/uploads\/2020\/09\/shure-55sh-ii-e1601485394796-142x300.jpg 142w\" src=\"http:\/\/kommentatorenblog.de\/wp-content\/uploads\/2020\/09\/shure-55sh-ii-e1601485394796.jpg\" alt=\"\">&nbsp;Marvin Kirsch<\/p>\n\n\n\n<p><em><strong>CR Vasco da Gama&nbsp;\u2013 Botafogo FR<\/strong><\/em><em><strong>&nbsp;(23.30 Uhr)<\/strong><\/em><br><img loading=\"lazy\" decoding=\"async\" width=\"10\" height=\"21\" srcset=\"https:\/\/kommentatorenblog.de\/wp-content\/uploads\/2020\/09\/shure-55sh-ii-e1601485394796.jpg 415w, https:\/\/kommentatorenblog.de\/wp-content\/uploads\/2020\/09\/shure-55sh-ii-e1601485394796-142x300.jpg 142w\" src=\"http:\/\/kommentatorenblog.de\/wp-content\/uploads\/2020\/09\/shure-55sh-ii-e1601485394796.jpg\" alt=\"\">&nbsp;Martin Hahn<\/p>\n\n\n\n<p><span style=\"text-decoration: underline;\">Montag, 14. Juli 2025<\/span><\/p>\n\n\n\n<p><em><strong>Corinthians S\u00e3o Paulo&nbsp;\u2013 <strong>CA Bragantino<\/strong>&nbsp;(00.00 Uhr)<\/strong><\/em><br><img loading=\"lazy\" decoding=\"async\" width=\"10\" height=\"21\" srcset=\"https:\/\/kommentatorenblog.de\/wp-content\/uploads\/2020\/09\/shure-55sh-ii-e1601485394796.jpg 415w, https:\/\/kommentatorenblog.de\/wp-content\/uploads\/2020\/09\/shure-55sh-ii-e1601485394796-142x300.jpg 142w\" src=\"http:\/\/kommentatorenblog.de\/wp-content\/uploads\/2020\/09\/shure-55sh-ii-e1601485394796.jpg\" alt=\"\">&nbsp;Christian Blunck<\/p>\n\n\n\n<hr class=\"wp-block-separator has-alpha-channel-opacity\"\/>\n\n\n\n<p><strong><strong>Liga Profesional<\/strong> <\/strong>(ARG)<strong>, Clausura, 1. Spieltag (Sportdigital)<\/strong><\/p>\n\n\n\n<p><span style=\"text-decoration: underline;\">Sonntag, 13. Juli 2025<\/span><\/p>\n\n\n\n<p><em><strong>Racing Club de Avellaneda&nbsp;\u2013 CA Barracas Central&nbsp;(01.45 Uhr)<\/strong><\/em><br><img loading=\"lazy\" decoding=\"async\" width=\"10\" height=\"21\" srcset=\"https:\/\/kommentatorenblog.de\/wp-content\/uploads\/2020\/09\/shure-55sh-ii-e1601485394796.jpg 415w, https:\/\/kommentatorenblog.de\/wp-content\/uploads\/2020\/09\/shure-55sh-ii-e1601485394796-142x300.jpg 142w\" src=\"http:\/\/kommentatorenblog.de\/wp-content\/uploads\/2020\/09\/shure-55sh-ii-e1601485394796.jpg\" alt=\"\">&nbsp;Marcus Radefeld<\/p>\n\n\n\n<p><span style=\"text-decoration: underline;\">Montag, 14. Juli 2025<\/span><\/p>\n\n\n\n<p><em><strong>CA River Plate&nbsp;\u2013 CA Platense&nbsp;(02.00 Uhr)<\/strong><\/em><br><img loading=\"lazy\" decoding=\"async\" width=\"10\" height=\"21\" srcset=\"https:\/\/kommentatorenblog.de\/wp-content\/uploads\/2020\/09\/shure-55sh-ii-e1601485394796.jpg 415w, https:\/\/kommentatorenblog.de\/wp-content\/uploads\/2020\/09\/shure-55sh-ii-e1601485394796-142x300.jpg 142w\" src=\"http:\/\/kommentatorenblog.de\/wp-content\/uploads\/2020\/09\/shure-55sh-ii-e1601485394796.jpg\" alt=\"\">&nbsp;Jakob Vogel<\/p>\n\n\n\n<hr class=\"wp-block-separator has-alpha-channel-opacity\"\/>\n\n\n\n<p><strong>Testspiele<\/strong><\/p>\n\n\n\n<p><span style=\"text-decoration: underline;\">Freitag, 11. Juli 2025 (MDR-Livestream)<\/span><\/p>\n\n\n\n<p><em><strong>SpVgg Bayreuth <\/strong>(GER)<strong> \u2013 <\/strong><\/em><strong><em>FC Erzgebirge Aue<\/em><\/strong><em><strong> <\/strong>(GER)<strong>&nbsp;(15.30 Uhr)<\/strong><\/em><br><img loading=\"lazy\" decoding=\"async\" width=\"10\" height=\"21\" srcset=\"https:\/\/kommentatorenblog.de\/wp-content\/uploads\/2020\/09\/shure-55sh-ii-e1601485394796.jpg 415w, https:\/\/kommentatorenblog.de\/wp-content\/uploads\/2020\/09\/shure-55sh-ii-e1601485394796-142x300.jpg 142w\" src=\"http:\/\/kommentatorenblog.de\/wp-content\/uploads\/2020\/09\/shure-55sh-ii-e1601485394796.jpg\" alt=\"\">&nbsp;J\u00f6rg R\u00f6hrig<\/p>\n\n\n\n<p><span style=\"text-decoration: underline;\">Samstag, 12. Juli 2025, ab <s>15.45<\/s> 16.00 Uhr (Sky\/sport.sky.de)<\/span><\/p>\n\n\n\n<p><em><strong>FC Kopenhagen&nbsp;<\/strong>(DEN)<strong>&nbsp;\u2013 Hamburger SV<\/strong><\/em>&nbsp;<em>(GER)<strong>&nbsp;(<s>16.00<\/s> 16.15 Uhr)<\/strong><\/em><br><img loading=\"lazy\" decoding=\"async\" width=\"10\" height=\"21\" srcset=\"https:\/\/kommentatorenblog.de\/wp-content\/uploads\/2020\/09\/shure-55sh-ii-e1601485394796.jpg 415w, https:\/\/kommentatorenblog.de\/wp-content\/uploads\/2020\/09\/shure-55sh-ii-e1601485394796-142x300.jpg 142w\" src=\"http:\/\/kommentatorenblog.de\/wp-content\/uploads\/2020\/09\/shure-55sh-ii-e1601485394796.jpg\" alt=\"\">&nbsp;Timo Sch\u00e4fers<br>Moderation: Sven T\u00f6llner<\/p>\n\n\n\n<p><span style=\"text-decoration: underline;\">Sonntag, 13. Juli 2025 (Sportdigital)<\/span><\/p>\n\n\n\n<p><strong style=\"font-style: italic;\">Preston North End<\/strong><i> (ENG)<\/i><strong style=\"\"><i>&nbsp;\u2013 FC Liv<\/i><\/strong><em><strong>erpool <\/strong><\/em><em>(ENG)<strong>&nbsp;(16.00 Uhr)<\/strong><\/em><br><img loading=\"lazy\" decoding=\"async\" width=\"10\" height=\"21\" srcset=\"https:\/\/kommentatorenblog.de\/wp-content\/uploads\/2020\/09\/shure-55sh-ii-e1601485394796.jpg 415w, https:\/\/kommentatorenblog.de\/wp-content\/uploads\/2020\/09\/shure-55sh-ii-e1601485394796-142x300.jpg 142w\" src=\"http:\/\/kommentatorenblog.de\/wp-content\/uploads\/2020\/09\/shure-55sh-ii-e1601485394796.jpg\" alt=\"\">&nbsp;Jonathan Dreier<\/p>\n\n\n\n<p><span style=\"text-decoration: underline;\">Dienstag, 15. Juli 2025, ab 11.20 Uhr (Sky)<\/span><\/p>\n\n\n\n<p><strong style=\"font-style: italic;\">AFC Wrexham<\/strong><i> (ENG)<\/i><strong style=\"\"><i>&nbsp;\u2013 <\/i><\/strong><em><strong>Sydney FC <\/strong>(AUS)<strong>&nbsp;(11.30 Uhr)<\/strong><\/em><br><img loading=\"lazy\" decoding=\"async\" width=\"10\" height=\"21\" srcset=\"https:\/\/kommentatorenblog.de\/wp-content\/uploads\/2020\/09\/shure-55sh-ii-e1601485394796.jpg 415w, https:\/\/kommentatorenblog.de\/wp-content\/uploads\/2020\/09\/shure-55sh-ii-e1601485394796-142x300.jpg 142w\" src=\"http:\/\/kommentatorenblog.de\/wp-content\/uploads\/2020\/09\/shure-55sh-ii-e1601485394796.jpg\" alt=\"\">&nbsp;Dominik M\u00fcller<\/p>\n\n\n\n<p><span style=\"text-decoration: underline;\">ab 17.53 Uhr (ServusTV On)<\/span><\/p>\n\n\n\n<p><strong style=\"font-style: italic;\">FC <\/strong><strong><em>Salz<i>burg<\/i><\/em><\/strong><i> (AUT)<\/i><strong style=\"\"><i>&nbsp;\u2013 <\/i><\/strong><em><strong>Qarabag FK <\/strong><\/em><em>(AZE)<strong>&nbsp;(18.00 Uhr)<\/strong><\/em><br><img loading=\"lazy\" decoding=\"async\" width=\"10\" height=\"21\" srcset=\"https:\/\/kommentatorenblog.de\/wp-content\/uploads\/2020\/09\/shure-55sh-ii-e1601485394796.jpg 415w, https:\/\/kommentatorenblog.de\/wp-content\/uploads\/2020\/09\/shure-55sh-ii-e1601485394796-142x300.jpg 142w\" src=\"http:\/\/kommentatorenblog.de\/wp-content\/uploads\/2020\/09\/shure-55sh-ii-e1601485394796.jpg\" alt=\"\">&nbsp;Kevin Piticev<\/p>\n\n\n\n<p><span style=\"text-decoration: underline;\">ab 19.00 Uhr (Leagues)<\/span><\/p>\n\n\n\n<p><i><strong>Stuttgarter Kickers<\/strong> (GER)<\/i><strong style=\"\"><i>\u00a0\u2013 <\/i><\/strong><em><strong>Notts County<\/strong><\/em><em><strong> <\/strong>(ENG)<strong>\u00a0(19.00 Uhr)<\/strong><\/em><br><img loading=\"lazy\" decoding=\"async\" width=\"10\" height=\"21\" srcset=\"https:\/\/kommentatorenblog.de\/wp-content\/uploads\/2020\/09\/shure-55sh-ii-e1601485394796.jpg 415w, https:\/\/kommentatorenblog.de\/wp-content\/uploads\/2020\/09\/shure-55sh-ii-e1601485394796-142x300.jpg 142w\" src=\"http:\/\/kommentatorenblog.de\/wp-content\/uploads\/2020\/09\/shure-55sh-ii-e1601485394796.jpg\" alt=\"\">\u00a0Hendrik Scheler &amp; Clemens Mauksch<\/p>\n\n\n\n<hr class=\"wp-block-separator has-alpha-channel-opacity\"\/>\n","protected":false},"excerpt":{"rendered":"<p>N&#8217;Abend allerseits, auch wenn aktuell die wohl als Flop zu bezeichnende Klub-WM (KI-Fans lassen gr\u00fc\u00dfen) noch l\u00e4uft, befinden wir uns offiziell seit vergangenem Dienstag in der neuen Saison 2025\/26. Und neue Spielzeiten bringen wie gewohnt Ver\u00e4nderungen im Regelwerk mit sich. Entsprechend hatte ich als Schiedsrichter auch schon Eins\u00e4tze mit den \u00c4nderungen, die ich in diesem [&hellip;]<\/p>\n","protected":false},"author":12,"featured_media":0,"comment_status":"open","ping_status":"open","sticky":false,"template":"","format":"standard","meta":{"footnotes":""},"categories":[1343],"tags":[],"class_list":["post-22160","post","type-post","status-publish","format-standard","hentry","category-em-2025"],"_links":{"self":[{"href":"https:\/\/kommentatorenblog.de\/index.php?rest_route=\/wp\/v2\/posts\/22160","targetHints":{"allow":["GET"]}}],"collection":[{"href":"https:\/\/kommentatorenblog.de\/index.php?rest_route=\/wp\/v2\/posts"}],"about":[{"href":"https:\/\/kommentatorenblog.de\/index.php?rest_route=\/wp\/v2\/types\/post"}],"author":[{"embeddable":true,"href":"https:\/\/kommentatorenblog.de\/index.php?rest_route=\/wp\/v2\/users\/12"}],"replies":[{"embeddable":true,"href":"https:\/\/kommentatorenblog.de\/index.php?rest_route=%2Fwp%2Fv2%2Fcomments&post=22160"}],"version-history":[{"count":29,"href":"https:\/\/kommentatorenblog.de\/index.php?rest_route=\/wp\/v2\/posts\/22160\/revisions"}],"predecessor-version":[{"id":22228,"href":"https:\/\/kommentatorenblog.de\/index.php?rest_route=\/wp\/v2\/posts\/22160\/revisions\/22228"}],"wp:attachment":[{"href":"https:\/\/kommentatorenblog.de\/index.php?rest_route=%2Fwp%2Fv2%2Fmedia&parent=22160"}],"wp:term":[{"taxonomy":"category","embeddable":true,"href":"https:\/\/kommentatorenblog.de\/index.php?rest_route=%2Fwp%2Fv2%2Fcategories&post=22160"},{"taxonomy":"post_tag","embeddable":true,"href":"https:\/\/kommentatorenblog.de\/index.php?rest_route=%2Fwp%2Fv2%2Ftags&post=22160"}],"curies":[{"name":"wp","href":"https:\/\/api.w.org\/{rel}","templated":true}]}}