{"id":227,"date":"2019-08-29T17:30:30","date_gmt":"2019-08-29T17:30:30","guid":{"rendered":"http:\/\/kommentatorenblog.de\/?p=227"},"modified":"2020-12-30T16:05:23","modified_gmt":"2020-12-30T16:05:23","slug":"1012-blackout-rule","status":"publish","type":"post","link":"https:\/\/kommentatorenblog.de\/?p=227","title":{"rendered":"1012 \u2013 &#8222;Blackout Rule&#8220;"},"content":{"rendered":"\n<p>Der neue Eintrag zu den L\u00e4nderspielen folgt Mittwoch. Eine aktuelle Ansetzung lautet wie folgt <\/p>\n\n\n\n<p>EM-Qualifikation der Frauen <\/p>\n\n\n\n<p><strong><em>Ukraine &#8211; Deutschland (16.00 Uhr)<\/em><\/strong><\/p>\n\n\n\n<p>ZDF: Gari Paubandt <\/p>\n\n\n\n<p>Moderation (ZDF): Sven Voss <\/p>\n\n\n\n<p><\/p>\n\n\n\n<p>N\u2018Abend allerseits,<\/p>\n\n\n\n<p>&#8222;Englands Kick schwimmt in Geld&#8220;, &#8222;6,9 Milliarden Euro! Rekordvertrag f\u00fcr die Premier League&#8220;, &#8222;Englische Liga  kassiert ab wie nie&#8220;, &#8222;13,45 Millionen pro Premier-League-Spiel&#8220; &#8211; Schlagzeilen aus dem Februar 2015. Die Premier League hat einen neuen Rekordvertrag abgeschlossen und kassiert f\u00fcr die TV-Rechte von 2016 bis 2019 insgesamt 5,136 Milliarden Pfund &#8211; umgerechnet fast sieben Milliarden Euro. Die Summe bezieht sich wohlgemerkt nur auf die Live\u00fcbertragungen. Die Fernsehsender British Telecommunications (BT) und Sky, die sich einen Bieter-Wettstreit boten, teilten sich die Pakte auf, wobei Sky sich f\u00fcnf von sieben Paketen sicherte. Ab dieser Saison zeigt zudem der Internetriese Amazon jeweils 20 Spiele der englischen ersten Liga. Zus\u00e4tzlich kommen noch \u00fcber 2,5 Milliarden Euro durch die Auslandsvermarktung hinzu &#8211; soweit die Faktenlage. <\/p>\n\n\n\n<p>Wir machen nun einen Sprung ins Jahr 1960. Bob Lord, der damalige Vorsitzende des FC Burnley, \u00fcberzeugte die Chefs der Liga, dass samstagnachmittags kein Fu\u00dfball live im TV laufen d\u00fcrfe. Ziel der Idee: Fans sollen lieber ins Stadion gehen, als die Topspiele vom Wohnzimmer aus zu sehen. Au\u00dferdem darf immer nur ein Spiel pro Ansto\u00dfzeit \u00fcbertragen werden &#8211; Konferenz wie hierzulande &#8211; Fehlanzeige! <\/p>\n\n\n\n<p>Die sogenannte &#8222;Blackout Rule&#8220; existiert bis heute. Samstags darf zwischen 14.45 Uhr und 17.15 Uhr kein Fu\u00dfball live im Fernsehen gezeigt werden. Bl\u00f6d, dass die Hauptansto\u00dfzeit in Englands erster Liga Samstags um 16.00 Uhr ist. Hei\u00dft f\u00fcr dieses Wochenende beispielsweise folgendes: Die Partie des Meisters Manchester City gegen Brighton &amp; Hove Albion l\u00e4uft in England nicht live im TV. Sky Deutschland hingegen \u00fcbertr\u00e4gt live &#8211; Jogi Hebel hat die Ehre. Sky UKs einziges Livespiel am Samstag ist die Partie zwischen Burnley und Liverpool. Konkurrent BT zeigt das Spiel am Mittag zwischen dem FC Southampton und Manchester United. Insgesamt l\u00e4uft nur rund die H\u00e4lfte der 380 Saisonspiele im Fernsehen. Vor allem die Fans der kleineren Vereine leiden. Teams wie Norwich, Sheffield und Co. m\u00fcssen den Gro\u00dfteil ihrer Spiele am Samstag um 15 Uhr (englischer Zeit) spielen. Spiele der Vereine wie Liverpool, Arsenal, Chelsea, Tottenham und der beiden Klubs aus Manchester sind meist f\u00fcr andere Ansto\u00dfzeiten vorgesehen. Liverpool musste zum Beispiel letzte Saison nur sechs Mal am Samstagnachmittag ran. Absteiger Huddersfield bestritt \u00fcber zwei Drittel seiner Partien am Samstag um 15 Uhr. <\/p>\n\n\n\n<p>All diese Tatsachen stellen f\u00fcr viele Leser dieses Blogs keine Neuigkeit dar. Erw\u00e4hnenswert ist diese Regel dennoch. Insbesondere in den Zeiten, wo in Deutschland nach der letzten Rechteverteilung alle auf die Barrikaden gegangen sind beziehungsweise immer noch gehen, weil nicht mehr alle Bundesligaspiele bei einem Anbieter zu sehen sind. Die Vorstellung, dass nicht alle Spiele von Bayern oder Dortmund live im TV zu verfolgen sind, ist f\u00fcr Leute in meinem Alter unvorstellbar. Andere sind in den Zeiten mit &#8222;Sportschau&#8220;, &#8222;Anpfiff &#8211; die Fu\u00dfballshow&#8220; und &#8222;ran&#8220; aufgewachsen&#8230;<\/p>\n\n\n\n<p>Was denkt ihr \u00fcber die &#8222;Blackout Rule&#8220;? Wie lange wird diese Vorschrift noch &#8222;\u00fcberleben&#8220;? Ab in die Kommentare mit euren Meinungen!<\/p>\n\n\n\n<p> <\/p>\n\n\n\n<p><span style=\"text-decoration: underline;\">Die Ansetzungen vom 30. August 2019 bis zum 02. September 2019<\/span><\/p>\n\n\n\n<p><strong><em>1.Bundesliga, 3. Spieltag<\/em><\/strong><\/p>\n\n\n\n<p><span style=\"text-decoration: underline;\">Freitag, 30.08.2019, ab 20.15 Uhr (DAZN)<\/span><\/p>\n\n\n\n<p><strong><em>Borussia M\u00b4Gladbach \u2013 RB Leipzig 20.30 Uhr)<\/em><\/strong><\/p>\n\n\n\n<p>DAZN: Marco Hagemann (Kommentar), Sebastian Knei\u00dfl (Experte), Field-Reporter: Daniel Herzog<\/p>\n\n\n\n<p>Moderation (DAZN): Alex Schl\u00fcter<\/p>\n\n\n\n<p><span style=\"text-decoration: underline;\">Samstag, 31.08.2019, ab 14.00 Uhr (Sky)<\/span><\/p>\n\n\n\n<p><strong><em>FC Bayern M\u00fcnchen \u2013<\/em><\/strong> <strong><em>1. FSV Mainz 05 <\/em><\/strong><strong><em>(15.30 Uhr)<\/em><\/strong><\/p>\n\n\n\n<p>Sky: Wolff Fuss (Einzelspiel), Kai Dittmann (Konferenz), Field-Reporter: Patrick Wasserziehr <\/p>\n\n\n\n<p><strong><em>Bayer 04 Leverkusen \u2013 TSG 1899 Hoffenheim (15.30 Uhr)<\/em><\/strong><\/p>\n\n\n\n<p>Sky: Klaus Veltmann (Einzelspiel), Roland Evers (Konferenz), Field-Reporter: Britta Hofmann<\/p>\n\n\n\n<p><strong><em>SC Freiburg \u2013 1.FC K\u00f6ln (15.30 Uhr)<\/em><\/strong><\/p>\n\n\n\n<p>Sky: Hansi K\u00fcpper (Einzelspiel), Jonas Friedrich (Konferenz), Field-Reporter: Jens Westen<\/p>\n\n\n\n<p><strong><em>VfL Wolfsburg \u2013 SC Paderborn (15.30 Uhr)<\/em><\/strong><\/p>\n\n\n\n<p>Sky: Holger Pfandt (Einzelspiel), J\u00f6rg Dahlmann (Konferenz), Field-Reporter: Yannick Erkenbrecher<\/p>\n\n\n\n<p><strong><em>FC Schalke 04 \u2013 Hertha BSC Berlin (15.30 Uhr)<\/em><\/strong><\/p>\n\n\n\n<p>Sky: Marcus Lindemann (Einzelspiel), Tom Bayer (Konferenz), Field-Reporter: Michael Leopold <\/p>\n\n\n\n<p>Moderation (Sky): Jessica Libbertz, Experte: Didi Hamann<\/p>\n\n\n\n<p><span style=\"text-decoration: underline;\">ab 17.30 Uhr (Sky)<\/span><\/p>\n\n\n\n<p><strong><em>1.FC Union Berlin \u2013 Borussia Dortmund (18.30 Uhr)<\/em><\/strong><\/p>\n\n\n\n<p>Sky: Martin Gro\u00df (Kommentar), Field-Reporter: Ecki Heuser<\/p>\n\n\n\n<p>Moderation (Sky): Sebastian Hellmann, Experte: Lothar Matth\u00e4us<\/p>\n\n\n\n<p><span style=\"text-decoration: underline;\">Sonntag, 01.09..2019, ab 14.30 Uhr (Sky)<\/span><\/p>\n\n\n\n<p><strong><em>SV Werder Bremen \u2013 FC Augsburg (15.30 Uhr)<\/em><\/strong><\/p>\n\n\n\n<p>Sky: Michael Born (Kommentar), Field-Reporter: Marcus Lindemann<\/p>\n\n\n\n<p><span style=\"text-decoration: underline;\">ab 17.30 Uhr (Sky)<\/span><\/p>\n\n\n\n<p><strong><em>Eintracht Frankfurt \u2013 Fortuna D\u00fcsseldorf (18.00 Uhr)<\/em><\/strong><\/p>\n\n\n\n<p>Sky: Oliver Seidler, Field-Reporter: Ecki Heuser <\/p>\n\n\n\n<p>Moderation (Sky): Esther Sedlaczek, Experte: Ren\u00e9 Adler<\/p>\n\n\n\n<p><strong>2. Bundesliga, 5. Spieltag<\/strong><\/p>\n\n\n\n<p><span style=\"text-decoration: underline;\">Freitag, 30.08.2019, ab 18.00 Uhr (Sky)<\/span><\/p>\n\n\n\n<p><strong><em>SV Sandhausen \u2013 <\/em><\/strong> <strong><em>SV Darmstadt 98<\/em><\/strong> <strong><em>(18.30 Uhr)<\/em><\/strong><\/p>\n\n\n\n<p>Sky: J\u00f6rg Dahlmann <\/p>\n\n\n\n<p><strong><em>1.FC N\u00fcrnberg\u2013 1.FC Heidenheim (18.30 Uhr)<\/em><\/strong><\/p>\n\n\n\n<p>Sky: Sven Haist, Field-Reporter: Alexander Bonengel<\/p>\n\n\n\n<p>Moderation (Sky): Stefan Hempel&nbsp;<\/p>\n\n\n\n<p><span style=\"text-decoration: underline;\">Samstag, 31.08.2019, ab 12.30 Uhr (Sky)<\/span><\/p>\n\n\n\n<p><strong><em>SV Wehen Wiesbaden \u2013 SSV Jahn Regensburg (13.00 Uhr)<\/em><\/strong><\/p>\n\n\n\n<p>Sky: Ulli Potofski <\/p>\n\n\n\n<p><strong><em>Arminia Bielefeld \u2013 SpVgg Greuther F\u00fcrth (13.00 Uhr)<\/em><\/strong><\/p>\n\n\n\n<p>Sky: Florian Schmidt-Sommerfeld, Field-Reporter: Marco Wiefel<\/p>\n\n\n\n<p><strong><em>Dynamo Dresden \u2013 FC St. Pauli (13.00 Uhr)<\/em><\/strong><\/p>\n\n\n\n<p>Sky: Torsten Kunde <\/p>\n\n\n\n<p>Moderation (Sky): Peter Hardenacke<\/p>\n\n\n\n<p><span style=\"text-decoration: underline;\">Sonntag, 01.09.2019, ab 13.00 Uhr (Sky)<\/span><\/p>\n\n\n\n<p> <strong><em>Hamburger SV<\/em><\/strong> <strong><em> \u2013 Hannover 96 (13.30 Uhr)<\/em><\/strong><\/p>\n\n\n\n<p>Sky: J\u00f6rg Dahlmann, Field-Reporter: Sven T\u00f6llner <\/p>\n\n\n\n<p><strong><em>Holstein Kiel \u2013 Erzgebirge Aue (13.30 Uhr)<\/em><\/strong><\/p>\n\n\n\n<p>Sky: Ulli Potofski<\/p>\n\n\n\n<p><strong><em>VfL Osnabr\u00fcck \u2013 Karlsruher SC (13.30 Uhr)<\/em><\/strong><\/p>\n\n\n\n<p>Sky: Hansi K\u00fcpper <\/p>\n\n\n\n<p>Moderation (Sky): Stefan Hempel<\/p>\n\n\n\n<p><span style=\"text-decoration: underline;\">Montag, 02.09.2019, ab 20.00 Uhr (Sky)<\/span><\/p>\n\n\n\n<p><strong><em>VfB Stuttgart \u2013 VfL Bochum (20.30 Uhr)<\/em><\/strong><\/p>\n\n\n\n<p>Sky: Jonas Friedrich, Field-Reporter: Stefan Hempel<\/p>\n\n\n\n<p>Moderation (Sky): Yannick Erkenbrecher&nbsp;<\/p>\n\n\n\n<p><strong>3. Liga, 7. Spieltag<\/strong><\/p>\n\n\n\n<p><span style=\"text-decoration: underline;\">Freitag, 30.08.2019, ab 18.30 Uhr (Magenta Sport)<\/span><\/p>\n\n\n\n<p><strong><em>Chemnitzer FC \u2013 TSV 1860 M\u00fcnchen (19.00 Uhr)<\/em><\/strong><\/p>\n\n\n\n<p>Magenta Sport: Markus Herwig (Kommentar), Stefanie Blochwitz (Moderation)<\/p>\n\n\n\n<p><span style=\"text-decoration: underline;\">Samstag, 31.08.2019, ab 13.45 Uhr (Magenta Sport)<\/span><\/p>\n\n\n\n<p><strong><em>Konferenz<\/em><\/strong><\/p>\n\n\n\n<p>Magenta Sport: Alexander Kunz<\/p>\n\n\n\n<p><strong><em>Hallescher FC \u2013 SG Sonnenhof Gro\u00dfaspach (14.00 Uhr)<\/em><\/strong><\/p>\n\n\n\n<p>Magenta Sport: Lenny Leonhardt (Kommentar), Gari Paubandt (Moderation)<\/p>\n\n\n\n<p><strong><em>MSV Duisburg \u2013 SV Meppen (14.00 Uhr)<\/em><\/strong> <\/p>\n\n\n\n<p>-f\u00e4llt aus &#8211;<\/p>\n\n\n\n<p><strong><em>FC Viktoria K\u00f6ln \u2013 FC Ingolstadt (14.00 Uhr)<\/em><\/strong><\/p>\n\n\n\n<p>Magenta Sport: Christian Stra\u00dfburger (Kommentar), Stefan Fuckert (Moderation)<\/p>\n\n\n\n<p><strong><em>FC Bayern M\u00fcnchen II \u2013 SpVgg Unterhaching (14.00 Uhr)<\/em><\/strong><\/p>\n\n\n\n<p>Magenta Sport: Franz B\u00fcchner (Kommentar), Sascha Bandermann (Moderation)<\/p>\n\n\n\n<p><strong><em>W\u00fcrzburger Kickers \u2013 FSV Zwickau (14.00 Uhr)<\/em><\/strong><\/p>\n\n\n\n<p>Magenta Sport: Oskar Heirler (Kommentar), Simon K\u00f6pfer (Moderation)<\/p>\n\n\n\n<p>BR: Flo Eckl (Kommentar), Julia B\u00fcchler (Moderation)<\/p>\n\n\n\n<p>MDR: Eik Galley (Kommnetar), Ren\u00e9 Kindermann (Moderation)<\/p>\n\n\n\n<p><strong><em>Hansa Rostock \u2013 SC Preu\u00dfen M\u00fcnster (14.00 Uhr)<\/em><\/strong><\/p>\n\n\n\n<p>Magenta Sport: Edgar Mielke (Kommentar), Stefanie Blochwitz (Moderation)<\/p>\n\n\n\n<p>NDR: Jan Neumann (Kommentar), Ben Wozny (Moderation)<\/p>\n\n\n\n<p>WDR: ???<\/p>\n\n\n\n<p><span style=\"text-decoration: underline;\">Sonntag, 01.09.2019, ab 12.45 Uhr (Magenta Sport)<\/span><\/p>\n\n\n\n<p><strong><em>1.FC Kaiserslautern \u2013 <\/em><\/strong> <strong><em>Waldhof Mannheim<\/em><\/strong> <strong><em>(13.00 Uhr)<\/em><\/strong><\/p>\n\n\n\n<p>Magenta Sport: Alex Klich (Kommentar), Thomas Wagner (Moderation)<\/p>\n\n\n\n<p><span style=\"text-decoration: underline;\">ab 13.45 Uhr (Magenta Sport)<\/span><\/p>\n\n\n\n<p><strong><em>KFC Uerdingen \u2013 Eintracht Braunschweig (14.00 Uhr)<\/em><\/strong><\/p>\n\n\n\n<p>Magenta Sport: Markus H\u00f6hner (Kommentar), Cedric Pick (Moderation)<\/p>\n\n\n\n<p><span style=\"text-decoration: underline;\">Montag, 26.09.2019, ab 18.45 Uhr (Magenta Sport)<\/span><\/p>\n\n\n\n<p><strong><em>Carl Zeiss Jena \u2013 1.FC Magdeburg (19.00 Uhr)<\/em><\/strong><\/p>\n\n\n\n<p>Magenta Sport: Andreas Mann (Kommentar), Stefanie Blochwitz (Moderation)<\/p>\n\n\n\n<p><strong>Premier League, 4. Spieltag<\/strong><\/p>\n\n\n\n<p><span style=\"text-decoration: underline;\">Samstag, 31.08.2019, ab 13.20 Uhr (Sky)<\/span><\/p>\n\n\n\n<p><strong><em>FC Southampton \u2013 Manchester United (13.30 Uhr)<\/em><\/strong><\/p>\n\n\n\n<p>Sky: Michael Born<\/p>\n\n\n\n<p><span style=\"text-decoration: underline;\">ab 15.50 Uhr (Sky)<\/span><\/p>\n\n\n\n<p><strong><em>Manchester City \u2013 Brighton &amp; Hove Albion (16.00 Uhr)<\/em><\/strong><\/p>\n\n\n\n<p>Sky: Jogi Hebel<\/p>\n\n\n\n<p><span style=\"text-decoration: underline;\">ab 18.15 Uhr (Sky)<\/span><\/p>\n\n\n\n<p><strong><em>FC Burnley \u2013 <\/em><\/strong> <strong><em>FC Liverpool <\/em><\/strong><strong><em>(18.30 Uhr)<\/em><\/strong><\/p>\n\n\n\n<p>Sky: Toni Tomic<\/p>\n\n\n\n<p><span style=\"text-decoration: underline;\">Sonntag, 01.09.2019, ab 14.50 Uhr (Sky)<\/span><\/p>\n\n\n\n<p><strong><em>FC Everton \u2013 Wolverhampton Wanderers (15.00 Uhr)<\/em><\/strong><\/p>\n\n\n\n<p>Sky: Toni Tomic<\/p>\n\n\n\n<p><span style=\"text-decoration: underline;\">ab 17.00 Uhr (Sky)<\/span><\/p>\n\n\n\n<p><strong><em>FC Arsenal \u2013&nbsp;<\/em><\/strong> <strong><em>Tottenham Hotspurs <\/em><\/strong><strong><em>(17.30 Uhr)<\/em><\/strong><\/p>\n\n\n\n<p>Sky: Florian Schmidt-Sommerfeld, Experte: Mladen Petric <\/p>\n\n\n\n<p><strong>Fu\u00dfball International<\/strong><\/p>\n\n\n\n<p><span style=\"text-decoration: underline;\">Freitag, 30.08.2019<\/span><\/p>\n\n\n\n<p>Sky Bet Championship (6. Spieltag): <strong><em>Cardiff City &#8211; FC Fulham (20.45 Uhr)<\/em><\/strong><\/p>\n\n\n\n<p>sportdigital FUSSBALL: Florian Obst <\/p>\n\n\n\n<p>DAZN: Marcel Seufert<\/p>\n\n\n\n<p>Ligue 1 (2. Spieltag): <em><strong>Metz &#8211; Paris Saint-Germain (20.45 Uhr)<\/strong><\/em><\/p>\n\n\n\n<p>DAZN: Guido H\u00fcsgen (Kommentar), Alexis Menuge (Co-Kommentar)<\/p>\n\n\n\n<p>LaLiga (2. Spieltag):&nbsp;<strong><em>Athletic Bilbao \u2013 Real Sociedad San Sebastian (22:00 Uhr)<\/em><\/strong><\/p>\n\n\n\n<p>DAZN: Flo Hauser (Kommentar), Sascha Bigalke (Co-Kommentar)<\/p>\n\n\n\n<p><span style=\"text-decoration: underline;\">Samstag, 31.08.2019<\/span><\/p>\n\n\n\n<p>Sky Bet Championship (6. Spieltag):<strong><em>&nbsp;Bristol City \u2013 FC Middlesbrough (13:30 Uhr)<\/em><\/strong><\/p>\n\n\n\n<p>sportdigital FUSSBALL: Christian Blunck<\/p>\n\n\n\n<p>Sky Bet Championship (6. Spieltag):<strong><em>&nbsp;Brentford FC \u2013 Derby County (16:00 Uhr)<\/em><\/strong><\/p>\n\n\n\n<p>sportdigital FUSSBALL: Karsten Linke<\/p>\n\n\n\n<p>La Liga (2. Spieltag): <em><strong>Osasuna &#8211; FC Barcelona (17.00 Uhr)<\/strong><\/em><\/p>\n\n\n\n<p>DAZN: Uli Hebel (Kommentar), Michi Hofmann (Co-Kommentar)<\/p>\n\n\n\n<p>Ekstraklasa (7. Spieltag):<strong><em>&nbsp;Piast Gliwice \u2013 <\/em><\/strong> <strong><em>Lechia Gdansk <\/em><\/strong><strong><em>(17:55 Uhr)<\/em><\/strong><\/p>\n\n\n\n<p>sportdigital FUSSBALL: Christian Blunck<\/p>\n\n\n\n<p>Liga NOS (4. Spieltag):&nbsp;<strong><em>Sporting Lissabon \u2013 FC Rio Ave (20:00 Uhr)<\/em><\/strong><\/p>\n\n\n\n<p>sportdigital FUSSBALL: J\u00f6rg Steiger<\/p>\n\n\n\n<p>Serie A (2. Spieltag):&nbsp;<strong><em>Juventus Turin \u2013 SSC Neapel (20:45 Uhr)<\/em><\/strong><\/p>\n\n\n\n<p>DAZN: Carsten Fu\u00df (Kommentar), Sebastian Knei\u00dfl (Co-Kommentar), Christoph Stadler (Moderation)<\/p>\n\n\n\n<p><span style=\"text-decoration: underline;\">Sonntag, 01.09.2019<\/span><\/p>\n\n\n\n<p>Scottish Premiership (4. Spieltag): <em><strong>Glasgow Rangers &#8211; Celtic Glasgow (13.00 Uhr)<\/strong><\/em><\/p>\n\n\n\n<p>DAZN: Uwe Morawe (Kommentar), Sebastian Knei\u00dfl (Co-Kommentar) <\/p>\n\n\n\n<p>Eredivisie (5. Spieltag): <em><strong>Sparta Rotterdam &#8211; Ajax Amsterdam (14.30 Uhr)<\/strong><\/em><\/p>\n\n\n\n<p>sportdigital FUSSBALL: Karsten Linke <\/p>\n\n\n\n<p>Eredivisie (5. Spieltag): <em><strong>Willem II Tilburg &#8211; Feyenoord Rotterdam (16.45 Uhr)<\/strong><\/em><\/p>\n\n\n\n<p> sportdigital FUSSBALL: Klaus Bellstedt<\/p>\n\n\n\n<p>Serie A (2. Spieltag):&nbsp;<strong><em>Lazio Rom \u2013 AS Rom (18:00 Uhr)<\/em><\/strong><\/p>\n\n\n\n<p>DAZN: Daniel G\u00fcnther (Kommentar), Ralph Gunesch (Co-Kommentar), Daniel Herzog (Moderation)<\/p>\n\n\n\n<p>Jupiler Pro League (6. Spieltag): <em><strong>RSC Anderlecht &#8211; Standard L\u00fcttich (18.35 Uhr)<\/strong><\/em><\/p>\n\n\n\n<p>sportdigital FUSSBALL: Karsten Linke <\/p>\n\n\n\n<p>LaLiga (2. Spieltag):&nbsp; <strong><em>Atletico Madrid<\/em><\/strong><strong><em> \u2013 SD Eibar (19:00 Uhr)<\/em><\/strong><\/p>\n\n\n\n<p>DAZN: Tobi Fischbeck <\/p>\n\n\n\n<p>Liga NOS (4. Spieltag):<strong><em>&nbsp;FC Porto \u2013 Vitoria Guimaraes (19:55 Uhr)<\/em><\/strong><\/p>\n\n\n\n<p>sportdigital FUSSBALL: J\u00f6rg Steiger<\/p>\n\n\n\n<p>Serie A (1. Spieltag):&nbsp;<strong><em>Cagliari Calcio \u2013 Inter Mailand (20:45 Uhr)<\/em><\/strong><\/p>\n\n\n\n<p>DAZN: Oliver Forster (Kommentar), Max Nicu (Co-Kommentar)<\/p>\n\n\n\n<p>LaLiga (3. Spieltag):&nbsp;<strong><em>FC Villareal \u2013 FC Barcelona (21:00 Uhr)<\/em><\/strong><\/p>\n\n\n\n<p>DAZN: Jan Platte (Kommentar), Benny Lauth (Co-Kommentar), Tobi Wahnschaffe (Moderation)<\/p>\n\n\n\n<p>Liga NOS (4.Spieltag): <strong><em>Sporting Braga &#8211; Benfica Lissabon<\/em><\/strong> <strong><em>(22.00 Uhr)<\/em><\/strong><\/p>\n\n\n\n<p>sportdigital FUSSBALL: Christian Blunck<\/p>\n\n\n\n<p>DAZN: Marcel Seufert<\/p>\n\n\n\n<p><strong>Die Analyse<\/strong><\/p>\n\n\n\n<p>Der Freitag startet mit dem Topspiel zwischen Borussia M\u00b4Gladbach und RB Leipzig. Nach seinem Eurosport-Abschied zum Ende der Saison 17\/18 feiert Marco Hagemann quasi sein Bundesligacomeback. Experte an seiner Seite ist Sebastian Knei\u00dfl, der auch schon als Assistent f\u00fcr Hagemann bei RTL im Einsatz war. Moderationsdauerbrenner bei DAZN ist Alex Schl\u00fcter. Die Rolle als Fieldreporter \u00fcbernimmt wie am ersten Spieltag Daniel Herzog. <\/p>\n\n\n\n<p><strong>Bundesligasamstag mit Topspielpremiere&nbsp;<\/strong><\/p>\n\n\n\n<p>Drei Top-Leute von Sky haben am Samstag beim Heimspiel der Bayern alle ihre Finger im Griff. Hansi K\u00fcpper kommt im Schwarzwald zu seinem ersten Bundesligaeinsatz in dieser Spielzeit. Holger Pfandt darf nach vielen Eins\u00e4tzen in M\u00fcnchen mal wieder Stadionluft schnuppern &#8211; Wolfsburg ist sein berufliches Ziel am Samstag. Was f\u00e4llt noch auf? Alle Fieldreporter m\u00fcssen ein bisschen reisen. Wasserziehr und Westen begeben sich vom Norden in den S\u00fcden der Republik. Hofmann, Leopold und Erkenbrecher verlassen die bayerische (Wahl-)heimat. Heuser und Hellmann zieht es von K\u00f6ln nach Berlin. Topspielpremiere gibt\u00b4s an diesem Wochenende an der Alten F\u00f6rsterei. Lindemann ist wie so h\u00e4ufig wieder zweimal im Einsatz &#8211; Samstags als Kommentator auf Schalke, Sonntags als Interviewer in Bremen. Zwei Eins\u00e4tze am Wochenende hat auch Ecki Heuser vorzuweisen. Ihr Studi-Comeback in Unterf\u00f6hring feiert am Sonntag zudem Esther Sedlaczek.  <\/p>\n\n\n\n<p>In der 2. Bundesliga sticht die Top-Besetzung beim Montagsspiel in Stuttgart ins Auge. Jonas Friedrich und Stefan Hempel geben sich die Ehre. Viele Hamburg Fans freuen sich im Derby auf J\u00f6rg Dahlmann. <\/p>\n\n\n\n<p>In der 3.Liga ist Stefanie Blochwitz an allen drei Tagen im Einsatz. Das lang ersehnte Derby zwischen Kaiserslautern und Mannheim ist eine Sache f\u00fcr Klich und Wagner. Die Sendeanstalten der ARD schicken bekannte Namen ins Rennen. <\/p>\n\n\n\n<p>Premier League Live-Spiele stehen f\u00fcr Hebel, Born, Schmiso und Tomic auf dem Programm. Letzterer darf zweimal englischen Fu\u00dfball aus der Box kommentieren. Die anderen Spiele, die im Re-Live zu sehen sind, \u00fcbernehmen Gaupp, Mallwitz, Schmitz, Hempel und Haist &#8211; interessante Aufstellung. Hannes Herrmann fehlt &#8211; Handball steht auf der Agenda. <\/p>\n\n\n\n<p>Im Internationalen Fu\u00dfball l\u00e4sst sich das Old Firm zwischen den Rangers und Celtic empfehlen. Uwe Morawe \u00fcbernimmt zusammen mit Sebastian Knei\u00dfl, der dieses Wochenende dreimal am Mikrofon sitzt. Am Vortag ist er Experte beim Topspiel der Serie A zwischen Turin und Neapel. Ansonsten ist bei sportdigital FUSSBALL und DAZN f\u00fcr jeden was dabei. <\/p>\n\n\n\n<p>Sch\u00f6nes Fu\u00dfball-Wochenende!<\/p>\n","protected":false},"excerpt":{"rendered":"<p>Der neue Eintrag zu den L\u00e4nderspielen folgt Mittwoch. Eine aktuelle Ansetzung lautet wie folgt EM-Qualifikation der Frauen Ukraine &#8211; Deutschland (16.00 Uhr) ZDF: Gari Paubandt Moderation (ZDF): Sven Voss N\u2018Abend allerseits, &#8222;Englands Kick schwimmt in Geld&#8220;, &#8222;6,9 Milliarden Euro! Rekordvertrag f\u00fcr die Premier League&#8220;, &#8222;Englische Liga kassiert ab wie nie&#8220;, &#8222;13,45 Millionen pro Premier-League-Spiel&#8220; &#8211; [&hellip;]<\/p>\n","protected":false},"author":3,"featured_media":0,"comment_status":"open","ping_status":"open","sticky":false,"template":"","format":"standard","meta":{"footnotes":""},"categories":[424],"tags":[20,10,115,13,103,69,93,9,23,22,81,134,28,135,24,107],"class_list":["post-227","post","type-post","status-publish","format-standard","hentry","category-bundesliga-und-co","tag-2-bundesliga","tag-3-liga","tag-1-bundesliga","tag-dazn","tag-jogi-hebel","tag-jonas-friedrich","tag-kai-dittmann","tag-magenta-sport","tag-premier-league","tag-sky","tag-sky-bet-championship","tag-sportdigital-fussball","tag-stefan-hempel","tag-stefanie-blochwitz","tag-toni-tomic","tag-wolff-fuss"],"_links":{"self":[{"href":"https:\/\/kommentatorenblog.de\/index.php?rest_route=\/wp\/v2\/posts\/227","targetHints":{"allow":["GET"]}}],"collection":[{"href":"https:\/\/kommentatorenblog.de\/index.php?rest_route=\/wp\/v2\/posts"}],"about":[{"href":"https:\/\/kommentatorenblog.de\/index.php?rest_route=\/wp\/v2\/types\/post"}],"author":[{"embeddable":true,"href":"https:\/\/kommentatorenblog.de\/index.php?rest_route=\/wp\/v2\/users\/3"}],"replies":[{"embeddable":true,"href":"https:\/\/kommentatorenblog.de\/index.php?rest_route=%2Fwp%2Fv2%2Fcomments&post=227"}],"version-history":[{"count":39,"href":"https:\/\/kommentatorenblog.de\/index.php?rest_route=\/wp\/v2\/posts\/227\/revisions"}],"predecessor-version":[{"id":267,"href":"https:\/\/kommentatorenblog.de\/index.php?rest_route=\/wp\/v2\/posts\/227\/revisions\/267"}],"wp:attachment":[{"href":"https:\/\/kommentatorenblog.de\/index.php?rest_route=%2Fwp%2Fv2%2Fmedia&parent=227"}],"wp:term":[{"taxonomy":"category","embeddable":true,"href":"https:\/\/kommentatorenblog.de\/index.php?rest_route=%2Fwp%2Fv2%2Fcategories&post=227"},{"taxonomy":"post_tag","embeddable":true,"href":"https:\/\/kommentatorenblog.de\/index.php?rest_route=%2Fwp%2Fv2%2Ftags&post=227"}],"curies":[{"name":"wp","href":"https:\/\/api.w.org\/{rel}","templated":true}]}}