{"id":2315,"date":"2020-06-01T15:44:16","date_gmt":"2020-06-01T15:44:16","guid":{"rendered":"http:\/\/kommentatorenblog.de\/?p=2315"},"modified":"2020-12-30T15:31:22","modified_gmt":"2020-12-30T15:31:22","slug":"1076-rueckblick-aufs-pfingstwochende","status":"publish","type":"post","link":"https:\/\/kommentatorenblog.de\/?p=2315","title":{"rendered":"1076 \u2013 R\u00fcckblick aufs Pfingstwochende"},"content":{"rendered":"\n<p>N\u00b4Abend allerseits! <\/p>\n\n\n\n<p>Das Pfingstwochenende neigt sich dem Ende zu und hat einiges mit sich gebracht. Die dritte Liga und Dynamo Dresden sind zur\u00fcckgekehrt. La Liga und die Premier League haben ihre R\u00fcckkehr angek\u00fcndigt.  Solange alles so gut l\u00e4uft wie hierzulande, finde ich es gut, dass es in der Welt des Fu\u00dfballs nach und nach zu mehr Normalit\u00e4t kommt. Trotzdem habe ich absolutes Verst\u00e4ndnis f\u00fcr Skeptiker und auch f\u00fcr Spieler, die in der momentanen Situation nicht bereit sind Fussball zu spielen. Bestes Beispiel ist Troy Deeney. Der Spieler des FC Watford hatte vor knapp zwei Wochen im Podcast &#8222;Talk The Talk&#8220; angek\u00fcndigt, dass er erstmal nicht ins Mannschaftstraining zur\u00fcckkehren will. Grund daf\u00fcr ist sein f\u00fcnf Monate alter Sohn, der schon jetzt Atembeschwerden hat, weshalb Deeney nicht das Risiko auf sich nehmen will sich zu infizieren und die Krankheit nach Hause zu bringen. Durch den Podcast &#8222;Klick &amp; Rush &amp; FUMS&#8220; von Jogi und Uli Hebel habe ich von diesem &#8222;Fall&#8220; geh\u00f6rt und kann nur sagen, dass ich vollstes Verst\u00e4ndis f\u00fcr Troy Deeney habe. <\/p>\n\n\n\n<p>In diesem Sinne bleibt gesund und viel Spa\u00df mit den Ansetzungen der Woche!<\/p>\n\n\n\n<p><span style=\"text-decoration: underline;\">Update<\/span><\/p>\n\n\n\n<p><strong>Frauen-Bundesliga<\/strong><\/p>\n\n\n\n<p><strong><em>MSV Duisburg &#8211; 1. FC K\u00f6ln (18.00 Uhr)<\/em><\/strong><br>Eurosport: Markus Theil <\/p>\n\n\n\n<p><strong><em>Die Ansetzungen vom 02. Juni 2020 bis zum 04. Juni 2020<\/em><\/strong><\/p>\n\n\n\n<p><strong>Bundesliga, 24. Spieltag (Nachholspiel)<\/strong><\/p>\n\n\n\n<p><span style=\"text-decoration: underline;\">Mittwoch, 03. Juni, ab 20.15 Uhr (Sky)<\/span><\/p>\n\n\n\n<p><strong><em>SV Werder Bremen \u2013 Eintracht Frankfurt (20.30 Uhr)<\/em><\/strong><\/p>\n\n\n\n<p>Sky: Wolff Fuss, Field-Reporter: Patrick Wasserziehr<\/p>\n\n\n\n<p><strong>2. Bundesliga, 26. Spieltag (Nachholspiel)<\/strong><\/p>\n\n\n\n<p><span style=\"text-decoration: underline;\">Mittwoch, 03. Juni, ab 18.20 Uhr (Sky)<\/span><\/p>\n\n\n\n<p><strong><em>Hannover 96 \u2013 Dynamo Dresden (18.30 Uhr)<\/em><\/strong><\/p>\n\n\n\n<p>Sky: Roland Evers<\/p>\n\n\n\n<p><strong>3. Liga, 29. Spieltag<\/strong><\/p>\n\n\n\n<p><span style=\"text-decoration: underline;\">Dienstag, 02. Juni 2020, ab 18.45 Uhr (Magenta Sport)<\/span><\/p>\n\n\n\n<p><strong><em>Konferenz (19.00 Uhr)<\/em><\/strong><\/p>\n\n\n\n<p>Magenta Sport: Alexander Klich und Martin Piller<\/p>\n\n\n\n<p><strong><em>Viktoria K\u00f6ln \u2013 FSV Zwickau (19.00 Uhr)<\/em><\/strong><\/p>\n\n\n\n<p>Magenta Sport: Markus H\u00f6hner<\/p>\n\n\n\n<p><strong><em>W\u00fcrzburger Kickers \u2013 1. FC Magdeburg (19.00 Uhr)<\/em><\/strong><\/p>\n\n\n\n<p>Magenta Sport: Alex Kunz<\/p>\n\n\n\n<p><strong><em>KFC Uerdingen \u2013 SV Meppen (19.00 Uhr)<\/em><\/strong><\/p>\n\n\n\n<p>Magenta Sport: Christian Stra\u00dfburger<\/p>\n\n\n\n<p><span style=\"text-decoration: underline;\">ab 20.15 Uhr (Magenta Sport)<\/span><\/p>\n\n\n\n<p><strong><em>SpVgg Unterhaching \u2013 FC Ingolstadt (20.30 Uhr)<\/em><\/strong><\/p>\n\n\n\n<p>Magenta Sport: Oskar Heirler<\/p>\n\n\n\n<p><strong><em>Hansa Rostock \u2013 SV Waldhof Mannheim (20.30 Uhr)<\/em><\/strong><\/p>\n\n\n\n<p>Magenta Sport: Gari Paubandt<\/p>\n\n\n\n<p><span style=\"text-decoration: underline;\">Mittwoch, 03. Juni 2020, ab 18.45 Uhr (Magenta Sport)<\/span><\/p>\n\n\n\n<p><strong><em>Konferenz (19.00 Uhr)<\/em><\/strong><\/p>\n\n\n\n<p>Magenta Sport: Alexander Klich und Martin Piller<\/p>\n\n\n\n<p><strong><em>FC Bayern M\u00fcnchen II \u2013 Preu\u00dfen M\u00fcnster (19.00 Uhr)<\/em><\/strong><\/p>\n\n\n\n<p>Magenta Sport: Oskar Heirler<\/p>\n\n\n\n<p><strong><em>Hallescher FC \u2013 Eintracht Braunschweig (19.00 Uhr)<\/em><\/strong><\/p>\n\n\n\n<p>Magenta Sport: Lenny Leonhardt<\/p>\n\n\n\n<p><strong><em>MSV Duisburg \u2013 FC Carl Zeiss Jena (19.00 Uhr)<\/em><\/strong><\/p>\n\n\n\n<p>Magenta Sport: Christian Stra\u00dfburger<\/p>\n\n\n\n<p><span style=\"text-decoration: underline;\">ab 20.15 Uhr (Magenta Sport)<\/span><\/p>\n\n\n\n<p><strong><em>Chemnitzer FC \u2013 Sonnenhof Gro\u00dfaspach (20.30 Uhr)<\/em><\/strong><\/p>\n\n\n\n<p>Magenta Sport: Andreas Mann<\/p>\n\n\n\n<p><strong><em>1. FC Kaiserslautern \u2013 TSV 1860 M\u00fcnchen (20.30 Uhr)<\/em><\/strong><\/p>\n\n\n\n<p>Magenta Sport: Alex Kunz<\/p>\n\n\n\n<p><strong>Internationaler Fu\u00dfball<\/strong><\/p>\n\n\n\n<p><span style=\"text-decoration: underline;\">Dienstag, 02. Juni 2020<\/span><\/p>\n\n\n\n<p>Fortuna Liga, 27. Spieltag: <strong><em>1. FK Pribam \u2013 Slavia Prag (20.00 Uhr)<\/em><\/strong><\/p>\n\n\n\n<p>sportdigital FUSSBALL: Karsten Linke<\/p>\n\n\n\n<p><span style=\"text-decoration: underline;\">Mittwoch, 03. Juni 2020<\/span><\/p>\n\n\n\n<p>Liga NOS, 25. Spieltag: <strong><em>FC Famalicao \u2013 FC Porto<\/em><\/strong> <strong><em>(22.15 Uhr)<\/em><\/strong><\/p>\n\n\n\n<p>DAZN: David Ploch<\/p>\n\n\n\n<p>sportdigital FUSSBALL: Christian Blunck <\/p>\n\n\n\n<p><span style=\"text-decoration: underline;\">Donnerstag, 04. Juni 2020<\/span><\/p>\n\n\n\n<p> Liga NOS, 25. Spieltag: <strong><em>Benfica Lissabon \u2013 CD Tondela<\/em><\/strong> <strong><em>(20.15 Uhr)<\/em><\/strong><\/p>\n\n\n\n<p>DAZN: Max Gross<\/p>\n\n\n\n<p>sportdigital FUSSBALL: Karsten Linke<\/p>\n\n\n\n<p> Liga NOS, 25. Spieltag: <strong><em>Guimaraes \u2013 Sporting Lissabon<\/em><\/strong> <strong><em>(22.15 Uhr)<\/em><\/strong><\/p>\n\n\n\n<p>DAZN: Fabian Pavlakovic<\/p>\n\n\n\n<p>sportdigital FUSSBALL: Florian Obst <\/p>\n\n\n\n<p><strong>Die Analyse<\/strong><\/p>\n\n\n\n<p><strong>Nachholzeit<\/strong><\/p>\n\n\n\n<p>Am Mittwoch gibt&#8217;s zwei Nachholspiele. Am fr\u00fchen Abend f\u00e4ngt Dynamo Dresden an die verpassten Spiele nachzuholen. Die Partie wird auf jeden Fall auf Sky laufen <em>\u2013<\/em> Personal liefern wir morgen nach. Zur Prime-Time gibt&#8217;s dann noch einen sch\u00f6nen Abstiegskracher. Werder Bremen empf\u00e4ngt Eintracht Frankfurt. Wolff Fuss kommentiert und hat in seinem Podcast bereits angek\u00fcndigt, dass er richtig Bock auf die Partie hat. <\/p>\n\n\n\n<p><strong>Liga 3<\/strong><\/p>\n\n\n\n<p>Schlag auf Schlag geht\u2018s auch in Liga 3 weiter. Die Spiele in der Englischen Woche gibt\u2019s ausschlie\u00dflich bei Magenta Sport. Die Ansetzungen bleiben regional &#8211; unter anderem kehrne Christian Stra\u00dfburger und Markus H\u00f6hner ans Magenta-Mikro zur\u00fcck.<\/p>\n\n\n\n<p><strong>Retomada em Portugal<\/strong><\/p>\n\n\n\n<p>Ab dieser Woche wird auch wieder in Portugal gespielt. Die \u00fcbertragenden Sender DAZN und Sportdigital \u00fcbertragen drei Partien <em>\u2013<\/em> \u00fcberraschenderweise die von Porto, Sporting und Benfica. F\u00fcr DAZN kommentieren die Herren David Ploch, Max Gross und ein mir bisher noch unbekannter Fabian Pavlakovic. Das Sportdigital Personal wird ebenfalls morgen nachgeliefert.<\/p>\n\n\n\n<p>Bis dahin eine sch\u00f6ne Woche, zum n\u00e4chsten Beitrag meldet sich dann auch Kollege Erik zur\u00fcck!<\/p>\n","protected":false},"excerpt":{"rendered":"<p>N\u00b4Abend allerseits! Das Pfingstwochenende neigt sich dem Ende zu und hat einiges mit sich gebracht. Die dritte Liga und Dynamo Dresden sind zur\u00fcckgekehrt. La Liga und die Premier League haben ihre R\u00fcckkehr angek\u00fcndigt. Solange alles so gut l\u00e4uft wie hierzulande, finde ich es gut, dass es in der Welt des Fu\u00dfballs nach und nach zu [&hellip;]<\/p>\n","protected":false},"author":5,"featured_media":0,"comment_status":"open","ping_status":"open","sticky":false,"template":"","format":"standard","meta":{"footnotes":""},"categories":[424],"tags":[20,232,292,216,60,35,165,13,32,294,79,67,130,283,293,22,107],"class_list":["post-2315","post","type-post","status-publish","format-standard","hentry","category-bundesliga-und-co","tag-2-bundesliga","tag-alexander-klich","tag-alex-kunz","tag-andreas-mann","tag-bundesliga","tag-christian-strassburger","tag-david-ploch","tag-dazn","tag-gari-paubandt","tag-lenny-leonhardt","tag-liga-nos","tag-markus-hoehner","tag-martin-piller","tag-max-gross","tag-oskar-heirler","tag-sky","tag-wolff-fuss"],"_links":{"self":[{"href":"https:\/\/kommentatorenblog.de\/index.php?rest_route=\/wp\/v2\/posts\/2315","targetHints":{"allow":["GET"]}}],"collection":[{"href":"https:\/\/kommentatorenblog.de\/index.php?rest_route=\/wp\/v2\/posts"}],"about":[{"href":"https:\/\/kommentatorenblog.de\/index.php?rest_route=\/wp\/v2\/types\/post"}],"author":[{"embeddable":true,"href":"https:\/\/kommentatorenblog.de\/index.php?rest_route=\/wp\/v2\/users\/5"}],"replies":[{"embeddable":true,"href":"https:\/\/kommentatorenblog.de\/index.php?rest_route=%2Fwp%2Fv2%2Fcomments&post=2315"}],"version-history":[{"count":11,"href":"https:\/\/kommentatorenblog.de\/index.php?rest_route=\/wp\/v2\/posts\/2315\/revisions"}],"predecessor-version":[{"id":2339,"href":"https:\/\/kommentatorenblog.de\/index.php?rest_route=\/wp\/v2\/posts\/2315\/revisions\/2339"}],"wp:attachment":[{"href":"https:\/\/kommentatorenblog.de\/index.php?rest_route=%2Fwp%2Fv2%2Fmedia&parent=2315"}],"wp:term":[{"taxonomy":"category","embeddable":true,"href":"https:\/\/kommentatorenblog.de\/index.php?rest_route=%2Fwp%2Fv2%2Fcategories&post=2315"},{"taxonomy":"post_tag","embeddable":true,"href":"https:\/\/kommentatorenblog.de\/index.php?rest_route=%2Fwp%2Fv2%2Ftags&post=2315"}],"curies":[{"name":"wp","href":"https:\/\/api.w.org\/{rel}","templated":true}]}}