{"id":23446,"date":"2025-11-24T21:04:41","date_gmt":"2025-11-24T20:04:41","guid":{"rendered":"https:\/\/kommentatorenblog.de\/?p=23446"},"modified":"2025-11-28T11:45:07","modified_gmt":"2025-11-28T10:45:07","slug":"1551-wir-schreiben-das-jahr-2027","status":"publish","type":"post","link":"https:\/\/kommentatorenblog.de\/?p=23446","title":{"rendered":"1551 &#8211; Wir schreiben das Jahr 2027"},"content":{"rendered":"\n<p>N&#8217;Abend allerseits,<\/p>\n\n\n\n<p>Der Fu\u00dfball. Unendliche Sportanbieter. Wir schreiben das Jahr 2027. Dies sind die Abenteuer des Kommentatorenblogs, in dem wir wie immer die Mission verfolgen, Ordnung und Verst\u00e4ndnis in dieses Rechte-Universum zu bringen. W\u00e4hrend Sender und Plattformen durch die Galaxien der Fu\u00dfballrechte man\u00f6vrieren und Pakete erobern, beobachten wir ihren Kurs und versuchen, Klarheit zu schaffen. Die Rechtekonstellationen ver\u00e4ndern sich, vertraute Anbieter verschwinden, neue Berge (sorry\u2026) entstehen. Und so beginnt an diesem Montag ein neues Kapitel der TV-Rechte, das sich mit den Ansetzungen des Europapokals der M\u00e4nner fast von selbst schreibt.<\/p>\n\n\n\n<p>Schlie\u00dflich haben wir &#8211; verzeiht mir diesen etwas nerdigen Einstieg &#8211; seit Ende der Vorwoche Klarheit dar\u00fcber, wie die Zukunft der TV-Rechte der Champions League, Europa League und Conference League bis einschlie\u00dflich 2031 aussieht. Bevor wir in die Einordnung gehen, deshalb erst einmal ein \u00dcberblick, wer was erworben hat (orientiert an den offiziellen Informationen von <a href=\"https:\/\/www.uc3.com\/news-and-sales\/news\/029f-1f41482d750a-3a811284ef70-1000\/\">UC3<\/a>):<\/p>\n\n\n\n<p>CL:<\/p>\n\n\n\n<figure class=\"wp-block-table\"><table class=\"has-white-color has-text-color has-background has-link-color has-fixed-layout\" style=\"background-color:#00088e\"><thead><tr><th>Paket\/Slot<\/th><th>Rechteinhaber<\/th><\/tr><\/thead><tbody><tr><td><mark style=\"background-color:rgba(0, 0, 0, 0)\" class=\"has-inline-color has-white-color\">CL: <\/mark>Topspiel am Dienstag (First Pick)<\/td><td>Paramount+ <\/td><\/tr><tr><td>CL: Alle weiteren Spiele am Dienstag<\/td><td>Paramount+<\/td><\/tr><tr><td>CL: Topspiel am Mittwoch (First Pick)<\/td><td>Prime Video<\/td><\/tr><tr><td>CL: Alle weiteren Spiele am Mittwoch<\/td><td>Paramount+<\/td><\/tr><tr><td>CL: Finale<\/td><td>Paramount+<\/td><\/tr><tr><td>CL: Highlights am Mittwoch (Free)<\/td><td>ZDF<\/td><\/tr><\/tbody><\/table><\/figure>\n\n\n\n<p>EL\/CFL:<\/p>\n\n\n\n<figure class=\"wp-block-table is-style-regular\"><table class=\"has-black-color has-text-color has-link-color has-fixed-layout\"><thead><tr><th>Paket\/Slot<\/th><th>Rechteinhaber<\/th><\/tr><\/thead><tbody><tr><td><mark style=\"background-color:rgba(0, 0, 0, 0)\" class=\"has-inline-color has-black-color\">EL: Komplett<\/mark><\/td><td>DAZN<\/td><\/tr><tr><td>CFL: Komplett<\/td><td>DAZN<\/td><\/tr><\/tbody><\/table><\/figure>\n\n\n\n<hr class=\"wp-block-separator has-alpha-channel-opacity\"\/>\n\n\n\n<p>Bedeutet f\u00fcr die einzelnen Anbieter:<\/p>\n\n\n\n<ul class=\"wp-block-list\">\n<li><strong>Paramount+<\/strong> (CL: 170 Spiele \u2013 bisher 0)<\/li>\n\n\n\n<li><strong>Prime Video<\/strong> (CL: 19 Spiele \u2013 bisher 17)<\/li>\n\n\n\n<li><strong>ZDF<\/strong> (CL: Highlights Mittwoch \u2013 unver\u00e4ndert, Finale entf\u00e4llt)<\/li>\n\n\n\n<li><strong>DAZN<\/strong>\n<ul class=\"wp-block-list\">\n<li>CL: 0 Spiele \u2013 bisher 172<\/li>\n\n\n\n<li>EL\/CFL: 342 Spiele \u2013 bisher 0<\/li>\n<\/ul>\n<\/li>\n\n\n\n<li><strong>RTL\/+<\/strong> (EL\/CFL: 0 Spiele \u2013 bisher 342)<\/li>\n<\/ul>\n\n\n\n<hr class=\"wp-block-separator has-alpha-channel-opacity\"\/>\n\n\n\n<p>Nun aber etwas konkreter. Wie zu erwarten war, hat die st\u00e4rkere \u00d6ffnung gegen\u00fcber internationalen Partnern zu Ver\u00e4nderungen gef\u00fchrt. Bezogen auf den Europapokal insgesamt ver\u00e4ndert sich aber gar nicht so viel &#8211; zumindest, was die reine Zahl der Anbieter betrifft. Vorher waren es drei Medienpartner, und auch k\u00fcnftig bleiben es drei. Die oft prognostizierte Gefahr von drei oder vier n\u00f6tigen Abos allein f\u00fcr die Champions League ist damit nicht eingetreten.<\/p>\n\n\n\n<p>Nichtsdestotrotz ist das Novum aus deutscher Sicht, dass bei der Champions League k\u00fcnftig zwei Anbieter komplett andere sind als in der Bundesliga. In der Summe braucht man f\u00fcr beide Wettbewerbe nun also ein Abo mehr. Grunds\u00e4tzlich ist dieser Trend wenig \u00fcberraschend, aber f\u00fcr Konsument*innen weiterhin alles andere als freundlich. Ich w\u00fcrde nicht &#8211; wie vereinzelt in \u201esozialen\u201c Medien &#8211; in den kompletten Beschwerdemodus verfallen, da wir in Deutschland im internationalen Vergleich immer noch relativ gut dastehen. Dennoch sind die m\u00f6glichen Mehrkosten nicht f\u00fcr jede und jeden leicht zu stemmen. Und auch wenn eine gewisse Bezahlung f\u00fcr Unterhaltung v\u00f6llig normal ist, kann man die Frage stellen, ob diese Entwicklung noch sinnvoll ist, um gerade jungen Menschen, die sich ein zus\u00e4tzliches Abo wom\u00f6glich kaum leisten k\u00f6nnen, weiterhin den Zugang zu ihrem Fu\u00dfballinteresse zu erm\u00f6glichen. Umso wichtiger ist, dass die Free-Highlights weiterhin im ZDF bleiben und zumindest dieser Teil nicht hinter einer Bezahlschranke verschwindet.<\/p>\n\n\n\n<p>Nicht mehr im ZDF zu sehen sein wird das Finale (au\u00dfer m\u00f6glicherweise bei deutscher Beteiligung). Die M\u00f6glichkeit, dass das Finale allerdings co-exklusiv bei Netflix laufen k\u00f6nnte, w\u00fcrde ich nicht ausschlie\u00dfen. Schlie\u00dflich sind noch nicht alle L\u00e4nderrechte vergeben (sondern zun\u00e4chst nur die \u201etop five markets\u201c), und auch UC3 spricht bislang nur von einem aktuellen Stand. Von daher w\u00fcrde ich mich &#8211; ausdr\u00fccklich spekulativ &#8211; so weit aus dem Fenster lehnen und tippen, dass Netflix das Finale der Champions League global erwerben und ggf. auch in Deutschland co-exklusiv zeigen wird.<\/p>\n\n\n\n<p>Mit Blick auf die beiden \u00fcbertragenden Anbieter Prime und Paramount hei\u00dft es nun abwarten. Bei Prime d\u00fcrfte, au\u00dfer dem Sendetag (Mittwoch statt Dienstag), vieles bleiben wie bisher. Die zwei zus\u00e4tzlichen Prime-Spiele ergeben sich \u00fcbrigens daraus, dass am 1. Spieltag zwei Partien laufen und auch am 8. Spieltag ein weiteres Spiel dazukommt (aktuell exklusiv bei DAZN). Paramount wiederum ist im deutschen Sportmarkt eine ziemliche Blackbox. Aufgrund von CBS Sports Golazo und deren genereller Pr\u00e4sentation bin ich aber verhalten optimistisch, dass die \u00dcbertragungen ganz ordentlich werden.<\/p>\n\n\n\n<p>Abschlie\u00dfend zu Sky (und RTL) sowie DAZN: Letztlich war klar, dass deutsche\/europ\u00e4ische Anbieter gegen die US-Gro\u00dfkonzerne &#8211; sofern diese Interesse an der CL haben &#8211; wirtschaftlich kaum Chancen besitzen. Umso spannender wird die Frage, wie die Zukunft von DAZN ab 2027 aussieht. Die aktuellen Preise rechtfertigen aus meiner Sicht die Konferenz, die beiden Sonntagsspiele sowie EL und CFL als Premiumrechte nicht vollst\u00e4ndig. Hier k\u00f6nnte eine Diversifizierung anstehen, \u00e4hnlich wie sie Sky bereits nach dem massiven Rechteverlust der CL (und des Bundesligasonntags) 2021 vorgenommen hat. F\u00fcr Sky sehe ich die Auswirkungen dieses Rechtezyklus hingegen geringer, da man kaum etwas verliert und &#8211; falls der Sky-Kauf von RTL durchgeht &#8211; ein Sport- und Entertainment-Paket h\u00e4tte, das national durchaus konkurrenzf\u00e4hig wirkt.<\/p>\n\n\n\n<p>Wie seht ihr das? Ich bin gespannt auf eure Meinungen. Gerne aber ohne inhaltslose H\u00e4me \u00e0 la \u201eGut, dass die nichts mehr zeigen, die sind eh bl\u00f6d.\u201c Das kann sicherlich jede und jeder deutlich fundierter und stilvoller formulieren.<\/p>\n\n\n\n<p>Nun aber den Blick in die Ansetzungen vom 5. Spieltag bei den Sendern, die den Spa\u00df auch noch 1,5 Jahre zeigen.<\/p>\n\n\n\n<hr class=\"wp-block-separator has-alpha-channel-opacity\"\/>\n\n\n\n<p><strong>Die Ansetzungen vom 25. bis 27. November 2025<\/strong><\/p>\n\n\n\n<hr class=\"wp-block-separator has-alpha-channel-opacity\"\/>\n\n\n\n<p><strong>UEFA Champions League, Ligaphase, 5. Spieltag (DAZN\/<mark style=\"background-color:rgba(0, 0, 0, 0)\" class=\"has-inline-color has-vivid-cyan-blue-color\">Prime<\/mark>)<\/strong><\/p>\n\n\n\n<p><span style=\"text-decoration: underline;\">Dienstag, 25. November 2025, ab 18.25 Uhr (DAZN)<\/span><\/p>\n\n\n\n<p><strong><em>Galatasaray Istanbul <\/em><\/strong><em>(TUR)<\/em><strong><em> &#8211; Union Saint-Gilloise <\/em><\/strong><em>(BEL)<\/em><strong><em> (18.45 Uhr)<\/em><\/strong><br><img loading=\"lazy\" decoding=\"async\" width=\"10\" height=\"21\" class=\"wp-image-3656\" style=\"width: 10px;\" src=\"http:\/\/kommentatorenblog.de\/wp-content\/uploads\/2020\/09\/shure-55sh-ii-e1601485394796.jpg\" alt=\"\" srcset=\"https:\/\/kommentatorenblog.de\/wp-content\/uploads\/2020\/09\/shure-55sh-ii-e1601485394796.jpg 415w, https:\/\/kommentatorenblog.de\/wp-content\/uploads\/2020\/09\/shure-55sh-ii-e1601485394796-142x300.jpg 142w\" sizes=\"auto, (max-width: 10px) 100vw, 10px\" \/> David Ploch (Einzelspiel), Jan Wochner (Konferenz)<br><img loading=\"lazy\" decoding=\"async\" width=\"10\" height=\"21\" class=\"wp-image-3656\" style=\"width: 10px;\" src=\"http:\/\/kommentatorenblog.de\/wp-content\/uploads\/2020\/09\/shure-55sh-ii-e1601485394796.jpg\" alt=\"\" srcset=\"https:\/\/kommentatorenblog.de\/wp-content\/uploads\/2020\/09\/shure-55sh-ii-e1601485394796.jpg 415w, https:\/\/kommentatorenblog.de\/wp-content\/uploads\/2020\/09\/shure-55sh-ii-e1601485394796-142x300.jpg 142w\" sizes=\"auto, (max-width: 10px) 100vw, 10px\" \/> <em>t\u00fcrkischer Kommentar<\/em>: Ozan S\u00fcl\u00fcm<\/p>\n\n\n\n<p><strong><em>Ajax Amsterdam <\/em><\/strong><em>(NED)<\/em><strong><em> &#8211; Benfica Lissabon <\/em><\/strong><em>(POR)<\/em><strong><em> (18.45 Uhr)<\/em><\/strong><br><img loading=\"lazy\" decoding=\"async\" width=\"10\" height=\"21\" class=\"wp-image-3656\" style=\"width: 10px;\" src=\"http:\/\/kommentatorenblog.de\/wp-content\/uploads\/2020\/09\/shure-55sh-ii-e1601485394796.jpg\" alt=\"\" srcset=\"https:\/\/kommentatorenblog.de\/wp-content\/uploads\/2020\/09\/shure-55sh-ii-e1601485394796.jpg 415w, https:\/\/kommentatorenblog.de\/wp-content\/uploads\/2020\/09\/shure-55sh-ii-e1601485394796-142x300.jpg 142w\" sizes=\"auto, (max-width: 10px) 100vw, 10px\" \/> Simon Sterzer (Einzelspiel), Michael Born (Konferenz)<\/p>\n\n\n\n<p><span style=\"text-decoration: underline;\">ab 20.00 Uhr (<mark style=\"background-color:rgba(0, 0, 0, 0)\" class=\"has-inline-color has-vivid-cyan-blue-color\">Prime<\/mark>)<\/span><\/p>\n\n\n\n<p><strong><em>Borussia Dortmund <\/em><\/strong><em>(GER)<\/em><strong><em> &#8211; FC Villarreal <\/em><\/strong><em>(ESP)<\/em><strong><em> (21.00 Uhr)<\/em><\/strong><br><img loading=\"lazy\" decoding=\"async\" width=\"10\" height=\"21\" class=\"wp-image-3656\" style=\"width: 10px;\" src=\"http:\/\/kommentatorenblog.de\/wp-content\/uploads\/2020\/09\/shure-55sh-ii-e1601485394796.jpg\" alt=\"\" srcset=\"https:\/\/kommentatorenblog.de\/wp-content\/uploads\/2020\/09\/shure-55sh-ii-e1601485394796.jpg 415w, https:\/\/kommentatorenblog.de\/wp-content\/uploads\/2020\/09\/shure-55sh-ii-e1601485394796-142x300.jpg 142w\" sizes=\"auto, (max-width: 10px) 100vw, 10px\" \/> Hannes Herrmann, Experte: Benedikt H\u00f6wedes<br>Field-Reporter:innen: Cayana Freeman und Sebastian Benesch<br>Moderation: Jonas Friedrich, Expert:innen: Mats Hummels, Christoph Kramer und Josephine Henning, Schiedsrichter-Experte: Lutz Wagner<\/p>\n\n\n\n<p><strong><em>Highlight-Show (23.00 Uhr)<br><\/em><\/strong>Moderation: Lena Cassel, Experte: Patrick Owomoyela<\/p>\n\n\n\n<p><span style=\"text-decoration: underline;\">ab 20.15 Uhr (DAZN)<\/span><\/p>\n\n\n\n<p><strong><em>Manchester City <\/em><\/strong><em>(ENG)<\/em><strong><em> &#8211; Bayer 04 Leverkusen <\/em><\/strong><em>(GER)<\/em><strong><em> (21.00 Uhr)<\/em><\/strong><br><img loading=\"lazy\" decoding=\"async\" width=\"10\" height=\"21\" class=\"wp-image-3656\" style=\"width: 10px;\" src=\"http:\/\/kommentatorenblog.de\/wp-content\/uploads\/2020\/09\/shure-55sh-ii-e1601485394796.jpg\" alt=\"\" srcset=\"https:\/\/kommentatorenblog.de\/wp-content\/uploads\/2020\/09\/shure-55sh-ii-e1601485394796.jpg 415w, https:\/\/kommentatorenblog.de\/wp-content\/uploads\/2020\/09\/shure-55sh-ii-e1601485394796-142x300.jpg 142w\" sizes=\"auto, (max-width: 10px) 100vw, 10px\" \/> Uli Hebel, Experte: Nils Petersen (Einzelspiel), Lukas Sch\u00f6nm\u00fcller (Konferenz)<br>Moderation: Daniel Herzog<\/p>\n\n\n\n<p><em><strong><em>Bod\u00f6\/Glimt<\/em><\/strong><em> (NOR)<\/em><strong><em> &#8211; Juventus Turin<\/em><\/strong><em> (ITA)<\/em><strong><em> (21.00 Uhr)<br><\/em><\/strong><\/em><img loading=\"lazy\" decoding=\"async\" width=\"10\" height=\"21\" class=\"wp-image-3656\" style=\"width: 10px;\" src=\"http:\/\/kommentatorenblog.de\/wp-content\/uploads\/2020\/09\/shure-55sh-ii-e1601485394796.jpg\" alt=\"\" srcset=\"https:\/\/kommentatorenblog.de\/wp-content\/uploads\/2020\/09\/shure-55sh-ii-e1601485394796.jpg 415w, https:\/\/kommentatorenblog.de\/wp-content\/uploads\/2020\/09\/shure-55sh-ii-e1601485394796-142x300.jpg 142w\" sizes=\"auto, (max-width: 10px) 100vw, 10px\" \/> Christina Rann (Einzelspiel), Nico Seepe (Konferenz)<\/p>\n\n\n\n<p><em><strong><em>Slavia Prag <\/em><\/strong><em>(CZE)<\/em><strong><em> &#8211; Athletic Bilbao <\/em><\/strong><em>(ESP)<\/em><strong><em> (21.00 Uhr)<br><\/em><\/strong><\/em><img loading=\"lazy\" decoding=\"async\" width=\"10\" height=\"21\" class=\"wp-image-3656\" style=\"width: 10px;\" src=\"http:\/\/kommentatorenblog.de\/wp-content\/uploads\/2020\/09\/shure-55sh-ii-e1601485394796.jpg\" alt=\"\" srcset=\"https:\/\/kommentatorenblog.de\/wp-content\/uploads\/2020\/09\/shure-55sh-ii-e1601485394796.jpg 415w, https:\/\/kommentatorenblog.de\/wp-content\/uploads\/2020\/09\/shure-55sh-ii-e1601485394796-142x300.jpg 142w\" sizes=\"auto, (max-width: 10px) 100vw, 10px\" \/> Benni Zander (Einzelspiel), Oliver Forster (Konferenz)<\/p>\n\n\n\n<p><em><strong><em>FC Chelsea <\/em><\/strong><em>(ENG)<\/em><strong><em> &#8211; FC Barcelona <\/em><\/strong><em>(ESP) <\/em><strong><em>(21.00 Uhr)<br><\/em><\/strong><\/em><img loading=\"lazy\" decoding=\"async\" width=\"10\" height=\"21\" class=\"wp-image-3656\" style=\"width: 10px;\" src=\"http:\/\/kommentatorenblog.de\/wp-content\/uploads\/2020\/09\/shure-55sh-ii-e1601485394796.jpg\" alt=\"\" srcset=\"https:\/\/kommentatorenblog.de\/wp-content\/uploads\/2020\/09\/shure-55sh-ii-e1601485394796.jpg 415w, https:\/\/kommentatorenblog.de\/wp-content\/uploads\/2020\/09\/shure-55sh-ii-e1601485394796-142x300.jpg 142w\" sizes=\"auto, (max-width: 10px) 100vw, 10px\" \/> Freddie Schulz (Einzelspiel), Marco Hagemann (Konferenz)<\/p>\n\n\n\n<p><em><strong><em>Olympique Marseille <\/em><\/strong><em>(FRA)<\/em><strong><em> &#8211; Newcastle United <\/em><\/strong><em>(ENG) <\/em><strong><em>(21.00 Uhr)<br><\/em><\/strong><\/em><img loading=\"lazy\" decoding=\"async\" width=\"10\" height=\"21\" class=\"wp-image-3656\" style=\"width: 10px;\" src=\"http:\/\/kommentatorenblog.de\/wp-content\/uploads\/2020\/09\/shure-55sh-ii-e1601485394796.jpg\" alt=\"\" srcset=\"https:\/\/kommentatorenblog.de\/wp-content\/uploads\/2020\/09\/shure-55sh-ii-e1601485394796.jpg 415w, https:\/\/kommentatorenblog.de\/wp-content\/uploads\/2020\/09\/shure-55sh-ii-e1601485394796-142x300.jpg 142w\" sizes=\"auto, (max-width: 10px) 100vw, 10px\" \/> Stephanie Baczyk (Einzelspiel), Jan Platte (Konferenz)<\/p>\n\n\n\n<p><em><strong><em>SSC Neapel <\/em><\/strong><em>(ITA)<\/em><strong><em> &#8211; Qarabag Agdam <\/em><\/strong><em>(AZE)<\/em><strong><em> (21.00 Uhr)<br><\/em><\/strong><\/em><img loading=\"lazy\" decoding=\"async\" width=\"10\" height=\"21\" class=\"wp-image-3656\" style=\"width: 10px;\" src=\"http:\/\/kommentatorenblog.de\/wp-content\/uploads\/2020\/09\/shure-55sh-ii-e1601485394796.jpg\" alt=\"\" srcset=\"https:\/\/kommentatorenblog.de\/wp-content\/uploads\/2020\/09\/shure-55sh-ii-e1601485394796.jpg 415w, https:\/\/kommentatorenblog.de\/wp-content\/uploads\/2020\/09\/shure-55sh-ii-e1601485394796-142x300.jpg 142w\" sizes=\"auto, (max-width: 10px) 100vw, 10px\" \/> Marcel Seufert (Einzelspiel), Max Gross (Konferenz)<\/p>\n\n\n\n<p>Moderation (Konferenz): Daniel Herzog<\/p>\n\n\n\n<p><span style=\"text-decoration: underline;\">Mittwoch, 26. November 2025, ab 18.25 Uhr (DAZN)<\/span><\/p>\n\n\n\n<p><strong><em>FC Kopenhagen <\/em><\/strong><em>(DEN)<\/em><strong><em> &#8211; Qairat Almaty <\/em><\/strong><em>(KAZ)<\/em><strong><em> (18.45 Uhr)<\/em><\/strong><br><img loading=\"lazy\" decoding=\"async\" width=\"10\" height=\"21\" class=\"wp-image-3656\" style=\"width: 10px;\" src=\"http:\/\/kommentatorenblog.de\/wp-content\/uploads\/2020\/09\/shure-55sh-ii-e1601485394796.jpg\" alt=\"\" srcset=\"https:\/\/kommentatorenblog.de\/wp-content\/uploads\/2020\/09\/shure-55sh-ii-e1601485394796.jpg 415w, https:\/\/kommentatorenblog.de\/wp-content\/uploads\/2020\/09\/shure-55sh-ii-e1601485394796-142x300.jpg 142w\" sizes=\"auto, (max-width: 10px) 100vw, 10px\" \/> Manuel Angstenberger (Einzelspiel), Simon Sterzer (Konferenz)<\/p>\n\n\n\n<p><strong><em>Pafos FC <\/em><\/strong><em>(CYP)<\/em><strong><em> &#8211; AS Monaco <\/em><\/strong><em>(FRA)<\/em><strong><em> (18.45 Uhr)<\/em><\/strong><br><img loading=\"lazy\" decoding=\"async\" width=\"10\" height=\"21\" class=\"wp-image-3656\" style=\"width: 10px;\" src=\"http:\/\/kommentatorenblog.de\/wp-content\/uploads\/2020\/09\/shure-55sh-ii-e1601485394796.jpg\" alt=\"\" srcset=\"https:\/\/kommentatorenblog.de\/wp-content\/uploads\/2020\/09\/shure-55sh-ii-e1601485394796.jpg 415w, https:\/\/kommentatorenblog.de\/wp-content\/uploads\/2020\/09\/shure-55sh-ii-e1601485394796-142x300.jpg 142w\" sizes=\"auto, (max-width: 10px) 100vw, 10px\" \/> Stefan Galler (Einzelspiel), Nico Seepe (Konferenz)<\/p>\n\n\n\n<p><span style=\"text-decoration: underline;\">ab 20.00 Uhr (DAZN)<\/span><\/p>\n\n\n\n<p><strong><em>FC Arsenal <\/em><\/strong><em>(ENG)<\/em><strong><em> &#8211; FC Bayern M\u00fcnchen <\/em><\/strong><em>(GER)<\/em><strong><em> (21.00 Uhr)<\/em><\/strong><br><img loading=\"lazy\" decoding=\"async\" width=\"10\" height=\"21\" class=\"wp-image-3656\" style=\"width: 10px;\" src=\"http:\/\/kommentatorenblog.de\/wp-content\/uploads\/2020\/09\/shure-55sh-ii-e1601485394796.jpg\" alt=\"\" srcset=\"https:\/\/kommentatorenblog.de\/wp-content\/uploads\/2020\/09\/shure-55sh-ii-e1601485394796.jpg 415w, https:\/\/kommentatorenblog.de\/wp-content\/uploads\/2020\/09\/shure-55sh-ii-e1601485394796-142x300.jpg 142w\" sizes=\"auto, (max-width: 10px) 100vw, 10px\" \/> Freddy Harder, Experte: Michael Ballack (Einzelspiel), Lukas Sch\u00f6nm\u00fcller (Konferenz)<br>Moderation: Max Siebald, Field-Reporter: Conan Furlong<\/p>\n\n\n\n<p><span style=\"text-decoration: underline;\">ab 20.15 Uhr (DAZN &#8211; Konferenz) bzw. ab 20.30 Uhr (DAZN &#8211; Einzelspiel)<\/span><\/p>\n\n\n\n<p><strong><em>Eintracht Frankfurt <\/em><\/strong><em>(GER)<\/em><strong><em> &#8211; Atalanta Bergamo <\/em><\/strong><em>(ITA)<\/em><strong><em> (21.00 Uhr)<\/em><\/strong><br><img loading=\"lazy\" decoding=\"async\" width=\"10\" height=\"21\" class=\"wp-image-3656\" style=\"width: 10px;\" src=\"http:\/\/kommentatorenblog.de\/wp-content\/uploads\/2020\/09\/shure-55sh-ii-e1601485394796.jpg\" alt=\"\" srcset=\"https:\/\/kommentatorenblog.de\/wp-content\/uploads\/2020\/09\/shure-55sh-ii-e1601485394796.jpg 415w, https:\/\/kommentatorenblog.de\/wp-content\/uploads\/2020\/09\/shure-55sh-ii-e1601485394796-142x300.jpg 142w\" sizes=\"auto, (max-width: 10px) 100vw, 10px\" \/> Marco Hagemann, Expertin: Dr. Turid Knaak (Einzelspiel), Jan Platte (Konferenz)<br>Moderation: Mario Rieker<\/p>\n\n\n\n<p><span style=\"text-decoration: underline;\">ab 20.15 Uhr (DAZN)<\/span><\/p>\n\n\n\n<p><strong><em>Atl\u00e9tco Madrid <\/em><\/strong><em>(ESP)<\/em><strong><em> &#8211; Inter Mailand <\/em><\/strong><em>(ITA)<\/em><strong><em> (21.00 Uhr)<\/em><\/strong><br><img loading=\"lazy\" decoding=\"async\" width=\"10\" height=\"21\" class=\"wp-image-3656\" style=\"width: 10px;\" src=\"http:\/\/kommentatorenblog.de\/wp-content\/uploads\/2020\/09\/shure-55sh-ii-e1601485394796.jpg\" alt=\"\" srcset=\"https:\/\/kommentatorenblog.de\/wp-content\/uploads\/2020\/09\/shure-55sh-ii-e1601485394796.jpg 415w, https:\/\/kommentatorenblog.de\/wp-content\/uploads\/2020\/09\/shure-55sh-ii-e1601485394796-142x300.jpg 142w\" sizes=\"auto, (max-width: 10px) 100vw, 10px\" \/> Carsten Fu\u00df (Einzelspiel), Christina Rann (Konferenz)<\/p>\n\n\n\n<p><strong><em>FC Liverpool <\/em><\/strong><em>(ENG)<\/em><strong><em> &#8211; PSV Eindhoven <\/em><\/strong><em>(NED)<\/em><strong><em> (21.00 Uhr)<\/em><\/strong><br><img loading=\"lazy\" decoding=\"async\" width=\"10\" height=\"21\" class=\"wp-image-3656\" style=\"width: 10px;\" src=\"http:\/\/kommentatorenblog.de\/wp-content\/uploads\/2020\/09\/shure-55sh-ii-e1601485394796.jpg\" alt=\"\" srcset=\"https:\/\/kommentatorenblog.de\/wp-content\/uploads\/2020\/09\/shure-55sh-ii-e1601485394796.jpg 415w, https:\/\/kommentatorenblog.de\/wp-content\/uploads\/2020\/09\/shure-55sh-ii-e1601485394796-142x300.jpg 142w\" sizes=\"auto, (max-width: 10px) 100vw, 10px\" \/> Uli Hebel (Einzelspiel), Marcel Seufert (Konferenz)<\/p>\n\n\n\n<p><strong><em>Paris Saint-Germain <\/em><\/strong><em>(FRA)<\/em><strong><em> &#8211; Tottenham Hotspur <\/em><\/strong><em>(ENG)<\/em><strong><em> (21.00 Uhr)<\/em><\/strong><br><img loading=\"lazy\" decoding=\"async\" width=\"10\" height=\"21\" class=\"wp-image-3656\" style=\"width: 10px;\" src=\"http:\/\/kommentatorenblog.de\/wp-content\/uploads\/2020\/09\/shure-55sh-ii-e1601485394796.jpg\" alt=\"\" srcset=\"https:\/\/kommentatorenblog.de\/wp-content\/uploads\/2020\/09\/shure-55sh-ii-e1601485394796.jpg 415w, https:\/\/kommentatorenblog.de\/wp-content\/uploads\/2020\/09\/shure-55sh-ii-e1601485394796-142x300.jpg 142w\" sizes=\"auto, (max-width: 10px) 100vw, 10px\" \/> Chris Putz (Einzelspiel), Michael Born (Konferenz)<\/p>\n\n\n\n<p><strong><em>Olympiakos Pir\u00e4us <\/em><\/strong><em>(GRE)<\/em><strong><em> &#8211; Real Madrid <\/em><\/strong><em>(ESP)<\/em><strong><em> (21.00 Uhr)<\/em><\/strong><br><img loading=\"lazy\" decoding=\"async\" width=\"10\" height=\"21\" class=\"wp-image-3656\" style=\"width: 10px;\" src=\"http:\/\/kommentatorenblog.de\/wp-content\/uploads\/2020\/09\/shure-55sh-ii-e1601485394796.jpg\" alt=\"\" srcset=\"https:\/\/kommentatorenblog.de\/wp-content\/uploads\/2020\/09\/shure-55sh-ii-e1601485394796.jpg 415w, https:\/\/kommentatorenblog.de\/wp-content\/uploads\/2020\/09\/shure-55sh-ii-e1601485394796-142x300.jpg 142w\" sizes=\"auto, (max-width: 10px) 100vw, 10px\" \/> Max Gross (Einzelspiel), Tom Kirsten (Konferenz)<\/p>\n\n\n\n<p><strong><em>Sporting Lissabon <\/em><\/strong><em>(POR)<\/em><strong><em> &#8211; Club Br\u00fcgge <\/em><\/strong><em>(BEL)<\/em><strong><em> (21.00 Uhr)<\/em><\/strong><br><img loading=\"lazy\" decoding=\"async\" width=\"10\" height=\"21\" class=\"wp-image-3656\" style=\"width: 10px;\" src=\"http:\/\/kommentatorenblog.de\/wp-content\/uploads\/2020\/09\/shure-55sh-ii-e1601485394796.jpg\" alt=\"\" srcset=\"https:\/\/kommentatorenblog.de\/wp-content\/uploads\/2020\/09\/shure-55sh-ii-e1601485394796.jpg 415w, https:\/\/kommentatorenblog.de\/wp-content\/uploads\/2020\/09\/shure-55sh-ii-e1601485394796-142x300.jpg 142w\" sizes=\"auto, (max-width: 10px) 100vw, 10px\" \/> Flo Hauser (Einzelspiel), Jan Wochner (Konferenz)<\/p>\n\n\n\n<p>Moderation (Konferenz): Tobi Wahnschaffe<\/p>\n\n\n\n<hr class=\"wp-block-separator has-alpha-channel-opacity\"\/>\n\n\n\n<p><strong>UEFA Europa League, Ligaphase, 5. Spieltag \/ UEFA Conference League, Ligaphase, 4. Spieltag (<mark style=\"background-color:rgba(0, 0, 0, 0)\" class=\"has-inline-color has-vivid-purple-color\">RTL<\/mark>\/<mark style=\"background-color:rgba(0, 0, 0, 0)\" class=\"has-inline-color has-vivid-purple-color\">RTL+<\/mark>\/Sky)<\/strong><\/p>\n\n\n\n<p><span style=\"text-decoration: underline;\">Donnerstag, 06. November 2025, ab 18.15 Uhr (<mark style=\"background-color:rgba(0, 0, 0, 0)\" class=\"has-inline-color has-vivid-purple-color\">RTL+<\/mark>)<\/span><\/p>\n\n\n\n<p><strong><em>FC Viktoria Pilsen &#8211; SC Freiburg (18.45 Uhr)<br><\/em><\/strong><img loading=\"lazy\" decoding=\"async\" width=\"10\" height=\"21\" class=\"wp-image-3656\" style=\"width: 10px;\" src=\"http:\/\/kommentatorenblog.de\/wp-content\/uploads\/2020\/09\/shure-55sh-ii-e1601485394796.jpg\" alt=\"\" srcset=\"https:\/\/kommentatorenblog.de\/wp-content\/uploads\/2020\/09\/shure-55sh-ii-e1601485394796.jpg 415w, https:\/\/kommentatorenblog.de\/wp-content\/uploads\/2020\/09\/shure-55sh-ii-e1601485394796-142x300.jpg 142w\" sizes=\"auto, (max-width: 10px) 100vw, 10px\" \/> <s>Christian Stra\u00dfburger<\/s> Michael Born (Einzelspiel), <s>Michael Born<\/s> Christian Stra\u00dfburger (Konferenz)<br>Field-Reporter: Jonas Gerdes<\/p>\n\n\n\n<p><strong><em>Universitatea Craiova &#8211; 1. FSV Mainz 05 (18.45 Uhr)<br><\/em><\/strong><img loading=\"lazy\" decoding=\"async\" width=\"10\" height=\"21\" class=\"wp-image-3656\" style=\"width: 10px;\" src=\"http:\/\/kommentatorenblog.de\/wp-content\/uploads\/2020\/09\/shure-55sh-ii-e1601485394796.jpg\" alt=\"\" srcset=\"https:\/\/kommentatorenblog.de\/wp-content\/uploads\/2020\/09\/shure-55sh-ii-e1601485394796.jpg 415w, https:\/\/kommentatorenblog.de\/wp-content\/uploads\/2020\/09\/shure-55sh-ii-e1601485394796-142x300.jpg 142w\" sizes=\"auto, (max-width: 10px) 100vw, 10px\" \/> Jochen Stutzky (Einzelspiel), Klaus Veltman (Konferenz)<br>Field-Reporter: Christoph K\u00fcppers<\/p>\n\n\n\n<p><strong><em>Aston Villa FC &#8211; Young Boys Bern (18.45 Uhr)<br><\/em><\/strong><img loading=\"lazy\" decoding=\"async\" width=\"10\" height=\"21\" class=\"wp-image-3656\" style=\"width: 10px;\" src=\"http:\/\/kommentatorenblog.de\/wp-content\/uploads\/2020\/09\/shure-55sh-ii-e1601485394796.jpg\" alt=\"\" srcset=\"https:\/\/kommentatorenblog.de\/wp-content\/uploads\/2020\/09\/shure-55sh-ii-e1601485394796.jpg 415w, https:\/\/kommentatorenblog.de\/wp-content\/uploads\/2020\/09\/shure-55sh-ii-e1601485394796-142x300.jpg 142w\" sizes=\"auto, (max-width: 10px) 100vw, 10px\" \/> Julian Engelhard (Einzelspiel), Stefan Fuckert (Konferenz)<\/p>\n\n\n\n<p><strong><em>Fenerbahce Istanbul &#8211; Ferencvaros Budapest (18.45 Uhr)<br><\/em><\/strong><img loading=\"lazy\" decoding=\"async\" width=\"10\" height=\"21\" class=\"wp-image-3656\" style=\"width: 10px;\" src=\"http:\/\/kommentatorenblog.de\/wp-content\/uploads\/2020\/09\/shure-55sh-ii-e1601485394796.jpg\" alt=\"\" srcset=\"https:\/\/kommentatorenblog.de\/wp-content\/uploads\/2020\/09\/shure-55sh-ii-e1601485394796.jpg 415w, https:\/\/kommentatorenblog.de\/wp-content\/uploads\/2020\/09\/shure-55sh-ii-e1601485394796-142x300.jpg 142w\" sizes=\"auto, (max-width: 10px) 100vw, 10px\" \/> Christoph Stadtler (Einzelspiel), Peter Reichert (Konferenz)<\/p>\n\n\n\n<p><span style=\"text-decoration: underline;\">ab 18.15 Uhr (<mark style=\"background-color:rgba(0, 0, 0, 0)\" class=\"has-inline-color has-vivid-purple-color\">RTL+<\/mark>) bzw. ab 18.35 Uhr (Sky)<\/span><\/p>\n\n\n\n<p><strong><em>Feyenoord Rotterdam &#8211; Celtic Glasgow (18.45 Uhr)<\/em><\/strong><br><img loading=\"lazy\" decoding=\"async\" width=\"10\" height=\"21\" class=\"wp-image-3656\" style=\"width: 10px;\" src=\"http:\/\/kommentatorenblog.de\/wp-content\/uploads\/2020\/09\/shure-55sh-ii-e1601485394796.jpg\" alt=\"\" srcset=\"https:\/\/kommentatorenblog.de\/wp-content\/uploads\/2020\/09\/shure-55sh-ii-e1601485394796.jpg 415w, https:\/\/kommentatorenblog.de\/wp-content\/uploads\/2020\/09\/shure-55sh-ii-e1601485394796-142x300.jpg 142w\" sizes=\"auto, (max-width: 10px) 100vw, 10px\" \/> <em><mark style=\"background-color:rgba(0, 0, 0, 0)\" class=\"has-inline-color has-vivid-purple-color\">RTL+<\/mark><\/em>\/<em>Sky<\/em>: Alex K\u00fcpper (Einzelspiel)<br><img loading=\"lazy\" decoding=\"async\" width=\"10\" height=\"21\" class=\"wp-image-3656\" style=\"width: 10px;\" src=\"http:\/\/kommentatorenblog.de\/wp-content\/uploads\/2020\/09\/shure-55sh-ii-e1601485394796.jpg\" alt=\"\" srcset=\"https:\/\/kommentatorenblog.de\/wp-content\/uploads\/2020\/09\/shure-55sh-ii-e1601485394796.jpg 415w, https:\/\/kommentatorenblog.de\/wp-content\/uploads\/2020\/09\/shure-55sh-ii-e1601485394796-142x300.jpg 142w\" sizes=\"auto, (max-width: 10px) 100vw, 10px\" \/> <em><mark style=\"background-color:rgba(0, 0, 0, 0)\" class=\"has-inline-color has-vivid-purple-color\">RTL+<\/mark><\/em>: Rene Langhoff (Konferenz)<\/p>\n\n\n\n<p><span style=\"text-decoration: underline;\">ab <s>20.15<\/s> 20.35 Uhr (<mark style=\"background-color:rgba(0, 0, 0, 0)\" class=\"has-inline-color has-vivid-purple-color\">RTL<\/mark>) bzw. ab 20.30 Uhr (<mark style=\"background-color:rgba(0, 0, 0, 0)\" class=\"has-inline-color has-vivid-purple-color\">RTL+<\/mark>)<\/span><\/p>\n\n\n\n<p><strong><em>Go ahead Eagles Deventer &#8211; VfB Stuttgart (21.00 Uhr)<\/em><\/strong><\/p>\n\n\n\n<p><img loading=\"lazy\" decoding=\"async\" width=\"10\" height=\"21\" class=\"wp-image-3656\" style=\"width: 10px;\" src=\"http:\/\/kommentatorenblog.de\/wp-content\/uploads\/2020\/09\/shure-55sh-ii-e1601485394796.jpg\" alt=\"\" srcset=\"https:\/\/kommentatorenblog.de\/wp-content\/uploads\/2020\/09\/shure-55sh-ii-e1601485394796.jpg 415w, https:\/\/kommentatorenblog.de\/wp-content\/uploads\/2020\/09\/shure-55sh-ii-e1601485394796-142x300.jpg 142w\" sizes=\"auto, (max-width: 10px) 100vw, 10px\" \/> <em><mark style=\"background-color:rgba(0, 0, 0, 0)\" class=\"has-inline-color has-vivid-purple-color\">RTL<\/mark><\/em>: Wolff Fuss, Experte: Lothar Matth\u00e4us<br>Moderation (<em><mark style=\"background-color:rgba(0, 0, 0, 0)\" class=\"has-inline-color has-vivid-purple-color\">RTL<\/mark><\/em>): Laura Papendick<\/p>\n\n\n\n<p><img loading=\"lazy\" decoding=\"async\" width=\"10\" height=\"21\" class=\"wp-image-3656\" style=\"width: 10px;\" src=\"http:\/\/kommentatorenblog.de\/wp-content\/uploads\/2020\/09\/shure-55sh-ii-e1601485394796.jpg\" alt=\"\" srcset=\"https:\/\/kommentatorenblog.de\/wp-content\/uploads\/2020\/09\/shure-55sh-ii-e1601485394796.jpg 415w, https:\/\/kommentatorenblog.de\/wp-content\/uploads\/2020\/09\/shure-55sh-ii-e1601485394796-142x300.jpg 142w\" sizes=\"auto, (max-width: 10px) 100vw, 10px\" \/> <em><mark style=\"background-color:rgba(0, 0, 0, 0)\" class=\"has-inline-color has-vivid-purple-color\">RTL+<\/mark><\/em>: Cornelius K\u00fcpper (Einzelspiel), Robby Hunke (Konferenz)<\/p>\n\n\n\n<p>Field-Reporter: Felix G\u00f6rner und Jessica Matyschok<\/p>\n\n\n\n<p><span style=\"text-decoration: underline;\">ab 20.30 Uhr (<mark style=\"background-color:rgba(0, 0, 0, 0)\" class=\"has-inline-color has-vivid-purple-color\">RTL+<\/mark>)<\/span><\/p>\n\n\n\n<p><strong><em>Glagow Rangers \u2013 SC Braga (21.00 Uhr)<br><\/em><\/strong><img loading=\"lazy\" decoding=\"async\" width=\"10\" height=\"21\" class=\"wp-image-3656\" style=\"width: 10px;\" src=\"http:\/\/kommentatorenblog.de\/wp-content\/uploads\/2020\/09\/shure-55sh-ii-e1601485394796.jpg\" alt=\"\" srcset=\"https:\/\/kommentatorenblog.de\/wp-content\/uploads\/2020\/09\/shure-55sh-ii-e1601485394796.jpg 415w, https:\/\/kommentatorenblog.de\/wp-content\/uploads\/2020\/09\/shure-55sh-ii-e1601485394796-142x300.jpg 142w\" sizes=\"auto, (max-width: 10px) 100vw, 10px\" \/> Benedikt Brinsa (Einzelspiel), Jan Wochner (Konferenz)<\/p>\n\n\n\n<p><strong><em>FC Bologna &#8211; FC Salzburg<\/em><\/strong> <strong><em>(21.00 Uhr)<br><\/em><\/strong><img loading=\"lazy\" decoding=\"async\" width=\"10\" height=\"21\" class=\"wp-image-3656\" style=\"width: 10px;\" src=\"http:\/\/kommentatorenblog.de\/wp-content\/uploads\/2020\/09\/shure-55sh-ii-e1601485394796.jpg\" alt=\"\" srcset=\"https:\/\/kommentatorenblog.de\/wp-content\/uploads\/2020\/09\/shure-55sh-ii-e1601485394796.jpg 415w, https:\/\/kommentatorenblog.de\/wp-content\/uploads\/2020\/09\/shure-55sh-ii-e1601485394796-142x300.jpg 142w\" sizes=\"auto, (max-width: 10px) 100vw, 10px\" \/> <s>Freddie Schulz<\/s> Max Giesen (Einzelspiel), Tim Hemmrich (Konferenz)<\/p>\n\n\n\n<p><strong><em>AC Florenz &#8211; AEK Athen<\/em><\/strong> <strong><em>(21.00 Uhr)<br><\/em><\/strong><img loading=\"lazy\" decoding=\"async\" width=\"10\" height=\"21\" class=\"wp-image-3656\" style=\"width: 10px;\" src=\"http:\/\/kommentatorenblog.de\/wp-content\/uploads\/2020\/09\/shure-55sh-ii-e1601485394796.jpg\" alt=\"\" srcset=\"https:\/\/kommentatorenblog.de\/wp-content\/uploads\/2020\/09\/shure-55sh-ii-e1601485394796.jpg 415w, https:\/\/kommentatorenblog.de\/wp-content\/uploads\/2020\/09\/shure-55sh-ii-e1601485394796-142x300.jpg 142w\" sizes=\"auto, (max-width: 10px) 100vw, 10px\" \/> Florian von Stackelberg (Einzelspiel), Oliver Seidler (Konferenz)<\/p>\n\n\n\n<p><span style=\"text-decoration: underline;\">ab 20.30 Uhr (<mark style=\"background-color:rgba(0, 0, 0, 0)\" class=\"has-inline-color has-vivid-purple-color\">RTL+<\/mark>) bzw. ab 20.50 Uhr (Sky)<\/span><\/p>\n\n\n\n<p><strong><em>Nottingham Forest &#8211; Malm\u00f6 FF (21.00 Uhr)<br><\/em><\/strong><img loading=\"lazy\" decoding=\"async\" width=\"10\" height=\"21\" class=\"wp-image-3656\" style=\"width: 10px;\" src=\"http:\/\/kommentatorenblog.de\/wp-content\/uploads\/2020\/09\/shure-55sh-ii-e1601485394796.jpg\" alt=\"\" srcset=\"https:\/\/kommentatorenblog.de\/wp-content\/uploads\/2020\/09\/shure-55sh-ii-e1601485394796.jpg 415w, https:\/\/kommentatorenblog.de\/wp-content\/uploads\/2020\/09\/shure-55sh-ii-e1601485394796-142x300.jpg 142w\" sizes=\"auto, (max-width: 10px) 100vw, 10px\" \/> <em><mark style=\"background-color:rgba(0, 0, 0, 0)\" class=\"has-inline-color has-vivid-purple-color\">RTL+<\/mark><\/em>\/<em>Sky<\/em>: Christina Rann (Einzelspiel)<br><img loading=\"lazy\" decoding=\"async\" width=\"10\" height=\"21\" class=\"wp-image-3656\" style=\"width: 10px;\" src=\"http:\/\/kommentatorenblog.de\/wp-content\/uploads\/2020\/09\/shure-55sh-ii-e1601485394796.jpg\" alt=\"\" srcset=\"https:\/\/kommentatorenblog.de\/wp-content\/uploads\/2020\/09\/shure-55sh-ii-e1601485394796.jpg 415w, https:\/\/kommentatorenblog.de\/wp-content\/uploads\/2020\/09\/shure-55sh-ii-e1601485394796-142x300.jpg 142w\" sizes=\"auto, (max-width: 10px) 100vw, 10px\" \/> <em><mark style=\"background-color:rgba(0, 0, 0, 0)\" class=\"has-inline-color has-vivid-purple-color\">RTL+<\/mark><\/em>: J\u00fcrgen Schmitz (Konferenz)<\/p>\n\n\n\n<p>Moderation (<em><mark style=\"background-color:rgba(0, 0, 0, 0)\" class=\"has-inline-color has-vivid-purple-color\">RTL+<\/mark><\/em>): Jana Wosnitza, Experte: Patrick Helmes, Community Host: Julius Fellermann<\/p>\n\n\n\n<hr class=\"wp-block-separator has-alpha-channel-opacity\"\/>\n\n\n\n<p><strong>UEFA Youth League, Ligaphase, 5. Spieltag (DAZN)<\/strong><\/p>\n\n\n\n<p><span style=\"text-decoration: underline;\">Dienstag, 25. November 2025<\/span><\/p>\n\n\n\n<p><strong><em>Borussia Dortmund U19 &#8211; FC Villarreal U19 (16.00 Uhr)<\/em><\/strong><br><img loading=\"lazy\" decoding=\"async\" width=\"10\" height=\"21\" class=\"wp-image-3656\" style=\"width: 10px;\" src=\"http:\/\/kommentatorenblog.de\/wp-content\/uploads\/2020\/09\/shure-55sh-ii-e1601485394796.jpg\" alt=\"\" srcset=\"https:\/\/kommentatorenblog.de\/wp-content\/uploads\/2020\/09\/shure-55sh-ii-e1601485394796.jpg 415w, https:\/\/kommentatorenblog.de\/wp-content\/uploads\/2020\/09\/shure-55sh-ii-e1601485394796-142x300.jpg 142w\" sizes=\"auto, (max-width: 10px) 100vw, 10px\" \/> Martin Kern<\/p>\n\n\n\n<hr class=\"wp-block-separator has-alpha-channel-opacity\"\/>\n\n\n\n<p><strong>EFL Championship (ENG), 17. Spieltag (Sky)<\/strong><\/p>\n\n\n\n<p><span style=\"text-decoration: underline;\">Dienstag, 25. November 2025, ab 20.50 Uhr<\/span><\/p>\n\n\n\n<p><strong><em>FC Southampton &#8211; Leicester City (21.00 Uhr)<\/em><\/strong><br><img loading=\"lazy\" decoding=\"async\" width=\"10\" height=\"21\" class=\"wp-image-3656\" style=\"width: 10px;\" src=\"http:\/\/kommentatorenblog.de\/wp-content\/uploads\/2020\/09\/shure-55sh-ii-e1601485394796.jpg\" alt=\"\" srcset=\"https:\/\/kommentatorenblog.de\/wp-content\/uploads\/2020\/09\/shure-55sh-ii-e1601485394796.jpg 415w, https:\/\/kommentatorenblog.de\/wp-content\/uploads\/2020\/09\/shure-55sh-ii-e1601485394796-142x300.jpg 142w\" sizes=\"auto, (max-width: 10px) 100vw, 10px\" \/> Joachim Hebel<\/p>\n\n\n\n<hr class=\"wp-block-separator has-alpha-channel-opacity\"\/>\n\n\n\n<p><strong><strong>Campeonato Brasileiro<\/strong><\/strong> <strong>(BRA), 35. Spieltag (<mark style=\"background-color:rgba(0, 0, 0, 0)\" class=\"has-inline-color has-pale-cyan-blue-color\">Sportdigital Fu\u00dfball<\/mark>)<\/strong><\/p>\n\n\n\n<p><span style=\"text-decoration: underline;\">Mittwoch, 26. November 2025<\/span><\/p>\n\n\n\n<p><em><strong>Atletico Mineiro &#8211; Flamengo<\/strong><\/em> <em><strong>(01.30 Uhr)<\/strong><\/em><br><img loading=\"lazy\" decoding=\"async\" width=\"10\" height=\"21\" class=\"wp-image-3656\" style=\"width: 10px;\" src=\"http:\/\/kommentatorenblog.de\/wp-content\/uploads\/2020\/09\/shure-55sh-ii-e1601485394796.jpg\" alt=\"\" srcset=\"https:\/\/kommentatorenblog.de\/wp-content\/uploads\/2020\/09\/shure-55sh-ii-e1601485394796.jpg 415w, https:\/\/kommentatorenblog.de\/wp-content\/uploads\/2020\/09\/shure-55sh-ii-e1601485394796-142x300.jpg 142w\" sizes=\"auto, (max-width: 10px) 100vw, 10px\" \/> Arne Malsch<\/p>\n\n\n\n<hr class=\"wp-block-separator has-alpha-channel-opacity\"\/>\n\n\n\n<p><strong>FIFA U17 WM 2025, Finale (Sky)<\/strong><\/p>\n\n\n\n<p><span style=\"text-decoration: underline;\">Donnerstag, 27. November 2025, ab 16.45 Uhr<\/span><\/p>\n\n\n\n<p><strong><em>Portugal &#8211; \u00d6sterreich (17.00 Uhr)<\/em><\/strong><br><img loading=\"lazy\" decoding=\"async\" width=\"10\" height=\"21\" class=\"wp-image-3656\" style=\"width: 10px;\" src=\"http:\/\/kommentatorenblog.de\/wp-content\/uploads\/2020\/09\/shure-55sh-ii-e1601485394796.jpg\" alt=\"\" srcset=\"https:\/\/kommentatorenblog.de\/wp-content\/uploads\/2020\/09\/shure-55sh-ii-e1601485394796.jpg 415w, https:\/\/kommentatorenblog.de\/wp-content\/uploads\/2020\/09\/shure-55sh-ii-e1601485394796-142x300.jpg 142w\" sizes=\"auto, (max-width: 10px) 100vw, 10px\" \/> Luca Kielhauser, Experte: Martin Stranzl<\/p>\n\n\n\n<hr class=\"wp-block-separator has-alpha-channel-opacity\"\/>\n\n\n\n<p><strong>Regionalliga Nordost (GER) (<mark style=\"background-color:rgba(0, 0, 0, 0)\" class=\"has-inline-color has-vivid-red-color\">OST<\/mark>SPORT.<mark style=\"background-color:rgba(0, 0, 0, 0)\" class=\"has-inline-color has-vivid-red-color\">TV<\/mark>)<\/strong><\/p>\n\n\n\n<p><strong><s>14. Spieltag, Nachholspiel<\/s><\/strong><\/p>\n\n\n\n<p><span style=\"text-decoration: underline;\"><s>Dienstag, 25. November 2025, ab 18.45 Uhr (<mark style=\"background-color:rgba(0, 0, 0, 0)\" class=\"has-inline-color has-vivid-red-color\">OST<\/mark>SPORT.<mark style=\"background-color:rgba(0, 0, 0, 0)\" class=\"has-inline-color has-vivid-red-color\">TV<\/mark> \u00fcber LVZ\/SZ)<\/s><\/span><\/p>\n\n\n\n<p><strong><em><s>FC Hertha 03 Zehlendorf &#8211; BSG Chemie Leipzig (19.00 Uhr)<\/s><\/em><\/strong><br><img loading=\"lazy\" decoding=\"async\" width=\"10\" height=\"21\" class=\"wp-image-3656\" style=\"width: 10px;\" src=\"http:\/\/kommentatorenblog.de\/wp-content\/uploads\/2020\/09\/shure-55sh-ii-e1601485394796.jpg\" alt=\"\" srcset=\"https:\/\/kommentatorenblog.de\/wp-content\/uploads\/2020\/09\/shure-55sh-ii-e1601485394796.jpg 415w, https:\/\/kommentatorenblog.de\/wp-content\/uploads\/2020\/09\/shure-55sh-ii-e1601485394796-142x300.jpg 142w\" sizes=\"auto, (max-width: 10px) 100vw, 10px\" \/> &#8211;<\/p>\n\n\n\n<p><strong>17. Spieltag<\/strong><\/p>\n\n\n\n<p><span style=\"text-decoration: underline;\">Mittwoch, 26. November 2025, ab 18.45 Uhr (<mark style=\"background-color:rgba(0, 0, 0, 0)\" class=\"has-inline-color has-vivid-red-color\">OST<\/mark>SPORT.<mark style=\"background-color:rgba(0, 0, 0, 0)\" class=\"has-inline-color has-vivid-red-color\">TV<\/mark> \u00fcber LVZ\/SZ\/MZ\/Volksstimme)<\/span><\/p>\n\n\n\n<p><strong><em>1. FC Magdeburg II &#8211; 1. FC Lokomotive Leipzig (19.00 Uhr)<\/em><\/strong><br><img loading=\"lazy\" decoding=\"async\" width=\"10\" height=\"21\" class=\"wp-image-3656\" style=\"width: 10px;\" src=\"http:\/\/kommentatorenblog.de\/wp-content\/uploads\/2020\/09\/shure-55sh-ii-e1601485394796.jpg\" alt=\"\" srcset=\"https:\/\/kommentatorenblog.de\/wp-content\/uploads\/2020\/09\/shure-55sh-ii-e1601485394796.jpg 415w, https:\/\/kommentatorenblog.de\/wp-content\/uploads\/2020\/09\/shure-55sh-ii-e1601485394796-142x300.jpg 142w\" sizes=\"auto, (max-width: 10px) 100vw, 10px\" \/> Heiko Mallwitz<\/p>\n\n\n\n<hr class=\"wp-block-separator has-alpha-channel-opacity\"\/>\n\n\n\n<p><strong>Die Analyse<\/strong><\/p>\n\n\n\n<p>An beiden Champions League-Tagen sind alle deutschen Teams zur sp\u00e4ten Ansto\u00dfzeit unterwegs. Entsprechend konzentrieren sich auch die \u00fcbertragenden Sender auf diese Partien.<\/p>\n\n\n\n<p>Am Dienstag \u00fcbernimmt Prime das Duell des BVB gegen den FC Villarreal. Ab 20 Uhr meldet sich Jonas Friedrich mit &#8211; weniger \u00fcberraschend in Dortmund &#8211; Mats Hummels und auch Josi Henning und Christoph Kramer sind im Einsatz. Matthias Sammer fehlt wegen seiner Beratert\u00e4tigkeit logischerweise. Das sonstige Team besteht aus dem bekannten Personal mit Hannes Herrmann und Benedikt H\u00f6wedes am Mikrofon sowie Cayana Freemann und Sebastian Benesch am Spielfeldrand.<\/p>\n\n\n\n<p>DAZN meldet sich aus Manchester zum Gastspiel von Bayer. Nils Petersen kommentiert an der Seite von Uli Hebel. Es freut mich grunds\u00e4tzlich immer, Uli Hebel, da er f\u00fcr mich einer der Besten seines Fachs ist, in der K\u00f6nigsklasse zu h\u00f6ren. Bei den weiteren Einzelspielen verzichtet DAZN auf weitere Experten, die Konferenz ist daf\u00fcr top besetzt. Mit Jan Platte, Marco Hagemann und Lukas Sch\u00f6nm\u00fcller sind hier gleich drei der prominentesten DAZN-Stimmen am Mikro. Komplettiert wird das Team von Oliver Forster, Nico Seepe und Max Gross.<\/p>\n\n\n\n<p>Mit Blick auf den Mittwoch kommt dann doch \u00fcberraschend, dass DAZN nur drei Leute zum Spitzenspiel der Bayern beim FC Arsenal schickt.&nbsp;Max Siebald moderiert ab 20 Uhr zusammen mit Michael Ballack, dessen Eins\u00e4tze in dieser Saison gef\u00fchlt deutlich weniger sind als in den Vorjahren. Kommentator ist Freddy Harder.<\/p>\n\n\n\n<p>Die Frankfurter Eintracht trifft auf Atalanta Bergamo. Hoffen wir mal, dass die Frankfurter &#8211; oder besser: einige ihrer Fans, um nicht zu pauschalisieren &#8211; sich anders verhalten als am Wochenende, als ein paar Vollpfosten mit Raketen aufs Spielfeld den wichtigen Fanprotest der 34 von 36 Bundesligavereinen konterkarierten. Zum Personal: Mario Rieker, der vor ein paar Wochen noch im Stadtwald kommentierte, \u00fcbernimmt diesmal als Moderator; au\u00dferdem sind Turid Knaak und Marco Hagemann dabei. In der Konferenz \u00fcbernehmen Sch\u00f6nm\u00fcller und Platte die deutschen Teams. Dar\u00fcber hinaus sind Christina Rann, Marcel Seufert, Michael Born, Tom Kirsten und Jan Wochner im Einsatz. Moderieren wird Tobi Wahnschaffe.<\/p>\n\n\n\n<p>Am Europapokal-Donnerstag f\u00fchren Jana Wosnitza und Patrick Helmes durch den Abend. In der fr\u00fchen Ansto\u00dfzeit spielen die &#8211; in ihren Europapokalen &#8211; Spitzenteams aus Freiburg und Mainz. Freiburg reist nach Pilsen, Mainz ins rum\u00e4nische Craiova. Die Einzelspielkommentare von Christian Stra\u00dfburger und Jochen Stutzky kommen wie gewohnt aus der Box. In der Konferenz kommentieren Michael Born und Klaus Veltman sowie die Herren Fuckert, Reichert und Langhoff, also reichlich Konferenzerfahrung.<\/p>\n\n\n\n<p>Zur sp\u00e4ten Ansto\u00dfzeit kommentiert wie erwartet Wolff Fuss das f\u00fcnfte Stuttgarter Spiel in der Europa League. Im Free-TV sind zudem Lothar Matth\u00e4us und Laura Papendick dabei. Die Crew reist nach Deventer, wo der Pokalsieger Go Ahead die Schwaben empf\u00e4ngt. In der Pay-Variante kommentiert Corni K\u00fcpper, w\u00e4hrend Robby Hunke die Konferenz leitet. Unterst\u00fctzt wird er dabei von Jan Wochner, Tim Hemmrich, Oliver Seidler und J\u00fcrgen Schmitz.<\/p>\n\n\n\n<p>Bis dahin w\u00fcnsche ich euch eine sch\u00f6ne winterliche Woche und lebt lang und in Frieden&#x1f596;!<\/p>\n","protected":false},"excerpt":{"rendered":"<p>N&#8217;Abend allerseits, Der Fu\u00dfball. Unendliche Sportanbieter. Wir schreiben das Jahr 2027. Dies sind die Abenteuer des Kommentatorenblogs, in dem wir wie immer die Mission verfolgen, Ordnung und Verst\u00e4ndnis in dieses Rechte-Universum zu bringen. W\u00e4hrend Sender und Plattformen durch die Galaxien der Fu\u00dfballrechte man\u00f6vrieren und Pakete erobern, beobachten wir ihren Kurs und versuchen, Klarheit zu schaffen. [&hellip;]<\/p>\n","protected":false},"author":5,"featured_media":0,"comment_status":"open","ping_status":"open","sticky":false,"template":"","format":"standard","meta":{"footnotes":""},"categories":[425],"tags":[],"class_list":["post-23446","post","type-post","status-publish","format-standard","hentry","category-champions-league-und-co"],"_links":{"self":[{"href":"https:\/\/kommentatorenblog.de\/index.php?rest_route=\/wp\/v2\/posts\/23446","targetHints":{"allow":["GET"]}}],"collection":[{"href":"https:\/\/kommentatorenblog.de\/index.php?rest_route=\/wp\/v2\/posts"}],"about":[{"href":"https:\/\/kommentatorenblog.de\/index.php?rest_route=\/wp\/v2\/types\/post"}],"author":[{"embeddable":true,"href":"https:\/\/kommentatorenblog.de\/index.php?rest_route=\/wp\/v2\/users\/5"}],"replies":[{"embeddable":true,"href":"https:\/\/kommentatorenblog.de\/index.php?rest_route=%2Fwp%2Fv2%2Fcomments&post=23446"}],"version-history":[{"count":25,"href":"https:\/\/kommentatorenblog.de\/index.php?rest_route=\/wp\/v2\/posts\/23446\/revisions"}],"predecessor-version":[{"id":23524,"href":"https:\/\/kommentatorenblog.de\/index.php?rest_route=\/wp\/v2\/posts\/23446\/revisions\/23524"}],"wp:attachment":[{"href":"https:\/\/kommentatorenblog.de\/index.php?rest_route=%2Fwp%2Fv2%2Fmedia&parent=23446"}],"wp:term":[{"taxonomy":"category","embeddable":true,"href":"https:\/\/kommentatorenblog.de\/index.php?rest_route=%2Fwp%2Fv2%2Fcategories&post=23446"},{"taxonomy":"post_tag","embeddable":true,"href":"https:\/\/kommentatorenblog.de\/index.php?rest_route=%2Fwp%2Fv2%2Ftags&post=23446"}],"curies":[{"name":"wp","href":"https:\/\/api.w.org\/{rel}","templated":true}]}}