{"id":24090,"date":"2026-01-16T01:40:56","date_gmt":"2026-01-16T00:40:56","guid":{"rendered":"https:\/\/kommentatorenblog.de\/?p=24090"},"modified":"2026-01-22T21:38:31","modified_gmt":"2026-01-22T20:38:31","slug":"hoerfunk-2-wieder-fast-vollstaendig","status":"publish","type":"post","link":"https:\/\/kommentatorenblog.de\/?p=24090","title":{"rendered":"H\u00f6rfunk #2 &#8211; Wieder (fast) vollst\u00e4ndig"},"content":{"rendered":"\n<p><strong>Update vom 19. Januar 2026<\/strong><\/p>\n\n\n\n<p><strong>Die Ansetzungen im ARD H\u00f6rfunk vom 20. bis 22. Januar 2026<\/strong><\/p>\n\n\n\n<hr class=\"wp-block-separator has-alpha-channel-opacity\"\/>\n\n\n\n<p><strong>UEFA Champions League, Ligaphase, 7. Spieltag<\/strong><\/p>\n\n\n\n<p><span style=\"text-decoration: underline;\">Dienstag, 20. Januar 2026<\/span><\/p>\n\n\n\n<p><strong><em>Olympiakos Pir\u00e4us &#8211; Bayer 04 Leverkusen (21.00 Uhr)<\/em><\/strong><br><img loading=\"lazy\" decoding=\"async\" width=\"16\" height=\"16\" class=\"wp-image-23920\" style=\"width: 16px;\" src=\"http:\/\/kommentatorenblog.de\/wp-content\/uploads\/2026\/01\/icons8-90-16.png\" alt=\"\"> Christian Schulze<br><img loading=\"lazy\" decoding=\"async\" width=\"16\" height=\"16\" class=\"wp-image-23919\" style=\"width: 16px;\" src=\"http:\/\/kommentatorenblog.de\/wp-content\/uploads\/2026\/01\/icons8-telefon-30.png\" alt=\"\"> Jan Wochner<br><img loading=\"lazy\" decoding=\"async\" width=\"16\" height=\"16\" class=\"wp-image-23922\" style=\"width: 16px;\" src=\"http:\/\/kommentatorenblog.de\/wp-content\/uploads\/2026\/01\/icons8-radio-50.png\" alt=\"\"> Marc Eschweiler<\/p>\n\n\n\n<p><strong><em>Tottenham Hotspur &#8211; Borussia Dortmund (21.00 Uhr)<\/em><\/strong><br><img loading=\"lazy\" decoding=\"async\" width=\"16\" height=\"16\" class=\"wp-image-23920\" style=\"width: 16px;\" src=\"http:\/\/kommentatorenblog.de\/wp-content\/uploads\/2026\/01\/icons8-90-16.png\" alt=\"\"> Burkhard Hupe<br><img loading=\"lazy\" decoding=\"async\" width=\"16\" height=\"16\" class=\"wp-image-23919\" style=\"width: 16px;\" src=\"http:\/\/kommentatorenblog.de\/wp-content\/uploads\/2026\/01\/icons8-telefon-30.png\" alt=\"\"> Armin Lehmann<br><img loading=\"lazy\" decoding=\"async\" width=\"16\" height=\"16\" class=\"wp-image-23922\" style=\"width: 16px;\" src=\"http:\/\/kommentatorenblog.de\/wp-content\/uploads\/2026\/01\/icons8-radio-50.png\" alt=\"\"> Luise Kropff<\/p>\n\n\n\n<p><span style=\"text-decoration: underline;\">Mittwoch, 21. Januar 2026<\/span><\/p>\n\n\n\n<p><strong><em>FK Qarabag Agdam &#8211; Eintracht Frankfurt (18.45 Uhr)<\/em><\/strong><br><img loading=\"lazy\" decoding=\"async\" width=\"16\" height=\"16\" class=\"wp-image-23920\" style=\"width: 16px;\" src=\"http:\/\/kommentatorenblog.de\/wp-content\/uploads\/2026\/01\/icons8-90-16.png\" alt=\"\"> Martina Knief &amp; Daniel H\u00f6hr<\/p>\n\n\n\n<p><strong><em>FC Bayern M\u00fcnchen &#8211; Royale Union Saint-Gilloise (21.00 Uhr)<\/em><\/strong><br><img loading=\"lazy\" decoding=\"async\" width=\"16\" height=\"16\" class=\"wp-image-23920\" style=\"width: 16px;\" src=\"http:\/\/kommentatorenblog.de\/wp-content\/uploads\/2026\/01\/icons8-90-16.png\" alt=\"\"> Florian Eckl &amp; Taufig Khalil<br><img loading=\"lazy\" decoding=\"async\" width=\"16\" height=\"16\" class=\"wp-image-23922\" style=\"width: 16px;\" src=\"http:\/\/kommentatorenblog.de\/wp-content\/uploads\/2026\/01\/icons8-radio-50.png\" alt=\"\"> Thomas Kattenbeck<\/p>\n\n\n\n<hr class=\"wp-block-separator has-alpha-channel-opacity\"\/>\n\n\n\n<p><strong>UEFA Europa League, Ligaphase, 7. Spieltag<\/strong><\/p>\n\n\n\n<p><span style=\"text-decoration: underline;\">Donnerstag, 22. Januar 2026<\/span><\/p>\n\n\n\n<p><strong><em>SC Freiburg &#8211; Maccabi Tel Aviv (18.45 Uhr)<\/em><\/strong><br><img loading=\"lazy\" decoding=\"async\" width=\"16\" height=\"16\" class=\"wp-image-23920\" style=\"width: 16px;\" src=\"http:\/\/kommentatorenblog.de\/wp-content\/uploads\/2026\/01\/icons8-90-16.png\" alt=\"\"> Daniel G\u00fcnther<\/p>\n\n\n\n<p><strong><em>AS Rom &#8211; VfB Stuttgart (21.00 Uhr)<\/em><\/strong><br><img loading=\"lazy\" decoding=\"async\" width=\"16\" height=\"16\" class=\"wp-image-23920\" style=\"width: 16px;\" src=\"http:\/\/kommentatorenblog.de\/wp-content\/uploads\/2026\/01\/icons8-90-16.png\" alt=\"\"> Detlev Lindner<\/p>\n\n\n\n<hr class=\"wp-block-separator has-alpha-channel-opacity\"\/>\n\n\n\n<p>Moderation Sportschau Live (Netcast): Lisa Tellers (Di &amp; Mi)<br>Moderation ARD Infoabend: Lars Bente (Di), Nele H\u00fcpper (Mi)<br>Moderation WDR 2 (Di): <s>Sven Pistor<\/s> Thilo Jahn<\/p>\n\n\n\n<hr class=\"wp-block-separator has-alpha-channel-opacity\"\/>\n\n\n\n<p>N&#8217;Abend allerseits,<\/p>\n\n\n\n<p>wir bedanken uns zun\u00e4chst mal f\u00fcr die Vorschl\u00e4ge, welche Begr\u00fc\u00dfungen wir anstelle des Fa\u00dfbender-Zitats noch verwenden k\u00f6nnen. &#8222;Wir melden uns vom Abgrund&#8220; ist nat\u00fcrlich auch ein ikonisches Zitat, allerdings soll hier anders als 1999 in N\u00fcrnberg kein Platz f\u00fcr Tristesse sein. Von Herbert Zimmermann sind leider auch keine schnellen, als Begr\u00fc\u00dfung geeigneten Zitate \u00fcberliefert. Somit lassen wir hier vorerst unsere gew\u00f6hnliche Begr\u00fc\u00dfung stehen, zumal Fa\u00dfbender vor seiner Bef\u00f6rderung ins TV einer der wichtigsten Radioreporter der ARD war.<\/p>\n\n\n\n<p>Unsere neue H\u00f6rfunk-Rubrik kommt im \u00dcbrigen knapp nach dem 100-j\u00e4hrigen Jubil\u00e4um der Fu\u00dfballreportagen im deutschen Radio. Am 1. November 1925 meldete sich WEFAG-Journalist Bernhard Ernst &#8211; aufgrund technischer Probleme per Telefon &#8211; vom Meisterschaftsspiel zwischen Preu\u00dfen M\u00fcnster und Arminia Bielefeld. Ernst war sp\u00e4ter auch derjenige, der 1954 im Auftrag des WDR vom &#8222;Wunder von Bern&#8220; berichtete &#8211; im TV. Aufgezeichnet wurde dies allerdings nicht, daher ist nur der Radio-Kommentar von Herbert Zimmermann erhalten, der damals auch noch deutlich mehr Menschen erreichte als die \u00dcbertragung im Fernsehen.<\/p>\n\n\n\n<p>Aber jetzt zur\u00fcck in die Gegenwart: nun sind die 2. und 3. Liga auch wieder zur\u00fcck aus der Winterpause, somit hat die \u00dcbersicht der Reporter nun auch nahezu wieder ihre normale Gr\u00f6\u00dfe. Nur die Regionalligen und die Frauen-Bundesliga pausieren noch, allerdings werden diese voraussichtlich hier so schnell noch nicht allzu mehr Platz verlangen.<\/p>\n\n\n\n<hr class=\"wp-block-separator has-alpha-channel-opacity\"\/>\n\n\n\n<p><strong>Die Ansetzungen im ARD H\u00f6rfunk vom 16. bis 18. Januar 2026<\/strong><\/p>\n\n\n\n<p>(<img loading=\"lazy\" decoding=\"async\" width=\"16\" height=\"16\" class=\"wp-image-23920\" style=\"width: 16px;\" src=\"http:\/\/kommentatorenblog.de\/wp-content\/uploads\/2026\/01\/icons8-90-16.png\" alt=\"\"> = Vollreportage, <img loading=\"lazy\" decoding=\"async\" width=\"16\" height=\"16\" class=\"wp-image-23919\" style=\"width: 16px;\" src=\"http:\/\/kommentatorenblog.de\/wp-content\/uploads\/2026\/01\/icons8-telefon-30.png\" alt=\"\"> = Konferenz, <img loading=\"lazy\" decoding=\"async\" width=\"16\" height=\"16\" class=\"wp-image-23922\" style=\"width: 16px;\" src=\"http:\/\/kommentatorenblog.de\/wp-content\/uploads\/2026\/01\/icons8-radio-50.png\" alt=\"\"> = UKW-Einblendungen, <img loading=\"lazy\" decoding=\"async\" width=\"15\" height=\"15\" class=\"wp-image-23925\" style=\"width: 15px;\" src=\"http:\/\/kommentatorenblog.de\/wp-content\/uploads\/2026\/01\/icons8-twitch-50.png\" alt=\"\"> = Twitch, <img loading=\"lazy\" decoding=\"async\" width=\"15\" height=\"15\" class=\"wp-image-23970\" style=\"width: 15px;\" src=\"http:\/\/kommentatorenblog.de\/wp-content\/uploads\/2026\/01\/icons8-mikrofon-25.png\" alt=\"\"> = Interviews)<\/p>\n\n\n\n<hr class=\"wp-block-separator has-alpha-channel-opacity\"\/>\n\n\n\n<p><strong>Bundesliga, 18. Spieltag<\/strong><\/p>\n\n\n\n<p><span style=\"text-decoration: underline;\">Freitag, 16. Januar 2026<\/span><\/p>\n\n\n\n<p><strong><em>SV Werder Bremen &#8211; Eintracht Frankfurt (20.30 Uhr)<\/em><\/strong><br><img loading=\"lazy\" decoding=\"async\" width=\"16\" height=\"16\" class=\"wp-image-23920\" style=\"width: 16px;\" src=\"http:\/\/kommentatorenblog.de\/wp-content\/uploads\/2026\/01\/icons8-90-16.png\" alt=\"\"> Julian Beyer<br><img loading=\"lazy\" decoding=\"async\" width=\"16\" height=\"16\" class=\"wp-image-23922\" style=\"width: 16px;\" src=\"http:\/\/kommentatorenblog.de\/wp-content\/uploads\/2026\/01\/icons8-radio-50.png\" alt=\"\"> Heiko Neugebauer \/ Mathias Arians (Bremen Eins)<br><img loading=\"lazy\" decoding=\"async\" width=\"15\" height=\"15\" class=\"wp-image-23970\" style=\"width: 15px;\" src=\"http:\/\/kommentatorenblog.de\/wp-content\/uploads\/2026\/01\/icons8-mikrofon-25.png\" alt=\"\"> Dino Bernabeo<\/p>\n\n\n\n<p><span style=\"text-decoration: underline;\">Samstag, 17. Januar 2026<\/span><\/p>\n\n\n\n<p><strong><em>Borussia Dortmund &#8211; FC St. Pauli (15.30 Uhr)<\/em><\/strong><br><img loading=\"lazy\" decoding=\"async\" width=\"16\" height=\"16\" class=\"wp-image-23920\" style=\"width: 16px;\" src=\"http:\/\/kommentatorenblog.de\/wp-content\/uploads\/2026\/01\/icons8-90-16.png\" alt=\"\"> Christian Schulze<br><img loading=\"lazy\" decoding=\"async\" width=\"16\" height=\"16\" class=\"wp-image-23919\" style=\"width: 16px;\" src=\"http:\/\/kommentatorenblog.de\/wp-content\/uploads\/2026\/01\/icons8-telefon-30.png\" alt=\"\"> Armin Lehmann<br><img loading=\"lazy\" decoding=\"async\" width=\"16\" height=\"16\" class=\"wp-image-23922\" style=\"width: 16px;\" src=\"http:\/\/kommentatorenblog.de\/wp-content\/uploads\/2026\/01\/icons8-radio-50.png\" alt=\"\"> Burkhard Hupe \/ Jan M\u00f6ller (NDR 90,3, off-tube)<br><img loading=\"lazy\" decoding=\"async\" width=\"15\" height=\"15\" class=\"wp-image-23925\" style=\"width: 15px;\" src=\"http:\/\/kommentatorenblog.de\/wp-content\/uploads\/2026\/01\/icons8-twitch-50.png\" alt=\"\"> Moritz Knorr<br><img loading=\"lazy\" decoding=\"async\" width=\"15\" height=\"15\" class=\"wp-image-23970\" style=\"width: 15px;\" src=\"http:\/\/kommentatorenblog.de\/wp-content\/uploads\/2026\/01\/icons8-mikrofon-25.png\" alt=\"\"> Tim Wichmann<\/p>\n\n\n\n<p><strong><em>Hamburger SV &#8211; Borussia M\u00f6nchengladbach (15.30 Uhr)<\/em><\/strong><br><img loading=\"lazy\" decoding=\"async\" width=\"16\" height=\"16\" class=\"wp-image-23920\" style=\"width: 16px;\" src=\"http:\/\/kommentatorenblog.de\/wp-content\/uploads\/2026\/01\/icons8-90-16.png\" alt=\"\"> Patric Seibel<br><img loading=\"lazy\" decoding=\"async\" width=\"16\" height=\"16\" class=\"wp-image-23919\" style=\"width: 16px;\" src=\"http:\/\/kommentatorenblog.de\/wp-content\/uploads\/2026\/01\/icons8-telefon-30.png\" alt=\"\"> Mats Nickelsen<br><img loading=\"lazy\" decoding=\"async\" width=\"16\" height=\"16\" class=\"wp-image-23922\" style=\"width: 16px;\" src=\"http:\/\/kommentatorenblog.de\/wp-content\/uploads\/2026\/01\/icons8-radio-50.png\" alt=\"\"> Holger Gerska \/ Lars Pegelow (NDR 90,3) \/ Luise Kropff (WDR 2, off-tube)<br><img loading=\"lazy\" decoding=\"async\" width=\"15\" height=\"15\" class=\"wp-image-23970\" style=\"width: 15px;\" src=\"http:\/\/kommentatorenblog.de\/wp-content\/uploads\/2026\/01\/icons8-mikrofon-25.png\" alt=\"\"> Michael Maske<\/p>\n\n\n\n<p><strong><em>1. FC K\u00f6ln &#8211; 1. FSV Mainz 05 (15.30 Uhr)<\/em><\/strong><br><img loading=\"lazy\" decoding=\"async\" width=\"16\" height=\"16\" class=\"wp-image-23920\" style=\"width: 16px;\" src=\"http:\/\/kommentatorenblog.de\/wp-content\/uploads\/2026\/01\/icons8-90-16.png\" alt=\"\"> Stefan H\u00e4nsel<br><img loading=\"lazy\" decoding=\"async\" width=\"16\" height=\"16\" class=\"wp-image-23919\" style=\"width: 16px;\" src=\"http:\/\/kommentatorenblog.de\/wp-content\/uploads\/2026\/01\/icons8-telefon-30.png\" alt=\"\"> Holger Dahl<br><img loading=\"lazy\" decoding=\"async\" width=\"16\" height=\"16\" class=\"wp-image-23922\" style=\"width: 16px;\" src=\"http:\/\/kommentatorenblog.de\/wp-content\/uploads\/2026\/01\/icons8-radio-50.png\" alt=\"\"> Marc Eschweiler<br><img loading=\"lazy\" decoding=\"async\" width=\"15\" height=\"15\" class=\"wp-image-23970\" style=\"width: 15px;\" src=\"http:\/\/kommentatorenblog.de\/wp-content\/uploads\/2026\/01\/icons8-mikrofon-25.png\" alt=\"\"> Nesrin Elnabolsy<\/p>\n\n\n\n<p><strong><em>TSG 1899 Hoffenheim &#8211; Bayer 04 Leverkusen (15.30 Uhr)<\/em><\/strong><br><img loading=\"lazy\" decoding=\"async\" width=\"16\" height=\"16\" class=\"wp-image-23920\" style=\"width: 16px;\" src=\"http:\/\/kommentatorenblog.de\/wp-content\/uploads\/2026\/01\/icons8-90-16.png\" alt=\"\"> Stefan Kersthold<br><img loading=\"lazy\" decoding=\"async\" width=\"16\" height=\"16\" class=\"wp-image-23919\" style=\"width: 16px;\" src=\"http:\/\/kommentatorenblog.de\/wp-content\/uploads\/2026\/01\/icons8-telefon-30.png\" alt=\"\"> Jens J\u00f6rg Rieck<br><img loading=\"lazy\" decoding=\"async\" width=\"16\" height=\"16\" class=\"wp-image-23922\" style=\"width: 16px;\" src=\"http:\/\/kommentatorenblog.de\/wp-content\/uploads\/2026\/01\/icons8-radio-50.png\" alt=\"\"> Daniel G\u00fcnther<br><img loading=\"lazy\" decoding=\"async\" width=\"15\" height=\"15\" class=\"wp-image-23970\" style=\"width: 15px;\" src=\"http:\/\/kommentatorenblog.de\/wp-content\/uploads\/2026\/01\/icons8-mikrofon-25.png\" alt=\"\"> Stefan Sander<\/p>\n\n\n\n<p><strong><em>VfL Wolfsburg &#8211; 1. FC Heidenheim (15.30 Uhr)<\/em><\/strong><br><img loading=\"lazy\" decoding=\"async\" width=\"16\" height=\"16\" class=\"wp-image-23920\" style=\"width: 16px;\" src=\"http:\/\/kommentatorenblog.de\/wp-content\/uploads\/2026\/01\/icons8-90-16.png\" alt=\"\"> Hendrik L\u00fcckhoff<br><img loading=\"lazy\" decoding=\"async\" width=\"16\" height=\"16\" class=\"wp-image-23919\" style=\"width: 16px;\" src=\"http:\/\/kommentatorenblog.de\/wp-content\/uploads\/2026\/01\/icons8-telefon-30.png\" alt=\"\"> J\u00f6rg Tegelh\u00fctter<br><img loading=\"lazy\" decoding=\"async\" width=\"16\" height=\"16\" class=\"wp-image-23922\" style=\"width: 16px;\" src=\"http:\/\/kommentatorenblog.de\/wp-content\/uploads\/2026\/01\/icons8-radio-50.png\" alt=\"\"> Kristoffer Klein<br><img loading=\"lazy\" decoding=\"async\" width=\"15\" height=\"15\" class=\"wp-image-23970\" style=\"width: 15px;\" src=\"http:\/\/kommentatorenblog.de\/wp-content\/uploads\/2026\/01\/icons8-mikrofon-25.png\" alt=\"\"> Inka Blumensaat<\/p>\n\n\n\n<p><strong><em>RasenBallsport Leipzig &#8211; FC Bayern M\u00fcnchen (18.30 Uhr)<\/em><\/strong><br><img loading=\"lazy\" decoding=\"async\" width=\"16\" height=\"16\" class=\"wp-image-23920\" style=\"width: 16px;\" src=\"http:\/\/kommentatorenblog.de\/wp-content\/uploads\/2026\/01\/icons8-90-16.png\" alt=\"\"> Thomas Kunze<br><img loading=\"lazy\" decoding=\"async\" width=\"16\" height=\"16\" class=\"wp-image-23922\" style=\"width: 16px;\" src=\"http:\/\/kommentatorenblog.de\/wp-content\/uploads\/2026\/01\/icons8-radio-50.png\" alt=\"\"> Jeremias Diel \/ Taufig Khalil (Bayern 1, off-tube)<br><img loading=\"lazy\" decoding=\"async\" width=\"15\" height=\"15\" class=\"wp-image-23970\" style=\"width: 15px;\" src=\"http:\/\/kommentatorenblog.de\/wp-content\/uploads\/2026\/01\/icons8-mikrofon-25.png\" alt=\"\"> Stefan Sch\u00f6nau<\/p>\n\n\n\n<p><span style=\"text-decoration: underline;\">Sonntag, 18. Januar 2026<\/span><\/p>\n\n\n\n<p><strong><em>VfB Stuttgart &#8211; 1. FC Union Berlin (15.30 Uhr)<\/em><\/strong><br><img loading=\"lazy\" decoding=\"async\" width=\"16\" height=\"16\" class=\"wp-image-23920\" style=\"width: 16px;\" src=\"http:\/\/kommentatorenblog.de\/wp-content\/uploads\/2026\/01\/icons8-90-16.png\" alt=\"\"> Ann-Kathrin Rose<br><img loading=\"lazy\" decoding=\"async\" width=\"16\" height=\"16\" class=\"wp-image-23922\" style=\"width: 16px;\" src=\"http:\/\/kommentatorenblog.de\/wp-content\/uploads\/2026\/01\/icons8-radio-50.png\" alt=\"\"> Daniel G\u00fcnther<br><img loading=\"lazy\" decoding=\"async\" width=\"15\" height=\"15\" class=\"wp-image-23970\" style=\"width: 15px;\" src=\"http:\/\/kommentatorenblog.de\/wp-content\/uploads\/2026\/01\/icons8-mikrofon-25.png\" alt=\"\"> Jens Ottmann<\/p>\n\n\n\n<p><strong><em>FC Augsburg &#8211; SC Freiburg (17.30 Uhr)<\/em><\/strong><br><img loading=\"lazy\" decoding=\"async\" width=\"16\" height=\"16\" class=\"wp-image-23920\" style=\"width: 16px;\" src=\"http:\/\/kommentatorenblog.de\/wp-content\/uploads\/2026\/01\/icons8-90-16.png\" alt=\"\"> Marcel Seufert<br><img loading=\"lazy\" decoding=\"async\" width=\"16\" height=\"16\" class=\"wp-image-23922\" style=\"width: 16px;\" src=\"http:\/\/kommentatorenblog.de\/wp-content\/uploads\/2026\/01\/icons8-radio-50.png\" alt=\"\"> Edgar Endres<br><img loading=\"lazy\" decoding=\"async\" width=\"15\" height=\"15\" class=\"wp-image-23970\" style=\"width: 15px;\" src=\"http:\/\/kommentatorenblog.de\/wp-content\/uploads\/2026\/01\/icons8-mikrofon-25.png\" alt=\"\"> Nils Hahn<\/p>\n\n\n\n<hr class=\"wp-block-separator has-alpha-channel-opacity\"\/>\n\n\n\n<p><strong>2. Bundesliga, 18. Spieltag<\/strong><\/p>\n\n\n\n<p><span style=\"text-decoration: underline;\">Freitag, 16. Januar 2026<\/span><\/p>\n\n\n\n<p><strong><em>Eintracht Braunschweig &#8211; 1. FC Magdeburg (18.30 Uhr)<\/em><\/strong><br><img loading=\"lazy\" decoding=\"async\" width=\"16\" height=\"16\" class=\"wp-image-23920\" style=\"width: 16px;\" src=\"http:\/\/kommentatorenblog.de\/wp-content\/uploads\/2026\/01\/icons8-90-16.png\" alt=\"\"> <s>Stefan Grothoff<\/s> Patric Seibel<br><img loading=\"lazy\" decoding=\"async\" width=\"16\" height=\"16\" class=\"wp-image-23922\" style=\"width: 16px;\" src=\"http:\/\/kommentatorenblog.de\/wp-content\/uploads\/2026\/01\/icons8-radio-50.png\" alt=\"\"> <s>Tiede Thedinga<\/s> Hendrik L\u00fcckhoff<br><img loading=\"lazy\" decoding=\"async\" width=\"15\" height=\"15\" class=\"wp-image-23970\" style=\"width: 15px;\" src=\"http:\/\/kommentatorenblog.de\/wp-content\/uploads\/2026\/01\/icons8-mikrofon-25.png\" alt=\"\"> Ole Zeisler<\/p>\n\n\n\n<p><strong><em>Fortuna D\u00fcsseldorf &#8211; DSC Arminia Bielefeld (18.30 Uhr)<\/em><\/strong><br><img loading=\"lazy\" decoding=\"async\" width=\"16\" height=\"16\" class=\"wp-image-23920\" style=\"width: 16px;\" src=\"http:\/\/kommentatorenblog.de\/wp-content\/uploads\/2026\/01\/icons8-90-16.png\" alt=\"\"> Marc Eschweiler<br><img loading=\"lazy\" decoding=\"async\" width=\"16\" height=\"16\" class=\"wp-image-23922\" style=\"width: 16px;\" src=\"http:\/\/kommentatorenblog.de\/wp-content\/uploads\/2026\/01\/icons8-radio-50.png\" alt=\"\">\/<img loading=\"lazy\" decoding=\"async\" width=\"15\" height=\"15\" class=\"wp-image-23970\" style=\"width: 15px;\" src=\"http:\/\/kommentatorenblog.de\/wp-content\/uploads\/2026\/01\/icons8-mikrofon-25.png\" alt=\"\"> Luise Kropff<\/p>\n\n\n\n<p><span style=\"text-decoration: underline;\">Samstag, 17. Januar 2026<\/span><\/p>\n\n\n\n<p><strong><em>1. FC N\u00fcrnberg &#8211; SV 07 Elversberg (13.00 Uhr)<\/em><\/strong><br><img loading=\"lazy\" decoding=\"async\" width=\"16\" height=\"16\" class=\"wp-image-23920\" style=\"width: 16px;\" src=\"http:\/\/kommentatorenblog.de\/wp-content\/uploads\/2026\/01\/icons8-90-16.png\" alt=\"\">\/<img loading=\"lazy\" decoding=\"async\" width=\"15\" height=\"15\" class=\"wp-image-23970\" style=\"width: 15px;\" src=\"http:\/\/kommentatorenblog.de\/wp-content\/uploads\/2026\/01\/icons8-mikrofon-25.png\" alt=\"\"> Christian Klug<br><img loading=\"lazy\" decoding=\"async\" width=\"16\" height=\"16\" class=\"wp-image-23922\" style=\"width: 16px;\" src=\"http:\/\/kommentatorenblog.de\/wp-content\/uploads\/2026\/01\/icons8-radio-50.png\" alt=\"\"> Oliver Tubenauer<\/p>\n\n\n\n<p><strong><em>SC Preu\u00dfen M\u00fcnster &#8211; Karlsruher SC (13.00 Uhr)<\/em><\/strong><br><img loading=\"lazy\" decoding=\"async\" width=\"16\" height=\"16\" class=\"wp-image-23920\" style=\"width: 16px;\" src=\"http:\/\/kommentatorenblog.de\/wp-content\/uploads\/2026\/01\/icons8-90-16.png\" alt=\"\"> Fritz Rasch<br><img loading=\"lazy\" decoding=\"async\" width=\"16\" height=\"16\" class=\"wp-image-23922\" style=\"width: 16px;\" src=\"http:\/\/kommentatorenblog.de\/wp-content\/uploads\/2026\/01\/icons8-radio-50.png\" alt=\"\">\/<img loading=\"lazy\" decoding=\"async\" width=\"15\" height=\"15\" class=\"wp-image-23970\" style=\"width: 15px;\" src=\"http:\/\/kommentatorenblog.de\/wp-content\/uploads\/2026\/01\/icons8-mikrofon-25.png\" alt=\"\"> Sara Schwedmann<\/p>\n\n\n\n<p><strong><em>SG Dynamo Dresden &#8211; SpVgg Greuther F\u00fcrth (13.00 Uhr)<\/em><\/strong><br><img loading=\"lazy\" decoding=\"async\" width=\"16\" height=\"16\" class=\"wp-image-23920\" style=\"width: 16px;\" src=\"http:\/\/kommentatorenblog.de\/wp-content\/uploads\/2026\/01\/icons8-90-16.png\" alt=\"\"> Philipp Weiskirch<br><img loading=\"lazy\" decoding=\"async\" width=\"16\" height=\"16\" class=\"wp-image-23922\" style=\"width: 16px;\" src=\"http:\/\/kommentatorenblog.de\/wp-content\/uploads\/2026\/01\/icons8-radio-50.png\" alt=\"\"> Florian Eib<br><img loading=\"lazy\" decoding=\"async\" width=\"15\" height=\"15\" class=\"wp-image-23970\" style=\"width: 15px;\" src=\"http:\/\/kommentatorenblog.de\/wp-content\/uploads\/2026\/01\/icons8-mikrofon-25.png\" alt=\"\"> Uwe Karte<\/p>\n\n\n\n<p><strong><em>Hertha BSC &#8211; FC Schalke 04 (20.30 Uhr)<\/em><\/strong><br><img loading=\"lazy\" decoding=\"async\" width=\"16\" height=\"16\" class=\"wp-image-23920\" style=\"width: 16px;\" src=\"http:\/\/kommentatorenblog.de\/wp-content\/uploads\/2026\/01\/icons8-90-16.png\" alt=\"\"> Philipp H\u00f6ppner<br><img loading=\"lazy\" decoding=\"async\" width=\"16\" height=\"16\" class=\"wp-image-23922\" style=\"width: 16px;\" src=\"http:\/\/kommentatorenblog.de\/wp-content\/uploads\/2026\/01\/icons8-radio-50.png\" alt=\"\"> Guido Ringel<\/p>\n\n\n\n<p><span style=\"text-decoration: underline;\">Sonntag, 18. Januar 2026<\/span><\/p>\n\n\n\n<p><strong><em>VfL Bochum &#8211; SV Darmstadt 98 (13.30 Uhr)<\/em><\/strong><br><img loading=\"lazy\" decoding=\"async\" width=\"16\" height=\"16\" class=\"wp-image-23920\" style=\"width: 16px;\" src=\"http:\/\/kommentatorenblog.de\/wp-content\/uploads\/2026\/01\/icons8-90-16.png\" alt=\"\"> Armin Lehmann<br><img loading=\"lazy\" decoding=\"async\" width=\"16\" height=\"16\" class=\"wp-image-23922\" style=\"width: 16px;\" src=\"http:\/\/kommentatorenblog.de\/wp-content\/uploads\/2026\/01\/icons8-radio-50.png\" alt=\"\"> Jan Wochner<br><img loading=\"lazy\" decoding=\"async\" width=\"15\" height=\"15\" class=\"wp-image-23970\" style=\"width: 15px;\" src=\"http:\/\/kommentatorenblog.de\/wp-content\/uploads\/2026\/01\/icons8-mikrofon-25.png\" alt=\"\"> Andreas Kramer<\/p>\n\n\n\n<p><strong><em>1. FC Kaiserslautern &#8211; Hannover 96 (13.30 Uhr)<\/em><\/strong><br><img loading=\"lazy\" decoding=\"async\" width=\"16\" height=\"16\" class=\"wp-image-23920\" style=\"width: 16px;\" src=\"http:\/\/kommentatorenblog.de\/wp-content\/uploads\/2026\/01\/icons8-90-16.png\" alt=\"\"> <s>Julia Metzner<\/s> Patrick Schmid<br><img loading=\"lazy\" decoding=\"async\" width=\"16\" height=\"16\" class=\"wp-image-23922\" style=\"width: 16px;\" src=\"http:\/\/kommentatorenblog.de\/wp-content\/uploads\/2026\/01\/icons8-radio-50.png\" alt=\"\"> Detlev Lindner<br><img loading=\"lazy\" decoding=\"async\" width=\"15\" height=\"15\" class=\"wp-image-23970\" style=\"width: 15px;\" src=\"http:\/\/kommentatorenblog.de\/wp-content\/uploads\/2026\/01\/icons8-mikrofon-25.png\" alt=\"\"> Marius Zimmermann<\/p>\n\n\n\n<p><strong><em>KSV Holstein Kiel &#8211; SC Paderborn 07 (13.30 Uhr)<br><\/em><\/strong><img loading=\"lazy\" decoding=\"async\" width=\"16\" height=\"16\" class=\"wp-image-23920\" style=\"width: 16px;\" src=\"http:\/\/kommentatorenblog.de\/wp-content\/uploads\/2026\/01\/icons8-90-16.png\" alt=\"\"> Michael Augustin<br><img loading=\"lazy\" decoding=\"async\" width=\"16\" height=\"16\" class=\"wp-image-23922\" style=\"width: 16px;\" src=\"http:\/\/kommentatorenblog.de\/wp-content\/uploads\/2026\/01\/icons8-radio-50.png\" alt=\"\"> Moritz K\u00fchn \/ Lars Gr\u00fcning (NDR 1 Welle Nord)<br><img loading=\"lazy\" decoding=\"async\" width=\"15\" height=\"15\" class=\"wp-image-23970\" style=\"width: 15px;\" src=\"http:\/\/kommentatorenblog.de\/wp-content\/uploads\/2026\/01\/icons8-mikrofon-25.png\" alt=\"\"> Boris Poscharsky<\/p>\n\n\n\n<hr class=\"wp-block-separator has-alpha-channel-opacity\"\/>\n\n\n\n<p><strong>3. Liga, 20. Spieltag<\/strong><\/p>\n\n\n\n<p><span style=\"text-decoration: underline;\">Samstag, 17. Januar 2026<\/span><\/p>\n\n\n\n<p><strong><em>FC Hansa Rostock &#8211; FC Erzgebirge Aue (14.00 Uhr)<\/em><\/strong><br><img loading=\"lazy\" decoding=\"async\" width=\"16\" height=\"16\" class=\"wp-image-23920\" style=\"width: 16px;\" src=\"http:\/\/kommentatorenblog.de\/wp-content\/uploads\/2026\/01\/icons8-90-16.png\" alt=\"\"> Clemens Paulsen &amp; Moritz K\u00fchn (NDR MV) \/ Eric Bader (MDR Sachsen)<br><img loading=\"lazy\" decoding=\"async\" width=\"16\" height=\"16\" class=\"wp-image-23922\" style=\"width: 16px;\" src=\"http:\/\/kommentatorenblog.de\/wp-content\/uploads\/2026\/01\/icons8-radio-50.png\" alt=\"\"> Jan Didjurgeit (NDR 1 MV\/MDR aktuell)<\/p>\n\n\n\n<p><strong><em>1. FC Saarbr\u00fccken &#8211; FC Energie Cottbus (14.00 Uhr)<\/em><\/strong><br><img loading=\"lazy\" decoding=\"async\" width=\"16\" height=\"16\" class=\"wp-image-23920\" style=\"width: 16px;\" src=\"http:\/\/kommentatorenblog.de\/wp-content\/uploads\/2026\/01\/icons8-90-16.png\" alt=\"\"> Thomas Wollscheid (SR)<br><img loading=\"lazy\" decoding=\"async\" width=\"16\" height=\"16\" class=\"wp-image-23922\" style=\"width: 16px;\" src=\"http:\/\/kommentatorenblog.de\/wp-content\/uploads\/2026\/01\/icons8-radio-50.png\" alt=\"\"> Sven Roland (SR 3\/rbb24 Inforadio)<\/p>\n\n\n\n<p><strong><em>TSV 1860 M\u00fcnchen &#8211; Rot-Weiss Essen (14.00 Uhr)<\/em><\/strong><br><img loading=\"lazy\" decoding=\"async\" width=\"16\" height=\"16\" class=\"wp-image-23922\" style=\"width: 16px;\" src=\"http:\/\/kommentatorenblog.de\/wp-content\/uploads\/2026\/01\/icons8-radio-50.png\" alt=\"\"> Daniel Gahn (Bayern 1)<\/p>\n\n\n\n<hr class=\"wp-block-separator has-alpha-channel-opacity\"\/>\n\n\n\n<p>Moderation Sportschau Live (Netcast): Lisa Tellers (Fr &amp; Sa), Anne Hilt (So)<br>Moderation Sportschau Live (Twitch) (Sa): Malte V\u00f6lz, Gast: MoAuba<br>Moderation Sportschau Live (Inforadios) (Fr): Thomas Kroh<br>Moderation WDR 2 (Sa): Sven Pistor<br>Moderation Bayern 1 (Sa): Philipp Eger, Gast (zugeschaltet): Olaf Thon<br>Moderation NDR 2 (Sa &amp; So): Moritz Cassalette<br>Moderation SWR 1 (Sa): Detlev Lindner<br>Moderation hr1 (Sa): Mathies Hohm<br>Moderation hrINFO\/SWR aktuell (Sa): Martina Knief<br>Moderation Bremen Eins: Ariane Wirth (Fr), Felix Gerhardt (Sa)<br>Moderation radioeins (Sa): Miriam Sinno und Andreas Ulrich<br>Moderation rbb24 Inforadio (Sa): Thomas Kroh und Lars Becker<br>Moderation MDR Sachsen (Sa): Kathleen Rothe<br>Moderation MDR aktuell (Sa): Maximilian Beyer<br>Moderation SR 3 (Sa): Tom Klose<\/p>\n\n\n\n<pre class=\"wp-block-preformatted has-cyan-bluish-gray-background-color has-background\" style=\"font-size:16px\">*alle TV-Ansetzungen des 18. Spieltags findet ihr <a href=\"https:\/\/kommentatorenblog.de\/?p=24094\">hier<\/a>.<\/pre>\n\n\n\n<hr class=\"wp-block-separator has-alpha-channel-opacity\"\/>\n\n\n\n<p><strong>Die Analyse<\/strong><\/p>\n\n\n\n<p>Wie so h\u00e4ufig gibt es auch diesmal wieder eine weitgehend andere Konferenz als an den letzten beiden Spieltagen. Flo Winkler ist diesmal nicht im Einsatz, daf\u00fcr mal wieder Jens J\u00f6rg Rieck, au\u00dferdem Armin Lehmann, Mats Nickelsen, Holger Dahl und J\u00f6rg Tegelh\u00fctter. Vom Topspiel in Leipzig berichten mit Thomas Kunze und Jeremias Diel zwei auch im TV etablierte Reporter. Marcel Seufert ist nach Donnerstag &#8211; und der DAZN-Konferenz zwischendurch &#8211; am Sonntag erneut in Augsburg. Spiele der Kategorie FCA-SCF darf Seufert mittlerweile auch hin und wieder f\u00fcr DAZN vertonen &#8211; signifikanter Unterschied allerdings: f\u00fcr den H\u00f6rfunk darf er ins Stadion. Der in dieser Woche zweimal f\u00fcr DAZN als Fielder unterwegs gewesene Jan Wochner meldet sich am Sonntag f\u00fcr die Radiowellen aus Bochum. Dort ist auch Armin Lehmann nach Dortmund erneut im Einsatz, f\u00fcr die Vollreportage. Daniel G\u00fcnther ist zweimal in Liga 1 gefordert, in Hoffenheim und in Stuttgart, je f\u00fcr die Einblendungen im linearen Programm. Moritz Knorr bekommt, wom\u00f6glich als &#8222;Entsch\u00e4digung&#8220; f\u00fcr den ausgefallenen Zug nach Berlin vor einer Woche, einen weiteren Einsatz f\u00fcr Twitch, diesmal in Dortmund. Auff\u00e4llig ist die Ansetzung von Tim Wichmann als Interviewer in Dortmund, zumal er auch nicht zu den Reportern geh\u00f6rt, die in Liga 2 Doppelfunktionen \u00fcbernehmen. Der MDR besetzt sowohl das Spiel in Leipzig als auch das in Dresden mit je zwei Livereportern vor Ort &#8211; nicht selbstverst\u00e4ndlich &#8211; und schickt \u00fcberdies mit Frank Martin noch einen Reporter nach Braunschweig. <em>Edit<\/em>: okay, beim Spiel in Braunschweig lag meine Quelle offenbar komplett falsch.<\/p>\n\n\n\n<p>Bei Bayern 1 moderiert an diesem Samstag Philipp Eger. Aufgrund der olympiabedingten Abwesenheit von Sina Wende wird dies in den n\u00e4chsten Wochen sehr h\u00e4ufig vorkommen, ab und an wird auch Marcus Fahn am Start sein. Nachdem Eger lange Jahre die Australian Open bei Eurosport begleitet hat, ist er diesmal dort nicht im Einsatz. Die T\u00e4tigkeit als Livereporter scheint er mittlerweile &#8211; wie auch sein ehemaliger Heute-im-Stadion-Kollege Uwe Erdelt, der sp\u00e4ter auch nur noch moderierte &#8211; hinter sich gelassen zu haben. Weiterhin in Diensten von Eurosport steht hingegen Stefan Grothoff, <s>der am Freitag in Braunschweig im Einsatz ist.<\/s><\/p>\n\n\n\n<p>Und: wenn ich mich nicht t\u00e4uschen sollte, ist Miriam Sinno am Samstag erstmals als Moderatorin von &#8222;Arena Liga Live&#8220; bei radioeins im Einsatz. Bisher moderierte sie meines Wissens nach ausschlie\u00dflich im rbb24 Inforadio und \u00fcbernahm dort \u00fcberwiegend morgens Sportbl\u00f6cke. Wahrscheinlich wird sie bei Magenta k\u00fcnftig etwas seltener zu sehen sein als bisher, vor allem samstags. Bei radioeins tritt sie in die Fu\u00dfstapfen von Meili Scheidemann, die nun hauptberuflich f\u00fcrs ZDF t\u00e4tig ist, und deren Vorg\u00e4ngerin Jessy Wellmer, die es sogar in die Sportschau und die Tagesthemen schaffte. Im \u00dcbrigen hatte ich in meinem <a href=\"https:\/\/kommentatorenblog.de\/?p=21106\">Beitrag vom vergangenen April<\/a>, in dem es um \u00f6ffentliche Castings f\u00fcr Kommentatoren und Moderatoren ging, ganz \u00fcbersehen, dass auch Sinno einst ein Sky-Casting gewonnen hatte, genauso wie Esther Sedlaczek, Christina Graf und Gari Paubandt. Das habe ich dort selbstverst\u00e4ndlich noch erg\u00e4nzt.<\/p>\n\n\n\n<p>Nun, somit viel Spa\u00df beim H\u00f6ren des ersten kompletten Spieltags im deutschen Profifu\u00dfball in diesem Jahr. Fehlende Ansetzungen werden nach M\u00f6glichkeit erg\u00e4nzt. Am Montag werden je nach Verf\u00fcgbarkeit die Reporter f\u00fcr die Europapokalspiele erg\u00e4nzt.<\/p>\n","protected":false},"excerpt":{"rendered":"<p>Update vom 19. Januar 2026 Die Ansetzungen im ARD H\u00f6rfunk vom 20. bis 22. Januar 2026 UEFA Champions League, Ligaphase, 7. Spieltag Dienstag, 20. Januar 2026 Olympiakos Pir\u00e4us &#8211; Bayer 04 Leverkusen (21.00 Uhr) Christian Schulze Jan Wochner Marc Eschweiler Tottenham Hotspur &#8211; Borussia Dortmund (21.00 Uhr) Burkhard Hupe Armin Lehmann Luise Kropff Mittwoch, 21. [&hellip;]<\/p>\n","protected":false},"author":17,"featured_media":0,"comment_status":"open","ping_status":"open","sticky":false,"template":"","format":"standard","meta":{"footnotes":""},"categories":[1356],"tags":[],"class_list":["post-24090","post","type-post","status-publish","format-standard","hentry","category-hoerfunk"],"_links":{"self":[{"href":"https:\/\/kommentatorenblog.de\/index.php?rest_route=\/wp\/v2\/posts\/24090","targetHints":{"allow":["GET"]}}],"collection":[{"href":"https:\/\/kommentatorenblog.de\/index.php?rest_route=\/wp\/v2\/posts"}],"about":[{"href":"https:\/\/kommentatorenblog.de\/index.php?rest_route=\/wp\/v2\/types\/post"}],"author":[{"embeddable":true,"href":"https:\/\/kommentatorenblog.de\/index.php?rest_route=\/wp\/v2\/users\/17"}],"replies":[{"embeddable":true,"href":"https:\/\/kommentatorenblog.de\/index.php?rest_route=%2Fwp%2Fv2%2Fcomments&post=24090"}],"version-history":[{"count":47,"href":"https:\/\/kommentatorenblog.de\/index.php?rest_route=\/wp\/v2\/posts\/24090\/revisions"}],"predecessor-version":[{"id":24212,"href":"https:\/\/kommentatorenblog.de\/index.php?rest_route=\/wp\/v2\/posts\/24090\/revisions\/24212"}],"wp:attachment":[{"href":"https:\/\/kommentatorenblog.de\/index.php?rest_route=%2Fwp%2Fv2%2Fmedia&parent=24090"}],"wp:term":[{"taxonomy":"category","embeddable":true,"href":"https:\/\/kommentatorenblog.de\/index.php?rest_route=%2Fwp%2Fv2%2Fcategories&post=24090"},{"taxonomy":"post_tag","embeddable":true,"href":"https:\/\/kommentatorenblog.de\/index.php?rest_route=%2Fwp%2Fv2%2Ftags&post=24090"}],"curies":[{"name":"wp","href":"https:\/\/api.w.org\/{rel}","templated":true}]}}