{"id":24322,"date":"2026-01-29T23:15:45","date_gmt":"2026-01-29T22:15:45","guid":{"rendered":"https:\/\/kommentatorenblog.de\/?p=24322"},"modified":"2026-02-04T21:08:16","modified_gmt":"2026-02-04T20:08:16","slug":"hoerfunk-4-letztes-wochenende-vor-olympia","status":"publish","type":"post","link":"https:\/\/kommentatorenblog.de\/?p=24322","title":{"rendered":"H\u00f6rfunk #4 &#8211; Letztes Wochenende vor Olympia"},"content":{"rendered":"\n<p><strong>Update vom 02. Februar 2026<\/strong><\/p>\n\n\n\n<p><strong>Die Ansetzungen im ARD H\u00f6rfunk vom 03. und 04. Februar 2026<\/strong><\/p>\n\n\n\n<p>(<img loading=\"lazy\" decoding=\"async\" width=\"16\" height=\"16\" class=\"wp-image-23920\" style=\"width: 16px;\" src=\"http:\/\/kommentatorenblog.de\/wp-content\/uploads\/2026\/01\/icons8-90-16.png\" alt=\"\"> = Vollreportage, <img loading=\"lazy\" decoding=\"async\" width=\"16\" height=\"16\" class=\"wp-image-23922\" style=\"width: 16px;\" src=\"http:\/\/kommentatorenblog.de\/wp-content\/uploads\/2026\/01\/icons8-radio-50.png\" alt=\"\"> = UKW-Einblendungen, <img loading=\"lazy\" decoding=\"async\" width=\"15\" height=\"15\" class=\"wp-image-23970\" style=\"width: 15px;\" src=\"http:\/\/kommentatorenblog.de\/wp-content\/uploads\/2026\/01\/icons8-mikrofon-25.png\" alt=\"\"> = Interviews)<\/p>\n\n\n\n<hr class=\"wp-block-separator has-alpha-channel-opacity\"\/>\n\n\n\n<p><strong>DFB-Pokal, Viertelfinale<\/strong><\/p>\n\n\n\n<p><span style=\"text-decoration: underline;\">Dienstag, 03. Februar 2026<\/span><\/p>\n\n\n\n<p><strong><em>Bayer 04 Leverkusen &#8211; FC St. Pauli (20.45 Uhr)<\/em><\/strong><br><img loading=\"lazy\" decoding=\"async\" width=\"16\" height=\"16\" class=\"wp-image-23920\" style=\"width: 16px;\" src=\"http:\/\/kommentatorenblog.de\/wp-content\/uploads\/2026\/01\/icons8-90-16.png\" alt=\"\"> Jan Wochner<br><img loading=\"lazy\" decoding=\"async\" width=\"16\" height=\"16\" class=\"wp-image-23922\" style=\"width: 16px;\" src=\"http:\/\/kommentatorenblog.de\/wp-content\/uploads\/2026\/01\/icons8-radio-50.png\" alt=\"\"> Marc Eschweiler \/ J\u00f6rg Naroska (NDR 90,3, off-tube)<br><img loading=\"lazy\" decoding=\"async\" width=\"15\" height=\"15\" class=\"wp-image-23970\" style=\"width: 15px;\" src=\"http:\/\/kommentatorenblog.de\/wp-content\/uploads\/2026\/01\/icons8-mikrofon-25.png\" alt=\"\"> Torge Hidding<\/p>\n\n\n\n<p><span style=\"text-decoration: underline;\">Mittwoch, 04. Februar 2026<\/span><\/p>\n\n\n\n<p><strong><em>KSV Holstein Kiel &#8211; VfB Stuttgart (20.45 Uhr)<\/em><\/strong><br><img loading=\"lazy\" decoding=\"async\" width=\"16\" height=\"16\" class=\"wp-image-23920\" style=\"width: 16px;\" src=\"http:\/\/kommentatorenblog.de\/wp-content\/uploads\/2026\/01\/icons8-90-16.png\" alt=\"\"> Hendrik L\u00fcckhoff &amp; Samir Chawki<br><img loading=\"lazy\" decoding=\"async\" width=\"16\" height=\"16\" class=\"wp-image-23922\" style=\"width: 16px;\" src=\"http:\/\/kommentatorenblog.de\/wp-content\/uploads\/2026\/01\/icons8-radio-50.png\" alt=\"\"> Moritz K\u00fchn<br><img loading=\"lazy\" decoding=\"async\" width=\"15\" height=\"15\" class=\"wp-image-23970\" style=\"width: 15px;\" src=\"http:\/\/kommentatorenblog.de\/wp-content\/uploads\/2026\/01\/icons8-mikrofon-25.png\" alt=\"\"> Patrick Halatsch<\/p>\n\n\n\n<hr class=\"wp-block-separator has-alpha-channel-opacity\"\/>\n\n\n\n<p>Moderation Sportschau Live (Netcast): Constantin Kleine (Di &amp; Mi)<br>Moderation ARD Infoabend: Lars Pegelow (Di), Michael Augustin (Mi)<br>Moderation WDR 2 (Di): Thilo Jahn<br>Moderation NDR 2 (Di &amp; Mi): Christian Haacke<br>Moderation NDR 90,3 (Di): Michael Wittig<\/p>\n\n\n\n<hr class=\"wp-block-separator has-alpha-channel-opacity\"\/>\n\n\n\n<hr class=\"wp-block-separator has-alpha-channel-opacity\"\/>\n\n\n\n<p>N&#8217;Abend allerseits,<\/p>\n\n\n\n<p>das n\u00e4chste Bundesliga-Wochenende steht an. Einige H\u00f6rfunkeporter sind schon seit dem Beginn der Wintersport-Saison nicht mehr am Wochenende beim Fu\u00dfball zu h\u00f6ren, in einer Woche beginnen dann die Olympischen Winterspiele 2026, wo auch nochmal einige weitere Reporter, die an diesem Wochenende noch beim Fu\u00dfball sind, eingespannt sein werden. Die \u00dcbersicht dazu wird es dann auch hier geben.<\/p>\n\n\n\n<hr class=\"wp-block-separator has-alpha-channel-opacity\"\/>\n\n\n\n<p><strong>Die Ansetzungen im ARD H\u00f6rfunk vom 30. Januar bis 01. Februar 2026<\/strong><\/p>\n\n\n\n<p>(<img loading=\"lazy\" decoding=\"async\" width=\"16\" height=\"16\" class=\"wp-image-23920\" style=\"width: 16px;\" src=\"http:\/\/kommentatorenblog.de\/wp-content\/uploads\/2026\/01\/icons8-90-16.png\" alt=\"\"> = Vollreportage, <img loading=\"lazy\" decoding=\"async\" width=\"16\" height=\"16\" class=\"wp-image-23919\" style=\"width: 16px;\" src=\"http:\/\/kommentatorenblog.de\/wp-content\/uploads\/2026\/01\/icons8-telefon-30.png\" alt=\"\"> = Konferenz, <img loading=\"lazy\" decoding=\"async\" width=\"16\" height=\"16\" class=\"wp-image-23922\" style=\"width: 16px;\" src=\"http:\/\/kommentatorenblog.de\/wp-content\/uploads\/2026\/01\/icons8-radio-50.png\" alt=\"\"> = UKW-Einblendungen, <img loading=\"lazy\" decoding=\"async\" width=\"15\" height=\"15\" class=\"wp-image-23925\" style=\"width: 15px;\" src=\"http:\/\/kommentatorenblog.de\/wp-content\/uploads\/2026\/01\/icons8-twitch-50.png\" alt=\"\"> = Twitch, <img loading=\"lazy\" decoding=\"async\" width=\"15\" height=\"15\" class=\"wp-image-23970\" style=\"width: 15px;\" src=\"http:\/\/kommentatorenblog.de\/wp-content\/uploads\/2026\/01\/icons8-mikrofon-25.png\" alt=\"\"> = Interviews)<\/p>\n\n\n\n<hr class=\"wp-block-separator has-alpha-channel-opacity\"\/>\n\n\n\n<p><strong>Bundesliga, 20. Spieltag<\/strong><\/p>\n\n\n\n<p><span style=\"text-decoration: underline;\">Freitag, 30. Januar 2026<\/span><\/p>\n\n\n\n<p><strong><em>1. FC K\u00f6ln &#8211; VfL Wolfsburg (20.30 Uhr)<\/em><\/strong><br><img loading=\"lazy\" decoding=\"async\" width=\"16\" height=\"16\" class=\"wp-image-23920\" style=\"width: 16px;\" src=\"http:\/\/kommentatorenblog.de\/wp-content\/uploads\/2026\/01\/icons8-90-16.png\" alt=\"\"> Marc Eschweiler<br><img loading=\"lazy\" decoding=\"async\" width=\"16\" height=\"16\" class=\"wp-image-23922\" style=\"width: 16px;\" src=\"http:\/\/kommentatorenblog.de\/wp-content\/uploads\/2026\/01\/icons8-radio-50.png\" alt=\"\"> Burkhard Hupe<br><img loading=\"lazy\" decoding=\"async\" width=\"15\" height=\"15\" class=\"wp-image-23970\" style=\"width: 15px;\" src=\"http:\/\/kommentatorenblog.de\/wp-content\/uploads\/2026\/01\/icons8-mikrofon-25.png\" alt=\"\"> Nesrin Elnabolsy<\/p>\n\n\n\n<p><span style=\"text-decoration: underline;\">Samstag, 31. Januar 2026<\/span><\/p>\n\n\n\n<p><strong><em>Eintracht Frankfurt &#8211; Bayer 04 Leverkusen (15.30 Uhr)<\/em><\/strong><br><img loading=\"lazy\" decoding=\"async\" width=\"16\" height=\"16\" class=\"wp-image-23920\" style=\"width: 16px;\" src=\"http:\/\/kommentatorenblog.de\/wp-content\/uploads\/2026\/01\/icons8-90-16.png\" alt=\"\"> Daniel H\u00f6hr<br><img loading=\"lazy\" decoding=\"async\" width=\"16\" height=\"16\" class=\"wp-image-23919\" style=\"width: 16px;\" src=\"http:\/\/kommentatorenblog.de\/wp-content\/uploads\/2026\/01\/icons8-telefon-30.png\" alt=\"\"> Philipp Hofmeister<br><img loading=\"lazy\" decoding=\"async\" width=\"16\" height=\"16\" class=\"wp-image-23922\" style=\"width: 16px;\" src=\"http:\/\/kommentatorenblog.de\/wp-content\/uploads\/2026\/01\/icons8-radio-50.png\" alt=\"\"> Tim Brockmeier<br><img loading=\"lazy\" decoding=\"async\" width=\"15\" height=\"15\" class=\"wp-image-23970\" style=\"width: 15px;\" src=\"http:\/\/kommentatorenblog.de\/wp-content\/uploads\/2026\/01\/icons8-mikrofon-25.png\" alt=\"\"> Christian Adolph<\/p>\n\n\n\n<p><strong><em>SV Werder Bremen &#8211; Borussia M\u00f6nchengladbach (15.30 Uhr)<\/em><\/strong><br><img loading=\"lazy\" decoding=\"async\" width=\"16\" height=\"16\" class=\"wp-image-23920\" style=\"width: 16px;\" src=\"http:\/\/kommentatorenblog.de\/wp-content\/uploads\/2026\/01\/icons8-90-16.png\" alt=\"\"> Julian Beyer<br><img loading=\"lazy\" decoding=\"async\" width=\"16\" height=\"16\" class=\"wp-image-23919\" style=\"width: 16px;\" src=\"http:\/\/kommentatorenblog.de\/wp-content\/uploads\/2026\/01\/icons8-telefon-30.png\" alt=\"\"> Olaf Rathje<br><img loading=\"lazy\" decoding=\"async\" width=\"16\" height=\"16\" class=\"wp-image-23922\" style=\"width: 16px;\" src=\"http:\/\/kommentatorenblog.de\/wp-content\/uploads\/2026\/01\/icons8-radio-50.png\" alt=\"\"> Heiko Neugebauer \/ Mathias Arians (Bremen Eins) \/ J\u00f6rg Tegelh\u00fctter (NDR 2) \/ Christian Schulze (WDR 2, off-tube)<br><img loading=\"lazy\" decoding=\"async\" width=\"15\" height=\"15\" class=\"wp-image-23970\" style=\"width: 15px;\" src=\"http:\/\/kommentatorenblog.de\/wp-content\/uploads\/2026\/01\/icons8-mikrofon-25.png\" alt=\"\"> Yannick Lowin<\/p>\n\n\n\n<p><strong><em>FC Augsburg &#8211; FC St. Pauli (15.30 Uhr)<\/em><\/strong><br><img loading=\"lazy\" decoding=\"async\" width=\"16\" height=\"16\" class=\"wp-image-23920\" style=\"width: 16px;\" src=\"http:\/\/kommentatorenblog.de\/wp-content\/uploads\/2026\/01\/icons8-90-16.png\" alt=\"\"> Uli Knapp<br><img loading=\"lazy\" decoding=\"async\" width=\"16\" height=\"16\" class=\"wp-image-23919\" style=\"width: 16px;\" src=\"http:\/\/kommentatorenblog.de\/wp-content\/uploads\/2026\/01\/icons8-telefon-30.png\" alt=\"\"> Daniel Gahn \/ Mike K\u00fcster<br><img loading=\"lazy\" decoding=\"async\" width=\"16\" height=\"16\" class=\"wp-image-23922\" style=\"width: 16px;\" src=\"http:\/\/kommentatorenblog.de\/wp-content\/uploads\/2026\/01\/icons8-radio-50.png\" alt=\"\"> Edgar Endres \/ Mike K\u00fcster (Bayern 1) \/ Moritz Knorr (NDR 2, off-tube) \/ J\u00f6rg Naroska (NDR 90,3, off-tube)<br><img loading=\"lazy\" decoding=\"async\" width=\"15\" height=\"15\" class=\"wp-image-23970\" style=\"width: 15px;\" src=\"http:\/\/kommentatorenblog.de\/wp-content\/uploads\/2026\/01\/icons8-mikrofon-25.png\" alt=\"\"> Ren\u00e9 Kirsch<\/p>\n\n\n\n<p><strong><em>RasenBallsport Leipzig &#8211; 1. FSV Mainz 05 (15.30 Uhr)<\/em><\/strong><br><img loading=\"lazy\" decoding=\"async\" width=\"16\" height=\"16\" class=\"wp-image-23920\" style=\"width: 16px;\" src=\"http:\/\/kommentatorenblog.de\/wp-content\/uploads\/2026\/01\/icons8-90-16.png\" alt=\"\"> Thomas Kunze<br><img loading=\"lazy\" decoding=\"async\" width=\"16\" height=\"16\" class=\"wp-image-23919\" style=\"width: 16px;\" src=\"http:\/\/kommentatorenblog.de\/wp-content\/uploads\/2026\/01\/icons8-telefon-30.png\" alt=\"\"> Jan G\u00fcnther<br><img loading=\"lazy\" decoding=\"async\" width=\"16\" height=\"16\" class=\"wp-image-23922\" style=\"width: 16px;\" src=\"http:\/\/kommentatorenblog.de\/wp-content\/uploads\/2026\/01\/icons8-radio-50.png\" alt=\"\"> Philipp Weiskirch<br><img loading=\"lazy\" decoding=\"async\" width=\"15\" height=\"15\" class=\"wp-image-23925\" style=\"width: 15px;\" src=\"http:\/\/kommentatorenblog.de\/wp-content\/uploads\/2026\/01\/icons8-twitch-50.png\" alt=\"\"> Philipp H\u00f6ppner<br><img loading=\"lazy\" decoding=\"async\" width=\"15\" height=\"15\" class=\"wp-image-23970\" style=\"width: 15px;\" src=\"http:\/\/kommentatorenblog.de\/wp-content\/uploads\/2026\/01\/icons8-mikrofon-25.png\" alt=\"\"> Stefan Sch\u00f6nau<\/p>\n\n\n\n<p><strong><em>TSG 1899 Hoffenheim &#8211; 1. FC Union Berlin (15.30 Uhr)<\/em><\/strong><br><img loading=\"lazy\" decoding=\"async\" width=\"16\" height=\"16\" class=\"wp-image-23920\" style=\"width: 16px;\" src=\"http:\/\/kommentatorenblog.de\/wp-content\/uploads\/2026\/01\/icons8-90-16.png\" alt=\"\"> Detlev Lindner<br><img loading=\"lazy\" decoding=\"async\" width=\"16\" height=\"16\" class=\"wp-image-23919\" style=\"width: 16px;\" src=\"http:\/\/kommentatorenblog.de\/wp-content\/uploads\/2026\/01\/icons8-telefon-30.png\" alt=\"\"> Jens J\u00f6rg Rieck<br><img loading=\"lazy\" decoding=\"async\" width=\"16\" height=\"16\" class=\"wp-image-23922\" style=\"width: 16px;\" src=\"http:\/\/kommentatorenblog.de\/wp-content\/uploads\/2026\/01\/icons8-radio-50.png\" alt=\"\"> Ann-Kathrin Rose<br><img loading=\"lazy\" decoding=\"async\" width=\"15\" height=\"15\" class=\"wp-image-23970\" style=\"width: 15px;\" src=\"http:\/\/kommentatorenblog.de\/wp-content\/uploads\/2026\/01\/icons8-mikrofon-25.png\" alt=\"\"> Kersten Eichhorn<\/p>\n\n\n\n<p><strong><em>Hamburger SV &#8211; FC Bayern M\u00fcnchen (18.30 Uhr)<\/em><\/strong><br><img loading=\"lazy\" decoding=\"async\" width=\"16\" height=\"16\" class=\"wp-image-23920\" style=\"width: 16px;\" src=\"http:\/\/kommentatorenblog.de\/wp-content\/uploads\/2026\/01\/icons8-90-16.png\" alt=\"\"> Holger Gerska<br><img loading=\"lazy\" decoding=\"async\" width=\"16\" height=\"16\" class=\"wp-image-23922\" style=\"width: 16px;\" src=\"http:\/\/kommentatorenblog.de\/wp-content\/uploads\/2026\/01\/icons8-radio-50.png\" alt=\"\"> Mats Nickelsen \/ Lars Pegelow (NDR 90,3) \/ Martin Raspe (Bayern 1, off-tube)<br><img loading=\"lazy\" decoding=\"async\" width=\"15\" height=\"15\" class=\"wp-image-23970\" style=\"width: 15px;\" src=\"http:\/\/kommentatorenblog.de\/wp-content\/uploads\/2026\/01\/icons8-mikrofon-25.png\" alt=\"\"> Michael Maske<\/p>\n\n\n\n<p><span style=\"text-decoration: underline;\">Sonntag, 01. Februar 2026<\/span><\/p>\n\n\n\n<p><strong><em>VfB Stuttgart &#8211; SC Freiburg (15.30 Uhr)<\/em><\/strong><br><img loading=\"lazy\" decoding=\"async\" width=\"16\" height=\"16\" class=\"wp-image-23920\" style=\"width: 16px;\" src=\"http:\/\/kommentatorenblog.de\/wp-content\/uploads\/2026\/01\/icons8-90-16.png\" alt=\"\"> <s>Julia Metzner<\/s> Daniel G\u00fcnther<br><img loading=\"lazy\" decoding=\"async\" width=\"16\" height=\"16\" class=\"wp-image-23922\" style=\"width: 16px;\" src=\"http:\/\/kommentatorenblog.de\/wp-content\/uploads\/2026\/01\/icons8-radio-50.png\" alt=\"\"> Detlev Lindner<br><img loading=\"lazy\" decoding=\"async\" width=\"15\" height=\"15\" class=\"wp-image-23970\" style=\"width: 15px;\" src=\"http:\/\/kommentatorenblog.de\/wp-content\/uploads\/2026\/01\/icons8-mikrofon-25.png\" alt=\"\"> Michael Bollenbacher \/ Martin Thiel<\/p>\n\n\n\n<p><strong><em>Borussia Dortmund &#8211; 1. FC Heidenheim (17.30 Uhr)<\/em><\/strong><br><img loading=\"lazy\" decoding=\"async\" width=\"16\" height=\"16\" class=\"wp-image-23920\" style=\"width: 16px;\" src=\"http:\/\/kommentatorenblog.de\/wp-content\/uploads\/2026\/01\/icons8-90-16.png\" alt=\"\"> Tim Wichmann<br><img loading=\"lazy\" decoding=\"async\" width=\"16\" height=\"16\" class=\"wp-image-23922\" style=\"width: 16px;\" src=\"http:\/\/kommentatorenblog.de\/wp-content\/uploads\/2026\/01\/icons8-radio-50.png\" alt=\"\"> Sara Schwedmann<br><img loading=\"lazy\" decoding=\"async\" width=\"15\" height=\"15\" class=\"wp-image-23970\" style=\"width: 15px;\" src=\"http:\/\/kommentatorenblog.de\/wp-content\/uploads\/2026\/01\/icons8-mikrofon-25.png\" alt=\"\"> Nesrin Elnabolsy<\/p>\n\n\n\n<hr class=\"wp-block-separator has-alpha-channel-opacity\"\/>\n\n\n\n<p><strong>2. Bundesliga, 20. Spieltag<\/strong><\/p>\n\n\n\n<p><span style=\"text-decoration: underline;\">Freitag, 30. Januar 2026<\/span><\/p>\n\n\n\n<p><strong><em>1. FC Magdeburg &#8211; Hannover 96 (18.30 Uhr)<\/em><\/strong><br><img loading=\"lazy\" decoding=\"async\" width=\"16\" height=\"16\" class=\"wp-image-23920\" style=\"width: 16px;\" src=\"http:\/\/kommentatorenblog.de\/wp-content\/uploads\/2026\/01\/icons8-90-16.png\" alt=\"\"> Jan-Malte Wagener<br><img loading=\"lazy\" decoding=\"async\" width=\"16\" height=\"16\" class=\"wp-image-23922\" style=\"width: 16px;\" src=\"http:\/\/kommentatorenblog.de\/wp-content\/uploads\/2026\/01\/icons8-radio-50.png\" alt=\"\"> Jeremias Diel (off-tube)<br><img loading=\"lazy\" decoding=\"async\" width=\"15\" height=\"15\" class=\"wp-image-23970\" style=\"width: 15px;\" src=\"http:\/\/kommentatorenblog.de\/wp-content\/uploads\/2026\/01\/icons8-mikrofon-25.png\" alt=\"\"> Sabrina Bramowski<\/p>\n\n\n\n<p><strong><em>1. FC N\u00fcrnberg &#8211; SC Preu\u00dfen M\u00fcnster (18.30 Uhr)<\/em><\/strong><br><img loading=\"lazy\" decoding=\"async\" width=\"16\" height=\"16\" class=\"wp-image-23920\" style=\"width: 16px;\" src=\"http:\/\/kommentatorenblog.de\/wp-content\/uploads\/2026\/01\/icons8-90-16.png\" alt=\"\">\/<img loading=\"lazy\" decoding=\"async\" width=\"15\" height=\"15\" class=\"wp-image-23970\" style=\"width: 15px;\" src=\"http:\/\/kommentatorenblog.de\/wp-content\/uploads\/2026\/01\/icons8-mikrofon-25.png\" alt=\"\"> Christian Klug<br><img loading=\"lazy\" decoding=\"async\" width=\"16\" height=\"16\" class=\"wp-image-23922\" style=\"width: 16px;\" src=\"http:\/\/kommentatorenblog.de\/wp-content\/uploads\/2026\/01\/icons8-radio-50.png\" alt=\"\"> Oliver Tubenauer<\/p>\n\n\n\n<p><span style=\"text-decoration: underline;\">Samstag, 31. Januar 2026<\/span><\/p>\n\n\n\n<p><strong><em>VfL Bochum &#8211; FC Schalke 04 (13.00 Uhr)<\/em><\/strong><br><img loading=\"lazy\" decoding=\"async\" width=\"16\" height=\"16\" class=\"wp-image-23920\" style=\"width: 16px;\" src=\"http:\/\/kommentatorenblog.de\/wp-content\/uploads\/2026\/01\/icons8-90-16.png\" alt=\"\"> Burkhard Hupe<br><img loading=\"lazy\" decoding=\"async\" width=\"16\" height=\"16\" class=\"wp-image-23922\" style=\"width: 16px;\" src=\"http:\/\/kommentatorenblog.de\/wp-content\/uploads\/2026\/01\/icons8-radio-50.png\" alt=\"\"> Armin Lehmann<br><img loading=\"lazy\" decoding=\"async\" width=\"15\" height=\"15\" class=\"wp-image-23970\" style=\"width: 15px;\" src=\"http:\/\/kommentatorenblog.de\/wp-content\/uploads\/2026\/01\/icons8-mikrofon-25.png\" alt=\"\"> Andreas Kramer<\/p>\n\n\n\n<p><strong><em>Eintracht Braunschweig &#8211; Karlsruher SC (13.00 Uhr)<\/em><\/strong><br><img loading=\"lazy\" decoding=\"async\" width=\"16\" height=\"16\" class=\"wp-image-23920\" style=\"width: 16px;\" src=\"http:\/\/kommentatorenblog.de\/wp-content\/uploads\/2026\/01\/icons8-90-16.png\" alt=\"\"> Stefan Grothoff<br><img loading=\"lazy\" decoding=\"async\" width=\"16\" height=\"16\" class=\"wp-image-23922\" style=\"width: 16px;\" src=\"http:\/\/kommentatorenblog.de\/wp-content\/uploads\/2026\/01\/icons8-radio-50.png\" alt=\"\"> Tiede Thedinga<br><img loading=\"lazy\" decoding=\"async\" width=\"15\" height=\"15\" class=\"wp-image-23970\" style=\"width: 15px;\" src=\"http:\/\/kommentatorenblog.de\/wp-content\/uploads\/2026\/01\/icons8-mikrofon-25.png\" alt=\"\"> Elli Hyra<\/p>\n\n\n\n<p><strong><em>KSV Holstein Kiel &#8211; SpVgg Greuther F\u00fcrth (13.00 Uhr)<\/em><\/strong><br><img loading=\"lazy\" decoding=\"async\" width=\"16\" height=\"16\" class=\"wp-image-23920\" style=\"width: 16px;\" src=\"http:\/\/kommentatorenblog.de\/wp-content\/uploads\/2026\/01\/icons8-90-16.png\" alt=\"\"> Patric Seibel<br><img loading=\"lazy\" decoding=\"async\" width=\"16\" height=\"16\" class=\"wp-image-23922\" style=\"width: 16px;\" src=\"http:\/\/kommentatorenblog.de\/wp-content\/uploads\/2026\/01\/icons8-radio-50.png\" alt=\"\"> Robert Witt \/ Samir Chawki (NDR 1 Welle Nord)<br><img loading=\"lazy\" decoding=\"async\" width=\"15\" height=\"15\" class=\"wp-image-23970\" style=\"width: 15px;\" src=\"http:\/\/kommentatorenblog.de\/wp-content\/uploads\/2026\/01\/icons8-mikrofon-25.png\" alt=\"\"> Boris Poscharsky<\/p>\n\n\n\n<p><strong><em>1. FC Kaiserslautern &#8211; SV 07 Elversberg (20.30 Uhr)<\/em><\/strong><br><img loading=\"lazy\" decoding=\"async\" width=\"16\" height=\"16\" class=\"wp-image-23920\" style=\"width: 16px;\" src=\"http:\/\/kommentatorenblog.de\/wp-content\/uploads\/2026\/01\/icons8-90-16.png\" alt=\"\"> Florian Winkler<br><img loading=\"lazy\" decoding=\"async\" width=\"16\" height=\"16\" class=\"wp-image-23922\" style=\"width: 16px;\" src=\"http:\/\/kommentatorenblog.de\/wp-content\/uploads\/2026\/01\/icons8-radio-50.png\" alt=\"\">\/<img loading=\"lazy\" decoding=\"async\" width=\"15\" height=\"15\" class=\"wp-image-23970\" style=\"width: 15px;\" src=\"http:\/\/kommentatorenblog.de\/wp-content\/uploads\/2026\/01\/icons8-mikrofon-25.png\" alt=\"\"> Stefan Kersthold<\/p>\n\n\n\n<p><span style=\"text-decoration: underline;\">Sonntag, 01. Februar 2026<\/span><\/p>\n\n\n\n<p><strong><em>Hertha BSC &#8211; SV Darmstadt 98 (13.30 Uhr)<\/em><\/strong><br><img loading=\"lazy\" decoding=\"async\" width=\"16\" height=\"16\" class=\"wp-image-23920\" style=\"width: 16px;\" src=\"http:\/\/kommentatorenblog.de\/wp-content\/uploads\/2026\/01\/icons8-90-16.png\" alt=\"\"> Tabea Kunze<br><img loading=\"lazy\" decoding=\"async\" width=\"16\" height=\"16\" class=\"wp-image-23922\" style=\"width: 16px;\" src=\"http:\/\/kommentatorenblog.de\/wp-content\/uploads\/2026\/01\/icons8-radio-50.png\" alt=\"\"> Guido Ringel<br><img loading=\"lazy\" decoding=\"async\" width=\"15\" height=\"15\" class=\"wp-image-23970\" style=\"width: 15px;\" src=\"http:\/\/kommentatorenblog.de\/wp-content\/uploads\/2026\/01\/icons8-mikrofon-25.png\" alt=\"\"> Jakob R\u00fcger<\/p>\n\n\n\n<p><strong><em>SG Dynamo Dresden &#8211; DSC Arminia Bielefeld (13.30 Uhr)<\/em><\/strong><br><img loading=\"lazy\" decoding=\"async\" width=\"16\" height=\"16\" class=\"wp-image-23920\" style=\"width: 16px;\" src=\"http:\/\/kommentatorenblog.de\/wp-content\/uploads\/2026\/01\/icons8-90-16.png\" alt=\"\"> Jeremias Diel (off-tube)<br><img loading=\"lazy\" decoding=\"async\" width=\"16\" height=\"16\" class=\"wp-image-23922\" style=\"width: 16px;\" src=\"http:\/\/kommentatorenblog.de\/wp-content\/uploads\/2026\/01\/icons8-radio-50.png\" alt=\"\"> Patrick Fritzsche<br><img loading=\"lazy\" decoding=\"async\" width=\"15\" height=\"15\" class=\"wp-image-23970\" style=\"width: 15px;\" src=\"http:\/\/kommentatorenblog.de\/wp-content\/uploads\/2026\/01\/icons8-mikrofon-25.png\" alt=\"\"> Uwe Karte<\/p>\n\n\n\n<p><strong><em>Fortuna D\u00fcsseldorf &#8211; SC Paderborn 07 (13.30 Uhr)<\/em><\/strong><br><img loading=\"lazy\" decoding=\"async\" width=\"16\" height=\"16\" class=\"wp-image-23920\" style=\"width: 16px;\" src=\"http:\/\/kommentatorenblog.de\/wp-content\/uploads\/2026\/01\/icons8-90-16.png\" alt=\"\"> Stefan H\u00e4nsel<br><img loading=\"lazy\" decoding=\"async\" width=\"16\" height=\"16\" class=\"wp-image-23922\" style=\"width: 16px;\" src=\"http:\/\/kommentatorenblog.de\/wp-content\/uploads\/2026\/01\/icons8-radio-50.png\" alt=\"\">\/<img loading=\"lazy\" decoding=\"async\" width=\"15\" height=\"15\" class=\"wp-image-23970\" style=\"width: 15px;\" src=\"http:\/\/kommentatorenblog.de\/wp-content\/uploads\/2026\/01\/icons8-mikrofon-25.png\" alt=\"\"> Luise Kropff<\/p>\n\n\n\n<hr class=\"wp-block-separator has-alpha-channel-opacity\"\/>\n\n\n\n<p><strong>3. Liga, 22. Spieltag<\/strong><\/p>\n\n\n\n<p><span style=\"text-decoration: underline;\">Freitag, 30. Januar 2026<\/span><\/p>\n\n\n\n<p><strong><em>TSV Havelse &#8211; FC Erzgebirge Aue (19.00 Uhr)<\/em><\/strong><br><img loading=\"lazy\" decoding=\"async\" width=\"16\" height=\"16\" class=\"wp-image-23920\" style=\"width: 16px;\" src=\"http:\/\/kommentatorenblog.de\/wp-content\/uploads\/2026\/01\/icons8-90-16.png\" alt=\"\"> Alexander Schubert (MDR Sachsen)<br><img loading=\"lazy\" decoding=\"async\" width=\"16\" height=\"16\" class=\"wp-image-23922\" style=\"width: 16px;\" src=\"http:\/\/kommentatorenblog.de\/wp-content\/uploads\/2026\/01\/icons8-radio-50.png\" alt=\"\"> Jan G\u00fcnther (MDR aktuell)<\/p>\n\n\n\n<p><span style=\"text-decoration: underline;\">Samstag, 31. Januar 2026<\/span><\/p>\n\n\n\n<p><strong><em>1. FC Saarbr\u00fccken &#8211; VfL Osnabr\u00fcck (<s>14.00<\/s> 14.30 Uhr)<\/em><\/strong><br><img loading=\"lazy\" decoding=\"async\" width=\"16\" height=\"16\" class=\"wp-image-23920\" style=\"width: 16px;\" src=\"http:\/\/kommentatorenblog.de\/wp-content\/uploads\/2026\/01\/icons8-90-16.png\" alt=\"\"> Till Schacht (SR)<\/p>\n\n\n\n<p><strong><em>FC Hansa Rostock &#8211; FC Ingolstadt 04 (14.00 Uhr)<\/em><\/strong><br><img loading=\"lazy\" decoding=\"async\" width=\"16\" height=\"16\" class=\"wp-image-23920\" style=\"width: 16px;\" src=\"http:\/\/kommentatorenblog.de\/wp-content\/uploads\/2026\/01\/icons8-90-16.png\" alt=\"\"> Nathalie Abraham &amp; Moritz K\u00fchn (NDR MV)<br><img loading=\"lazy\" decoding=\"async\" width=\"16\" height=\"16\" class=\"wp-image-23922\" style=\"width: 16px;\" src=\"http:\/\/kommentatorenblog.de\/wp-content\/uploads\/2026\/01\/icons8-radio-50.png\" alt=\"\"> Clemens Paulsen (NDR 1 Radio MV)<\/p>\n\n\n\n<p><strong><em>TSV 1860 M\u00fcnchen &#8211; Alemannia Aachen (14.00 Uhr)<\/em><\/strong><br><img loading=\"lazy\" decoding=\"async\" width=\"16\" height=\"16\" class=\"wp-image-23922\" style=\"width: 16px;\" src=\"http:\/\/kommentatorenblog.de\/wp-content\/uploads\/2026\/01\/icons8-radio-50.png\" alt=\"\"> Marcel Seufert (Bayern 1)<\/p>\n\n\n\n<p><strong><em>FC Energie Cottbus &#8211; TSG 1899 Hoffenheim II (14.00 Uhr)<\/em><\/strong><br><img loading=\"lazy\" decoding=\"async\" width=\"16\" height=\"16\" class=\"wp-image-23922\" style=\"width: 16px;\" src=\"http:\/\/kommentatorenblog.de\/wp-content\/uploads\/2026\/01\/icons8-radio-50.png\" alt=\"\"> Andreas Friebel (rbb24 Inforadio\/MDR aktuell)<\/p>\n\n\n\n<p><strong><em>1. FC Schweinfurt 05 &#8211; SSV Jahn Regensburg (16.30 Uhr)<\/em><\/strong><br><img loading=\"lazy\" decoding=\"async\" width=\"16\" height=\"16\" class=\"wp-image-23922\" style=\"width: 16px;\" src=\"http:\/\/kommentatorenblog.de\/wp-content\/uploads\/2026\/01\/icons8-radio-50.png\" alt=\"\"> Oliver Tubenauer (Bayern 1)<\/p>\n\n\n\n<hr class=\"wp-block-separator has-alpha-channel-opacity\"\/>\n\n\n\n<p><strong>Frauen-Bundesliga, 16. Spieltag<\/strong><\/p>\n\n\n\n<p><span style=\"text-decoration: underline;\">Sonntag, 01. Februar 2026<\/span><\/p>\n\n\n\n<p><strong><em>Hamburger SV &#8211; SC Freiburg (14.00 Uhr)<\/em><\/strong><br><img loading=\"lazy\" decoding=\"async\" width=\"16\" height=\"16\" class=\"wp-image-23920\" style=\"width: 16px;\" src=\"http:\/\/kommentatorenblog.de\/wp-content\/uploads\/2026\/01\/icons8-90-16.png\" alt=\"\"> Jan M\u00f6ller (NDR 90,3)<br><img loading=\"lazy\" decoding=\"async\" width=\"16\" height=\"16\" class=\"wp-image-23922\" style=\"width: 16px;\" src=\"http:\/\/kommentatorenblog.de\/wp-content\/uploads\/2026\/01\/icons8-radio-50.png\" alt=\"\"> Janine Legrand (NDR 90,3)<\/p>\n\n\n\n<p><span style=\"text-decoration: underline;\">Montag, 02. Februar 2026<\/span><\/p>\n\n\n\n<p><strong><em>VfL Wolfsburg &#8211; 1. FC K\u00f6ln (18.00 Uhr)<\/em><\/strong><br><img loading=\"lazy\" decoding=\"async\" width=\"16\" height=\"16\" class=\"wp-image-23922\" style=\"width: 16px;\" src=\"http:\/\/kommentatorenblog.de\/wp-content\/uploads\/2026\/01\/icons8-radio-50.png\" alt=\"\"> Burkhard Tillner (NDR 1 Niedersachsen)<\/p>\n\n\n\n<hr class=\"wp-block-separator has-alpha-channel-opacity\"\/>\n\n\n\n<p>Moderation Sportschau Live (Netcast): Anne Hilt (Fr &amp; Sa), Lisa Tellers (So)<br>Moderation Sportschau Live (Twitch) (Sa): Anna Kl\u00e4r und Vincenzo Moschetta, G\u00e4stin: Emily Furz<br>Moderation Sportschau Live (Inforadios) (Fr): Thomas Kroh<br>Moderation WDR 2 (Sa): Sven Pistor<br>Moderation Bayern 1 (Sa): Philipp Eger, Gast (zugeschaltet): Marcell Jansen<br>Moderation NDR 2 (Sa): Martin Roschitz<br>Moderation NDR 90,3 (Sa): Nikolai Zech<br>Moderation SWR 1 (Sa): Achim Scheu<br>Moderation hr1 (Sa): Kai V\u00f6lker<br>Moderation hrINFO\/SWR aktuell (Sa): Martina Knief<br>Moderation Bremen Eins (Sa): Ariane Wirth<br>Moderation radioeins (Sa): <s>Miriam Sinno<\/s> Kerstin Hermes und Andreas Ulrich<br>Moderation rbb24 Inforadio (Sa): Thomas Kroh und Lars Becker<br>Moderation MDR Sachsen (Sa): Kathleen Rothe<br>Moderation MDR aktuell (Sa): Silke Heyne<br>Moderation SR 3 (Sa): Leonie Holz<\/p>\n\n\n\n<hr class=\"wp-block-separator has-alpha-channel-opacity\"\/>\n\n\n\n<pre class=\"wp-block-preformatted has-cyan-bluish-gray-background-color has-background\" style=\"font-size:16px\">*alle TV-Ansetzungen des 20. Spieltags findet ihr <a href=\"https:\/\/kommentatorenblog.de\/?p=24316\">hier<\/a>. <\/pre>\n\n\n\n<hr class=\"wp-block-separator has-alpha-channel-opacity\"\/>\n\n\n\n<p><strong>Die Analyse<\/strong><\/p>\n\n\n\n<p>Phil Hofmeister ist aus dem Urlaub zur\u00fcck und bringt der Eintracht vielleicht das seit seiner Abwesenheit verloren gegangene Spielgl\u00fcck zur\u00fcck. Demn\u00e4chst wird er jedoch wieder bei Olympia gefordert sein. Jan G\u00fcnther und Olaf Rathje werden mal wieder in der Konferenz zu h\u00f6ren sein. Felix Gerhardt fehlt Radio Bremen an diesem Wochenende sogar komplett, da er die Sixdays in Berlin f\u00fcr DF1 im TV kommentieren darf. Eine Verantwortungsposition hat Holger Gerska bei der Olympia-Berichterstattung inne, vorher darf er noch das Topspiel im Volksparkstadion kommentieren. <s>Julia Metzner bekommt erneut 90 Minuten am Sonntag, diesmal in Stuttgart<\/s>, ebenso Tabea Kunze in Berlin. Paddy Fritzsche, der zuletzt sehr viel in der BBL f\u00fcr Dyn zu tun hatte, ist nach l\u00e4ngerer Pause zur\u00fcck im Rudolf-Harbig-Stadion und in Magdeburg darf Jan-Malte Wagener mal wieder ran. In Kiel kommentiert Patric Seibel, der seit Metzners R\u00fcckkehr offenbar nicht mehr beim SWR ben\u00f6tigt wird, auch um Markos Kastanis ist es wieder still geworden. Eine gr\u00f6\u00dfere Zukunft hat allerdings wohl David Luding, der im vergangenen Sommer auch Meisterschafts-Playoffs der BBL kommentiert hatte.<\/p>\n","protected":false},"excerpt":{"rendered":"<p>Update vom 02. Februar 2026 Die Ansetzungen im ARD H\u00f6rfunk vom 03. und 04. Februar 2026 ( = Vollreportage, = UKW-Einblendungen, = Interviews) DFB-Pokal, Viertelfinale Dienstag, 03. Februar 2026 Bayer 04 Leverkusen &#8211; FC St. Pauli (20.45 Uhr) Jan Wochner Marc Eschweiler \/ J\u00f6rg Naroska (NDR 90,3, off-tube) Torge Hidding Mittwoch, 04. Februar 2026 KSV [&hellip;]<\/p>\n","protected":false},"author":17,"featured_media":0,"comment_status":"open","ping_status":"open","sticky":false,"template":"","format":"standard","meta":{"footnotes":""},"categories":[1356],"tags":[],"class_list":["post-24322","post","type-post","status-publish","format-standard","hentry","category-hoerfunk"],"_links":{"self":[{"href":"https:\/\/kommentatorenblog.de\/index.php?rest_route=\/wp\/v2\/posts\/24322","targetHints":{"allow":["GET"]}}],"collection":[{"href":"https:\/\/kommentatorenblog.de\/index.php?rest_route=\/wp\/v2\/posts"}],"about":[{"href":"https:\/\/kommentatorenblog.de\/index.php?rest_route=\/wp\/v2\/types\/post"}],"author":[{"embeddable":true,"href":"https:\/\/kommentatorenblog.de\/index.php?rest_route=\/wp\/v2\/users\/17"}],"replies":[{"embeddable":true,"href":"https:\/\/kommentatorenblog.de\/index.php?rest_route=%2Fwp%2Fv2%2Fcomments&post=24322"}],"version-history":[{"count":32,"href":"https:\/\/kommentatorenblog.de\/index.php?rest_route=\/wp\/v2\/posts\/24322\/revisions"}],"predecessor-version":[{"id":24437,"href":"https:\/\/kommentatorenblog.de\/index.php?rest_route=\/wp\/v2\/posts\/24322\/revisions\/24437"}],"wp:attachment":[{"href":"https:\/\/kommentatorenblog.de\/index.php?rest_route=%2Fwp%2Fv2%2Fmedia&parent=24322"}],"wp:term":[{"taxonomy":"category","embeddable":true,"href":"https:\/\/kommentatorenblog.de\/index.php?rest_route=%2Fwp%2Fv2%2Fcategories&post=24322"},{"taxonomy":"post_tag","embeddable":true,"href":"https:\/\/kommentatorenblog.de\/index.php?rest_route=%2Fwp%2Fv2%2Ftags&post=24322"}],"curies":[{"name":"wp","href":"https:\/\/api.w.org\/{rel}","templated":true}]}}