{"id":25156,"date":"2026-03-13T00:43:43","date_gmt":"2026-03-12T23:43:43","guid":{"rendered":"https:\/\/kommentatorenblog.de\/?p=25156"},"modified":"2026-03-21T15:29:17","modified_gmt":"2026-03-21T14:29:17","slug":"hoerfunk-10-unterschiedliche-prioritaeten","status":"publish","type":"post","link":"https:\/\/kommentatorenblog.de\/?p=25156","title":{"rendered":"H\u00f6rfunk #10 &#8211; Unterschiedliche Priorit\u00e4ten"},"content":{"rendered":"\n<p><strong>Update vom 16. M\u00e4rz 2026<\/strong><\/p>\n\n\n\n<p><strong>Die Ansetzungen im ARD H\u00f6rfunk vom 17. bis 19. M\u00e4rz 2026<\/strong><\/p>\n\n\n\n<p>(<img loading=\"lazy\" decoding=\"async\" width=\"16\" height=\"16\" class=\"wp-image-23920\" style=\"width: 16px;\" src=\"http:\/\/kommentatorenblog.de\/wp-content\/uploads\/2026\/01\/icons8-90-16.png\" alt=\"\"> = Vollreportage, <img loading=\"lazy\" decoding=\"async\" width=\"16\" height=\"16\" class=\"wp-image-23922\" style=\"width: 16px;\" src=\"http:\/\/kommentatorenblog.de\/wp-content\/uploads\/2026\/01\/icons8-radio-50.png\" alt=\"\"> = UKW-Einblendungen, <img loading=\"lazy\" decoding=\"async\" width=\"15\" height=\"15\" class=\"wp-image-23970\" style=\"width: 15px;\" src=\"http:\/\/kommentatorenblog.de\/wp-content\/uploads\/2026\/01\/icons8-mikrofon-25.png\" alt=\"\"> = Interviews)<\/p>\n\n\n\n<hr class=\"wp-block-separator has-alpha-channel-opacity\"\/>\n\n\n\n<p><strong>UEFA Champions League, Achtelfinale, R\u00fcckspiele<\/strong><\/p>\n\n\n\n<p><span style=\"text-decoration: underline;\">Dienstag, 17. M\u00e4rz 2026<\/span><\/p>\n\n\n\n<p><strong><em>FC Arsenal &#8211; Bayer 04 Leverkusen (21.00 Uhr)<\/em><\/strong><br><img loading=\"lazy\" decoding=\"async\" width=\"16\" height=\"16\" class=\"wp-image-23920\" style=\"width: 16px;\" src=\"http:\/\/kommentatorenblog.de\/wp-content\/uploads\/2026\/01\/icons8-90-16.png\" alt=\"\"> Burkhard Hupe &amp; Daniel Neuhaus<br><img loading=\"lazy\" decoding=\"async\" width=\"16\" height=\"16\" class=\"wp-image-23922\" style=\"width: 16px;\" src=\"http:\/\/kommentatorenblog.de\/wp-content\/uploads\/2026\/01\/icons8-radio-50.png\" alt=\"\"> Jan Wochner<\/p>\n\n\n\n<p><span style=\"text-decoration: underline;\">Mittwoch, 18. M\u00e4rz 2026<\/span><\/p>\n\n\n\n<p><strong><em>FC Bayern M\u00fcnchen &#8211; Atalanta Bergamo (21.00 Uhr)<\/em><\/strong><br><img loading=\"lazy\" decoding=\"async\" width=\"16\" height=\"16\" class=\"wp-image-23920\" style=\"width: 16px;\" src=\"http:\/\/kommentatorenblog.de\/wp-content\/uploads\/2026\/01\/icons8-90-16.png\" alt=\"\"> Edgar Endres &amp; Mike K\u00fcster<br><img loading=\"lazy\" decoding=\"async\" width=\"16\" height=\"16\" class=\"wp-image-23922\" style=\"width: 16px;\" src=\"http:\/\/kommentatorenblog.de\/wp-content\/uploads\/2026\/01\/icons8-radio-50.png\" alt=\"\"> Marcel Seufert <\/p>\n\n\n\n<hr class=\"wp-block-separator has-alpha-channel-opacity\"\/>\n\n\n\n<p><strong>UEFA Europa League, Achtelfinale, R\u00fcckspiele<\/strong><\/p>\n\n\n\n<p><span style=\"text-decoration: underline;\">Donnerstag, 19. M\u00e4rz 2026<\/span><\/p>\n\n\n\n<p><strong><em>SC Freiburg &#8211; KRC Genk (18.45 Uhr)<\/em><\/strong><br><img loading=\"lazy\" decoding=\"async\" width=\"16\" height=\"16\" class=\"wp-image-23920\" style=\"width: 16px;\" src=\"http:\/\/kommentatorenblog.de\/wp-content\/uploads\/2026\/01\/icons8-90-16.png\" alt=\"\"> Jens J\u00f6rg Rieck<br><img loading=\"lazy\" decoding=\"async\" width=\"15\" height=\"15\" class=\"wp-image-23970\" style=\"width: 15px;\" src=\"http:\/\/kommentatorenblog.de\/wp-content\/uploads\/2026\/01\/icons8-mikrofon-25.png\" alt=\"\"> Claus-Peter Hufer<\/p>\n\n\n\n<p><strong><em>FC Porto &#8211; VfB Stuttgart (21.00 Uhr)<\/em><\/strong><br><img loading=\"lazy\" decoding=\"async\" width=\"16\" height=\"16\" class=\"wp-image-23920\" style=\"width: 16px;\" src=\"http:\/\/kommentatorenblog.de\/wp-content\/uploads\/2026\/01\/icons8-90-16.png\" alt=\"\"> Michael Bollenbacher (off-tube)<\/p>\n\n\n\n<hr class=\"wp-block-separator has-alpha-channel-opacity\"\/>\n\n\n\n<p><strong>UEFA Conference League, Achtelfinale, R\u00fcckspiel<\/strong><\/p>\n\n\n\n<p><span style=\"text-decoration: underline;\">Donnerstag, 19. M\u00e4rz 2026<\/span><\/p>\n\n\n\n<p><strong><em>1. FSV Mainz 05 &#8211; Sigma Olm\u00fctz (18.45 Uhr)<\/em><\/strong><br><img loading=\"lazy\" decoding=\"async\" width=\"16\" height=\"16\" class=\"wp-image-23920\" style=\"width: 16px;\" src=\"http:\/\/kommentatorenblog.de\/wp-content\/uploads\/2026\/01\/icons8-90-16.png\" alt=\"\"> Florian Winkler<\/p>\n\n\n\n<hr class=\"wp-block-separator has-alpha-channel-opacity\"\/>\n\n\n\n<p><strong>Frauen-Bundesliga, 15. Spieltag, Nachholspiel <\/strong><\/p>\n\n\n\n<p><span style=\"text-decoration: underline;\">Mittwoch, 18. M\u00e4rz 2026<\/span><\/p>\n\n\n\n<p><strong><em>Carl Zeiss Jena &#8211; VfL Wolfsburg (18.00 Uhr)<\/em><\/strong><br><img loading=\"lazy\" decoding=\"async\" width=\"16\" height=\"16\" class=\"wp-image-23922\" style=\"width: 16px;\" src=\"http:\/\/kommentatorenblog.de\/wp-content\/uploads\/2026\/01\/icons8-radio-50.png\" alt=\"\"> Jan G\u00fcnther (MDR aktuell\/NDR 1 Niedersachsen)<\/p>\n\n\n\n<hr class=\"wp-block-separator has-alpha-channel-opacity\"\/>\n\n\n\n<pre class=\"wp-block-preformatted has-cyan-bluish-gray-background-color has-background\" style=\"font-size:16px\">*alle TV-Ansetzungen in dieser Woche findet ihr <a href=\"https:\/\/kommentatorenblog.de\/?p=25238\" data-type=\"link\" data-id=\"https:\/\/kommentatorenblog.de\/?p=24790\">hier<\/a>. <\/pre>\n\n\n\n<p>Moderation Sportschau Live (Netcast): Anne Hilt (Di), Lisa Tellers (Mi)<br>Moderation ARD Infoabend: Hendrik L\u00fcckhoff (Di), Lars Pegelow (Mi)<\/p>\n\n\n\n<p>Entgegen der Gewohnheit wird es von den beiden parallel stattfindenden Spielen am fr\u00fchen Donnerstagabend keine Konferenz, sondern zwei separate Vollreportagen geben.<\/p>\n\n\n\n<hr class=\"wp-block-separator has-alpha-channel-opacity\"\/>\n\n\n\n<hr class=\"wp-block-separator has-alpha-channel-opacity\"\/>\n\n\n\n<p>N&#8217;Abend allerseits,<\/p>\n\n\n\n<p>wie wahrscheinlich auch ihr war auch ich sehr erfreut dar\u00fcber, dass es zu den parallel ausgetragenen Viertelfinalspielen des DFB-Pokals der Frauen am Mittwoch endlich auch einmal eine Konferenz \u00fcber die vollen 90 Minuten gab. Ma\u00dfgeblich daf\u00fcr verantwortlich war der NDR, aus dessen Zone rund drei Teams (einschlie\u00dflich Bremen) beteiligt waren.<\/p>\n\n\n\n<p>Neben Jan M\u00f6ller, der die HSV-Frauen regelm\u00e4\u00dfig begleitet, und Hendrik L\u00fcckhoff, der auch bei den M\u00e4nnern recht h\u00e4ufig in Wolfsburg zum Einsatz kommt, war mit Anne van Eickels auch eine WDR-Reporterin am Spielort Essen beteiligt. Nicht an der Konferenz beteiligt hat sich allerdings der MDR, der mit dem FC Carl Zeiss Jena noch eine Mannschaft vertreten hatte. Hier war in der SpiO-App bzw. auf mdr.de eine Vollreportage nur zum Spiel der Jenaerinnen gegen den SC Sand verf\u00fcgbar, was zwar auch positiv ist, allerdings auch einen gewissen Beigeschmack hatte, da der NDR als Konsequenz das Spiel in der Konferenz von Olaf Rathje aus der Box verfolgen lie\u00df. Bei einem solchen Anlass w\u00e4re eine Kooperation, wie ich finde, schon durchaus w\u00fcnschenswert gewesen &#8211; sowahr ich das umfangreiche Regionalsport-Angebot des MDR sch\u00e4tze. Allerdings ist es auch in der 2. Bundesliga keine Seltenheit, dass nur einer von zwei MDR-Reportern eines Spieles aus dem Stadion berichtet und durchaus auch mal der Vollreportagen-\/Konferenz-Reporter sich aus der Box meldet. Im Falle des Pokalspiels in Jena hatte der MDR mit Andreas Mann, der zuvor schon lange nicht mehr als Live-Reporter im Audio eingesetzt worden war, einen Reporter sowohl f\u00fcr die Vollreportage als auch f\u00fcr die Einblendungen im linearen Radio vor Ort. Der MDR z\u00e4hlt jedenfalls zu den Rundfunkanstalten, die nach M\u00f6glichkeit im Radio \u00fcber den nationalen Frauenfu\u00dfball berichten, was bislang etwa seitens WDR, BR oder SWR noch ausbauf\u00e4hig ist.<\/p>\n\n\n\n<p>Grunds\u00e4tzlich ist es schon interessant, wie unterschiedlich die Priorit\u00e4ten der einzelnen Rundfunkanstalten bei den Fu\u00dfball-Live\u00fcbertragungen sind: Dadurch, dass sowohl Bremen Eins als auch NDR 2 in Bremen immer einen eigenen Reporter vor Ort haben, kann es selbst bei Sonntagsspielen vorkommen, dass 4 verschiedene H\u00f6rfunkreporter aus dem Weserstadion berichten. Auch WDR 2, NDR 90,3 oder NDR 1 Welle Nord setzen regelm\u00e4\u00dfig eigene Reporter bei Beteiligung lokaler Klubs ein. Bayern 1 sorgt bei Heimspielen am Samstagnachmittag gar f\u00fcr einen Austausch der Konferenzreporter des jeweiligen Spiels, sobald dort hineingeschaltet wird. Die Gr\u00fcnde liegen nat\u00fcrlich unter anderem auch darin, dass in den unterschiedlichen Programmen auch unterschiedlich oft und lang \u00fcber das Spiel berichtet wird, wodurch die Gefahr einer \u00dcberlappung der Schichten w\u00e4chst. Bei Bayern 1 hat es zudem Tradition, dass der gleiche Reporter, der f\u00fcr Bayern 1 berichtet, bei Heimspielen auch in der Konferenz zu h\u00f6ren ist, auch bereits vor der Einf\u00fchrung der 90-Minuten-Konferenz.<\/p>\n\n\n\n<hr class=\"wp-block-separator has-alpha-channel-opacity\"\/>\n\n\n\n<p><strong>Die Ansetzungen im ARD H\u00f6rfunk vom 13. bis 15. M\u00e4rz 2026<\/strong><\/p>\n\n\n\n<p>(<img loading=\"lazy\" decoding=\"async\" width=\"16\" height=\"16\" class=\"wp-image-23920\" style=\"width: 16px;\" src=\"http:\/\/kommentatorenblog.de\/wp-content\/uploads\/2026\/01\/icons8-90-16.png\" alt=\"\"> = Vollreportage, <img loading=\"lazy\" decoding=\"async\" width=\"16\" height=\"16\" class=\"wp-image-23919\" style=\"width: 16px;\" src=\"http:\/\/kommentatorenblog.de\/wp-content\/uploads\/2026\/01\/icons8-telefon-30.png\" alt=\"\"> = Konferenz, <img loading=\"lazy\" decoding=\"async\" width=\"16\" height=\"16\" class=\"wp-image-23922\" style=\"width: 16px;\" src=\"http:\/\/kommentatorenblog.de\/wp-content\/uploads\/2026\/01\/icons8-radio-50.png\" alt=\"\"> = UKW-Einblendungen, <img loading=\"lazy\" decoding=\"async\" width=\"15\" height=\"15\" class=\"wp-image-23925\" style=\"width: 15px;\" src=\"http:\/\/kommentatorenblog.de\/wp-content\/uploads\/2026\/01\/icons8-twitch-50.png\" alt=\"\"> = Twitch, <img loading=\"lazy\" decoding=\"async\" width=\"15\" height=\"15\" class=\"wp-image-23970\" style=\"width: 15px;\" src=\"http:\/\/kommentatorenblog.de\/wp-content\/uploads\/2026\/01\/icons8-mikrofon-25.png\" alt=\"\"> = Interviews)<\/p>\n\n\n\n<hr class=\"wp-block-separator has-alpha-channel-opacity\"\/>\n\n\n\n<p><strong>Bundesliga, 26. Spieltag<\/strong><\/p>\n\n\n\n<p><span style=\"text-decoration: underline;\">Freitag, 13. M\u00e4rz 2026<\/span><\/p>\n\n\n\n<p><strong><em>Borussia M\u00f6nchengladbach &#8211; FC St. Pauli (20.30 Uhr)<\/em><\/strong><br><img loading=\"lazy\" decoding=\"async\" width=\"16\" height=\"16\" class=\"wp-image-23920\" style=\"width: 16px;\" src=\"http:\/\/kommentatorenblog.de\/wp-content\/uploads\/2026\/01\/icons8-90-16.png\" alt=\"\"> Jens Walbrodt<br><img loading=\"lazy\" decoding=\"async\" width=\"16\" height=\"16\" class=\"wp-image-23922\" style=\"width: 16px;\" src=\"http:\/\/kommentatorenblog.de\/wp-content\/uploads\/2026\/01\/icons8-radio-50.png\" alt=\"\"> Marc Eschweiler<br><img loading=\"lazy\" decoding=\"async\" width=\"15\" height=\"15\" class=\"wp-image-23970\" style=\"width: 15px;\" src=\"http:\/\/kommentatorenblog.de\/wp-content\/uploads\/2026\/01\/icons8-mikrofon-25.png\" alt=\"\"> Ulli Sch\u00e4fer<\/p>\n\n\n\n<p><span style=\"text-decoration: underline;\">Samstag, 14. M\u00e4rz 2026<\/span><\/p>\n\n\n\n<p><strong><em>Bayer 04 Leverkusen &#8211; FC Bayern M\u00fcnchen (15.30 Uhr)<\/em><\/strong><br><img loading=\"lazy\" decoding=\"async\" width=\"16\" height=\"16\" class=\"wp-image-23920\" style=\"width: 16px;\" src=\"http:\/\/kommentatorenblog.de\/wp-content\/uploads\/2026\/01\/icons8-90-16.png\" alt=\"\"> Tim Wichmann<br><img loading=\"lazy\" decoding=\"async\" width=\"16\" height=\"16\" class=\"wp-image-23919\" style=\"width: 16px;\" src=\"http:\/\/kommentatorenblog.de\/wp-content\/uploads\/2026\/01\/icons8-telefon-30.png\" alt=\"\"> Burkhard Hupe<br><img loading=\"lazy\" decoding=\"async\" width=\"16\" height=\"16\" class=\"wp-image-23922\" style=\"width: 16px;\" src=\"http:\/\/kommentatorenblog.de\/wp-content\/uploads\/2026\/01\/icons8-radio-50.png\" alt=\"\"> <s>Christian Schulze<\/s> Marc Eschweiler \/ Jan Wochner (WDR 2) \/ Edgar Endres (Bayern 1, off-tube)<br><img loading=\"lazy\" decoding=\"async\" width=\"15\" height=\"15\" class=\"wp-image-23925\" style=\"width: 15px;\" src=\"http:\/\/kommentatorenblog.de\/wp-content\/uploads\/2026\/01\/icons8-twitch-50.png\" alt=\"\"> Moritz Knorr<br><img loading=\"lazy\" decoding=\"async\" width=\"15\" height=\"15\" class=\"wp-image-23970\" style=\"width: 15px;\" src=\"http:\/\/kommentatorenblog.de\/wp-content\/uploads\/2026\/01\/icons8-mikrofon-25.png\" alt=\"\"> Torge Hidding<\/p>\n\n\n\n<p><strong><em>Borussia Dortmund &#8211; FC Augsburg (15.30 Uhr)<\/em><\/strong><br><img loading=\"lazy\" decoding=\"async\" width=\"16\" height=\"16\" class=\"wp-image-23920\" style=\"width: 16px;\" src=\"http:\/\/kommentatorenblog.de\/wp-content\/uploads\/2026\/01\/icons8-90-16.png\" alt=\"\"> Anne van Eickels<br><img loading=\"lazy\" decoding=\"async\" width=\"16\" height=\"16\" class=\"wp-image-23919\" style=\"width: 16px;\" src=\"http:\/\/kommentatorenblog.de\/wp-content\/uploads\/2026\/01\/icons8-telefon-30.png\" alt=\"\"> Armin Lehmann<br><img loading=\"lazy\" decoding=\"async\" width=\"16\" height=\"16\" class=\"wp-image-23922\" style=\"width: 16px;\" src=\"http:\/\/kommentatorenblog.de\/wp-content\/uploads\/2026\/01\/icons8-radio-50.png\" alt=\"\"> Luise Kropff \/ Mike K\u00fcster (Bayern 1, off-tube)<br><img loading=\"lazy\" decoding=\"async\" width=\"15\" height=\"15\" class=\"wp-image-23970\" style=\"width: 15px;\" src=\"http:\/\/kommentatorenblog.de\/wp-content\/uploads\/2026\/01\/icons8-mikrofon-25.png\" alt=\"\"> Daniela M\u00fcllenborn<\/p>\n\n\n\n<p><strong><em>Eintracht Frankfurt &#8211; 1. FC Heidenheim (15.30 Uhr)<\/em><\/strong><br><img loading=\"lazy\" decoding=\"async\" width=\"16\" height=\"16\" class=\"wp-image-23920\" style=\"width: 16px;\" src=\"http:\/\/kommentatorenblog.de\/wp-content\/uploads\/2026\/01\/icons8-90-16.png\" alt=\"\"> Daniel H\u00f6hr<br><img loading=\"lazy\" decoding=\"async\" width=\"16\" height=\"16\" class=\"wp-image-23919\" style=\"width: 16px;\" src=\"http:\/\/kommentatorenblog.de\/wp-content\/uploads\/2026\/01\/icons8-telefon-30.png\" alt=\"\"> Philipp Hofmeister<br><img loading=\"lazy\" decoding=\"async\" width=\"16\" height=\"16\" class=\"wp-image-23922\" style=\"width: 16px;\" src=\"http:\/\/kommentatorenblog.de\/wp-content\/uploads\/2026\/01\/icons8-radio-50.png\" alt=\"\"> Tim Brockmeier<br><img loading=\"lazy\" decoding=\"async\" width=\"15\" height=\"15\" class=\"wp-image-23970\" style=\"width: 15px;\" src=\"http:\/\/kommentatorenblog.de\/wp-content\/uploads\/2026\/01\/icons8-mikrofon-25.png\" alt=\"\"> Christian Adolph<\/p>\n\n\n\n<p><strong><em>TSG 1899 Hoffenheim &#8211; VfL Wolfsburg (15.30 Uhr)<\/em><\/strong><br><img loading=\"lazy\" decoding=\"async\" width=\"16\" height=\"16\" class=\"wp-image-23920\" style=\"width: 16px;\" src=\"http:\/\/kommentatorenblog.de\/wp-content\/uploads\/2026\/01\/icons8-90-16.png\" alt=\"\"> Ann-Kathrin Rose<br><img loading=\"lazy\" decoding=\"async\" width=\"16\" height=\"16\" class=\"wp-image-23919\" style=\"width: 16px;\" src=\"http:\/\/kommentatorenblog.de\/wp-content\/uploads\/2026\/01\/icons8-telefon-30.png\" alt=\"\"> Detlev Lindner<br><img loading=\"lazy\" decoding=\"async\" width=\"16\" height=\"16\" class=\"wp-image-23922\" style=\"width: 16px;\" src=\"http:\/\/kommentatorenblog.de\/wp-content\/uploads\/2026\/01\/icons8-radio-50.png\" alt=\"\"> Daniel G\u00fcnther \/ J\u00f6rg Tegelh\u00fctter (NDR 2\/NDR 1 Niedersachsen, off-tube)<br><img loading=\"lazy\" decoding=\"async\" width=\"15\" height=\"15\" class=\"wp-image-23970\" style=\"width: 15px;\" src=\"http:\/\/kommentatorenblog.de\/wp-content\/uploads\/2026\/01\/icons8-mikrofon-25.png\" alt=\"\"> Kersten Eichhorn<\/p>\n\n\n\n<p><strong><em>Hamburger SV &#8211; 1. FC K\u00f6ln (18.30 Uhr)<\/em><\/strong><br><img loading=\"lazy\" decoding=\"async\" width=\"16\" height=\"16\" class=\"wp-image-23920\" style=\"width: 16px;\" src=\"http:\/\/kommentatorenblog.de\/wp-content\/uploads\/2026\/01\/icons8-90-16.png\" alt=\"\"> Stefan Grothoff<br><img loading=\"lazy\" decoding=\"async\" width=\"16\" height=\"16\" class=\"wp-image-23922\" style=\"width: 16px;\" src=\"http:\/\/kommentatorenblog.de\/wp-content\/uploads\/2026\/01\/icons8-radio-50.png\" alt=\"\"> Hendrik L\u00fcckhoff \/ Lars Pegelow (NDR 90,3)<br><img loading=\"lazy\" decoding=\"async\" width=\"15\" height=\"15\" class=\"wp-image-23970\" style=\"width: 15px;\" src=\"http:\/\/kommentatorenblog.de\/wp-content\/uploads\/2026\/01\/icons8-mikrofon-25.png\" alt=\"\"> Michael Maske<\/p>\n\n\n\n<p><span style=\"text-decoration: underline;\">Sonntag, 15. M\u00e4rz 2026<\/span><\/p>\n\n\n\n<p><strong><em>SV Werder Bremen &#8211; 1. FSV Mainz 05 (15.30 Uhr)<\/em><\/strong><br><img loading=\"lazy\" decoding=\"async\" width=\"16\" height=\"16\" class=\"wp-image-23920\" style=\"width: 16px;\" src=\"http:\/\/kommentatorenblog.de\/wp-content\/uploads\/2026\/01\/icons8-90-16.png\" alt=\"\"> Axel Pusitzky<br><img loading=\"lazy\" decoding=\"async\" width=\"16\" height=\"16\" class=\"wp-image-23922\" style=\"width: 16px;\" src=\"http:\/\/kommentatorenblog.de\/wp-content\/uploads\/2026\/01\/icons8-radio-50.png\" alt=\"\"> Felix Gerhardt \/ Mathias Arians (Bremen Eins) \/ Moritz K\u00fchn (NDR 2\/NDR 1 Niedersachsen)<br><img loading=\"lazy\" decoding=\"async\" width=\"15\" height=\"15\" class=\"wp-image-23970\" style=\"width: 15px;\" src=\"http:\/\/kommentatorenblog.de\/wp-content\/uploads\/2026\/01\/icons8-mikrofon-25.png\" alt=\"\"> Maike Albrecht<\/p>\n\n\n\n<p><strong><em>SC Freiburg &#8211; 1. FC Union Berlin (17.30 Uhr)<\/em><\/strong><br><img loading=\"lazy\" decoding=\"async\" width=\"16\" height=\"16\" class=\"wp-image-23920\" style=\"width: 16px;\" src=\"http:\/\/kommentatorenblog.de\/wp-content\/uploads\/2026\/01\/icons8-90-16.png\" alt=\"\"> Patrick Schmid<br><img loading=\"lazy\" decoding=\"async\" width=\"16\" height=\"16\" class=\"wp-image-23922\" style=\"width: 16px;\" src=\"http:\/\/kommentatorenblog.de\/wp-content\/uploads\/2026\/01\/icons8-radio-50.png\" alt=\"\"> Daniel G\u00fcnther<br><img loading=\"lazy\" decoding=\"async\" width=\"15\" height=\"15\" class=\"wp-image-23970\" style=\"width: 15px;\" src=\"http:\/\/kommentatorenblog.de\/wp-content\/uploads\/2026\/01\/icons8-mikrofon-25.png\" alt=\"\"> Claus-Peter Hufer<\/p>\n\n\n\n<p><strong><em>VfB Stuttgart &#8211; RasenBallsport Leipzig (19.30 Uhr)<\/em><\/strong><br><img loading=\"lazy\" decoding=\"async\" width=\"16\" height=\"16\" class=\"wp-image-23920\" style=\"width: 16px;\" src=\"http:\/\/kommentatorenblog.de\/wp-content\/uploads\/2026\/01\/icons8-90-16.png\" alt=\"\"> Detlev Lindner<br><img loading=\"lazy\" decoding=\"async\" width=\"16\" height=\"16\" class=\"wp-image-23922\" style=\"width: 16px;\" src=\"http:\/\/kommentatorenblog.de\/wp-content\/uploads\/2026\/01\/icons8-radio-50.png\" alt=\"\"> Ann-Kathrin Rose<br><img loading=\"lazy\" decoding=\"async\" width=\"15\" height=\"15\" class=\"wp-image-23970\" style=\"width: 15px;\" src=\"http:\/\/kommentatorenblog.de\/wp-content\/uploads\/2026\/01\/icons8-mikrofon-25.png\" alt=\"\"> Michael Bollenbacher<\/p>\n\n\n\n<hr class=\"wp-block-separator has-alpha-channel-opacity\"\/>\n\n\n\n<p><strong>2. Bundesliga, 26. Spieltag<\/strong><\/p>\n\n\n\n<p><span style=\"text-decoration: underline;\">Freitag, 13. M\u00e4rz 2026<\/span><\/p>\n\n\n\n<p><strong><em>1. FC Magdeburg &#8211; SV Darmstadt 98 (18.30 Uhr)<\/em><\/strong><br><img loading=\"lazy\" decoding=\"async\" width=\"16\" height=\"16\" class=\"wp-image-23920\" style=\"width: 16px;\" src=\"http:\/\/kommentatorenblog.de\/wp-content\/uploads\/2026\/01\/icons8-90-16.png\" alt=\"\"> Jan G\u00fcnther (off-tube)<br><img loading=\"lazy\" decoding=\"async\" width=\"16\" height=\"16\" class=\"wp-image-23922\" style=\"width: 16px;\" src=\"http:\/\/kommentatorenblog.de\/wp-content\/uploads\/2026\/01\/icons8-radio-50.png\" alt=\"\"> Frank Martin<br><img loading=\"lazy\" decoding=\"async\" width=\"15\" height=\"15\" class=\"wp-image-23970\" style=\"width: 15px;\" src=\"http:\/\/kommentatorenblog.de\/wp-content\/uploads\/2026\/01\/icons8-mikrofon-25.png\" alt=\"\"> Fabian Brenner<\/p>\n\n\n\n<p><strong><em>SpVgg Greuther F\u00fcrth &#8211; SV 07 Elversberg (18.30 Uhr)<\/em><\/strong><br><img loading=\"lazy\" decoding=\"async\" width=\"16\" height=\"16\" class=\"wp-image-23920\" style=\"width: 16px;\" src=\"http:\/\/kommentatorenblog.de\/wp-content\/uploads\/2026\/01\/icons8-90-16.png\" alt=\"\">\/<img loading=\"lazy\" decoding=\"async\" width=\"15\" height=\"15\" class=\"wp-image-23970\" style=\"width: 15px;\" src=\"http:\/\/kommentatorenblog.de\/wp-content\/uploads\/2026\/01\/icons8-mikrofon-25.png\" alt=\"\"> Christian Klug<br><img loading=\"lazy\" decoding=\"async\" width=\"16\" height=\"16\" class=\"wp-image-23922\" style=\"width: 16px;\" src=\"http:\/\/kommentatorenblog.de\/wp-content\/uploads\/2026\/01\/icons8-radio-50.png\" alt=\"\"> Oliver Tubenauer<\/p>\n\n\n\n<p><span style=\"text-decoration: underline;\">Samstag, 14. M\u00e4rz 2026<\/span><\/p>\n\n\n\n<p><strong><em>DSC Arminia Bielefeld &#8211; SC Paderborn 07 (13.00 Uhr)<\/em><\/strong><br><img loading=\"lazy\" decoding=\"async\" width=\"16\" height=\"16\" class=\"wp-image-23920\" style=\"width: 16px;\" src=\"http:\/\/kommentatorenblog.de\/wp-content\/uploads\/2026\/01\/icons8-90-16.png\" alt=\"\"> Fritz Rasch<br><img loading=\"lazy\" decoding=\"async\" width=\"16\" height=\"16\" class=\"wp-image-23922\" style=\"width: 16px;\" src=\"http:\/\/kommentatorenblog.de\/wp-content\/uploads\/2026\/01\/icons8-radio-50.png\" alt=\"\"> Sara Schwedmann<br><img loading=\"lazy\" decoding=\"async\" width=\"15\" height=\"15\" class=\"wp-image-23970\" style=\"width: 15px;\" src=\"http:\/\/kommentatorenblog.de\/wp-content\/uploads\/2026\/01\/icons8-mikrofon-25.png\" alt=\"\"> Mareike Zeck<\/p>\n\n\n\n<p><strong><em>Eintracht Braunschweig &#8211; Fortuna D\u00fcsseldorf (13.00 Uhr)<\/em><\/strong><br><img loading=\"lazy\" decoding=\"async\" width=\"16\" height=\"16\" class=\"wp-image-23920\" style=\"width: 16px;\" src=\"http:\/\/kommentatorenblog.de\/wp-content\/uploads\/2026\/01\/icons8-90-16.png\" alt=\"\"> <s>Burkhard Tillner<\/s> Jan-Phillip Molitor (off-tube)<br><img loading=\"lazy\" decoding=\"async\" width=\"16\" height=\"16\" class=\"wp-image-23922\" style=\"width: 16px;\" src=\"http:\/\/kommentatorenblog.de\/wp-content\/uploads\/2026\/01\/icons8-radio-50.png\" alt=\"\"> <s>Robert Witt<\/s> Burkhard Tillner<br><img loading=\"lazy\" decoding=\"async\" width=\"15\" height=\"15\" class=\"wp-image-23970\" style=\"width: 15px;\" src=\"http:\/\/kommentatorenblog.de\/wp-content\/uploads\/2026\/01\/icons8-mikrofon-25.png\" alt=\"\"> Kevin Poweska<\/p>\n\n\n\n<p><strong><em>KSV Holstein Kiel &#8211; 1. FC N\u00fcrnberg (13.00 Uhr)<\/em><\/strong><br><img loading=\"lazy\" decoding=\"async\" width=\"16\" height=\"16\" class=\"wp-image-23920\" style=\"width: 16px;\" src=\"http:\/\/kommentatorenblog.de\/wp-content\/uploads\/2026\/01\/icons8-90-16.png\" alt=\"\"> Patric Seibel<br><img loading=\"lazy\" decoding=\"async\" width=\"16\" height=\"16\" class=\"wp-image-23922\" style=\"width: 16px;\" src=\"http:\/\/kommentatorenblog.de\/wp-content\/uploads\/2026\/01\/icons8-radio-50.png\" alt=\"\"> Ina Kast \/ Fabian Wittke (NDR 1 Welle Nord)<br><img loading=\"lazy\" decoding=\"async\" width=\"15\" height=\"15\" class=\"wp-image-23970\" style=\"width: 15px;\" src=\"http:\/\/kommentatorenblog.de\/wp-content\/uploads\/2026\/01\/icons8-mikrofon-25.png\" alt=\"\"> Ole Zeisler<\/p>\n\n\n\n<p><strong><em>Hertha BSC &#8211; VfL Bochum (20.30 Uhr)<\/em><\/strong><br><img loading=\"lazy\" decoding=\"async\" width=\"16\" height=\"16\" class=\"wp-image-23920\" style=\"width: 16px;\" src=\"http:\/\/kommentatorenblog.de\/wp-content\/uploads\/2026\/01\/icons8-90-16.png\" alt=\"\"> Philipp H\u00f6ppner<br><img loading=\"lazy\" decoding=\"async\" width=\"16\" height=\"16\" class=\"wp-image-23922\" style=\"width: 16px;\" src=\"http:\/\/kommentatorenblog.de\/wp-content\/uploads\/2026\/01\/icons8-radio-50.png\" alt=\"\"> Guido Ringel<br><img loading=\"lazy\" decoding=\"async\" width=\"15\" height=\"15\" class=\"wp-image-23970\" style=\"width: 15px;\" src=\"http:\/\/kommentatorenblog.de\/wp-content\/uploads\/2026\/01\/icons8-mikrofon-25.png\" alt=\"\"> Jakob R\u00fcger<\/p>\n\n\n\n<p><span style=\"text-decoration: underline;\">Sonntag, 15. M\u00e4rz 2026<\/span><\/p>\n\n\n\n<p><strong><em>1. FC Kaiserslautern &#8211; Karlsruher SC (13.30 Uhr)<\/em><\/strong><br><img loading=\"lazy\" decoding=\"async\" width=\"16\" height=\"16\" class=\"wp-image-23920\" style=\"width: 16px;\" src=\"http:\/\/kommentatorenblog.de\/wp-content\/uploads\/2026\/01\/icons8-90-16.png\" alt=\"\"> Stefan Kersthold<br><img loading=\"lazy\" decoding=\"async\" width=\"16\" height=\"16\" class=\"wp-image-23922\" style=\"width: 16px;\" src=\"http:\/\/kommentatorenblog.de\/wp-content\/uploads\/2026\/01\/icons8-radio-50.png\" alt=\"\"> Florian Winkler<br><img loading=\"lazy\" decoding=\"async\" width=\"15\" height=\"15\" class=\"wp-image-23970\" style=\"width: 15px;\" src=\"http:\/\/kommentatorenblog.de\/wp-content\/uploads\/2026\/01\/icons8-mikrofon-25.png\" alt=\"\"> Marius M\u00fcller<\/p>\n\n\n\n<p><strong><em>FC Schalke 04 &#8211; Hannover 96 (13.30 Uhr)<\/em><\/strong><br><img loading=\"lazy\" decoding=\"async\" width=\"16\" height=\"16\" class=\"wp-image-23920\" style=\"width: 16px;\" src=\"http:\/\/kommentatorenblog.de\/wp-content\/uploads\/2026\/01\/icons8-90-16.png\" alt=\"\"> Stefan H\u00e4nsel<br><img loading=\"lazy\" decoding=\"async\" width=\"16\" height=\"16\" class=\"wp-image-23922\" style=\"width: 16px;\" src=\"http:\/\/kommentatorenblog.de\/wp-content\/uploads\/2026\/01\/icons8-radio-50.png\" alt=\"\"> Burkhard Hupe<br><img loading=\"lazy\" decoding=\"async\" width=\"15\" height=\"15\" class=\"wp-image-23970\" style=\"width: 15px;\" src=\"http:\/\/kommentatorenblog.de\/wp-content\/uploads\/2026\/01\/icons8-mikrofon-25.png\" alt=\"\"> Uwe Dietz<\/p>\n\n\n\n<p><strong><em>SG Dynamo Dresden &#8211; SC Preu\u00dfen M\u00fcnster (13.30 Uhr)<\/em><\/strong><br><img loading=\"lazy\" decoding=\"async\" width=\"16\" height=\"16\" class=\"wp-image-23920\" style=\"width: 16px;\" src=\"http:\/\/kommentatorenblog.de\/wp-content\/uploads\/2026\/01\/icons8-90-16.png\" alt=\"\"> Jeremias Diel<br><img loading=\"lazy\" decoding=\"async\" width=\"16\" height=\"16\" class=\"wp-image-23922\" style=\"width: 16px;\" src=\"http:\/\/kommentatorenblog.de\/wp-content\/uploads\/2026\/01\/icons8-radio-50.png\" alt=\"\"> Philipp Weiskirch<br><img loading=\"lazy\" decoding=\"async\" width=\"15\" height=\"15\" class=\"wp-image-23970\" style=\"width: 15px;\" src=\"http:\/\/kommentatorenblog.de\/wp-content\/uploads\/2026\/01\/icons8-mikrofon-25.png\" alt=\"\"> Uwe Karte<\/p>\n\n\n\n<hr class=\"wp-block-separator has-alpha-channel-opacity\"\/>\n\n\n\n<p><strong>3. Liga, 29. Spieltag<\/strong><\/p>\n\n\n\n<p><span style=\"text-decoration: underline;\">Samstag, 14. M\u00e4rz 2026<\/span><\/p>\n\n\n\n<p><strong><em>1. FC Saarbr\u00fccken &#8211; SSV Jahn Regensburg (14.00 Uhr)<\/em><\/strong><br><img loading=\"lazy\" decoding=\"async\" width=\"16\" height=\"16\" class=\"wp-image-23920\" style=\"width: 16px;\" src=\"http:\/\/kommentatorenblog.de\/wp-content\/uploads\/2026\/01\/icons8-90-16.png\" alt=\"\">\/<img loading=\"lazy\" decoding=\"async\" width=\"16\" height=\"16\" class=\"wp-image-23922\" style=\"width: 16px;\" src=\"http:\/\/kommentatorenblog.de\/wp-content\/uploads\/2026\/01\/icons8-radio-50.png\" alt=\"\"> Patrick Schmid (SR)<br><img loading=\"lazy\" decoding=\"async\" width=\"16\" height=\"16\" class=\"wp-image-23922\" style=\"width: 16px;\" src=\"http:\/\/kommentatorenblog.de\/wp-content\/uploads\/2026\/01\/icons8-radio-50.png\" alt=\"\"> Daniel Gahn (Bayern 1)<\/p>\n\n\n\n<p><strong><em>FC Hansa Rostock &#8211; MSV Duisburg (14.00 Uhr)<\/em><\/strong><br><img loading=\"lazy\" decoding=\"async\" width=\"16\" height=\"16\" class=\"wp-image-23920\" style=\"width: 16px;\" src=\"http:\/\/kommentatorenblog.de\/wp-content\/uploads\/2026\/01\/icons8-90-16.png\" alt=\"\"> Clemens Paulsen &amp; Nathalie Abraham (NDR MV)<br><img loading=\"lazy\" decoding=\"async\" width=\"16\" height=\"16\" class=\"wp-image-23922\" style=\"width: 16px;\" src=\"http:\/\/kommentatorenblog.de\/wp-content\/uploads\/2026\/01\/icons8-radio-50.png\" alt=\"\"> Jan Didjurgeit (NDR 1 Radio MV\/MDR aktuell\/rbb24 Inforadio)<\/p>\n\n\n\n<p><strong><em>Rot-Weiss Essen &#8211; FC Erzgebirge Aue (14.00 Uhr)<\/em><\/strong><br><img loading=\"lazy\" decoding=\"async\" width=\"16\" height=\"16\" class=\"wp-image-23920\" style=\"width: 16px;\" src=\"http:\/\/kommentatorenblog.de\/wp-content\/uploads\/2026\/01\/icons8-90-16.png\" alt=\"\">\/<img loading=\"lazy\" decoding=\"async\" width=\"16\" height=\"16\" class=\"wp-image-23922\" style=\"width: 16px;\" src=\"http:\/\/kommentatorenblog.de\/wp-content\/uploads\/2026\/01\/icons8-radio-50.png\" alt=\"\"> Alexander Schubert (MDR Sachsen)<br><img loading=\"lazy\" decoding=\"async\" width=\"16\" height=\"16\" class=\"wp-image-23922\" style=\"width: 16px;\" src=\"http:\/\/kommentatorenblog.de\/wp-content\/uploads\/2026\/01\/icons8-radio-50.png\" alt=\"\"> Maximilian Beyer (MDR aktuell)<\/p>\n\n\n\n<p><strong><em>VfL Osnabr\u00fcck &#8211; SV Waldhof Mannheim (14.00 Uhr)<\/em><\/strong><br><img loading=\"lazy\" decoding=\"async\" width=\"16\" height=\"16\" class=\"wp-image-23922\" style=\"width: 16px;\" src=\"http:\/\/kommentatorenblog.de\/wp-content\/uploads\/2026\/01\/icons8-radio-50.png\" alt=\"\"> Tiede Thedinga (NDR 1 Niedersachsen\/SWR 1)<\/p>\n\n\n\n<p><strong><em>TSV 1860 M\u00fcnchen &#8211; SV Wehen Wiesbaden (16.30 Uhr)<\/em><\/strong><br><img loading=\"lazy\" decoding=\"async\" width=\"16\" height=\"16\" class=\"wp-image-23922\" style=\"width: 16px;\" src=\"http:\/\/kommentatorenblog.de\/wp-content\/uploads\/2026\/01\/icons8-radio-50.png\" alt=\"\"> Taufig Khalil (Bayern 1)<\/p>\n\n\n\n<hr class=\"wp-block-separator has-alpha-channel-opacity\"\/>\n\n\n\n<p><strong>Frauen-Bundesliga, 20. Spieltag<\/strong><\/p>\n\n\n\n<p><span style=\"text-decoration: underline;\">Samstag, 14. M\u00e4rz 2026<\/span><\/p>\n\n\n\n<p><strong><em>SV Werder Bremen &#8211; Eintracht Frankfurt (14.00 Uhr)<\/em><\/strong><br><img loading=\"lazy\" decoding=\"async\" width=\"16\" height=\"16\" class=\"wp-image-23922\" style=\"width: 16px;\" src=\"http:\/\/kommentatorenblog.de\/wp-content\/uploads\/2026\/01\/icons8-radio-50.png\" alt=\"\"> Heiko Neugebauer (Bremen Eins)<\/p>\n\n\n\n<p><span style=\"text-decoration: underline;\">Sonntag, 15. M\u00e4rz 2026<\/span><\/p>\n\n\n\n<p><strong><em>FC Carl Zeiss Jena &#8211; Hamburger SV (14.00 Uhr)<\/em><\/strong><br><img loading=\"lazy\" decoding=\"async\" width=\"16\" height=\"16\" class=\"wp-image-23920\" style=\"width: 16px;\" src=\"http:\/\/kommentatorenblog.de\/wp-content\/uploads\/2026\/01\/icons8-90-16.png\" alt=\"\">\/<img loading=\"lazy\" decoding=\"async\" width=\"16\" height=\"16\" class=\"wp-image-23922\" style=\"width: 16px;\" src=\"http:\/\/kommentatorenblog.de\/wp-content\/uploads\/2026\/01\/icons8-radio-50.png\" alt=\"\"> Jan M\u00f6ller (NDR 90,3)<\/p>\n\n\n\n<p><strong><em>VfL Wolfsburg &#8211; Bayer 04 Leverkusen (18.30 Uhr)<\/em><\/strong><br><img loading=\"lazy\" decoding=\"async\" width=\"16\" height=\"16\" class=\"wp-image-23922\" style=\"width: 16px;\" src=\"http:\/\/kommentatorenblog.de\/wp-content\/uploads\/2026\/01\/icons8-radio-50.png\" alt=\"\"> tba (NDR 1 Niedersachsen)<\/p>\n\n\n\n<hr class=\"wp-block-separator has-alpha-channel-opacity\"\/>\n\n\n\n<p>Moderation Sportschau Live (Netcast): Anne Hilt (Fr), Julia Kleine (Sa, So)<br>Moderation Sportschau Live (Twitch) (Sa): Malte V\u00f6lz, Gast: Nils Bomhoff<br>Moderation Sportschau Live (Inforadios) (Fr): Nikolaus Hillmann<br>Moderation WDR 2 (Sa): Sven Pistor<br>Moderation Bayern 1 (Sa): Marcus Fahn, Gast (zugeschaltet): Almuth Schult<br>Moderation NDR 2 (Sa): Martin Roschitz<br>Moderation NDR 90,3 (Fr &amp; Sa): Michael Wittig<br>Moderation SWR 1 (Sa): D\u00e9sir\u00e9e Krause<br>Moderation hr1 (Sa): Simone Reuthal<br>Moderation hrINFO\/SWR aktuell (Sa): Martina Knief<br>Moderation Bremen Eins: Felix Gerhardt (Sa), Olaf Rathje (So)<br>Moderation radioeins (Sa): Andreas Ulrich &amp; Miriam Sinno<br>Moderation rbb24 Inforadio (Sa): Thomas Kroh &amp; Tabea Kunze<br>Moderation MDR Sachsen (Sa): Kathleen Rothe<br>Moderation MDR aktuell (Sa): Susann B\u00f6ttcher<br>Moderation SR 3 (Sa): Roman Bonnaire<\/p>\n\n\n\n<pre class=\"wp-block-preformatted has-cyan-bluish-gray-background-color has-background\" style=\"font-size:16px\">*alle TV-Ansetzungen des 26. Spieltags findet ihr <a href=\"https:\/\/kommentatorenblog.de\/?p=25123\" data-type=\"link\" data-id=\"https:\/\/kommentatorenblog.de\/?p=24790\">hier<\/a>. <\/pre>\n\n\n\n<hr class=\"wp-block-separator has-alpha-channel-opacity\"\/>\n\n\n\n<p><strong>Die Analyse<\/strong><\/p>\n\n\n\n<p>Bayern, BVB und die Eintracht sind an der Samstagskonferenz beteiligt &#8211; vielleicht auch ein Grund, mal auf Twitch einzuschalten, wo es bislang noch keine Livebilder, aber dennoch topaktuelle Infos direkt aus den Stadien plus einige Unterhaltung zum Thema Fu\u00dfball gibt. Falls ihr das Twitch-Format bereits verfolgt habt, wie ist eure Meinung dazu? Relive scheint das Format jedenfalls bisher deutlich beliebter zu sein als zu seinem eigentlichen Zweck. Moritz Knorr, eigentlich NDR-Reporter, verfolgt das Duell Bayer gegen Bayern in Leverkusen mit ComCam.<\/p>\n\n\n\n<p>Ansonsten haben wir diesmal wenig Arbeitsteilung in Liga 2, angesichts dessen, dass die WDR-Heimspiele in Bielefeld und auf Schalke stattfinden, wo meistens Extra-Interviewer eingesetzt werden. Beim MDR ist die Stamm-Interviewerin beim FCM, Sabrina Bramowski, noch wegen der Paralympics abwesend, weswegen MDR-Sachsen-Anhalt-Reporter Fabian Brenner am Freitag ihre Rolle \u00fcbernimmt. Auch Maike Albrecht (Bremen) und Kevin Poweska (Braunschweig) sind bislang noch nicht h\u00e4ufig in dieser Funktion eingesetzt worden. Mit Jan G\u00fcnther berichtet beim Spiel in Magdeburg der Vollreportagen-Reporter &#8211; siehe auch oben &#8211; aus der Box, bis auf die beiden Bayern-1-Reporter am Samstag (da Bayern und Augsburg ausw\u00e4rts spielen) sind ansonsten alle Reporter in den oberen beiden Ligen jeweils im Stadion. (<em>Update<\/em>: aufgrund des Ausfalls von Robert Witt kam die Vollreportage in Braunschweig aus dem WDR-Studio in K\u00f6ln.) Dabei verzeichnen Detlev Lindner, Ann-Kathrin Rose und Daniel G\u00fcnther f\u00fcr den SWR jeweils zwei Eins\u00e4tze, w\u00e4hrend Stefan Kersthold und Florian Winkler lediglich am Sonntag in Kaiserslautern im Einsatz sind.<\/p>\n\n\n\n<p>Ein sch\u00f6nes Fu\u00dfballwochenende und bis demn\u00e4chst!<\/p>\n","protected":false},"excerpt":{"rendered":"<p>Update vom 16. M\u00e4rz 2026 Die Ansetzungen im ARD H\u00f6rfunk vom 17. bis 19. M\u00e4rz 2026 ( = Vollreportage, = UKW-Einblendungen, = Interviews) UEFA Champions League, Achtelfinale, R\u00fcckspiele Dienstag, 17. M\u00e4rz 2026 FC Arsenal &#8211; Bayer 04 Leverkusen (21.00 Uhr) Burkhard Hupe &amp; Daniel Neuhaus Jan Wochner Mittwoch, 18. M\u00e4rz 2026 FC Bayern M\u00fcnchen &#8211; [&hellip;]<\/p>\n","protected":false},"author":17,"featured_media":0,"comment_status":"open","ping_status":"open","sticky":false,"template":"","format":"standard","meta":{"footnotes":""},"categories":[1],"tags":[],"class_list":["post-25156","post","type-post","status-publish","format-standard","hentry","category-uncategorized"],"_links":{"self":[{"href":"https:\/\/kommentatorenblog.de\/index.php?rest_route=\/wp\/v2\/posts\/25156","targetHints":{"allow":["GET"]}}],"collection":[{"href":"https:\/\/kommentatorenblog.de\/index.php?rest_route=\/wp\/v2\/posts"}],"about":[{"href":"https:\/\/kommentatorenblog.de\/index.php?rest_route=\/wp\/v2\/types\/post"}],"author":[{"embeddable":true,"href":"https:\/\/kommentatorenblog.de\/index.php?rest_route=\/wp\/v2\/users\/17"}],"replies":[{"embeddable":true,"href":"https:\/\/kommentatorenblog.de\/index.php?rest_route=%2Fwp%2Fv2%2Fcomments&post=25156"}],"version-history":[{"count":39,"href":"https:\/\/kommentatorenblog.de\/index.php?rest_route=\/wp\/v2\/posts\/25156\/revisions"}],"predecessor-version":[{"id":25342,"href":"https:\/\/kommentatorenblog.de\/index.php?rest_route=\/wp\/v2\/posts\/25156\/revisions\/25342"}],"wp:attachment":[{"href":"https:\/\/kommentatorenblog.de\/index.php?rest_route=%2Fwp%2Fv2%2Fmedia&parent=25156"}],"wp:term":[{"taxonomy":"category","embeddable":true,"href":"https:\/\/kommentatorenblog.de\/index.php?rest_route=%2Fwp%2Fv2%2Fcategories&post=25156"},{"taxonomy":"post_tag","embeddable":true,"href":"https:\/\/kommentatorenblog.de\/index.php?rest_route=%2Fwp%2Fv2%2Ftags&post=25156"}],"curies":[{"name":"wp","href":"https:\/\/api.w.org\/{rel}","templated":true}]}}