{"id":25238,"date":"2026-03-16T23:53:27","date_gmt":"2026-03-16T22:53:27","guid":{"rendered":"https:\/\/kommentatorenblog.de\/?p=25238"},"modified":"2026-04-21T16:09:21","modified_gmt":"2026-04-21T15:09:21","slug":"1580-jetzt-zaehlts","status":"publish","type":"post","link":"https:\/\/kommentatorenblog.de\/?p=25238","title":{"rendered":"1580 &#8211; Jetzt z\u00e4hlt&#8217;s!"},"content":{"rendered":"\n<p>N&#8217;Abend allerseits,<\/p>\n\n\n\n<p>nach einer insgesamt eher entt\u00e4uschenden Hinspielwoche f\u00fcr die deutschen Teams geht es nun darum, die zum Gl\u00fcck nur knappen R\u00fcckst\u00e4nde (Stuttgart, Freiburg) noch zu drehen oder die Gleichst\u00e4nde noch f\u00fcr dich zu entscheiden (Leverkusen, Mainz). Nur der FC Bayern hat mit einem 6:1-Vorsprung gegen Atalanta Bergamo im eigenen Stadion das Viertelfinalticket so gut wie sicher, sodass man wohl auch bedenkenlos einen 16-J\u00e4hrigen ins Tor stellen kann. Allerdings gelang von den 9 englischen Klubs, die nach wie vor in den europ\u00e4ischen Wettbewerben vertreten sind, ebenfalls nur einem (Aston Villa) ein Sieg im Hinspiel. Der FK Bod\u00f8\/Glimt darf sich bei einem 3:0-Vorsprung gegen\u00fcber Sporting Lissabon sehr gute Chancen auf den ersten Viertelfinaleinzug eines norwegischen Teams seit Rosenborg Trondheim 1997 ausrechnen. Es kann allerdings noch viel passieren.<\/p>\n\n\n\n<p>W\u00e4hrend sich bei Sky viele Randformate schon seit vielen Jahren etabliert haben, allen voran Sky90 und die Glanzparade, probiert DAZN seit der Gr\u00fcndung immer wieder verschiedene Formate aus, die bislang allerdings nie besonders langlebig waren. Mit am l\u00e4ngsten hielt sich das Begleitformat zur Champions League, die Champions Week, die DAZN wie bereits erw\u00e4hnt zum Jahreswechsel auslaufen lie\u00df. Auch um DECODED ist es zuletzt still geworden. Ein auch auf YouTube bereitgestelltes Format namens &#8222;Buli Beef&#8220; mit Leon Karasch, Robby Hunke, Flo Malburg, Conan Furlong und Max Giesen (der bislang noch nicht f\u00fcr DAZN kommentierte) endete bereits nach wenigen Wochen erst einmal wieder. Nun soll es ein &#8222;Never Talk Alone&#8220; genanntes w\u00f6chentliches Talkformat mit Sylvia Walker richten, in welchem neben Personen aus dem Sport (Thema Boxen ist wohl auch m\u00f6glich) auch Bekanntheiten aus dem Internet zu Gast sein werden. Nun ja, mal abwarten, wie dieser Bereich sich weiter entwickeln wird.<\/p>\n\n\n\n<p>Abseits des Fu\u00dfballs wird mit dem Freundschaftsspiel gegen \u00c4gypten am Donnerstag erstmals ein L\u00e4nderspiel der deutschen Handball-Nationalmannschaft auf ProSieben \u00fcbertragen. Neben <strong>Andrea Kaiser<\/strong> als Moderatorin wird <strong>Christoph &#8222;Icke&#8220; Dommisch<\/strong> nach anf\u00e4nglicher Verwirrung durch den Programmtext nicht als Kommentator, sondern als Interviewer fungieren. Als Kommentator konnte man sich die Dienste von <strong>Schmiso<\/strong> sichern, der seine Kommentatoren-Karriere 2015 auf ProSieben im Rahmen der damaligen NFL-\u00dcbertragungen begann und somit zu seinen Wurzeln zur\u00fcckkehrt. Entgegen meiner anf\u00e4nglichen Vermutung steht der Zusammenarbeit anscheinend doch kein Exklusiv-Deal mit Dyn (mehr?) im Weg. M\u00f6glicherweise im Gegensatz zu Schmisos regelm\u00e4\u00dfigem Dyn-Co-Kommentator und Podcast-Partner Stefan Kretzschmar, denn als Co-Kommentator wird der noch f\u00fcr den ThSV Eisenach aktive fr\u00fchere Nationaltorwart <strong>Silvio Heinevetter<\/strong> dabei sein, der f\u00fcr Sportdeutschland.TV und Dyn bereits einige Erfahrung in dieser Rolle gesammelt hat. Mit diesem Lineup wird ProSieben nun wohl in alle Heimspiele und WM-Spiele der DHB-Auswahl gehen. Dyn verliert hingegen f\u00fcr die kommende WM ein Aush\u00e4ngeschild &#8211; als Ersatz st\u00fcnden hingegen wohl potentiell die ARD- bzw. ZDF-Stimmen Florian Na\u00df und Gari Paubandt bereit, die ebenfalls zum HBL-Team von Dyn z\u00e4hlen, nachdem bei den \u00d6RR keine Live-Bilder zu sehen sein werden. An die Handball-Fans unter euch: gef\u00e4llt euch das neue Lineup f\u00fcr die Handball-L\u00e4nderspiele bei ProSieben?<\/p>\n\n\n\n<hr class=\"wp-block-separator has-alpha-channel-opacity\"\/>\n\n\n\n<p><strong>Die Ansetzungen vom 17. bis 19. M\u00e4rz 2026<\/strong><\/p>\n\n\n\n<hr class=\"wp-block-separator has-alpha-channel-opacity\"\/>\n\n\n\n<p><strong>UEFA Champions League, Achtelfinale, R\u00fcckspiele (DAZN\/<mark style=\"background-color:rgba(0, 0, 0, 0)\" class=\"has-inline-color has-vivid-cyan-blue-color\">Prime<\/mark>)<\/strong><\/p>\n\n\n\n<p><span style=\"text-decoration: underline;\">Dienstag, 17. M\u00e4rz 2026 (DAZN)<\/span><\/p>\n\n\n\n<p><strong><em>Sporting Lissabon <\/em><\/strong><em>(POR)<\/em><strong><em> &#8211; FK Bod\u00f8\/Glimt <\/em><\/strong><em>(NOR)<\/em><strong><em> <\/em><\/strong><em>(Hin: 0-3)<\/em><strong><em> (18.45 Uhr)<\/em><\/strong><br><img loading=\"lazy\" decoding=\"async\" width=\"10\" height=\"21\" class=\"wp-image-3656\" style=\"width: 10px;\" src=\"http:\/\/kommentatorenblog.de\/wp-content\/uploads\/2020\/09\/shure-55sh-ii-e1601485394796.jpg\" alt=\"\" srcset=\"https:\/\/kommentatorenblog.de\/wp-content\/uploads\/2020\/09\/shure-55sh-ii-e1601485394796.jpg 415w, https:\/\/kommentatorenblog.de\/wp-content\/uploads\/2020\/09\/shure-55sh-ii-e1601485394796-142x300.jpg 142w\" sizes=\"auto, (max-width: 10px) 100vw, 10px\" \/> Nico Seepe<\/p>\n\n\n\n<p><span style=\"text-decoration: underline;\">ab 20.00 Uhr (<mark style=\"background-color:rgba(0, 0, 0, 0)\" class=\"has-inline-color has-vivid-cyan-blue-color\">Prime<\/mark>)<\/span><\/p>\n\n\n\n<p><strong><em>FC Arsenal <\/em><\/strong><em>(ENG)<\/em><strong><em> &#8211; Bayer 04 Leverkusen <\/em><\/strong><em>(GER) (Hin: 1-1)<\/em><strong><em> (21.00 Uhr)<\/em><\/strong><br><img loading=\"lazy\" decoding=\"async\" width=\"10\" height=\"21\" class=\"wp-image-3656\" style=\"width: 10px;\" src=\"http:\/\/kommentatorenblog.de\/wp-content\/uploads\/2020\/09\/shure-55sh-ii-e1601485394796.jpg\" alt=\"\" srcset=\"https:\/\/kommentatorenblog.de\/wp-content\/uploads\/2020\/09\/shure-55sh-ii-e1601485394796.jpg 415w, https:\/\/kommentatorenblog.de\/wp-content\/uploads\/2020\/09\/shure-55sh-ii-e1601485394796-142x300.jpg 142w\" sizes=\"auto, (max-width: 10px) 100vw, 10px\" \/> Hannes Herrmann, Experte: Benedikt H\u00f6wedes<br>Field-Reporter:innen: Cayana Freeman und Sebastian Benesch<br>Moderation: Jonas Friedrich, Expert:innen: Mats Hummels, Matthias Sammer und Tabea Kemme, Schiedsrichter-Experte: Lutz Wagner<\/p>\n\n\n\n<p>Moderation (Highlight-Show): Lena Cassel, Experte: Patrick Owomoyela<\/p>\n\n\n\n<p><span style=\"text-decoration: underline;\">ab 20.30 Uhr (DAZN)<\/span><\/p>\n\n\n\n<p><strong><em>Manchester City <\/em><\/strong><em>(ENG)<\/em><strong><em> &#8211; Real Madrid <\/em><\/strong><em>(ESP) (Hin: 0-3)<\/em><strong><em> (21.00 Uhr)<\/em><\/strong><br><img loading=\"lazy\" decoding=\"async\" width=\"10\" height=\"21\" class=\"wp-image-3656\" style=\"width: 10px;\" src=\"http:\/\/kommentatorenblog.de\/wp-content\/uploads\/2020\/09\/shure-55sh-ii-e1601485394796.jpg\" alt=\"\" srcset=\"https:\/\/kommentatorenblog.de\/wp-content\/uploads\/2020\/09\/shure-55sh-ii-e1601485394796.jpg 415w, https:\/\/kommentatorenblog.de\/wp-content\/uploads\/2020\/09\/shure-55sh-ii-e1601485394796-142x300.jpg 142w\" sizes=\"auto, (max-width: 10px) 100vw, 10px\" \/> Max Siebald, Experte: Tobias Schweinsteiger (Einzelspiel), Freddy Harder (Konferenz)<\/p>\n\n\n\n<p><strong><em>FC Chelsea <\/em><\/strong><em>(ENG)<\/em><strong><em> &#8211; Paris Saint-Germain <\/em><\/strong><em>(FRA) (Hin: 2-5)<\/em><strong><em> (21.00 Uhr)<\/em><\/strong><br><img loading=\"lazy\" decoding=\"async\" width=\"10\" height=\"21\" class=\"wp-image-3656\" style=\"width: 10px;\" src=\"http:\/\/kommentatorenblog.de\/wp-content\/uploads\/2020\/09\/shure-55sh-ii-e1601485394796.jpg\" alt=\"\" srcset=\"https:\/\/kommentatorenblog.de\/wp-content\/uploads\/2020\/09\/shure-55sh-ii-e1601485394796.jpg 415w, https:\/\/kommentatorenblog.de\/wp-content\/uploads\/2020\/09\/shure-55sh-ii-e1601485394796-142x300.jpg 142w\" sizes=\"auto, (max-width: 10px) 100vw, 10px\" \/> Marcel Seufert (Einzelspiel), Mario Rieker (Konferenz)<\/p>\n\n\n\n<p>Moderation (Konferenz): Christoph Stadtler<\/p>\n\n\n\n<p><span style=\"text-decoration: underline;\">Mittwoch, 18. M\u00e4rz 2026 (DAZN)<\/span><\/p>\n\n\n\n<p><strong><em>FC Barcelona <\/em><\/strong><em>(ESP)<\/em><strong><em> &#8211; Newcastle United <\/em><\/strong><em>(ENG)<\/em><strong><em> <\/em><\/strong><em>(Hin: 1-1)<\/em><strong><em> (18.45 Uhr)<\/em><\/strong><br><img loading=\"lazy\" decoding=\"async\" width=\"10\" height=\"21\" class=\"wp-image-3656\" style=\"width: 10px;\" src=\"http:\/\/kommentatorenblog.de\/wp-content\/uploads\/2020\/09\/shure-55sh-ii-e1601485394796.jpg\" alt=\"\" srcset=\"https:\/\/kommentatorenblog.de\/wp-content\/uploads\/2020\/09\/shure-55sh-ii-e1601485394796.jpg 415w, https:\/\/kommentatorenblog.de\/wp-content\/uploads\/2020\/09\/shure-55sh-ii-e1601485394796-142x300.jpg 142w\" sizes=\"auto, (max-width: 10px) 100vw, 10px\" \/> <s>Jan Platte<\/s> Chris Putz, Expertin: Turid Knaak<\/p>\n\n\n\n<p><span style=\"text-decoration: underline;\">ab 20.15 Uhr (DAZN)<\/span><\/p>\n\n\n\n<p><strong><em>FC Bayern M\u00fcnchen <\/em><\/strong><em>(GER)<\/em><strong><em> &#8211; Atalanta Bergamo <\/em><\/strong><em>(ITA) (Hin: 6-1)<\/em><strong><em> (21.00 Uhr)<\/em><\/strong><br><img loading=\"lazy\" decoding=\"async\" width=\"10\" height=\"21\" class=\"wp-image-3656\" style=\"width: 10px;\" src=\"http:\/\/kommentatorenblog.de\/wp-content\/uploads\/2020\/09\/shure-55sh-ii-e1601485394796.jpg\" alt=\"\" srcset=\"https:\/\/kommentatorenblog.de\/wp-content\/uploads\/2020\/09\/shure-55sh-ii-e1601485394796.jpg 415w, https:\/\/kommentatorenblog.de\/wp-content\/uploads\/2020\/09\/shure-55sh-ii-e1601485394796-142x300.jpg 142w\" sizes=\"auto, (max-width: 10px) 100vw, 10px\" \/> Marco Hagemann, Experte: Michael Ballack (Einzelspiel), <s>Lukas Sch\u00f6nm\u00fcller<\/s> Jan Platte (Konferenz)<br>Moderation: Freddy Harder, Field-Reporter: Mario Rieker<\/p>\n\n\n\n<p><strong><em>FC Liverpool <\/em><\/strong><em>(ENG)<\/em><strong><em> &#8211; Galatasaray Istanbul <\/em><\/strong><em>(TUR)<\/em><strong><em> <\/em><\/strong><em>(Hin: 0-1)<\/em><strong><em> (21.00 Uhr)<\/em><\/strong><br><img loading=\"lazy\" decoding=\"async\" width=\"10\" height=\"21\" class=\"wp-image-3656\" style=\"width: 10px;\" src=\"http:\/\/kommentatorenblog.de\/wp-content\/uploads\/2020\/09\/shure-55sh-ii-e1601485394796.jpg\" alt=\"\" srcset=\"https:\/\/kommentatorenblog.de\/wp-content\/uploads\/2020\/09\/shure-55sh-ii-e1601485394796.jpg 415w, https:\/\/kommentatorenblog.de\/wp-content\/uploads\/2020\/09\/shure-55sh-ii-e1601485394796-142x300.jpg 142w\" sizes=\"auto, (max-width: 10px) 100vw, 10px\" \/> David Ploch (Einzelspiel), Tom Kirsten (Konferenz)<\/p>\n\n\n\n<p><strong><em>Tottenham Hotspur <\/em><\/strong><em>(ENG)<\/em><strong><em> &#8211; Atletico Madrid <\/em><\/strong><em>(ESP) (Hin: 2-5)<\/em><strong><em> (21.00 Uhr)<\/em><\/strong><br><img loading=\"lazy\" decoding=\"async\" width=\"10\" height=\"21\" class=\"wp-image-3656\" style=\"width: 10px;\" src=\"http:\/\/kommentatorenblog.de\/wp-content\/uploads\/2020\/09\/shure-55sh-ii-e1601485394796.jpg\" alt=\"\" srcset=\"https:\/\/kommentatorenblog.de\/wp-content\/uploads\/2020\/09\/shure-55sh-ii-e1601485394796.jpg 415w, https:\/\/kommentatorenblog.de\/wp-content\/uploads\/2020\/09\/shure-55sh-ii-e1601485394796-142x300.jpg 142w\" sizes=\"auto, (max-width: 10px) 100vw, 10px\" \/> Robby Hunke (Einzelspiel), Oliver Forster (Konferenz)<\/p>\n\n\n\n<p>Moderation (Konferenz): Tobi Wahnschaffe<\/p>\n\n\n\n<hr class=\"wp-block-separator has-alpha-channel-opacity\"\/>\n\n\n\n<p><strong>UEFA Europa League \/ UEFA Conference League, Achtelfinale, R\u00fcckspiele (<mark style=\"background-color:rgba(0, 0, 0, 0)\" class=\"has-inline-color has-vivid-purple-color\">RTL<\/mark>\/<mark style=\"background-color:rgba(0, 0, 0, 0)\" class=\"has-inline-color has-vivid-purple-color\">RTL+<\/mark>\/<mark style=\"background-color:rgba(0, 0, 0, 0);color:#a2ff00\" class=\"has-inline-color\">NITRO<\/mark><mark style=\"background-color:rgba(0, 0, 0, 0)\" class=\"has-inline-color has-black-color\">\/<\/mark>Sky)<\/strong><\/p>\n\n\n\n<p><span style=\"text-decoration: underline;\">Donnerstag, 19. M\u00e4rz 2026, ab 18.15 Uhr (<mark style=\"background-color:rgba(0, 0, 0, 0)\" class=\"has-inline-color has-vivid-purple-color\">RTL+<\/mark>)<\/span><\/p>\n\n\n\n<p><strong><em>SC Freiburg <\/em><\/strong><em>(GER)<\/em><strong><em> &#8211; KRC Genk <\/em><\/strong><em>(BEL) (Hin: 0-1)<\/em><strong><em> (18.45 Uhr)<\/em><\/strong><br><img loading=\"lazy\" decoding=\"async\" width=\"10\" height=\"21\" class=\"wp-image-3656\" style=\"width: 10px;\" src=\"http:\/\/kommentatorenblog.de\/wp-content\/uploads\/2020\/09\/shure-55sh-ii-e1601485394796.jpg\" alt=\"\" srcset=\"https:\/\/kommentatorenblog.de\/wp-content\/uploads\/2020\/09\/shure-55sh-ii-e1601485394796.jpg 415w, https:\/\/kommentatorenblog.de\/wp-content\/uploads\/2020\/09\/shure-55sh-ii-e1601485394796-142x300.jpg 142w\" sizes=\"auto, (max-width: 10px) 100vw, 10px\" \/> Christian Stra\u00dfburger (Einzelspiel), Michael Born (Konferenz)<br>Field-Reporter: Jonas Gerdes<\/p>\n\n\n\n<p><strong><em>1. FSV Mainz 05 <\/em><\/strong><em>(GER)<\/em><strong><em> &#8211; Sigma Olm\u00fctz <\/em><\/strong><em>(CZE) (Hin: 0-0)<\/em><strong><em> (18.45 Uhr)<\/em><\/strong><br><img loading=\"lazy\" decoding=\"async\" width=\"10\" height=\"21\" class=\"wp-image-3656\" style=\"width: 10px;\" src=\"http:\/\/kommentatorenblog.de\/wp-content\/uploads\/2020\/09\/shure-55sh-ii-e1601485394796.jpg\" alt=\"\" srcset=\"https:\/\/kommentatorenblog.de\/wp-content\/uploads\/2020\/09\/shure-55sh-ii-e1601485394796.jpg 415w, https:\/\/kommentatorenblog.de\/wp-content\/uploads\/2020\/09\/shure-55sh-ii-e1601485394796-142x300.jpg 142w\" sizes=\"auto, (max-width: 10px) 100vw, 10px\" \/> Christina Rann (Einzelspiel), Oliver Seidler (Konferenz)<br>Field-Reporter: Thomas Wagner<\/p>\n\n\n\n<p><strong><em>AEK Larnaka <\/em><\/strong><em>(CYP)<\/em><strong><em> &#8211; Crystal Palace <\/em><\/strong><em>(ENG)<\/em><strong><em> <\/em><\/strong><em>(Hin: 0-0)<\/em><strong><em> (18.45 Uhr)<\/em><\/strong><br><img loading=\"lazy\" decoding=\"async\" width=\"10\" height=\"21\" class=\"wp-image-3656\" style=\"width: 10px;\" src=\"http:\/\/kommentatorenblog.de\/wp-content\/uploads\/2020\/09\/shure-55sh-ii-e1601485394796.jpg\" alt=\"\" srcset=\"https:\/\/kommentatorenblog.de\/wp-content\/uploads\/2020\/09\/shure-55sh-ii-e1601485394796.jpg 415w, https:\/\/kommentatorenblog.de\/wp-content\/uploads\/2020\/09\/shure-55sh-ii-e1601485394796-142x300.jpg 142w\" sizes=\"auto, (max-width: 10px) 100vw, 10px\" \/> J\u00fcrgen Schmitz (Einzelspiel), Tim Hemmrich (Konferenz)<\/p>\n\n\n\n<p><strong><em>Olympique Lyon <\/em><\/strong><em>(FRA)<\/em><strong><em> &#8211; Celta Vigo <\/em><\/strong><em>(ESP) (Hin: 1-1)<\/em><strong><em> (18.45 Uhr)<\/em><\/strong><br><img loading=\"lazy\" decoding=\"async\" width=\"10\" height=\"21\" class=\"wp-image-3656\" style=\"width: 10px;\" src=\"http:\/\/kommentatorenblog.de\/wp-content\/uploads\/2020\/09\/shure-55sh-ii-e1601485394796.jpg\" alt=\"\" srcset=\"https:\/\/kommentatorenblog.de\/wp-content\/uploads\/2020\/09\/shure-55sh-ii-e1601485394796.jpg 415w, https:\/\/kommentatorenblog.de\/wp-content\/uploads\/2020\/09\/shure-55sh-ii-e1601485394796-142x300.jpg 142w\" sizes=\"auto, (max-width: 10px) 100vw, 10px\" \/> Jan Wochner (Einzelspiel), Freddie Schulz (Konferenz)<\/p>\n\n\n\n<p><span style=\"text-decoration: underline;\">ab 18.15 Uhr (<mark style=\"background-color:rgba(0, 0, 0, 0)\" class=\"has-inline-color has-vivid-purple-color\">RTL+<\/mark>) bzw. ab 18.35 Uhr (Sky)<\/span><\/p>\n\n\n\n<p><strong><em>FC Midtjylland <\/em><\/strong><em>(DEN)<\/em><strong><em> &#8211; Nottingham Forest <\/em><\/strong><em>(ENG) (Hin: 1-0)<\/em><strong><em> (18.45 Uhr)<\/em><\/strong><br><img loading=\"lazy\" decoding=\"async\" width=\"10\" height=\"21\" class=\"wp-image-3656\" style=\"width: 10px;\" src=\"http:\/\/kommentatorenblog.de\/wp-content\/uploads\/2020\/09\/shure-55sh-ii-e1601485394796.jpg\" alt=\"\" srcset=\"https:\/\/kommentatorenblog.de\/wp-content\/uploads\/2020\/09\/shure-55sh-ii-e1601485394796.jpg 415w, https:\/\/kommentatorenblog.de\/wp-content\/uploads\/2020\/09\/shure-55sh-ii-e1601485394796-142x300.jpg 142w\" sizes=\"auto, (max-width: 10px) 100vw, 10px\" \/> <em><mark style=\"background-color:rgba(0, 0, 0, 0)\" class=\"has-inline-color has-vivid-purple-color\">RTL+<\/mark><\/em>\/<em>Sky<\/em>: Jochen Stutzky (Einzelspiel)<br><img loading=\"lazy\" decoding=\"async\" width=\"10\" height=\"21\" class=\"wp-image-3656\" style=\"width: 10px;\" src=\"http:\/\/kommentatorenblog.de\/wp-content\/uploads\/2020\/09\/shure-55sh-ii-e1601485394796.jpg\" alt=\"\" srcset=\"https:\/\/kommentatorenblog.de\/wp-content\/uploads\/2020\/09\/shure-55sh-ii-e1601485394796.jpg 415w, https:\/\/kommentatorenblog.de\/wp-content\/uploads\/2020\/09\/shure-55sh-ii-e1601485394796-142x300.jpg 142w\" sizes=\"auto, (max-width: 10px) 100vw, 10px\" \/> <em><mark style=\"background-color:rgba(0, 0, 0, 0)\" class=\"has-inline-color has-vivid-purple-color\">RTL+<\/mark><\/em>: Rene Langhoff (Konferenz)<\/p>\n\n\n\n<p><span style=\"text-decoration: underline;\">ab 20.15 Uhr (<mark style=\"background-color:rgba(0, 0, 0, 0)\" class=\"has-inline-color has-vivid-purple-color\">RTL<\/mark>\/<mark style=\"background-color:rgba(0, 0, 0, 0);color:#a2ff00\" class=\"has-inline-color\">NITRO<\/mark>) bzw. ab 20.45 Uhr (<mark style=\"background-color:rgba(0, 0, 0, 0)\" class=\"has-inline-color has-vivid-purple-color\">RTL+<\/mark>)<\/span><\/p>\n\n\n\n<p><strong><em>FC Porto <\/em><\/strong><em>(POR)<\/em><strong><em> &#8211; VfB Stuttgart <\/em><\/strong><em>(GER) (Hin: 2-1)<\/em><strong><em> (21.00 Uhr)<\/em><\/strong><\/p>\n\n\n\n<p><img loading=\"lazy\" decoding=\"async\" width=\"10\" height=\"21\" class=\"wp-image-3656\" style=\"width: 10px;\" src=\"http:\/\/kommentatorenblog.de\/wp-content\/uploads\/2020\/09\/shure-55sh-ii-e1601485394796.jpg\" alt=\"\" srcset=\"https:\/\/kommentatorenblog.de\/wp-content\/uploads\/2020\/09\/shure-55sh-ii-e1601485394796.jpg 415w, https:\/\/kommentatorenblog.de\/wp-content\/uploads\/2020\/09\/shure-55sh-ii-e1601485394796-142x300.jpg 142w\" sizes=\"auto, (max-width: 10px) 100vw, 10px\" \/> <em><mark style=\"background-color:rgba(0, 0, 0, 0)\" class=\"has-inline-color has-vivid-purple-color\">RTL<\/mark><\/em>\/<mark style=\"background-color:rgba(0, 0, 0, 0);color:#a2ff00\" class=\"has-inline-color\"><em>NITRO<\/em><\/mark>: Marco Hagemann, Experte: Felix Kroos<br>Moderation (<em><mark style=\"background-color:rgba(0, 0, 0, 0)\" class=\"has-inline-color has-vivid-purple-color\">RTL<\/mark><\/em>\/<mark style=\"background-color:rgba(0, 0, 0, 0);color:#a2ff00\" class=\"has-inline-color\"><em>NITRO<\/em><\/mark>): Laura Papendick, Experte: Lothar Matth\u00e4us<\/p>\n\n\n\n<p><img loading=\"lazy\" decoding=\"async\" width=\"10\" height=\"21\" class=\"wp-image-3656\" style=\"width: 10px;\" src=\"http:\/\/kommentatorenblog.de\/wp-content\/uploads\/2020\/09\/shure-55sh-ii-e1601485394796.jpg\" alt=\"\" srcset=\"https:\/\/kommentatorenblog.de\/wp-content\/uploads\/2020\/09\/shure-55sh-ii-e1601485394796.jpg 415w, https:\/\/kommentatorenblog.de\/wp-content\/uploads\/2020\/09\/shure-55sh-ii-e1601485394796-142x300.jpg 142w\" sizes=\"auto, (max-width: 10px) 100vw, 10px\" \/> <em><mark style=\"background-color:rgba(0, 0, 0, 0)\" class=\"has-inline-color has-vivid-purple-color\">RTL+<\/mark><\/em>: Robby Hunke (Einzelspiel), Corni K\u00fcpper (Konferenz)<\/p>\n\n\n\n<p>Field-Reporter:innen: Jana Wosnitza und Felix G\u00f6rner<\/p>\n\n\n\n<p><span style=\"text-decoration: underline;\">ab 20.45 Uhr (<mark style=\"background-color:rgba(0, 0, 0, 0)\" class=\"has-inline-color has-vivid-purple-color\">RTL+<\/mark>)<\/span><\/p>\n\n\n\n<p><strong><em>Rayo Vallecano <\/em><\/strong><em>(ESP)<\/em><strong><em> &#8211; FC Samsunspor <\/em><\/strong><em>(TUR)<\/em><strong><em> <\/em><\/strong><em>(Hin: 3-1)<\/em><strong><em> (21.00 Uhr)<\/em><\/strong><br><img loading=\"lazy\" decoding=\"async\" width=\"10\" height=\"21\" class=\"wp-image-3656\" style=\"width: 10px;\" src=\"http:\/\/kommentatorenblog.de\/wp-content\/uploads\/2020\/09\/shure-55sh-ii-e1601485394796.jpg\" alt=\"\" srcset=\"https:\/\/kommentatorenblog.de\/wp-content\/uploads\/2020\/09\/shure-55sh-ii-e1601485394796.jpg 415w, https:\/\/kommentatorenblog.de\/wp-content\/uploads\/2020\/09\/shure-55sh-ii-e1601485394796-142x300.jpg 142w\" sizes=\"auto, (max-width: 10px) 100vw, 10px\" \/> Christoph Stadtler (Einzelspiel), Peter Reichert (Konferenz)<\/p>\n\n\n\n<p><strong><em>AS Rom <\/em><\/strong><em>(ITA)<\/em><strong><em> &#8211; FC Bologna <\/em><\/strong><em>(ITA) (Hin: 1-1)<\/em><strong><em> (21.00 Uhr)<\/em><\/strong><br><img loading=\"lazy\" decoding=\"async\" width=\"10\" height=\"21\" class=\"wp-image-3656\" style=\"width: 10px;\" src=\"http:\/\/kommentatorenblog.de\/wp-content\/uploads\/2020\/09\/shure-55sh-ii-e1601485394796.jpg\" alt=\"\" srcset=\"https:\/\/kommentatorenblog.de\/wp-content\/uploads\/2020\/09\/shure-55sh-ii-e1601485394796.jpg 415w, https:\/\/kommentatorenblog.de\/wp-content\/uploads\/2020\/09\/shure-55sh-ii-e1601485394796-142x300.jpg 142w\" sizes=\"auto, (max-width: 10px) 100vw, 10px\" \/> Florian von Stackelberg (Einzelspiel), Alex K\u00fcpper (Konferenz)<\/p>\n\n\n\n<p><strong><em>Aston Villa <\/em><\/strong><em>(ENG)<\/em><strong><em> &#8211; Lille OSC <\/em><\/strong><em>(FRA) (Hin: 1-0)<\/em><strong><em> (21.00 Uhr)<\/em><\/strong><br><img loading=\"lazy\" decoding=\"async\" width=\"10\" height=\"21\" class=\"wp-image-3656\" style=\"width: 10px;\" src=\"http:\/\/kommentatorenblog.de\/wp-content\/uploads\/2020\/09\/shure-55sh-ii-e1601485394796.jpg\" alt=\"\" srcset=\"https:\/\/kommentatorenblog.de\/wp-content\/uploads\/2020\/09\/shure-55sh-ii-e1601485394796.jpg 415w, https:\/\/kommentatorenblog.de\/wp-content\/uploads\/2020\/09\/shure-55sh-ii-e1601485394796-142x300.jpg 142w\" sizes=\"auto, (max-width: 10px) 100vw, 10px\" \/> Benedikt Brinsa (Einzelspiel), Klaus Veltman (Konferenz)<\/p>\n\n\n\n<p><span style=\"text-decoration: underline;\">ab 20.45 Uhr (<mark style=\"background-color:rgba(0, 0, 0, 0)\" class=\"has-inline-color has-vivid-purple-color\">RTL+<\/mark>) bzw. ab 20.50 Uhr (Sky)<\/span><\/p>\n\n\n\n<p><strong><em>Real Betis Sevilla <\/em><\/strong><em>(ESP)<\/em><strong><em> &#8211; Panathinaikos Athen <\/em><\/strong><em>(GRE) (Hin: 0-1)<\/em><strong><em> (21.00 Uhr)<\/em><\/strong><br><img loading=\"lazy\" decoding=\"async\" width=\"10\" height=\"21\" class=\"wp-image-3656\" style=\"width: 10px;\" src=\"http:\/\/kommentatorenblog.de\/wp-content\/uploads\/2020\/09\/shure-55sh-ii-e1601485394796.jpg\" alt=\"\" srcset=\"https:\/\/kommentatorenblog.de\/wp-content\/uploads\/2020\/09\/shure-55sh-ii-e1601485394796.jpg 415w, https:\/\/kommentatorenblog.de\/wp-content\/uploads\/2020\/09\/shure-55sh-ii-e1601485394796-142x300.jpg 142w\" sizes=\"auto, (max-width: 10px) 100vw, 10px\" \/> <em><mark style=\"background-color:rgba(0, 0, 0, 0)\" class=\"has-inline-color has-vivid-purple-color\">RTL+<\/mark><\/em>\/<em>Sky<\/em>: Julian Engelhard (Einzelspiel)<br><img loading=\"lazy\" decoding=\"async\" width=\"10\" height=\"21\" class=\"wp-image-3656\" style=\"width: 10px;\" src=\"http:\/\/kommentatorenblog.de\/wp-content\/uploads\/2020\/09\/shure-55sh-ii-e1601485394796.jpg\" alt=\"\" srcset=\"https:\/\/kommentatorenblog.de\/wp-content\/uploads\/2020\/09\/shure-55sh-ii-e1601485394796.jpg 415w, https:\/\/kommentatorenblog.de\/wp-content\/uploads\/2020\/09\/shure-55sh-ii-e1601485394796-142x300.jpg 142w\" sizes=\"auto, (max-width: 10px) 100vw, 10px\" \/> <em><mark style=\"background-color:rgba(0, 0, 0, 0)\" class=\"has-inline-color has-vivid-purple-color\">RTL+<\/mark><\/em>: Stefan Fuckert (Konferenz)<\/p>\n\n\n\n<p>Moderation (<em><mark style=\"background-color:rgba(0, 0, 0, 0)\" class=\"has-inline-color has-vivid-purple-color\">RTL+<\/mark><\/em>): Anna Kraft, Experte: Patrick Helmes, Community Host: Julius Fellermann<\/p>\n\n\n\n<hr class=\"wp-block-separator has-alpha-channel-opacity\"\/>\n\n\n\n<p><strong>UEFA Youth League, Viertelfinale (DAZN)<\/strong><\/p>\n\n\n\n<p><span style=\"text-decoration: underline;\">Mittwoch, 18. M\u00e4rz 2026<\/span><\/p>\n\n\n\n<p><strong><em>Real Madrid U19 <\/em><\/strong><em>(ESP)<\/em><strong><em> &#8211; Sporting Lissabon U19 <\/em><\/strong><em>(POR)<\/em><strong><em> (14.00 Uhr)<\/em><\/strong><br><img loading=\"lazy\" decoding=\"async\" width=\"10\" height=\"21\" class=\"wp-image-3656\" style=\"width: 10px;\" src=\"http:\/\/kommentatorenblog.de\/wp-content\/uploads\/2020\/09\/shure-55sh-ii-e1601485394796.jpg\" alt=\"\" srcset=\"https:\/\/kommentatorenblog.de\/wp-content\/uploads\/2020\/09\/shure-55sh-ii-e1601485394796.jpg 415w, https:\/\/kommentatorenblog.de\/wp-content\/uploads\/2020\/09\/shure-55sh-ii-e1601485394796-142x300.jpg 142w\" sizes=\"auto, (max-width: 10px) 100vw, 10px\" \/> Jan-Lucas Krenzer<\/p>\n\n\n\n<hr class=\"wp-block-separator has-alpha-channel-opacity\"\/>\n\n\n\n<p><strong>Frauen-Bundesliga (GER), 15. Spieltag, Nachholspiele (<mark style=\"background-color:rgba(0, 0, 0, 0)\" class=\"has-inline-color has-pale-pink-color\">Magenta Sport<\/mark>\/DAZN\/SPORT1)<\/strong><\/p>\n\n\n\n<p><span style=\"text-decoration: underline;\">Mittwoch, 18. M\u00e4rz 2026, ab 17.45 Uhr (SPORT1\/<mark style=\"background-color:rgba(0, 0, 0, 0)\" class=\"has-inline-color has-pale-pink-color\">Magenta Sport<\/mark>\/DAZN)<\/span><\/p>\n\n\n\n<p><strong><em>Eintracht Frankfurt &#8211; TSG 1899 Hoffenheim (18.00 Uhr)<\/em><\/strong><\/p>\n\n\n\n<p><img loading=\"lazy\" decoding=\"async\" width=\"10\" height=\"21\" class=\"wp-image-3656\" style=\"width: 10px;\" src=\"http:\/\/kommentatorenblog.de\/wp-content\/uploads\/2020\/09\/shure-55sh-ii-e1601485394796.jpg\" alt=\"\" srcset=\"https:\/\/kommentatorenblog.de\/wp-content\/uploads\/2020\/09\/shure-55sh-ii-e1601485394796.jpg 415w, https:\/\/kommentatorenblog.de\/wp-content\/uploads\/2020\/09\/shure-55sh-ii-e1601485394796-142x300.jpg 142w\" sizes=\"auto, (max-width: 10px) 100vw, 10px\" \/> <em>SPORT1<\/em>: <s>Steffen Bohleber<\/s> Christina Rann, Expertin: Julia Simic<br>Moderation (<em>SPORT1<\/em>): Katharina Kleinfeldt<\/p>\n\n\n\n<p><img loading=\"lazy\" decoding=\"async\" width=\"10\" height=\"21\" class=\"wp-image-3656\" style=\"width: 10px;\" src=\"http:\/\/kommentatorenblog.de\/wp-content\/uploads\/2020\/09\/shure-55sh-ii-e1601485394796.jpg\" alt=\"\" srcset=\"https:\/\/kommentatorenblog.de\/wp-content\/uploads\/2020\/09\/shure-55sh-ii-e1601485394796.jpg 415w, https:\/\/kommentatorenblog.de\/wp-content\/uploads\/2020\/09\/shure-55sh-ii-e1601485394796-142x300.jpg 142w\" sizes=\"auto, (max-width: 10px) 100vw, 10px\" \/> <em><mark style=\"background-color:rgba(0, 0, 0, 0)\" class=\"has-inline-color has-pale-pink-color\">Magenta Sport<\/mark><\/em>: Michael Seyberth<\/p>\n\n\n\n<p><img loading=\"lazy\" decoding=\"async\" width=\"10\" height=\"21\" class=\"wp-image-3656\" style=\"width: 10px;\" src=\"http:\/\/kommentatorenblog.de\/wp-content\/uploads\/2020\/09\/shure-55sh-ii-e1601485394796.jpg\" alt=\"\" srcset=\"https:\/\/kommentatorenblog.de\/wp-content\/uploads\/2020\/09\/shure-55sh-ii-e1601485394796.jpg 415w, https:\/\/kommentatorenblog.de\/wp-content\/uploads\/2020\/09\/shure-55sh-ii-e1601485394796-142x300.jpg 142w\" sizes=\"auto, (max-width: 10px) 100vw, 10px\" \/> <em>DAZN<\/em>: Markus Theil<\/p>\n\n\n\n<p><span style=\"text-decoration: underline;\">ab 17.45 Uhr (<mark style=\"background-color:rgba(0, 0, 0, 0)\" class=\"has-inline-color has-pale-pink-color\">Magenta Sport<\/mark>\/DAZN)<\/span><\/p>\n\n\n\n<p><strong><em>FC Carl Zeiss Jena &#8211; VfL Wolfsburg (18.00 Uhr)<\/em><\/strong><\/p>\n\n\n\n<p><img loading=\"lazy\" decoding=\"async\" width=\"10\" height=\"21\" class=\"wp-image-3656\" style=\"width: 10px;\" src=\"http:\/\/kommentatorenblog.de\/wp-content\/uploads\/2020\/09\/shure-55sh-ii-e1601485394796.jpg\" alt=\"\" srcset=\"https:\/\/kommentatorenblog.de\/wp-content\/uploads\/2020\/09\/shure-55sh-ii-e1601485394796.jpg 415w, https:\/\/kommentatorenblog.de\/wp-content\/uploads\/2020\/09\/shure-55sh-ii-e1601485394796-142x300.jpg 142w\" sizes=\"auto, (max-width: 10px) 100vw, 10px\" \/> <em><mark style=\"background-color:rgba(0, 0, 0, 0)\" class=\"has-inline-color has-pale-pink-color\">Magenta Sport<\/mark><\/em>: Daniel Wimmer<\/p>\n\n\n\n<p><img loading=\"lazy\" decoding=\"async\" width=\"10\" height=\"21\" class=\"wp-image-3656\" style=\"width: 10px;\" src=\"http:\/\/kommentatorenblog.de\/wp-content\/uploads\/2020\/09\/shure-55sh-ii-e1601485394796.jpg\" alt=\"\" srcset=\"https:\/\/kommentatorenblog.de\/wp-content\/uploads\/2020\/09\/shure-55sh-ii-e1601485394796.jpg 415w, https:\/\/kommentatorenblog.de\/wp-content\/uploads\/2020\/09\/shure-55sh-ii-e1601485394796-142x300.jpg 142w\" sizes=\"auto, (max-width: 10px) 100vw, 10px\" \/> <em>DAZN<\/em>: Oliver Fa\u00dfnacht<\/p>\n\n\n\n<hr class=\"wp-block-separator has-alpha-channel-opacity\"\/>\n\n\n\n<p><strong>Women&#8217;s Super League (ENG), 17. Spieltag (<mark style=\"background-color:rgba(0, 0, 0, 0)\" class=\"has-inline-color has-pale-cyan-blue-color\">Sportdigital1+<\/mark>\/<mark style=\"background-color:rgba(0, 0, 0, 0);color:#120835\" class=\"has-inline-color\">DF1<\/mark>)<\/strong><\/p>\n\n\n\n<p><span style=\"text-decoration: underline;\">Mittwoch, 18. M\u00e4rz 2026<\/span><\/p>\n\n\n\n<p><strong><em>West Ham United &#8211; Manchester United (20.15 Uhr)<\/em><\/strong><br><img loading=\"lazy\" decoding=\"async\" width=\"10\" height=\"21\" class=\"wp-image-3656\" style=\"width: 10px;\" src=\"http:\/\/kommentatorenblog.de\/wp-content\/uploads\/2020\/09\/shure-55sh-ii-e1601485394796.jpg\" alt=\"\" srcset=\"https:\/\/kommentatorenblog.de\/wp-content\/uploads\/2020\/09\/shure-55sh-ii-e1601485394796.jpg 415w, https:\/\/kommentatorenblog.de\/wp-content\/uploads\/2020\/09\/shure-55sh-ii-e1601485394796-142x300.jpg 142w\" sizes=\"auto, (max-width: 10px) 100vw, 10px\" \/> Marvin Kirsch<\/p>\n\n\n\n<hr class=\"wp-block-separator has-alpha-channel-opacity\"\/>\n\n\n\n<p><strong>CONCACAF Champions Cup, Achtelfinale, R\u00fcckspiele (<mark style=\"background-color:rgba(0, 0, 0, 0)\" class=\"has-inline-color has-pale-cyan-blue-color\">Sportdigital1+<\/mark>)<\/strong><\/p>\n\n\n\n<p><span style=\"text-decoration: underline;\">Donnerstag, 19. M\u00e4rz 2026<\/span><\/p>\n\n\n\n<p><strong><em>Inter Miami <\/em><\/strong><em>(USA)<\/em><strong><em> &#8211; Nashville SC <\/em><\/strong><em>(USA) (Hin: 0-0)<\/em><strong><em> (00.06 Uhr)<\/em><\/strong><br><img loading=\"lazy\" decoding=\"async\" width=\"10\" height=\"21\" class=\"wp-image-3656\" style=\"width: 10px;\" src=\"http:\/\/kommentatorenblog.de\/wp-content\/uploads\/2020\/09\/shure-55sh-ii-e1601485394796.jpg\" alt=\"\" srcset=\"https:\/\/kommentatorenblog.de\/wp-content\/uploads\/2020\/09\/shure-55sh-ii-e1601485394796.jpg 415w, https:\/\/kommentatorenblog.de\/wp-content\/uploads\/2020\/09\/shure-55sh-ii-e1601485394796-142x300.jpg 142w\" sizes=\"auto, (max-width: 10px) 100vw, 10px\" \/> Karsten Linke<\/p>\n\n\n\n<p><strong><em>Seattle Sounders FC <\/em><\/strong><em>(USA)<\/em><strong><em> &#8211; Vancouver Whitecaps FC <\/em><\/strong><em>(CAN) (Hin: 3-0)<\/em><strong><em> (04.06 Uhr)<\/em><\/strong><br><img loading=\"lazy\" decoding=\"async\" width=\"10\" height=\"21\" class=\"wp-image-3656\" style=\"width: 10px;\" src=\"http:\/\/kommentatorenblog.de\/wp-content\/uploads\/2020\/09\/shure-55sh-ii-e1601485394796.jpg\" alt=\"\" srcset=\"https:\/\/kommentatorenblog.de\/wp-content\/uploads\/2020\/09\/shure-55sh-ii-e1601485394796.jpg 415w, https:\/\/kommentatorenblog.de\/wp-content\/uploads\/2020\/09\/shure-55sh-ii-e1601485394796-142x300.jpg 142w\" sizes=\"auto, (max-width: 10px) 100vw, 10px\" \/> Christian Blunck<\/p>\n\n\n\n<hr class=\"wp-block-separator has-alpha-channel-opacity\"\/>\n\n\n\n<p><strong>Campeonato Brasileiro (BRA), 7. Spieltag (<mark style=\"background-color:rgba(0, 0, 0, 0)\" class=\"has-inline-color has-pale-cyan-blue-color\">Sportdigital FUSSBALL<\/mark>)<\/strong><\/p>\n\n\n\n<p><span style=\"text-decoration: underline;\">Mittwoch, 18. M\u00e4rz 2026<\/span><\/p>\n\n\n\n<p><strong><em>Palmeiras Sao Paulo &#8211; Botafogo Rio de Janeiro (23.00 Uhr)<\/em><\/strong><br><img loading=\"lazy\" decoding=\"async\" width=\"10\" height=\"21\" class=\"wp-image-3656\" style=\"width: 10px;\" src=\"http:\/\/kommentatorenblog.de\/wp-content\/uploads\/2020\/09\/shure-55sh-ii-e1601485394796.jpg\" alt=\"\" srcset=\"https:\/\/kommentatorenblog.de\/wp-content\/uploads\/2020\/09\/shure-55sh-ii-e1601485394796.jpg 415w, https:\/\/kommentatorenblog.de\/wp-content\/uploads\/2020\/09\/shure-55sh-ii-e1601485394796-142x300.jpg 142w\" sizes=\"auto, (max-width: 10px) 100vw, 10px\" \/> Jonathan Dreier<\/p>\n\n\n\n<p><span style=\"text-decoration: underline;\">Donnerstag, 19. M\u00e4rz 2026<\/span><\/p>\n\n\n\n<p><strong><em>Santos FC &#8211; Internacional Porto Alegre (01.30 Uhr)<\/em><\/strong><br><img loading=\"lazy\" decoding=\"async\" width=\"10\" height=\"21\" class=\"wp-image-3656\" style=\"width: 10px;\" src=\"http:\/\/kommentatorenblog.de\/wp-content\/uploads\/2020\/09\/shure-55sh-ii-e1601485394796.jpg\" alt=\"\" srcset=\"https:\/\/kommentatorenblog.de\/wp-content\/uploads\/2020\/09\/shure-55sh-ii-e1601485394796.jpg 415w, https:\/\/kommentatorenblog.de\/wp-content\/uploads\/2020\/09\/shure-55sh-ii-e1601485394796-142x300.jpg 142w\" sizes=\"auto, (max-width: 10px) 100vw, 10px\" \/> Arne Malsch<\/p>\n\n\n\n<hr class=\"wp-block-separator has-alpha-channel-opacity\"\/>\n\n\n\n<p><strong>A-League (AUS), 21. Spieltag (<mark style=\"background-color:rgba(0, 0, 0, 0)\" class=\"has-inline-color has-pale-cyan-blue-color\">Sportdigital FUSSBALL<\/mark>)<\/strong><\/p>\n\n\n\n<p><span style=\"text-decoration: underline;\">Dienstag, 17. M\u00e4rz 2026<\/span><\/p>\n\n\n\n<p><strong><em>Sydney FC &#8211; Melbourne City (09.00 Uhr)<\/em><\/strong><br><img loading=\"lazy\" decoding=\"async\" width=\"10\" height=\"21\" class=\"wp-image-3656\" style=\"width: 10px;\" src=\"http:\/\/kommentatorenblog.de\/wp-content\/uploads\/2020\/09\/shure-55sh-ii-e1601485394796.jpg\" alt=\"\" srcset=\"https:\/\/kommentatorenblog.de\/wp-content\/uploads\/2020\/09\/shure-55sh-ii-e1601485394796.jpg 415w, https:\/\/kommentatorenblog.de\/wp-content\/uploads\/2020\/09\/shure-55sh-ii-e1601485394796-142x300.jpg 142w\" sizes=\"auto, (max-width: 10px) 100vw, 10px\" \/> Marvin Kirsch<\/p>\n\n\n\n<hr class=\"wp-block-separator has-alpha-channel-opacity\"\/>\n\n\n\n<p><strong>Regionalliga Nordost (GER), 22. Spieltag, Nachholspiel (<mark style=\"background-color:rgba(0, 0, 0, 0)\" class=\"has-inline-color has-vivid-red-color\">OST<\/mark>SPORT.<mark style=\"background-color:rgba(0, 0, 0, 0)\" class=\"has-inline-color has-vivid-red-color\">TV<\/mark> \u00fcber LVZ\/SZ)<\/strong><\/p>\n\n\n\n<p><span style=\"text-decoration: underline;\">Mittwoch, 18. M\u00e4rz 2026, ab 18.45 Uhr<\/span><\/p>\n\n\n\n<p><strong><em>BSG Chemie Leipzig &#8211; BFC Preussen (19.00 Uhr)<\/em><\/strong><br><img loading=\"lazy\" decoding=\"async\" width=\"10\" height=\"21\" class=\"wp-image-3656\" style=\"width: 10px;\" src=\"http:\/\/kommentatorenblog.de\/wp-content\/uploads\/2020\/09\/shure-55sh-ii-e1601485394796.jpg\" alt=\"\" srcset=\"https:\/\/kommentatorenblog.de\/wp-content\/uploads\/2020\/09\/shure-55sh-ii-e1601485394796.jpg 415w, https:\/\/kommentatorenblog.de\/wp-content\/uploads\/2020\/09\/shure-55sh-ii-e1601485394796-142x300.jpg 142w\" sizes=\"auto, (max-width: 10px) 100vw, 10px\" \/> Christian R\u00fcdiger<br>Moderation: Toni Mielke<\/p>\n\n\n\n<pre class=\"wp-block-preformatted has-cyan-bluish-gray-background-color has-background\" style=\"font-size:16px\">*alle H\u00f6rfunk-Ansetzungen in dieser Woche findet ihr <a href=\"https:\/\/kommentatorenblog.de\/?p=25156\" data-type=\"link\" data-id=\"https:\/\/kommentatorenblog.de\/?p=25156\">hier<\/a>. <\/pre>\n\n\n\n<hr class=\"wp-block-separator has-alpha-channel-opacity\"\/>\n\n\n\n<p><strong>Die Analyse<\/strong><\/p>\n\n\n\n<p>DAZN rotiert f\u00fcr die Achtelfinal-R\u00fcckspiele wie gewohnt kr\u00e4ftig. Nur Max Siebald beh\u00e4lt seinen Platz als Kommentator von Manchester City &#8211; Real Madrid, wird nun allerdings von Tobias Schweinsteiger statt Sami Khedira unterst\u00fctzt. Die halbe Stunde Vorlauf deutet darauf hin, dass beide erneut vor Ort sein k\u00f6nnten. Nach Konferenz-Eins\u00e4tzen am Dienstag werden Freddy Harder und Mario Rieker am Mittwoch als Moderator und Field-Reporter in der M\u00fcnchner Arena zum Einsatz kommen, w\u00e4hrend Marco Hagemann und Michael Ballack das R\u00fcckspiel der Bayern kommentieren. Neben Robby Hunke, David Ploch, Tom Kirsten und Oliver Forster (f\u00fcr den in den vergangenen Jahren sp\u00e4testens nach den Playoffs Schluss war) kehrt auch Marcel Seufert, der zuletzt f\u00fcr die ARD von den Paralympics berichtete, wieder zur\u00fcck. Jan Platte kommentiert diesmal kein Spiel mit deutscher Beteiligung, sondern das R\u00fcckspiel in Barcelona &#8211; durchaus passend. Auf Laura Wontorra muss DAZN weiterhin verzichten, neben dem Showgesch\u00e4ft konzentriert sie sich in der n\u00e4chsten Zeit auch auf eine Doku zur Fu\u00dfball-WM f\u00fcr MagentaTV, die sie mit ihrem Vater J\u00f6rg an den WM-Spielorten auf dem amerikanischen Kontinent dreht. Prime, diesmal in London beim R\u00fcckspiel der Leverkusener anwesend, ersetzt Christoph Kramer am Expertentisch durch Matthias Sammer.<\/p>\n\n\n\n<p>Bei RTL und NITRO hat die Gro\u00dfz\u00fcgigkeit der letzten Wochen vorl\u00e4ufig ein Ende, denn in dieser Woche wird nur ein Spiel der Europa League im Free-TV \u00fcbertragen. Wenig \u00fcberraschend handelt es sich hierbei um das R\u00fcckspiel des VfB Stuttgart in Porto, wo Marco Hagemann nach seinem Einsatz in M\u00fcnchen erneut zum Zug kommt. Laura Papendick und Lothar Matth\u00e4us melden sich wie gewohnt von vor Ort. Kommentieren wird Matth\u00e4us diesmal allerdings nicht, das \u00fcbernimmt &#8211; wie h\u00e4ufig an Hagemanns Seite &#8211; Felix Kroos. Wolff Fuss bleibt hingegen wohl zu Hause, w\u00e4hrend Anna Kraft erneut im Studio in K\u00f6ln &#8211; diesmal hoffentlich wieder ohne Kr\u00fccken &#8211; die Moderation \u00fcbernimmt, f\u00fcr Max Kruse rotiert Patrick Helmes als Analyst ins Studio. Bei den R\u00fcckspielen werden die meisten Einzel- und Konferenzschichten im Vergleich zur Vorwoche getauscht, Ausnahme sind dabei die Kommentatoren, die ausschlie\u00dflich in der Konferenz zum Einsatz kommen, namentlich Stefan Fuckert und Peter Reichert. Auch Klaus Veltman ist erneut in der Konferenz dabei, diesmal allerdings bei Villa &#8211; Lille statt Nottingham &#8211; Midtjylland. Interessanterweise wird, nachdem von Braga &#8211; Ferencvaros das Hinspiel \u00fcbertragen wurde, stattdessen nun Larnaka &#8211; Palace ins Programm genommen, dessen offenen Ausgang man vor einer Woche wohl nicht erwartet h\u00e4tte. (<em>Edit:<\/em> Das R\u00fcckspiel Braga &#8211; Ferencvaros findet bereits am Mittwoch statt.) In diesem Rahmen gibt es einige Rotationen mit den beiden zuvor genannten Spielen. Der einzige Kommentator, der in der Vorwoche nicht dabei war, ist Jochen Stutzky, daf\u00fcr erh\u00e4lt Max Giesen eine Pause. Auch die Field-Reporter bekommen andere Spiele als in der Vorwoche, so ist Jana Wosnitza diesmal ebenfalls in Porto und Thomas Wagner in Mainz. Felix G\u00f6rner (Porto) und Jonas Gerdes (Freiburg) sind diesmal auch unterwegs, daf\u00fcr pausieren Christoph K\u00fcppers und Marcel Klein.<\/p>\n\n\n\n<p>Ansonsten stehen noch zwei Nachholspiele aus der Frauen-Bundesliga an, auch in England rollt nach dem Supercup am Wochenende erneut der Ball bei den Frauen, w\u00e4hrend Thomas M\u00fcllers Vancouver Whitecaps im CONCACAF Champions Cup ausw\u00e4rts gegen die Seattle Sounders mit dem R\u00fccken zur Wand stehen.<\/p>\n\n\n\n<p>Bleibt mir nur noch, euch eine sch\u00f6ne Woche und viel Spa\u00df bei den Begegnungen zu w\u00fcnschen. Am Donnerstagabend geht es mit dem n\u00e4chsten Liga-Spieltag weiter. Bis demn\u00e4chst!<\/p>\n","protected":false},"excerpt":{"rendered":"<p>N&#8217;Abend allerseits, nach einer insgesamt eher entt\u00e4uschenden Hinspielwoche f\u00fcr die deutschen Teams geht es nun darum, die zum Gl\u00fcck nur knappen R\u00fcckst\u00e4nde (Stuttgart, Freiburg) noch zu drehen oder die Gleichst\u00e4nde noch f\u00fcr dich zu entscheiden (Leverkusen, Mainz). Nur der FC Bayern hat mit einem 6:1-Vorsprung gegen Atalanta Bergamo im eigenen Stadion das Viertelfinalticket so gut [&hellip;]<\/p>\n","protected":false},"author":17,"featured_media":0,"comment_status":"open","ping_status":"open","sticky":false,"template":"","format":"standard","meta":{"footnotes":""},"categories":[425],"tags":[],"class_list":["post-25238","post","type-post","status-publish","format-standard","hentry","category-champions-league-und-co"],"_links":{"self":[{"href":"https:\/\/kommentatorenblog.de\/index.php?rest_route=\/wp\/v2\/posts\/25238","targetHints":{"allow":["GET"]}}],"collection":[{"href":"https:\/\/kommentatorenblog.de\/index.php?rest_route=\/wp\/v2\/posts"}],"about":[{"href":"https:\/\/kommentatorenblog.de\/index.php?rest_route=\/wp\/v2\/types\/post"}],"author":[{"embeddable":true,"href":"https:\/\/kommentatorenblog.de\/index.php?rest_route=\/wp\/v2\/users\/17"}],"replies":[{"embeddable":true,"href":"https:\/\/kommentatorenblog.de\/index.php?rest_route=%2Fwp%2Fv2%2Fcomments&post=25238"}],"version-history":[{"count":16,"href":"https:\/\/kommentatorenblog.de\/index.php?rest_route=\/wp\/v2\/posts\/25238\/revisions"}],"predecessor-version":[{"id":25955,"href":"https:\/\/kommentatorenblog.de\/index.php?rest_route=\/wp\/v2\/posts\/25238\/revisions\/25955"}],"wp:attachment":[{"href":"https:\/\/kommentatorenblog.de\/index.php?rest_route=%2Fwp%2Fv2%2Fmedia&parent=25238"}],"wp:term":[{"taxonomy":"category","embeddable":true,"href":"https:\/\/kommentatorenblog.de\/index.php?rest_route=%2Fwp%2Fv2%2Fcategories&post=25238"},{"taxonomy":"post_tag","embeddable":true,"href":"https:\/\/kommentatorenblog.de\/index.php?rest_route=%2Fwp%2Fv2%2Ftags&post=25238"}],"curies":[{"name":"wp","href":"https:\/\/api.w.org\/{rel}","templated":true}]}}