{"id":2580,"date":"2020-06-18T21:30:09","date_gmt":"2020-06-18T21:30:09","guid":{"rendered":"http:\/\/kommentatorenblog.de\/?p=2580"},"modified":"2020-12-30T15:29:42","modified_gmt":"2020-12-30T15:29:42","slug":"1081-das-ziel-in-sicht","status":"publish","type":"post","link":"https:\/\/kommentatorenblog.de\/?p=2580","title":{"rendered":"1081 &#8211; Das Ziel in Sicht"},"content":{"rendered":"\n<p>N\u2018 Abend allerseits,<\/p>\n\n\n\n<p>zugegebenerma\u00dfen muss ich mich erst einmal wieder daran gew\u00f6hnen, meinen Senf zu mehr oder minder wichtigen Dingen des Lebens hier niederzuschreiben. Gef\u00fchlstechnisch gab es den letzten Beitrag meinerseits, um &#8222;The Smashing Pumpkins&#8220; zu zitieren, im Jahre 1979. Das hat Gr\u00fcnde, nat\u00fcrlich die ganze Corona-Thematik, auf die ich, zumindest nicht heute, weiter eingehen m\u00f6chte, da ich in meinem Beruf bereits mehr als genug damit konfrontiert werde. Den anderen Grund habe ich bereits genannt, die Arbeit: Es wird immer schwieriger, mir ein Datum f\u00fcr meinen geliebten Blog freizuhalten, was mir selber ziemlich weh tut. Andererseits bin ich in den vergangenen Monaten zur stellvertretenden Stationsleitung aufgestiegen. So ist das nun mal, alles im Leben hat seine positiven wie negativen Konsequenzen. Ich hoffe, ihr erfreut euch alle bester Gesundheit und kommt gut durch diese schwierige Zeit. Ich habe mir ein paar wenige Themen herausgesucht, \u00fcber die ich ein paar Zeilen verlieren mag.<\/p>\n\n\n\n<p><strong>Die Bundesliga Rechtevergabe<\/strong><\/p>\n\n\n\n<p>In erster Linie sind wir logischerweise ein Blog, welcher sich intensivst mit Kommentatoren, Moderatoren und den damit verbunden \u00dcbertragungsrechten besch\u00e4ftigt. Es ist immer wieder aufs neue spannend zu sehen, wo die Rechte hinwandern, egal ob es sich um das europ\u00e4ische oder ums nationale Gesch\u00e4ft handelt. Am Montagmittag ist es mal wieder so weit: Die Vergabe der Rechte der obersten beiden deutschen Ligen f\u00fcr den Zeitraum von 2021 bis 2025 gehen \u00fcber die B\u00fchne. So wurden seitens der DFL 16 Verwertungspakete geschn\u00fcrt, hier mal ein paar Erl\u00e4uterungen:<\/p>\n\n\n\n<ul class=\"wp-block-list\"><li>Paket A: &#8222;Konferenz-Paket&#8220;, also erh\u00e4lt der Sender, welcher sich dieses Recht sichert, die Genehmigung, die Konferenz auszustrahlen. Derzeitiger Rechteinhaber: Sky<\/li><li>Paket B: &#8222;Einzelspiel-Paket&#8220;: Dieses Paket gew\u00e4hrt es dem Sender, die Spiele, welche in der Konferenz laufen, als Einzelspiel zu \u00fcbertragen (also zumeist die Spiele am Samstag, 15.30 Uhr). Au\u00dferdem ist hier die Relegation mit inbegriffen. Derzeitiger Rechteinhaber: Sky<\/li><li>Paket C: &#8222;Topspiel-Paket&#8220;: Enth\u00e4lt den DFL-Supercup und die Topspiel-Begegnungen am Samstagabend. Derzeitiger Rechteinhaber: Sky.<\/li><li>Paket D: &#8222;Reste-Paket&#8220;: Enth\u00e4lt die Spiele, die am Freitag und am Sonntag laufen. Wenn ich das richtig verstehe ist hier jetzt jedes Sonntagsspiel mit inbegriffen. Bislang war es ja so, dass dann meist DAZN den extra Termin am Sonntag zeigen durfte, wenn ich das richtig verstehe, ist hier aber jedes Sonntagsspiel gemeint. Korrektur gerne in den Kommentaren.<\/li><li>Paket E: &#8222;Free-TV&#8220;: 9 Saisonspiele sind frei empfangbar f\u00fcr jeden. <\/li><li>Paket F: &#8222;2. Liga Paket&#8220;: Hier sind alle Partien der 2. Bundesliga mit inbegriffen, gilt nur f\u00fcr Pay-TV. Aktueller Rechteinhaber: Sky<\/li><li>Paket G: &#8222;2. Liga Topspiel&#8220;: Die zweite Liga erh\u00e4lt ab 2021 ein eigenes Samstagabendspiel. Hierf\u00fcr gibt es ebenfalls ein Paket, welches sich sowohl Free- als auch Pay TV sichern k\u00f6nnen. <\/li><\/ul>\n\n\n\n<p>Spannend ist nat\u00fcrlich immer die Frage, wo die Rechte hinwandern werden. Ich gehe davon aus, dass Sky unbedingt das Oberhaus &#8222;gr\u00f6\u00dftm\u00f6glich exklusiv&#8220; f\u00fcr sich h\u00e4tte. Wir erinnern uns: Ist ja derzeit nicht so, so durfte DAZN die Freitagsspiele \u00fcbertragen. Laut <a href=\"http:\/\/www.quotenmeter.de\/n\/119146\/drei-gewinner-in-sicht-die-bundesligarechtevergabe-wirft-ihre-schatten-voraus\">Quotenmeter.de<\/a> ist es ein Szenario, dass Sky sich Paket A, C und D sichern wird, die Samstags-Einzelspiele, also Paket B, zu DAZN her\u00fcberwandern. Ich pers\u00f6nlich gehe davon aus, dass Sky in Sachen zweiter Liga mit angezogener Handbremse agiert und wom\u00f6glich damit leben k\u00f6nnte, wenn die Rechte woanders landen. Da kommen nat\u00fcrlich einige Streaming-Anbieter in Frage. DAZN, Amazon, Magenta Sport. Gar keinen Durchblick habe ich bei der Frage, wo Paket G hinwandern wird. Gibt es ein Sport1-Comeback? Wird Sky Sport News HD vielleicht t\u00e4tig oder landet die Geschichte doch eher im Pay-TV? Ein bisschen Geduld noch, dann wissen wir mehr und ich gehe davon aus, dass wir im Beitrag am Montag auch schon was dazu h\u00f6ren werden. <br>Eine Rechtevergabe ist nat\u00fcrlich auch f\u00fcr jeden Angestellten genannter Sender eine spannende Sache. &#8222;\u00dcbertr\u00e4gt mein Sender noch lukrative Begegnungen&#8220; oder &#8222;Haben wir \u00fcberhaupt noch interessante Spiele im Paket&#8220; sind m\u00f6glicherweise ein paar Fragen, die sich da gestellt werden. Vielleicht erleben wir auch wieder ein paar Neuverpflichtungen oder Wechsel bekannter Stimmen. Das Ganze hat was vom Transfermarkt und finde ich pers\u00f6nlich immer recht spannend zu beobachten.<\/p>\n\n\n\n<p><strong>Und sonst so?<\/strong><\/p>\n\n\n\n<p>Unsere Langzeitleser d\u00fcrften mitbekommen haben, dass ich in den vergangenen Jahren eine Liebe f\u00fcr die NBA entwickelt habe. Auch die Saison jener Liga ist durch die Pandemie nat\u00fcrlich unterbrochen und soll ab Ende Juli wieder fortgesetzt werden. Allerdings in einem ganz anderen Format. Portland muss montags nicht mehr nach San Francisco fliegen, um tags darauf nach Milwaukee zu jetten &#8211; die L\u00f6sung ist, dass die Saison im &#8222;Walt Disney World Resort&#8220; in Orlando, Florida fortgesetzt wird. Jene 22 Teams, die noch potenzielle Chancen auf die Playoffs haben, spielen dort, in einem verk\u00fcrzten Format, ihre Saison zu Ende. Anschlie\u00dfend laufen die Playoffs wohl wie gewohnt, nur halt, dass keines der Teams einen Heimvorteil hat. Die Akteure der Vereine wohnen im gesamten Zeitraum also bei Micky Maus und Co. und werden regelm\u00e4\u00dfige Coronatests durchf\u00fchren. Nun gibt es aus dem Bereich der aktiven Spieler allerdings auch ziemlich kritische Stimmen zu der ganzen Geschichte. Dies liegt jedoch nicht nur an Corona, sondern auch, ihr habt es sicherlich mitbekommen, am gewaltsamen Tod des George Floyd und den damit verbunden Protesten in der USA und auf der ganzen Welt. Dwight Howard, Center der LA Lakers, \u00e4u\u00dfert seine <a href=\"https:\/\/www.spox.com\/de\/sport\/ussport\/nba\/2006\/News\/dwight-howard-jeder-kann-selbst-entscheiden-ob-er-spielen-will.html\">Gedanken.<\/a> Wir werden sehen, wie sich die gesamte Geschichte entwickeln wird. Am gesamten Plan der NBA gibt es auch M\u00e4ngel: So ist beispielsweise noch nicht so wirklich definiert was denn passiert, sobald ein Akteur einer Franchise Corona-positiv ist. <\/p>\n\n\n\n<p><strong>Der VfB<\/strong><\/p>\n\n\n\n<p>Ein Sonderpunkt in meinen Eintr\u00e4gen ist ja immer mein geliebter VfB. Wobei man dazu sagen muss, dass es die Letzen Wochen und Monate eher eine Hassliebe war. Mir stellen sich die Nackenhaare auf wenn ich daran denke, dass dieses Team aufsteigt. Bei aller Freundschaft: Alle loben das Talent, welches im Kader vorhanden ist, viele Experten sprechen davon, dass der VfB den Gegnern in Sachen Qualit\u00e4t weit voraus sei. Das Problem blo\u00df: Davon ist auf dem Platz nur sehr selten was zu sehen. Das entt\u00e4uschende 0:0 gegen Osnabr\u00fcck, die Niederlage im Derby gegen Karlsruhe, die erste Halbzeit gegen den HSV &#8211; in all jenen Begegnungen war von jener angesprochenen Klasse nur sehr wenig zu sehen &#8211; es ist teilweise einfach frustrierend, sich das anzuschauen. Wenn gef\u00fchlt eine halbe Stunde lang der Ball in der eigenen H\u00e4lfte zwischen den Verteidigern hin- und her zirkuliert, ohne jeglichen Raumgewinn zu erschaffen, ist das wirklich schwere Kost. Mein bester Kumpel, ebenfalls VfB-Fan, und ich sind der Meinung, dass der VfB, sollte er dann am Ende doch aufsteigen, im kommenden Jahr direkt wieder absteigt. Klar, ich sehe auch das Talent, das mag ich \u00fcberhaupt nicht abstreiten. Aber ob das alleine reicht, um gegen Teams mit noch h\u00f6herem Niveau zu bestehen? Ich habe Bedenken, werde aber auch gerne vom Gegenteil \u00fcberzeugt. Die Niederlage gegen Karlsruhe habe ich irgendwie schon 4 Wochen vor der Partie prognostiziert. Einfach, weil es irgendwie mittlerweile &#8222;Typisch VfB&#8220; ist, solche Partien trotz spielerisch klarer \u00dcberlegenheit einfach zu verlieren.<br>Der 5:1 Erfolg jetzt gegen, um ehrlich zu sein, desolate Sandh\u00e4user hat mich, auch in der H\u00f6he, \u00fcberrascht. Auch das w\u00e4re wieder einer dieser Gegner gewesen, wo ich eine Niederlage in Aussicht gestellt h\u00e4tte.<br>Um nochmal eine Parallele zur NBA zu ziehen: Es gibt Teams, die besitzen ein gewisses Talentlevel und sind vor allem sehr zuverl\u00e4ssig darin, Spiele, wo sie als Favorit gelten, dann auch zu gewinnen und sich keine Bl\u00f6\u00dfe zu geben. Hierzu fallen mir die Utah Jazz ein, die machen einfach ihre Hausaufgaben und gewinnen die Partien gegen die Hawks, Knicks und Bulls dieser Welt. Der VfB erledigt jene Hausaufgaben leider nicht und so steht man als Fan vor jedem Spieltag vor dem Spiegel und fragt sich, welchen VfB man denn heute zu Gesicht bekommt.<br>Man muss sich aber auch mal bei den Teams aus Hamburg und Heidenheim bedanken, dieses herumgegurke im Kampf um den Aufstieg ist ja unfassbar.<\/p>\n\n\n\n<p>Abschlie\u00dfend f\u00fcr alle Musikfreunde noch 3 Songs, die ich euch ans Herz legen mag<\/p>\n\n\n\n<ul class=\"wp-block-list\"><li><a href=\"https:\/\/www.youtube.com\/watch?v=8N8_CRpL6wk\">&#8222;Homegrown&#8220;<\/a> von der Zac Brown Band: Sch\u00f6ner, entspannter Country-Rock, der, zumindest mir, ein warmes und angenehmes Gef\u00fchl gibt.<\/li><\/ul>\n\n\n\n<ul class=\"wp-block-list\"><li><a href=\"https:\/\/www.youtube.com\/watch?v=9yZ-mgbpDV0\">&#8222;Do You Really Wanna Know?&#8220;<\/a> von den Sea Girls: Eines Vorweg, trotz des Bandnamens singen hier keine Damen. Die Band besteht aus 4 Herren, die sich alle aus der Highschool kennen und dort den Entschluss fassten, gemeinsam Musik zu machen. Das artet dann in gut gelaunten Indie-Pop aus.<\/li><\/ul>\n\n\n\n<ul class=\"wp-block-list\"><li><a href=\"https:\/\/www.youtube.com\/watch?v=2ChOnBV6Lw4\">&#8222;Tiptoes&#8220;<\/a> von Two Door Cinema Club: Ich meine, ich h\u00e4tte schon einmal erw\u00e4hnt das dies einer meiner absoluten Lieblingsbands ist. Zuletzt ver\u00f6ffentlichten sie eine EP mit Songs, die es nicht auf ihr, gro\u00dfartiges, erstes Album &#8222;Tourist History&#8220; geschafft haben. Wenn man den Song h\u00f6rt fragt man sich warum, neben Songs wie &#8222;What You Know&#8220;, &#8222;Undercover Martyn&#8220; und sonstigen Perlen h\u00e4tte dieser Song ebenfalls seine Daseinsberechtigung gehabt. Ich kann es nachvollziehen, wenn nicht jeder diese verspielte und \u00fcberdrehte Musik h\u00f6ren kann, darum sind es ja nur Empfehlungen und keine &#8222;Must Haves&#8220;.<\/li><\/ul>\n\n\n\n<p>So, jetzt kommen wir zu den wirklich relevanten Themen.<\/p>\n\n\n\n<p><strong><em><span style=\"text-decoration: underline;\">Die Ansetzungen vom 20. Juni 2020 bis zum 23. Juni 2020<\/span><\/em><\/strong><\/p>\n\n\n\n<p><strong>Bundesliga, 33. Spieltag<\/strong><\/p>\n\n\n\n<p><strong><em>FC Bayern M\u00fcnchen &#8211; SC Freiburg (15.30 Uhr)<\/em><\/strong><\/p>\n\n\n\n<p>Sky: Jonas Friedrich (Einzelspiel), Frank Buschmann (Konferenz)<\/p>\n\n\n\n<p>Field-Reporter: Sebastian Hellmann <\/p>\n\n\n\n<p><strong><em>RB Leipzig &#8211; Borussia Dortmund (15.30 Uhr)<\/em><\/strong><\/p>\n\n\n\n<p>Sky: Oliver Seidler (Einzelspiel), Kai Dittmann (Konferenz)<\/p>\n\n\n\n<p>Field-Reporterin: Esther Sedlaczek <\/p>\n\n\n\n<p><strong><em>SC Paderborn &#8211; Borussia M\u00f6nchengladbach (15.30 Uhr)<\/em><\/strong><\/p>\n\n\n\n<p>Sky: Holger Pfandt (Einzelspiel), Roland Evers (Konferenz)<\/p>\n\n\n\n<p>Field-Reporter: Stefan Hempel <\/p>\n\n\n\n<p><strong><em>Hertha BSC &#8211; Bayer 04 Leverkusen (15.30 Uhr)<\/em><\/strong><\/p>\n\n\n\n<p>Sky: Torsten Kunde (Einzelspiel), Toni Tomic (Konferenz)<\/p>\n\n\n\n<p>Field-Reporter: Jens Westen <\/p>\n\n\n\n<p><strong><em>FC Schalke 04 &#8211; VfL Wolfsburg (15.30 Uhr)<\/em><\/strong><\/p>\n\n\n\n<p>Sky: Tom Bayer (Einzelspiel), Marcel Meinert (Konferenz)<\/p>\n\n\n\n<p>Field-Reporterin: Britta Hofmann <\/p>\n\n\n\n<p><strong><em>TSG Hoffenheim &#8211; Union Berlin (15.30 Uhr)<\/em><\/strong><\/p>\n\n\n\n<p>Sky: Klaus Veltman (Einzelspiel), Michael Born (Konferenz)<\/p>\n\n\n\n<p>Field-Reporter: Ulli Potofski<\/p>\n\n\n\n<p><strong><em>1. FC K\u00f6ln &#8211; Eintracht Frankfurt (15.30 Uhr)<\/em><\/strong><\/p>\n\n\n\n<p>Sky: J\u00fcrgen Schmitz (Einzelspiel), J\u00f6rg Dahlmann (Konferenz)<\/p>\n\n\n\n<p>Field-Reporter: Ecki Heuser<\/p>\n\n\n\n<p><strong><em>Fortuna D\u00fcsseldorf &#8211; FC Augsburg (15.30 Uhr)<\/em><\/strong><\/p>\n\n\n\n<p>Sky: Hansi K\u00fcpper (Einzelspiel), Markus G\u00f6tz (Konferenz)<\/p>\n\n\n\n<p>Field-Reporterin: Jessica Libbertz <\/p>\n\n\n\n<p><strong><em>1. FSV Mainz 05 &#8211; SV Werder Bremen (15.30 Uhr)<\/em><\/strong><\/p>\n\n\n\n<p>Sky: Marcus Lindemann (Einzelspiel), Wolff Fuss (Konferenz)<\/p>\n\n\n\n<p>Field-Reporter: Martin Gro\u00df <\/p>\n\n\n\n<p>Moderation: Michael Leopold, Experten: Lothar Matth\u00e4us und Didi Hamann <\/p>\n\n\n\n<p><strong><em>2. Bundesliga, 33. Spieltag <\/em><\/strong><\/p>\n\n\n\n<p><span style=\"text-decoration: underline;\">Sonntag, 21. Juni 2020<\/span><\/p>\n\n\n\n<p><strong><em>Karlsruher SC &#8211; Arminia Bielefeld (15.30 Uhr)<\/em><\/strong><\/p>\n\n\n\n<p>Sky: J\u00fcrgen Schmitz (Einzelspiel plus Interviews), Marcel Meinert (Konferenz)<\/p>\n\n\n\n<p><strong><em>1. FC Heidenheim &#8211; Hamburger SV (15.30 Uhr)<\/em><\/strong><\/p>\n\n\n\n<p>Sky: Martin Gro\u00df (Einzelspiele live aus dem Stadion), Roland Evers (Konferenz)<\/p>\n\n\n\n<p>Field-Reporter: Hartmut von Kameke <\/p>\n\n\n\n<p><strong><em>1. FC N\u00fcrnberg &#8211; VfB Stuttgart (15.30 Uhr)<\/em><\/strong><\/p>\n\n\n\n<p>Sky: Kai Dittmann (Einzelspiel live aus dem Stadion), Toni Tomic (Konferenz)<\/p>\n\n\n\n<p>Field-Reporter: Stefan Hempel <\/p>\n\n\n\n<p><em><b>SV Darmstadt &#8211; <\/b><strong>SV Wehen Wiesbaden (15.30 Uhr)<\/strong><\/em><\/p>\n\n\n\n<p>Sky: Sven Schr\u00f6ter (Einzelspiel), Karsten Petrzika (Konferenz)<\/p>\n\n\n\n<p><strong><em>VfL Bochum &#8211; SpVgg Greuther F\u00fcrth (15.30 Uhr)<\/em><\/strong><\/p>\n\n\n\n<p>Sky: Markus Gaupp (Einzelspiel), Heiko Mallwitz (Konferenz)<\/p>\n\n\n\n<p><strong><em>Erzgebirge Aue &#8211; Hannover 96 (15.30 Uhr)<\/em><\/strong><\/p>\n\n\n\n<p>Sky: Jaron Steiner (Einzelspiel), Ulli Potofski (Konferenz)<\/p>\n\n\n\n<p><strong><em>SV Sandhausen &#8211; Dynamo Dresden (15.30 Uhr)<\/em><\/strong><\/p>\n\n\n\n<p>Sky: Marcus Lindemann (Einzelspiel plus Interviews), Markus G\u00f6tz (Konferenz)<\/p>\n\n\n\n<p><strong><em>VfL Osnabr\u00fcck &#8211; Holstein Kiel (15.30 Uhr)<\/em><\/strong><\/p>\n\n\n\n<p>Sky: Sven Haist (Einzelspiel), J\u00f6rg Dahlmann (Konferenz)<\/p>\n\n\n\n<p><strong><em>FC St. Pauli &#8211; SSV Jahn Regensburg (15.30 Uhr)<\/em><\/strong><\/p>\n\n\n\n<p>Sky: Torsten Kunde (Einzelspiel), Sascha Roos (Konferenz)<\/p>\n\n\n\n<p>Moderation: Yannick Erkenbrecher <\/p>\n\n\n\n<p><strong>3. Liga, 34 Spieltag<\/strong><\/p>\n\n\n\n<p><u>Freitag, 19. Juni 2020<\/u><span style=\"text-decoration: underline;\">, ab 18.45 Uhr (Magenta Sport)<\/span><\/p>\n\n\n\n<p><strong><em>FC W\u00fcrzburger Kickers &#8211; Chemnitzer FC<\/em><\/strong> <strong><em>(19.00 Uhr)<\/em><\/strong><\/p>\n\n\n\n<p>Magenta Sport: Oskar Heirler<\/p>\n\n\n\n<p><span style=\"text-decoration: underline;\">Samstag, 20. Juni 2020, ab 13.45 Uhr (Magenta Sport)\/ab 14.00 Uhr (Dritte)<\/span><\/p>\n\n\n\n<p><strong><em>Konferenz (14.00 Uhr)<\/em><\/strong><\/p>\n\n\n\n<p>Magenta Sport: Alexander Klich &amp; Martin Piller<\/p>\n\n\n\n<p><strong><em>1. FC Kaiserslautern &#8211; KFC Uerdingen<\/em><\/strong> <strong><em>(14.00 Uhr)<\/em><\/strong><\/p>\n\n\n\n<p>Magenta Sport: Alexander Kunz<\/p>\n\n\n\n<p><strong><em>Eintracht Braunschweig &#8211; SC Preu\u00dfen M\u00fcnster (14.00 Uhr)<\/em><\/strong><\/p>\n\n\n\n<p>Magenta Sport: Gari Paubandt<\/p>\n\n\n\n<p><strong><em>SV Waldhof Mannheim 07 &#8211; SG Sonnenhof Gro\u00dfaspach (14.00 Uhr)<\/em><\/strong><\/p>\n\n\n\n<p>Magenta Sport: Mike M\u00fcnkel<\/p>\n\n\n\n<p>SWR: Jens-J\u00f6rg Rieck <\/p>\n\n\n\n<p>Moderation (SWR): Lennert Brinkhoff<\/p>\n\n\n\n<p><em><strong>1. FC Magdeburg &#8211; FC Bayern M\u00fcnchen II (14.00 Uhr)<\/strong><\/em><\/p>\n\n\n\n<p>Magenta Sport: Lenny Leonhardt<\/p>\n\n\n\n<p>MDR: tba<\/p>\n\n\n\n<p><strong><em>FC Carl Zeiss Jena &#8211; FC Viktoria K\u00f6ln (14.00 Uhr)<\/em><\/strong><\/p>\n\n\n\n<p>Magenta Sport: Andreas Mann<\/p>\n\n\n\n<p><strong><em>MSV Duisburg &#8211; FC Hansa Rostock<\/em><\/strong> <strong><em>(14.00 Uhr)<\/em><\/strong><\/p>\n\n\n\n<p>Magenta Sport: Markus H\u00f6hner<\/p>\n\n\n\n<p>NDR: Matthias Cammann<\/p>\n\n\n\n<p>WDR: Torsten Winkler<\/p>\n\n\n\n<p>Moderation (NDR): Andreas K\u00e4ckell<\/p>\n\n\n\n<p>Moderation (WDR): Claus Lufen <\/p>\n\n\n\n<p><span style=\"text-decoration: underline;\">Sonntag, 21. Juni 2020, ab 12.45 Uhr (Magenta Sport)<\/span><\/p>\n\n\n\n<p><strong><em>SV Meppen &#8211; SpVgg Unterhaching (13.00 Uhr)<\/em><\/strong><\/p>\n\n\n\n<p>Magenta Sport: Markus H\u00f6hner<\/p>\n\n\n\n<p><span style=\"text-decoration: underline;\">ab 13.45 Uhr (Magenta Sport)<\/span><\/p>\n\n\n\n<p><strong><em>1860 M\u00fcnchen &#8211; Hallescher FC (14.00 Uhr)<\/em><\/strong><\/p>\n\n\n\n<p>Magenta Sport: Franz B\u00fcchner<\/p>\n\n\n\n<p><span style=\"text-decoration: underline;\">ab 16.45 Uhr (Magenta Sport)<\/span><\/p>\n\n\n\n<p><strong><em>FSV Zwickau &#8211; FC Ingolstadt (17.00 Uhr)<\/em><\/strong><\/p>\n\n\n\n<p>Magenta Sport: Andreas Mann<\/p>\n\n\n\n<p><strong>Premier League, 30. Spieltag<\/strong><\/p>\n\n\n\n<p><span style=\"text-decoration: underline;\">Freitag, 19. Juni 2020, ab 18.50 Uhr (Sky)<\/span><\/p>\n\n\n\n<p><strong><em>Norwich City &#8211; FC Southampton (19.00 Uhr)<\/em><\/strong><\/p>\n\n\n\n<p>Sky: Hannes Herrmann<\/p>\n\n\n\n<p><span style=\"text-decoration: underline;\">ab 21.00 Uhr (Sky)<\/span><\/p>\n\n\n\n<p><strong><em>Tottenham Hotspur &#8211; Manchester United (21.00 Uhr)<\/em><\/strong><\/p>\n\n\n\n<p>Sky: Michael Born<\/p>\n\n\n\n<p><span style=\"text-decoration: underline;\">Samstag, 20. Juni 2020, ab 13.20 Uhr (Sky)<\/span><\/p>\n\n\n\n<p><strong><em>FC Watford &#8211; Leicester City (14.30 Uhr)<\/em><\/strong><\/p>\n\n\n\n<p>Sky: Sven Schr\u00f6ter<\/p>\n\n\n\n<p><span style=\"text-decoration: underline;\">ab 15.50 Uhr (Sky)<\/span><\/p>\n\n\n\n<p><strong><em>Brighton &amp; Hove Albion &#8211; FC Arsenal (16.00 Uhr)<\/em><\/strong><\/p>\n\n\n\n<p>Sky: Markus Gaupp<\/p>\n\n\n\n<p><span style=\"text-decoration: underline;\">ab 18.20 Uhr (Sky)<\/span><\/p>\n\n\n\n<p><strong><em>West Ham United &#8211; Wolverhampton Wanderers (18.30 Uhr)<\/em><\/strong><\/p>\n\n\n\n<p>Sky: Joachim Hebel<\/p>\n\n\n\n<p><span style=\"text-decoration: underline;\">ab 20.35 Uhr (Sky)<\/span><\/p>\n\n\n\n<p><strong><em>AFC Bournemouth &#8211; Crystal Palace (20.45 Uhr)<\/em><\/strong><\/p>\n\n\n\n<p>Sky: Hannes Herrmann <\/p>\n\n\n\n<p><span style=\"text-decoration: underline;\">Sonntag, 21. Juni 2020, ab 14.50 Uhr (Sky)<\/span><\/p>\n\n\n\n<p><strong><em>Newcastle United &#8211; Sheffield United (15.00 Uhr)<\/em><\/strong><\/p>\n\n\n\n<p>Sky: Joachim Hebel<\/p>\n\n\n\n<p><span style=\"text-decoration: underline;\">ab 17.05 Uhr (Sky)<\/span><\/p>\n\n\n\n<p><strong><em>Aston Villa &#8211; FC Chelsea (17.15 Uhr)<\/em><\/strong><\/p>\n\n\n\n<p>Sky: Hannes Herrmann <\/p>\n\n\n\n<p><span style=\"text-decoration: underline;\">ab 19.15 Uhr (Sky)<\/span><\/p>\n\n\n\n<p><strong><em>FC Everton &#8211; FC Liverpool (19.30 Uhr)<\/em><\/strong><\/p>\n\n\n\n<p>Sky: Florian Schmidt-Sommerfeld, Experte: Erik Meijer<\/p>\n\n\n\n<p><span style=\"text-decoration: underline;\">Montag, 22. Juni 2020 ab 20.50 Uhr (Sky)<\/span><\/p>\n\n\n\n<p><strong><em>Manchester City &#8211; FC Burnley (21.00 Uhr)<\/em><\/strong><\/p>\n\n\n\n<p>Sky: Toni Tomic<\/p>\n\n\n\n<p><strong>Frauen-Bundesliga, 21. Spieltag<\/strong><\/p>\n\n\n\n<p><span style=\"text-decoration: underline;\">Sonntag, 21. Juni, ab 12.45 Uhr (Eurosport)\/ 13.00 Uhr (Magena Sport)<\/span><\/p>\n\n\n\n<p><strong><em>Bayern M\u00fcnchen&nbsp;<\/em><\/strong><strong><em>\u2013<\/em><\/strong>&nbsp;<strong><em>VfL Wolfsburg (13.00 Uhr)<\/em><\/strong><\/p>\n\n\n\n<p>Eurosport: Matthias Stach <\/p>\n\n\n\n<p>Magenta Sport: Alex Kunz<\/p>\n\n\n\n<p><strong><em>Bayern Leverkusen&nbsp;<\/em><\/strong><strong><em>\u2013<\/em><\/strong>&nbsp;<strong><em>1.FC K\u00f6ln (14.00 Uhr)<\/em><\/strong><\/p>\n\n\n\n<p>Magenta Sport: Christoph Stadtler<\/p>\n\n\n\n<p><strong>Internationaler Fu\u00dfball<\/strong><\/p>\n\n\n\n<p><span style=\"text-decoration: underline;\">Freitag, 19. Juni 2020<\/span><\/p>\n\n\n\n<p>LaLiga, 30. Spieltag:&nbsp;<strong><em>FC Sevilla \u2013&nbsp;FC Barcelona (22.00 Uhr)<\/em><\/strong><\/p>\n\n\n\n<p>DAZN: Jan Platte, Experte: Jonas Hummels<\/p>\n\n\n\n<p>Moderation: Alex Schl\u00fcter<\/p>\n\n\n\n<p><span style=\"text-decoration: underline;\">Samstag, 20. Juni 2020<\/span><\/p>\n\n\n\n<p>Championship, 38. Spieltag:&nbsp;<strong><em>FC Fulham \u2013 Brentford FC (13.30 Uhr)<\/em><\/strong><\/p>\n\n\n\n<p>sportdigital FUSSBALL: Florian Obst<\/p>\n\n\n\n<p>Championship, 38. Spieltag :\u00a0<strong><em>West Bromwich Albion \u2013\u00a0Birmingham City (16.00 Uhr)<\/em><\/strong><\/p>\n\n\n\n<p>sportdigital FUSSBALL: Christian Blunck<\/p>\n\n\n\n<p>LaLiga, 30. Spieltag:&nbsp;<strong><em>Athletic Bilbao \u2013&nbsp;Real Betis (17.00 Uhr)<\/em><\/strong><\/p>\n\n\n\n<p>DAZN: Claus M\u00fcller<\/p>\n\n\n\n<p>Serie A, 27. Spieltag:  <strong><em>FC Turin \u2013&nbsp;Parma (19.30 Uhr)<\/em><\/strong> <\/p>\n\n\n\n<p>DAZN: Carsten Fu\u00df, Experte: Christian Bernhard<\/p>\n\n\n\n<p>Fortuna Liga, 31. Spieltag:&nbsp;<strong><em>Banik Ostrau \u2013 Slavia Prag (20.00 Uhr)<\/em><\/strong><\/p>\n\n\n\n<p>sportdigital FUSSBALL: Christian Blunck <\/p>\n\n\n\n<p>LaLiga, 30. Spieltag: <strong><em>Atl\u00e9tico Madrid \u2013&nbsp;Real Valladolid (22.00 Uhr)<\/em><\/strong> <\/p>\n\n\n\n<p>DAZN: Ruben Zimmermann<\/p>\n\n\n\n<p><span style=\"text-decoration: underline;\">Sonntag, 21. Juni 2020<\/span><\/p>\n\n\n\n<p>K League, 8. Spieltag:&nbsp;<strong><em>Jeonbuk Hyundai Motors \u2013<\/em><\/strong>&nbsp;<strong><em>Gwangju FC (11.00 Uhr)<\/em><\/strong><\/p>\n\n\n\n<p>sportdigital FUSSBALL: Karsten Linke<\/p>\n\n\n\n<p>Championship, 38. Spieltag :&nbsp;<strong><em>Cardiff City \u2013&nbsp;Leeds United (16.00 Uhr)<\/em><\/strong><\/p>\n\n\n\n<p>sportdigital FUSSBALL: Florian Obst <\/p>\n\n\n\n<p>Ekstraklasa, 31. Spieltag: <strong><em>Cracovia Krakau \u2013&nbsp;Jagiellonia Bialystok (15.00 Uhr)<\/em><\/strong> <\/p>\n\n\n\n<p>sportdigital FUSSBALL: Marcus Radefeld<\/p>\n\n\n\n<p>Ekstraklasa, 31. Spieltag: <strong><em>Legia Warschau \u2013&nbsp;Slask Wroclaw (17.30 Uhr)<\/em><\/strong> <\/p>\n\n\n\n<p>sportdigital FUSSBALL: Karsten Linke <\/p>\n\n\n\n<p>Serie A, 27. Spieltag: <strong><em>Atalanta Bergamo \u2013&nbsp;Sassuolo Calcio (19.30 Uhr)<\/em><\/strong> <\/p>\n\n\n\n<p>DAZN: Stefan Galler<\/p>\n\n\n\n<p>LaLiga, 30. Spieltag: <strong><em>FC Valencia \u2013&nbsp;Osasuna (19.30 Uhr)<\/em><\/strong> <\/p>\n\n\n\n<p>DAZN: Christoph Stadtler <\/p>\n\n\n\n<p>Serie A, 27. Spieltag: <strong><em>Inter Mailand \u2013 Samporia Genua (21.45 Uhr)<\/em><\/strong><\/p>\n\n\n\n<p>DAZN: Julian Engelhard, Experte: Michi Hofmann<\/p>\n\n\n\n<p>LaLiga, 30. Spieltag: <strong><em>Real Sociedad \u2013&nbsp;Real Madrid (22.00 Uhr)<\/em><\/strong> <\/p>\n\n\n\n<p>DAZN: Uli Hebel, Experte: Benny Lauth<\/p>\n\n\n\n<p>Moderation: Tobi Wahnschaffe<\/p>\n\n\n\n<p><span style=\"text-decoration: underline;\">Montag,22. Juni 2020<\/span><\/p>\n\n\n\n<p>Serie A, 27. Spieltag: <strong><em>Lecce \u2013 AC Mailand (19.30 Uhr)<\/em><\/strong><\/p>\n\n\n\n<p>DAZN: Freddie Schulz<\/p>\n\n\n\n<p>Serie A, 27. Spieltag: <strong><em>FC Bologna \u2013 Juventus Turin (21.45 Uhr)<\/em><\/strong><\/p>\n\n\n\n<p>DAZN: Uwe Morawe, Experte: Jonas Hummels <\/p>\n\n\n\n<p>Serie A, 27. Spieltag: <strong><em>AC Florenz \u2013 Brescia Calcio (19.30 Uhr)<\/em><\/strong><\/p>\n\n\n\n<p>DAZN: Felix Keil<\/p>\n\n\n\n<p>LaLiga, 30. Spieltag: <strong><em>FC Villareal \u2013&nbsp;FC Sevilla (22.00 Uhr)<\/em><\/strong> <\/p>\n\n\n\n<p>DAZN: Guido H\u00fcsgen, Experte: Sebastian Knei\u00dfl <\/p>\n\n\n<p><!--EndFragment--><\/p>\n<p><!--EndFragment--><\/p>\n\n\n<p><strong><em><span style=\"text-decoration: underline;\">Die Analyse <\/span><\/em><\/strong><\/p>\n\n\n\n<p><strong>Alle Begegnungen gleichzeitig<\/strong><\/p>\n\n\n\n<p>Das \u00fcbliche, faszinierende Ph\u00e4nomen der Letzen beiden Spieltage: Alle Begegnungen finden am gleichen Tag zur gleichen Uhrzeit statt. Folglich muss der \u00fcbertragende Sender, in dem Fall Sky, 27 Stellen besetzen: In jedem Spiel ein Kommentar f\u00fcr das Einzelspiel, \u00fcberall ein Konferenzkommentar und ein Field-Reporter sollte auch noch anwesend sein. Dazu kommen noch die Herren, die uns vom Studio aus durch den Tag lenken, am Samstag also Michael Leopold, Lothar Matth\u00e4us und Didi Hamann.<\/p>\n\n\n\n<p>Gehen wir das gesamte mal durch und beginnen bei den Einzelspielen. Jonas Friedrich verfolgt die letzte Heimpartie des Meisters, den Gast aus Freiburg hat Friedrich in dieser Saison sicher h\u00e4ufiger gesehen als die Bayern. Wenn mich nicht alles t\u00e4uscht, k\u00fcmmerte sich Friedrich ja auch in den vergangenen Jahren h\u00e4ufiger mal um die Bayern, als die Meisterschaft bereits in Stein gemei\u00dfelt war. Nur um es mal wieder zu erw\u00e4hnen: Friedrich ist f\u00fcr mich derzeit einer der Top3-Kommentatoren.<br>Oliver Seidler verfolgt, vielleicht etwas \u00fcberraschend, den Kampf um die Vize-Meisterschaft &#8211; das Nordlicht f\u00e4hrt daf\u00fcr extra nach Leipzig. Gladbach k\u00f6nnte sich durchaus noch in die Champions League spielen, somit verfolgt Holger Pfandt da eine Partie, die noch eine gewisse Relevanz besitzt &#8211; auch wenn der Gastgeber aus Paderborn sich bereits auf Bundesliga-Abschieds-Tour befindet.<\/p>\n\n\n\n<p><strong>Torsten Kunde ist wieder da!<\/strong><\/p>\n\n\n\n<p>Da ist er wieder: Viele haben hier in den Kommentaren bereits die Frage gestellt, wo Torsten Kunde eigentlich seit dem Re-Start abgeblieben ist. Am Samstag ist er in der Hauptstadt zugegen. Wolfsburg k\u00e4mpft noch um die europ\u00e4ischen Pl\u00e4tze und ist zu Gast bei den Schalkern, welche, und das \u00fcberrascht mich dann doch, mit dem Kampf um Europa mal so \u00fcberhaupt nichts zu tun haben. Tom Bayer passt regional perfekt zu dieser Partie. Veltmann passt nach Sinsheim, Schmitz darf mal wieder in der Bundesliga ran und kommentiert, wie auch einst in der zweiten Liga, eine Partie aus NRW. \u00dcberraschung: Marcus Lindemann verfolgt den Abstiegs-Kracher in Mainz, w\u00e4hrend Wolff Fuss jene Partie in der Konferenz verfolgt. <\/p>\n\n\n\n<p>Wenn wir schon \u00fcber die Konferenz reden: Schaut man auf die Ansetzungen sieht man, auf welche Partien Sky sein Augenmerk legt, so werden die Top-Kommentatoren nat\u00fcrlich bei den relevantesten Partien eingesetzt. Buschi betrachtet die Meister-Bayern, Dittmann den Kampf um Rang Zwei. Marcel Meinert darf, eigentlich wie jedes Jahr, beim Finale auch mitmischen.<\/p>\n\n\n\n<p>Auff\u00e4llig ist, dass Martin Gro\u00df keinerlei Spiel kommentiert, sondern als Field-Reporter in Mainz eingesetzt wird. Man sieht recht deutlich, in welcher Partie die meiste Brisanz vorhanden ist. Auch Ulli Potofski ist mal wieder als rasender Reporter in der Bundesliga anzutreffen.<\/p>\n\n\n\n<p><strong>Sandhausen &#8211; &#8222;Place to Be&#8220; in Liga 2<\/strong><\/p>\n\n\n\n<p> Vier Partien werden live aus dem Stadion kommentiert, bei drei dieser Partien l\u00e4sst sich das noch ganz gut erkl\u00e4ren. J\u00fcrgen Schmitz ist in Karlsruhe, da der Aufsteiger aus Bielefeld dort gastiert. Dann \u00fcberrascht der Blick auf die Begegnungen der Teams, die ebenfalls noch aufsteigen k\u00f6nnen: Heidenheim und der HSV treffen direkt aufeinander und Topspiel-Kommentator Martin Gro\u00df ist mit von der Partie, der VfB gastiert gleichzeitig in N\u00fcrnberg (Sch\u00f6ne Stadt \u00fcbrigens) und auch hier ist mit Kai Dittmann ein Kommentator mit Rang und Namen dabei. Gro\u00df, der Tags zuvor &#8222;nur&#8220; als Field-Reporter agiert, darf also ein bisschen Aufstiegskampf kommentieren &#8211; hat sicher auch was. Dann ist da noch der Fall Sandhausen: Klar, Dresden hat noch die M\u00f6glichkeit, die Klasse zu halten. Aber das Marcus Lindemann da tats\u00e4chlich vor Ort ist, \u00fcberrascht dann doch &#8211; vor allem wenn man bedenkt, wie sp\u00e4rlich Einzelspiele seitens Sky in letzter Zeit besetzt wurden.  <\/p>\n\n\n\n<p>Ansonsten, die Kommentare haben es ja bereits vorweg genommen, kehrt die Konferenz in seiner originalen Form f\u00fcr die letzten 2 Spieltage zur\u00fcck.  Dort sind dann auch die Namen zu lesen, die man dort vor einem Jahr ebenso erwartet h\u00e4tte. Evers, Tomic und Meinert verfolgen die potenziellen Aufsteiger in der Konferenz, Tomic und Meinert sind zus\u00e4tzlich auch noch im Abstiegskampf involviert.<\/p>\n\n\n\n<p><strong>Die 3. Liga<\/strong><\/p>\n\n\n\n<p>Werfen wir den Blick auf Liga 3 &#8211; ich muss zugeben, dass ich die quasi kaum mitverfolgt habe dieses Jahr und darum keine wirkliche Einsch\u00e4tzung geben kann. Somit notieren wir sachlich und n\u00fcchtern, dass Markus H\u00f6hner an zwei Tagen im Einsatz ist, ebenso Andreas Mann. Field-Reporter sind, ich vermute aufgrund der Corona-Situation, keine im Einsatz. Ein paar Spiele laufen auch wieder im \u00f6ffentlich-rechtlichen Bereich, die Erh\u00f6hung der GEZ-Geb\u00fchr muss sich ja bezahlt machen. <\/p>\n\n\n\n<p><strong>Merseyside Derby auf der Insel<\/strong><\/p>\n\n\n\n<p>In der Premier League sind die \u00fcblichen Verd\u00e4chtigen an Bord -Hannes Herrmann ist an 3 von 4 Tagen am Start, Jogi Hebel kommentiert an 2 von 4 Tagen. Michael Born darf das nett klingende Spiel zwischen den Spurs und den Red Devils mitverfolgen, ist somit also bereits am Freitag in M\u00fcnchen. Schmiso kommentiert das Merseyside Derby zwischen Everton und Liverpool, der Experte ist Erik Meijer. Toni Tomic macht dann den Deckel drauf. <\/p>\n\n\n\n<p><strong>Unbekannte Namen im internationalen Gesch\u00e4ft<\/strong><\/p>\n\n\n\n<p>Zumindest f\u00fcr meine Wenigkeit. Kann mich nicht entsinnen, jemals von den Herren Felix Keil oder Freddie Schulz geh\u00f6rt zu haben. Gratulation also an die werten Herrschaften, sollte es ihre erste Erw\u00e4hnung hier sein. Ansonsten gibt es in La Liga, Serie A oder der K-League die \u00fcblichen Namen auf die Ohren.<\/p>\n\n\n\n<p>Euch ein spannendes Wochenende, bleibt gesund!<\/p>\n\n\n<p><!--EndFragment--><\/p>\n\n\n<p><\/p>\n","protected":false},"excerpt":{"rendered":"<p>N\u2018 Abend allerseits, zugegebenerma\u00dfen muss ich mich erst einmal wieder daran gew\u00f6hnen, meinen Senf zu mehr oder minder wichtigen Dingen des Lebens hier niederzuschreiben. Gef\u00fchlstechnisch gab es den letzten Beitrag meinerseits, um &#8222;The Smashing Pumpkins&#8220; zu zitieren, im Jahre 1979. Das hat Gr\u00fcnde, nat\u00fcrlich die ganze Corona-Thematik, auf die ich, zumindest nicht heute, weiter eingehen [&hellip;]<\/p>\n","protected":false},"author":4,"featured_media":0,"comment_status":"open","ping_status":"open","sticky":false,"template":"","format":"standard","meta":{"footnotes":""},"categories":[424],"tags":[20,10,291,60,54,13,251,14,277,61,182,69,285,93,159,9,305,95,17,15,113,23,127,22,134,304,16,18,107],"class_list":["post-2580","post","type-post","status-publish","format-standard","hentry","category-bundesliga-und-co","tag-2-bundesliga","tag-3-liga","tag-amazon","tag-bundesliga","tag-championship","tag-dazn","tag-ekstraklasa","tag-eurosport","tag-fortuna-liga","tag-frank-buschmann","tag-frauen-bundesliga","tag-jonas-friedrich","tag-k-league","tag-kai-dittmann","tag-la-liga","tag-magenta-sport","tag-marcus-lindeman","tag-martin-gross","tag-mdr","tag-ndr","tag-oliver-seidler","tag-premier-league","tag-serie-a","tag-sky","tag-sportdigital-fussball","tag-sportrechte","tag-swr","tag-wdr","tag-wolff-fuss"],"_links":{"self":[{"href":"https:\/\/kommentatorenblog.de\/index.php?rest_route=\/wp\/v2\/posts\/2580","targetHints":{"allow":["GET"]}}],"collection":[{"href":"https:\/\/kommentatorenblog.de\/index.php?rest_route=\/wp\/v2\/posts"}],"about":[{"href":"https:\/\/kommentatorenblog.de\/index.php?rest_route=\/wp\/v2\/types\/post"}],"author":[{"embeddable":true,"href":"https:\/\/kommentatorenblog.de\/index.php?rest_route=\/wp\/v2\/users\/4"}],"replies":[{"embeddable":true,"href":"https:\/\/kommentatorenblog.de\/index.php?rest_route=%2Fwp%2Fv2%2Fcomments&post=2580"}],"version-history":[{"count":44,"href":"https:\/\/kommentatorenblog.de\/index.php?rest_route=\/wp\/v2\/posts\/2580\/revisions"}],"predecessor-version":[{"id":2627,"href":"https:\/\/kommentatorenblog.de\/index.php?rest_route=\/wp\/v2\/posts\/2580\/revisions\/2627"}],"wp:attachment":[{"href":"https:\/\/kommentatorenblog.de\/index.php?rest_route=%2Fwp%2Fv2%2Fmedia&parent=2580"}],"wp:term":[{"taxonomy":"category","embeddable":true,"href":"https:\/\/kommentatorenblog.de\/index.php?rest_route=%2Fwp%2Fv2%2Fcategories&post=2580"},{"taxonomy":"post_tag","embeddable":true,"href":"https:\/\/kommentatorenblog.de\/index.php?rest_route=%2Fwp%2Fv2%2Ftags&post=2580"}],"curies":[{"name":"wp","href":"https:\/\/api.w.org\/{rel}","templated":true}]}}