{"id":26059,"date":"2026-04-27T23:49:49","date_gmt":"2026-04-27T22:49:49","guid":{"rendered":"https:\/\/kommentatorenblog.de\/?p=26059"},"modified":"2026-04-28T08:19:28","modified_gmt":"2026-04-28T07:19:28","slug":"1590-die-fusion-und-ihre-moeglichen-konflikte","status":"publish","type":"post","link":"https:\/\/kommentatorenblog.de\/?p=26059","title":{"rendered":"1590 &#8211; Die Fusion und ihre m\u00f6glichen Konflikte"},"content":{"rendered":"\n<p>N&#8217;Abend allerseits,<\/p>\n\n\n\n<p>zum 01. Juni 2026 wird aus Sky Deutschland und RTL Deutschland ein Unternehmen. Geht der bisherigen Ank\u00fcndigungen, werden ab dann, also quasi mit dem Start der kommenden Fu\u00dfball-Saison, nicht mehr sowohl RTL+ als auch Sky als Abonnement f\u00fcr deren Sport\u00fcbertragungen n\u00f6tig sein. Vorher wird es wohl aber eher noch keine gr\u00f6\u00dferen Ver\u00e4nderungen geben. Wer gehofft hat, bereits die Halbfinalspiele der Europa League und Conference League auf Sky verfolgen zu k\u00f6nnen, wird sich noch gedulden m\u00fcssen, denn nach der bisherigen Vereinbarung, die nur bis einschlie\u00dflich zum Viertelfinale je zwei Spiele pro Spieltag auf Sky gestattete, werden die Halbfinals und Finals erst einmal weiterhin ausschlie\u00dflich auf RTL+ zu sehen sein.<\/p>\n\n\n\n<p>Aber wagen wir schon einmal ein paar Spekulationen f\u00fcr die kommende Saison: Nico hat bereits im letzten Beitrag kurz die Frage aufgegriffen, ob es bei den \u00dcbertragungen der Wettbewerbe, die bisher nicht auf den jeweiligen Plattformen zu sehen waren, m\u00f6glicherweise etwas mehr Einfl\u00fcsse der jeweils anderen Plattform geben k\u00f6nnte. Dazu lohnt sich ein Blick auf das aktuelle RTL-Team f\u00fcr die Europa und Conference League. Hierbei f\u00e4llt auf, dass mit der Sky-RTL-Fusion m\u00f6glicherweise einige Interessenskonflikte bevorstehen:<\/p>\n\n\n\n<p><mark style=\"background-color:rgba(0, 0, 0, 0)\" class=\"has-inline-color has-vivid-green-cyan-color\">gr\u00fcn<\/mark> = auch f\u00fcr Sky t\u00e4tig<br><mark style=\"background-color:rgba(0, 0, 0, 0)\" class=\"has-inline-color has-vivid-red-color\">rot<\/mark> = auch f\u00fcr DAZN tatig<\/p>\n\n\n\n<p>RTL &amp; NITRO<\/p>\n\n\n\n<p><strong>Moderation<\/strong>: Laura Papendick<br><strong>Experte<\/strong>: <mark style=\"background-color:rgba(0, 0, 0, 0)\" class=\"has-inline-color has-vivid-green-cyan-color\">Lothar Matth\u00e4us<\/mark><br><strong>Kommentatoren<\/strong>: <mark style=\"background-color:rgba(0, 0, 0, 0)\" class=\"has-inline-color has-vivid-green-cyan-color\">Wolff-Christoph Fuss<\/mark>, <mark style=\"background-color:rgba(0, 0, 0, 0)\" class=\"has-inline-color has-vivid-red-color\">Marco Hagemann<\/mark><br><strong>Field-Reporter<\/strong>: u.a. <mark style=\"background-color:rgba(0, 0, 0, 0)\" class=\"has-inline-color has-vivid-green-cyan-color\">Thomas Wagner<\/mark><\/p>\n\n\n\n<p>RTL+:<\/p>\n\n\n\n<p><strong>Moderation<\/strong>: Anna Kraft, Jana Wosnitza<br><strong>Experte<\/strong>: Felix Kroos, <mark style=\"background-color:rgba(0, 0, 0, 0)\" class=\"has-inline-color has-vivid-green-cyan-color\">Patrick Helmes<\/mark>,&nbsp;Max Kruse<br><strong>Community-Host<\/strong>: Julius Fellermann<br><strong>Kommentatoren<\/strong>: Alexander K\u00fcpper, Benedikt Brinsa, <mark style=\"background-color:rgba(0, 0, 0, 0)\" class=\"has-inline-color has-vivid-red-color\">Christina Rann<\/mark>, <mark style=\"background-color:rgba(0, 0, 0, 0)\" class=\"has-inline-color has-vivid-green-cyan-color\">Christian Stra\u00dfburger<\/mark>, <mark style=\"background-color:rgba(0, 0, 0, 0)\" class=\"has-inline-color has-vivid-red-color\">Christoph Stadtler<\/mark>, <mark style=\"background-color:rgba(0, 0, 0, 0)\" class=\"has-inline-color has-vivid-green-cyan-color\">Cornelius K\u00fcpper<\/mark>, Florian von Stackelberg, <mark style=\"background-color:rgba(0, 0, 0, 0)\" class=\"has-inline-color has-vivid-red-color\">Freddie Schulz<\/mark>, <mark style=\"background-color:rgba(0, 0, 0, 0)\" class=\"has-inline-color has-vivid-red-color\">Jan Wochner<\/mark>, <mark style=\"background-color:rgba(0, 0, 0, 0)\" class=\"has-inline-color has-vivid-red-color\">Jochen Stutzky<\/mark>, <mark style=\"background-color:rgba(0, 0, 0, 0)\" class=\"has-inline-color has-vivid-green-cyan-color\">J\u00fcrgen Schmitz<\/mark>, <mark style=\"background-color:rgba(0, 0, 0, 0)\" class=\"has-inline-color has-vivid-red-color\">Julian Engelhard<\/mark>, <mark style=\"background-color:rgba(0, 0, 0, 0)\" class=\"has-inline-color has-vivid-green-cyan-color\">Klaus Veltman<\/mark>, <mark style=\"background-color:rgba(0, 0, 0, 0)\" class=\"has-inline-color has-vivid-red-color\">Michael Born<\/mark>, <mark style=\"background-color:rgba(0, 0, 0, 0)\" class=\"has-inline-color has-vivid-green-cyan-color\">Oliver Seidler<\/mark>, Peter Reichert, Rene Langhoff, <mark style=\"background-color:rgba(0, 0, 0, 0)\" class=\"has-inline-color has-vivid-red-color\">Robby Hunke<\/mark>, Stefan Fuckert, Tim Hemmrich<\/p>\n\n\n\n<p>In dieser \u00dcbersicht stehen 9 Personalien, die bereits f\u00fcr den neuen Partner t\u00e4tig sind, genauso viele Personen gegen\u00fcber, die bislang parallel ausgerechnet f\u00fcr Skys Erzrivalen DAZN arbeiten. Zu letzteren kommt au\u00dferdem noch RTL-Aush\u00e4ngeschild Laura Wontorra hinzu. Ein Sonderfall ist Florian von Stackelberg, der zwar nicht f\u00fcr Sky Deutschland kommentiert, daf\u00fcr aber f\u00fcr Sky Switzerland. Engagements sowohl bei Sky als auch bei DAZN sind nat\u00fcrlich nicht ausgeschlossen. Darauf, dass diese m\u00f6glicherweise allerdings nicht ganz reibungslos verlaufen, deuteten zuletzt die Einsatzbilanzen von Lisa Tellers (von Sky seit ihrem Einstieg bei DAZN nicht mehr ber\u00fccksichtigt) oder Uli Hebel (nur 1 Bundesliga-Livespiel in dieser Saison, ansonsten nur Relives, nie Konferenz) hin. Bei Uli Hebels Bruder Jogi kam im vergangenen Sommer anders als in den Jahren zuvor kein weiteres Engagement bei DAZN f\u00fcr die CL mehr zustande. Etwas \u00fcblicher ist es bei unterschiedlichen Sportarten, wie etwa, dass Christoph Stadtler und Franz B\u00fcchner die NFL bei DAZN, die NHL allerdings bei Sky kommentier(t)en, oder das Beispiel von Jens Westen, der, nachdem Sky keinen Handball mehr im Programm hatte, bei DAZN Europacup-Spiele kommentierte, was allerdings nun bald mit dem Auslaufen der Rechte wiederum dort enden wird. Beim Boxen ist Uli Hebel nach wie vor die klare Nummer 1 bei DAZN.<\/p>\n\n\n\n<p>Es wird spannend, wie die personellen Besetzungen der \u00dcbertragungen in Zukunft von der Fusion beeinflusst werden. Nicht unerw\u00e4hnt sollte bleiben, dass RTL in der letzten Zeit auch bei anderen Formaten gespart hatte, auch beim On-Air-Personal. Etwas bessere Perspektiven sehe ich bei den bisherigen Sky-Kommentatoren- und -Moderatoren, nicht zuletzt da bei Sky viele Vertr\u00e4ge erst im Sommer 2025 f\u00fcr die Bundesliga-Rechteperiode verl\u00e4ngert worden waren, was neben dem DFB-Pokal und der Premier League weiterhin das &#8222;Kerngesch\u00e4ft&#8220; sein wird, w\u00e4hrend Europa League und Conference League bekanntlich keine Perspektive \u00fcber den Sommer 2027 hinaus haben &#8211; zumindest in Deutschland. H\u00e4lt man auch \u00fcber 2027 hinaus in \u00d6sterreich die Rechte am Europapokal, d\u00fcrfte es au\u00dferdem schwierig werden, die \u00f6sterreichischen Kollegen zur Vermeidung von Doppelstrukturen f\u00fcr die kommende Saison auszubooten, nur um sie danach wieder einzusetzen &#8211; was daf\u00fcr spr\u00e4che, das vorerst produktionstechnisch vieles erst einmal beim Alten bleiben k\u00f6nnte. Da mit Paramount+ 2027 noch ein weiterer &#8222;Big Player&#8220; in Deutschland mit der Champions League starten wird, werden wir dann vermutlich auch noch einige Konstellationen erleben, wer wie wo kommentiert oder moderiert, die noch \u00fcber unsere jetzigen Vorstellungen hinausgehen.<\/p>\n\n\n\n<p>Die NFL ist au\u00dferdem nochmal eine ganz eigene Branche, auch wenn es immer wieder auch \u00dcberschneidungen mit dem Fu\u00dfball beim On-Air-Personal gab. Sie d\u00fcrfte voraussichtlich die erste Pr\u00fcfung der neuen Marktsituation in Deutschland werden, da sowohl DAZN viel daran gelegen sein wird, nach dem CL-Aus ein anderes Aush\u00e4ngeschild zu halten, als auch Sky\/RTL, die komplette Heimat der NFL zu werden (den GamePass als globale Vereinbarung mit DAZN ausgenommen). Das Tischtuch zwischen der NFL und DAZN d\u00fcrfte wohl noch nicht heillos zerschnitten sein, da es in erster Linie darum ging, dass DAZN dem Wunsch nach Verl\u00e4ngerung des Sonderk\u00fcndigungsrechts beim bisherigen Deal nicht nachkam und die NFL nun bereits jetzt um einen lukrativeren Deal pokern m\u00f6chte. Auf anderen gr\u00f6\u00dferen M\u00e4rkten hat sich die NFL in der Regel nicht nur an einen TV-Partner verkauft. Ausgang v\u00f6llig offen, w\u00fcrde ich sagen.<\/p>\n\n\n\n<p>Nun aber zum Fu\u00dfball in dieser Woche und den bereits angesprochenen Europa-Halbfinals:<\/p>\n\n\n\n<hr class=\"wp-block-separator has-alpha-channel-opacity\"\/>\n\n\n\n<p><strong>Die Ansetzungen vom 28. bis 30. April 2026<\/strong><\/p>\n\n\n\n<hr class=\"wp-block-separator has-alpha-channel-opacity\"\/>\n\n\n\n<p><strong>UEFA Champions League, Halbfinale, Hinspiele (<mark style=\"background-color:rgba(0, 0, 0, 0)\" class=\"has-inline-color has-vivid-cyan-blue-color\">Prime<\/mark>\/DAZN)<\/strong><\/p>\n\n\n\n<p><span style=\"text-decoration: underline;\">Dienstag, 28. April 2026, ab 20.00 Uhr (<mark style=\"background-color:rgba(0, 0, 0, 0)\" class=\"has-inline-color has-vivid-cyan-blue-color\">Prime<\/mark>)<\/span><\/p>\n\n\n\n<p><strong><em>Paris Saint-Germain <\/em><\/strong><em>(FRA)<\/em><strong><em> &#8211; FC Bayern M\u00fcnchen <\/em><\/strong><em>(GER)<\/em><strong><em> (21.00 Uhr)<\/em><\/strong><br><img loading=\"lazy\" decoding=\"async\" width=\"10\" height=\"21\" class=\"wp-image-3656\" style=\"width: 10px;\" src=\"http:\/\/kommentatorenblog.de\/wp-content\/uploads\/2020\/09\/shure-55sh-ii-e1601485394796.jpg\" alt=\"\" srcset=\"https:\/\/kommentatorenblog.de\/wp-content\/uploads\/2020\/09\/shure-55sh-ii-e1601485394796.jpg 415w, https:\/\/kommentatorenblog.de\/wp-content\/uploads\/2020\/09\/shure-55sh-ii-e1601485394796-142x300.jpg 142w\" sizes=\"auto, (max-width: 10px) 100vw, 10px\" \/> Hannes Herrmann, Experte: Benedikt H\u00f6wedes<br>Field-Reporter:innen: Cayana Adjei-Freeman und Sebastian Benesch<br>Moderation: Jonas Friedrich, Expert:innen: Mats Hummels, Christoph Kramer und Tabea Kemme, Schiedsrichter-Experte: Lutz Wagner<\/p>\n\n\n\n<p><span style=\"text-decoration: underline;\">Mittwoch, 29. April 2026, ab 20.15 Uhr (DAZN)<\/span><\/p>\n\n\n\n<p><strong><em>Atletico Madrid <\/em><\/strong><em>(ESP)<\/em><strong><em> &#8211; FC Arsenal <\/em><\/strong><em>(ENG)<\/em><strong><em> (21.00 Uhr)<\/em><\/strong><br><img loading=\"lazy\" decoding=\"async\" width=\"10\" height=\"21\" class=\"wp-image-3656\" style=\"width: 10px;\" src=\"http:\/\/kommentatorenblog.de\/wp-content\/uploads\/2020\/09\/shure-55sh-ii-e1601485394796.jpg\" alt=\"\" srcset=\"https:\/\/kommentatorenblog.de\/wp-content\/uploads\/2020\/09\/shure-55sh-ii-e1601485394796.jpg 415w, https:\/\/kommentatorenblog.de\/wp-content\/uploads\/2020\/09\/shure-55sh-ii-e1601485394796-142x300.jpg 142w\" sizes=\"auto, (max-width: 10px) 100vw, 10px\" \/> Lukas Sch\u00f6nm\u00fcller, Experte: Nils Petersen<br>Moderation: Freddy Harder<\/p>\n\n\n\n<hr class=\"wp-block-separator has-alpha-channel-opacity\"\/>\n\n\n\n<p><strong>UEFA Europa League \/ UEFA Conference League, Halbfinale, Hinspiele (<mark style=\"background-color:rgba(0, 0, 0, 0)\" class=\"has-inline-color has-vivid-purple-color\">RTL<\/mark>\/<mark style=\"background-color:rgba(0, 0, 0, 0)\" class=\"has-inline-color has-vivid-purple-color\">RTL+<\/mark>\/<mark style=\"background-color:rgba(0, 0, 0, 0);color:#22ff02\" class=\"has-inline-color\">NITRO<\/mark>)<\/strong><\/p>\n\n\n\n<p><span style=\"text-decoration: underline;\">Donnerstag, 30. April 2026, ab 20.15 Uhr (<mark style=\"background-color:rgba(0, 0, 0, 0)\" class=\"has-inline-color has-vivid-purple-color\">RTL<\/mark>) bzw. ab 20.30 Uhr (<mark style=\"background-color:rgba(0, 0, 0, 0)\" class=\"has-inline-color has-vivid-purple-color\">RTL+<\/mark>) bzw. ab 22.45 Uhr (<mark style=\"background-color:rgba(0, 0, 0, 0);color:#22ff02\" class=\"has-inline-color\">NITRO<\/mark>)<\/span><\/p>\n\n\n\n<p><strong><em>SC Braga <\/em><\/strong><em>(POR)<\/em><strong><em> &#8211; SC Freiburg <\/em><\/strong><em>(GER)<\/em><strong><em> (21.00 Uhr)<\/em><\/strong><\/p>\n\n\n\n<p><img loading=\"lazy\" decoding=\"async\" width=\"10\" height=\"21\" class=\"wp-image-3656\" style=\"width: 10px;\" src=\"http:\/\/kommentatorenblog.de\/wp-content\/uploads\/2020\/09\/shure-55sh-ii-e1601485394796.jpg\" alt=\"\" srcset=\"https:\/\/kommentatorenblog.de\/wp-content\/uploads\/2020\/09\/shure-55sh-ii-e1601485394796.jpg 415w, https:\/\/kommentatorenblog.de\/wp-content\/uploads\/2020\/09\/shure-55sh-ii-e1601485394796-142x300.jpg 142w\" sizes=\"auto, (max-width: 10px) 100vw, 10px\" \/> <em><mark style=\"background-color:rgba(0, 0, 0, 0)\" class=\"has-inline-color has-vivid-purple-color\">RTL<\/mark><\/em>\/<em><mark style=\"background-color:rgba(0, 0, 0, 0);color:#22ff02\" class=\"has-inline-color\">NITRO<\/mark><\/em>: Marco Hagemann, Experte: Felix Kroos<br>Moderation (<em><mark style=\"background-color:rgba(0, 0, 0, 0)\" class=\"has-inline-color has-vivid-purple-color\">RTL<\/mark><\/em>\/<em><mark style=\"background-color:rgba(0, 0, 0, 0);color:#22ff02\" class=\"has-inline-color\">NITRO<\/mark><\/em>): Laura Papendick, Experte: Lothar Matth\u00e4us<\/p>\n\n\n\n<p><img loading=\"lazy\" decoding=\"async\" width=\"10\" height=\"21\" class=\"wp-image-3656\" style=\"width: 10px;\" src=\"http:\/\/kommentatorenblog.de\/wp-content\/uploads\/2020\/09\/shure-55sh-ii-e1601485394796.jpg\" alt=\"\" srcset=\"https:\/\/kommentatorenblog.de\/wp-content\/uploads\/2020\/09\/shure-55sh-ii-e1601485394796.jpg 415w, https:\/\/kommentatorenblog.de\/wp-content\/uploads\/2020\/09\/shure-55sh-ii-e1601485394796-142x300.jpg 142w\" sizes=\"auto, (max-width: 10px) 100vw, 10px\" \/> <em><mark style=\"background-color:rgba(0, 0, 0, 0)\" class=\"has-inline-color has-vivid-purple-color\">RTL+<\/mark><\/em>: Corni K\u00fcpper (Einzelspiel), Robby Hunke (Konferenz)<\/p>\n\n\n\n<p>Field-Reporterinnen: Jana Wosnitza und Jessica Matyschok<\/p>\n\n\n\n<p><span style=\"text-decoration: underline;\">ab 20.30 Uhr (<mark style=\"background-color:rgba(0, 0, 0, 0)\" class=\"has-inline-color has-vivid-purple-color\">RTL+<\/mark>)<\/span><\/p>\n\n\n\n<p><strong><em>Nottingham Forest <\/em><\/strong><em>(ENG)<\/em><strong><em> &#8211; Aston Villa <\/em><\/strong><em>(ENG)<\/em><strong><em> (21.00 Uhr)<\/em><\/strong><br><img loading=\"lazy\" decoding=\"async\" width=\"10\" height=\"21\" class=\"wp-image-3656\" style=\"width: 10px;\" src=\"http:\/\/kommentatorenblog.de\/wp-content\/uploads\/2020\/09\/shure-55sh-ii-e1601485394796.jpg\" alt=\"\" srcset=\"https:\/\/kommentatorenblog.de\/wp-content\/uploads\/2020\/09\/shure-55sh-ii-e1601485394796.jpg 415w, https:\/\/kommentatorenblog.de\/wp-content\/uploads\/2020\/09\/shure-55sh-ii-e1601485394796-142x300.jpg 142w\" sizes=\"auto, (max-width: 10px) 100vw, 10px\" \/> Christian Stra\u00dfburger (Einzelspiel), Michael Born (Konferenz)<\/p>\n\n\n\n<p><strong><em>Schachtar Donezk <\/em><\/strong><em>(UKR)<\/em><strong><em> &#8211; Crystal Palace <\/em><\/strong><em>(ENG)<\/em><strong><em> (21.00 Uhr)<\/em><\/strong><br><img loading=\"lazy\" decoding=\"async\" width=\"10\" height=\"21\" class=\"wp-image-3656\" style=\"width: 10px;\" src=\"http:\/\/kommentatorenblog.de\/wp-content\/uploads\/2020\/09\/shure-55sh-ii-e1601485394796.jpg\" alt=\"\" srcset=\"https:\/\/kommentatorenblog.de\/wp-content\/uploads\/2020\/09\/shure-55sh-ii-e1601485394796.jpg 415w, https:\/\/kommentatorenblog.de\/wp-content\/uploads\/2020\/09\/shure-55sh-ii-e1601485394796-142x300.jpg 142w\" sizes=\"auto, (max-width: 10px) 100vw, 10px\" \/> Oliver Seidler (Einzelspiel), Christina Rann (Konferenz)<\/p>\n\n\n\n<p><strong><em>Rayo Vallecano <\/em><\/strong><em>(ESP)<\/em><strong><em> &#8211; Racing Stra\u00dfburg <\/em><\/strong><em>(FRA)<\/em><strong><em> (21.00 Uhr)<\/em><\/strong><br><img loading=\"lazy\" decoding=\"async\" width=\"10\" height=\"21\" class=\"wp-image-3656\" style=\"width: 10px;\" src=\"http:\/\/kommentatorenblog.de\/wp-content\/uploads\/2020\/09\/shure-55sh-ii-e1601485394796.jpg\" alt=\"\" srcset=\"https:\/\/kommentatorenblog.de\/wp-content\/uploads\/2020\/09\/shure-55sh-ii-e1601485394796.jpg 415w, https:\/\/kommentatorenblog.de\/wp-content\/uploads\/2020\/09\/shure-55sh-ii-e1601485394796-142x300.jpg 142w\" sizes=\"auto, (max-width: 10px) 100vw, 10px\" \/> Rene Langhoff (Einzelspiel), Peter Reichert (Konferenz)<\/p>\n\n\n\n<p>Moderation (<em><mark style=\"background-color:rgba(0, 0, 0, 0)\" class=\"has-inline-color has-vivid-purple-color\">RTL+<\/mark><\/em>): Anna Kraft, Experte: Max Kruse, Community Host: Julius Fellermann<\/p>\n\n\n\n<hr class=\"wp-block-separator has-alpha-channel-opacity\"\/>\n\n\n\n<p><strong>Frauen-Bundesliga (GER), 18. Spieltag, Nachholspiel (SPORT1\/<mark style=\"background-color:rgba(0, 0, 0, 0)\" class=\"has-inline-color has-pale-pink-color\">Magenta Sport<\/mark>\/DAZN)<\/strong><\/p>\n\n\n\n<p><span style=\"text-decoration: underline;\">Mittwoch, 29. April 2026, ab 17.30 Uhr (<mark style=\"background-color:rgba(0, 0, 0, 0)\" class=\"has-inline-color has-pale-pink-color\">Magenta Sport<\/mark>) bzw. ab 17.45 Uhr (SPORT1\/DAZN)<\/span><\/p>\n\n\n\n<p><strong><em>SV Werder Bremen &#8211; FC Bayern M\u00fcnchen (18.00 Uhr)<\/em><\/strong><\/p>\n\n\n\n<p><img loading=\"lazy\" decoding=\"async\" width=\"10\" height=\"21\" class=\"wp-image-3656\" style=\"width: 10px;\" src=\"http:\/\/kommentatorenblog.de\/wp-content\/uploads\/2020\/09\/shure-55sh-ii-e1601485394796.jpg\" alt=\"\" srcset=\"https:\/\/kommentatorenblog.de\/wp-content\/uploads\/2020\/09\/shure-55sh-ii-e1601485394796.jpg 415w, https:\/\/kommentatorenblog.de\/wp-content\/uploads\/2020\/09\/shure-55sh-ii-e1601485394796-142x300.jpg 142w\" sizes=\"auto, (max-width: 10px) 100vw, 10px\" \/> <em>SPORT1<\/em>: Christina Rann<br>Moderation (<em>SPORT1<\/em>): Katharina Kleinfeldt<\/p>\n\n\n\n<p><img loading=\"lazy\" decoding=\"async\" width=\"10\" height=\"21\" class=\"wp-image-3656\" style=\"width: 10px;\" src=\"http:\/\/kommentatorenblog.de\/wp-content\/uploads\/2020\/09\/shure-55sh-ii-e1601485394796.jpg\" alt=\"\" srcset=\"https:\/\/kommentatorenblog.de\/wp-content\/uploads\/2020\/09\/shure-55sh-ii-e1601485394796.jpg 415w, https:\/\/kommentatorenblog.de\/wp-content\/uploads\/2020\/09\/shure-55sh-ii-e1601485394796-142x300.jpg 142w\" sizes=\"auto, (max-width: 10px) 100vw, 10px\" \/> <em><mark style=\"background-color:rgba(0, 0, 0, 0)\" class=\"has-inline-color has-pale-pink-color\">Magenta Sport<\/mark><\/em>: Martin Piller, Expertin: Kathrin Lehmann<br>Moderation (<em><mark style=\"background-color:rgba(0, 0, 0, 0)\" class=\"has-inline-color has-pale-pink-color\">Magenta Sport<\/mark><\/em>): Kamila Benschop<\/p>\n\n\n\n<p><img loading=\"lazy\" decoding=\"async\" width=\"10\" height=\"21\" class=\"wp-image-3656\" style=\"width: 10px;\" src=\"http:\/\/kommentatorenblog.de\/wp-content\/uploads\/2020\/09\/shure-55sh-ii-e1601485394796.jpg\" alt=\"\" srcset=\"https:\/\/kommentatorenblog.de\/wp-content\/uploads\/2020\/09\/shure-55sh-ii-e1601485394796.jpg 415w, https:\/\/kommentatorenblog.de\/wp-content\/uploads\/2020\/09\/shure-55sh-ii-e1601485394796-142x300.jpg 142w\" sizes=\"auto, (max-width: 10px) 100vw, 10px\" \/> <em>DAZN<\/em>: Simon Sterzer<\/p>\n\n\n\n<hr class=\"wp-block-separator has-alpha-channel-opacity\"\/>\n\n\n\n<p><strong>Womens&#8217;s Super League (ENG), 14. Spieltag, Nachholspiel (<mark style=\"background-color:rgba(0, 0, 0, 0)\" class=\"has-inline-color has-pale-cyan-blue-color\">Sportdigital1+<\/mark>\/<mark style=\"background-color:rgba(0, 0, 0, 0);color:#130655\" class=\"has-inline-color\">DF1<\/mark>)<\/strong><\/p>\n\n\n\n<p><span style=\"text-decoration: underline;\">Mittwoch, 29. April 2026<\/span><\/p>\n\n\n\n<p><strong><em>FC Arsenal &#8211; Leicester City (20.00 Uhr)<\/em><\/strong><br><img loading=\"lazy\" decoding=\"async\" width=\"10\" height=\"21\" class=\"wp-image-3656\" style=\"width: 10px;\" src=\"http:\/\/kommentatorenblog.de\/wp-content\/uploads\/2020\/09\/shure-55sh-ii-e1601485394796.jpg\" alt=\"\" srcset=\"https:\/\/kommentatorenblog.de\/wp-content\/uploads\/2020\/09\/shure-55sh-ii-e1601485394796.jpg 415w, https:\/\/kommentatorenblog.de\/wp-content\/uploads\/2020\/09\/shure-55sh-ii-e1601485394796-142x300.jpg 142w\" sizes=\"auto, (max-width: 10px) 100vw, 10px\" \/> Marcus Radefeld<\/p>\n\n\n\n<hr class=\"wp-block-separator has-alpha-channel-opacity\"\/>\n\n\n\n<p><strong>Primeira Liga (POR), 26. Spieltag, Nachholspiel (<mark style=\"background-color:rgba(0, 0, 0, 0)\" class=\"has-inline-color has-pale-cyan-blue-color\">Sportdigital FUSSBALL<\/mark>)<\/strong><\/p>\n\n\n\n<p><span style=\"text-decoration: underline;\">Mittwoch, 29. April 2026<\/span><\/p>\n\n\n\n<p><strong><em>Sporting Lissabon &#8211; CD Tondela (21.15 Uhr)<\/em><\/strong><br><img loading=\"lazy\" decoding=\"async\" width=\"10\" height=\"21\" class=\"wp-image-3656\" style=\"width: 10px;\" src=\"http:\/\/kommentatorenblog.de\/wp-content\/uploads\/2020\/09\/shure-55sh-ii-e1601485394796.jpg\" alt=\"\" srcset=\"https:\/\/kommentatorenblog.de\/wp-content\/uploads\/2020\/09\/shure-55sh-ii-e1601485394796.jpg 415w, https:\/\/kommentatorenblog.de\/wp-content\/uploads\/2020\/09\/shure-55sh-ii-e1601485394796-142x300.jpg 142w\" sizes=\"auto, (max-width: 10px) 100vw, 10px\" \/> Jonathan Dreier<\/p>\n\n\n\n<hr class=\"wp-block-separator has-alpha-channel-opacity\"\/>\n\n\n\n<p><strong>CONMEBOL Libertadores, 3. Spieltag (<mark style=\"background-color:rgba(0, 0, 0, 0)\" class=\"has-inline-color has-pale-cyan-blue-color\">Sportdigital1+<\/mark>)<\/strong><\/p>\n\n\n\n<p><span style=\"text-decoration: underline;\">Freitag, 01. Mai 2026<\/span><\/p>\n\n\n\n<p><strong><em>Bolivar <\/em><\/strong><em>(BOL)<\/em><strong><em> &#8211; Fluminense <\/em><\/strong><em>(BRA)<\/em> <strong><em>(00.00 Uhr)<\/em><\/strong><br><img loading=\"lazy\" decoding=\"async\" width=\"10\" height=\"21\" class=\"wp-image-3656\" style=\"width: 10px;\" src=\"http:\/\/kommentatorenblog.de\/wp-content\/uploads\/2020\/09\/shure-55sh-ii-e1601485394796.jpg\" alt=\"\" srcset=\"https:\/\/kommentatorenblog.de\/wp-content\/uploads\/2020\/09\/shure-55sh-ii-e1601485394796.jpg 415w, https:\/\/kommentatorenblog.de\/wp-content\/uploads\/2020\/09\/shure-55sh-ii-e1601485394796-142x300.jpg 142w\" sizes=\"auto, (max-width: 10px) 100vw, 10px\" \/> Jonathan Dreier<\/p>\n\n\n\n<p><strong><em>Corinthians <\/em><\/strong><em>(BRA)<\/em><strong><em> &#8211; Penarol <\/em><\/strong><em>(URU)<\/em><strong><em> (02.00 Uhr)<\/em><\/strong><br><img loading=\"lazy\" decoding=\"async\" width=\"10\" height=\"21\" class=\"wp-image-3656\" style=\"width: 10px;\" src=\"http:\/\/kommentatorenblog.de\/wp-content\/uploads\/2020\/09\/shure-55sh-ii-e1601485394796.jpg\" alt=\"\" srcset=\"https:\/\/kommentatorenblog.de\/wp-content\/uploads\/2020\/09\/shure-55sh-ii-e1601485394796.jpg 415w, https:\/\/kommentatorenblog.de\/wp-content\/uploads\/2020\/09\/shure-55sh-ii-e1601485394796-142x300.jpg 142w\" sizes=\"auto, (max-width: 10px) 100vw, 10px\" \/> Arne Malsch (?)<\/p>\n\n\n\n<hr class=\"wp-block-separator has-alpha-channel-opacity\"\/>\n\n\n\n<p><strong>CONMEBOL Sudamericana, Gruppenphase, 3. Spieltag (<mark style=\"background-color:rgba(0, 0, 0, 0)\" class=\"has-inline-color has-pale-cyan-blue-color\">Sportdigital FUSSBALL<\/mark>)<\/strong><\/p>\n\n\n\n<p><span style=\"text-decoration: underline;\">Mittwoch, 29. April 2026<\/span><\/p>\n\n\n\n<p><strong><em>San Lorenzo <\/em><\/strong><em>(ARG)<\/em><strong><em> &#8211; Santos FC <\/em><\/strong><em>(BRA)<\/em><strong><em> (00.00 Uhr)<\/em><\/strong><br><img loading=\"lazy\" decoding=\"async\" width=\"10\" height=\"21\" class=\"wp-image-3656\" style=\"width: 10px;\" src=\"http:\/\/kommentatorenblog.de\/wp-content\/uploads\/2020\/09\/shure-55sh-ii-e1601485394796.jpg\" alt=\"\" srcset=\"https:\/\/kommentatorenblog.de\/wp-content\/uploads\/2020\/09\/shure-55sh-ii-e1601485394796.jpg 415w, https:\/\/kommentatorenblog.de\/wp-content\/uploads\/2020\/09\/shure-55sh-ii-e1601485394796-142x300.jpg 142w\" sizes=\"auto, (max-width: 10px) 100vw, 10px\" \/> Karsten Linke<\/p>\n\n\n\n<p><span style=\"text-decoration: underline;\">Freitag, 01. Mai 2026<\/span><\/p>\n\n\n\n<p><strong><em>Bragantino <\/em><\/strong><em>(BRA)<\/em><strong><em> &#8211; River Plate <\/em><\/strong><em>(ARG)<\/em><strong><em> (02.30 Uhr)<\/em><\/strong><br><img loading=\"lazy\" decoding=\"async\" width=\"10\" height=\"21\" class=\"wp-image-3656\" style=\"width: 10px;\" src=\"http:\/\/kommentatorenblog.de\/wp-content\/uploads\/2020\/09\/shure-55sh-ii-e1601485394796.jpg\" alt=\"\" srcset=\"https:\/\/kommentatorenblog.de\/wp-content\/uploads\/2020\/09\/shure-55sh-ii-e1601485394796.jpg 415w, https:\/\/kommentatorenblog.de\/wp-content\/uploads\/2020\/09\/shure-55sh-ii-e1601485394796-142x300.jpg 142w\" sizes=\"auto, (max-width: 10px) 100vw, 10px\" \/> Arne Malsch (?)<\/p>\n\n\n\n<hr class=\"wp-block-separator has-alpha-channel-opacity\"\/>\n\n\n\n<p><strong>CONCACAF Champions Cup, Halbfinale, Hinspiele (<mark style=\"background-color:rgba(0, 0, 0, 0)\" class=\"has-inline-color has-pale-cyan-blue-color\">Sportdigital1+<\/mark>)<\/strong><\/p>\n\n\n\n<p><span style=\"text-decoration: underline;\">Mittwoch, 29. April 2026<\/span><\/p>\n\n\n\n<p><strong><em>Nashville SC <\/em><\/strong><em>(USA)<\/em><strong><em> &#8211; Tigres UANL <\/em><\/strong><em>(MEX)<\/em><strong><em> (02.36 Uhr)<\/em><\/strong><br><img loading=\"lazy\" decoding=\"async\" width=\"10\" height=\"21\" class=\"wp-image-3656\" style=\"width: 10px;\" src=\"http:\/\/kommentatorenblog.de\/wp-content\/uploads\/2020\/09\/shure-55sh-ii-e1601485394796.jpg\" alt=\"\" srcset=\"https:\/\/kommentatorenblog.de\/wp-content\/uploads\/2020\/09\/shure-55sh-ii-e1601485394796.jpg 415w, https:\/\/kommentatorenblog.de\/wp-content\/uploads\/2020\/09\/shure-55sh-ii-e1601485394796-142x300.jpg 142w\" sizes=\"auto, (max-width: 10px) 100vw, 10px\" \/> Jakob Vogel<\/p>\n\n\n\n<p><span style=\"text-decoration: underline;\">Donnerstag, 30. April 2026<\/span><\/p>\n\n\n\n<p><strong><em>Los Angeles FC <\/em><\/strong><em>(USA)<\/em><strong><em> &#8211; Deportivo Toluca <\/em><\/strong><em>(MEX)<\/em><strong><em> (04.36 Uhr)<\/em><\/strong><br><img loading=\"lazy\" decoding=\"async\" width=\"10\" height=\"21\" class=\"wp-image-3656\" style=\"width: 10px;\" src=\"http:\/\/kommentatorenblog.de\/wp-content\/uploads\/2020\/09\/shure-55sh-ii-e1601485394796.jpg\" alt=\"\" srcset=\"https:\/\/kommentatorenblog.de\/wp-content\/uploads\/2020\/09\/shure-55sh-ii-e1601485394796.jpg 415w, https:\/\/kommentatorenblog.de\/wp-content\/uploads\/2020\/09\/shure-55sh-ii-e1601485394796-142x300.jpg 142w\" sizes=\"auto, (max-width: 10px) 100vw, 10px\" \/> Martin Hahn<\/p>\n\n\n\n<hr class=\"wp-block-separator has-alpha-channel-opacity\"\/>\n\n\n\n<p><strong>Saudi Pro League (KSA), 30. Spieltag (<mark style=\"background-color:rgba(0, 0, 0, 0)\" class=\"has-inline-color has-pale-cyan-blue-color\">Sportdigital FUSSBALL<\/mark>)<\/strong><\/p>\n\n\n\n<p><span style=\"text-decoration: underline;\">Dienstag, 28. April 2026<\/span><\/p>\n\n\n\n<p><strong><em>Al-Hilal &#8211; Damac (20.00 Uhr)<\/em><\/strong><br><img loading=\"lazy\" decoding=\"async\" width=\"10\" height=\"21\" class=\"wp-image-3656\" style=\"width: 10px;\" src=\"http:\/\/kommentatorenblog.de\/wp-content\/uploads\/2020\/09\/shure-55sh-ii-e1601485394796.jpg\" alt=\"\" srcset=\"https:\/\/kommentatorenblog.de\/wp-content\/uploads\/2020\/09\/shure-55sh-ii-e1601485394796.jpg 415w, https:\/\/kommentatorenblog.de\/wp-content\/uploads\/2020\/09\/shure-55sh-ii-e1601485394796-142x300.jpg 142w\" sizes=\"auto, (max-width: 10px) 100vw, 10px\" \/> Moritz Knorr<\/p>\n\n\n\n<p><span style=\"text-decoration: underline;\">Mittwoch, 29. April 2026<\/span><\/p>\n\n\n\n<p><strong><em>Al-Nassr &#8211; Al-Ahli (20.00 Uhr)<\/em><\/strong><br><img loading=\"lazy\" decoding=\"async\" width=\"10\" height=\"21\" class=\"wp-image-3656\" style=\"width: 10px;\" src=\"http:\/\/kommentatorenblog.de\/wp-content\/uploads\/2020\/09\/shure-55sh-ii-e1601485394796.jpg\" alt=\"\" srcset=\"https:\/\/kommentatorenblog.de\/wp-content\/uploads\/2020\/09\/shure-55sh-ii-e1601485394796.jpg 415w, https:\/\/kommentatorenblog.de\/wp-content\/uploads\/2020\/09\/shure-55sh-ii-e1601485394796-142x300.jpg 142w\" sizes=\"auto, (max-width: 10px) 100vw, 10px\" \/> J\u00f6rg Steiger<\/p>\n\n\n\n<hr class=\"wp-block-separator has-alpha-channel-opacity\"\/>\n\n\n\n<p><strong>Saarlandpokal (GER), Halbfinale (saar-fv.tv)<\/strong><\/p>\n\n\n\n<p><span style=\"text-decoration: underline;\">Mittwoch, 29. April 2026, ab 18.45 Uhr<\/span><\/p>\n\n\n\n<p><strong><em>FSV J\u00e4gersburg &#8211; 1. FC Saarbr\u00fccken (19.00 Uhr)<\/em><\/strong><br><img loading=\"lazy\" decoding=\"async\" width=\"10\" height=\"21\" class=\"wp-image-3656\" style=\"width: 10px;\" src=\"http:\/\/kommentatorenblog.de\/wp-content\/uploads\/2020\/09\/shure-55sh-ii-e1601485394796.jpg\" alt=\"\" srcset=\"https:\/\/kommentatorenblog.de\/wp-content\/uploads\/2020\/09\/shure-55sh-ii-e1601485394796.jpg 415w, https:\/\/kommentatorenblog.de\/wp-content\/uploads\/2020\/09\/shure-55sh-ii-e1601485394796-142x300.jpg 142w\" sizes=\"auto, (max-width: 10px) 100vw, 10px\" \/> Maximilian Meyer-Hohnsbein<\/p>\n\n\n\n<hr class=\"wp-block-separator has-alpha-channel-opacity\"\/>\n\n\n\n<p><strong>Landespokal W\u00fcrttemberg (GER), Halbfinale (W\u00fcrttembergischer Fu\u00dfballverband \u00fcber YouTube)<\/strong><\/p>\n\n\n\n<p><span style=\"text-decoration: underline;\">Mittwoch, 29. April 2026<\/span><\/p>\n\n\n\n<p><strong><em>FC Holzhausen &#8211; Stuttgarter Kickers (17.30 Uhr)<\/em><\/strong><br><img loading=\"lazy\" decoding=\"async\" width=\"10\" height=\"21\" class=\"wp-image-3656\" style=\"width: 10px;\" src=\"http:\/\/kommentatorenblog.de\/wp-content\/uploads\/2020\/09\/shure-55sh-ii-e1601485394796.jpg\" alt=\"\" srcset=\"https:\/\/kommentatorenblog.de\/wp-content\/uploads\/2020\/09\/shure-55sh-ii-e1601485394796.jpg 415w, https:\/\/kommentatorenblog.de\/wp-content\/uploads\/2020\/09\/shure-55sh-ii-e1601485394796-142x300.jpg 142w\" sizes=\"auto, (max-width: 10px) 100vw, 10px\" \/> tba<\/p>\n\n\n\n<hr class=\"wp-block-separator has-alpha-channel-opacity\"\/>\n\n\n\n<p><strong>Regionalliga Nordost (GER), 32. Spieltag (<mark style=\"background-color:rgba(0, 0, 0, 0)\" class=\"has-inline-color has-vivid-red-color\">OST<\/mark>SPORT.<mark style=\"background-color:rgba(0, 0, 0, 0)\" class=\"has-inline-color has-vivid-red-color\">TV<\/mark> \u00fcber MZ)<\/strong><\/p>\n\n\n\n<p><span style=\"text-decoration: underline;\">Mittwoch, 29. April 2026, ab 18.45 Uhr<\/span><\/p>\n\n\n\n<p><strong><em>SV Babelsberg 03 &#8211; Hallescher FC (19.00 Uhr)<\/em><\/strong><br><img loading=\"lazy\" decoding=\"async\" width=\"10\" height=\"21\" class=\"wp-image-3656\" style=\"width: 10px;\" src=\"http:\/\/kommentatorenblog.de\/wp-content\/uploads\/2020\/09\/shure-55sh-ii-e1601485394796.jpg\" alt=\"\" srcset=\"https:\/\/kommentatorenblog.de\/wp-content\/uploads\/2020\/09\/shure-55sh-ii-e1601485394796.jpg 415w, https:\/\/kommentatorenblog.de\/wp-content\/uploads\/2020\/09\/shure-55sh-ii-e1601485394796-142x300.jpg 142w\" sizes=\"auto, (max-width: 10px) 100vw, 10px\" \/> tba<\/p>\n\n\n\n<hr class=\"wp-block-separator has-alpha-channel-opacity\"\/>\n\n\n\n<p><strong>Regionalliga West (GER), Nachholspiele (<mark style=\"background-color:rgba(0, 0, 0, 0)\" class=\"has-inline-color has-pale-cyan-blue-color\">LEAGUES<\/mark>)<\/strong><\/p>\n\n\n\n<p><strong>20. Spieltag<\/strong><\/p>\n\n\n\n<p><span style=\"text-decoration: underline;\">Dienstag, 28. April 2026<\/span><\/p>\n\n\n\n<p><strong><em>Bonner SC &#8211; SC Rot-Wei\u00df Oberhausen (19.00 Uhr)<\/em><\/strong><br><img loading=\"lazy\" decoding=\"async\" width=\"10\" height=\"21\" class=\"wp-image-3656\" style=\"width: 10px;\" src=\"http:\/\/kommentatorenblog.de\/wp-content\/uploads\/2020\/09\/shure-55sh-ii-e1601485394796.jpg\" alt=\"\" srcset=\"https:\/\/kommentatorenblog.de\/wp-content\/uploads\/2020\/09\/shure-55sh-ii-e1601485394796.jpg 415w, https:\/\/kommentatorenblog.de\/wp-content\/uploads\/2020\/09\/shure-55sh-ii-e1601485394796-142x300.jpg 142w\" sizes=\"auto, (max-width: 10px) 100vw, 10px\" \/> tba<\/p>\n\n\n\n<p><span style=\"text-decoration: underline;\">Mittwoch, 29. April 2026<\/span><\/p>\n\n\n\n<p><strong>22. Spieltag<\/strong><\/p>\n\n\n\n<p><strong><em>SC Wiedenbr\u00fcck &#8211; Sportfreunde Siegen (19.00 Uhr)<\/em><\/strong><br><img loading=\"lazy\" decoding=\"async\" width=\"10\" height=\"21\" class=\"wp-image-3656\" style=\"width: 10px;\" src=\"http:\/\/kommentatorenblog.de\/wp-content\/uploads\/2020\/09\/shure-55sh-ii-e1601485394796.jpg\" alt=\"\" srcset=\"https:\/\/kommentatorenblog.de\/wp-content\/uploads\/2020\/09\/shure-55sh-ii-e1601485394796.jpg 415w, https:\/\/kommentatorenblog.de\/wp-content\/uploads\/2020\/09\/shure-55sh-ii-e1601485394796-142x300.jpg 142w\" sizes=\"auto, (max-width: 10px) 100vw, 10px\" \/> tba<\/p>\n\n\n\n<p><strong>26. Spieltag<\/strong><\/p>\n\n\n\n<p><strong><em>VfL Sportfreunde Lotte &#8211; 1. FC Bocholt (19.30 Uhr)<\/em><\/strong><br><img loading=\"lazy\" decoding=\"async\" width=\"10\" height=\"21\" class=\"wp-image-3656\" style=\"width: 10px;\" src=\"http:\/\/kommentatorenblog.de\/wp-content\/uploads\/2020\/09\/shure-55sh-ii-e1601485394796.jpg\" alt=\"\" srcset=\"https:\/\/kommentatorenblog.de\/wp-content\/uploads\/2020\/09\/shure-55sh-ii-e1601485394796.jpg 415w, https:\/\/kommentatorenblog.de\/wp-content\/uploads\/2020\/09\/shure-55sh-ii-e1601485394796-142x300.jpg 142w\" sizes=\"auto, (max-width: 10px) 100vw, 10px\" \/> tba<\/p>\n\n\n\n<hr class=\"wp-block-separator has-alpha-channel-opacity\"\/>\n\n\n\n<p><strong>Die Analyse<\/strong><\/p>\n\n\n\n<p>Die Bayern haben ihr Hinspiel erneut ausw\u00e4rts und m\u00fcssen, wie schon einmal in der Ligaphase, in Paris antreten. Damals wie nun ist Prime dabei, in fast identischer Besetzung wie im November, einzig Christoph Kramer ist statt Matthias Sammer im Einsatz. Cayana Adjei-Freeman wird in unserer Quelle wie auch zuletzt in den Sendungen nun mit ihrem vollst\u00e4ndigen Nachnamen genannt, was wir gerne ber\u00fccksichtigen.<\/p>\n\n\n\n<p>Am Mittwoch ist ein Dreierteam, bestehend aus Freddy Harder, Nils Petersen und Lukas Sch\u00f6nm\u00fcller, f\u00fcr DAZN in Madrid vor Ort. Eigentlich war Harder nur als Field-Reporter vorgesehen und Daniel Herzog sollte zus\u00e4tzlich als Moderator dabei sein, nun hat man das Team doch nochmal verkleinert, was allerdings nichts an der Tatsache \u00e4ndert, dass auch dieses wichtige Spiel komplett aus dem Stadion \u00fcbertragen wird.<\/p>\n\n\n\n<p>Nachdem sie die Freiburger bereits ins Halbfinale kommentiert hatten, folgen Marco Hagemann und Felix Kroos ihnen am Donnerstag auch nach Braga. Wolff Fuss hatte den deutschen Teams rein nach Ergebnissen zuletzt eher kein Gl\u00fcck gebracht, somit vielleicht eine in dieser Hinsicht nachvollziehbare Entscheidung \ud83d\ude09 Auch Laura Papendick und Lothar Matth\u00e4us sind nat\u00fcrlich wieder in Braga mit dabei, au\u00dferdem Jana Wosnitza und Jessica Matyschok, die die Stimmen zum Spiel einfangen werden. Im RTL-Studio sind au\u00dfer Anna Kraft, Max Kruse und Julius Fellermann wenig \u00fcberraschend Corni K\u00fcpper und Robby Hunke (f\u00fcr das Freiburg-Spiel), Christian Stra\u00dfburger, Michael Born und Oliver Seidler im Einsatz, daneben noch die RTL-Eigengew\u00e4chse Rene Langhoff und Peter Reichert, auch Christina Rann bekommt abermals einen Einsatz in der Konferenz &#8211; bei DAZN war das schon l\u00e4nger nicht mehr der Fall.<\/p>\n\n\n\n<p>Ansonsten stehen ein Nachholspiel der Frauen-Bundesliga, bei dem die Bayern angesichts des am Wochenende bevorstehenden Champions-League-R\u00fcckspiels gegen Barcelona h\u00f6chstwahrscheinlich nicht mit voller Kapelle an den Start gehen werden, einige Kontinentalcup-Partien und auch noch ein paar Duelle in Landespokalen bevor. Das erste Halbfinale des W\u00fcrttemberger Landespokals zwischen Backnang und Gro\u00dfaspach ist mir am Dienstag vor zwei Wochen (14. April) durchgerutscht, es wurde von Daniel Haug kommentiert. DFB.TV k\u00f6nnte m\u00f6glicherweise bald den Zugang zu solchen Spielen \u00fcbersichtlicher machen &#8211; nachteilhaft nur: es wird ein Abonnement verlangt werden, auch der Saarl\u00e4ndische Fu\u00dfballverband verlangt einen Preis f\u00fcr die Partie des FCS gegen J\u00e4gersburg. Frei verf\u00fcgbar wird am Dienstag hingegen auch das Halbfinalspiel zwischen dem Greifswalder FC und dem FC Hansa Rostock im Landespokal Mecklenburg-Vorpommern sein, \u00fcbertragen wird es allerdings ausschlie\u00dflich auf dem YouTube-Kanal des GFC.<\/p>\n\n\n\n<p>Eine sch\u00f6ne Fu\u00dfball-Woche und bis demn\u00e4chst!<\/p>\n","protected":false},"excerpt":{"rendered":"<p>N&#8217;Abend allerseits, zum 01. Juni 2026 wird aus Sky Deutschland und RTL Deutschland ein Unternehmen. Geht der bisherigen Ank\u00fcndigungen, werden ab dann, also quasi mit dem Start der kommenden Fu\u00dfball-Saison, nicht mehr sowohl RTL+ als auch Sky als Abonnement f\u00fcr deren Sport\u00fcbertragungen n\u00f6tig sein. Vorher wird es wohl aber eher noch keine gr\u00f6\u00dferen Ver\u00e4nderungen geben. [&hellip;]<\/p>\n","protected":false},"author":17,"featured_media":0,"comment_status":"open","ping_status":"open","sticky":false,"template":"","format":"standard","meta":{"footnotes":""},"categories":[425],"tags":[],"class_list":["post-26059","post","type-post","status-publish","format-standard","hentry","category-champions-league-und-co"],"_links":{"self":[{"href":"https:\/\/kommentatorenblog.de\/index.php?rest_route=\/wp\/v2\/posts\/26059","targetHints":{"allow":["GET"]}}],"collection":[{"href":"https:\/\/kommentatorenblog.de\/index.php?rest_route=\/wp\/v2\/posts"}],"about":[{"href":"https:\/\/kommentatorenblog.de\/index.php?rest_route=\/wp\/v2\/types\/post"}],"author":[{"embeddable":true,"href":"https:\/\/kommentatorenblog.de\/index.php?rest_route=\/wp\/v2\/users\/17"}],"replies":[{"embeddable":true,"href":"https:\/\/kommentatorenblog.de\/index.php?rest_route=%2Fwp%2Fv2%2Fcomments&post=26059"}],"version-history":[{"count":12,"href":"https:\/\/kommentatorenblog.de\/index.php?rest_route=\/wp\/v2\/posts\/26059\/revisions"}],"predecessor-version":[{"id":26085,"href":"https:\/\/kommentatorenblog.de\/index.php?rest_route=\/wp\/v2\/posts\/26059\/revisions\/26085"}],"wp:attachment":[{"href":"https:\/\/kommentatorenblog.de\/index.php?rest_route=%2Fwp%2Fv2%2Fmedia&parent=26059"}],"wp:term":[{"taxonomy":"category","embeddable":true,"href":"https:\/\/kommentatorenblog.de\/index.php?rest_route=%2Fwp%2Fv2%2Fcategories&post=26059"},{"taxonomy":"post_tag","embeddable":true,"href":"https:\/\/kommentatorenblog.de\/index.php?rest_route=%2Fwp%2Fv2%2Ftags&post=26059"}],"curies":[{"name":"wp","href":"https:\/\/api.w.org\/{rel}","templated":true}]}}