{"id":26161,"date":"2026-04-30T22:59:17","date_gmt":"2026-04-30T21:59:17","guid":{"rendered":"https:\/\/kommentatorenblog.de\/?p=26161"},"modified":"2026-05-03T13:12:37","modified_gmt":"2026-05-03T12:12:37","slug":"hoerfunk-17-debuets-und-comebacks","status":"publish","type":"post","link":"https:\/\/kommentatorenblog.de\/?p=26161","title":{"rendered":"H\u00f6rfunk #17 &#8211; Deb\u00fcts und Comebacks"},"content":{"rendered":"\n<p>N&#8217;Abend allerseits,<\/p>\n\n\n\n<p>nur noch drei Bundesliga-Spieltage stehen in dieser Saison noch aus. Da in den ersten drei Ligen am Tag der Arbeit nicht gespielt wird, rollt der Ball an diesem Wochenende nur am Samstag und Sonntag &#8211; bei den Frauen allerdings auch am Freitag.<\/p>\n\n\n\n<hr class=\"wp-block-separator has-alpha-channel-opacity\"\/>\n\n\n\n<p><strong>Die Ansetzungen im ARD H\u00f6rfunk vom 01. bis 04. Mai 2026<\/strong><\/p>\n\n\n\n<p>(<img loading=\"lazy\" decoding=\"async\" width=\"16\" height=\"16\" class=\"wp-image-23920\" style=\"width: 16px;\" src=\"http:\/\/kommentatorenblog.de\/wp-content\/uploads\/2026\/01\/icons8-90-16.png\" alt=\"\"> = Vollreportage, <img loading=\"lazy\" decoding=\"async\" width=\"16\" height=\"16\" class=\"wp-image-23919\" style=\"width: 16px;\" src=\"http:\/\/kommentatorenblog.de\/wp-content\/uploads\/2026\/01\/icons8-telefon-30.png\" alt=\"\"> = Konferenz, <img loading=\"lazy\" decoding=\"async\" width=\"16\" height=\"16\" class=\"wp-image-23922\" style=\"width: 16px;\" src=\"http:\/\/kommentatorenblog.de\/wp-content\/uploads\/2026\/01\/icons8-radio-50.png\" alt=\"\"> = UKW-Einblendungen, <img loading=\"lazy\" decoding=\"async\" width=\"15\" height=\"15\" class=\"wp-image-23925\" style=\"width: 15px;\" src=\"http:\/\/kommentatorenblog.de\/wp-content\/uploads\/2026\/01\/icons8-twitch-50.png\" alt=\"\"> = Twitch, <img loading=\"lazy\" decoding=\"async\" width=\"15\" height=\"15\" class=\"wp-image-23970\" style=\"width: 15px;\" src=\"http:\/\/kommentatorenblog.de\/wp-content\/uploads\/2026\/01\/icons8-mikrofon-25.png\" alt=\"\"> = Interviews)<\/p>\n\n\n\n<hr class=\"wp-block-separator has-alpha-channel-opacity\"\/>\n\n\n\n<p><strong>Bundesliga, 32. Spieltag<\/strong><\/p>\n\n\n\n<p><span style=\"text-decoration: underline;\">Samstag, 02. Mai 2026<\/span><\/p>\n\n\n\n<p><strong><em>Eintracht Frankfurt &#8211; Hamburger SV (15.30 Uhr)<\/em><\/strong><br><img loading=\"lazy\" decoding=\"async\" width=\"16\" height=\"16\" class=\"wp-image-23920\" style=\"width: 16px;\" src=\"http:\/\/kommentatorenblog.de\/wp-content\/uploads\/2026\/01\/icons8-90-16.png\" alt=\"\"> Robin Niehaus<br><img loading=\"lazy\" decoding=\"async\" width=\"16\" height=\"16\" class=\"wp-image-23919\" style=\"width: 16px;\" src=\"http:\/\/kommentatorenblog.de\/wp-content\/uploads\/2026\/01\/icons8-telefon-30.png\" alt=\"\"> Tim Brockmeier<br><img loading=\"lazy\" decoding=\"async\" width=\"16\" height=\"16\" class=\"wp-image-23922\" style=\"width: 16px;\" src=\"http:\/\/kommentatorenblog.de\/wp-content\/uploads\/2026\/01\/icons8-radio-50.png\" alt=\"\"> Dirk Schmitt \/ Mats Nickelsen (NDR 2\/NDR 1 Niedersachsen, off-tube) \/ Lars Pegelow (NDR 90,3, off-tube)<br><img loading=\"lazy\" decoding=\"async\" width=\"15\" height=\"15\" class=\"wp-image-23925\" style=\"width: 15px;\" src=\"http:\/\/kommentatorenblog.de\/wp-content\/uploads\/2026\/01\/icons8-twitch-50.png\" alt=\"\"> Lukas Stauss<br><img loading=\"lazy\" decoding=\"async\" width=\"15\" height=\"15\" class=\"wp-image-23970\" style=\"width: 15px;\" src=\"http:\/\/kommentatorenblog.de\/wp-content\/uploads\/2026\/01\/icons8-mikrofon-25.png\" alt=\"\"> Nico Herold<\/p>\n\n\n\n<p><strong><em>TSG 1899 Hoffenheim &#8211; VfB Stuttgart (15.30 Uhr)<\/em><\/strong><br><img loading=\"lazy\" decoding=\"async\" width=\"16\" height=\"16\" class=\"wp-image-23920\" style=\"width: 16px;\" src=\"http:\/\/kommentatorenblog.de\/wp-content\/uploads\/2026\/01\/icons8-90-16.png\" alt=\"\"> Philipp Sohmer<br><img loading=\"lazy\" decoding=\"async\" width=\"16\" height=\"16\" class=\"wp-image-23919\" style=\"width: 16px;\" src=\"http:\/\/kommentatorenblog.de\/wp-content\/uploads\/2026\/01\/icons8-telefon-30.png\" alt=\"\"> Jens J\u00f6rg Rieck<br><img loading=\"lazy\" decoding=\"async\" width=\"16\" height=\"16\" class=\"wp-image-23922\" style=\"width: 16px;\" src=\"http:\/\/kommentatorenblog.de\/wp-content\/uploads\/2026\/01\/icons8-radio-50.png\" alt=\"\"> Florian Winkler<br><img loading=\"lazy\" decoding=\"async\" width=\"15\" height=\"15\" class=\"wp-image-23970\" style=\"width: 15px;\" src=\"http:\/\/kommentatorenblog.de\/wp-content\/uploads\/2026\/01\/icons8-mikrofon-25.png\" alt=\"\"> Jens Ottmann (TSG) \/ Michael Bollenbacher (VFB)<\/p>\n\n\n\n<p><strong><em>FC Bayern M\u00fcnchen &#8211; 1. FC Heidenheim (15.30 Uhr)<\/em><\/strong><br><img loading=\"lazy\" decoding=\"async\" width=\"16\" height=\"16\" class=\"wp-image-23920\" style=\"width: 16px;\" src=\"http:\/\/kommentatorenblog.de\/wp-content\/uploads\/2026\/01\/icons8-90-16.png\" alt=\"\"> Daniel Gahn<br><img loading=\"lazy\" decoding=\"async\" width=\"16\" height=\"16\" class=\"wp-image-23919\" style=\"width: 16px;\" src=\"http:\/\/kommentatorenblog.de\/wp-content\/uploads\/2026\/01\/icons8-telefon-30.png\" alt=\"\"> Taufig Khalil \/ Edgar Endres<br><img loading=\"lazy\" decoding=\"async\" width=\"16\" height=\"16\" class=\"wp-image-23922\" style=\"width: 16px;\" src=\"http:\/\/kommentatorenblog.de\/wp-content\/uploads\/2026\/01\/icons8-radio-50.png\" alt=\"\"> Patricia Gabor \/ Edgar Endres (Bayern 1)<br><img loading=\"lazy\" decoding=\"async\" width=\"15\" height=\"15\" class=\"wp-image-23970\" style=\"width: 15px;\" src=\"http:\/\/kommentatorenblog.de\/wp-content\/uploads\/2026\/01\/icons8-mikrofon-25.png\" alt=\"\"> Christoph Nahr<\/p>\n\n\n\n<p><strong><em>1. FC Union Berlin &#8211; 1. FC K\u00f6ln (15.30 Uhr)<\/em><\/strong><br><img loading=\"lazy\" decoding=\"async\" width=\"16\" height=\"16\" class=\"wp-image-23920\" style=\"width: 16px;\" src=\"http:\/\/kommentatorenblog.de\/wp-content\/uploads\/2026\/01\/icons8-90-16.png\" alt=\"\"> Philipp H\u00f6ppner<br><img loading=\"lazy\" decoding=\"async\" width=\"16\" height=\"16\" class=\"wp-image-23919\" style=\"width: 16px;\" src=\"http:\/\/kommentatorenblog.de\/wp-content\/uploads\/2026\/01\/icons8-telefon-30.png\" alt=\"\"> Tabea Kunze<br><img loading=\"lazy\" decoding=\"async\" width=\"16\" height=\"16\" class=\"wp-image-23922\" style=\"width: 16px;\" src=\"http:\/\/kommentatorenblog.de\/wp-content\/uploads\/2026\/01\/icons8-radio-50.png\" alt=\"\"> Lars Becker \/ Armin Lehmann (WDR 2, off-tube)<br><img loading=\"lazy\" decoding=\"async\" width=\"15\" height=\"15\" class=\"wp-image-23970\" style=\"width: 15px;\" src=\"http:\/\/kommentatorenblog.de\/wp-content\/uploads\/2026\/01\/icons8-mikrofon-25.png\" alt=\"\"> Dennis Wiese<\/p>\n\n\n\n<p><strong><em>SV Werder Bremen &#8211; FC Augsburg (15.30 Uhr)<\/em><\/strong><br><img loading=\"lazy\" decoding=\"async\" width=\"16\" height=\"16\" class=\"wp-image-23920\" style=\"width: 16px;\" src=\"http:\/\/kommentatorenblog.de\/wp-content\/uploads\/2026\/01\/icons8-90-16.png\" alt=\"\"> Axel Pusitzky<br><img loading=\"lazy\" decoding=\"async\" width=\"16\" height=\"16\" class=\"wp-image-23919\" style=\"width: 16px;\" src=\"http:\/\/kommentatorenblog.de\/wp-content\/uploads\/2026\/01\/icons8-telefon-30.png\" alt=\"\"> Felix Gerhardt<br><img loading=\"lazy\" decoding=\"async\" width=\"16\" height=\"16\" class=\"wp-image-23922\" style=\"width: 16px;\" src=\"http:\/\/kommentatorenblog.de\/wp-content\/uploads\/2026\/01\/icons8-radio-50.png\" alt=\"\"> Olaf Rathje \/ Heiko Neugebauer (Bremen Eins) \/ Ina Kast (NDR 2) \/ Martin Raspe (Bayern 1, off-tube)<br><img loading=\"lazy\" decoding=\"async\" width=\"15\" height=\"15\" class=\"wp-image-23970\" style=\"width: 15px;\" src=\"http:\/\/kommentatorenblog.de\/wp-content\/uploads\/2026\/01\/icons8-mikrofon-25.png\" alt=\"\"> Yannick Lowin<\/p>\n\n\n\n<p><strong><em>Bayer 04 Leverkusen &#8211; RasenBallsport Leipzig (18.30 Uhr)<\/em><\/strong><br><img loading=\"lazy\" decoding=\"async\" width=\"16\" height=\"16\" class=\"wp-image-23920\" style=\"width: 16px;\" src=\"http:\/\/kommentatorenblog.de\/wp-content\/uploads\/2026\/01\/icons8-90-16.png\" alt=\"\"> Jan Wochner<br><img loading=\"lazy\" decoding=\"async\" width=\"16\" height=\"16\" class=\"wp-image-23922\" style=\"width: 16px;\" src=\"http:\/\/kommentatorenblog.de\/wp-content\/uploads\/2026\/01\/icons8-radio-50.png\" alt=\"\"> Christian Schulze<br><img loading=\"lazy\" decoding=\"async\" width=\"15\" height=\"15\" class=\"wp-image-23970\" style=\"width: 15px;\" src=\"http:\/\/kommentatorenblog.de\/wp-content\/uploads\/2026\/01\/icons8-mikrofon-25.png\" alt=\"\"> Torge Hidding<\/p>\n\n\n\n<p><span style=\"text-decoration: underline;\">Sonntag, 03. Mai 2026<\/span><\/p>\n\n\n\n<p><strong><em>FC St. Pauli &#8211; 1. FSV Mainz 05 (15.30 Uhr)<\/em><\/strong><br><img loading=\"lazy\" decoding=\"async\" width=\"16\" height=\"16\" class=\"wp-image-23920\" style=\"width: 16px;\" src=\"http:\/\/kommentatorenblog.de\/wp-content\/uploads\/2026\/01\/icons8-90-16.png\" alt=\"\"> Patric Seibel<br><img loading=\"lazy\" decoding=\"async\" width=\"16\" height=\"16\" class=\"wp-image-23922\" style=\"width: 16px;\" src=\"http:\/\/kommentatorenblog.de\/wp-content\/uploads\/2026\/01\/icons8-radio-50.png\" alt=\"\"> Moritz Cassalette \/ J\u00f6rg Naroska (NDR 90,3)<br><img loading=\"lazy\" decoding=\"async\" width=\"15\" height=\"15\" class=\"wp-image-23970\" style=\"width: 15px;\" src=\"http:\/\/kommentatorenblog.de\/wp-content\/uploads\/2026\/01\/icons8-mikrofon-25.png\" alt=\"\"> Ole Zeisler<\/p>\n\n\n\n<p><strong><em>Borussia M\u00f6nchengladbach &#8211; Borussia Dortmund (17.30 Uhr)<\/em><\/strong><br><img loading=\"lazy\" decoding=\"async\" width=\"16\" height=\"16\" class=\"wp-image-23920\" style=\"width: 16px;\" src=\"http:\/\/kommentatorenblog.de\/wp-content\/uploads\/2026\/01\/icons8-90-16.png\" alt=\"\"> Burkhard Hupe<br><img loading=\"lazy\" decoding=\"async\" width=\"16\" height=\"16\" class=\"wp-image-23922\" style=\"width: 16px;\" src=\"http:\/\/kommentatorenblog.de\/wp-content\/uploads\/2026\/01\/icons8-radio-50.png\" alt=\"\"> Marc Eschweiler<br><img loading=\"lazy\" decoding=\"async\" width=\"15\" height=\"15\" class=\"wp-image-23970\" style=\"width: 15px;\" src=\"http:\/\/kommentatorenblog.de\/wp-content\/uploads\/2026\/01\/icons8-mikrofon-25.png\" alt=\"\"> Ulli Sch\u00e4fer<\/p>\n\n\n\n<p><strong><em>SC Freiburg &#8211; VfL Wolfsburg (19.30 Uhr)<\/em><\/strong><br><img loading=\"lazy\" decoding=\"async\" width=\"16\" height=\"16\" class=\"wp-image-23920\" style=\"width: 16px;\" src=\"http:\/\/kommentatorenblog.de\/wp-content\/uploads\/2026\/01\/icons8-90-16.png\" alt=\"\"> Ann-Kathrin Rose<br><img loading=\"lazy\" decoding=\"async\" width=\"16\" height=\"16\" class=\"wp-image-23922\" style=\"width: 16px;\" src=\"http:\/\/kommentatorenblog.de\/wp-content\/uploads\/2026\/01\/icons8-radio-50.png\" alt=\"\"> Detlev Lindner<br><img loading=\"lazy\" decoding=\"async\" width=\"15\" height=\"15\" class=\"wp-image-23970\" style=\"width: 15px;\" src=\"http:\/\/kommentatorenblog.de\/wp-content\/uploads\/2026\/01\/icons8-mikrofon-25.png\" alt=\"\"> Anna Kl\u00e4r<\/p>\n\n\n\n<hr class=\"wp-block-separator has-alpha-channel-opacity\"\/>\n\n\n\n<p><strong>2. Bundesliga, 32. Spieltag<\/strong><\/p>\n\n\n\n<p><span style=\"text-decoration: underline;\">Samstag, 02. Mai 2026<\/span><\/p>\n\n\n\n<p><strong><em>DSC Arminia Bielefeld &#8211; VfL Bochum (13.00 Uhr)<\/em><\/strong><br><img loading=\"lazy\" decoding=\"async\" width=\"16\" height=\"16\" class=\"wp-image-23920\" style=\"width: 16px;\" src=\"http:\/\/kommentatorenblog.de\/wp-content\/uploads\/2026\/01\/icons8-90-16.png\" alt=\"\"> Stefan H\u00e4nsel<br><img loading=\"lazy\" decoding=\"async\" width=\"16\" height=\"16\" class=\"wp-image-23922\" style=\"width: 16px;\" src=\"http:\/\/kommentatorenblog.de\/wp-content\/uploads\/2026\/01\/icons8-radio-50.png\" alt=\"\"> Sara Schwedmann<br><img loading=\"lazy\" decoding=\"async\" width=\"15\" height=\"15\" class=\"wp-image-23970\" style=\"width: 15px;\" src=\"http:\/\/kommentatorenblog.de\/wp-content\/uploads\/2026\/01\/icons8-mikrofon-25.png\" alt=\"\"> Mareike Zeck<\/p>\n\n\n\n<p><strong><em>KSV Holstein Kiel &#8211; Eintracht Braunschweig (13.00 Uhr)<\/em><\/strong><br><img loading=\"lazy\" decoding=\"async\" width=\"16\" height=\"16\" class=\"wp-image-23920\" style=\"width: 16px;\" src=\"http:\/\/kommentatorenblog.de\/wp-content\/uploads\/2026\/01\/icons8-90-16.png\" alt=\"\"> Stefan Grothoff<br><img loading=\"lazy\" decoding=\"async\" width=\"16\" height=\"16\" class=\"wp-image-23922\" style=\"width: 16px;\" src=\"http:\/\/kommentatorenblog.de\/wp-content\/uploads\/2026\/01\/icons8-radio-50.png\" alt=\"\"> Michael Augustin \/ Marc Kramh\u00f6ft (NDR 1 Welle Nord)<br><img loading=\"lazy\" decoding=\"async\" width=\"15\" height=\"15\" class=\"wp-image-23970\" style=\"width: 15px;\" src=\"http:\/\/kommentatorenblog.de\/wp-content\/uploads\/2026\/01\/icons8-mikrofon-25.png\" alt=\"\"> Boris Poscharsky<\/p>\n\n\n\n<p><strong><em>SG Dynamo Dresden &#8211; 1. FC Kaiserslautern (13.00 Uhr)<\/em><\/strong><br><img loading=\"lazy\" decoding=\"async\" width=\"16\" height=\"16\" class=\"wp-image-23920\" style=\"width: 16px;\" src=\"http:\/\/kommentatorenblog.de\/wp-content\/uploads\/2026\/01\/icons8-90-16.png\" alt=\"\"> Patrick Fritzsche<br><img loading=\"lazy\" decoding=\"async\" width=\"16\" height=\"16\" class=\"wp-image-23922\" style=\"width: 16px;\" src=\"http:\/\/kommentatorenblog.de\/wp-content\/uploads\/2026\/01\/icons8-radio-50.png\" alt=\"\"> Thomas Kunze (off-tube)<br><img loading=\"lazy\" decoding=\"async\" width=\"15\" height=\"15\" class=\"wp-image-23970\" style=\"width: 15px;\" src=\"http:\/\/kommentatorenblog.de\/wp-content\/uploads\/2026\/01\/icons8-mikrofon-25.png\" alt=\"\"> Uwe Karte<\/p>\n\n\n\n<p><strong><em>FC Schalke 04 &#8211; Fortuna D\u00fcsseldorf (20.30 Uhr)<\/em><\/strong><br><img loading=\"lazy\" decoding=\"async\" width=\"16\" height=\"16\" class=\"wp-image-23920\" style=\"width: 16px;\" src=\"http:\/\/kommentatorenblog.de\/wp-content\/uploads\/2026\/01\/icons8-90-16.png\" alt=\"\"> Luise Kropff<br><img loading=\"lazy\" decoding=\"async\" width=\"16\" height=\"16\" class=\"wp-image-23922\" style=\"width: 16px;\" src=\"http:\/\/kommentatorenblog.de\/wp-content\/uploads\/2026\/01\/icons8-radio-50.png\" alt=\"\"> Tim Wichmann<br><img loading=\"lazy\" decoding=\"async\" width=\"15\" height=\"15\" class=\"wp-image-23970\" style=\"width: 15px;\" src=\"http:\/\/kommentatorenblog.de\/wp-content\/uploads\/2026\/01\/icons8-mikrofon-25.png\" alt=\"\"> Uwe Dietz<\/p>\n\n\n\n<p><span style=\"text-decoration: underline;\">Sonntag, 03. Mai 2026<\/span><\/p>\n\n\n\n<p><strong><em>SV 07 Elversberg &#8211; SC Paderborn 07 (13.30 Uhr)<\/em><\/strong><br><img loading=\"lazy\" decoding=\"async\" width=\"16\" height=\"16\" class=\"wp-image-23920\" style=\"width: 16px;\" src=\"http:\/\/kommentatorenblog.de\/wp-content\/uploads\/2026\/01\/icons8-90-16.png\" alt=\"\"> Till Schacht<br><img loading=\"lazy\" decoding=\"async\" width=\"16\" height=\"16\" class=\"wp-image-23922\" style=\"width: 16px;\" src=\"http:\/\/kommentatorenblog.de\/wp-content\/uploads\/2026\/01\/icons8-radio-50.png\" alt=\"\"> Thomas Wollscheid<br><img loading=\"lazy\" decoding=\"async\" width=\"15\" height=\"15\" class=\"wp-image-23970\" style=\"width: 15px;\" src=\"http:\/\/kommentatorenblog.de\/wp-content\/uploads\/2026\/01\/icons8-mikrofon-25.png\" alt=\"\"> Matthias Kollmann<\/p>\n\n\n\n<p><strong><em>1. FC Magdeburg &#8211; Hertha BSC (13.30 Uhr)<\/em><\/strong><br><img loading=\"lazy\" decoding=\"async\" width=\"16\" height=\"16\" class=\"wp-image-23920\" style=\"width: 16px;\" src=\"http:\/\/kommentatorenblog.de\/wp-content\/uploads\/2026\/01\/icons8-90-16.png\" alt=\"\"> Jan-Malte Wagener<br><img loading=\"lazy\" decoding=\"async\" width=\"16\" height=\"16\" class=\"wp-image-23922\" style=\"width: 16px;\" src=\"http:\/\/kommentatorenblog.de\/wp-content\/uploads\/2026\/01\/icons8-radio-50.png\" alt=\"\"> tba (off-tube)<br><img loading=\"lazy\" decoding=\"async\" width=\"15\" height=\"15\" class=\"wp-image-23970\" style=\"width: 15px;\" src=\"http:\/\/kommentatorenblog.de\/wp-content\/uploads\/2026\/01\/icons8-mikrofon-25.png\" alt=\"\"> Sabrina Bramowski<\/p>\n\n\n\n<p><strong><em>Hannover 96 &#8211; SC Preu\u00dfen M\u00fcnster (13.30 Uhr)<\/em><\/strong><br><img loading=\"lazy\" decoding=\"async\" width=\"16\" height=\"16\" class=\"wp-image-23920\" style=\"width: 16px;\" src=\"http:\/\/kommentatorenblog.de\/wp-content\/uploads\/2026\/01\/icons8-90-16.png\" alt=\"\"> Stefan Grothoff<br><img loading=\"lazy\" decoding=\"async\" width=\"16\" height=\"16\" class=\"wp-image-23922\" style=\"width: 16px;\" src=\"http:\/\/kommentatorenblog.de\/wp-content\/uploads\/2026\/01\/icons8-radio-50.png\" alt=\"\"> Kristoffer Klein<br><img loading=\"lazy\" decoding=\"async\" width=\"15\" height=\"15\" class=\"wp-image-23970\" style=\"width: 15px;\" src=\"http:\/\/kommentatorenblog.de\/wp-content\/uploads\/2026\/01\/icons8-mikrofon-25.png\" alt=\"\"> Tom Gerntke<\/p>\n\n\n\n<p><strong><em>Karlsruher SC &#8211; SV Darmstadt 98 (13.30 Uhr)<\/em><\/strong><br><img loading=\"lazy\" decoding=\"async\" width=\"16\" height=\"16\" class=\"wp-image-23920\" style=\"width: 16px;\" src=\"http:\/\/kommentatorenblog.de\/wp-content\/uploads\/2026\/01\/icons8-90-16.png\" alt=\"\"> Florian Winkler (off-tube)<br><img loading=\"lazy\" decoding=\"async\" width=\"16\" height=\"16\" class=\"wp-image-23922\" style=\"width: 16px;\" src=\"http:\/\/kommentatorenblog.de\/wp-content\/uploads\/2026\/01\/icons8-radio-50.png\" alt=\"\"> Stefan Kersthold<br><img loading=\"lazy\" decoding=\"async\" width=\"15\" height=\"15\" class=\"wp-image-23970\" style=\"width: 15px;\" src=\"http:\/\/kommentatorenblog.de\/wp-content\/uploads\/2026\/01\/icons8-mikrofon-25.png\" alt=\"\"> Daniel G\u00fcnther<\/p>\n\n\n\n<p><strong><em>SpVgg Greuther F\u00fcrth &#8211; 1. FC N\u00fcrnberg (13.30 Uhr)<\/em><\/strong><br><img loading=\"lazy\" decoding=\"async\" width=\"16\" height=\"16\" class=\"wp-image-23920\" style=\"width: 16px;\" src=\"http:\/\/kommentatorenblog.de\/wp-content\/uploads\/2026\/01\/icons8-90-16.png\" alt=\"\">\/<img loading=\"lazy\" decoding=\"async\" width=\"15\" height=\"15\" class=\"wp-image-23970\" style=\"width: 15px;\" src=\"http:\/\/kommentatorenblog.de\/wp-content\/uploads\/2026\/01\/icons8-mikrofon-25.png\" alt=\"\"> Christian Klug<br><img loading=\"lazy\" decoding=\"async\" width=\"16\" height=\"16\" class=\"wp-image-23922\" style=\"width: 16px;\" src=\"http:\/\/kommentatorenblog.de\/wp-content\/uploads\/2026\/01\/icons8-radio-50.png\" alt=\"\"> Oliver Tubenauer<\/p>\n\n\n\n<hr class=\"wp-block-separator has-alpha-channel-opacity\"\/>\n\n\n\n<p><strong>3. Liga, 36. Spieltag<\/strong><\/p>\n\n\n\n<p><span style=\"text-decoration: underline;\">Samstag, 02. Mai 2026<\/span><\/p>\n\n\n\n<p><strong><em>1. FC Saarbr\u00fccken &#8211; SV Waldhof Mannheim (14.00 Uhr)<\/em><\/strong><br><img loading=\"lazy\" decoding=\"async\" width=\"16\" height=\"16\" class=\"wp-image-23920\" style=\"width: 16px;\" src=\"http:\/\/kommentatorenblog.de\/wp-content\/uploads\/2026\/01\/icons8-90-16.png\" alt=\"\">\/<img loading=\"lazy\" decoding=\"async\" width=\"16\" height=\"16\" class=\"wp-image-23922\" style=\"width: 16px;\" src=\"http:\/\/kommentatorenblog.de\/wp-content\/uploads\/2026\/01\/icons8-radio-50.png\" alt=\"\"> Till Schacht (SR)<\/p>\n\n\n\n<p><strong><em>Alemannia Aachen &#8211; FC Hansa Rostock (14.00 Uhr)<\/em><\/strong><br><img loading=\"lazy\" decoding=\"async\" width=\"16\" height=\"16\" class=\"wp-image-23920\" style=\"width: 16px;\" src=\"http:\/\/kommentatorenblog.de\/wp-content\/uploads\/2026\/01\/icons8-90-16.png\" alt=\"\"> Nathalie Abraham &amp; Robert Witt (NDR MV)<br><img loading=\"lazy\" decoding=\"async\" width=\"16\" height=\"16\" class=\"wp-image-23922\" style=\"width: 16px;\" src=\"http:\/\/kommentatorenblog.de\/wp-content\/uploads\/2026\/01\/icons8-radio-50.png\" alt=\"\"> Jan Didjurgeit (NDR 1 Radio MV\/MDR aktuell)<\/p>\n\n\n\n<p><strong><em>1. FC Schweinfurt 05 &#8211; TSV 1860 M\u00fcnchen (14.00 Uhr)<\/em><\/strong><br><img loading=\"lazy\" decoding=\"async\" width=\"16\" height=\"16\" class=\"wp-image-23922\" style=\"width: 16px;\" src=\"http:\/\/kommentatorenblog.de\/wp-content\/uploads\/2026\/01\/icons8-radio-50.png\" alt=\"\"> Oliver Tubenauer (Bayern 1)<\/p>\n\n\n\n<p><span style=\"text-decoration: underline;\">Sonntag, 03. Mai 2026<\/span><\/p>\n\n\n\n<p><strong><em>MSV Duisburg &#8211; FC Energie Cottbus (13.30 Uhr)<\/em><\/strong><br><img loading=\"lazy\" decoding=\"async\" width=\"16\" height=\"16\" class=\"wp-image-23922\" style=\"width: 16px;\" src=\"http:\/\/kommentatorenblog.de\/wp-content\/uploads\/2026\/01\/icons8-radio-50.png\" alt=\"\"> tba (WDR 2\/rbb24 Inforadio)<\/p>\n\n\n\n<p><strong><em>FC Ingolstadt 04 &#8211; FC Erzgebirge Aue (19.30 Uhr)<\/em><\/strong><br><img loading=\"lazy\" decoding=\"async\" width=\"16\" height=\"16\" class=\"wp-image-23920\" style=\"width: 16px;\" src=\"http:\/\/kommentatorenblog.de\/wp-content\/uploads\/2026\/01\/icons8-90-16.png\" alt=\"\">\/<img loading=\"lazy\" decoding=\"async\" width=\"16\" height=\"16\" class=\"wp-image-23922\" style=\"width: 16px;\" src=\"http:\/\/kommentatorenblog.de\/wp-content\/uploads\/2026\/01\/icons8-radio-50.png\" alt=\"\"> Eric Bader (MDR Sachsen)<br><img loading=\"lazy\" decoding=\"async\" width=\"16\" height=\"16\" class=\"wp-image-23922\" style=\"width: 16px;\" src=\"http:\/\/kommentatorenblog.de\/wp-content\/uploads\/2026\/01\/icons8-radio-50.png\" alt=\"\"> tba (MDR aktuell)<\/p>\n\n\n\n<hr class=\"wp-block-separator has-alpha-channel-opacity\"\/>\n\n\n\n<p><strong>UEFA Women&#8217;s Champions League, Halbfinale, R\u00fcckspiel<\/strong><\/p>\n\n\n\n<p><span style=\"text-decoration: underline;\">Sonntag, 03. Mai 2026<\/span><\/p>\n\n\n\n<p><strong><em>FC Barcelona &#8211; FC Bayern M\u00fcnchen (16.30 Uhr)<\/em><\/strong><br><img loading=\"lazy\" decoding=\"async\" width=\"16\" height=\"16\" class=\"wp-image-23920\" style=\"width: 16px;\" src=\"http:\/\/kommentatorenblog.de\/wp-content\/uploads\/2026\/01\/icons8-90-16.png\" alt=\"\"> Taufig Khalil &amp; Daniel Gahn<br><img loading=\"lazy\" decoding=\"async\" width=\"16\" height=\"16\" class=\"wp-image-23922\" style=\"width: 16px;\" src=\"http:\/\/kommentatorenblog.de\/wp-content\/uploads\/2026\/01\/icons8-radio-50.png\" alt=\"\"> tba (Bayern 1\/BR24)<\/p>\n\n\n\n<hr class=\"wp-block-separator has-alpha-channel-opacity\"\/>\n\n\n\n<p><strong>Frauen-Bundesliga, 24. Spieltag<\/strong><\/p>\n\n\n\n<p><span style=\"text-decoration: underline;\">Freitag, 01. Mai 2026<\/span><\/p>\n\n\n\n<p><strong><em>Hamburger SV &#8211; 1. FC Union Berlin (15.00 Uhr)<\/em><\/strong><br><img loading=\"lazy\" decoding=\"async\" width=\"16\" height=\"16\" class=\"wp-image-23920\" style=\"width: 16px;\" src=\"http:\/\/kommentatorenblog.de\/wp-content\/uploads\/2026\/01\/icons8-90-16.png\" alt=\"\"> Jan M\u00f6ller (NDR 90,3)<br><img loading=\"lazy\" decoding=\"async\" width=\"16\" height=\"16\" class=\"wp-image-23922\" style=\"width: 16px;\" src=\"http:\/\/kommentatorenblog.de\/wp-content\/uploads\/2026\/01\/icons8-radio-50.png\" alt=\"\"> Janine Legrand (NDR 90,3\/rbb24 Inforadio)<\/p>\n\n\n\n<p><span style=\"text-decoration: underline;\">Sonntag, 03. Mai 2026<\/span><\/p>\n\n\n\n<p><strong><em>FC Carl Zeiss Jena &#8211; SC Freiburg (16.00 Uhr)<\/em><\/strong><br><img loading=\"lazy\" decoding=\"async\" width=\"16\" height=\"16\" class=\"wp-image-23922\" style=\"width: 16px;\" src=\"http:\/\/kommentatorenblog.de\/wp-content\/uploads\/2026\/01\/icons8-radio-50.png\" alt=\"\"> tba (MDR aktuell)<\/p>\n\n\n\n<hr class=\"wp-block-separator has-alpha-channel-opacity\"\/>\n\n\n\n<p><strong>Regionalliga Nord, 32. Spieltag<\/strong><\/p>\n\n\n\n<p><span style=\"text-decoration: underline;\">Samstag, 02. Mai 2026<\/span><\/p>\n\n\n\n<p><strong><em>SV Meppen &#8211; Bremer SV (14.00 Uhr)<\/em><\/strong><br><img loading=\"lazy\" decoding=\"async\" width=\"16\" height=\"16\" class=\"wp-image-23922\" style=\"width: 16px;\" src=\"http:\/\/kommentatorenblog.de\/wp-content\/uploads\/2026\/01\/icons8-radio-50.png\" alt=\"\"> Burkhard Tillner (NDR 1 Niedersachsen)<\/p>\n\n\n\n<hr class=\"wp-block-separator has-alpha-channel-opacity\"\/>\n\n\n\n<pre class=\"wp-block-preformatted has-cyan-bluish-gray-background-color has-background\" style=\"font-size:16px\">*alle TV-Ansetzungen des 32. Spieltags findet ihr <a href=\"https:\/\/kommentatorenblog.de\/?p=26088\" data-type=\"link\" data-id=\"https:\/\/kommentatorenblog.de\/?p=26088\">hier<\/a>. <\/pre>\n\n\n\n<p>Moderation Sportschau Live (Netcast): Julia Kleine (Sa), Lisa Tellers (So)<br>Moderation Sportschau Live (Twitch) (Sa): Malte V\u00f6lz, Gast: Pascal &#8222;Qualle&#8220; Martin<br>Moderation WDR 2 (Sa): Sven Pistor<br>Moderation Bayern 1 (Sa): Philipp Eger, Halbzeit-Gast (zugeschaltet): Alexis Menuge<br>Moderation NDR 2 (Sa): Moritz Cassalette (Sa), Martin Roschitz (So)<br>Moderation SWR1 (Sa): Detlev Lindner<br>Moderation hr1 (Sa): Mathies Hohm<br>Moderation hrINFO\/SWR aktuell (Sa): Philipp Hofmeister<br>Moderation Bremen Eins (Sa): Ariane Wirth<br>Moderation radioeins (Sa): Andreas Ulrich &amp; Kerstin Hermes<br>Moderation rbb24 Inforadio (Sa): Thomas Kroh &amp; Guido Ringel<br>Moderation MDR Sachsen (Sa): Alexander Schubert<br>Moderation MDR aktuell (Sa): Susann B\u00f6ttcher<br>Moderation SR 3: Anne Hilt (Sa), tba (So)<\/p>\n\n\n\n<hr class=\"wp-block-separator has-alpha-channel-opacity\"\/>\n\n\n\n<p><strong>Die Analyse<\/strong><\/p>\n\n\n\n<p>Am Samstag warten mehrere \u00dcberraschungen auf uns. Zun\u00e4chst bekommt Robin Niehaus, der bislang ausschlie\u00dflich von den beiden Halbfinalspielen der Eintracht-Frauen im UEFA Women&#8217;s Europa Cup als Livereporter zum Einsatz kam, beim Spiel der Herrenmannschaft der Eintracht gegen den HSV erstmals einen Einsatz in der Bundesliga in der Vollreportage. In der Konferenz meldet sich beim selben Spiel Tim Brockmeier, in den linearen Radiowellen v\u00f6llig \u00fcberraschend Dirk Schmitt, der in dieser Saison trotz seiner langj\u00e4hrigen T\u00e4tigkeit f\u00fcr den HR noch keinen einzigen Einsatz als Livereporter hatte. Da er 1964 geboren ist, ist er f\u00fcr den Ruhestand eher noch zu jung, scheint zuletzt aber gr\u00f6\u00dftenteils hinter die Kulissen gewechselt zu sein. Mit seinem Kollegen Phil Hofmeister startete er zuletzt einen Podcast, in dem es allerdings nicht um Fu\u00dfball geht.<\/p>\n\n\n\n<p>Auch in Hoffenheim gibt es eine gro\u00dfe \u00dcberraschung: in der Vollreportage wird Philipp Sohmer das Baden-W\u00fcrttemberg-Duell der TSG um den Champions-League-Platz mit dem VfB Stuttgart begleiten. Seit Ende 2024 war er nicht mehr als Audioreporter eingesetzt worden, kurz darauf wurde er zum Nachfolger von Gerd Gottlob bei Pokal- und L\u00e4nderspielen im Ersten bef\u00f6rdert, allerdings bekam er daraufhin dennoch nicht mehr Eins\u00e4tze in der Sportschau am Wochenende. Allerdings ist es auch bekannt, dass er auch als Investigativ-Reporter t\u00e4tig ist und nach wie vor als der FIFA-Experte der ARD gilt, auch f\u00fcr die anstehende WM hat er wieder eine Doku produziert. Grunds\u00e4tzlich w\u00fcrde ich es begr\u00fc\u00dfen, wenn man ihn, gerade vor dem Hintergrund seiner Bef\u00f6rderung, die auch DFB-L\u00e4nderspiele und demn\u00e4chst auch das Pokalfinale umfasst, auch im Ligaalltag wieder h\u00e4ufiger als Kommentator h\u00f6ren k\u00f6nnte. Christina Graf, die bei der WM auch wieder kommentieren wird, DFB-technisch aber wohl erstmal weiter mit den Frauen Vorlieb nehmen muss, ist sehr h\u00e4ufig in der Sportschau zu h\u00f6ren und erh\u00e4lt dar\u00fcber hinaus auch weiterhin gelegentlich Live-Eins\u00e4tze im H\u00f6rfunk. Jens J\u00f6rg Rieck kommt beim BW-Duell in der Konferenz zum Einsatz, Florian Winkler diesmal nur bei den Einblendungen. Am Sonntag hat dieser allerdings noch die Vollreportage von Karlsruhe &#8211; Darmstadt, jedoch im Studio und nicht im Stadion.<\/p>\n\n\n\n<p>Reporter unterschiedlicher Generationen setzt nicht nur der HR in Frankfurt, sondern auch der SR am Sonntag in Elversberg ein. W\u00e4hrend Thomas Wollscheid, der als 1958 Geborener bereits das gel\u00e4ufige \u00d6RR-Rentenalter \u00fcberschritten hat, im linearen Radio vom Spiel gegen Paderborn berichtet, erh\u00e4lt Nachwuchsreporter Till Schacht in der Vollreportage erstmals einen Einsatz in Liga 2. Drittligaspiele des FCS durfte er bereits h\u00e4ufiger kommentieren.<\/p>\n\n\n\n<p>Stefan Grothoff, der in der Schweiz regelm\u00e4\u00dfig auch mit Bild bei Sky kommentiert, hat zwei Eins\u00e4tze in der 2. Bundesliga, Luise Kropff kommentiert das m\u00f6glicherweise aufstiegsentscheidende Spiel in Gelsenkirchen und Jan-Malte Wagener kommt mal wieder beim FCM zum Einsatz &#8211; deutlich seltener als der in sozialen Medien sehr beliebte Patrick Fritzsche in Dresden, Frank Martin und Jens Lampe stehen in der Regionalredaktion Sachsen-Anhalt vor ihm. Beim Frankenderby &#8211; hoffentlich nicht dem letzten f\u00fcr l\u00e4ngere Zeit &#8211; gibt es wieder einen Doppelkommentar, diesmal von Christian Klug und Daniel Gahn. <em>Edit<\/em>: Klug kommentiert doch alleine, Gahn unterst\u00fctzt Taufig Khalil bei Barcelona &#8211; Bayern in der UWCL. Leider wird es am Sonntag trotz 5 Parallelspielen erneut nur eine Schalt-Konferenz zwischen den Vollreportagen geben. F\u00fcr eine &#8222;richtige&#8220; werden wir uns wohl noch bis zum letzten Spieltag gedulden m\u00fcssen.<\/p>\n","protected":false},"excerpt":{"rendered":"<p>N&#8217;Abend allerseits, nur noch drei Bundesliga-Spieltage stehen in dieser Saison noch aus. Da in den ersten drei Ligen am Tag der Arbeit nicht gespielt wird, rollt der Ball an diesem Wochenende nur am Samstag und Sonntag &#8211; bei den Frauen allerdings auch am Freitag. Die Ansetzungen im ARD H\u00f6rfunk vom 01. bis 04. Mai 2026 [&hellip;]<\/p>\n","protected":false},"author":17,"featured_media":0,"comment_status":"open","ping_status":"open","sticky":false,"template":"","format":"standard","meta":{"footnotes":""},"categories":[424,1356],"tags":[],"class_list":["post-26161","post","type-post","status-publish","format-standard","hentry","category-bundesliga-und-co","category-hoerfunk"],"_links":{"self":[{"href":"https:\/\/kommentatorenblog.de\/index.php?rest_route=\/wp\/v2\/posts\/26161","targetHints":{"allow":["GET"]}}],"collection":[{"href":"https:\/\/kommentatorenblog.de\/index.php?rest_route=\/wp\/v2\/posts"}],"about":[{"href":"https:\/\/kommentatorenblog.de\/index.php?rest_route=\/wp\/v2\/types\/post"}],"author":[{"embeddable":true,"href":"https:\/\/kommentatorenblog.de\/index.php?rest_route=\/wp\/v2\/users\/17"}],"replies":[{"embeddable":true,"href":"https:\/\/kommentatorenblog.de\/index.php?rest_route=%2Fwp%2Fv2%2Fcomments&post=26161"}],"version-history":[{"count":20,"href":"https:\/\/kommentatorenblog.de\/index.php?rest_route=\/wp\/v2\/posts\/26161\/revisions"}],"predecessor-version":[{"id":26260,"href":"https:\/\/kommentatorenblog.de\/index.php?rest_route=\/wp\/v2\/posts\/26161\/revisions\/26260"}],"wp:attachment":[{"href":"https:\/\/kommentatorenblog.de\/index.php?rest_route=%2Fwp%2Fv2%2Fmedia&parent=26161"}],"wp:term":[{"taxonomy":"category","embeddable":true,"href":"https:\/\/kommentatorenblog.de\/index.php?rest_route=%2Fwp%2Fv2%2Fcategories&post=26161"},{"taxonomy":"post_tag","embeddable":true,"href":"https:\/\/kommentatorenblog.de\/index.php?rest_route=%2Fwp%2Fv2%2Ftags&post=26161"}],"curies":[{"name":"wp","href":"https:\/\/api.w.org\/{rel}","templated":true}]}}