{"id":27932,"date":"2026-07-21T07:01:49","date_gmt":"2026-07-21T05:01:49","guid":{"rendered":"https:\/\/kommentatorenblog.de\/?p=27932"},"modified":"2026-08-14T16:15:27","modified_gmt":"2026-08-14T14:15:27","slug":"1609-die-finals-2026","status":"publish","type":"post","link":"https:\/\/kommentatorenblog.de\/?p=27932","title":{"rendered":"1609 &#8211; Die Finals 2026"},"content":{"rendered":"\n<p class=\"wp-block-paragraph\">N&#8217;Abend allerseits,<\/p>\n\n\n\n<figure class=\"wp-block-table is-style-stripes\" style=\"font-size:12px\"><table><thead><tr><th class=\"has-text-align-left\" data-align=\"left\">Sportart<\/th><th class=\"has-text-align-left\" data-align=\"left\"><mark style=\"background-color:rgba(0, 0, 0, 0)\" class=\"has-inline-color has-vivid-cyan-blue-color\">ARD<\/mark><\/th><th class=\"has-text-align-left\" data-align=\"left\"><mark style=\"background-color:rgba(0, 0, 0, 0)\" class=\"has-inline-color has-luminous-vivid-orange-color\">ZDF<\/mark><\/th><\/tr><\/thead><tbody><tr><td class=\"has-text-align-left\" data-align=\"left\">Hauptmoderation<\/td><td class=\"has-text-align-left\" data-align=\"left\">Stephanie M\u00fcller-Spirra<\/td><td class=\"has-text-align-left\" data-align=\"left\">Lena Kesting<\/td><\/tr><tr><td class=\"has-text-align-left\" data-align=\"left\">Er\u00f6ffnungsfeier<\/td><td class=\"has-text-align-left\" data-align=\"left\">Jan Neumann<\/td><td class=\"has-text-align-left\" data-align=\"left\">&#8211;<\/td><\/tr><tr><td class=\"has-text-align-left\" data-align=\"left\">Basketball 3&#215;3<\/td><td class=\"has-text-align-left\" data-align=\"left\">Lukas Sch\u00f6nm\u00fcller<br><em>Experte<\/em>: Leon Fertig<\/td><td class=\"has-text-align-left\" data-align=\"left\">Benni Zander<br><em>Interviews<\/em>: Meili Scheidemann<\/td><\/tr><tr><td class=\"has-text-align-left\" data-align=\"left\">Beachvolleyball<\/td><td class=\"has-text-align-left\" data-align=\"left\">Benedikt Brinsa<br><em>Expertin<\/em>: Laura Ludwig<\/td><td class=\"has-text-align-left\" data-align=\"left\">Hermann Valkyser<br><em>Experte:<\/em> Jonas Reckermann<\/td><\/tr><tr><td class=\"has-text-align-left\" data-align=\"left\">BMX Flatland<\/td><td class=\"has-text-align-left\" data-align=\"left\">Jan Wiecken<br><em>Experte<\/em>: Malte Orth<\/td><td class=\"has-text-align-left\" data-align=\"left\">Andreas K\u00fcrten<br><em>Experte<\/em>: Alex Reinke<br><em>Interviews<\/em>: Meili Scheidemann<\/td><\/tr><tr><td class=\"has-text-align-left\" data-align=\"left\">Bogenschie\u00dfen<\/td><td class=\"has-text-align-left\" data-align=\"left\">Sabrina Bramowski<br><em>Experten<\/em>: Jonathan Vetter, Jennifer Weitsch<br><em>Interviews<\/em>: Ben Wozny<\/td><td class=\"has-text-align-left\" data-align=\"left\">Florian Obst<br><em>Experten<\/em>: Christian Walter, Felix Wiese<br><em>Interviews<\/em>: Eike Papsdorf<\/td><\/tr><tr><td class=\"has-text-align-left\" data-align=\"left\">Breaking<\/td><td class=\"has-text-align-left\" data-align=\"left\">Laura Trust<br><em>Experte:<\/em> Christian Olah<br><em>Interviews<\/em>: Ben Wozny<\/td><td class=\"has-text-align-left\" data-align=\"left\">Petra Bindl<br><em>Experte:<\/em> Chau-lin<br><em>Interviews<\/em>: Meili Scheidemann<\/td><\/tr><tr><td class=\"has-text-align-left\" data-align=\"left\">Coastal Rowing<\/td><td class=\"has-text-align-left\" data-align=\"left\">Jonas Sch\u00fctzeberg<br><em>Interviews<\/em>: Sebastian Rieth<\/td><td class=\"has-text-align-left\" data-align=\"left\">Andreas K\u00fcrten<\/td><\/tr><tr><td class=\"has-text-align-left\" data-align=\"left\">Flag Football<\/td><td class=\"has-text-align-left\" data-align=\"left\">Hendrik L\u00fcckhoff<br><em>Interviews<\/em>: Ben Wozny<\/td><td class=\"has-text-align-left\" data-align=\"left\">Meili Scheidemann<br><em>Experte<\/em>: Sebastian Sudholt<\/td><\/tr><tr><td class=\"has-text-align-left\" data-align=\"left\">Gewichtheben<\/td><td class=\"has-text-align-left\" data-align=\"left\">Marc Huster<\/td><td class=\"has-text-align-left\" data-align=\"left\">Frank Gollenbeck<br><em>Experte<\/em>: Karl Rimb\u00f6ck<\/td><\/tr><tr><td class=\"has-text-align-left\" data-align=\"left\">Judo<\/td><td class=\"has-text-align-left\" data-align=\"left\">Annett B\u00f6hm<br><em>Expertin<\/em>: Vivian Kostrzewa<\/td><td class=\"has-text-align-left\" data-align=\"left\">Cedric Pick<br><em>Interviews<\/em>: Michael Kreutz<\/td><\/tr><tr><td class=\"has-text-align-left\" data-align=\"left\">Ju-Jutsu<\/td><td class=\"has-text-align-left\" data-align=\"left\">Annett B\u00f6hm<br><em>Experte<\/em>: Patrick Wendt<br><em>Interviews<\/em>: Sina Wende<\/td><td class=\"has-text-align-left\" data-align=\"left\">Cedric Pick<br><em>Experte<\/em>: Tom Ismer<\/td><\/tr><tr><td class=\"has-text-align-left\" data-align=\"left\">Kanu<\/td><td class=\"has-text-align-left\" data-align=\"left\">J\u00f6rg Klawitter<br><em>Experten<\/em>: David Bauschke, Jacob Schopf<br><em>Interviews:<\/em> Juliane M\u00f6cklinghoff<\/td><td class=\"has-text-align-left\" data-align=\"left\">Heiko Klasen<br><em>Experte:<\/em> Ronald Rauhe<br><em>Moderation:<\/em> Amelie Stiefvatter<\/td><\/tr><tr><td class=\"has-text-align-left\" data-align=\"left\">Kanu-Polo<\/td><td class=\"has-text-align-left\" data-align=\"left\">Jonas Sch\u00fctzeberg<br><em>Experte<\/em>: Holger Diedrich<\/td><td class=\"has-text-align-left\" data-align=\"left\">&#8211;<\/td><\/tr><tr><td class=\"has-text-align-left\" data-align=\"left\">Karate<\/td><td class=\"has-text-align-left\" data-align=\"left\">Annett B\u00f6hm<br><em>Expertin<\/em>: Johanna Kneer<\/td><td class=\"has-text-align-left\" data-align=\"left\">Stefan Fuckert<br><em>Interviews<\/em>: Michael Kreutz<\/td><\/tr><tr><td class=\"has-text-align-left\" data-align=\"left\">Leichtathletik<\/td><td class=\"has-text-align-left\" data-align=\"left\">Ralf Scholt, Tim Tonder<br><em>Moderation:<\/em> Claus Lufen<\/td><td class=\"has-text-align-left\" data-align=\"left\">Alexandra Dersch, Marc Windgassen,<br>Fabian Meseberg<br><em>Expertin<\/em>: Lisa Mayer<br><em>Moderation:<\/em> Maral Bazargani<\/td><\/tr><tr><td class=\"has-text-align-left\" data-align=\"left\">Rapid Surfen<\/td><td class=\"has-text-align-left\" data-align=\"left\">Jan Wiecken<br><em>Experten<\/em>: <s>Nadine Ziesing<\/s> Jeroen Kuijer, Lenny Weinhold<br><em>Interviews<\/em>: Sina Braun<\/td><td class=\"has-text-align-left\" data-align=\"left\">Florian Eib<br><em>Experte<\/em>: Jeroen Kuijer<\/td><\/tr><tr><td class=\"has-text-align-left\" data-align=\"left\">Rudern<\/td><td class=\"has-text-align-left\" data-align=\"left\">J\u00f6rg Klawitter, Jonas Sch\u00fctzeberg<br><em>Interviews:<\/em> Juliane M\u00f6cklinghoff<\/td><td class=\"has-text-align-left\" data-align=\"left\">Arne Simann<br><em>Moderation<\/em>: Amelie Stiefvatter<\/td><\/tr><tr><td class=\"has-text-align-left\" data-align=\"left\">7er-Rugby<\/td><td class=\"has-text-align-left\" data-align=\"left\">Jan Neumann<br><em>Experte<\/em>: Simon Jung<\/td><td class=\"has-text-align-left\" data-align=\"left\">Sebastian Ungermanns<br><em>Experte<\/em>: Carlos Soteras Merz<br><em>Interviews<\/em>: Eike Papsdorf<\/td><\/tr><tr><td class=\"has-text-align-left\" data-align=\"left\">Schwimmen<\/td><td class=\"has-text-align-left\" data-align=\"left\">Tom Bartels<br><em>Expertin<\/em>: Dorothea Brandt<br><em>Interviews:<\/em> Christina Graf<\/td><td class=\"has-text-align-left\" data-align=\"left\">Volker Grube<br><em>Interviews<\/em>: Katharina Dexheimer<\/td><\/tr><tr><td class=\"has-text-align-left\" data-align=\"left\">Segeln<\/td><td class=\"has-text-align-left\" data-align=\"left\">Peter Carstens<br><em>Experte<\/em>: Andreas Weber<\/td><td class=\"has-text-align-left\" data-align=\"left\">Constantin Eckner<br><em>Moderation<\/em>: Florian Zschiedrich<\/td><\/tr><tr><td class=\"has-text-align-left\" data-align=\"left\">Speedklettern<\/td><td class=\"has-text-align-left\" data-align=\"left\">Tobias Barnerssoi<\/td><td class=\"has-text-align-left\" data-align=\"left\">Julius Hilfenhaus<\/td><\/tr><tr><td class=\"has-text-align-left\" data-align=\"left\">Triathlon<\/td><td class=\"has-text-align-left\" data-align=\"left\">Dirk Froberg<br><em>Experte<\/em>: Uwe de Mas<br><em>Interviews:<\/em> Sebastian Rieth<\/td><td class=\"has-text-align-left\" data-align=\"left\">Martin Schneider<br><em>Expertin<\/em>: Anne Haug<br><em>Moderation:<\/em> Florian Zschiedrich<\/td><\/tr><tr><td class=\"has-text-align-left\" data-align=\"left\">Turnen<\/td><td class=\"has-text-align-left\" data-align=\"left\">Philipp Sohmer<br><em>Expertin:<\/em> Elisabeth Seitz<br><em>Interviews:<\/em> Anna Kl\u00e4r<\/td><td class=\"has-text-align-left\" data-align=\"left\">Alexander Ruda<br><em>Experte:<\/em> Ronny Ziesmer<br><em>Interviews<\/em>: Felicitas H\u00f6lscher<\/td><\/tr><tr><td class=\"has-text-align-left\" data-align=\"left\">Trampolin<\/td><td class=\"has-text-align-left\" data-align=\"left\">Philipp Sohmer<br><em>Experte<\/em>: Philip M\u00f6ller<\/td><td class=\"has-text-align-left\" data-align=\"left\">&#8211;<\/td><\/tr><tr><td class=\"has-text-align-left\" data-align=\"left\">Rhythmische<br>Sportgymnastik<\/td><td class=\"has-text-align-left\" data-align=\"left\">Regina Saur<br><em>Expertin<\/em>: Magdalena Brzeska<br><em>Interviews<\/em>: Anna Kl\u00e4r<\/td><td class=\"has-text-align-left\" data-align=\"left\">Sylvia Warnke<br><em>Expertin<\/em>: Daria Bergmann<\/td><\/tr><tr><td class=\"has-text-align-left\" data-align=\"left\">Windsurfen<\/td><td class=\"has-text-align-left\" data-align=\"left\">Peter Carstens<br><em>Experte<\/em>: Andreas Weber<br><em>Interviews<\/em>: Sebastian Rieth<\/td><td class=\"has-text-align-left\" data-align=\"left\">Constantin Eckner<br><em>Moderation<\/em>: Florian Zschiedrich<\/td><\/tr><\/tbody><\/table><figcaption class=\"wp-element-caption\"><em>Kein Anspruch auf Vollst\u00e4ndigkeit &#8211; \u00c4nderungen m\u00f6glich<\/em><\/figcaption><\/figure>\n\n\n\n<p class=\"has-black-color has-vivid-cyan-blue-background-color has-text-color has-background has-link-color wp-elements-1 wp-block-paragraph\"><em><strong>Sportschau<\/strong><br><\/em><strong>weitere Interviews:<\/strong> <s>Janna Schierenbeck<\/s> Sina Braun, Sina Wende, Ben Wozny, Luisa Bolghiran (Social Media) &amp; Florian Neuhauss (sportschau.de)<br><strong>Audio-Kommentar:<\/strong> Jens J\u00f6rg Rieck, Irina Gnep (Leichtathletik), Lars Becker (Schwimmen), Mareike Zeck (Turnen)<\/p>\n\n\n\n<p class=\"wp-block-paragraph\">Die Finals &#8211; eine wichtige und erfolgreiche Sportveranstaltung f\u00fcr viele Sportarten. Vier Tage, drei\u00dfig Stunden TV-\u00dcbertragung, dazu bis zu sieben parallelen Livestreams von 25 Sportarten in Hannover, inklusive der Leichtathletik in Wattenscheid. F\u00fcr ARD und ZDF bedeutet das ein Gro\u00dfaufgebot an Personal. Die Presenter-Position \u00fcbernehmen erneut M\u00fcller-Spirra und Kesting im Wechsel. Daneben gibt es aber einige neue Stimmen, insbesondere im Zweiten: Cedric Pick feiert seine Premiere im ZDF, Stefan Fuckert hatte bereits 2021 ein Olympia-Gastspiel im Kampfsport, vermutlich geht es hier auch um die Nachfolge von Alexander von der Groeben. Mit Scheidemann (Flag Football), Eckner (Segeln\/Windsurfen), Eib (Rapid Surfen) und Obst (Bogenschie\u00dfen) hat man zudem weitere Sportarten neu besetzt. Arne Simann \u00fcbernimmt nach seinem ZDF-Deb\u00fct beim Coastal Rowing vor einem Jahr diesmal Rudern und \u00fcbergibt ersteres an Andreas K\u00fcrten. In der ARD gibt es nur eine \u00fcberraschende \u00c4nderung: Hendrik L\u00fcckhoff \u00fcbernimmt f\u00fcr Matthew Genest-Sch\u00f6n (aktuell Teil der Tour-de-France-Redaktion der ARD) beim Flag Football, ansonsten war das Personal so zu erwarten, auch die R\u00fcckkehr von Neumann (NDR) zum Rugby. Christina Graf wird in Vorbereitung auf die Schwimm-EM erstmals bei den Finals Interviews beim Schwimmen f\u00fchren, ehe sie dann in Paris als Moderatorin fungieren wird. Im Vergleich zum Vorjahr werden die deutschen Meisterschaften in Beachvolleyball, BMX, Gewichtheben, Judo, Ju-Jutsu, Karate, Surfen, Segeln und Schwimmen als Teil des zentralen Finalturniers ausgetragen, daf\u00fcr wurden diesmal die Meisterschaften in Badminton, Faustball, Fechten und Lacrosse separat ausgespielt, die im vergangenen Jahr noch dabei waren. Ebenfalls zur\u00fcck ist Kanu-Polo, das jedoch offiziell nur zu den Demonstrationssportarten z\u00e4hlt, ebenso wie Stand-up-Paddling und Teqball, die nicht \u00fcbertragen werden.<\/p>\n\n\n\n<p class=\"wp-block-paragraph\">Die Er\u00f6ffnungsfeier findet bereits am Mittwoch ab 16 Uhr statt und kann im ARD-Livestream verfolgt werden, kommentieren wird Jan Neumann. Anschlie\u00dfend \u00fcbertr\u00e4gt das ZDF am Donnerstag und Samstag im linearen TV, w\u00e4hrend die ARD Freitag und Sonntag \u00fcbernimmt. Das Streaming-Angebot wird wie \u00fcblich an den jeweiligen Tagen von der jeweils anderen Sendeanstalt \u00fcbernommen. Bei der ARD wird sich die Tour de France im linearen Programm einige Male dazwischenquetschen, w\u00e4hrend das ZDF am Wochenende auch noch den SailGP in Portsmouth im Stream anbietet, kommentiert von <s>Nils Kaben<\/s> Felix van den H\u00f6vel.<\/p>\n\n\n\n<p class=\"wp-block-paragraph\">Die Viertelfinals im Beachvolleyball am Donnerstag und Freitag \u00fcbertr\u00e4gt der DVV selbst auf seinem YouTube-Kanal, kommentieren werden Tim Noack und Clemens Wickler. Auf Sporteurope.TV verf\u00fcgbar sind au\u00dferdem die Halbfinals im Coastal Rowing und die Vork\u00e4mpfe im Trampolin am Donnerstag sowie die Halbfinals im Ju-Jutsu am Freitagmorgen. Die Viertel- und Halbfinals im Flag Football \u00fcbertr\u00e4gt SPONTENT \u00fcber Twitch. (Kommentar: Martin Stuber, Jannik Schiller, Tarig Badawi; Experten: Jan Weinreich, Sebastian Sudholt; Reporterin: Mina Kiltan). Die Streams vom 3&#215;3-Basketball vor den Entscheidungen \u00fcbernimmt der DBB \u00fcber YouTube.<\/p>\n\n\n\n<p class=\"wp-block-paragraph\">Im H\u00f6rfunk werden nicht alle Entscheidungen live \u00fcbertragen, hier wird der Fokus auf Leichtathletik, Schwimmen und Turnen liegen. Hier gibt es gleich zwei \u00dcberraschungen: mit Irina Gnep und Mareike Zeck gibt es zwei neue Radio-Kommentatorinnen. Gnep hatte ihr Leichtathletik-Premiere beim Diamond League Meeting in Monaco und war 2024 TV-Kommentatorin beim Basketball, w\u00e4hrend Zeck bisher noch keinen Kommentatorinnen-Einsatz hatte.<\/p>\n\n\n\n<hr class=\"wp-block-separator has-alpha-channel-opacity\"\/>\n\n\n\n<p class=\"wp-block-paragraph\"><strong>Die Fu\u00dfball-Ansetzungen vom 21. bis 30. Juli 2026<\/strong><\/p>\n\n\n\n<hr class=\"wp-block-separator has-alpha-channel-opacity\"\/>\n\n\n\n<p class=\"wp-block-paragraph\"><strong>Landespokal Bayern (GER), 1. Runde (<mark style=\"background-color:rgba(0, 0, 0, 0);color:#1b145e\" class=\"has-inline-color\">DF1<\/mark>)<\/strong><\/p>\n\n\n\n<p class=\"wp-block-paragraph\"><span style=\"text-decoration: underline;\">Dienstag, 21. Juli 2026, ab 18.15 Uhr<\/span><\/p>\n\n\n\n<p class=\"wp-block-paragraph\"><strong><em>SV Eintracht Berglern &#8211; TSV 1860 M\u00fcnchen (18.30 Uhr)<\/em><\/strong><br><em><strong><img loading=\"lazy\" decoding=\"async\" width=\"415\" height=\"874\" class=\"wp-image-3656\" style=\"width: 10px\" src=\"https:\/\/kommentatorenblog.de\/wp-content\/uploads\/2020\/09\/shure-55sh-ii-e1601485394796.jpg\" alt=\"\" srcset=\"https:\/\/kommentatorenblog.de\/wp-content\/uploads\/2020\/09\/shure-55sh-ii-e1601485394796.jpg 415w, https:\/\/kommentatorenblog.de\/wp-content\/uploads\/2020\/09\/shure-55sh-ii-e1601485394796-142x300.jpg 142w\" sizes=\"auto, (max-width: 415px) 100vw, 415px\" \/><\/strong><\/em> Basti Schwele, Experte: Stefan Reisinger<\/p>\n\n\n\n<hr class=\"wp-block-separator has-alpha-channel-opacity\"\/>\n\n\n\n<p class=\"wp-block-paragraph\"><strong>Regionalliga Bayern (GER), 1. Spieltag (<mark style=\"background-color:rgba(0, 0, 0, 0)\" class=\"has-inline-color has-pale-cyan-blue-color\">BR24Sport<\/mark>)<\/strong><\/p>\n\n\n\n<p class=\"wp-block-paragraph\"><span style=\"text-decoration: underline;\">Donnerstag, 23. Juli 2026<\/span><\/p>\n\n\n\n<p class=\"wp-block-paragraph\"><strong><em>TSV Aubstadt &#8211; 1. FC Schweinfurt 05 (19.00 Uhr)<\/em><\/strong><br><em><strong><img loading=\"lazy\" decoding=\"async\" width=\"415\" height=\"874\" class=\"wp-image-3656\" style=\"width: 10px\" src=\"https:\/\/kommentatorenblog.de\/wp-content\/uploads\/2020\/09\/shure-55sh-ii-e1601485394796.jpg\" alt=\"\" srcset=\"https:\/\/kommentatorenblog.de\/wp-content\/uploads\/2020\/09\/shure-55sh-ii-e1601485394796.jpg 415w, https:\/\/kommentatorenblog.de\/wp-content\/uploads\/2020\/09\/shure-55sh-ii-e1601485394796-142x300.jpg 142w\" sizes=\"auto, (max-width: 415px) 100vw, 415px\" \/><\/strong><\/em> Lukas Sch\u00f6nm\u00fcller<\/p>\n\n\n\n<hr class=\"wp-block-separator has-alpha-channel-opacity\"\/>\n\n\n\n<p class=\"wp-block-paragraph\"><strong>Regionalliga Nordost (GER), 1. Spieltag (<mark style=\"background-color:rgba(0, 0, 0, 0)\" class=\"has-inline-color has-vivid-red-color\">OST<\/mark>SPORT.<mark style=\"background-color:rgba(0, 0, 0, 0)\" class=\"has-inline-color has-vivid-red-color\">TV<\/mark>\/<mark style=\"background-color:rgba(0, 0, 0, 0)\" class=\"has-inline-color has-vivid-cyan-blue-color\">MDR<\/mark>)<\/strong><\/p>\n\n\n\n<p class=\"wp-block-paragraph\"><span style=\"text-decoration: underline;\">Freitag, 24. Juli 2026, ab 18.45 Uhr (<mark style=\"background-color:rgba(0, 0, 0, 0)\" class=\"has-inline-color has-vivid-red-color\">OST<\/mark>SPORT.<mark style=\"background-color:rgba(0, 0, 0, 0)\" class=\"has-inline-color has-vivid-red-color\">TV<\/mark> \u00fcber TA\/OTZ\/TLZ)<\/span><\/p>\n\n\n\n<p class=\"wp-block-paragraph\"><strong><em>FC Rot-Wei\u00df Erfurt &#8211; BFC Dynamo (19.00 Uhr)<\/em><\/strong><br><em><strong><img loading=\"lazy\" decoding=\"async\" width=\"415\" height=\"874\" class=\"wp-image-3656\" style=\"width: 10px\" src=\"https:\/\/kommentatorenblog.de\/wp-content\/uploads\/2020\/09\/shure-55sh-ii-e1601485394796.jpg\" alt=\"\" srcset=\"https:\/\/kommentatorenblog.de\/wp-content\/uploads\/2020\/09\/shure-55sh-ii-e1601485394796.jpg 415w, https:\/\/kommentatorenblog.de\/wp-content\/uploads\/2020\/09\/shure-55sh-ii-e1601485394796-142x300.jpg 142w\" sizes=\"auto, (max-width: 415px) 100vw, 415px\" \/><\/strong><\/em> Christian R\u00fcdiger<br>Moderation: Toni Mielke<\/p>\n\n\n\n<p class=\"wp-block-paragraph\"><span style=\"text-decoration: underline;\">ab 18.45 Uhr (<mark style=\"background-color:rgba(0, 0, 0, 0)\" class=\"has-inline-color has-vivid-red-color\">OST<\/mark>SPORT.<mark style=\"background-color:rgba(0, 0, 0, 0)\" class=\"has-inline-color has-vivid-red-color\">TV<\/mark> \u00fcber LVZ\/SZ sowie MMM*)<\/span><\/p>\n\n\n\n<p class=\"wp-block-paragraph\"><strong><em>FSV 63 Luckenwalde &#8211; 1. FC Lokomotive Leipzig (19.00 Uhr)<\/em><\/strong><br><em><strong><img loading=\"lazy\" decoding=\"async\" width=\"415\" height=\"874\" class=\"wp-image-3656\" style=\"width: 10px\" src=\"https:\/\/kommentatorenblog.de\/wp-content\/uploads\/2020\/09\/shure-55sh-ii-e1601485394796.jpg\" alt=\"\" srcset=\"https:\/\/kommentatorenblog.de\/wp-content\/uploads\/2020\/09\/shure-55sh-ii-e1601485394796.jpg 415w, https:\/\/kommentatorenblog.de\/wp-content\/uploads\/2020\/09\/shure-55sh-ii-e1601485394796-142x300.jpg 142w\" sizes=\"auto, (max-width: 415px) 100vw, 415px\" \/><\/strong><\/em> Heiko Mallwitz<\/p>\n\n\n\n<p class=\"wp-block-paragraph\"><span style=\"text-decoration: underline;\">Samstag, 25. Juli 2026, ab 14.00 Uhr (<mark style=\"background-color:rgba(0, 0, 0, 0)\" class=\"has-inline-color has-vivid-cyan-blue-color\">MDR<\/mark>)<\/span><\/p>\n\n\n\n<p class=\"wp-block-paragraph\"><strong><em>FC Erzgebirge Aue &#8211; VSG Altglienicke (14.30 Uhr)<\/em><\/strong><br><em><strong><img loading=\"lazy\" decoding=\"async\" width=\"415\" height=\"874\" class=\"wp-image-3656\" style=\"width: 10px\" src=\"https:\/\/kommentatorenblog.de\/wp-content\/uploads\/2020\/09\/shure-55sh-ii-e1601485394796.jpg\" alt=\"\" srcset=\"https:\/\/kommentatorenblog.de\/wp-content\/uploads\/2020\/09\/shure-55sh-ii-e1601485394796.jpg 415w, https:\/\/kommentatorenblog.de\/wp-content\/uploads\/2020\/09\/shure-55sh-ii-e1601485394796-142x300.jpg 142w\" sizes=\"auto, (max-width: 415px) 100vw, 415px\" \/><\/strong><\/em> Eik Galley, Experte: Lutz Lindemann<br>Moderation: Ren\u00e9 Kindermann<\/p>\n\n\n\n<p class=\"wp-block-paragraph\"><span style=\"text-decoration: underline;\">Sonntag, 26. Juli 2026, <span style=\"text-decoration: underline;\">ab 13.50 Uhr (<mark style=\"background-color:rgba(0, 0, 0, 0)\" class=\"has-inline-color has-vivid-red-color\">OST<\/mark>SPORT.<mark style=\"background-color:rgba(0, 0, 0, 0)\" class=\"has-inline-color has-vivid-red-color\">TV<\/mark> \u00fcber <\/span>MZ sowie MMM*)<\/span><\/p>\n\n\n\n<p class=\"wp-block-paragraph\"><strong><em>Greifswalder FC &#8211; Hallescher FC (14.00 Uhr)<\/em><\/strong><br><em><strong><img loading=\"lazy\" decoding=\"async\" width=\"415\" height=\"874\" class=\"wp-image-3656\" style=\"width: 10px\" src=\"https:\/\/kommentatorenblog.de\/wp-content\/uploads\/2020\/09\/shure-55sh-ii-e1601485394796.jpg\" alt=\"\" srcset=\"https:\/\/kommentatorenblog.de\/wp-content\/uploads\/2020\/09\/shure-55sh-ii-e1601485394796.jpg 415w, https:\/\/kommentatorenblog.de\/wp-content\/uploads\/2020\/09\/shure-55sh-ii-e1601485394796-142x300.jpg 142w\" sizes=\"auto, (max-width: 415px) 100vw, 415px\" \/><\/strong><\/em> Heiko Mallwitz<br>Moderation: Toni Mielke<\/p>\n\n\n\n<p class=\"wp-block-paragraph\"><span style=\"text-decoration: underline;\">ab 13.50 Uhr (<mark style=\"background-color:rgba(0, 0, 0, 0)\" class=\"has-inline-color has-vivid-red-color\">OST<\/mark>SPORT.<mark style=\"background-color:rgba(0, 0, 0, 0)\" class=\"has-inline-color has-vivid-red-color\">TV<\/mark> \u00fcber Freie Presse\/TA\/OTZ\/TLZ sowie MMM*)<\/span><\/p>\n\n\n\n<p class=\"wp-block-paragraph\"><strong><em>FC Carl Zeiss Jena &#8211; FSV Zwickau (14.00 Uhr)<\/em><\/strong><br><em><strong><img loading=\"lazy\" decoding=\"async\" width=\"415\" height=\"874\" class=\"wp-image-3656\" style=\"width: 10px\" src=\"https:\/\/kommentatorenblog.de\/wp-content\/uploads\/2020\/09\/shure-55sh-ii-e1601485394796.jpg\" alt=\"\" srcset=\"https:\/\/kommentatorenblog.de\/wp-content\/uploads\/2020\/09\/shure-55sh-ii-e1601485394796.jpg 415w, https:\/\/kommentatorenblog.de\/wp-content\/uploads\/2020\/09\/shure-55sh-ii-e1601485394796-142x300.jpg 142w\" sizes=\"auto, (max-width: 415px) 100vw, 415px\" \/><\/strong><\/em> Christian R\u00fcdiger<\/p>\n\n\n\n<hr class=\"wp-block-separator has-alpha-channel-opacity\"\/>\n\n\n\n<p class=\"wp-block-paragraph\"><strong>UEFA Europa League Qualifikation, 2. Runde<\/strong><\/p>\n\n\n\n<p class=\"wp-block-paragraph\"><strong>Hinspiel (SPORT1)<\/strong><\/p>\n\n\n\n<p class=\"wp-block-paragraph\"><span style=\"text-decoration: underline;\">Donnerstag, 23. Juli 2026<\/span><\/p>\n\n\n\n<p class=\"wp-block-paragraph\"><strong><em>Besiktas Istanbul <\/em><\/strong><em>(TUR)<\/em><strong><em> &#8211; FC Midtjylland <\/em><\/strong><em>(DEN)<\/em><strong><em> (20.00 Uhr)<\/em><\/strong><br><em><strong><img loading=\"lazy\" decoding=\"async\" width=\"415\" height=\"874\" class=\"wp-image-3656\" style=\"width: 10px\" src=\"https:\/\/kommentatorenblog.de\/wp-content\/uploads\/2020\/09\/shure-55sh-ii-e1601485394796.jpg\" alt=\"\" srcset=\"https:\/\/kommentatorenblog.de\/wp-content\/uploads\/2020\/09\/shure-55sh-ii-e1601485394796.jpg 415w, https:\/\/kommentatorenblog.de\/wp-content\/uploads\/2020\/09\/shure-55sh-ii-e1601485394796-142x300.jpg 142w\" sizes=\"auto, (max-width: 415px) 100vw, 415px\" \/><\/strong><\/em> Oliver Forster<\/p>\n\n\n\n<p class=\"wp-block-paragraph\"><strong>R\u00fcckspiel (<mark style=\"background-color:rgba(0, 0, 0, 0)\" class=\"has-inline-color has-pale-cyan-blue-color\">Sportdigital FUSSBALL<\/mark>)<\/strong><\/p>\n\n\n\n<p class=\"wp-block-paragraph\"><span style=\"text-decoration: underline;\">Donnerstag, 30. Juli 2026<\/span><\/p>\n\n\n\n<p class=\"wp-block-paragraph\"><strong><em>FC Midtjylland <\/em><\/strong><em>(DEN)<\/em><strong><em> &#8211; Besiktas Istanbul <\/em><\/strong><em>(TUR)<\/em><strong><em> (19.00 Uhr)<\/em><\/strong><br><em><strong><img loading=\"lazy\" decoding=\"async\" width=\"415\" height=\"874\" class=\"wp-image-3656\" style=\"width: 10px\" src=\"https:\/\/kommentatorenblog.de\/wp-content\/uploads\/2020\/09\/shure-55sh-ii-e1601485394796.jpg\" alt=\"\" srcset=\"https:\/\/kommentatorenblog.de\/wp-content\/uploads\/2020\/09\/shure-55sh-ii-e1601485394796.jpg 415w, https:\/\/kommentatorenblog.de\/wp-content\/uploads\/2020\/09\/shure-55sh-ii-e1601485394796-142x300.jpg 142w\" sizes=\"auto, (max-width: 415px) 100vw, 415px\" \/><\/strong><\/em> Marcus Radefeld<\/p>\n\n\n\n<hr class=\"wp-block-separator has-alpha-channel-opacity\"\/>\n\n\n\n<p class=\"wp-block-paragraph\"><strong>UEFA Champions League Qualifikation, 2. Runde, R\u00fcckspiel (<mark style=\"background-color:rgba(0, 0, 0, 0)\" class=\"has-inline-color has-pale-cyan-blue-color\">Sportdigital FUSSBALL<\/mark>)<\/strong><\/p>\n\n\n\n<p class=\"wp-block-paragraph\"><span style=\"text-decoration: underline;\">Mittwoch, 29. Juli 2026<\/span><\/p>\n\n\n\n<p class=\"wp-block-paragraph\"><strong><em>Gornik Zabrze <\/em><\/strong><em>(POL)<\/em><strong><em> &#8211; Fenerbahce Istanbul <\/em><\/strong><em>(TUR)<\/em><strong><em> (20.00 Uhr)<\/em><\/strong><br><em><strong><img loading=\"lazy\" decoding=\"async\" width=\"415\" height=\"874\" class=\"wp-image-3656\" style=\"width: 10px\" src=\"https:\/\/kommentatorenblog.de\/wp-content\/uploads\/2020\/09\/shure-55sh-ii-e1601485394796.jpg\" alt=\"\" srcset=\"https:\/\/kommentatorenblog.de\/wp-content\/uploads\/2020\/09\/shure-55sh-ii-e1601485394796.jpg 415w, https:\/\/kommentatorenblog.de\/wp-content\/uploads\/2020\/09\/shure-55sh-ii-e1601485394796-142x300.jpg 142w\" sizes=\"auto, (max-width: 415px) 100vw, 415px\" \/><\/strong><\/em> Martin Hahn<\/p>\n\n\n\n<hr class=\"wp-block-separator has-alpha-channel-opacity\"\/>\n\n\n\n<p class=\"wp-block-paragraph\"><strong>CONMEBOL Sudamericana, Sechzehntelfinale (<mark style=\"background-color:rgba(0, 0, 0, 0)\" class=\"has-inline-color has-pale-cyan-blue-color\">Sportdigital FUSSBALL<\/mark>)<\/strong><\/p>\n\n\n\n<p class=\"wp-block-paragraph\"><strong>Hinspiele<\/strong><\/p>\n\n\n\n<p class=\"wp-block-paragraph\"><span style=\"text-decoration: underline;\">Mittwoch, 22. Juli 2026<\/span><\/p>\n\n\n\n<p class=\"wp-block-paragraph\"><strong><em>Nacional <\/em><\/strong><em>(URU)<\/em><strong><em> &#8211; Tigre <\/em><\/strong><em>(ARG)<\/em><strong><em> (00.00 Uhr)<\/em><\/strong><br><em><strong><img loading=\"lazy\" decoding=\"async\" width=\"415\" height=\"874\" class=\"wp-image-3656\" style=\"width: 10px\" src=\"https:\/\/kommentatorenblog.de\/wp-content\/uploads\/2020\/09\/shure-55sh-ii-e1601485394796.jpg\" alt=\"\" srcset=\"https:\/\/kommentatorenblog.de\/wp-content\/uploads\/2020\/09\/shure-55sh-ii-e1601485394796.jpg 415w, https:\/\/kommentatorenblog.de\/wp-content\/uploads\/2020\/09\/shure-55sh-ii-e1601485394796-142x300.jpg 142w\" sizes=\"auto, (max-width: 415px) 100vw, 415px\" \/><\/strong><\/em> Martin Hahn<\/p>\n\n\n\n<p class=\"wp-block-paragraph\"><strong><em>Universidad Central <\/em><\/strong><em>(VEN)<\/em><strong><em> &#8211; Santos <\/em><\/strong><em>(BRA)<\/em><strong><em> (02.30 Uhr)<\/em><\/strong><br><em><strong><img loading=\"lazy\" decoding=\"async\" width=\"415\" height=\"874\" class=\"wp-image-3656\" style=\"width: 10px\" src=\"https:\/\/kommentatorenblog.de\/wp-content\/uploads\/2020\/09\/shure-55sh-ii-e1601485394796.jpg\" alt=\"\" srcset=\"https:\/\/kommentatorenblog.de\/wp-content\/uploads\/2020\/09\/shure-55sh-ii-e1601485394796.jpg 415w, https:\/\/kommentatorenblog.de\/wp-content\/uploads\/2020\/09\/shure-55sh-ii-e1601485394796-142x300.jpg 142w\" sizes=\"auto, (max-width: 415px) 100vw, 415px\" \/><\/strong><\/em> <s>Arne Malsch<\/s> Christian Blunck<\/p>\n\n\n\n<p class=\"wp-block-paragraph\"><span style=\"text-decoration: underline;\">Freitag, 24. Juli 2026<\/span><\/p>\n\n\n\n<p class=\"wp-block-paragraph\"><strong><em>Bolivar <\/em><\/strong><em>(BOL)<\/em><strong><em> &#8211; Gremio <\/em><\/strong><em>(BRA)<\/em><strong><em> (00.00 Uhr)<\/em><\/strong><br><em><strong><img loading=\"lazy\" decoding=\"async\" width=\"415\" height=\"874\" class=\"wp-image-3656\" style=\"width: 10px\" src=\"https:\/\/kommentatorenblog.de\/wp-content\/uploads\/2020\/09\/shure-55sh-ii-e1601485394796.jpg\" alt=\"\" srcset=\"https:\/\/kommentatorenblog.de\/wp-content\/uploads\/2020\/09\/shure-55sh-ii-e1601485394796.jpg 415w, https:\/\/kommentatorenblog.de\/wp-content\/uploads\/2020\/09\/shure-55sh-ii-e1601485394796-142x300.jpg 142w\" sizes=\"auto, (max-width: 415px) 100vw, 415px\" \/><\/strong><\/em> <s>Marcus Radefeld<\/s> Christian Blunck<\/p>\n\n\n\n<p class=\"wp-block-paragraph\"><strong><em>Boca Juniors <\/em><\/strong><em>(ARG)<\/em><strong><em> &#8211; O Higgins <\/em><\/strong><em>(CHI)<\/em><strong><em> (02.30 Uhr)<\/em><\/strong><br><em><strong><img loading=\"lazy\" decoding=\"async\" width=\"415\" height=\"874\" class=\"wp-image-3656\" style=\"width: 10px\" src=\"https:\/\/kommentatorenblog.de\/wp-content\/uploads\/2020\/09\/shure-55sh-ii-e1601485394796.jpg\" alt=\"\" srcset=\"https:\/\/kommentatorenblog.de\/wp-content\/uploads\/2020\/09\/shure-55sh-ii-e1601485394796.jpg 415w, https:\/\/kommentatorenblog.de\/wp-content\/uploads\/2020\/09\/shure-55sh-ii-e1601485394796-142x300.jpg 142w\" sizes=\"auto, (max-width: 415px) 100vw, 415px\" \/><\/strong><\/em> Marvin Scholz<\/p>\n\n\n\n<p class=\"wp-block-paragraph\"><strong>R\u00fcckspiele<\/strong><\/p>\n\n\n\n<p class=\"wp-block-paragraph\"><span style=\"text-decoration: underline;\">Mittwoch, 29. Juli 2026<\/span><\/p>\n\n\n\n<p class=\"wp-block-paragraph\"><strong><em>Tigre <\/em><\/strong><em>(ARG)<\/em><strong><em> &#8211; Nacional <\/em><\/strong><em>(URU)<\/em><strong><em> (00.00 Uhr)<\/em><\/strong><br><em><strong><img loading=\"lazy\" decoding=\"async\" width=\"415\" height=\"874\" class=\"wp-image-3656\" style=\"width: 10px\" src=\"https:\/\/kommentatorenblog.de\/wp-content\/uploads\/2020\/09\/shure-55sh-ii-e1601485394796.jpg\" alt=\"\" srcset=\"https:\/\/kommentatorenblog.de\/wp-content\/uploads\/2020\/09\/shure-55sh-ii-e1601485394796.jpg 415w, https:\/\/kommentatorenblog.de\/wp-content\/uploads\/2020\/09\/shure-55sh-ii-e1601485394796-142x300.jpg 142w\" sizes=\"auto, (max-width: 415px) 100vw, 415px\" \/><\/strong><\/em> Martin Hahn<\/p>\n\n\n\n<p class=\"wp-block-paragraph\"><strong><em>FC Santos <\/em><\/strong><em>(BRA)<\/em><strong><em> &#8211; Universidad Central <\/em><\/strong><em>(VEN)<\/em><strong><em> (02.30 Uhr)<\/em><\/strong><br><em><strong><img loading=\"lazy\" decoding=\"async\" width=\"415\" height=\"874\" class=\"wp-image-3656\" style=\"width: 10px\" src=\"https:\/\/kommentatorenblog.de\/wp-content\/uploads\/2020\/09\/shure-55sh-ii-e1601485394796.jpg\" alt=\"\" srcset=\"https:\/\/kommentatorenblog.de\/wp-content\/uploads\/2020\/09\/shure-55sh-ii-e1601485394796.jpg 415w, https:\/\/kommentatorenblog.de\/wp-content\/uploads\/2020\/09\/shure-55sh-ii-e1601485394796-142x300.jpg 142w\" sizes=\"auto, (max-width: 415px) 100vw, 415px\" \/><\/strong><\/em> Christian Blunck<\/p>\n\n\n\n<p class=\"wp-block-paragraph\"><span style=\"text-decoration: underline;\">Freitag, 31. Juli 2026<\/span><\/p>\n\n\n\n<p class=\"wp-block-paragraph\"><strong><em>Gremio <\/em><\/strong><em>(BRA)<\/em><strong><em> &#8211; Bolivar <\/em><\/strong><em>(BOL)<\/em><strong><em> (00.00 Uhr)<\/em><\/strong><br><em><strong><img loading=\"lazy\" decoding=\"async\" width=\"415\" height=\"874\" class=\"wp-image-3656\" style=\"width: 10px\" src=\"https:\/\/kommentatorenblog.de\/wp-content\/uploads\/2020\/09\/shure-55sh-ii-e1601485394796.jpg\" alt=\"\" srcset=\"https:\/\/kommentatorenblog.de\/wp-content\/uploads\/2020\/09\/shure-55sh-ii-e1601485394796.jpg 415w, https:\/\/kommentatorenblog.de\/wp-content\/uploads\/2020\/09\/shure-55sh-ii-e1601485394796-142x300.jpg 142w\" sizes=\"auto, (max-width: 415px) 100vw, 415px\" \/><\/strong><\/em> Marcus Radefeld<\/p>\n\n\n\n<p class=\"wp-block-paragraph\"><strong><em>O Higgins <\/em><\/strong><em>(CHI)<\/em><strong><em> &#8211; Boca Juniors <\/em><\/strong><em>(ARG)<\/em><strong><em> (02.30 Uhr)<\/em><\/strong><br><em><strong><img loading=\"lazy\" decoding=\"async\" width=\"415\" height=\"874\" class=\"wp-image-3656\" style=\"width: 10px\" src=\"https:\/\/kommentatorenblog.de\/wp-content\/uploads\/2020\/09\/shure-55sh-ii-e1601485394796.jpg\" alt=\"\" srcset=\"https:\/\/kommentatorenblog.de\/wp-content\/uploads\/2020\/09\/shure-55sh-ii-e1601485394796.jpg 415w, https:\/\/kommentatorenblog.de\/wp-content\/uploads\/2020\/09\/shure-55sh-ii-e1601485394796-142x300.jpg 142w\" sizes=\"auto, (max-width: 415px) 100vw, 415px\" \/><\/strong><\/em> Marvin Scholz<\/p>\n\n\n\n<hr class=\"wp-block-separator has-alpha-channel-opacity\"\/>\n\n\n\n<p class=\"wp-block-paragraph\"><strong>Scottish League Cup (SCO), Gruppenphase (<mark style=\"background-color:rgba(0, 0, 0, 0)\" class=\"has-inline-color has-pale-cyan-blue-color\">Sportdigital FUSSBALL<\/mark>)<\/strong><\/p>\n\n\n\n<p class=\"wp-block-paragraph\"><span style=\"text-decoration: underline;\">Mittwoch, 22. Juli 2026<\/span><\/p>\n\n\n\n<p class=\"wp-block-paragraph\"><strong><em>Queen of the South &#8211; FC Aberdeen (20.45 Uhr)<\/em><\/strong><br><em><strong><img loading=\"lazy\" decoding=\"async\" width=\"415\" height=\"874\" class=\"wp-image-3656\" style=\"width: 10px\" src=\"https:\/\/kommentatorenblog.de\/wp-content\/uploads\/2020\/09\/shure-55sh-ii-e1601485394796.jpg\" alt=\"\" srcset=\"https:\/\/kommentatorenblog.de\/wp-content\/uploads\/2020\/09\/shure-55sh-ii-e1601485394796.jpg 415w, https:\/\/kommentatorenblog.de\/wp-content\/uploads\/2020\/09\/shure-55sh-ii-e1601485394796-142x300.jpg 142w\" sizes=\"auto, (max-width: 415px) 100vw, 415px\" \/><\/strong><\/em> Jonathan Dreier<\/p>\n\n\n\n<hr class=\"wp-block-separator has-alpha-channel-opacity\"\/>\n\n\n\n<p class=\"wp-block-paragraph\"><strong>Campeonato Brasileiro (BRA) (<mark style=\"background-color:rgba(0, 0, 0, 0)\" class=\"has-inline-color has-pale-cyan-blue-color\">Sportdigital FUSSBALL<\/mark>)<\/strong><\/p>\n\n\n\n<p class=\"wp-block-paragraph\"><strong>19. Spieltag<\/strong><\/p>\n\n\n\n<p class=\"wp-block-paragraph\"><span style=\"text-decoration: underline;\">Donnerstag, 23. Juli 2026<\/span><\/p>\n\n\n\n<p class=\"wp-block-paragraph\"><strong><em>Coritiba FC &#8211; Palmeiras (00.30 Uhr)<\/em><\/strong><br><em><strong><img loading=\"lazy\" decoding=\"async\" width=\"415\" height=\"874\" class=\"wp-image-3656\" style=\"width: 10px\" src=\"https:\/\/kommentatorenblog.de\/wp-content\/uploads\/2020\/09\/shure-55sh-ii-e1601485394796.jpg\" alt=\"\" srcset=\"https:\/\/kommentatorenblog.de\/wp-content\/uploads\/2020\/09\/shure-55sh-ii-e1601485394796.jpg 415w, https:\/\/kommentatorenblog.de\/wp-content\/uploads\/2020\/09\/shure-55sh-ii-e1601485394796-142x300.jpg 142w\" sizes=\"auto, (max-width: 415px) 100vw, 415px\" \/><\/strong><\/em> Jakob Vogel<\/p>\n\n\n\n<p class=\"wp-block-paragraph\"><strong>20. Spieltag<\/strong><\/p>\n\n\n\n<p class=\"wp-block-paragraph\"><span style=\"text-decoration: underline;\">Sonntag, 26. Juli 2026<\/span><\/p>\n\n\n\n<p class=\"wp-block-paragraph\"><strong><em>Cruzeiro &#8211; Botafogo (21.00 Uhr)<\/em><\/strong><br><em><strong><img loading=\"lazy\" decoding=\"async\" width=\"415\" height=\"874\" class=\"wp-image-3656\" style=\"width: 10px\" src=\"https:\/\/kommentatorenblog.de\/wp-content\/uploads\/2020\/09\/shure-55sh-ii-e1601485394796.jpg\" alt=\"\" srcset=\"https:\/\/kommentatorenblog.de\/wp-content\/uploads\/2020\/09\/shure-55sh-ii-e1601485394796.jpg 415w, https:\/\/kommentatorenblog.de\/wp-content\/uploads\/2020\/09\/shure-55sh-ii-e1601485394796-142x300.jpg 142w\" sizes=\"auto, (max-width: 415px) 100vw, 415px\" \/><\/strong><\/em> Martin Hahn<\/p>\n\n\n\n<p class=\"wp-block-paragraph\"><strong><em>Gremio &#8211; Fluminense (23.30 Uhr)<\/em><\/strong><br><em><strong><img loading=\"lazy\" decoding=\"async\" width=\"415\" height=\"874\" class=\"wp-image-3656\" style=\"width: 10px\" src=\"https:\/\/kommentatorenblog.de\/wp-content\/uploads\/2020\/09\/shure-55sh-ii-e1601485394796.jpg\" alt=\"\" srcset=\"https:\/\/kommentatorenblog.de\/wp-content\/uploads\/2020\/09\/shure-55sh-ii-e1601485394796.jpg 415w, https:\/\/kommentatorenblog.de\/wp-content\/uploads\/2020\/09\/shure-55sh-ii-e1601485394796-142x300.jpg 142w\" sizes=\"auto, (max-width: 415px) 100vw, 415px\" \/><\/strong><\/em> Karsten Linke<\/p>\n\n\n\n<p class=\"wp-block-paragraph\"><strong>21. Spieltag<\/strong><\/p>\n\n\n\n<p class=\"wp-block-paragraph\"><span style=\"text-decoration: underline;\">Donnerstag, 30. Juli 2026<\/span><\/p>\n\n\n\n<p class=\"wp-block-paragraph\"><strong><em>EC Vitoria &#8211; Palmeiras (02.30 Uhr)<\/em><\/strong><br><em><strong><img loading=\"lazy\" decoding=\"async\" width=\"415\" height=\"874\" class=\"wp-image-3656\" style=\"width: 10px\" src=\"https:\/\/kommentatorenblog.de\/wp-content\/uploads\/2020\/09\/shure-55sh-ii-e1601485394796.jpg\" alt=\"\" srcset=\"https:\/\/kommentatorenblog.de\/wp-content\/uploads\/2020\/09\/shure-55sh-ii-e1601485394796.jpg 415w, https:\/\/kommentatorenblog.de\/wp-content\/uploads\/2020\/09\/shure-55sh-ii-e1601485394796-142x300.jpg 142w\" sizes=\"auto, (max-width: 415px) 100vw, 415px\" \/><\/strong><\/em> Ulf Kahmke<\/p>\n\n\n\n<hr class=\"wp-block-separator has-alpha-channel-opacity\"\/>\n\n\n\n<p class=\"wp-block-paragraph\"><strong>Ekstraklasa (POL), 1. Spieltag (<mark style=\"background-color:rgba(0, 0, 0, 0)\" class=\"has-inline-color has-pale-cyan-blue-color\">Sportdigital FUSSBALL<\/mark>)<\/strong><\/p>\n\n\n\n<p class=\"wp-block-paragraph\"><span style=\"text-decoration: underline;\">Freitag, 24. Juli 2026<\/span><\/p>\n\n\n\n<p class=\"wp-block-paragraph\"><strong><em>Pogon Stettin &#8211; Legia Warschau (20.30 Uhr)<\/em><\/strong><br><em><strong><img loading=\"lazy\" decoding=\"async\" width=\"415\" height=\"874\" class=\"wp-image-3656\" style=\"width: 10px\" src=\"https:\/\/kommentatorenblog.de\/wp-content\/uploads\/2020\/09\/shure-55sh-ii-e1601485394796.jpg\" alt=\"\" srcset=\"https:\/\/kommentatorenblog.de\/wp-content\/uploads\/2020\/09\/shure-55sh-ii-e1601485394796.jpg 415w, https:\/\/kommentatorenblog.de\/wp-content\/uploads\/2020\/09\/shure-55sh-ii-e1601485394796-142x300.jpg 142w\" sizes=\"auto, (max-width: 415px) 100vw, 415px\" \/><\/strong><\/em> Christian Blunck<\/p>\n\n\n\n<p class=\"wp-block-paragraph\"><span style=\"text-decoration: underline;\">Samstag, 25. Juli 2026<\/span><\/p>\n\n\n\n<p class=\"wp-block-paragraph\"><strong><em>Lech Posen &#8211; Cracovia Krakau (20.15 Uhr)<\/em><\/strong><br><em><strong><img loading=\"lazy\" decoding=\"async\" width=\"415\" height=\"874\" class=\"wp-image-3656\" style=\"width: 10px\" src=\"https:\/\/kommentatorenblog.de\/wp-content\/uploads\/2020\/09\/shure-55sh-ii-e1601485394796.jpg\" alt=\"\" srcset=\"https:\/\/kommentatorenblog.de\/wp-content\/uploads\/2020\/09\/shure-55sh-ii-e1601485394796.jpg 415w, https:\/\/kommentatorenblog.de\/wp-content\/uploads\/2020\/09\/shure-55sh-ii-e1601485394796-142x300.jpg 142w\" sizes=\"auto, (max-width: 415px) 100vw, 415px\" \/><\/strong><\/em> Ulf Kahmke<\/p>\n\n\n\n<hr class=\"wp-block-separator has-alpha-channel-opacity\"\/>\n\n\n\n<p class=\"wp-block-paragraph\"><strong>1. \u010desk\u00e1 fotbalov\u00e1 liga (CZE), 1. Spieltag (<mark style=\"background-color:rgba(0, 0, 0, 0)\" class=\"has-inline-color has-pale-cyan-blue-color\">Sportdigital FUSSBALL<\/mark>)<\/strong><\/p>\n\n\n\n<p class=\"wp-block-paragraph\"><span style=\"text-decoration: underline;\">Samstag, 25. Juli 2026<\/span><\/p>\n\n\n\n<p class=\"wp-block-paragraph\"><strong><em>Viktoria Pilsen &#8211; Slovan Liberec (17.00 Uhr)<\/em><\/strong><br><em><strong><img loading=\"lazy\" decoding=\"async\" width=\"415\" height=\"874\" class=\"wp-image-3656\" style=\"width: 10px\" src=\"https:\/\/kommentatorenblog.de\/wp-content\/uploads\/2020\/09\/shure-55sh-ii-e1601485394796.jpg\" alt=\"\" srcset=\"https:\/\/kommentatorenblog.de\/wp-content\/uploads\/2020\/09\/shure-55sh-ii-e1601485394796.jpg 415w, https:\/\/kommentatorenblog.de\/wp-content\/uploads\/2020\/09\/shure-55sh-ii-e1601485394796-142x300.jpg 142w\" sizes=\"auto, (max-width: 415px) 100vw, 415px\" \/><\/strong><\/em> Jakob Vogel, Experte: Max Teubner<\/p>\n\n\n\n<p class=\"wp-block-paragraph\"><span style=\"text-decoration: underline;\">Sonntag, 26. Juli 2026<\/span><\/p>\n\n\n\n<p class=\"wp-block-paragraph\"><strong><em>Slavia Prag &#8211; 1. FC Slovacko (15.00 Uhr)<\/em><\/strong><br><em><strong><img loading=\"lazy\" decoding=\"async\" width=\"415\" height=\"874\" class=\"wp-image-3656\" style=\"width: 10px\" src=\"https:\/\/kommentatorenblog.de\/wp-content\/uploads\/2020\/09\/shure-55sh-ii-e1601485394796.jpg\" alt=\"\" srcset=\"https:\/\/kommentatorenblog.de\/wp-content\/uploads\/2020\/09\/shure-55sh-ii-e1601485394796.jpg 415w, https:\/\/kommentatorenblog.de\/wp-content\/uploads\/2020\/09\/shure-55sh-ii-e1601485394796-142x300.jpg 142w\" sizes=\"auto, (max-width: 415px) 100vw, 415px\" \/><\/strong><\/em> Jakob Vogel, Experte: Max Teubner<\/p>\n\n\n\n<hr class=\"wp-block-separator has-alpha-channel-opacity\"\/>\n\n\n\n<p class=\"wp-block-paragraph\"><strong>Liga Profesional Clausura (ARG) (<mark style=\"background-color:rgba(0, 0, 0, 0)\" class=\"has-inline-color has-pale-cyan-blue-color\">Sportdigital FUSSBALL<\/mark>)<\/strong><\/p>\n\n\n\n<p class=\"wp-block-paragraph\"><strong>1. Spieltag<\/strong><\/p>\n\n\n\n<p class=\"wp-block-paragraph\"><span style=\"text-decoration: underline;\">Sonntag, 26. Juli 2026<\/span><\/p>\n\n\n\n<p class=\"wp-block-paragraph\"><strong><em>CA River Plate &#8211; CA Barracas Central (00.15 Uhr)<\/em><\/strong><br><em><strong><img loading=\"lazy\" decoding=\"async\" width=\"415\" height=\"874\" class=\"wp-image-3656\" style=\"width: 10px\" src=\"https:\/\/kommentatorenblog.de\/wp-content\/uploads\/2020\/09\/shure-55sh-ii-e1601485394796.jpg\" alt=\"\" srcset=\"https:\/\/kommentatorenblog.de\/wp-content\/uploads\/2020\/09\/shure-55sh-ii-e1601485394796.jpg 415w, https:\/\/kommentatorenblog.de\/wp-content\/uploads\/2020\/09\/shure-55sh-ii-e1601485394796-142x300.jpg 142w\" sizes=\"auto, (max-width: 415px) 100vw, 415px\" \/><\/strong><\/em> Martin Hahn<\/p>\n\n\n\n<p class=\"wp-block-paragraph\"><strong>2. Spieltag<\/strong><\/p>\n\n\n\n<p class=\"wp-block-paragraph\"><span style=\"text-decoration: underline;\">Donnerstag, 30. Juli 2026<\/span><\/p>\n\n\n\n<p class=\"wp-block-paragraph\"><strong><em>Gimnasia La Plata &#8211; CA River Plate (00.15 Uhr)<\/em><\/strong><br><em><strong><img loading=\"lazy\" decoding=\"async\" width=\"415\" height=\"874\" class=\"wp-image-3656\" style=\"width: 10px\" src=\"https:\/\/kommentatorenblog.de\/wp-content\/uploads\/2020\/09\/shure-55sh-ii-e1601485394796.jpg\" alt=\"\" srcset=\"https:\/\/kommentatorenblog.de\/wp-content\/uploads\/2020\/09\/shure-55sh-ii-e1601485394796.jpg 415w, https:\/\/kommentatorenblog.de\/wp-content\/uploads\/2020\/09\/shure-55sh-ii-e1601485394796-142x300.jpg 142w\" sizes=\"auto, (max-width: 415px) 100vw, 415px\" \/><\/strong><\/em> Arne Malsch<\/p>\n\n\n\n<hr class=\"wp-block-separator has-alpha-channel-opacity\"\/>\n\n\n\n<p class=\"wp-block-paragraph\"><strong>Testspiele<\/strong><\/p>\n\n\n\n<p class=\"wp-block-paragraph\"><span style=\"text-decoration: underline;\">Mittwoch, 22. Juli 2026 (Sky)<\/span><\/p>\n\n\n\n<p class=\"wp-block-paragraph\"><strong><em>FC Schalke 04 <\/em><\/strong><em>(GER)<\/em><strong><em> &#8211; Metalist 1925 Charkiw <\/em><\/strong><em>(UKR)<\/em><strong><em> (16.00 Uhr)<\/em><\/strong><br><em><strong><img loading=\"lazy\" decoding=\"async\" width=\"415\" height=\"874\" class=\"wp-image-3656\" style=\"width: 10px\" src=\"https:\/\/kommentatorenblog.de\/wp-content\/uploads\/2020\/09\/shure-55sh-ii-e1601485394796.jpg\" alt=\"\" srcset=\"https:\/\/kommentatorenblog.de\/wp-content\/uploads\/2020\/09\/shure-55sh-ii-e1601485394796.jpg 415w, https:\/\/kommentatorenblog.de\/wp-content\/uploads\/2020\/09\/shure-55sh-ii-e1601485394796-142x300.jpg 142w\" sizes=\"auto, (max-width: 415px) 100vw, 415px\" \/><\/strong><\/em> Dominik M\u00fcller<br>Field-Reporter: Dirk gro\u00dfe Schlarmann<\/p>\n\n\n\n<p class=\"wp-block-paragraph\"><span style=\"text-decoration: underline;\">Samstag, 25. Juli 2026 (Sky)<\/span><\/p>\n\n\n\n<p class=\"wp-block-paragraph\"><strong><em>Fortuna D\u00fcsseldorf <\/em><\/strong><em>(GER)<\/em><strong><em> &#8211; Borussia Dortmund <\/em><\/strong><em>(GER)<\/em><strong><em> (13.00 Uhr)<\/em><\/strong><br><em><strong><img loading=\"lazy\" decoding=\"async\" width=\"415\" height=\"874\" class=\"wp-image-3656\" style=\"width: 10px\" src=\"https:\/\/kommentatorenblog.de\/wp-content\/uploads\/2020\/09\/shure-55sh-ii-e1601485394796.jpg\" alt=\"\" srcset=\"https:\/\/kommentatorenblog.de\/wp-content\/uploads\/2020\/09\/shure-55sh-ii-e1601485394796.jpg 415w, https:\/\/kommentatorenblog.de\/wp-content\/uploads\/2020\/09\/shure-55sh-ii-e1601485394796-142x300.jpg 142w\" sizes=\"auto, (max-width: 415px) 100vw, 415px\" \/><\/strong><\/em> Timo Sch\u00e4fers<br>Field-Reporter: Marlon Irlbacher<\/p>\n\n\n\n<p class=\"wp-block-paragraph\"><span style=\"text-decoration: underline;\">ab 13.55 Uhr (<mark style=\"background-color:rgba(0, 0, 0, 0)\" class=\"has-inline-color has-pale-cyan-blue-color\">LEAGUES<\/mark>)<\/span><\/p>\n\n\n\n<p class=\"wp-block-paragraph\"><strong><em>SV Stuttgarter Kickers <\/em><\/strong><em>(GER)<\/em><strong><em> &#8211; SSV Jahn Regensburg<\/em><\/strong> <em>(GER)<\/em><strong><em> (14.00 Uhr)<\/em><\/strong><br><em><strong><img loading=\"lazy\" decoding=\"async\" width=\"415\" height=\"874\" class=\"wp-image-3656\" style=\"width: 10px\" src=\"https:\/\/kommentatorenblog.de\/wp-content\/uploads\/2020\/09\/shure-55sh-ii-e1601485394796.jpg\" alt=\"\" srcset=\"https:\/\/kommentatorenblog.de\/wp-content\/uploads\/2020\/09\/shure-55sh-ii-e1601485394796.jpg 415w, https:\/\/kommentatorenblog.de\/wp-content\/uploads\/2020\/09\/shure-55sh-ii-e1601485394796-142x300.jpg 142w\" sizes=\"auto, (max-width: 415px) 100vw, 415px\" \/><\/strong><\/em> Henry Nischan<\/p>\n\n\n\n<p class=\"wp-block-paragraph\"><span style=\"text-decoration: underline;\">ab 14.50 Uhr (<mark style=\"background-color:rgba(0, 0, 0, 0)\" class=\"has-inline-color has-vivid-green-cyan-color\">DFB.TV<\/mark>)<\/span><\/p>\n\n\n\n<p class=\"wp-block-paragraph\"><strong><em>Kickers Offenbach <\/em><\/strong><em>(GER)<\/em><strong><em> &#8211; Bayer 04 Leverkusen <\/em><\/strong><em>(GER)<\/em><strong><em> (15.00 Uhr)<\/em><\/strong><br><em><strong><img loading=\"lazy\" decoding=\"async\" width=\"415\" height=\"874\" class=\"wp-image-3656\" style=\"width: 10px\" src=\"https:\/\/kommentatorenblog.de\/wp-content\/uploads\/2020\/09\/shure-55sh-ii-e1601485394796.jpg\" alt=\"\" srcset=\"https:\/\/kommentatorenblog.de\/wp-content\/uploads\/2020\/09\/shure-55sh-ii-e1601485394796.jpg 415w, https:\/\/kommentatorenblog.de\/wp-content\/uploads\/2020\/09\/shure-55sh-ii-e1601485394796-142x300.jpg 142w\" sizes=\"auto, (max-width: 415px) 100vw, 415px\" \/><\/strong><\/em> Christian Blunck<\/p>\n\n\n\n<p class=\"wp-block-paragraph\"><span style=\"text-decoration: underline;\">ab 15.55 Uhr (DAZN)<\/span><\/p>\n\n\n\n<p class=\"wp-block-paragraph\"><strong><em>FC Schalke 04 <\/em><\/strong><em>(GER)<\/em><strong><em> &#8211; Fagiano Okayama <\/em><\/strong><em>(JPN)<\/em><strong><em> (16.00 Uhr)<\/em><\/strong><br><em><strong><img loading=\"lazy\" decoding=\"async\" width=\"415\" height=\"874\" class=\"wp-image-3656\" style=\"width: 10px\" src=\"https:\/\/kommentatorenblog.de\/wp-content\/uploads\/2020\/09\/shure-55sh-ii-e1601485394796.jpg\" alt=\"\" srcset=\"https:\/\/kommentatorenblog.de\/wp-content\/uploads\/2020\/09\/shure-55sh-ii-e1601485394796.jpg 415w, https:\/\/kommentatorenblog.de\/wp-content\/uploads\/2020\/09\/shure-55sh-ii-e1601485394796-142x300.jpg 142w\" sizes=\"auto, (max-width: 415px) 100vw, 415px\" \/><\/strong><\/em> Claas Sch\u00f6nfeld<\/p>\n\n\n\n<p class=\"wp-block-paragraph\"><span style=\"text-decoration: underline;\">Sonntag, 26. Juli 2026 (<mark style=\"background-color:rgba(0, 0, 0, 0)\" class=\"has-inline-color has-pale-cyan-blue-color\">LEAGUES<\/mark>)<\/span><\/p>\n\n\n\n<p class=\"wp-block-paragraph\"><strong><em>VfR Aalen <\/em><\/strong><em>(GER)<\/em><strong><em> &#8211; 1. FC Saarbr\u00fccken <\/em><\/strong><em>(GER)<\/em><strong><em> (13.00 Uhr)<\/em><\/strong><br><em><strong><img loading=\"lazy\" decoding=\"async\" width=\"415\" height=\"874\" class=\"wp-image-3656\" style=\"width: 10px\" src=\"https:\/\/kommentatorenblog.de\/wp-content\/uploads\/2020\/09\/shure-55sh-ii-e1601485394796.jpg\" alt=\"\" srcset=\"https:\/\/kommentatorenblog.de\/wp-content\/uploads\/2020\/09\/shure-55sh-ii-e1601485394796.jpg 415w, https:\/\/kommentatorenblog.de\/wp-content\/uploads\/2020\/09\/shure-55sh-ii-e1601485394796-142x300.jpg 142w\" sizes=\"auto, (max-width: 415px) 100vw, 415px\" \/><\/strong><\/em> Nicholas Valenti<\/p>\n\n\n\n<p class=\"wp-block-paragraph\"><span style=\"text-decoration: underline;\">ab 15.25 Uhr (Sky)<\/span><\/p>\n\n\n\n<p class=\"wp-block-paragraph\"><strong><em>Eintracht Frankfurt <\/em><\/strong><em>(GER)<\/em><strong><em> &#8211; Trabzonspor <\/em><\/strong><em>(TUR)<\/em><strong><em> (15.30 Uhr)<\/em><\/strong><br><em><strong><img loading=\"lazy\" decoding=\"async\" width=\"415\" height=\"874\" class=\"wp-image-3656\" style=\"width: 10px\" src=\"https:\/\/kommentatorenblog.de\/wp-content\/uploads\/2020\/09\/shure-55sh-ii-e1601485394796.jpg\" alt=\"\" srcset=\"https:\/\/kommentatorenblog.de\/wp-content\/uploads\/2020\/09\/shure-55sh-ii-e1601485394796.jpg 415w, https:\/\/kommentatorenblog.de\/wp-content\/uploads\/2020\/09\/shure-55sh-ii-e1601485394796-142x300.jpg 142w\" sizes=\"auto, (max-width: 415px) 100vw, 415px\" \/><\/strong><\/em> Anton Drebs<br>Field-Reporter: Dennis Bayer<\/p>\n\n\n\n<p class=\"wp-block-paragraph\"><span style=\"text-decoration: underline;\">ab 16.25 Uhr (DAZN)<\/span><\/p>\n\n\n\n<p class=\"wp-block-paragraph\"><strong><em>Karlsruher SC <\/em><\/strong><em>(GER)<\/em><strong><em> &#8211; Inter Mailand <\/em><\/strong><em>(ITA)<\/em><strong><em> (16.30 Uhr)<\/em><\/strong><br><em><strong><img loading=\"lazy\" decoding=\"async\" width=\"415\" height=\"874\" class=\"wp-image-3656\" style=\"width: 10px\" src=\"https:\/\/kommentatorenblog.de\/wp-content\/uploads\/2020\/09\/shure-55sh-ii-e1601485394796.jpg\" alt=\"\" srcset=\"https:\/\/kommentatorenblog.de\/wp-content\/uploads\/2020\/09\/shure-55sh-ii-e1601485394796.jpg 415w, https:\/\/kommentatorenblog.de\/wp-content\/uploads\/2020\/09\/shure-55sh-ii-e1601485394796-142x300.jpg 142w\" sizes=\"auto, (max-width: 415px) 100vw, 415px\" \/><\/strong><\/em> Patrick Gerspacher<\/p>\n\n\n\n<p class=\"wp-block-paragraph\"><span style=\"text-decoration: underline;\">Montag, 27. Juli 2026, ab 19.55 Uhr (<mark style=\"background-color:rgba(0, 0, 0, 0)\" class=\"has-inline-color has-pale-cyan-blue-color\">Sportdigital FUSSBALL<\/mark>)<\/span><\/p>\n\n\n\n<p class=\"wp-block-paragraph\"><strong><em>Galatasaray Istanbul <\/em><\/strong><em>(TUR)<\/em><strong><em> &#8211; Venezia FC <\/em><\/strong><em>(ITA)<\/em><strong><em> (20.00 Uhr)<\/em><\/strong><br><em><strong><img loading=\"lazy\" decoding=\"async\" width=\"415\" height=\"874\" class=\"wp-image-3656\" style=\"width: 10px\" src=\"https:\/\/kommentatorenblog.de\/wp-content\/uploads\/2020\/09\/shure-55sh-ii-e1601485394796.jpg\" alt=\"\" srcset=\"https:\/\/kommentatorenblog.de\/wp-content\/uploads\/2020\/09\/shure-55sh-ii-e1601485394796.jpg 415w, https:\/\/kommentatorenblog.de\/wp-content\/uploads\/2020\/09\/shure-55sh-ii-e1601485394796-142x300.jpg 142w\" sizes=\"auto, (max-width: 415px) 100vw, 415px\" \/><\/strong><\/em> Karsten Linke<\/p>\n\n\n\n<p class=\"wp-block-paragraph\"><span style=\"text-decoration: underline;\">Mittwoch, 29. Juli 2026, ab 11.55 (Sky\/DAZN)<\/span><\/p>\n\n\n\n<p class=\"wp-block-paragraph\"><strong><em>Cerezo Osaka <\/em><\/strong><em>(JPN)<\/em><strong><em> &#8211; Borussia Dortmund <\/em><\/strong><em>(GER)<\/em><strong><em> (12.00 Uhr)<\/em><\/strong><\/p>\n\n\n\n<p class=\"wp-block-paragraph\"><em><strong><img loading=\"lazy\" decoding=\"async\" width=\"415\" height=\"874\" class=\"wp-image-3656\" style=\"width: 10px\" src=\"https:\/\/kommentatorenblog.de\/wp-content\/uploads\/2020\/09\/shure-55sh-ii-e1601485394796.jpg\" alt=\"\" srcset=\"https:\/\/kommentatorenblog.de\/wp-content\/uploads\/2020\/09\/shure-55sh-ii-e1601485394796.jpg 415w, https:\/\/kommentatorenblog.de\/wp-content\/uploads\/2020\/09\/shure-55sh-ii-e1601485394796-142x300.jpg 142w\" sizes=\"auto, (max-width: 415px) 100vw, 415px\" \/><\/strong><\/em> <em>Sky<\/em>: Timo Sch\u00e4fers<br>Field-Reporter (<em>Sky<\/em>): Jesco von Eichmann<\/p>\n\n\n\n<p class=\"wp-block-paragraph\"><em><strong><img loading=\"lazy\" decoding=\"async\" width=\"415\" height=\"874\" class=\"wp-image-3656\" style=\"width: 10px\" src=\"https:\/\/kommentatorenblog.de\/wp-content\/uploads\/2020\/09\/shure-55sh-ii-e1601485394796.jpg\" alt=\"\" srcset=\"https:\/\/kommentatorenblog.de\/wp-content\/uploads\/2020\/09\/shure-55sh-ii-e1601485394796.jpg 415w, https:\/\/kommentatorenblog.de\/wp-content\/uploads\/2020\/09\/shure-55sh-ii-e1601485394796-142x300.jpg 142w\" sizes=\"auto, (max-width: 415px) 100vw, 415px\" \/><\/strong><\/em> <em>DAZN<\/em>: Claas Sch\u00f6nfeld<\/p>\n\n\n\n<p class=\"wp-block-paragraph\"><span style=\"text-decoration: underline;\">ab 18.25 Uhr (Sky)<\/span><\/p>\n\n\n\n<p class=\"wp-block-paragraph\"><strong><em>Kickers Offenbach <\/em><\/strong><em>(GER)<\/em><strong><em> &#8211; VfB Stuttgart <\/em><\/strong><em>(GER)<\/em><strong><em> (18.30 Uhr)<\/em><\/strong><br><em><strong><img loading=\"lazy\" decoding=\"async\" width=\"415\" height=\"874\" class=\"wp-image-3656\" style=\"width: 10px\" src=\"https:\/\/kommentatorenblog.de\/wp-content\/uploads\/2020\/09\/shure-55sh-ii-e1601485394796.jpg\" alt=\"\" srcset=\"https:\/\/kommentatorenblog.de\/wp-content\/uploads\/2020\/09\/shure-55sh-ii-e1601485394796.jpg 415w, https:\/\/kommentatorenblog.de\/wp-content\/uploads\/2020\/09\/shure-55sh-ii-e1601485394796-142x300.jpg 142w\" sizes=\"auto, (max-width: 415px) 100vw, 415px\" \/><\/strong><\/em> Anton Drebs<br>Field-Reporterin: Farina Fichtner-Zenker<\/p>\n\n\n\n<hr class=\"wp-block-separator has-alpha-channel-opacity\"\/>\n\n\n\n<p class=\"wp-block-paragraph\"><strong>Die Analyse<\/strong><\/p>\n\n\n\n<p class=\"wp-block-paragraph\">Der TSV 1860 M\u00fcnchen startet nach dem Zwangsabstieg und dem Bruch mit Investor Ismaik zun\u00e4chst im Landespokal in die neue Saison. \u00dcberraschend hat sich DF1 dazu entschieden, bereits das Erstrundenspiel gegen Kreisligist Berglern zu \u00fcbertragen. Mit Basti Schwele hat man sich zudem einen bekannte Kommentator ans Mikro geholt, f\u00fcr den es somit innerhalb von nur zwei Tagen vom WM-Finale in den Amateurfu\u00dfball geht. Als Co-Kommentator wird ihn Ex-L\u00f6we Stefan Reisinger unterst\u00fctzen. Zwei Tage sp\u00e4ter startet die Regionalliga Bayern mit dem Spiel Aubstadt gegen Schweinfurt in die neue Saison, auch hier h\u00f6rt man mit Lukas Sch\u00f6nm\u00fcller im BR-Livestream eine bekannte Stimme. Der BR hat bekanntgegeben, seine Berichterstattung zur Regionalliga Bayern auszubauen und neben den bisherigen 38 Spielen auch noch ausgew\u00e4hlte weitere Begegnungen zu \u00fcbertragen. Angesichts dessen, dass das bisherige bayerische Drittliga-Aush\u00e4ngeschild 1860 nun in der Liga spielt, kommt das nicht wirklich \u00fcberraschend.<\/p>\n\n\n\n<p class=\"wp-block-paragraph\">Ebenfalls unter den sportlichen Entwicklungen der vergangenen Saison &#8222;leidet&#8220; der MDR. In Liga 3 spielt erstmals seit der Gr\u00fcndung 2008 kein Klub aus Sachsen, Sachsen-Anhalt oder Th\u00fcringen, alle spielen entweder mindestens eine Liga h\u00f6her oder tiefer. Somit wird sich der w\u00f6chentliche Live-Fu\u00dfball im MDR in dieser Saison nahezu ausschlie\u00dflich auf die Regionalliga Nordost beschr\u00e4nken. Allerdings l\u00e4sst die wachsende Zahl von Sublizenz-Partnern des Hauptrechteinhabers OSTSPORT.TV auch immer weniger Auswahlfreiheit neben der gesicherten einen Partie pro Spieltag. Nach dem Abstieg des FC Erzgebirge Aue zus\u00e4tzlich zum Chemnitzer FC und FSV Zwickau steigt nun auch noch die Freie Presse in den Bezug von Livestreams zur Regionalliga Nordost ein. Vom urspr\u00fcnglichen Zustand von OSTSPORT.TV als vor allem werbefinanzierte Plattform mit nahezu ausschlie\u00dflich kostenfreien \u00dcbertragungen ist mittlerweile nicht mehr viel \u00fcbrig, den letzte Livestream auf YouTube gab es vor mittlerweile 7 Monaten. Positiv ist, dass mittlerweile mehr Partien pro Spieltag \u00fcberhaupt live \u00fcbertragen werden, andererseits schm\u00e4lert die Vielzahl der n\u00f6tigen Abonnements die Reichweite. Dass die Liga durch die Abstiege traditionsreicher Klubs aus der 3. Liga und die schwierigen Bedingungen zum Aufstieg in diese an Attraktivit\u00e4t gewonnen hat, steht au\u00dfer Frage. Ob die Regionalligen allesamt in ihrer Struktur langfristig weiter so bestehen wie bisher, ist jedoch wegen des gro\u00dfen Reformdrucks ohnehin fraglich.<\/p>\n\n\n\n<p class=\"wp-block-paragraph\">*Edit: Die Mediengruppe Mitteldeutschland (MZ\/Volksstimme) bietet bereits seit der vergangenen Saison extra Abonnements nur f\u00fcr Sport an. Neu ist allerdings, dass die digitalen Inhalte nun in einer eigenen Mediathek geb\u00fcndelt werden, in der auch Livespiele au\u00dferhalb Sachsen-Anhalts verf\u00fcgbar sind. Das wiederum reduziert die Anzahl der f\u00fcr die RL Nordost notwendigen Abos.<\/p>\n\n\n\n<p class=\"wp-block-paragraph\">In einigen weiteren L\u00e4ndern nimmt der Klubfu\u00dfball auch so langsam wieder Fahrt auf, etwa in Schottland oder in S\u00fcdamerika.<\/p>\n\n\n\n<p class=\"wp-block-paragraph\">Erstmal viel Spa\u00df mit allem, was diese Woche bietet. Weitere Partien werden gegebenenfalls erg\u00e4nzt, ansonsten geht es in der n\u00e4chsten Woche \u00e4hnlich \u00fcbersichtlich weiter, ehe in der Woche darauf die 2. Bundesliga und die 3. Liga wieder starten.<\/p>\n","protected":false},"excerpt":{"rendered":"<p>N&#8217;Abend allerseits, Sportart ARD ZDF Hauptmoderation Stephanie M\u00fcller-Spirra Lena Kesting Er\u00f6ffnungsfeier Jan Neumann &#8211; Basketball 3&#215;3 Lukas Sch\u00f6nm\u00fcllerExperte: Leon Fertig Benni ZanderInterviews: Meili Scheidemann Beachvolleyball Benedikt BrinsaExpertin: Laura Ludwig Hermann ValkyserExperte: Jonas Reckermann BMX Flatland Jan WieckenExperte: Malte Orth Andreas K\u00fcrtenExperte: Alex ReinkeInterviews: Meili Scheidemann Bogenschie\u00dfen Sabrina BramowskiExperten: Jonathan Vetter, Jennifer WeitschInterviews: Ben Wozny Florian [&hellip;]<\/p>\n","protected":false},"author":10,"featured_media":0,"comment_status":"open","ping_status":"open","sticky":false,"template":"","format":"standard","meta":{"footnotes":""},"categories":[429],"tags":[],"coauthors":[1424,1428],"class_list":["post-27932","post","type-post","status-publish","format-standard","hentry","category-diverses"],"_links":{"self":[{"href":"https:\/\/kommentatorenblog.de\/index.php?rest_route=\/wp\/v2\/posts\/27932","targetHints":{"allow":["GET"]}}],"collection":[{"href":"https:\/\/kommentatorenblog.de\/index.php?rest_route=\/wp\/v2\/posts"}],"about":[{"href":"https:\/\/kommentatorenblog.de\/index.php?rest_route=\/wp\/v2\/types\/post"}],"author":[{"embeddable":true,"href":"https:\/\/kommentatorenblog.de\/index.php?rest_route=\/wp\/v2\/users\/10"}],"replies":[{"embeddable":true,"href":"https:\/\/kommentatorenblog.de\/index.php?rest_route=%2Fwp%2Fv2%2Fcomments&post=27932"}],"version-history":[{"count":70,"href":"https:\/\/kommentatorenblog.de\/index.php?rest_route=\/wp\/v2\/posts\/27932\/revisions"}],"predecessor-version":[{"id":28431,"href":"https:\/\/kommentatorenblog.de\/index.php?rest_route=\/wp\/v2\/posts\/27932\/revisions\/28431"}],"wp:attachment":[{"href":"https:\/\/kommentatorenblog.de\/index.php?rest_route=%2Fwp%2Fv2%2Fmedia&parent=27932"}],"wp:term":[{"taxonomy":"category","embeddable":true,"href":"https:\/\/kommentatorenblog.de\/index.php?rest_route=%2Fwp%2Fv2%2Fcategories&post=27932"},{"taxonomy":"post_tag","embeddable":true,"href":"https:\/\/kommentatorenblog.de\/index.php?rest_route=%2Fwp%2Fv2%2Ftags&post=27932"},{"taxonomy":"author","embeddable":true,"href":"https:\/\/kommentatorenblog.de\/index.php?rest_route=%2Fwp%2Fv2%2Fcoauthors&post=27932"}],"curies":[{"name":"wp","href":"https:\/\/api.w.org\/{rel}","templated":true}]}}