{"id":288,"date":"2019-09-09T18:38:39","date_gmt":"2019-09-09T18:38:39","guid":{"rendered":"http:\/\/kommentatorenblog.de\/?p=288"},"modified":"2020-12-30T16:06:54","modified_gmt":"2020-12-30T16:06:54","slug":"die-qual-der-wahl","status":"publish","type":"post","link":"https:\/\/kommentatorenblog.de\/?p=288","title":{"rendered":"1014 &#8211; Die Qual der Wahl"},"content":{"rendered":"\n<p>N\u2019Abend allerseits,<\/p>\n\n\n\n<p>die L\u00e4nderspielpause neigt sich langsam aber sicher ihrem Ende entgegen. Zuvor steht die deutsche Mannschaft heute in Belfast aber noch einmal geh\u00f6rig in der Pflicht. Marco Hagemann wird das unter Umst\u00e4nden richtungsweisende Qualispiel gleich gemeinsam mit Steffen Freund kommentieren.<\/p>\n\n\n\n<p>Das Duo begleitete bereits das traditionelle Nachbarschaftsduell gegen die Niederlande. Dabei erfuhr die erste H\u00e4lfte seitens Hagemann und Freund die gleiche n\u00fcchterne Gelassenheit, die sich auch auf dem Spielfeld \u00e4u\u00dferte. Nach dem Seitenwechsel war dann mehr Raum f\u00fcr szenische Kommentare statt langatmiger Analysen. Dass Jogis Elf deutlich besser und mit zwei Gro\u00dfchancen umkleidet aus der Kabine kam, wurde ob der vermeintlich \u201edr\u00fcckenden \u00dcberlegenheit\u201c der Niederl\u00e4nder &#8211; wohlgemerkt dank Toren nach einem individuellen Fehler und den Nachwehen einer Ecke &#8211; in meinen Augen etwas zu sehr unterschlagen.&nbsp;<\/p>\n\n\n\n<p>Sympathiepunkte erntete Hagemann wenig sp\u00e4ter daf\u00fcr, sich beim Elfmeterpfiff gegen die Niederlande, zurecht nicht blind hinter die Schiedsrichterentscheidung zu stellen, wie es bei einigen Bundesligakommentatoren vielleicht der Fall gewesen w\u00e4re. F\u00fcr den Rest durfte sich die RTL-Sprecherkabine \u00fcber eine torreiche Schlussphase freuen, wenngleich es die Buden meist auf der falschen Seite hagelte.<\/p>\n\n\n\n<p><span style=\"text-decoration: underline;\">Die Ansetzungen vom 10. September 2019 bis zum 12. September 2019<\/span><\/p>\n\n\n\n<p><strong>EM \u2013 Qualifikation, 5. Spieltag<\/strong><\/p>\n\n\n\n<p><span style=\"text-decoration: underline;\">Dienstag, 10.09.2019 (DAZN)<\/span><\/p>\n\n\n\n<p><strong><em>England &#8211; Kosovo (20.45 Uhr)<\/em><\/strong><\/p>\n\n\n\n<p>DAZN: Tobi Fischbeck, Ralph Gunesch (Experte)<\/p>\n\n\n\n<p><em><strong>Frankreich \u2013 Andorra (20.45 Uhr)<\/strong><\/em><\/p>\n\n\n\n<p>DAZN: Stefan Galler, Alexis Menuge (Experte)<\/p>\n\n\n\n<p><em><strong>Moldawien \u2013 T\u00fcrkei (20.45 Uhr)<\/strong><\/em><\/p>\n\n\n\n<p>DAZN: Guido H\u00fcsgen<\/p>\n\n\n\n<p><strong>Internationale Freundschaftsspiele<\/strong><\/p>\n\n\n\n<p><span style=\"text-decoration: underline;\">Mittwoch, 11.09.2019 (DAZN)<\/span><\/p>\n\n\n\n<p><strong><em>Brasilien &#8211; Peru (05.00 Uhr)<\/em><\/strong><\/p>\n\n\n\n<p>DAZN: Marcel Seufert&nbsp;<\/p>\n\n\n\n<p><strong>U21 \u2013 L\u00e4nderspiele<\/strong><\/p>\n\n\n\n<p><span style=\"text-decoration: underline;\">Dienstag, 10.09.2019, ab 19.45 Uhr (ProSieben Maxx)<\/span><\/p>\n\n\n\n<p><strong><em>Deutschland \u2013 Wales (20.00 Uhr)<\/em><\/strong><\/p>\n\n\n\n<p>ProSieben Maxx: Uwe Morawe (Kommentar), Field-Reporter: Max Zielke<\/p>\n\n\n\n<p>Moderation (ProSieben Maxx): Christian D\u00fcren, Ren\u00e9 Adler<\/p>\n\n\n\n<p><strong>Copa de Brasil &#8211; Finale, Hinspiel<\/strong><\/p>\n\n\n\n<p><span style=\"text-decoration: underline;\">Mittwoch, 10.09.2019 (sportdigital FUSSBALL)<\/span><\/p>\n\n\n\n<p><strong><em>Palmeiras &#8211; Fluminense (02:00 Uhr)<\/em><\/strong><\/p>\n\n\n\n<p>sportdigital FUSSBALL: ???<\/p>\n\n\n\n<p><strong>Die Analyse<\/strong><\/p>\n\n\n\n<p>Allzu viel Fu\u00dfball steht unter der Woche nicht an. Das ist zu verkraften, wenn man bedenkt, dass eine Woche sp\u00e4ter in Champions und Europa League endlich der Startschuss ert\u00f6nt. F\u00fcr den Moment liegt das Augenmerk auf DAZN, das sich mit ein paar letzten Partien aus den L\u00e4nderspielen verabschiedet. Da die Begegnungen selbst aus deutscher Perspektive nur bedingtes Vermarktungspotenzial mit sich bringen, hat der Streamingdienst die Qual der Wahl, f\u00fcr welche &#8222;Kracher&#8220; ein deutscher Kommentar angesetzt wird.<\/p>\n\n\n\n<p>Die Wahl f\u00e4llt dabei zum Beispiel auf das nominelle Topspiel in Gruppe A zwischen England und dem Zweitplatzierten Kosovo. Ralph Gunesch, der in den letzten Wochen schon sehr h\u00e4ufig zum Einsatz kam, begleitet Tobi Fischbeck als Experte. Zudem berichtet man von der Begegnung des Ersten gegen den Letzten in Gruppe H. Andorra trifft auf den franz\u00f6sischen Riesen von Nebenan. Frankreich- und Ligue1-Experte Alexis Menuge ist logischerweise mit von der Partie. Der langj\u00e4hrige Weggef\u00e4hrte Franck Riberys sitzt an der Seite von Stefan Galler. Guido H\u00fcsgen mutiert derweil zum regelrechten Fachmann f\u00fcr Spiele der t\u00fcrkischen Nationalmannschaft, welche es mit Moldawien zu tun bekommt.<\/p>\n\n\n\n<p>ProSieben Maxx setzt f\u00fcr das erste EM-Quali-Spiel der U21 auf das gleiche Quartett, das schon beim Test gegen Griechenland die Berichterstattung betrieb. Ren\u00e9 Adler darf da nat\u00fcrlich nicht fehlen. Der langj\u00e4hrige Bundesligakeeper m\u00f6chte wohl mittelfristig zum sender\u00fcbergreifenden Dauerbrenner-Experten aufsteigen.<\/p>\n","protected":false},"excerpt":{"rendered":"<p>N\u2019Abend allerseits, die L\u00e4nderspielpause neigt sich langsam aber sicher ihrem Ende entgegen. Zuvor steht die deutsche Mannschaft heute in Belfast aber noch einmal geh\u00f6rig in der Pflicht. Marco Hagemann wird das unter Umst\u00e4nden richtungsweisende Qualispiel gleich gemeinsam mit Steffen Freund kommentieren. Das Duo begleitete bereits das traditionelle Nachbarschaftsduell gegen die Niederlande. Dabei erfuhr die erste [&hellip;]<\/p>\n","protected":false},"author":2,"featured_media":0,"comment_status":"open","ping_status":"open","sticky":false,"template":"","format":"standard","meta":{"footnotes":""},"categories":[426],"tags":[153,13,147,155,43,137,108,84,138,154,151,152,136],"class_list":["post-288","post","type-post","status-publish","format-standard","hentry","category-laenderspiele","tag-alexis-menuge","tag-dazn","tag-european-qualifiers","tag-guido-huesgen","tag-marco-hagemann","tag-prosieben-maxx","tag-ralph-gunesch","tag-rene-adler","tag-rtl","tag-stefan-galler","tag-steffen-freund","tag-tobi-fischbeck","tag-u21"],"_links":{"self":[{"href":"https:\/\/kommentatorenblog.de\/index.php?rest_route=\/wp\/v2\/posts\/288","targetHints":{"allow":["GET"]}}],"collection":[{"href":"https:\/\/kommentatorenblog.de\/index.php?rest_route=\/wp\/v2\/posts"}],"about":[{"href":"https:\/\/kommentatorenblog.de\/index.php?rest_route=\/wp\/v2\/types\/post"}],"author":[{"embeddable":true,"href":"https:\/\/kommentatorenblog.de\/index.php?rest_route=\/wp\/v2\/users\/2"}],"replies":[{"embeddable":true,"href":"https:\/\/kommentatorenblog.de\/index.php?rest_route=%2Fwp%2Fv2%2Fcomments&post=288"}],"version-history":[{"count":5,"href":"https:\/\/kommentatorenblog.de\/index.php?rest_route=\/wp\/v2\/posts\/288\/revisions"}],"predecessor-version":[{"id":293,"href":"https:\/\/kommentatorenblog.de\/index.php?rest_route=\/wp\/v2\/posts\/288\/revisions\/293"}],"wp:attachment":[{"href":"https:\/\/kommentatorenblog.de\/index.php?rest_route=%2Fwp%2Fv2%2Fmedia&parent=288"}],"wp:term":[{"taxonomy":"category","embeddable":true,"href":"https:\/\/kommentatorenblog.de\/index.php?rest_route=%2Fwp%2Fv2%2Fcategories&post=288"},{"taxonomy":"post_tag","embeddable":true,"href":"https:\/\/kommentatorenblog.de\/index.php?rest_route=%2Fwp%2Fv2%2Ftags&post=288"}],"curies":[{"name":"wp","href":"https:\/\/api.w.org\/{rel}","templated":true}]}}