{"id":28808,"date":"2026-09-03T18:56:37","date_gmt":"2026-09-03T16:56:37","guid":{"rendered":"https:\/\/kommentatorenblog.de\/?p=28808"},"modified":"2026-09-03T18:56:38","modified_gmt":"2026-09-03T16:56:38","slug":"hoerfunk-33-toooor-in","status":"publish","type":"post","link":"https:\/\/kommentatorenblog.de\/?p=28808","title":{"rendered":"H\u00f6rfunk #33 &#8211; Toooor in&#8230;"},"content":{"rendered":"\n<p class=\"wp-block-paragraph\">Hallo zusammen,<\/p>\n\n\n\n<p class=\"wp-block-paragraph\">zweite Spieltag und damit auch wieder die zweite Bundesliga-Konferenz der Saison, die immer weiter fahrt aufnimmt. Am Dienstag startet n\u00e4mlich auch die K\u00f6nigsklasse bei den M\u00e4nnern in ihre Saison. Neben den TV-\u00dcbertragungen wird die Sportschau auch in der Saison wieder \u00fcber die Partien berichten. Wie gewohnt wird es Einzelstreams und bei parallelen Spielen auch Konferenzen der deutschen Spiele geben. Dabei gilt: wenn die Partie um 21.00 Uhr angepfiffen wird, dann gibt es sie wie im letzten Jahr dienstags und mittwochs auch in den ARD-Infowellen zu h\u00f6ren, ansonsten digital \u00fcber ARD Sounds oder sportschau.de. Wer die Partien am ersten Spieltag kommentieren wird, erfahrt ihr hier im Update am Montag.<\/p>\n\n\n\n<p class=\"wp-block-paragraph\">Bereits am Freitag findet die Auslosung f\u00fcr die Champions League der Frauen. Hier \u00fcbernimmt dann das ZDF die Berichterstattung und \u00fcbertr\u00e4gt im Stream (Claudia Neumann &amp; Kathrin Lehmann) ebenso wie Disney+. W\u00e4hrend Disney+ die Rechte an allen Spielen h\u00e4lt, wird das ZDF ab dieser Saison ein Spiel pro Spieltag live \u00fcbertragen\/streamen. Da es sowohl Wolfsburg als auch die Eintracht nicht in die Ligaphase geschafft haben, d\u00fcrften das dann wohl alle M\u00fcnchner Gruppenspiele sein. Vermutlich wird der HR dann wieder einen Audiostream von den Partien der Frankfurterinnen anbieten, w\u00e4hrend das TV-Bild im Vereinsfernsehen zu sehen sein wird, w\u00fcnschenswert w\u00e4re eine andere L\u00f6sung bei den W\u00f6lfinnen, aber das ist Spekulation, jetzt rein in die Fakten mit den Ansetzungen:<\/p>\n\n\n\n<p class=\"wp-block-paragraph\"><strong>Die Ansetzungen im ARD H\u00f6rfunk vom 04. bis 07. September 2026<\/strong><\/p>\n\n\n\n<p class=\"wp-block-paragraph\">(<img loading=\"lazy\" decoding=\"async\" width=\"16\" height=\"16\" class=\"wp-image-23920\" style=\"width: 16px;\" src=\"https:\/\/kommentatorenblog.de\/wp-content\/uploads\/2026\/01\/icons8-90-16.png\" alt=\"\"> = Vollreportage, <img loading=\"lazy\" decoding=\"async\" width=\"16\" height=\"16\" class=\"wp-image-23919\" style=\"width: 16px;\" src=\"https:\/\/kommentatorenblog.de\/wp-content\/uploads\/2026\/01\/icons8-telefon-30.png\" alt=\"\"> = Konferenz, <img loading=\"lazy\" decoding=\"async\" width=\"16\" height=\"16\" class=\"wp-image-23922\" style=\"width: 16px;\" src=\"https:\/\/kommentatorenblog.de\/wp-content\/uploads\/2026\/01\/icons8-radio-50.png\" alt=\"\"> = UKW-Einblendungen, <img loading=\"lazy\" decoding=\"async\" width=\"15\" height=\"15\" class=\"wp-image-23970\" style=\"width: 15px;\" src=\"https:\/\/kommentatorenblog.de\/wp-content\/uploads\/2026\/01\/icons8-mikrofon-25.png\" alt=\"\"> = Interviews)<\/p>\n\n\n\n<hr class=\"wp-block-separator has-alpha-channel-opacity\"\/>\n\n\n\n<p class=\"wp-block-paragraph\"><strong>Bundesliga, 2. Spieltag (ARD-H\u00f6rfunk \/ ARD Sounds)<\/strong><\/p>\n\n\n\n<p class=\"wp-block-paragraph\"><span style=\"text-decoration: underline;\">Freitag, 04. September 2026<\/span><\/p>\n\n\n\n<p class=\"wp-block-paragraph\"><strong><em>VfB Stuttgart \u2013 1. FC K\u00f6ln (20.30 Uhr)<\/em><\/strong><br><img loading=\"lazy\" decoding=\"async\" width=\"16\" height=\"16\" class=\"wp-image-23920\" style=\"width: 16px;\" src=\"https:\/\/kommentatorenblog.de\/wp-content\/uploads\/2026\/01\/icons8-90-16.png\" alt=\"\"> Markos Kastanis<br><img loading=\"lazy\" decoding=\"async\" width=\"16\" height=\"16\" class=\"wp-image-23922\" style=\"width: 16px;\" src=\"https:\/\/kommentatorenblog.de\/wp-content\/uploads\/2026\/01\/icons8-radio-50.png\" alt=\"\"> Patrick Stricker<br><img loading=\"lazy\" decoding=\"async\" width=\"15\" height=\"15\" class=\"wp-image-23970\" style=\"width: 15px;\" src=\"https:\/\/kommentatorenblog.de\/wp-content\/uploads\/2026\/01\/icons8-mikrofon-25.png\" alt=\"\"> Michael Bollenbacher<\/p>\n\n\n\n<p class=\"wp-block-paragraph\"><span style=\"text-decoration: underline;\">Samstag, 05. September 2026<\/span><\/p>\n\n\n\n<p class=\"wp-block-paragraph\"><strong><em>Bayer 04 Leverkusen \u2013 1. FC Union Berlin (15.30 Uhr)<\/em><\/strong><br><img loading=\"lazy\" decoding=\"async\" width=\"16\" height=\"16\" class=\"wp-image-23920\" style=\"width: 16px;\" src=\"https:\/\/kommentatorenblog.de\/wp-content\/uploads\/2026\/01\/icons8-90-16.png\" alt=\"\"> Fritz Rasch<br><img loading=\"lazy\" decoding=\"async\" width=\"16\" height=\"16\" class=\"wp-image-23919\" style=\"width: 16px;\" src=\"https:\/\/kommentatorenblog.de\/wp-content\/uploads\/2026\/01\/icons8-telefon-30.png\" alt=\"\"> Daniel Neuhaus<br><img loading=\"lazy\" decoding=\"async\" width=\"16\" height=\"16\" class=\"wp-image-23922\" style=\"width: 16px;\" src=\"https:\/\/kommentatorenblog.de\/wp-content\/uploads\/2026\/01\/icons8-radio-50.png\" alt=\"\"> Burkhard Hupe<br><img loading=\"lazy\" decoding=\"async\" width=\"15\" height=\"15\" class=\"wp-image-23970\" style=\"width: 15px;\" src=\"https:\/\/kommentatorenblog.de\/wp-content\/uploads\/2026\/01\/icons8-mikrofon-25.png\" alt=\"\"> Torge Hidding<\/p>\n\n\n\n<p class=\"wp-block-paragraph\"><strong><em>Borussia M\u00f6nchengladbach \u2013 SV 07 Elversberg (15.30 Uhr)<\/em><\/strong><br><img loading=\"lazy\" decoding=\"async\" width=\"16\" height=\"16\" class=\"wp-image-23920\" style=\"width: 16px;\" src=\"https:\/\/kommentatorenblog.de\/wp-content\/uploads\/2026\/01\/icons8-90-16.png\" alt=\"\"> Stefan H\u00e4nsel<br><img loading=\"lazy\" decoding=\"async\" width=\"16\" height=\"16\" class=\"wp-image-23919\" style=\"width: 16px;\" src=\"https:\/\/kommentatorenblog.de\/wp-content\/uploads\/2026\/01\/icons8-telefon-30.png\" alt=\"\"> Jens Walbrodt<br><img loading=\"lazy\" decoding=\"async\" width=\"16\" height=\"16\" class=\"wp-image-23922\" style=\"width: 16px;\" src=\"https:\/\/kommentatorenblog.de\/wp-content\/uploads\/2026\/01\/icons8-radio-50.png\" alt=\"\"> Tim Wichmann \/ Matthew Genest-Sch\u00f6n (SR 3)<br><img loading=\"lazy\" decoding=\"async\" width=\"15\" height=\"15\" class=\"wp-image-23970\" style=\"width: 15px;\" src=\"https:\/\/kommentatorenblog.de\/wp-content\/uploads\/2026\/01\/icons8-mikrofon-25.png\" alt=\"\"> Ulli Sch\u00e4fer<\/p>\n\n\n\n<p class=\"wp-block-paragraph\"><strong><em>SC Paderborn 07 \u2013 SC Freiburg (15.30 Uhr)<\/em><\/strong><br><img loading=\"lazy\" decoding=\"async\" width=\"16\" height=\"16\" class=\"wp-image-23920\" style=\"width: 16px;\" src=\"https:\/\/kommentatorenblog.de\/wp-content\/uploads\/2026\/01\/icons8-90-16.png\" alt=\"\"> Sara Schwedmann<br><img loading=\"lazy\" decoding=\"async\" width=\"16\" height=\"16\" class=\"wp-image-23919\" style=\"width: 16px;\" src=\"https:\/\/kommentatorenblog.de\/wp-content\/uploads\/2026\/01\/icons8-telefon-30.png\" alt=\"\"> Luise Kropff<br><img loading=\"lazy\" decoding=\"async\" width=\"16\" height=\"16\" class=\"wp-image-23922\" style=\"width: 16px;\" src=\"https:\/\/kommentatorenblog.de\/wp-content\/uploads\/2026\/01\/icons8-radio-50.png\" alt=\"\"> Moritz K\u00fchn<br><img loading=\"lazy\" decoding=\"async\" width=\"15\" height=\"15\" class=\"wp-image-23970\" style=\"width: 15px;\" src=\"https:\/\/kommentatorenblog.de\/wp-content\/uploads\/2026\/01\/icons8-mikrofon-25.png\" alt=\"\"> Christian Schulze<\/p>\n\n\n\n<p class=\"wp-block-paragraph\"><strong><em>SV Werder Bremen \u2013 RB Leipzig (15.30 Uhr)<\/em><\/strong><br><img loading=\"lazy\" decoding=\"async\" width=\"16\" height=\"16\" class=\"wp-image-23920\" style=\"width: 16px;\" src=\"https:\/\/kommentatorenblog.de\/wp-content\/uploads\/2026\/01\/icons8-90-16.png\" alt=\"\"> Olaf Rathje<br><img loading=\"lazy\" decoding=\"async\" width=\"16\" height=\"16\" class=\"wp-image-23919\" style=\"width: 16px;\" src=\"https:\/\/kommentatorenblog.de\/wp-content\/uploads\/2026\/01\/icons8-telefon-30.png\" alt=\"\"> Felix Gerhardt<br><img loading=\"lazy\" decoding=\"async\" width=\"16\" height=\"16\" class=\"wp-image-23922\" style=\"width: 16px;\" src=\"https:\/\/kommentatorenblog.de\/wp-content\/uploads\/2026\/01\/icons8-radio-50.png\" alt=\"\"> Heiko Neugebauer \/ Axel Pusitzky \/ Moritz Cassalette (NDR 2)<br><img loading=\"lazy\" decoding=\"async\" width=\"15\" height=\"15\" class=\"wp-image-23970\" style=\"width: 15px;\" src=\"https:\/\/kommentatorenblog.de\/wp-content\/uploads\/2026\/01\/icons8-mikrofon-25.png\" alt=\"\"> Felix Illemann<\/p>\n\n\n\n<p class=\"wp-block-paragraph\"><strong><em>TSG 1899 Hoffenheim \u2013 Borussia Dortmund (15.30 Uhr)<\/em><\/strong><br><img loading=\"lazy\" decoding=\"async\" width=\"16\" height=\"16\" class=\"wp-image-23920\" style=\"width: 16px;\" src=\"https:\/\/kommentatorenblog.de\/wp-content\/uploads\/2026\/01\/icons8-90-16.png\" alt=\"\"> Patrick Stricker<br><img loading=\"lazy\" decoding=\"async\" width=\"16\" height=\"16\" class=\"wp-image-23919\" style=\"width: 16px;\" src=\"https:\/\/kommentatorenblog.de\/wp-content\/uploads\/2026\/01\/icons8-telefon-30.png\" alt=\"\"> Ann-Kathrin Rose<br><img loading=\"lazy\" decoding=\"async\" width=\"16\" height=\"16\" class=\"wp-image-23922\" style=\"width: 16px;\" src=\"https:\/\/kommentatorenblog.de\/wp-content\/uploads\/2026\/01\/icons8-radio-50.png\" alt=\"\"> Florian Winkler<br><img loading=\"lazy\" decoding=\"async\" width=\"15\" height=\"15\" class=\"wp-image-23970\" style=\"width: 15px;\" src=\"https:\/\/kommentatorenblog.de\/wp-content\/uploads\/2026\/01\/icons8-mikrofon-25.png\" alt=\"\"> Kersten Eichhorn<\/p>\n\n\n\n<p class=\"wp-block-paragraph\"><strong><em>FC Schalke 04 \u2013 FC Bayern M\u00fcnchen (18.30 Uhr)<\/em><\/strong><br><img loading=\"lazy\" decoding=\"async\" width=\"16\" height=\"16\" class=\"wp-image-23920\" style=\"width: 16px;\" src=\"https:\/\/kommentatorenblog.de\/wp-content\/uploads\/2026\/01\/icons8-90-16.png\" alt=\"\"> Jan Wochner<br><img loading=\"lazy\" decoding=\"async\" width=\"16\" height=\"16\" class=\"wp-image-23922\" style=\"width: 16px;\" src=\"https:\/\/kommentatorenblog.de\/wp-content\/uploads\/2026\/01\/icons8-radio-50.png\" alt=\"\"> Holger Dahl<br><img loading=\"lazy\" decoding=\"async\" width=\"15\" height=\"15\" class=\"wp-image-23970\" style=\"width: 15px;\" src=\"https:\/\/kommentatorenblog.de\/wp-content\/uploads\/2026\/01\/icons8-mikrofon-25.png\" alt=\"\"> Uwe Dietz<\/p>\n\n\n\n<p class=\"wp-block-paragraph\"><span style=\"text-decoration: underline;\">Sonntag, 06. September 2026<\/span><\/p>\n\n\n\n<p class=\"wp-block-paragraph\"><strong><em>Hamburger SV \u2013 1. FSV Mainz 05 (15.30 Uhr)<\/em><\/strong><br><img loading=\"lazy\" decoding=\"async\" width=\"16\" height=\"16\" class=\"wp-image-23920\" style=\"width: 16px;\" src=\"https:\/\/kommentatorenblog.de\/wp-content\/uploads\/2026\/01\/icons8-90-16.png\" alt=\"\"> J\u00f6rg Tegelh\u00fctter<br><img loading=\"lazy\" decoding=\"async\" width=\"16\" height=\"16\" class=\"wp-image-23922\" style=\"width: 16px;\" src=\"https:\/\/kommentatorenblog.de\/wp-content\/uploads\/2026\/01\/icons8-radio-50.png\" alt=\"\"> Moritz Cassalette \/ Lars Pegelow (NDR 90,3)<br><img loading=\"lazy\" decoding=\"async\" width=\"15\" height=\"15\" class=\"wp-image-23970\" style=\"width: 15px;\" src=\"https:\/\/kommentatorenblog.de\/wp-content\/uploads\/2026\/01\/icons8-mikrofon-25.png\" alt=\"\"> Michael Maske<\/p>\n\n\n\n<p class=\"wp-block-paragraph\"><strong><em>SG Eintracht Frankfurt \u2013 FC Augsburg (17.30 Uhr)<\/em><\/strong><br><img loading=\"lazy\" decoding=\"async\" width=\"16\" height=\"16\" class=\"wp-image-23920\" style=\"width: 16px;\" src=\"https:\/\/kommentatorenblog.de\/wp-content\/uploads\/2026\/01\/icons8-90-16.png\" alt=\"\"> Sven Litzenberg<br><img loading=\"lazy\" decoding=\"async\" width=\"16\" height=\"16\" class=\"wp-image-23922\" style=\"width: 16px;\" src=\"https:\/\/kommentatorenblog.de\/wp-content\/uploads\/2026\/01\/icons8-radio-50.png\" alt=\"\"> Martina Knief<br><img loading=\"lazy\" decoding=\"async\" width=\"15\" height=\"15\" class=\"wp-image-23970\" style=\"width: 15px;\" src=\"https:\/\/kommentatorenblog.de\/wp-content\/uploads\/2026\/01\/icons8-mikrofon-25.png\" alt=\"\"> Heiko Neumann<\/p>\n\n\n\n<hr class=\"wp-block-separator has-alpha-channel-opacity\"\/>\n\n\n\n<p class=\"wp-block-paragraph\"><strong>Frauen-Bundesliga, 3. Spieltag<\/strong><\/p>\n\n\n\n<p class=\"wp-block-paragraph\"><span style=\"text-decoration: underline;\">Samstag, 05. September 2026<\/span><\/p>\n\n\n\n<p class=\"wp-block-paragraph\"><strong><em>Hamburger SV \u2013 RB Leipzig (12.00 Uhr)<\/em><\/strong><br><img loading=\"lazy\" decoding=\"async\" width=\"16\" height=\"16\" class=\"wp-image-23922\" style=\"width: 16px;\" src=\"https:\/\/kommentatorenblog.de\/wp-content\/uploads\/2026\/01\/icons8-radio-50.png\" alt=\"\"> ??? (NDR 90,3)<\/p>\n\n\n\n<p class=\"wp-block-paragraph\"><span style=\"text-decoration: underline;\">Sonntag, 06. September 2026<\/span><\/p>\n\n\n\n<p class=\"wp-block-paragraph\"><strong><em>VfL Wolfsburg \u2013 SV Werder Bremen (14.00 Uhr)<\/em><\/strong><br><img loading=\"lazy\" decoding=\"async\" width=\"16\" height=\"16\" class=\"wp-image-23922\" style=\"width: 16px;\" src=\"https:\/\/kommentatorenblog.de\/wp-content\/uploads\/2026\/01\/icons8-radio-50.png\" alt=\"\"> ???<\/p>\n\n\n\n<p class=\"wp-block-paragraph\"><strong><em>FC Bayern M\u00fcnchen \u2013 SC Freiburg (16.00 Uhr)<\/em><\/strong><br><img loading=\"lazy\" decoding=\"async\" width=\"16\" height=\"16\" class=\"wp-image-23922\" style=\"width: 16px;\" src=\"https:\/\/kommentatorenblog.de\/wp-content\/uploads\/2026\/01\/icons8-radio-50.png\" alt=\"\"> ???<\/p>\n\n\n\n<p class=\"wp-block-paragraph\"><span style=\"text-decoration: underline;\">Montag, 07. September 2026<\/span><\/p>\n\n\n\n<p class=\"wp-block-paragraph\"><strong><em>1. FC Union Berlin \u2013 Eintracht Frankfurt (18.00 Uhr)<\/em><\/strong><br><img loading=\"lazy\" decoding=\"async\" width=\"16\" height=\"16\" class=\"wp-image-23922\" style=\"width: 16px;\" src=\"https:\/\/kommentatorenblog.de\/wp-content\/uploads\/2026\/01\/icons8-radio-50.png\" alt=\"\"> ???<\/p>\n\n\n\n<hr class=\"wp-block-separator has-alpha-channel-opacity\"\/>\n\n\n\n<p class=\"wp-block-paragraph\"><strong>2. Bundesliga, 4. Spieltag (ARD-H\u00f6rfunk \/ ARD Sounds)<\/strong><\/p>\n\n\n\n<p class=\"wp-block-paragraph\"><span style=\"text-decoration: underline;\">Freitag, 04. September 2026<\/span><\/p>\n\n\n\n<p class=\"wp-block-paragraph\"><strong><em>DSC Arminia Bielefeld \u2013 FC St. Pauli (18.30 Uhr)<\/em><\/strong><br><img loading=\"lazy\" decoding=\"async\" width=\"16\" height=\"16\" class=\"wp-image-23920\" style=\"width: 16px;\" src=\"https:\/\/kommentatorenblog.de\/wp-content\/uploads\/2026\/01\/icons8-90-16.png\" alt=\"\"> Burkhard Hupe<br><img loading=\"lazy\" decoding=\"async\" width=\"16\" height=\"16\" class=\"wp-image-23922\" style=\"width: 16px;\" src=\"https:\/\/kommentatorenblog.de\/wp-content\/uploads\/2026\/01\/icons8-radio-50.png\" alt=\"\"> Christian Schulze<br><img loading=\"lazy\" decoding=\"async\" width=\"15\" height=\"15\" class=\"wp-image-23970\" style=\"width: 15px;\" src=\"https:\/\/kommentatorenblog.de\/wp-content\/uploads\/2026\/01\/icons8-mikrofon-25.png\" alt=\"\"> Mareike Zeck<\/p>\n\n\n\n<p class=\"wp-block-paragraph\"><strong><em>Hannover 96 \u2013 Karlsruher SC (18.30 Uhr)<\/em><\/strong><br><img loading=\"lazy\" decoding=\"async\" width=\"16\" height=\"16\" class=\"wp-image-23920\" style=\"width: 16px;\" src=\"https:\/\/kommentatorenblog.de\/wp-content\/uploads\/2026\/01\/icons8-90-16.png\" alt=\"\"> Patric Seibel<br><img loading=\"lazy\" decoding=\"async\" width=\"16\" height=\"16\" class=\"wp-image-23922\" style=\"width: 16px;\" src=\"https:\/\/kommentatorenblog.de\/wp-content\/uploads\/2026\/01\/icons8-radio-50.png\" alt=\"\"> Kristoffer Klein<br><img loading=\"lazy\" decoding=\"async\" width=\"15\" height=\"15\" class=\"wp-image-23970\" style=\"width: 15px;\" src=\"https:\/\/kommentatorenblog.de\/wp-content\/uploads\/2026\/01\/icons8-mikrofon-25.png\" alt=\"\"> Tom Gerntke<\/p>\n\n\n\n<p class=\"wp-block-paragraph\"><span style=\"text-decoration: underline;\">Samstag, 05. September 2026<\/span><\/p>\n\n\n\n<p class=\"wp-block-paragraph\"><strong><em>1. FC Kaiserslautern \u2013 SV Darmstadt 98 (13.00 Uhr)<\/em><\/strong><br><img loading=\"lazy\" decoding=\"async\" width=\"16\" height=\"16\" class=\"wp-image-23920\" style=\"width: 16px;\" src=\"https:\/\/kommentatorenblog.de\/wp-content\/uploads\/2026\/01\/icons8-90-16.png\" alt=\"\"> David Luding<br><img loading=\"lazy\" decoding=\"async\" width=\"16\" height=\"16\" class=\"wp-image-23922\" style=\"width: 16px;\" src=\"https:\/\/kommentatorenblog.de\/wp-content\/uploads\/2026\/01\/icons8-radio-50.png\" alt=\"\"> Daniel G\u00fcnther<br><img loading=\"lazy\" decoding=\"async\" width=\"15\" height=\"15\" class=\"wp-image-23970\" style=\"width: 15px;\" src=\"https:\/\/kommentatorenblog.de\/wp-content\/uploads\/2026\/01\/icons8-mikrofon-25.png\" alt=\"\"> Marius M\u00fcller<\/p>\n\n\n\n<p class=\"wp-block-paragraph\"><strong><em>Holstein Kiel \u2013 1. FC N\u00fcrnberg (13.00 Uhr)<\/em><\/strong><br><img loading=\"lazy\" decoding=\"async\" width=\"16\" height=\"16\" class=\"wp-image-23920\" style=\"width: 16px;\" src=\"https:\/\/kommentatorenblog.de\/wp-content\/uploads\/2026\/01\/icons8-90-16.png\" alt=\"\"> Stefan Grothoff<br><img loading=\"lazy\" decoding=\"async\" width=\"16\" height=\"16\" class=\"wp-image-23922\" style=\"width: 16px;\" src=\"https:\/\/kommentatorenblog.de\/wp-content\/uploads\/2026\/01\/icons8-radio-50.png\" alt=\"\"> Ina Kast \/ Samir Chawki (NDR 1 Welle Nord)<br><img loading=\"lazy\" decoding=\"async\" width=\"15\" height=\"15\" class=\"wp-image-23970\" style=\"width: 15px;\" src=\"https:\/\/kommentatorenblog.de\/wp-content\/uploads\/2026\/01\/icons8-mikrofon-25.png\" alt=\"\"> Jonas Freudenhammer<\/p>\n\n\n\n<p class=\"wp-block-paragraph\"><strong><em>VfL Wolfsburg \u2013 FC Energie Cottbus (13.00 Uhr)<\/em><\/strong><br><img loading=\"lazy\" decoding=\"async\" width=\"16\" height=\"16\" class=\"wp-image-23920\" style=\"width: 16px;\" src=\"https:\/\/kommentatorenblog.de\/wp-content\/uploads\/2026\/01\/icons8-90-16.png\" alt=\"\"> Tiede Thedinga<br><img loading=\"lazy\" decoding=\"async\" width=\"16\" height=\"16\" class=\"wp-image-23922\" style=\"width: 16px;\" src=\"https:\/\/kommentatorenblog.de\/wp-content\/uploads\/2026\/01\/icons8-radio-50.png\" alt=\"\"> Michael Augustin<br><img loading=\"lazy\" decoding=\"async\" width=\"15\" height=\"15\" class=\"wp-image-23970\" style=\"width: 15px;\" src=\"https:\/\/kommentatorenblog.de\/wp-content\/uploads\/2026\/01\/icons8-mikrofon-25.png\" alt=\"\"> Inka Blumensaat<\/p>\n\n\n\n<p class=\"wp-block-paragraph\"><strong><em>Dynamo Dresden \u2013 VfL Bochum (20.30 Uhr)<\/em><\/strong><br><img loading=\"lazy\" decoding=\"async\" width=\"16\" height=\"16\" class=\"wp-image-23920\" style=\"width: 16px;\" src=\"https:\/\/kommentatorenblog.de\/wp-content\/uploads\/2026\/01\/icons8-90-16.png\" alt=\"\"> Philipp Wei\u00dfkirch<br><img loading=\"lazy\" decoding=\"async\" width=\"16\" height=\"16\" class=\"wp-image-23922\" style=\"width: 16px;\" src=\"https:\/\/kommentatorenblog.de\/wp-content\/uploads\/2026\/01\/icons8-radio-50.png\" alt=\"\"> Eric Bader<\/p>\n\n\n\n<p class=\"wp-block-paragraph\"><span style=\"text-decoration: underline;\">Sonntag, 06. September 2026<\/span><\/p>\n\n\n\n<p class=\"wp-block-paragraph\"><strong><em>Hertha BSC \u2013 1. FC Magdeburg (13.30 Uhr)<\/em><\/strong><br><img loading=\"lazy\" decoding=\"async\" width=\"16\" height=\"16\" class=\"wp-image-23920\" style=\"width: 16px;\" src=\"https:\/\/kommentatorenblog.de\/wp-content\/uploads\/2026\/01\/icons8-90-16.png\" alt=\"\"> Lars Becker<br><img loading=\"lazy\" decoding=\"async\" width=\"16\" height=\"16\" class=\"wp-image-23922\" style=\"width: 16px;\" src=\"https:\/\/kommentatorenblog.de\/wp-content\/uploads\/2026\/01\/icons8-radio-50.png\" alt=\"\"> Christian Riedel<br><img loading=\"lazy\" decoding=\"async\" width=\"15\" height=\"15\" class=\"wp-image-23970\" style=\"width: 15px;\" src=\"https:\/\/kommentatorenblog.de\/wp-content\/uploads\/2026\/01\/icons8-mikrofon-25.png\" alt=\"\"> Caroline Labes<\/p>\n\n\n\n<p class=\"wp-block-paragraph\"><strong><em>SpVgg F\u00fcrth \u2013 1. FC Heidenheim 1846 (13.30 Uhr)<\/em><\/strong><br><img loading=\"lazy\" decoding=\"async\" width=\"16\" height=\"16\" class=\"wp-image-23920\" style=\"width: 16px;\" src=\"https:\/\/kommentatorenblog.de\/wp-content\/uploads\/2026\/01\/icons8-90-16.png\" alt=\"\"> Daniel Gahn<br><img loading=\"lazy\" decoding=\"async\" width=\"16\" height=\"16\" class=\"wp-image-23922\" style=\"width: 16px;\" src=\"https:\/\/kommentatorenblog.de\/wp-content\/uploads\/2026\/01\/icons8-radio-50.png\" alt=\"\"> Oliver Tubenauer<\/p>\n\n\n\n<p class=\"wp-block-paragraph\"><strong><em>VfL Osnabr\u00fcck \u2013 Eintracht Braunschweig (13.30 Uhr)<\/em><\/strong><br><img loading=\"lazy\" decoding=\"async\" width=\"16\" height=\"16\" class=\"wp-image-23920\" style=\"width: 16px;\" src=\"https:\/\/kommentatorenblog.de\/wp-content\/uploads\/2026\/01\/icons8-90-16.png\" alt=\"\"> Tiede Thedinga<br><img loading=\"lazy\" decoding=\"async\" width=\"16\" height=\"16\" class=\"wp-image-23922\" style=\"width: 16px;\" src=\"https:\/\/kommentatorenblog.de\/wp-content\/uploads\/2026\/01\/icons8-radio-50.png\" alt=\"\"> Mats Nickelsen<br><img loading=\"lazy\" decoding=\"async\" width=\"15\" height=\"15\" class=\"wp-image-23970\" style=\"width: 15px;\" src=\"https:\/\/kommentatorenblog.de\/wp-content\/uploads\/2026\/01\/icons8-mikrofon-25.png\" alt=\"\"> Alexander Kobs<\/p>\n\n\n\n<hr class=\"wp-block-separator has-alpha-channel-opacity\"\/>\n\n\n\n<p class=\"wp-block-paragraph\"><strong>3. Liga, 4. Spieltag<\/strong><\/p>\n\n\n\n<p class=\"wp-block-paragraph\"><span style=\"text-decoration: underline;\">Freitag, 04. September 2026<\/span><\/p>\n\n\n\n<p class=\"wp-block-paragraph\"><strong><em>FC Ingolstadt 04 \u2013 Alemannia Aachen (19.00 Uhr)<\/em><\/strong><br><img loading=\"lazy\" decoding=\"async\" width=\"16\" height=\"16\" class=\"wp-image-23920\" style=\"width: 16px;\" src=\"https:\/\/kommentatorenblog.de\/wp-content\/uploads\/2026\/01\/icons8-90-16.png\" alt=\"\"> Marc Eschweiler (off-tube)<\/p>\n\n\n\n<p class=\"wp-block-paragraph\"><span style=\"text-decoration: underline;\">Samstag, 05. September 2026<\/span><\/p>\n\n\n\n<p class=\"wp-block-paragraph\"><strong><em>FC Hansa Rostock \u2013 SV Wehen Wiesbaden (14.00 Uhr)<\/em><\/strong><br><img loading=\"lazy\" decoding=\"async\" width=\"16\" height=\"16\" class=\"wp-image-23920\" style=\"width: 16px;\" src=\"https:\/\/kommentatorenblog.de\/wp-content\/uploads\/2026\/01\/icons8-90-16.png\" alt=\"\"> ??? (NDR 1 MV)<br><img loading=\"lazy\" decoding=\"async\" width=\"16\" height=\"16\" class=\"wp-image-23922\" style=\"width: 16px;\" src=\"https:\/\/kommentatorenblog.de\/wp-content\/uploads\/2026\/01\/icons8-radio-50.png\" alt=\"\"> ??? (NDR 1 MV)<\/p>\n\n\n\n<p class=\"wp-block-paragraph\"><strong><em>Jahn Regensburg \u2013 MSV Duisburg (14.00 Uhr)<\/em><\/strong><br><img loading=\"lazy\" decoding=\"async\" width=\"16\" height=\"16\" class=\"wp-image-23922\" style=\"width: 16px;\" src=\"https:\/\/kommentatorenblog.de\/wp-content\/uploads\/2026\/01\/icons8-radio-50.png\" alt=\"\"> ???<\/p>\n\n\n\n<p class=\"wp-block-paragraph\"><strong><em>SC Preu\u00dfen M\u00fcnster \u2013 TSV Havelse (14.00 Uhr)<\/em><\/strong><br><img loading=\"lazy\" decoding=\"async\" width=\"16\" height=\"16\" class=\"wp-image-23920\" style=\"width: 16px;\" src=\"https:\/\/kommentatorenblog.de\/wp-content\/uploads\/2026\/01\/icons8-90-16.png\" alt=\"\"> Nicolas Weber<\/p>\n\n\n\n<p class=\"wp-block-paragraph\"><strong><em>SV Meppen \u2013 1. FC Saarbr\u00fccken (14.00 Uhr)<\/em><\/strong><br><img loading=\"lazy\" decoding=\"async\" width=\"16\" height=\"16\" class=\"wp-image-23920\" style=\"width: 16px;\" src=\"https:\/\/kommentatorenblog.de\/wp-content\/uploads\/2026\/01\/icons8-90-16.png\" alt=\"\"> ???<\/p>\n\n\n\n<p class=\"wp-block-paragraph\"><strong><em>SV Waldhof Mannheim \u2013 SC Verl (14.00 Uhr)<\/em><\/strong><br><img loading=\"lazy\" decoding=\"async\" width=\"16\" height=\"16\" class=\"wp-image-23920\" style=\"width: 16px;\" src=\"https:\/\/kommentatorenblog.de\/wp-content\/uploads\/2026\/01\/icons8-90-16.png\" alt=\"\"> Jan-Philipp Molitor (off-tube)<\/p>\n\n\n\n<p class=\"wp-block-paragraph\"><strong><em>Rot-Weiss Essen \u2013 Viktoria K\u00f6ln (16.30 Uhr)<\/em><\/strong><br><img loading=\"lazy\" decoding=\"async\" width=\"16\" height=\"16\" class=\"wp-image-23920\" style=\"width: 16px;\" src=\"https:\/\/kommentatorenblog.de\/wp-content\/uploads\/2026\/01\/icons8-90-16.png\" alt=\"\"> Nick Eberhard<\/p>\n\n\n\n<p class=\"wp-block-paragraph\"><span style=\"text-decoration: underline;\">Sonntag, 06. September 2026<\/span><\/p>\n\n\n\n<p class=\"wp-block-paragraph\"><strong><em>W\u00fcrzburger Kickers \u2013 VfB Stuttgart II (13.30 Uhr)<\/em><\/strong><br><img loading=\"lazy\" decoding=\"async\" width=\"16\" height=\"16\" class=\"wp-image-23922\" style=\"width: 16px;\" src=\"https:\/\/kommentatorenblog.de\/wp-content\/uploads\/2026\/01\/icons8-radio-50.png\" alt=\"\"> ???<\/p>\n\n\n\n<p class=\"wp-block-paragraph\"><strong><em>Fortuna K\u00f6ln \u2013 Fortuna D\u00fcsseldorf (19.30 Uhr)<\/em><\/strong><br><img loading=\"lazy\" decoding=\"async\" width=\"16\" height=\"16\" class=\"wp-image-23920\" style=\"width: 16px;\" src=\"https:\/\/kommentatorenblog.de\/wp-content\/uploads\/2026\/01\/icons8-90-16.png\" alt=\"\"> Tim Wichmann<\/p>\n\n\n\n<hr class=\"wp-block-separator has-alpha-channel-opacity\"\/>\n\n\n\n<p class=\"wp-block-paragraph\"><strong><em>ANALYSE<\/em><\/strong><\/p>\n\n\n\n<p class=\"wp-block-paragraph\">Spieltag 2 in der Bundesliga geht mit einigen NRW-Heimspielen einher, gleich drei Konferenzeins\u00e4tze am Samstag (Walbrodt, Kropff und Neuhaus), dazu noch das Topspiel auf Schalke, deshalb gibt es mit Moritz K\u00fchn in Paderborn auch Verst\u00e4rkung vom NDR. Der SR nimmt das erste Bundesliga-Ausw\u00e4rtsspiel zum Anlass, Matthew Genest-Sch\u00f6n nach Gladbach zu schicken &#8211; mal schauen ob es eine Ausnahme ist oder Standard wird?<\/p>\n\n\n\n<p class=\"wp-block-paragraph\">Beim SWR gibt es f\u00fcr Patrick Stricker gleich zwei H\u00f6rfunk-Eins\u00e4tze am Wochenende, m\u00f6glicherweise kommt noch ein TV-Einsatz beim Mountainbike im SWR Fernsehen hinzu. Ann-Kathrin Rose ist zur\u00fcck in der Bundesliga-Konferenz, w\u00e4hrend Florian Winkler dann die Einblendungen in Hoffenheim \u00fcbernehmen wird.<\/p>\n\n\n\n<p class=\"wp-block-paragraph\">Den Abschluss des Spieltags begleiten in Frankfurt Sven Litzenberg und Martina Knief. F\u00fcr Knief wird es der vierte Einsatz in zwei Wochen sein. Zwei davon in der missgl\u00fcckten Champions League Qualifikation der Eintracht Frauen. Die spielen am Montag wieder in Berlin \u2013 dann gibt es vermutlich auch wieder Einblendungen der Partie bei rbb24 Inforadio. Da die Bundesliga der Frauen nicht durch die DFL betreut wird, haben wir hier keinen Zugriff auf das Personal vor Ort und wissen dementsprechend nicht, ob und wer im Stadion Radio-\u00dcbertragungen begleiten wird.<\/p>\n\n\n\n<p class=\"wp-block-paragraph\">Ob NDR 90,3 wieder einen Audiostream der HSV-Frauen anbietet, ist uns aktuell noch nicht bekannt, zumindest f\u00fcr die Partie bei Werder und im Pokal gegen Meppen gibt es aktuell Ank\u00fcndigungen. Es w\u00e4re sch\u00f6n, wenn das einzige Audiostream-Angebot bei den Frauen beibehalten w\u00fcrde.<\/p>\n\n\n\n<p class=\"wp-block-paragraph\">In der 2.Liga werden &#8211; im Gegensatz zum TV &#8211; wie in der 1.Liga alle Spiele aus dem Stadion kommentiert, der MDR scheint hier wohl ebenfalls zu einer kompletten Vor-Ort-Produktion der Spiele von Dresden und Magdeburg \u00fcbergegangen zu sein. In der 3.Liga sieht das ein bisschen anders aus. Da der WDR sowohl die Heim- als auch die Ausw\u00e4rtsspiele der NRW-Teams als Audiostream produziert, ist davon auszugehen, dass die Ausw\u00e4rtspartien allesamt aus der Box kommentiert werden. Heimspiele, zumindest das letzte der Fortuna, gibt es dagegen wohl aus dem Stadion. <\/p>\n\n\n\n<p class=\"wp-block-paragraph\"><\/p>\n","protected":false},"excerpt":{"rendered":"<p>Hallo zusammen, zweite Spieltag und damit auch wieder die zweite Bundesliga-Konferenz der Saison, die immer weiter fahrt aufnimmt. Am Dienstag startet n\u00e4mlich auch die K\u00f6nigsklasse bei den M\u00e4nnern in ihre Saison. Neben den TV-\u00dcbertragungen wird die Sportschau auch in der Saison wieder \u00fcber die Partien berichten. Wie gewohnt wird es Einzelstreams und bei parallelen Spielen [&hellip;]<\/p>\n","protected":false},"author":10,"featured_media":0,"comment_status":"open","ping_status":"open","sticky":false,"template":"","format":"standard","meta":{"footnotes":""},"categories":[1],"tags":[],"coauthors":[1424],"class_list":["post-28808","post","type-post","status-publish","format-standard","hentry","category-uncategorized"],"_links":{"self":[{"href":"https:\/\/kommentatorenblog.de\/index.php?rest_route=\/wp\/v2\/posts\/28808","targetHints":{"allow":["GET"]}}],"collection":[{"href":"https:\/\/kommentatorenblog.de\/index.php?rest_route=\/wp\/v2\/posts"}],"about":[{"href":"https:\/\/kommentatorenblog.de\/index.php?rest_route=\/wp\/v2\/types\/post"}],"author":[{"embeddable":true,"href":"https:\/\/kommentatorenblog.de\/index.php?rest_route=\/wp\/v2\/users\/10"}],"replies":[{"embeddable":true,"href":"https:\/\/kommentatorenblog.de\/index.php?rest_route=%2Fwp%2Fv2%2Fcomments&post=28808"}],"version-history":[{"count":8,"href":"https:\/\/kommentatorenblog.de\/index.php?rest_route=\/wp\/v2\/posts\/28808\/revisions"}],"predecessor-version":[{"id":28863,"href":"https:\/\/kommentatorenblog.de\/index.php?rest_route=\/wp\/v2\/posts\/28808\/revisions\/28863"}],"wp:attachment":[{"href":"https:\/\/kommentatorenblog.de\/index.php?rest_route=%2Fwp%2Fv2%2Fmedia&parent=28808"}],"wp:term":[{"taxonomy":"category","embeddable":true,"href":"https:\/\/kommentatorenblog.de\/index.php?rest_route=%2Fwp%2Fv2%2Fcategories&post=28808"},{"taxonomy":"post_tag","embeddable":true,"href":"https:\/\/kommentatorenblog.de\/index.php?rest_route=%2Fwp%2Fv2%2Ftags&post=28808"},{"taxonomy":"author","embeddable":true,"href":"https:\/\/kommentatorenblog.de\/index.php?rest_route=%2Fwp%2Fv2%2Fcoauthors&post=28808"}],"curies":[{"name":"wp","href":"https:\/\/api.w.org\/{rel}","templated":true}]}}