{"id":28816,"date":"2026-09-04T11:02:37","date_gmt":"2026-09-04T09:02:37","guid":{"rendered":"https:\/\/kommentatorenblog.de\/?p=28816"},"modified":"2026-09-04T14:05:29","modified_gmt":"2026-09-04T12:05:29","slug":"1615-koenigsblaue-heimrueckkehr","status":"publish","type":"post","link":"https:\/\/kommentatorenblog.de\/?p=28816","title":{"rendered":"1615 &#8211; K\u00f6nigsblaue Heimr\u00fcckkehr"},"content":{"rendered":"\n<p class=\"wp-block-paragraph\">N\u2019Abend allerseits,<\/p>\n\n\n\n<p class=\"wp-block-paragraph\">der erste Spieltag der neuen Bundesliga-Saison sowie die erste Runde im DFB-Pokal liegen hinter uns. Nun folgt der zweite Spieltag der Fu\u00dfball-Bundesliga und er bringt einige spannende Begegnungen mit sich!<\/p>\n\n\n\n<p class=\"wp-block-paragraph\">Er\u00f6ffnen wird am Freitagabend erneut der VfB Stuttgart. Diesmal im Heimspiel gegen den 1. FC K\u00f6ln. Die Stuttgarter haben hierbei die M\u00f6glichkeit sich von der Entt\u00e4uschung des Er\u00f6ffnungspiels zu erholen. In der Konferenz am Samstag sind erneut 5 Spiele zu sehen. Die Borussia aus Dortmund gastiert in Sinsheim. Dies ist sowohl bei Sky als auch bei DAZN das Fokusspiel am Samstagnachmittag. Dazu tritt die SV Elversberg ihre erste Ausw\u00e4rtsreise an und gastiert bei der anderen Borussia aus M\u00f6nchengladbach. Premiere feiert auch der SC Paderborn mit dem ersten Bundesliga-Heimspiel seit 6 Jahren. Der SC Freiburg ist zu Gast. Dieser konnte am ersten Spieltag einen hohen Sieg gegen Werder Bremen feiern. Die Mannschaft von Daniel Thioune hat nun die M\u00f6glichkeit im Heimspiel gegen RB Leipzig ein besseres Ergebnis zu erzielen. In der letzten Partie am Samstagnachmittag tritt Bayer Leverkusen auf Union Berlin. Das k\u00f6nnte torreich werden.<\/p>\n\n\n\n<p class=\"wp-block-paragraph\">Am Samstagabend wartet dann ein (zumindest von den Namen) echtes Topspiel auf uns! Der FC Bayern ist zu Gast auf Schalke! Und gleichzeitig ist es die Heimr\u00fcckkehr der K\u00f6nigsblauen ins Oberhaus. Die Favoritenrolle d\u00fcrfte klar verteilt sein und trotzdem d\u00fcrfen wir gespannt sein wie die Mannschaft von Miron Musli\u0107 sich schlagen wird. <\/p>\n\n\n\n<p class=\"wp-block-paragraph\">Am Sonntagnachmittag \u00fcbertr\u00e4gt DAZN mit dem Heimspiel des HSVs gegen Mainz 05 exakt die Partie, welche letztes Jahr das erste HSV-Spiel jemals auf DAZN war. Der Spieltag wird in Frankfurt beendet, die bayerischen Schwaben aus Augsburg sind zu Gast und wollen an ihren Erfolg gegen den FC Schalke ankn\u00fcpfen.<\/p>\n\n\n\n<p class=\"wp-block-paragraph\">Die 2. Bundesliga startet am Freitagabend mit den Partien Bielefeld &#8211; St. Pauli und Hannover 96 gegen den Karlsruher SC. Vier gro\u00dfe Traditionsvereine, welche wahrscheinlich allesamt nicht zu 100% mit ihrem Saisonstart zufrieden sind und am Freitag 3 Punkte einfahren wollen. Gleiches gilt auch f\u00fcr Holstein Kiel, den SV Darmstadt 98 und Energie Cottbus, welche allesamt am Samstagmittag an der Reihe sind. Dort erwartet uns dreimal das Duell oben gegen unten. Der 1. FC N\u00fcrnberg, welcher von der Tabellenspitze gr\u00fc\u00dft, ist in Kiel zu Gast und auch f\u00fcr den VfL Wolfsburg und den 1. FC Kaiserslautern war der Saisonstart durchaus zufriedenstellend.<\/p>\n\n\n\n<p class=\"wp-block-paragraph\">Nicht zufriedenstellend war der Saisonstart sowohl f\u00fcr Dynamo Dresden als auch f\u00fcr den VfL Bochum. Die beiden Teams treffen am Samstagabend im Rudolf Harbig Stadion aufeinander. In der letzten Saison gab es am 30. Spieltag in dieser Begegnung eine bittere Niederlage f\u00fcr den VfL Bochum zu verzeichen. Aus Sicht der Mannschaft von Uwe R\u00f6sler muss also das Ziel sein einen besseren Auftritt in der s\u00e4chsischen Landeshauptstadt zu zeigen!<\/p>\n\n\n\n<p class=\"wp-block-paragraph\">Ein kleines &#8222;Topspiel&#8220; gibt es auch am Sonntag, wenn der 1. FC Magdeburg im Berliner Olympiastadion antritt. Zumindest sind beide Teams aktuell gut in Form. Dies gilt auch f\u00fcr den 1. FC Heidenheim, welcher in F\u00fcrth antritt. Die Eintracht aus Braunschweig darf 4 Tage nach dem FC Bayern nach Osnabr\u00fcck an die Bremer Br\u00fccke rei\u00dfen. <\/p>\n\n\n\n<p class=\"wp-block-paragraph\">Auch in der 3. Liga und den internationalen Ligen wird gespielt. Also schnell der Blick auf die Ansetzungen!<\/p>\n\n\n\n<hr class=\"wp-block-separator has-alpha-channel-opacity\"\/>\n\n\n\n<p class=\"wp-block-paragraph\"><strong>Die Ansetzungen vom 04. bis zum 07. September 2026<\/strong><\/p>\n\n\n\n<hr class=\"wp-block-separator has-alpha-channel-opacity\"\/>\n\n\n\n<p class=\"wp-block-paragraph\"><strong>Bundesliga (GER), 2. Spieltag (<mark style=\"background-color:rgba(0, 0, 0, 0);color:#cf2e2e\" class=\"has-inline-color\">Sky<\/mark>\/<mark style=\"background-color:rgba(0, 0, 0, 0);color:#000000\" class=\"has-inline-color\">DAZN<\/mark>)<\/strong><\/p>\n\n\n\n<p class=\"wp-block-paragraph\"><span style=\"text-decoration: underline;\">Freitag, 04. September 2026, ab 19.30 Uhr (<mark style=\"background-color:rgba(0, 0, 0, 0);color:#cf2e2e\" class=\"has-inline-color\">Sky<\/mark>)<\/span><\/p>\n\n\n\n<p class=\"wp-block-paragraph\"><strong><em>VfB Stuttgart &#8211; 1. FC K\u00f6ln (20.30 Uhr)<\/em><\/strong><br><img loading=\"lazy\" decoding=\"async\" width=\"10\" height=\"21\" class=\"wp-image-3656\" style=\"width: 10px;\" src=\"https:\/\/kommentatorenblog.de\/wp-content\/uploads\/2020\/09\/shure-55sh-ii-e1601485394796.jpg\" alt=\"\" srcset=\"https:\/\/kommentatorenblog.de\/wp-content\/uploads\/2020\/09\/shure-55sh-ii-e1601485394796.jpg 415w, https:\/\/kommentatorenblog.de\/wp-content\/uploads\/2020\/09\/shure-55sh-ii-e1601485394796-142x300.jpg 142w\" sizes=\"auto, (max-width: 10px) 100vw, 10px\" \/> Hansi K\u00fcpper &amp; Corni K\u00fcpper <br>Moderation: Katharina Kleinfeldt, Experte: Shkodran Mustafi<br>Field-Reporter: Michael Leopold<\/p>\n\n\n\n<p class=\"wp-block-paragraph\"><span style=\"text-decoration: underline;\">Samstag, 05. September 2026, ab 14.00 Uhr (<mark style=\"background-color:rgba(0, 0, 0, 0);color:#cf2e2e\" class=\"has-inline-color\">Sky<\/mark>\/<mark style=\"background-color:rgba(0, 0, 0, 0);color:#000000\" class=\"has-inline-color\">DAZN<\/mark>)<\/span><\/p>\n\n\n\n<p class=\"wp-block-paragraph\"><strong><em>TSG 1899 Hoffenheim &#8211; Borussia Dortmund (15.30 Uhr)<\/em><\/strong><\/p>\n\n\n\n<p class=\"wp-block-paragraph\"><img loading=\"lazy\" decoding=\"async\" width=\"10\" height=\"21\" class=\"wp-image-3656\" style=\"width: 10px;\" src=\"https:\/\/kommentatorenblog.de\/wp-content\/uploads\/2020\/09\/shure-55sh-ii-e1601485394796.jpg\" alt=\"\" srcset=\"https:\/\/kommentatorenblog.de\/wp-content\/uploads\/2020\/09\/shure-55sh-ii-e1601485394796.jpg 415w, https:\/\/kommentatorenblog.de\/wp-content\/uploads\/2020\/09\/shure-55sh-ii-e1601485394796-142x300.jpg 142w\" sizes=\"auto, (max-width: 10px) 100vw, 10px\" \/> <em><mark style=\"background-color:rgba(0, 0, 0, 0);color:#cf2e2e\" class=\"has-inline-color\">Sky<\/mark><\/em>: Kai Dittmann, Experte: Shkodran Mustafi (Einzelspiel)<br>Field-Reporter (<em><mark style=\"background-color:rgba(0, 0, 0, 0);color:#cf2e2e\" class=\"has-inline-color\"><em><mark style=\"background-color:rgba(0, 0, 0, 0);color:#cf2e2e\" class=\"has-inline-color\">Sky<\/mark><\/em><\/mark><\/em>): Patrick Wasserziehr<\/p>\n\n\n\n<p class=\"wp-block-paragraph\"><img loading=\"lazy\" decoding=\"async\" width=\"10\" height=\"21\" class=\"wp-image-3656\" style=\"width: 10px;\" src=\"https:\/\/kommentatorenblog.de\/wp-content\/uploads\/2020\/09\/shure-55sh-ii-e1601485394796.jpg\" alt=\"\" srcset=\"https:\/\/kommentatorenblog.de\/wp-content\/uploads\/2020\/09\/shure-55sh-ii-e1601485394796.jpg 415w, https:\/\/kommentatorenblog.de\/wp-content\/uploads\/2020\/09\/shure-55sh-ii-e1601485394796-142x300.jpg 142w\" sizes=\"auto, (max-width: 10px) 100vw, 10px\" \/> <em><mark style=\"background-color:rgba(0, 0, 0, 0);color:#000000\" class=\"has-inline-color\">DAZN<\/mark><\/em>: Lukas Sch\u00f6nm\u00fcller (Konferenz)<br>Field-Reporter (<em><mark style=\"background-color:rgba(0, 0, 0, 0);color:#000000\" class=\"has-inline-color\">DAZN<\/mark><\/em>): Tobi Wahnschaffe<\/p>\n\n\n\n<p class=\"wp-block-paragraph\"><span style=\"text-decoration: underline;\">ab 14.00 Uhr (<mark style=\"background-color:rgba(0, 0, 0, 0);color:#cf2e2e\" class=\"has-inline-color\">Sky<\/mark>\/<mark style=\"background-color:rgba(0, 0, 0, 0);color:#000000\" class=\"has-inline-color\">DAZN<\/mark>)<\/span><\/p>\n\n\n\n<p class=\"wp-block-paragraph\"><strong><em>Borussia M\u00f6nchengladbach &#8211; SV Elversberg (15.30 Uhr)<\/em><\/strong><\/p>\n\n\n\n<p class=\"wp-block-paragraph\"><img loading=\"lazy\" decoding=\"async\" width=\"10\" height=\"21\" class=\"wp-image-3656\" style=\"width: 10px;\" src=\"https:\/\/kommentatorenblog.de\/wp-content\/uploads\/2020\/09\/shure-55sh-ii-e1601485394796.jpg\" alt=\"\" srcset=\"https:\/\/kommentatorenblog.de\/wp-content\/uploads\/2020\/09\/shure-55sh-ii-e1601485394796.jpg 415w, https:\/\/kommentatorenblog.de\/wp-content\/uploads\/2020\/09\/shure-55sh-ii-e1601485394796-142x300.jpg 142w\" sizes=\"auto, (max-width: 10px) 100vw, 10px\" \/> <em><mark style=\"background-color:rgba(0, 0, 0, 0);color:#cf2e2e\" class=\"has-inline-color\">Sky<\/mark><\/em>: Jonas Friedrich (Einzelspiel)<br>Field-Reporter (<em><mark style=\"background-color:rgba(0, 0, 0, 0);color:#cf2e2e\" class=\"has-inline-color\">Sky<\/mark><\/em>): Mara Mones <\/p>\n\n\n\n<p class=\"wp-block-paragraph\"><img loading=\"lazy\" decoding=\"async\" width=\"10\" height=\"21\" class=\"wp-image-3656\" style=\"width: 10px;\" src=\"https:\/\/kommentatorenblog.de\/wp-content\/uploads\/2020\/09\/shure-55sh-ii-e1601485394796.jpg\" alt=\"\" srcset=\"https:\/\/kommentatorenblog.de\/wp-content\/uploads\/2020\/09\/shure-55sh-ii-e1601485394796.jpg 415w, https:\/\/kommentatorenblog.de\/wp-content\/uploads\/2020\/09\/shure-55sh-ii-e1601485394796-142x300.jpg 142w\" sizes=\"auto, (max-width: 10px) 100vw, 10px\" \/> <em><mark style=\"background-color:rgba(0, 0, 0, 0);color:#000000\" class=\"has-inline-color\">DAZN<\/mark><\/em>: Oliver Forster (Konferenz)<br>Field-Reporterin (<em><mark style=\"background-color:rgba(0, 0, 0, 0);color:#000000\" class=\"has-inline-color\">DAZN<\/mark><\/em>): Lisa Tellers<\/p>\n\n\n\n<p class=\"wp-block-paragraph\"><strong><em>SV Werder Bremen &#8211; RB Leipzig (15.30 Uhr)<\/em><\/strong><\/p>\n\n\n\n<p class=\"wp-block-paragraph\"><img loading=\"lazy\" decoding=\"async\" width=\"10\" height=\"21\" class=\"wp-image-3656\" style=\"width: 10px;\" src=\"https:\/\/kommentatorenblog.de\/wp-content\/uploads\/2020\/09\/shure-55sh-ii-e1601485394796.jpg\" alt=\"\" srcset=\"https:\/\/kommentatorenblog.de\/wp-content\/uploads\/2020\/09\/shure-55sh-ii-e1601485394796.jpg 415w, https:\/\/kommentatorenblog.de\/wp-content\/uploads\/2020\/09\/shure-55sh-ii-e1601485394796-142x300.jpg 142w\" sizes=\"auto, (max-width: 10px) 100vw, 10px\" \/> <em><mark style=\"background-color:rgba(0, 0, 0, 0);color:#cf2e2e\" class=\"has-inline-color\">Sky<\/mark><\/em>: Oliver Seidler (Einzelspiel)<br>Field-Reporter (<em><mark style=\"background-color:rgba(0, 0, 0, 0);color:#cf2e2e\" class=\"has-inline-color\">Sky<\/mark><\/em>): Max Zielke <\/p>\n\n\n\n<p class=\"wp-block-paragraph\"><img loading=\"lazy\" decoding=\"async\" width=\"10\" height=\"21\" class=\"wp-image-3656\" style=\"width: 10px;\" src=\"https:\/\/kommentatorenblog.de\/wp-content\/uploads\/2020\/09\/shure-55sh-ii-e1601485394796.jpg\" alt=\"\" srcset=\"https:\/\/kommentatorenblog.de\/wp-content\/uploads\/2020\/09\/shure-55sh-ii-e1601485394796.jpg 415w, https:\/\/kommentatorenblog.de\/wp-content\/uploads\/2020\/09\/shure-55sh-ii-e1601485394796-142x300.jpg 142w\" sizes=\"auto, (max-width: 10px) 100vw, 10px\" \/> <em><mark style=\"background-color:rgba(0, 0, 0, 0);color:#000000\" class=\"has-inline-color\">DAZN<\/mark><\/em>: Michael Born (Konferenz)<br>Field-Reporter (<em><mark style=\"background-color:rgba(0, 0, 0, 0);color:#000000\" class=\"has-inline-color\">DAZN<\/mark><\/em>): Tobi Sch\u00e4fer<\/p>\n\n\n\n<p class=\"wp-block-paragraph\"><strong><em>Bayer 04 Leverkusen &#8211; 1. FC Union Berlin (15.30 Uhr)<\/em><\/strong><\/p>\n\n\n\n<p class=\"wp-block-paragraph\"><img loading=\"lazy\" decoding=\"async\" width=\"10\" height=\"21\" class=\"wp-image-3656\" style=\"width: 10px;\" src=\"https:\/\/kommentatorenblog.de\/wp-content\/uploads\/2020\/09\/shure-55sh-ii-e1601485394796.jpg\" alt=\"\" srcset=\"https:\/\/kommentatorenblog.de\/wp-content\/uploads\/2020\/09\/shure-55sh-ii-e1601485394796.jpg 415w, https:\/\/kommentatorenblog.de\/wp-content\/uploads\/2020\/09\/shure-55sh-ii-e1601485394796-142x300.jpg 142w\" sizes=\"auto, (max-width: 10px) 100vw, 10px\" \/> <em><mark style=\"background-color:rgba(0, 0, 0, 0);color:#cf2e2e\" class=\"has-inline-color\">Sky<\/mark><\/em>: Hansi K\u00fcpper (Einzelspiel)<br>Field-Reporterin (<em><mark style=\"background-color:rgba(0, 0, 0, 0);color:#cf2e2e\" class=\"has-inline-color\">Sky<\/mark><\/em>): Riccardo Basile <\/p>\n\n\n\n<p class=\"wp-block-paragraph\"><img loading=\"lazy\" decoding=\"async\" width=\"10\" height=\"21\" class=\"wp-image-3656\" style=\"width: 10px;\" src=\"https:\/\/kommentatorenblog.de\/wp-content\/uploads\/2020\/09\/shure-55sh-ii-e1601485394796.jpg\" alt=\"\" srcset=\"https:\/\/kommentatorenblog.de\/wp-content\/uploads\/2020\/09\/shure-55sh-ii-e1601485394796.jpg 415w, https:\/\/kommentatorenblog.de\/wp-content\/uploads\/2020\/09\/shure-55sh-ii-e1601485394796-142x300.jpg 142w\" sizes=\"auto, (max-width: 10px) 100vw, 10px\" \/> <em><mark style=\"background-color:rgba(0, 0, 0, 0);color:#000000\" class=\"has-inline-color\">DAZN<\/mark><\/em>: Max Gro\u00df (Konferenz)<br>Field-Reporter (<em><mark style=\"background-color:rgba(0, 0, 0, 0);color:#000000\" class=\"has-inline-color\">DAZN<\/mark><\/em>): Robby Hunke<\/p>\n\n\n\n<p class=\"wp-block-paragraph\"><strong><em>SC Paderborn 07 &#8211; SC Freiburg (15.30 Uhr)<\/em><\/strong><\/p>\n\n\n\n<p class=\"wp-block-paragraph\"><img loading=\"lazy\" decoding=\"async\" width=\"10\" height=\"21\" class=\"wp-image-3656\" style=\"width: 10px;\" src=\"https:\/\/kommentatorenblog.de\/wp-content\/uploads\/2020\/09\/shure-55sh-ii-e1601485394796.jpg\" alt=\"\" srcset=\"https:\/\/kommentatorenblog.de\/wp-content\/uploads\/2020\/09\/shure-55sh-ii-e1601485394796.jpg 415w, https:\/\/kommentatorenblog.de\/wp-content\/uploads\/2020\/09\/shure-55sh-ii-e1601485394796-142x300.jpg 142w\" sizes=\"auto, (max-width: 10px) 100vw, 10px\" \/> <em><mark style=\"background-color:rgba(0, 0, 0, 0);color:#cf2e2e\" class=\"has-inline-color\">Sky<\/mark><\/em>: Roland Evers (Einzelspiel)<br>Field-Reporterin (<em><mark style=\"background-color:rgba(0, 0, 0, 0);color:#cf2e2e\" class=\"has-inline-color\">Sky<\/mark><\/em>): Katharina Kleinfeldt<\/p>\n\n\n\n<p class=\"wp-block-paragraph\"><img loading=\"lazy\" decoding=\"async\" width=\"10\" height=\"21\" class=\"wp-image-3656\" style=\"width: 10px;\" src=\"https:\/\/kommentatorenblog.de\/wp-content\/uploads\/2020\/09\/shure-55sh-ii-e1601485394796.jpg\" alt=\"\" srcset=\"https:\/\/kommentatorenblog.de\/wp-content\/uploads\/2020\/09\/shure-55sh-ii-e1601485394796.jpg 415w, https:\/\/kommentatorenblog.de\/wp-content\/uploads\/2020\/09\/shure-55sh-ii-e1601485394796-142x300.jpg 142w\" sizes=\"auto, (max-width: 10px) 100vw, 10px\" \/> <em><mark style=\"background-color:rgba(0, 0, 0, 0);color:#000000\" class=\"has-inline-color\">DAZN<\/mark><\/em>: Nico Seepe (Konferenz)<br>Field-Reporterin (<em><mark style=\"background-color:rgba(0, 0, 0, 0);color:#000000\" class=\"has-inline-color\">DAZN<\/mark><\/em>): Franzi M\u00fcllers<\/p>\n\n\n\n<p class=\"wp-block-paragraph\">Moderation (<em><mark style=\"background-color:rgba(0, 0, 0, 0);color:#cf2e2e\" class=\"has-inline-color\">Sky<\/mark><mark style=\"background-color:rgba(0, 0, 0, 0)\" class=\"has-inline-color has-black-color\">, aus dem Studio<\/mark><\/em>): Britta Hofmann, Experten: Didi Hamann und Patrick Helmes<\/p>\n\n\n\n<p class=\"wp-block-paragraph\">Moderation (<em><mark style=\"background-color:rgba(0, 0, 0, 0);color:#000000\" class=\"has-inline-color\">DAZN<\/mark>, aus Sinsheim)<\/em>: Valentina Maceri, Experte: Michael Ballack<\/p>\n\n\n\n<p class=\"wp-block-paragraph\"><span style=\"text-decoration: underline;\">ab 17.30 Uhr (<mark style=\"background-color:rgba(0, 0, 0, 0);color:#cf2e2e\" class=\"has-inline-color\">Sky<\/mark>)<\/span><\/p>\n\n\n\n<p class=\"wp-block-paragraph\"><strong><em>FC Schalke 04 &#8211; FC Bayern M\u00fcnchen (18.30 Uhr)<\/em><\/strong><br><img loading=\"lazy\" decoding=\"async\" width=\"10\" height=\"21\" class=\"wp-image-3656\" style=\"width: 10px;\" src=\"https:\/\/kommentatorenblog.de\/wp-content\/uploads\/2020\/09\/shure-55sh-ii-e1601485394796.jpg\" alt=\"\" srcset=\"https:\/\/kommentatorenblog.de\/wp-content\/uploads\/2020\/09\/shure-55sh-ii-e1601485394796.jpg 415w, https:\/\/kommentatorenblog.de\/wp-content\/uploads\/2020\/09\/shure-55sh-ii-e1601485394796-142x300.jpg 142w\" sizes=\"auto, (max-width: 10px) 100vw, 10px\" \/> Wolff Fuss, Experte: Lothar Matth\u00e4us<br>Moderation: Sebastian Hellmann, Expert:innen: Lothar Matth\u00e4us &amp; Julia Simic <br>Field-Reporter: Michael Leopold<\/p>\n\n\n\n<p class=\"wp-block-paragraph\"><span style=\"text-decoration: underline;\">Sonntag, 06. September 2026, ab 15.00 Uhr (<mark style=\"background-color:rgba(0, 0, 0, 0);color:#000000\" class=\"has-inline-color\">DAZN<\/mark>)<\/span><\/p>\n\n\n\n<p class=\"wp-block-paragraph\"><strong><em>Hamburger SV &#8211; 1. FSV Mainz 05 (15.30 Uhr)<\/em><\/strong><br><img loading=\"lazy\" decoding=\"async\" width=\"10\" height=\"21\" class=\"wp-image-3656\" style=\"width: 10px;\" src=\"https:\/\/kommentatorenblog.de\/wp-content\/uploads\/2020\/09\/shure-55sh-ii-e1601485394796.jpg\" alt=\"\" srcset=\"https:\/\/kommentatorenblog.de\/wp-content\/uploads\/2020\/09\/shure-55sh-ii-e1601485394796.jpg 415w, https:\/\/kommentatorenblog.de\/wp-content\/uploads\/2020\/09\/shure-55sh-ii-e1601485394796-142x300.jpg 142w\" sizes=\"auto, (max-width: 10px) 100vw, 10px\" \/> Tom Kirsten, Experte: Tobias Schweinsteiger<br>Moderation: Christina Rann<\/p>\n\n\n\n<p class=\"wp-block-paragraph\"><span style=\"text-decoration: underline;\">ab 16.45 Uhr (<mark style=\"background-color:rgba(0, 0, 0, 0);color:#000000\" class=\"has-inline-color\">DAZN<\/mark>)<\/span><\/p>\n\n\n\n<p class=\"wp-block-paragraph\"><strong><em>Eintracht Frankfurt &#8211; FC Augsburg (17.30 Uhr)<\/em><\/strong><br><img loading=\"lazy\" decoding=\"async\" width=\"10\" height=\"21\" class=\"wp-image-3656\" style=\"width: 10px;\" src=\"https:\/\/kommentatorenblog.de\/wp-content\/uploads\/2020\/09\/shure-55sh-ii-e1601485394796.jpg\" alt=\"\" srcset=\"https:\/\/kommentatorenblog.de\/wp-content\/uploads\/2020\/09\/shure-55sh-ii-e1601485394796.jpg 415w, https:\/\/kommentatorenblog.de\/wp-content\/uploads\/2020\/09\/shure-55sh-ii-e1601485394796-142x300.jpg 142w\" sizes=\"auto, (max-width: 10px) 100vw, 10px\" \/> Marcel Seufert, Experte: Sebastian Knei\u00dfl<br>Moderation: Andr\u00e9s Veredas, Field-Reporter: Marco Hagemann<\/p>\n\n\n\n<hr class=\"wp-block-separator has-alpha-channel-opacity\"\/>\n\n\n\n<p class=\"wp-block-paragraph\"><strong>Google Pixel Frauen-Bundesliga (GER), 3. Spieltag (<mark style=\"background-color:rgba(0, 0, 0, 0);color:#f78da7\" class=\"has-inline-color\">Magenta Sport<\/mark>\/<mark style=\"background-color:rgba(0, 0, 0, 0);color:#000000\" class=\"has-inline-color\">DAZN<\/mark>\/<mark style=\"background-color:rgba(0, 0, 0, 0);color:#000000\" class=\"has-inline-color\">Sport<\/mark><mark style=\"background-color:rgba(0, 0, 0, 0);color:#fcb900\" class=\"has-inline-color\">1<\/mark>)<\/strong><\/p>\n\n\n\n<p class=\"wp-block-paragraph\"><span style=\"text-decoration: underline;\">Freitag, 04. September 2026, ab 18.15 Uhr (<mark style=\"background-color:rgba(0, 0, 0, 0);color:#f78da7\" class=\"has-inline-color\">Magenta Sport<\/mark>\/<mark style=\"background-color:rgba(0, 0, 0, 0);color:#000000\" class=\"has-inline-color\">DAZN<\/mark>)<\/span><\/p>\n\n\n\n<p class=\"wp-block-paragraph\"><strong><em>TSG 1899 Hoffenheim &#8211; Bayer 04 Leverkusen (18.30 Uhr)<\/em><\/strong><\/p>\n\n\n\n<p class=\"wp-block-paragraph\"><img loading=\"lazy\" decoding=\"async\" width=\"10\" height=\"21\" class=\"wp-image-3656\" style=\"width: 10px;\" src=\"https:\/\/kommentatorenblog.de\/wp-content\/uploads\/2020\/09\/shure-55sh-ii-e1601485394796.jpg\" alt=\"\" srcset=\"https:\/\/kommentatorenblog.de\/wp-content\/uploads\/2020\/09\/shure-55sh-ii-e1601485394796.jpg 415w, https:\/\/kommentatorenblog.de\/wp-content\/uploads\/2020\/09\/shure-55sh-ii-e1601485394796-142x300.jpg 142w\" sizes=\"auto, (max-width: 10px) 100vw, 10px\" \/> <em><mark style=\"background-color:rgba(0, 0, 0, 0);color:#f78da7\" class=\"has-inline-color\">Magenta Sport<\/mark><\/em>: Nina Potzel<\/p>\n\n\n\n<p class=\"wp-block-paragraph\"><img loading=\"lazy\" decoding=\"async\" width=\"10\" height=\"21\" class=\"wp-image-3656\" style=\"width: 10px;\" src=\"https:\/\/kommentatorenblog.de\/wp-content\/uploads\/2020\/09\/shure-55sh-ii-e1601485394796.jpg\" alt=\"\" srcset=\"https:\/\/kommentatorenblog.de\/wp-content\/uploads\/2020\/09\/shure-55sh-ii-e1601485394796.jpg 415w, https:\/\/kommentatorenblog.de\/wp-content\/uploads\/2020\/09\/shure-55sh-ii-e1601485394796-142x300.jpg 142w\" sizes=\"auto, (max-width: 10px) 100vw, 10px\" \/> <em><mark style=\"background-color:rgba(0, 0, 0, 0);color:#000000\" class=\"has-inline-color\">DAZN<\/mark><\/em>: Oliver Fa\u00dfnacht<\/p>\n\n\n\n<p class=\"wp-block-paragraph\"><span style=\"text-decoration: underline;\">Samstag, 05. September 2026, ab 11.45 Uhr (<mark style=\"background-color:rgba(0, 0, 0, 0);color:#f78da7\" class=\"has-inline-color\">Magenta Sport<\/mark>\/<mark style=\"background-color:rgba(0, 0, 0, 0);color:#000000\" class=\"has-inline-color\">DAZN<\/mark>)<\/span><\/p>\n\n\n\n<p class=\"wp-block-paragraph\"><strong><em>Hamburger SV &#8211; RB Leipzig (12.00 Uhr)<\/em><\/strong><\/p>\n\n\n\n<p class=\"wp-block-paragraph\"><img loading=\"lazy\" decoding=\"async\" width=\"10\" height=\"21\" class=\"wp-image-3656\" style=\"width: 10px;\" src=\"https:\/\/kommentatorenblog.de\/wp-content\/uploads\/2020\/09\/shure-55sh-ii-e1601485394796.jpg\" alt=\"\" srcset=\"https:\/\/kommentatorenblog.de\/wp-content\/uploads\/2020\/09\/shure-55sh-ii-e1601485394796.jpg 415w, https:\/\/kommentatorenblog.de\/wp-content\/uploads\/2020\/09\/shure-55sh-ii-e1601485394796-142x300.jpg 142w\" sizes=\"auto, (max-width: 10px) 100vw, 10px\" \/> <em><mark style=\"background-color:rgba(0, 0, 0, 0);color:#f78da7\" class=\"has-inline-color\">Magenta Sport<\/mark><\/em>: Nina Potzel<\/p>\n\n\n\n<p class=\"wp-block-paragraph\"><img loading=\"lazy\" decoding=\"async\" width=\"10\" height=\"21\" class=\"wp-image-3656\" style=\"width: 10px;\" src=\"https:\/\/kommentatorenblog.de\/wp-content\/uploads\/2020\/09\/shure-55sh-ii-e1601485394796.jpg\" alt=\"\" srcset=\"https:\/\/kommentatorenblog.de\/wp-content\/uploads\/2020\/09\/shure-55sh-ii-e1601485394796.jpg 415w, https:\/\/kommentatorenblog.de\/wp-content\/uploads\/2020\/09\/shure-55sh-ii-e1601485394796-142x300.jpg 142w\" sizes=\"auto, (max-width: 10px) 100vw, 10px\" \/> <em><mark style=\"background-color:rgba(0, 0, 0, 0);color:#000000\" class=\"has-inline-color\">DAZN<\/mark><\/em>: Matthias Naebers <\/p>\n\n\n\n<p class=\"wp-block-paragraph\"><span style=\"text-decoration: underline;\">ab 13.45 Uhr (<mark style=\"background-color:rgba(0, 0, 0, 0);color:#f78da7\" class=\"has-inline-color\">Magenta Sport<\/mark>\/<mark style=\"background-color:rgba(0, 0, 0, 0);color:#000000\" class=\"has-inline-color\">DAZN<\/mark>)<\/span><\/p>\n\n\n\n<p class=\"wp-block-paragraph\"><strong><em> 1. FSV Mainz 05 &#8211; 1. FC K\u00f6ln (14.00 Uhr)<\/em><\/strong><\/p>\n\n\n\n<p class=\"wp-block-paragraph\"><img loading=\"lazy\" decoding=\"async\" width=\"10\" height=\"21\" class=\"wp-image-3656\" style=\"width: 10px;\" src=\"https:\/\/kommentatorenblog.de\/wp-content\/uploads\/2020\/09\/shure-55sh-ii-e1601485394796.jpg\" alt=\"\" srcset=\"https:\/\/kommentatorenblog.de\/wp-content\/uploads\/2020\/09\/shure-55sh-ii-e1601485394796.jpg 415w, https:\/\/kommentatorenblog.de\/wp-content\/uploads\/2020\/09\/shure-55sh-ii-e1601485394796-142x300.jpg 142w\" sizes=\"auto, (max-width: 10px) 100vw, 10px\" \/> <em><mark style=\"background-color:rgba(0, 0, 0, 0);color:#f78da7\" class=\"has-inline-color\">Magenta Sport<\/mark><\/em>: Michael Seyberth<\/p>\n\n\n\n<p class=\"wp-block-paragraph\"><img loading=\"lazy\" decoding=\"async\" width=\"10\" height=\"21\" class=\"wp-image-3656\" style=\"width: 10px;\" src=\"https:\/\/kommentatorenblog.de\/wp-content\/uploads\/2020\/09\/shure-55sh-ii-e1601485394796.jpg\" alt=\"\" srcset=\"https:\/\/kommentatorenblog.de\/wp-content\/uploads\/2020\/09\/shure-55sh-ii-e1601485394796.jpg 415w, https:\/\/kommentatorenblog.de\/wp-content\/uploads\/2020\/09\/shure-55sh-ii-e1601485394796-142x300.jpg 142w\" sizes=\"auto, (max-width: 10px) 100vw, 10px\" \/> <em><mark style=\"background-color:rgba(0, 0, 0, 0);color:#000000\" class=\"has-inline-color\">DAZN<\/mark><\/em>: Jeremias Diel <\/p>\n\n\n\n<p class=\"wp-block-paragraph\"><span style=\"text-decoration: underline;\">Sonntag, 06. September 2026, ab 13.45 Uhr (<mark style=\"background-color:rgba(0, 0, 0, 0);color:#f78da7\" class=\"has-inline-color\">Magenta Sport<\/mark>\/<mark style=\"background-color:rgba(0, 0, 0, 0);color:#000000\" class=\"has-inline-color\">DAZN<\/mark>)<\/span><\/p>\n\n\n\n<p class=\"wp-block-paragraph\"><strong><em>VfL Wolfsburg &#8211; SV Werder Bremen (14.00 Uhr)<\/em><\/strong><\/p>\n\n\n\n<p class=\"wp-block-paragraph\"><img loading=\"lazy\" decoding=\"async\" width=\"10\" height=\"21\" class=\"wp-image-3656\" style=\"width: 10px;\" src=\"https:\/\/kommentatorenblog.de\/wp-content\/uploads\/2020\/09\/shure-55sh-ii-e1601485394796.jpg\" alt=\"\" srcset=\"https:\/\/kommentatorenblog.de\/wp-content\/uploads\/2020\/09\/shure-55sh-ii-e1601485394796.jpg 415w, https:\/\/kommentatorenblog.de\/wp-content\/uploads\/2020\/09\/shure-55sh-ii-e1601485394796-142x300.jpg 142w\" sizes=\"auto, (max-width: 10px) 100vw, 10px\" \/> <em><mark style=\"background-color:rgba(0, 0, 0, 0);color:#f78da7\" class=\"has-inline-color\">Magenta Sport<\/mark><\/em>: Martin Piller<\/p>\n\n\n\n<p class=\"wp-block-paragraph\"><img loading=\"lazy\" decoding=\"async\" width=\"10\" height=\"21\" class=\"wp-image-3656\" style=\"width: 10px;\" src=\"https:\/\/kommentatorenblog.de\/wp-content\/uploads\/2020\/09\/shure-55sh-ii-e1601485394796.jpg\" alt=\"\" srcset=\"https:\/\/kommentatorenblog.de\/wp-content\/uploads\/2020\/09\/shure-55sh-ii-e1601485394796.jpg 415w, https:\/\/kommentatorenblog.de\/wp-content\/uploads\/2020\/09\/shure-55sh-ii-e1601485394796-142x300.jpg 142w\" sizes=\"auto, (max-width: 10px) 100vw, 10px\" \/> <em><mark style=\"background-color:rgba(0, 0, 0, 0);color:#000000\" class=\"has-inline-color\">DAZN<\/mark><\/em>: Matthias Naebers <\/p>\n\n\n\n<p class=\"wp-block-paragraph\"><span style=\"text-decoration: underline;\">ab 15.45 Uhr (<mark style=\"background-color:rgba(0, 0, 0, 0);color:#f78da7\" class=\"has-inline-color\">Magenta Sport<\/mark>\/<mark style=\"background-color:rgba(0, 0, 0, 0);color:#000000\" class=\"has-inline-color\">DAZN<\/mark>)<\/span><\/p>\n\n\n\n<p class=\"wp-block-paragraph\"><strong><em>FC Bayern M\u00fcnchen &#8211; SC Freiburg (16.00 Uhr)<\/em><\/strong><\/p>\n\n\n\n<p class=\"wp-block-paragraph\"><img loading=\"lazy\" decoding=\"async\" width=\"10\" height=\"21\" class=\"wp-image-3656\" style=\"width: 10px;\" src=\"https:\/\/kommentatorenblog.de\/wp-content\/uploads\/2020\/09\/shure-55sh-ii-e1601485394796.jpg\" alt=\"\" srcset=\"https:\/\/kommentatorenblog.de\/wp-content\/uploads\/2020\/09\/shure-55sh-ii-e1601485394796.jpg 415w, https:\/\/kommentatorenblog.de\/wp-content\/uploads\/2020\/09\/shure-55sh-ii-e1601485394796-142x300.jpg 142w\" sizes=\"auto, (max-width: 10px) 100vw, 10px\" \/> <em><mark style=\"background-color:rgba(0, 0, 0, 0);color:#f78da7\" class=\"has-inline-color\">Magenta Sport<\/mark><\/em>: Oskar Heirler, Expertin: Kahrin Lehmann<br>Moderation (<em><mark style=\"background-color:rgba(0, 0, 0, 0);color:#f78da7\" class=\"has-inline-color\">Magenta Sport<\/mark><\/em>): Simon K\u00f6pfer<\/p>\n\n\n\n<p class=\"wp-block-paragraph\"><img loading=\"lazy\" decoding=\"async\" width=\"10\" height=\"21\" class=\"wp-image-3656\" style=\"width: 10px;\" src=\"https:\/\/kommentatorenblog.de\/wp-content\/uploads\/2020\/09\/shure-55sh-ii-e1601485394796.jpg\" alt=\"\" srcset=\"https:\/\/kommentatorenblog.de\/wp-content\/uploads\/2020\/09\/shure-55sh-ii-e1601485394796.jpg 415w, https:\/\/kommentatorenblog.de\/wp-content\/uploads\/2020\/09\/shure-55sh-ii-e1601485394796-142x300.jpg 142w\" sizes=\"auto, (max-width: 10px) 100vw, 10px\" \/> <em><mark style=\"background-color:rgba(0, 0, 0, 0);color:#000000\" class=\"has-inline-color\">DAZN<\/mark><\/em>: Markus Theil <\/p>\n\n\n\n<p class=\"wp-block-paragraph\"><span style=\"text-decoration: underline;\">ab 18.15 Uhr (<mark style=\"background-color:rgba(0, 0, 0, 0);color:#f78da7\" class=\"has-inline-color\">Magenta Sport<\/mark>\/<mark style=\"background-color:rgba(0, 0, 0, 0);color:#000000\" class=\"has-inline-color\">DAZN<\/mark>)<\/span><\/p>\n\n\n\n<p class=\"wp-block-paragraph\"><strong><em>1. FC N\u00fcrnberg &#8211; VfB Stuttgart (18.30 Uhr)<\/em><\/strong><\/p>\n\n\n\n<p class=\"wp-block-paragraph\"><img loading=\"lazy\" decoding=\"async\" width=\"10\" height=\"21\" class=\"wp-image-3656\" style=\"width: 10px;\" src=\"https:\/\/kommentatorenblog.de\/wp-content\/uploads\/2020\/09\/shure-55sh-ii-e1601485394796.jpg\" alt=\"\" srcset=\"https:\/\/kommentatorenblog.de\/wp-content\/uploads\/2020\/09\/shure-55sh-ii-e1601485394796.jpg 415w, https:\/\/kommentatorenblog.de\/wp-content\/uploads\/2020\/09\/shure-55sh-ii-e1601485394796-142x300.jpg 142w\" sizes=\"auto, (max-width: 10px) 100vw, 10px\" \/> <em><mark style=\"background-color:rgba(0, 0, 0, 0);color:#f78da7\" class=\"has-inline-color\">Magenta Sport<\/mark><\/em>: Martin Kern<\/p>\n\n\n\n<p class=\"wp-block-paragraph\"><img loading=\"lazy\" decoding=\"async\" width=\"10\" height=\"21\" class=\"wp-image-3656\" style=\"width: 10px;\" src=\"https:\/\/kommentatorenblog.de\/wp-content\/uploads\/2020\/09\/shure-55sh-ii-e1601485394796.jpg\" alt=\"\" srcset=\"https:\/\/kommentatorenblog.de\/wp-content\/uploads\/2020\/09\/shure-55sh-ii-e1601485394796.jpg 415w, https:\/\/kommentatorenblog.de\/wp-content\/uploads\/2020\/09\/shure-55sh-ii-e1601485394796-142x300.jpg 142w\" sizes=\"auto, (max-width: 10px) 100vw, 10px\" \/> <em><mark style=\"background-color:rgba(0, 0, 0, 0);color:#000000\" class=\"has-inline-color\">DAZN<\/mark><\/em>: Lukas Discepoli-Flottmeyer <\/p>\n\n\n\n<p class=\"wp-block-paragraph\"><span style=\"text-decoration: underline;\">Montag, 31. August 2026, ab 17.45 Uhr (<mark style=\"background-color:rgba(0, 0, 0, 0);color:#f78da7\" class=\"has-inline-color\">Magenta Sport<\/mark>, <mark style=\"background-color:rgba(0, 0, 0, 0);color:#000000\" class=\"has-inline-color\">DAZN<\/mark> und <mark style=\"background-color:rgba(0, 0, 0, 0);color:#000000\" class=\"has-inline-color\">Sport<\/mark><mark style=\"background-color:rgba(0, 0, 0, 0);color:#fcb900\" class=\"has-inline-color\">1<\/mark>)<\/span><\/p>\n\n\n\n<p class=\"wp-block-paragraph\"><strong><em>1. FC Union Berlin &#8211; Eintracht Frankfurt (18.00 Uhr)<\/em><\/strong><\/p>\n\n\n\n<p class=\"wp-block-paragraph\"><img loading=\"lazy\" decoding=\"async\" width=\"10\" height=\"21\" class=\"wp-image-3656\" style=\"width: 10px;\" src=\"https:\/\/kommentatorenblog.de\/wp-content\/uploads\/2020\/09\/shure-55sh-ii-e1601485394796.jpg\" alt=\"\" srcset=\"https:\/\/kommentatorenblog.de\/wp-content\/uploads\/2020\/09\/shure-55sh-ii-e1601485394796.jpg 415w, https:\/\/kommentatorenblog.de\/wp-content\/uploads\/2020\/09\/shure-55sh-ii-e1601485394796-142x300.jpg 142w\" sizes=\"auto, (max-width: 10px) 100vw, 10px\" \/> <em><mark style=\"background-color:rgba(0, 0, 0, 0);color:#f78da7\" class=\"has-inline-color\">Magenta Sport<\/mark><\/em>: Adrian Geiler <\/p>\n\n\n\n<p class=\"wp-block-paragraph\"><img loading=\"lazy\" decoding=\"async\" width=\"10\" height=\"21\" class=\"wp-image-3656\" style=\"width: 10px;\" src=\"https:\/\/kommentatorenblog.de\/wp-content\/uploads\/2020\/09\/shure-55sh-ii-e1601485394796.jpg\" alt=\"\" srcset=\"https:\/\/kommentatorenblog.de\/wp-content\/uploads\/2020\/09\/shure-55sh-ii-e1601485394796.jpg 415w, https:\/\/kommentatorenblog.de\/wp-content\/uploads\/2020\/09\/shure-55sh-ii-e1601485394796-142x300.jpg 142w\" sizes=\"auto, (max-width: 10px) 100vw, 10px\" \/> <em><mark style=\"background-color:rgba(0, 0, 0, 0);color:#000000\" class=\"has-inline-color\">DAZN<\/mark><\/em>: Moritz Grimmig<\/p>\n\n\n\n<p class=\"wp-block-paragraph\"><img loading=\"lazy\" decoding=\"async\" width=\"10\" height=\"21\" class=\"wp-image-3656\" style=\"width: 10px;\" src=\"https:\/\/kommentatorenblog.de\/wp-content\/uploads\/2020\/09\/shure-55sh-ii-e1601485394796.jpg\" alt=\"\" srcset=\"https:\/\/kommentatorenblog.de\/wp-content\/uploads\/2020\/09\/shure-55sh-ii-e1601485394796.jpg 415w, https:\/\/kommentatorenblog.de\/wp-content\/uploads\/2020\/09\/shure-55sh-ii-e1601485394796-142x300.jpg 142w\" sizes=\"auto, (max-width: 10px) 100vw, 10px\" \/> <em><mark style=\"background-color:rgba(0, 0, 0, 0);color:#000000\" class=\"has-inline-color\">Sport<\/mark><mark style=\"background-color:rgba(0, 0, 0, 0);color:#fcb900\" class=\"has-inline-color\">1<\/mark><\/em>: Christina Rann<\/p>\n\n\n\n<hr class=\"wp-block-separator has-alpha-channel-opacity\"\/>\n\n\n\n<p class=\"wp-block-paragraph\"><strong>2. Bundesliga (GER), 4. Spieltag (<mark style=\"background-color:rgba(0, 0, 0, 0);color:#cf2e2e\" class=\"has-inline-color\">Sky<\/mark>\/<mark style=\"background-color:rgba(0, 0, 0, 0)\" class=\"has-inline-color has-vivid-green-cyan-color\">NITRO<\/mark>)<\/strong><\/p>\n\n\n\n<p class=\"wp-block-paragraph\"><span style=\"text-decoration: underline;\">Freitag, 04. September 2026, ab 18.00 Uhr (<mark style=\"background-color:rgba(0, 0, 0, 0);color:#cf2e2e\" class=\"has-inline-color\">Sky<\/mark>)<\/span><\/p>\n\n\n\n<p class=\"wp-block-paragraph\"><strong><em>Konferenz (18.30 Uhr)<\/em><\/strong><br><img loading=\"lazy\" decoding=\"async\" width=\"10\" height=\"21\" class=\"wp-image-3656\" style=\"width: 10px;\" src=\"https:\/\/kommentatorenblog.de\/wp-content\/uploads\/2020\/09\/shure-55sh-ii-e1601485394796.jpg\" alt=\"\" srcset=\"https:\/\/kommentatorenblog.de\/wp-content\/uploads\/2020\/09\/shure-55sh-ii-e1601485394796.jpg 415w, https:\/\/kommentatorenblog.de\/wp-content\/uploads\/2020\/09\/shure-55sh-ii-e1601485394796-142x300.jpg 142w\" sizes=\"auto, (max-width: 10px) 100vw, 10px\" \/> Toni Tomic (Fokus auf DSC-STP)<\/p>\n\n\n\n<p class=\"wp-block-paragraph\"><strong><em>Arminia Bielefeld &#8211; FC St. Pauli (18.30 Uhr)<\/em><\/strong><br><img loading=\"lazy\" decoding=\"async\" width=\"10\" height=\"21\" class=\"wp-image-3656\" style=\"width: 10px;\" src=\"https:\/\/kommentatorenblog.de\/wp-content\/uploads\/2020\/09\/shure-55sh-ii-e1601485394796.jpg\" alt=\"\" srcset=\"https:\/\/kommentatorenblog.de\/wp-content\/uploads\/2020\/09\/shure-55sh-ii-e1601485394796.jpg 415w, https:\/\/kommentatorenblog.de\/wp-content\/uploads\/2020\/09\/shure-55sh-ii-e1601485394796-142x300.jpg 142w\" sizes=\"auto, (max-width: 10px) 100vw, 10px\" \/> Joachim Hebel<\/p>\n\n\n\n<p class=\"wp-block-paragraph\"><strong><em>Hannover 96 &#8211; Karlsruher SC (18.30 Uhr)<\/em><\/strong><br><img loading=\"lazy\" decoding=\"async\" width=\"10\" height=\"21\" class=\"wp-image-3656\" style=\"width: 10px;\" src=\"https:\/\/kommentatorenblog.de\/wp-content\/uploads\/2020\/09\/shure-55sh-ii-e1601485394796.jpg\" alt=\"\" srcset=\"https:\/\/kommentatorenblog.de\/wp-content\/uploads\/2020\/09\/shure-55sh-ii-e1601485394796.jpg 415w, https:\/\/kommentatorenblog.de\/wp-content\/uploads\/2020\/09\/shure-55sh-ii-e1601485394796-142x300.jpg 142w\" sizes=\"auto, (max-width: 10px) 100vw, 10px\" \/> Marcus Lindemann<br>Field-Reporter: Dirk gro\u00dfe Schlarmann<\/p>\n\n\n\n<p class=\"wp-block-paragraph\">Moderation (aus Bielefeld): Yannick Erkenbrecher, Experte: Torsten Mattuschka<\/p>\n\n\n\n<p class=\"wp-block-paragraph\"><span style=\"text-decoration: underline;\">Samstag, 05. September 2026, ab 12.30 Uhr (<mark style=\"background-color:rgba(0, 0, 0, 0);color:#cf2e2e\" class=\"has-inline-color\">Sky<\/mark>)<\/span><\/p>\n\n\n\n<p class=\"wp-block-paragraph\"><strong><em>1. FC Kaiserslautern &#8211; SV Darmstadt 98 (13.00 Uhr)<\/em><\/strong><br><img loading=\"lazy\" decoding=\"async\" width=\"10\" height=\"21\" class=\"wp-image-3656\" style=\"width: 10px;\" src=\"https:\/\/kommentatorenblog.de\/wp-content\/uploads\/2020\/09\/shure-55sh-ii-e1601485394796.jpg\" alt=\"\" srcset=\"https:\/\/kommentatorenblog.de\/wp-content\/uploads\/2020\/09\/shure-55sh-ii-e1601485394796.jpg 415w, https:\/\/kommentatorenblog.de\/wp-content\/uploads\/2020\/09\/shure-55sh-ii-e1601485394796-142x300.jpg 142w\" sizes=\"auto, (max-width: 10px) 100vw, 10px\" \/> Joachim Hebel (Einzelspiel), Frank Buschmann (Konferenz)<\/p>\n\n\n\n<p class=\"wp-block-paragraph\"><strong><em>Holstein Kiel &#8211; 1. FC N\u00fcrnberg (13.00 Uhr)<\/em><\/strong><br><img loading=\"lazy\" decoding=\"async\" width=\"10\" height=\"21\" class=\"wp-image-3656\" style=\"width: 10px;\" src=\"https:\/\/kommentatorenblog.de\/wp-content\/uploads\/2020\/09\/shure-55sh-ii-e1601485394796.jpg\" alt=\"\" srcset=\"https:\/\/kommentatorenblog.de\/wp-content\/uploads\/2020\/09\/shure-55sh-ii-e1601485394796.jpg 415w, https:\/\/kommentatorenblog.de\/wp-content\/uploads\/2020\/09\/shure-55sh-ii-e1601485394796-142x300.jpg 142w\" sizes=\"auto, (max-width: 10px) 100vw, 10px\" \/> Marcus Lindemann (Einzelspiel), Marcel Meinert (Konferenz)<br>Field-Reporter: Jens Westen<\/p>\n\n\n\n<p class=\"wp-block-paragraph\"><strong><em>VfL Wolfsburg &#8211; Energie Cottbus (13.00 Uhr)<\/em><\/strong><br><img loading=\"lazy\" decoding=\"async\" width=\"10\" height=\"21\" class=\"wp-image-3656\" style=\"width: 10px;\" src=\"https:\/\/kommentatorenblog.de\/wp-content\/uploads\/2020\/09\/shure-55sh-ii-e1601485394796.jpg\" alt=\"\" srcset=\"https:\/\/kommentatorenblog.de\/wp-content\/uploads\/2020\/09\/shure-55sh-ii-e1601485394796.jpg 415w, https:\/\/kommentatorenblog.de\/wp-content\/uploads\/2020\/09\/shure-55sh-ii-e1601485394796-142x300.jpg 142w\" sizes=\"auto, (max-width: 10px) 100vw, 10px\" \/> Dominik M\u00fcller (Einzelspiel), Martin Gro\u00df (Konferenz)<br>Field-Reporter: Sven T\u00f6llner<\/p>\n\n\n\n<p class=\"wp-block-paragraph\">Moderation (aus Kaiserslautern): Stefan Hempel, Experte: Torsten Mattuschka<\/p>\n\n\n\n<p class=\"wp-block-paragraph\"><span style=\"text-decoration: underline;\">ab 20.00 Uhr (<mark style=\"background-color:rgba(0, 0, 0, 0);color:#cf2e2e\" class=\"has-inline-color\">Sky<\/mark>) bzw. ab 20.15 Uhr (<mark style=\"background-color:rgba(0, 0, 0, 0)\" class=\"has-inline-color has-vivid-green-cyan-color\">NITRO<\/mark>)<\/span><\/p>\n\n\n\n<p class=\"wp-block-paragraph\"><strong><em>SG Dynamo Dresden &#8211; VfL Bochum (20.30 Uhr)<\/em><\/strong><br><img loading=\"lazy\" decoding=\"async\" width=\"10\" height=\"21\" class=\"wp-image-3656\" style=\"width: 10px;\" src=\"https:\/\/kommentatorenblog.de\/wp-content\/uploads\/2020\/09\/shure-55sh-ii-e1601485394796.jpg\" alt=\"\" srcset=\"https:\/\/kommentatorenblog.de\/wp-content\/uploads\/2020\/09\/shure-55sh-ii-e1601485394796.jpg 415w, https:\/\/kommentatorenblog.de\/wp-content\/uploads\/2020\/09\/shure-55sh-ii-e1601485394796-142x300.jpg 142w\" sizes=\"auto, (max-width: 10px) 100vw, 10px\" \/> Cornelius K\u00fcpper, Experte: Simon Terodde<br>Moderation: Florian K\u00f6nig<br>Field-Reporter: Marcel Klein<\/p>\n\n\n\n<p class=\"wp-block-paragraph\"><span style=\"text-decoration: underline;\">Sonntag, 06. September 2026, ab 13.00 Uhr (<mark style=\"background-color:rgba(0, 0, 0, 0);color:#cf2e2e\" class=\"has-inline-color\">Sky<\/mark>)<\/span><\/p>\n\n\n\n<p class=\"wp-block-paragraph\"><strong><em>Hertha BSC &#8211; 1. FC Magdeburg (13.30 Uhr)<\/em><\/strong><br><img loading=\"lazy\" decoding=\"async\" width=\"10\" height=\"21\" class=\"wp-image-3656\" style=\"width: 10px;\" src=\"https:\/\/kommentatorenblog.de\/wp-content\/uploads\/2020\/09\/shure-55sh-ii-e1601485394796.jpg\" alt=\"\" srcset=\"https:\/\/kommentatorenblog.de\/wp-content\/uploads\/2020\/09\/shure-55sh-ii-e1601485394796.jpg 415w, https:\/\/kommentatorenblog.de\/wp-content\/uploads\/2020\/09\/shure-55sh-ii-e1601485394796-142x300.jpg 142w\" sizes=\"auto, (max-width: 10px) 100vw, 10px\" \/> Kai Dittmann (Einzelspiel), Frank Buschmann (Konferenz)<\/p>\n\n\n\n<p class=\"wp-block-paragraph\"><strong><em>VfL Osnabr\u00fcck &#8211; Eintracht Braunschweig (13.30 Uhr)<\/em><\/strong><br><img loading=\"lazy\" decoding=\"async\" width=\"10\" height=\"21\" class=\"wp-image-3656\" style=\"width: 10px;\" src=\"https:\/\/kommentatorenblog.de\/wp-content\/uploads\/2020\/09\/shure-55sh-ii-e1601485394796.jpg\" alt=\"\" srcset=\"https:\/\/kommentatorenblog.de\/wp-content\/uploads\/2020\/09\/shure-55sh-ii-e1601485394796.jpg 415w, https:\/\/kommentatorenblog.de\/wp-content\/uploads\/2020\/09\/shure-55sh-ii-e1601485394796-142x300.jpg 142w\" sizes=\"auto, (max-width: 10px) 100vw, 10px\" \/> Martin Gro\u00df (Einzelspiel), Florian Schmidt-Sommerfeld (Konferenz)<br>Field-Reporter: Karsten Petrzika<\/p>\n\n\n\n<p class=\"wp-block-paragraph\"><strong><em>SpVgg F\u00fcrth &#8211; 1. FC Heidenheim (13.30 Uhr)<\/em><\/strong><br><img loading=\"lazy\" decoding=\"async\" width=\"10\" height=\"21\" class=\"wp-image-3656\" style=\"width: 10px;\" src=\"https:\/\/kommentatorenblog.de\/wp-content\/uploads\/2020\/09\/shure-55sh-ii-e1601485394796.jpg\" alt=\"\" srcset=\"https:\/\/kommentatorenblog.de\/wp-content\/uploads\/2020\/09\/shure-55sh-ii-e1601485394796.jpg 415w, https:\/\/kommentatorenblog.de\/wp-content\/uploads\/2020\/09\/shure-55sh-ii-e1601485394796-142x300.jpg 142w\" sizes=\"auto, (max-width: 10px) 100vw, 10px\" \/> Sven Schr\u00f6ter (Einzelspiel), Marcel Meinert (Konferenz)<br>Field-Reporter: Felix Fischer<\/p>\n\n\n\n<p class=\"wp-block-paragraph\">Moderation (aus Berlin): Max Zielke, Experte: Torsten Mattuschka<\/p>\n\n\n\n<hr class=\"wp-block-separator has-alpha-channel-opacity\"\/>\n\n\n\n<p class=\"wp-block-paragraph\"><strong>2. Frauen-Bundesliga (GER), 5. Spieltag (<mark style=\"background-color:rgba(0, 0, 0, 0)\" class=\"has-inline-color has-pale-cyan-blue-color\">LEAGUES<\/mark>\/<mark style=\"background-color:rgba(0, 0, 0, 0)\" class=\"has-inline-color has-vivid-green-cyan-color\">DFB.TV<\/mark>)<\/strong><\/p>\n\n\n\n<p class=\"wp-block-paragraph\"><span style=\"text-decoration: underline;\">Sonntag, 06. September 2026 (<mark style=\"background-color:rgba(0, 0, 0, 0)\" class=\"has-inline-color has-pale-cyan-blue-color\">LEAGUES<\/mark>)<\/span><\/p>\n\n\n\n<p class=\"wp-block-paragraph\"><span style=\"text-decoration: underline;\">ab 10.55 Uhr <mark style=\"background-color:rgba(0, 0, 0, 0)\" class=\"has-inline-color has-black-color\">(<\/mark><mark style=\"background-color:rgba(0, 0, 0, 0)\" class=\"has-inline-color has-pale-cyan-blue-color\">LEAGUES<\/mark>\/<mark style=\"background-color:rgba(0, 0, 0, 0)\" class=\"has-inline-color has-vivid-green-cyan-color\">DFB.TV<\/mark>)<\/span><\/p>\n\n\n\n<p class=\"wp-block-paragraph\"><strong><em>FC Ingolstadt 04 &#8211; 1. FC K\u00f6ln II<\/em><\/strong> <strong><em>(11.00 Uhr)<\/em><\/strong><br><img loading=\"lazy\" decoding=\"async\" width=\"10\" height=\"21\" class=\"wp-image-3656\" style=\"width: 10px;\" src=\"https:\/\/kommentatorenblog.de\/wp-content\/uploads\/2020\/09\/shure-55sh-ii-e1601485394796.jpg\" alt=\"\" srcset=\"https:\/\/kommentatorenblog.de\/wp-content\/uploads\/2020\/09\/shure-55sh-ii-e1601485394796.jpg 415w, https:\/\/kommentatorenblog.de\/wp-content\/uploads\/2020\/09\/shure-55sh-ii-e1601485394796-142x300.jpg 142w\" sizes=\"auto, (max-width: 10px) 100vw, 10px\" \/> Jonas Weidemann<\/p>\n\n\n\n<p class=\"wp-block-paragraph\"><span style=\"text-decoration: underline;\">ab 13.55 Uhr (<mark style=\"background-color:rgba(0, 0, 0, 0)\" class=\"has-inline-color has-pale-cyan-blue-color\">LEAGUES<\/mark><\/span>)<\/p>\n\n\n\n<p class=\"wp-block-paragraph\"><strong><em>FC Viktoria Berlin &#8211; SV Meppen<\/em><\/strong> <strong><em>(14.00 Uhr)<\/em><\/strong><br><img loading=\"lazy\" decoding=\"async\" width=\"10\" height=\"21\" class=\"wp-image-3656\" style=\"width: 10px;\" src=\"https:\/\/kommentatorenblog.de\/wp-content\/uploads\/2020\/09\/shure-55sh-ii-e1601485394796.jpg\" alt=\"\" srcset=\"https:\/\/kommentatorenblog.de\/wp-content\/uploads\/2020\/09\/shure-55sh-ii-e1601485394796.jpg 415w, https:\/\/kommentatorenblog.de\/wp-content\/uploads\/2020\/09\/shure-55sh-ii-e1601485394796-142x300.jpg 142w\" sizes=\"auto, (max-width: 10px) 100vw, 10px\" \/> Jon Becker<\/p>\n\n\n\n<p class=\"wp-block-paragraph\"><strong><em>Eintracht Frankfurt II &#8211; Carl Zeiss Jena<\/em><\/strong><em><strong> <\/strong><\/em><strong><em>(14.00 Uhr)<\/em><\/strong><br><img loading=\"lazy\" decoding=\"async\" width=\"10\" height=\"21\" class=\"wp-image-3656\" style=\"width: 10px;\" src=\"https:\/\/kommentatorenblog.de\/wp-content\/uploads\/2020\/09\/shure-55sh-ii-e1601485394796.jpg\" alt=\"\" srcset=\"https:\/\/kommentatorenblog.de\/wp-content\/uploads\/2020\/09\/shure-55sh-ii-e1601485394796.jpg 415w, https:\/\/kommentatorenblog.de\/wp-content\/uploads\/2020\/09\/shure-55sh-ii-e1601485394796-142x300.jpg 142w\" sizes=\"auto, (max-width: 10px) 100vw, 10px\" \/> Fabian Engelmann<\/p>\n\n\n\n<p class=\"wp-block-paragraph\"><em style=\"font-weight: bold;\">VfL Bochum &#8211;<\/em><strong><em> SG 99 Andernach<\/em><\/strong><strong><em> <\/em><\/strong><strong><em>(14.00 Uhr)<\/em><\/strong><br><img loading=\"lazy\" decoding=\"async\" width=\"10\" height=\"21\" class=\"wp-image-3656\" style=\"width: 10px;\" src=\"https:\/\/kommentatorenblog.de\/wp-content\/uploads\/2020\/09\/shure-55sh-ii-e1601485394796.jpg\" alt=\"\" srcset=\"https:\/\/kommentatorenblog.de\/wp-content\/uploads\/2020\/09\/shure-55sh-ii-e1601485394796.jpg 415w, https:\/\/kommentatorenblog.de\/wp-content\/uploads\/2020\/09\/shure-55sh-ii-e1601485394796-142x300.jpg 142w\" sizes=\"auto, (max-width: 10px) 100vw, 10px\" \/> Marc Rohde<\/p>\n\n\n\n<p class=\"wp-block-paragraph\"><em style=\"font-weight: bold;\">TSG 1899 Hoffenheim II &#8211; <\/em><strong><em>SC Sand<\/em><\/strong><strong><em> (14.00 Uhr)<\/em><\/strong><br><img loading=\"lazy\" decoding=\"async\" width=\"10\" height=\"21\" class=\"wp-image-3656\" style=\"width: 10px;\" src=\"https:\/\/kommentatorenblog.de\/wp-content\/uploads\/2020\/09\/shure-55sh-ii-e1601485394796.jpg\" alt=\"\" srcset=\"https:\/\/kommentatorenblog.de\/wp-content\/uploads\/2020\/09\/shure-55sh-ii-e1601485394796.jpg 415w, https:\/\/kommentatorenblog.de\/wp-content\/uploads\/2020\/09\/shure-55sh-ii-e1601485394796-142x300.jpg 142w\" sizes=\"auto, (max-width: 10px) 100vw, 10px\" \/> Angelos Demirtsoglou<\/p>\n\n\n\n<p class=\"wp-block-paragraph\"><strong><em>Borussia M\u00f6nchengladbach &#8211; Hertha BSC <\/em><\/strong><strong><em>(14.00 Uhr)<\/em><\/strong><br><img loading=\"lazy\" decoding=\"async\" width=\"10\" height=\"21\" class=\"wp-image-3656\" style=\"width: 10px;\" src=\"https:\/\/kommentatorenblog.de\/wp-content\/uploads\/2020\/09\/shure-55sh-ii-e1601485394796.jpg\" alt=\"\" srcset=\"https:\/\/kommentatorenblog.de\/wp-content\/uploads\/2020\/09\/shure-55sh-ii-e1601485394796.jpg 415w, https:\/\/kommentatorenblog.de\/wp-content\/uploads\/2020\/09\/shure-55sh-ii-e1601485394796-142x300.jpg 142w\" sizes=\"auto, (max-width: 10px) 100vw, 10px\" \/> Christoph W\u00f6tzel<\/p>\n\n\n\n<p class=\"wp-block-paragraph\"><strong><em>1. FFC Turbine Potsdam &#8211; SGS Essen (14.00 Uhr)<\/em><\/strong><br><img loading=\"lazy\" decoding=\"async\" width=\"10\" height=\"21\" class=\"wp-image-3656\" style=\"width: 10px;\" src=\"https:\/\/kommentatorenblog.de\/wp-content\/uploads\/2020\/09\/shure-55sh-ii-e1601485394796.jpg\" alt=\"\" srcset=\"https:\/\/kommentatorenblog.de\/wp-content\/uploads\/2020\/09\/shure-55sh-ii-e1601485394796.jpg 415w, https:\/\/kommentatorenblog.de\/wp-content\/uploads\/2020\/09\/shure-55sh-ii-e1601485394796-142x300.jpg 142w\" sizes=\"auto, (max-width: 10px) 100vw, 10px\" \/> Clemens Mauksch<\/p>\n\n\n\n<hr class=\"wp-block-separator has-alpha-channel-opacity\"\/>\n\n\n\n<p class=\"wp-block-paragraph\"><strong>3. Liga (GER), 4. Spieltag (<mark style=\"background-color:rgba(0, 0, 0, 0);color:#f78da7\" class=\"has-inline-color\">Magenta Sport<\/mark>\/<mark style=\"background-color:rgba(0, 0, 0, 0);color:#050761\" class=\"has-inline-color\">NDR<\/mark>\/<mark style=\"background-color:rgba(0, 0, 0, 0);color:#8ed1fc\" class=\"has-inline-color\">BR<\/mark>)<\/strong><\/p>\n\n\n\n<p class=\"wp-block-paragraph\"><span style=\"text-decoration: underline;\">Freitag, 04. September 2026, ab 18.30 Uhr (<mark style=\"background-color:rgba(0, 0, 0, 0);color:#f78da7\" class=\"has-inline-color\">Magenta Sport<\/mark>)<\/span><\/p>\n\n\n\n<p class=\"wp-block-paragraph\"><strong><em>FC Ingolstadt 04 &#8211; Alemannia Aachen (19.00 Uhr)<\/em><\/strong><br><img loading=\"lazy\" decoding=\"async\" width=\"10\" height=\"21\" class=\"wp-image-3656\" style=\"width: 10px;\" src=\"https:\/\/kommentatorenblog.de\/wp-content\/uploads\/2020\/09\/shure-55sh-ii-e1601485394796.jpg\" alt=\"\" srcset=\"https:\/\/kommentatorenblog.de\/wp-content\/uploads\/2020\/09\/shure-55sh-ii-e1601485394796.jpg 415w, https:\/\/kommentatorenblog.de\/wp-content\/uploads\/2020\/09\/shure-55sh-ii-e1601485394796-142x300.jpg 142w\" sizes=\"auto, (max-width: 10px) 100vw, 10px\" \/> Alex Klich, Experte: Markus Schwabl<br>Moderation: Alex K\u00fcpper<\/p>\n\n\n\n<p class=\"wp-block-paragraph\"><span style=\"text-decoration: underline;\">Samstag, 05. September 2026, ab 13.30 Uhr (<mark style=\"background-color:rgba(0, 0, 0, 0);color:#f78da7\" class=\"has-inline-color\">Magenta Sport<\/mark>)<\/span><\/p>\n\n\n\n<p class=\"wp-block-paragraph\"><strong><em>Die Konferenz (14.00 Uhr)<\/em><\/strong><br><img loading=\"lazy\" decoding=\"async\" width=\"10\" height=\"21\" class=\"wp-image-3656\" style=\"width: 10px;\" src=\"https:\/\/kommentatorenblog.de\/wp-content\/uploads\/2020\/09\/shure-55sh-ii-e1601485394796.jpg\" alt=\"\" srcset=\"https:\/\/kommentatorenblog.de\/wp-content\/uploads\/2020\/09\/shure-55sh-ii-e1601485394796.jpg 415w, https:\/\/kommentatorenblog.de\/wp-content\/uploads\/2020\/09\/shure-55sh-ii-e1601485394796-142x300.jpg 142w\" sizes=\"auto, (max-width: 10px) 100vw, 10px\" \/> Christian Stra\u00dfburger, Experte: Steven Ruprecht<\/p>\n\n\n\n<p class=\"wp-block-paragraph\"><span style=\"text-decoration: underline;\">ab 13.45 Uhr (<mark style=\"background-color:rgba(0, 0, 0, 0);color:#f78da7\" class=\"has-inline-color\">Magenta Sport<\/mark>)<\/span><\/p>\n\n\n\n<p class=\"wp-block-paragraph\"><strong><em>SV Meppen- 1. FC Saarbr\u00fccken<\/em><\/strong> <strong><em>(14.00 Uhr)<\/em><\/strong><br><img loading=\"lazy\" decoding=\"async\" width=\"10\" height=\"21\" class=\"wp-image-3656\" style=\"width: 10px;\" src=\"https:\/\/kommentatorenblog.de\/wp-content\/uploads\/2020\/09\/shure-55sh-ii-e1601485394796.jpg\" alt=\"\" srcset=\"https:\/\/kommentatorenblog.de\/wp-content\/uploads\/2020\/09\/shure-55sh-ii-e1601485394796.jpg 415w, https:\/\/kommentatorenblog.de\/wp-content\/uploads\/2020\/09\/shure-55sh-ii-e1601485394796-142x300.jpg 142w\" sizes=\"auto, (max-width: 10px) 100vw, 10px\" \/> Markus H\u00f6hner<br>Moderation: Kamila Benschop<\/p>\n\n\n\n<p class=\"wp-block-paragraph\"><strong><em>SC Preu\u00dfen M\u00fcnster &#8211; TSV Havelse (14.00 Uhr)<\/em><\/strong><br><img loading=\"lazy\" decoding=\"async\" width=\"10\" height=\"21\" class=\"wp-image-3656\" style=\"width: 10px;\" src=\"https:\/\/kommentatorenblog.de\/wp-content\/uploads\/2020\/09\/shure-55sh-ii-e1601485394796.jpg\" alt=\"\" srcset=\"https:\/\/kommentatorenblog.de\/wp-content\/uploads\/2020\/09\/shure-55sh-ii-e1601485394796.jpg 415w, https:\/\/kommentatorenblog.de\/wp-content\/uploads\/2020\/09\/shure-55sh-ii-e1601485394796-142x300.jpg 142w\" sizes=\"auto, (max-width: 10px) 100vw, 10px\" \/> Martin Hahn<br>Moderation: Stefan Fuckert <\/p>\n\n\n\n<p class=\"wp-block-paragraph\"><strong><em>SV Waldhof Mannheim &#8211; SC Verl (14.00 Uhr)<\/em><\/strong><br><img loading=\"lazy\" decoding=\"async\" width=\"10\" height=\"21\" class=\"wp-image-3656\" style=\"width: 10px;\" src=\"https:\/\/kommentatorenblog.de\/wp-content\/uploads\/2020\/09\/shure-55sh-ii-e1601485394796.jpg\" alt=\"\" srcset=\"https:\/\/kommentatorenblog.de\/wp-content\/uploads\/2020\/09\/shure-55sh-ii-e1601485394796.jpg 415w, https:\/\/kommentatorenblog.de\/wp-content\/uploads\/2020\/09\/shure-55sh-ii-e1601485394796-142x300.jpg 142w\" sizes=\"auto, (max-width: 10px) 100vw, 10px\" \/> Martin Piller<br>Moderation: Michael Bollenbacher<\/p>\n\n\n\n<p class=\"wp-block-paragraph\"><span style=\"text-decoration: underline;\">ab 13.45 Uhr (<mark style=\"background-color:rgba(0, 0, 0, 0);color:#f78da7\" class=\"has-inline-color\">Magenta Sport<\/mark>) bzw. ab 13.55 Uhr (<mark style=\"background-color:rgba(0, 0, 0, 0);color:#050761\" class=\"has-inline-color\">NDR<\/mark>)<\/span><\/p>\n\n\n\n<p class=\"wp-block-paragraph\"><strong><em>FC Hansa Rostock &#8211; SV Wehen Wiesbaden (14.00 Uhr)<\/em><\/strong><\/p>\n\n\n\n<p class=\"wp-block-paragraph\"><img loading=\"lazy\" decoding=\"async\" width=\"10\" height=\"21\" class=\"wp-image-3656\" style=\"width: 10px;\" src=\"https:\/\/kommentatorenblog.de\/wp-content\/uploads\/2020\/09\/shure-55sh-ii-e1601485394796.jpg\" alt=\"\" srcset=\"https:\/\/kommentatorenblog.de\/wp-content\/uploads\/2020\/09\/shure-55sh-ii-e1601485394796.jpg 415w, https:\/\/kommentatorenblog.de\/wp-content\/uploads\/2020\/09\/shure-55sh-ii-e1601485394796-142x300.jpg 142w\" sizes=\"auto, (max-width: 10px) 100vw, 10px\" \/> <em><mark style=\"background-color:rgba(0, 0, 0, 0);color:#f78da7\" class=\"has-inline-color\">Magenta Sport<\/mark><\/em>: Benni Zander<br>Moderation (<em><mark style=\"background-color:rgba(0, 0, 0, 0);color:#f78da7\" class=\"has-inline-color\">Magenta Sport<\/mark><\/em>): Holger Speckhahn <\/p>\n\n\n\n<p class=\"wp-block-paragraph\"><img loading=\"lazy\" decoding=\"async\" width=\"10\" height=\"21\" class=\"wp-image-3656\" style=\"width: 10px;\" src=\"https:\/\/kommentatorenblog.de\/wp-content\/uploads\/2020\/09\/shure-55sh-ii-e1601485394796.jpg\" alt=\"\" srcset=\"https:\/\/kommentatorenblog.de\/wp-content\/uploads\/2020\/09\/shure-55sh-ii-e1601485394796.jpg 415w, https:\/\/kommentatorenblog.de\/wp-content\/uploads\/2020\/09\/shure-55sh-ii-e1601485394796-142x300.jpg 142w\" sizes=\"auto, (max-width: 10px) 100vw, 10px\" \/> <mark style=\"background-color:rgba(0, 0, 0, 0)\" class=\"has-inline-color has-vivid-cyan-blue-color\"><mark style=\"background-color:rgba(0, 0, 0, 0);color:#050761\" class=\"has-inline-color\"><em>NDR<\/em><\/mark><\/mark>: Patrick Halatsch<br>Moderation (<mark style=\"background-color:rgba(0, 0, 0, 0)\" class=\"has-inline-color has-vivid-cyan-blue-color\"><mark style=\"background-color:rgba(0, 0, 0, 0);color:#050761\" class=\"has-inline-color\"><em>NDR<\/em><\/mark><\/mark>): Ben Wozny<\/p>\n\n\n\n<p class=\"wp-block-paragraph\"><span style=\"text-decoration: underline;\">ab 13.45 Uhr (<mark style=\"background-color:rgba(0, 0, 0, 0);color:#f78da7\" class=\"has-inline-color\">Magenta Sport<\/mark>) bzw. ab 13.55 Uhr (<mark style=\"background-color:rgba(0, 0, 0, 0)\" class=\"has-inline-color has-vivid-cyan-blue-color\">BR<\/mark>)<\/span><\/p>\n\n\n\n<p class=\"wp-block-paragraph\"><strong><em>SSV Jahn Regensburg &#8211; MSV Duisburg (14.00 Uhr)<\/em><\/strong><\/p>\n\n\n\n<p class=\"wp-block-paragraph\"><img loading=\"lazy\" decoding=\"async\" width=\"10\" height=\"21\" class=\"wp-image-3656\" style=\"width: 10px;\" src=\"https:\/\/kommentatorenblog.de\/wp-content\/uploads\/2020\/09\/shure-55sh-ii-e1601485394796.jpg\" alt=\"\" srcset=\"https:\/\/kommentatorenblog.de\/wp-content\/uploads\/2020\/09\/shure-55sh-ii-e1601485394796.jpg 415w, https:\/\/kommentatorenblog.de\/wp-content\/uploads\/2020\/09\/shure-55sh-ii-e1601485394796-142x300.jpg 142w\" sizes=\"auto, (max-width: 10px) 100vw, 10px\" \/> <em><mark style=\"background-color:rgba(0, 0, 0, 0);color:#f78da7\" class=\"has-inline-color\">Magenta Sport<\/mark><\/em>: Franz B\u00fcchner<br>Moderation (<em><mark style=\"background-color:rgba(0, 0, 0, 0);color:#f78da7\" class=\"has-inline-color\">Magenta Sport<\/mark><\/em>): Simon K\u00f6pfer<\/p>\n\n\n\n<p class=\"wp-block-paragraph\"><img loading=\"lazy\" decoding=\"async\" width=\"10\" height=\"21\" class=\"wp-image-3656\" style=\"width: 10px;\" src=\"https:\/\/kommentatorenblog.de\/wp-content\/uploads\/2020\/09\/shure-55sh-ii-e1601485394796.jpg\" alt=\"\" srcset=\"https:\/\/kommentatorenblog.de\/wp-content\/uploads\/2020\/09\/shure-55sh-ii-e1601485394796.jpg 415w, https:\/\/kommentatorenblog.de\/wp-content\/uploads\/2020\/09\/shure-55sh-ii-e1601485394796-142x300.jpg 142w\" sizes=\"auto, (max-width: 10px) 100vw, 10px\" \/> <mark style=\"background-color:rgba(0, 0, 0, 0)\" class=\"has-inline-color has-pale-cyan-blue-color\"><em>BR<\/em><\/mark>: Florian Eckl<br>Moderation (<em><mark style=\"background-color:rgba(0, 0, 0, 0)\" class=\"has-inline-color has-pale-cyan-blue-color\">BR<\/mark><\/em>): Markus Othmer<\/p>\n\n\n\n<p class=\"wp-block-paragraph\"><span style=\"text-decoration: underline;\">ab 16.15 Uhr (<mark style=\"background-color:rgba(0, 0, 0, 0);color:#f78da7\" class=\"has-inline-color\">Magenta Sport<\/mark>)<\/span><\/p>\n\n\n\n<p class=\"wp-block-paragraph\"><strong><em>Rot-Weiss Essen &#8211; FC Viktoria K\u00f6ln (16.30 Uhr)<\/em><\/strong><br><img loading=\"lazy\" decoding=\"async\" width=\"10\" height=\"21\" class=\"wp-image-3656\" style=\"width: 10px;\" src=\"https:\/\/kommentatorenblog.de\/wp-content\/uploads\/2020\/09\/shure-55sh-ii-e1601485394796.jpg\" alt=\"\" srcset=\"https:\/\/kommentatorenblog.de\/wp-content\/uploads\/2020\/09\/shure-55sh-ii-e1601485394796.jpg 415w, https:\/\/kommentatorenblog.de\/wp-content\/uploads\/2020\/09\/shure-55sh-ii-e1601485394796-142x300.jpg 142w\" sizes=\"auto, (max-width: 10px) 100vw, 10px\" \/> Julian Engelhard<br>Moderation: Cedric Pick<\/p>\n\n\n\n<p class=\"wp-block-paragraph\"><span style=\"text-decoration: underline;\">Sonntag, 06. September 2026, ab 13.15 Uhr (<mark style=\"background-color:rgba(0, 0, 0, 0);color:#f78da7\" class=\"has-inline-color\">Magenta Sport<\/mark>)<\/span><\/p>\n\n\n\n<p class=\"wp-block-paragraph\"><strong><em>FC W\u00fcrzburger Kickers &#8211; VfB Stuttgart II (13.30 Uhr)<\/em><\/strong><br><img loading=\"lazy\" decoding=\"async\" width=\"10\" height=\"21\" class=\"wp-image-3656\" style=\"width: 10px;\" src=\"https:\/\/kommentatorenblog.de\/wp-content\/uploads\/2020\/09\/shure-55sh-ii-e1601485394796.jpg\" alt=\"\" srcset=\"https:\/\/kommentatorenblog.de\/wp-content\/uploads\/2020\/09\/shure-55sh-ii-e1601485394796.jpg 415w, https:\/\/kommentatorenblog.de\/wp-content\/uploads\/2020\/09\/shure-55sh-ii-e1601485394796-142x300.jpg 142w\" sizes=\"auto, (max-width: 10px) 100vw, 10px\" \/> Basti Schwele<br>Moderation: Jan L\u00fcdeke<\/p>\n\n\n\n<p class=\"wp-block-paragraph\"><span style=\"text-decoration: underline;\">ab 16.15 Uhr (<mark style=\"background-color:rgba(0, 0, 0, 0);color:#f78da7\" class=\"has-inline-color\">Magenta Sport<\/mark>)<\/span><\/p>\n\n\n\n<p class=\"wp-block-paragraph\"><strong><em>SG Sonnenhof Gro\u00dfaspach &#8211; TSG Hoffenheim II (16.30 Uhr)<\/em><\/strong><br><img loading=\"lazy\" decoding=\"async\" width=\"10\" height=\"21\" class=\"wp-image-3656\" style=\"width: 10px;\" src=\"https:\/\/kommentatorenblog.de\/wp-content\/uploads\/2020\/09\/shure-55sh-ii-e1601485394796.jpg\" alt=\"\" srcset=\"https:\/\/kommentatorenblog.de\/wp-content\/uploads\/2020\/09\/shure-55sh-ii-e1601485394796.jpg 415w, https:\/\/kommentatorenblog.de\/wp-content\/uploads\/2020\/09\/shure-55sh-ii-e1601485394796-142x300.jpg 142w\" sizes=\"auto, (max-width: 10px) 100vw, 10px\" \/> Franz B\u00fcchner <br>Moderation: Kevin Gerwin<\/p>\n\n\n\n<p class=\"wp-block-paragraph\"><span style=\"text-decoration: underline;\">ab 19.15 Uhr (<mark style=\"background-color:rgba(0, 0, 0, 0);color:#f78da7\" class=\"has-inline-color\">Magenta Sport<\/mark>)<\/span><\/p>\n\n\n\n<p class=\"wp-block-paragraph\"><strong><em>SC Fortuna K\u00f6ln &#8211; Fortuna D\u00fcsseldorf (19.30 Uhr)<\/em><\/strong><br><img loading=\"lazy\" decoding=\"async\" width=\"10\" height=\"21\" class=\"wp-image-3656\" style=\"width: 10px;\" src=\"https:\/\/kommentatorenblog.de\/wp-content\/uploads\/2020\/09\/shure-55sh-ii-e1601485394796.jpg\" alt=\"\" srcset=\"https:\/\/kommentatorenblog.de\/wp-content\/uploads\/2020\/09\/shure-55sh-ii-e1601485394796.jpg 415w, https:\/\/kommentatorenblog.de\/wp-content\/uploads\/2020\/09\/shure-55sh-ii-e1601485394796-142x300.jpg 142w\" sizes=\"auto, (max-width: 10px) 100vw, 10px\" \/> Philip Konrad<br>Moderation: Thomas Wagner <\/p>\n\n\n\n<hr class=\"wp-block-separator has-alpha-channel-opacity\"\/>\n\n\n\n<p class=\"wp-block-paragraph\"><strong>Premier League (ENG), 3. Spieltag (<mark style=\"background-color:rgba(0, 0, 0, 0);color:#cf2e2e\" class=\"has-inline-color\">Sky<\/mark>\/<mark style=\"background-color:rgba(0, 0, 0, 0)\" class=\"has-inline-color has-vivid-purple-color\">RTL+<\/mark>)<\/strong><\/p>\n\n\n\n<p class=\"wp-block-paragraph\"><span style=\"text-decoration: underline;\">Freitag, 04. September 2026, ab 20.50 Uhr (<mark style=\"background-color:rgba(0, 0, 0, 0);color:#cf2e2e\" class=\"has-inline-color\">Sky<\/mark>)<\/span><\/p>\n\n\n\n<p class=\"wp-block-paragraph\"><strong><em>Ipswich Town &#8211; FC Liverpool (21.00 Uhr)<\/em><\/strong><br><img loading=\"lazy\" decoding=\"async\" width=\"10\" height=\"21\" class=\"wp-image-3656\" style=\"width: 10px;\" src=\"https:\/\/kommentatorenblog.de\/wp-content\/uploads\/2020\/09\/shure-55sh-ii-e1601485394796.jpg\" alt=\"\" srcset=\"https:\/\/kommentatorenblog.de\/wp-content\/uploads\/2020\/09\/shure-55sh-ii-e1601485394796.jpg 415w, https:\/\/kommentatorenblog.de\/wp-content\/uploads\/2020\/09\/shure-55sh-ii-e1601485394796-142x300.jpg 142w\" sizes=\"auto, (max-width: 10px) 100vw, 10px\" \/> Markus Gaupp<\/p>\n\n\n\n<p class=\"wp-block-paragraph\"><span style=\"text-decoration: underline;\">Samstag, 05. September 2026, ab 13.20 Uhr (<mark style=\"background-color:rgba(0, 0, 0, 0);color:#cf2e2e\" class=\"has-inline-color\">Sky<\/mark>)<\/span><\/p>\n\n\n\n<p class=\"wp-block-paragraph\"><strong><em>Newcastle United &#8211; AFC Bournemouth (13.30 Uhr)<\/em><\/strong><br><img loading=\"lazy\" decoding=\"async\" width=\"10\" height=\"21\" class=\"wp-image-3656\" style=\"width: 10px;\" src=\"https:\/\/kommentatorenblog.de\/wp-content\/uploads\/2020\/09\/shure-55sh-ii-e1601485394796.jpg\" alt=\"\" srcset=\"https:\/\/kommentatorenblog.de\/wp-content\/uploads\/2020\/09\/shure-55sh-ii-e1601485394796.jpg 415w, https:\/\/kommentatorenblog.de\/wp-content\/uploads\/2020\/09\/shure-55sh-ii-e1601485394796-142x300.jpg 142w\" sizes=\"auto, (max-width: 10px) 100vw, 10px\" \/> Markus G\u00f6tz<\/p>\n\n\n\n<p class=\"wp-block-paragraph\"><span style=\"text-decoration: underline;\">ab 15.50 Uhr (<mark style=\"background-color:rgba(0, 0, 0, 0);color:#cf2e2e\" class=\"has-inline-color\">Sky<\/mark>)<\/span><\/p>\n\n\n\n<p class=\"wp-block-paragraph\"><strong><em>Goal-Rush-Konferenz, Hauptspiel: Manchester City &#8211; Coventry City (16.00 Uhr)<\/em><\/strong><br><img loading=\"lazy\" decoding=\"async\" width=\"10\" height=\"21\" class=\"wp-image-3656\" style=\"width: 10px;\" src=\"https:\/\/kommentatorenblog.de\/wp-content\/uploads\/2020\/09\/shure-55sh-ii-e1601485394796.jpg\" alt=\"\" srcset=\"https:\/\/kommentatorenblog.de\/wp-content\/uploads\/2020\/09\/shure-55sh-ii-e1601485394796.jpg 415w, https:\/\/kommentatorenblog.de\/wp-content\/uploads\/2020\/09\/shure-55sh-ii-e1601485394796-142x300.jpg 142w\" sizes=\"auto, (max-width: 10px) 100vw, 10px\" \/> Timo Sch\u00e4fers<\/p>\n\n\n\n<p class=\"wp-block-paragraph\"><strong><em>Nottingham Forest &#8211; Tottenham Hotspur (16.00 Uhr)<\/em><\/strong><br><img loading=\"lazy\" decoding=\"async\" width=\"10\" height=\"21\" class=\"wp-image-3656\" style=\"width: 10px;\" src=\"https:\/\/kommentatorenblog.de\/wp-content\/uploads\/2020\/09\/shure-55sh-ii-e1601485394796.jpg\" alt=\"\" srcset=\"https:\/\/kommentatorenblog.de\/wp-content\/uploads\/2020\/09\/shure-55sh-ii-e1601485394796.jpg 415w, https:\/\/kommentatorenblog.de\/wp-content\/uploads\/2020\/09\/shure-55sh-ii-e1601485394796-142x300.jpg 142w\" sizes=\"auto, (max-width: 10px) 100vw, 10px\" \/> Rachel Rinast<\/p>\n\n\n\n<p class=\"wp-block-paragraph\"><span style=\"text-decoration: underline;\">ab 18.20 Uhr (<mark style=\"background-color:rgba(0, 0, 0, 0);color:#cf2e2e\" class=\"has-inline-color\">Sky<\/mark>)<\/span><\/p>\n\n\n\n<p class=\"wp-block-paragraph\"><strong><em>Hull City &#8211; Aston Villa (18.30 Uhr)<\/em><\/strong><br><img loading=\"lazy\" decoding=\"async\" width=\"10\" height=\"21\" class=\"wp-image-3656\" style=\"width: 10px;\" src=\"https:\/\/kommentatorenblog.de\/wp-content\/uploads\/2020\/09\/shure-55sh-ii-e1601485394796.jpg\" alt=\"\" srcset=\"https:\/\/kommentatorenblog.de\/wp-content\/uploads\/2020\/09\/shure-55sh-ii-e1601485394796.jpg 415w, https:\/\/kommentatorenblog.de\/wp-content\/uploads\/2020\/09\/shure-55sh-ii-e1601485394796-142x300.jpg 142w\" sizes=\"auto, (max-width: 10px) 100vw, 10px\" \/> Jari Schaller <\/p>\n\n\n\n<p class=\"wp-block-paragraph\"><span style=\"text-decoration: underline;\">Sonntag, 06. September 2026, ab 14.50 Uhr (<mark style=\"background-color:rgba(0, 0, 0, 0);color:#cf2e2e\" class=\"has-inline-color\">Sky<\/mark>\/<mark style=\"background-color:rgba(0, 0, 0, 0)\" class=\"has-inline-color has-vivid-purple-color\">RTL+<\/mark>)<\/span><\/p>\n\n\n\n<p class=\"wp-block-paragraph\"><strong><em>FC Everton &#8211; Manchester United (15.00 Uhr)<\/em><\/strong><br><img loading=\"lazy\" decoding=\"async\" width=\"10\" height=\"21\" class=\"wp-image-3656\" style=\"width: 10px;\" src=\"https:\/\/kommentatorenblog.de\/wp-content\/uploads\/2020\/09\/shure-55sh-ii-e1601485394796.jpg\" alt=\"\" srcset=\"https:\/\/kommentatorenblog.de\/wp-content\/uploads\/2020\/09\/shure-55sh-ii-e1601485394796.jpg 415w, https:\/\/kommentatorenblog.de\/wp-content\/uploads\/2020\/09\/shure-55sh-ii-e1601485394796-142x300.jpg 142w\" sizes=\"auto, (max-width: 10px) 100vw, 10px\" \/> Joachim Hebel<\/p>\n\n\n\n<p class=\"wp-block-paragraph\"><span style=\"text-decoration: underline;\">ab 17.00 Uhr (<mark style=\"background-color:rgba(0, 0, 0, 0);color:#cf2e2e\" class=\"has-inline-color\">Sky<\/mark>)<\/span><\/p>\n\n\n\n<p class=\"wp-block-paragraph\"><strong><em>FC Arsenal &#8211; FC Chelsea (17.30 Uhr)<\/em><\/strong><br><img loading=\"lazy\" decoding=\"async\" width=\"10\" height=\"21\" class=\"wp-image-3656\" style=\"width: 10px;\" src=\"https:\/\/kommentatorenblog.de\/wp-content\/uploads\/2020\/09\/shure-55sh-ii-e1601485394796.jpg\" alt=\"\" srcset=\"https:\/\/kommentatorenblog.de\/wp-content\/uploads\/2020\/09\/shure-55sh-ii-e1601485394796.jpg 415w, https:\/\/kommentatorenblog.de\/wp-content\/uploads\/2020\/09\/shure-55sh-ii-e1601485394796-142x300.jpg 142w\" sizes=\"auto, (max-width: 10px) 100vw, 10px\" \/> Markus G\u00f6tz, Experte: Shkodran Mustafi<br>Field-Reporter: Raphael Honigstein<\/p>\n\n\n\n<hr class=\"wp-block-separator has-alpha-channel-opacity\"\/>\n\n\n\n<p class=\"wp-block-paragraph\"><strong>La Liga (ESP), 4. Spieltag (<mark style=\"background-color:rgba(0, 0, 0, 0);color:#000000\" class=\"has-inline-color\">DAZN<\/mark>)<\/strong><\/p>\n\n\n\n<p class=\"wp-block-paragraph\"><span style=\"text-decoration: underline;\">Freitag, 04. September 2026<\/span><\/p>\n\n\n\n<p class=\"wp-block-paragraph\"><strong><em>Real Betis Sevilla &#8211; Real Madrid (21.00 Uhr)<\/em><\/strong><br><img loading=\"lazy\" decoding=\"async\" width=\"10\" height=\"21\" class=\"wp-image-3656\" style=\"width: 10px;\" src=\"https:\/\/kommentatorenblog.de\/wp-content\/uploads\/2020\/09\/shure-55sh-ii-e1601485394796.jpg\" alt=\"\" srcset=\"https:\/\/kommentatorenblog.de\/wp-content\/uploads\/2020\/09\/shure-55sh-ii-e1601485394796.jpg 415w, https:\/\/kommentatorenblog.de\/wp-content\/uploads\/2020\/09\/shure-55sh-ii-e1601485394796-142x300.jpg 142w\" sizes=\"auto, (max-width: 10px) 100vw, 10px\" \/> Marcel Seufert, Experte: Benny Lauth<\/p>\n\n\n\n<p class=\"wp-block-paragraph\"><span style=\"text-decoration: underline;\">Samstag, 05. September 2026<\/span><\/p>\n\n\n\n<p class=\"wp-block-paragraph\"><strong><em>Athletic Bilbao &#8211; Atl\u00e9tico Madrid (16.15 Uhr)<\/em><\/strong><br><img loading=\"lazy\" decoding=\"async\" width=\"10\" height=\"21\" class=\"wp-image-3656\" style=\"width: 10px;\" src=\"https:\/\/kommentatorenblog.de\/wp-content\/uploads\/2020\/09\/shure-55sh-ii-e1601485394796.jpg\" alt=\"\" srcset=\"https:\/\/kommentatorenblog.de\/wp-content\/uploads\/2020\/09\/shure-55sh-ii-e1601485394796.jpg 415w, https:\/\/kommentatorenblog.de\/wp-content\/uploads\/2020\/09\/shure-55sh-ii-e1601485394796-142x300.jpg 142w\" sizes=\"auto, (max-width: 10px) 100vw, 10px\" \/> Flo Hauser <\/p>\n\n\n\n<p class=\"wp-block-paragraph\"><strong><em>FC Villarreal &#8211; Deportivo A Coru\u00f1a (21.00 Uhr)<\/em><\/strong><br><img loading=\"lazy\" decoding=\"async\" width=\"10\" height=\"21\" class=\"wp-image-3656\" style=\"width: 10px;\" src=\"https:\/\/kommentatorenblog.de\/wp-content\/uploads\/2020\/09\/shure-55sh-ii-e1601485394796.jpg\" alt=\"\" srcset=\"https:\/\/kommentatorenblog.de\/wp-content\/uploads\/2020\/09\/shure-55sh-ii-e1601485394796.jpg 415w, https:\/\/kommentatorenblog.de\/wp-content\/uploads\/2020\/09\/shure-55sh-ii-e1601485394796-142x300.jpg 142w\" sizes=\"auto, (max-width: 10px) 100vw, 10px\" \/> Uwe Morawe<\/p>\n\n\n\n<p class=\"wp-block-paragraph\"><span style=\"text-decoration: underline;\">Sonntag, 06. September 2026<\/span><\/p>\n\n\n\n<p class=\"wp-block-paragraph\"><strong><em>FC Valencia &#8211; FC Barcelona (16.15 Uhr)<\/em><\/strong><br><img loading=\"lazy\" decoding=\"async\" width=\"10\" height=\"21\" class=\"wp-image-3656\" style=\"width: 10px;\" src=\"https:\/\/kommentatorenblog.de\/wp-content\/uploads\/2020\/09\/shure-55sh-ii-e1601485394796.jpg\" alt=\"\" srcset=\"https:\/\/kommentatorenblog.de\/wp-content\/uploads\/2020\/09\/shure-55sh-ii-e1601485394796.jpg 415w, https:\/\/kommentatorenblog.de\/wp-content\/uploads\/2020\/09\/shure-55sh-ii-e1601485394796-142x300.jpg 142w\" sizes=\"auto, (max-width: 10px) 100vw, 10px\" \/> Nico Seepe<\/p>\n\n\n\n<p class=\"wp-block-paragraph\"><span style=\"text-decoration: underline;\">Montag, 07. September 2026<\/span><\/p>\n\n\n\n<p class=\"wp-block-paragraph\"><strong><em>FC Elche &#8211; Real Sociedad San Sebasti\u00e1n (21.30 Uhr)<\/em><\/strong><br><img loading=\"lazy\" decoding=\"async\" width=\"10\" height=\"21\" class=\"wp-image-3656\" style=\"width: 10px;\" src=\"https:\/\/kommentatorenblog.de\/wp-content\/uploads\/2020\/09\/shure-55sh-ii-e1601485394796.jpg\" alt=\"\" srcset=\"https:\/\/kommentatorenblog.de\/wp-content\/uploads\/2020\/09\/shure-55sh-ii-e1601485394796.jpg 415w, https:\/\/kommentatorenblog.de\/wp-content\/uploads\/2020\/09\/shure-55sh-ii-e1601485394796-142x300.jpg 142w\" sizes=\"auto, (max-width: 10px) 100vw, 10px\" \/> Claas Sch\u00f6nfeld<\/p>\n\n\n\n<hr class=\"wp-block-separator has-alpha-channel-opacity\"\/>\n\n\n\n<p class=\"wp-block-paragraph\"><strong>Serie A (ITA), 3. Spieltag (<mark style=\"background-color:rgba(0, 0, 0, 0);color:#000000\" class=\"has-inline-color\">DAZN<\/mark>)<\/strong><\/p>\n\n\n\n<p class=\"wp-block-paragraph\"><span style=\"text-decoration: underline;\">Freitag, 04. September 2026<\/span><\/p>\n\n\n\n<p class=\"wp-block-paragraph\"><strong><em>CFC Genua &#8211; Como 1907 (20.45 Uhr)<\/em><\/strong><br><img loading=\"lazy\" decoding=\"async\" width=\"10\" height=\"21\" class=\"wp-image-3656\" style=\"width: 10px;\" src=\"https:\/\/kommentatorenblog.de\/wp-content\/uploads\/2020\/09\/shure-55sh-ii-e1601485394796.jpg\" alt=\"\" srcset=\"https:\/\/kommentatorenblog.de\/wp-content\/uploads\/2020\/09\/shure-55sh-ii-e1601485394796.jpg 415w, https:\/\/kommentatorenblog.de\/wp-content\/uploads\/2020\/09\/shure-55sh-ii-e1601485394796-142x300.jpg 142w\" sizes=\"auto, (max-width: 10px) 100vw, 10px\" \/> Andreas Renner <\/p>\n\n\n\n<p class=\"wp-block-paragraph\"><span style=\"text-decoration: underline;\">Samstag, 05. September 2026<\/span><\/p>\n\n\n\n<p class=\"wp-block-paragraph\"><strong><em>Inter Mailand &#8211; SSC Neapel (18.00 Uhr)<\/em><\/strong><br><img loading=\"lazy\" decoding=\"async\" width=\"10\" height=\"21\" class=\"wp-image-3656\" style=\"width: 10px;\" src=\"https:\/\/kommentatorenblog.de\/wp-content\/uploads\/2020\/09\/shure-55sh-ii-e1601485394796.jpg\" alt=\"\" srcset=\"https:\/\/kommentatorenblog.de\/wp-content\/uploads\/2020\/09\/shure-55sh-ii-e1601485394796.jpg 415w, https:\/\/kommentatorenblog.de\/wp-content\/uploads\/2020\/09\/shure-55sh-ii-e1601485394796-142x300.jpg 142w\" sizes=\"auto, (max-width: 10px) 100vw, 10px\" \/> Mario Rieker, Experte: Christian Bernhard <\/p>\n\n\n\n<p class=\"wp-block-paragraph\"><strong><em>AS Rom &#8211; Atalanta Bergamo (20.45 Uhr)<\/em><\/strong><br><img loading=\"lazy\" decoding=\"async\" width=\"10\" height=\"21\" class=\"wp-image-3656\" style=\"width: 10px;\" src=\"https:\/\/kommentatorenblog.de\/wp-content\/uploads\/2020\/09\/shure-55sh-ii-e1601485394796.jpg\" alt=\"\" srcset=\"https:\/\/kommentatorenblog.de\/wp-content\/uploads\/2020\/09\/shure-55sh-ii-e1601485394796.jpg 415w, https:\/\/kommentatorenblog.de\/wp-content\/uploads\/2020\/09\/shure-55sh-ii-e1601485394796-142x300.jpg 142w\" sizes=\"auto, (max-width: 10px) 100vw, 10px\" \/> Oliver Fa\u00dfnacht <\/p>\n\n\n\n<p class=\"wp-block-paragraph\"><span style=\"text-decoration: underline;\">Sonntag, 06. September 2026<\/span><\/p>\n\n\n\n<p class=\"wp-block-paragraph\"><strong><em>Juventus Turin &#8211; AC Mailand (20.45 Uhr)<\/em><\/strong><br><img loading=\"lazy\" decoding=\"async\" width=\"10\" height=\"21\" class=\"wp-image-3656\" style=\"width: 10px;\" src=\"https:\/\/kommentatorenblog.de\/wp-content\/uploads\/2020\/09\/shure-55sh-ii-e1601485394796.jpg\" alt=\"\" srcset=\"https:\/\/kommentatorenblog.de\/wp-content\/uploads\/2020\/09\/shure-55sh-ii-e1601485394796.jpg 415w, https:\/\/kommentatorenblog.de\/wp-content\/uploads\/2020\/09\/shure-55sh-ii-e1601485394796-142x300.jpg 142w\" sizes=\"auto, (max-width: 10px) 100vw, 10px\" \/> Carsten Fu\u00df, Experte: Michael Hofmann<\/p>\n\n\n\n<hr class=\"wp-block-separator has-alpha-channel-opacity\"\/>\n\n\n\n<p class=\"wp-block-paragraph\"><strong>Ligue 1 (FRA), 3. Spieltag (<mark style=\"background-color:rgba(0, 0, 0, 0);color:#000000\" class=\"has-inline-color\">DAZN<\/mark>)<\/strong><\/p>\n\n\n\n<p class=\"wp-block-paragraph\"><span style=\"text-decoration: underline;\">Freitag, 04. September 2026<\/span><\/p>\n\n\n\n<p class=\"wp-block-paragraph\"><strong><em>Paris Saint-Germain &#8211; AS Monaco (20.45 Uhr)<\/em><\/strong><br><img loading=\"lazy\" decoding=\"async\" width=\"10\" height=\"21\" class=\"wp-image-3656\" style=\"width: 10px;\" src=\"https:\/\/kommentatorenblog.de\/wp-content\/uploads\/2020\/09\/shure-55sh-ii-e1601485394796.jpg\" alt=\"\" srcset=\"https:\/\/kommentatorenblog.de\/wp-content\/uploads\/2020\/09\/shure-55sh-ii-e1601485394796.jpg 415w, https:\/\/kommentatorenblog.de\/wp-content\/uploads\/2020\/09\/shure-55sh-ii-e1601485394796-142x300.jpg 142w\" sizes=\"auto, (max-width: 10px) 100vw, 10px\" \/> Christoph Stadtler, Experte: Alexis Menuge<\/p>\n\n\n\n<p class=\"wp-block-paragraph\"><span style=\"text-decoration: underline;\">Sonntag, 06. September 2026<\/span><\/p>\n\n\n\n<p class=\"wp-block-paragraph\"><strong><em>Olympique Marseille &#8211; Paris FC (20.45 Uhr)<\/em><\/strong><br><img loading=\"lazy\" decoding=\"async\" width=\"10\" height=\"21\" class=\"wp-image-3656\" style=\"width: 10px;\" src=\"https:\/\/kommentatorenblog.de\/wp-content\/uploads\/2020\/09\/shure-55sh-ii-e1601485394796.jpg\" alt=\"\" srcset=\"https:\/\/kommentatorenblog.de\/wp-content\/uploads\/2020\/09\/shure-55sh-ii-e1601485394796.jpg 415w, https:\/\/kommentatorenblog.de\/wp-content\/uploads\/2020\/09\/shure-55sh-ii-e1601485394796-142x300.jpg 142w\" sizes=\"auto, (max-width: 10px) 100vw, 10px\" \/> Stefan Galler <\/p>\n\n\n\n<hr class=\"wp-block-separator has-alpha-channel-opacity\"\/>\n\n\n\n<p class=\"wp-block-paragraph\"><strong>Women\u2019s Super League (ENG), 1. Spieltag (<mark style=\"background-color:rgba(0, 0, 0, 0);color:#8ed1fc\" class=\"has-inline-color\">Sportdigital FUSSBALL<\/mark>)<\/strong><\/p>\n\n\n\n<p class=\"wp-block-paragraph\"><span style=\"text-decoration: underline;\">Freitag, 04. September 2026<\/span><\/p>\n\n\n\n<p class=\"wp-block-paragraph\"><strong><em>London City Lionesses &#8211; Manchester United (20.00 Uhr)<\/em><\/strong><br><img loading=\"lazy\" decoding=\"async\" width=\"10\" height=\"21\" class=\"wp-image-3656\" style=\"width: 10px;\" src=\"https:\/\/kommentatorenblog.de\/wp-content\/uploads\/2020\/09\/shure-55sh-ii-e1601485394796.jpg\" alt=\"\" srcset=\"https:\/\/kommentatorenblog.de\/wp-content\/uploads\/2020\/09\/shure-55sh-ii-e1601485394796.jpg 415w, https:\/\/kommentatorenblog.de\/wp-content\/uploads\/2020\/09\/shure-55sh-ii-e1601485394796-142x300.jpg 142w\" sizes=\"auto, (max-width: 10px) 100vw, 10px\" \/> Karsten Linke<\/p>\n\n\n\n<hr class=\"wp-block-separator has-alpha-channel-opacity\"\/>\n\n\n\n<p class=\"wp-block-paragraph\"><strong>Eredivisie (NED), 5. Spieltag (<mark style=\"background-color:rgba(0, 0, 0, 0);color:#8ed1fc\" class=\"has-inline-color\">Sportdigital FUSSBALL<\/mark>)<\/strong><\/p>\n\n\n\n<p class=\"wp-block-paragraph\"><span style=\"text-decoration: underline;\">Samstag, 05. September 2026<\/span><\/p>\n\n\n\n<p class=\"wp-block-paragraph\"><em><strong>NEC Nijmegen &#8211; Feyenoord Rotterdam (16.30 Uhr)<\/strong><\/em><br><img loading=\"lazy\" decoding=\"async\" width=\"10\" height=\"21\" class=\"wp-image-3656\" style=\"width: 10px;\" src=\"https:\/\/kommentatorenblog.de\/wp-content\/uploads\/2020\/09\/shure-55sh-ii-e1601485394796.jpg\" alt=\"\" srcset=\"https:\/\/kommentatorenblog.de\/wp-content\/uploads\/2020\/09\/shure-55sh-ii-e1601485394796.jpg 415w, https:\/\/kommentatorenblog.de\/wp-content\/uploads\/2020\/09\/shure-55sh-ii-e1601485394796-142x300.jpg 142w\" sizes=\"auto, (max-width: 10px) 100vw, 10px\" \/> Marvin Kirsch<\/p>\n\n\n\n<p class=\"wp-block-paragraph\"><em><strong>Ajax Amsterdam &#8211; PSV Eindhoven (20.00 Uhr)<\/strong><\/em><br><img loading=\"lazy\" decoding=\"async\" width=\"10\" height=\"21\" class=\"wp-image-3656\" style=\"width: 10px;\" src=\"https:\/\/kommentatorenblog.de\/wp-content\/uploads\/2020\/09\/shure-55sh-ii-e1601485394796.jpg\" alt=\"\" srcset=\"https:\/\/kommentatorenblog.de\/wp-content\/uploads\/2020\/09\/shure-55sh-ii-e1601485394796.jpg 415w, https:\/\/kommentatorenblog.de\/wp-content\/uploads\/2020\/09\/shure-55sh-ii-e1601485394796-142x300.jpg 142w\" sizes=\"auto, (max-width: 10px) 100vw, 10px\" \/> Karsten Linke<\/p>\n\n\n\n<p class=\"wp-block-paragraph\"><span style=\"text-decoration: underline;\">Sonntag, 06. September 2026<\/span><\/p>\n\n\n\n<p class=\"wp-block-paragraph\"><strong><em>FC Groningen &#8211; FC Twente Enschede (12.15 Uhr)<\/em><\/strong><br><img loading=\"lazy\" decoding=\"async\" width=\"10\" height=\"21\" class=\"wp-image-3656\" style=\"width: 10px;\" src=\"https:\/\/kommentatorenblog.de\/wp-content\/uploads\/2020\/09\/shure-55sh-ii-e1601485394796.jpg\" alt=\"\" srcset=\"https:\/\/kommentatorenblog.de\/wp-content\/uploads\/2020\/09\/shure-55sh-ii-e1601485394796.jpg 415w, https:\/\/kommentatorenblog.de\/wp-content\/uploads\/2020\/09\/shure-55sh-ii-e1601485394796-142x300.jpg 142w\" sizes=\"auto, (max-width: 10px) 100vw, 10px\" \/> Moritz Knorr <\/p>\n\n\n\n<hr class=\"wp-block-separator has-alpha-channel-opacity\"\/>\n\n\n\n<p class=\"wp-block-paragraph\"><strong>Primeira Liga (POR), 5. Spieltag (<mark style=\"background-color:rgba(0, 0, 0, 0);color:#8ed1fc\" class=\"has-inline-color\">Sportdigital FUSSBALL<\/mark>)<\/strong><\/p>\n\n\n\n<p class=\"wp-block-paragraph\"><span style=\"text-decoration: underline;\">Freitag, 04. September 2026<\/span><\/p>\n\n\n\n<p class=\"wp-block-paragraph\"><strong><em>FC Porto &#8211; Moreirense FC (21.15 Uhr)<\/em><\/strong><br><img loading=\"lazy\" decoding=\"async\" width=\"10\" height=\"21\" class=\"wp-image-3656\" style=\"width: 10px;\" src=\"https:\/\/kommentatorenblog.de\/wp-content\/uploads\/2020\/09\/shure-55sh-ii-e1601485394796.jpg\" alt=\"\" srcset=\"https:\/\/kommentatorenblog.de\/wp-content\/uploads\/2020\/09\/shure-55sh-ii-e1601485394796.jpg 415w, https:\/\/kommentatorenblog.de\/wp-content\/uploads\/2020\/09\/shure-55sh-ii-e1601485394796-142x300.jpg 142w\" sizes=\"auto, (max-width: 10px) 100vw, 10px\" \/> Moritz Knorr <\/p>\n\n\n\n<p class=\"wp-block-paragraph\"><span style=\"text-decoration: underline;\">Samstag, 05. September 2026<\/span><\/p>\n\n\n\n<p class=\"wp-block-paragraph\"><strong><em>Maritimo Funchal &#8211; Benfica Lissabon (19.00 Uhr)<\/em><\/strong><br><img loading=\"lazy\" decoding=\"async\" width=\"10\" height=\"21\" class=\"wp-image-3656\" style=\"width: 10px;\" src=\"https:\/\/kommentatorenblog.de\/wp-content\/uploads\/2020\/09\/shure-55sh-ii-e1601485394796.jpg\" alt=\"\" srcset=\"https:\/\/kommentatorenblog.de\/wp-content\/uploads\/2020\/09\/shure-55sh-ii-e1601485394796.jpg 415w, https:\/\/kommentatorenblog.de\/wp-content\/uploads\/2020\/09\/shure-55sh-ii-e1601485394796-142x300.jpg 142w\" sizes=\"auto, (max-width: 10px) 100vw, 10px\" \/> Tim Hemmrich<\/p>\n\n\n\n<hr class=\"wp-block-separator has-alpha-channel-opacity\"\/>\n\n\n\n<p class=\"wp-block-paragraph\"><strong>Ekstraklasa (POL), 7. Spieltag (<mark style=\"background-color:rgba(0, 0, 0, 0)\" class=\"has-inline-color has-pale-cyan-blue-color\">Sportdigital FUSSBALL<\/mark>)<\/strong><\/p>\n\n\n\n<p class=\"wp-block-paragraph\"><span style=\"text-decoration: underline;\">Sonntag, 06. September 2026<\/span><\/p>\n\n\n\n<p class=\"wp-block-paragraph\"><strong><em>KS Cracovia &#8211; G\u00f3rnik Zabrze (14.45 Uhr)<\/em><\/strong><br><img loading=\"lazy\" decoding=\"async\" width=\"10\" height=\"21\" class=\"wp-image-3656\" style=\"width: 10px;\" src=\"https:\/\/kommentatorenblog.de\/wp-content\/uploads\/2020\/09\/shure-55sh-ii-e1601485394796.jpg\" alt=\"\" srcset=\"https:\/\/kommentatorenblog.de\/wp-content\/uploads\/2020\/09\/shure-55sh-ii-e1601485394796.jpg 415w, https:\/\/kommentatorenblog.de\/wp-content\/uploads\/2020\/09\/shure-55sh-ii-e1601485394796-142x300.jpg 142w\" sizes=\"auto, (max-width: 10px) 100vw, 10px\" \/> Martin Hahn<\/p>\n\n\n\n<hr class=\"wp-block-separator has-alpha-channel-opacity\"\/>\n\n\n\n<p class=\"wp-block-paragraph\"><strong>Campeonato Brasileiro (BRA), 26. Spieltag (<mark style=\"background-color:rgba(0, 0, 0, 0);color:#8ed1fc\" class=\"has-inline-color\">Sportdigital FUSSBALL<\/mark>)<\/strong><\/p>\n\n\n\n<p class=\"wp-block-paragraph\"><span style=\"text-decoration: underline;\">Samstag, 05. September 2026<\/span><\/p>\n\n\n\n<p class=\"wp-block-paragraph\"><strong><em>FC S\u00e3o Paulo &#8211; Atl\u00e9tico Mineiro (23.30 Uhr)<\/em><\/strong><br><img loading=\"lazy\" decoding=\"async\" width=\"10\" height=\"21\" class=\"wp-image-3656\" style=\"width: 10px;\" src=\"https:\/\/kommentatorenblog.de\/wp-content\/uploads\/2020\/09\/shure-55sh-ii-e1601485394796.jpg\" alt=\"\" srcset=\"https:\/\/kommentatorenblog.de\/wp-content\/uploads\/2020\/09\/shure-55sh-ii-e1601485394796.jpg 415w, https:\/\/kommentatorenblog.de\/wp-content\/uploads\/2020\/09\/shure-55sh-ii-e1601485394796-142x300.jpg 142w\" sizes=\"auto, (max-width: 10px) 100vw, 10px\" \/> Jakob Vogel<\/p>\n\n\n\n<p class=\"wp-block-paragraph\"><span style=\"text-decoration: underline;\">Sonntag, 06. September 2026<\/span><\/p>\n\n\n\n<p class=\"wp-block-paragraph\"><strong><em>Internacional Porto Alegre &#8211; FC Santos (21.00 Uhr)<\/em><\/strong><br><img loading=\"lazy\" decoding=\"async\" width=\"10\" height=\"21\" class=\"wp-image-3656\" style=\"width: 10px;\" src=\"https:\/\/kommentatorenblog.de\/wp-content\/uploads\/2020\/09\/shure-55sh-ii-e1601485394796.jpg\" alt=\"\" srcset=\"https:\/\/kommentatorenblog.de\/wp-content\/uploads\/2020\/09\/shure-55sh-ii-e1601485394796.jpg 415w, https:\/\/kommentatorenblog.de\/wp-content\/uploads\/2020\/09\/shure-55sh-ii-e1601485394796-142x300.jpg 142w\" sizes=\"auto, (max-width: 10px) 100vw, 10px\" \/> Christian Blunck<\/p>\n\n\n\n<p class=\"wp-block-paragraph\"><strong><em>Botafogo FR &#8211; Palmeiras S\u00e3o Paulo (23.30 Uhr)<\/em><\/strong><br><img loading=\"lazy\" decoding=\"async\" width=\"10\" height=\"21\" class=\"wp-image-3656\" style=\"width: 10px;\" src=\"https:\/\/kommentatorenblog.de\/wp-content\/uploads\/2020\/09\/shure-55sh-ii-e1601485394796.jpg\" alt=\"\" srcset=\"https:\/\/kommentatorenblog.de\/wp-content\/uploads\/2020\/09\/shure-55sh-ii-e1601485394796.jpg 415w, https:\/\/kommentatorenblog.de\/wp-content\/uploads\/2020\/09\/shure-55sh-ii-e1601485394796-142x300.jpg 142w\" sizes=\"auto, (max-width: 10px) 100vw, 10px\" \/> Ulf Kahmke<\/p>\n\n\n\n<hr class=\"wp-block-separator has-alpha-channel-opacity\"\/>\n\n\n\n<p class=\"wp-block-paragraph\"><strong>Chance Liga (CZE), 7. Spieltag (<mark style=\"background-color:rgba(0, 0, 0, 0);color:#8ed1fc\" class=\"has-inline-color\">Sportdigital FUSSBALL<\/mark>)<\/strong><\/p>\n\n\n\n<p class=\"wp-block-paragraph\"><span style=\"text-decoration: underline;\">Sonntag, 06. September 2026<\/span><\/p>\n\n\n\n<p class=\"wp-block-paragraph\"><strong><em>FC Hradec Kralove &#8211; Sparta Prag (18.00 Uhr)<\/em><\/strong><br><img loading=\"lazy\" decoding=\"async\" width=\"10\" height=\"21\" class=\"wp-image-3656\" style=\"width: 10px;\" src=\"https:\/\/kommentatorenblog.de\/wp-content\/uploads\/2020\/09\/shure-55sh-ii-e1601485394796.jpg\" alt=\"\" srcset=\"https:\/\/kommentatorenblog.de\/wp-content\/uploads\/2020\/09\/shure-55sh-ii-e1601485394796.jpg 415w, https:\/\/kommentatorenblog.de\/wp-content\/uploads\/2020\/09\/shure-55sh-ii-e1601485394796-142x300.jpg 142w\" sizes=\"auto, (max-width: 10px) 100vw, 10px\" \/> Marcus Radefeld<\/p>\n\n\n\n<hr class=\"wp-block-separator has-alpha-channel-opacity\"\/>\n\n\n\n<p class=\"wp-block-paragraph\"><strong>Liga Profesional Clausura (ARG), 8. Spieltag (<mark style=\"background-color:rgba(0, 0, 0, 0)\" class=\"has-inline-color has-pale-cyan-blue-color\">Sportdigital FUSSBALL<\/mark>)<\/strong><\/p>\n\n\n\n<p class=\"wp-block-paragraph\"><span style=\"text-decoration: underline;\">Samstag, 05. September 2026<\/span><\/p>\n\n\n\n<p class=\"wp-block-paragraph\"><strong><em>Gimnasia Mendoza &#8211; Boca Juniors (21.30 Uhr)<\/em><\/strong><br><img loading=\"lazy\" decoding=\"async\" width=\"10\" height=\"21\" class=\"wp-image-3656\" style=\"width: 10px;\" src=\"https:\/\/kommentatorenblog.de\/wp-content\/uploads\/2020\/09\/shure-55sh-ii-e1601485394796.jpg\" alt=\"\" srcset=\"https:\/\/kommentatorenblog.de\/wp-content\/uploads\/2020\/09\/shure-55sh-ii-e1601485394796.jpg 415w, https:\/\/kommentatorenblog.de\/wp-content\/uploads\/2020\/09\/shure-55sh-ii-e1601485394796-142x300.jpg 142w\" sizes=\"auto, (max-width: 10px) 100vw, 10px\" \/> J\u00f6rg Steiger<\/p>\n\n\n\n<hr class=\"wp-block-separator has-alpha-channel-opacity\"\/>\n\n\n\n<p class=\"wp-block-paragraph\"><strong>Sachsenpokal (GER), 2. Runde (LVZ\/SZ)<\/strong><\/p>\n\n\n\n<p class=\"wp-block-paragraph\"><span style=\"text-decoration: underline;\">Freitag, 04. September 2026<\/span><\/p>\n\n\n\n<p class=\"wp-block-paragraph\"><strong><em>Dresdner SC &#8211; Chemnitzer FC (19.00 Uhr)<\/em><\/strong><br><img loading=\"lazy\" decoding=\"async\" width=\"10\" height=\"21\" class=\"wp-image-3656\" style=\"width: 10px;\" src=\"https:\/\/kommentatorenblog.de\/wp-content\/uploads\/2020\/09\/shure-55sh-ii-e1601485394796.jpg\" alt=\"\" srcset=\"https:\/\/kommentatorenblog.de\/wp-content\/uploads\/2020\/09\/shure-55sh-ii-e1601485394796.jpg 415w, https:\/\/kommentatorenblog.de\/wp-content\/uploads\/2020\/09\/shure-55sh-ii-e1601485394796-142x300.jpg 142w\" sizes=\"auto, (max-width: 10px) 100vw, 10px\" \/> tba<\/p>\n\n\n\n<p class=\"wp-block-paragraph\"><span style=\"text-decoration: underline;\">Samstag, 05. September 2026<\/span><\/p>\n\n\n\n<p class=\"wp-block-paragraph\"><strong><em>VfB Wei\u00dfwasser &#8211; FC Erzgebirge Aue<\/em><\/strong> <strong><em>(16.00 Uhr)<\/em><\/strong><br><img loading=\"lazy\" decoding=\"async\" width=\"10\" height=\"21\" class=\"wp-image-3656\" style=\"width: 10px;\" src=\"https:\/\/kommentatorenblog.de\/wp-content\/uploads\/2020\/09\/shure-55sh-ii-e1601485394796.jpg\" alt=\"\" srcset=\"https:\/\/kommentatorenblog.de\/wp-content\/uploads\/2020\/09\/shure-55sh-ii-e1601485394796.jpg 415w, https:\/\/kommentatorenblog.de\/wp-content\/uploads\/2020\/09\/shure-55sh-ii-e1601485394796-142x300.jpg 142w\" sizes=\"auto, (max-width: 10px) 100vw, 10px\" \/> tba<\/p>\n\n\n\n<p class=\"wp-block-paragraph\"><span style=\"text-decoration: underline;\">Sonntag, 06. September 2026<\/span><\/p>\n\n\n\n<p class=\"wp-block-paragraph\"><strong><em>VfB Auerbach &#8211; 1. FC Lokomotive Leipzig (14.00 Uhr)<\/em><\/strong><br><img loading=\"lazy\" decoding=\"async\" width=\"10\" height=\"21\" class=\"wp-image-3656\" style=\"width: 10px;\" src=\"https:\/\/kommentatorenblog.de\/wp-content\/uploads\/2020\/09\/shure-55sh-ii-e1601485394796.jpg\" alt=\"\" srcset=\"https:\/\/kommentatorenblog.de\/wp-content\/uploads\/2020\/09\/shure-55sh-ii-e1601485394796.jpg 415w, https:\/\/kommentatorenblog.de\/wp-content\/uploads\/2020\/09\/shure-55sh-ii-e1601485394796-142x300.jpg 142w\" sizes=\"auto, (max-width: 10px) 100vw, 10px\" \/> tba<\/p>\n\n\n\n<hr class=\"wp-block-separator has-alpha-channel-opacity\"\/>\n\n\n\n<p class=\"wp-block-paragraph\"><strong>Th\u00fcringenpokal (GER), 3. Runde (TFV \u00fcber YouTube)<\/strong><\/p>\n\n\n\n<p class=\"wp-block-paragraph\"><span style=\"text-decoration: underline;\">Freitag, 04. September 2026<\/span><\/p>\n\n\n\n<p class=\"wp-block-paragraph\"><strong><em>SV Gr\u00fcn-Wei\u00df Siemerode &#8211; FC Rot-Wei\u00df Erfurt (18.30 Uhr)<\/em><\/strong><br><img loading=\"lazy\" decoding=\"async\" width=\"10\" height=\"21\" class=\"wp-image-3656\" style=\"width: 10px;\" src=\"https:\/\/kommentatorenblog.de\/wp-content\/uploads\/2020\/09\/shure-55sh-ii-e1601485394796.jpg\" alt=\"\" srcset=\"https:\/\/kommentatorenblog.de\/wp-content\/uploads\/2020\/09\/shure-55sh-ii-e1601485394796.jpg 415w, https:\/\/kommentatorenblog.de\/wp-content\/uploads\/2020\/09\/shure-55sh-ii-e1601485394796-142x300.jpg 142w\" sizes=\"auto, (max-width: 10px) 100vw, 10px\" \/> tba<\/p>\n\n\n\n<hr class=\"wp-block-separator has-alpha-channel-opacity\"\/>\n\n\n\n<p class=\"wp-block-paragraph\"><strong>Regionalliga Bayern (GER), 7. Spieltag (<mark style=\"background-color:rgba(0, 0, 0, 0)\" class=\"has-inline-color has-pale-cyan-blue-color\">BR24Sport<\/mark>)<\/strong><\/p>\n\n\n\n<p class=\"wp-block-paragraph\"><span style=\"text-decoration: underline;\">Freitag, 04. September 2026<\/span><\/p>\n\n\n\n<p class=\"wp-block-paragraph\"><strong><em>DJK Vilzing &#8211;<\/em><\/strong> <strong><em>TSV 1860 M\u00fcnchen<\/em><\/strong> <strong><em>(19.00 Uhr)<\/em><\/strong><br><img loading=\"lazy\" decoding=\"async\" width=\"10\" height=\"21\" class=\"wp-image-3656\" style=\"width: 10px;\" src=\"https:\/\/kommentatorenblog.de\/wp-content\/uploads\/2020\/09\/shure-55sh-ii-e1601485394796.jpg\" alt=\"\" srcset=\"https:\/\/kommentatorenblog.de\/wp-content\/uploads\/2020\/09\/shure-55sh-ii-e1601485394796.jpg 415w, https:\/\/kommentatorenblog.de\/wp-content\/uploads\/2020\/09\/shure-55sh-ii-e1601485394796-142x300.jpg 142w\" sizes=\"auto, (max-width: 10px) 100vw, 10px\" \/> Marcel Seufert (?)<br>Moderation: tba<\/p>\n\n\n\n<hr class=\"wp-block-separator has-alpha-channel-opacity\"\/>\n\n\n\n<p class=\"wp-block-paragraph\"><strong>Regionalliga West (GER), 7. Spieltag (<mark style=\"background-color:rgba(0, 0, 0, 0)\" class=\"has-inline-color has-pale-cyan-blue-color\">LEAGUES<\/mark>\/<mark style=\"background-color:rgba(0, 0, 0, 0)\" class=\"has-inline-color has-vivid-red-color\">WAZ<\/mark>)<\/strong><\/p>\n\n\n\n<p class=\"wp-block-paragraph\"><span style=\"text-decoration: underline;\">Freitag, 04. September 2026 (<mark style=\"background-color:rgba(0, 0, 0, 0)\" class=\"has-inline-color has-pale-cyan-blue-color\">LEAGUES<\/mark>)<\/span><\/p>\n\n\n\n<p class=\"wp-block-paragraph\"><strong><em>Bonner SC &#8211; 1. FC K\u00f6ln II<\/em><\/strong> <strong><em>(19.30 Uhr)<\/em><\/strong><br><img loading=\"lazy\" decoding=\"async\" width=\"10\" height=\"21\" class=\"wp-image-3656\" style=\"width: 10px;\" src=\"https:\/\/kommentatorenblog.de\/wp-content\/uploads\/2020\/09\/shure-55sh-ii-e1601485394796.jpg\" alt=\"\" srcset=\"https:\/\/kommentatorenblog.de\/wp-content\/uploads\/2020\/09\/shure-55sh-ii-e1601485394796.jpg 415w, https:\/\/kommentatorenblog.de\/wp-content\/uploads\/2020\/09\/shure-55sh-ii-e1601485394796-142x300.jpg 142w\" sizes=\"auto, (max-width: 10px) 100vw, 10px\" \/> Luis Eck<\/p>\n\n\n\n<p class=\"wp-block-paragraph\"><span style=\"text-decoration: underline;\">Samstag, 05. September 2026 (<mark style=\"background-color:rgba(0, 0, 0, 0)\" class=\"has-inline-color has-pale-cyan-blue-color\">LEAGUES<\/mark>)<\/span><\/p>\n\n\n\n<p class=\"wp-block-paragraph\"><strong><em>SV R\u00f6dinghausen<\/em><\/strong> <strong><em>&#8211; SC Wiedenbr\u00fcck<\/em><\/strong> <strong><em>(14.00 Uhr)<\/em><\/strong><br><img loading=\"lazy\" decoding=\"async\" width=\"10\" height=\"21\" class=\"wp-image-3656\" style=\"width: 10px;\" src=\"https:\/\/kommentatorenblog.de\/wp-content\/uploads\/2020\/09\/shure-55sh-ii-e1601485394796.jpg\" alt=\"\" srcset=\"https:\/\/kommentatorenblog.de\/wp-content\/uploads\/2020\/09\/shure-55sh-ii-e1601485394796.jpg 415w, https:\/\/kommentatorenblog.de\/wp-content\/uploads\/2020\/09\/shure-55sh-ii-e1601485394796-142x300.jpg 142w\" sizes=\"auto, (max-width: 10px) 100vw, 10px\" \/> Noah Kersting<\/p>\n\n\n\n<p class=\"wp-block-paragraph\"><strong><em>SV Westfalia Rhynern &#8211; VfL Sportfreunde Lotte (14.00 Uhr)<\/em><\/strong><br><img loading=\"lazy\" decoding=\"async\" width=\"10\" height=\"21\" class=\"wp-image-3656\" style=\"width: 10px;\" src=\"https:\/\/kommentatorenblog.de\/wp-content\/uploads\/2020\/09\/shure-55sh-ii-e1601485394796.jpg\" alt=\"\" srcset=\"https:\/\/kommentatorenblog.de\/wp-content\/uploads\/2020\/09\/shure-55sh-ii-e1601485394796.jpg 415w, https:\/\/kommentatorenblog.de\/wp-content\/uploads\/2020\/09\/shure-55sh-ii-e1601485394796-142x300.jpg 142w\" sizes=\"auto, (max-width: 10px) 100vw, 10px\" \/> Jonas J\u00fctz<\/p>\n\n\n\n<p class=\"wp-block-paragraph\"><strong><em>Borussia M\u00f6nchengladbach II &#8211; Borussia Dortmund II (14.00 Uhr)<\/em><\/strong><br><img loading=\"lazy\" decoding=\"async\" width=\"10\" height=\"21\" class=\"wp-image-3656\" style=\"width: 10px;\" src=\"https:\/\/kommentatorenblog.de\/wp-content\/uploads\/2020\/09\/shure-55sh-ii-e1601485394796.jpg\" alt=\"\" srcset=\"https:\/\/kommentatorenblog.de\/wp-content\/uploads\/2020\/09\/shure-55sh-ii-e1601485394796.jpg 415w, https:\/\/kommentatorenblog.de\/wp-content\/uploads\/2020\/09\/shure-55sh-ii-e1601485394796-142x300.jpg 142w\" sizes=\"auto, (max-width: 10px) 100vw, 10px\" \/> Thorben Albrecht<\/p>\n\n\n\n<p class=\"wp-block-paragraph\"><em style=\"font-weight: bold;\">1. FC <\/em><strong><em>Bocholt &#8211; Sportfreunde Siegen (14.00 Uhr)<\/em><\/strong><br><img loading=\"lazy\" decoding=\"async\" width=\"10\" height=\"21\" class=\"wp-image-3656\" style=\"width: 10px;\" src=\"https:\/\/kommentatorenblog.de\/wp-content\/uploads\/2020\/09\/shure-55sh-ii-e1601485394796.jpg\" alt=\"\" srcset=\"https:\/\/kommentatorenblog.de\/wp-content\/uploads\/2020\/09\/shure-55sh-ii-e1601485394796.jpg 415w, https:\/\/kommentatorenblog.de\/wp-content\/uploads\/2020\/09\/shure-55sh-ii-e1601485394796-142x300.jpg 142w\" sizes=\"auto, (max-width: 10px) 100vw, 10px\" \/> Erik Rien<\/p>\n\n\n\n<p class=\"wp-block-paragraph\"><span style=\"text-decoration: underline;\">Sonntag, 06. September 2026 (<mark style=\"background-color:rgba(0, 0, 0, 0)\" class=\"has-inline-color has-pale-cyan-blue-color\">LEAGUES<\/mark>\/<mark style=\"background-color:rgba(0, 0, 0, 0)\" class=\"has-inline-color has-vivid-red-color\">WAZ<\/mark>)<\/span><\/p>\n\n\n\n<p class=\"wp-block-paragraph\"><strong><em>SC Paderborn 07 II <b>&#8211; <\/b>SG Wattenscheid 09 <b>(14.00 Uhr)<\/b><\/em><\/strong><br><img loading=\"lazy\" decoding=\"async\" width=\"10\" height=\"21\" class=\"wp-image-3656\" style=\"width: 10px;\" src=\"https:\/\/kommentatorenblog.de\/wp-content\/uploads\/2020\/09\/shure-55sh-ii-e1601485394796.jpg\" alt=\"\" srcset=\"https:\/\/kommentatorenblog.de\/wp-content\/uploads\/2020\/09\/shure-55sh-ii-e1601485394796.jpg 415w, https:\/\/kommentatorenblog.de\/wp-content\/uploads\/2020\/09\/shure-55sh-ii-e1601485394796-142x300.jpg 142w\" sizes=\"auto, (max-width: 10px) 100vw, 10px\" \/> Mathis Berger<\/p>\n\n\n\n<p class=\"wp-block-paragraph\"><span style=\"text-decoration: underline;\">ab 13.55 Uhr (<mark style=\"background-color:rgba(0, 0, 0, 0)\" class=\"has-inline-color has-pale-cyan-blue-color\">LEAGUES<\/mark>)<\/span><\/p>\n\n\n\n<p class=\"wp-block-paragraph\"><strong><em>FC Schalke 04 II <b>&#8211; <\/b>FC G\u00fctersloh <b>(14.00 Uhr)<\/b><\/em><\/strong><br><img loading=\"lazy\" decoding=\"async\" width=\"10\" height=\"21\" class=\"wp-image-3656\" style=\"width: 10px;\" src=\"https:\/\/kommentatorenblog.de\/wp-content\/uploads\/2020\/09\/shure-55sh-ii-e1601485394796.jpg\" alt=\"\" srcset=\"https:\/\/kommentatorenblog.de\/wp-content\/uploads\/2020\/09\/shure-55sh-ii-e1601485394796.jpg 415w, https:\/\/kommentatorenblog.de\/wp-content\/uploads\/2020\/09\/shure-55sh-ii-e1601485394796-142x300.jpg 142w\" sizes=\"auto, (max-width: 10px) 100vw, 10px\" \/> Tim Friede<\/p>\n\n\n\n<p class=\"wp-block-paragraph\"><strong><em>SV Bergisch Gladbach 09 <b>&#8211; <\/b>VfL Bochum II <b>(14.00 Uhr)<\/b><\/em><\/strong><br><img loading=\"lazy\" decoding=\"async\" width=\"10\" height=\"21\" class=\"wp-image-3656\" style=\"width: 10px;\" src=\"https:\/\/kommentatorenblog.de\/wp-content\/uploads\/2020\/09\/shure-55sh-ii-e1601485394796.jpg\" alt=\"\" srcset=\"https:\/\/kommentatorenblog.de\/wp-content\/uploads\/2020\/09\/shure-55sh-ii-e1601485394796.jpg 415w, https:\/\/kommentatorenblog.de\/wp-content\/uploads\/2020\/09\/shure-55sh-ii-e1601485394796-142x300.jpg 142w\" sizes=\"auto, (max-width: 10px) 100vw, 10px\" \/> Gabriel W\u00f6hrle<\/p>\n\n\n\n<p class=\"wp-block-paragraph\"><strong><em>VfB Hilden 03<i style=\"font-weight: bold;\"> <\/i><b style=\"font-weight: bold; font-style: italic;\">&#8211; <\/b>SC Rot-Wei\u00df Oberhausen <b>(16.00 Uhr)<\/b><\/em><\/strong><br><img loading=\"lazy\" decoding=\"async\" width=\"10\" height=\"21\" class=\"wp-image-3656\" style=\"width: 10px;\" src=\"https:\/\/kommentatorenblog.de\/wp-content\/uploads\/2020\/09\/shure-55sh-ii-e1601485394796.jpg\" alt=\"\" srcset=\"https:\/\/kommentatorenblog.de\/wp-content\/uploads\/2020\/09\/shure-55sh-ii-e1601485394796.jpg 415w, https:\/\/kommentatorenblog.de\/wp-content\/uploads\/2020\/09\/shure-55sh-ii-e1601485394796-142x300.jpg 142w\" sizes=\"auto, (max-width: 10px) 100vw, 10px\" \/> Julian Schildheuer<\/p>\n\n\n\n<hr class=\"wp-block-separator has-alpha-channel-opacity\"\/>\n\n\n\n<p class=\"wp-block-paragraph\"><strong>U19-DFB-Nachwuchsliga (GER), 5. Spieltag (<mark style=\"background-color:rgba(0, 0, 0, 0)\" class=\"has-inline-color has-vivid-green-cyan-color\">DFB<\/mark>\/<mark style=\"background-color:rgba(0, 0, 0, 0)\" class=\"has-inline-color has-vivid-red-color\">Sky<\/mark>)<\/strong><\/p>\n\n\n\n<p class=\"wp-block-paragraph\"><span style=\"text-decoration: underline;\">Samstag, 05. September 2026 (<mark style=\"background-color:rgba(0, 0, 0, 0)\" class=\"has-inline-color has-vivid-green-cyan-color\">DFB \u00fcber YouTube<\/mark>\/<mark style=\"background-color:rgba(0, 0, 0, 0)\" class=\"has-inline-color has-vivid-red-color\">sport.sky.de<\/mark>)<\/span><\/p>\n\n\n\n<p class=\"wp-block-paragraph\"><strong><em>Borussia Dortmund U19 <b style=\"font-weight: bold; font-style: italic;\">&#8211; <\/b>Rot-Weiss Essen U19 <b>(11.00 Uhr)<\/b><\/em><\/strong><br><img loading=\"lazy\" decoding=\"async\" width=\"10\" height=\"21\" class=\"wp-image-3656\" style=\"width: 10px;\" src=\"https:\/\/kommentatorenblog.de\/wp-content\/uploads\/2020\/09\/shure-55sh-ii-e1601485394796.jpg\" alt=\"\" srcset=\"https:\/\/kommentatorenblog.de\/wp-content\/uploads\/2020\/09\/shure-55sh-ii-e1601485394796.jpg 415w, https:\/\/kommentatorenblog.de\/wp-content\/uploads\/2020\/09\/shure-55sh-ii-e1601485394796-142x300.jpg 142w\" sizes=\"auto, (max-width: 10px) 100vw, 10px\" \/> tba<\/p>\n\n\n\n<p class=\"wp-block-paragraph\"><span style=\"text-decoration: underline;\">Sonntag, 06. September 2026 (<mark style=\"background-color:rgba(0, 0, 0, 0)\" class=\"has-inline-color has-vivid-red-color\">Sky<\/mark>)<\/span><\/p>\n\n\n\n<p class=\"wp-block-paragraph\"><strong><em>Hertha BSC U19 <b style=\"font-weight: bold; font-style: italic;\">&#8211; <\/b>1. FC Union Berlin U19 <b>(11.00 Uhr)<\/b><\/em><\/strong><br><img loading=\"lazy\" decoding=\"async\" width=\"10\" height=\"21\" class=\"wp-image-3656\" style=\"width: 10px;\" src=\"https:\/\/kommentatorenblog.de\/wp-content\/uploads\/2020\/09\/shure-55sh-ii-e1601485394796.jpg\" alt=\"\" srcset=\"https:\/\/kommentatorenblog.de\/wp-content\/uploads\/2020\/09\/shure-55sh-ii-e1601485394796.jpg 415w, https:\/\/kommentatorenblog.de\/wp-content\/uploads\/2020\/09\/shure-55sh-ii-e1601485394796-142x300.jpg 142w\" sizes=\"auto, (max-width: 10px) 100vw, 10px\" \/> tba<\/p>\n\n\n\n<hr class=\"wp-block-separator has-alpha-channel-opacity\"\/>\n\n\n\n<p class=\"wp-block-paragraph\"><strong>DIE ANALYSE<\/strong><\/p>\n\n\n\n<p class=\"wp-block-paragraph\">Katharina Kleinfeldt er\u00f6ffnet gemeinsam mit Shkodran Mustafi am Freitagabend den Bundesliga-Spieltag in Stuttgart. Da Buschi und Schmiso das Er\u00f6ffnungsspiel begleitet haben, wird das Vater-Sohn-Duo Hansi und Corni K\u00fcpper am Mikrofon zu h\u00f6ren sein. Michael Leopold geht auf Stimmenfang. Alles in allem altbekanntes Personal auch in der neuen Saison am Fluchtlicht-Freitag!<\/p>\n\n\n\n<p class=\"wp-block-paragraph\">Dies gilt auch f\u00fcr den Tipico-Countdown, welcher dieses Wochenende von Britta Hofmann und Didi Hamann pr\u00e4sentiert wird. Ein neues Gesicht l\u00e4sst sich allerdings am Samstag auf DAZN beobachten. Nach dem Abgang von Laura Wontorra wurde zuerst \u00fcber eine interne L\u00f6sung spekuliert. Allerdings wurde dann Valentina Maceri als neue Moderatorin vorgestellt. Sie wird an der Seite von Michael Ballack die Konferenz moderieren. Die Deutsch-Italienerin wird aufgrund ihrer Verpflichtungen f\u00fcr den schweizer Sender BLUE nur in der Bundesliga und nicht in der Champions League zum Einsatz kommen. F\u00fcr die Champions League wird DAZN auf eine interne L\u00f6sung setzen. Wir w\u00fcnschen ihr alles Gute f\u00fcr ihr Deb\u00fct! <\/p>\n\n\n\n<p class=\"wp-block-paragraph\">Mit Blick auf die Einzelspiele bekommt das Gastspiel der Dortmunder Borussen in Sinsheim bei beiden \u00fcbertragenden Sendern einen besonderen Fokus. F\u00fcr Sky reisen Kai Dittmann, Shkodran Mustafi und Patrick Wasserziehr nach Sinsheim. Kai Dittmann also auch in der neuen Saison die klare Nummer eins bei Sky am Samstagnachmittag! F\u00fcr DAZN \u00fcbernimmt mit Lukas Sch\u00f6nm\u00fcller ebenfalls eine erfahrene Stimme am Mikrofon. Viel Erfahrung wird auch in M\u00f6nchengladbach zu h\u00f6ren sein. Jonas Friedrich \u00fcbernimmt f\u00fcr Sky, Oliver Forster f\u00fcr DAZN in der Konferenz. Wenn man auf alle Spiele am Samstagnachmittag schaut, kann man sagen, dass beide Sender diesem Spiel die zweith\u00f6chste Wichtigkeit beimessen. Mit Oliver Seidler im Einzelspiel und Michael Born in der Konferenz melden sich zwei echte &#8222;Nordlichter&#8220; aus dem Weserstadion. Hier ist mit Tobi Sch\u00e4fer als Field-Reporter ein neues Gesicht f\u00fcr DAZN unterwegs. Man kennt ihn nat\u00fcrlich schon aus der 3. Liga bei Magenta Sport. Sch\u00f6n, dass er auch den Weg in die Bundesliga gefunden hat! Hansi K\u00fcpper kommt nach dem Freitagsspiel am Samstag in Leverkusen zu seinem zweiten Einsatz an diesem Wochenende, f\u00fcr DAZN \u00fcbernimmt Max Gro\u00df. Das letzte Spiel der Konferenz, die Heimr\u00fcckkehr des SC Paderborn ist mit Roland Evers und Katharina Kleinfeldt bei Sky ebenfalls prominent besetzt. F\u00fcr DAZN \u00fcbernimmt in der Konferenz Nico Seepe. Als Field-Reporterin sehen wir mit Franzi M\u00fcllers erneut ein neues Gesicht. <\/p>\n\n\n\n<p class=\"wp-block-paragraph\">Am Abend steht dann das Topspiel auf Schalke an. Hier hat sich personell in der neuen Saison nichts ver\u00e4ndert. Dieses Mal ist Julia Simic als zweite Expertin dabei und Michael Leopold geht wie am Freitagabend auf Stimmenfang. <\/p>\n\n\n\n<p class=\"wp-block-paragraph\">Am Sonntag l\u00e4sst sich bei DAZN eine Stadionquote von 50% verzeichnen. Christina Rann moderiert gemeinsam mit Tobias Schweinsteiger aus dem Volksparkstadion, wo Tom Kirsten kommentieren wird. Das zweite Spiel zwischen Eintracht Frankfurt und dem FC Augsburg wird aus dem Studio aus Ismaning \u00fcbertragen, lediglich Field-Reporter Marco Hagemann wird vor Ort sein. Es moderiert Andr\u00e9s Veredas, Marcel Seufert kommentiert und Sebastian Knei\u00dfl ist Experte. Auff\u00e4llig ist, dass sowohl mit Tom Kirsten als auch mit Marcel Seufert zwei Kommentatoren zum Einsatz kommen, welche bis vor kurzem nur sehr unregelm\u00e4\u00dfig in der Bundesliga kommentieren durften. <\/p>\n\n\n\n<p class=\"wp-block-paragraph\">In der 2. Bundesliga Joachim Hebel und Marcus Lindemann mit Doppeleins\u00e4tzen. Sie sind jeweils am Freitag und am Samstag zu h\u00f6ren. Auch Martin Gro\u00df und Marcel Meinert sind doppelt im Einsatz. Letzterer zweimal in der Konferenz. Das Topspiel am Samstagabend wird ja seit dieser Saison in einer gemeinsamen Produktion von Sky und RTL bzw. NITRO pr\u00e4sentiert. Hierbei kommt Cornelius K\u00fcpper nach dem Freitagsspiel der Bundesliga noch zu einem weiteren Einsatz. Er darf gemeinsam mit Simon Terodde das Gastspiel der Bochumer im Rudolf Harbig Stadion begleiten. \u00c4hnlich wie letzte Woche in Leipzig wird Florian K\u00f6nig moderieren.<\/p>\n\n\n\n<p class=\"wp-block-paragraph\">Das tabellarische Topspiel am Sonntagmittag zwischen Hertha BSC und dem 1. FC Magdeburg wird von Kai Dittmann begleitet. Auch f\u00fcr ihn ist es der zweite Einsatz an diesem Wochenende.<\/p>\n\n\n\n<p class=\"wp-block-paragraph\">Ich w\u00fcnsche euch ein sch\u00f6nes Fu\u00dfballwochenende!<\/p>\n","protected":false},"excerpt":{"rendered":"<p>N\u2019Abend allerseits, der erste Spieltag der neuen Bundesliga-Saison sowie die erste Runde im DFB-Pokal liegen hinter uns. Nun folgt der zweite Spieltag der Fu\u00dfball-Bundesliga und er bringt einige spannende Begegnungen mit sich! Er\u00f6ffnen wird am Freitagabend erneut der VfB Stuttgart. Diesmal im Heimspiel gegen den 1. FC K\u00f6ln. Die Stuttgarter haben hierbei die M\u00f6glichkeit sich [&hellip;]<\/p>\n","protected":false},"author":22,"featured_media":0,"comment_status":"open","ping_status":"open","sticky":false,"template":"","format":"standard","meta":{"footnotes":""},"categories":[1],"tags":[],"coauthors":[1418],"class_list":["post-28816","post","type-post","status-publish","format-standard","hentry","category-uncategorized"],"_links":{"self":[{"href":"https:\/\/kommentatorenblog.de\/index.php?rest_route=\/wp\/v2\/posts\/28816","targetHints":{"allow":["GET"]}}],"collection":[{"href":"https:\/\/kommentatorenblog.de\/index.php?rest_route=\/wp\/v2\/posts"}],"about":[{"href":"https:\/\/kommentatorenblog.de\/index.php?rest_route=\/wp\/v2\/types\/post"}],"author":[{"embeddable":true,"href":"https:\/\/kommentatorenblog.de\/index.php?rest_route=\/wp\/v2\/users\/22"}],"replies":[{"embeddable":true,"href":"https:\/\/kommentatorenblog.de\/index.php?rest_route=%2Fwp%2Fv2%2Fcomments&post=28816"}],"version-history":[{"count":53,"href":"https:\/\/kommentatorenblog.de\/index.php?rest_route=\/wp\/v2\/posts\/28816\/revisions"}],"predecessor-version":[{"id":28888,"href":"https:\/\/kommentatorenblog.de\/index.php?rest_route=\/wp\/v2\/posts\/28816\/revisions\/28888"}],"wp:attachment":[{"href":"https:\/\/kommentatorenblog.de\/index.php?rest_route=%2Fwp%2Fv2%2Fmedia&parent=28816"}],"wp:term":[{"taxonomy":"category","embeddable":true,"href":"https:\/\/kommentatorenblog.de\/index.php?rest_route=%2Fwp%2Fv2%2Fcategories&post=28816"},{"taxonomy":"post_tag","embeddable":true,"href":"https:\/\/kommentatorenblog.de\/index.php?rest_route=%2Fwp%2Fv2%2Ftags&post=28816"},{"taxonomy":"author","embeddable":true,"href":"https:\/\/kommentatorenblog.de\/index.php?rest_route=%2Fwp%2Fv2%2Fcoauthors&post=28816"}],"curies":[{"name":"wp","href":"https:\/\/api.w.org\/{rel}","templated":true}]}}