{"id":2914,"date":"2008-08-01T19:35:00","date_gmt":"2008-08-01T19:35:00","guid":{"rendered":"http:\/\/kommentatorenblog.de\/?p=2914"},"modified":"2021-03-02T19:14:32","modified_gmt":"2021-03-02T18:14:32","slug":"kommentatoren-blog-1-jetzt-gehts-los","status":"publish","type":"post","link":"https:\/\/kommentatorenblog.de\/?p=2914","title":{"rendered":"[kommentatoren.blog #1] &#8211; Jetzt geht&#8217;s los!"},"content":{"rendered":"\n<p>(Beitrag von Frederik Voss, reposted von Nico)<\/p>\n\n\n\n<p>Zun\u00e4chst ein mal ein ganz gro\u00dfes&nbsp;<strong>&#8222;Hallo!&#8220;<\/strong>&nbsp;<\/p>\n\n\n\n<p>Es freut uns sehr, dass ihr den Weg hier her gefunden habt!<br>In diesem Blog m\u00f6chten wir (Theo Wurth und Frederik Voss) euch in erster Linie \u00fcber aktuelle Kommentatorenansetzungen im deutschen Fernsehen samt Analyse auf dem Laufenden halten und berichten zudem noch \u00fcber Sport im TV allgemein, Medien-News sowie&nbsp; auch mal pers\u00f6nliche Eindr\u00fccke und Angelegenheiten.<br>Gekommen ist uns die Idee nach dem Aus von&nbsp;<a href=\"https:\/\/web.archive.org\/web\/20100305194550\/http:\/\/www.der-kommentator.de.\/\">www.der-kommentator.de.<\/a>&nbsp;Wir beide waren regelm\u00e4\u00dfige Leser dieses Blogs und so kam uns dann die Idee, ein eigenes Blog in \u00e4hnlicher Weise auf die Beine zu stellen. Dies gestaltete sich (wie das ja bei allen Projekten so ist; und deshalb auch in jeder Rede, in der zur\u00fcckgeblickt wird, so behauptet wird) nicht immer ganz einfach. Denn wenn man f\u00fcr ein solches Projekt kein Geld ausgeben m\u00f6chte, muss man eben erst mal z.B. einen geeigneten Anbieter finden &#8211; wie diesen hier. Dann folgte die Frage nach einem Namen und des Designs. Bei beiden blieb es am Ende bei einfachen L\u00f6sungen!<\/p>\n\n\n\n<p>Na ja, und nun geht es dann so langsam los! In einer Woche beginnt die neue Fu\u00dfball-Saison mit der ersten Hauptrunde im DFB-Pokal. Und das bedeutet f\u00fcr uns die erste richtig gro\u00dfe Herausforderung, denn nirgendwo sonst m\u00fcssen insgesamt 64 Kommentatorenansetzungen auf einen Schlag notiert und analysiert werden. Doch zu zweit \u00fcbersteht man auch diese erste Aufgabe. Bei regul\u00e4ren Bundesliga-Spieltagen wird es dann wohl immer einer von uns beiden sein, der die Eintr\u00e4ge verfasst.<\/p>\n\n\n\n<figure class=\"wp-block-image\"><img decoding=\"async\" src=\"https:\/\/web.archive.org\/web\/20100305194550im_\/http:\/\/www.blog.de\/srv\/tinymce\/jss\/plugins\/blogdeemotions\/smilies\/08wink.gif\" alt=\"\"\/><\/figure>\n\n\n\n<p>Da mir jetzt spontan nichts mehr einf\u00e4llt, belasse ich es auch erst mal bei dem bisher Geschriebenen! Ihr d\u00fcrft euch auf die schon oben angesprochenen Dinge freuen und sicherlich gibt es auch mal den ein oder anderen Eintrag, der sich nicht in diese Kategorien eingliedern l\u00e4sst.<br>Richtig los geht es dann in der n\u00e4chsten Woche mit eben diesen DFB-Pokalansetzungen bei denen dann auch Theo seine ersten Worte schreiben wird&nbsp;. Wir freuen uns auf jeden Fall auf zahlreiche Leser und viele Kommentare!<\/p>\n\n\n\n<p>In diesem Sinne<\/p>\n\n\n\n<p>Bums, da ham&#8216; wa&#8217;s doch!<\/p>\n\n\n\n<p>Frederik<\/p>\n","protected":false},"excerpt":{"rendered":"<p>(Beitrag von Frederik Voss, reposted von Nico) Zun\u00e4chst ein mal ein ganz gro\u00dfes&nbsp;&#8222;Hallo!&#8220;&nbsp; Es freut uns sehr, dass ihr den Weg hier her gefunden habt!In diesem Blog m\u00f6chten wir (Theo Wurth und Frederik Voss) euch in erster Linie \u00fcber aktuelle Kommentatorenansetzungen im deutschen Fernsehen samt Analyse auf dem Laufenden halten und berichten zudem noch \u00fcber [&hellip;]<\/p>\n","protected":false},"author":1,"featured_media":0,"comment_status":"open","ping_status":"open","sticky":false,"template":"","format":"standard","meta":{"footnotes":""},"categories":[429],"tags":[],"class_list":["post-2914","post","type-post","status-publish","format-standard","hentry","category-diverses"],"_links":{"self":[{"href":"https:\/\/kommentatorenblog.de\/index.php?rest_route=\/wp\/v2\/posts\/2914","targetHints":{"allow":["GET"]}}],"collection":[{"href":"https:\/\/kommentatorenblog.de\/index.php?rest_route=\/wp\/v2\/posts"}],"about":[{"href":"https:\/\/kommentatorenblog.de\/index.php?rest_route=\/wp\/v2\/types\/post"}],"author":[{"embeddable":true,"href":"https:\/\/kommentatorenblog.de\/index.php?rest_route=\/wp\/v2\/users\/1"}],"replies":[{"embeddable":true,"href":"https:\/\/kommentatorenblog.de\/index.php?rest_route=%2Fwp%2Fv2%2Fcomments&post=2914"}],"version-history":[{"count":5,"href":"https:\/\/kommentatorenblog.de\/index.php?rest_route=\/wp\/v2\/posts\/2914\/revisions"}],"predecessor-version":[{"id":7210,"href":"https:\/\/kommentatorenblog.de\/index.php?rest_route=\/wp\/v2\/posts\/2914\/revisions\/7210"}],"wp:attachment":[{"href":"https:\/\/kommentatorenblog.de\/index.php?rest_route=%2Fwp%2Fv2%2Fmedia&parent=2914"}],"wp:term":[{"taxonomy":"category","embeddable":true,"href":"https:\/\/kommentatorenblog.de\/index.php?rest_route=%2Fwp%2Fv2%2Fcategories&post=2914"},{"taxonomy":"post_tag","embeddable":true,"href":"https:\/\/kommentatorenblog.de\/index.php?rest_route=%2Fwp%2Fv2%2Ftags&post=2914"}],"curies":[{"name":"wp","href":"https:\/\/api.w.org\/{rel}","templated":true}]}}