{"id":2916,"date":"2020-07-16T15:19:22","date_gmt":"2020-07-16T15:19:22","guid":{"rendered":"http:\/\/kommentatorenblog.de\/?p=2916"},"modified":"2020-12-30T16:04:28","modified_gmt":"2020-12-30T16:04:28","slug":"1089-richtung-saisonende","status":"publish","type":"post","link":"https:\/\/kommentatorenblog.de\/?p=2916","title":{"rendered":"1089 \u2013 Richtung Saisonende"},"content":{"rendered":"\n<p>N\u2018 Abend allerseits!<\/p>\n\n\n\n<p>So langsam bewegen wir uns auch im Rest Europas Richtung Saisonende. Gestern machte der FC Porto seinen 29. nationale Meisterschaft fix. Heute Abend wird h\u00f6chstwahrscheinlich Real Madrid nachziehen und sich zum 34. Mal zum spanischen Meister kr\u00f6nen lassen. Die Ansetzungen zur heutigen GoalZone findet ihr <a href=\"http:\/\/kommentatorenblog.de\/?p=2887\">hier<\/a>. Alle Infos und Analysen zum Personal vom Wochenende folgt unten in der Analyse. <\/p>\n\n\n\n<p><strong><em>Die Ansetzungen vom 17. Juli 2020 bis zum 20. Juli 2020<\/em><\/strong><\/p>\n\n\n\n<p><strong>Premier League, 36. Spieltag<\/strong><\/p>\n\n\n\n<p><span style=\"text-decoration: underline;\">Freitag, 17. Juli 2020, ab 20.50 Uhr (Sky)<\/span><\/p>\n\n\n\n<p><strong><em>West Ham United<\/em><\/strong> <strong><em>\u2013 FC Watford (21.00 Uhr)<\/em><\/strong><\/p>\n\n\n\n<p>Sky: Joachim Hebel<\/p>\n\n\n\n<p><strong>Premier League, 37. Spieltag<\/strong> <\/p>\n\n\n\n<p><span style=\"text-decoration: underline;\">Samstag, 18. Juli 2020, ab 18.20 Uhr (Sky)<\/span> <\/p>\n\n\n\n<p><strong><em>Norwich City \u2013 FC Burnley (18.30 Uhr)<\/em><\/strong><\/p>\n\n\n\n<p>Sky: Hannes Herrmann <\/p>\n\n\n\n<p><span style=\"text-decoration: underline;\">Sonntag, 19. Juli 2020, ab 14.50 Uhr (Sky)<\/span><\/p>\n\n\n\n<p><strong><em>AFC Bournemouth \u2013 FC Southampton (15.00 Uhr)<\/em><\/strong><\/p>\n\n\n\n<p>Sky: Joachim Hebel<\/p>\n\n\n\n<p><span style=\"text-decoration: underline;\">ab 16.55 Uhr (Sky)<\/span><\/p>\n\n\n\n<p><strong><em>Tottenham Hotspur<\/em><\/strong>\u00a0<strong><em>\u2013 Leicester City (17.00 Uhr)<\/em><\/strong><\/p>\n\n\n\n<p>Sky: Toni Tomic <\/p>\n\n\n\n<p><span style=\"text-decoration: underline;\">Montag, 13. Juli 2020 ab 18.50 Uhr (Sky)<\/span><\/p>\n\n\n\n<p><strong><em>Sheffield United<\/em><\/strong>\u00a0<strong><em>\u2013 FC Everton (19.00 Uhr)<\/em><\/strong><\/p>\n\n\n\n<p>Sky: Hannes Herrmann <\/p>\n\n\n<p><strong><\/strong><\/p>\n<p><strong><em>Brighton &amp; Hove Albion<\/em><\/strong>\u00a0<strong><em>\u2013 Newcastle United (19.00 Uhr)<\/em><\/strong><\/p>\n<p><strong> <\/strong><\/p>\n<p>Sky: Holger Pfandt\u00a0<\/p>\n<p><span style=\"text-decoration: underline;\">ab 20.50 Uhr (Sky)<\/span><\/p>\n\n\n<p><strong><em>Wolverhampton Wanderers \u2013\u00a0Crystal Palace (21.00 Uhr)<\/em><\/strong><\/p>\n\n\n\n<p>Sky: Joachim Hebel <\/p>\n\n\n\n<p><strong>Internationaler Fu\u00dfball<\/strong><\/p>\n\n\n\n<p><span style=\"text-decoration: underline;\">Freitag, 17. Juli 2020<\/span><\/p>\n\n\n\n<p>Hyundai A-League, 21. Spieltag: <strong><em>Sydney FC \u2013 Wellington Phoenix (11.30 Uhr)\u00a0<\/em><\/strong> <\/p>\n\n\n\n<p>Sportdigital FUSSBALL: Karsten Linke <\/p>\n\n\n\n<p><span style=\"text-decoration: underline;\">Samstag, 18. Juli 2020<\/span><\/p>\n\n\n\n<p>Sky Bet Championship, 45. Spieltag:\u00a0<strong><em>Stoke City \u2013 Brentford FC (13.30 Uhr)<\/em><\/strong><\/p>\n\n\n\n<p>Sportdigital FUSSBALL: Florian Obst<\/p>\n\n\n\n<p>Serie A, 34. Spieltag:\u00a0<strong><em>Hellas Verona \u2013\u00a0Atalanta Bergamo (17.15 Uhr)<\/em><\/strong><\/p>\n\n\n\n<p>DAZN: Flo Hauser<\/p>\n\n\n\n<p>FA-Cup, Habfinale: <strong><em>FC Arsenal \u2013 Manchester City (20.45 Uhr)<\/em><\/strong><\/p>\n\n\n\n<p>DAZN: Jan Platte, Experte: Sebastian Knei\u00dfl<\/p>\n\n\n\n<p>Moderation: Alex Schl\u00fcter <\/p>\n\n\n\n<p>Serie A, 34. Spieltag:\u00a0<strong><em>AC Mailand \u2013\u00a0FC Bologna (21.45 Uhr)<\/em><\/strong><\/p>\n\n\n\n<p>DAZN: Daniel G\u00fcnther <\/p>\n\n\n\n<p><span style=\"text-decoration: underline;\">Sonntag, 19. Juli 2020<\/span><\/p>\n\n\n\n<p>K-League, 12. Spieltag:\u00a0<strong><em>Incheon United \u2013 Jeonbuk Hyundai Motors (12.00 Uhr)<\/em><\/strong><\/p>\n\n\n\n<p>Sportdigital FUSSBALL: Christian Blunck <\/p>\n\n\n\n<p>Sky Bet Championship, 45. Spieltag:\u00a0<strong><em>Derby County \u2013 Leeds United (14.30 Uhr)<\/em><\/strong><\/p>\n\n\n\n<p>Sportdigital FUSSBALL: Christian Blunck<\/p>\n\n\n\n<p>Ekstraklasa, 37. Spieltag:\u00a0<strong><em>Legia Warschau \u2013 Pogon Szczecin (17.30 Uhr)<\/em><\/strong><\/p>\n\n\n\n<p>Sportdigital FUSSBALL: Karsten Linke  <\/p>\n\n\n\n<p>FA-Cup, Habfinale: <strong><em>Manchester United \u2013 FC Chelsea (20.45 Uhr)<\/em><\/strong><\/p>\n\n\n\n<p>DAZN: Uli Hebel, Experte: Helge Payer<\/p>\n\n\n\n<p>Moderation: Tobi Wahnschaffe<\/p>\n\n\n\n<p>Serie A, 34. Spieltag:\u00a0<strong><em>SSC Neapel \u2013 Udinese Calcio (21.45 Uhr)<\/em><\/strong><\/p>\n\n\n\n<p>DAZN: Daniel G\u00fcnther<\/p>\n\n\n\n<p>Serie A, 34. Spieltag:\u00a0<strong><em>AS Rom \u2013 Inter Mailand (21.45 Uhr)<\/em><\/strong><\/p>\n\n\n\n<p>DAZN: Carsten Fu\u00df, Experte: Lutz Pfannenstiel<\/p>\n\n\n\n<p><span style=\"text-decoration: underline;\">Montag, 20. Juli 2020<\/span><\/p>\n\n\n\n<p>Serie A, 34. Spieltag:\u00a0<strong><em>Juventus Turin \u2013 Lazio Rom (21.45 Uhr)<\/em><\/strong><\/p>\n\n\n\n<p>DAZN: Carsten Fu\u00df, Experte: Christian Bernhard<\/p>\n\n\n\n<p>Liga NOS, 33. Spieltag:\u00a0<strong><em>FC Porto \u2013\u00a0Moreirense FC (22.15 Uhr)<\/em><\/strong><\/p>\n\n\n\n<p>DAZN: tba<\/p>\n\n\n\n<p>Sportdigital Fu\u00dfball: tba<\/p>\n\n\n\n<p><strong>Die Analyse<\/strong><\/p>\n\n\n\n<p><strong>Liga und Pokal<\/strong> <strong>auf der Insel<\/strong><\/p>\n\n\n\n<p>In England stehen am Wochenende Spiele in der Premier League und die beiden FA-Cup-Halbfinals an. Bei Sky spielen nat\u00fcrlich Hebel und Herrmann die Hauptrollen. Holger Pfandt macht sich am Montag aus dem Westen der Republik nach M\u00fcnchen, um Brighton gegen Newcastle zu kommentieren. Die Ansetzungen f\u00fcr den FA-Cup auf DAZN bleiben auch ohne \u00dcberraschung. Helge Payer kommt ja fast ausnahmslos nur in England\u00b4s Pokalwettbewerb zum Zug. <\/p>\n\n\n\n<p><strong>Wieder keine Infos zu LaLiga<\/strong><\/p>\n\n\n\n<p>Leider k\u00f6nnen wir euch heute Abend noch keine Infos zu LaLiga anbieten. Wenn Real sich heute Abend die Meisterschaft sichern sollte, rechne ich nicht wirklich mit einer zweiten GoalZone. Schlie\u00dflich wird beim Streaming-Dienst auf jeden Euro genau geschaut. Schade finde ich nur, dass der Zuschauer auch erst so kurzfristig Bescheid wei\u00df. Dies ist ja nicht im Sinne von Anbieter und Nachfrager. Naja&#8230; <\/p>\n\n\n\n<p>In der Serie A ist Lutz Pfannenstiel wieder Experte. Nach dem Ende seines Engagements in D\u00fcsseldorf heuert er also wieder \u00f6fters bei DAZN an &#8211; irgendwie interessant. Daniel G\u00fcnther m\u00fcssten wir, sofern ich aufgepasst habe, zum ersten Mal seit der Corona-Pause h\u00f6ren?! Dieses Wochenende gibt\u00b4s direkt eine Doppelschicht. Diese machen auch Blunck und Linke bei Sportdigital Fussball. Letzterer k\u00fcmmert sich auch um das &#8222;Comeback&#8220; der A-League. <\/p>\n\n\n\n<p>Macht das Beste draus!<\/p>\n","protected":false},"excerpt":{"rendered":"<p>N\u2018 Abend allerseits! So langsam bewegen wir uns auch im Rest Europas Richtung Saisonende. Gestern machte der FC Porto seinen 29. nationale Meisterschaft fix. Heute Abend wird h\u00f6chstwahrscheinlich Real Madrid nachziehen und sich zum 34. Mal zum spanischen Meister kr\u00f6nen lassen. Die Ansetzungen zur heutigen GoalZone findet ihr hier. Alle Infos und Analysen zum Personal [&hellip;]<\/p>\n","protected":false},"author":3,"featured_media":0,"comment_status":"open","ping_status":"open","sticky":false,"template":"","format":"standard","meta":{"footnotes":""},"categories":[429],"tags":[57,13,251,221,104,228,90,103,59,122,79,23,127,22,81,134],"class_list":["post-2916","post","type-post","status-publish","format-standard","hentry","category-diverses","tag-christian-blunck","tag-dazn","tag-ekstraklasa","tag-fa-cup","tag-hannes-herrmann","tag-helge-payer","tag-holger-pfandt","tag-jogi-hebel","tag-karsten-linke","tag-laliga","tag-liga-nos","tag-premier-league","tag-serie-a","tag-sky","tag-sky-bet-championship","tag-sportdigital-fussball"],"_links":{"self":[{"href":"https:\/\/kommentatorenblog.de\/index.php?rest_route=\/wp\/v2\/posts\/2916","targetHints":{"allow":["GET"]}}],"collection":[{"href":"https:\/\/kommentatorenblog.de\/index.php?rest_route=\/wp\/v2\/posts"}],"about":[{"href":"https:\/\/kommentatorenblog.de\/index.php?rest_route=\/wp\/v2\/types\/post"}],"author":[{"embeddable":true,"href":"https:\/\/kommentatorenblog.de\/index.php?rest_route=\/wp\/v2\/users\/3"}],"replies":[{"embeddable":true,"href":"https:\/\/kommentatorenblog.de\/index.php?rest_route=%2Fwp%2Fv2%2Fcomments&post=2916"}],"version-history":[{"count":19,"href":"https:\/\/kommentatorenblog.de\/index.php?rest_route=\/wp\/v2\/posts\/2916\/revisions"}],"predecessor-version":[{"id":2935,"href":"https:\/\/kommentatorenblog.de\/index.php?rest_route=\/wp\/v2\/posts\/2916\/revisions\/2935"}],"wp:attachment":[{"href":"https:\/\/kommentatorenblog.de\/index.php?rest_route=%2Fwp%2Fv2%2Fmedia&parent=2916"}],"wp:term":[{"taxonomy":"category","embeddable":true,"href":"https:\/\/kommentatorenblog.de\/index.php?rest_route=%2Fwp%2Fv2%2Fcategories&post=2916"},{"taxonomy":"post_tag","embeddable":true,"href":"https:\/\/kommentatorenblog.de\/index.php?rest_route=%2Fwp%2Fv2%2Ftags&post=2916"}],"curies":[{"name":"wp","href":"https:\/\/api.w.org\/{rel}","templated":true}]}}